{"id":84825,"date":"2023-03-20T11:09:14","date_gmt":"2023-03-20T09:09:14","guid":{"rendered":"https:\/\/www.lovendal.ro\/wp52\/?p=84825"},"modified":"2023-03-20T11:09:14","modified_gmt":"2023-03-20T09:09:14","slug":"celebra-activista-de-mediu-greta-a-fost-vazuta-intr-o-fotografie-veche-de-125-de-ani-poate-fi-o-eroare-a-matrixului","status":"publish","type":"post","link":"https:\/\/www.lovendal.ro\/wp52\/celebra-activista-de-mediu-greta-a-fost-vazuta-intr-o-fotografie-veche-de-125-de-ani-poate-fi-o-eroare-a-matrixului\/","title":{"rendered":"Celebra activist\u0103 de mediu Greta a fost v\u0103zut\u0103 \u00eentr-o fotografie veche de 125 de ani? Poate fi o eroare a &#8222;Matrixului&#8221;&#8230;"},"content":{"rendered":"<p><a href=\"https:\/\/www.lovendal.ro\/wp52\/wp-content\/uploads\/2023\/03\/Greta-fata-125-ani.jpg\"><img loading=\"lazy\" decoding=\"async\" class=\"alignleft size-full wp-image-84826\" src=\"https:\/\/www.lovendal.ro\/wp52\/wp-content\/uploads\/2023\/03\/Greta-fata-125-ani.jpg\" alt=\"\" width=\"357\" height=\"226\" srcset=\"https:\/\/www.lovendal.ro\/wp52\/wp-content\/uploads\/2023\/03\/Greta-fata-125-ani.jpg 357w, https:\/\/www.lovendal.ro\/wp52\/wp-content\/uploads\/2023\/03\/Greta-fata-125-ani-300x190.jpg 300w\" sizes=\"auto, (max-width: 357px) 100vw, 357px\" \/><\/a>O fotografie, f\u0103cut\u0103 cu aproximativ 125 de ani \u00een urm\u0103, pe teritoriul Canadei, a ie\u0219it la suprafa\u021b\u0103 din colec\u021bia digital\u0103 a Universit\u0103\u021bii din Washington. Acolo putem vedea o fat\u0103 ce seam\u0103n\u0103 extrem de mult cu Greta Thunberg, celebra activist\u0103 pentru schimb\u0103rile climatice. Aceast\u0103 fotografie a fost f\u0103cut\u0103 cu mult \u00eenainte de na\u0219terea Gretei (2003).<\/p>\n<p>Unii spun c\u0103 fotografia demonstreaz\u0103 c\u0103 c\u0103l\u0103toria \u00een timp este real\u0103. Al\u021bii dau credit re\u00eencarn\u0103rii. Al\u021bii spun c\u0103 este doar un copil care are un aspect foarte similar, chiar \u015fi la nivelul p\u0103rului. Fotografia vechea, a\u015fa cum spuneam mai sus, a fost f\u0103cut\u0103 \u00eentre anii 1897 \u0219i 1899. Aceasta a fost o perioad\u0103 din timpul perioadei &#8222;goana dup\u0103 aur&#8221;, din zona Yukon a Canadei. Fata \u0219i copiii din imagine par s\u0103 efectueze un fel de opera\u021biune de extragere a aurului.<\/p>\n<p>Alte teorii au afirmat c\u0103 Greta poate fi \u00eenrudit\u0103 cu acest copil, c\u0103 aceasta poate fi str\u0103bunica ei. Dar totu\u015fi Greta Thunburg este din Suedia &#8211; o distan\u021b\u0103 lung\u0103 fa\u0163\u0103 de Canada.<\/p>\n<p>Oricare ar fi adev\u0103rul, r\u0103m\u00e2ne \u00eentrebarea: cine este fata din aceast\u0103 fotografie \u0219i de ce se aseam\u0103n\u0103 at\u00e2t de mult cu activista Greta? Crede\u0163i c\u0103 aceast\u0103 fotografie dovede\u0219te ceva? Crede\u0163i c\u0103 este o eroare \u00een Matrix? Sincer, aceast\u0103 ultim\u0103 teorie este \u015fi opinia mea&#8230;<\/p>\n<p>Greta Thunberg este o activist\u0103 de mediu suedez\u0103 care \u00eencearc\u0103 s\u0103 opreasc\u0103 \u00eenc\u0103lzirea global\u0103 \u0219i schimb\u0103rile climatice. \u00cen august 2018, a devenit o figur\u0103 proeminent\u0103 pentru \u00eenceperea primei greve \u0219colare pentru clim\u0103, \u00een fa\u021b\u0103 cl\u0103dirii parlamentului suedez. Unii spun c\u0103 Greta Thunburg este o marionet\u0103 pentru elite globale \u0219i pentru agenda lor privind schimb\u0103rile climatice.<\/p>\n<p><a href=\"https:\/\/www.lovendal.ro\/wp52\/wp-content\/uploads\/2023\/03\/Greta-fata-125-ani-1.jpg\"><img loading=\"lazy\" decoding=\"async\" class=\"aligncenter size-full wp-image-84827\" src=\"https:\/\/www.lovendal.ro\/wp52\/wp-content\/uploads\/2023\/03\/Greta-fata-125-ani-1.jpg\" alt=\"\" width=\"550\" height=\"414\" srcset=\"https:\/\/www.lovendal.ro\/wp52\/wp-content\/uploads\/2023\/03\/Greta-fata-125-ani-1.jpg 550w, https:\/\/www.lovendal.ro\/wp52\/wp-content\/uploads\/2023\/03\/Greta-fata-125-ani-1-300x226.jpg 300w, https:\/\/www.lovendal.ro\/wp52\/wp-content\/uploads\/2023\/03\/Greta-fata-125-ani-1-200x150.jpg 200w\" sizes=\"auto, (max-width: 550px) 100vw, 550px\" \/><\/a><\/p>\n","protected":false},"excerpt":{"rendered":"<p>O fotografie, f\u0103cut\u0103 cu aproximativ 125 de ani \u00een urm\u0103, pe teritoriul Canadei, a ie\u0219it la suprafa\u021b\u0103 din colec\u021bia digital\u0103 a Universit\u0103\u021bii din Washington. Acolo putem vedea o fat\u0103 ce seam\u0103n\u0103 extrem de mult cu Greta Thunberg, celebra activist\u0103 pentru &#8230; <\/p>\n<p class=\"read-more-container\"><a title=\"Celebra activist\u0103 de mediu Greta a fost v\u0103zut\u0103 \u00eentr-o fotografie veche de 125 de ani? Poate fi o eroare a &#8222;Matrixului&#8221;&#8230;\" class=\"read-more button\" href=\"https:\/\/www.lovendal.ro\/wp52\/celebra-activista-de-mediu-greta-a-fost-vazuta-intr-o-fotografie-veche-de-125-de-ani-poate-fi-o-eroare-a-matrixului\/#more-84825\" aria-label=\"Cite\u0219te mai multe despre Celebra activist\u0103 de mediu Greta a fost v\u0103zut\u0103 \u00eentr-o fotografie veche de 125 de ani? Poate fi o eroare a &#8222;Matrixului&#8221;&#8230;\">Cititi mai multe<\/a><\/p>\n","protected":false},"author":1,"featured_media":84826,"comment_status":"open","ping_status":"open","sticky":false,"template":"","format":"standard","meta":{"footnotes":""},"categories":[5040],"tags":[685,9818,6826,272,15,18199,2949,1169,1705,868,16636,1123,2250,422],"class_list":["post-84825","post","type-post","status-publish","format-standard","has-post-thumbnail","hentry","category-bizar","tag-aur","tag-bizar","tag-calatorie-in-timp","tag-canada","tag-fotografie","tag-greta-thunberg","tag-matrix","tag-par","tag-parlament","tag-reincarnare","tag-schimbare-climatica","tag-suedia","tag-universitate","tag-washington","resize-featured-image"],"yoast_head":"<!-- This site is optimized with the Yoast SEO Premium plugin v23.3 (Yoast SEO v27.4) - https:\/\/yoast.com\/product\/yoast-seo-premium-wordpress\/ -->\n<title>Celebra activist\u0103 de mediu Greta a fost v\u0103zut\u0103 \u00eentr-o fotografie veche de 125 de ani? Poate fi o eroare a &quot;Matrixului&quot;... - Secretele lui Lovendal<\/title>\n<meta name=\"robots\" content=\"index, follow, max-snippet:-1, max-image-preview:large, max-video-preview:-1\" \/>\n<link rel=\"canonical\" href=\"https:\/\/www.lovendal.ro\/wp52\/celebra-activista-de-mediu-greta-a-fost-vazuta-intr-o-fotografie-veche-de-125-de-ani-poate-fi-o-eroare-a-matrixului\/\" \/>\n<meta property=\"og:locale\" content=\"ro_RO\" \/>\n<meta property=\"og:type\" content=\"article\" \/>\n<meta property=\"og:title\" content=\"Celebra activist\u0103 de mediu Greta a fost v\u0103zut\u0103 \u00eentr-o fotografie veche de 125 de ani? Poate fi o eroare a &quot;Matrixului&quot;...\" \/>\n<meta property=\"og:description\" content=\"O fotografie, f\u0103cut\u0103 cu aproximativ 125 de ani \u00een urm\u0103, pe teritoriul Canadei, a ie\u0219it la suprafa\u021b\u0103 din colec\u021bia digital\u0103 a Universit\u0103\u021bii din Washington. Acolo putem vedea o fat\u0103 ce seam\u0103n\u0103 extrem de mult cu Greta Thunberg, celebra activist\u0103 pentru ... Cititi mai multe\" \/>\n<meta property=\"og:url\" content=\"https:\/\/www.lovendal.ro\/wp52\/celebra-activista-de-mediu-greta-a-fost-vazuta-intr-o-fotografie-veche-de-125-de-ani-poate-fi-o-eroare-a-matrixului\/\" \/>\n<meta property=\"og:site_name\" content=\"Secretele lui Lovendal\" \/>\n<meta property=\"article:publisher\" content=\"https:\/\/www.facebook.com\/secreteleluilovendal\" \/>\n<meta property=\"article:published_time\" content=\"2023-03-20T09:09:14+00:00\" \/>\n<meta property=\"og:image\" content=\"https:\/\/www.lovendal.ro\/wp52\/wp-content\/uploads\/2023\/03\/Greta-fata-125-ani.jpg\" \/>\n\t<meta property=\"og:image:width\" content=\"357\" \/>\n\t<meta property=\"og:image:height\" content=\"226\" \/>\n\t<meta property=\"og:image:type\" content=\"image\/jpeg\" \/>\n<meta name=\"author\" content=\"admin\" \/>\n<meta name=\"twitter:card\" content=\"summary_large_image\" \/>\n<meta name=\"twitter:label1\" content=\"Scris de\" \/>\n\t<meta name=\"twitter:data1\" content=\"admin\" \/>\n\t<meta name=\"twitter:label2\" content=\"Timp estimat pentru citire\" \/>\n\t<meta name=\"twitter:data2\" content=\"1 minut\" \/>\n<script type=\"application\/ld+json\" class=\"yoast-schema-graph\">{\"@context\":\"https:\\\/\\\/schema.org\",\"@graph\":[{\"@type\":\"Article\",\"@id\":\"https:\\\/\\\/www.lovendal.ro\\\/wp52\\\/celebra-activista-de-mediu-greta-a-fost-vazuta-intr-o-fotografie-veche-de-125-de-ani-poate-fi-o-eroare-a-matrixului\\\/#article\",\"isPartOf\":{\"@id\":\"https:\\\/\\\/www.lovendal.ro\\\/wp52\\\/celebra-activista-de-mediu-greta-a-fost-vazuta-intr-o-fotografie-veche-de-125-de-ani-poate-fi-o-eroare-a-matrixului\\\/\"},\"author\":{\"name\":\"admin\",\"@id\":\"https:\\\/\\\/www.lovendal.ro\\\/wp52\\\/#\\\/schema\\\/person\\\/088691de5dfc346bb0c023e1e52ef5d9\"},\"headline\":\"Celebra activist\u0103 de mediu Greta a fost v\u0103zut\u0103 \u00eentr-o fotografie veche de 125 de ani? Poate fi o eroare a &#8222;Matrixului&#8221;&#8230;\",\"datePublished\":\"2023-03-20T09:09:14+00:00\",\"mainEntityOfPage\":{\"@id\":\"https:\\\/\\\/www.lovendal.ro\\\/wp52\\\/celebra-activista-de-mediu-greta-a-fost-vazuta-intr-o-fotografie-veche-de-125-de-ani-poate-fi-o-eroare-a-matrixului\\\/\"},\"wordCount\":313,\"commentCount\":0,\"publisher\":{\"@id\":\"https:\\\/\\\/www.lovendal.ro\\\/wp52\\\/#organization\"},\"image\":{\"@id\":\"https:\\\/\\\/www.lovendal.ro\\\/wp52\\\/celebra-activista-de-mediu-greta-a-fost-vazuta-intr-o-fotografie-veche-de-125-de-ani-poate-fi-o-eroare-a-matrixului\\\/#primaryimage\"},\"thumbnailUrl\":\"https:\\\/\\\/www.lovendal.ro\\\/wp52\\\/wp-content\\\/uploads\\\/2023\\\/03\\\/Greta-fata-125-ani.jpg\",\"keywords\":[\"aur\",\"Bizar\",\"c\u0103l\u0103torie \u00een timp\",\"Canada\",\"fotografie\",\"Greta Thunberg\",\"matrix\",\"p\u0103r\",\"parlament\",\"re\u00eencarnare\",\"schimbare climatic\u0103\",\"Suedia\",\"universitate\",\"Washington\"],\"articleSection\":[\"Bizar\"],\"inLanguage\":\"ro-RO\",\"potentialAction\":[{\"@type\":\"CommentAction\",\"name\":\"Comment\",\"target\":[\"https:\\\/\\\/www.lovendal.ro\\\/wp52\\\/celebra-activista-de-mediu-greta-a-fost-vazuta-intr-o-fotografie-veche-de-125-de-ani-poate-fi-o-eroare-a-matrixului\\\/#respond\"]}]},{\"@type\":\"WebPage\",\"@id\":\"https:\\\/\\\/www.lovendal.ro\\\/wp52\\\/celebra-activista-de-mediu-greta-a-fost-vazuta-intr-o-fotografie-veche-de-125-de-ani-poate-fi-o-eroare-a-matrixului\\\/\",\"url\":\"https:\\\/\\\/www.lovendal.ro\\\/wp52\\\/celebra-activista-de-mediu-greta-a-fost-vazuta-intr-o-fotografie-veche-de-125-de-ani-poate-fi-o-eroare-a-matrixului\\\/\",\"name\":\"Celebra activist\u0103 de mediu Greta a fost v\u0103zut\u0103 \u00eentr-o fotografie veche de 125 de ani? Poate fi o eroare a \\\"Matrixului\\\"... - Secretele lui Lovendal\",\"isPartOf\":{\"@id\":\"https:\\\/\\\/www.lovendal.ro\\\/wp52\\\/#website\"},\"primaryImageOfPage\":{\"@id\":\"https:\\\/\\\/www.lovendal.ro\\\/wp52\\\/celebra-activista-de-mediu-greta-a-fost-vazuta-intr-o-fotografie-veche-de-125-de-ani-poate-fi-o-eroare-a-matrixului\\\/#primaryimage\"},\"image\":{\"@id\":\"https:\\\/\\\/www.lovendal.ro\\\/wp52\\\/celebra-activista-de-mediu-greta-a-fost-vazuta-intr-o-fotografie-veche-de-125-de-ani-poate-fi-o-eroare-a-matrixului\\\/#primaryimage\"},\"thumbnailUrl\":\"https:\\\/\\\/www.lovendal.ro\\\/wp52\\\/wp-content\\\/uploads\\\/2023\\\/03\\\/Greta-fata-125-ani.jpg\",\"datePublished\":\"2023-03-20T09:09:14+00:00\",\"breadcrumb\":{\"@id\":\"https:\\\/\\\/www.lovendal.ro\\\/wp52\\\/celebra-activista-de-mediu-greta-a-fost-vazuta-intr-o-fotografie-veche-de-125-de-ani-poate-fi-o-eroare-a-matrixului\\\/#breadcrumb\"},\"inLanguage\":\"ro-RO\",\"potentialAction\":[{\"@type\":\"ReadAction\",\"target\":[\"https:\\\/\\\/www.lovendal.ro\\\/wp52\\\/celebra-activista-de-mediu-greta-a-fost-vazuta-intr-o-fotografie-veche-de-125-de-ani-poate-fi-o-eroare-a-matrixului\\\/\"]}]},{\"@type\":\"ImageObject\",\"inLanguage\":\"ro-RO\",\"@id\":\"https:\\\/\\\/www.lovendal.ro\\\/wp52\\\/celebra-activista-de-mediu-greta-a-fost-vazuta-intr-o-fotografie-veche-de-125-de-ani-poate-fi-o-eroare-a-matrixului\\\/#primaryimage\",\"url\":\"https:\\\/\\\/www.lovendal.ro\\\/wp52\\\/wp-content\\\/uploads\\\/2023\\\/03\\\/Greta-fata-125-ani.jpg\",\"contentUrl\":\"https:\\\/\\\/www.lovendal.ro\\\/wp52\\\/wp-content\\\/uploads\\\/2023\\\/03\\\/Greta-fata-125-ani.jpg\",\"width\":357,\"height\":226},{\"@type\":\"BreadcrumbList\",\"@id\":\"https:\\\/\\\/www.lovendal.ro\\\/wp52\\\/celebra-activista-de-mediu-greta-a-fost-vazuta-intr-o-fotografie-veche-de-125-de-ani-poate-fi-o-eroare-a-matrixului\\\/#breadcrumb\",\"itemListElement\":[{\"@type\":\"ListItem\",\"position\":1,\"name\":\"Home\",\"item\":\"https:\\\/\\\/www.lovendal.ro\\\/wp52\\\/\"},{\"@type\":\"ListItem\",\"position\":2,\"name\":\"Celebra activist\u0103 de mediu Greta a fost v\u0103zut\u0103 \u00eentr-o fotografie veche de 125 de ani? Poate fi o eroare a &#8222;Matrixului&#8221;&#8230;\"}]},{\"@type\":\"WebSite\",\"@id\":\"https:\\\/\\\/www.lovendal.ro\\\/wp52\\\/#website\",\"url\":\"https:\\\/\\\/www.lovendal.ro\\\/wp52\\\/\",\"name\":\"Secretele lui Lovendal\",\"description\":\"Site de secrete, stiinta si metafizica - din 2008 -\",\"publisher\":{\"@id\":\"https:\\\/\\\/www.lovendal.ro\\\/wp52\\\/#organization\"},\"potentialAction\":[{\"@type\":\"SearchAction\",\"target\":{\"@type\":\"EntryPoint\",\"urlTemplate\":\"https:\\\/\\\/www.lovendal.ro\\\/wp52\\\/?s={search_term_string}\"},\"query-input\":{\"@type\":\"PropertyValueSpecification\",\"valueRequired\":true,\"valueName\":\"search_term_string\"}}],\"inLanguage\":\"ro-RO\"},{\"@type\":\"Organization\",\"@id\":\"https:\\\/\\\/www.lovendal.ro\\\/wp52\\\/#organization\",\"name\":\"Secretele lui Lovendal\",\"url\":\"https:\\\/\\\/www.lovendal.ro\\\/wp52\\\/\",\"logo\":{\"@type\":\"ImageObject\",\"inLanguage\":\"ro-RO\",\"@id\":\"https:\\\/\\\/www.lovendal.ro\\\/wp52\\\/#\\\/schema\\\/logo\\\/image\\\/\",\"url\":\"https:\\\/\\\/www.lovendal.ro\\\/wp52\\\/wp-content\\\/uploads\\\/2024\\\/06\\\/cropped-SLL-iun-2024-1.jpg\",\"contentUrl\":\"https:\\\/\\\/www.lovendal.ro\\\/wp52\\\/wp-content\\\/uploads\\\/2024\\\/06\\\/cropped-SLL-iun-2024-1.jpg\",\"width\":771,\"height\":240,\"caption\":\"Secretele lui Lovendal\"},\"image\":{\"@id\":\"https:\\\/\\\/www.lovendal.ro\\\/wp52\\\/#\\\/schema\\\/logo\\\/image\\\/\"},\"sameAs\":[\"https:\\\/\\\/www.facebook.com\\\/secreteleluilovendal\"]},{\"@type\":\"Person\",\"@id\":\"https:\\\/\\\/www.lovendal.ro\\\/wp52\\\/#\\\/schema\\\/person\\\/088691de5dfc346bb0c023e1e52ef5d9\",\"name\":\"admin\",\"image\":{\"@type\":\"ImageObject\",\"inLanguage\":\"ro-RO\",\"@id\":\"https:\\\/\\\/secure.gravatar.com\\\/avatar\\\/ecb9cd41f5f63c9c9b989999a59f6e2639a865ec361e9db054db0679a8f341c2?s=96&d=mm&r=g\",\"url\":\"https:\\\/\\\/secure.gravatar.com\\\/avatar\\\/ecb9cd41f5f63c9c9b989999a59f6e2639a865ec361e9db054db0679a8f341c2?s=96&d=mm&r=g\",\"contentUrl\":\"https:\\\/\\\/secure.gravatar.com\\\/avatar\\\/ecb9cd41f5f63c9c9b989999a59f6e2639a865ec361e9db054db0679a8f341c2?s=96&d=mm&r=g\",\"caption\":\"admin\"},\"sameAs\":[\"https:\\\/\\\/www.lovendal.ro\\\/wp52\"]}]}<\/script>\n<!-- \/ Yoast SEO Premium plugin. -->","yoast_head_json":{"title":"Celebra activist\u0103 de mediu Greta a fost v\u0103zut\u0103 \u00eentr-o fotografie veche de 125 de ani? Poate fi o eroare a \"Matrixului\"... - Secretele lui Lovendal","robots":{"index":"index","follow":"follow","max-snippet":"max-snippet:-1","max-image-preview":"max-image-preview:large","max-video-preview":"max-video-preview:-1"},"canonical":"https:\/\/www.lovendal.ro\/wp52\/celebra-activista-de-mediu-greta-a-fost-vazuta-intr-o-fotografie-veche-de-125-de-ani-poate-fi-o-eroare-a-matrixului\/","og_locale":"ro_RO","og_type":"article","og_title":"Celebra activist\u0103 de mediu Greta a fost v\u0103zut\u0103 \u00eentr-o fotografie veche de 125 de ani? Poate fi o eroare a \"Matrixului\"...","og_description":"O fotografie, f\u0103cut\u0103 cu aproximativ 125 de ani \u00een urm\u0103, pe teritoriul Canadei, a ie\u0219it la suprafa\u021b\u0103 din colec\u021bia digital\u0103 a Universit\u0103\u021bii din Washington. Acolo putem vedea o fat\u0103 ce seam\u0103n\u0103 extrem de mult cu Greta Thunberg, celebra activist\u0103 pentru ... Cititi mai multe","og_url":"https:\/\/www.lovendal.ro\/wp52\/celebra-activista-de-mediu-greta-a-fost-vazuta-intr-o-fotografie-veche-de-125-de-ani-poate-fi-o-eroare-a-matrixului\/","og_site_name":"Secretele lui Lovendal","article_publisher":"https:\/\/www.facebook.com\/secreteleluilovendal","article_published_time":"2023-03-20T09:09:14+00:00","og_image":[{"width":357,"height":226,"url":"https:\/\/www.lovendal.ro\/wp52\/wp-content\/uploads\/2023\/03\/Greta-fata-125-ani.jpg","type":"image\/jpeg"}],"author":"admin","twitter_card":"summary_large_image","twitter_misc":{"Scris de":"admin","Timp estimat pentru citire":"1 minut"},"schema":{"@context":"https:\/\/schema.org","@graph":[{"@type":"Article","@id":"https:\/\/www.lovendal.ro\/wp52\/celebra-activista-de-mediu-greta-a-fost-vazuta-intr-o-fotografie-veche-de-125-de-ani-poate-fi-o-eroare-a-matrixului\/#article","isPartOf":{"@id":"https:\/\/www.lovendal.ro\/wp52\/celebra-activista-de-mediu-greta-a-fost-vazuta-intr-o-fotografie-veche-de-125-de-ani-poate-fi-o-eroare-a-matrixului\/"},"author":{"name":"admin","@id":"https:\/\/www.lovendal.ro\/wp52\/#\/schema\/person\/088691de5dfc346bb0c023e1e52ef5d9"},"headline":"Celebra activist\u0103 de mediu Greta a fost v\u0103zut\u0103 \u00eentr-o fotografie veche de 125 de ani? Poate fi o eroare a &#8222;Matrixului&#8221;&#8230;","datePublished":"2023-03-20T09:09:14+00:00","mainEntityOfPage":{"@id":"https:\/\/www.lovendal.ro\/wp52\/celebra-activista-de-mediu-greta-a-fost-vazuta-intr-o-fotografie-veche-de-125-de-ani-poate-fi-o-eroare-a-matrixului\/"},"wordCount":313,"commentCount":0,"publisher":{"@id":"https:\/\/www.lovendal.ro\/wp52\/#organization"},"image":{"@id":"https:\/\/www.lovendal.ro\/wp52\/celebra-activista-de-mediu-greta-a-fost-vazuta-intr-o-fotografie-veche-de-125-de-ani-poate-fi-o-eroare-a-matrixului\/#primaryimage"},"thumbnailUrl":"https:\/\/www.lovendal.ro\/wp52\/wp-content\/uploads\/2023\/03\/Greta-fata-125-ani.jpg","keywords":["aur","Bizar","c\u0103l\u0103torie \u00een timp","Canada","fotografie","Greta Thunberg","matrix","p\u0103r","parlament","re\u00eencarnare","schimbare climatic\u0103","Suedia","universitate","Washington"],"articleSection":["Bizar"],"inLanguage":"ro-RO","potentialAction":[{"@type":"CommentAction","name":"Comment","target":["https:\/\/www.lovendal.ro\/wp52\/celebra-activista-de-mediu-greta-a-fost-vazuta-intr-o-fotografie-veche-de-125-de-ani-poate-fi-o-eroare-a-matrixului\/#respond"]}]},{"@type":"WebPage","@id":"https:\/\/www.lovendal.ro\/wp52\/celebra-activista-de-mediu-greta-a-fost-vazuta-intr-o-fotografie-veche-de-125-de-ani-poate-fi-o-eroare-a-matrixului\/","url":"https:\/\/www.lovendal.ro\/wp52\/celebra-activista-de-mediu-greta-a-fost-vazuta-intr-o-fotografie-veche-de-125-de-ani-poate-fi-o-eroare-a-matrixului\/","name":"Celebra activist\u0103 de mediu Greta a fost v\u0103zut\u0103 \u00eentr-o fotografie veche de 125 de ani? Poate fi o eroare a \"Matrixului\"... - Secretele lui Lovendal","isPartOf":{"@id":"https:\/\/www.lovendal.ro\/wp52\/#website"},"primaryImageOfPage":{"@id":"https:\/\/www.lovendal.ro\/wp52\/celebra-activista-de-mediu-greta-a-fost-vazuta-intr-o-fotografie-veche-de-125-de-ani-poate-fi-o-eroare-a-matrixului\/#primaryimage"},"image":{"@id":"https:\/\/www.lovendal.ro\/wp52\/celebra-activista-de-mediu-greta-a-fost-vazuta-intr-o-fotografie-veche-de-125-de-ani-poate-fi-o-eroare-a-matrixului\/#primaryimage"},"thumbnailUrl":"https:\/\/www.lovendal.ro\/wp52\/wp-content\/uploads\/2023\/03\/Greta-fata-125-ani.jpg","datePublished":"2023-03-20T09:09:14+00:00","breadcrumb":{"@id":"https:\/\/www.lovendal.ro\/wp52\/celebra-activista-de-mediu-greta-a-fost-vazuta-intr-o-fotografie-veche-de-125-de-ani-poate-fi-o-eroare-a-matrixului\/#breadcrumb"},"inLanguage":"ro-RO","potentialAction":[{"@type":"ReadAction","target":["https:\/\/www.lovendal.ro\/wp52\/celebra-activista-de-mediu-greta-a-fost-vazuta-intr-o-fotografie-veche-de-125-de-ani-poate-fi-o-eroare-a-matrixului\/"]}]},{"@type":"ImageObject","inLanguage":"ro-RO","@id":"https:\/\/www.lovendal.ro\/wp52\/celebra-activista-de-mediu-greta-a-fost-vazuta-intr-o-fotografie-veche-de-125-de-ani-poate-fi-o-eroare-a-matrixului\/#primaryimage","url":"https:\/\/www.lovendal.ro\/wp52\/wp-content\/uploads\/2023\/03\/Greta-fata-125-ani.jpg","contentUrl":"https:\/\/www.lovendal.ro\/wp52\/wp-content\/uploads\/2023\/03\/Greta-fata-125-ani.jpg","width":357,"height":226},{"@type":"BreadcrumbList","@id":"https:\/\/www.lovendal.ro\/wp52\/celebra-activista-de-mediu-greta-a-fost-vazuta-intr-o-fotografie-veche-de-125-de-ani-poate-fi-o-eroare-a-matrixului\/#breadcrumb","itemListElement":[{"@type":"ListItem","position":1,"name":"Home","item":"https:\/\/www.lovendal.ro\/wp52\/"},{"@type":"ListItem","position":2,"name":"Celebra activist\u0103 de mediu Greta a fost v\u0103zut\u0103 \u00eentr-o fotografie veche de 125 de ani? Poate fi o eroare a &#8222;Matrixului&#8221;&#8230;"}]},{"@type":"WebSite","@id":"https:\/\/www.lovendal.ro\/wp52\/#website","url":"https:\/\/www.lovendal.ro\/wp52\/","name":"Secretele lui Lovendal","description":"Site de secrete, stiinta si metafizica - din 2008 -","publisher":{"@id":"https:\/\/www.lovendal.ro\/wp52\/#organization"},"potentialAction":[{"@type":"SearchAction","target":{"@type":"EntryPoint","urlTemplate":"https:\/\/www.lovendal.ro\/wp52\/?s={search_term_string}"},"query-input":{"@type":"PropertyValueSpecification","valueRequired":true,"valueName":"search_term_string"}}],"inLanguage":"ro-RO"},{"@type":"Organization","@id":"https:\/\/www.lovendal.ro\/wp52\/#organization","name":"Secretele lui Lovendal","url":"https:\/\/www.lovendal.ro\/wp52\/","logo":{"@type":"ImageObject","inLanguage":"ro-RO","@id":"https:\/\/www.lovendal.ro\/wp52\/#\/schema\/logo\/image\/","url":"https:\/\/www.lovendal.ro\/wp52\/wp-content\/uploads\/2024\/06\/cropped-SLL-iun-2024-1.jpg","contentUrl":"https:\/\/www.lovendal.ro\/wp52\/wp-content\/uploads\/2024\/06\/cropped-SLL-iun-2024-1.jpg","width":771,"height":240,"caption":"Secretele lui Lovendal"},"image":{"@id":"https:\/\/www.lovendal.ro\/wp52\/#\/schema\/logo\/image\/"},"sameAs":["https:\/\/www.facebook.com\/secreteleluilovendal"]},{"@type":"Person","@id":"https:\/\/www.lovendal.ro\/wp52\/#\/schema\/person\/088691de5dfc346bb0c023e1e52ef5d9","name":"admin","image":{"@type":"ImageObject","inLanguage":"ro-RO","@id":"https:\/\/secure.gravatar.com\/avatar\/ecb9cd41f5f63c9c9b989999a59f6e2639a865ec361e9db054db0679a8f341c2?s=96&d=mm&r=g","url":"https:\/\/secure.gravatar.com\/avatar\/ecb9cd41f5f63c9c9b989999a59f6e2639a865ec361e9db054db0679a8f341c2?s=96&d=mm&r=g","contentUrl":"https:\/\/secure.gravatar.com\/avatar\/ecb9cd41f5f63c9c9b989999a59f6e2639a865ec361e9db054db0679a8f341c2?s=96&d=mm&r=g","caption":"admin"},"sameAs":["https:\/\/www.lovendal.ro\/wp52"]}]}},"_links":{"self":[{"href":"https:\/\/www.lovendal.ro\/wp52\/wp-json\/wp\/v2\/posts\/84825","targetHints":{"allow":["GET"]}}],"collection":[{"href":"https:\/\/www.lovendal.ro\/wp52\/wp-json\/wp\/v2\/posts"}],"about":[{"href":"https:\/\/www.lovendal.ro\/wp52\/wp-json\/wp\/v2\/types\/post"}],"author":[{"embeddable":true,"href":"https:\/\/www.lovendal.ro\/wp52\/wp-json\/wp\/v2\/users\/1"}],"replies":[{"embeddable":true,"href":"https:\/\/www.lovendal.ro\/wp52\/wp-json\/wp\/v2\/comments?post=84825"}],"version-history":[{"count":1,"href":"https:\/\/www.lovendal.ro\/wp52\/wp-json\/wp\/v2\/posts\/84825\/revisions"}],"predecessor-version":[{"id":84828,"href":"https:\/\/www.lovendal.ro\/wp52\/wp-json\/wp\/v2\/posts\/84825\/revisions\/84828"}],"wp:featuredmedia":[{"embeddable":true,"href":"https:\/\/www.lovendal.ro\/wp52\/wp-json\/wp\/v2\/media\/84826"}],"wp:attachment":[{"href":"https:\/\/www.lovendal.ro\/wp52\/wp-json\/wp\/v2\/media?parent=84825"}],"wp:term":[{"taxonomy":"category","embeddable":true,"href":"https:\/\/www.lovendal.ro\/wp52\/wp-json\/wp\/v2\/categories?post=84825"},{"taxonomy":"post_tag","embeddable":true,"href":"https:\/\/www.lovendal.ro\/wp52\/wp-json\/wp\/v2\/tags?post=84825"}],"curies":[{"name":"wp","href":"https:\/\/api.w.org\/{rel}","templated":true}]}}