{"id":84808,"date":"2023-03-19T08:53:19","date_gmt":"2023-03-19T06:53:19","guid":{"rendered":"https:\/\/www.lovendal.ro\/wp52\/?p=84808"},"modified":"2023-03-19T08:53:19","modified_gmt":"2023-03-19T06:53:19","slug":"daca-am-trai-cu-totii-pe-marte-cum-ar-fi","status":"publish","type":"post","link":"https:\/\/www.lovendal.ro\/wp52\/daca-am-trai-cu-totii-pe-marte-cum-ar-fi\/","title":{"rendered":"Dac\u0103 am tr\u0103i cu to\u0163ii pe Marte, cum ar fi?"},"content":{"rendered":"<p><a href=\"https:\/\/www.lovendal.ro\/wp52\/wp-content\/uploads\/2023\/03\/Marte33.jpg\"><img loading=\"lazy\" decoding=\"async\" class=\"alignleft size-full wp-image-84809\" src=\"https:\/\/www.lovendal.ro\/wp52\/wp-content\/uploads\/2023\/03\/Marte33.jpg\" alt=\"\" width=\"369\" height=\"259\" srcset=\"https:\/\/www.lovendal.ro\/wp52\/wp-content\/uploads\/2023\/03\/Marte33.jpg 369w, https:\/\/www.lovendal.ro\/wp52\/wp-content\/uploads\/2023\/03\/Marte33-300x211.jpg 300w\" sizes=\"auto, (max-width: 369px) 100vw, 369px\" \/><\/a>Oamenii de pe P\u0103m\u00e2nt vorbesc mult despre colonizarea lui Marte. Dar dac\u0103 s-ar fi \u00eent\u00e2mplat deja \u0219i primii oameni s-ar fi stabilit deja pe &#8222;planeta ro\u0219ie&#8221;? Cum ar ar\u0103ta via\u021ba pe Marte? Am fi capabili s\u0103 tr\u0103im la suprafa\u021b\u0103 sau ar trebui s\u0103 ne ascundem sub suprafa\u0163\u0103, pentru a fi proteja\u0163i de toat\u0103 radia\u021bia solar\u0103 la care este expus Marte? Am reu\u0219i s\u0103-l terraform\u0103m?<\/p>\n<p>Vre\u0163i s\u0103 pleca\u0163i de pe aceast\u0103 planet\u0103? Ei bine, lua\u021bi \u00een considerare Marte&#8230; a 4-a planet\u0103 de la Soare. Distan\u0163a fa\u0163\u0103 de P\u0103m\u00e2nt poate varia de la 56 de milioane de km p\u00e2n\u0103 la 401 milioane km distan\u021b\u0103. Marte are aproximativ 53% la sut\u0103 din dimensiunea P\u0103m\u00e2ntului, ceea ce o face a doua cea mai mic\u0103 planet\u0103 din sistemul nostru solar (dup\u0103 Mercur). Marte este numit a\u015fa dup\u0103 zeul roman al r\u0103zboiului. Prima nav\u0103 spa\u021bial\u0103 a ajuns pe Marte \u00een 1965 \u0219i a fost numit\u0103 Mariner 4.<\/p>\n<p>Marte are dou\u0103 luni, Phobos \u0219i Deimos. De asemenea, g\u0103zduie\u0219te cel mai mare munte cunoscut din sistemul solar \u0219i are cele mai mari furtuni de praf \u00eenregistrate. Marte \u0219i P\u0103m\u00e2ntul au aproximativ aceea\u0219i mas\u0103. Marte cap\u0103t\u0103 culoarea ro\u0219ie distinctiv\u0103 din mineralele bogate \u00een fier care \u00eei acoper\u0103 suprafa\u021ba. Temperatura de pe Marte poate sc\u0103dea p\u00e2n\u0103 la -153 de grade Celsius \u0219i poate cre\u0219te p\u00e2n\u0103 la maxim 20 de grade Celsius.<\/p>\n<p>Diverse descoperiri de-a lungul anilor sugereaz\u0103 c\u0103 Marte ar fi putut avea via\u021b\u0103 la un moment dat. \u00cen 2014, robotul spa\u0163ial &#8222;Mars Curiosity Rover&#8221; de la NASA a descoperit pe Marte zone de metan, ceea ce sugereaz\u0103 c\u0103 Marte ar fi putut avea un fel de via\u021b\u0103 la un moment dat. Oamenii de \u0219tiin\u021b\u0103 au g\u0103sit, de asemenea, dovezi ale apei \u0219i ale altor necesit\u0103\u021bi pentru via\u021ba uman\u0103 prezente pe planet\u0103. Cu toate acestea, aceste oceane antice ar furniza aproximativ 1% din apa prezent\u0103 \u00een oceanele P\u0103m\u00e2ntului. Exist\u0103 \u0219i alte caracteristici ale P\u0103m\u00e2ntului care au fost prezente \u0219i pe Marte. Exist\u0103 dovezi c\u0103 Marte obi\u0219nuia s\u0103 aib\u0103 calote polare de ghea\u021b\u0103.<\/p>\n<p>Deci, ce s-ar \u00eent\u00e2mpla dac\u0103 am fugit pe planeta ro\u0219ie? Dac\u0103 ne-am muta cu to\u021bii pe Marte? Chiar dac\u0103 am merge acolo cu cea mai rapid\u0103 nav\u0103 spa\u021bial\u0103 lansat\u0103 vreodat\u0103 de pe P\u0103m\u00e2nt, am face o c\u0103l\u0103torie cuprins\u0103 \u00eentre 40 de zile \u015fi 9,5 luni, \u00een func\u021bie de pozi\u021bia planetelor. \u0218i dup\u0103 tot acest timp petrecut \u00een spa\u021biul cosmic, ve\u021bi vedea \u00een sf\u00e2r\u0219it la orizont un Marte uscat \u0219i lipsit de via\u021b\u0103. Dar a\u0163i fi capabil s\u0103 supravie\u021bui\u0163i acolo? Oricum, de ce a\u0163i avea nevoie pentru a supravie\u021bui pe Marte?<\/p>\n<p>\u00cen primul r\u00e2nd, ar trebui s\u0103 v\u0103 da\u021bi seama cum s\u0103 produce\u021bi oxigen pentru a respira. Atmosfera mar\u021bian\u0103 este foarte sub\u021bire \u0219i are 95% dioxid de carbon. Nu am putea aduce de pe Terra tot oxigenul de care ai nevoie pentru a supravie\u021bui, dar l-am putea extrage din CO2 cu ma\u0219ini precum &#8222;MOXIE&#8221; de la NASA. Acest oxigen ar putea oferi \u0219i propulsor lichid de oxigen, de care ai nevoie pentru a ridica o rachet\u0103 de pe Marte \u015fi ajunge \u00eenapoi pe P\u0103m\u00e2nt.<\/p>\n<p>M\u00e2ncarea? Nu exist\u0103 sol pe Marte \u00een care s\u0103 creasc\u0103 hran\u0103. \u00cen schimb, am putea folosi hidroponia, cultiv\u00e2nd culturile \u00eentr-o solu\u021bie mineral\u0103 \u0219i nutritiv\u0103, f\u0103r\u0103 sol.<\/p>\n<p>Unde am putea tr\u0103i? \u00cempreun\u0103 cu ceilal\u021bi coloni\u0219ti, probabil a\u021bi locui \u00een cl\u0103diri gonflabile sub presiune. Dar este mai probabil s\u0103 merge\u0163i \u00een subteran. Deoarece Marte nu are c\u00e2mp geomagnetic global \u0219i, deoarece atmosfera sa este at\u00e2t de sub\u021bire, nivelurile de radia\u021bie pe orbita de deasupra lui Marte sunt de 2,5 ori mai mari dec\u00e2t la Sta\u021bia Spa\u021bial\u0103 Interna\u021bional\u0103. Este prea mult\u0103 radia\u021bie solar\u0103 pentru ca oamenii s\u0103 o suporte.<\/p>\n<p>Dac\u0103 a\u0163i vrea s\u0103 ie\u0219i\u0163i afar\u0103 \u0219i s\u0103 v\u0103 plimba\u0163i, a\u0163i avea nevoie de un costum spa\u021bial pentru a compensa presiunea atmosferic\u0103 aproape absent\u0103 \u0219i pentru a bloca radia\u021biile. Costumul dvs. v-ar \u021bine \u0219i de cald, ceea ce este important pentru c\u0103 temperaturile pe Marte sunt foarte sc\u0103zute. Cea mai rece iarn\u0103 de pe P\u0103m\u00e2nt este paradisul \u00een compara\u021bie cu iarna medie mar\u021bian\u0103. Temperaturile ar fi de p\u00e2n\u0103 la -55 \u00b0C pe Marte. \u0218i mai rece ar fi la poli, unde temperaturile pot sc\u0103dea p\u00e2n\u0103 la -153\u00b0C.<\/p>\n<p>O zi pe Marte este cu doar 40 de minute mai lung\u0103 dec\u00e2t o zi pe P\u0103m\u00e2nt. Totu\u0219i, un an pe Marte ar fi aproape de dou\u0103 ori mai lung. Dac\u0103 a\u0163i locui \u00een emisfera nordic\u0103, v-a\u0163i bucura de 7 luni de prim\u0103var\u0103 \u0219i de 6 luni de var\u0103. Apoi ar fi o toamn\u0103 de 5 luni \u0219i alte 4 luni de iarn\u0103. \u0218i nu numai c\u0103 temperaturile sunt sc\u0103zute, dar ele se pot schimba dramatic \u00eentr-o s\u0103pt\u0103m\u00e2n\u0103. Aceste varia\u021bii duc adesea la furtuni puternice de praf. Nu v-ar face r\u0103u, dar ar avea probleme toate componentele electronice.<\/p>\n<p>Dac\u0103 a\u0163i dori s\u0103 comunica\u0163i electronic cu cineva de acas\u0103 ar fi aproape imposibil, pentru c\u0103 orice a\u0163i spune ar dura aproximativ 15 minute pentru a ajunge pe P\u0103m\u00e2nt. Aminti\u021bi-v\u0103, de asemenea, c\u0103 gravita\u021bia de pe Marte este aproximativ o treime fa\u0163\u0103 de cea a P\u0103m\u00e2ntului. A\u015fa c\u0103 ar trebui s\u0103 \u00eenv\u0103\u0163a\u0163i din nou s\u0103 merge\u0163i.<\/p>\n<p>\u0162in\u00e2nd cont de toate acestea, \u00eenc\u0103 a\u0163i mai vrea s\u0103 v\u0103 muta\u021bi pe planeta ro\u0219ie?<\/p>\n","protected":false},"excerpt":{"rendered":"<p>Oamenii de pe P\u0103m\u00e2nt vorbesc mult despre colonizarea lui Marte. Dar dac\u0103 s-ar fi \u00eent\u00e2mplat deja \u0219i primii oameni s-ar fi stabilit deja pe &#8222;planeta ro\u0219ie&#8221;? Cum ar ar\u0103ta via\u021ba pe Marte? Am fi capabili s\u0103 tr\u0103im la suprafa\u021b\u0103 sau &#8230; <\/p>\n<p class=\"read-more-container\"><a title=\"Dac\u0103 am tr\u0103i cu to\u0163ii pe Marte, cum ar fi?\" class=\"read-more button\" href=\"https:\/\/www.lovendal.ro\/wp52\/daca-am-trai-cu-totii-pe-marte-cum-ar-fi\/#more-84808\" aria-label=\"Cite\u0219te mai multe despre Dac\u0103 am tr\u0103i cu to\u0163ii pe Marte, cum ar fi?\">Cititi mai multe<\/a><\/p>\n","protected":false},"author":1,"featured_media":84809,"comment_status":"open","ping_status":"open","sticky":false,"template":"","format":"standard","meta":{"footnotes":""},"categories":[11039],"tags":[601,102,2502,1962,4769,1941,778,18198,9487,156,2708,1579,3783,150,1324,4216,1692,105,3359,732,6987,1635,4389,3417,865,5133,2358,366,968],"class_list":["post-84808","post","type-post","status-publish","format-standard","has-post-thumbnail","hentry","category-astronomie","tag-apa","tag-astronomie","tag-atmosfera","tag-co2","tag-deimos","tag-fier","tag-mancare","tag-mariner-4","tag-mars-curiosity","tag-marte","tag-mercur","tag-metan","tag-munte","tag-nasa","tag-nava-spatiala","tag-orbita","tag-oxigen","tag-pamant","tag-phobos","tag-planeta","tag-praf","tag-racheta","tag-radiatie","tag-sistem-solar","tag-soare","tag-statia-spatiala-internationala","tag-temperatura","tag-viata","tag-zeu","resize-featured-image"],"yoast_head":"<!-- This site is optimized with the Yoast SEO Premium plugin v23.3 (Yoast SEO v27.4) - https:\/\/yoast.com\/product\/yoast-seo-premium-wordpress\/ -->\n<title>Dac\u0103 am tr\u0103i cu to\u0163ii pe Marte, cum ar fi? - Secretele lui Lovendal<\/title>\n<meta name=\"robots\" content=\"index, follow, max-snippet:-1, max-image-preview:large, max-video-preview:-1\" \/>\n<link rel=\"canonical\" href=\"https:\/\/www.lovendal.ro\/wp52\/daca-am-trai-cu-totii-pe-marte-cum-ar-fi\/\" \/>\n<meta property=\"og:locale\" content=\"ro_RO\" \/>\n<meta property=\"og:type\" content=\"article\" \/>\n<meta property=\"og:title\" content=\"Dac\u0103 am tr\u0103i cu to\u0163ii pe Marte, cum ar fi?\" \/>\n<meta property=\"og:description\" content=\"Oamenii de pe P\u0103m\u00e2nt vorbesc mult despre colonizarea lui Marte. Dar dac\u0103 s-ar fi \u00eent\u00e2mplat deja \u0219i primii oameni s-ar fi stabilit deja pe &#8222;planeta ro\u0219ie&#8221;? Cum ar ar\u0103ta via\u021ba pe Marte? Am fi capabili s\u0103 tr\u0103im la suprafa\u021b\u0103 sau ... Cititi mai multe\" \/>\n<meta property=\"og:url\" content=\"https:\/\/www.lovendal.ro\/wp52\/daca-am-trai-cu-totii-pe-marte-cum-ar-fi\/\" \/>\n<meta property=\"og:site_name\" content=\"Secretele lui Lovendal\" \/>\n<meta property=\"article:publisher\" content=\"https:\/\/www.facebook.com\/secreteleluilovendal\" \/>\n<meta property=\"article:published_time\" content=\"2023-03-19T06:53:19+00:00\" \/>\n<meta property=\"og:image\" content=\"https:\/\/www.lovendal.ro\/wp52\/wp-content\/uploads\/2023\/03\/Marte33.jpg\" \/>\n\t<meta property=\"og:image:width\" content=\"369\" \/>\n\t<meta property=\"og:image:height\" content=\"259\" \/>\n\t<meta property=\"og:image:type\" content=\"image\/jpeg\" \/>\n<meta name=\"author\" content=\"admin\" \/>\n<meta name=\"twitter:card\" content=\"summary_large_image\" \/>\n<meta name=\"twitter:label1\" content=\"Scris de\" \/>\n\t<meta name=\"twitter:data1\" content=\"admin\" \/>\n\t<meta name=\"twitter:label2\" content=\"Timp estimat pentru citire\" \/>\n\t<meta name=\"twitter:data2\" content=\"5 minute\" \/>\n<script type=\"application\/ld+json\" class=\"yoast-schema-graph\">{\"@context\":\"https:\\\/\\\/schema.org\",\"@graph\":[{\"@type\":\"Article\",\"@id\":\"https:\\\/\\\/www.lovendal.ro\\\/wp52\\\/daca-am-trai-cu-totii-pe-marte-cum-ar-fi\\\/#article\",\"isPartOf\":{\"@id\":\"https:\\\/\\\/www.lovendal.ro\\\/wp52\\\/daca-am-trai-cu-totii-pe-marte-cum-ar-fi\\\/\"},\"author\":{\"name\":\"admin\",\"@id\":\"https:\\\/\\\/www.lovendal.ro\\\/wp52\\\/#\\\/schema\\\/person\\\/088691de5dfc346bb0c023e1e52ef5d9\"},\"headline\":\"Dac\u0103 am tr\u0103i cu to\u0163ii pe Marte, cum ar fi?\",\"datePublished\":\"2023-03-19T06:53:19+00:00\",\"mainEntityOfPage\":{\"@id\":\"https:\\\/\\\/www.lovendal.ro\\\/wp52\\\/daca-am-trai-cu-totii-pe-marte-cum-ar-fi\\\/\"},\"wordCount\":989,\"commentCount\":0,\"publisher\":{\"@id\":\"https:\\\/\\\/www.lovendal.ro\\\/wp52\\\/#organization\"},\"image\":{\"@id\":\"https:\\\/\\\/www.lovendal.ro\\\/wp52\\\/daca-am-trai-cu-totii-pe-marte-cum-ar-fi\\\/#primaryimage\"},\"thumbnailUrl\":\"https:\\\/\\\/www.lovendal.ro\\\/wp52\\\/wp-content\\\/uploads\\\/2023\\\/03\\\/Marte33.jpg\",\"keywords\":[\"ap\u0103\",\"astronomie\",\"atmosfer\u0103\",\"CO2\",\"Deimos\",\"fier\",\"m\u00e2ncare\",\"Mariner 4\",\"Mars Curiosity\",\"Marte\",\"Mercur\",\"metan\",\"munte\",\"NASA\",\"nav\u0103 spa\u0163ial\u0103\",\"orbit\u0103\",\"oxigen\",\"P\u0103m\u00e2nt\",\"Phobos\",\"planet\u0103\",\"praf\",\"rachet\u0103\",\"radia\u0163ie\",\"sistem solar\",\"Soare\",\"Sta\u0163ia Spa\u0163ial\u0103 Interna\u0163ional\u0103\",\"temperatur\u0103\",\"via\u0163\u0103\",\"zeu\"],\"articleSection\":[\"Astronomie\"],\"inLanguage\":\"ro-RO\",\"potentialAction\":[{\"@type\":\"CommentAction\",\"name\":\"Comment\",\"target\":[\"https:\\\/\\\/www.lovendal.ro\\\/wp52\\\/daca-am-trai-cu-totii-pe-marte-cum-ar-fi\\\/#respond\"]}]},{\"@type\":\"WebPage\",\"@id\":\"https:\\\/\\\/www.lovendal.ro\\\/wp52\\\/daca-am-trai-cu-totii-pe-marte-cum-ar-fi\\\/\",\"url\":\"https:\\\/\\\/www.lovendal.ro\\\/wp52\\\/daca-am-trai-cu-totii-pe-marte-cum-ar-fi\\\/\",\"name\":\"Dac\u0103 am tr\u0103i cu to\u0163ii pe Marte, cum ar fi? - Secretele lui Lovendal\",\"isPartOf\":{\"@id\":\"https:\\\/\\\/www.lovendal.ro\\\/wp52\\\/#website\"},\"primaryImageOfPage\":{\"@id\":\"https:\\\/\\\/www.lovendal.ro\\\/wp52\\\/daca-am-trai-cu-totii-pe-marte-cum-ar-fi\\\/#primaryimage\"},\"image\":{\"@id\":\"https:\\\/\\\/www.lovendal.ro\\\/wp52\\\/daca-am-trai-cu-totii-pe-marte-cum-ar-fi\\\/#primaryimage\"},\"thumbnailUrl\":\"https:\\\/\\\/www.lovendal.ro\\\/wp52\\\/wp-content\\\/uploads\\\/2023\\\/03\\\/Marte33.jpg\",\"datePublished\":\"2023-03-19T06:53:19+00:00\",\"breadcrumb\":{\"@id\":\"https:\\\/\\\/www.lovendal.ro\\\/wp52\\\/daca-am-trai-cu-totii-pe-marte-cum-ar-fi\\\/#breadcrumb\"},\"inLanguage\":\"ro-RO\",\"potentialAction\":[{\"@type\":\"ReadAction\",\"target\":[\"https:\\\/\\\/www.lovendal.ro\\\/wp52\\\/daca-am-trai-cu-totii-pe-marte-cum-ar-fi\\\/\"]}]},{\"@type\":\"ImageObject\",\"inLanguage\":\"ro-RO\",\"@id\":\"https:\\\/\\\/www.lovendal.ro\\\/wp52\\\/daca-am-trai-cu-totii-pe-marte-cum-ar-fi\\\/#primaryimage\",\"url\":\"https:\\\/\\\/www.lovendal.ro\\\/wp52\\\/wp-content\\\/uploads\\\/2023\\\/03\\\/Marte33.jpg\",\"contentUrl\":\"https:\\\/\\\/www.lovendal.ro\\\/wp52\\\/wp-content\\\/uploads\\\/2023\\\/03\\\/Marte33.jpg\",\"width\":369,\"height\":259},{\"@type\":\"BreadcrumbList\",\"@id\":\"https:\\\/\\\/www.lovendal.ro\\\/wp52\\\/daca-am-trai-cu-totii-pe-marte-cum-ar-fi\\\/#breadcrumb\",\"itemListElement\":[{\"@type\":\"ListItem\",\"position\":1,\"name\":\"Home\",\"item\":\"https:\\\/\\\/www.lovendal.ro\\\/wp52\\\/\"},{\"@type\":\"ListItem\",\"position\":2,\"name\":\"Dac\u0103 am tr\u0103i cu to\u0163ii pe Marte, cum ar fi?\"}]},{\"@type\":\"WebSite\",\"@id\":\"https:\\\/\\\/www.lovendal.ro\\\/wp52\\\/#website\",\"url\":\"https:\\\/\\\/www.lovendal.ro\\\/wp52\\\/\",\"name\":\"Secretele lui Lovendal\",\"description\":\"Site de secrete, stiinta si metafizica - din 2008 -\",\"publisher\":{\"@id\":\"https:\\\/\\\/www.lovendal.ro\\\/wp52\\\/#organization\"},\"potentialAction\":[{\"@type\":\"SearchAction\",\"target\":{\"@type\":\"EntryPoint\",\"urlTemplate\":\"https:\\\/\\\/www.lovendal.ro\\\/wp52\\\/?s={search_term_string}\"},\"query-input\":{\"@type\":\"PropertyValueSpecification\",\"valueRequired\":true,\"valueName\":\"search_term_string\"}}],\"inLanguage\":\"ro-RO\"},{\"@type\":\"Organization\",\"@id\":\"https:\\\/\\\/www.lovendal.ro\\\/wp52\\\/#organization\",\"name\":\"Secretele lui Lovendal\",\"url\":\"https:\\\/\\\/www.lovendal.ro\\\/wp52\\\/\",\"logo\":{\"@type\":\"ImageObject\",\"inLanguage\":\"ro-RO\",\"@id\":\"https:\\\/\\\/www.lovendal.ro\\\/wp52\\\/#\\\/schema\\\/logo\\\/image\\\/\",\"url\":\"https:\\\/\\\/www.lovendal.ro\\\/wp52\\\/wp-content\\\/uploads\\\/2024\\\/06\\\/cropped-SLL-iun-2024-1.jpg\",\"contentUrl\":\"https:\\\/\\\/www.lovendal.ro\\\/wp52\\\/wp-content\\\/uploads\\\/2024\\\/06\\\/cropped-SLL-iun-2024-1.jpg\",\"width\":771,\"height\":240,\"caption\":\"Secretele lui Lovendal\"},\"image\":{\"@id\":\"https:\\\/\\\/www.lovendal.ro\\\/wp52\\\/#\\\/schema\\\/logo\\\/image\\\/\"},\"sameAs\":[\"https:\\\/\\\/www.facebook.com\\\/secreteleluilovendal\"]},{\"@type\":\"Person\",\"@id\":\"https:\\\/\\\/www.lovendal.ro\\\/wp52\\\/#\\\/schema\\\/person\\\/088691de5dfc346bb0c023e1e52ef5d9\",\"name\":\"admin\",\"image\":{\"@type\":\"ImageObject\",\"inLanguage\":\"ro-RO\",\"@id\":\"https:\\\/\\\/secure.gravatar.com\\\/avatar\\\/ecb9cd41f5f63c9c9b989999a59f6e2639a865ec361e9db054db0679a8f341c2?s=96&d=mm&r=g\",\"url\":\"https:\\\/\\\/secure.gravatar.com\\\/avatar\\\/ecb9cd41f5f63c9c9b989999a59f6e2639a865ec361e9db054db0679a8f341c2?s=96&d=mm&r=g\",\"contentUrl\":\"https:\\\/\\\/secure.gravatar.com\\\/avatar\\\/ecb9cd41f5f63c9c9b989999a59f6e2639a865ec361e9db054db0679a8f341c2?s=96&d=mm&r=g\",\"caption\":\"admin\"},\"sameAs\":[\"https:\\\/\\\/www.lovendal.ro\\\/wp52\"]}]}<\/script>\n<!-- \/ Yoast SEO Premium plugin. -->","yoast_head_json":{"title":"Dac\u0103 am tr\u0103i cu to\u0163ii pe Marte, cum ar fi? - Secretele lui Lovendal","robots":{"index":"index","follow":"follow","max-snippet":"max-snippet:-1","max-image-preview":"max-image-preview:large","max-video-preview":"max-video-preview:-1"},"canonical":"https:\/\/www.lovendal.ro\/wp52\/daca-am-trai-cu-totii-pe-marte-cum-ar-fi\/","og_locale":"ro_RO","og_type":"article","og_title":"Dac\u0103 am tr\u0103i cu to\u0163ii pe Marte, cum ar fi?","og_description":"Oamenii de pe P\u0103m\u00e2nt vorbesc mult despre colonizarea lui Marte. Dar dac\u0103 s-ar fi \u00eent\u00e2mplat deja \u0219i primii oameni s-ar fi stabilit deja pe &#8222;planeta ro\u0219ie&#8221;? Cum ar ar\u0103ta via\u021ba pe Marte? Am fi capabili s\u0103 tr\u0103im la suprafa\u021b\u0103 sau ... Cititi mai multe","og_url":"https:\/\/www.lovendal.ro\/wp52\/daca-am-trai-cu-totii-pe-marte-cum-ar-fi\/","og_site_name":"Secretele lui Lovendal","article_publisher":"https:\/\/www.facebook.com\/secreteleluilovendal","article_published_time":"2023-03-19T06:53:19+00:00","og_image":[{"width":369,"height":259,"url":"https:\/\/www.lovendal.ro\/wp52\/wp-content\/uploads\/2023\/03\/Marte33.jpg","type":"image\/jpeg"}],"author":"admin","twitter_card":"summary_large_image","twitter_misc":{"Scris de":"admin","Timp estimat pentru citire":"5 minute"},"schema":{"@context":"https:\/\/schema.org","@graph":[{"@type":"Article","@id":"https:\/\/www.lovendal.ro\/wp52\/daca-am-trai-cu-totii-pe-marte-cum-ar-fi\/#article","isPartOf":{"@id":"https:\/\/www.lovendal.ro\/wp52\/daca-am-trai-cu-totii-pe-marte-cum-ar-fi\/"},"author":{"name":"admin","@id":"https:\/\/www.lovendal.ro\/wp52\/#\/schema\/person\/088691de5dfc346bb0c023e1e52ef5d9"},"headline":"Dac\u0103 am tr\u0103i cu to\u0163ii pe Marte, cum ar fi?","datePublished":"2023-03-19T06:53:19+00:00","mainEntityOfPage":{"@id":"https:\/\/www.lovendal.ro\/wp52\/daca-am-trai-cu-totii-pe-marte-cum-ar-fi\/"},"wordCount":989,"commentCount":0,"publisher":{"@id":"https:\/\/www.lovendal.ro\/wp52\/#organization"},"image":{"@id":"https:\/\/www.lovendal.ro\/wp52\/daca-am-trai-cu-totii-pe-marte-cum-ar-fi\/#primaryimage"},"thumbnailUrl":"https:\/\/www.lovendal.ro\/wp52\/wp-content\/uploads\/2023\/03\/Marte33.jpg","keywords":["ap\u0103","astronomie","atmosfer\u0103","CO2","Deimos","fier","m\u00e2ncare","Mariner 4","Mars Curiosity","Marte","Mercur","metan","munte","NASA","nav\u0103 spa\u0163ial\u0103","orbit\u0103","oxigen","P\u0103m\u00e2nt","Phobos","planet\u0103","praf","rachet\u0103","radia\u0163ie","sistem solar","Soare","Sta\u0163ia Spa\u0163ial\u0103 Interna\u0163ional\u0103","temperatur\u0103","via\u0163\u0103","zeu"],"articleSection":["Astronomie"],"inLanguage":"ro-RO","potentialAction":[{"@type":"CommentAction","name":"Comment","target":["https:\/\/www.lovendal.ro\/wp52\/daca-am-trai-cu-totii-pe-marte-cum-ar-fi\/#respond"]}]},{"@type":"WebPage","@id":"https:\/\/www.lovendal.ro\/wp52\/daca-am-trai-cu-totii-pe-marte-cum-ar-fi\/","url":"https:\/\/www.lovendal.ro\/wp52\/daca-am-trai-cu-totii-pe-marte-cum-ar-fi\/","name":"Dac\u0103 am tr\u0103i cu to\u0163ii pe Marte, cum ar fi? - Secretele lui Lovendal","isPartOf":{"@id":"https:\/\/www.lovendal.ro\/wp52\/#website"},"primaryImageOfPage":{"@id":"https:\/\/www.lovendal.ro\/wp52\/daca-am-trai-cu-totii-pe-marte-cum-ar-fi\/#primaryimage"},"image":{"@id":"https:\/\/www.lovendal.ro\/wp52\/daca-am-trai-cu-totii-pe-marte-cum-ar-fi\/#primaryimage"},"thumbnailUrl":"https:\/\/www.lovendal.ro\/wp52\/wp-content\/uploads\/2023\/03\/Marte33.jpg","datePublished":"2023-03-19T06:53:19+00:00","breadcrumb":{"@id":"https:\/\/www.lovendal.ro\/wp52\/daca-am-trai-cu-totii-pe-marte-cum-ar-fi\/#breadcrumb"},"inLanguage":"ro-RO","potentialAction":[{"@type":"ReadAction","target":["https:\/\/www.lovendal.ro\/wp52\/daca-am-trai-cu-totii-pe-marte-cum-ar-fi\/"]}]},{"@type":"ImageObject","inLanguage":"ro-RO","@id":"https:\/\/www.lovendal.ro\/wp52\/daca-am-trai-cu-totii-pe-marte-cum-ar-fi\/#primaryimage","url":"https:\/\/www.lovendal.ro\/wp52\/wp-content\/uploads\/2023\/03\/Marte33.jpg","contentUrl":"https:\/\/www.lovendal.ro\/wp52\/wp-content\/uploads\/2023\/03\/Marte33.jpg","width":369,"height":259},{"@type":"BreadcrumbList","@id":"https:\/\/www.lovendal.ro\/wp52\/daca-am-trai-cu-totii-pe-marte-cum-ar-fi\/#breadcrumb","itemListElement":[{"@type":"ListItem","position":1,"name":"Home","item":"https:\/\/www.lovendal.ro\/wp52\/"},{"@type":"ListItem","position":2,"name":"Dac\u0103 am tr\u0103i cu to\u0163ii pe Marte, cum ar fi?"}]},{"@type":"WebSite","@id":"https:\/\/www.lovendal.ro\/wp52\/#website","url":"https:\/\/www.lovendal.ro\/wp52\/","name":"Secretele lui Lovendal","description":"Site de secrete, stiinta si metafizica - din 2008 -","publisher":{"@id":"https:\/\/www.lovendal.ro\/wp52\/#organization"},"potentialAction":[{"@type":"SearchAction","target":{"@type":"EntryPoint","urlTemplate":"https:\/\/www.lovendal.ro\/wp52\/?s={search_term_string}"},"query-input":{"@type":"PropertyValueSpecification","valueRequired":true,"valueName":"search_term_string"}}],"inLanguage":"ro-RO"},{"@type":"Organization","@id":"https:\/\/www.lovendal.ro\/wp52\/#organization","name":"Secretele lui Lovendal","url":"https:\/\/www.lovendal.ro\/wp52\/","logo":{"@type":"ImageObject","inLanguage":"ro-RO","@id":"https:\/\/www.lovendal.ro\/wp52\/#\/schema\/logo\/image\/","url":"https:\/\/www.lovendal.ro\/wp52\/wp-content\/uploads\/2024\/06\/cropped-SLL-iun-2024-1.jpg","contentUrl":"https:\/\/www.lovendal.ro\/wp52\/wp-content\/uploads\/2024\/06\/cropped-SLL-iun-2024-1.jpg","width":771,"height":240,"caption":"Secretele lui Lovendal"},"image":{"@id":"https:\/\/www.lovendal.ro\/wp52\/#\/schema\/logo\/image\/"},"sameAs":["https:\/\/www.facebook.com\/secreteleluilovendal"]},{"@type":"Person","@id":"https:\/\/www.lovendal.ro\/wp52\/#\/schema\/person\/088691de5dfc346bb0c023e1e52ef5d9","name":"admin","image":{"@type":"ImageObject","inLanguage":"ro-RO","@id":"https:\/\/secure.gravatar.com\/avatar\/ecb9cd41f5f63c9c9b989999a59f6e2639a865ec361e9db054db0679a8f341c2?s=96&d=mm&r=g","url":"https:\/\/secure.gravatar.com\/avatar\/ecb9cd41f5f63c9c9b989999a59f6e2639a865ec361e9db054db0679a8f341c2?s=96&d=mm&r=g","contentUrl":"https:\/\/secure.gravatar.com\/avatar\/ecb9cd41f5f63c9c9b989999a59f6e2639a865ec361e9db054db0679a8f341c2?s=96&d=mm&r=g","caption":"admin"},"sameAs":["https:\/\/www.lovendal.ro\/wp52"]}]}},"_links":{"self":[{"href":"https:\/\/www.lovendal.ro\/wp52\/wp-json\/wp\/v2\/posts\/84808","targetHints":{"allow":["GET"]}}],"collection":[{"href":"https:\/\/www.lovendal.ro\/wp52\/wp-json\/wp\/v2\/posts"}],"about":[{"href":"https:\/\/www.lovendal.ro\/wp52\/wp-json\/wp\/v2\/types\/post"}],"author":[{"embeddable":true,"href":"https:\/\/www.lovendal.ro\/wp52\/wp-json\/wp\/v2\/users\/1"}],"replies":[{"embeddable":true,"href":"https:\/\/www.lovendal.ro\/wp52\/wp-json\/wp\/v2\/comments?post=84808"}],"version-history":[{"count":1,"href":"https:\/\/www.lovendal.ro\/wp52\/wp-json\/wp\/v2\/posts\/84808\/revisions"}],"predecessor-version":[{"id":84810,"href":"https:\/\/www.lovendal.ro\/wp52\/wp-json\/wp\/v2\/posts\/84808\/revisions\/84810"}],"wp:featuredmedia":[{"embeddable":true,"href":"https:\/\/www.lovendal.ro\/wp52\/wp-json\/wp\/v2\/media\/84809"}],"wp:attachment":[{"href":"https:\/\/www.lovendal.ro\/wp52\/wp-json\/wp\/v2\/media?parent=84808"}],"wp:term":[{"taxonomy":"category","embeddable":true,"href":"https:\/\/www.lovendal.ro\/wp52\/wp-json\/wp\/v2\/categories?post=84808"},{"taxonomy":"post_tag","embeddable":true,"href":"https:\/\/www.lovendal.ro\/wp52\/wp-json\/wp\/v2\/tags?post=84808"}],"curies":[{"name":"wp","href":"https:\/\/api.w.org\/{rel}","templated":true}]}}