{"id":84496,"date":"2023-02-24T17:19:13","date_gmt":"2023-02-24T15:19:13","guid":{"rendered":"https:\/\/www.lovendal.ro\/wp52\/?p=84496"},"modified":"2023-02-24T17:19:13","modified_gmt":"2023-02-24T15:19:13","slug":"un-tanar-de-19-ani-a-fost-diagnosticat-cu-alzheimer-boala-care-distruge-memoria-umana-incredibil-ce-tanar-este","status":"publish","type":"post","link":"https:\/\/www.lovendal.ro\/wp52\/un-tanar-de-19-ani-a-fost-diagnosticat-cu-alzheimer-boala-care-distruge-memoria-umana-incredibil-ce-tanar-este\/","title":{"rendered":"Un t\u00e2n\u0103r de 19 ani a fost diagnosticat cu Alzheimer &#8211; boala care distruge memoria uman\u0103. Incredibil ce t\u00e2n\u0103r este&#8230;"},"content":{"rendered":"<figure id=\"attachment_84497\" aria-describedby=\"caption-attachment-84497\" style=\"width: 348px\" class=\"wp-caption alignleft\"><a href=\"https:\/\/www.lovendal.ro\/wp52\/wp-content\/uploads\/2023\/02\/Alzheimer.jpg\"><img loading=\"lazy\" decoding=\"async\" class=\"size-full wp-image-84497\" src=\"https:\/\/www.lovendal.ro\/wp52\/wp-content\/uploads\/2023\/02\/Alzheimer.jpg\" alt=\"\" width=\"358\" height=\"202\" srcset=\"https:\/\/www.lovendal.ro\/wp52\/wp-content\/uploads\/2023\/02\/Alzheimer.jpg 358w, https:\/\/www.lovendal.ro\/wp52\/wp-content\/uploads\/2023\/02\/Alzheimer-300x169.jpg 300w\" sizes=\"auto, (max-width: 358px) 100vw, 358px\" \/><\/a><figcaption id=\"caption-attachment-84497\" class=\"wp-caption-text\"><strong>Imagine: <a href=\"https:\/\/www.flickr.com\/photos\/nihgov\/38730047881\" target=\"_blank\" rel=\"noopener\">flickr.com<\/a><\/strong> (Commons Creative &#8211; free)<\/figcaption><\/figure>\n<p>Un t\u00e2n\u0103r de 19 ani din China, care avea probleme de memorie \u00eenc\u0103 de la v\u00e2rsta de 17 ani, a fost diagnosticat cu demen\u021b\u0103, potrivit unui studiu de caz recent publicat \u00een revista <strong><em>&#8222;Journal of Alzheimer&#8217;s Disease&#8221;<\/em><\/strong>. Dup\u0103 ce au efectuat mai multe teste, cercet\u0103torii de la Universitatea de Medicin\u0103 din Beijing au diagnosticat adolescentul ca av\u00e2nd, cel mai probabil, boala Alzheimer. Dac\u0103 diagnosticul este corect, el va fi cea mai t\u00e2n\u0103r\u0103 persoan\u0103 care a fost \u00eenregistrat\u0103 vreodat\u0103 cu aceast\u0103 boal\u0103 care distruge mintea, \u00een special persoanelor \u00een v\u00e2rst\u0103.<\/p>\n<p>Principalul factor de risc al bolii este \u00eemb\u0103tr\u00e2nirea, ceea ce face ca acest ultim caz s\u0103 fie at\u00e2t de neobi\u0219nuit. Cauzele exacte ale bolii Alzheimer sunt \u00eenc\u0103 \u00een mare parte necunoscute, dar o caracteristic\u0103 clasic\u0103 a bolii este acumularea a dou\u0103 proteine \u200b\u200b\u00een creier: beta-amiloid \u0219i tau. La persoanele cu Alzheimer, beta-amiloidul se g\u0103se\u0219te de obicei \u00een cantit\u0103\u021bi mari \u00een afara neuronilor (celulele creierului).<\/p>\n<p>Cu toate acestea, computer-tomografele f\u0103cute nu au reu\u0219it s\u0103 arate niciun semn al acestor caracteristici \u00een creierul t\u00e2n\u0103rului de 19 ani. Dar cercet\u0103torii au descoperit niveluri anormal de ridicate ale unei proteine \u200b\u200bnumite p-tau181 \u00een lichidul cefalorahidian al pacientului. Acest lucru se \u00eent\u00e2mpl\u0103 de obicei \u00eenainte de apari\u0163ia bolii \u00een creier.<\/p>\n<p>Aproape toate cazurile de boal\u0103 Alzheimer la persoanele sub 30 de ani se datoreaz\u0103 genelor defecte mo\u0219tenite. \u00centr-adev\u0103r, cel mai t\u00e2n\u0103r caz anterior &#8211; un t\u00e2n\u0103r de 21 de ani &#8211; avea o cauz\u0103 genetic\u0103.<\/p>\n<p>Trei gene au fost legate de boala Alzheimer la tineri: proteina precursor de amiloid (APP), presenilina 1 (PSEN1) \u0219i presenilina 2 (PSEN2). Aceste gene sunt implicate \u00een producerea unui fragment de protein\u0103 numit peptid\u0103 beta-amiloid, un precursor al beta-amiloidului men\u021bionat anterior. Dac\u0103 gena este defect\u0103, poate duce la o acumulare anormal\u0103 (pl\u0103ci) de beta-amiloid \u00een creier. E nevoie doar de una dintre urm\u0103toarele gene (APP, PSEN1 sau PSEN2) pentru a fi defect\u0103, astfel \u00eenc\u00e2t s\u0103 se dezvolte boala Alzheimer, iar copiii lor au o \u0219ans\u0103 de 50:50 de a mo\u0219teni gena de la ei \u0219i de a dezvolta boala.<\/p>\n<p>Cu toate acestea, o cauz\u0103 genetic\u0103 a fost exclus\u0103 \u00een acest ultim caz, deoarece cercet\u0103torii au efectuat o secven\u021b\u0103 a \u00eentregului genom a pacientului \u0219i nu au reu\u0219it s\u0103 g\u0103seasc\u0103 nicio muta\u021bie genetic\u0103 cunoscut\u0103. \u0218i nimeni din familia adolescentului nu are antecedente de boal\u0103 Alzheimer sau demen\u021b\u0103. De asemenea, t\u00e2n\u0103rul nu avea alte boli, infec\u021bii sau traumatisme craniene care ar putea explica starea lui. Este clar c\u0103 orice form\u0103 de Alzheimer ar avea, acesta este extrem de rar\u0103.<\/p>\n<p>La v\u00e2rsta de 17 ani, pacientul a \u00eenceput s\u0103 aib\u0103 probleme de concentrare la studiile \u0219colare. Aceasta a fost urmat\u0103 un an mai t\u00e2rziu de pierderea memoriei pe termen scurt. Nu-\u0219i putea aminti dac\u0103 m\u00e2ncase sau \u00ee\u0219i f\u0103cuse temele. Pierderea sa de memorie a devenit at\u00e2t de grav\u0103 \u00eenc\u00e2t a trebuit s\u0103 abandoneze liceul (era \u00een ultimul an).<\/p>\n<p>Un diagnostic probabil al bolii Alzheimer a fost confirmat de teste cognitive standard utilizate pentru a detecta pierderea memoriei. Rezultatele au sugerat c\u0103 memoria lui era grav afectat\u0103. Scan\u0103rile creierului au ar\u0103tat, de asemenea, c\u0103 hipocampul s\u0103u &#8211; o parte a creierului implicat\u0103 \u00een memorie &#8211; s-a mic\u0219orat. Acesta este un semn precoce tipic al demen\u021bei.<\/p>\n<p>Cazurile de boala Alzheimer cu debut precoce sunt \u00een crestere la pacientii mai tineri. Din p\u0103cate, este pu\u021bin probabil ca acesta s\u0103 fie ultimul caz at\u00e2t de rar despre care auzim.<\/p>\n<p><strong>Sursa<\/strong> (traducerea \u015fi adaptarea proprie): <a href=\"https:\/\/content.iospress.com\/articles\/journal-of-alzheimers-disease\/jad221065\" target=\"_blank\" rel=\"noopener\"><strong>articolul \u015ftiin\u0163ific &#8222;A 19-Year-Old Adolescent with Probable Alzheimer\u2019s Disease&#8221; \/ iospress.com<\/strong><\/a><\/p>\n","protected":false},"excerpt":{"rendered":"<p>Un t\u00e2n\u0103r de 19 ani din China, care avea probleme de memorie \u00eenc\u0103 de la v\u00e2rsta de 17 ani, a fost diagnosticat cu demen\u021b\u0103, potrivit unui studiu de caz recent publicat \u00een revista &#8222;Journal of Alzheimer&#8217;s Disease&#8221;. Dup\u0103 ce au &#8230; <\/p>\n<p class=\"read-more-container\"><a title=\"Un t\u00e2n\u0103r de 19 ani a fost diagnosticat cu Alzheimer &#8211; boala care distruge memoria uman\u0103. Incredibil ce t\u00e2n\u0103r este&#8230;\" class=\"read-more button\" href=\"https:\/\/www.lovendal.ro\/wp52\/un-tanar-de-19-ani-a-fost-diagnosticat-cu-alzheimer-boala-care-distruge-memoria-umana-incredibil-ce-tanar-este\/#more-84496\" aria-label=\"Cite\u0219te mai multe despre Un t\u00e2n\u0103r de 19 ani a fost diagnosticat cu Alzheimer &#8211; boala care distruge memoria uman\u0103. Incredibil ce t\u00e2n\u0103r este&#8230;\">Cititi mai multe<\/a><\/p>\n","protected":false},"author":1,"featured_media":84497,"comment_status":"open","ping_status":"open","sticky":false,"template":"","format":"standard","meta":{"footnotes":""},"categories":[6],"tags":[6102,170,12377,7239,446,230,13536,3711,11888,9794,229,755,1706,186,2250],"class_list":["post-84496","post","type-post","status-publish","format-standard","has-post-thumbnail","hentry","category-medicina","tag-beijing","tag-boala","tag-boala-alzheimer","tag-celule","tag-china","tag-creier","tag-dementa","tag-gene","tag-hipocamp","tag-medicina","tag-memorie","tag-minte","tag-neuroni","tag-proteine","tag-universitate","resize-featured-image"],"yoast_head":"<!-- This site is optimized with the Yoast SEO Premium plugin v23.3 (Yoast SEO v27.4) - https:\/\/yoast.com\/product\/yoast-seo-premium-wordpress\/ -->\n<title>Un t\u00e2n\u0103r de 19 ani a fost diagnosticat cu Alzheimer - boala care distruge memoria uman\u0103. Incredibil ce t\u00e2n\u0103r este... - Secretele lui Lovendal<\/title>\n<meta name=\"robots\" content=\"index, follow, max-snippet:-1, max-image-preview:large, max-video-preview:-1\" \/>\n<link rel=\"canonical\" href=\"https:\/\/www.lovendal.ro\/wp52\/un-tanar-de-19-ani-a-fost-diagnosticat-cu-alzheimer-boala-care-distruge-memoria-umana-incredibil-ce-tanar-este\/\" \/>\n<meta property=\"og:locale\" content=\"ro_RO\" \/>\n<meta property=\"og:type\" content=\"article\" \/>\n<meta property=\"og:title\" content=\"Un t\u00e2n\u0103r de 19 ani a fost diagnosticat cu Alzheimer - boala care distruge memoria uman\u0103. Incredibil ce t\u00e2n\u0103r este...\" \/>\n<meta property=\"og:description\" content=\"Un t\u00e2n\u0103r de 19 ani din China, care avea probleme de memorie \u00eenc\u0103 de la v\u00e2rsta de 17 ani, a fost diagnosticat cu demen\u021b\u0103, potrivit unui studiu de caz recent publicat \u00een revista &#8222;Journal of Alzheimer&#8217;s Disease&#8221;. Dup\u0103 ce au ... Cititi mai multe\" \/>\n<meta property=\"og:url\" content=\"https:\/\/www.lovendal.ro\/wp52\/un-tanar-de-19-ani-a-fost-diagnosticat-cu-alzheimer-boala-care-distruge-memoria-umana-incredibil-ce-tanar-este\/\" \/>\n<meta property=\"og:site_name\" content=\"Secretele lui Lovendal\" \/>\n<meta property=\"article:publisher\" content=\"https:\/\/www.facebook.com\/secreteleluilovendal\" \/>\n<meta property=\"article:published_time\" content=\"2023-02-24T15:19:13+00:00\" \/>\n<meta property=\"og:image\" content=\"https:\/\/www.lovendal.ro\/wp52\/wp-content\/uploads\/2023\/02\/Alzheimer.jpg\" \/>\n\t<meta property=\"og:image:width\" content=\"358\" \/>\n\t<meta property=\"og:image:height\" content=\"202\" \/>\n\t<meta property=\"og:image:type\" content=\"image\/jpeg\" \/>\n<meta name=\"author\" content=\"admin\" \/>\n<meta name=\"twitter:card\" content=\"summary_large_image\" \/>\n<meta name=\"twitter:label1\" content=\"Scris de\" \/>\n\t<meta name=\"twitter:data1\" content=\"admin\" \/>\n\t<meta name=\"twitter:label2\" content=\"Timp estimat pentru citire\" \/>\n\t<meta name=\"twitter:data2\" content=\"3 minute\" \/>\n<script type=\"application\/ld+json\" class=\"yoast-schema-graph\">{\"@context\":\"https:\\\/\\\/schema.org\",\"@graph\":[{\"@type\":\"Article\",\"@id\":\"https:\\\/\\\/www.lovendal.ro\\\/wp52\\\/un-tanar-de-19-ani-a-fost-diagnosticat-cu-alzheimer-boala-care-distruge-memoria-umana-incredibil-ce-tanar-este\\\/#article\",\"isPartOf\":{\"@id\":\"https:\\\/\\\/www.lovendal.ro\\\/wp52\\\/un-tanar-de-19-ani-a-fost-diagnosticat-cu-alzheimer-boala-care-distruge-memoria-umana-incredibil-ce-tanar-este\\\/\"},\"author\":{\"name\":\"admin\",\"@id\":\"https:\\\/\\\/www.lovendal.ro\\\/wp52\\\/#\\\/schema\\\/person\\\/088691de5dfc346bb0c023e1e52ef5d9\"},\"headline\":\"Un t\u00e2n\u0103r de 19 ani a fost diagnosticat cu Alzheimer &#8211; boala care distruge memoria uman\u0103. Incredibil ce t\u00e2n\u0103r este&#8230;\",\"datePublished\":\"2023-02-24T15:19:13+00:00\",\"mainEntityOfPage\":{\"@id\":\"https:\\\/\\\/www.lovendal.ro\\\/wp52\\\/un-tanar-de-19-ani-a-fost-diagnosticat-cu-alzheimer-boala-care-distruge-memoria-umana-incredibil-ce-tanar-este\\\/\"},\"wordCount\":663,\"commentCount\":0,\"publisher\":{\"@id\":\"https:\\\/\\\/www.lovendal.ro\\\/wp52\\\/#organization\"},\"image\":{\"@id\":\"https:\\\/\\\/www.lovendal.ro\\\/wp52\\\/un-tanar-de-19-ani-a-fost-diagnosticat-cu-alzheimer-boala-care-distruge-memoria-umana-incredibil-ce-tanar-este\\\/#primaryimage\"},\"thumbnailUrl\":\"https:\\\/\\\/www.lovendal.ro\\\/wp52\\\/wp-content\\\/uploads\\\/2023\\\/02\\\/Alzheimer.jpg\",\"keywords\":[\"Beijing\",\"boal\u0103\",\"boala Alzheimer\",\"celule\",\"China\",\"creier\",\"demen\u0163\u0103\",\"gene\",\"hipocamp\",\"Medicina\",\"memorie\",\"minte\",\"neuroni\",\"proteine\",\"universitate\"],\"articleSection\":[\"Medicina\"],\"inLanguage\":\"ro-RO\",\"potentialAction\":[{\"@type\":\"CommentAction\",\"name\":\"Comment\",\"target\":[\"https:\\\/\\\/www.lovendal.ro\\\/wp52\\\/un-tanar-de-19-ani-a-fost-diagnosticat-cu-alzheimer-boala-care-distruge-memoria-umana-incredibil-ce-tanar-este\\\/#respond\"]}]},{\"@type\":\"WebPage\",\"@id\":\"https:\\\/\\\/www.lovendal.ro\\\/wp52\\\/un-tanar-de-19-ani-a-fost-diagnosticat-cu-alzheimer-boala-care-distruge-memoria-umana-incredibil-ce-tanar-este\\\/\",\"url\":\"https:\\\/\\\/www.lovendal.ro\\\/wp52\\\/un-tanar-de-19-ani-a-fost-diagnosticat-cu-alzheimer-boala-care-distruge-memoria-umana-incredibil-ce-tanar-este\\\/\",\"name\":\"Un t\u00e2n\u0103r de 19 ani a fost diagnosticat cu Alzheimer - boala care distruge memoria uman\u0103. Incredibil ce t\u00e2n\u0103r este... - Secretele lui Lovendal\",\"isPartOf\":{\"@id\":\"https:\\\/\\\/www.lovendal.ro\\\/wp52\\\/#website\"},\"primaryImageOfPage\":{\"@id\":\"https:\\\/\\\/www.lovendal.ro\\\/wp52\\\/un-tanar-de-19-ani-a-fost-diagnosticat-cu-alzheimer-boala-care-distruge-memoria-umana-incredibil-ce-tanar-este\\\/#primaryimage\"},\"image\":{\"@id\":\"https:\\\/\\\/www.lovendal.ro\\\/wp52\\\/un-tanar-de-19-ani-a-fost-diagnosticat-cu-alzheimer-boala-care-distruge-memoria-umana-incredibil-ce-tanar-este\\\/#primaryimage\"},\"thumbnailUrl\":\"https:\\\/\\\/www.lovendal.ro\\\/wp52\\\/wp-content\\\/uploads\\\/2023\\\/02\\\/Alzheimer.jpg\",\"datePublished\":\"2023-02-24T15:19:13+00:00\",\"breadcrumb\":{\"@id\":\"https:\\\/\\\/www.lovendal.ro\\\/wp52\\\/un-tanar-de-19-ani-a-fost-diagnosticat-cu-alzheimer-boala-care-distruge-memoria-umana-incredibil-ce-tanar-este\\\/#breadcrumb\"},\"inLanguage\":\"ro-RO\",\"potentialAction\":[{\"@type\":\"ReadAction\",\"target\":[\"https:\\\/\\\/www.lovendal.ro\\\/wp52\\\/un-tanar-de-19-ani-a-fost-diagnosticat-cu-alzheimer-boala-care-distruge-memoria-umana-incredibil-ce-tanar-este\\\/\"]}]},{\"@type\":\"ImageObject\",\"inLanguage\":\"ro-RO\",\"@id\":\"https:\\\/\\\/www.lovendal.ro\\\/wp52\\\/un-tanar-de-19-ani-a-fost-diagnosticat-cu-alzheimer-boala-care-distruge-memoria-umana-incredibil-ce-tanar-este\\\/#primaryimage\",\"url\":\"https:\\\/\\\/www.lovendal.ro\\\/wp52\\\/wp-content\\\/uploads\\\/2023\\\/02\\\/Alzheimer.jpg\",\"contentUrl\":\"https:\\\/\\\/www.lovendal.ro\\\/wp52\\\/wp-content\\\/uploads\\\/2023\\\/02\\\/Alzheimer.jpg\",\"width\":358,\"height\":202,\"caption\":\"Imagine: flickr.com (Commons Creative - free)\"},{\"@type\":\"BreadcrumbList\",\"@id\":\"https:\\\/\\\/www.lovendal.ro\\\/wp52\\\/un-tanar-de-19-ani-a-fost-diagnosticat-cu-alzheimer-boala-care-distruge-memoria-umana-incredibil-ce-tanar-este\\\/#breadcrumb\",\"itemListElement\":[{\"@type\":\"ListItem\",\"position\":1,\"name\":\"Home\",\"item\":\"https:\\\/\\\/www.lovendal.ro\\\/wp52\\\/\"},{\"@type\":\"ListItem\",\"position\":2,\"name\":\"Un t\u00e2n\u0103r de 19 ani a fost diagnosticat cu Alzheimer &#8211; boala care distruge memoria uman\u0103. Incredibil ce t\u00e2n\u0103r este&#8230;\"}]},{\"@type\":\"WebSite\",\"@id\":\"https:\\\/\\\/www.lovendal.ro\\\/wp52\\\/#website\",\"url\":\"https:\\\/\\\/www.lovendal.ro\\\/wp52\\\/\",\"name\":\"Secretele lui Lovendal\",\"description\":\"Site de secrete, stiinta si metafizica - din 2008 -\",\"publisher\":{\"@id\":\"https:\\\/\\\/www.lovendal.ro\\\/wp52\\\/#organization\"},\"potentialAction\":[{\"@type\":\"SearchAction\",\"target\":{\"@type\":\"EntryPoint\",\"urlTemplate\":\"https:\\\/\\\/www.lovendal.ro\\\/wp52\\\/?s={search_term_string}\"},\"query-input\":{\"@type\":\"PropertyValueSpecification\",\"valueRequired\":true,\"valueName\":\"search_term_string\"}}],\"inLanguage\":\"ro-RO\"},{\"@type\":\"Organization\",\"@id\":\"https:\\\/\\\/www.lovendal.ro\\\/wp52\\\/#organization\",\"name\":\"Secretele lui Lovendal\",\"url\":\"https:\\\/\\\/www.lovendal.ro\\\/wp52\\\/\",\"logo\":{\"@type\":\"ImageObject\",\"inLanguage\":\"ro-RO\",\"@id\":\"https:\\\/\\\/www.lovendal.ro\\\/wp52\\\/#\\\/schema\\\/logo\\\/image\\\/\",\"url\":\"https:\\\/\\\/www.lovendal.ro\\\/wp52\\\/wp-content\\\/uploads\\\/2024\\\/06\\\/cropped-SLL-iun-2024-1.jpg\",\"contentUrl\":\"https:\\\/\\\/www.lovendal.ro\\\/wp52\\\/wp-content\\\/uploads\\\/2024\\\/06\\\/cropped-SLL-iun-2024-1.jpg\",\"width\":771,\"height\":240,\"caption\":\"Secretele lui Lovendal\"},\"image\":{\"@id\":\"https:\\\/\\\/www.lovendal.ro\\\/wp52\\\/#\\\/schema\\\/logo\\\/image\\\/\"},\"sameAs\":[\"https:\\\/\\\/www.facebook.com\\\/secreteleluilovendal\"]},{\"@type\":\"Person\",\"@id\":\"https:\\\/\\\/www.lovendal.ro\\\/wp52\\\/#\\\/schema\\\/person\\\/088691de5dfc346bb0c023e1e52ef5d9\",\"name\":\"admin\",\"image\":{\"@type\":\"ImageObject\",\"inLanguage\":\"ro-RO\",\"@id\":\"https:\\\/\\\/secure.gravatar.com\\\/avatar\\\/ecb9cd41f5f63c9c9b989999a59f6e2639a865ec361e9db054db0679a8f341c2?s=96&d=mm&r=g\",\"url\":\"https:\\\/\\\/secure.gravatar.com\\\/avatar\\\/ecb9cd41f5f63c9c9b989999a59f6e2639a865ec361e9db054db0679a8f341c2?s=96&d=mm&r=g\",\"contentUrl\":\"https:\\\/\\\/secure.gravatar.com\\\/avatar\\\/ecb9cd41f5f63c9c9b989999a59f6e2639a865ec361e9db054db0679a8f341c2?s=96&d=mm&r=g\",\"caption\":\"admin\"},\"sameAs\":[\"https:\\\/\\\/www.lovendal.ro\\\/wp52\"]}]}<\/script>\n<!-- \/ Yoast SEO Premium plugin. -->","yoast_head_json":{"title":"Un t\u00e2n\u0103r de 19 ani a fost diagnosticat cu Alzheimer - boala care distruge memoria uman\u0103. Incredibil ce t\u00e2n\u0103r este... - Secretele lui Lovendal","robots":{"index":"index","follow":"follow","max-snippet":"max-snippet:-1","max-image-preview":"max-image-preview:large","max-video-preview":"max-video-preview:-1"},"canonical":"https:\/\/www.lovendal.ro\/wp52\/un-tanar-de-19-ani-a-fost-diagnosticat-cu-alzheimer-boala-care-distruge-memoria-umana-incredibil-ce-tanar-este\/","og_locale":"ro_RO","og_type":"article","og_title":"Un t\u00e2n\u0103r de 19 ani a fost diagnosticat cu Alzheimer - boala care distruge memoria uman\u0103. Incredibil ce t\u00e2n\u0103r este...","og_description":"Un t\u00e2n\u0103r de 19 ani din China, care avea probleme de memorie \u00eenc\u0103 de la v\u00e2rsta de 17 ani, a fost diagnosticat cu demen\u021b\u0103, potrivit unui studiu de caz recent publicat \u00een revista &#8222;Journal of Alzheimer&#8217;s Disease&#8221;. Dup\u0103 ce au ... Cititi mai multe","og_url":"https:\/\/www.lovendal.ro\/wp52\/un-tanar-de-19-ani-a-fost-diagnosticat-cu-alzheimer-boala-care-distruge-memoria-umana-incredibil-ce-tanar-este\/","og_site_name":"Secretele lui Lovendal","article_publisher":"https:\/\/www.facebook.com\/secreteleluilovendal","article_published_time":"2023-02-24T15:19:13+00:00","og_image":[{"width":358,"height":202,"url":"https:\/\/www.lovendal.ro\/wp52\/wp-content\/uploads\/2023\/02\/Alzheimer.jpg","type":"image\/jpeg"}],"author":"admin","twitter_card":"summary_large_image","twitter_misc":{"Scris de":"admin","Timp estimat pentru citire":"3 minute"},"schema":{"@context":"https:\/\/schema.org","@graph":[{"@type":"Article","@id":"https:\/\/www.lovendal.ro\/wp52\/un-tanar-de-19-ani-a-fost-diagnosticat-cu-alzheimer-boala-care-distruge-memoria-umana-incredibil-ce-tanar-este\/#article","isPartOf":{"@id":"https:\/\/www.lovendal.ro\/wp52\/un-tanar-de-19-ani-a-fost-diagnosticat-cu-alzheimer-boala-care-distruge-memoria-umana-incredibil-ce-tanar-este\/"},"author":{"name":"admin","@id":"https:\/\/www.lovendal.ro\/wp52\/#\/schema\/person\/088691de5dfc346bb0c023e1e52ef5d9"},"headline":"Un t\u00e2n\u0103r de 19 ani a fost diagnosticat cu Alzheimer &#8211; boala care distruge memoria uman\u0103. Incredibil ce t\u00e2n\u0103r este&#8230;","datePublished":"2023-02-24T15:19:13+00:00","mainEntityOfPage":{"@id":"https:\/\/www.lovendal.ro\/wp52\/un-tanar-de-19-ani-a-fost-diagnosticat-cu-alzheimer-boala-care-distruge-memoria-umana-incredibil-ce-tanar-este\/"},"wordCount":663,"commentCount":0,"publisher":{"@id":"https:\/\/www.lovendal.ro\/wp52\/#organization"},"image":{"@id":"https:\/\/www.lovendal.ro\/wp52\/un-tanar-de-19-ani-a-fost-diagnosticat-cu-alzheimer-boala-care-distruge-memoria-umana-incredibil-ce-tanar-este\/#primaryimage"},"thumbnailUrl":"https:\/\/www.lovendal.ro\/wp52\/wp-content\/uploads\/2023\/02\/Alzheimer.jpg","keywords":["Beijing","boal\u0103","boala Alzheimer","celule","China","creier","demen\u0163\u0103","gene","hipocamp","Medicina","memorie","minte","neuroni","proteine","universitate"],"articleSection":["Medicina"],"inLanguage":"ro-RO","potentialAction":[{"@type":"CommentAction","name":"Comment","target":["https:\/\/www.lovendal.ro\/wp52\/un-tanar-de-19-ani-a-fost-diagnosticat-cu-alzheimer-boala-care-distruge-memoria-umana-incredibil-ce-tanar-este\/#respond"]}]},{"@type":"WebPage","@id":"https:\/\/www.lovendal.ro\/wp52\/un-tanar-de-19-ani-a-fost-diagnosticat-cu-alzheimer-boala-care-distruge-memoria-umana-incredibil-ce-tanar-este\/","url":"https:\/\/www.lovendal.ro\/wp52\/un-tanar-de-19-ani-a-fost-diagnosticat-cu-alzheimer-boala-care-distruge-memoria-umana-incredibil-ce-tanar-este\/","name":"Un t\u00e2n\u0103r de 19 ani a fost diagnosticat cu Alzheimer - boala care distruge memoria uman\u0103. Incredibil ce t\u00e2n\u0103r este... - Secretele lui Lovendal","isPartOf":{"@id":"https:\/\/www.lovendal.ro\/wp52\/#website"},"primaryImageOfPage":{"@id":"https:\/\/www.lovendal.ro\/wp52\/un-tanar-de-19-ani-a-fost-diagnosticat-cu-alzheimer-boala-care-distruge-memoria-umana-incredibil-ce-tanar-este\/#primaryimage"},"image":{"@id":"https:\/\/www.lovendal.ro\/wp52\/un-tanar-de-19-ani-a-fost-diagnosticat-cu-alzheimer-boala-care-distruge-memoria-umana-incredibil-ce-tanar-este\/#primaryimage"},"thumbnailUrl":"https:\/\/www.lovendal.ro\/wp52\/wp-content\/uploads\/2023\/02\/Alzheimer.jpg","datePublished":"2023-02-24T15:19:13+00:00","breadcrumb":{"@id":"https:\/\/www.lovendal.ro\/wp52\/un-tanar-de-19-ani-a-fost-diagnosticat-cu-alzheimer-boala-care-distruge-memoria-umana-incredibil-ce-tanar-este\/#breadcrumb"},"inLanguage":"ro-RO","potentialAction":[{"@type":"ReadAction","target":["https:\/\/www.lovendal.ro\/wp52\/un-tanar-de-19-ani-a-fost-diagnosticat-cu-alzheimer-boala-care-distruge-memoria-umana-incredibil-ce-tanar-este\/"]}]},{"@type":"ImageObject","inLanguage":"ro-RO","@id":"https:\/\/www.lovendal.ro\/wp52\/un-tanar-de-19-ani-a-fost-diagnosticat-cu-alzheimer-boala-care-distruge-memoria-umana-incredibil-ce-tanar-este\/#primaryimage","url":"https:\/\/www.lovendal.ro\/wp52\/wp-content\/uploads\/2023\/02\/Alzheimer.jpg","contentUrl":"https:\/\/www.lovendal.ro\/wp52\/wp-content\/uploads\/2023\/02\/Alzheimer.jpg","width":358,"height":202,"caption":"Imagine: flickr.com (Commons Creative - free)"},{"@type":"BreadcrumbList","@id":"https:\/\/www.lovendal.ro\/wp52\/un-tanar-de-19-ani-a-fost-diagnosticat-cu-alzheimer-boala-care-distruge-memoria-umana-incredibil-ce-tanar-este\/#breadcrumb","itemListElement":[{"@type":"ListItem","position":1,"name":"Home","item":"https:\/\/www.lovendal.ro\/wp52\/"},{"@type":"ListItem","position":2,"name":"Un t\u00e2n\u0103r de 19 ani a fost diagnosticat cu Alzheimer &#8211; boala care distruge memoria uman\u0103. Incredibil ce t\u00e2n\u0103r este&#8230;"}]},{"@type":"WebSite","@id":"https:\/\/www.lovendal.ro\/wp52\/#website","url":"https:\/\/www.lovendal.ro\/wp52\/","name":"Secretele lui Lovendal","description":"Site de secrete, stiinta si metafizica - din 2008 -","publisher":{"@id":"https:\/\/www.lovendal.ro\/wp52\/#organization"},"potentialAction":[{"@type":"SearchAction","target":{"@type":"EntryPoint","urlTemplate":"https:\/\/www.lovendal.ro\/wp52\/?s={search_term_string}"},"query-input":{"@type":"PropertyValueSpecification","valueRequired":true,"valueName":"search_term_string"}}],"inLanguage":"ro-RO"},{"@type":"Organization","@id":"https:\/\/www.lovendal.ro\/wp52\/#organization","name":"Secretele lui Lovendal","url":"https:\/\/www.lovendal.ro\/wp52\/","logo":{"@type":"ImageObject","inLanguage":"ro-RO","@id":"https:\/\/www.lovendal.ro\/wp52\/#\/schema\/logo\/image\/","url":"https:\/\/www.lovendal.ro\/wp52\/wp-content\/uploads\/2024\/06\/cropped-SLL-iun-2024-1.jpg","contentUrl":"https:\/\/www.lovendal.ro\/wp52\/wp-content\/uploads\/2024\/06\/cropped-SLL-iun-2024-1.jpg","width":771,"height":240,"caption":"Secretele lui Lovendal"},"image":{"@id":"https:\/\/www.lovendal.ro\/wp52\/#\/schema\/logo\/image\/"},"sameAs":["https:\/\/www.facebook.com\/secreteleluilovendal"]},{"@type":"Person","@id":"https:\/\/www.lovendal.ro\/wp52\/#\/schema\/person\/088691de5dfc346bb0c023e1e52ef5d9","name":"admin","image":{"@type":"ImageObject","inLanguage":"ro-RO","@id":"https:\/\/secure.gravatar.com\/avatar\/ecb9cd41f5f63c9c9b989999a59f6e2639a865ec361e9db054db0679a8f341c2?s=96&d=mm&r=g","url":"https:\/\/secure.gravatar.com\/avatar\/ecb9cd41f5f63c9c9b989999a59f6e2639a865ec361e9db054db0679a8f341c2?s=96&d=mm&r=g","contentUrl":"https:\/\/secure.gravatar.com\/avatar\/ecb9cd41f5f63c9c9b989999a59f6e2639a865ec361e9db054db0679a8f341c2?s=96&d=mm&r=g","caption":"admin"},"sameAs":["https:\/\/www.lovendal.ro\/wp52"]}]}},"_links":{"self":[{"href":"https:\/\/www.lovendal.ro\/wp52\/wp-json\/wp\/v2\/posts\/84496","targetHints":{"allow":["GET"]}}],"collection":[{"href":"https:\/\/www.lovendal.ro\/wp52\/wp-json\/wp\/v2\/posts"}],"about":[{"href":"https:\/\/www.lovendal.ro\/wp52\/wp-json\/wp\/v2\/types\/post"}],"author":[{"embeddable":true,"href":"https:\/\/www.lovendal.ro\/wp52\/wp-json\/wp\/v2\/users\/1"}],"replies":[{"embeddable":true,"href":"https:\/\/www.lovendal.ro\/wp52\/wp-json\/wp\/v2\/comments?post=84496"}],"version-history":[{"count":1,"href":"https:\/\/www.lovendal.ro\/wp52\/wp-json\/wp\/v2\/posts\/84496\/revisions"}],"predecessor-version":[{"id":84498,"href":"https:\/\/www.lovendal.ro\/wp52\/wp-json\/wp\/v2\/posts\/84496\/revisions\/84498"}],"wp:featuredmedia":[{"embeddable":true,"href":"https:\/\/www.lovendal.ro\/wp52\/wp-json\/wp\/v2\/media\/84497"}],"wp:attachment":[{"href":"https:\/\/www.lovendal.ro\/wp52\/wp-json\/wp\/v2\/media?parent=84496"}],"wp:term":[{"taxonomy":"category","embeddable":true,"href":"https:\/\/www.lovendal.ro\/wp52\/wp-json\/wp\/v2\/categories?post=84496"},{"taxonomy":"post_tag","embeddable":true,"href":"https:\/\/www.lovendal.ro\/wp52\/wp-json\/wp\/v2\/tags?post=84496"}],"curies":[{"name":"wp","href":"https:\/\/api.w.org\/{rel}","templated":true}]}}