{"id":84481,"date":"2023-02-23T15:42:56","date_gmt":"2023-02-23T13:42:56","guid":{"rendered":"https:\/\/www.lovendal.ro\/wp52\/?p=84481"},"modified":"2023-02-23T15:42:56","modified_gmt":"2023-02-23T13:42:56","slug":"inca-un-asa-zis-calator-in-timp-ar-fi-fost-surprins-intr-o-fotografie-veche-din-1943-din-islanda","status":"publish","type":"post","link":"https:\/\/www.lovendal.ro\/wp52\/inca-un-asa-zis-calator-in-timp-ar-fi-fost-surprins-intr-o-fotografie-veche-din-1943-din-islanda\/","title":{"rendered":"\u00cenc\u0103 un a\u015fa-zis &#8222;c\u0103l\u0103tor \u00een timp&#8221; ar fi fost surprins \u00eentr-o fotografie veche din 1943 din Islanda?"},"content":{"rendered":"<p><a href=\"https:\/\/www.lovendal.ro\/wp52\/wp-content\/uploads\/2023\/02\/calator-in-timp-Islanda-coperta.jpg\"><img loading=\"lazy\" decoding=\"async\" class=\"alignleft size-full wp-image-84482\" src=\"https:\/\/www.lovendal.ro\/wp52\/wp-content\/uploads\/2023\/02\/calator-in-timp-Islanda-coperta.jpg\" alt=\"\" width=\"336\" height=\"275\" srcset=\"https:\/\/www.lovendal.ro\/wp52\/wp-content\/uploads\/2023\/02\/calator-in-timp-Islanda-coperta.jpg 336w, https:\/\/www.lovendal.ro\/wp52\/wp-content\/uploads\/2023\/02\/calator-in-timp-Islanda-coperta-300x246.jpg 300w\" sizes=\"auto, (max-width: 336px) 100vw, 336px\" \/><\/a>&#8222;Nebunia&#8221; tuturor celor care caut\u0103 anomalii \u00een fotografii vechi continu\u0103. \u00cen definitiv, \u00een aceste fotografii vechi am putea chiar identifica eventuali c\u0103l\u0103tori \u00een timp, de\u015fi pare un concept prea SF la ora actual\u0103, dar nu imposibil.<\/p>\n<p>Astfel, \u00eentr-o fotografie din anii &#8217;40, un b\u0103rbat \u00eentr-un costum maro poate fi v\u0103zut uit\u00e2ndu-se la un obiect ce-l \u0163ine \u00een m\u00e2n\u0103, \u015fi care arat\u0103\u2026 ca un &#8222;smartphone&#8221;. Citi\u0163i mai multe \u00een acest articol: <a href=\"https:\/\/www.lovendal.ro\/wp52\/descoperire-incredibila-intr-o-fotografie-din-anii-40-un-tip-isi-verifica-smartphone-ul-in-acele-vremuri-sau-exista-o-explicatie-mai-normala\/\" target=\"_blank\" rel=\"noopener\"><strong>Descoperire incredibil\u0103 \u00eentr-o fotografie din anii \u201940: un tip \u00ee\u015fi verific\u0103 smartphone-ul \u00een acele vremuri!? Sau exist\u0103 o explica\u0163ie mai normal\u0103\u2026<\/strong><\/a><\/p>\n<p>Sau, \u00eentr-o alt\u0103 fotografie, pare c\u0103 vedem c\u0103 \u00een spatele vedetei Marilyn Monroe apare o femeie necunoscut\u0103, ce \u0163ine un fel de &#8222;smartphone cu o camer\u0103 foto&#8221;, f\u0103c\u00e2ndu-i o fotografie vedetei! \u015ei asta \u00eenainte de 1962, anul mor\u0163ii actri\u0163ei, \u0163in\u00e2nd cont de faptul c\u0103 telefoanele cu camer\u0103 au fost inventate undeva prin anii 2000 (<a href=\"https:\/\/www.lovendal.ro\/wp52\/ce-tine-in-mana-femeia-din-spatele-vedetei-marilyn-monroe-un-smartphone-cu-camera-foto-in-anii-50-60\/\" target=\"_blank\" rel=\"noopener\"><strong>Ce \u0163ine \u00een m\u00e2n\u0103 femeia din spatele vedetei Marilyn Monroe? Un smartphone cu camer\u0103 foto, \u00een anii \u201950-\u201960!??<\/strong><\/a>).<\/p>\n<p>Acum \u00eens\u0103, avem un alt caz de posibil &#8222;c\u0103l\u0103tor \u00een timp&#8221;, g\u0103sit \u00eentr-o fotografie veche, f\u0103cut\u0103 \u00een 1943 \u00een capitala Islandei, Reykjavik. \u00cen imagine, apar mai mul\u0163i localnici \u0219i ofi\u021beri care se plimb\u0103 de-a lungul unui bulevard. \u00cens\u0103, \u00een fotografie se observ\u0103 un b\u0103rbat ciudat, care prive\u0219te la camer\u0103 cu m\u00e2na \u00een partea lateral\u0103 a fe\u021bei, ca \u0219i c\u00e2nd ar fi vorbit la un telefon mobil.<\/p>\n<p><a href=\"https:\/\/www.lovendal.ro\/wp52\/wp-content\/uploads\/2023\/02\/calator-in-timp-Islanda-1.jpg\"><img loading=\"lazy\" decoding=\"async\" class=\"aligncenter size-full wp-image-84483\" src=\"https:\/\/www.lovendal.ro\/wp52\/wp-content\/uploads\/2023\/02\/calator-in-timp-Islanda-1.jpg\" alt=\"\" width=\"543\" height=\"336\" srcset=\"https:\/\/www.lovendal.ro\/wp52\/wp-content\/uploads\/2023\/02\/calator-in-timp-Islanda-1.jpg 543w, https:\/\/www.lovendal.ro\/wp52\/wp-content\/uploads\/2023\/02\/calator-in-timp-Islanda-1-300x186.jpg 300w\" sizes=\"auto, (max-width: 543px) 100vw, 543px\" \/><\/a><\/p>\n<p><a href=\"https:\/\/www.lovendal.ro\/wp52\/wp-content\/uploads\/2023\/02\/calator-in-timp-Islanda-2.jpg\"><img loading=\"lazy\" decoding=\"async\" class=\"aligncenter size-full wp-image-84484\" src=\"https:\/\/www.lovendal.ro\/wp52\/wp-content\/uploads\/2023\/02\/calator-in-timp-Islanda-2.jpg\" alt=\"\" width=\"540\" height=\"307\" srcset=\"https:\/\/www.lovendal.ro\/wp52\/wp-content\/uploads\/2023\/02\/calator-in-timp-Islanda-2.jpg 540w, https:\/\/www.lovendal.ro\/wp52\/wp-content\/uploads\/2023\/02\/calator-in-timp-Islanda-2-300x171.jpg 300w\" sizes=\"auto, (max-width: 540px) 100vw, 540px\" \/><\/a><\/p>\n<p>Fotografia a fost publicat\u0103 pe o pagin\u0103 de Facebook, iar cel care a publicat-o a scris urm\u0103toarele: <em>&#8222;Armata american\u0103 admir\u0103 splendoarea islandez\u0103, dup\u0103 cum pute\u021bi vedea. Un lucru care atrage aten\u021bia asupra acestei imagini frumoase este c\u0103 \u00een fa\u021ba ferestrei, \u00een col\u021bul din mijlocul imaginii, un b\u0103rbat se sprijin\u0103 \u0219i se discut\u0103 pe un telefon mobil. Nu \u0219tiu ce s\u0103 zic, nu cred c\u0103 vorbe\u0219te doar la telefon\u2026 Este \u00eentr-o postur\u0103, st\u00e2nd singur, purt\u00e2nd o frizur\u0103 \u0219i o e\u0219arf\u0103 diferite de celelalte \u0219i ac\u021bion\u00e2nd a\u0219a cum am face-o ast\u0103zi&#8221;.<\/em><\/p>\n","protected":false},"excerpt":{"rendered":"<p>&#8222;Nebunia&#8221; tuturor celor care caut\u0103 anomalii \u00een fotografii vechi continu\u0103. \u00cen definitiv, \u00een aceste fotografii vechi am putea chiar identifica eventuali c\u0103l\u0103tori \u00een timp, de\u015fi pare un concept prea SF la ora actual\u0103, dar nu imposibil. Astfel, \u00eentr-o fotografie din &#8230; <\/p>\n<p class=\"read-more-container\"><a title=\"\u00cenc\u0103 un a\u015fa-zis &#8222;c\u0103l\u0103tor \u00een timp&#8221; ar fi fost surprins \u00eentr-o fotografie veche din 1943 din Islanda?\" class=\"read-more button\" href=\"https:\/\/www.lovendal.ro\/wp52\/inca-un-asa-zis-calator-in-timp-ar-fi-fost-surprins-intr-o-fotografie-veche-din-1943-din-islanda\/#more-84481\" aria-label=\"Cite\u0219te mai multe despre \u00cenc\u0103 un a\u015fa-zis &#8222;c\u0103l\u0103tor \u00een timp&#8221; ar fi fost surprins \u00eentr-o fotografie veche din 1943 din Islanda?\">Cititi mai multe<\/a><\/p>\n","protected":false},"author":1,"featured_media":84482,"comment_status":"open","ping_status":"open","sticky":false,"template":"","format":"standard","meta":{"footnotes":""},"categories":[2761],"tags":[10391,4052,15,2522,90,9812,8565,2174,5061,6566],"class_list":["post-84481","post","type-post","status-publish","format-standard","has-post-thumbnail","hentry","category-poze-controversate","tag-calator-in-timp","tag-facebook","tag-fotografie","tag-islanda","tag-marilyn-monroe","tag-poze-controversate","tag-reykjavik","tag-sf","tag-smartphone","tag-telefon-mobil","resize-featured-image"],"yoast_head":"<!-- This site is optimized with the Yoast SEO Premium plugin v23.3 (Yoast SEO v27.4) - https:\/\/yoast.com\/product\/yoast-seo-premium-wordpress\/ -->\n<title>\u00cenc\u0103 un a\u015fa-zis &quot;c\u0103l\u0103tor \u00een timp&quot; ar fi fost surprins \u00eentr-o fotografie veche din 1943 din Islanda? - Secretele lui Lovendal<\/title>\n<meta name=\"robots\" content=\"index, follow, max-snippet:-1, max-image-preview:large, max-video-preview:-1\" \/>\n<link rel=\"canonical\" href=\"https:\/\/www.lovendal.ro\/wp52\/inca-un-asa-zis-calator-in-timp-ar-fi-fost-surprins-intr-o-fotografie-veche-din-1943-din-islanda\/\" \/>\n<meta property=\"og:locale\" content=\"ro_RO\" \/>\n<meta property=\"og:type\" content=\"article\" \/>\n<meta property=\"og:title\" content=\"\u00cenc\u0103 un a\u015fa-zis &quot;c\u0103l\u0103tor \u00een timp&quot; ar fi fost surprins \u00eentr-o fotografie veche din 1943 din Islanda?\" \/>\n<meta property=\"og:description\" content=\"&#8222;Nebunia&#8221; tuturor celor care caut\u0103 anomalii \u00een fotografii vechi continu\u0103. \u00cen definitiv, \u00een aceste fotografii vechi am putea chiar identifica eventuali c\u0103l\u0103tori \u00een timp, de\u015fi pare un concept prea SF la ora actual\u0103, dar nu imposibil. Astfel, \u00eentr-o fotografie din ... Cititi mai multe\" \/>\n<meta property=\"og:url\" content=\"https:\/\/www.lovendal.ro\/wp52\/inca-un-asa-zis-calator-in-timp-ar-fi-fost-surprins-intr-o-fotografie-veche-din-1943-din-islanda\/\" \/>\n<meta property=\"og:site_name\" content=\"Secretele lui Lovendal\" \/>\n<meta property=\"article:publisher\" content=\"https:\/\/www.facebook.com\/secreteleluilovendal\" \/>\n<meta property=\"article:published_time\" content=\"2023-02-23T13:42:56+00:00\" \/>\n<meta property=\"og:image\" content=\"https:\/\/www.lovendal.ro\/wp52\/wp-content\/uploads\/2023\/02\/calator-in-timp-Islanda-coperta.jpg\" \/>\n\t<meta property=\"og:image:width\" content=\"336\" \/>\n\t<meta property=\"og:image:height\" content=\"275\" \/>\n\t<meta property=\"og:image:type\" content=\"image\/jpeg\" \/>\n<meta name=\"author\" content=\"admin\" \/>\n<meta name=\"twitter:card\" content=\"summary_large_image\" \/>\n<meta name=\"twitter:label1\" content=\"Scris de\" \/>\n\t<meta name=\"twitter:data1\" content=\"admin\" \/>\n\t<meta name=\"twitter:label2\" content=\"Timp estimat pentru citire\" \/>\n\t<meta name=\"twitter:data2\" content=\"2 minute\" \/>\n<script type=\"application\/ld+json\" class=\"yoast-schema-graph\">{\"@context\":\"https:\\\/\\\/schema.org\",\"@graph\":[{\"@type\":\"Article\",\"@id\":\"https:\\\/\\\/www.lovendal.ro\\\/wp52\\\/inca-un-asa-zis-calator-in-timp-ar-fi-fost-surprins-intr-o-fotografie-veche-din-1943-din-islanda\\\/#article\",\"isPartOf\":{\"@id\":\"https:\\\/\\\/www.lovendal.ro\\\/wp52\\\/inca-un-asa-zis-calator-in-timp-ar-fi-fost-surprins-intr-o-fotografie-veche-din-1943-din-islanda\\\/\"},\"author\":{\"name\":\"admin\",\"@id\":\"https:\\\/\\\/www.lovendal.ro\\\/wp52\\\/#\\\/schema\\\/person\\\/088691de5dfc346bb0c023e1e52ef5d9\"},\"headline\":\"\u00cenc\u0103 un a\u015fa-zis &#8222;c\u0103l\u0103tor \u00een timp&#8221; ar fi fost surprins \u00eentr-o fotografie veche din 1943 din Islanda?\",\"datePublished\":\"2023-02-23T13:42:56+00:00\",\"mainEntityOfPage\":{\"@id\":\"https:\\\/\\\/www.lovendal.ro\\\/wp52\\\/inca-un-asa-zis-calator-in-timp-ar-fi-fost-surprins-intr-o-fotografie-veche-din-1943-din-islanda\\\/\"},\"wordCount\":372,\"commentCount\":0,\"publisher\":{\"@id\":\"https:\\\/\\\/www.lovendal.ro\\\/wp52\\\/#organization\"},\"image\":{\"@id\":\"https:\\\/\\\/www.lovendal.ro\\\/wp52\\\/inca-un-asa-zis-calator-in-timp-ar-fi-fost-surprins-intr-o-fotografie-veche-din-1943-din-islanda\\\/#primaryimage\"},\"thumbnailUrl\":\"https:\\\/\\\/www.lovendal.ro\\\/wp52\\\/wp-content\\\/uploads\\\/2023\\\/02\\\/calator-in-timp-Islanda-coperta.jpg\",\"keywords\":[\"c\u0103l\u0103tor \u00een timp\",\"Facebook\",\"fotografie\",\"Islanda\",\"Marilyn Monroe\",\"Poze controversate\",\"Reykjavik\",\"SF\",\"smartphone\",\"telefon mobil\"],\"articleSection\":[\"Poze controversate\"],\"inLanguage\":\"ro-RO\",\"potentialAction\":[{\"@type\":\"CommentAction\",\"name\":\"Comment\",\"target\":[\"https:\\\/\\\/www.lovendal.ro\\\/wp52\\\/inca-un-asa-zis-calator-in-timp-ar-fi-fost-surprins-intr-o-fotografie-veche-din-1943-din-islanda\\\/#respond\"]}]},{\"@type\":\"WebPage\",\"@id\":\"https:\\\/\\\/www.lovendal.ro\\\/wp52\\\/inca-un-asa-zis-calator-in-timp-ar-fi-fost-surprins-intr-o-fotografie-veche-din-1943-din-islanda\\\/\",\"url\":\"https:\\\/\\\/www.lovendal.ro\\\/wp52\\\/inca-un-asa-zis-calator-in-timp-ar-fi-fost-surprins-intr-o-fotografie-veche-din-1943-din-islanda\\\/\",\"name\":\"\u00cenc\u0103 un a\u015fa-zis \\\"c\u0103l\u0103tor \u00een timp\\\" ar fi fost surprins \u00eentr-o fotografie veche din 1943 din Islanda? - Secretele lui Lovendal\",\"isPartOf\":{\"@id\":\"https:\\\/\\\/www.lovendal.ro\\\/wp52\\\/#website\"},\"primaryImageOfPage\":{\"@id\":\"https:\\\/\\\/www.lovendal.ro\\\/wp52\\\/inca-un-asa-zis-calator-in-timp-ar-fi-fost-surprins-intr-o-fotografie-veche-din-1943-din-islanda\\\/#primaryimage\"},\"image\":{\"@id\":\"https:\\\/\\\/www.lovendal.ro\\\/wp52\\\/inca-un-asa-zis-calator-in-timp-ar-fi-fost-surprins-intr-o-fotografie-veche-din-1943-din-islanda\\\/#primaryimage\"},\"thumbnailUrl\":\"https:\\\/\\\/www.lovendal.ro\\\/wp52\\\/wp-content\\\/uploads\\\/2023\\\/02\\\/calator-in-timp-Islanda-coperta.jpg\",\"datePublished\":\"2023-02-23T13:42:56+00:00\",\"breadcrumb\":{\"@id\":\"https:\\\/\\\/www.lovendal.ro\\\/wp52\\\/inca-un-asa-zis-calator-in-timp-ar-fi-fost-surprins-intr-o-fotografie-veche-din-1943-din-islanda\\\/#breadcrumb\"},\"inLanguage\":\"ro-RO\",\"potentialAction\":[{\"@type\":\"ReadAction\",\"target\":[\"https:\\\/\\\/www.lovendal.ro\\\/wp52\\\/inca-un-asa-zis-calator-in-timp-ar-fi-fost-surprins-intr-o-fotografie-veche-din-1943-din-islanda\\\/\"]}]},{\"@type\":\"ImageObject\",\"inLanguage\":\"ro-RO\",\"@id\":\"https:\\\/\\\/www.lovendal.ro\\\/wp52\\\/inca-un-asa-zis-calator-in-timp-ar-fi-fost-surprins-intr-o-fotografie-veche-din-1943-din-islanda\\\/#primaryimage\",\"url\":\"https:\\\/\\\/www.lovendal.ro\\\/wp52\\\/wp-content\\\/uploads\\\/2023\\\/02\\\/calator-in-timp-Islanda-coperta.jpg\",\"contentUrl\":\"https:\\\/\\\/www.lovendal.ro\\\/wp52\\\/wp-content\\\/uploads\\\/2023\\\/02\\\/calator-in-timp-Islanda-coperta.jpg\",\"width\":336,\"height\":275},{\"@type\":\"BreadcrumbList\",\"@id\":\"https:\\\/\\\/www.lovendal.ro\\\/wp52\\\/inca-un-asa-zis-calator-in-timp-ar-fi-fost-surprins-intr-o-fotografie-veche-din-1943-din-islanda\\\/#breadcrumb\",\"itemListElement\":[{\"@type\":\"ListItem\",\"position\":1,\"name\":\"Home\",\"item\":\"https:\\\/\\\/www.lovendal.ro\\\/wp52\\\/\"},{\"@type\":\"ListItem\",\"position\":2,\"name\":\"\u00cenc\u0103 un a\u015fa-zis &#8222;c\u0103l\u0103tor \u00een timp&#8221; ar fi fost surprins \u00eentr-o fotografie veche din 1943 din Islanda?\"}]},{\"@type\":\"WebSite\",\"@id\":\"https:\\\/\\\/www.lovendal.ro\\\/wp52\\\/#website\",\"url\":\"https:\\\/\\\/www.lovendal.ro\\\/wp52\\\/\",\"name\":\"Secretele lui Lovendal\",\"description\":\"Site de secrete, stiinta si metafizica - din 2008 -\",\"publisher\":{\"@id\":\"https:\\\/\\\/www.lovendal.ro\\\/wp52\\\/#organization\"},\"potentialAction\":[{\"@type\":\"SearchAction\",\"target\":{\"@type\":\"EntryPoint\",\"urlTemplate\":\"https:\\\/\\\/www.lovendal.ro\\\/wp52\\\/?s={search_term_string}\"},\"query-input\":{\"@type\":\"PropertyValueSpecification\",\"valueRequired\":true,\"valueName\":\"search_term_string\"}}],\"inLanguage\":\"ro-RO\"},{\"@type\":\"Organization\",\"@id\":\"https:\\\/\\\/www.lovendal.ro\\\/wp52\\\/#organization\",\"name\":\"Secretele lui Lovendal\",\"url\":\"https:\\\/\\\/www.lovendal.ro\\\/wp52\\\/\",\"logo\":{\"@type\":\"ImageObject\",\"inLanguage\":\"ro-RO\",\"@id\":\"https:\\\/\\\/www.lovendal.ro\\\/wp52\\\/#\\\/schema\\\/logo\\\/image\\\/\",\"url\":\"https:\\\/\\\/www.lovendal.ro\\\/wp52\\\/wp-content\\\/uploads\\\/2024\\\/06\\\/cropped-SLL-iun-2024-1.jpg\",\"contentUrl\":\"https:\\\/\\\/www.lovendal.ro\\\/wp52\\\/wp-content\\\/uploads\\\/2024\\\/06\\\/cropped-SLL-iun-2024-1.jpg\",\"width\":771,\"height\":240,\"caption\":\"Secretele lui Lovendal\"},\"image\":{\"@id\":\"https:\\\/\\\/www.lovendal.ro\\\/wp52\\\/#\\\/schema\\\/logo\\\/image\\\/\"},\"sameAs\":[\"https:\\\/\\\/www.facebook.com\\\/secreteleluilovendal\"]},{\"@type\":\"Person\",\"@id\":\"https:\\\/\\\/www.lovendal.ro\\\/wp52\\\/#\\\/schema\\\/person\\\/088691de5dfc346bb0c023e1e52ef5d9\",\"name\":\"admin\",\"image\":{\"@type\":\"ImageObject\",\"inLanguage\":\"ro-RO\",\"@id\":\"https:\\\/\\\/secure.gravatar.com\\\/avatar\\\/ecb9cd41f5f63c9c9b989999a59f6e2639a865ec361e9db054db0679a8f341c2?s=96&d=mm&r=g\",\"url\":\"https:\\\/\\\/secure.gravatar.com\\\/avatar\\\/ecb9cd41f5f63c9c9b989999a59f6e2639a865ec361e9db054db0679a8f341c2?s=96&d=mm&r=g\",\"contentUrl\":\"https:\\\/\\\/secure.gravatar.com\\\/avatar\\\/ecb9cd41f5f63c9c9b989999a59f6e2639a865ec361e9db054db0679a8f341c2?s=96&d=mm&r=g\",\"caption\":\"admin\"},\"sameAs\":[\"https:\\\/\\\/www.lovendal.ro\\\/wp52\"]}]}<\/script>\n<!-- \/ Yoast SEO Premium plugin. -->","yoast_head_json":{"title":"\u00cenc\u0103 un a\u015fa-zis \"c\u0103l\u0103tor \u00een timp\" ar fi fost surprins \u00eentr-o fotografie veche din 1943 din Islanda? - Secretele lui Lovendal","robots":{"index":"index","follow":"follow","max-snippet":"max-snippet:-1","max-image-preview":"max-image-preview:large","max-video-preview":"max-video-preview:-1"},"canonical":"https:\/\/www.lovendal.ro\/wp52\/inca-un-asa-zis-calator-in-timp-ar-fi-fost-surprins-intr-o-fotografie-veche-din-1943-din-islanda\/","og_locale":"ro_RO","og_type":"article","og_title":"\u00cenc\u0103 un a\u015fa-zis \"c\u0103l\u0103tor \u00een timp\" ar fi fost surprins \u00eentr-o fotografie veche din 1943 din Islanda?","og_description":"&#8222;Nebunia&#8221; tuturor celor care caut\u0103 anomalii \u00een fotografii vechi continu\u0103. \u00cen definitiv, \u00een aceste fotografii vechi am putea chiar identifica eventuali c\u0103l\u0103tori \u00een timp, de\u015fi pare un concept prea SF la ora actual\u0103, dar nu imposibil. Astfel, \u00eentr-o fotografie din ... Cititi mai multe","og_url":"https:\/\/www.lovendal.ro\/wp52\/inca-un-asa-zis-calator-in-timp-ar-fi-fost-surprins-intr-o-fotografie-veche-din-1943-din-islanda\/","og_site_name":"Secretele lui Lovendal","article_publisher":"https:\/\/www.facebook.com\/secreteleluilovendal","article_published_time":"2023-02-23T13:42:56+00:00","og_image":[{"width":336,"height":275,"url":"https:\/\/www.lovendal.ro\/wp52\/wp-content\/uploads\/2023\/02\/calator-in-timp-Islanda-coperta.jpg","type":"image\/jpeg"}],"author":"admin","twitter_card":"summary_large_image","twitter_misc":{"Scris de":"admin","Timp estimat pentru citire":"2 minute"},"schema":{"@context":"https:\/\/schema.org","@graph":[{"@type":"Article","@id":"https:\/\/www.lovendal.ro\/wp52\/inca-un-asa-zis-calator-in-timp-ar-fi-fost-surprins-intr-o-fotografie-veche-din-1943-din-islanda\/#article","isPartOf":{"@id":"https:\/\/www.lovendal.ro\/wp52\/inca-un-asa-zis-calator-in-timp-ar-fi-fost-surprins-intr-o-fotografie-veche-din-1943-din-islanda\/"},"author":{"name":"admin","@id":"https:\/\/www.lovendal.ro\/wp52\/#\/schema\/person\/088691de5dfc346bb0c023e1e52ef5d9"},"headline":"\u00cenc\u0103 un a\u015fa-zis &#8222;c\u0103l\u0103tor \u00een timp&#8221; ar fi fost surprins \u00eentr-o fotografie veche din 1943 din Islanda?","datePublished":"2023-02-23T13:42:56+00:00","mainEntityOfPage":{"@id":"https:\/\/www.lovendal.ro\/wp52\/inca-un-asa-zis-calator-in-timp-ar-fi-fost-surprins-intr-o-fotografie-veche-din-1943-din-islanda\/"},"wordCount":372,"commentCount":0,"publisher":{"@id":"https:\/\/www.lovendal.ro\/wp52\/#organization"},"image":{"@id":"https:\/\/www.lovendal.ro\/wp52\/inca-un-asa-zis-calator-in-timp-ar-fi-fost-surprins-intr-o-fotografie-veche-din-1943-din-islanda\/#primaryimage"},"thumbnailUrl":"https:\/\/www.lovendal.ro\/wp52\/wp-content\/uploads\/2023\/02\/calator-in-timp-Islanda-coperta.jpg","keywords":["c\u0103l\u0103tor \u00een timp","Facebook","fotografie","Islanda","Marilyn Monroe","Poze controversate","Reykjavik","SF","smartphone","telefon mobil"],"articleSection":["Poze controversate"],"inLanguage":"ro-RO","potentialAction":[{"@type":"CommentAction","name":"Comment","target":["https:\/\/www.lovendal.ro\/wp52\/inca-un-asa-zis-calator-in-timp-ar-fi-fost-surprins-intr-o-fotografie-veche-din-1943-din-islanda\/#respond"]}]},{"@type":"WebPage","@id":"https:\/\/www.lovendal.ro\/wp52\/inca-un-asa-zis-calator-in-timp-ar-fi-fost-surprins-intr-o-fotografie-veche-din-1943-din-islanda\/","url":"https:\/\/www.lovendal.ro\/wp52\/inca-un-asa-zis-calator-in-timp-ar-fi-fost-surprins-intr-o-fotografie-veche-din-1943-din-islanda\/","name":"\u00cenc\u0103 un a\u015fa-zis \"c\u0103l\u0103tor \u00een timp\" ar fi fost surprins \u00eentr-o fotografie veche din 1943 din Islanda? - Secretele lui Lovendal","isPartOf":{"@id":"https:\/\/www.lovendal.ro\/wp52\/#website"},"primaryImageOfPage":{"@id":"https:\/\/www.lovendal.ro\/wp52\/inca-un-asa-zis-calator-in-timp-ar-fi-fost-surprins-intr-o-fotografie-veche-din-1943-din-islanda\/#primaryimage"},"image":{"@id":"https:\/\/www.lovendal.ro\/wp52\/inca-un-asa-zis-calator-in-timp-ar-fi-fost-surprins-intr-o-fotografie-veche-din-1943-din-islanda\/#primaryimage"},"thumbnailUrl":"https:\/\/www.lovendal.ro\/wp52\/wp-content\/uploads\/2023\/02\/calator-in-timp-Islanda-coperta.jpg","datePublished":"2023-02-23T13:42:56+00:00","breadcrumb":{"@id":"https:\/\/www.lovendal.ro\/wp52\/inca-un-asa-zis-calator-in-timp-ar-fi-fost-surprins-intr-o-fotografie-veche-din-1943-din-islanda\/#breadcrumb"},"inLanguage":"ro-RO","potentialAction":[{"@type":"ReadAction","target":["https:\/\/www.lovendal.ro\/wp52\/inca-un-asa-zis-calator-in-timp-ar-fi-fost-surprins-intr-o-fotografie-veche-din-1943-din-islanda\/"]}]},{"@type":"ImageObject","inLanguage":"ro-RO","@id":"https:\/\/www.lovendal.ro\/wp52\/inca-un-asa-zis-calator-in-timp-ar-fi-fost-surprins-intr-o-fotografie-veche-din-1943-din-islanda\/#primaryimage","url":"https:\/\/www.lovendal.ro\/wp52\/wp-content\/uploads\/2023\/02\/calator-in-timp-Islanda-coperta.jpg","contentUrl":"https:\/\/www.lovendal.ro\/wp52\/wp-content\/uploads\/2023\/02\/calator-in-timp-Islanda-coperta.jpg","width":336,"height":275},{"@type":"BreadcrumbList","@id":"https:\/\/www.lovendal.ro\/wp52\/inca-un-asa-zis-calator-in-timp-ar-fi-fost-surprins-intr-o-fotografie-veche-din-1943-din-islanda\/#breadcrumb","itemListElement":[{"@type":"ListItem","position":1,"name":"Home","item":"https:\/\/www.lovendal.ro\/wp52\/"},{"@type":"ListItem","position":2,"name":"\u00cenc\u0103 un a\u015fa-zis &#8222;c\u0103l\u0103tor \u00een timp&#8221; ar fi fost surprins \u00eentr-o fotografie veche din 1943 din Islanda?"}]},{"@type":"WebSite","@id":"https:\/\/www.lovendal.ro\/wp52\/#website","url":"https:\/\/www.lovendal.ro\/wp52\/","name":"Secretele lui Lovendal","description":"Site de secrete, stiinta si metafizica - din 2008 -","publisher":{"@id":"https:\/\/www.lovendal.ro\/wp52\/#organization"},"potentialAction":[{"@type":"SearchAction","target":{"@type":"EntryPoint","urlTemplate":"https:\/\/www.lovendal.ro\/wp52\/?s={search_term_string}"},"query-input":{"@type":"PropertyValueSpecification","valueRequired":true,"valueName":"search_term_string"}}],"inLanguage":"ro-RO"},{"@type":"Organization","@id":"https:\/\/www.lovendal.ro\/wp52\/#organization","name":"Secretele lui Lovendal","url":"https:\/\/www.lovendal.ro\/wp52\/","logo":{"@type":"ImageObject","inLanguage":"ro-RO","@id":"https:\/\/www.lovendal.ro\/wp52\/#\/schema\/logo\/image\/","url":"https:\/\/www.lovendal.ro\/wp52\/wp-content\/uploads\/2024\/06\/cropped-SLL-iun-2024-1.jpg","contentUrl":"https:\/\/www.lovendal.ro\/wp52\/wp-content\/uploads\/2024\/06\/cropped-SLL-iun-2024-1.jpg","width":771,"height":240,"caption":"Secretele lui Lovendal"},"image":{"@id":"https:\/\/www.lovendal.ro\/wp52\/#\/schema\/logo\/image\/"},"sameAs":["https:\/\/www.facebook.com\/secreteleluilovendal"]},{"@type":"Person","@id":"https:\/\/www.lovendal.ro\/wp52\/#\/schema\/person\/088691de5dfc346bb0c023e1e52ef5d9","name":"admin","image":{"@type":"ImageObject","inLanguage":"ro-RO","@id":"https:\/\/secure.gravatar.com\/avatar\/ecb9cd41f5f63c9c9b989999a59f6e2639a865ec361e9db054db0679a8f341c2?s=96&d=mm&r=g","url":"https:\/\/secure.gravatar.com\/avatar\/ecb9cd41f5f63c9c9b989999a59f6e2639a865ec361e9db054db0679a8f341c2?s=96&d=mm&r=g","contentUrl":"https:\/\/secure.gravatar.com\/avatar\/ecb9cd41f5f63c9c9b989999a59f6e2639a865ec361e9db054db0679a8f341c2?s=96&d=mm&r=g","caption":"admin"},"sameAs":["https:\/\/www.lovendal.ro\/wp52"]}]}},"_links":{"self":[{"href":"https:\/\/www.lovendal.ro\/wp52\/wp-json\/wp\/v2\/posts\/84481","targetHints":{"allow":["GET"]}}],"collection":[{"href":"https:\/\/www.lovendal.ro\/wp52\/wp-json\/wp\/v2\/posts"}],"about":[{"href":"https:\/\/www.lovendal.ro\/wp52\/wp-json\/wp\/v2\/types\/post"}],"author":[{"embeddable":true,"href":"https:\/\/www.lovendal.ro\/wp52\/wp-json\/wp\/v2\/users\/1"}],"replies":[{"embeddable":true,"href":"https:\/\/www.lovendal.ro\/wp52\/wp-json\/wp\/v2\/comments?post=84481"}],"version-history":[{"count":1,"href":"https:\/\/www.lovendal.ro\/wp52\/wp-json\/wp\/v2\/posts\/84481\/revisions"}],"predecessor-version":[{"id":84485,"href":"https:\/\/www.lovendal.ro\/wp52\/wp-json\/wp\/v2\/posts\/84481\/revisions\/84485"}],"wp:featuredmedia":[{"embeddable":true,"href":"https:\/\/www.lovendal.ro\/wp52\/wp-json\/wp\/v2\/media\/84482"}],"wp:attachment":[{"href":"https:\/\/www.lovendal.ro\/wp52\/wp-json\/wp\/v2\/media?parent=84481"}],"wp:term":[{"taxonomy":"category","embeddable":true,"href":"https:\/\/www.lovendal.ro\/wp52\/wp-json\/wp\/v2\/categories?post=84481"},{"taxonomy":"post_tag","embeddable":true,"href":"https:\/\/www.lovendal.ro\/wp52\/wp-json\/wp\/v2\/tags?post=84481"}],"curies":[{"name":"wp","href":"https:\/\/api.w.org\/{rel}","templated":true}]}}