{"id":8409,"date":"2009-10-20T20:42:17","date_gmt":"2009-10-20T17:42:17","guid":{"rendered":"http:\/\/www.lovendal.net\/wp52\/?p=8409"},"modified":"2009-10-21T16:52:05","modified_gmt":"2009-10-21T13:52:05","slug":"secretul-unicornului-din-padurea-fermecata","status":"publish","type":"post","link":"https:\/\/www.lovendal.ro\/wp52\/secretul-unicornului-din-padurea-fermecata\/","title":{"rendered":"Secretul unicornului din p\u0103durea fermecat\u0103"},"content":{"rendered":"<p><a href=\"https:\/\/www.lovendal.ro\/wp52\/wp-content\/uploads\/2009\/10\/unicorn.jpg\"><img loading=\"lazy\" decoding=\"async\" class=\"alignleft size-full wp-image-8410\" title=\"unicorn\" src=\"https:\/\/www.lovendal.ro\/wp52\/wp-content\/uploads\/2009\/10\/unicorn.jpg\" alt=\"unicorn\" width=\"319\" height=\"297\" srcset=\"https:\/\/www.lovendal.ro\/wp52\/wp-content\/uploads\/2009\/10\/unicorn.jpg 319w, https:\/\/www.lovendal.ro\/wp52\/wp-content\/uploads\/2009\/10\/unicorn-300x279.jpg 300w\" sizes=\"auto, (max-width: 319px) 100vw, 319px\" \/><\/a>Descendent al nobilimii ungure\u015fti, n\u0103scut \u00een Burgenland \u00een 1937, Antal Festetics se bucur\u0103 de o bun\u0103 pozi\u0163ie social\u0103 \u00een Austria, ca botanist \u015fi conservatorist, \u015fi mult\u0103 lume care i-a urm\u0103rit documentarul s\u0103u de televiziune din aprilie 1992 este posibil s\u0103-l fi crezut pe cuv\u00e2nt c\u00e2nd a declarat, ca fapt divers, c\u0103 v\u0103zuse \u015fi fotografiase un unicorn \u00een p\u0103durile mun\u0163ilor Harz.<\/p>\n<p>O regiune foarte veche, Harz ad\u0103poste\u015fte M\u0103chenwald -\u201ep\u0103durea fermecat\u0103&#8221; din folclorul german \u015fi, de asemenea, s\u0103la\u015ful legendar al miticului cal alb cu un corn ce-i r\u0103sare exact din mijlocul frun\u0163ii. Nu era \u00eens\u0103 prima dat\u0103 c\u00e2nd el f\u0103cuse aceast\u0103 afirma\u0163ie. \u00cen cadrul unui interviu oferit revistei s\u0103pt\u0103m\u00e2nale <em>Die Ganze Woche<\/em> \u00een edi\u0163ia din decembrie 1991, ca parte a politicii de promovare a documentarului s\u0103u \u00een trei serii, <em>Wildtiere und wir (Animalele s\u0103lbatice \u015fi noi)<\/em>, Antal \u00eei povestea jurnalistului Senta Ziegler cum unicornul aproape c\u0103-l tr\u00e2ntise la p\u0103m\u00e2nt de pe calul s\u0103u. Se afla \u00een ad\u00e2ncurile p\u0103durii, \u00eentr-o arie din mun\u0163ii Harz, care, \u00eemp\u0103r\u0163it\u0103 \u00een dou\u0103 \u00een urma R\u0103zboiului Rece, timp de aproape patruzeci de ani fusese minat\u0103 \u015fi \u00eemprejmuit\u0103; aceasta \u00eensemna c\u0103, \u00een toat\u0103 perioada, aici nu avuseser\u0103 loc activit\u0103\u0163i de v\u00e2nare sau pulveriz\u0103ri cu substan\u0163e toxice. Cum r\u0103zboiul se terminase \u015fi aria fusese redeschis\u0103, era o ocazie ideal de a studia un biotip neatins de animale indigene precum c\u0103prioare, cerbi \u015fi diverse specii de bufni\u0163e.<\/p>\n<p>\u00centr-o noapte, se g\u0103sea aici film\u00e2nd mici creaturi nocturne de pe calul s\u0103u, c\u00e2nd: <em>\u201eDintr-o dat\u0103, un unicorn a \u00eenceput s\u0103 se \u00eendrepte c\u0103tre mine, \u00een galop. Animalul era \u00eenconjurat de o aur\u0103 sc\u00e2nteietoare. Calul meu s-a ridicat pe picioarele din spate \u015fi aproape c\u0103 m-a aruncat din \u015fa &#8211; apoi, la fel de rapid, unicornul disp\u0103ru.&#8221;<\/em> Cumva, chiar \u015fi \u00een timp ce era aproape tr\u00e2ntit la p\u0103m\u00e2nt, el reu\u015fise s\u0103 \u0163in\u0103 camera video \u00een pozi\u0163ia necesar\u0103 pentru a filma &#8211; \u015fi Woche, f\u0103r\u0103 comentarii sau legend\u0103, a publicat, al\u0103turi de articol, fotografia color a unicornului din p\u0103durea \u00eentunecat\u0103.<\/p>\n<p>Coment\u00e2nd aceast\u0103 \u00eent\u00e2mplare \u00een revista <em>Fortean Times<\/em>, redactorul Bob Rickard a tras concluzia c\u0103 fotografia era probabil un instantaneu din filmul fantastic <em>Legenda<\/em>, din 1985, al lui Ridley Scott. \u00cempreun\u0103 cu colegul s\u0103u german, Ulrich Magin, Rickard \u00eei scria lui Festetics, pun\u00e2ndu-i \u00eentreb\u0103ri detaliate despre \u00eent\u00e2lnirea cu unicornul \u015fi fotografia respectiv\u0103. Bunul profesor a r\u0103spuns, politicos dar vag, c\u0103: <em>\u201e\u00cent\u00e2lnirea mea cu animalul \u00een apropiere de Pe\u015ftera Unicornului este logic\u0103 \u015fi confirm\u0103 originea numelui acesteia.&#8221;<\/em> Ad\u0103uga: <em>\u201eNu pot explica cum unicornul a fost \u00een stare s\u0103 supravie\u0163uiasc\u0103 \u00een mun\u0163ii Harz p\u00e2n\u0103 \u00een prezent \u015fi, normal, a\u015f vrea s\u0103-l mai v\u0103d o dat\u0103.&#8221;<\/em><\/p>\n<p>Magin, de asemenea nereu\u015find s\u0103 afle alte informa\u0163ii de la Festetics, considera c\u0103 povestea lui nu este at\u00e2t o fars\u0103, c\u00e2t <em>\u201eo metafor\u0103, o idee poetic\u0103, pentru a dramatiza atrac\u0163ia exercitat\u0103 de \u00abp\u0103durea fermecat\u0103\u00bb prin apelul la \u00abcopilul din noi\u00bb. <\/em>\u00cen niciun caz nu \u00ee\u015fi risca reputa\u0163ia de om de \u015ftiin\u0163\u0103, chiar dac\u0103 se comporta at\u00e2t de ciudat&#8230; Nu cred c\u0103 cineva din Germania l-a crezut cuv\u00e2nt cu cuv\u00e2nt &#8211; ca dovad\u0103, nu a beneficiat de dezbateri contradictorii sau prelungite \u00een mass-media. Magin ad\u0103uga c\u0103, atunci c\u00e2nd \u00eel \u00eentrebase pe Festetics dac\u0103 se folosea de aceast\u0103 descoperire pentru a-i \u201efermeca&#8221; pe telespectatori \u015fi a-i determina s\u0103 se implice mai mult \u00een protejarea mediului \u00eenconjur\u0103tor, profesorul \u00eel invit\u0103 la Gottingen pentru a urm\u0103ri toate imaginile filmate de el \u00een p\u0103durea Harz \u015fi \u00eei declar\u0103 c\u0103 planifica o expedi\u0163ie cu scopul de a filma o a doua creatur\u0103 misterioas\u0103 din p\u0103durea Harz &#8211; cerbul cu crucea Hubertus. (Aceasta se referea la descoperirea, de c\u0103tre un t\u00e2n\u0103r b\u0103rbat care, d\u00e2nd dovad\u0103 de blasfemie, plecase s\u0103 v\u00e2neze \u00een p\u0103dure \u00eentr-o zi de s\u0103rb\u0103toare &#8211; Vinerea Mare, a faptului c\u0103 prada lui, un cerb magnific, purta un crucifix uluitor \u00eentre coarne. Convertit pe loc, t\u00e2n\u0103rul a devenit Sf\u00e2ntul Hubert).<\/p>\n<p>Oare s\u0103-l credem?<\/p>\n","protected":false},"excerpt":{"rendered":"<p>Descendent al nobilimii ungure\u015fti, n\u0103scut \u00een Burgenland \u00een 1937, Antal Festetics se bucur\u0103 de o bun\u0103 pozi\u0163ie social\u0103 \u00een Austria, ca botanist \u015fi conservatorist, \u015fi mult\u0103 lume care i-a urm\u0103rit documentarul s\u0103u de televiziune din aprilie 1992 este posibil s\u0103-l &#8230; <\/p>\n<p class=\"read-more-container\"><a title=\"Secretul unicornului din p\u0103durea fermecat\u0103\" class=\"read-more button\" href=\"https:\/\/www.lovendal.ro\/wp52\/secretul-unicornului-din-padurea-fermecata\/#more-8409\" aria-label=\"Cite\u0219te mai multe despre Secretul unicornului din p\u0103durea fermecat\u0103\">Cititi mai multe<\/a><\/p>\n","protected":false},"author":1,"featured_media":8410,"comment_status":"open","ping_status":"closed","sticky":false,"template":"","format":"standard","meta":{"footnotes":""},"categories":[1833],"tags":[9808,203,2398,703],"class_list":["post-8409","post","type-post","status-publish","format-standard","has-post-thumbnail","hentry","category-farse-celebre","tag-farse-celebre","tag-germania","tag-padure","tag-unicorn","resize-featured-image"],"yoast_head":"<!-- This site is optimized with the Yoast SEO Premium plugin v23.3 (Yoast SEO v27.4) - https:\/\/yoast.com\/product\/yoast-seo-premium-wordpress\/ -->\n<title>Secretul unicornului din p\u0103durea fermecat\u0103 - Secretele lui Lovendal<\/title>\n<meta name=\"robots\" content=\"index, follow, max-snippet:-1, max-image-preview:large, max-video-preview:-1\" \/>\n<link rel=\"canonical\" href=\"https:\/\/www.lovendal.ro\/wp52\/secretul-unicornului-din-padurea-fermecata\/\" \/>\n<meta property=\"og:locale\" content=\"ro_RO\" \/>\n<meta property=\"og:type\" content=\"article\" \/>\n<meta property=\"og:title\" content=\"Secretul unicornului din p\u0103durea fermecat\u0103\" \/>\n<meta property=\"og:description\" content=\"Descendent al nobilimii ungure\u015fti, n\u0103scut \u00een Burgenland \u00een 1937, Antal Festetics se bucur\u0103 de o bun\u0103 pozi\u0163ie social\u0103 \u00een Austria, ca botanist \u015fi conservatorist, \u015fi mult\u0103 lume care i-a urm\u0103rit documentarul s\u0103u de televiziune din aprilie 1992 este posibil s\u0103-l ... Cititi mai multe\" \/>\n<meta property=\"og:url\" content=\"https:\/\/www.lovendal.ro\/wp52\/secretul-unicornului-din-padurea-fermecata\/\" \/>\n<meta property=\"og:site_name\" content=\"Secretele lui Lovendal\" \/>\n<meta property=\"article:publisher\" content=\"https:\/\/www.facebook.com\/secreteleluilovendal\" \/>\n<meta property=\"article:published_time\" content=\"2009-10-20T17:42:17+00:00\" \/>\n<meta property=\"article:modified_time\" content=\"2009-10-21T13:52:05+00:00\" \/>\n<meta property=\"og:image\" content=\"https:\/\/www.lovendal.ro\/wp52\/wp-content\/uploads\/2009\/10\/unicorn.jpg\" \/>\n\t<meta property=\"og:image:width\" content=\"319\" \/>\n\t<meta property=\"og:image:height\" content=\"297\" \/>\n\t<meta property=\"og:image:type\" content=\"image\/jpeg\" \/>\n<meta name=\"author\" content=\"admin\" \/>\n<meta name=\"twitter:card\" content=\"summary_large_image\" \/>\n<meta name=\"twitter:label1\" content=\"Scris de\" \/>\n\t<meta name=\"twitter:data1\" content=\"admin\" \/>\n\t<meta name=\"twitter:label2\" content=\"Timp estimat pentru citire\" \/>\n\t<meta name=\"twitter:data2\" content=\"4 minute\" \/>\n<script type=\"application\/ld+json\" class=\"yoast-schema-graph\">{\"@context\":\"https:\\\/\\\/schema.org\",\"@graph\":[{\"@type\":\"Article\",\"@id\":\"https:\\\/\\\/www.lovendal.ro\\\/wp52\\\/secretul-unicornului-din-padurea-fermecata\\\/#article\",\"isPartOf\":{\"@id\":\"https:\\\/\\\/www.lovendal.ro\\\/wp52\\\/secretul-unicornului-din-padurea-fermecata\\\/\"},\"author\":{\"name\":\"admin\",\"@id\":\"https:\\\/\\\/www.lovendal.ro\\\/wp52\\\/#\\\/schema\\\/person\\\/088691de5dfc346bb0c023e1e52ef5d9\"},\"headline\":\"Secretul unicornului din p\u0103durea fermecat\u0103\",\"datePublished\":\"2009-10-20T17:42:17+00:00\",\"dateModified\":\"2009-10-21T13:52:05+00:00\",\"mainEntityOfPage\":{\"@id\":\"https:\\\/\\\/www.lovendal.ro\\\/wp52\\\/secretul-unicornului-din-padurea-fermecata\\\/\"},\"wordCount\":743,\"commentCount\":5,\"publisher\":{\"@id\":\"https:\\\/\\\/www.lovendal.ro\\\/wp52\\\/#organization\"},\"image\":{\"@id\":\"https:\\\/\\\/www.lovendal.ro\\\/wp52\\\/secretul-unicornului-din-padurea-fermecata\\\/#primaryimage\"},\"thumbnailUrl\":\"https:\\\/\\\/www.lovendal.ro\\\/wp52\\\/wp-content\\\/uploads\\\/2009\\\/10\\\/unicorn.jpg\",\"keywords\":[\"Farse si Fantezii\",\"Germania\",\"p\u0103dure\",\"Unicorn\"],\"articleSection\":[\"Farse si Fantezii\"],\"inLanguage\":\"ro-RO\",\"potentialAction\":[{\"@type\":\"CommentAction\",\"name\":\"Comment\",\"target\":[\"https:\\\/\\\/www.lovendal.ro\\\/wp52\\\/secretul-unicornului-din-padurea-fermecata\\\/#respond\"]}]},{\"@type\":\"WebPage\",\"@id\":\"https:\\\/\\\/www.lovendal.ro\\\/wp52\\\/secretul-unicornului-din-padurea-fermecata\\\/\",\"url\":\"https:\\\/\\\/www.lovendal.ro\\\/wp52\\\/secretul-unicornului-din-padurea-fermecata\\\/\",\"name\":\"Secretul unicornului din p\u0103durea fermecat\u0103 - Secretele lui Lovendal\",\"isPartOf\":{\"@id\":\"https:\\\/\\\/www.lovendal.ro\\\/wp52\\\/#website\"},\"primaryImageOfPage\":{\"@id\":\"https:\\\/\\\/www.lovendal.ro\\\/wp52\\\/secretul-unicornului-din-padurea-fermecata\\\/#primaryimage\"},\"image\":{\"@id\":\"https:\\\/\\\/www.lovendal.ro\\\/wp52\\\/secretul-unicornului-din-padurea-fermecata\\\/#primaryimage\"},\"thumbnailUrl\":\"https:\\\/\\\/www.lovendal.ro\\\/wp52\\\/wp-content\\\/uploads\\\/2009\\\/10\\\/unicorn.jpg\",\"datePublished\":\"2009-10-20T17:42:17+00:00\",\"dateModified\":\"2009-10-21T13:52:05+00:00\",\"breadcrumb\":{\"@id\":\"https:\\\/\\\/www.lovendal.ro\\\/wp52\\\/secretul-unicornului-din-padurea-fermecata\\\/#breadcrumb\"},\"inLanguage\":\"ro-RO\",\"potentialAction\":[{\"@type\":\"ReadAction\",\"target\":[\"https:\\\/\\\/www.lovendal.ro\\\/wp52\\\/secretul-unicornului-din-padurea-fermecata\\\/\"]}]},{\"@type\":\"ImageObject\",\"inLanguage\":\"ro-RO\",\"@id\":\"https:\\\/\\\/www.lovendal.ro\\\/wp52\\\/secretul-unicornului-din-padurea-fermecata\\\/#primaryimage\",\"url\":\"https:\\\/\\\/www.lovendal.ro\\\/wp52\\\/wp-content\\\/uploads\\\/2009\\\/10\\\/unicorn.jpg\",\"contentUrl\":\"https:\\\/\\\/www.lovendal.ro\\\/wp52\\\/wp-content\\\/uploads\\\/2009\\\/10\\\/unicorn.jpg\",\"width\":\"319\",\"height\":\"297\"},{\"@type\":\"BreadcrumbList\",\"@id\":\"https:\\\/\\\/www.lovendal.ro\\\/wp52\\\/secretul-unicornului-din-padurea-fermecata\\\/#breadcrumb\",\"itemListElement\":[{\"@type\":\"ListItem\",\"position\":1,\"name\":\"Home\",\"item\":\"https:\\\/\\\/www.lovendal.ro\\\/wp52\\\/\"},{\"@type\":\"ListItem\",\"position\":2,\"name\":\"Secretul unicornului din p\u0103durea fermecat\u0103\"}]},{\"@type\":\"WebSite\",\"@id\":\"https:\\\/\\\/www.lovendal.ro\\\/wp52\\\/#website\",\"url\":\"https:\\\/\\\/www.lovendal.ro\\\/wp52\\\/\",\"name\":\"Secretele lui Lovendal\",\"description\":\"Site de secrete, stiinta si metafizica - din 2008 -\",\"publisher\":{\"@id\":\"https:\\\/\\\/www.lovendal.ro\\\/wp52\\\/#organization\"},\"potentialAction\":[{\"@type\":\"SearchAction\",\"target\":{\"@type\":\"EntryPoint\",\"urlTemplate\":\"https:\\\/\\\/www.lovendal.ro\\\/wp52\\\/?s={search_term_string}\"},\"query-input\":{\"@type\":\"PropertyValueSpecification\",\"valueRequired\":true,\"valueName\":\"search_term_string\"}}],\"inLanguage\":\"ro-RO\"},{\"@type\":\"Organization\",\"@id\":\"https:\\\/\\\/www.lovendal.ro\\\/wp52\\\/#organization\",\"name\":\"Secretele lui Lovendal\",\"url\":\"https:\\\/\\\/www.lovendal.ro\\\/wp52\\\/\",\"logo\":{\"@type\":\"ImageObject\",\"inLanguage\":\"ro-RO\",\"@id\":\"https:\\\/\\\/www.lovendal.ro\\\/wp52\\\/#\\\/schema\\\/logo\\\/image\\\/\",\"url\":\"https:\\\/\\\/www.lovendal.ro\\\/wp52\\\/wp-content\\\/uploads\\\/2024\\\/06\\\/cropped-SLL-iun-2024-1.jpg\",\"contentUrl\":\"https:\\\/\\\/www.lovendal.ro\\\/wp52\\\/wp-content\\\/uploads\\\/2024\\\/06\\\/cropped-SLL-iun-2024-1.jpg\",\"width\":771,\"height\":240,\"caption\":\"Secretele lui Lovendal\"},\"image\":{\"@id\":\"https:\\\/\\\/www.lovendal.ro\\\/wp52\\\/#\\\/schema\\\/logo\\\/image\\\/\"},\"sameAs\":[\"https:\\\/\\\/www.facebook.com\\\/secreteleluilovendal\"]},{\"@type\":\"Person\",\"@id\":\"https:\\\/\\\/www.lovendal.ro\\\/wp52\\\/#\\\/schema\\\/person\\\/088691de5dfc346bb0c023e1e52ef5d9\",\"name\":\"admin\",\"image\":{\"@type\":\"ImageObject\",\"inLanguage\":\"ro-RO\",\"@id\":\"https:\\\/\\\/secure.gravatar.com\\\/avatar\\\/ecb9cd41f5f63c9c9b989999a59f6e2639a865ec361e9db054db0679a8f341c2?s=96&d=mm&r=g\",\"url\":\"https:\\\/\\\/secure.gravatar.com\\\/avatar\\\/ecb9cd41f5f63c9c9b989999a59f6e2639a865ec361e9db054db0679a8f341c2?s=96&d=mm&r=g\",\"contentUrl\":\"https:\\\/\\\/secure.gravatar.com\\\/avatar\\\/ecb9cd41f5f63c9c9b989999a59f6e2639a865ec361e9db054db0679a8f341c2?s=96&d=mm&r=g\",\"caption\":\"admin\"},\"sameAs\":[\"https:\\\/\\\/www.lovendal.ro\\\/wp52\"]}]}<\/script>\n<!-- \/ Yoast SEO Premium plugin. -->","yoast_head_json":{"title":"Secretul unicornului din p\u0103durea fermecat\u0103 - Secretele lui Lovendal","robots":{"index":"index","follow":"follow","max-snippet":"max-snippet:-1","max-image-preview":"max-image-preview:large","max-video-preview":"max-video-preview:-1"},"canonical":"https:\/\/www.lovendal.ro\/wp52\/secretul-unicornului-din-padurea-fermecata\/","og_locale":"ro_RO","og_type":"article","og_title":"Secretul unicornului din p\u0103durea fermecat\u0103","og_description":"Descendent al nobilimii ungure\u015fti, n\u0103scut \u00een Burgenland \u00een 1937, Antal Festetics se bucur\u0103 de o bun\u0103 pozi\u0163ie social\u0103 \u00een Austria, ca botanist \u015fi conservatorist, \u015fi mult\u0103 lume care i-a urm\u0103rit documentarul s\u0103u de televiziune din aprilie 1992 este posibil s\u0103-l ... Cititi mai multe","og_url":"https:\/\/www.lovendal.ro\/wp52\/secretul-unicornului-din-padurea-fermecata\/","og_site_name":"Secretele lui Lovendal","article_publisher":"https:\/\/www.facebook.com\/secreteleluilovendal","article_published_time":"2009-10-20T17:42:17+00:00","article_modified_time":"2009-10-21T13:52:05+00:00","og_image":[{"width":319,"height":297,"url":"https:\/\/www.lovendal.ro\/wp52\/wp-content\/uploads\/2009\/10\/unicorn.jpg","type":"image\/jpeg"}],"author":"admin","twitter_card":"summary_large_image","twitter_misc":{"Scris de":"admin","Timp estimat pentru citire":"4 minute"},"schema":{"@context":"https:\/\/schema.org","@graph":[{"@type":"Article","@id":"https:\/\/www.lovendal.ro\/wp52\/secretul-unicornului-din-padurea-fermecata\/#article","isPartOf":{"@id":"https:\/\/www.lovendal.ro\/wp52\/secretul-unicornului-din-padurea-fermecata\/"},"author":{"name":"admin","@id":"https:\/\/www.lovendal.ro\/wp52\/#\/schema\/person\/088691de5dfc346bb0c023e1e52ef5d9"},"headline":"Secretul unicornului din p\u0103durea fermecat\u0103","datePublished":"2009-10-20T17:42:17+00:00","dateModified":"2009-10-21T13:52:05+00:00","mainEntityOfPage":{"@id":"https:\/\/www.lovendal.ro\/wp52\/secretul-unicornului-din-padurea-fermecata\/"},"wordCount":743,"commentCount":5,"publisher":{"@id":"https:\/\/www.lovendal.ro\/wp52\/#organization"},"image":{"@id":"https:\/\/www.lovendal.ro\/wp52\/secretul-unicornului-din-padurea-fermecata\/#primaryimage"},"thumbnailUrl":"https:\/\/www.lovendal.ro\/wp52\/wp-content\/uploads\/2009\/10\/unicorn.jpg","keywords":["Farse si Fantezii","Germania","p\u0103dure","Unicorn"],"articleSection":["Farse si Fantezii"],"inLanguage":"ro-RO","potentialAction":[{"@type":"CommentAction","name":"Comment","target":["https:\/\/www.lovendal.ro\/wp52\/secretul-unicornului-din-padurea-fermecata\/#respond"]}]},{"@type":"WebPage","@id":"https:\/\/www.lovendal.ro\/wp52\/secretul-unicornului-din-padurea-fermecata\/","url":"https:\/\/www.lovendal.ro\/wp52\/secretul-unicornului-din-padurea-fermecata\/","name":"Secretul unicornului din p\u0103durea fermecat\u0103 - Secretele lui Lovendal","isPartOf":{"@id":"https:\/\/www.lovendal.ro\/wp52\/#website"},"primaryImageOfPage":{"@id":"https:\/\/www.lovendal.ro\/wp52\/secretul-unicornului-din-padurea-fermecata\/#primaryimage"},"image":{"@id":"https:\/\/www.lovendal.ro\/wp52\/secretul-unicornului-din-padurea-fermecata\/#primaryimage"},"thumbnailUrl":"https:\/\/www.lovendal.ro\/wp52\/wp-content\/uploads\/2009\/10\/unicorn.jpg","datePublished":"2009-10-20T17:42:17+00:00","dateModified":"2009-10-21T13:52:05+00:00","breadcrumb":{"@id":"https:\/\/www.lovendal.ro\/wp52\/secretul-unicornului-din-padurea-fermecata\/#breadcrumb"},"inLanguage":"ro-RO","potentialAction":[{"@type":"ReadAction","target":["https:\/\/www.lovendal.ro\/wp52\/secretul-unicornului-din-padurea-fermecata\/"]}]},{"@type":"ImageObject","inLanguage":"ro-RO","@id":"https:\/\/www.lovendal.ro\/wp52\/secretul-unicornului-din-padurea-fermecata\/#primaryimage","url":"https:\/\/www.lovendal.ro\/wp52\/wp-content\/uploads\/2009\/10\/unicorn.jpg","contentUrl":"https:\/\/www.lovendal.ro\/wp52\/wp-content\/uploads\/2009\/10\/unicorn.jpg","width":"319","height":"297"},{"@type":"BreadcrumbList","@id":"https:\/\/www.lovendal.ro\/wp52\/secretul-unicornului-din-padurea-fermecata\/#breadcrumb","itemListElement":[{"@type":"ListItem","position":1,"name":"Home","item":"https:\/\/www.lovendal.ro\/wp52\/"},{"@type":"ListItem","position":2,"name":"Secretul unicornului din p\u0103durea fermecat\u0103"}]},{"@type":"WebSite","@id":"https:\/\/www.lovendal.ro\/wp52\/#website","url":"https:\/\/www.lovendal.ro\/wp52\/","name":"Secretele lui Lovendal","description":"Site de secrete, stiinta si metafizica - din 2008 -","publisher":{"@id":"https:\/\/www.lovendal.ro\/wp52\/#organization"},"potentialAction":[{"@type":"SearchAction","target":{"@type":"EntryPoint","urlTemplate":"https:\/\/www.lovendal.ro\/wp52\/?s={search_term_string}"},"query-input":{"@type":"PropertyValueSpecification","valueRequired":true,"valueName":"search_term_string"}}],"inLanguage":"ro-RO"},{"@type":"Organization","@id":"https:\/\/www.lovendal.ro\/wp52\/#organization","name":"Secretele lui Lovendal","url":"https:\/\/www.lovendal.ro\/wp52\/","logo":{"@type":"ImageObject","inLanguage":"ro-RO","@id":"https:\/\/www.lovendal.ro\/wp52\/#\/schema\/logo\/image\/","url":"https:\/\/www.lovendal.ro\/wp52\/wp-content\/uploads\/2024\/06\/cropped-SLL-iun-2024-1.jpg","contentUrl":"https:\/\/www.lovendal.ro\/wp52\/wp-content\/uploads\/2024\/06\/cropped-SLL-iun-2024-1.jpg","width":771,"height":240,"caption":"Secretele lui Lovendal"},"image":{"@id":"https:\/\/www.lovendal.ro\/wp52\/#\/schema\/logo\/image\/"},"sameAs":["https:\/\/www.facebook.com\/secreteleluilovendal"]},{"@type":"Person","@id":"https:\/\/www.lovendal.ro\/wp52\/#\/schema\/person\/088691de5dfc346bb0c023e1e52ef5d9","name":"admin","image":{"@type":"ImageObject","inLanguage":"ro-RO","@id":"https:\/\/secure.gravatar.com\/avatar\/ecb9cd41f5f63c9c9b989999a59f6e2639a865ec361e9db054db0679a8f341c2?s=96&d=mm&r=g","url":"https:\/\/secure.gravatar.com\/avatar\/ecb9cd41f5f63c9c9b989999a59f6e2639a865ec361e9db054db0679a8f341c2?s=96&d=mm&r=g","contentUrl":"https:\/\/secure.gravatar.com\/avatar\/ecb9cd41f5f63c9c9b989999a59f6e2639a865ec361e9db054db0679a8f341c2?s=96&d=mm&r=g","caption":"admin"},"sameAs":["https:\/\/www.lovendal.ro\/wp52"]}]}},"_links":{"self":[{"href":"https:\/\/www.lovendal.ro\/wp52\/wp-json\/wp\/v2\/posts\/8409","targetHints":{"allow":["GET"]}}],"collection":[{"href":"https:\/\/www.lovendal.ro\/wp52\/wp-json\/wp\/v2\/posts"}],"about":[{"href":"https:\/\/www.lovendal.ro\/wp52\/wp-json\/wp\/v2\/types\/post"}],"author":[{"embeddable":true,"href":"https:\/\/www.lovendal.ro\/wp52\/wp-json\/wp\/v2\/users\/1"}],"replies":[{"embeddable":true,"href":"https:\/\/www.lovendal.ro\/wp52\/wp-json\/wp\/v2\/comments?post=8409"}],"version-history":[{"count":0,"href":"https:\/\/www.lovendal.ro\/wp52\/wp-json\/wp\/v2\/posts\/8409\/revisions"}],"wp:featuredmedia":[{"embeddable":true,"href":"https:\/\/www.lovendal.ro\/wp52\/wp-json\/wp\/v2\/media\/8410"}],"wp:attachment":[{"href":"https:\/\/www.lovendal.ro\/wp52\/wp-json\/wp\/v2\/media?parent=8409"}],"wp:term":[{"taxonomy":"category","embeddable":true,"href":"https:\/\/www.lovendal.ro\/wp52\/wp-json\/wp\/v2\/categories?post=8409"},{"taxonomy":"post_tag","embeddable":true,"href":"https:\/\/www.lovendal.ro\/wp52\/wp-json\/wp\/v2\/tags?post=8409"}],"curies":[{"name":"wp","href":"https:\/\/api.w.org\/{rel}","templated":true}]}}