{"id":84052,"date":"2023-01-11T18:55:44","date_gmt":"2023-01-11T16:55:44","guid":{"rendered":"https:\/\/www.lovendal.ro\/wp52\/?p=84052"},"modified":"2023-01-11T18:56:55","modified_gmt":"2023-01-11T16:56:55","slug":"acuzatii-foarte-grave-ale-fostului-spion-ion-mihai-pacepa-ceausescu-a-dorit-ca-romania-sa-produca-arme-nucleare","status":"publish","type":"post","link":"https:\/\/www.lovendal.ro\/wp52\/acuzatii-foarte-grave-ale-fostului-spion-ion-mihai-pacepa-ceausescu-a-dorit-ca-romania-sa-produca-arme-nucleare\/","title":{"rendered":"Acuza\u0163ii foarte grave ale fostului spion Ion Mihai Pacepa: &#8222;Ceau\u015fescu a dorit ca Rom\u00e2nia s\u0103 produc\u0103 arme nucleare&#8221;"},"content":{"rendered":"<p><a href=\"https:\/\/www.lovendal.ro\/wp52\/wp-content\/uploads\/2023\/01\/bomba-nucleara-Ceausescu.jpg\"><img loading=\"lazy\" decoding=\"async\" class=\"alignleft size-full wp-image-84053\" src=\"https:\/\/www.lovendal.ro\/wp52\/wp-content\/uploads\/2023\/01\/bomba-nucleara-Ceausescu.jpg\" alt=\"\" width=\"357\" height=\"200\" srcset=\"https:\/\/www.lovendal.ro\/wp52\/wp-content\/uploads\/2023\/01\/bomba-nucleara-Ceausescu.jpg 357w, https:\/\/www.lovendal.ro\/wp52\/wp-content\/uploads\/2023\/01\/bomba-nucleara-Ceausescu-300x168.jpg 300w\" sizes=\"auto, (max-width: 357px) 100vw, 357px\" \/><\/a>A avut vreodat\u0103 inten\u0163ia Nicolae Ceau\u015fescu ca Rom\u00e2nia s\u0103 construiasc\u0103 arme nucleare? R\u0103spunsul pare a fi &#8222;da&#8221;, conform fostului \u015fef adjunct al spionajului extern rom\u00e2nesc, Mihai Pacepa, care a fost \u015fi consilierul personal al lui Ceau\u015fescu, dar care a fugit \u00een 1978 din \u0163ar\u0103 \u00een SUA, unde a cerut azil politic. Ceea ce se afl\u0103 scris \u00een acest articol este doar p\u0103rerea personal\u0103 a lui Pacepa. El nu a adus dovezi \u00een spusele sale, a\u015fa c\u0103 trebuie s\u0103 lu\u0103m cu mare b\u0103gare de seam\u0103 spusele sale, c\u0103ci e posibil ca totul s\u0103 fie o intoxicare. A\u015fadar, iat\u0103 ce spunea Pacepa \u00een amintirile sale, \u00een volumul <strong><em>&#8222;Din mo\u015ftenirea Kremlinului&#8221;<\/em><\/strong>:<\/p>\n<p>&#8211; <span class=\"selected\">\u00ce<\/span><span class=\"selected\">n <\/span><span class=\"selected\">1974. <\/span><span class=\"selected\">Ceau\u015fescu <\/span><span class=\"selected\">a <\/span><span class=\"selected\">hot\u0103r\u00e2t <\/span><span class=\"selected\">s\u0103 <\/span><span class=\"selected\">treac\u0103 <\/span><span class=\"selected\">la <\/span><span class=\"selected\">produc\u0163ia <\/span><span class=\"selected\">secret\u0103 <\/span><span class=\"selected\">de <\/span><span class=\"selected\">arme <\/span><span class=\"selected\">nucleare, <\/span><span class=\"selected\">bacteriologice <\/span><span class=\"selected\">\u015fi <\/span><span class=\"selected\">chimice<\/span><span class=\"selected\">, <\/span><span class=\"selected\">pe <\/span><span class=\"selected\">care <\/span><span class=\"selected\">vroia <\/span><span class=\"selected\">s\u0103 <\/span><span class=\"selected\">le <\/span><span class=\"selected\">v\u00e2nd\u0103 <\/span><span class=\"selected\">guvernelor <\/span><span class=\"selected\">Libiei, <\/span><span class=\"selected\">Siriei <\/span><span class=\"selected\">\u015fi <\/span><span class=\"selected\">Irakului <\/span><span class=\"selected\">la <\/span><span class=\"selected\">pre\u0163uri <\/span><span class=\"selected\">extrem <\/span><span class=\"selected\">de <\/span><span class=\"selected\">ri<\/span><span class=\"selected\">didicate. \u00ce<\/span><span class=\"selected\">n <\/span><span class=\"selected\">acela\u015fi <\/span><span class=\"selected\">timp, <\/span><span class=\"selected\">el <\/span><span class=\"selected\">vedea <\/span><span class=\"selected\">\u00een <\/span><span class=\"selected\">aceste <\/span><span class=\"selected\">arme <\/span><span class=\"selected\">un<\/span> <span class=\"selected\">mijloc <\/span><span class=\"selected\">extrem <\/span><span class=\"selected\">de <\/span><span class=\"selected\">eficient <\/span><span class=\"selected\">de <\/span><span class=\"selected\">ap\u0103rare <\/span><span class=\"selected\">\u00eempotriva <\/span><span class=\"selected\">unor<\/span> <span class=\"selected\">eventuale <\/span><span class=\"selected\">\u00eencerc\u0103ri <\/span><span class=\"selected\">sovietice <\/span><span class=\"selected\">de <\/span><span class=\"selected\">a<\/span><span class=\"selected\">-l<\/span> <span class=\"selected\">r\u0103sturna <\/span><span class=\"selected\">de <\/span><span class=\"selected\">la <\/span><span class=\"selected\">pu<\/span><span class=\"selected\">tere. <\/span><\/p>\n<p><span class=\"selected\">&#8211; Ministerul Industriei Chimice terminase construc\u0163ia unei sta\u0163ii-pilot pentru producerea apei grele, pe baza datelor sustrase de la compania canadian\u0103 AECL, \u015fi proiecta o instala\u0163ie de produc\u0163ie la scar\u0103 industrial\u0103, ce urma s\u0103 fie amplasat\u0103 \u00een apropierea Slatinei (apa grea produs\u0103 de acea instala\u0163ie urma s\u0103 fie folosit\u0103 at\u00e2t pentru operarea reactoarelor nucleare CANDU de la Cernavod\u0103, c\u00e2t \u015fi pentru producerea de plutoniu necesare armelor nucleare. Din Pakistan urma s\u0103 se ob\u0163in\u0103 tehnologia pakistanez\u0103 pentru producerea bombei nucleare, pe baza unei \u00een\u0163elegeri secrete dintre Ceau\u015fescu \u015fi Zulfiar Ali Butto, primul-ministru al Pakistanului din acea vreme. <\/span><\/p>\n<p>&#8211; \u00ce<span class=\"selected\">n <\/span><span class=\"selected\">1984, <\/span><span class=\"selected\">cu <\/span><span class=\"selected\">ocazia <\/span><span class=\"selected\">unor <\/span><span class=\"selected\">interviuri <\/span><span class=\"selected\">pentru <\/span><span class=\"selected\">ziarele <\/span><span class=\"selected\">trustului <\/span><span class=\"selected\">american <\/span><span class=\"selected\">de <\/span><span class=\"selected\">pres\u0103 <\/span><span class=\"selected\">Hearst <\/span><span class=\"selected\">\u015fi <\/span><span class=\"selected\">pentru <\/span><span class=\"selected\">BBC, <\/span><span class=\"selected\">Ceau\u015fescu <\/span><span class=\"selected\">a <\/span><span class=\"selected\">f\u0103cut <\/span><span class=\"selected\">afirma\u0163ia, <\/span><span class=\"selected\">de <\/span><span class=\"selected\">mare <\/span><span class=\"selected\">r\u0103sunet <\/span><span class=\"selected\">la <\/span><span class=\"selected\">vre<\/span><span class=\"selected\">mea <\/span><span class=\"selected\">aceea, <\/span><span class=\"selected\">c\u0103 <\/span><span class=\"selected\">Rom\u00e2nia <\/span><span class=\"selected\">a <\/span><span class=\"selected\">ajuns <\/span><span class=\"selected\">la <\/span><span class=\"selected\">punctul <\/span><span class=\"selected\">\u00een <\/span><span class=\"selected\">care <\/span><em><span class=\"selected\">&#8222;dac\u0103 <\/span><span class=\"selected\">am <\/span><span class=\"selected\">dori <\/span><span class=\"selected\">s\u0103 <\/span><span class=\"selected\">fabric\u0103m <\/span><span class=\"selected\">o <\/span><span class=\"selected\">arm\u0103 <\/span><span class=\"selected\">nuclear\u0103 <\/span><span class=\"selected\">ast\u0103zi, <\/span><span class=\"selected\">am <\/span><span class=\"selected\">putea <\/span><span class=\"selected\">s\u0103 <\/span><span class=\"selected\">o <\/span><\/em><span class=\"selected\"><em>facem&#8221;<\/em>.<\/span><\/p>\n<p><span class=\"selected\">&#8211; Un <\/span><span class=\"selected\">comunicat <\/span><span class=\"selected\">de <\/span><span class=\"selected\">pres\u0103 <\/span><span class=\"selected\">al <\/span><span class=\"selected\">a<\/span><span class=\"selected\">gen\u0163iei <\/span><span class=\"selected\">Reuter, <\/span><span class=\"selected\">din <\/span><span class=\"selected\">15 <\/span><span class=\"selected\">noiembrie <\/span><span class=\"selected\">1988, <\/span><span class=\"selected\">informa <\/span><span class=\"selected\">c\u0103, <\/span><span class=\"selected\">\u00een <\/span><span class=\"selected\">timpul <\/span><span class=\"selected\">unei <\/span><span class=\"selected\">\u00eent\u00e2lniri <\/span><span class=\"selected\">pe <\/span><span class=\"selected\">care <\/span><span class=\"selected\">a <\/span><span class=\"selected\">avut-o <\/span><span class=\"selected\">\u00een <\/span><span class=\"selected\">Arad <\/span><span class=\"selected\">cu <\/span><span class=\"selected\">pri<\/span><span class=\"selected\">mul-ministru <\/span><span class=\"selected\">maghiar <\/span><span class=\"selected\">Karoly <\/span><span class=\"selected\">Gross, <\/span><span class=\"selected\">Ceau\u015fescu <\/span><span class=\"selected\">ar <\/span><span class=\"selected\">fi <\/span><span class=\"selected\">afirmat <\/span><span class=\"selected\">c\u0103 <\/span><span class=\"selected\">Rom\u00e2nia <\/span><span class=\"selected\">ar <\/span><span class=\"selected\">fi <\/span><span class=\"selected\">acum <\/span><span class=\"selected\">\u00een <\/span><span class=\"selected\">m\u0103sur\u0103 <\/span><span class=\"selected\">s\u0103 <\/span><span class=\"selected\">produc\u0103 <\/span><span class=\"selected\">armament <\/span><span class=\"selected\">nuclear. <\/span><\/p>\n<p>&#8211; <span class=\"selected\">La <\/span><span class=\"selected\">14 <\/span><span class=\"selected\">aprilie <\/span><span class=\"selected\">1989, <\/span><span class=\"selected\">\u00eentr-un <\/span><span class=\"selected\">discurs <\/span><span class=\"selected\">\u0163inut <\/span><span class=\"selected\">\u00een <\/span><span class=\"selected\">fa\u0163a <\/span><span class=\"selected\">Co<\/span><span class=\"selected\">mitetului <\/span><span class=\"selected\">Central <\/span><span class=\"selected\">al <\/span><span class=\"selected\">Frontului <\/span><span class=\"selected\">Democra\u0163iei <\/span><span class=\"selected\">\u015fi <\/span><span class=\"selected\">Unit\u0103\u0163ii <\/span><span class=\"selected\">Socialiste <\/span><span class=\"selected\">\u015fi <\/span><span class=\"selected\">publicat <\/span><span class=\"selected\">\u00een <\/span><span class=\"selected\">presa <\/span><span class=\"selected\">rom\u00e2n\u0103, <\/span><span class=\"selected\">Ceau\u015fescu <\/span><span class=\"selected\">a <\/span><span class=\"selected\">f\u0103<\/span><span class=\"selected\">cut, <\/span><span class=\"selected\">\u00een <\/span><span class=\"selected\">sf\u00e2r\u015fit, <\/span><span class=\"selected\">afirma\u0163ia <\/span><span class=\"selected\">deschis\u0103 <\/span><span class=\"selected\">c\u0103 <\/span><span class=\"selected\">Rom\u00e2nia <\/span><span class=\"selected\">are <\/span><span class=\"selected\">ca<\/span><span class=\"selected\">pacitatea <\/span><span class=\"selected\">de <\/span><span class=\"selected\">a <\/span><span class=\"selected\">produce <\/span><span class=\"selected\">arme <\/span><span class=\"selected\">nucleare. Acuza<\/span><\/p>\n","protected":false},"excerpt":{"rendered":"<p>A avut vreodat\u0103 inten\u0163ia Nicolae Ceau\u015fescu ca Rom\u00e2nia s\u0103 construiasc\u0103 arme nucleare? R\u0103spunsul pare a fi &#8222;da&#8221;, conform fostului \u015fef adjunct al spionajului extern rom\u00e2nesc, Mihai Pacepa, care a fost \u015fi consilierul personal al lui Ceau\u015fescu, dar care a fugit &#8230; <\/p>\n<p class=\"read-more-container\"><a title=\"Acuza\u0163ii foarte grave ale fostului spion Ion Mihai Pacepa: &#8222;Ceau\u015fescu a dorit ca Rom\u00e2nia s\u0103 produc\u0103 arme nucleare&#8221;\" class=\"read-more button\" href=\"https:\/\/www.lovendal.ro\/wp52\/acuzatii-foarte-grave-ale-fostului-spion-ion-mihai-pacepa-ceausescu-a-dorit-ca-romania-sa-produca-arme-nucleare\/#more-84052\" aria-label=\"Cite\u0219te mai multe despre Acuza\u0163ii foarte grave ale fostului spion Ion Mihai Pacepa: &#8222;Ceau\u015fescu a dorit ca Rom\u00e2nia s\u0103 produc\u0103 arme nucleare&#8221;\">Cititi mai multe<\/a><\/p>\n","protected":false},"author":1,"featured_media":84053,"comment_status":"open","ping_status":"open","sticky":false,"template":"","format":"standard","meta":{"footnotes":""},"categories":[475],"tags":[18055,6260,2147,135,15696,358,4823,13633,2123,6723,5686,2906,531,74,3797,10512,23],"class_list":["post-84052","post","type-post","status-publish","format-standard","has-post-thumbnail","hentry","category-conspiratii-mistere","tag-ali-butto","tag-arme-nucleare","tag-bbc","tag-ceausescu","tag-cernavoda","tag-conspiratii-si-mistere","tag-interviu","tag-irak","tag-libia","tag-minister","tag-pacepa","tag-pakistan","tag-prim-ministru","tag-romania","tag-siria","tag-slatina","tag-sua","resize-featured-image"],"yoast_head":"<!-- This site is optimized with the Yoast SEO Premium plugin v23.3 (Yoast SEO v27.4) - https:\/\/yoast.com\/product\/yoast-seo-premium-wordpress\/ -->\n<title>Acuza\u0163ii foarte grave ale fostului spion Ion Mihai Pacepa: &quot;Ceau\u015fescu a dorit ca Rom\u00e2nia s\u0103 produc\u0103 arme nucleare&quot; - Secretele lui Lovendal<\/title>\n<meta name=\"robots\" content=\"index, follow, max-snippet:-1, max-image-preview:large, max-video-preview:-1\" \/>\n<link rel=\"canonical\" href=\"https:\/\/www.lovendal.ro\/wp52\/acuzatii-foarte-grave-ale-fostului-spion-ion-mihai-pacepa-ceausescu-a-dorit-ca-romania-sa-produca-arme-nucleare\/\" \/>\n<meta property=\"og:locale\" content=\"ro_RO\" \/>\n<meta property=\"og:type\" content=\"article\" \/>\n<meta property=\"og:title\" content=\"Acuza\u0163ii foarte grave ale fostului spion Ion Mihai Pacepa: &quot;Ceau\u015fescu a dorit ca Rom\u00e2nia s\u0103 produc\u0103 arme nucleare&quot;\" \/>\n<meta property=\"og:description\" content=\"A avut vreodat\u0103 inten\u0163ia Nicolae Ceau\u015fescu ca Rom\u00e2nia s\u0103 construiasc\u0103 arme nucleare? R\u0103spunsul pare a fi &#8222;da&#8221;, conform fostului \u015fef adjunct al spionajului extern rom\u00e2nesc, Mihai Pacepa, care a fost \u015fi consilierul personal al lui Ceau\u015fescu, dar care a fugit ... Cititi mai multe\" \/>\n<meta property=\"og:url\" content=\"https:\/\/www.lovendal.ro\/wp52\/acuzatii-foarte-grave-ale-fostului-spion-ion-mihai-pacepa-ceausescu-a-dorit-ca-romania-sa-produca-arme-nucleare\/\" \/>\n<meta property=\"og:site_name\" content=\"Secretele lui Lovendal\" \/>\n<meta property=\"article:publisher\" content=\"https:\/\/www.facebook.com\/secreteleluilovendal\" \/>\n<meta property=\"article:published_time\" content=\"2023-01-11T16:55:44+00:00\" \/>\n<meta property=\"article:modified_time\" content=\"2023-01-11T16:56:55+00:00\" \/>\n<meta property=\"og:image\" content=\"https:\/\/www.lovendal.ro\/wp52\/wp-content\/uploads\/2023\/01\/bomba-nucleara-Ceausescu.jpg\" \/>\n\t<meta property=\"og:image:width\" content=\"357\" \/>\n\t<meta property=\"og:image:height\" content=\"200\" \/>\n\t<meta property=\"og:image:type\" content=\"image\/jpeg\" \/>\n<meta name=\"author\" content=\"admin\" \/>\n<meta name=\"twitter:card\" content=\"summary_large_image\" \/>\n<meta name=\"twitter:label1\" content=\"Scris de\" \/>\n\t<meta name=\"twitter:data1\" content=\"admin\" \/>\n\t<meta name=\"twitter:label2\" content=\"Timp estimat pentru citire\" \/>\n\t<meta name=\"twitter:data2\" content=\"2 minute\" \/>\n<script type=\"application\/ld+json\" class=\"yoast-schema-graph\">{\"@context\":\"https:\\\/\\\/schema.org\",\"@graph\":[{\"@type\":\"Article\",\"@id\":\"https:\\\/\\\/www.lovendal.ro\\\/wp52\\\/acuzatii-foarte-grave-ale-fostului-spion-ion-mihai-pacepa-ceausescu-a-dorit-ca-romania-sa-produca-arme-nucleare\\\/#article\",\"isPartOf\":{\"@id\":\"https:\\\/\\\/www.lovendal.ro\\\/wp52\\\/acuzatii-foarte-grave-ale-fostului-spion-ion-mihai-pacepa-ceausescu-a-dorit-ca-romania-sa-produca-arme-nucleare\\\/\"},\"author\":{\"name\":\"admin\",\"@id\":\"https:\\\/\\\/www.lovendal.ro\\\/wp52\\\/#\\\/schema\\\/person\\\/088691de5dfc346bb0c023e1e52ef5d9\"},\"headline\":\"Acuza\u0163ii foarte grave ale fostului spion Ion Mihai Pacepa: &#8222;Ceau\u015fescu a dorit ca Rom\u00e2nia s\u0103 produc\u0103 arme nucleare&#8221;\",\"datePublished\":\"2023-01-11T16:55:44+00:00\",\"dateModified\":\"2023-01-11T16:56:55+00:00\",\"mainEntityOfPage\":{\"@id\":\"https:\\\/\\\/www.lovendal.ro\\\/wp52\\\/acuzatii-foarte-grave-ale-fostului-spion-ion-mihai-pacepa-ceausescu-a-dorit-ca-romania-sa-produca-arme-nucleare\\\/\"},\"wordCount\":472,\"commentCount\":0,\"publisher\":{\"@id\":\"https:\\\/\\\/www.lovendal.ro\\\/wp52\\\/#organization\"},\"image\":{\"@id\":\"https:\\\/\\\/www.lovendal.ro\\\/wp52\\\/acuzatii-foarte-grave-ale-fostului-spion-ion-mihai-pacepa-ceausescu-a-dorit-ca-romania-sa-produca-arme-nucleare\\\/#primaryimage\"},\"thumbnailUrl\":\"https:\\\/\\\/www.lovendal.ro\\\/wp52\\\/wp-content\\\/uploads\\\/2023\\\/01\\\/bomba-nucleara-Ceausescu.jpg\",\"keywords\":[\"Ali Butto\",\"arme nucleare\",\"BBC\",\"Ceau\u015fescu\",\"Cernavod\u0103\",\"Conspiratii si Mistere\",\"interviu\",\"Irak\",\"Libia\",\"minister\",\"Pacepa\",\"Pakistan\",\"prim-ministru\",\"Rom\u00e2nia\",\"Siria\",\"Slatina\",\"SUA\"],\"articleSection\":[\"Conspiratii si Mistere\"],\"inLanguage\":\"ro-RO\",\"potentialAction\":[{\"@type\":\"CommentAction\",\"name\":\"Comment\",\"target\":[\"https:\\\/\\\/www.lovendal.ro\\\/wp52\\\/acuzatii-foarte-grave-ale-fostului-spion-ion-mihai-pacepa-ceausescu-a-dorit-ca-romania-sa-produca-arme-nucleare\\\/#respond\"]}]},{\"@type\":\"WebPage\",\"@id\":\"https:\\\/\\\/www.lovendal.ro\\\/wp52\\\/acuzatii-foarte-grave-ale-fostului-spion-ion-mihai-pacepa-ceausescu-a-dorit-ca-romania-sa-produca-arme-nucleare\\\/\",\"url\":\"https:\\\/\\\/www.lovendal.ro\\\/wp52\\\/acuzatii-foarte-grave-ale-fostului-spion-ion-mihai-pacepa-ceausescu-a-dorit-ca-romania-sa-produca-arme-nucleare\\\/\",\"name\":\"Acuza\u0163ii foarte grave ale fostului spion Ion Mihai Pacepa: \\\"Ceau\u015fescu a dorit ca Rom\u00e2nia s\u0103 produc\u0103 arme nucleare\\\" - Secretele lui Lovendal\",\"isPartOf\":{\"@id\":\"https:\\\/\\\/www.lovendal.ro\\\/wp52\\\/#website\"},\"primaryImageOfPage\":{\"@id\":\"https:\\\/\\\/www.lovendal.ro\\\/wp52\\\/acuzatii-foarte-grave-ale-fostului-spion-ion-mihai-pacepa-ceausescu-a-dorit-ca-romania-sa-produca-arme-nucleare\\\/#primaryimage\"},\"image\":{\"@id\":\"https:\\\/\\\/www.lovendal.ro\\\/wp52\\\/acuzatii-foarte-grave-ale-fostului-spion-ion-mihai-pacepa-ceausescu-a-dorit-ca-romania-sa-produca-arme-nucleare\\\/#primaryimage\"},\"thumbnailUrl\":\"https:\\\/\\\/www.lovendal.ro\\\/wp52\\\/wp-content\\\/uploads\\\/2023\\\/01\\\/bomba-nucleara-Ceausescu.jpg\",\"datePublished\":\"2023-01-11T16:55:44+00:00\",\"dateModified\":\"2023-01-11T16:56:55+00:00\",\"breadcrumb\":{\"@id\":\"https:\\\/\\\/www.lovendal.ro\\\/wp52\\\/acuzatii-foarte-grave-ale-fostului-spion-ion-mihai-pacepa-ceausescu-a-dorit-ca-romania-sa-produca-arme-nucleare\\\/#breadcrumb\"},\"inLanguage\":\"ro-RO\",\"potentialAction\":[{\"@type\":\"ReadAction\",\"target\":[\"https:\\\/\\\/www.lovendal.ro\\\/wp52\\\/acuzatii-foarte-grave-ale-fostului-spion-ion-mihai-pacepa-ceausescu-a-dorit-ca-romania-sa-produca-arme-nucleare\\\/\"]}]},{\"@type\":\"ImageObject\",\"inLanguage\":\"ro-RO\",\"@id\":\"https:\\\/\\\/www.lovendal.ro\\\/wp52\\\/acuzatii-foarte-grave-ale-fostului-spion-ion-mihai-pacepa-ceausescu-a-dorit-ca-romania-sa-produca-arme-nucleare\\\/#primaryimage\",\"url\":\"https:\\\/\\\/www.lovendal.ro\\\/wp52\\\/wp-content\\\/uploads\\\/2023\\\/01\\\/bomba-nucleara-Ceausescu.jpg\",\"contentUrl\":\"https:\\\/\\\/www.lovendal.ro\\\/wp52\\\/wp-content\\\/uploads\\\/2023\\\/01\\\/bomba-nucleara-Ceausescu.jpg\",\"width\":357,\"height\":200},{\"@type\":\"BreadcrumbList\",\"@id\":\"https:\\\/\\\/www.lovendal.ro\\\/wp52\\\/acuzatii-foarte-grave-ale-fostului-spion-ion-mihai-pacepa-ceausescu-a-dorit-ca-romania-sa-produca-arme-nucleare\\\/#breadcrumb\",\"itemListElement\":[{\"@type\":\"ListItem\",\"position\":1,\"name\":\"Home\",\"item\":\"https:\\\/\\\/www.lovendal.ro\\\/wp52\\\/\"},{\"@type\":\"ListItem\",\"position\":2,\"name\":\"Acuza\u0163ii foarte grave ale fostului spion Ion Mihai Pacepa: &#8222;Ceau\u015fescu a dorit ca Rom\u00e2nia s\u0103 produc\u0103 arme nucleare&#8221;\"}]},{\"@type\":\"WebSite\",\"@id\":\"https:\\\/\\\/www.lovendal.ro\\\/wp52\\\/#website\",\"url\":\"https:\\\/\\\/www.lovendal.ro\\\/wp52\\\/\",\"name\":\"Secretele lui Lovendal\",\"description\":\"Site de secrete, stiinta si metafizica - din 2008 -\",\"publisher\":{\"@id\":\"https:\\\/\\\/www.lovendal.ro\\\/wp52\\\/#organization\"},\"potentialAction\":[{\"@type\":\"SearchAction\",\"target\":{\"@type\":\"EntryPoint\",\"urlTemplate\":\"https:\\\/\\\/www.lovendal.ro\\\/wp52\\\/?s={search_term_string}\"},\"query-input\":{\"@type\":\"PropertyValueSpecification\",\"valueRequired\":true,\"valueName\":\"search_term_string\"}}],\"inLanguage\":\"ro-RO\"},{\"@type\":\"Organization\",\"@id\":\"https:\\\/\\\/www.lovendal.ro\\\/wp52\\\/#organization\",\"name\":\"Secretele lui Lovendal\",\"url\":\"https:\\\/\\\/www.lovendal.ro\\\/wp52\\\/\",\"logo\":{\"@type\":\"ImageObject\",\"inLanguage\":\"ro-RO\",\"@id\":\"https:\\\/\\\/www.lovendal.ro\\\/wp52\\\/#\\\/schema\\\/logo\\\/image\\\/\",\"url\":\"https:\\\/\\\/www.lovendal.ro\\\/wp52\\\/wp-content\\\/uploads\\\/2024\\\/06\\\/cropped-SLL-iun-2024-1.jpg\",\"contentUrl\":\"https:\\\/\\\/www.lovendal.ro\\\/wp52\\\/wp-content\\\/uploads\\\/2024\\\/06\\\/cropped-SLL-iun-2024-1.jpg\",\"width\":771,\"height\":240,\"caption\":\"Secretele lui Lovendal\"},\"image\":{\"@id\":\"https:\\\/\\\/www.lovendal.ro\\\/wp52\\\/#\\\/schema\\\/logo\\\/image\\\/\"},\"sameAs\":[\"https:\\\/\\\/www.facebook.com\\\/secreteleluilovendal\"]},{\"@type\":\"Person\",\"@id\":\"https:\\\/\\\/www.lovendal.ro\\\/wp52\\\/#\\\/schema\\\/person\\\/088691de5dfc346bb0c023e1e52ef5d9\",\"name\":\"admin\",\"image\":{\"@type\":\"ImageObject\",\"inLanguage\":\"ro-RO\",\"@id\":\"https:\\\/\\\/secure.gravatar.com\\\/avatar\\\/ecb9cd41f5f63c9c9b989999a59f6e2639a865ec361e9db054db0679a8f341c2?s=96&d=mm&r=g\",\"url\":\"https:\\\/\\\/secure.gravatar.com\\\/avatar\\\/ecb9cd41f5f63c9c9b989999a59f6e2639a865ec361e9db054db0679a8f341c2?s=96&d=mm&r=g\",\"contentUrl\":\"https:\\\/\\\/secure.gravatar.com\\\/avatar\\\/ecb9cd41f5f63c9c9b989999a59f6e2639a865ec361e9db054db0679a8f341c2?s=96&d=mm&r=g\",\"caption\":\"admin\"},\"sameAs\":[\"https:\\\/\\\/www.lovendal.ro\\\/wp52\"]}]}<\/script>\n<!-- \/ Yoast SEO Premium plugin. -->","yoast_head_json":{"title":"Acuza\u0163ii foarte grave ale fostului spion Ion Mihai Pacepa: \"Ceau\u015fescu a dorit ca Rom\u00e2nia s\u0103 produc\u0103 arme nucleare\" - Secretele lui Lovendal","robots":{"index":"index","follow":"follow","max-snippet":"max-snippet:-1","max-image-preview":"max-image-preview:large","max-video-preview":"max-video-preview:-1"},"canonical":"https:\/\/www.lovendal.ro\/wp52\/acuzatii-foarte-grave-ale-fostului-spion-ion-mihai-pacepa-ceausescu-a-dorit-ca-romania-sa-produca-arme-nucleare\/","og_locale":"ro_RO","og_type":"article","og_title":"Acuza\u0163ii foarte grave ale fostului spion Ion Mihai Pacepa: \"Ceau\u015fescu a dorit ca Rom\u00e2nia s\u0103 produc\u0103 arme nucleare\"","og_description":"A avut vreodat\u0103 inten\u0163ia Nicolae Ceau\u015fescu ca Rom\u00e2nia s\u0103 construiasc\u0103 arme nucleare? R\u0103spunsul pare a fi &#8222;da&#8221;, conform fostului \u015fef adjunct al spionajului extern rom\u00e2nesc, Mihai Pacepa, care a fost \u015fi consilierul personal al lui Ceau\u015fescu, dar care a fugit ... Cititi mai multe","og_url":"https:\/\/www.lovendal.ro\/wp52\/acuzatii-foarte-grave-ale-fostului-spion-ion-mihai-pacepa-ceausescu-a-dorit-ca-romania-sa-produca-arme-nucleare\/","og_site_name":"Secretele lui Lovendal","article_publisher":"https:\/\/www.facebook.com\/secreteleluilovendal","article_published_time":"2023-01-11T16:55:44+00:00","article_modified_time":"2023-01-11T16:56:55+00:00","og_image":[{"width":357,"height":200,"url":"https:\/\/www.lovendal.ro\/wp52\/wp-content\/uploads\/2023\/01\/bomba-nucleara-Ceausescu.jpg","type":"image\/jpeg"}],"author":"admin","twitter_card":"summary_large_image","twitter_misc":{"Scris de":"admin","Timp estimat pentru citire":"2 minute"},"schema":{"@context":"https:\/\/schema.org","@graph":[{"@type":"Article","@id":"https:\/\/www.lovendal.ro\/wp52\/acuzatii-foarte-grave-ale-fostului-spion-ion-mihai-pacepa-ceausescu-a-dorit-ca-romania-sa-produca-arme-nucleare\/#article","isPartOf":{"@id":"https:\/\/www.lovendal.ro\/wp52\/acuzatii-foarte-grave-ale-fostului-spion-ion-mihai-pacepa-ceausescu-a-dorit-ca-romania-sa-produca-arme-nucleare\/"},"author":{"name":"admin","@id":"https:\/\/www.lovendal.ro\/wp52\/#\/schema\/person\/088691de5dfc346bb0c023e1e52ef5d9"},"headline":"Acuza\u0163ii foarte grave ale fostului spion Ion Mihai Pacepa: &#8222;Ceau\u015fescu a dorit ca Rom\u00e2nia s\u0103 produc\u0103 arme nucleare&#8221;","datePublished":"2023-01-11T16:55:44+00:00","dateModified":"2023-01-11T16:56:55+00:00","mainEntityOfPage":{"@id":"https:\/\/www.lovendal.ro\/wp52\/acuzatii-foarte-grave-ale-fostului-spion-ion-mihai-pacepa-ceausescu-a-dorit-ca-romania-sa-produca-arme-nucleare\/"},"wordCount":472,"commentCount":0,"publisher":{"@id":"https:\/\/www.lovendal.ro\/wp52\/#organization"},"image":{"@id":"https:\/\/www.lovendal.ro\/wp52\/acuzatii-foarte-grave-ale-fostului-spion-ion-mihai-pacepa-ceausescu-a-dorit-ca-romania-sa-produca-arme-nucleare\/#primaryimage"},"thumbnailUrl":"https:\/\/www.lovendal.ro\/wp52\/wp-content\/uploads\/2023\/01\/bomba-nucleara-Ceausescu.jpg","keywords":["Ali Butto","arme nucleare","BBC","Ceau\u015fescu","Cernavod\u0103","Conspiratii si Mistere","interviu","Irak","Libia","minister","Pacepa","Pakistan","prim-ministru","Rom\u00e2nia","Siria","Slatina","SUA"],"articleSection":["Conspiratii si Mistere"],"inLanguage":"ro-RO","potentialAction":[{"@type":"CommentAction","name":"Comment","target":["https:\/\/www.lovendal.ro\/wp52\/acuzatii-foarte-grave-ale-fostului-spion-ion-mihai-pacepa-ceausescu-a-dorit-ca-romania-sa-produca-arme-nucleare\/#respond"]}]},{"@type":"WebPage","@id":"https:\/\/www.lovendal.ro\/wp52\/acuzatii-foarte-grave-ale-fostului-spion-ion-mihai-pacepa-ceausescu-a-dorit-ca-romania-sa-produca-arme-nucleare\/","url":"https:\/\/www.lovendal.ro\/wp52\/acuzatii-foarte-grave-ale-fostului-spion-ion-mihai-pacepa-ceausescu-a-dorit-ca-romania-sa-produca-arme-nucleare\/","name":"Acuza\u0163ii foarte grave ale fostului spion Ion Mihai Pacepa: \"Ceau\u015fescu a dorit ca Rom\u00e2nia s\u0103 produc\u0103 arme nucleare\" - Secretele lui Lovendal","isPartOf":{"@id":"https:\/\/www.lovendal.ro\/wp52\/#website"},"primaryImageOfPage":{"@id":"https:\/\/www.lovendal.ro\/wp52\/acuzatii-foarte-grave-ale-fostului-spion-ion-mihai-pacepa-ceausescu-a-dorit-ca-romania-sa-produca-arme-nucleare\/#primaryimage"},"image":{"@id":"https:\/\/www.lovendal.ro\/wp52\/acuzatii-foarte-grave-ale-fostului-spion-ion-mihai-pacepa-ceausescu-a-dorit-ca-romania-sa-produca-arme-nucleare\/#primaryimage"},"thumbnailUrl":"https:\/\/www.lovendal.ro\/wp52\/wp-content\/uploads\/2023\/01\/bomba-nucleara-Ceausescu.jpg","datePublished":"2023-01-11T16:55:44+00:00","dateModified":"2023-01-11T16:56:55+00:00","breadcrumb":{"@id":"https:\/\/www.lovendal.ro\/wp52\/acuzatii-foarte-grave-ale-fostului-spion-ion-mihai-pacepa-ceausescu-a-dorit-ca-romania-sa-produca-arme-nucleare\/#breadcrumb"},"inLanguage":"ro-RO","potentialAction":[{"@type":"ReadAction","target":["https:\/\/www.lovendal.ro\/wp52\/acuzatii-foarte-grave-ale-fostului-spion-ion-mihai-pacepa-ceausescu-a-dorit-ca-romania-sa-produca-arme-nucleare\/"]}]},{"@type":"ImageObject","inLanguage":"ro-RO","@id":"https:\/\/www.lovendal.ro\/wp52\/acuzatii-foarte-grave-ale-fostului-spion-ion-mihai-pacepa-ceausescu-a-dorit-ca-romania-sa-produca-arme-nucleare\/#primaryimage","url":"https:\/\/www.lovendal.ro\/wp52\/wp-content\/uploads\/2023\/01\/bomba-nucleara-Ceausescu.jpg","contentUrl":"https:\/\/www.lovendal.ro\/wp52\/wp-content\/uploads\/2023\/01\/bomba-nucleara-Ceausescu.jpg","width":357,"height":200},{"@type":"BreadcrumbList","@id":"https:\/\/www.lovendal.ro\/wp52\/acuzatii-foarte-grave-ale-fostului-spion-ion-mihai-pacepa-ceausescu-a-dorit-ca-romania-sa-produca-arme-nucleare\/#breadcrumb","itemListElement":[{"@type":"ListItem","position":1,"name":"Home","item":"https:\/\/www.lovendal.ro\/wp52\/"},{"@type":"ListItem","position":2,"name":"Acuza\u0163ii foarte grave ale fostului spion Ion Mihai Pacepa: &#8222;Ceau\u015fescu a dorit ca Rom\u00e2nia s\u0103 produc\u0103 arme nucleare&#8221;"}]},{"@type":"WebSite","@id":"https:\/\/www.lovendal.ro\/wp52\/#website","url":"https:\/\/www.lovendal.ro\/wp52\/","name":"Secretele lui Lovendal","description":"Site de secrete, stiinta si metafizica - din 2008 -","publisher":{"@id":"https:\/\/www.lovendal.ro\/wp52\/#organization"},"potentialAction":[{"@type":"SearchAction","target":{"@type":"EntryPoint","urlTemplate":"https:\/\/www.lovendal.ro\/wp52\/?s={search_term_string}"},"query-input":{"@type":"PropertyValueSpecification","valueRequired":true,"valueName":"search_term_string"}}],"inLanguage":"ro-RO"},{"@type":"Organization","@id":"https:\/\/www.lovendal.ro\/wp52\/#organization","name":"Secretele lui Lovendal","url":"https:\/\/www.lovendal.ro\/wp52\/","logo":{"@type":"ImageObject","inLanguage":"ro-RO","@id":"https:\/\/www.lovendal.ro\/wp52\/#\/schema\/logo\/image\/","url":"https:\/\/www.lovendal.ro\/wp52\/wp-content\/uploads\/2024\/06\/cropped-SLL-iun-2024-1.jpg","contentUrl":"https:\/\/www.lovendal.ro\/wp52\/wp-content\/uploads\/2024\/06\/cropped-SLL-iun-2024-1.jpg","width":771,"height":240,"caption":"Secretele lui Lovendal"},"image":{"@id":"https:\/\/www.lovendal.ro\/wp52\/#\/schema\/logo\/image\/"},"sameAs":["https:\/\/www.facebook.com\/secreteleluilovendal"]},{"@type":"Person","@id":"https:\/\/www.lovendal.ro\/wp52\/#\/schema\/person\/088691de5dfc346bb0c023e1e52ef5d9","name":"admin","image":{"@type":"ImageObject","inLanguage":"ro-RO","@id":"https:\/\/secure.gravatar.com\/avatar\/ecb9cd41f5f63c9c9b989999a59f6e2639a865ec361e9db054db0679a8f341c2?s=96&d=mm&r=g","url":"https:\/\/secure.gravatar.com\/avatar\/ecb9cd41f5f63c9c9b989999a59f6e2639a865ec361e9db054db0679a8f341c2?s=96&d=mm&r=g","contentUrl":"https:\/\/secure.gravatar.com\/avatar\/ecb9cd41f5f63c9c9b989999a59f6e2639a865ec361e9db054db0679a8f341c2?s=96&d=mm&r=g","caption":"admin"},"sameAs":["https:\/\/www.lovendal.ro\/wp52"]}]}},"_links":{"self":[{"href":"https:\/\/www.lovendal.ro\/wp52\/wp-json\/wp\/v2\/posts\/84052","targetHints":{"allow":["GET"]}}],"collection":[{"href":"https:\/\/www.lovendal.ro\/wp52\/wp-json\/wp\/v2\/posts"}],"about":[{"href":"https:\/\/www.lovendal.ro\/wp52\/wp-json\/wp\/v2\/types\/post"}],"author":[{"embeddable":true,"href":"https:\/\/www.lovendal.ro\/wp52\/wp-json\/wp\/v2\/users\/1"}],"replies":[{"embeddable":true,"href":"https:\/\/www.lovendal.ro\/wp52\/wp-json\/wp\/v2\/comments?post=84052"}],"version-history":[{"count":1,"href":"https:\/\/www.lovendal.ro\/wp52\/wp-json\/wp\/v2\/posts\/84052\/revisions"}],"predecessor-version":[{"id":84054,"href":"https:\/\/www.lovendal.ro\/wp52\/wp-json\/wp\/v2\/posts\/84052\/revisions\/84054"}],"wp:featuredmedia":[{"embeddable":true,"href":"https:\/\/www.lovendal.ro\/wp52\/wp-json\/wp\/v2\/media\/84053"}],"wp:attachment":[{"href":"https:\/\/www.lovendal.ro\/wp52\/wp-json\/wp\/v2\/media?parent=84052"}],"wp:term":[{"taxonomy":"category","embeddable":true,"href":"https:\/\/www.lovendal.ro\/wp52\/wp-json\/wp\/v2\/categories?post=84052"},{"taxonomy":"post_tag","embeddable":true,"href":"https:\/\/www.lovendal.ro\/wp52\/wp-json\/wp\/v2\/tags?post=84052"}],"curies":[{"name":"wp","href":"https:\/\/api.w.org\/{rel}","templated":true}]}}