{"id":83992,"date":"2023-01-05T20:34:11","date_gmt":"2023-01-05T18:34:11","guid":{"rendered":"https:\/\/www.lovendal.ro\/wp52\/?p=83992"},"modified":"2023-01-05T20:34:11","modified_gmt":"2023-01-05T18:34:11","slug":"sub-cetatea-neamtului-se-afla-o-incredibila-comoara-de-aur-o-legenda-curioasa","status":"publish","type":"post","link":"https:\/\/www.lovendal.ro\/wp52\/sub-cetatea-neamtului-se-afla-o-incredibila-comoara-de-aur-o-legenda-curioasa\/","title":{"rendered":"Sub Cetatea Neam\u0163ului se afl\u0103 o incredibil\u0103 comoar\u0103 de aur? O legend\u0103 curioas\u0103&#8230;"},"content":{"rendered":"<p><a href=\"https:\/\/www.lovendal.ro\/wp52\/wp-content\/uploads\/2023\/01\/Cetatea-Neamtului.jpg\"><img loading=\"lazy\" decoding=\"async\" class=\"alignleft size-full wp-image-83993\" src=\"https:\/\/www.lovendal.ro\/wp52\/wp-content\/uploads\/2023\/01\/Cetatea-Neamtului.jpg\" alt=\"\" width=\"370\" height=\"247\" srcset=\"https:\/\/www.lovendal.ro\/wp52\/wp-content\/uploads\/2023\/01\/Cetatea-Neamtului.jpg 370w, https:\/\/www.lovendal.ro\/wp52\/wp-content\/uploads\/2023\/01\/Cetatea-Neamtului-300x200.jpg 300w\" sizes=\"auto, (max-width: 370px) 100vw, 370px\" \/><\/a>Una dintre cele mai frumoase cet\u0103\u0163i din Rom\u00e2nia este, f\u0103r\u0103 \u00eendoial\u0103, Cetatea Neam\u0163ului, aflat\u0103 la marginea ora\u015fului T\u00e2rgu Neam\u0163, pe o culme \u00een\u0103l\u0163at\u0103. Cetatea a fost ridicat\u0103 la sf\u00e2r\u015fitul secolului al XIV-lea de c\u0103tre domnitorul moldovean Petru I Mu\u015fat (1374-1391). Ini\u0163ial, s-a construit un fort central, aproape p\u0103trat, cu funda\u0163ia construit\u0103 \u00een trepte, adaptat\u0103 la forma terenului, pe care s-au ridicat ziduri groase de 2-3 metri \u015fi \u00eenalte de 12 metri, prev\u0103zute cu creneluri \u015fi cu patru tunuri de ap\u0103rare \u00een col\u0163uri. \u00cen exterior, zidurile erau sus\u0163inute de 15 contraforturi, puternice \u015fi impun\u0103toare. A doua perioad\u0103 de construc\u0163ie a cet\u0103\u0163ii a fost \u00een timpul domniei lui \u015etefan cel Mare (1457-1504), atunci ad\u0103ug\u00e2ndu-se curtea exterioar\u0103, \u015fi o nou\u0103 centur\u0103 de ziduri, cu 4 bastioane semicirculare, care s\u0103 poat\u0103 rezista artileriei de asediu. Au fost \u00een\u0103l\u0163ate p\u00e2n\u0103 la 20 de metri \u015fi zidurile vechiului fort, iar \u00een jurul cet\u0103\u0163ii s-a s\u0103pat un nou \u015fan\u0163 de ap\u0103rare, ad\u00e2nc de 10 metri \u015fi lung de 25 metri, peste care s-a construit un pod arcuit, sprijinit pe 11 piloni de piatr\u0103, care asigura intrarea \u00een cetate, prin poarta central\u0103.<\/p>\n<p>Mul\u0163i au auzit despre legendele cet\u0103\u0163ii Neam\u0163ului. Aici ar fi rezistat eroic cei 19 pl\u0103ie\u015fi, \u00een fata asediului regelui polonez Ian Sobieski \u015fi tot aici, mama lui \u015etefan cel Mare i-ar fi cerut domnitorului s\u0103 nu caute refugiu, ci s\u0103 se \u00eentoarc\u0103 la lupt\u0103. Odat\u0103 cu \u00eenceputul secolului al XVIII-lea, importan\u0163a Cet\u0103\u0163ii Neam\u0163 \u00eencepe s\u0103 scad\u0103, odat\u0103 cu sc\u0103derea puterii institu\u0163iei domniei. Cetatea Neam\u0163ului a devenit monument istoric \u00een anul 1966. Pentru conservarea \u015fi p\u0103strarea cet\u0103\u0163ii \u00een condi\u0163ii c\u00e2t mai bune au fost efectuate lucr\u0103ri de reconsolidare (1968-1972).<\/p>\n<p>Exist\u0103 o legend\u0103 foarte interesant\u0103 cu privire la Cetatea Neam\u0163ului, legend\u0103 povestit\u0103 de preotul Constantin Matas\u0103, \u00een lucrarea <em><strong>&#8222;Cetatea Neam\u0163ului&#8221;<\/strong><\/em>, ap\u0103rut\u0103 \u00een anul 2017. El pretinde c\u0103 a auzit \u00eent\u00e2mplarea de la un b\u0103tr\u00e2n din T\u00e2rgu Neam\u0163, care o auzise \u015fi el, la r\u00e2ndul lui, de la al\u0163ii. Astfel, se spun c\u0103 era un om s\u0103rac care tr\u0103ia \u00eentr-un sat aflat chiar sub poala Cet\u0103\u0163ii Neam\u0163ului. Un r\u0103\u0163oi, pe care l-avea \u00een curtea sa, se r\u0103t\u0103cise, dar dup\u0103 c\u00e2teva zile acesta ap\u0103ruse plin de glod \u015fi jumulit ca vai de el. A doua zi, r\u0103\u0163oiul iar plec\u0103 din curtea \u0163\u0103ranului, dar acesta deveni curios s\u0103 vad\u0103 pe unde umbl\u0103 \u015fi-l p\u00e2ndi; astfel, descoperi c\u0103 r\u0103\u0163oiul intr\u0103 \u00eentr-o scobitur\u0103 ad\u00e2nc\u0103, f\u0103cut\u0103 \u00een p\u0103m\u00e2nt sub cetate.<\/p>\n<p>Cum \u00eei vine r\u0103\u0163oiul acas\u0103, \u0163\u0103ranul g\u0103se\u015fte \u00een gu\u015fa lui un ban de aur! Se pare c\u0103 r\u0103\u0163oiul, z\u0103rind \u00een hrub\u0103 ni\u015fte monede de aur, a \u00eenh\u0103pat repede o moned\u0103. \u00cent\u00e2mplarea aceasta l-a \u00eendemnat pe bietul om s\u0103 scormoneasc\u0103 \u015fi el pe urmele r\u0103\u0163oiului \u015fi se apuc\u0103 de s\u0103pat, \u00een puterea nop\u0163ii. \u00cens\u0103, \u00een \u00eentunericul hrubei, \u0163\u0103ranul observ\u0103 o vedenie \u00eenfrico\u015fat\u0103, care l-a lecuit pentru totdeauna de comori&#8230;<\/p>\n","protected":false},"excerpt":{"rendered":"<p>Una dintre cele mai frumoase cet\u0103\u0163i din Rom\u00e2nia este, f\u0103r\u0103 \u00eendoial\u0103, Cetatea Neam\u0163ului, aflat\u0103 la marginea ora\u015fului T\u00e2rgu Neam\u0163, pe o culme \u00een\u0103l\u0163at\u0103. Cetatea a fost ridicat\u0103 la sf\u00e2r\u015fitul secolului al XIV-lea de c\u0103tre domnitorul moldovean Petru I Mu\u015fat (1374-1391). &#8230; <\/p>\n<p class=\"read-more-container\"><a title=\"Sub Cetatea Neam\u0163ului se afl\u0103 o incredibil\u0103 comoar\u0103 de aur? O legend\u0103 curioas\u0103&#8230;\" class=\"read-more button\" href=\"https:\/\/www.lovendal.ro\/wp52\/sub-cetatea-neamtului-se-afla-o-incredibila-comoara-de-aur-o-legenda-curioasa\/#more-83992\" aria-label=\"Cite\u0219te mai multe despre Sub Cetatea Neam\u0163ului se afl\u0103 o incredibil\u0103 comoar\u0103 de aur? O legend\u0103 curioas\u0103&#8230;\">Cititi mai multe<\/a><\/p>\n","protected":false},"author":1,"featured_media":83993,"comment_status":"open","ping_status":"open","sticky":false,"template":"","format":"standard","meta":{"footnotes":""},"categories":[10210],"tags":[685,2280,2436,205,1428,1899,669,8045,15024,592,453,74,10211,2434,544,17392,16891],"class_list":["post-83992","post","type-post","status-publish","format-standard","has-post-thumbnail","hentry","category-romania-misterioasa","tag-aur","tag-cetate","tag-cetatea-neamtului","tag-comoara","tag-domnitor","tag-legenda","tag-moneda","tag-neamt","tag-petru-i-musat","tag-preot","tag-rege","tag-romania","tag-romania-misterioasa","tag-sobieski","tag-stefan-cel-mare","tag-targu-neamt","tag-ziduri","resize-featured-image"],"yoast_head":"<!-- This site is optimized with the Yoast SEO Premium plugin v23.3 (Yoast SEO v27.4) - https:\/\/yoast.com\/product\/yoast-seo-premium-wordpress\/ -->\n<title>Sub Cetatea Neam\u0163ului se afl\u0103 o incredibil\u0103 comoar\u0103 de aur? O legend\u0103 curioas\u0103... - Secretele lui Lovendal<\/title>\n<meta name=\"robots\" content=\"index, follow, max-snippet:-1, max-image-preview:large, max-video-preview:-1\" \/>\n<link rel=\"canonical\" href=\"https:\/\/www.lovendal.ro\/wp52\/sub-cetatea-neamtului-se-afla-o-incredibila-comoara-de-aur-o-legenda-curioasa\/\" \/>\n<meta property=\"og:locale\" content=\"ro_RO\" \/>\n<meta property=\"og:type\" content=\"article\" \/>\n<meta property=\"og:title\" content=\"Sub Cetatea Neam\u0163ului se afl\u0103 o incredibil\u0103 comoar\u0103 de aur? O legend\u0103 curioas\u0103...\" \/>\n<meta property=\"og:description\" content=\"Una dintre cele mai frumoase cet\u0103\u0163i din Rom\u00e2nia este, f\u0103r\u0103 \u00eendoial\u0103, Cetatea Neam\u0163ului, aflat\u0103 la marginea ora\u015fului T\u00e2rgu Neam\u0163, pe o culme \u00een\u0103l\u0163at\u0103. Cetatea a fost ridicat\u0103 la sf\u00e2r\u015fitul secolului al XIV-lea de c\u0103tre domnitorul moldovean Petru I Mu\u015fat (1374-1391). ... Cititi mai multe\" \/>\n<meta property=\"og:url\" content=\"https:\/\/www.lovendal.ro\/wp52\/sub-cetatea-neamtului-se-afla-o-incredibila-comoara-de-aur-o-legenda-curioasa\/\" \/>\n<meta property=\"og:site_name\" content=\"Secretele lui Lovendal\" \/>\n<meta property=\"article:publisher\" content=\"https:\/\/www.facebook.com\/secreteleluilovendal\" \/>\n<meta property=\"article:published_time\" content=\"2023-01-05T18:34:11+00:00\" \/>\n<meta property=\"og:image\" content=\"https:\/\/www.lovendal.ro\/wp52\/wp-content\/uploads\/2023\/01\/Cetatea-Neamtului.jpg\" \/>\n\t<meta property=\"og:image:width\" content=\"370\" \/>\n\t<meta property=\"og:image:height\" content=\"247\" \/>\n\t<meta property=\"og:image:type\" content=\"image\/jpeg\" \/>\n<meta name=\"author\" content=\"admin\" \/>\n<meta name=\"twitter:card\" content=\"summary_large_image\" \/>\n<meta name=\"twitter:label1\" content=\"Scris de\" \/>\n\t<meta name=\"twitter:data1\" content=\"admin\" \/>\n\t<meta name=\"twitter:label2\" content=\"Timp estimat pentru citire\" \/>\n\t<meta name=\"twitter:data2\" content=\"3 minute\" \/>\n<script type=\"application\/ld+json\" class=\"yoast-schema-graph\">{\"@context\":\"https:\\\/\\\/schema.org\",\"@graph\":[{\"@type\":\"Article\",\"@id\":\"https:\\\/\\\/www.lovendal.ro\\\/wp52\\\/sub-cetatea-neamtului-se-afla-o-incredibila-comoara-de-aur-o-legenda-curioasa\\\/#article\",\"isPartOf\":{\"@id\":\"https:\\\/\\\/www.lovendal.ro\\\/wp52\\\/sub-cetatea-neamtului-se-afla-o-incredibila-comoara-de-aur-o-legenda-curioasa\\\/\"},\"author\":{\"name\":\"admin\",\"@id\":\"https:\\\/\\\/www.lovendal.ro\\\/wp52\\\/#\\\/schema\\\/person\\\/088691de5dfc346bb0c023e1e52ef5d9\"},\"headline\":\"Sub Cetatea Neam\u0163ului se afl\u0103 o incredibil\u0103 comoar\u0103 de aur? O legend\u0103 curioas\u0103&#8230;\",\"datePublished\":\"2023-01-05T18:34:11+00:00\",\"mainEntityOfPage\":{\"@id\":\"https:\\\/\\\/www.lovendal.ro\\\/wp52\\\/sub-cetatea-neamtului-se-afla-o-incredibila-comoara-de-aur-o-legenda-curioasa\\\/\"},\"wordCount\":552,\"commentCount\":0,\"publisher\":{\"@id\":\"https:\\\/\\\/www.lovendal.ro\\\/wp52\\\/#organization\"},\"image\":{\"@id\":\"https:\\\/\\\/www.lovendal.ro\\\/wp52\\\/sub-cetatea-neamtului-se-afla-o-incredibila-comoara-de-aur-o-legenda-curioasa\\\/#primaryimage\"},\"thumbnailUrl\":\"https:\\\/\\\/www.lovendal.ro\\\/wp52\\\/wp-content\\\/uploads\\\/2023\\\/01\\\/Cetatea-Neamtului.jpg\",\"keywords\":[\"aur\",\"cetate\",\"Cetatea Neam\u0163ului\",\"comoar\u0103\",\"domnitor\",\"legend\u0103\",\"moned\u0103\",\"Neam\u0163\",\"Petru I Mu\u015fat\",\"preot\",\"rege\",\"Rom\u00e2nia\",\"Romania misterioas\u0103\",\"Sobieski\",\"\u015etefan cel Mare\",\"T\u00e2rgu Neam\u0163\",\"ziduri\"],\"articleSection\":[\"Romania misterioasa\"],\"inLanguage\":\"ro-RO\",\"potentialAction\":[{\"@type\":\"CommentAction\",\"name\":\"Comment\",\"target\":[\"https:\\\/\\\/www.lovendal.ro\\\/wp52\\\/sub-cetatea-neamtului-se-afla-o-incredibila-comoara-de-aur-o-legenda-curioasa\\\/#respond\"]}]},{\"@type\":\"WebPage\",\"@id\":\"https:\\\/\\\/www.lovendal.ro\\\/wp52\\\/sub-cetatea-neamtului-se-afla-o-incredibila-comoara-de-aur-o-legenda-curioasa\\\/\",\"url\":\"https:\\\/\\\/www.lovendal.ro\\\/wp52\\\/sub-cetatea-neamtului-se-afla-o-incredibila-comoara-de-aur-o-legenda-curioasa\\\/\",\"name\":\"Sub Cetatea Neam\u0163ului se afl\u0103 o incredibil\u0103 comoar\u0103 de aur? O legend\u0103 curioas\u0103... - Secretele lui Lovendal\",\"isPartOf\":{\"@id\":\"https:\\\/\\\/www.lovendal.ro\\\/wp52\\\/#website\"},\"primaryImageOfPage\":{\"@id\":\"https:\\\/\\\/www.lovendal.ro\\\/wp52\\\/sub-cetatea-neamtului-se-afla-o-incredibila-comoara-de-aur-o-legenda-curioasa\\\/#primaryimage\"},\"image\":{\"@id\":\"https:\\\/\\\/www.lovendal.ro\\\/wp52\\\/sub-cetatea-neamtului-se-afla-o-incredibila-comoara-de-aur-o-legenda-curioasa\\\/#primaryimage\"},\"thumbnailUrl\":\"https:\\\/\\\/www.lovendal.ro\\\/wp52\\\/wp-content\\\/uploads\\\/2023\\\/01\\\/Cetatea-Neamtului.jpg\",\"datePublished\":\"2023-01-05T18:34:11+00:00\",\"breadcrumb\":{\"@id\":\"https:\\\/\\\/www.lovendal.ro\\\/wp52\\\/sub-cetatea-neamtului-se-afla-o-incredibila-comoara-de-aur-o-legenda-curioasa\\\/#breadcrumb\"},\"inLanguage\":\"ro-RO\",\"potentialAction\":[{\"@type\":\"ReadAction\",\"target\":[\"https:\\\/\\\/www.lovendal.ro\\\/wp52\\\/sub-cetatea-neamtului-se-afla-o-incredibila-comoara-de-aur-o-legenda-curioasa\\\/\"]}]},{\"@type\":\"ImageObject\",\"inLanguage\":\"ro-RO\",\"@id\":\"https:\\\/\\\/www.lovendal.ro\\\/wp52\\\/sub-cetatea-neamtului-se-afla-o-incredibila-comoara-de-aur-o-legenda-curioasa\\\/#primaryimage\",\"url\":\"https:\\\/\\\/www.lovendal.ro\\\/wp52\\\/wp-content\\\/uploads\\\/2023\\\/01\\\/Cetatea-Neamtului.jpg\",\"contentUrl\":\"https:\\\/\\\/www.lovendal.ro\\\/wp52\\\/wp-content\\\/uploads\\\/2023\\\/01\\\/Cetatea-Neamtului.jpg\",\"width\":370,\"height\":247},{\"@type\":\"BreadcrumbList\",\"@id\":\"https:\\\/\\\/www.lovendal.ro\\\/wp52\\\/sub-cetatea-neamtului-se-afla-o-incredibila-comoara-de-aur-o-legenda-curioasa\\\/#breadcrumb\",\"itemListElement\":[{\"@type\":\"ListItem\",\"position\":1,\"name\":\"Home\",\"item\":\"https:\\\/\\\/www.lovendal.ro\\\/wp52\\\/\"},{\"@type\":\"ListItem\",\"position\":2,\"name\":\"Sub Cetatea Neam\u0163ului se afl\u0103 o incredibil\u0103 comoar\u0103 de aur? O legend\u0103 curioas\u0103&#8230;\"}]},{\"@type\":\"WebSite\",\"@id\":\"https:\\\/\\\/www.lovendal.ro\\\/wp52\\\/#website\",\"url\":\"https:\\\/\\\/www.lovendal.ro\\\/wp52\\\/\",\"name\":\"Secretele lui Lovendal\",\"description\":\"Site de secrete, stiinta si metafizica - din 2008 -\",\"publisher\":{\"@id\":\"https:\\\/\\\/www.lovendal.ro\\\/wp52\\\/#organization\"},\"potentialAction\":[{\"@type\":\"SearchAction\",\"target\":{\"@type\":\"EntryPoint\",\"urlTemplate\":\"https:\\\/\\\/www.lovendal.ro\\\/wp52\\\/?s={search_term_string}\"},\"query-input\":{\"@type\":\"PropertyValueSpecification\",\"valueRequired\":true,\"valueName\":\"search_term_string\"}}],\"inLanguage\":\"ro-RO\"},{\"@type\":\"Organization\",\"@id\":\"https:\\\/\\\/www.lovendal.ro\\\/wp52\\\/#organization\",\"name\":\"Secretele lui Lovendal\",\"url\":\"https:\\\/\\\/www.lovendal.ro\\\/wp52\\\/\",\"logo\":{\"@type\":\"ImageObject\",\"inLanguage\":\"ro-RO\",\"@id\":\"https:\\\/\\\/www.lovendal.ro\\\/wp52\\\/#\\\/schema\\\/logo\\\/image\\\/\",\"url\":\"https:\\\/\\\/www.lovendal.ro\\\/wp52\\\/wp-content\\\/uploads\\\/2024\\\/06\\\/cropped-SLL-iun-2024-1.jpg\",\"contentUrl\":\"https:\\\/\\\/www.lovendal.ro\\\/wp52\\\/wp-content\\\/uploads\\\/2024\\\/06\\\/cropped-SLL-iun-2024-1.jpg\",\"width\":771,\"height\":240,\"caption\":\"Secretele lui Lovendal\"},\"image\":{\"@id\":\"https:\\\/\\\/www.lovendal.ro\\\/wp52\\\/#\\\/schema\\\/logo\\\/image\\\/\"},\"sameAs\":[\"https:\\\/\\\/www.facebook.com\\\/secreteleluilovendal\"]},{\"@type\":\"Person\",\"@id\":\"https:\\\/\\\/www.lovendal.ro\\\/wp52\\\/#\\\/schema\\\/person\\\/088691de5dfc346bb0c023e1e52ef5d9\",\"name\":\"admin\",\"image\":{\"@type\":\"ImageObject\",\"inLanguage\":\"ro-RO\",\"@id\":\"https:\\\/\\\/secure.gravatar.com\\\/avatar\\\/ecb9cd41f5f63c9c9b989999a59f6e2639a865ec361e9db054db0679a8f341c2?s=96&d=mm&r=g\",\"url\":\"https:\\\/\\\/secure.gravatar.com\\\/avatar\\\/ecb9cd41f5f63c9c9b989999a59f6e2639a865ec361e9db054db0679a8f341c2?s=96&d=mm&r=g\",\"contentUrl\":\"https:\\\/\\\/secure.gravatar.com\\\/avatar\\\/ecb9cd41f5f63c9c9b989999a59f6e2639a865ec361e9db054db0679a8f341c2?s=96&d=mm&r=g\",\"caption\":\"admin\"},\"sameAs\":[\"https:\\\/\\\/www.lovendal.ro\\\/wp52\"]}]}<\/script>\n<!-- \/ Yoast SEO Premium plugin. -->","yoast_head_json":{"title":"Sub Cetatea Neam\u0163ului se afl\u0103 o incredibil\u0103 comoar\u0103 de aur? O legend\u0103 curioas\u0103... - Secretele lui Lovendal","robots":{"index":"index","follow":"follow","max-snippet":"max-snippet:-1","max-image-preview":"max-image-preview:large","max-video-preview":"max-video-preview:-1"},"canonical":"https:\/\/www.lovendal.ro\/wp52\/sub-cetatea-neamtului-se-afla-o-incredibila-comoara-de-aur-o-legenda-curioasa\/","og_locale":"ro_RO","og_type":"article","og_title":"Sub Cetatea Neam\u0163ului se afl\u0103 o incredibil\u0103 comoar\u0103 de aur? O legend\u0103 curioas\u0103...","og_description":"Una dintre cele mai frumoase cet\u0103\u0163i din Rom\u00e2nia este, f\u0103r\u0103 \u00eendoial\u0103, Cetatea Neam\u0163ului, aflat\u0103 la marginea ora\u015fului T\u00e2rgu Neam\u0163, pe o culme \u00een\u0103l\u0163at\u0103. Cetatea a fost ridicat\u0103 la sf\u00e2r\u015fitul secolului al XIV-lea de c\u0103tre domnitorul moldovean Petru I Mu\u015fat (1374-1391). ... Cititi mai multe","og_url":"https:\/\/www.lovendal.ro\/wp52\/sub-cetatea-neamtului-se-afla-o-incredibila-comoara-de-aur-o-legenda-curioasa\/","og_site_name":"Secretele lui Lovendal","article_publisher":"https:\/\/www.facebook.com\/secreteleluilovendal","article_published_time":"2023-01-05T18:34:11+00:00","og_image":[{"width":370,"height":247,"url":"https:\/\/www.lovendal.ro\/wp52\/wp-content\/uploads\/2023\/01\/Cetatea-Neamtului.jpg","type":"image\/jpeg"}],"author":"admin","twitter_card":"summary_large_image","twitter_misc":{"Scris de":"admin","Timp estimat pentru citire":"3 minute"},"schema":{"@context":"https:\/\/schema.org","@graph":[{"@type":"Article","@id":"https:\/\/www.lovendal.ro\/wp52\/sub-cetatea-neamtului-se-afla-o-incredibila-comoara-de-aur-o-legenda-curioasa\/#article","isPartOf":{"@id":"https:\/\/www.lovendal.ro\/wp52\/sub-cetatea-neamtului-se-afla-o-incredibila-comoara-de-aur-o-legenda-curioasa\/"},"author":{"name":"admin","@id":"https:\/\/www.lovendal.ro\/wp52\/#\/schema\/person\/088691de5dfc346bb0c023e1e52ef5d9"},"headline":"Sub Cetatea Neam\u0163ului se afl\u0103 o incredibil\u0103 comoar\u0103 de aur? O legend\u0103 curioas\u0103&#8230;","datePublished":"2023-01-05T18:34:11+00:00","mainEntityOfPage":{"@id":"https:\/\/www.lovendal.ro\/wp52\/sub-cetatea-neamtului-se-afla-o-incredibila-comoara-de-aur-o-legenda-curioasa\/"},"wordCount":552,"commentCount":0,"publisher":{"@id":"https:\/\/www.lovendal.ro\/wp52\/#organization"},"image":{"@id":"https:\/\/www.lovendal.ro\/wp52\/sub-cetatea-neamtului-se-afla-o-incredibila-comoara-de-aur-o-legenda-curioasa\/#primaryimage"},"thumbnailUrl":"https:\/\/www.lovendal.ro\/wp52\/wp-content\/uploads\/2023\/01\/Cetatea-Neamtului.jpg","keywords":["aur","cetate","Cetatea Neam\u0163ului","comoar\u0103","domnitor","legend\u0103","moned\u0103","Neam\u0163","Petru I Mu\u015fat","preot","rege","Rom\u00e2nia","Romania misterioas\u0103","Sobieski","\u015etefan cel Mare","T\u00e2rgu Neam\u0163","ziduri"],"articleSection":["Romania misterioasa"],"inLanguage":"ro-RO","potentialAction":[{"@type":"CommentAction","name":"Comment","target":["https:\/\/www.lovendal.ro\/wp52\/sub-cetatea-neamtului-se-afla-o-incredibila-comoara-de-aur-o-legenda-curioasa\/#respond"]}]},{"@type":"WebPage","@id":"https:\/\/www.lovendal.ro\/wp52\/sub-cetatea-neamtului-se-afla-o-incredibila-comoara-de-aur-o-legenda-curioasa\/","url":"https:\/\/www.lovendal.ro\/wp52\/sub-cetatea-neamtului-se-afla-o-incredibila-comoara-de-aur-o-legenda-curioasa\/","name":"Sub Cetatea Neam\u0163ului se afl\u0103 o incredibil\u0103 comoar\u0103 de aur? O legend\u0103 curioas\u0103... - Secretele lui Lovendal","isPartOf":{"@id":"https:\/\/www.lovendal.ro\/wp52\/#website"},"primaryImageOfPage":{"@id":"https:\/\/www.lovendal.ro\/wp52\/sub-cetatea-neamtului-se-afla-o-incredibila-comoara-de-aur-o-legenda-curioasa\/#primaryimage"},"image":{"@id":"https:\/\/www.lovendal.ro\/wp52\/sub-cetatea-neamtului-se-afla-o-incredibila-comoara-de-aur-o-legenda-curioasa\/#primaryimage"},"thumbnailUrl":"https:\/\/www.lovendal.ro\/wp52\/wp-content\/uploads\/2023\/01\/Cetatea-Neamtului.jpg","datePublished":"2023-01-05T18:34:11+00:00","breadcrumb":{"@id":"https:\/\/www.lovendal.ro\/wp52\/sub-cetatea-neamtului-se-afla-o-incredibila-comoara-de-aur-o-legenda-curioasa\/#breadcrumb"},"inLanguage":"ro-RO","potentialAction":[{"@type":"ReadAction","target":["https:\/\/www.lovendal.ro\/wp52\/sub-cetatea-neamtului-se-afla-o-incredibila-comoara-de-aur-o-legenda-curioasa\/"]}]},{"@type":"ImageObject","inLanguage":"ro-RO","@id":"https:\/\/www.lovendal.ro\/wp52\/sub-cetatea-neamtului-se-afla-o-incredibila-comoara-de-aur-o-legenda-curioasa\/#primaryimage","url":"https:\/\/www.lovendal.ro\/wp52\/wp-content\/uploads\/2023\/01\/Cetatea-Neamtului.jpg","contentUrl":"https:\/\/www.lovendal.ro\/wp52\/wp-content\/uploads\/2023\/01\/Cetatea-Neamtului.jpg","width":370,"height":247},{"@type":"BreadcrumbList","@id":"https:\/\/www.lovendal.ro\/wp52\/sub-cetatea-neamtului-se-afla-o-incredibila-comoara-de-aur-o-legenda-curioasa\/#breadcrumb","itemListElement":[{"@type":"ListItem","position":1,"name":"Home","item":"https:\/\/www.lovendal.ro\/wp52\/"},{"@type":"ListItem","position":2,"name":"Sub Cetatea Neam\u0163ului se afl\u0103 o incredibil\u0103 comoar\u0103 de aur? O legend\u0103 curioas\u0103&#8230;"}]},{"@type":"WebSite","@id":"https:\/\/www.lovendal.ro\/wp52\/#website","url":"https:\/\/www.lovendal.ro\/wp52\/","name":"Secretele lui Lovendal","description":"Site de secrete, stiinta si metafizica - din 2008 -","publisher":{"@id":"https:\/\/www.lovendal.ro\/wp52\/#organization"},"potentialAction":[{"@type":"SearchAction","target":{"@type":"EntryPoint","urlTemplate":"https:\/\/www.lovendal.ro\/wp52\/?s={search_term_string}"},"query-input":{"@type":"PropertyValueSpecification","valueRequired":true,"valueName":"search_term_string"}}],"inLanguage":"ro-RO"},{"@type":"Organization","@id":"https:\/\/www.lovendal.ro\/wp52\/#organization","name":"Secretele lui Lovendal","url":"https:\/\/www.lovendal.ro\/wp52\/","logo":{"@type":"ImageObject","inLanguage":"ro-RO","@id":"https:\/\/www.lovendal.ro\/wp52\/#\/schema\/logo\/image\/","url":"https:\/\/www.lovendal.ro\/wp52\/wp-content\/uploads\/2024\/06\/cropped-SLL-iun-2024-1.jpg","contentUrl":"https:\/\/www.lovendal.ro\/wp52\/wp-content\/uploads\/2024\/06\/cropped-SLL-iun-2024-1.jpg","width":771,"height":240,"caption":"Secretele lui Lovendal"},"image":{"@id":"https:\/\/www.lovendal.ro\/wp52\/#\/schema\/logo\/image\/"},"sameAs":["https:\/\/www.facebook.com\/secreteleluilovendal"]},{"@type":"Person","@id":"https:\/\/www.lovendal.ro\/wp52\/#\/schema\/person\/088691de5dfc346bb0c023e1e52ef5d9","name":"admin","image":{"@type":"ImageObject","inLanguage":"ro-RO","@id":"https:\/\/secure.gravatar.com\/avatar\/ecb9cd41f5f63c9c9b989999a59f6e2639a865ec361e9db054db0679a8f341c2?s=96&d=mm&r=g","url":"https:\/\/secure.gravatar.com\/avatar\/ecb9cd41f5f63c9c9b989999a59f6e2639a865ec361e9db054db0679a8f341c2?s=96&d=mm&r=g","contentUrl":"https:\/\/secure.gravatar.com\/avatar\/ecb9cd41f5f63c9c9b989999a59f6e2639a865ec361e9db054db0679a8f341c2?s=96&d=mm&r=g","caption":"admin"},"sameAs":["https:\/\/www.lovendal.ro\/wp52"]}]}},"_links":{"self":[{"href":"https:\/\/www.lovendal.ro\/wp52\/wp-json\/wp\/v2\/posts\/83992","targetHints":{"allow":["GET"]}}],"collection":[{"href":"https:\/\/www.lovendal.ro\/wp52\/wp-json\/wp\/v2\/posts"}],"about":[{"href":"https:\/\/www.lovendal.ro\/wp52\/wp-json\/wp\/v2\/types\/post"}],"author":[{"embeddable":true,"href":"https:\/\/www.lovendal.ro\/wp52\/wp-json\/wp\/v2\/users\/1"}],"replies":[{"embeddable":true,"href":"https:\/\/www.lovendal.ro\/wp52\/wp-json\/wp\/v2\/comments?post=83992"}],"version-history":[{"count":1,"href":"https:\/\/www.lovendal.ro\/wp52\/wp-json\/wp\/v2\/posts\/83992\/revisions"}],"predecessor-version":[{"id":83994,"href":"https:\/\/www.lovendal.ro\/wp52\/wp-json\/wp\/v2\/posts\/83992\/revisions\/83994"}],"wp:featuredmedia":[{"embeddable":true,"href":"https:\/\/www.lovendal.ro\/wp52\/wp-json\/wp\/v2\/media\/83993"}],"wp:attachment":[{"href":"https:\/\/www.lovendal.ro\/wp52\/wp-json\/wp\/v2\/media?parent=83992"}],"wp:term":[{"taxonomy":"category","embeddable":true,"href":"https:\/\/www.lovendal.ro\/wp52\/wp-json\/wp\/v2\/categories?post=83992"},{"taxonomy":"post_tag","embeddable":true,"href":"https:\/\/www.lovendal.ro\/wp52\/wp-json\/wp\/v2\/tags?post=83992"}],"curies":[{"name":"wp","href":"https:\/\/api.w.org\/{rel}","templated":true}]}}