{"id":83743,"date":"2022-12-15T14:56:21","date_gmt":"2022-12-15T12:56:21","guid":{"rendered":"https:\/\/www.lovendal.ro\/wp52\/?p=83743"},"modified":"2022-12-15T14:56:21","modified_gmt":"2022-12-15T12:56:21","slug":"unde-a-disparut-insula-antilia-insula-celor-7-orase-de-aur-ea-se-gasea-in-mijlocul-oceanului-atlantic-si-poate-ca-era-o-ramasita-a-atlantidei","status":"publish","type":"post","link":"https:\/\/www.lovendal.ro\/wp52\/unde-a-disparut-insula-antilia-insula-celor-7-orase-de-aur-ea-se-gasea-in-mijlocul-oceanului-atlantic-si-poate-ca-era-o-ramasita-a-atlantidei\/","title":{"rendered":"Unde a disp\u0103rut Insula Antilia, &#8222;insula celor 7 ora\u015fe de aur&#8221;? Ea se g\u0103sea \u00een mijlocul Oceanului Atlantic \u015fi poate c\u0103 era o r\u0103m\u0103\u015fi\u0163\u0103 a Atlantidei&#8230;"},"content":{"rendered":"<p><a href=\"https:\/\/www.lovendal.ro\/wp52\/wp-content\/uploads\/2022\/12\/Antillia-coperta.jpg\"><img loading=\"lazy\" decoding=\"async\" class=\"alignleft size-full wp-image-83745\" src=\"https:\/\/www.lovendal.ro\/wp52\/wp-content\/uploads\/2022\/12\/Antillia-coperta.jpg\" alt=\"\" width=\"376\" height=\"201\" srcset=\"https:\/\/www.lovendal.ro\/wp52\/wp-content\/uploads\/2022\/12\/Antillia-coperta.jpg 376w, https:\/\/www.lovendal.ro\/wp52\/wp-content\/uploads\/2022\/12\/Antillia-coperta-300x160.jpg 300w\" sizes=\"auto, (max-width: 376px) 100vw, 376px\" \/><\/a>\u00cen 711, maurii din nordul Africii au traversat str\u00e2mtoarea Gibraltar \u0219i au invadat peninsula Iberic\u0103. Condus\u0103 de generalul Tariq ibn Ziyad, aceast\u0103 for\u021b\u0103 masiv\u0103 a purtat o campanie de 8 ani, zdrobind armatele cre\u0219tine vizigote \u0219i aduc\u00e2nd cea mai mare parte a Spaniei \u0219i Portugaliei moderne sub st\u0103p\u00e2nire islamic\u0103. Maurii au \u00eencercat s\u0103 treac\u0103 \u015fi peste Pirinei, \u00eens\u0103 au fost zdrobi\u0163i de armatele francilor condu\u0219i de Charles Martel, \u00een b\u0103t\u0103lia de la Poitiers din 732.<\/p>\n<p>Pe atunci, o legend\u0103 ciudat\u0103 a ap\u0103rut: un grup de 7 episcopi cre\u0219tini au reu\u0219it s\u0103 fug\u0103 de mauri. Ei au traversat Atlanticul, refugiindu-se \u00een cele din urm\u0103 pe o insul\u0103 \u00eendep\u0103rtat\u0103 cunoscut\u0103 sub numele de &#8222;Antilia&#8221;. Acolo, sfin\u021bii au decis s\u0103 \u00ee\u0219i stabileasc\u0103 re\u0219edin\u021ba \u0219i fiecare \u0219i-a construit un ora\u0219 de aur magnific. Aceasta i-a dat insulei cel\u0103lalt nume: &#8222;Insula celor 7 ora\u0219e&#8221;.<\/p>\n<p>Cum s-au descurcat episcopii pe insul\u0103 nu se \u0219tie, pentru c\u0103 nu se face nicio men\u021biune despre Antilia timp de alte 7 secole, p\u00e2n\u0103 c\u00e2nd a \u00eenceput s\u0103 apar\u0103 pe h\u0103r\u021bi precum cea din 1424 a cartografului vene\u021bian Pizzigano. Aici, Antilia este \u00eenf\u0103\u021bi\u0219at\u0103 ca un bloc mare, dreptunghiular, cu 7 ora\u0219e care \u00eei \u00eempodobesc coastele: Asay, Ary, Vra, Jaysos, Marnlio, Ansuly \u0219i Cyodne. Se presupunea c\u0103 vasta insul\u0103 era situat\u0103 \u00een Atlanticul de Nord, la 1200 km vest de Portugalia, la latitudinea Gibraltarului.<\/p>\n<p>Originea numelui s\u0103u este la fel de misterioas\u0103, dar se crede c\u0103 deriv\u0103 de la <em>&#8222;anteilha&#8221;<\/em>, care \u00eenseamn\u0103<em> &#8222;insula opus\u0103&#8221;<\/em>, posibil pentru c\u0103 se credea c\u0103 se afl\u0103 vizavi de coasta portughez\u0103. (Numele va fi ulterior aplicat Insulelor Antile.)<\/p>\n<p>Dimensiunea considerabil\u0103 a insulei a f\u0103cut-o atractiv\u0103 pentru exploratori: Prin\u021bul Henric al Portugaliei (1394\u20131460), mai cunoscut sub numele de Henric Navigatorul, a trimis un c\u0103pitan pe nume Diogo de Teive \u0219i pe nobilul spaniol Pedro de Velasco \u00een 1452, pentru a naviga de pe insula Fayal din Azore \u0219i a merge spre sud-vest \u0219i nord-vest \u00een c\u0103utarea Antiliei. Expedi\u0163ia nu a descoperit insula mitic\u0103.<\/p>\n<p>\u00cens\u0103, misiunea nu a fost \u00eens\u0103 o pierdere total\u0103: \u00een timpul c\u0103l\u0103toriei lor, cei doi au descoperit Corvo \u0219i Flores, dou\u0103 insule exterioare ale Insulelor Azore.<\/p>\n<p>\u00centr-o scrisoare c\u0103tre Ferman Martins din 1474, astronomul italian Paulo Toscanelli \u0219i-a declarat siguran\u021ba c\u0103 insula Antilia ar putea fi g\u0103sit\u0103 la 50 de grade est de Cipangu (Japonia) \u0219i a recomandat-o ca punct de referin\u021b\u0103 atunci c\u00e2nd se c\u0103l\u0103tore\u015fte spre Cathay (China).<\/p>\n<p>Apoi, \u00een 1486, regele Joao al II-lea al Portugaliei i-a dat permisiunea lui Fernao Dulmo s\u0103 localizeze \u0219i s\u0103 revendice &#8222;Insula celor 7 ora\u0219e&#8221; \u00een numele s\u0103u. Dulmo nu a dat dec\u00e2t peste o mul\u0163ime de furtuni.<\/p>\n<p><a href=\"https:\/\/www.lovendal.ro\/wp52\/wp-content\/uploads\/2022\/12\/insula-Antilia.jpg\"><img loading=\"lazy\" decoding=\"async\" class=\"aligncenter size-full wp-image-83744\" src=\"https:\/\/www.lovendal.ro\/wp52\/wp-content\/uploads\/2022\/12\/insula-Antilia.jpg\" alt=\"\" width=\"539\" height=\"539\" srcset=\"https:\/\/www.lovendal.ro\/wp52\/wp-content\/uploads\/2022\/12\/insula-Antilia.jpg 539w, https:\/\/www.lovendal.ro\/wp52\/wp-content\/uploads\/2022\/12\/insula-Antilia-300x300.jpg 300w, https:\/\/www.lovendal.ro\/wp52\/wp-content\/uploads\/2022\/12\/insula-Antilia-100x100.jpg 100w\" sizes=\"auto, (max-width: 539px) 100vw, 539px\" \/><\/a><\/p>\n<p>Marele Cristofor Columb, de asemenea, a crezut \u00een existen\u021ba Antiliei \u0219i a considerat insula un punct de oprire util pe drumul c\u0103tre Indii. \u00cenregistr\u0103rile din jurnalul s\u0103u de c\u0103l\u0103torie din 1492 sugereaz\u0103 c\u0103 se a\u0219tepta s\u0103 o g\u0103seasc\u0103 la 28\u00b0N. Aceasta s-ar fi bazat pe pozi\u021bia dat\u0103 de Martin Behaim, care \u00een acela\u0219i an f\u0103cuse prima men\u021biune cartografic\u0103 a insulei pe globul s\u0103u &#8222;Erdapfel&#8221;, cu nota: <em>&#8222;\u00cen anul 734 dup\u0103 Hristos, c\u00e2nd toat\u0103 Spania a fost invadat\u0103 de p\u0103g\u00e2nii africani, aceast\u0103 insul\u0103 Antilia, numit\u0103 \u0219i Insula celor 7 ora\u0219e, a fost populat\u0103 de arhiepiscopul de Porto, \u00eempreun\u0103 cu al\u021bi 6 episcopi \u0219i anumi\u021bi \u00eenso\u021bitori, b\u0103rba\u021bi \u0219i femei, care au fugit. din Spania cu vitele \u0219i bunurile lor. \u00cen anul 1414, o nav\u0103 spaniol\u0103 s-a apropiat foarte aproape de aceast\u0103 insul\u0103&#8221;.<\/em><\/p>\n<p>\u00cen 1508, Johannes Ruysch a furnizat detalii suplimentare pe harta sa:<em> &#8222;Aceast\u0103 insul\u0103 Antilia a fost g\u0103sit\u0103 c\u00e2ndva de portughezi, dar acum, c\u00e2nd este c\u0103utat\u0103, nu poate fi g\u0103sit\u0103. Oamenii de aici vorbesc limba hispanic\u0103 \u0219i se crede c\u0103 au fugit aici \u00een fa\u021ba unei invazii barbare a Hispaniei, pe vremea regelui Roderic, ultimul care a guvernat Hispania \u00een epoca go\u021bilor. Exista aici un arhiepiscop \u0219i al\u021bi 6 episcopi, fiecare dintre ei av\u00e2nd propriul ora\u0219; \u0219i a\u0219a este numit\u0103 insula celor 7 ora\u0219e. Oamenii tr\u0103iesc aici \u00een modul cel mai cre\u0219tin, cu toate bog\u0103\u021biile acestui secol&#8221;.<\/em><\/p>\n<p>Hernando Col\u00f3n, fiul lui Columb, a fost \u0219i el fascinat de Antilla. El sugereaz\u0103 \u00een mod conving\u0103tor \u00een <strong><em>&#8222;Historia del Almirante&#8221;<\/em><\/strong> (1571) c\u0103 exodul episcopilor a avut loc \u00een 714, nu 734, ceea ce ar fi mai aproape de anul domniei regelui Roderic, \u00een 711. El mai scrie c\u0103 sfin\u021bii \u0219i-au ars cor\u0103biile la sosirea la Antilia, ca s\u0103 nu se g\u00e2ndeasc\u0103 vreodat\u0103 s\u0103 se \u00eentoarc\u0103 \u00een Hispania. Cum \u0219i-a g\u0103sit povestea episcopilor exila\u021bi drumul c\u0103tre continent? Col\u00f3n relateaz\u0103 c\u0103, \u00een timpul domniei Prin\u021bului Henric, o nav\u0103 lovit\u0103 de o furtun\u0103, a ajuns \u00een Antilia.<\/p>\n<p>Ce s-a \u00eent\u00e2mplat cu aceast\u0103 insul\u0103, de ast\u0103zi nu mai exist\u0103? A fost totul o pl\u0103smuire? Eu cred c\u0103 Antilia chiar a existat, \u00eens\u0103 ca urmare a unor condi\u0163ii vulcanice, ea s-a scufundat \u00een mijlocul Oceanului Atlantic. S\u0103 fi fost Antilia una din ultimele r\u0103m\u0103\u015fi\u0163e ale miticului continent Atlantida?<\/p>\n","protected":false},"excerpt":{"rendered":"<p>\u00cen 711, maurii din nordul Africii au traversat str\u00e2mtoarea Gibraltar \u0219i au invadat peninsula Iberic\u0103. Condus\u0103 de generalul Tariq ibn Ziyad, aceast\u0103 for\u021b\u0103 masiv\u0103 a purtat o campanie de 8 ani, zdrobind armatele cre\u0219tine vizigote \u0219i aduc\u00e2nd cea mai mare &#8230; <\/p>\n<p class=\"read-more-container\"><a title=\"Unde a disp\u0103rut Insula Antilia, &#8222;insula celor 7 ora\u015fe de aur&#8221;? Ea se g\u0103sea \u00een mijlocul Oceanului Atlantic \u015fi poate c\u0103 era o r\u0103m\u0103\u015fi\u0163\u0103 a Atlantidei&#8230;\" class=\"read-more button\" href=\"https:\/\/www.lovendal.ro\/wp52\/unde-a-disparut-insula-antilia-insula-celor-7-orase-de-aur-ea-se-gasea-in-mijlocul-oceanului-atlantic-si-poate-ca-era-o-ramasita-a-atlantidei\/#more-83743\" aria-label=\"Cite\u0219te mai multe despre Unde a disp\u0103rut Insula Antilia, &#8222;insula celor 7 ora\u015fe de aur&#8221;? Ea se g\u0103sea \u00een mijlocul Oceanului Atlantic \u015fi poate c\u0103 era o r\u0103m\u0103\u015fi\u0163\u0103 a Atlantidei&#8230;\">Cititi mai multe<\/a><\/p>\n","protected":false},"author":1,"featured_media":83745,"comment_status":"open","ping_status":"open","sticky":false,"template":"","format":"standard","meta":{"footnotes":""},"categories":[1770],"tags":[235,1573,3063,192,685,332,446,12,13520,2487,5264,9807,9248,720,3798,1784,18011,4044,128,18012,1899,1224,291,1132,151,4866,4862,12116,826,798,453,611,318,2765],"class_list":["post-83743","post","type-post","status-publish","format-standard","has-post-thumbnail","hentry","category-geografie-feologie","tag-africa","tag-antilia","tag-astronom","tag-atlantida","tag-aur","tag-batalie","tag-china","tag-cristofor-columb","tag-episcopi","tag-furtuna","tag-general","tag-geografie-geologie","tag-goti","tag-harta","tag-henric-navigatorul","tag-insula","tag-insulele-antile","tag-insulele-azore","tag-japonia","tag-joao-al-ii-lea","tag-legenda","tag-mauri","tag-nava","tag-oceanul-atlantic","tag-oras","tag-peninsula-iberica","tag-pirinei","tag-poitiers","tag-portugalia","tag-print","tag-rege","tag-scrisoare","tag-spania","tag-stramtoarea-gilbratar","resize-featured-image"],"yoast_head":"<!-- This site is optimized with the Yoast SEO Premium plugin v23.3 (Yoast SEO v27.4) - https:\/\/yoast.com\/product\/yoast-seo-premium-wordpress\/ -->\n<title>Unde a disp\u0103rut Insula Antilia, &quot;insula celor 7 ora\u015fe de aur&quot;? Ea se g\u0103sea \u00een mijlocul Oceanului Atlantic \u015fi poate c\u0103 era o r\u0103m\u0103\u015fi\u0163\u0103 a Atlantidei... - Secretele lui Lovendal<\/title>\n<meta name=\"robots\" content=\"index, follow, max-snippet:-1, max-image-preview:large, max-video-preview:-1\" \/>\n<link rel=\"canonical\" href=\"https:\/\/www.lovendal.ro\/wp52\/unde-a-disparut-insula-antilia-insula-celor-7-orase-de-aur-ea-se-gasea-in-mijlocul-oceanului-atlantic-si-poate-ca-era-o-ramasita-a-atlantidei\/\" \/>\n<meta property=\"og:locale\" content=\"ro_RO\" \/>\n<meta property=\"og:type\" content=\"article\" \/>\n<meta property=\"og:title\" content=\"Unde a disp\u0103rut Insula Antilia, &quot;insula celor 7 ora\u015fe de aur&quot;? Ea se g\u0103sea \u00een mijlocul Oceanului Atlantic \u015fi poate c\u0103 era o r\u0103m\u0103\u015fi\u0163\u0103 a Atlantidei...\" \/>\n<meta property=\"og:description\" content=\"\u00cen 711, maurii din nordul Africii au traversat str\u00e2mtoarea Gibraltar \u0219i au invadat peninsula Iberic\u0103. Condus\u0103 de generalul Tariq ibn Ziyad, aceast\u0103 for\u021b\u0103 masiv\u0103 a purtat o campanie de 8 ani, zdrobind armatele cre\u0219tine vizigote \u0219i aduc\u00e2nd cea mai mare ... Cititi mai multe\" \/>\n<meta property=\"og:url\" content=\"https:\/\/www.lovendal.ro\/wp52\/unde-a-disparut-insula-antilia-insula-celor-7-orase-de-aur-ea-se-gasea-in-mijlocul-oceanului-atlantic-si-poate-ca-era-o-ramasita-a-atlantidei\/\" \/>\n<meta property=\"og:site_name\" content=\"Secretele lui Lovendal\" \/>\n<meta property=\"article:publisher\" content=\"https:\/\/www.facebook.com\/secreteleluilovendal\" \/>\n<meta property=\"article:published_time\" content=\"2022-12-15T12:56:21+00:00\" \/>\n<meta property=\"og:image\" content=\"https:\/\/www.lovendal.ro\/wp52\/wp-content\/uploads\/2022\/12\/Antillia-coperta.jpg\" \/>\n\t<meta property=\"og:image:width\" content=\"376\" \/>\n\t<meta property=\"og:image:height\" content=\"201\" \/>\n\t<meta property=\"og:image:type\" content=\"image\/jpeg\" \/>\n<meta name=\"author\" content=\"admin\" \/>\n<meta name=\"twitter:card\" content=\"summary_large_image\" \/>\n<meta name=\"twitter:label1\" content=\"Scris de\" \/>\n\t<meta name=\"twitter:data1\" content=\"admin\" \/>\n\t<meta name=\"twitter:label2\" content=\"Timp estimat pentru citire\" \/>\n\t<meta name=\"twitter:data2\" content=\"4 minute\" \/>\n<script type=\"application\/ld+json\" class=\"yoast-schema-graph\">{\"@context\":\"https:\\\/\\\/schema.org\",\"@graph\":[{\"@type\":\"Article\",\"@id\":\"https:\\\/\\\/www.lovendal.ro\\\/wp52\\\/unde-a-disparut-insula-antilia-insula-celor-7-orase-de-aur-ea-se-gasea-in-mijlocul-oceanului-atlantic-si-poate-ca-era-o-ramasita-a-atlantidei\\\/#article\",\"isPartOf\":{\"@id\":\"https:\\\/\\\/www.lovendal.ro\\\/wp52\\\/unde-a-disparut-insula-antilia-insula-celor-7-orase-de-aur-ea-se-gasea-in-mijlocul-oceanului-atlantic-si-poate-ca-era-o-ramasita-a-atlantidei\\\/\"},\"author\":{\"name\":\"admin\",\"@id\":\"https:\\\/\\\/www.lovendal.ro\\\/wp52\\\/#\\\/schema\\\/person\\\/088691de5dfc346bb0c023e1e52ef5d9\"},\"headline\":\"Unde a disp\u0103rut Insula Antilia, &#8222;insula celor 7 ora\u015fe de aur&#8221;? Ea se g\u0103sea \u00een mijlocul Oceanului Atlantic \u015fi poate c\u0103 era o r\u0103m\u0103\u015fi\u0163\u0103 a Atlantidei&#8230;\",\"datePublished\":\"2022-12-15T12:56:21+00:00\",\"mainEntityOfPage\":{\"@id\":\"https:\\\/\\\/www.lovendal.ro\\\/wp52\\\/unde-a-disparut-insula-antilia-insula-celor-7-orase-de-aur-ea-se-gasea-in-mijlocul-oceanului-atlantic-si-poate-ca-era-o-ramasita-a-atlantidei\\\/\"},\"wordCount\":903,\"commentCount\":0,\"publisher\":{\"@id\":\"https:\\\/\\\/www.lovendal.ro\\\/wp52\\\/#organization\"},\"image\":{\"@id\":\"https:\\\/\\\/www.lovendal.ro\\\/wp52\\\/unde-a-disparut-insula-antilia-insula-celor-7-orase-de-aur-ea-se-gasea-in-mijlocul-oceanului-atlantic-si-poate-ca-era-o-ramasita-a-atlantidei\\\/#primaryimage\"},\"thumbnailUrl\":\"https:\\\/\\\/www.lovendal.ro\\\/wp52\\\/wp-content\\\/uploads\\\/2022\\\/12\\\/Antillia-coperta.jpg\",\"keywords\":[\"Africa\",\"Antilia\",\"astronom\",\"Atlantida\",\"aur\",\"b\u0103t\u0103lie\",\"China\",\"Cristofor Columb\",\"episcopi\",\"furtun\u0103\",\"general\",\"Geografie - Geologie\",\"go\u0163i\",\"hart\u0103\",\"Henric Navigatorul\",\"insul\u0103\",\"Insulele Antile\",\"Insulele Azore\",\"Japonia\",\"Joao al II-lea\",\"legend\u0103\",\"mauri\",\"nav\u0103\",\"Oceanul Atlantic\",\"ora\u015f\",\"Peninsula Iberic\u0103\",\"Pirinei\",\"Poitiers\",\"Portugalia\",\"prin\u0163\",\"rege\",\"scrisoare\",\"Spania\",\"str\u00e2mtoarea Gilbratar\"],\"articleSection\":[\"Geografie - Geologie\"],\"inLanguage\":\"ro-RO\",\"potentialAction\":[{\"@type\":\"CommentAction\",\"name\":\"Comment\",\"target\":[\"https:\\\/\\\/www.lovendal.ro\\\/wp52\\\/unde-a-disparut-insula-antilia-insula-celor-7-orase-de-aur-ea-se-gasea-in-mijlocul-oceanului-atlantic-si-poate-ca-era-o-ramasita-a-atlantidei\\\/#respond\"]}]},{\"@type\":\"WebPage\",\"@id\":\"https:\\\/\\\/www.lovendal.ro\\\/wp52\\\/unde-a-disparut-insula-antilia-insula-celor-7-orase-de-aur-ea-se-gasea-in-mijlocul-oceanului-atlantic-si-poate-ca-era-o-ramasita-a-atlantidei\\\/\",\"url\":\"https:\\\/\\\/www.lovendal.ro\\\/wp52\\\/unde-a-disparut-insula-antilia-insula-celor-7-orase-de-aur-ea-se-gasea-in-mijlocul-oceanului-atlantic-si-poate-ca-era-o-ramasita-a-atlantidei\\\/\",\"name\":\"Unde a disp\u0103rut Insula Antilia, \\\"insula celor 7 ora\u015fe de aur\\\"? Ea se g\u0103sea \u00een mijlocul Oceanului Atlantic \u015fi poate c\u0103 era o r\u0103m\u0103\u015fi\u0163\u0103 a Atlantidei... - Secretele lui Lovendal\",\"isPartOf\":{\"@id\":\"https:\\\/\\\/www.lovendal.ro\\\/wp52\\\/#website\"},\"primaryImageOfPage\":{\"@id\":\"https:\\\/\\\/www.lovendal.ro\\\/wp52\\\/unde-a-disparut-insula-antilia-insula-celor-7-orase-de-aur-ea-se-gasea-in-mijlocul-oceanului-atlantic-si-poate-ca-era-o-ramasita-a-atlantidei\\\/#primaryimage\"},\"image\":{\"@id\":\"https:\\\/\\\/www.lovendal.ro\\\/wp52\\\/unde-a-disparut-insula-antilia-insula-celor-7-orase-de-aur-ea-se-gasea-in-mijlocul-oceanului-atlantic-si-poate-ca-era-o-ramasita-a-atlantidei\\\/#primaryimage\"},\"thumbnailUrl\":\"https:\\\/\\\/www.lovendal.ro\\\/wp52\\\/wp-content\\\/uploads\\\/2022\\\/12\\\/Antillia-coperta.jpg\",\"datePublished\":\"2022-12-15T12:56:21+00:00\",\"breadcrumb\":{\"@id\":\"https:\\\/\\\/www.lovendal.ro\\\/wp52\\\/unde-a-disparut-insula-antilia-insula-celor-7-orase-de-aur-ea-se-gasea-in-mijlocul-oceanului-atlantic-si-poate-ca-era-o-ramasita-a-atlantidei\\\/#breadcrumb\"},\"inLanguage\":\"ro-RO\",\"potentialAction\":[{\"@type\":\"ReadAction\",\"target\":[\"https:\\\/\\\/www.lovendal.ro\\\/wp52\\\/unde-a-disparut-insula-antilia-insula-celor-7-orase-de-aur-ea-se-gasea-in-mijlocul-oceanului-atlantic-si-poate-ca-era-o-ramasita-a-atlantidei\\\/\"]}]},{\"@type\":\"ImageObject\",\"inLanguage\":\"ro-RO\",\"@id\":\"https:\\\/\\\/www.lovendal.ro\\\/wp52\\\/unde-a-disparut-insula-antilia-insula-celor-7-orase-de-aur-ea-se-gasea-in-mijlocul-oceanului-atlantic-si-poate-ca-era-o-ramasita-a-atlantidei\\\/#primaryimage\",\"url\":\"https:\\\/\\\/www.lovendal.ro\\\/wp52\\\/wp-content\\\/uploads\\\/2022\\\/12\\\/Antillia-coperta.jpg\",\"contentUrl\":\"https:\\\/\\\/www.lovendal.ro\\\/wp52\\\/wp-content\\\/uploads\\\/2022\\\/12\\\/Antillia-coperta.jpg\",\"width\":376,\"height\":201},{\"@type\":\"BreadcrumbList\",\"@id\":\"https:\\\/\\\/www.lovendal.ro\\\/wp52\\\/unde-a-disparut-insula-antilia-insula-celor-7-orase-de-aur-ea-se-gasea-in-mijlocul-oceanului-atlantic-si-poate-ca-era-o-ramasita-a-atlantidei\\\/#breadcrumb\",\"itemListElement\":[{\"@type\":\"ListItem\",\"position\":1,\"name\":\"Home\",\"item\":\"https:\\\/\\\/www.lovendal.ro\\\/wp52\\\/\"},{\"@type\":\"ListItem\",\"position\":2,\"name\":\"Unde a disp\u0103rut Insula Antilia, &#8222;insula celor 7 ora\u015fe de aur&#8221;? Ea se g\u0103sea \u00een mijlocul Oceanului Atlantic \u015fi poate c\u0103 era o r\u0103m\u0103\u015fi\u0163\u0103 a Atlantidei&#8230;\"}]},{\"@type\":\"WebSite\",\"@id\":\"https:\\\/\\\/www.lovendal.ro\\\/wp52\\\/#website\",\"url\":\"https:\\\/\\\/www.lovendal.ro\\\/wp52\\\/\",\"name\":\"Secretele lui Lovendal\",\"description\":\"Site de secrete, stiinta si metafizica - din 2008 -\",\"publisher\":{\"@id\":\"https:\\\/\\\/www.lovendal.ro\\\/wp52\\\/#organization\"},\"potentialAction\":[{\"@type\":\"SearchAction\",\"target\":{\"@type\":\"EntryPoint\",\"urlTemplate\":\"https:\\\/\\\/www.lovendal.ro\\\/wp52\\\/?s={search_term_string}\"},\"query-input\":{\"@type\":\"PropertyValueSpecification\",\"valueRequired\":true,\"valueName\":\"search_term_string\"}}],\"inLanguage\":\"ro-RO\"},{\"@type\":\"Organization\",\"@id\":\"https:\\\/\\\/www.lovendal.ro\\\/wp52\\\/#organization\",\"name\":\"Secretele lui Lovendal\",\"url\":\"https:\\\/\\\/www.lovendal.ro\\\/wp52\\\/\",\"logo\":{\"@type\":\"ImageObject\",\"inLanguage\":\"ro-RO\",\"@id\":\"https:\\\/\\\/www.lovendal.ro\\\/wp52\\\/#\\\/schema\\\/logo\\\/image\\\/\",\"url\":\"https:\\\/\\\/www.lovendal.ro\\\/wp52\\\/wp-content\\\/uploads\\\/2024\\\/06\\\/cropped-SLL-iun-2024-1.jpg\",\"contentUrl\":\"https:\\\/\\\/www.lovendal.ro\\\/wp52\\\/wp-content\\\/uploads\\\/2024\\\/06\\\/cropped-SLL-iun-2024-1.jpg\",\"width\":771,\"height\":240,\"caption\":\"Secretele lui Lovendal\"},\"image\":{\"@id\":\"https:\\\/\\\/www.lovendal.ro\\\/wp52\\\/#\\\/schema\\\/logo\\\/image\\\/\"},\"sameAs\":[\"https:\\\/\\\/www.facebook.com\\\/secreteleluilovendal\"]},{\"@type\":\"Person\",\"@id\":\"https:\\\/\\\/www.lovendal.ro\\\/wp52\\\/#\\\/schema\\\/person\\\/088691de5dfc346bb0c023e1e52ef5d9\",\"name\":\"admin\",\"image\":{\"@type\":\"ImageObject\",\"inLanguage\":\"ro-RO\",\"@id\":\"https:\\\/\\\/secure.gravatar.com\\\/avatar\\\/ecb9cd41f5f63c9c9b989999a59f6e2639a865ec361e9db054db0679a8f341c2?s=96&d=mm&r=g\",\"url\":\"https:\\\/\\\/secure.gravatar.com\\\/avatar\\\/ecb9cd41f5f63c9c9b989999a59f6e2639a865ec361e9db054db0679a8f341c2?s=96&d=mm&r=g\",\"contentUrl\":\"https:\\\/\\\/secure.gravatar.com\\\/avatar\\\/ecb9cd41f5f63c9c9b989999a59f6e2639a865ec361e9db054db0679a8f341c2?s=96&d=mm&r=g\",\"caption\":\"admin\"},\"sameAs\":[\"https:\\\/\\\/www.lovendal.ro\\\/wp52\"]}]}<\/script>\n<!-- \/ Yoast SEO Premium plugin. -->","yoast_head_json":{"title":"Unde a disp\u0103rut Insula Antilia, \"insula celor 7 ora\u015fe de aur\"? Ea se g\u0103sea \u00een mijlocul Oceanului Atlantic \u015fi poate c\u0103 era o r\u0103m\u0103\u015fi\u0163\u0103 a Atlantidei... - Secretele lui Lovendal","robots":{"index":"index","follow":"follow","max-snippet":"max-snippet:-1","max-image-preview":"max-image-preview:large","max-video-preview":"max-video-preview:-1"},"canonical":"https:\/\/www.lovendal.ro\/wp52\/unde-a-disparut-insula-antilia-insula-celor-7-orase-de-aur-ea-se-gasea-in-mijlocul-oceanului-atlantic-si-poate-ca-era-o-ramasita-a-atlantidei\/","og_locale":"ro_RO","og_type":"article","og_title":"Unde a disp\u0103rut Insula Antilia, \"insula celor 7 ora\u015fe de aur\"? Ea se g\u0103sea \u00een mijlocul Oceanului Atlantic \u015fi poate c\u0103 era o r\u0103m\u0103\u015fi\u0163\u0103 a Atlantidei...","og_description":"\u00cen 711, maurii din nordul Africii au traversat str\u00e2mtoarea Gibraltar \u0219i au invadat peninsula Iberic\u0103. Condus\u0103 de generalul Tariq ibn Ziyad, aceast\u0103 for\u021b\u0103 masiv\u0103 a purtat o campanie de 8 ani, zdrobind armatele cre\u0219tine vizigote \u0219i aduc\u00e2nd cea mai mare ... Cititi mai multe","og_url":"https:\/\/www.lovendal.ro\/wp52\/unde-a-disparut-insula-antilia-insula-celor-7-orase-de-aur-ea-se-gasea-in-mijlocul-oceanului-atlantic-si-poate-ca-era-o-ramasita-a-atlantidei\/","og_site_name":"Secretele lui Lovendal","article_publisher":"https:\/\/www.facebook.com\/secreteleluilovendal","article_published_time":"2022-12-15T12:56:21+00:00","og_image":[{"width":376,"height":201,"url":"https:\/\/www.lovendal.ro\/wp52\/wp-content\/uploads\/2022\/12\/Antillia-coperta.jpg","type":"image\/jpeg"}],"author":"admin","twitter_card":"summary_large_image","twitter_misc":{"Scris de":"admin","Timp estimat pentru citire":"4 minute"},"schema":{"@context":"https:\/\/schema.org","@graph":[{"@type":"Article","@id":"https:\/\/www.lovendal.ro\/wp52\/unde-a-disparut-insula-antilia-insula-celor-7-orase-de-aur-ea-se-gasea-in-mijlocul-oceanului-atlantic-si-poate-ca-era-o-ramasita-a-atlantidei\/#article","isPartOf":{"@id":"https:\/\/www.lovendal.ro\/wp52\/unde-a-disparut-insula-antilia-insula-celor-7-orase-de-aur-ea-se-gasea-in-mijlocul-oceanului-atlantic-si-poate-ca-era-o-ramasita-a-atlantidei\/"},"author":{"name":"admin","@id":"https:\/\/www.lovendal.ro\/wp52\/#\/schema\/person\/088691de5dfc346bb0c023e1e52ef5d9"},"headline":"Unde a disp\u0103rut Insula Antilia, &#8222;insula celor 7 ora\u015fe de aur&#8221;? Ea se g\u0103sea \u00een mijlocul Oceanului Atlantic \u015fi poate c\u0103 era o r\u0103m\u0103\u015fi\u0163\u0103 a Atlantidei&#8230;","datePublished":"2022-12-15T12:56:21+00:00","mainEntityOfPage":{"@id":"https:\/\/www.lovendal.ro\/wp52\/unde-a-disparut-insula-antilia-insula-celor-7-orase-de-aur-ea-se-gasea-in-mijlocul-oceanului-atlantic-si-poate-ca-era-o-ramasita-a-atlantidei\/"},"wordCount":903,"commentCount":0,"publisher":{"@id":"https:\/\/www.lovendal.ro\/wp52\/#organization"},"image":{"@id":"https:\/\/www.lovendal.ro\/wp52\/unde-a-disparut-insula-antilia-insula-celor-7-orase-de-aur-ea-se-gasea-in-mijlocul-oceanului-atlantic-si-poate-ca-era-o-ramasita-a-atlantidei\/#primaryimage"},"thumbnailUrl":"https:\/\/www.lovendal.ro\/wp52\/wp-content\/uploads\/2022\/12\/Antillia-coperta.jpg","keywords":["Africa","Antilia","astronom","Atlantida","aur","b\u0103t\u0103lie","China","Cristofor Columb","episcopi","furtun\u0103","general","Geografie - Geologie","go\u0163i","hart\u0103","Henric Navigatorul","insul\u0103","Insulele Antile","Insulele Azore","Japonia","Joao al II-lea","legend\u0103","mauri","nav\u0103","Oceanul Atlantic","ora\u015f","Peninsula Iberic\u0103","Pirinei","Poitiers","Portugalia","prin\u0163","rege","scrisoare","Spania","str\u00e2mtoarea Gilbratar"],"articleSection":["Geografie - Geologie"],"inLanguage":"ro-RO","potentialAction":[{"@type":"CommentAction","name":"Comment","target":["https:\/\/www.lovendal.ro\/wp52\/unde-a-disparut-insula-antilia-insula-celor-7-orase-de-aur-ea-se-gasea-in-mijlocul-oceanului-atlantic-si-poate-ca-era-o-ramasita-a-atlantidei\/#respond"]}]},{"@type":"WebPage","@id":"https:\/\/www.lovendal.ro\/wp52\/unde-a-disparut-insula-antilia-insula-celor-7-orase-de-aur-ea-se-gasea-in-mijlocul-oceanului-atlantic-si-poate-ca-era-o-ramasita-a-atlantidei\/","url":"https:\/\/www.lovendal.ro\/wp52\/unde-a-disparut-insula-antilia-insula-celor-7-orase-de-aur-ea-se-gasea-in-mijlocul-oceanului-atlantic-si-poate-ca-era-o-ramasita-a-atlantidei\/","name":"Unde a disp\u0103rut Insula Antilia, \"insula celor 7 ora\u015fe de aur\"? Ea se g\u0103sea \u00een mijlocul Oceanului Atlantic \u015fi poate c\u0103 era o r\u0103m\u0103\u015fi\u0163\u0103 a Atlantidei... - Secretele lui Lovendal","isPartOf":{"@id":"https:\/\/www.lovendal.ro\/wp52\/#website"},"primaryImageOfPage":{"@id":"https:\/\/www.lovendal.ro\/wp52\/unde-a-disparut-insula-antilia-insula-celor-7-orase-de-aur-ea-se-gasea-in-mijlocul-oceanului-atlantic-si-poate-ca-era-o-ramasita-a-atlantidei\/#primaryimage"},"image":{"@id":"https:\/\/www.lovendal.ro\/wp52\/unde-a-disparut-insula-antilia-insula-celor-7-orase-de-aur-ea-se-gasea-in-mijlocul-oceanului-atlantic-si-poate-ca-era-o-ramasita-a-atlantidei\/#primaryimage"},"thumbnailUrl":"https:\/\/www.lovendal.ro\/wp52\/wp-content\/uploads\/2022\/12\/Antillia-coperta.jpg","datePublished":"2022-12-15T12:56:21+00:00","breadcrumb":{"@id":"https:\/\/www.lovendal.ro\/wp52\/unde-a-disparut-insula-antilia-insula-celor-7-orase-de-aur-ea-se-gasea-in-mijlocul-oceanului-atlantic-si-poate-ca-era-o-ramasita-a-atlantidei\/#breadcrumb"},"inLanguage":"ro-RO","potentialAction":[{"@type":"ReadAction","target":["https:\/\/www.lovendal.ro\/wp52\/unde-a-disparut-insula-antilia-insula-celor-7-orase-de-aur-ea-se-gasea-in-mijlocul-oceanului-atlantic-si-poate-ca-era-o-ramasita-a-atlantidei\/"]}]},{"@type":"ImageObject","inLanguage":"ro-RO","@id":"https:\/\/www.lovendal.ro\/wp52\/unde-a-disparut-insula-antilia-insula-celor-7-orase-de-aur-ea-se-gasea-in-mijlocul-oceanului-atlantic-si-poate-ca-era-o-ramasita-a-atlantidei\/#primaryimage","url":"https:\/\/www.lovendal.ro\/wp52\/wp-content\/uploads\/2022\/12\/Antillia-coperta.jpg","contentUrl":"https:\/\/www.lovendal.ro\/wp52\/wp-content\/uploads\/2022\/12\/Antillia-coperta.jpg","width":376,"height":201},{"@type":"BreadcrumbList","@id":"https:\/\/www.lovendal.ro\/wp52\/unde-a-disparut-insula-antilia-insula-celor-7-orase-de-aur-ea-se-gasea-in-mijlocul-oceanului-atlantic-si-poate-ca-era-o-ramasita-a-atlantidei\/#breadcrumb","itemListElement":[{"@type":"ListItem","position":1,"name":"Home","item":"https:\/\/www.lovendal.ro\/wp52\/"},{"@type":"ListItem","position":2,"name":"Unde a disp\u0103rut Insula Antilia, &#8222;insula celor 7 ora\u015fe de aur&#8221;? Ea se g\u0103sea \u00een mijlocul Oceanului Atlantic \u015fi poate c\u0103 era o r\u0103m\u0103\u015fi\u0163\u0103 a Atlantidei&#8230;"}]},{"@type":"WebSite","@id":"https:\/\/www.lovendal.ro\/wp52\/#website","url":"https:\/\/www.lovendal.ro\/wp52\/","name":"Secretele lui Lovendal","description":"Site de secrete, stiinta si metafizica - din 2008 -","publisher":{"@id":"https:\/\/www.lovendal.ro\/wp52\/#organization"},"potentialAction":[{"@type":"SearchAction","target":{"@type":"EntryPoint","urlTemplate":"https:\/\/www.lovendal.ro\/wp52\/?s={search_term_string}"},"query-input":{"@type":"PropertyValueSpecification","valueRequired":true,"valueName":"search_term_string"}}],"inLanguage":"ro-RO"},{"@type":"Organization","@id":"https:\/\/www.lovendal.ro\/wp52\/#organization","name":"Secretele lui Lovendal","url":"https:\/\/www.lovendal.ro\/wp52\/","logo":{"@type":"ImageObject","inLanguage":"ro-RO","@id":"https:\/\/www.lovendal.ro\/wp52\/#\/schema\/logo\/image\/","url":"https:\/\/www.lovendal.ro\/wp52\/wp-content\/uploads\/2024\/06\/cropped-SLL-iun-2024-1.jpg","contentUrl":"https:\/\/www.lovendal.ro\/wp52\/wp-content\/uploads\/2024\/06\/cropped-SLL-iun-2024-1.jpg","width":771,"height":240,"caption":"Secretele lui Lovendal"},"image":{"@id":"https:\/\/www.lovendal.ro\/wp52\/#\/schema\/logo\/image\/"},"sameAs":["https:\/\/www.facebook.com\/secreteleluilovendal"]},{"@type":"Person","@id":"https:\/\/www.lovendal.ro\/wp52\/#\/schema\/person\/088691de5dfc346bb0c023e1e52ef5d9","name":"admin","image":{"@type":"ImageObject","inLanguage":"ro-RO","@id":"https:\/\/secure.gravatar.com\/avatar\/ecb9cd41f5f63c9c9b989999a59f6e2639a865ec361e9db054db0679a8f341c2?s=96&d=mm&r=g","url":"https:\/\/secure.gravatar.com\/avatar\/ecb9cd41f5f63c9c9b989999a59f6e2639a865ec361e9db054db0679a8f341c2?s=96&d=mm&r=g","contentUrl":"https:\/\/secure.gravatar.com\/avatar\/ecb9cd41f5f63c9c9b989999a59f6e2639a865ec361e9db054db0679a8f341c2?s=96&d=mm&r=g","caption":"admin"},"sameAs":["https:\/\/www.lovendal.ro\/wp52"]}]}},"_links":{"self":[{"href":"https:\/\/www.lovendal.ro\/wp52\/wp-json\/wp\/v2\/posts\/83743","targetHints":{"allow":["GET"]}}],"collection":[{"href":"https:\/\/www.lovendal.ro\/wp52\/wp-json\/wp\/v2\/posts"}],"about":[{"href":"https:\/\/www.lovendal.ro\/wp52\/wp-json\/wp\/v2\/types\/post"}],"author":[{"embeddable":true,"href":"https:\/\/www.lovendal.ro\/wp52\/wp-json\/wp\/v2\/users\/1"}],"replies":[{"embeddable":true,"href":"https:\/\/www.lovendal.ro\/wp52\/wp-json\/wp\/v2\/comments?post=83743"}],"version-history":[{"count":1,"href":"https:\/\/www.lovendal.ro\/wp52\/wp-json\/wp\/v2\/posts\/83743\/revisions"}],"predecessor-version":[{"id":83746,"href":"https:\/\/www.lovendal.ro\/wp52\/wp-json\/wp\/v2\/posts\/83743\/revisions\/83746"}],"wp:featuredmedia":[{"embeddable":true,"href":"https:\/\/www.lovendal.ro\/wp52\/wp-json\/wp\/v2\/media\/83745"}],"wp:attachment":[{"href":"https:\/\/www.lovendal.ro\/wp52\/wp-json\/wp\/v2\/media?parent=83743"}],"wp:term":[{"taxonomy":"category","embeddable":true,"href":"https:\/\/www.lovendal.ro\/wp52\/wp-json\/wp\/v2\/categories?post=83743"},{"taxonomy":"post_tag","embeddable":true,"href":"https:\/\/www.lovendal.ro\/wp52\/wp-json\/wp\/v2\/tags?post=83743"}],"curies":[{"name":"wp","href":"https:\/\/api.w.org\/{rel}","templated":true}]}}