{"id":83557,"date":"2022-12-02T11:40:17","date_gmt":"2022-12-02T09:40:17","guid":{"rendered":"https:\/\/www.lovendal.ro\/wp52\/?p=83557"},"modified":"2022-12-02T11:40:17","modified_gmt":"2022-12-02T09:40:17","slug":"iata-ce-telefon-mobil-pentru-masini-a-scos-ceausescu-in-1989-radiotelefonul-mobil-r-8143","status":"publish","type":"post","link":"https:\/\/www.lovendal.ro\/wp52\/iata-ce-telefon-mobil-pentru-masini-a-scos-ceausescu-in-1989-radiotelefonul-mobil-r-8143\/","title":{"rendered":"Iat\u0103 ce &#8222;telefon mobil&#8221; pentru ma\u015fini a scos Ceau\u015fescu \u00een 1989: Radiotelefonul mobil R 8143"},"content":{"rendered":"<p><a href=\"https:\/\/www.lovendal.ro\/wp52\/wp-content\/uploads\/2022\/12\/radiotelefon-mobil-auto-1989-coperta.jpg\"><img loading=\"lazy\" decoding=\"async\" class=\"alignleft size-full wp-image-83558\" src=\"https:\/\/www.lovendal.ro\/wp52\/wp-content\/uploads\/2022\/12\/radiotelefon-mobil-auto-1989-coperta.jpg\" alt=\"\" width=\"368\" height=\"203\" srcset=\"https:\/\/www.lovendal.ro\/wp52\/wp-content\/uploads\/2022\/12\/radiotelefon-mobil-auto-1989-coperta.jpg 368w, https:\/\/www.lovendal.ro\/wp52\/wp-content\/uploads\/2022\/12\/radiotelefon-mobil-auto-1989-coperta-300x165.jpg 300w\" sizes=\"auto, (max-width: 368px) 100vw, 368px\" \/><\/a><\/p>\n<p><strong>UPDATE! \u00cen titlul acestui articol, s-a folosit expresia <em>&#8222;a scos Ceau\u015fescu&#8221;,<\/em> \u00een sensul c\u0103 acest echipament a fost realizat \u00een anul 1989, c\u00e2nd Ceau\u015fescu \u00eenc\u0103 mai conducea Rom\u00e2nia. Asta nu \u00eenseamn\u0103 c\u0103 el ar fi avut vreo contribu\u0163ie tehnic\u0103 \u00een realizarea lui.<\/strong><\/p>\n<p>Pe timpul comunismului, \u00een 1968, a fost fondat\u0103 I.E.M.I. Bucure\u015fti (\u00centreprinderea de Elemente de M\u0103sur\u0103 Industriale), care se ocupa de producerea de echipamente de radiocomunica\u0163ii, aparate electronice de m\u0103sur\u0103 \u015fi control, aparatur\u0103 medical\u0103, surse de alimentare, atelier de montaj\/repara\u0163ii vehicule, sisteme complexe de testare \u015fi calcul. Dup\u0103 Revolu\u0163ia din &#8217;89, \u00eentreprinderea a intrat \u00een dec\u0103dere, pentru ca apoi s\u0103 fie transformat\u0103 \u00eentr-un SRL \u015fi lichidat\u0103. Ast\u0103zi, pe \u015eoseaua de Glucoz\u0103 nr.7-9, unde \u00ee\u015fi avea \u00eentreprinderea sediul, se afl\u0103 construit un ansamblu de cl\u0103diri.<\/p>\n<p>Pe vremea comunismului, I.E.M.I. producea echipamente electronice \u015fi de comunica\u0163ii destul de avansate, a\u015fa cum se poate observa \u00eentr-o reclam\u0103 dintr-o revist\u0103 <em><strong>&#8222;\u015etiin\u0163\u0103 \u015fi Tehnic\u0103&#8221;<\/strong> <\/em>din 1989. Iat\u0103 ce produse de top se fabricau atunci la I.E.M.I.:<\/p>\n<p><em><strong>* TIC 900 PLUS<\/strong>, testor \u015fi identificator de circuite integrate digitale, destinat atelierelor de proiectare, centrelor de depanare \u015fi sec\u0163iilor de produc\u0163ie. Acest aparat este capabil s\u0103 testeze, s\u0103 identifice \u015fi s\u0103 \u00eenve\u0163e orice circuit SSI-MSI \u015fi c\u00e2teva LSI-uri, realizate \u00een tehnologiile TTL sau MOS, din familiile SN 7400, 8200, 9300, 8300, 8500HEF, 4000, f\u0103r\u0103 s\u0103 necesite un circuit martor.<\/em><br \/>\n<em><strong>* MICROTEST 901<\/strong>: este un testor func\u0163ional dinamic portabil, destinat echipamentelor bazate pe microprocesorul INTEL 8080. Poate fi utilizat at\u00e2t \u00een produc\u021bie, la testarea final\u0103 a aparatelor \u015fi plachetelor echipate cu microprocesoare de tip INTEL 8080, c\u00e2t \u015fi \u00een activitatea de service, pentru detectarea \u015fi localizarea rapid\u0103 a defectelor.<\/em><br \/>\n<em><strong>* RADIOTELEFONUL PORTABIL R 8243<\/strong>, destinat leg\u0103turilor radio bidirec\u0163ionale \u00eentre operatorul sta\u0163iei portabile \u015fi alt radiotelefon echipat cu acelea\u015fi frecven\u0163e. Acest aparat func\u0163ioneaz\u0103 \u00een gama 146-174 MHz, \u00een simplex sau semiduplex. Puterea de transmisie: 0,5 W sau 1,5 W; sensibilitatea receptorului: 0,4W (1 1\/2 e.m.f.).<\/em><\/p>\n<p>\u015ei, un echipament SF pentru Rom\u00e2nia anului 1989, un radiotelefon mobil pentru autoturisme! La fel cum vorbim azi la telefon mobil \u00een ma\u015fin\u0103, teoretic se putea face \u015fi pe timpul lui Ceau\u015fescu, de\u015fi echipamentul nu avea multitudinea de func\u0163ii pe care le avem azi pe un smartphone. Era cam &#8222;primitiv&#8221;, ca s\u0103 zic a\u015fa&#8230;<\/p>\n<p><em><strong>* RADIOTELEFONUL MOBIL R 8143<\/strong>, are un design modern, care se asorteaz\u0103 cu orice interior de vehicul. Av\u00e2nd o greutate redus\u0103, se poate monta cu u\u015furin\u0163\u0103 oriunde, \u00een interiorul vehiculului. Comenzile radiotelefonului se opereaz\u0103 pe panoul frontal, prev\u0103zut cu LED-uri de semnalizare. Este un aparat de mare utilitate pentru orice activitate \u00een teren.<\/em><\/p>\n<p><a href=\"https:\/\/www.lovendal.ro\/wp52\/wp-content\/uploads\/2022\/12\/radiotelefon-mobil-auto-1989.jpg\"><img loading=\"lazy\" decoding=\"async\" class=\"aligncenter size-full wp-image-83559\" src=\"https:\/\/www.lovendal.ro\/wp52\/wp-content\/uploads\/2022\/12\/radiotelefon-mobil-auto-1989.jpg\" alt=\"\" width=\"544\" height=\"243\" srcset=\"https:\/\/www.lovendal.ro\/wp52\/wp-content\/uploads\/2022\/12\/radiotelefon-mobil-auto-1989.jpg 544w, https:\/\/www.lovendal.ro\/wp52\/wp-content\/uploads\/2022\/12\/radiotelefon-mobil-auto-1989-300x134.jpg 300w\" sizes=\"auto, (max-width: 544px) 100vw, 544px\" \/><\/a><\/p>\n","protected":false},"excerpt":{"rendered":"<p>UPDATE! \u00cen titlul acestui articol, s-a folosit expresia &#8222;a scos Ceau\u015fescu&#8221;, \u00een sensul c\u0103 acest echipament a fost realizat \u00een anul 1989, c\u00e2nd Ceau\u015fescu \u00eenc\u0103 mai conducea Rom\u00e2nia. Asta nu \u00eenseamn\u0103 c\u0103 el ar fi avut vreo contribu\u0163ie tehnic\u0103 \u00een &#8230; <\/p>\n<p class=\"read-more-container\"><a title=\"Iat\u0103 ce &#8222;telefon mobil&#8221; pentru ma\u015fini a scos Ceau\u015fescu \u00een 1989: Radiotelefonul mobil R 8143\" class=\"read-more button\" href=\"https:\/\/www.lovendal.ro\/wp52\/iata-ce-telefon-mobil-pentru-masini-a-scos-ceausescu-in-1989-radiotelefonul-mobil-r-8143\/#more-83557\" aria-label=\"Cite\u0219te mai multe despre Iat\u0103 ce &#8222;telefon mobil&#8221; pentru ma\u015fini a scos Ceau\u015fescu \u00een 1989: Radiotelefonul mobil R 8143\">Cititi mai multe<\/a><\/p>\n","protected":false},"author":1,"featured_media":83558,"comment_status":"open","ping_status":"open","sticky":false,"template":"","format":"standard","meta":{"footnotes":""},"categories":[12567],"tags":[827,135,81,17972,6990,9615,580,6991,232,2364,589,2174,5061,12568,6566],"class_list":["post-83557","post","type-post","status-publish","format-standard","has-post-thumbnail","hentry","category-tehnologii","tag-bucuresti","tag-ceausescu","tag-comunism","tag-iemi","tag-intel","tag-intreprindere","tag-masina","tag-microprocesor","tag-radio","tag-revista","tag-revolutia-romana-din-89","tag-sf","tag-smartphone","tag-tehnologii","tag-telefon-mobil","resize-featured-image"],"yoast_head":"<!-- This site is optimized with the Yoast SEO Premium plugin v23.3 (Yoast SEO v27.4) - https:\/\/yoast.com\/product\/yoast-seo-premium-wordpress\/ -->\n<title>Iat\u0103 ce &quot;telefon mobil&quot; pentru ma\u015fini a scos Ceau\u015fescu \u00een 1989: Radiotelefonul mobil R 8143 - Secretele lui Lovendal<\/title>\n<meta name=\"robots\" content=\"index, follow, max-snippet:-1, max-image-preview:large, max-video-preview:-1\" \/>\n<link rel=\"canonical\" href=\"https:\/\/www.lovendal.ro\/wp52\/iata-ce-telefon-mobil-pentru-masini-a-scos-ceausescu-in-1989-radiotelefonul-mobil-r-8143\/\" \/>\n<meta property=\"og:locale\" content=\"ro_RO\" \/>\n<meta property=\"og:type\" content=\"article\" \/>\n<meta property=\"og:title\" content=\"Iat\u0103 ce &quot;telefon mobil&quot; pentru ma\u015fini a scos Ceau\u015fescu \u00een 1989: Radiotelefonul mobil R 8143\" \/>\n<meta property=\"og:description\" content=\"UPDATE! \u00cen titlul acestui articol, s-a folosit expresia &#8222;a scos Ceau\u015fescu&#8221;, \u00een sensul c\u0103 acest echipament a fost realizat \u00een anul 1989, c\u00e2nd Ceau\u015fescu \u00eenc\u0103 mai conducea Rom\u00e2nia. Asta nu \u00eenseamn\u0103 c\u0103 el ar fi avut vreo contribu\u0163ie tehnic\u0103 \u00een ... Cititi mai multe\" \/>\n<meta property=\"og:url\" content=\"https:\/\/www.lovendal.ro\/wp52\/iata-ce-telefon-mobil-pentru-masini-a-scos-ceausescu-in-1989-radiotelefonul-mobil-r-8143\/\" \/>\n<meta property=\"og:site_name\" content=\"Secretele lui Lovendal\" \/>\n<meta property=\"article:publisher\" content=\"https:\/\/www.facebook.com\/secreteleluilovendal\" \/>\n<meta property=\"article:published_time\" content=\"2022-12-02T09:40:17+00:00\" \/>\n<meta property=\"og:image\" content=\"https:\/\/www.lovendal.ro\/wp52\/wp-content\/uploads\/2022\/12\/radiotelefon-mobil-auto-1989-coperta.jpg\" \/>\n\t<meta property=\"og:image:width\" content=\"368\" \/>\n\t<meta property=\"og:image:height\" content=\"203\" \/>\n\t<meta property=\"og:image:type\" content=\"image\/jpeg\" \/>\n<meta name=\"author\" content=\"admin\" \/>\n<meta name=\"twitter:card\" content=\"summary_large_image\" \/>\n<meta name=\"twitter:label1\" content=\"Scris de\" \/>\n\t<meta name=\"twitter:data1\" content=\"admin\" \/>\n\t<meta name=\"twitter:label2\" content=\"Timp estimat pentru citire\" \/>\n\t<meta name=\"twitter:data2\" content=\"2 minute\" \/>\n<script type=\"application\/ld+json\" class=\"yoast-schema-graph\">{\"@context\":\"https:\\\/\\\/schema.org\",\"@graph\":[{\"@type\":\"Article\",\"@id\":\"https:\\\/\\\/www.lovendal.ro\\\/wp52\\\/iata-ce-telefon-mobil-pentru-masini-a-scos-ceausescu-in-1989-radiotelefonul-mobil-r-8143\\\/#article\",\"isPartOf\":{\"@id\":\"https:\\\/\\\/www.lovendal.ro\\\/wp52\\\/iata-ce-telefon-mobil-pentru-masini-a-scos-ceausescu-in-1989-radiotelefonul-mobil-r-8143\\\/\"},\"author\":{\"name\":\"admin\",\"@id\":\"https:\\\/\\\/www.lovendal.ro\\\/wp52\\\/#\\\/schema\\\/person\\\/088691de5dfc346bb0c023e1e52ef5d9\"},\"headline\":\"Iat\u0103 ce &#8222;telefon mobil&#8221; pentru ma\u015fini a scos Ceau\u015fescu \u00een 1989: Radiotelefonul mobil R 8143\",\"datePublished\":\"2022-12-02T09:40:17+00:00\",\"mainEntityOfPage\":{\"@id\":\"https:\\\/\\\/www.lovendal.ro\\\/wp52\\\/iata-ce-telefon-mobil-pentru-masini-a-scos-ceausescu-in-1989-radiotelefonul-mobil-r-8143\\\/\"},\"wordCount\":467,\"commentCount\":0,\"publisher\":{\"@id\":\"https:\\\/\\\/www.lovendal.ro\\\/wp52\\\/#organization\"},\"image\":{\"@id\":\"https:\\\/\\\/www.lovendal.ro\\\/wp52\\\/iata-ce-telefon-mobil-pentru-masini-a-scos-ceausescu-in-1989-radiotelefonul-mobil-r-8143\\\/#primaryimage\"},\"thumbnailUrl\":\"https:\\\/\\\/www.lovendal.ro\\\/wp52\\\/wp-content\\\/uploads\\\/2022\\\/12\\\/radiotelefon-mobil-auto-1989-coperta.jpg\",\"keywords\":[\"Bucure\u015fti\",\"Ceau\u015fescu\",\"comunism\",\"IEMI\",\"Intel\",\"\u00eentreprindere\",\"ma\u015fin\u0103\",\"microprocesor\",\"radio\",\"revist\u0103\",\"Revolu\u0163ia rom\u00e2n\u0103 din 89\",\"SF\",\"smartphone\",\"Tehnologii\",\"telefon mobil\"],\"articleSection\":[\"Tehnologii\"],\"inLanguage\":\"ro-RO\",\"potentialAction\":[{\"@type\":\"CommentAction\",\"name\":\"Comment\",\"target\":[\"https:\\\/\\\/www.lovendal.ro\\\/wp52\\\/iata-ce-telefon-mobil-pentru-masini-a-scos-ceausescu-in-1989-radiotelefonul-mobil-r-8143\\\/#respond\"]}]},{\"@type\":\"WebPage\",\"@id\":\"https:\\\/\\\/www.lovendal.ro\\\/wp52\\\/iata-ce-telefon-mobil-pentru-masini-a-scos-ceausescu-in-1989-radiotelefonul-mobil-r-8143\\\/\",\"url\":\"https:\\\/\\\/www.lovendal.ro\\\/wp52\\\/iata-ce-telefon-mobil-pentru-masini-a-scos-ceausescu-in-1989-radiotelefonul-mobil-r-8143\\\/\",\"name\":\"Iat\u0103 ce \\\"telefon mobil\\\" pentru ma\u015fini a scos Ceau\u015fescu \u00een 1989: Radiotelefonul mobil R 8143 - Secretele lui Lovendal\",\"isPartOf\":{\"@id\":\"https:\\\/\\\/www.lovendal.ro\\\/wp52\\\/#website\"},\"primaryImageOfPage\":{\"@id\":\"https:\\\/\\\/www.lovendal.ro\\\/wp52\\\/iata-ce-telefon-mobil-pentru-masini-a-scos-ceausescu-in-1989-radiotelefonul-mobil-r-8143\\\/#primaryimage\"},\"image\":{\"@id\":\"https:\\\/\\\/www.lovendal.ro\\\/wp52\\\/iata-ce-telefon-mobil-pentru-masini-a-scos-ceausescu-in-1989-radiotelefonul-mobil-r-8143\\\/#primaryimage\"},\"thumbnailUrl\":\"https:\\\/\\\/www.lovendal.ro\\\/wp52\\\/wp-content\\\/uploads\\\/2022\\\/12\\\/radiotelefon-mobil-auto-1989-coperta.jpg\",\"datePublished\":\"2022-12-02T09:40:17+00:00\",\"breadcrumb\":{\"@id\":\"https:\\\/\\\/www.lovendal.ro\\\/wp52\\\/iata-ce-telefon-mobil-pentru-masini-a-scos-ceausescu-in-1989-radiotelefonul-mobil-r-8143\\\/#breadcrumb\"},\"inLanguage\":\"ro-RO\",\"potentialAction\":[{\"@type\":\"ReadAction\",\"target\":[\"https:\\\/\\\/www.lovendal.ro\\\/wp52\\\/iata-ce-telefon-mobil-pentru-masini-a-scos-ceausescu-in-1989-radiotelefonul-mobil-r-8143\\\/\"]}]},{\"@type\":\"ImageObject\",\"inLanguage\":\"ro-RO\",\"@id\":\"https:\\\/\\\/www.lovendal.ro\\\/wp52\\\/iata-ce-telefon-mobil-pentru-masini-a-scos-ceausescu-in-1989-radiotelefonul-mobil-r-8143\\\/#primaryimage\",\"url\":\"https:\\\/\\\/www.lovendal.ro\\\/wp52\\\/wp-content\\\/uploads\\\/2022\\\/12\\\/radiotelefon-mobil-auto-1989-coperta.jpg\",\"contentUrl\":\"https:\\\/\\\/www.lovendal.ro\\\/wp52\\\/wp-content\\\/uploads\\\/2022\\\/12\\\/radiotelefon-mobil-auto-1989-coperta.jpg\",\"width\":368,\"height\":203},{\"@type\":\"BreadcrumbList\",\"@id\":\"https:\\\/\\\/www.lovendal.ro\\\/wp52\\\/iata-ce-telefon-mobil-pentru-masini-a-scos-ceausescu-in-1989-radiotelefonul-mobil-r-8143\\\/#breadcrumb\",\"itemListElement\":[{\"@type\":\"ListItem\",\"position\":1,\"name\":\"Home\",\"item\":\"https:\\\/\\\/www.lovendal.ro\\\/wp52\\\/\"},{\"@type\":\"ListItem\",\"position\":2,\"name\":\"Iat\u0103 ce &#8222;telefon mobil&#8221; pentru ma\u015fini a scos Ceau\u015fescu \u00een 1989: Radiotelefonul mobil R 8143\"}]},{\"@type\":\"WebSite\",\"@id\":\"https:\\\/\\\/www.lovendal.ro\\\/wp52\\\/#website\",\"url\":\"https:\\\/\\\/www.lovendal.ro\\\/wp52\\\/\",\"name\":\"Secretele lui Lovendal\",\"description\":\"Site de secrete, stiinta si metafizica - din 2008 -\",\"publisher\":{\"@id\":\"https:\\\/\\\/www.lovendal.ro\\\/wp52\\\/#organization\"},\"potentialAction\":[{\"@type\":\"SearchAction\",\"target\":{\"@type\":\"EntryPoint\",\"urlTemplate\":\"https:\\\/\\\/www.lovendal.ro\\\/wp52\\\/?s={search_term_string}\"},\"query-input\":{\"@type\":\"PropertyValueSpecification\",\"valueRequired\":true,\"valueName\":\"search_term_string\"}}],\"inLanguage\":\"ro-RO\"},{\"@type\":\"Organization\",\"@id\":\"https:\\\/\\\/www.lovendal.ro\\\/wp52\\\/#organization\",\"name\":\"Secretele lui Lovendal\",\"url\":\"https:\\\/\\\/www.lovendal.ro\\\/wp52\\\/\",\"logo\":{\"@type\":\"ImageObject\",\"inLanguage\":\"ro-RO\",\"@id\":\"https:\\\/\\\/www.lovendal.ro\\\/wp52\\\/#\\\/schema\\\/logo\\\/image\\\/\",\"url\":\"https:\\\/\\\/www.lovendal.ro\\\/wp52\\\/wp-content\\\/uploads\\\/2024\\\/06\\\/cropped-SLL-iun-2024-1.jpg\",\"contentUrl\":\"https:\\\/\\\/www.lovendal.ro\\\/wp52\\\/wp-content\\\/uploads\\\/2024\\\/06\\\/cropped-SLL-iun-2024-1.jpg\",\"width\":771,\"height\":240,\"caption\":\"Secretele lui Lovendal\"},\"image\":{\"@id\":\"https:\\\/\\\/www.lovendal.ro\\\/wp52\\\/#\\\/schema\\\/logo\\\/image\\\/\"},\"sameAs\":[\"https:\\\/\\\/www.facebook.com\\\/secreteleluilovendal\"]},{\"@type\":\"Person\",\"@id\":\"https:\\\/\\\/www.lovendal.ro\\\/wp52\\\/#\\\/schema\\\/person\\\/088691de5dfc346bb0c023e1e52ef5d9\",\"name\":\"admin\",\"image\":{\"@type\":\"ImageObject\",\"inLanguage\":\"ro-RO\",\"@id\":\"https:\\\/\\\/secure.gravatar.com\\\/avatar\\\/ecb9cd41f5f63c9c9b989999a59f6e2639a865ec361e9db054db0679a8f341c2?s=96&d=mm&r=g\",\"url\":\"https:\\\/\\\/secure.gravatar.com\\\/avatar\\\/ecb9cd41f5f63c9c9b989999a59f6e2639a865ec361e9db054db0679a8f341c2?s=96&d=mm&r=g\",\"contentUrl\":\"https:\\\/\\\/secure.gravatar.com\\\/avatar\\\/ecb9cd41f5f63c9c9b989999a59f6e2639a865ec361e9db054db0679a8f341c2?s=96&d=mm&r=g\",\"caption\":\"admin\"},\"sameAs\":[\"https:\\\/\\\/www.lovendal.ro\\\/wp52\"]}]}<\/script>\n<!-- \/ Yoast SEO Premium plugin. -->","yoast_head_json":{"title":"Iat\u0103 ce \"telefon mobil\" pentru ma\u015fini a scos Ceau\u015fescu \u00een 1989: Radiotelefonul mobil R 8143 - Secretele lui Lovendal","robots":{"index":"index","follow":"follow","max-snippet":"max-snippet:-1","max-image-preview":"max-image-preview:large","max-video-preview":"max-video-preview:-1"},"canonical":"https:\/\/www.lovendal.ro\/wp52\/iata-ce-telefon-mobil-pentru-masini-a-scos-ceausescu-in-1989-radiotelefonul-mobil-r-8143\/","og_locale":"ro_RO","og_type":"article","og_title":"Iat\u0103 ce \"telefon mobil\" pentru ma\u015fini a scos Ceau\u015fescu \u00een 1989: Radiotelefonul mobil R 8143","og_description":"UPDATE! \u00cen titlul acestui articol, s-a folosit expresia &#8222;a scos Ceau\u015fescu&#8221;, \u00een sensul c\u0103 acest echipament a fost realizat \u00een anul 1989, c\u00e2nd Ceau\u015fescu \u00eenc\u0103 mai conducea Rom\u00e2nia. Asta nu \u00eenseamn\u0103 c\u0103 el ar fi avut vreo contribu\u0163ie tehnic\u0103 \u00een ... Cititi mai multe","og_url":"https:\/\/www.lovendal.ro\/wp52\/iata-ce-telefon-mobil-pentru-masini-a-scos-ceausescu-in-1989-radiotelefonul-mobil-r-8143\/","og_site_name":"Secretele lui Lovendal","article_publisher":"https:\/\/www.facebook.com\/secreteleluilovendal","article_published_time":"2022-12-02T09:40:17+00:00","og_image":[{"width":368,"height":203,"url":"https:\/\/www.lovendal.ro\/wp52\/wp-content\/uploads\/2022\/12\/radiotelefon-mobil-auto-1989-coperta.jpg","type":"image\/jpeg"}],"author":"admin","twitter_card":"summary_large_image","twitter_misc":{"Scris de":"admin","Timp estimat pentru citire":"2 minute"},"schema":{"@context":"https:\/\/schema.org","@graph":[{"@type":"Article","@id":"https:\/\/www.lovendal.ro\/wp52\/iata-ce-telefon-mobil-pentru-masini-a-scos-ceausescu-in-1989-radiotelefonul-mobil-r-8143\/#article","isPartOf":{"@id":"https:\/\/www.lovendal.ro\/wp52\/iata-ce-telefon-mobil-pentru-masini-a-scos-ceausescu-in-1989-radiotelefonul-mobil-r-8143\/"},"author":{"name":"admin","@id":"https:\/\/www.lovendal.ro\/wp52\/#\/schema\/person\/088691de5dfc346bb0c023e1e52ef5d9"},"headline":"Iat\u0103 ce &#8222;telefon mobil&#8221; pentru ma\u015fini a scos Ceau\u015fescu \u00een 1989: Radiotelefonul mobil R 8143","datePublished":"2022-12-02T09:40:17+00:00","mainEntityOfPage":{"@id":"https:\/\/www.lovendal.ro\/wp52\/iata-ce-telefon-mobil-pentru-masini-a-scos-ceausescu-in-1989-radiotelefonul-mobil-r-8143\/"},"wordCount":467,"commentCount":0,"publisher":{"@id":"https:\/\/www.lovendal.ro\/wp52\/#organization"},"image":{"@id":"https:\/\/www.lovendal.ro\/wp52\/iata-ce-telefon-mobil-pentru-masini-a-scos-ceausescu-in-1989-radiotelefonul-mobil-r-8143\/#primaryimage"},"thumbnailUrl":"https:\/\/www.lovendal.ro\/wp52\/wp-content\/uploads\/2022\/12\/radiotelefon-mobil-auto-1989-coperta.jpg","keywords":["Bucure\u015fti","Ceau\u015fescu","comunism","IEMI","Intel","\u00eentreprindere","ma\u015fin\u0103","microprocesor","radio","revist\u0103","Revolu\u0163ia rom\u00e2n\u0103 din 89","SF","smartphone","Tehnologii","telefon mobil"],"articleSection":["Tehnologii"],"inLanguage":"ro-RO","potentialAction":[{"@type":"CommentAction","name":"Comment","target":["https:\/\/www.lovendal.ro\/wp52\/iata-ce-telefon-mobil-pentru-masini-a-scos-ceausescu-in-1989-radiotelefonul-mobil-r-8143\/#respond"]}]},{"@type":"WebPage","@id":"https:\/\/www.lovendal.ro\/wp52\/iata-ce-telefon-mobil-pentru-masini-a-scos-ceausescu-in-1989-radiotelefonul-mobil-r-8143\/","url":"https:\/\/www.lovendal.ro\/wp52\/iata-ce-telefon-mobil-pentru-masini-a-scos-ceausescu-in-1989-radiotelefonul-mobil-r-8143\/","name":"Iat\u0103 ce \"telefon mobil\" pentru ma\u015fini a scos Ceau\u015fescu \u00een 1989: Radiotelefonul mobil R 8143 - Secretele lui Lovendal","isPartOf":{"@id":"https:\/\/www.lovendal.ro\/wp52\/#website"},"primaryImageOfPage":{"@id":"https:\/\/www.lovendal.ro\/wp52\/iata-ce-telefon-mobil-pentru-masini-a-scos-ceausescu-in-1989-radiotelefonul-mobil-r-8143\/#primaryimage"},"image":{"@id":"https:\/\/www.lovendal.ro\/wp52\/iata-ce-telefon-mobil-pentru-masini-a-scos-ceausescu-in-1989-radiotelefonul-mobil-r-8143\/#primaryimage"},"thumbnailUrl":"https:\/\/www.lovendal.ro\/wp52\/wp-content\/uploads\/2022\/12\/radiotelefon-mobil-auto-1989-coperta.jpg","datePublished":"2022-12-02T09:40:17+00:00","breadcrumb":{"@id":"https:\/\/www.lovendal.ro\/wp52\/iata-ce-telefon-mobil-pentru-masini-a-scos-ceausescu-in-1989-radiotelefonul-mobil-r-8143\/#breadcrumb"},"inLanguage":"ro-RO","potentialAction":[{"@type":"ReadAction","target":["https:\/\/www.lovendal.ro\/wp52\/iata-ce-telefon-mobil-pentru-masini-a-scos-ceausescu-in-1989-radiotelefonul-mobil-r-8143\/"]}]},{"@type":"ImageObject","inLanguage":"ro-RO","@id":"https:\/\/www.lovendal.ro\/wp52\/iata-ce-telefon-mobil-pentru-masini-a-scos-ceausescu-in-1989-radiotelefonul-mobil-r-8143\/#primaryimage","url":"https:\/\/www.lovendal.ro\/wp52\/wp-content\/uploads\/2022\/12\/radiotelefon-mobil-auto-1989-coperta.jpg","contentUrl":"https:\/\/www.lovendal.ro\/wp52\/wp-content\/uploads\/2022\/12\/radiotelefon-mobil-auto-1989-coperta.jpg","width":368,"height":203},{"@type":"BreadcrumbList","@id":"https:\/\/www.lovendal.ro\/wp52\/iata-ce-telefon-mobil-pentru-masini-a-scos-ceausescu-in-1989-radiotelefonul-mobil-r-8143\/#breadcrumb","itemListElement":[{"@type":"ListItem","position":1,"name":"Home","item":"https:\/\/www.lovendal.ro\/wp52\/"},{"@type":"ListItem","position":2,"name":"Iat\u0103 ce &#8222;telefon mobil&#8221; pentru ma\u015fini a scos Ceau\u015fescu \u00een 1989: Radiotelefonul mobil R 8143"}]},{"@type":"WebSite","@id":"https:\/\/www.lovendal.ro\/wp52\/#website","url":"https:\/\/www.lovendal.ro\/wp52\/","name":"Secretele lui Lovendal","description":"Site de secrete, stiinta si metafizica - din 2008 -","publisher":{"@id":"https:\/\/www.lovendal.ro\/wp52\/#organization"},"potentialAction":[{"@type":"SearchAction","target":{"@type":"EntryPoint","urlTemplate":"https:\/\/www.lovendal.ro\/wp52\/?s={search_term_string}"},"query-input":{"@type":"PropertyValueSpecification","valueRequired":true,"valueName":"search_term_string"}}],"inLanguage":"ro-RO"},{"@type":"Organization","@id":"https:\/\/www.lovendal.ro\/wp52\/#organization","name":"Secretele lui Lovendal","url":"https:\/\/www.lovendal.ro\/wp52\/","logo":{"@type":"ImageObject","inLanguage":"ro-RO","@id":"https:\/\/www.lovendal.ro\/wp52\/#\/schema\/logo\/image\/","url":"https:\/\/www.lovendal.ro\/wp52\/wp-content\/uploads\/2024\/06\/cropped-SLL-iun-2024-1.jpg","contentUrl":"https:\/\/www.lovendal.ro\/wp52\/wp-content\/uploads\/2024\/06\/cropped-SLL-iun-2024-1.jpg","width":771,"height":240,"caption":"Secretele lui Lovendal"},"image":{"@id":"https:\/\/www.lovendal.ro\/wp52\/#\/schema\/logo\/image\/"},"sameAs":["https:\/\/www.facebook.com\/secreteleluilovendal"]},{"@type":"Person","@id":"https:\/\/www.lovendal.ro\/wp52\/#\/schema\/person\/088691de5dfc346bb0c023e1e52ef5d9","name":"admin","image":{"@type":"ImageObject","inLanguage":"ro-RO","@id":"https:\/\/secure.gravatar.com\/avatar\/ecb9cd41f5f63c9c9b989999a59f6e2639a865ec361e9db054db0679a8f341c2?s=96&d=mm&r=g","url":"https:\/\/secure.gravatar.com\/avatar\/ecb9cd41f5f63c9c9b989999a59f6e2639a865ec361e9db054db0679a8f341c2?s=96&d=mm&r=g","contentUrl":"https:\/\/secure.gravatar.com\/avatar\/ecb9cd41f5f63c9c9b989999a59f6e2639a865ec361e9db054db0679a8f341c2?s=96&d=mm&r=g","caption":"admin"},"sameAs":["https:\/\/www.lovendal.ro\/wp52"]}]}},"_links":{"self":[{"href":"https:\/\/www.lovendal.ro\/wp52\/wp-json\/wp\/v2\/posts\/83557","targetHints":{"allow":["GET"]}}],"collection":[{"href":"https:\/\/www.lovendal.ro\/wp52\/wp-json\/wp\/v2\/posts"}],"about":[{"href":"https:\/\/www.lovendal.ro\/wp52\/wp-json\/wp\/v2\/types\/post"}],"author":[{"embeddable":true,"href":"https:\/\/www.lovendal.ro\/wp52\/wp-json\/wp\/v2\/users\/1"}],"replies":[{"embeddable":true,"href":"https:\/\/www.lovendal.ro\/wp52\/wp-json\/wp\/v2\/comments?post=83557"}],"version-history":[{"count":1,"href":"https:\/\/www.lovendal.ro\/wp52\/wp-json\/wp\/v2\/posts\/83557\/revisions"}],"predecessor-version":[{"id":83560,"href":"https:\/\/www.lovendal.ro\/wp52\/wp-json\/wp\/v2\/posts\/83557\/revisions\/83560"}],"wp:featuredmedia":[{"embeddable":true,"href":"https:\/\/www.lovendal.ro\/wp52\/wp-json\/wp\/v2\/media\/83558"}],"wp:attachment":[{"href":"https:\/\/www.lovendal.ro\/wp52\/wp-json\/wp\/v2\/media?parent=83557"}],"wp:term":[{"taxonomy":"category","embeddable":true,"href":"https:\/\/www.lovendal.ro\/wp52\/wp-json\/wp\/v2\/categories?post=83557"},{"taxonomy":"post_tag","embeddable":true,"href":"https:\/\/www.lovendal.ro\/wp52\/wp-json\/wp\/v2\/tags?post=83557"}],"curies":[{"name":"wp","href":"https:\/\/api.w.org\/{rel}","templated":true}]}}