{"id":83532,"date":"2022-12-01T10:16:00","date_gmt":"2022-12-01T08:16:00","guid":{"rendered":"https:\/\/www.lovendal.ro\/wp52\/?p=83532"},"modified":"2022-12-01T10:16:00","modified_gmt":"2022-12-01T08:16:00","slug":"actul-original-de-la-alba-iulia-din-1-decembrie-1918-cum-s-a-declarat-marea-unire","status":"publish","type":"post","link":"https:\/\/www.lovendal.ro\/wp52\/actul-original-de-la-alba-iulia-din-1-decembrie-1918-cum-s-a-declarat-marea-unire\/","title":{"rendered":"Actul original de la Alba Iulia, din 1 decembrie 1918 &#8211; cum s-a declarat Marea Unire"},"content":{"rendered":"<p><a href=\"https:\/\/www.lovendal.ro\/wp52\/wp-content\/uploads\/2022\/12\/Actul-de-la-Alba-Iulia-1918.jpg\"><img loading=\"lazy\" decoding=\"async\" class=\"alignleft size-full wp-image-83533\" src=\"https:\/\/www.lovendal.ro\/wp52\/wp-content\/uploads\/2022\/12\/Actul-de-la-Alba-Iulia-1918.jpg\" alt=\"\" width=\"350\" height=\"215\" srcset=\"https:\/\/www.lovendal.ro\/wp52\/wp-content\/uploads\/2022\/12\/Actul-de-la-Alba-Iulia-1918.jpg 350w, https:\/\/www.lovendal.ro\/wp52\/wp-content\/uploads\/2022\/12\/Actul-de-la-Alba-Iulia-1918-300x184.jpg 300w\" sizes=\"auto, (max-width: 350px) 100vw, 350px\" \/><\/a>I. Adunarea Na\u0163ional\u0103 a tuturor Rom\u00e2nilor din Transilvania, Banat \u015fi \u0162ara Ungureasc\u0103, aduna\u0163i prin reprezentan\u0163ii lor \u00eendrept\u0103\u0163i\u0163i la Alba-lulia, \u00een ziua de 18 Noiembrie (1 Decembrie) 1918, decreteaz\u0103: <strong>Unirea acelor Rom\u00e2ni \u015fi a tuturor teritoriilor locuite de d\u00e2n\u015fii cu Rom\u00e2nia<\/strong>. Adunarea Na\u0163ional\u0103 proclam\u0103 \u00eendeosebi dreptul inalienabil al Na\u0163iunii Rom\u00e2ne la \u00eentreg Banatul, cuprins \u00eentre r\u00e2urile Mure\u015f, Tisa \u015fi Dun\u0103re.<\/p>\n<p>II. Adunarea Na\u0163ional\u0103 rezerv\u0103 teritoriilor sus indicate autonomie provizorie p\u00e2n\u0103 la \u00eentrunirea Constituantei, aleas\u0103 pe baza votului ob\u015ftesc.<\/p>\n<p>III. \u00cen leg\u0103tur\u0103 cu aceste hot\u0103r\u00e2ri ca principii fundamentale la alc\u0103tuirea noului Stat Rom\u00e2n, Adunarea Na\u0163ional\u0103 proclam\u0103 urm\u0103toarele :<br \/>\n1. Deplin\u0103 libertate na\u0163ional\u0103 pentru toate popoarele conlocuitoare. Fiecare popor se va instrui, administra \u015fi judeca \u00een limba sa prin indivizi din s\u00e2nul s\u0103u \u015fi fiecare popor va primi drept de reprezentare \u00een Corpurile Legiuitoare \u015fi la guvernarea \u0163\u0103rii \u00een propor\u0163ie cu num\u0103rul indivizilor, ce-l alc\u0103tuiesc;<br \/>\n2. Egala \u00eendrept\u0103\u0163ire \u015fi deplina libertate autonom\u0103 confesional\u0103 pentru toate confesiunile din Stat;<br \/>\n3. \u00cen st\u0103p\u00e2nirea des\u0103v\u00e2r\u015fit\u0103 a unui regim curat democratic pe toate terenele vie\u0163ii publice: votul ob\u015ftesc, direct, egal, secret, pe comune, \u00een mod propor\u0163ional, pentru ambele sexe \u00een v\u00e2rst\u0103 de 21 de ani, la reprezentarea \u00een comune, jude\u0163e ori parlament;<br \/>\n4. Des\u0103v\u00e2r\u015fit\u0103 libertate de pres\u0103, asociere \u015fi \u00eentrunire, libera propagand\u0103 a tuturor g\u00e2ndirilor omene\u015fti;<br \/>\n5. Reforma agrar\u0103 radical\u0103. Se va face conscrierea tuturor proprietarilor, \u00een special a propriet\u0103\u0163ilor mari. \u00cen baza acestei conscrieri desfiin\u0163\u00e2nd fidei comisele \u015fi \u00een temeiul dreptului de a mic\u015fora dup\u0103 trebuin\u0163\u0103 latifundiile i se va face posibil \u0163\u0103ranului s\u0103-\u015fi creeeze o proprietate (ar\u0103tur\u0103, p\u0103\u015fune, p\u0103dure) cel pu\u0163in at\u00e2t, c\u00e2t s-o poat\u0103 munci el \u015fi familia lui. Principiul conduc\u0103tor al acestei politice agrare e pe de-o parte promovarea nivel\u0103rii sociale, pe de alt\u0103 parte poten\u0163area produc\u0163iunii.<br \/>\n6. Muncitorilor industriali li se asigur\u0103 acelea\u015fi drepturi \u015fi avantaje care sunt legiferate \u00een cele mai avansate state industriale din Apus.<\/p>\n<p>IV. Adunarea Na\u0163ional\u0103 d\u0103 expresiune dorin\u0163ei sale ca Congresul de pace s\u0103 \u00eenf\u0103ptuiasc\u0103 comisiunea na\u0163iunilor libere \u00een a\u015fa chip, ca libertatea \u015fi dreptatea s\u0103 fie asigurate pentru toate na\u0163iunile mari \u015fi mici deopotriv\u0103, iar \u00een viitor s\u0103 se elimineze r\u0103zboiul, ca mijloc pentru regularea raporturilor interna\u0163ionale.<\/p>\n<p>V. Adunarea Na\u0163ional\u0103 salut\u0103 cu bucurie \u015fi entuziasm liberarea na\u0163iunilor subjugate p\u00e2n\u0103 aici \u00een monarhia Austro-Ungar\u0103, anume na\u0163iunile: Ceho-Slovace, Austro-Germane, Iugoslav\u0103, Polon\u0103 \u015fi Rutean\u0103 \u015fi hot\u0103r\u0103\u015fte, ca acest salut al s\u0103u s\u0103 se aduc\u0103 la cuno\u015ftin\u0163a tuturor acelor na\u0163iuni.<\/p>\n<p>VI. Adunarea Na\u0163ional\u0103 trimite salutul s\u0103u Bucovinei.<\/p>\n<p>VII. Adunarea Na\u0163ional\u0103 cu smerenie se \u00eenchin\u0103 \u00eenaintea memoriei acelor bravi Rom\u00e2ni, care \u00een acest r\u0103zboi \u015fi-au v\u0103rsat s\u00e2ngele pentru \u00eenf\u0103ptuirea idealului nostru, murind pentru libertatea \u015fi unitatea Na\u0163iunii Rom\u00e2ne.<\/p>\n<p>VIII. Adunarea Na\u0163ional\u0103 d\u0103 expresiunea mul\u0163umirii \u015fi admira\u0163iunii sale tuturor Puterilor Aliate, care prin str\u0103lucitele lupte, purtate \u00eempotriva unui du\u015fman preg\u0103tit de multe decenii pentru r\u0103zboi, au sc\u0103pat civiliza\u0163iunea din ghearele barbariei.<\/p>\n<p>IX. Pentru conducerea mai departe a afacerilor na\u0163iunii Rom\u00e2ne din Ungaria, Transilvania \u015fi Banat, Adunarea Na\u0163ional\u0103 hot\u0103r\u0103\u015fte instituirea unui mare Sfat Na\u0163ional Rom\u00e2n, care va avea toat\u0103 \u00eendrept\u0103\u0163irea s\u0103 reprezinte Na\u0163iunea Rom\u00e2n\u0103 oric\u00e2nd \u015fi pretutindeni fa\u0163\u0103 de toate na\u0163iunile lumii \u015fi s\u0103 ia toate dispozi\u0163iunile pe care le va afla necesare \u00een interesul na\u0163iunii.<\/p>\n","protected":false},"excerpt":{"rendered":"<p>I. Adunarea Na\u0163ional\u0103 a tuturor Rom\u00e2nilor din Transilvania, Banat \u015fi \u0162ara Ungureasc\u0103, aduna\u0163i prin reprezentan\u0163ii lor \u00eendrept\u0103\u0163i\u0163i la Alba-lulia, \u00een ziua de 18 Noiembrie (1 Decembrie) 1918, decreteaz\u0103: Unirea acelor Rom\u00e2ni \u015fi a tuturor teritoriilor locuite de d\u00e2n\u015fii cu Rom\u00e2nia. &#8230; <\/p>\n<p class=\"read-more-container\"><a title=\"Actul original de la Alba Iulia, din 1 decembrie 1918 &#8211; cum s-a declarat Marea Unire\" class=\"read-more button\" href=\"https:\/\/www.lovendal.ro\/wp52\/actul-original-de-la-alba-iulia-din-1-decembrie-1918-cum-s-a-declarat-marea-unire\/#more-83532\" aria-label=\"Cite\u0219te mai multe despre Actul original de la Alba Iulia, din 1 decembrie 1918 &#8211; cum s-a declarat Marea Unire\">Cititi mai multe<\/a><\/p>\n","protected":false},"author":1,"featured_media":83533,"comment_status":"open","ping_status":"open","sticky":false,"template":"","format":"standard","meta":{"footnotes":""},"categories":[9],"tags":[852,2261,3593,6819,1532,2697,921,5319,73,858,74,7390,494],"class_list":["post-83532","post","type-post","status-publish","format-standard","has-post-thumbnail","hentry","category-istorie","tag-alba-iulia","tag-banat","tag-bucovina","tag-dunare","tag-istorie-si-civilizatii","tag-libertate","tag-marea-unire-din-1918","tag-mures","tag-razboi","tag-romani","tag-romania","tag-tisa","tag-transilvania","resize-featured-image"],"yoast_head":"<!-- This site is optimized with the Yoast SEO Premium plugin v23.3 (Yoast SEO v27.4) - https:\/\/yoast.com\/product\/yoast-seo-premium-wordpress\/ -->\n<title>Actul original de la Alba Iulia, din 1 decembrie 1918 - cum s-a declarat Marea Unire - Secretele lui Lovendal<\/title>\n<meta name=\"robots\" content=\"index, follow, max-snippet:-1, max-image-preview:large, max-video-preview:-1\" \/>\n<link rel=\"canonical\" href=\"https:\/\/www.lovendal.ro\/wp52\/actul-original-de-la-alba-iulia-din-1-decembrie-1918-cum-s-a-declarat-marea-unire\/\" \/>\n<meta property=\"og:locale\" content=\"ro_RO\" \/>\n<meta property=\"og:type\" content=\"article\" \/>\n<meta property=\"og:title\" content=\"Actul original de la Alba Iulia, din 1 decembrie 1918 - cum s-a declarat Marea Unire\" \/>\n<meta property=\"og:description\" content=\"I. Adunarea Na\u0163ional\u0103 a tuturor Rom\u00e2nilor din Transilvania, Banat \u015fi \u0162ara Ungureasc\u0103, aduna\u0163i prin reprezentan\u0163ii lor \u00eendrept\u0103\u0163i\u0163i la Alba-lulia, \u00een ziua de 18 Noiembrie (1 Decembrie) 1918, decreteaz\u0103: Unirea acelor Rom\u00e2ni \u015fi a tuturor teritoriilor locuite de d\u00e2n\u015fii cu Rom\u00e2nia. ... Cititi mai multe\" \/>\n<meta property=\"og:url\" content=\"https:\/\/www.lovendal.ro\/wp52\/actul-original-de-la-alba-iulia-din-1-decembrie-1918-cum-s-a-declarat-marea-unire\/\" \/>\n<meta property=\"og:site_name\" content=\"Secretele lui Lovendal\" \/>\n<meta property=\"article:publisher\" content=\"https:\/\/www.facebook.com\/secreteleluilovendal\" \/>\n<meta property=\"article:published_time\" content=\"2022-12-01T08:16:00+00:00\" \/>\n<meta property=\"og:image\" content=\"https:\/\/www.lovendal.ro\/wp52\/wp-content\/uploads\/2022\/12\/Actul-de-la-Alba-Iulia-1918.jpg\" \/>\n\t<meta property=\"og:image:width\" content=\"350\" \/>\n\t<meta property=\"og:image:height\" content=\"215\" \/>\n\t<meta property=\"og:image:type\" content=\"image\/jpeg\" \/>\n<meta name=\"author\" content=\"admin\" \/>\n<meta name=\"twitter:card\" content=\"summary_large_image\" \/>\n<meta name=\"twitter:label1\" content=\"Scris de\" \/>\n\t<meta name=\"twitter:data1\" content=\"admin\" \/>\n\t<meta name=\"twitter:label2\" content=\"Timp estimat pentru citire\" \/>\n\t<meta name=\"twitter:data2\" content=\"3 minute\" \/>\n<script type=\"application\/ld+json\" class=\"yoast-schema-graph\">{\"@context\":\"https:\\\/\\\/schema.org\",\"@graph\":[{\"@type\":\"Article\",\"@id\":\"https:\\\/\\\/www.lovendal.ro\\\/wp52\\\/actul-original-de-la-alba-iulia-din-1-decembrie-1918-cum-s-a-declarat-marea-unire\\\/#article\",\"isPartOf\":{\"@id\":\"https:\\\/\\\/www.lovendal.ro\\\/wp52\\\/actul-original-de-la-alba-iulia-din-1-decembrie-1918-cum-s-a-declarat-marea-unire\\\/\"},\"author\":{\"name\":\"admin\",\"@id\":\"https:\\\/\\\/www.lovendal.ro\\\/wp52\\\/#\\\/schema\\\/person\\\/088691de5dfc346bb0c023e1e52ef5d9\"},\"headline\":\"Actul original de la Alba Iulia, din 1 decembrie 1918 &#8211; cum s-a declarat Marea Unire\",\"datePublished\":\"2022-12-01T08:16:00+00:00\",\"mainEntityOfPage\":{\"@id\":\"https:\\\/\\\/www.lovendal.ro\\\/wp52\\\/actul-original-de-la-alba-iulia-din-1-decembrie-1918-cum-s-a-declarat-marea-unire\\\/\"},\"wordCount\":630,\"commentCount\":0,\"publisher\":{\"@id\":\"https:\\\/\\\/www.lovendal.ro\\\/wp52\\\/#organization\"},\"image\":{\"@id\":\"https:\\\/\\\/www.lovendal.ro\\\/wp52\\\/actul-original-de-la-alba-iulia-din-1-decembrie-1918-cum-s-a-declarat-marea-unire\\\/#primaryimage\"},\"thumbnailUrl\":\"https:\\\/\\\/www.lovendal.ro\\\/wp52\\\/wp-content\\\/uploads\\\/2022\\\/12\\\/Actul-de-la-Alba-Iulia-1918.jpg\",\"keywords\":[\"Alba Iulia\",\"Banat\",\"Bucovina\",\"Dun\u0103re\",\"Istorie si Civilizatii\",\"libertate\",\"Marea Unire din 1918\",\"Mure\u015f\",\"r\u0103zboi\",\"romani\",\"Rom\u00e2nia\",\"Tisa\",\"Transilvania\"],\"articleSection\":[\"Istorie si Civilizatii\"],\"inLanguage\":\"ro-RO\",\"potentialAction\":[{\"@type\":\"CommentAction\",\"name\":\"Comment\",\"target\":[\"https:\\\/\\\/www.lovendal.ro\\\/wp52\\\/actul-original-de-la-alba-iulia-din-1-decembrie-1918-cum-s-a-declarat-marea-unire\\\/#respond\"]}]},{\"@type\":\"WebPage\",\"@id\":\"https:\\\/\\\/www.lovendal.ro\\\/wp52\\\/actul-original-de-la-alba-iulia-din-1-decembrie-1918-cum-s-a-declarat-marea-unire\\\/\",\"url\":\"https:\\\/\\\/www.lovendal.ro\\\/wp52\\\/actul-original-de-la-alba-iulia-din-1-decembrie-1918-cum-s-a-declarat-marea-unire\\\/\",\"name\":\"Actul original de la Alba Iulia, din 1 decembrie 1918 - cum s-a declarat Marea Unire - Secretele lui Lovendal\",\"isPartOf\":{\"@id\":\"https:\\\/\\\/www.lovendal.ro\\\/wp52\\\/#website\"},\"primaryImageOfPage\":{\"@id\":\"https:\\\/\\\/www.lovendal.ro\\\/wp52\\\/actul-original-de-la-alba-iulia-din-1-decembrie-1918-cum-s-a-declarat-marea-unire\\\/#primaryimage\"},\"image\":{\"@id\":\"https:\\\/\\\/www.lovendal.ro\\\/wp52\\\/actul-original-de-la-alba-iulia-din-1-decembrie-1918-cum-s-a-declarat-marea-unire\\\/#primaryimage\"},\"thumbnailUrl\":\"https:\\\/\\\/www.lovendal.ro\\\/wp52\\\/wp-content\\\/uploads\\\/2022\\\/12\\\/Actul-de-la-Alba-Iulia-1918.jpg\",\"datePublished\":\"2022-12-01T08:16:00+00:00\",\"breadcrumb\":{\"@id\":\"https:\\\/\\\/www.lovendal.ro\\\/wp52\\\/actul-original-de-la-alba-iulia-din-1-decembrie-1918-cum-s-a-declarat-marea-unire\\\/#breadcrumb\"},\"inLanguage\":\"ro-RO\",\"potentialAction\":[{\"@type\":\"ReadAction\",\"target\":[\"https:\\\/\\\/www.lovendal.ro\\\/wp52\\\/actul-original-de-la-alba-iulia-din-1-decembrie-1918-cum-s-a-declarat-marea-unire\\\/\"]}]},{\"@type\":\"ImageObject\",\"inLanguage\":\"ro-RO\",\"@id\":\"https:\\\/\\\/www.lovendal.ro\\\/wp52\\\/actul-original-de-la-alba-iulia-din-1-decembrie-1918-cum-s-a-declarat-marea-unire\\\/#primaryimage\",\"url\":\"https:\\\/\\\/www.lovendal.ro\\\/wp52\\\/wp-content\\\/uploads\\\/2022\\\/12\\\/Actul-de-la-Alba-Iulia-1918.jpg\",\"contentUrl\":\"https:\\\/\\\/www.lovendal.ro\\\/wp52\\\/wp-content\\\/uploads\\\/2022\\\/12\\\/Actul-de-la-Alba-Iulia-1918.jpg\",\"width\":350,\"height\":215},{\"@type\":\"BreadcrumbList\",\"@id\":\"https:\\\/\\\/www.lovendal.ro\\\/wp52\\\/actul-original-de-la-alba-iulia-din-1-decembrie-1918-cum-s-a-declarat-marea-unire\\\/#breadcrumb\",\"itemListElement\":[{\"@type\":\"ListItem\",\"position\":1,\"name\":\"Home\",\"item\":\"https:\\\/\\\/www.lovendal.ro\\\/wp52\\\/\"},{\"@type\":\"ListItem\",\"position\":2,\"name\":\"Actul original de la Alba Iulia, din 1 decembrie 1918 &#8211; cum s-a declarat Marea Unire\"}]},{\"@type\":\"WebSite\",\"@id\":\"https:\\\/\\\/www.lovendal.ro\\\/wp52\\\/#website\",\"url\":\"https:\\\/\\\/www.lovendal.ro\\\/wp52\\\/\",\"name\":\"Secretele lui Lovendal\",\"description\":\"Site de secrete, stiinta si metafizica - din 2008 -\",\"publisher\":{\"@id\":\"https:\\\/\\\/www.lovendal.ro\\\/wp52\\\/#organization\"},\"potentialAction\":[{\"@type\":\"SearchAction\",\"target\":{\"@type\":\"EntryPoint\",\"urlTemplate\":\"https:\\\/\\\/www.lovendal.ro\\\/wp52\\\/?s={search_term_string}\"},\"query-input\":{\"@type\":\"PropertyValueSpecification\",\"valueRequired\":true,\"valueName\":\"search_term_string\"}}],\"inLanguage\":\"ro-RO\"},{\"@type\":\"Organization\",\"@id\":\"https:\\\/\\\/www.lovendal.ro\\\/wp52\\\/#organization\",\"name\":\"Secretele lui Lovendal\",\"url\":\"https:\\\/\\\/www.lovendal.ro\\\/wp52\\\/\",\"logo\":{\"@type\":\"ImageObject\",\"inLanguage\":\"ro-RO\",\"@id\":\"https:\\\/\\\/www.lovendal.ro\\\/wp52\\\/#\\\/schema\\\/logo\\\/image\\\/\",\"url\":\"https:\\\/\\\/www.lovendal.ro\\\/wp52\\\/wp-content\\\/uploads\\\/2024\\\/06\\\/cropped-SLL-iun-2024-1.jpg\",\"contentUrl\":\"https:\\\/\\\/www.lovendal.ro\\\/wp52\\\/wp-content\\\/uploads\\\/2024\\\/06\\\/cropped-SLL-iun-2024-1.jpg\",\"width\":771,\"height\":240,\"caption\":\"Secretele lui Lovendal\"},\"image\":{\"@id\":\"https:\\\/\\\/www.lovendal.ro\\\/wp52\\\/#\\\/schema\\\/logo\\\/image\\\/\"},\"sameAs\":[\"https:\\\/\\\/www.facebook.com\\\/secreteleluilovendal\"]},{\"@type\":\"Person\",\"@id\":\"https:\\\/\\\/www.lovendal.ro\\\/wp52\\\/#\\\/schema\\\/person\\\/088691de5dfc346bb0c023e1e52ef5d9\",\"name\":\"admin\",\"image\":{\"@type\":\"ImageObject\",\"inLanguage\":\"ro-RO\",\"@id\":\"https:\\\/\\\/secure.gravatar.com\\\/avatar\\\/ecb9cd41f5f63c9c9b989999a59f6e2639a865ec361e9db054db0679a8f341c2?s=96&d=mm&r=g\",\"url\":\"https:\\\/\\\/secure.gravatar.com\\\/avatar\\\/ecb9cd41f5f63c9c9b989999a59f6e2639a865ec361e9db054db0679a8f341c2?s=96&d=mm&r=g\",\"contentUrl\":\"https:\\\/\\\/secure.gravatar.com\\\/avatar\\\/ecb9cd41f5f63c9c9b989999a59f6e2639a865ec361e9db054db0679a8f341c2?s=96&d=mm&r=g\",\"caption\":\"admin\"},\"sameAs\":[\"https:\\\/\\\/www.lovendal.ro\\\/wp52\"]}]}<\/script>\n<!-- \/ Yoast SEO Premium plugin. -->","yoast_head_json":{"title":"Actul original de la Alba Iulia, din 1 decembrie 1918 - cum s-a declarat Marea Unire - Secretele lui Lovendal","robots":{"index":"index","follow":"follow","max-snippet":"max-snippet:-1","max-image-preview":"max-image-preview:large","max-video-preview":"max-video-preview:-1"},"canonical":"https:\/\/www.lovendal.ro\/wp52\/actul-original-de-la-alba-iulia-din-1-decembrie-1918-cum-s-a-declarat-marea-unire\/","og_locale":"ro_RO","og_type":"article","og_title":"Actul original de la Alba Iulia, din 1 decembrie 1918 - cum s-a declarat Marea Unire","og_description":"I. Adunarea Na\u0163ional\u0103 a tuturor Rom\u00e2nilor din Transilvania, Banat \u015fi \u0162ara Ungureasc\u0103, aduna\u0163i prin reprezentan\u0163ii lor \u00eendrept\u0103\u0163i\u0163i la Alba-lulia, \u00een ziua de 18 Noiembrie (1 Decembrie) 1918, decreteaz\u0103: Unirea acelor Rom\u00e2ni \u015fi a tuturor teritoriilor locuite de d\u00e2n\u015fii cu Rom\u00e2nia. ... Cititi mai multe","og_url":"https:\/\/www.lovendal.ro\/wp52\/actul-original-de-la-alba-iulia-din-1-decembrie-1918-cum-s-a-declarat-marea-unire\/","og_site_name":"Secretele lui Lovendal","article_publisher":"https:\/\/www.facebook.com\/secreteleluilovendal","article_published_time":"2022-12-01T08:16:00+00:00","og_image":[{"width":350,"height":215,"url":"https:\/\/www.lovendal.ro\/wp52\/wp-content\/uploads\/2022\/12\/Actul-de-la-Alba-Iulia-1918.jpg","type":"image\/jpeg"}],"author":"admin","twitter_card":"summary_large_image","twitter_misc":{"Scris de":"admin","Timp estimat pentru citire":"3 minute"},"schema":{"@context":"https:\/\/schema.org","@graph":[{"@type":"Article","@id":"https:\/\/www.lovendal.ro\/wp52\/actul-original-de-la-alba-iulia-din-1-decembrie-1918-cum-s-a-declarat-marea-unire\/#article","isPartOf":{"@id":"https:\/\/www.lovendal.ro\/wp52\/actul-original-de-la-alba-iulia-din-1-decembrie-1918-cum-s-a-declarat-marea-unire\/"},"author":{"name":"admin","@id":"https:\/\/www.lovendal.ro\/wp52\/#\/schema\/person\/088691de5dfc346bb0c023e1e52ef5d9"},"headline":"Actul original de la Alba Iulia, din 1 decembrie 1918 &#8211; cum s-a declarat Marea Unire","datePublished":"2022-12-01T08:16:00+00:00","mainEntityOfPage":{"@id":"https:\/\/www.lovendal.ro\/wp52\/actul-original-de-la-alba-iulia-din-1-decembrie-1918-cum-s-a-declarat-marea-unire\/"},"wordCount":630,"commentCount":0,"publisher":{"@id":"https:\/\/www.lovendal.ro\/wp52\/#organization"},"image":{"@id":"https:\/\/www.lovendal.ro\/wp52\/actul-original-de-la-alba-iulia-din-1-decembrie-1918-cum-s-a-declarat-marea-unire\/#primaryimage"},"thumbnailUrl":"https:\/\/www.lovendal.ro\/wp52\/wp-content\/uploads\/2022\/12\/Actul-de-la-Alba-Iulia-1918.jpg","keywords":["Alba Iulia","Banat","Bucovina","Dun\u0103re","Istorie si Civilizatii","libertate","Marea Unire din 1918","Mure\u015f","r\u0103zboi","romani","Rom\u00e2nia","Tisa","Transilvania"],"articleSection":["Istorie si Civilizatii"],"inLanguage":"ro-RO","potentialAction":[{"@type":"CommentAction","name":"Comment","target":["https:\/\/www.lovendal.ro\/wp52\/actul-original-de-la-alba-iulia-din-1-decembrie-1918-cum-s-a-declarat-marea-unire\/#respond"]}]},{"@type":"WebPage","@id":"https:\/\/www.lovendal.ro\/wp52\/actul-original-de-la-alba-iulia-din-1-decembrie-1918-cum-s-a-declarat-marea-unire\/","url":"https:\/\/www.lovendal.ro\/wp52\/actul-original-de-la-alba-iulia-din-1-decembrie-1918-cum-s-a-declarat-marea-unire\/","name":"Actul original de la Alba Iulia, din 1 decembrie 1918 - cum s-a declarat Marea Unire - Secretele lui Lovendal","isPartOf":{"@id":"https:\/\/www.lovendal.ro\/wp52\/#website"},"primaryImageOfPage":{"@id":"https:\/\/www.lovendal.ro\/wp52\/actul-original-de-la-alba-iulia-din-1-decembrie-1918-cum-s-a-declarat-marea-unire\/#primaryimage"},"image":{"@id":"https:\/\/www.lovendal.ro\/wp52\/actul-original-de-la-alba-iulia-din-1-decembrie-1918-cum-s-a-declarat-marea-unire\/#primaryimage"},"thumbnailUrl":"https:\/\/www.lovendal.ro\/wp52\/wp-content\/uploads\/2022\/12\/Actul-de-la-Alba-Iulia-1918.jpg","datePublished":"2022-12-01T08:16:00+00:00","breadcrumb":{"@id":"https:\/\/www.lovendal.ro\/wp52\/actul-original-de-la-alba-iulia-din-1-decembrie-1918-cum-s-a-declarat-marea-unire\/#breadcrumb"},"inLanguage":"ro-RO","potentialAction":[{"@type":"ReadAction","target":["https:\/\/www.lovendal.ro\/wp52\/actul-original-de-la-alba-iulia-din-1-decembrie-1918-cum-s-a-declarat-marea-unire\/"]}]},{"@type":"ImageObject","inLanguage":"ro-RO","@id":"https:\/\/www.lovendal.ro\/wp52\/actul-original-de-la-alba-iulia-din-1-decembrie-1918-cum-s-a-declarat-marea-unire\/#primaryimage","url":"https:\/\/www.lovendal.ro\/wp52\/wp-content\/uploads\/2022\/12\/Actul-de-la-Alba-Iulia-1918.jpg","contentUrl":"https:\/\/www.lovendal.ro\/wp52\/wp-content\/uploads\/2022\/12\/Actul-de-la-Alba-Iulia-1918.jpg","width":350,"height":215},{"@type":"BreadcrumbList","@id":"https:\/\/www.lovendal.ro\/wp52\/actul-original-de-la-alba-iulia-din-1-decembrie-1918-cum-s-a-declarat-marea-unire\/#breadcrumb","itemListElement":[{"@type":"ListItem","position":1,"name":"Home","item":"https:\/\/www.lovendal.ro\/wp52\/"},{"@type":"ListItem","position":2,"name":"Actul original de la Alba Iulia, din 1 decembrie 1918 &#8211; cum s-a declarat Marea Unire"}]},{"@type":"WebSite","@id":"https:\/\/www.lovendal.ro\/wp52\/#website","url":"https:\/\/www.lovendal.ro\/wp52\/","name":"Secretele lui Lovendal","description":"Site de secrete, stiinta si metafizica - din 2008 -","publisher":{"@id":"https:\/\/www.lovendal.ro\/wp52\/#organization"},"potentialAction":[{"@type":"SearchAction","target":{"@type":"EntryPoint","urlTemplate":"https:\/\/www.lovendal.ro\/wp52\/?s={search_term_string}"},"query-input":{"@type":"PropertyValueSpecification","valueRequired":true,"valueName":"search_term_string"}}],"inLanguage":"ro-RO"},{"@type":"Organization","@id":"https:\/\/www.lovendal.ro\/wp52\/#organization","name":"Secretele lui Lovendal","url":"https:\/\/www.lovendal.ro\/wp52\/","logo":{"@type":"ImageObject","inLanguage":"ro-RO","@id":"https:\/\/www.lovendal.ro\/wp52\/#\/schema\/logo\/image\/","url":"https:\/\/www.lovendal.ro\/wp52\/wp-content\/uploads\/2024\/06\/cropped-SLL-iun-2024-1.jpg","contentUrl":"https:\/\/www.lovendal.ro\/wp52\/wp-content\/uploads\/2024\/06\/cropped-SLL-iun-2024-1.jpg","width":771,"height":240,"caption":"Secretele lui Lovendal"},"image":{"@id":"https:\/\/www.lovendal.ro\/wp52\/#\/schema\/logo\/image\/"},"sameAs":["https:\/\/www.facebook.com\/secreteleluilovendal"]},{"@type":"Person","@id":"https:\/\/www.lovendal.ro\/wp52\/#\/schema\/person\/088691de5dfc346bb0c023e1e52ef5d9","name":"admin","image":{"@type":"ImageObject","inLanguage":"ro-RO","@id":"https:\/\/secure.gravatar.com\/avatar\/ecb9cd41f5f63c9c9b989999a59f6e2639a865ec361e9db054db0679a8f341c2?s=96&d=mm&r=g","url":"https:\/\/secure.gravatar.com\/avatar\/ecb9cd41f5f63c9c9b989999a59f6e2639a865ec361e9db054db0679a8f341c2?s=96&d=mm&r=g","contentUrl":"https:\/\/secure.gravatar.com\/avatar\/ecb9cd41f5f63c9c9b989999a59f6e2639a865ec361e9db054db0679a8f341c2?s=96&d=mm&r=g","caption":"admin"},"sameAs":["https:\/\/www.lovendal.ro\/wp52"]}]}},"_links":{"self":[{"href":"https:\/\/www.lovendal.ro\/wp52\/wp-json\/wp\/v2\/posts\/83532","targetHints":{"allow":["GET"]}}],"collection":[{"href":"https:\/\/www.lovendal.ro\/wp52\/wp-json\/wp\/v2\/posts"}],"about":[{"href":"https:\/\/www.lovendal.ro\/wp52\/wp-json\/wp\/v2\/types\/post"}],"author":[{"embeddable":true,"href":"https:\/\/www.lovendal.ro\/wp52\/wp-json\/wp\/v2\/users\/1"}],"replies":[{"embeddable":true,"href":"https:\/\/www.lovendal.ro\/wp52\/wp-json\/wp\/v2\/comments?post=83532"}],"version-history":[{"count":1,"href":"https:\/\/www.lovendal.ro\/wp52\/wp-json\/wp\/v2\/posts\/83532\/revisions"}],"predecessor-version":[{"id":83534,"href":"https:\/\/www.lovendal.ro\/wp52\/wp-json\/wp\/v2\/posts\/83532\/revisions\/83534"}],"wp:featuredmedia":[{"embeddable":true,"href":"https:\/\/www.lovendal.ro\/wp52\/wp-json\/wp\/v2\/media\/83533"}],"wp:attachment":[{"href":"https:\/\/www.lovendal.ro\/wp52\/wp-json\/wp\/v2\/media?parent=83532"}],"wp:term":[{"taxonomy":"category","embeddable":true,"href":"https:\/\/www.lovendal.ro\/wp52\/wp-json\/wp\/v2\/categories?post=83532"},{"taxonomy":"post_tag","embeddable":true,"href":"https:\/\/www.lovendal.ro\/wp52\/wp-json\/wp\/v2\/tags?post=83532"}],"curies":[{"name":"wp","href":"https:\/\/api.w.org\/{rel}","templated":true}]}}