{"id":8344,"date":"2009-10-16T20:05:12","date_gmt":"2009-10-16T17:05:12","guid":{"rendered":"http:\/\/www.lovendal.net\/wp52\/?p=8344"},"modified":"2009-10-16T20:05:12","modified_gmt":"2009-10-16T17:05:12","slug":"george-adamski-misticul-care-sustine-ca-a-fost-rapit-de-extraterestri-si-dus-pe-luna","status":"publish","type":"post","link":"https:\/\/www.lovendal.ro\/wp52\/george-adamski-misticul-care-sustine-ca-a-fost-rapit-de-extraterestri-si-dus-pe-luna\/","title":{"rendered":"George Adamski &#8211; misticul care sus\u0163ine c\u0103 a fost r\u0103pit de extratere\u015ftri \u015fi dus pe Lun\u0103"},"content":{"rendered":"<p><a href=\"https:\/\/www.lovendal.ro\/wp52\/wp-content\/uploads\/2009\/10\/adamski.jpg\"><img loading=\"lazy\" decoding=\"async\" class=\"alignleft size-full wp-image-8345\" title=\"adamski\" src=\"https:\/\/www.lovendal.ro\/wp52\/wp-content\/uploads\/2009\/10\/adamski.jpg\" alt=\"adamski\" width=\"311\" height=\"248\" srcset=\"https:\/\/www.lovendal.ro\/wp52\/wp-content\/uploads\/2009\/10\/adamski.jpg 311w, https:\/\/www.lovendal.ro\/wp52\/wp-content\/uploads\/2009\/10\/adamski-300x239.jpg 300w\" sizes=\"auto, (max-width: 311px) 100vw, 311px\" \/><\/a>Cultul modern al ozeneurilor (obiecte zbur\u0103toare neidentificate) a \u00eenceput la 24 iunie 1947 c\u00e2nd omul de afaceri Kenneth Arnold a v\u0103zut nou\u0103 discuri str\u0103lucitoare rotindu-se pe cer deasupra mun\u0163ilor, \u00een timp ce el zbura cu avionul particular aproape de Muntele Rainier, din statul Washington. Cinci ani mai t\u00e2rziu, misticul californian George Adamski a devenit primul american ce a pretins c\u0103 a avut contact cu fiin\u0163e extraterestre, \u00een cartea sa, <strong>Farfuriile zbur\u0103toare au aterizat<\/strong>, scrie: <em>\u201eEra aproape 12.30 la pr\u00e2nz, \u00eentr-o zi de joi, pe 20 noiembrie 1952, c\u00e2nd am ini\u0163iat primul contact personal cu o fiin\u0163\u0103 de pe alt\u0103 planet\u0103. Aceasta venise pe P\u0103m\u00e2nt \u00een nava sa spa\u0163ial\u0103, o farfurie zbur\u0103toare, pe care o numea Nava Cerceta\u015f\u0103.&#8221;<\/em><\/p>\n<p>Aceast\u0103 a\u015fa-zis\u0103 \u00eent\u00e2lnire s-ar fi petrecut la Desert Center, undeva \u00een afara ora\u015fului Los Angeles. Adamski a pretins c\u0103 a fost trimis \u00een acea direc\u0163ie telepatic de c\u0103tre extratere\u015ftri. \u00cempreun\u0103 cu \u015fase prieteni (printre care teoreticianul ocultist George Hunt Williamson), el a v\u0103zut \u201enava cerceta\u015f\u0103&#8221; \u00een form\u0103 de clopot cum apare deasupra capetelor lor, apoi cum aterizeaz\u0103 \u00een apropiere. O entitate cu p\u0103rul blond a ie\u015fit din nav\u0103 pentru a-i spune lui Adamski, prin limbajul semnelor \u015fi prin telepatie, c\u0103 rasa sa se teme s\u0103 aterizeze \u00een arii puternic populate, dar c\u0103 a venit aici pentru a-i avertiza pe p\u0103m\u00e2nteni asupra folosirii necorespunz\u0103toare a energiei atomice. Aceast\u0103 idee s-a transformat \u00eentr-un laitmotiv al relat\u0103rilor ulterioare despre \u00eent\u00e2lnirile cu extratere\u015ftri: se pare \u00eens\u0103 c\u0103 e meritul lui Adamski de a fi lansat-o prima dat\u0103 (de\u015fi astfel de avertismente erau, chiar \u015fi pe atunci, obi\u015fnuite \u00een romanele \u015ftiin\u0163ifico-fantastice).<\/p>\n<p>Cartea sa, devenit\u0103 best-seller, a reprezentat exact ceea ce milioane de oameni \u00eengrijora\u0163i doreau s\u0103 citeasc\u0103 pe m\u0103sur\u0103 ce R\u0103zboiul Rece se desf\u0103\u015fura. Fra\u0163ii no\u015ftri din spa\u0163iul cosmic ne vor salva pe noi de noi \u00een\u015fine! Adamski a fost foarte iste\u0163 \u015fi a exploatat momentul. Urm\u0103torul s\u0103u roman, <strong>\u00cen interiorul navelor spa\u0163iale (1955)<\/strong>, istorisea cum noii lui prieteni l-au condus la bazele lor de ozeneuri, printre mun\u0163i, r\u00e2uri \u015fi ora\u015fe &#8211; de cealalt\u0103 parte a Lunii. Aceast\u0103 carte a fost publicat\u0103 cu patru ani \u00eenainte de apari\u0163ia primelor fotografii realizate din satelit, ce ar\u0103tau c\u0103 partea \u00eentunecat\u0103 a Lunii nu este altceva dec\u00e2t p\u0103m\u00e2nt steril, la fel ca \u015fi partea luminoas\u0103 ce poate fi observat\u0103 de pe P\u0103m\u00e2nt. Dar, p\u00e2n\u0103 atunci, Adamski se \u00eembog\u0103\u0163ise considerabil. Oricum, nu mai conta pentru fanii lui ceea ce \u015ftiin\u0163a dovedea sau nu dovedea.<\/p>\n<p>Oare c\u00e2t de mult cred ace\u015fti oameni \u00een pove\u015ftile spuse de ei? Dar de ce nu le-ar crede? C\u00e2t \u00eel prive\u015fte pe Adamski, oare a crezut cu adev\u0103rat ca a ajuns pe Lun\u0103?<\/p>\n","protected":false},"excerpt":{"rendered":"<p>Cultul modern al ozeneurilor (obiecte zbur\u0103toare neidentificate) a \u00eenceput la 24 iunie 1947 c\u00e2nd omul de afaceri Kenneth Arnold a v\u0103zut nou\u0103 discuri str\u0103lucitoare rotindu-se pe cer deasupra mun\u0163ilor, \u00een timp ce el zbura cu avionul particular aproape de Muntele &#8230; <\/p>\n<p class=\"read-more-container\"><a title=\"George Adamski &#8211; misticul care sus\u0163ine c\u0103 a fost r\u0103pit de extratere\u015ftri \u015fi dus pe Lun\u0103\" class=\"read-more button\" href=\"https:\/\/www.lovendal.ro\/wp52\/george-adamski-misticul-care-sustine-ca-a-fost-rapit-de-extraterestri-si-dus-pe-luna\/#more-8344\" aria-label=\"Cite\u0219te mai multe despre George Adamski &#8211; misticul care sus\u0163ine c\u0103 a fost r\u0103pit de extratere\u015ftri \u015fi dus pe Lun\u0103\">Cititi mai multe<\/a><\/p>\n","protected":false},"author":1,"featured_media":8345,"comment_status":"open","ping_status":"closed","sticky":false,"template":"","format":"standard","meta":{"footnotes":""},"categories":[14],"tags":[51,2378,149,50,9796,1473],"class_list":["post-8344","post","type-post","status-publish","format-standard","has-post-thumbnail","hentry","category-paranormal-spiritualitate","tag-extraterestri","tag-georeg-adamski","tag-luna","tag-ozn","tag-paranormal-spiritualitate","tag-rapiri"],"yoast_head":"<!-- This site is optimized with the Yoast SEO Premium plugin v23.3 (Yoast SEO v27.4) - https:\/\/yoast.com\/product\/yoast-seo-premium-wordpress\/ -->\n<title>George Adamski - misticul care sus\u0163ine c\u0103 a fost r\u0103pit de extratere\u015ftri \u015fi dus pe Lun\u0103 - Secretele lui Lovendal<\/title>\n<meta name=\"robots\" content=\"index, follow, max-snippet:-1, max-image-preview:large, max-video-preview:-1\" \/>\n<link rel=\"canonical\" href=\"https:\/\/www.lovendal.ro\/wp52\/george-adamski-misticul-care-sustine-ca-a-fost-rapit-de-extraterestri-si-dus-pe-luna\/\" \/>\n<meta property=\"og:locale\" content=\"ro_RO\" \/>\n<meta property=\"og:type\" content=\"article\" \/>\n<meta property=\"og:title\" content=\"George Adamski - misticul care sus\u0163ine c\u0103 a fost r\u0103pit de extratere\u015ftri \u015fi dus pe Lun\u0103\" \/>\n<meta property=\"og:description\" content=\"Cultul modern al ozeneurilor (obiecte zbur\u0103toare neidentificate) a \u00eenceput la 24 iunie 1947 c\u00e2nd omul de afaceri Kenneth Arnold a v\u0103zut nou\u0103 discuri str\u0103lucitoare rotindu-se pe cer deasupra mun\u0163ilor, \u00een timp ce el zbura cu avionul particular aproape de Muntele ... Cititi mai multe\" \/>\n<meta property=\"og:url\" content=\"https:\/\/www.lovendal.ro\/wp52\/george-adamski-misticul-care-sustine-ca-a-fost-rapit-de-extraterestri-si-dus-pe-luna\/\" \/>\n<meta property=\"og:site_name\" content=\"Secretele lui Lovendal\" \/>\n<meta property=\"article:publisher\" content=\"https:\/\/www.facebook.com\/secreteleluilovendal\" \/>\n<meta property=\"article:published_time\" content=\"2009-10-16T17:05:12+00:00\" \/>\n<meta property=\"og:image\" content=\"https:\/\/www.lovendal.ro\/wp52\/wp-content\/uploads\/2009\/10\/adamski.jpg\" \/>\n\t<meta property=\"og:image:width\" content=\"311\" \/>\n\t<meta property=\"og:image:height\" content=\"248\" \/>\n\t<meta property=\"og:image:type\" content=\"image\/jpeg\" \/>\n<meta name=\"author\" content=\"admin\" \/>\n<meta name=\"twitter:card\" content=\"summary_large_image\" \/>\n<meta name=\"twitter:label1\" content=\"Scris de\" \/>\n\t<meta name=\"twitter:data1\" content=\"admin\" \/>\n\t<meta name=\"twitter:label2\" content=\"Timp estimat pentru citire\" \/>\n\t<meta name=\"twitter:data2\" content=\"2 minute\" \/>\n<script type=\"application\/ld+json\" class=\"yoast-schema-graph\">{\"@context\":\"https:\\\/\\\/schema.org\",\"@graph\":[{\"@type\":\"Article\",\"@id\":\"https:\\\/\\\/www.lovendal.ro\\\/wp52\\\/george-adamski-misticul-care-sustine-ca-a-fost-rapit-de-extraterestri-si-dus-pe-luna\\\/#article\",\"isPartOf\":{\"@id\":\"https:\\\/\\\/www.lovendal.ro\\\/wp52\\\/george-adamski-misticul-care-sustine-ca-a-fost-rapit-de-extraterestri-si-dus-pe-luna\\\/\"},\"author\":{\"name\":\"admin\",\"@id\":\"https:\\\/\\\/www.lovendal.ro\\\/wp52\\\/#\\\/schema\\\/person\\\/088691de5dfc346bb0c023e1e52ef5d9\"},\"headline\":\"George Adamski &#8211; misticul care sus\u0163ine c\u0103 a fost r\u0103pit de extratere\u015ftri \u015fi dus pe Lun\u0103\",\"datePublished\":\"2009-10-16T17:05:12+00:00\",\"mainEntityOfPage\":{\"@id\":\"https:\\\/\\\/www.lovendal.ro\\\/wp52\\\/george-adamski-misticul-care-sustine-ca-a-fost-rapit-de-extraterestri-si-dus-pe-luna\\\/\"},\"wordCount\":511,\"commentCount\":6,\"publisher\":{\"@id\":\"https:\\\/\\\/www.lovendal.ro\\\/wp52\\\/#organization\"},\"image\":{\"@id\":\"https:\\\/\\\/www.lovendal.ro\\\/wp52\\\/george-adamski-misticul-care-sustine-ca-a-fost-rapit-de-extraterestri-si-dus-pe-luna\\\/#primaryimage\"},\"thumbnailUrl\":\"https:\\\/\\\/www.lovendal.ro\\\/wp52\\\/wp-content\\\/uploads\\\/2009\\\/10\\\/adamski.jpg\",\"keywords\":[\"extratere\u015ftri\",\"Georeg Adamski\",\"Lun\u0103\",\"OZN\",\"Paranormal-Spiritualitate\",\"r\u0103piri\"],\"articleSection\":[\"Paranormal-Spiritualitate\"],\"inLanguage\":\"ro-RO\",\"potentialAction\":[{\"@type\":\"CommentAction\",\"name\":\"Comment\",\"target\":[\"https:\\\/\\\/www.lovendal.ro\\\/wp52\\\/george-adamski-misticul-care-sustine-ca-a-fost-rapit-de-extraterestri-si-dus-pe-luna\\\/#respond\"]}]},{\"@type\":\"WebPage\",\"@id\":\"https:\\\/\\\/www.lovendal.ro\\\/wp52\\\/george-adamski-misticul-care-sustine-ca-a-fost-rapit-de-extraterestri-si-dus-pe-luna\\\/\",\"url\":\"https:\\\/\\\/www.lovendal.ro\\\/wp52\\\/george-adamski-misticul-care-sustine-ca-a-fost-rapit-de-extraterestri-si-dus-pe-luna\\\/\",\"name\":\"George Adamski - misticul care sus\u0163ine c\u0103 a fost r\u0103pit de extratere\u015ftri \u015fi dus pe Lun\u0103 - Secretele lui Lovendal\",\"isPartOf\":{\"@id\":\"https:\\\/\\\/www.lovendal.ro\\\/wp52\\\/#website\"},\"primaryImageOfPage\":{\"@id\":\"https:\\\/\\\/www.lovendal.ro\\\/wp52\\\/george-adamski-misticul-care-sustine-ca-a-fost-rapit-de-extraterestri-si-dus-pe-luna\\\/#primaryimage\"},\"image\":{\"@id\":\"https:\\\/\\\/www.lovendal.ro\\\/wp52\\\/george-adamski-misticul-care-sustine-ca-a-fost-rapit-de-extraterestri-si-dus-pe-luna\\\/#primaryimage\"},\"thumbnailUrl\":\"https:\\\/\\\/www.lovendal.ro\\\/wp52\\\/wp-content\\\/uploads\\\/2009\\\/10\\\/adamski.jpg\",\"datePublished\":\"2009-10-16T17:05:12+00:00\",\"breadcrumb\":{\"@id\":\"https:\\\/\\\/www.lovendal.ro\\\/wp52\\\/george-adamski-misticul-care-sustine-ca-a-fost-rapit-de-extraterestri-si-dus-pe-luna\\\/#breadcrumb\"},\"inLanguage\":\"ro-RO\",\"potentialAction\":[{\"@type\":\"ReadAction\",\"target\":[\"https:\\\/\\\/www.lovendal.ro\\\/wp52\\\/george-adamski-misticul-care-sustine-ca-a-fost-rapit-de-extraterestri-si-dus-pe-luna\\\/\"]}]},{\"@type\":\"ImageObject\",\"inLanguage\":\"ro-RO\",\"@id\":\"https:\\\/\\\/www.lovendal.ro\\\/wp52\\\/george-adamski-misticul-care-sustine-ca-a-fost-rapit-de-extraterestri-si-dus-pe-luna\\\/#primaryimage\",\"url\":\"https:\\\/\\\/www.lovendal.ro\\\/wp52\\\/wp-content\\\/uploads\\\/2009\\\/10\\\/adamski.jpg\",\"contentUrl\":\"https:\\\/\\\/www.lovendal.ro\\\/wp52\\\/wp-content\\\/uploads\\\/2009\\\/10\\\/adamski.jpg\",\"width\":\"311\",\"height\":\"248\"},{\"@type\":\"BreadcrumbList\",\"@id\":\"https:\\\/\\\/www.lovendal.ro\\\/wp52\\\/george-adamski-misticul-care-sustine-ca-a-fost-rapit-de-extraterestri-si-dus-pe-luna\\\/#breadcrumb\",\"itemListElement\":[{\"@type\":\"ListItem\",\"position\":1,\"name\":\"Home\",\"item\":\"https:\\\/\\\/www.lovendal.ro\\\/wp52\\\/\"},{\"@type\":\"ListItem\",\"position\":2,\"name\":\"George Adamski &#8211; misticul care sus\u0163ine c\u0103 a fost r\u0103pit de extratere\u015ftri \u015fi dus pe Lun\u0103\"}]},{\"@type\":\"WebSite\",\"@id\":\"https:\\\/\\\/www.lovendal.ro\\\/wp52\\\/#website\",\"url\":\"https:\\\/\\\/www.lovendal.ro\\\/wp52\\\/\",\"name\":\"Secretele lui Lovendal\",\"description\":\"Site de secrete, stiinta si metafizica - din 2008 -\",\"publisher\":{\"@id\":\"https:\\\/\\\/www.lovendal.ro\\\/wp52\\\/#organization\"},\"potentialAction\":[{\"@type\":\"SearchAction\",\"target\":{\"@type\":\"EntryPoint\",\"urlTemplate\":\"https:\\\/\\\/www.lovendal.ro\\\/wp52\\\/?s={search_term_string}\"},\"query-input\":{\"@type\":\"PropertyValueSpecification\",\"valueRequired\":true,\"valueName\":\"search_term_string\"}}],\"inLanguage\":\"ro-RO\"},{\"@type\":\"Organization\",\"@id\":\"https:\\\/\\\/www.lovendal.ro\\\/wp52\\\/#organization\",\"name\":\"Secretele lui Lovendal\",\"url\":\"https:\\\/\\\/www.lovendal.ro\\\/wp52\\\/\",\"logo\":{\"@type\":\"ImageObject\",\"inLanguage\":\"ro-RO\",\"@id\":\"https:\\\/\\\/www.lovendal.ro\\\/wp52\\\/#\\\/schema\\\/logo\\\/image\\\/\",\"url\":\"https:\\\/\\\/www.lovendal.ro\\\/wp52\\\/wp-content\\\/uploads\\\/2024\\\/06\\\/cropped-SLL-iun-2024-1.jpg\",\"contentUrl\":\"https:\\\/\\\/www.lovendal.ro\\\/wp52\\\/wp-content\\\/uploads\\\/2024\\\/06\\\/cropped-SLL-iun-2024-1.jpg\",\"width\":771,\"height\":240,\"caption\":\"Secretele lui Lovendal\"},\"image\":{\"@id\":\"https:\\\/\\\/www.lovendal.ro\\\/wp52\\\/#\\\/schema\\\/logo\\\/image\\\/\"},\"sameAs\":[\"https:\\\/\\\/www.facebook.com\\\/secreteleluilovendal\"]},{\"@type\":\"Person\",\"@id\":\"https:\\\/\\\/www.lovendal.ro\\\/wp52\\\/#\\\/schema\\\/person\\\/088691de5dfc346bb0c023e1e52ef5d9\",\"name\":\"admin\",\"image\":{\"@type\":\"ImageObject\",\"inLanguage\":\"ro-RO\",\"@id\":\"https:\\\/\\\/secure.gravatar.com\\\/avatar\\\/ecb9cd41f5f63c9c9b989999a59f6e2639a865ec361e9db054db0679a8f341c2?s=96&d=mm&r=g\",\"url\":\"https:\\\/\\\/secure.gravatar.com\\\/avatar\\\/ecb9cd41f5f63c9c9b989999a59f6e2639a865ec361e9db054db0679a8f341c2?s=96&d=mm&r=g\",\"contentUrl\":\"https:\\\/\\\/secure.gravatar.com\\\/avatar\\\/ecb9cd41f5f63c9c9b989999a59f6e2639a865ec361e9db054db0679a8f341c2?s=96&d=mm&r=g\",\"caption\":\"admin\"},\"sameAs\":[\"https:\\\/\\\/www.lovendal.ro\\\/wp52\"]}]}<\/script>\n<!-- \/ Yoast SEO Premium plugin. -->","yoast_head_json":{"title":"George Adamski - misticul care sus\u0163ine c\u0103 a fost r\u0103pit de extratere\u015ftri \u015fi dus pe Lun\u0103 - Secretele lui Lovendal","robots":{"index":"index","follow":"follow","max-snippet":"max-snippet:-1","max-image-preview":"max-image-preview:large","max-video-preview":"max-video-preview:-1"},"canonical":"https:\/\/www.lovendal.ro\/wp52\/george-adamski-misticul-care-sustine-ca-a-fost-rapit-de-extraterestri-si-dus-pe-luna\/","og_locale":"ro_RO","og_type":"article","og_title":"George Adamski - misticul care sus\u0163ine c\u0103 a fost r\u0103pit de extratere\u015ftri \u015fi dus pe Lun\u0103","og_description":"Cultul modern al ozeneurilor (obiecte zbur\u0103toare neidentificate) a \u00eenceput la 24 iunie 1947 c\u00e2nd omul de afaceri Kenneth Arnold a v\u0103zut nou\u0103 discuri str\u0103lucitoare rotindu-se pe cer deasupra mun\u0163ilor, \u00een timp ce el zbura cu avionul particular aproape de Muntele ... Cititi mai multe","og_url":"https:\/\/www.lovendal.ro\/wp52\/george-adamski-misticul-care-sustine-ca-a-fost-rapit-de-extraterestri-si-dus-pe-luna\/","og_site_name":"Secretele lui Lovendal","article_publisher":"https:\/\/www.facebook.com\/secreteleluilovendal","article_published_time":"2009-10-16T17:05:12+00:00","og_image":[{"width":311,"height":248,"url":"https:\/\/www.lovendal.ro\/wp52\/wp-content\/uploads\/2009\/10\/adamski.jpg","type":"image\/jpeg"}],"author":"admin","twitter_card":"summary_large_image","twitter_misc":{"Scris de":"admin","Timp estimat pentru citire":"2 minute"},"schema":{"@context":"https:\/\/schema.org","@graph":[{"@type":"Article","@id":"https:\/\/www.lovendal.ro\/wp52\/george-adamski-misticul-care-sustine-ca-a-fost-rapit-de-extraterestri-si-dus-pe-luna\/#article","isPartOf":{"@id":"https:\/\/www.lovendal.ro\/wp52\/george-adamski-misticul-care-sustine-ca-a-fost-rapit-de-extraterestri-si-dus-pe-luna\/"},"author":{"name":"admin","@id":"https:\/\/www.lovendal.ro\/wp52\/#\/schema\/person\/088691de5dfc346bb0c023e1e52ef5d9"},"headline":"George Adamski &#8211; misticul care sus\u0163ine c\u0103 a fost r\u0103pit de extratere\u015ftri \u015fi dus pe Lun\u0103","datePublished":"2009-10-16T17:05:12+00:00","mainEntityOfPage":{"@id":"https:\/\/www.lovendal.ro\/wp52\/george-adamski-misticul-care-sustine-ca-a-fost-rapit-de-extraterestri-si-dus-pe-luna\/"},"wordCount":511,"commentCount":6,"publisher":{"@id":"https:\/\/www.lovendal.ro\/wp52\/#organization"},"image":{"@id":"https:\/\/www.lovendal.ro\/wp52\/george-adamski-misticul-care-sustine-ca-a-fost-rapit-de-extraterestri-si-dus-pe-luna\/#primaryimage"},"thumbnailUrl":"https:\/\/www.lovendal.ro\/wp52\/wp-content\/uploads\/2009\/10\/adamski.jpg","keywords":["extratere\u015ftri","Georeg Adamski","Lun\u0103","OZN","Paranormal-Spiritualitate","r\u0103piri"],"articleSection":["Paranormal-Spiritualitate"],"inLanguage":"ro-RO","potentialAction":[{"@type":"CommentAction","name":"Comment","target":["https:\/\/www.lovendal.ro\/wp52\/george-adamski-misticul-care-sustine-ca-a-fost-rapit-de-extraterestri-si-dus-pe-luna\/#respond"]}]},{"@type":"WebPage","@id":"https:\/\/www.lovendal.ro\/wp52\/george-adamski-misticul-care-sustine-ca-a-fost-rapit-de-extraterestri-si-dus-pe-luna\/","url":"https:\/\/www.lovendal.ro\/wp52\/george-adamski-misticul-care-sustine-ca-a-fost-rapit-de-extraterestri-si-dus-pe-luna\/","name":"George Adamski - misticul care sus\u0163ine c\u0103 a fost r\u0103pit de extratere\u015ftri \u015fi dus pe Lun\u0103 - Secretele lui Lovendal","isPartOf":{"@id":"https:\/\/www.lovendal.ro\/wp52\/#website"},"primaryImageOfPage":{"@id":"https:\/\/www.lovendal.ro\/wp52\/george-adamski-misticul-care-sustine-ca-a-fost-rapit-de-extraterestri-si-dus-pe-luna\/#primaryimage"},"image":{"@id":"https:\/\/www.lovendal.ro\/wp52\/george-adamski-misticul-care-sustine-ca-a-fost-rapit-de-extraterestri-si-dus-pe-luna\/#primaryimage"},"thumbnailUrl":"https:\/\/www.lovendal.ro\/wp52\/wp-content\/uploads\/2009\/10\/adamski.jpg","datePublished":"2009-10-16T17:05:12+00:00","breadcrumb":{"@id":"https:\/\/www.lovendal.ro\/wp52\/george-adamski-misticul-care-sustine-ca-a-fost-rapit-de-extraterestri-si-dus-pe-luna\/#breadcrumb"},"inLanguage":"ro-RO","potentialAction":[{"@type":"ReadAction","target":["https:\/\/www.lovendal.ro\/wp52\/george-adamski-misticul-care-sustine-ca-a-fost-rapit-de-extraterestri-si-dus-pe-luna\/"]}]},{"@type":"ImageObject","inLanguage":"ro-RO","@id":"https:\/\/www.lovendal.ro\/wp52\/george-adamski-misticul-care-sustine-ca-a-fost-rapit-de-extraterestri-si-dus-pe-luna\/#primaryimage","url":"https:\/\/www.lovendal.ro\/wp52\/wp-content\/uploads\/2009\/10\/adamski.jpg","contentUrl":"https:\/\/www.lovendal.ro\/wp52\/wp-content\/uploads\/2009\/10\/adamski.jpg","width":"311","height":"248"},{"@type":"BreadcrumbList","@id":"https:\/\/www.lovendal.ro\/wp52\/george-adamski-misticul-care-sustine-ca-a-fost-rapit-de-extraterestri-si-dus-pe-luna\/#breadcrumb","itemListElement":[{"@type":"ListItem","position":1,"name":"Home","item":"https:\/\/www.lovendal.ro\/wp52\/"},{"@type":"ListItem","position":2,"name":"George Adamski &#8211; misticul care sus\u0163ine c\u0103 a fost r\u0103pit de extratere\u015ftri \u015fi dus pe Lun\u0103"}]},{"@type":"WebSite","@id":"https:\/\/www.lovendal.ro\/wp52\/#website","url":"https:\/\/www.lovendal.ro\/wp52\/","name":"Secretele lui Lovendal","description":"Site de secrete, stiinta si metafizica - din 2008 -","publisher":{"@id":"https:\/\/www.lovendal.ro\/wp52\/#organization"},"potentialAction":[{"@type":"SearchAction","target":{"@type":"EntryPoint","urlTemplate":"https:\/\/www.lovendal.ro\/wp52\/?s={search_term_string}"},"query-input":{"@type":"PropertyValueSpecification","valueRequired":true,"valueName":"search_term_string"}}],"inLanguage":"ro-RO"},{"@type":"Organization","@id":"https:\/\/www.lovendal.ro\/wp52\/#organization","name":"Secretele lui Lovendal","url":"https:\/\/www.lovendal.ro\/wp52\/","logo":{"@type":"ImageObject","inLanguage":"ro-RO","@id":"https:\/\/www.lovendal.ro\/wp52\/#\/schema\/logo\/image\/","url":"https:\/\/www.lovendal.ro\/wp52\/wp-content\/uploads\/2024\/06\/cropped-SLL-iun-2024-1.jpg","contentUrl":"https:\/\/www.lovendal.ro\/wp52\/wp-content\/uploads\/2024\/06\/cropped-SLL-iun-2024-1.jpg","width":771,"height":240,"caption":"Secretele lui Lovendal"},"image":{"@id":"https:\/\/www.lovendal.ro\/wp52\/#\/schema\/logo\/image\/"},"sameAs":["https:\/\/www.facebook.com\/secreteleluilovendal"]},{"@type":"Person","@id":"https:\/\/www.lovendal.ro\/wp52\/#\/schema\/person\/088691de5dfc346bb0c023e1e52ef5d9","name":"admin","image":{"@type":"ImageObject","inLanguage":"ro-RO","@id":"https:\/\/secure.gravatar.com\/avatar\/ecb9cd41f5f63c9c9b989999a59f6e2639a865ec361e9db054db0679a8f341c2?s=96&d=mm&r=g","url":"https:\/\/secure.gravatar.com\/avatar\/ecb9cd41f5f63c9c9b989999a59f6e2639a865ec361e9db054db0679a8f341c2?s=96&d=mm&r=g","contentUrl":"https:\/\/secure.gravatar.com\/avatar\/ecb9cd41f5f63c9c9b989999a59f6e2639a865ec361e9db054db0679a8f341c2?s=96&d=mm&r=g","caption":"admin"},"sameAs":["https:\/\/www.lovendal.ro\/wp52"]}]}},"_links":{"self":[{"href":"https:\/\/www.lovendal.ro\/wp52\/wp-json\/wp\/v2\/posts\/8344","targetHints":{"allow":["GET"]}}],"collection":[{"href":"https:\/\/www.lovendal.ro\/wp52\/wp-json\/wp\/v2\/posts"}],"about":[{"href":"https:\/\/www.lovendal.ro\/wp52\/wp-json\/wp\/v2\/types\/post"}],"author":[{"embeddable":true,"href":"https:\/\/www.lovendal.ro\/wp52\/wp-json\/wp\/v2\/users\/1"}],"replies":[{"embeddable":true,"href":"https:\/\/www.lovendal.ro\/wp52\/wp-json\/wp\/v2\/comments?post=8344"}],"version-history":[{"count":0,"href":"https:\/\/www.lovendal.ro\/wp52\/wp-json\/wp\/v2\/posts\/8344\/revisions"}],"wp:featuredmedia":[{"embeddable":true,"href":"https:\/\/www.lovendal.ro\/wp52\/wp-json\/wp\/v2\/media\/8345"}],"wp:attachment":[{"href":"https:\/\/www.lovendal.ro\/wp52\/wp-json\/wp\/v2\/media?parent=8344"}],"wp:term":[{"taxonomy":"category","embeddable":true,"href":"https:\/\/www.lovendal.ro\/wp52\/wp-json\/wp\/v2\/categories?post=8344"},{"taxonomy":"post_tag","embeddable":true,"href":"https:\/\/www.lovendal.ro\/wp52\/wp-json\/wp\/v2\/tags?post=8344"}],"curies":[{"name":"wp","href":"https:\/\/api.w.org\/{rel}","templated":true}]}}