{"id":83150,"date":"2022-10-27T20:31:21","date_gmt":"2022-10-27T17:31:21","guid":{"rendered":"https:\/\/www.lovendal.ro\/wp52\/?p=83150"},"modified":"2022-10-27T20:31:21","modified_gmt":"2022-10-27T17:31:21","slug":"din-misterele-tabloului-fata-cu-cercel-de-perla-de-vermeer-ascunde-el-ceva-ca-mona-lisa-lui-leonardo-da-vinci","status":"publish","type":"post","link":"https:\/\/www.lovendal.ro\/wp52\/din-misterele-tabloului-fata-cu-cercel-de-perla-de-vermeer-ascunde-el-ceva-ca-mona-lisa-lui-leonardo-da-vinci\/","title":{"rendered":"Din misterele tabloului &#8222;Fata cu cercel de perl\u0103&#8221; de Vermeer. Ascunde el ceva ca &#8222;Mona Lisa&#8221; lui Leonardo da Vinci?"},"content":{"rendered":"<p><strong><em><a href=\"https:\/\/www.lovendal.ro\/wp52\/wp-content\/uploads\/2022\/10\/fata-cu-cercel-de-perla.jpg\"><img loading=\"lazy\" decoding=\"async\" class=\"alignleft size-full wp-image-83151\" src=\"https:\/\/www.lovendal.ro\/wp52\/wp-content\/uploads\/2022\/10\/fata-cu-cercel-de-perla.jpg\" alt=\"\" width=\"351\" height=\"276\" srcset=\"https:\/\/www.lovendal.ro\/wp52\/wp-content\/uploads\/2022\/10\/fata-cu-cercel-de-perla.jpg 351w, https:\/\/www.lovendal.ro\/wp52\/wp-content\/uploads\/2022\/10\/fata-cu-cercel-de-perla-300x236.jpg 300w\" sizes=\"auto, (max-width: 351px) 100vw, 351px\" \/><\/a>&#8222;Fata cu cercel de perl\u0103&#8221;<\/em><\/strong> este o pictur\u0103 \u00een ulei pe p\u00e2nz\u0103, realizat\u0103 \u00een anul 1665 de c\u0103tre artistul olandez Johannes Vermeer, fiind una dintre cele mai cunoscute lucr\u0103ri ale sale. Tabloul \u00eenf\u0103\u021bi\u0219eaz\u0103 o t\u00e2n\u0103r\u0103 \u00eembr\u0103cat\u0103 \u00eentr-o rochie exotic\u0103, cu un turban \u0219i cu un cercel de perl\u0103 \u00een ureche. Lucrarea se afl\u0103 expus\u0103 \u00een Muzeul Mauritshuis din Haga (Olanda).<\/p>\n<p>Vermeer a produs doar 36 de lucr\u0103ri cunoscute \u00een timpul vie\u021bii sale, \u00een timp ce mul\u021bi dintre contemporanii s\u0103i au finalizat sute. Asemenea altor arti\u015fti din vremea sa, el a descris \u00een mare parte scene din via\u021ba obi\u0219nuit\u0103. Exemple notabile includ tablourile <em>&#8222;Fata care cite\u0219te o scrisoare la o fereastr\u0103 deschis\u0103&#8221;<\/em> (1657) sau <em>&#8222;Lec\u021bia de muzic\u0103&#8221;<\/em> (1665).<\/p>\n<p><strong><em>&#8222;Fata cu cercel de perl\u0103&#8221;<\/em><\/strong> prezint\u0103 o t\u00e2n\u0103r\u0103 aflat\u0103 \u00eentr-un spa\u021biu \u00eentunecat, un cadru intim care atrage aten\u021bia privitorului exclusiv asupra ei. Ea poart\u0103 un turban albastru &#8211; auriu, un cercel de perl\u0103 \u0219i o hain\u0103 aurie cu guler alb vizibil dedesubt. Surprins\u0103 \u00eentr-un moment trec\u0103tor, fata \u00ee\u0219i \u00eentoarce capul peste um\u0103r, \u00eent\u00e2mpin\u00e2nd privirea urm\u0103ritorului cu ochii mari \u0219i buzele \u00eentredeschise de parc\u0103 ar fi pe punctul de a vorbi. Expresia ei enigmatic\u0103, \u00eempreun\u0103 cu misterul identit\u0103\u021bii ei, i-au determinat pe unii s\u0103 o compare cu subiectul Mona Lisa al lui Leonardo da Vinci.<\/p>\n<p><strong><em>&#8222;Fata cu cercel de perl\u0103&#8221;<\/em><\/strong> a devenit una dintre cele mai faimoase piese ale lui Vermeer abia la sf\u00e2r\u015fitul secolului 20, odat\u0103 cu expozi\u021bia de succes din 1995 de la National Gallery of Art din Washington \u0219i publicarea celui mai bine v\u00e2ndut roman de Tracy Chevalier, cu titlu asem\u0103n\u0103tor, \u00een 1999. Cartea a transformat subiectul picturii \u00eentr-o menajer\u0103 pe nume Griet, care lucreaz\u0103 \u00een casa lui Vermeer \u0219i devine ajutorul lui.<\/p>\n<p>Muzeul Mauritshuis s-a angajat \u00eentr-o investiga\u021bie a operei de art\u0103, public\u00e2nd descoperirile \u00een 2020. Folosind tehnici moderne de imagistic\u0103 pentru a privi straturile de sub suprafa\u021b\u0103, cercet\u0103torii au descoperit o perdea verde \u00een spatele fetei \u0219i au confirmat c\u0103 aceasta are gene, de\u0219i acestea ar putea fi greu de deslu\u0219it. Cercet\u0103torii au testat \u0219i materialele folosite de Vermeer, cartografiind sursele pigmen\u021bilor s\u0103i. Ei au descoperit c\u0103 pictorul a folosit un pigment ultramarin, derivat din piatra semipre\u021bioas\u0103 lapis lazuli, g\u0103sit\u0103 doar \u00een Afghanistan. De asemenea, pictorul a folosit pentru buzele femeii un pigment ro\u0219u, derivat de la o insect\u0103 care tr\u0103ie\u0219te \u00een Mexic \u0219i America de Sud.<\/p>\n","protected":false},"excerpt":{"rendered":"<p>&#8222;Fata cu cercel de perl\u0103&#8221; este o pictur\u0103 \u00een ulei pe p\u00e2nz\u0103, realizat\u0103 \u00een anul 1665 de c\u0103tre artistul olandez Johannes Vermeer, fiind una dintre cele mai cunoscute lucr\u0103ri ale sale. Tabloul \u00eenf\u0103\u021bi\u0219eaz\u0103 o t\u00e2n\u0103r\u0103 \u00eembr\u0103cat\u0103 \u00eentr-o rochie exotic\u0103, cu &#8230; <\/p>\n<p class=\"read-more-container\"><a title=\"Din misterele tabloului &#8222;Fata cu cercel de perl\u0103&#8221; de Vermeer. Ascunde el ceva ca &#8222;Mona Lisa&#8221; lui Leonardo da Vinci?\" class=\"read-more button\" href=\"https:\/\/www.lovendal.ro\/wp52\/din-misterele-tabloului-fata-cu-cercel-de-perla-de-vermeer-ascunde-el-ceva-ca-mona-lisa-lui-leonardo-da-vinci\/#more-83150\" aria-label=\"Cite\u0219te mai multe despre Din misterele tabloului &#8222;Fata cu cercel de perl\u0103&#8221; de Vermeer. Ascunde el ceva ca &#8222;Mona Lisa&#8221; lui Leonardo da Vinci?\">Cititi mai multe<\/a><\/p>\n","protected":false},"author":1,"featured_media":83151,"comment_status":"open","ping_status":"open","sticky":false,"template":"","format":"standard","meta":{"footnotes":""},"categories":[2927],"tags":[421,4420,6223,9154,480,17943,7463,3124,13083,17945,206,1446,268,166,429,16695,165,9814,1160,432,360,184,17944,422],"class_list":["post-83150","post","type-post","status-publish","format-standard","has-post-thumbnail","hentry","category-picturi-celebre","tag-afghanistan","tag-america-de-sud","tag-buze","tag-cercel","tag-da-vinci","tag-fata-cu-cercel-de-perla","tag-haga","tag-insecta","tag-lapis-lazuli","tag-mauritshuis","tag-mexic","tag-mona-lisa","tag-muzeu","tag-ochi","tag-olanda","tag-piatra-semipretioasa","tag-pictor","tag-picturi-celebre","tag-rochie","tag-roman","tag-tablou","tag-ureche","tag-vermeer","tag-washington"],"yoast_head":"<!-- This site is optimized with the Yoast SEO Premium plugin v23.3 (Yoast SEO v27.4) - https:\/\/yoast.com\/product\/yoast-seo-premium-wordpress\/ -->\n<title>Din misterele tabloului &quot;Fata cu cercel de perl\u0103&quot; de Vermeer. Ascunde el ceva ca &quot;Mona Lisa&quot; lui Leonardo da Vinci? - Secretele lui Lovendal<\/title>\n<meta name=\"robots\" content=\"index, follow, max-snippet:-1, max-image-preview:large, max-video-preview:-1\" \/>\n<link rel=\"canonical\" href=\"https:\/\/www.lovendal.ro\/wp52\/din-misterele-tabloului-fata-cu-cercel-de-perla-de-vermeer-ascunde-el-ceva-ca-mona-lisa-lui-leonardo-da-vinci\/\" \/>\n<meta property=\"og:locale\" content=\"ro_RO\" \/>\n<meta property=\"og:type\" content=\"article\" \/>\n<meta property=\"og:title\" content=\"Din misterele tabloului &quot;Fata cu cercel de perl\u0103&quot; de Vermeer. Ascunde el ceva ca &quot;Mona Lisa&quot; lui Leonardo da Vinci?\" \/>\n<meta property=\"og:description\" content=\"&#8222;Fata cu cercel de perl\u0103&#8221; este o pictur\u0103 \u00een ulei pe p\u00e2nz\u0103, realizat\u0103 \u00een anul 1665 de c\u0103tre artistul olandez Johannes Vermeer, fiind una dintre cele mai cunoscute lucr\u0103ri ale sale. Tabloul \u00eenf\u0103\u021bi\u0219eaz\u0103 o t\u00e2n\u0103r\u0103 \u00eembr\u0103cat\u0103 \u00eentr-o rochie exotic\u0103, cu ... Cititi mai multe\" \/>\n<meta property=\"og:url\" content=\"https:\/\/www.lovendal.ro\/wp52\/din-misterele-tabloului-fata-cu-cercel-de-perla-de-vermeer-ascunde-el-ceva-ca-mona-lisa-lui-leonardo-da-vinci\/\" \/>\n<meta property=\"og:site_name\" content=\"Secretele lui Lovendal\" \/>\n<meta property=\"article:publisher\" content=\"https:\/\/www.facebook.com\/secreteleluilovendal\" \/>\n<meta property=\"article:published_time\" content=\"2022-10-27T17:31:21+00:00\" \/>\n<meta property=\"og:image\" content=\"https:\/\/www.lovendal.ro\/wp52\/wp-content\/uploads\/2022\/10\/fata-cu-cercel-de-perla.jpg\" \/>\n\t<meta property=\"og:image:width\" content=\"351\" \/>\n\t<meta property=\"og:image:height\" content=\"276\" \/>\n\t<meta property=\"og:image:type\" content=\"image\/jpeg\" \/>\n<meta name=\"author\" content=\"admin\" \/>\n<meta name=\"twitter:card\" content=\"summary_large_image\" \/>\n<meta name=\"twitter:label1\" content=\"Scris de\" \/>\n\t<meta name=\"twitter:data1\" content=\"admin\" \/>\n\t<meta name=\"twitter:label2\" content=\"Timp estimat pentru citire\" \/>\n\t<meta name=\"twitter:data2\" content=\"2 minute\" \/>\n<script type=\"application\/ld+json\" class=\"yoast-schema-graph\">{\"@context\":\"https:\\\/\\\/schema.org\",\"@graph\":[{\"@type\":\"Article\",\"@id\":\"https:\\\/\\\/www.lovendal.ro\\\/wp52\\\/din-misterele-tabloului-fata-cu-cercel-de-perla-de-vermeer-ascunde-el-ceva-ca-mona-lisa-lui-leonardo-da-vinci\\\/#article\",\"isPartOf\":{\"@id\":\"https:\\\/\\\/www.lovendal.ro\\\/wp52\\\/din-misterele-tabloului-fata-cu-cercel-de-perla-de-vermeer-ascunde-el-ceva-ca-mona-lisa-lui-leonardo-da-vinci\\\/\"},\"author\":{\"name\":\"admin\",\"@id\":\"https:\\\/\\\/www.lovendal.ro\\\/wp52\\\/#\\\/schema\\\/person\\\/088691de5dfc346bb0c023e1e52ef5d9\"},\"headline\":\"Din misterele tabloului &#8222;Fata cu cercel de perl\u0103&#8221; de Vermeer. Ascunde el ceva ca &#8222;Mona Lisa&#8221; lui Leonardo da Vinci?\",\"datePublished\":\"2022-10-27T17:31:21+00:00\",\"mainEntityOfPage\":{\"@id\":\"https:\\\/\\\/www.lovendal.ro\\\/wp52\\\/din-misterele-tabloului-fata-cu-cercel-de-perla-de-vermeer-ascunde-el-ceva-ca-mona-lisa-lui-leonardo-da-vinci\\\/\"},\"wordCount\":446,\"commentCount\":0,\"publisher\":{\"@id\":\"https:\\\/\\\/www.lovendal.ro\\\/wp52\\\/#organization\"},\"image\":{\"@id\":\"https:\\\/\\\/www.lovendal.ro\\\/wp52\\\/din-misterele-tabloului-fata-cu-cercel-de-perla-de-vermeer-ascunde-el-ceva-ca-mona-lisa-lui-leonardo-da-vinci\\\/#primaryimage\"},\"thumbnailUrl\":\"https:\\\/\\\/www.lovendal.ro\\\/wp52\\\/wp-content\\\/uploads\\\/2022\\\/10\\\/fata-cu-cercel-de-perla.jpg\",\"keywords\":[\"Afghanistan\",\"America de Sud\",\"buze\",\"cercel\",\"da Vinci\",\"Fata cu cercel de perl\u0103\",\"Haga\",\"insect\u0103\",\"lapis lazuli\",\"Mauritshuis\",\"Mexic\",\"Mona Lisa\",\"muzeu\",\"ochi\",\"Olanda\",\"piatr\u0103 semipre\u0163ioas\u0103\",\"pictor\",\"Picturi celebre\",\"rochie\",\"roman\",\"tablou\",\"ureche\",\"Vermeer\",\"Washington\"],\"articleSection\":[\"Picturi celebre\"],\"inLanguage\":\"ro-RO\",\"potentialAction\":[{\"@type\":\"CommentAction\",\"name\":\"Comment\",\"target\":[\"https:\\\/\\\/www.lovendal.ro\\\/wp52\\\/din-misterele-tabloului-fata-cu-cercel-de-perla-de-vermeer-ascunde-el-ceva-ca-mona-lisa-lui-leonardo-da-vinci\\\/#respond\"]}]},{\"@type\":\"WebPage\",\"@id\":\"https:\\\/\\\/www.lovendal.ro\\\/wp52\\\/din-misterele-tabloului-fata-cu-cercel-de-perla-de-vermeer-ascunde-el-ceva-ca-mona-lisa-lui-leonardo-da-vinci\\\/\",\"url\":\"https:\\\/\\\/www.lovendal.ro\\\/wp52\\\/din-misterele-tabloului-fata-cu-cercel-de-perla-de-vermeer-ascunde-el-ceva-ca-mona-lisa-lui-leonardo-da-vinci\\\/\",\"name\":\"Din misterele tabloului \\\"Fata cu cercel de perl\u0103\\\" de Vermeer. Ascunde el ceva ca \\\"Mona Lisa\\\" lui Leonardo da Vinci? - Secretele lui Lovendal\",\"isPartOf\":{\"@id\":\"https:\\\/\\\/www.lovendal.ro\\\/wp52\\\/#website\"},\"primaryImageOfPage\":{\"@id\":\"https:\\\/\\\/www.lovendal.ro\\\/wp52\\\/din-misterele-tabloului-fata-cu-cercel-de-perla-de-vermeer-ascunde-el-ceva-ca-mona-lisa-lui-leonardo-da-vinci\\\/#primaryimage\"},\"image\":{\"@id\":\"https:\\\/\\\/www.lovendal.ro\\\/wp52\\\/din-misterele-tabloului-fata-cu-cercel-de-perla-de-vermeer-ascunde-el-ceva-ca-mona-lisa-lui-leonardo-da-vinci\\\/#primaryimage\"},\"thumbnailUrl\":\"https:\\\/\\\/www.lovendal.ro\\\/wp52\\\/wp-content\\\/uploads\\\/2022\\\/10\\\/fata-cu-cercel-de-perla.jpg\",\"datePublished\":\"2022-10-27T17:31:21+00:00\",\"breadcrumb\":{\"@id\":\"https:\\\/\\\/www.lovendal.ro\\\/wp52\\\/din-misterele-tabloului-fata-cu-cercel-de-perla-de-vermeer-ascunde-el-ceva-ca-mona-lisa-lui-leonardo-da-vinci\\\/#breadcrumb\"},\"inLanguage\":\"ro-RO\",\"potentialAction\":[{\"@type\":\"ReadAction\",\"target\":[\"https:\\\/\\\/www.lovendal.ro\\\/wp52\\\/din-misterele-tabloului-fata-cu-cercel-de-perla-de-vermeer-ascunde-el-ceva-ca-mona-lisa-lui-leonardo-da-vinci\\\/\"]}]},{\"@type\":\"ImageObject\",\"inLanguage\":\"ro-RO\",\"@id\":\"https:\\\/\\\/www.lovendal.ro\\\/wp52\\\/din-misterele-tabloului-fata-cu-cercel-de-perla-de-vermeer-ascunde-el-ceva-ca-mona-lisa-lui-leonardo-da-vinci\\\/#primaryimage\",\"url\":\"https:\\\/\\\/www.lovendal.ro\\\/wp52\\\/wp-content\\\/uploads\\\/2022\\\/10\\\/fata-cu-cercel-de-perla.jpg\",\"contentUrl\":\"https:\\\/\\\/www.lovendal.ro\\\/wp52\\\/wp-content\\\/uploads\\\/2022\\\/10\\\/fata-cu-cercel-de-perla.jpg\",\"width\":351,\"height\":276},{\"@type\":\"BreadcrumbList\",\"@id\":\"https:\\\/\\\/www.lovendal.ro\\\/wp52\\\/din-misterele-tabloului-fata-cu-cercel-de-perla-de-vermeer-ascunde-el-ceva-ca-mona-lisa-lui-leonardo-da-vinci\\\/#breadcrumb\",\"itemListElement\":[{\"@type\":\"ListItem\",\"position\":1,\"name\":\"Home\",\"item\":\"https:\\\/\\\/www.lovendal.ro\\\/wp52\\\/\"},{\"@type\":\"ListItem\",\"position\":2,\"name\":\"Din misterele tabloului &#8222;Fata cu cercel de perl\u0103&#8221; de Vermeer. Ascunde el ceva ca &#8222;Mona Lisa&#8221; lui Leonardo da Vinci?\"}]},{\"@type\":\"WebSite\",\"@id\":\"https:\\\/\\\/www.lovendal.ro\\\/wp52\\\/#website\",\"url\":\"https:\\\/\\\/www.lovendal.ro\\\/wp52\\\/\",\"name\":\"Secretele lui Lovendal\",\"description\":\"Site de secrete, stiinta si metafizica - din 2008 -\",\"publisher\":{\"@id\":\"https:\\\/\\\/www.lovendal.ro\\\/wp52\\\/#organization\"},\"potentialAction\":[{\"@type\":\"SearchAction\",\"target\":{\"@type\":\"EntryPoint\",\"urlTemplate\":\"https:\\\/\\\/www.lovendal.ro\\\/wp52\\\/?s={search_term_string}\"},\"query-input\":{\"@type\":\"PropertyValueSpecification\",\"valueRequired\":true,\"valueName\":\"search_term_string\"}}],\"inLanguage\":\"ro-RO\"},{\"@type\":\"Organization\",\"@id\":\"https:\\\/\\\/www.lovendal.ro\\\/wp52\\\/#organization\",\"name\":\"Secretele lui Lovendal\",\"url\":\"https:\\\/\\\/www.lovendal.ro\\\/wp52\\\/\",\"logo\":{\"@type\":\"ImageObject\",\"inLanguage\":\"ro-RO\",\"@id\":\"https:\\\/\\\/www.lovendal.ro\\\/wp52\\\/#\\\/schema\\\/logo\\\/image\\\/\",\"url\":\"https:\\\/\\\/www.lovendal.ro\\\/wp52\\\/wp-content\\\/uploads\\\/2024\\\/06\\\/cropped-SLL-iun-2024-1.jpg\",\"contentUrl\":\"https:\\\/\\\/www.lovendal.ro\\\/wp52\\\/wp-content\\\/uploads\\\/2024\\\/06\\\/cropped-SLL-iun-2024-1.jpg\",\"width\":771,\"height\":240,\"caption\":\"Secretele lui Lovendal\"},\"image\":{\"@id\":\"https:\\\/\\\/www.lovendal.ro\\\/wp52\\\/#\\\/schema\\\/logo\\\/image\\\/\"},\"sameAs\":[\"https:\\\/\\\/www.facebook.com\\\/secreteleluilovendal\"]},{\"@type\":\"Person\",\"@id\":\"https:\\\/\\\/www.lovendal.ro\\\/wp52\\\/#\\\/schema\\\/person\\\/088691de5dfc346bb0c023e1e52ef5d9\",\"name\":\"admin\",\"image\":{\"@type\":\"ImageObject\",\"inLanguage\":\"ro-RO\",\"@id\":\"https:\\\/\\\/secure.gravatar.com\\\/avatar\\\/ecb9cd41f5f63c9c9b989999a59f6e2639a865ec361e9db054db0679a8f341c2?s=96&d=mm&r=g\",\"url\":\"https:\\\/\\\/secure.gravatar.com\\\/avatar\\\/ecb9cd41f5f63c9c9b989999a59f6e2639a865ec361e9db054db0679a8f341c2?s=96&d=mm&r=g\",\"contentUrl\":\"https:\\\/\\\/secure.gravatar.com\\\/avatar\\\/ecb9cd41f5f63c9c9b989999a59f6e2639a865ec361e9db054db0679a8f341c2?s=96&d=mm&r=g\",\"caption\":\"admin\"},\"sameAs\":[\"https:\\\/\\\/www.lovendal.ro\\\/wp52\"]}]}<\/script>\n<!-- \/ Yoast SEO Premium plugin. -->","yoast_head_json":{"title":"Din misterele tabloului \"Fata cu cercel de perl\u0103\" de Vermeer. Ascunde el ceva ca \"Mona Lisa\" lui Leonardo da Vinci? - Secretele lui Lovendal","robots":{"index":"index","follow":"follow","max-snippet":"max-snippet:-1","max-image-preview":"max-image-preview:large","max-video-preview":"max-video-preview:-1"},"canonical":"https:\/\/www.lovendal.ro\/wp52\/din-misterele-tabloului-fata-cu-cercel-de-perla-de-vermeer-ascunde-el-ceva-ca-mona-lisa-lui-leonardo-da-vinci\/","og_locale":"ro_RO","og_type":"article","og_title":"Din misterele tabloului \"Fata cu cercel de perl\u0103\" de Vermeer. Ascunde el ceva ca \"Mona Lisa\" lui Leonardo da Vinci?","og_description":"&#8222;Fata cu cercel de perl\u0103&#8221; este o pictur\u0103 \u00een ulei pe p\u00e2nz\u0103, realizat\u0103 \u00een anul 1665 de c\u0103tre artistul olandez Johannes Vermeer, fiind una dintre cele mai cunoscute lucr\u0103ri ale sale. Tabloul \u00eenf\u0103\u021bi\u0219eaz\u0103 o t\u00e2n\u0103r\u0103 \u00eembr\u0103cat\u0103 \u00eentr-o rochie exotic\u0103, cu ... Cititi mai multe","og_url":"https:\/\/www.lovendal.ro\/wp52\/din-misterele-tabloului-fata-cu-cercel-de-perla-de-vermeer-ascunde-el-ceva-ca-mona-lisa-lui-leonardo-da-vinci\/","og_site_name":"Secretele lui Lovendal","article_publisher":"https:\/\/www.facebook.com\/secreteleluilovendal","article_published_time":"2022-10-27T17:31:21+00:00","og_image":[{"width":351,"height":276,"url":"https:\/\/www.lovendal.ro\/wp52\/wp-content\/uploads\/2022\/10\/fata-cu-cercel-de-perla.jpg","type":"image\/jpeg"}],"author":"admin","twitter_card":"summary_large_image","twitter_misc":{"Scris de":"admin","Timp estimat pentru citire":"2 minute"},"schema":{"@context":"https:\/\/schema.org","@graph":[{"@type":"Article","@id":"https:\/\/www.lovendal.ro\/wp52\/din-misterele-tabloului-fata-cu-cercel-de-perla-de-vermeer-ascunde-el-ceva-ca-mona-lisa-lui-leonardo-da-vinci\/#article","isPartOf":{"@id":"https:\/\/www.lovendal.ro\/wp52\/din-misterele-tabloului-fata-cu-cercel-de-perla-de-vermeer-ascunde-el-ceva-ca-mona-lisa-lui-leonardo-da-vinci\/"},"author":{"name":"admin","@id":"https:\/\/www.lovendal.ro\/wp52\/#\/schema\/person\/088691de5dfc346bb0c023e1e52ef5d9"},"headline":"Din misterele tabloului &#8222;Fata cu cercel de perl\u0103&#8221; de Vermeer. Ascunde el ceva ca &#8222;Mona Lisa&#8221; lui Leonardo da Vinci?","datePublished":"2022-10-27T17:31:21+00:00","mainEntityOfPage":{"@id":"https:\/\/www.lovendal.ro\/wp52\/din-misterele-tabloului-fata-cu-cercel-de-perla-de-vermeer-ascunde-el-ceva-ca-mona-lisa-lui-leonardo-da-vinci\/"},"wordCount":446,"commentCount":0,"publisher":{"@id":"https:\/\/www.lovendal.ro\/wp52\/#organization"},"image":{"@id":"https:\/\/www.lovendal.ro\/wp52\/din-misterele-tabloului-fata-cu-cercel-de-perla-de-vermeer-ascunde-el-ceva-ca-mona-lisa-lui-leonardo-da-vinci\/#primaryimage"},"thumbnailUrl":"https:\/\/www.lovendal.ro\/wp52\/wp-content\/uploads\/2022\/10\/fata-cu-cercel-de-perla.jpg","keywords":["Afghanistan","America de Sud","buze","cercel","da Vinci","Fata cu cercel de perl\u0103","Haga","insect\u0103","lapis lazuli","Mauritshuis","Mexic","Mona Lisa","muzeu","ochi","Olanda","piatr\u0103 semipre\u0163ioas\u0103","pictor","Picturi celebre","rochie","roman","tablou","ureche","Vermeer","Washington"],"articleSection":["Picturi celebre"],"inLanguage":"ro-RO","potentialAction":[{"@type":"CommentAction","name":"Comment","target":["https:\/\/www.lovendal.ro\/wp52\/din-misterele-tabloului-fata-cu-cercel-de-perla-de-vermeer-ascunde-el-ceva-ca-mona-lisa-lui-leonardo-da-vinci\/#respond"]}]},{"@type":"WebPage","@id":"https:\/\/www.lovendal.ro\/wp52\/din-misterele-tabloului-fata-cu-cercel-de-perla-de-vermeer-ascunde-el-ceva-ca-mona-lisa-lui-leonardo-da-vinci\/","url":"https:\/\/www.lovendal.ro\/wp52\/din-misterele-tabloului-fata-cu-cercel-de-perla-de-vermeer-ascunde-el-ceva-ca-mona-lisa-lui-leonardo-da-vinci\/","name":"Din misterele tabloului \"Fata cu cercel de perl\u0103\" de Vermeer. Ascunde el ceva ca \"Mona Lisa\" lui Leonardo da Vinci? - Secretele lui Lovendal","isPartOf":{"@id":"https:\/\/www.lovendal.ro\/wp52\/#website"},"primaryImageOfPage":{"@id":"https:\/\/www.lovendal.ro\/wp52\/din-misterele-tabloului-fata-cu-cercel-de-perla-de-vermeer-ascunde-el-ceva-ca-mona-lisa-lui-leonardo-da-vinci\/#primaryimage"},"image":{"@id":"https:\/\/www.lovendal.ro\/wp52\/din-misterele-tabloului-fata-cu-cercel-de-perla-de-vermeer-ascunde-el-ceva-ca-mona-lisa-lui-leonardo-da-vinci\/#primaryimage"},"thumbnailUrl":"https:\/\/www.lovendal.ro\/wp52\/wp-content\/uploads\/2022\/10\/fata-cu-cercel-de-perla.jpg","datePublished":"2022-10-27T17:31:21+00:00","breadcrumb":{"@id":"https:\/\/www.lovendal.ro\/wp52\/din-misterele-tabloului-fata-cu-cercel-de-perla-de-vermeer-ascunde-el-ceva-ca-mona-lisa-lui-leonardo-da-vinci\/#breadcrumb"},"inLanguage":"ro-RO","potentialAction":[{"@type":"ReadAction","target":["https:\/\/www.lovendal.ro\/wp52\/din-misterele-tabloului-fata-cu-cercel-de-perla-de-vermeer-ascunde-el-ceva-ca-mona-lisa-lui-leonardo-da-vinci\/"]}]},{"@type":"ImageObject","inLanguage":"ro-RO","@id":"https:\/\/www.lovendal.ro\/wp52\/din-misterele-tabloului-fata-cu-cercel-de-perla-de-vermeer-ascunde-el-ceva-ca-mona-lisa-lui-leonardo-da-vinci\/#primaryimage","url":"https:\/\/www.lovendal.ro\/wp52\/wp-content\/uploads\/2022\/10\/fata-cu-cercel-de-perla.jpg","contentUrl":"https:\/\/www.lovendal.ro\/wp52\/wp-content\/uploads\/2022\/10\/fata-cu-cercel-de-perla.jpg","width":351,"height":276},{"@type":"BreadcrumbList","@id":"https:\/\/www.lovendal.ro\/wp52\/din-misterele-tabloului-fata-cu-cercel-de-perla-de-vermeer-ascunde-el-ceva-ca-mona-lisa-lui-leonardo-da-vinci\/#breadcrumb","itemListElement":[{"@type":"ListItem","position":1,"name":"Home","item":"https:\/\/www.lovendal.ro\/wp52\/"},{"@type":"ListItem","position":2,"name":"Din misterele tabloului &#8222;Fata cu cercel de perl\u0103&#8221; de Vermeer. Ascunde el ceva ca &#8222;Mona Lisa&#8221; lui Leonardo da Vinci?"}]},{"@type":"WebSite","@id":"https:\/\/www.lovendal.ro\/wp52\/#website","url":"https:\/\/www.lovendal.ro\/wp52\/","name":"Secretele lui Lovendal","description":"Site de secrete, stiinta si metafizica - din 2008 -","publisher":{"@id":"https:\/\/www.lovendal.ro\/wp52\/#organization"},"potentialAction":[{"@type":"SearchAction","target":{"@type":"EntryPoint","urlTemplate":"https:\/\/www.lovendal.ro\/wp52\/?s={search_term_string}"},"query-input":{"@type":"PropertyValueSpecification","valueRequired":true,"valueName":"search_term_string"}}],"inLanguage":"ro-RO"},{"@type":"Organization","@id":"https:\/\/www.lovendal.ro\/wp52\/#organization","name":"Secretele lui Lovendal","url":"https:\/\/www.lovendal.ro\/wp52\/","logo":{"@type":"ImageObject","inLanguage":"ro-RO","@id":"https:\/\/www.lovendal.ro\/wp52\/#\/schema\/logo\/image\/","url":"https:\/\/www.lovendal.ro\/wp52\/wp-content\/uploads\/2024\/06\/cropped-SLL-iun-2024-1.jpg","contentUrl":"https:\/\/www.lovendal.ro\/wp52\/wp-content\/uploads\/2024\/06\/cropped-SLL-iun-2024-1.jpg","width":771,"height":240,"caption":"Secretele lui Lovendal"},"image":{"@id":"https:\/\/www.lovendal.ro\/wp52\/#\/schema\/logo\/image\/"},"sameAs":["https:\/\/www.facebook.com\/secreteleluilovendal"]},{"@type":"Person","@id":"https:\/\/www.lovendal.ro\/wp52\/#\/schema\/person\/088691de5dfc346bb0c023e1e52ef5d9","name":"admin","image":{"@type":"ImageObject","inLanguage":"ro-RO","@id":"https:\/\/secure.gravatar.com\/avatar\/ecb9cd41f5f63c9c9b989999a59f6e2639a865ec361e9db054db0679a8f341c2?s=96&d=mm&r=g","url":"https:\/\/secure.gravatar.com\/avatar\/ecb9cd41f5f63c9c9b989999a59f6e2639a865ec361e9db054db0679a8f341c2?s=96&d=mm&r=g","contentUrl":"https:\/\/secure.gravatar.com\/avatar\/ecb9cd41f5f63c9c9b989999a59f6e2639a865ec361e9db054db0679a8f341c2?s=96&d=mm&r=g","caption":"admin"},"sameAs":["https:\/\/www.lovendal.ro\/wp52"]}]}},"_links":{"self":[{"href":"https:\/\/www.lovendal.ro\/wp52\/wp-json\/wp\/v2\/posts\/83150","targetHints":{"allow":["GET"]}}],"collection":[{"href":"https:\/\/www.lovendal.ro\/wp52\/wp-json\/wp\/v2\/posts"}],"about":[{"href":"https:\/\/www.lovendal.ro\/wp52\/wp-json\/wp\/v2\/types\/post"}],"author":[{"embeddable":true,"href":"https:\/\/www.lovendal.ro\/wp52\/wp-json\/wp\/v2\/users\/1"}],"replies":[{"embeddable":true,"href":"https:\/\/www.lovendal.ro\/wp52\/wp-json\/wp\/v2\/comments?post=83150"}],"version-history":[{"count":1,"href":"https:\/\/www.lovendal.ro\/wp52\/wp-json\/wp\/v2\/posts\/83150\/revisions"}],"predecessor-version":[{"id":83152,"href":"https:\/\/www.lovendal.ro\/wp52\/wp-json\/wp\/v2\/posts\/83150\/revisions\/83152"}],"wp:featuredmedia":[{"embeddable":true,"href":"https:\/\/www.lovendal.ro\/wp52\/wp-json\/wp\/v2\/media\/83151"}],"wp:attachment":[{"href":"https:\/\/www.lovendal.ro\/wp52\/wp-json\/wp\/v2\/media?parent=83150"}],"wp:term":[{"taxonomy":"category","embeddable":true,"href":"https:\/\/www.lovendal.ro\/wp52\/wp-json\/wp\/v2\/categories?post=83150"},{"taxonomy":"post_tag","embeddable":true,"href":"https:\/\/www.lovendal.ro\/wp52\/wp-json\/wp\/v2\/tags?post=83150"}],"curies":[{"name":"wp","href":"https:\/\/api.w.org\/{rel}","templated":true}]}}