{"id":82830,"date":"2022-09-24T20:55:25","date_gmt":"2022-09-24T17:55:25","guid":{"rendered":"https:\/\/www.lovendal.ro\/wp52\/?p=82830"},"modified":"2022-09-24T20:55:25","modified_gmt":"2022-09-24T17:55:25","slug":"un-om-de-stiinta-irlandez-crede-ca-intalnirea-cu-extraterestrii-e-iminenta-ce-am-putea-face","status":"publish","type":"post","link":"https:\/\/www.lovendal.ro\/wp52\/un-om-de-stiinta-irlandez-crede-ca-intalnirea-cu-extraterestrii-e-iminenta-ce-am-putea-face\/","title":{"rendered":"Un om de \u015ftiin\u0163\u0103 irlandez crede c\u0103 \u00eent\u00e2lnirea cu extratere\u015ftrii e iminent\u0103! Ce-am putea face?"},"content":{"rendered":"<figure id=\"attachment_82831\" aria-describedby=\"caption-attachment-82831\" style=\"width: 360px\" class=\"wp-caption alignleft\"><a href=\"https:\/\/www.lovendal.ro\/wp52\/wp-content\/uploads\/2022\/09\/extraterestri-de-pe-alta-planeta.jpg\"><img loading=\"lazy\" decoding=\"async\" class=\"size-full wp-image-82831\" src=\"https:\/\/www.lovendal.ro\/wp52\/wp-content\/uploads\/2022\/09\/extraterestri-de-pe-alta-planeta.jpg\" alt=\"\" width=\"370\" height=\"257\" srcset=\"https:\/\/www.lovendal.ro\/wp52\/wp-content\/uploads\/2022\/09\/extraterestri-de-pe-alta-planeta.jpg 370w, https:\/\/www.lovendal.ro\/wp52\/wp-content\/uploads\/2022\/09\/extraterestri-de-pe-alta-planeta-300x208.jpg 300w\" sizes=\"auto, (max-width: 370px) 100vw, 370px\" \/><\/a><figcaption id=\"caption-attachment-82831\" class=\"wp-caption-text\"><strong>Imagine<\/strong>: <a href=\"https:\/\/pixabay.com\/ro\/photos\/fantezie-spa%c5%a3iu-galaxie-str%c4%83in-2328442\/\" target=\"_blank\" rel=\"noopener\"><strong>pixabay.com<\/strong><\/a> (Commons Creative &#8211; free)<\/figcaption><\/figure>\n<p>Unii oameni de \u0219tiin\u021b\u0103 consider\u0103 c\u0103 \u00eent\u00e2lnirea noastr\u0103 cu extratere\u0219trii poate fi considerat un eveniment at\u00e2t de sigur, \u00eenc\u00e2t spun c\u0103 a sosit momentul s\u0103 ne preg\u0103tim pentru a tr\u0103i cu ei. Potrivit astrofizicianului britanic Jocelyn Bell Burnell, \u00eent\u00e2lnirea a\u0219teptat\u0103 cu o specie de via\u021b\u0103 extraterestr\u0103 ar trebui s\u0103 aib\u0103 loc cel mult \u00een urm\u0103toarea sut\u0103 de ani.<\/p>\n<p>Profesorul a declarat c\u0103 vom g\u0103si ace\u0219ti extratere\u0219tri pe o planet\u0103 st\u00e2ncoas\u0103 care are dioxid de carbon \u0219i ozon \u00een atmosfer\u0103. R\u0103m\u00e2ne \u00eentrebarea dac\u0103 ar trebui s\u0103 ne prezent\u0103m lor sau nu: <em>&#8222;Trebuie s\u0103 ne g\u00e2ndim la asta acum. Cui \u00eei vom spune mai \u00eent\u00e2i despre descoperire? Presei? Guvernului? Papei?&#8221;<\/em>, a spus ea la o conferin\u021b\u0103 organizat\u0103 la Dublin, Irlanda.<\/p>\n<p>Dac\u0103 decidem s\u0103 lu\u0103m contact cu extratere\u0219trii, conversa\u021bia ar putea dura zeci de ani sau chiar secole dac\u0103 este prin unde radio sau laser:<em> &#8222;Nimic nu poate c\u0103l\u0103tori mai repede dec\u00e2t viteza luminii. Deci conversa\u021bia noastr\u0103 ar putea dura 50 sau 100 de ani sau chiar mai mult doar pentru a ajunge la destina\u021bie&#8221;<\/em>, a spus Burnell.<\/p>\n<p>Pe de alt\u0103 parte, exist\u0103 oameni de \u0219tiin\u021b\u0103 care sus\u021bin c\u0103 nu ar trebui s\u0103 ne prezent\u0103m extratere\u0219trilor, deoarece extratere\u0219trii ar putea fi ostili \u0219i ar putea invada P\u0103m\u00e2ntul. Oamenii de \u0219tiin\u021b\u0103 cred c\u0103 extratere\u015ftrii care pot c\u0103l\u0103tori prin spa\u021biu, ar avea o tehnologie suficient de avansat\u0103 pentru a ne anihila: <em>&#8222;Se poate \u00eent\u00e2mpla exact ceea ce s-a \u00eent\u00e2mplat c\u00e2nd Cristofor Columb a sosit \u00een America. Lucrurile nu s-au terminat prea bine pentru popula\u021bia nativ\u0103&#8221;<\/em>, a spus omul de \u0219tiin\u021b\u0103 Stephen Hawking, un fizician \u0219i cosmolog faimos britanic care a murit \u00een 2018, \u0219i el \u00eengrijorat de posibilitatea ca extratere\u0219trii s\u0103 invadeze P\u0103m\u00e2ntul \u00een c\u0103utarea resurselor naturale.<\/p>\n","protected":false},"excerpt":{"rendered":"<p>Unii oameni de \u0219tiin\u021b\u0103 consider\u0103 c\u0103 \u00eent\u00e2lnirea noastr\u0103 cu extratere\u0219trii poate fi considerat un eveniment at\u00e2t de sigur, \u00eenc\u00e2t spun c\u0103 a sosit momentul s\u0103 ne preg\u0103tim pentru a tr\u0103i cu ei. Potrivit astrofizicianului britanic Jocelyn Bell Burnell, \u00eent\u00e2lnirea a\u0219teptat\u0103 &#8230; <\/p>\n<p class=\"read-more-container\"><a title=\"Un om de \u015ftiin\u0163\u0103 irlandez crede c\u0103 \u00eent\u00e2lnirea cu extratere\u015ftrii e iminent\u0103! Ce-am putea face?\" class=\"read-more button\" href=\"https:\/\/www.lovendal.ro\/wp52\/un-om-de-stiinta-irlandez-crede-ca-intalnirea-cu-extraterestrii-e-iminenta-ce-am-putea-face\/#more-82830\" aria-label=\"Cite\u0219te mai multe despre Un om de \u015ftiin\u0163\u0103 irlandez crede c\u0103 \u00eent\u00e2lnirea cu extratere\u015ftrii e iminent\u0103! Ce-am putea face?\">Cititi mai multe<\/a><\/p>\n","protected":false},"author":1,"featured_media":82831,"comment_status":"open","ping_status":"open","sticky":false,"template":"","format":"standard","meta":{"footnotes":""},"categories":[14],"tags":[10,5636,2502,5806,12,356,6243,51,2048,4464,490,3725,105,97,9796,732,3203,366,2916],"class_list":["post-82830","post","type-post","status-publish","format-standard","has-post-thumbnail","hentry","category-paranormal-spiritualitate","tag-america","tag-astrofizician","tag-atmosfera","tag-cosmolog","tag-cristofor-columb","tag-dioxid-de-carbon","tag-dublin","tag-extraterestri","tag-fizician","tag-guvern","tag-irlanda","tag-ozon","tag-pamant","tag-papa","tag-paranormal-spiritualitate","tag-planeta","tag-stephen-hawking","tag-viata","tag-viteza-luminii","resize-featured-image"],"yoast_head":"<!-- This site is optimized with the Yoast SEO Premium plugin v23.3 (Yoast SEO v27.4) - https:\/\/yoast.com\/product\/yoast-seo-premium-wordpress\/ -->\n<title>Un om de \u015ftiin\u0163\u0103 irlandez crede c\u0103 \u00eent\u00e2lnirea cu extratere\u015ftrii e iminent\u0103! Ce-am putea face? - Secretele lui Lovendal<\/title>\n<meta name=\"robots\" content=\"index, follow, max-snippet:-1, max-image-preview:large, max-video-preview:-1\" \/>\n<link rel=\"canonical\" href=\"https:\/\/www.lovendal.ro\/wp52\/un-om-de-stiinta-irlandez-crede-ca-intalnirea-cu-extraterestrii-e-iminenta-ce-am-putea-face\/\" \/>\n<meta property=\"og:locale\" content=\"ro_RO\" \/>\n<meta property=\"og:type\" content=\"article\" \/>\n<meta property=\"og:title\" content=\"Un om de \u015ftiin\u0163\u0103 irlandez crede c\u0103 \u00eent\u00e2lnirea cu extratere\u015ftrii e iminent\u0103! Ce-am putea face?\" \/>\n<meta property=\"og:description\" content=\"Unii oameni de \u0219tiin\u021b\u0103 consider\u0103 c\u0103 \u00eent\u00e2lnirea noastr\u0103 cu extratere\u0219trii poate fi considerat un eveniment at\u00e2t de sigur, \u00eenc\u00e2t spun c\u0103 a sosit momentul s\u0103 ne preg\u0103tim pentru a tr\u0103i cu ei. Potrivit astrofizicianului britanic Jocelyn Bell Burnell, \u00eent\u00e2lnirea a\u0219teptat\u0103 ... Cititi mai multe\" \/>\n<meta property=\"og:url\" content=\"https:\/\/www.lovendal.ro\/wp52\/un-om-de-stiinta-irlandez-crede-ca-intalnirea-cu-extraterestrii-e-iminenta-ce-am-putea-face\/\" \/>\n<meta property=\"og:site_name\" content=\"Secretele lui Lovendal\" \/>\n<meta property=\"article:publisher\" content=\"https:\/\/www.facebook.com\/secreteleluilovendal\" \/>\n<meta property=\"article:published_time\" content=\"2022-09-24T17:55:25+00:00\" \/>\n<meta property=\"og:image\" content=\"https:\/\/www.lovendal.ro\/wp52\/wp-content\/uploads\/2022\/09\/extraterestri-de-pe-alta-planeta.jpg\" \/>\n\t<meta property=\"og:image:width\" content=\"370\" \/>\n\t<meta property=\"og:image:height\" content=\"257\" \/>\n\t<meta property=\"og:image:type\" content=\"image\/jpeg\" \/>\n<meta name=\"author\" content=\"admin\" \/>\n<meta name=\"twitter:card\" content=\"summary_large_image\" \/>\n<meta name=\"twitter:label1\" content=\"Scris de\" \/>\n\t<meta name=\"twitter:data1\" content=\"admin\" \/>\n\t<meta name=\"twitter:label2\" content=\"Timp estimat pentru citire\" \/>\n\t<meta name=\"twitter:data2\" content=\"2 minute\" \/>\n<script type=\"application\/ld+json\" class=\"yoast-schema-graph\">{\"@context\":\"https:\\\/\\\/schema.org\",\"@graph\":[{\"@type\":\"Article\",\"@id\":\"https:\\\/\\\/www.lovendal.ro\\\/wp52\\\/un-om-de-stiinta-irlandez-crede-ca-intalnirea-cu-extraterestrii-e-iminenta-ce-am-putea-face\\\/#article\",\"isPartOf\":{\"@id\":\"https:\\\/\\\/www.lovendal.ro\\\/wp52\\\/un-om-de-stiinta-irlandez-crede-ca-intalnirea-cu-extraterestrii-e-iminenta-ce-am-putea-face\\\/\"},\"author\":{\"name\":\"admin\",\"@id\":\"https:\\\/\\\/www.lovendal.ro\\\/wp52\\\/#\\\/schema\\\/person\\\/088691de5dfc346bb0c023e1e52ef5d9\"},\"headline\":\"Un om de \u015ftiin\u0163\u0103 irlandez crede c\u0103 \u00eent\u00e2lnirea cu extratere\u015ftrii e iminent\u0103! Ce-am putea face?\",\"datePublished\":\"2022-09-24T17:55:25+00:00\",\"mainEntityOfPage\":{\"@id\":\"https:\\\/\\\/www.lovendal.ro\\\/wp52\\\/un-om-de-stiinta-irlandez-crede-ca-intalnirea-cu-extraterestrii-e-iminenta-ce-am-putea-face\\\/\"},\"wordCount\":354,\"commentCount\":0,\"publisher\":{\"@id\":\"https:\\\/\\\/www.lovendal.ro\\\/wp52\\\/#organization\"},\"image\":{\"@id\":\"https:\\\/\\\/www.lovendal.ro\\\/wp52\\\/un-om-de-stiinta-irlandez-crede-ca-intalnirea-cu-extraterestrii-e-iminenta-ce-am-putea-face\\\/#primaryimage\"},\"thumbnailUrl\":\"https:\\\/\\\/www.lovendal.ro\\\/wp52\\\/wp-content\\\/uploads\\\/2022\\\/09\\\/extraterestri-de-pe-alta-planeta.jpg\",\"keywords\":[\"America\",\"astrofizician\",\"atmosfer\u0103\",\"cosmolog\",\"Cristofor Columb\",\"dioxid de carbon\",\"Dublin\",\"extratere\u015ftri\",\"fizician\",\"guvern\",\"Irlanda\",\"ozon\",\"P\u0103m\u00e2nt\",\"papa\",\"Paranormal-Spiritualitate\",\"planet\u0103\",\"Stephen Hawking\",\"via\u0163\u0103\",\"viteza luminii\"],\"articleSection\":[\"Paranormal-Spiritualitate\"],\"inLanguage\":\"ro-RO\",\"potentialAction\":[{\"@type\":\"CommentAction\",\"name\":\"Comment\",\"target\":[\"https:\\\/\\\/www.lovendal.ro\\\/wp52\\\/un-om-de-stiinta-irlandez-crede-ca-intalnirea-cu-extraterestrii-e-iminenta-ce-am-putea-face\\\/#respond\"]}]},{\"@type\":\"WebPage\",\"@id\":\"https:\\\/\\\/www.lovendal.ro\\\/wp52\\\/un-om-de-stiinta-irlandez-crede-ca-intalnirea-cu-extraterestrii-e-iminenta-ce-am-putea-face\\\/\",\"url\":\"https:\\\/\\\/www.lovendal.ro\\\/wp52\\\/un-om-de-stiinta-irlandez-crede-ca-intalnirea-cu-extraterestrii-e-iminenta-ce-am-putea-face\\\/\",\"name\":\"Un om de \u015ftiin\u0163\u0103 irlandez crede c\u0103 \u00eent\u00e2lnirea cu extratere\u015ftrii e iminent\u0103! Ce-am putea face? - Secretele lui Lovendal\",\"isPartOf\":{\"@id\":\"https:\\\/\\\/www.lovendal.ro\\\/wp52\\\/#website\"},\"primaryImageOfPage\":{\"@id\":\"https:\\\/\\\/www.lovendal.ro\\\/wp52\\\/un-om-de-stiinta-irlandez-crede-ca-intalnirea-cu-extraterestrii-e-iminenta-ce-am-putea-face\\\/#primaryimage\"},\"image\":{\"@id\":\"https:\\\/\\\/www.lovendal.ro\\\/wp52\\\/un-om-de-stiinta-irlandez-crede-ca-intalnirea-cu-extraterestrii-e-iminenta-ce-am-putea-face\\\/#primaryimage\"},\"thumbnailUrl\":\"https:\\\/\\\/www.lovendal.ro\\\/wp52\\\/wp-content\\\/uploads\\\/2022\\\/09\\\/extraterestri-de-pe-alta-planeta.jpg\",\"datePublished\":\"2022-09-24T17:55:25+00:00\",\"breadcrumb\":{\"@id\":\"https:\\\/\\\/www.lovendal.ro\\\/wp52\\\/un-om-de-stiinta-irlandez-crede-ca-intalnirea-cu-extraterestrii-e-iminenta-ce-am-putea-face\\\/#breadcrumb\"},\"inLanguage\":\"ro-RO\",\"potentialAction\":[{\"@type\":\"ReadAction\",\"target\":[\"https:\\\/\\\/www.lovendal.ro\\\/wp52\\\/un-om-de-stiinta-irlandez-crede-ca-intalnirea-cu-extraterestrii-e-iminenta-ce-am-putea-face\\\/\"]}]},{\"@type\":\"ImageObject\",\"inLanguage\":\"ro-RO\",\"@id\":\"https:\\\/\\\/www.lovendal.ro\\\/wp52\\\/un-om-de-stiinta-irlandez-crede-ca-intalnirea-cu-extraterestrii-e-iminenta-ce-am-putea-face\\\/#primaryimage\",\"url\":\"https:\\\/\\\/www.lovendal.ro\\\/wp52\\\/wp-content\\\/uploads\\\/2022\\\/09\\\/extraterestri-de-pe-alta-planeta.jpg\",\"contentUrl\":\"https:\\\/\\\/www.lovendal.ro\\\/wp52\\\/wp-content\\\/uploads\\\/2022\\\/09\\\/extraterestri-de-pe-alta-planeta.jpg\",\"width\":370,\"height\":257,\"caption\":\"Imagine: pixabay.com (Commons Creative - free)\"},{\"@type\":\"BreadcrumbList\",\"@id\":\"https:\\\/\\\/www.lovendal.ro\\\/wp52\\\/un-om-de-stiinta-irlandez-crede-ca-intalnirea-cu-extraterestrii-e-iminenta-ce-am-putea-face\\\/#breadcrumb\",\"itemListElement\":[{\"@type\":\"ListItem\",\"position\":1,\"name\":\"Home\",\"item\":\"https:\\\/\\\/www.lovendal.ro\\\/wp52\\\/\"},{\"@type\":\"ListItem\",\"position\":2,\"name\":\"Un om de \u015ftiin\u0163\u0103 irlandez crede c\u0103 \u00eent\u00e2lnirea cu extratere\u015ftrii e iminent\u0103! Ce-am putea face?\"}]},{\"@type\":\"WebSite\",\"@id\":\"https:\\\/\\\/www.lovendal.ro\\\/wp52\\\/#website\",\"url\":\"https:\\\/\\\/www.lovendal.ro\\\/wp52\\\/\",\"name\":\"Secretele lui Lovendal\",\"description\":\"Site de secrete, stiinta si metafizica - din 2008 -\",\"publisher\":{\"@id\":\"https:\\\/\\\/www.lovendal.ro\\\/wp52\\\/#organization\"},\"potentialAction\":[{\"@type\":\"SearchAction\",\"target\":{\"@type\":\"EntryPoint\",\"urlTemplate\":\"https:\\\/\\\/www.lovendal.ro\\\/wp52\\\/?s={search_term_string}\"},\"query-input\":{\"@type\":\"PropertyValueSpecification\",\"valueRequired\":true,\"valueName\":\"search_term_string\"}}],\"inLanguage\":\"ro-RO\"},{\"@type\":\"Organization\",\"@id\":\"https:\\\/\\\/www.lovendal.ro\\\/wp52\\\/#organization\",\"name\":\"Secretele lui Lovendal\",\"url\":\"https:\\\/\\\/www.lovendal.ro\\\/wp52\\\/\",\"logo\":{\"@type\":\"ImageObject\",\"inLanguage\":\"ro-RO\",\"@id\":\"https:\\\/\\\/www.lovendal.ro\\\/wp52\\\/#\\\/schema\\\/logo\\\/image\\\/\",\"url\":\"https:\\\/\\\/www.lovendal.ro\\\/wp52\\\/wp-content\\\/uploads\\\/2024\\\/06\\\/cropped-SLL-iun-2024-1.jpg\",\"contentUrl\":\"https:\\\/\\\/www.lovendal.ro\\\/wp52\\\/wp-content\\\/uploads\\\/2024\\\/06\\\/cropped-SLL-iun-2024-1.jpg\",\"width\":771,\"height\":240,\"caption\":\"Secretele lui Lovendal\"},\"image\":{\"@id\":\"https:\\\/\\\/www.lovendal.ro\\\/wp52\\\/#\\\/schema\\\/logo\\\/image\\\/\"},\"sameAs\":[\"https:\\\/\\\/www.facebook.com\\\/secreteleluilovendal\"]},{\"@type\":\"Person\",\"@id\":\"https:\\\/\\\/www.lovendal.ro\\\/wp52\\\/#\\\/schema\\\/person\\\/088691de5dfc346bb0c023e1e52ef5d9\",\"name\":\"admin\",\"image\":{\"@type\":\"ImageObject\",\"inLanguage\":\"ro-RO\",\"@id\":\"https:\\\/\\\/secure.gravatar.com\\\/avatar\\\/ecb9cd41f5f63c9c9b989999a59f6e2639a865ec361e9db054db0679a8f341c2?s=96&d=mm&r=g\",\"url\":\"https:\\\/\\\/secure.gravatar.com\\\/avatar\\\/ecb9cd41f5f63c9c9b989999a59f6e2639a865ec361e9db054db0679a8f341c2?s=96&d=mm&r=g\",\"contentUrl\":\"https:\\\/\\\/secure.gravatar.com\\\/avatar\\\/ecb9cd41f5f63c9c9b989999a59f6e2639a865ec361e9db054db0679a8f341c2?s=96&d=mm&r=g\",\"caption\":\"admin\"},\"sameAs\":[\"https:\\\/\\\/www.lovendal.ro\\\/wp52\"]}]}<\/script>\n<!-- \/ Yoast SEO Premium plugin. -->","yoast_head_json":{"title":"Un om de \u015ftiin\u0163\u0103 irlandez crede c\u0103 \u00eent\u00e2lnirea cu extratere\u015ftrii e iminent\u0103! Ce-am putea face? - Secretele lui Lovendal","robots":{"index":"index","follow":"follow","max-snippet":"max-snippet:-1","max-image-preview":"max-image-preview:large","max-video-preview":"max-video-preview:-1"},"canonical":"https:\/\/www.lovendal.ro\/wp52\/un-om-de-stiinta-irlandez-crede-ca-intalnirea-cu-extraterestrii-e-iminenta-ce-am-putea-face\/","og_locale":"ro_RO","og_type":"article","og_title":"Un om de \u015ftiin\u0163\u0103 irlandez crede c\u0103 \u00eent\u00e2lnirea cu extratere\u015ftrii e iminent\u0103! Ce-am putea face?","og_description":"Unii oameni de \u0219tiin\u021b\u0103 consider\u0103 c\u0103 \u00eent\u00e2lnirea noastr\u0103 cu extratere\u0219trii poate fi considerat un eveniment at\u00e2t de sigur, \u00eenc\u00e2t spun c\u0103 a sosit momentul s\u0103 ne preg\u0103tim pentru a tr\u0103i cu ei. Potrivit astrofizicianului britanic Jocelyn Bell Burnell, \u00eent\u00e2lnirea a\u0219teptat\u0103 ... Cititi mai multe","og_url":"https:\/\/www.lovendal.ro\/wp52\/un-om-de-stiinta-irlandez-crede-ca-intalnirea-cu-extraterestrii-e-iminenta-ce-am-putea-face\/","og_site_name":"Secretele lui Lovendal","article_publisher":"https:\/\/www.facebook.com\/secreteleluilovendal","article_published_time":"2022-09-24T17:55:25+00:00","og_image":[{"width":370,"height":257,"url":"https:\/\/www.lovendal.ro\/wp52\/wp-content\/uploads\/2022\/09\/extraterestri-de-pe-alta-planeta.jpg","type":"image\/jpeg"}],"author":"admin","twitter_card":"summary_large_image","twitter_misc":{"Scris de":"admin","Timp estimat pentru citire":"2 minute"},"schema":{"@context":"https:\/\/schema.org","@graph":[{"@type":"Article","@id":"https:\/\/www.lovendal.ro\/wp52\/un-om-de-stiinta-irlandez-crede-ca-intalnirea-cu-extraterestrii-e-iminenta-ce-am-putea-face\/#article","isPartOf":{"@id":"https:\/\/www.lovendal.ro\/wp52\/un-om-de-stiinta-irlandez-crede-ca-intalnirea-cu-extraterestrii-e-iminenta-ce-am-putea-face\/"},"author":{"name":"admin","@id":"https:\/\/www.lovendal.ro\/wp52\/#\/schema\/person\/088691de5dfc346bb0c023e1e52ef5d9"},"headline":"Un om de \u015ftiin\u0163\u0103 irlandez crede c\u0103 \u00eent\u00e2lnirea cu extratere\u015ftrii e iminent\u0103! Ce-am putea face?","datePublished":"2022-09-24T17:55:25+00:00","mainEntityOfPage":{"@id":"https:\/\/www.lovendal.ro\/wp52\/un-om-de-stiinta-irlandez-crede-ca-intalnirea-cu-extraterestrii-e-iminenta-ce-am-putea-face\/"},"wordCount":354,"commentCount":0,"publisher":{"@id":"https:\/\/www.lovendal.ro\/wp52\/#organization"},"image":{"@id":"https:\/\/www.lovendal.ro\/wp52\/un-om-de-stiinta-irlandez-crede-ca-intalnirea-cu-extraterestrii-e-iminenta-ce-am-putea-face\/#primaryimage"},"thumbnailUrl":"https:\/\/www.lovendal.ro\/wp52\/wp-content\/uploads\/2022\/09\/extraterestri-de-pe-alta-planeta.jpg","keywords":["America","astrofizician","atmosfer\u0103","cosmolog","Cristofor Columb","dioxid de carbon","Dublin","extratere\u015ftri","fizician","guvern","Irlanda","ozon","P\u0103m\u00e2nt","papa","Paranormal-Spiritualitate","planet\u0103","Stephen Hawking","via\u0163\u0103","viteza luminii"],"articleSection":["Paranormal-Spiritualitate"],"inLanguage":"ro-RO","potentialAction":[{"@type":"CommentAction","name":"Comment","target":["https:\/\/www.lovendal.ro\/wp52\/un-om-de-stiinta-irlandez-crede-ca-intalnirea-cu-extraterestrii-e-iminenta-ce-am-putea-face\/#respond"]}]},{"@type":"WebPage","@id":"https:\/\/www.lovendal.ro\/wp52\/un-om-de-stiinta-irlandez-crede-ca-intalnirea-cu-extraterestrii-e-iminenta-ce-am-putea-face\/","url":"https:\/\/www.lovendal.ro\/wp52\/un-om-de-stiinta-irlandez-crede-ca-intalnirea-cu-extraterestrii-e-iminenta-ce-am-putea-face\/","name":"Un om de \u015ftiin\u0163\u0103 irlandez crede c\u0103 \u00eent\u00e2lnirea cu extratere\u015ftrii e iminent\u0103! Ce-am putea face? - Secretele lui Lovendal","isPartOf":{"@id":"https:\/\/www.lovendal.ro\/wp52\/#website"},"primaryImageOfPage":{"@id":"https:\/\/www.lovendal.ro\/wp52\/un-om-de-stiinta-irlandez-crede-ca-intalnirea-cu-extraterestrii-e-iminenta-ce-am-putea-face\/#primaryimage"},"image":{"@id":"https:\/\/www.lovendal.ro\/wp52\/un-om-de-stiinta-irlandez-crede-ca-intalnirea-cu-extraterestrii-e-iminenta-ce-am-putea-face\/#primaryimage"},"thumbnailUrl":"https:\/\/www.lovendal.ro\/wp52\/wp-content\/uploads\/2022\/09\/extraterestri-de-pe-alta-planeta.jpg","datePublished":"2022-09-24T17:55:25+00:00","breadcrumb":{"@id":"https:\/\/www.lovendal.ro\/wp52\/un-om-de-stiinta-irlandez-crede-ca-intalnirea-cu-extraterestrii-e-iminenta-ce-am-putea-face\/#breadcrumb"},"inLanguage":"ro-RO","potentialAction":[{"@type":"ReadAction","target":["https:\/\/www.lovendal.ro\/wp52\/un-om-de-stiinta-irlandez-crede-ca-intalnirea-cu-extraterestrii-e-iminenta-ce-am-putea-face\/"]}]},{"@type":"ImageObject","inLanguage":"ro-RO","@id":"https:\/\/www.lovendal.ro\/wp52\/un-om-de-stiinta-irlandez-crede-ca-intalnirea-cu-extraterestrii-e-iminenta-ce-am-putea-face\/#primaryimage","url":"https:\/\/www.lovendal.ro\/wp52\/wp-content\/uploads\/2022\/09\/extraterestri-de-pe-alta-planeta.jpg","contentUrl":"https:\/\/www.lovendal.ro\/wp52\/wp-content\/uploads\/2022\/09\/extraterestri-de-pe-alta-planeta.jpg","width":370,"height":257,"caption":"Imagine: pixabay.com (Commons Creative - free)"},{"@type":"BreadcrumbList","@id":"https:\/\/www.lovendal.ro\/wp52\/un-om-de-stiinta-irlandez-crede-ca-intalnirea-cu-extraterestrii-e-iminenta-ce-am-putea-face\/#breadcrumb","itemListElement":[{"@type":"ListItem","position":1,"name":"Home","item":"https:\/\/www.lovendal.ro\/wp52\/"},{"@type":"ListItem","position":2,"name":"Un om de \u015ftiin\u0163\u0103 irlandez crede c\u0103 \u00eent\u00e2lnirea cu extratere\u015ftrii e iminent\u0103! Ce-am putea face?"}]},{"@type":"WebSite","@id":"https:\/\/www.lovendal.ro\/wp52\/#website","url":"https:\/\/www.lovendal.ro\/wp52\/","name":"Secretele lui Lovendal","description":"Site de secrete, stiinta si metafizica - din 2008 -","publisher":{"@id":"https:\/\/www.lovendal.ro\/wp52\/#organization"},"potentialAction":[{"@type":"SearchAction","target":{"@type":"EntryPoint","urlTemplate":"https:\/\/www.lovendal.ro\/wp52\/?s={search_term_string}"},"query-input":{"@type":"PropertyValueSpecification","valueRequired":true,"valueName":"search_term_string"}}],"inLanguage":"ro-RO"},{"@type":"Organization","@id":"https:\/\/www.lovendal.ro\/wp52\/#organization","name":"Secretele lui Lovendal","url":"https:\/\/www.lovendal.ro\/wp52\/","logo":{"@type":"ImageObject","inLanguage":"ro-RO","@id":"https:\/\/www.lovendal.ro\/wp52\/#\/schema\/logo\/image\/","url":"https:\/\/www.lovendal.ro\/wp52\/wp-content\/uploads\/2024\/06\/cropped-SLL-iun-2024-1.jpg","contentUrl":"https:\/\/www.lovendal.ro\/wp52\/wp-content\/uploads\/2024\/06\/cropped-SLL-iun-2024-1.jpg","width":771,"height":240,"caption":"Secretele lui Lovendal"},"image":{"@id":"https:\/\/www.lovendal.ro\/wp52\/#\/schema\/logo\/image\/"},"sameAs":["https:\/\/www.facebook.com\/secreteleluilovendal"]},{"@type":"Person","@id":"https:\/\/www.lovendal.ro\/wp52\/#\/schema\/person\/088691de5dfc346bb0c023e1e52ef5d9","name":"admin","image":{"@type":"ImageObject","inLanguage":"ro-RO","@id":"https:\/\/secure.gravatar.com\/avatar\/ecb9cd41f5f63c9c9b989999a59f6e2639a865ec361e9db054db0679a8f341c2?s=96&d=mm&r=g","url":"https:\/\/secure.gravatar.com\/avatar\/ecb9cd41f5f63c9c9b989999a59f6e2639a865ec361e9db054db0679a8f341c2?s=96&d=mm&r=g","contentUrl":"https:\/\/secure.gravatar.com\/avatar\/ecb9cd41f5f63c9c9b989999a59f6e2639a865ec361e9db054db0679a8f341c2?s=96&d=mm&r=g","caption":"admin"},"sameAs":["https:\/\/www.lovendal.ro\/wp52"]}]}},"_links":{"self":[{"href":"https:\/\/www.lovendal.ro\/wp52\/wp-json\/wp\/v2\/posts\/82830","targetHints":{"allow":["GET"]}}],"collection":[{"href":"https:\/\/www.lovendal.ro\/wp52\/wp-json\/wp\/v2\/posts"}],"about":[{"href":"https:\/\/www.lovendal.ro\/wp52\/wp-json\/wp\/v2\/types\/post"}],"author":[{"embeddable":true,"href":"https:\/\/www.lovendal.ro\/wp52\/wp-json\/wp\/v2\/users\/1"}],"replies":[{"embeddable":true,"href":"https:\/\/www.lovendal.ro\/wp52\/wp-json\/wp\/v2\/comments?post=82830"}],"version-history":[{"count":0,"href":"https:\/\/www.lovendal.ro\/wp52\/wp-json\/wp\/v2\/posts\/82830\/revisions"}],"wp:featuredmedia":[{"embeddable":true,"href":"https:\/\/www.lovendal.ro\/wp52\/wp-json\/wp\/v2\/media\/82831"}],"wp:attachment":[{"href":"https:\/\/www.lovendal.ro\/wp52\/wp-json\/wp\/v2\/media?parent=82830"}],"wp:term":[{"taxonomy":"category","embeddable":true,"href":"https:\/\/www.lovendal.ro\/wp52\/wp-json\/wp\/v2\/categories?post=82830"},{"taxonomy":"post_tag","embeddable":true,"href":"https:\/\/www.lovendal.ro\/wp52\/wp-json\/wp\/v2\/tags?post=82830"}],"curies":[{"name":"wp","href":"https:\/\/api.w.org\/{rel}","templated":true}]}}