{"id":82741,"date":"2022-09-16T11:51:08","date_gmt":"2022-09-16T08:51:08","guid":{"rendered":"https:\/\/www.lovendal.ro\/wp52\/?p=82741"},"modified":"2022-09-16T11:51:08","modified_gmt":"2022-09-16T08:51:08","slug":"in-2025-se-va-observa-pe-cerul-noptii-o-explozie-colosala-de-lumina-ca-urmare-a-ciocnirii-a-2-gauri-negre-cred-astronomii","status":"publish","type":"post","link":"https:\/\/www.lovendal.ro\/wp52\/in-2025-se-va-observa-pe-cerul-noptii-o-explozie-colosala-de-lumina-ca-urmare-a-ciocnirii-a-2-gauri-negre-cred-astronomii\/","title":{"rendered":"\u00cen 2025 se va observa pe cerul nop\u0163ii o explozie colosal\u0103 de lumin\u0103, ca urmare a ciocnirii a 2 g\u0103uri negre &#8211; cred astronomii"},"content":{"rendered":"<p><a href=\"https:\/\/www.lovendal.ro\/wp52\/wp-content\/uploads\/2022\/09\/ciocnire-gaura-neagra.jpg\"><img loading=\"lazy\" decoding=\"async\" class=\"alignleft size-full wp-image-82742\" src=\"https:\/\/www.lovendal.ro\/wp52\/wp-content\/uploads\/2022\/09\/ciocnire-gaura-neagra.jpg\" alt=\"\" width=\"357\" height=\"242\" srcset=\"https:\/\/www.lovendal.ro\/wp52\/wp-content\/uploads\/2022\/09\/ciocnire-gaura-neagra.jpg 357w, https:\/\/www.lovendal.ro\/wp52\/wp-content\/uploads\/2022\/09\/ciocnire-gaura-neagra-300x203.jpg 300w\" sizes=\"auto, (max-width: 357px) 100vw, 357px\" \/><\/a>O echip\u0103 de astronomi condus\u0103 de cercet\u0103torul An Tao, de la Observatorul Astronomic din Shanghai al Academiei Chineze de \u0218tiin\u021be a descoperit un comportament ciudat \u00eentr-o galaxie, realiz\u00e2nd c\u0103 unul dintre cele mai a\u0219teptate evenimente din astronomia modern\u0103 s-ar putea \u00eent\u00e2mpla \u00een urm\u0103torii 3 ani: ciocnirea a 2 g\u0103uri negre supermasive. O investiga\u021bie indic\u0103 faptul c\u0103 varia\u021biile luminii captate \u00een galaxia SDSS J1430+2303 sunt rezultatul momentelor anterioare coliziunii dintre 2 g\u0103uri negre supermasive.<\/p>\n<p>Exper\u021bii estimeaz\u0103 c\u0103 masa combinat\u0103 a ambelor g\u0103uri negre este de aproximativ 200 de milioane de Sori. Mai mult, ei sunt siguri c\u0103 acest eveniment va fi vizibil de pe P\u0103m\u00e2nt. De asemenea, astronomii cred c\u0103 cele dou\u0103 g\u0103uri negre se vor fuziona \u00eentr-o gaur\u0103 mult mai mare, provoc\u00e2nd o explozie de lumin\u0103. \u00cen ciuda tuturor studiilor, \u00eenc\u0103 nu se poate stabili clar c\u0103 un astfel de eveniment se va \u00eent\u00e2mpla. Dar astronomii sunt siguri c\u0103, dac\u0103 se va \u00eent\u00e2mpla, acest eveniment va avea loc \u00een anul 2025.<\/p>\n<p>Trebuie men\u021bionat faptul c\u0103 nu este prima dat\u0103 c\u00e2nd sunt detectate 2 g\u0103uri negre supermasive pe cale s\u0103 se ciocneasc\u0103. Cu toate acestea, aceast\u0103 ciocnire ar putea duce la o explozie mult mai mare. Potrivit studiului, coliziunea dintre g\u0103urile negre este iminent\u0103 \u00een termeni cosmici. Aceasta \u00eenseamn\u0103 c\u0103, \u00een loc s\u0103 ia secole a\u0219a cum se credea ini\u0163ial, se va \u00eent\u00e2mpla \u00eentr-o perioad\u0103 de cel mult 3 ani. Dar, a\u0219a cum am men\u021bionat anterior, nu este prima dat\u0103 c\u00e2nd se observ\u0103 ciocnirea a 2 g\u0103uri negre. \u00cen 2015 \u0219i datorit\u0103 m\u0103sur\u0103torilor efectuate de LIGO, oamenii de \u0219tiin\u021b\u0103 au reu\u0219it s\u0103 detecteze primele unde gravita\u021bionale generate de coliziunea a 2 g\u0103uri negre &#8211; un eveniment care a avut loc acum 1,3 miliarde de ani.<\/p>\n<p>Acest lucru a declan\u0219at o revolu\u021bie \u00een astronomie, deoarece a fost prima dat\u0103 c\u00e2nd acest tip de und\u0103 a fost capturat\u0103. Mai mult, s-a confirmat una dintre teoriile lui Albert Einstein. Dar exist\u0103 diferen\u021be \u00eentre evenimentul men\u021bionat \u0219i cel care poate avea loc \u00een urm\u0103torii 3 ani, iar acesta din urm\u0103 va fi mult mai mare. De fapt, va fi at\u00e2t de puternic \u00eenc\u00e2t poate fi v\u0103zut de pe P\u0103m\u00e2nt \u00eentr-o explozie colosal\u0103 de lumin\u0103. Oricum, exper\u021bii au declarat c\u0103 ceva foarte ciudat se \u00eent\u00e2mpl\u0103 \u00een centrul galaxiei SDSS J1430+2303. Fie c\u0103 sunt 2 g\u0103uri negre supermasive pe cale s\u0103 se ciocneasc\u0103 sau e vorba de un alt eveniment cosmic necunoscut.<\/p>\n<p><em><strong>Sursa<\/strong><\/em> (traducerea \u015fi adaptarea proprie): <a href=\"https:\/\/arxiv.org\/abs\/2208.11968\" target=\"_blank\" rel=\"noopener\"><strong>studiul \u015ftiin\u0163ific &#8222;X-ray view of a merging supermassive black hole binary candidate SDSSJ1430+2303: Results from the first ~200 days of observations&#8221; \/ arxiv.org<\/strong><\/a><\/p>\n<p>&nbsp;<\/p>\n","protected":false},"excerpt":{"rendered":"<p>O echip\u0103 de astronomi condus\u0103 de cercet\u0103torul An Tao, de la Observatorul Astronomic din Shanghai al Academiei Chineze de \u0218tiin\u021be a descoperit un comportament ciudat \u00eentr-o galaxie, realiz\u00e2nd c\u0103 unul dintre cele mai a\u0219teptate evenimente din astronomia modern\u0103 s-ar putea &#8230; <\/p>\n<p class=\"read-more-container\"><a title=\"\u00cen 2025 se va observa pe cerul nop\u0163ii o explozie colosal\u0103 de lumin\u0103, ca urmare a ciocnirii a 2 g\u0103uri negre &#8211; cred astronomii\" class=\"read-more button\" href=\"https:\/\/www.lovendal.ro\/wp52\/in-2025-se-va-observa-pe-cerul-noptii-o-explozie-colosala-de-lumina-ca-urmare-a-ciocnirii-a-2-gauri-negre-cred-astronomii\/#more-82741\" aria-label=\"Cite\u0219te mai multe despre \u00cen 2025 se va observa pe cerul nop\u0163ii o explozie colosal\u0103 de lumin\u0103, ca urmare a ciocnirii a 2 g\u0103uri negre &#8211; cred astronomii\">Cititi mai multe<\/a><\/p>\n","protected":false},"author":1,"featured_media":82742,"comment_status":"open","ping_status":"open","sticky":false,"template":"","format":"standard","meta":{"footnotes":""},"categories":[11039],"tags":[7396,102,446,610,433,596,952,10252],"class_list":["post-82741","post","type-post","status-publish","format-standard","has-post-thumbnail","hentry","category-astronomie","tag-astronomi","tag-astronomie","tag-china","tag-einstein","tag-galaxie","tag-gaura-neagra","tag-lumina","tag-sanghai","resize-featured-image"],"yoast_head":"<!-- This site is optimized with the Yoast SEO Premium plugin v23.3 (Yoast SEO v27.4) - https:\/\/yoast.com\/product\/yoast-seo-premium-wordpress\/ -->\n<title>\u00cen 2025 se va observa pe cerul nop\u0163ii o explozie colosal\u0103 de lumin\u0103, ca urmare a ciocnirii a 2 g\u0103uri negre - cred astronomii - Secretele lui Lovendal<\/title>\n<meta name=\"robots\" content=\"index, follow, max-snippet:-1, max-image-preview:large, max-video-preview:-1\" \/>\n<link rel=\"canonical\" href=\"https:\/\/www.lovendal.ro\/wp52\/in-2025-se-va-observa-pe-cerul-noptii-o-explozie-colosala-de-lumina-ca-urmare-a-ciocnirii-a-2-gauri-negre-cred-astronomii\/\" \/>\n<meta property=\"og:locale\" content=\"ro_RO\" \/>\n<meta property=\"og:type\" content=\"article\" \/>\n<meta property=\"og:title\" content=\"\u00cen 2025 se va observa pe cerul nop\u0163ii o explozie colosal\u0103 de lumin\u0103, ca urmare a ciocnirii a 2 g\u0103uri negre - cred astronomii\" \/>\n<meta property=\"og:description\" content=\"O echip\u0103 de astronomi condus\u0103 de cercet\u0103torul An Tao, de la Observatorul Astronomic din Shanghai al Academiei Chineze de \u0218tiin\u021be a descoperit un comportament ciudat \u00eentr-o galaxie, realiz\u00e2nd c\u0103 unul dintre cele mai a\u0219teptate evenimente din astronomia modern\u0103 s-ar putea ... Cititi mai multe\" \/>\n<meta property=\"og:url\" content=\"https:\/\/www.lovendal.ro\/wp52\/in-2025-se-va-observa-pe-cerul-noptii-o-explozie-colosala-de-lumina-ca-urmare-a-ciocnirii-a-2-gauri-negre-cred-astronomii\/\" \/>\n<meta property=\"og:site_name\" content=\"Secretele lui Lovendal\" \/>\n<meta property=\"article:publisher\" content=\"https:\/\/www.facebook.com\/secreteleluilovendal\" \/>\n<meta property=\"article:published_time\" content=\"2022-09-16T08:51:08+00:00\" \/>\n<meta property=\"og:image\" content=\"https:\/\/www.lovendal.ro\/wp52\/wp-content\/uploads\/2022\/09\/ciocnire-gaura-neagra.jpg\" \/>\n\t<meta property=\"og:image:width\" content=\"357\" \/>\n\t<meta property=\"og:image:height\" content=\"242\" \/>\n\t<meta property=\"og:image:type\" content=\"image\/jpeg\" \/>\n<meta name=\"author\" content=\"admin\" \/>\n<meta name=\"twitter:card\" content=\"summary_large_image\" \/>\n<meta name=\"twitter:label1\" content=\"Scris de\" \/>\n\t<meta name=\"twitter:data1\" content=\"admin\" \/>\n\t<meta name=\"twitter:label2\" content=\"Timp estimat pentru citire\" \/>\n\t<meta name=\"twitter:data2\" content=\"2 minute\" \/>\n<script type=\"application\/ld+json\" class=\"yoast-schema-graph\">{\"@context\":\"https:\\\/\\\/schema.org\",\"@graph\":[{\"@type\":\"Article\",\"@id\":\"https:\\\/\\\/www.lovendal.ro\\\/wp52\\\/in-2025-se-va-observa-pe-cerul-noptii-o-explozie-colosala-de-lumina-ca-urmare-a-ciocnirii-a-2-gauri-negre-cred-astronomii\\\/#article\",\"isPartOf\":{\"@id\":\"https:\\\/\\\/www.lovendal.ro\\\/wp52\\\/in-2025-se-va-observa-pe-cerul-noptii-o-explozie-colosala-de-lumina-ca-urmare-a-ciocnirii-a-2-gauri-negre-cred-astronomii\\\/\"},\"author\":{\"name\":\"admin\",\"@id\":\"https:\\\/\\\/www.lovendal.ro\\\/wp52\\\/#\\\/schema\\\/person\\\/088691de5dfc346bb0c023e1e52ef5d9\"},\"headline\":\"\u00cen 2025 se va observa pe cerul nop\u0163ii o explozie colosal\u0103 de lumin\u0103, ca urmare a ciocnirii a 2 g\u0103uri negre &#8211; cred astronomii\",\"datePublished\":\"2022-09-16T08:51:08+00:00\",\"mainEntityOfPage\":{\"@id\":\"https:\\\/\\\/www.lovendal.ro\\\/wp52\\\/in-2025-se-va-observa-pe-cerul-noptii-o-explozie-colosala-de-lumina-ca-urmare-a-ciocnirii-a-2-gauri-negre-cred-astronomii\\\/\"},\"wordCount\":483,\"commentCount\":0,\"publisher\":{\"@id\":\"https:\\\/\\\/www.lovendal.ro\\\/wp52\\\/#organization\"},\"image\":{\"@id\":\"https:\\\/\\\/www.lovendal.ro\\\/wp52\\\/in-2025-se-va-observa-pe-cerul-noptii-o-explozie-colosala-de-lumina-ca-urmare-a-ciocnirii-a-2-gauri-negre-cred-astronomii\\\/#primaryimage\"},\"thumbnailUrl\":\"https:\\\/\\\/www.lovendal.ro\\\/wp52\\\/wp-content\\\/uploads\\\/2022\\\/09\\\/ciocnire-gaura-neagra.jpg\",\"keywords\":[\"astronomi\",\"astronomie\",\"China\",\"Einstein\",\"galaxie\",\"gaura neagr\u0103\",\"lumin\u0103\",\"Sanghai\"],\"articleSection\":[\"Astronomie\"],\"inLanguage\":\"ro-RO\",\"potentialAction\":[{\"@type\":\"CommentAction\",\"name\":\"Comment\",\"target\":[\"https:\\\/\\\/www.lovendal.ro\\\/wp52\\\/in-2025-se-va-observa-pe-cerul-noptii-o-explozie-colosala-de-lumina-ca-urmare-a-ciocnirii-a-2-gauri-negre-cred-astronomii\\\/#respond\"]}]},{\"@type\":\"WebPage\",\"@id\":\"https:\\\/\\\/www.lovendal.ro\\\/wp52\\\/in-2025-se-va-observa-pe-cerul-noptii-o-explozie-colosala-de-lumina-ca-urmare-a-ciocnirii-a-2-gauri-negre-cred-astronomii\\\/\",\"url\":\"https:\\\/\\\/www.lovendal.ro\\\/wp52\\\/in-2025-se-va-observa-pe-cerul-noptii-o-explozie-colosala-de-lumina-ca-urmare-a-ciocnirii-a-2-gauri-negre-cred-astronomii\\\/\",\"name\":\"\u00cen 2025 se va observa pe cerul nop\u0163ii o explozie colosal\u0103 de lumin\u0103, ca urmare a ciocnirii a 2 g\u0103uri negre - cred astronomii - Secretele lui Lovendal\",\"isPartOf\":{\"@id\":\"https:\\\/\\\/www.lovendal.ro\\\/wp52\\\/#website\"},\"primaryImageOfPage\":{\"@id\":\"https:\\\/\\\/www.lovendal.ro\\\/wp52\\\/in-2025-se-va-observa-pe-cerul-noptii-o-explozie-colosala-de-lumina-ca-urmare-a-ciocnirii-a-2-gauri-negre-cred-astronomii\\\/#primaryimage\"},\"image\":{\"@id\":\"https:\\\/\\\/www.lovendal.ro\\\/wp52\\\/in-2025-se-va-observa-pe-cerul-noptii-o-explozie-colosala-de-lumina-ca-urmare-a-ciocnirii-a-2-gauri-negre-cred-astronomii\\\/#primaryimage\"},\"thumbnailUrl\":\"https:\\\/\\\/www.lovendal.ro\\\/wp52\\\/wp-content\\\/uploads\\\/2022\\\/09\\\/ciocnire-gaura-neagra.jpg\",\"datePublished\":\"2022-09-16T08:51:08+00:00\",\"breadcrumb\":{\"@id\":\"https:\\\/\\\/www.lovendal.ro\\\/wp52\\\/in-2025-se-va-observa-pe-cerul-noptii-o-explozie-colosala-de-lumina-ca-urmare-a-ciocnirii-a-2-gauri-negre-cred-astronomii\\\/#breadcrumb\"},\"inLanguage\":\"ro-RO\",\"potentialAction\":[{\"@type\":\"ReadAction\",\"target\":[\"https:\\\/\\\/www.lovendal.ro\\\/wp52\\\/in-2025-se-va-observa-pe-cerul-noptii-o-explozie-colosala-de-lumina-ca-urmare-a-ciocnirii-a-2-gauri-negre-cred-astronomii\\\/\"]}]},{\"@type\":\"ImageObject\",\"inLanguage\":\"ro-RO\",\"@id\":\"https:\\\/\\\/www.lovendal.ro\\\/wp52\\\/in-2025-se-va-observa-pe-cerul-noptii-o-explozie-colosala-de-lumina-ca-urmare-a-ciocnirii-a-2-gauri-negre-cred-astronomii\\\/#primaryimage\",\"url\":\"https:\\\/\\\/www.lovendal.ro\\\/wp52\\\/wp-content\\\/uploads\\\/2022\\\/09\\\/ciocnire-gaura-neagra.jpg\",\"contentUrl\":\"https:\\\/\\\/www.lovendal.ro\\\/wp52\\\/wp-content\\\/uploads\\\/2022\\\/09\\\/ciocnire-gaura-neagra.jpg\",\"width\":357,\"height\":242},{\"@type\":\"BreadcrumbList\",\"@id\":\"https:\\\/\\\/www.lovendal.ro\\\/wp52\\\/in-2025-se-va-observa-pe-cerul-noptii-o-explozie-colosala-de-lumina-ca-urmare-a-ciocnirii-a-2-gauri-negre-cred-astronomii\\\/#breadcrumb\",\"itemListElement\":[{\"@type\":\"ListItem\",\"position\":1,\"name\":\"Home\",\"item\":\"https:\\\/\\\/www.lovendal.ro\\\/wp52\\\/\"},{\"@type\":\"ListItem\",\"position\":2,\"name\":\"\u00cen 2025 se va observa pe cerul nop\u0163ii o explozie colosal\u0103 de lumin\u0103, ca urmare a ciocnirii a 2 g\u0103uri negre &#8211; cred astronomii\"}]},{\"@type\":\"WebSite\",\"@id\":\"https:\\\/\\\/www.lovendal.ro\\\/wp52\\\/#website\",\"url\":\"https:\\\/\\\/www.lovendal.ro\\\/wp52\\\/\",\"name\":\"Secretele lui Lovendal\",\"description\":\"Site de secrete, stiinta si metafizica - din 2008 -\",\"publisher\":{\"@id\":\"https:\\\/\\\/www.lovendal.ro\\\/wp52\\\/#organization\"},\"potentialAction\":[{\"@type\":\"SearchAction\",\"target\":{\"@type\":\"EntryPoint\",\"urlTemplate\":\"https:\\\/\\\/www.lovendal.ro\\\/wp52\\\/?s={search_term_string}\"},\"query-input\":{\"@type\":\"PropertyValueSpecification\",\"valueRequired\":true,\"valueName\":\"search_term_string\"}}],\"inLanguage\":\"ro-RO\"},{\"@type\":\"Organization\",\"@id\":\"https:\\\/\\\/www.lovendal.ro\\\/wp52\\\/#organization\",\"name\":\"Secretele lui Lovendal\",\"url\":\"https:\\\/\\\/www.lovendal.ro\\\/wp52\\\/\",\"logo\":{\"@type\":\"ImageObject\",\"inLanguage\":\"ro-RO\",\"@id\":\"https:\\\/\\\/www.lovendal.ro\\\/wp52\\\/#\\\/schema\\\/logo\\\/image\\\/\",\"url\":\"https:\\\/\\\/www.lovendal.ro\\\/wp52\\\/wp-content\\\/uploads\\\/2024\\\/06\\\/cropped-SLL-iun-2024-1.jpg\",\"contentUrl\":\"https:\\\/\\\/www.lovendal.ro\\\/wp52\\\/wp-content\\\/uploads\\\/2024\\\/06\\\/cropped-SLL-iun-2024-1.jpg\",\"width\":771,\"height\":240,\"caption\":\"Secretele lui Lovendal\"},\"image\":{\"@id\":\"https:\\\/\\\/www.lovendal.ro\\\/wp52\\\/#\\\/schema\\\/logo\\\/image\\\/\"},\"sameAs\":[\"https:\\\/\\\/www.facebook.com\\\/secreteleluilovendal\"]},{\"@type\":\"Person\",\"@id\":\"https:\\\/\\\/www.lovendal.ro\\\/wp52\\\/#\\\/schema\\\/person\\\/088691de5dfc346bb0c023e1e52ef5d9\",\"name\":\"admin\",\"image\":{\"@type\":\"ImageObject\",\"inLanguage\":\"ro-RO\",\"@id\":\"https:\\\/\\\/secure.gravatar.com\\\/avatar\\\/ecb9cd41f5f63c9c9b989999a59f6e2639a865ec361e9db054db0679a8f341c2?s=96&d=mm&r=g\",\"url\":\"https:\\\/\\\/secure.gravatar.com\\\/avatar\\\/ecb9cd41f5f63c9c9b989999a59f6e2639a865ec361e9db054db0679a8f341c2?s=96&d=mm&r=g\",\"contentUrl\":\"https:\\\/\\\/secure.gravatar.com\\\/avatar\\\/ecb9cd41f5f63c9c9b989999a59f6e2639a865ec361e9db054db0679a8f341c2?s=96&d=mm&r=g\",\"caption\":\"admin\"},\"sameAs\":[\"https:\\\/\\\/www.lovendal.ro\\\/wp52\"]}]}<\/script>\n<!-- \/ Yoast SEO Premium plugin. -->","yoast_head_json":{"title":"\u00cen 2025 se va observa pe cerul nop\u0163ii o explozie colosal\u0103 de lumin\u0103, ca urmare a ciocnirii a 2 g\u0103uri negre - cred astronomii - Secretele lui Lovendal","robots":{"index":"index","follow":"follow","max-snippet":"max-snippet:-1","max-image-preview":"max-image-preview:large","max-video-preview":"max-video-preview:-1"},"canonical":"https:\/\/www.lovendal.ro\/wp52\/in-2025-se-va-observa-pe-cerul-noptii-o-explozie-colosala-de-lumina-ca-urmare-a-ciocnirii-a-2-gauri-negre-cred-astronomii\/","og_locale":"ro_RO","og_type":"article","og_title":"\u00cen 2025 se va observa pe cerul nop\u0163ii o explozie colosal\u0103 de lumin\u0103, ca urmare a ciocnirii a 2 g\u0103uri negre - cred astronomii","og_description":"O echip\u0103 de astronomi condus\u0103 de cercet\u0103torul An Tao, de la Observatorul Astronomic din Shanghai al Academiei Chineze de \u0218tiin\u021be a descoperit un comportament ciudat \u00eentr-o galaxie, realiz\u00e2nd c\u0103 unul dintre cele mai a\u0219teptate evenimente din astronomia modern\u0103 s-ar putea ... Cititi mai multe","og_url":"https:\/\/www.lovendal.ro\/wp52\/in-2025-se-va-observa-pe-cerul-noptii-o-explozie-colosala-de-lumina-ca-urmare-a-ciocnirii-a-2-gauri-negre-cred-astronomii\/","og_site_name":"Secretele lui Lovendal","article_publisher":"https:\/\/www.facebook.com\/secreteleluilovendal","article_published_time":"2022-09-16T08:51:08+00:00","og_image":[{"width":357,"height":242,"url":"https:\/\/www.lovendal.ro\/wp52\/wp-content\/uploads\/2022\/09\/ciocnire-gaura-neagra.jpg","type":"image\/jpeg"}],"author":"admin","twitter_card":"summary_large_image","twitter_misc":{"Scris de":"admin","Timp estimat pentru citire":"2 minute"},"schema":{"@context":"https:\/\/schema.org","@graph":[{"@type":"Article","@id":"https:\/\/www.lovendal.ro\/wp52\/in-2025-se-va-observa-pe-cerul-noptii-o-explozie-colosala-de-lumina-ca-urmare-a-ciocnirii-a-2-gauri-negre-cred-astronomii\/#article","isPartOf":{"@id":"https:\/\/www.lovendal.ro\/wp52\/in-2025-se-va-observa-pe-cerul-noptii-o-explozie-colosala-de-lumina-ca-urmare-a-ciocnirii-a-2-gauri-negre-cred-astronomii\/"},"author":{"name":"admin","@id":"https:\/\/www.lovendal.ro\/wp52\/#\/schema\/person\/088691de5dfc346bb0c023e1e52ef5d9"},"headline":"\u00cen 2025 se va observa pe cerul nop\u0163ii o explozie colosal\u0103 de lumin\u0103, ca urmare a ciocnirii a 2 g\u0103uri negre &#8211; cred astronomii","datePublished":"2022-09-16T08:51:08+00:00","mainEntityOfPage":{"@id":"https:\/\/www.lovendal.ro\/wp52\/in-2025-se-va-observa-pe-cerul-noptii-o-explozie-colosala-de-lumina-ca-urmare-a-ciocnirii-a-2-gauri-negre-cred-astronomii\/"},"wordCount":483,"commentCount":0,"publisher":{"@id":"https:\/\/www.lovendal.ro\/wp52\/#organization"},"image":{"@id":"https:\/\/www.lovendal.ro\/wp52\/in-2025-se-va-observa-pe-cerul-noptii-o-explozie-colosala-de-lumina-ca-urmare-a-ciocnirii-a-2-gauri-negre-cred-astronomii\/#primaryimage"},"thumbnailUrl":"https:\/\/www.lovendal.ro\/wp52\/wp-content\/uploads\/2022\/09\/ciocnire-gaura-neagra.jpg","keywords":["astronomi","astronomie","China","Einstein","galaxie","gaura neagr\u0103","lumin\u0103","Sanghai"],"articleSection":["Astronomie"],"inLanguage":"ro-RO","potentialAction":[{"@type":"CommentAction","name":"Comment","target":["https:\/\/www.lovendal.ro\/wp52\/in-2025-se-va-observa-pe-cerul-noptii-o-explozie-colosala-de-lumina-ca-urmare-a-ciocnirii-a-2-gauri-negre-cred-astronomii\/#respond"]}]},{"@type":"WebPage","@id":"https:\/\/www.lovendal.ro\/wp52\/in-2025-se-va-observa-pe-cerul-noptii-o-explozie-colosala-de-lumina-ca-urmare-a-ciocnirii-a-2-gauri-negre-cred-astronomii\/","url":"https:\/\/www.lovendal.ro\/wp52\/in-2025-se-va-observa-pe-cerul-noptii-o-explozie-colosala-de-lumina-ca-urmare-a-ciocnirii-a-2-gauri-negre-cred-astronomii\/","name":"\u00cen 2025 se va observa pe cerul nop\u0163ii o explozie colosal\u0103 de lumin\u0103, ca urmare a ciocnirii a 2 g\u0103uri negre - cred astronomii - Secretele lui Lovendal","isPartOf":{"@id":"https:\/\/www.lovendal.ro\/wp52\/#website"},"primaryImageOfPage":{"@id":"https:\/\/www.lovendal.ro\/wp52\/in-2025-se-va-observa-pe-cerul-noptii-o-explozie-colosala-de-lumina-ca-urmare-a-ciocnirii-a-2-gauri-negre-cred-astronomii\/#primaryimage"},"image":{"@id":"https:\/\/www.lovendal.ro\/wp52\/in-2025-se-va-observa-pe-cerul-noptii-o-explozie-colosala-de-lumina-ca-urmare-a-ciocnirii-a-2-gauri-negre-cred-astronomii\/#primaryimage"},"thumbnailUrl":"https:\/\/www.lovendal.ro\/wp52\/wp-content\/uploads\/2022\/09\/ciocnire-gaura-neagra.jpg","datePublished":"2022-09-16T08:51:08+00:00","breadcrumb":{"@id":"https:\/\/www.lovendal.ro\/wp52\/in-2025-se-va-observa-pe-cerul-noptii-o-explozie-colosala-de-lumina-ca-urmare-a-ciocnirii-a-2-gauri-negre-cred-astronomii\/#breadcrumb"},"inLanguage":"ro-RO","potentialAction":[{"@type":"ReadAction","target":["https:\/\/www.lovendal.ro\/wp52\/in-2025-se-va-observa-pe-cerul-noptii-o-explozie-colosala-de-lumina-ca-urmare-a-ciocnirii-a-2-gauri-negre-cred-astronomii\/"]}]},{"@type":"ImageObject","inLanguage":"ro-RO","@id":"https:\/\/www.lovendal.ro\/wp52\/in-2025-se-va-observa-pe-cerul-noptii-o-explozie-colosala-de-lumina-ca-urmare-a-ciocnirii-a-2-gauri-negre-cred-astronomii\/#primaryimage","url":"https:\/\/www.lovendal.ro\/wp52\/wp-content\/uploads\/2022\/09\/ciocnire-gaura-neagra.jpg","contentUrl":"https:\/\/www.lovendal.ro\/wp52\/wp-content\/uploads\/2022\/09\/ciocnire-gaura-neagra.jpg","width":357,"height":242},{"@type":"BreadcrumbList","@id":"https:\/\/www.lovendal.ro\/wp52\/in-2025-se-va-observa-pe-cerul-noptii-o-explozie-colosala-de-lumina-ca-urmare-a-ciocnirii-a-2-gauri-negre-cred-astronomii\/#breadcrumb","itemListElement":[{"@type":"ListItem","position":1,"name":"Home","item":"https:\/\/www.lovendal.ro\/wp52\/"},{"@type":"ListItem","position":2,"name":"\u00cen 2025 se va observa pe cerul nop\u0163ii o explozie colosal\u0103 de lumin\u0103, ca urmare a ciocnirii a 2 g\u0103uri negre &#8211; cred astronomii"}]},{"@type":"WebSite","@id":"https:\/\/www.lovendal.ro\/wp52\/#website","url":"https:\/\/www.lovendal.ro\/wp52\/","name":"Secretele lui Lovendal","description":"Site de secrete, stiinta si metafizica - din 2008 -","publisher":{"@id":"https:\/\/www.lovendal.ro\/wp52\/#organization"},"potentialAction":[{"@type":"SearchAction","target":{"@type":"EntryPoint","urlTemplate":"https:\/\/www.lovendal.ro\/wp52\/?s={search_term_string}"},"query-input":{"@type":"PropertyValueSpecification","valueRequired":true,"valueName":"search_term_string"}}],"inLanguage":"ro-RO"},{"@type":"Organization","@id":"https:\/\/www.lovendal.ro\/wp52\/#organization","name":"Secretele lui Lovendal","url":"https:\/\/www.lovendal.ro\/wp52\/","logo":{"@type":"ImageObject","inLanguage":"ro-RO","@id":"https:\/\/www.lovendal.ro\/wp52\/#\/schema\/logo\/image\/","url":"https:\/\/www.lovendal.ro\/wp52\/wp-content\/uploads\/2024\/06\/cropped-SLL-iun-2024-1.jpg","contentUrl":"https:\/\/www.lovendal.ro\/wp52\/wp-content\/uploads\/2024\/06\/cropped-SLL-iun-2024-1.jpg","width":771,"height":240,"caption":"Secretele lui Lovendal"},"image":{"@id":"https:\/\/www.lovendal.ro\/wp52\/#\/schema\/logo\/image\/"},"sameAs":["https:\/\/www.facebook.com\/secreteleluilovendal"]},{"@type":"Person","@id":"https:\/\/www.lovendal.ro\/wp52\/#\/schema\/person\/088691de5dfc346bb0c023e1e52ef5d9","name":"admin","image":{"@type":"ImageObject","inLanguage":"ro-RO","@id":"https:\/\/secure.gravatar.com\/avatar\/ecb9cd41f5f63c9c9b989999a59f6e2639a865ec361e9db054db0679a8f341c2?s=96&d=mm&r=g","url":"https:\/\/secure.gravatar.com\/avatar\/ecb9cd41f5f63c9c9b989999a59f6e2639a865ec361e9db054db0679a8f341c2?s=96&d=mm&r=g","contentUrl":"https:\/\/secure.gravatar.com\/avatar\/ecb9cd41f5f63c9c9b989999a59f6e2639a865ec361e9db054db0679a8f341c2?s=96&d=mm&r=g","caption":"admin"},"sameAs":["https:\/\/www.lovendal.ro\/wp52"]}]}},"_links":{"self":[{"href":"https:\/\/www.lovendal.ro\/wp52\/wp-json\/wp\/v2\/posts\/82741","targetHints":{"allow":["GET"]}}],"collection":[{"href":"https:\/\/www.lovendal.ro\/wp52\/wp-json\/wp\/v2\/posts"}],"about":[{"href":"https:\/\/www.lovendal.ro\/wp52\/wp-json\/wp\/v2\/types\/post"}],"author":[{"embeddable":true,"href":"https:\/\/www.lovendal.ro\/wp52\/wp-json\/wp\/v2\/users\/1"}],"replies":[{"embeddable":true,"href":"https:\/\/www.lovendal.ro\/wp52\/wp-json\/wp\/v2\/comments?post=82741"}],"version-history":[{"count":0,"href":"https:\/\/www.lovendal.ro\/wp52\/wp-json\/wp\/v2\/posts\/82741\/revisions"}],"wp:featuredmedia":[{"embeddable":true,"href":"https:\/\/www.lovendal.ro\/wp52\/wp-json\/wp\/v2\/media\/82742"}],"wp:attachment":[{"href":"https:\/\/www.lovendal.ro\/wp52\/wp-json\/wp\/v2\/media?parent=82741"}],"wp:term":[{"taxonomy":"category","embeddable":true,"href":"https:\/\/www.lovendal.ro\/wp52\/wp-json\/wp\/v2\/categories?post=82741"},{"taxonomy":"post_tag","embeddable":true,"href":"https:\/\/www.lovendal.ro\/wp52\/wp-json\/wp\/v2\/tags?post=82741"}],"curies":[{"name":"wp","href":"https:\/\/api.w.org\/{rel}","templated":true}]}}