{"id":82582,"date":"2022-09-02T23:24:04","date_gmt":"2022-09-02T20:24:04","guid":{"rendered":"https:\/\/www.lovendal.ro\/wp52\/?p=82582"},"modified":"2022-09-02T23:24:04","modified_gmt":"2022-09-02T20:24:04","slug":"incredibil-acest-barbat-n-a-mai-dormit-deloc-timp-de-28-de-ani-dupa-ce-a-fost-lovit-cu-un-glont-in-cap","status":"publish","type":"post","link":"https:\/\/www.lovendal.ro\/wp52\/incredibil-acest-barbat-n-a-mai-dormit-deloc-timp-de-28-de-ani-dupa-ce-a-fost-lovit-cu-un-glont-in-cap\/","title":{"rendered":"Incredibil! Acest b\u0103rbat n-a mai dormit deloc timp de 28 de ani, dup\u0103 ce-a fost lovit cu un glon\u0163 \u00een cap&#8230;"},"content":{"rendered":"<p><a href=\"https:\/\/www.lovendal.ro\/wp52\/wp-content\/uploads\/2022\/09\/Paul-Kern.jpg\"><img loading=\"lazy\" decoding=\"async\" class=\"alignleft size-full wp-image-82583\" src=\"https:\/\/www.lovendal.ro\/wp52\/wp-content\/uploads\/2022\/09\/Paul-Kern.jpg\" alt=\"\" width=\"371\" height=\"335\" srcset=\"https:\/\/www.lovendal.ro\/wp52\/wp-content\/uploads\/2022\/09\/Paul-Kern.jpg 371w, https:\/\/www.lovendal.ro\/wp52\/wp-content\/uploads\/2022\/09\/Paul-Kern-300x271.jpg 300w\" sizes=\"auto, (max-width: 371px) 100vw, 371px\" \/><\/a>\u00cen luna iunie 1915, un b\u0103rbat ungur pe nume Paul Kern era comandantul unui regiment, aproape de grani\u0163a rus\u0103. \u00centr-o zi, el prime\u015fte ordinul s\u0103 conduc\u0103 un atac contra tran\u015feelor ce se g\u0103seau \u00een fa\u0163a lor. La c\u0103derea nop\u0163ii, el porne\u015fte la atac \u00eenso\u0163it de c\u00e2teva sute de oameni. Sosi\u0163i \u00een fa\u0163a tran\u015feelor inamice, ei fur\u0103 primi\u0163i de o ploaie de gloan\u0163e de mitralier\u0103. Paul sim\u0163i o lovitur\u0103 puternic\u0103 \u00een cap, dup\u0103 care a intrat \u00een com\u0103. El nu se trezi dec\u00e2t dup\u0103 3 s\u0103pt\u0103m\u00e2ni mai t\u00e2rziu, \u00eentr-un spital din Lemberg. \u015ei dormise pentru ultima oar\u0103&#8230;<\/p>\n<p>Iat\u0103 ce povestea domnul Kern, \u00eentr-un interviu din 1933:<\/p>\n<p><em>&#8222;- Am g\u0103sit natural s\u0103 nu dorm cele 3 sau 4 zile care urmar\u0103 trezirii mele. M\u0103 durea grozav capul. Suferin\u0163ele mele fur\u0103 nespuse (&#8230;) Durerile \u00eencetar\u0103 peste c\u00e2teva s\u0103pt\u0103m\u00e2ni, dar somnul nu mi-a mai revenit niciodat\u0103&#8230; \u015ei de atunci nu dorm, nu pot s\u0103 m\u0103 culc, c\u0103ci nu e nimic mai groaznic dec\u00e2t s\u0103 te afli \u00eentr-un pat \u015fi s\u0103 nu dormi. Am consultat pe cei mai buni neurologi, am luat somnifere &#8211; nimic, nimic n-a putut s\u0103 m\u0103 vindece&#8230; <\/em><\/p>\n<p><em>&#8211; Eram paralizat, nu puteam s\u0103 lucrez, credeam c\u0103 peste c\u00e2teva s\u0103pt\u0103m\u00e2ni voi muri&#8230; So\u0163ia mea m\u0103 p\u0103r\u0103si, c\u0103ci noaptea m\u0103 plimbam prin apartament, \u015fi apoi s\u0103rmana femeie era nemul\u0163umit\u0103 de publicitatea ce mi se f\u0103cea, de parc\u0103 a\u015f fi fost un animal curios. Fotografia mea ap\u0103ru \u00een toate revistele medicale, \u00eensotite de articole scrise de medicii cei mai de seam\u0103 din Europa Central\u0103. Trebuie s\u0103 v\u0103 spun c\u0103 profesorul Freud m-a chemat la el \u015fi c-am fost invitat la Institutul Rockefeller din Statele Unite. <\/em><\/p>\n<p><em>&#8211; Glon\u0163ul din capul meu mi-a distrus centrul somnului; at\u00e2t timp c\u00e2t cazul meu n-a fost cunoscut, savan\u0163ii nu b\u0103nuiau c\u0103 exista un astfel de centru. <\/em><\/p>\n<p><em>&#8211; Adesea sunt foarte obosit. Dup\u0103 ce lucrez ore \u00een \u015fir, vine un moment c\u00e2nd nu mai pot&#8230; Simt dureri ascu\u0163ite \u00een bra\u0163e \u015fi \u00een picioare, confund cuvintele, expresiile, \u015fi \u00eemi curg lacrimi din ochi. Atunci m\u0103 \u00eentind pe un pat \u015fi-mi pun pe nas ochelari negri. Trebuie ca ochii mei s\u0103 ia repaos; nu pot s\u0103-i \u00eenchid c\u0103ci aceasta m\u0103 face foarte nervos.<\/em><\/p>\n<p><em>&#8211; Nici s\u0103 casc nu pot, de\u015fi o doresc adesea. \u00cemi place s\u0103 petrec, c\u0103ci g\u0103sesc c\u0103 via\u0163a este scurt\u0103, chiar pentru cineva care tr\u0103ie\u015fte 24 ore pe zi, ca mine. Dac\u0103 a\u015f putea g\u0103si o fat\u0103 care s\u0103 vrea s\u0103 se c\u0103s\u0103toreasc\u0103 cu mine&#8230; C\u0103ci, crede\u0163i-m\u0103, a pierde nu-i nimic, dar singur\u0103tatea e ceea ce m\u0103 omoar\u0103!&#8221;<\/em><\/p>\n<p>Precum spuneam&#8230; interviul acesta e din anul 1933. Paul a mai tr\u0103it 10 ani (a murit \u00een 1943), timp \u00een care, la fel, n-a mai putut dormi. A\u015fadar, \u00een total, 28 de ani de nesomn!<\/p>\n","protected":false},"excerpt":{"rendered":"<p>\u00cen luna iunie 1915, un b\u0103rbat ungur pe nume Paul Kern era comandantul unui regiment, aproape de grani\u0163a rus\u0103. \u00centr-o zi, el prime\u015fte ordinul s\u0103 conduc\u0103 un atac contra tran\u015feelor ce se g\u0103seau \u00een fa\u0163a lor. La c\u0103derea nop\u0163ii, el &#8230; <\/p>\n<p class=\"read-more-container\"><a title=\"Incredibil! Acest b\u0103rbat n-a mai dormit deloc timp de 28 de ani, dup\u0103 ce-a fost lovit cu un glon\u0163 \u00een cap&#8230;\" class=\"read-more button\" href=\"https:\/\/www.lovendal.ro\/wp52\/incredibil-acest-barbat-n-a-mai-dormit-deloc-timp-de-28-de-ani-dupa-ce-a-fost-lovit-cu-un-glont-in-cap\/#more-82582\" aria-label=\"Cite\u0219te mai multe despre Incredibil! Acest b\u0103rbat n-a mai dormit deloc timp de 28 de ani, dup\u0103 ce-a fost lovit cu un glon\u0163 \u00een cap&#8230;\">Cititi mai multe<\/a><\/p>\n","protected":false},"author":1,"featured_media":82583,"comment_status":"open","ping_status":"open","sticky":false,"template":"","format":"standard","meta":{"footnotes":""},"categories":[1852],"tags":[1398,4783,1031,15,2181,8426,9809,4823,3763,1045,8992,2399,166,2364,925,17863,512],"class_list":["post-82582","post","type-post","status-publish","format-standard","has-post-thumbnail","hentry","category-incredibil","tag-cap","tag-coma","tag-durere","tag-fotografie","tag-freud","tag-gloante","tag-incredibil","tag-interviu","tag-medic","tag-nas","tag-neurolog","tag-ochelari","tag-ochi","tag-revista","tag-somn","tag-somnifer","tag-spital","resize-featured-image"],"yoast_head":"<!-- This site is optimized with the Yoast SEO Premium plugin v23.3 (Yoast SEO v27.4) - https:\/\/yoast.com\/product\/yoast-seo-premium-wordpress\/ -->\n<title>Incredibil! Acest b\u0103rbat n-a mai dormit deloc timp de 28 de ani, dup\u0103 ce-a fost lovit cu un glon\u0163 \u00een cap... - Secretele lui Lovendal<\/title>\n<meta name=\"robots\" content=\"index, follow, max-snippet:-1, max-image-preview:large, max-video-preview:-1\" \/>\n<link rel=\"canonical\" href=\"https:\/\/www.lovendal.ro\/wp52\/incredibil-acest-barbat-n-a-mai-dormit-deloc-timp-de-28-de-ani-dupa-ce-a-fost-lovit-cu-un-glont-in-cap\/\" \/>\n<meta property=\"og:locale\" content=\"ro_RO\" \/>\n<meta property=\"og:type\" content=\"article\" \/>\n<meta property=\"og:title\" content=\"Incredibil! Acest b\u0103rbat n-a mai dormit deloc timp de 28 de ani, dup\u0103 ce-a fost lovit cu un glon\u0163 \u00een cap...\" \/>\n<meta property=\"og:description\" content=\"\u00cen luna iunie 1915, un b\u0103rbat ungur pe nume Paul Kern era comandantul unui regiment, aproape de grani\u0163a rus\u0103. \u00centr-o zi, el prime\u015fte ordinul s\u0103 conduc\u0103 un atac contra tran\u015feelor ce se g\u0103seau \u00een fa\u0163a lor. La c\u0103derea nop\u0163ii, el ... Cititi mai multe\" \/>\n<meta property=\"og:url\" content=\"https:\/\/www.lovendal.ro\/wp52\/incredibil-acest-barbat-n-a-mai-dormit-deloc-timp-de-28-de-ani-dupa-ce-a-fost-lovit-cu-un-glont-in-cap\/\" \/>\n<meta property=\"og:site_name\" content=\"Secretele lui Lovendal\" \/>\n<meta property=\"article:publisher\" content=\"https:\/\/www.facebook.com\/secreteleluilovendal\" \/>\n<meta property=\"article:published_time\" content=\"2022-09-02T20:24:04+00:00\" \/>\n<meta property=\"og:image\" content=\"https:\/\/www.lovendal.ro\/wp52\/wp-content\/uploads\/2022\/09\/Paul-Kern.jpg\" \/>\n\t<meta property=\"og:image:width\" content=\"371\" \/>\n\t<meta property=\"og:image:height\" content=\"335\" \/>\n\t<meta property=\"og:image:type\" content=\"image\/jpeg\" \/>\n<meta name=\"author\" content=\"admin\" \/>\n<meta name=\"twitter:card\" content=\"summary_large_image\" \/>\n<meta name=\"twitter:label1\" content=\"Scris de\" \/>\n\t<meta name=\"twitter:data1\" content=\"admin\" \/>\n\t<meta name=\"twitter:label2\" content=\"Timp estimat pentru citire\" \/>\n\t<meta name=\"twitter:data2\" content=\"3 minute\" \/>\n<script type=\"application\/ld+json\" class=\"yoast-schema-graph\">{\"@context\":\"https:\\\/\\\/schema.org\",\"@graph\":[{\"@type\":\"Article\",\"@id\":\"https:\\\/\\\/www.lovendal.ro\\\/wp52\\\/incredibil-acest-barbat-n-a-mai-dormit-deloc-timp-de-28-de-ani-dupa-ce-a-fost-lovit-cu-un-glont-in-cap\\\/#article\",\"isPartOf\":{\"@id\":\"https:\\\/\\\/www.lovendal.ro\\\/wp52\\\/incredibil-acest-barbat-n-a-mai-dormit-deloc-timp-de-28-de-ani-dupa-ce-a-fost-lovit-cu-un-glont-in-cap\\\/\"},\"author\":{\"name\":\"admin\",\"@id\":\"https:\\\/\\\/www.lovendal.ro\\\/wp52\\\/#\\\/schema\\\/person\\\/088691de5dfc346bb0c023e1e52ef5d9\"},\"headline\":\"Incredibil! Acest b\u0103rbat n-a mai dormit deloc timp de 28 de ani, dup\u0103 ce-a fost lovit cu un glon\u0163 \u00een cap&#8230;\",\"datePublished\":\"2022-09-02T20:24:04+00:00\",\"mainEntityOfPage\":{\"@id\":\"https:\\\/\\\/www.lovendal.ro\\\/wp52\\\/incredibil-acest-barbat-n-a-mai-dormit-deloc-timp-de-28-de-ani-dupa-ce-a-fost-lovit-cu-un-glont-in-cap\\\/\"},\"wordCount\":530,\"commentCount\":0,\"publisher\":{\"@id\":\"https:\\\/\\\/www.lovendal.ro\\\/wp52\\\/#organization\"},\"image\":{\"@id\":\"https:\\\/\\\/www.lovendal.ro\\\/wp52\\\/incredibil-acest-barbat-n-a-mai-dormit-deloc-timp-de-28-de-ani-dupa-ce-a-fost-lovit-cu-un-glont-in-cap\\\/#primaryimage\"},\"thumbnailUrl\":\"https:\\\/\\\/www.lovendal.ro\\\/wp52\\\/wp-content\\\/uploads\\\/2022\\\/09\\\/Paul-Kern.jpg\",\"keywords\":[\"cap\",\"com\u0103\",\"durere\",\"fotografie\",\"Freud\",\"gloan\u0163e\",\"Incredibil!\",\"interviu\",\"medic\",\"nas\",\"neurolog\",\"ochelari\",\"ochi\",\"revist\u0103\",\"somn\",\"somnifer\",\"spital\"],\"articleSection\":[\"Incredibil!\"],\"inLanguage\":\"ro-RO\",\"potentialAction\":[{\"@type\":\"CommentAction\",\"name\":\"Comment\",\"target\":[\"https:\\\/\\\/www.lovendal.ro\\\/wp52\\\/incredibil-acest-barbat-n-a-mai-dormit-deloc-timp-de-28-de-ani-dupa-ce-a-fost-lovit-cu-un-glont-in-cap\\\/#respond\"]}]},{\"@type\":\"WebPage\",\"@id\":\"https:\\\/\\\/www.lovendal.ro\\\/wp52\\\/incredibil-acest-barbat-n-a-mai-dormit-deloc-timp-de-28-de-ani-dupa-ce-a-fost-lovit-cu-un-glont-in-cap\\\/\",\"url\":\"https:\\\/\\\/www.lovendal.ro\\\/wp52\\\/incredibil-acest-barbat-n-a-mai-dormit-deloc-timp-de-28-de-ani-dupa-ce-a-fost-lovit-cu-un-glont-in-cap\\\/\",\"name\":\"Incredibil! Acest b\u0103rbat n-a mai dormit deloc timp de 28 de ani, dup\u0103 ce-a fost lovit cu un glon\u0163 \u00een cap... - Secretele lui Lovendal\",\"isPartOf\":{\"@id\":\"https:\\\/\\\/www.lovendal.ro\\\/wp52\\\/#website\"},\"primaryImageOfPage\":{\"@id\":\"https:\\\/\\\/www.lovendal.ro\\\/wp52\\\/incredibil-acest-barbat-n-a-mai-dormit-deloc-timp-de-28-de-ani-dupa-ce-a-fost-lovit-cu-un-glont-in-cap\\\/#primaryimage\"},\"image\":{\"@id\":\"https:\\\/\\\/www.lovendal.ro\\\/wp52\\\/incredibil-acest-barbat-n-a-mai-dormit-deloc-timp-de-28-de-ani-dupa-ce-a-fost-lovit-cu-un-glont-in-cap\\\/#primaryimage\"},\"thumbnailUrl\":\"https:\\\/\\\/www.lovendal.ro\\\/wp52\\\/wp-content\\\/uploads\\\/2022\\\/09\\\/Paul-Kern.jpg\",\"datePublished\":\"2022-09-02T20:24:04+00:00\",\"breadcrumb\":{\"@id\":\"https:\\\/\\\/www.lovendal.ro\\\/wp52\\\/incredibil-acest-barbat-n-a-mai-dormit-deloc-timp-de-28-de-ani-dupa-ce-a-fost-lovit-cu-un-glont-in-cap\\\/#breadcrumb\"},\"inLanguage\":\"ro-RO\",\"potentialAction\":[{\"@type\":\"ReadAction\",\"target\":[\"https:\\\/\\\/www.lovendal.ro\\\/wp52\\\/incredibil-acest-barbat-n-a-mai-dormit-deloc-timp-de-28-de-ani-dupa-ce-a-fost-lovit-cu-un-glont-in-cap\\\/\"]}]},{\"@type\":\"ImageObject\",\"inLanguage\":\"ro-RO\",\"@id\":\"https:\\\/\\\/www.lovendal.ro\\\/wp52\\\/incredibil-acest-barbat-n-a-mai-dormit-deloc-timp-de-28-de-ani-dupa-ce-a-fost-lovit-cu-un-glont-in-cap\\\/#primaryimage\",\"url\":\"https:\\\/\\\/www.lovendal.ro\\\/wp52\\\/wp-content\\\/uploads\\\/2022\\\/09\\\/Paul-Kern.jpg\",\"contentUrl\":\"https:\\\/\\\/www.lovendal.ro\\\/wp52\\\/wp-content\\\/uploads\\\/2022\\\/09\\\/Paul-Kern.jpg\",\"width\":371,\"height\":335},{\"@type\":\"BreadcrumbList\",\"@id\":\"https:\\\/\\\/www.lovendal.ro\\\/wp52\\\/incredibil-acest-barbat-n-a-mai-dormit-deloc-timp-de-28-de-ani-dupa-ce-a-fost-lovit-cu-un-glont-in-cap\\\/#breadcrumb\",\"itemListElement\":[{\"@type\":\"ListItem\",\"position\":1,\"name\":\"Home\",\"item\":\"https:\\\/\\\/www.lovendal.ro\\\/wp52\\\/\"},{\"@type\":\"ListItem\",\"position\":2,\"name\":\"Incredibil! Acest b\u0103rbat n-a mai dormit deloc timp de 28 de ani, dup\u0103 ce-a fost lovit cu un glon\u0163 \u00een cap&#8230;\"}]},{\"@type\":\"WebSite\",\"@id\":\"https:\\\/\\\/www.lovendal.ro\\\/wp52\\\/#website\",\"url\":\"https:\\\/\\\/www.lovendal.ro\\\/wp52\\\/\",\"name\":\"Secretele lui Lovendal\",\"description\":\"Site de secrete, stiinta si metafizica - din 2008 -\",\"publisher\":{\"@id\":\"https:\\\/\\\/www.lovendal.ro\\\/wp52\\\/#organization\"},\"potentialAction\":[{\"@type\":\"SearchAction\",\"target\":{\"@type\":\"EntryPoint\",\"urlTemplate\":\"https:\\\/\\\/www.lovendal.ro\\\/wp52\\\/?s={search_term_string}\"},\"query-input\":{\"@type\":\"PropertyValueSpecification\",\"valueRequired\":true,\"valueName\":\"search_term_string\"}}],\"inLanguage\":\"ro-RO\"},{\"@type\":\"Organization\",\"@id\":\"https:\\\/\\\/www.lovendal.ro\\\/wp52\\\/#organization\",\"name\":\"Secretele lui Lovendal\",\"url\":\"https:\\\/\\\/www.lovendal.ro\\\/wp52\\\/\",\"logo\":{\"@type\":\"ImageObject\",\"inLanguage\":\"ro-RO\",\"@id\":\"https:\\\/\\\/www.lovendal.ro\\\/wp52\\\/#\\\/schema\\\/logo\\\/image\\\/\",\"url\":\"https:\\\/\\\/www.lovendal.ro\\\/wp52\\\/wp-content\\\/uploads\\\/2024\\\/06\\\/cropped-SLL-iun-2024-1.jpg\",\"contentUrl\":\"https:\\\/\\\/www.lovendal.ro\\\/wp52\\\/wp-content\\\/uploads\\\/2024\\\/06\\\/cropped-SLL-iun-2024-1.jpg\",\"width\":771,\"height\":240,\"caption\":\"Secretele lui Lovendal\"},\"image\":{\"@id\":\"https:\\\/\\\/www.lovendal.ro\\\/wp52\\\/#\\\/schema\\\/logo\\\/image\\\/\"},\"sameAs\":[\"https:\\\/\\\/www.facebook.com\\\/secreteleluilovendal\"]},{\"@type\":\"Person\",\"@id\":\"https:\\\/\\\/www.lovendal.ro\\\/wp52\\\/#\\\/schema\\\/person\\\/088691de5dfc346bb0c023e1e52ef5d9\",\"name\":\"admin\",\"image\":{\"@type\":\"ImageObject\",\"inLanguage\":\"ro-RO\",\"@id\":\"https:\\\/\\\/secure.gravatar.com\\\/avatar\\\/ecb9cd41f5f63c9c9b989999a59f6e2639a865ec361e9db054db0679a8f341c2?s=96&d=mm&r=g\",\"url\":\"https:\\\/\\\/secure.gravatar.com\\\/avatar\\\/ecb9cd41f5f63c9c9b989999a59f6e2639a865ec361e9db054db0679a8f341c2?s=96&d=mm&r=g\",\"contentUrl\":\"https:\\\/\\\/secure.gravatar.com\\\/avatar\\\/ecb9cd41f5f63c9c9b989999a59f6e2639a865ec361e9db054db0679a8f341c2?s=96&d=mm&r=g\",\"caption\":\"admin\"},\"sameAs\":[\"https:\\\/\\\/www.lovendal.ro\\\/wp52\"]}]}<\/script>\n<!-- \/ Yoast SEO Premium plugin. -->","yoast_head_json":{"title":"Incredibil! Acest b\u0103rbat n-a mai dormit deloc timp de 28 de ani, dup\u0103 ce-a fost lovit cu un glon\u0163 \u00een cap... - Secretele lui Lovendal","robots":{"index":"index","follow":"follow","max-snippet":"max-snippet:-1","max-image-preview":"max-image-preview:large","max-video-preview":"max-video-preview:-1"},"canonical":"https:\/\/www.lovendal.ro\/wp52\/incredibil-acest-barbat-n-a-mai-dormit-deloc-timp-de-28-de-ani-dupa-ce-a-fost-lovit-cu-un-glont-in-cap\/","og_locale":"ro_RO","og_type":"article","og_title":"Incredibil! Acest b\u0103rbat n-a mai dormit deloc timp de 28 de ani, dup\u0103 ce-a fost lovit cu un glon\u0163 \u00een cap...","og_description":"\u00cen luna iunie 1915, un b\u0103rbat ungur pe nume Paul Kern era comandantul unui regiment, aproape de grani\u0163a rus\u0103. \u00centr-o zi, el prime\u015fte ordinul s\u0103 conduc\u0103 un atac contra tran\u015feelor ce se g\u0103seau \u00een fa\u0163a lor. La c\u0103derea nop\u0163ii, el ... Cititi mai multe","og_url":"https:\/\/www.lovendal.ro\/wp52\/incredibil-acest-barbat-n-a-mai-dormit-deloc-timp-de-28-de-ani-dupa-ce-a-fost-lovit-cu-un-glont-in-cap\/","og_site_name":"Secretele lui Lovendal","article_publisher":"https:\/\/www.facebook.com\/secreteleluilovendal","article_published_time":"2022-09-02T20:24:04+00:00","og_image":[{"width":371,"height":335,"url":"https:\/\/www.lovendal.ro\/wp52\/wp-content\/uploads\/2022\/09\/Paul-Kern.jpg","type":"image\/jpeg"}],"author":"admin","twitter_card":"summary_large_image","twitter_misc":{"Scris de":"admin","Timp estimat pentru citire":"3 minute"},"schema":{"@context":"https:\/\/schema.org","@graph":[{"@type":"Article","@id":"https:\/\/www.lovendal.ro\/wp52\/incredibil-acest-barbat-n-a-mai-dormit-deloc-timp-de-28-de-ani-dupa-ce-a-fost-lovit-cu-un-glont-in-cap\/#article","isPartOf":{"@id":"https:\/\/www.lovendal.ro\/wp52\/incredibil-acest-barbat-n-a-mai-dormit-deloc-timp-de-28-de-ani-dupa-ce-a-fost-lovit-cu-un-glont-in-cap\/"},"author":{"name":"admin","@id":"https:\/\/www.lovendal.ro\/wp52\/#\/schema\/person\/088691de5dfc346bb0c023e1e52ef5d9"},"headline":"Incredibil! Acest b\u0103rbat n-a mai dormit deloc timp de 28 de ani, dup\u0103 ce-a fost lovit cu un glon\u0163 \u00een cap&#8230;","datePublished":"2022-09-02T20:24:04+00:00","mainEntityOfPage":{"@id":"https:\/\/www.lovendal.ro\/wp52\/incredibil-acest-barbat-n-a-mai-dormit-deloc-timp-de-28-de-ani-dupa-ce-a-fost-lovit-cu-un-glont-in-cap\/"},"wordCount":530,"commentCount":0,"publisher":{"@id":"https:\/\/www.lovendal.ro\/wp52\/#organization"},"image":{"@id":"https:\/\/www.lovendal.ro\/wp52\/incredibil-acest-barbat-n-a-mai-dormit-deloc-timp-de-28-de-ani-dupa-ce-a-fost-lovit-cu-un-glont-in-cap\/#primaryimage"},"thumbnailUrl":"https:\/\/www.lovendal.ro\/wp52\/wp-content\/uploads\/2022\/09\/Paul-Kern.jpg","keywords":["cap","com\u0103","durere","fotografie","Freud","gloan\u0163e","Incredibil!","interviu","medic","nas","neurolog","ochelari","ochi","revist\u0103","somn","somnifer","spital"],"articleSection":["Incredibil!"],"inLanguage":"ro-RO","potentialAction":[{"@type":"CommentAction","name":"Comment","target":["https:\/\/www.lovendal.ro\/wp52\/incredibil-acest-barbat-n-a-mai-dormit-deloc-timp-de-28-de-ani-dupa-ce-a-fost-lovit-cu-un-glont-in-cap\/#respond"]}]},{"@type":"WebPage","@id":"https:\/\/www.lovendal.ro\/wp52\/incredibil-acest-barbat-n-a-mai-dormit-deloc-timp-de-28-de-ani-dupa-ce-a-fost-lovit-cu-un-glont-in-cap\/","url":"https:\/\/www.lovendal.ro\/wp52\/incredibil-acest-barbat-n-a-mai-dormit-deloc-timp-de-28-de-ani-dupa-ce-a-fost-lovit-cu-un-glont-in-cap\/","name":"Incredibil! Acest b\u0103rbat n-a mai dormit deloc timp de 28 de ani, dup\u0103 ce-a fost lovit cu un glon\u0163 \u00een cap... - Secretele lui Lovendal","isPartOf":{"@id":"https:\/\/www.lovendal.ro\/wp52\/#website"},"primaryImageOfPage":{"@id":"https:\/\/www.lovendal.ro\/wp52\/incredibil-acest-barbat-n-a-mai-dormit-deloc-timp-de-28-de-ani-dupa-ce-a-fost-lovit-cu-un-glont-in-cap\/#primaryimage"},"image":{"@id":"https:\/\/www.lovendal.ro\/wp52\/incredibil-acest-barbat-n-a-mai-dormit-deloc-timp-de-28-de-ani-dupa-ce-a-fost-lovit-cu-un-glont-in-cap\/#primaryimage"},"thumbnailUrl":"https:\/\/www.lovendal.ro\/wp52\/wp-content\/uploads\/2022\/09\/Paul-Kern.jpg","datePublished":"2022-09-02T20:24:04+00:00","breadcrumb":{"@id":"https:\/\/www.lovendal.ro\/wp52\/incredibil-acest-barbat-n-a-mai-dormit-deloc-timp-de-28-de-ani-dupa-ce-a-fost-lovit-cu-un-glont-in-cap\/#breadcrumb"},"inLanguage":"ro-RO","potentialAction":[{"@type":"ReadAction","target":["https:\/\/www.lovendal.ro\/wp52\/incredibil-acest-barbat-n-a-mai-dormit-deloc-timp-de-28-de-ani-dupa-ce-a-fost-lovit-cu-un-glont-in-cap\/"]}]},{"@type":"ImageObject","inLanguage":"ro-RO","@id":"https:\/\/www.lovendal.ro\/wp52\/incredibil-acest-barbat-n-a-mai-dormit-deloc-timp-de-28-de-ani-dupa-ce-a-fost-lovit-cu-un-glont-in-cap\/#primaryimage","url":"https:\/\/www.lovendal.ro\/wp52\/wp-content\/uploads\/2022\/09\/Paul-Kern.jpg","contentUrl":"https:\/\/www.lovendal.ro\/wp52\/wp-content\/uploads\/2022\/09\/Paul-Kern.jpg","width":371,"height":335},{"@type":"BreadcrumbList","@id":"https:\/\/www.lovendal.ro\/wp52\/incredibil-acest-barbat-n-a-mai-dormit-deloc-timp-de-28-de-ani-dupa-ce-a-fost-lovit-cu-un-glont-in-cap\/#breadcrumb","itemListElement":[{"@type":"ListItem","position":1,"name":"Home","item":"https:\/\/www.lovendal.ro\/wp52\/"},{"@type":"ListItem","position":2,"name":"Incredibil! Acest b\u0103rbat n-a mai dormit deloc timp de 28 de ani, dup\u0103 ce-a fost lovit cu un glon\u0163 \u00een cap&#8230;"}]},{"@type":"WebSite","@id":"https:\/\/www.lovendal.ro\/wp52\/#website","url":"https:\/\/www.lovendal.ro\/wp52\/","name":"Secretele lui Lovendal","description":"Site de secrete, stiinta si metafizica - din 2008 -","publisher":{"@id":"https:\/\/www.lovendal.ro\/wp52\/#organization"},"potentialAction":[{"@type":"SearchAction","target":{"@type":"EntryPoint","urlTemplate":"https:\/\/www.lovendal.ro\/wp52\/?s={search_term_string}"},"query-input":{"@type":"PropertyValueSpecification","valueRequired":true,"valueName":"search_term_string"}}],"inLanguage":"ro-RO"},{"@type":"Organization","@id":"https:\/\/www.lovendal.ro\/wp52\/#organization","name":"Secretele lui Lovendal","url":"https:\/\/www.lovendal.ro\/wp52\/","logo":{"@type":"ImageObject","inLanguage":"ro-RO","@id":"https:\/\/www.lovendal.ro\/wp52\/#\/schema\/logo\/image\/","url":"https:\/\/www.lovendal.ro\/wp52\/wp-content\/uploads\/2024\/06\/cropped-SLL-iun-2024-1.jpg","contentUrl":"https:\/\/www.lovendal.ro\/wp52\/wp-content\/uploads\/2024\/06\/cropped-SLL-iun-2024-1.jpg","width":771,"height":240,"caption":"Secretele lui Lovendal"},"image":{"@id":"https:\/\/www.lovendal.ro\/wp52\/#\/schema\/logo\/image\/"},"sameAs":["https:\/\/www.facebook.com\/secreteleluilovendal"]},{"@type":"Person","@id":"https:\/\/www.lovendal.ro\/wp52\/#\/schema\/person\/088691de5dfc346bb0c023e1e52ef5d9","name":"admin","image":{"@type":"ImageObject","inLanguage":"ro-RO","@id":"https:\/\/secure.gravatar.com\/avatar\/ecb9cd41f5f63c9c9b989999a59f6e2639a865ec361e9db054db0679a8f341c2?s=96&d=mm&r=g","url":"https:\/\/secure.gravatar.com\/avatar\/ecb9cd41f5f63c9c9b989999a59f6e2639a865ec361e9db054db0679a8f341c2?s=96&d=mm&r=g","contentUrl":"https:\/\/secure.gravatar.com\/avatar\/ecb9cd41f5f63c9c9b989999a59f6e2639a865ec361e9db054db0679a8f341c2?s=96&d=mm&r=g","caption":"admin"},"sameAs":["https:\/\/www.lovendal.ro\/wp52"]}]}},"_links":{"self":[{"href":"https:\/\/www.lovendal.ro\/wp52\/wp-json\/wp\/v2\/posts\/82582","targetHints":{"allow":["GET"]}}],"collection":[{"href":"https:\/\/www.lovendal.ro\/wp52\/wp-json\/wp\/v2\/posts"}],"about":[{"href":"https:\/\/www.lovendal.ro\/wp52\/wp-json\/wp\/v2\/types\/post"}],"author":[{"embeddable":true,"href":"https:\/\/www.lovendal.ro\/wp52\/wp-json\/wp\/v2\/users\/1"}],"replies":[{"embeddable":true,"href":"https:\/\/www.lovendal.ro\/wp52\/wp-json\/wp\/v2\/comments?post=82582"}],"version-history":[{"count":0,"href":"https:\/\/www.lovendal.ro\/wp52\/wp-json\/wp\/v2\/posts\/82582\/revisions"}],"wp:featuredmedia":[{"embeddable":true,"href":"https:\/\/www.lovendal.ro\/wp52\/wp-json\/wp\/v2\/media\/82583"}],"wp:attachment":[{"href":"https:\/\/www.lovendal.ro\/wp52\/wp-json\/wp\/v2\/media?parent=82582"}],"wp:term":[{"taxonomy":"category","embeddable":true,"href":"https:\/\/www.lovendal.ro\/wp52\/wp-json\/wp\/v2\/categories?post=82582"},{"taxonomy":"post_tag","embeddable":true,"href":"https:\/\/www.lovendal.ro\/wp52\/wp-json\/wp\/v2\/tags?post=82582"}],"curies":[{"name":"wp","href":"https:\/\/api.w.org\/{rel}","templated":true}]}}