{"id":82460,"date":"2022-08-25T07:00:58","date_gmt":"2022-08-25T04:00:58","guid":{"rendered":"https:\/\/www.lovendal.ro\/wp52\/?p=82460"},"modified":"2022-08-21T00:35:16","modified_gmt":"2022-08-20T21:35:16","slug":"operatiunea-prato-din-brazilia-atacul-ozn-urilor-cu-raze-de-lumina-asupra-oamenilor-de-ce-au-facut-o","status":"publish","type":"post","link":"https:\/\/www.lovendal.ro\/wp52\/operatiunea-prato-din-brazilia-atacul-ozn-urilor-cu-raze-de-lumina-asupra-oamenilor-de-ce-au-facut-o\/","title":{"rendered":"&#8222;Opera\u0163iunea Prato&#8221; din Brazilia &#8211; atacul OZN-urilor cu raze de lumin\u0103 asupra oamenilor! De ce-au f\u0103cut-o?"},"content":{"rendered":"<p><a href=\"https:\/\/www.lovendal.ro\/wp52\/wp-content\/uploads\/2022\/08\/Operatiunea-Prato-Brazilia.jpg\"><img loading=\"lazy\" decoding=\"async\" class=\"alignleft size-full wp-image-82461\" src=\"https:\/\/www.lovendal.ro\/wp52\/wp-content\/uploads\/2022\/08\/Operatiunea-Prato-Brazilia.jpg\" alt=\"\" width=\"352\" height=\"234\" srcset=\"https:\/\/www.lovendal.ro\/wp52\/wp-content\/uploads\/2022\/08\/Operatiunea-Prato-Brazilia.jpg 352w, https:\/\/www.lovendal.ro\/wp52\/wp-content\/uploads\/2022\/08\/Operatiunea-Prato-Brazilia-300x199.jpg 300w\" sizes=\"auto, (max-width: 352px) 100vw, 352px\" \/><\/a>&#8222;Opera\u021biunea Prato&#8221; (\u00een limba portughez\u0103 &#8211; &#8222;Operacao Prato&#8221;) a fost o investiga\u021bie efectuat\u0103 \u00eentre 1977 \u0219i 1978 de For\u021bele Aeriene Braziliene, \u00een urma apari\u0163iei unor OZN-uri \u00een ora\u0219ul Colares. \u00cen 1977, numeroase OZN-uri au fost raportate \u00een ora\u0219ul brazilian Colares. Localnicii au sus\u021binut c\u0103 au fost ataca\u021bi de farfuriile zbur\u0103toare misterioase. Martorii au declarat c\u0103 obiecte str\u0103lucitoare de diferite forme, dimensiuni \u0219i culori zburau la altitudini joase &#8211; la doar c\u00e2\u021biva metri deasupra v\u00e2rfurilor copacilor &#8211; \u0219i tr\u0103geau raze de lumin\u0103 c\u0103tre oameni. Cicatricile pe corpul lor au fost cauzate de luminile de pe cer. Fasciculele intense de radia\u021bii au cauzat urme de leziuni, unii raport\u00e2nd \u00een presa local\u0103 de la acea vreme c\u0103 se sim\u021bea ca o &#8222;greutate grea aflat\u0103 pe piept&#8221;.<\/p>\n<p>Descriind r\u0103nile, un doctor local, care a lucrat \u00eentr-o unitate medical\u0103 din zon\u0103 \u00een anii &#8217;70, a spus: <em>&#8222;To\u021bi au suferit leziuni la nivelul fe\u021bei sau a zonei toracice. Leziunile, ar\u0103t\u00e2nd ca leziuni cauzate de radia\u021bii, au \u00eenceput cu \u00eenro\u0219irea intens\u0103 a pielii \u00een zona afectat\u0103. Mai t\u00e2rziu, p\u0103rul le-a c\u0103zut celor afecta\u0163i, iar\u00a0 pielea s-a \u00eennegrit. Victimele au fost b\u0103rba\u021bi \u0219i femei de v\u00e2rste diferite&#8221;.<\/em><\/p>\n<p>Potrivit ufologului Jacques Vallee, un num\u0103r de persoane au fost ucise ca urmare a &#8222;luminilor&#8221; trase asupra lor din OZN-uri, iar r\u0103nile au fost ca o expunere la radia\u021bii de microunde. Al\u021bi ufologi au sus\u021binut c\u0103 luminile de la OZN-uri au aspirat s\u00e2ngele de la 400 de oameni.<\/p>\n<p>Crez\u00e2nd c\u0103 va \u021bine luminile departe, locuitorii din Colares au stat nop\u0163ile, aprinz\u00e2nd focuri \u0219i artificii. Primarul localit\u0103\u0163ii a cerut ajutorul For\u021belor Aeriene Braziliene, opera\u0163iune condus\u0103 de c\u0103pitanul Uyrange. \u00cen 1997, la 2 decenii dup\u0103 opera\u021biune, c\u0103pitanul Uyrange, de la Armata Brazilian\u0103, a acordat un interviu ufologilor Ademar Jose Gevaerd \u0219i Marco Antonio Petit, unde a povestit experien\u021bele sale din 1977-1978. La trei luni de la interviu, el a fost g\u0103sit mort \u00een casa lui. Probabil c\u0103 a vorbit mai mult dec\u00e2t trebuia&#8230;<\/p>\n","protected":false},"excerpt":{"rendered":"<p>&#8222;Opera\u021biunea Prato&#8221; (\u00een limba portughez\u0103 &#8211; &#8222;Operacao Prato&#8221;) a fost o investiga\u021bie efectuat\u0103 \u00eentre 1977 \u0219i 1978 de For\u021bele Aeriene Braziliene, \u00een urma apari\u0163iei unor OZN-uri \u00een ora\u0219ul Colares. \u00cen 1977, numeroase OZN-uri au fost raportate \u00een ora\u0219ul brazilian Colares. &#8230; <\/p>\n<p class=\"read-more-container\"><a title=\"&#8222;Opera\u0163iunea Prato&#8221; din Brazilia &#8211; atacul OZN-urilor cu raze de lumin\u0103 asupra oamenilor! De ce-au f\u0103cut-o?\" class=\"read-more button\" href=\"https:\/\/www.lovendal.ro\/wp52\/operatiunea-prato-din-brazilia-atacul-ozn-urilor-cu-raze-de-lumina-asupra-oamenilor-de-ce-au-facut-o\/#more-82460\" aria-label=\"Cite\u0219te mai multe despre &#8222;Opera\u0163iunea Prato&#8221; din Brazilia &#8211; atacul OZN-urilor cu raze de lumin\u0103 asupra oamenilor! De ce-au f\u0103cut-o?\">Cititi mai multe<\/a><\/p>\n","protected":false},"author":1,"featured_media":82461,"comment_status":"open","ping_status":"open","sticky":false,"template":"","format":"standard","meta":{"footnotes":""},"categories":[14],"tags":[4353,1442,5238,419,51,4823,8432,5199,952,6949,17853,151,50,1169,9796,1953,4981,3204,5971,1964],"class_list":["post-82460","post","type-post","status-publish","format-standard","has-post-thumbnail","hentry","category-paranormal-spiritualitate","tag-artificii","tag-brazilia","tag-corp","tag-doctor","tag-extraterestri","tag-interviu","tag-jacques-vallee","tag-limba-portugheza","tag-lumina","tag-microunde","tag-operatiunea-prato","tag-oras","tag-ozn","tag-par","tag-paranormal-spiritualitate","tag-piele","tag-piept","tag-radiatii","tag-raze","tag-sange","resize-featured-image"],"yoast_head":"<!-- This site is optimized with the Yoast SEO Premium plugin v23.3 (Yoast SEO v27.4) - https:\/\/yoast.com\/product\/yoast-seo-premium-wordpress\/ -->\n<title>&quot;Opera\u0163iunea Prato&quot; din Brazilia - atacul OZN-urilor cu raze de lumin\u0103 asupra oamenilor! De ce-au f\u0103cut-o? - Secretele lui Lovendal<\/title>\n<meta name=\"robots\" content=\"index, follow, max-snippet:-1, max-image-preview:large, max-video-preview:-1\" \/>\n<link rel=\"canonical\" href=\"https:\/\/www.lovendal.ro\/wp52\/operatiunea-prato-din-brazilia-atacul-ozn-urilor-cu-raze-de-lumina-asupra-oamenilor-de-ce-au-facut-o\/\" \/>\n<meta property=\"og:locale\" content=\"ro_RO\" \/>\n<meta property=\"og:type\" content=\"article\" \/>\n<meta property=\"og:title\" content=\"&quot;Opera\u0163iunea Prato&quot; din Brazilia - atacul OZN-urilor cu raze de lumin\u0103 asupra oamenilor! De ce-au f\u0103cut-o?\" \/>\n<meta property=\"og:description\" content=\"&#8222;Opera\u021biunea Prato&#8221; (\u00een limba portughez\u0103 &#8211; &#8222;Operacao Prato&#8221;) a fost o investiga\u021bie efectuat\u0103 \u00eentre 1977 \u0219i 1978 de For\u021bele Aeriene Braziliene, \u00een urma apari\u0163iei unor OZN-uri \u00een ora\u0219ul Colares. \u00cen 1977, numeroase OZN-uri au fost raportate \u00een ora\u0219ul brazilian Colares. ... Cititi mai multe\" \/>\n<meta property=\"og:url\" content=\"https:\/\/www.lovendal.ro\/wp52\/operatiunea-prato-din-brazilia-atacul-ozn-urilor-cu-raze-de-lumina-asupra-oamenilor-de-ce-au-facut-o\/\" \/>\n<meta property=\"og:site_name\" content=\"Secretele lui Lovendal\" \/>\n<meta property=\"article:publisher\" content=\"https:\/\/www.facebook.com\/secreteleluilovendal\" \/>\n<meta property=\"article:published_time\" content=\"2022-08-25T04:00:58+00:00\" \/>\n<meta property=\"og:image\" content=\"https:\/\/www.lovendal.ro\/wp52\/wp-content\/uploads\/2022\/08\/Operatiunea-Prato-Brazilia.jpg\" \/>\n\t<meta property=\"og:image:width\" content=\"352\" \/>\n\t<meta property=\"og:image:height\" content=\"234\" \/>\n\t<meta property=\"og:image:type\" content=\"image\/jpeg\" \/>\n<meta name=\"author\" content=\"admin\" \/>\n<meta name=\"twitter:card\" content=\"summary_large_image\" \/>\n<meta name=\"twitter:label1\" content=\"Scris de\" \/>\n\t<meta name=\"twitter:data1\" content=\"admin\" \/>\n\t<meta name=\"twitter:label2\" content=\"Timp estimat pentru citire\" \/>\n\t<meta name=\"twitter:data2\" content=\"2 minute\" \/>\n<script type=\"application\/ld+json\" class=\"yoast-schema-graph\">{\"@context\":\"https:\\\/\\\/schema.org\",\"@graph\":[{\"@type\":\"Article\",\"@id\":\"https:\\\/\\\/www.lovendal.ro\\\/wp52\\\/operatiunea-prato-din-brazilia-atacul-ozn-urilor-cu-raze-de-lumina-asupra-oamenilor-de-ce-au-facut-o\\\/#article\",\"isPartOf\":{\"@id\":\"https:\\\/\\\/www.lovendal.ro\\\/wp52\\\/operatiunea-prato-din-brazilia-atacul-ozn-urilor-cu-raze-de-lumina-asupra-oamenilor-de-ce-au-facut-o\\\/\"},\"author\":{\"name\":\"admin\",\"@id\":\"https:\\\/\\\/www.lovendal.ro\\\/wp52\\\/#\\\/schema\\\/person\\\/088691de5dfc346bb0c023e1e52ef5d9\"},\"headline\":\"&#8222;Opera\u0163iunea Prato&#8221; din Brazilia &#8211; atacul OZN-urilor cu raze de lumin\u0103 asupra oamenilor! De ce-au f\u0103cut-o?\",\"datePublished\":\"2022-08-25T04:00:58+00:00\",\"mainEntityOfPage\":{\"@id\":\"https:\\\/\\\/www.lovendal.ro\\\/wp52\\\/operatiunea-prato-din-brazilia-atacul-ozn-urilor-cu-raze-de-lumina-asupra-oamenilor-de-ce-au-facut-o\\\/\"},\"wordCount\":380,\"commentCount\":0,\"publisher\":{\"@id\":\"https:\\\/\\\/www.lovendal.ro\\\/wp52\\\/#organization\"},\"image\":{\"@id\":\"https:\\\/\\\/www.lovendal.ro\\\/wp52\\\/operatiunea-prato-din-brazilia-atacul-ozn-urilor-cu-raze-de-lumina-asupra-oamenilor-de-ce-au-facut-o\\\/#primaryimage\"},\"thumbnailUrl\":\"https:\\\/\\\/www.lovendal.ro\\\/wp52\\\/wp-content\\\/uploads\\\/2022\\\/08\\\/Operatiunea-Prato-Brazilia.jpg\",\"keywords\":[\"artificii\",\"Brazilia\",\"corp\",\"doctor\",\"extratere\u015ftri\",\"interviu\",\"Jacques Vallee\",\"limba portughez\u0103\",\"lumin\u0103\",\"microunde\",\"Opera\u0163iunea Prato\",\"ora\u015f\",\"OZN\",\"p\u0103r\",\"Paranormal-Spiritualitate\",\"piele\",\"piept\",\"radiatii\",\"raze\",\"s\u00e2nge\"],\"articleSection\":[\"Paranormal-Spiritualitate\"],\"inLanguage\":\"ro-RO\",\"potentialAction\":[{\"@type\":\"CommentAction\",\"name\":\"Comment\",\"target\":[\"https:\\\/\\\/www.lovendal.ro\\\/wp52\\\/operatiunea-prato-din-brazilia-atacul-ozn-urilor-cu-raze-de-lumina-asupra-oamenilor-de-ce-au-facut-o\\\/#respond\"]}]},{\"@type\":\"WebPage\",\"@id\":\"https:\\\/\\\/www.lovendal.ro\\\/wp52\\\/operatiunea-prato-din-brazilia-atacul-ozn-urilor-cu-raze-de-lumina-asupra-oamenilor-de-ce-au-facut-o\\\/\",\"url\":\"https:\\\/\\\/www.lovendal.ro\\\/wp52\\\/operatiunea-prato-din-brazilia-atacul-ozn-urilor-cu-raze-de-lumina-asupra-oamenilor-de-ce-au-facut-o\\\/\",\"name\":\"\\\"Opera\u0163iunea Prato\\\" din Brazilia - atacul OZN-urilor cu raze de lumin\u0103 asupra oamenilor! De ce-au f\u0103cut-o? - Secretele lui Lovendal\",\"isPartOf\":{\"@id\":\"https:\\\/\\\/www.lovendal.ro\\\/wp52\\\/#website\"},\"primaryImageOfPage\":{\"@id\":\"https:\\\/\\\/www.lovendal.ro\\\/wp52\\\/operatiunea-prato-din-brazilia-atacul-ozn-urilor-cu-raze-de-lumina-asupra-oamenilor-de-ce-au-facut-o\\\/#primaryimage\"},\"image\":{\"@id\":\"https:\\\/\\\/www.lovendal.ro\\\/wp52\\\/operatiunea-prato-din-brazilia-atacul-ozn-urilor-cu-raze-de-lumina-asupra-oamenilor-de-ce-au-facut-o\\\/#primaryimage\"},\"thumbnailUrl\":\"https:\\\/\\\/www.lovendal.ro\\\/wp52\\\/wp-content\\\/uploads\\\/2022\\\/08\\\/Operatiunea-Prato-Brazilia.jpg\",\"datePublished\":\"2022-08-25T04:00:58+00:00\",\"breadcrumb\":{\"@id\":\"https:\\\/\\\/www.lovendal.ro\\\/wp52\\\/operatiunea-prato-din-brazilia-atacul-ozn-urilor-cu-raze-de-lumina-asupra-oamenilor-de-ce-au-facut-o\\\/#breadcrumb\"},\"inLanguage\":\"ro-RO\",\"potentialAction\":[{\"@type\":\"ReadAction\",\"target\":[\"https:\\\/\\\/www.lovendal.ro\\\/wp52\\\/operatiunea-prato-din-brazilia-atacul-ozn-urilor-cu-raze-de-lumina-asupra-oamenilor-de-ce-au-facut-o\\\/\"]}]},{\"@type\":\"ImageObject\",\"inLanguage\":\"ro-RO\",\"@id\":\"https:\\\/\\\/www.lovendal.ro\\\/wp52\\\/operatiunea-prato-din-brazilia-atacul-ozn-urilor-cu-raze-de-lumina-asupra-oamenilor-de-ce-au-facut-o\\\/#primaryimage\",\"url\":\"https:\\\/\\\/www.lovendal.ro\\\/wp52\\\/wp-content\\\/uploads\\\/2022\\\/08\\\/Operatiunea-Prato-Brazilia.jpg\",\"contentUrl\":\"https:\\\/\\\/www.lovendal.ro\\\/wp52\\\/wp-content\\\/uploads\\\/2022\\\/08\\\/Operatiunea-Prato-Brazilia.jpg\",\"width\":352,\"height\":234},{\"@type\":\"BreadcrumbList\",\"@id\":\"https:\\\/\\\/www.lovendal.ro\\\/wp52\\\/operatiunea-prato-din-brazilia-atacul-ozn-urilor-cu-raze-de-lumina-asupra-oamenilor-de-ce-au-facut-o\\\/#breadcrumb\",\"itemListElement\":[{\"@type\":\"ListItem\",\"position\":1,\"name\":\"Home\",\"item\":\"https:\\\/\\\/www.lovendal.ro\\\/wp52\\\/\"},{\"@type\":\"ListItem\",\"position\":2,\"name\":\"&#8222;Opera\u0163iunea Prato&#8221; din Brazilia &#8211; atacul OZN-urilor cu raze de lumin\u0103 asupra oamenilor! De ce-au f\u0103cut-o?\"}]},{\"@type\":\"WebSite\",\"@id\":\"https:\\\/\\\/www.lovendal.ro\\\/wp52\\\/#website\",\"url\":\"https:\\\/\\\/www.lovendal.ro\\\/wp52\\\/\",\"name\":\"Secretele lui Lovendal\",\"description\":\"Site de secrete, stiinta si metafizica - din 2008 -\",\"publisher\":{\"@id\":\"https:\\\/\\\/www.lovendal.ro\\\/wp52\\\/#organization\"},\"potentialAction\":[{\"@type\":\"SearchAction\",\"target\":{\"@type\":\"EntryPoint\",\"urlTemplate\":\"https:\\\/\\\/www.lovendal.ro\\\/wp52\\\/?s={search_term_string}\"},\"query-input\":{\"@type\":\"PropertyValueSpecification\",\"valueRequired\":true,\"valueName\":\"search_term_string\"}}],\"inLanguage\":\"ro-RO\"},{\"@type\":\"Organization\",\"@id\":\"https:\\\/\\\/www.lovendal.ro\\\/wp52\\\/#organization\",\"name\":\"Secretele lui Lovendal\",\"url\":\"https:\\\/\\\/www.lovendal.ro\\\/wp52\\\/\",\"logo\":{\"@type\":\"ImageObject\",\"inLanguage\":\"ro-RO\",\"@id\":\"https:\\\/\\\/www.lovendal.ro\\\/wp52\\\/#\\\/schema\\\/logo\\\/image\\\/\",\"url\":\"https:\\\/\\\/www.lovendal.ro\\\/wp52\\\/wp-content\\\/uploads\\\/2024\\\/06\\\/cropped-SLL-iun-2024-1.jpg\",\"contentUrl\":\"https:\\\/\\\/www.lovendal.ro\\\/wp52\\\/wp-content\\\/uploads\\\/2024\\\/06\\\/cropped-SLL-iun-2024-1.jpg\",\"width\":771,\"height\":240,\"caption\":\"Secretele lui Lovendal\"},\"image\":{\"@id\":\"https:\\\/\\\/www.lovendal.ro\\\/wp52\\\/#\\\/schema\\\/logo\\\/image\\\/\"},\"sameAs\":[\"https:\\\/\\\/www.facebook.com\\\/secreteleluilovendal\"]},{\"@type\":\"Person\",\"@id\":\"https:\\\/\\\/www.lovendal.ro\\\/wp52\\\/#\\\/schema\\\/person\\\/088691de5dfc346bb0c023e1e52ef5d9\",\"name\":\"admin\",\"image\":{\"@type\":\"ImageObject\",\"inLanguage\":\"ro-RO\",\"@id\":\"https:\\\/\\\/secure.gravatar.com\\\/avatar\\\/ecb9cd41f5f63c9c9b989999a59f6e2639a865ec361e9db054db0679a8f341c2?s=96&d=mm&r=g\",\"url\":\"https:\\\/\\\/secure.gravatar.com\\\/avatar\\\/ecb9cd41f5f63c9c9b989999a59f6e2639a865ec361e9db054db0679a8f341c2?s=96&d=mm&r=g\",\"contentUrl\":\"https:\\\/\\\/secure.gravatar.com\\\/avatar\\\/ecb9cd41f5f63c9c9b989999a59f6e2639a865ec361e9db054db0679a8f341c2?s=96&d=mm&r=g\",\"caption\":\"admin\"},\"sameAs\":[\"https:\\\/\\\/www.lovendal.ro\\\/wp52\"]}]}<\/script>\n<!-- \/ Yoast SEO Premium plugin. -->","yoast_head_json":{"title":"\"Opera\u0163iunea Prato\" din Brazilia - atacul OZN-urilor cu raze de lumin\u0103 asupra oamenilor! De ce-au f\u0103cut-o? - Secretele lui Lovendal","robots":{"index":"index","follow":"follow","max-snippet":"max-snippet:-1","max-image-preview":"max-image-preview:large","max-video-preview":"max-video-preview:-1"},"canonical":"https:\/\/www.lovendal.ro\/wp52\/operatiunea-prato-din-brazilia-atacul-ozn-urilor-cu-raze-de-lumina-asupra-oamenilor-de-ce-au-facut-o\/","og_locale":"ro_RO","og_type":"article","og_title":"\"Opera\u0163iunea Prato\" din Brazilia - atacul OZN-urilor cu raze de lumin\u0103 asupra oamenilor! De ce-au f\u0103cut-o?","og_description":"&#8222;Opera\u021biunea Prato&#8221; (\u00een limba portughez\u0103 &#8211; &#8222;Operacao Prato&#8221;) a fost o investiga\u021bie efectuat\u0103 \u00eentre 1977 \u0219i 1978 de For\u021bele Aeriene Braziliene, \u00een urma apari\u0163iei unor OZN-uri \u00een ora\u0219ul Colares. \u00cen 1977, numeroase OZN-uri au fost raportate \u00een ora\u0219ul brazilian Colares. ... Cititi mai multe","og_url":"https:\/\/www.lovendal.ro\/wp52\/operatiunea-prato-din-brazilia-atacul-ozn-urilor-cu-raze-de-lumina-asupra-oamenilor-de-ce-au-facut-o\/","og_site_name":"Secretele lui Lovendal","article_publisher":"https:\/\/www.facebook.com\/secreteleluilovendal","article_published_time":"2022-08-25T04:00:58+00:00","og_image":[{"width":352,"height":234,"url":"https:\/\/www.lovendal.ro\/wp52\/wp-content\/uploads\/2022\/08\/Operatiunea-Prato-Brazilia.jpg","type":"image\/jpeg"}],"author":"admin","twitter_card":"summary_large_image","twitter_misc":{"Scris de":"admin","Timp estimat pentru citire":"2 minute"},"schema":{"@context":"https:\/\/schema.org","@graph":[{"@type":"Article","@id":"https:\/\/www.lovendal.ro\/wp52\/operatiunea-prato-din-brazilia-atacul-ozn-urilor-cu-raze-de-lumina-asupra-oamenilor-de-ce-au-facut-o\/#article","isPartOf":{"@id":"https:\/\/www.lovendal.ro\/wp52\/operatiunea-prato-din-brazilia-atacul-ozn-urilor-cu-raze-de-lumina-asupra-oamenilor-de-ce-au-facut-o\/"},"author":{"name":"admin","@id":"https:\/\/www.lovendal.ro\/wp52\/#\/schema\/person\/088691de5dfc346bb0c023e1e52ef5d9"},"headline":"&#8222;Opera\u0163iunea Prato&#8221; din Brazilia &#8211; atacul OZN-urilor cu raze de lumin\u0103 asupra oamenilor! De ce-au f\u0103cut-o?","datePublished":"2022-08-25T04:00:58+00:00","mainEntityOfPage":{"@id":"https:\/\/www.lovendal.ro\/wp52\/operatiunea-prato-din-brazilia-atacul-ozn-urilor-cu-raze-de-lumina-asupra-oamenilor-de-ce-au-facut-o\/"},"wordCount":380,"commentCount":0,"publisher":{"@id":"https:\/\/www.lovendal.ro\/wp52\/#organization"},"image":{"@id":"https:\/\/www.lovendal.ro\/wp52\/operatiunea-prato-din-brazilia-atacul-ozn-urilor-cu-raze-de-lumina-asupra-oamenilor-de-ce-au-facut-o\/#primaryimage"},"thumbnailUrl":"https:\/\/www.lovendal.ro\/wp52\/wp-content\/uploads\/2022\/08\/Operatiunea-Prato-Brazilia.jpg","keywords":["artificii","Brazilia","corp","doctor","extratere\u015ftri","interviu","Jacques Vallee","limba portughez\u0103","lumin\u0103","microunde","Opera\u0163iunea Prato","ora\u015f","OZN","p\u0103r","Paranormal-Spiritualitate","piele","piept","radiatii","raze","s\u00e2nge"],"articleSection":["Paranormal-Spiritualitate"],"inLanguage":"ro-RO","potentialAction":[{"@type":"CommentAction","name":"Comment","target":["https:\/\/www.lovendal.ro\/wp52\/operatiunea-prato-din-brazilia-atacul-ozn-urilor-cu-raze-de-lumina-asupra-oamenilor-de-ce-au-facut-o\/#respond"]}]},{"@type":"WebPage","@id":"https:\/\/www.lovendal.ro\/wp52\/operatiunea-prato-din-brazilia-atacul-ozn-urilor-cu-raze-de-lumina-asupra-oamenilor-de-ce-au-facut-o\/","url":"https:\/\/www.lovendal.ro\/wp52\/operatiunea-prato-din-brazilia-atacul-ozn-urilor-cu-raze-de-lumina-asupra-oamenilor-de-ce-au-facut-o\/","name":"\"Opera\u0163iunea Prato\" din Brazilia - atacul OZN-urilor cu raze de lumin\u0103 asupra oamenilor! De ce-au f\u0103cut-o? - Secretele lui Lovendal","isPartOf":{"@id":"https:\/\/www.lovendal.ro\/wp52\/#website"},"primaryImageOfPage":{"@id":"https:\/\/www.lovendal.ro\/wp52\/operatiunea-prato-din-brazilia-atacul-ozn-urilor-cu-raze-de-lumina-asupra-oamenilor-de-ce-au-facut-o\/#primaryimage"},"image":{"@id":"https:\/\/www.lovendal.ro\/wp52\/operatiunea-prato-din-brazilia-atacul-ozn-urilor-cu-raze-de-lumina-asupra-oamenilor-de-ce-au-facut-o\/#primaryimage"},"thumbnailUrl":"https:\/\/www.lovendal.ro\/wp52\/wp-content\/uploads\/2022\/08\/Operatiunea-Prato-Brazilia.jpg","datePublished":"2022-08-25T04:00:58+00:00","breadcrumb":{"@id":"https:\/\/www.lovendal.ro\/wp52\/operatiunea-prato-din-brazilia-atacul-ozn-urilor-cu-raze-de-lumina-asupra-oamenilor-de-ce-au-facut-o\/#breadcrumb"},"inLanguage":"ro-RO","potentialAction":[{"@type":"ReadAction","target":["https:\/\/www.lovendal.ro\/wp52\/operatiunea-prato-din-brazilia-atacul-ozn-urilor-cu-raze-de-lumina-asupra-oamenilor-de-ce-au-facut-o\/"]}]},{"@type":"ImageObject","inLanguage":"ro-RO","@id":"https:\/\/www.lovendal.ro\/wp52\/operatiunea-prato-din-brazilia-atacul-ozn-urilor-cu-raze-de-lumina-asupra-oamenilor-de-ce-au-facut-o\/#primaryimage","url":"https:\/\/www.lovendal.ro\/wp52\/wp-content\/uploads\/2022\/08\/Operatiunea-Prato-Brazilia.jpg","contentUrl":"https:\/\/www.lovendal.ro\/wp52\/wp-content\/uploads\/2022\/08\/Operatiunea-Prato-Brazilia.jpg","width":352,"height":234},{"@type":"BreadcrumbList","@id":"https:\/\/www.lovendal.ro\/wp52\/operatiunea-prato-din-brazilia-atacul-ozn-urilor-cu-raze-de-lumina-asupra-oamenilor-de-ce-au-facut-o\/#breadcrumb","itemListElement":[{"@type":"ListItem","position":1,"name":"Home","item":"https:\/\/www.lovendal.ro\/wp52\/"},{"@type":"ListItem","position":2,"name":"&#8222;Opera\u0163iunea Prato&#8221; din Brazilia &#8211; atacul OZN-urilor cu raze de lumin\u0103 asupra oamenilor! De ce-au f\u0103cut-o?"}]},{"@type":"WebSite","@id":"https:\/\/www.lovendal.ro\/wp52\/#website","url":"https:\/\/www.lovendal.ro\/wp52\/","name":"Secretele lui Lovendal","description":"Site de secrete, stiinta si metafizica - din 2008 -","publisher":{"@id":"https:\/\/www.lovendal.ro\/wp52\/#organization"},"potentialAction":[{"@type":"SearchAction","target":{"@type":"EntryPoint","urlTemplate":"https:\/\/www.lovendal.ro\/wp52\/?s={search_term_string}"},"query-input":{"@type":"PropertyValueSpecification","valueRequired":true,"valueName":"search_term_string"}}],"inLanguage":"ro-RO"},{"@type":"Organization","@id":"https:\/\/www.lovendal.ro\/wp52\/#organization","name":"Secretele lui Lovendal","url":"https:\/\/www.lovendal.ro\/wp52\/","logo":{"@type":"ImageObject","inLanguage":"ro-RO","@id":"https:\/\/www.lovendal.ro\/wp52\/#\/schema\/logo\/image\/","url":"https:\/\/www.lovendal.ro\/wp52\/wp-content\/uploads\/2024\/06\/cropped-SLL-iun-2024-1.jpg","contentUrl":"https:\/\/www.lovendal.ro\/wp52\/wp-content\/uploads\/2024\/06\/cropped-SLL-iun-2024-1.jpg","width":771,"height":240,"caption":"Secretele lui Lovendal"},"image":{"@id":"https:\/\/www.lovendal.ro\/wp52\/#\/schema\/logo\/image\/"},"sameAs":["https:\/\/www.facebook.com\/secreteleluilovendal"]},{"@type":"Person","@id":"https:\/\/www.lovendal.ro\/wp52\/#\/schema\/person\/088691de5dfc346bb0c023e1e52ef5d9","name":"admin","image":{"@type":"ImageObject","inLanguage":"ro-RO","@id":"https:\/\/secure.gravatar.com\/avatar\/ecb9cd41f5f63c9c9b989999a59f6e2639a865ec361e9db054db0679a8f341c2?s=96&d=mm&r=g","url":"https:\/\/secure.gravatar.com\/avatar\/ecb9cd41f5f63c9c9b989999a59f6e2639a865ec361e9db054db0679a8f341c2?s=96&d=mm&r=g","contentUrl":"https:\/\/secure.gravatar.com\/avatar\/ecb9cd41f5f63c9c9b989999a59f6e2639a865ec361e9db054db0679a8f341c2?s=96&d=mm&r=g","caption":"admin"},"sameAs":["https:\/\/www.lovendal.ro\/wp52"]}]}},"_links":{"self":[{"href":"https:\/\/www.lovendal.ro\/wp52\/wp-json\/wp\/v2\/posts\/82460","targetHints":{"allow":["GET"]}}],"collection":[{"href":"https:\/\/www.lovendal.ro\/wp52\/wp-json\/wp\/v2\/posts"}],"about":[{"href":"https:\/\/www.lovendal.ro\/wp52\/wp-json\/wp\/v2\/types\/post"}],"author":[{"embeddable":true,"href":"https:\/\/www.lovendal.ro\/wp52\/wp-json\/wp\/v2\/users\/1"}],"replies":[{"embeddable":true,"href":"https:\/\/www.lovendal.ro\/wp52\/wp-json\/wp\/v2\/comments?post=82460"}],"version-history":[{"count":0,"href":"https:\/\/www.lovendal.ro\/wp52\/wp-json\/wp\/v2\/posts\/82460\/revisions"}],"wp:featuredmedia":[{"embeddable":true,"href":"https:\/\/www.lovendal.ro\/wp52\/wp-json\/wp\/v2\/media\/82461"}],"wp:attachment":[{"href":"https:\/\/www.lovendal.ro\/wp52\/wp-json\/wp\/v2\/media?parent=82460"}],"wp:term":[{"taxonomy":"category","embeddable":true,"href":"https:\/\/www.lovendal.ro\/wp52\/wp-json\/wp\/v2\/categories?post=82460"},{"taxonomy":"post_tag","embeddable":true,"href":"https:\/\/www.lovendal.ro\/wp52\/wp-json\/wp\/v2\/tags?post=82460"}],"curies":[{"name":"wp","href":"https:\/\/api.w.org\/{rel}","templated":true}]}}