{"id":81507,"date":"2022-07-08T07:00:17","date_gmt":"2022-07-08T04:00:17","guid":{"rendered":"https:\/\/www.lovendal.ro\/wp52\/?p=81507"},"modified":"2022-06-30T18:39:34","modified_gmt":"2022-06-30T15:39:34","slug":"ce-a-cautat-ceausescu-in-iran-timp-de-3-zile-in-decembrie-1989-cand-in-tara-noastra-izbucnise-deja-revolutia","status":"publish","type":"post","link":"https:\/\/www.lovendal.ro\/wp52\/ce-a-cautat-ceausescu-in-iran-timp-de-3-zile-in-decembrie-1989-cand-in-tara-noastra-izbucnise-deja-revolutia\/","title":{"rendered":"Ce-a c\u0103utat Ceau\u015fescu \u00een Iran, timp de 3 zile, \u00een decembrie 1989, c\u00e2nd \u00een \u0163ara noastr\u0103 izbucnise deja revolu\u0163ia?"},"content":{"rendered":"<p><a href=\"https:\/\/www.lovendal.ro\/wp52\/wp-content\/uploads\/2022\/06\/Ceausescu-Iran.jpg\"><img loading=\"lazy\" decoding=\"async\" class=\"alignleft size-full wp-image-81508\" src=\"https:\/\/www.lovendal.ro\/wp52\/wp-content\/uploads\/2022\/06\/Ceausescu-Iran.jpg\" alt=\"\" width=\"361\" height=\"276\" srcset=\"https:\/\/www.lovendal.ro\/wp52\/wp-content\/uploads\/2022\/06\/Ceausescu-Iran.jpg 361w, https:\/\/www.lovendal.ro\/wp52\/wp-content\/uploads\/2022\/06\/Ceausescu-Iran-300x229.jpg 300w\" sizes=\"auto, (max-width: 361px) 100vw, 361px\" \/><\/a>Chiar c\u00e2nd revoltele au ap\u0103rut \u00een Timi\u015foara, pe 17 decembrie 1989, \u015fi c\u00e2nd avea informa\u0163ii c\u0103 tot felul de agenturi str\u0103ine se aflau \u00een \u0163ar\u0103, Ceau\u015fescu face o vizit\u0103 suprinz\u0103toare \u00een Iran, \u00eentre 17 \u015fi 20 decembrie 1989. De ce-a stat at\u00e2tea zile \u00een Iran, c\u00e2nd \u015ftia c\u0103 \u00een \u0163ar\u0103 focul se aprinde? S-a vorbit foarte mult despre scopul acestei vizite \u015fi s-au f\u0103cut multe specula\u0163ii. Dar se pare c\u0103 scopul acestei vizite a fost unul economic &#8211; pentru consolidarea independen\u0163ei economice a Rom\u00e2niei. Ceau\u015fescu \u015fi-a dat seama c\u0103, pentru a nu mai depinde de b\u0103ncile str\u0103ine sau institu\u0163iile interna\u0163ionale, trebuie s\u0103 fac\u0103 totul pentru a produce toate bunurile \u00een \u0163ar\u0103.<\/p>\n<p>Ceau\u015fescu dorea ca s\u0103 se \u00eencheie cu Iranul un contract economic foarte important, de tip barter: petrol contra arme, un contract \u00een valoare de 7 miliarde de dolari. Astfel, se pare c\u0103 proiectul de contract prevedea v\u00e2nzarea a 155 de tancuri T-55 \u015fi tot at\u00e2tea avioane de lupt\u0103 IAR-93, la pre\u0163ul de 10 milioane de dolari bucata. De asemenea, se mai prevedea repararea \u015fi modernizarea \u00eentregului echipament militar al armatei iraniene importat pe parcursul anilor trecu\u0163i din statele apar\u0163in\u00e2nd Tratatului de la Var\u015fovia. Totodat\u0103, Rom\u00e2nia se angaja s\u0103 construiasc\u0103 o baz\u0103 naval\u0103 iranien\u0103 \u015fi s\u0103 fac\u0103 reconversia unei fabrici de tractoare \u00een fabric\u0103 de vehicule militare. \u00cen schimbul acestor lucruri, Rom\u00e2nia urma s\u0103 primeasc\u0103 anual 130.000 de tone de petrol \u015fi un miliard de metri cubi de gaze naturale, ceea ce ar fi f\u0103cut-o independent\u0103 fa\u0163\u0103 de importurile din Uniunea Sovietic\u0103, importuri care erau condi\u0163ionate de livr\u0103ri de produse alimentare, mai profitabil de v\u00e2ndut \u00een Occident \u015fi produse de larg consum, care lipseau \u00een \u0163ar\u0103, \u00een mare parte. Exportul acestor produse c\u0103tre URSS genera mari nemul\u0163umiri \u00een r\u00e2ndul popula\u0163iei.<\/p>\n<p>De asemenea, se f\u0103cuser\u0103 proiecte de rafinare la N\u0103vodari a unor mari cantit\u0103\u0163i de \u0163i\u0163ei iranian \u015fi exportarea produselor rafinate c\u0103tre ter\u0163i. \u00centreaga opera\u0163iune de transport urma a fi efectuat\u0103 de flota Rom\u00e2niei. Astfel, Iranul era pe cale s\u0103 devin\u0103 un partener economic de foarte mare importan\u0163\u0103 pentru Rom\u00e2nia.<\/p>\n<p>Totodat\u0103, Ceau\u015fescu preconiza ca Iranul s\u0103 fie unul dintre cei mai importan\u0163i parteneri ai Rom\u00e2niei \u00een privin\u0163a activit\u0103\u0163ilor de export de capital. Importan\u0163a acestor contracte a fost cea care l-a f\u0103cut pe Ceau\u015fescu s\u0103 plece la Teheran, \u00een ciuda revoltei populare declan\u015fat\u0103 la Timi\u015foara.<\/p>\n","protected":false},"excerpt":{"rendered":"<p>Chiar c\u00e2nd revoltele au ap\u0103rut \u00een Timi\u015foara, pe 17 decembrie 1989, \u015fi c\u00e2nd avea informa\u0163ii c\u0103 tot felul de agenturi str\u0103ine se aflau \u00een \u0163ar\u0103, Ceau\u015fescu face o vizit\u0103 suprinz\u0103toare \u00een Iran, \u00eentre 17 \u015fi 20 decembrie 1989. De ce-a &#8230; <\/p>\n<p class=\"read-more-container\"><a title=\"Ce-a c\u0103utat Ceau\u015fescu \u00een Iran, timp de 3 zile, \u00een decembrie 1989, c\u00e2nd \u00een \u0163ara noastr\u0103 izbucnise deja revolu\u0163ia?\" class=\"read-more button\" href=\"https:\/\/www.lovendal.ro\/wp52\/ce-a-cautat-ceausescu-in-iran-timp-de-3-zile-in-decembrie-1989-cand-in-tara-noastra-izbucnise-deja-revolutia\/#more-81507\" aria-label=\"Cite\u0219te mai multe despre Ce-a c\u0103utat Ceau\u015fescu \u00een Iran, timp de 3 zile, \u00een decembrie 1989, c\u00e2nd \u00een \u0163ara noastr\u0103 izbucnise deja revolu\u0163ia?\">Cititi mai multe<\/a><\/p>\n","protected":false},"author":1,"featured_media":81508,"comment_status":"open","ping_status":"open","sticky":false,"template":"","format":"standard","meta":{"footnotes":""},"categories":[475],"tags":[127,13396,123,222,135,358,115,8325,470,3234,589,74,5384,4031,2707,5598,298],"class_list":["post-81507","post","type-post","status-publish","format-standard","has-post-thumbnail","hentry","category-conspiratii-mistere","tag-alimente","tag-armament","tag-avioane","tag-banci","tag-ceausescu","tag-conspiratii-si-mistere","tag-dolari","tag-gaze-naturale","tag-iran","tag-petrol","tag-revolutia-romana-din-89","tag-romania","tag-tancuri","tag-teheran","tag-timisoara","tag-tratatul-de-la-varsovia","tag-urss","resize-featured-image"],"yoast_head":"<!-- This site is optimized with the Yoast SEO Premium plugin v23.3 (Yoast SEO v27.4) - https:\/\/yoast.com\/product\/yoast-seo-premium-wordpress\/ -->\n<title>Ce-a c\u0103utat Ceau\u015fescu \u00een Iran, timp de 3 zile, \u00een decembrie 1989, c\u00e2nd \u00een \u0163ara noastr\u0103 izbucnise deja revolu\u0163ia? - Secretele lui Lovendal<\/title>\n<meta name=\"robots\" content=\"index, follow, max-snippet:-1, max-image-preview:large, max-video-preview:-1\" \/>\n<link rel=\"canonical\" href=\"https:\/\/www.lovendal.ro\/wp52\/ce-a-cautat-ceausescu-in-iran-timp-de-3-zile-in-decembrie-1989-cand-in-tara-noastra-izbucnise-deja-revolutia\/\" \/>\n<meta property=\"og:locale\" content=\"ro_RO\" \/>\n<meta property=\"og:type\" content=\"article\" \/>\n<meta property=\"og:title\" content=\"Ce-a c\u0103utat Ceau\u015fescu \u00een Iran, timp de 3 zile, \u00een decembrie 1989, c\u00e2nd \u00een \u0163ara noastr\u0103 izbucnise deja revolu\u0163ia?\" \/>\n<meta property=\"og:description\" content=\"Chiar c\u00e2nd revoltele au ap\u0103rut \u00een Timi\u015foara, pe 17 decembrie 1989, \u015fi c\u00e2nd avea informa\u0163ii c\u0103 tot felul de agenturi str\u0103ine se aflau \u00een \u0163ar\u0103, Ceau\u015fescu face o vizit\u0103 suprinz\u0103toare \u00een Iran, \u00eentre 17 \u015fi 20 decembrie 1989. De ce-a ... Cititi mai multe\" \/>\n<meta property=\"og:url\" content=\"https:\/\/www.lovendal.ro\/wp52\/ce-a-cautat-ceausescu-in-iran-timp-de-3-zile-in-decembrie-1989-cand-in-tara-noastra-izbucnise-deja-revolutia\/\" \/>\n<meta property=\"og:site_name\" content=\"Secretele lui Lovendal\" \/>\n<meta property=\"article:publisher\" content=\"https:\/\/www.facebook.com\/secreteleluilovendal\" \/>\n<meta property=\"article:published_time\" content=\"2022-07-08T04:00:17+00:00\" \/>\n<meta property=\"og:image\" content=\"https:\/\/www.lovendal.ro\/wp52\/wp-content\/uploads\/2022\/06\/Ceausescu-Iran.jpg\" \/>\n\t<meta property=\"og:image:width\" content=\"361\" \/>\n\t<meta property=\"og:image:height\" content=\"276\" \/>\n\t<meta property=\"og:image:type\" content=\"image\/jpeg\" \/>\n<meta name=\"author\" content=\"admin\" \/>\n<meta name=\"twitter:card\" content=\"summary_large_image\" \/>\n<meta name=\"twitter:label1\" content=\"Scris de\" \/>\n\t<meta name=\"twitter:data1\" content=\"admin\" \/>\n\t<meta name=\"twitter:label2\" content=\"Timp estimat pentru citire\" \/>\n\t<meta name=\"twitter:data2\" content=\"2 minute\" \/>\n<script type=\"application\/ld+json\" class=\"yoast-schema-graph\">{\"@context\":\"https:\\\/\\\/schema.org\",\"@graph\":[{\"@type\":\"Article\",\"@id\":\"https:\\\/\\\/www.lovendal.ro\\\/wp52\\\/ce-a-cautat-ceausescu-in-iran-timp-de-3-zile-in-decembrie-1989-cand-in-tara-noastra-izbucnise-deja-revolutia\\\/#article\",\"isPartOf\":{\"@id\":\"https:\\\/\\\/www.lovendal.ro\\\/wp52\\\/ce-a-cautat-ceausescu-in-iran-timp-de-3-zile-in-decembrie-1989-cand-in-tara-noastra-izbucnise-deja-revolutia\\\/\"},\"author\":{\"name\":\"admin\",\"@id\":\"https:\\\/\\\/www.lovendal.ro\\\/wp52\\\/#\\\/schema\\\/person\\\/088691de5dfc346bb0c023e1e52ef5d9\"},\"headline\":\"Ce-a c\u0103utat Ceau\u015fescu \u00een Iran, timp de 3 zile, \u00een decembrie 1989, c\u00e2nd \u00een \u0163ara noastr\u0103 izbucnise deja revolu\u0163ia?\",\"datePublished\":\"2022-07-08T04:00:17+00:00\",\"mainEntityOfPage\":{\"@id\":\"https:\\\/\\\/www.lovendal.ro\\\/wp52\\\/ce-a-cautat-ceausescu-in-iran-timp-de-3-zile-in-decembrie-1989-cand-in-tara-noastra-izbucnise-deja-revolutia\\\/\"},\"wordCount\":451,\"commentCount\":0,\"publisher\":{\"@id\":\"https:\\\/\\\/www.lovendal.ro\\\/wp52\\\/#organization\"},\"image\":{\"@id\":\"https:\\\/\\\/www.lovendal.ro\\\/wp52\\\/ce-a-cautat-ceausescu-in-iran-timp-de-3-zile-in-decembrie-1989-cand-in-tara-noastra-izbucnise-deja-revolutia\\\/#primaryimage\"},\"thumbnailUrl\":\"https:\\\/\\\/www.lovendal.ro\\\/wp52\\\/wp-content\\\/uploads\\\/2022\\\/06\\\/Ceausescu-Iran.jpg\",\"keywords\":[\"alimente\",\"armament\",\"avioane\",\"b\u0103nci\",\"Ceau\u015fescu\",\"Conspiratii si Mistere\",\"dolari\",\"gaze naturale\",\"Iran\",\"petrol\",\"Revolu\u0163ia rom\u00e2n\u0103 din 89\",\"Rom\u00e2nia\",\"tancuri\",\"Teheran\",\"Timi\u015foara\",\"tratatul de la Var\u015fovia\",\"URSS\"],\"articleSection\":[\"Conspiratii si Mistere\"],\"inLanguage\":\"ro-RO\",\"potentialAction\":[{\"@type\":\"CommentAction\",\"name\":\"Comment\",\"target\":[\"https:\\\/\\\/www.lovendal.ro\\\/wp52\\\/ce-a-cautat-ceausescu-in-iran-timp-de-3-zile-in-decembrie-1989-cand-in-tara-noastra-izbucnise-deja-revolutia\\\/#respond\"]}]},{\"@type\":\"WebPage\",\"@id\":\"https:\\\/\\\/www.lovendal.ro\\\/wp52\\\/ce-a-cautat-ceausescu-in-iran-timp-de-3-zile-in-decembrie-1989-cand-in-tara-noastra-izbucnise-deja-revolutia\\\/\",\"url\":\"https:\\\/\\\/www.lovendal.ro\\\/wp52\\\/ce-a-cautat-ceausescu-in-iran-timp-de-3-zile-in-decembrie-1989-cand-in-tara-noastra-izbucnise-deja-revolutia\\\/\",\"name\":\"Ce-a c\u0103utat Ceau\u015fescu \u00een Iran, timp de 3 zile, \u00een decembrie 1989, c\u00e2nd \u00een \u0163ara noastr\u0103 izbucnise deja revolu\u0163ia? - Secretele lui Lovendal\",\"isPartOf\":{\"@id\":\"https:\\\/\\\/www.lovendal.ro\\\/wp52\\\/#website\"},\"primaryImageOfPage\":{\"@id\":\"https:\\\/\\\/www.lovendal.ro\\\/wp52\\\/ce-a-cautat-ceausescu-in-iran-timp-de-3-zile-in-decembrie-1989-cand-in-tara-noastra-izbucnise-deja-revolutia\\\/#primaryimage\"},\"image\":{\"@id\":\"https:\\\/\\\/www.lovendal.ro\\\/wp52\\\/ce-a-cautat-ceausescu-in-iran-timp-de-3-zile-in-decembrie-1989-cand-in-tara-noastra-izbucnise-deja-revolutia\\\/#primaryimage\"},\"thumbnailUrl\":\"https:\\\/\\\/www.lovendal.ro\\\/wp52\\\/wp-content\\\/uploads\\\/2022\\\/06\\\/Ceausescu-Iran.jpg\",\"datePublished\":\"2022-07-08T04:00:17+00:00\",\"breadcrumb\":{\"@id\":\"https:\\\/\\\/www.lovendal.ro\\\/wp52\\\/ce-a-cautat-ceausescu-in-iran-timp-de-3-zile-in-decembrie-1989-cand-in-tara-noastra-izbucnise-deja-revolutia\\\/#breadcrumb\"},\"inLanguage\":\"ro-RO\",\"potentialAction\":[{\"@type\":\"ReadAction\",\"target\":[\"https:\\\/\\\/www.lovendal.ro\\\/wp52\\\/ce-a-cautat-ceausescu-in-iran-timp-de-3-zile-in-decembrie-1989-cand-in-tara-noastra-izbucnise-deja-revolutia\\\/\"]}]},{\"@type\":\"ImageObject\",\"inLanguage\":\"ro-RO\",\"@id\":\"https:\\\/\\\/www.lovendal.ro\\\/wp52\\\/ce-a-cautat-ceausescu-in-iran-timp-de-3-zile-in-decembrie-1989-cand-in-tara-noastra-izbucnise-deja-revolutia\\\/#primaryimage\",\"url\":\"https:\\\/\\\/www.lovendal.ro\\\/wp52\\\/wp-content\\\/uploads\\\/2022\\\/06\\\/Ceausescu-Iran.jpg\",\"contentUrl\":\"https:\\\/\\\/www.lovendal.ro\\\/wp52\\\/wp-content\\\/uploads\\\/2022\\\/06\\\/Ceausescu-Iran.jpg\",\"width\":361,\"height\":276},{\"@type\":\"BreadcrumbList\",\"@id\":\"https:\\\/\\\/www.lovendal.ro\\\/wp52\\\/ce-a-cautat-ceausescu-in-iran-timp-de-3-zile-in-decembrie-1989-cand-in-tara-noastra-izbucnise-deja-revolutia\\\/#breadcrumb\",\"itemListElement\":[{\"@type\":\"ListItem\",\"position\":1,\"name\":\"Home\",\"item\":\"https:\\\/\\\/www.lovendal.ro\\\/wp52\\\/\"},{\"@type\":\"ListItem\",\"position\":2,\"name\":\"Ce-a c\u0103utat Ceau\u015fescu \u00een Iran, timp de 3 zile, \u00een decembrie 1989, c\u00e2nd \u00een \u0163ara noastr\u0103 izbucnise deja revolu\u0163ia?\"}]},{\"@type\":\"WebSite\",\"@id\":\"https:\\\/\\\/www.lovendal.ro\\\/wp52\\\/#website\",\"url\":\"https:\\\/\\\/www.lovendal.ro\\\/wp52\\\/\",\"name\":\"Secretele lui Lovendal\",\"description\":\"Site de secrete, stiinta si metafizica - din 2008 -\",\"publisher\":{\"@id\":\"https:\\\/\\\/www.lovendal.ro\\\/wp52\\\/#organization\"},\"potentialAction\":[{\"@type\":\"SearchAction\",\"target\":{\"@type\":\"EntryPoint\",\"urlTemplate\":\"https:\\\/\\\/www.lovendal.ro\\\/wp52\\\/?s={search_term_string}\"},\"query-input\":{\"@type\":\"PropertyValueSpecification\",\"valueRequired\":true,\"valueName\":\"search_term_string\"}}],\"inLanguage\":\"ro-RO\"},{\"@type\":\"Organization\",\"@id\":\"https:\\\/\\\/www.lovendal.ro\\\/wp52\\\/#organization\",\"name\":\"Secretele lui Lovendal\",\"url\":\"https:\\\/\\\/www.lovendal.ro\\\/wp52\\\/\",\"logo\":{\"@type\":\"ImageObject\",\"inLanguage\":\"ro-RO\",\"@id\":\"https:\\\/\\\/www.lovendal.ro\\\/wp52\\\/#\\\/schema\\\/logo\\\/image\\\/\",\"url\":\"https:\\\/\\\/www.lovendal.ro\\\/wp52\\\/wp-content\\\/uploads\\\/2024\\\/06\\\/cropped-SLL-iun-2024-1.jpg\",\"contentUrl\":\"https:\\\/\\\/www.lovendal.ro\\\/wp52\\\/wp-content\\\/uploads\\\/2024\\\/06\\\/cropped-SLL-iun-2024-1.jpg\",\"width\":771,\"height\":240,\"caption\":\"Secretele lui Lovendal\"},\"image\":{\"@id\":\"https:\\\/\\\/www.lovendal.ro\\\/wp52\\\/#\\\/schema\\\/logo\\\/image\\\/\"},\"sameAs\":[\"https:\\\/\\\/www.facebook.com\\\/secreteleluilovendal\"]},{\"@type\":\"Person\",\"@id\":\"https:\\\/\\\/www.lovendal.ro\\\/wp52\\\/#\\\/schema\\\/person\\\/088691de5dfc346bb0c023e1e52ef5d9\",\"name\":\"admin\",\"image\":{\"@type\":\"ImageObject\",\"inLanguage\":\"ro-RO\",\"@id\":\"https:\\\/\\\/secure.gravatar.com\\\/avatar\\\/ecb9cd41f5f63c9c9b989999a59f6e2639a865ec361e9db054db0679a8f341c2?s=96&d=mm&r=g\",\"url\":\"https:\\\/\\\/secure.gravatar.com\\\/avatar\\\/ecb9cd41f5f63c9c9b989999a59f6e2639a865ec361e9db054db0679a8f341c2?s=96&d=mm&r=g\",\"contentUrl\":\"https:\\\/\\\/secure.gravatar.com\\\/avatar\\\/ecb9cd41f5f63c9c9b989999a59f6e2639a865ec361e9db054db0679a8f341c2?s=96&d=mm&r=g\",\"caption\":\"admin\"},\"sameAs\":[\"https:\\\/\\\/www.lovendal.ro\\\/wp52\"]}]}<\/script>\n<!-- \/ Yoast SEO Premium plugin. -->","yoast_head_json":{"title":"Ce-a c\u0103utat Ceau\u015fescu \u00een Iran, timp de 3 zile, \u00een decembrie 1989, c\u00e2nd \u00een \u0163ara noastr\u0103 izbucnise deja revolu\u0163ia? - Secretele lui Lovendal","robots":{"index":"index","follow":"follow","max-snippet":"max-snippet:-1","max-image-preview":"max-image-preview:large","max-video-preview":"max-video-preview:-1"},"canonical":"https:\/\/www.lovendal.ro\/wp52\/ce-a-cautat-ceausescu-in-iran-timp-de-3-zile-in-decembrie-1989-cand-in-tara-noastra-izbucnise-deja-revolutia\/","og_locale":"ro_RO","og_type":"article","og_title":"Ce-a c\u0103utat Ceau\u015fescu \u00een Iran, timp de 3 zile, \u00een decembrie 1989, c\u00e2nd \u00een \u0163ara noastr\u0103 izbucnise deja revolu\u0163ia?","og_description":"Chiar c\u00e2nd revoltele au ap\u0103rut \u00een Timi\u015foara, pe 17 decembrie 1989, \u015fi c\u00e2nd avea informa\u0163ii c\u0103 tot felul de agenturi str\u0103ine se aflau \u00een \u0163ar\u0103, Ceau\u015fescu face o vizit\u0103 suprinz\u0103toare \u00een Iran, \u00eentre 17 \u015fi 20 decembrie 1989. De ce-a ... Cititi mai multe","og_url":"https:\/\/www.lovendal.ro\/wp52\/ce-a-cautat-ceausescu-in-iran-timp-de-3-zile-in-decembrie-1989-cand-in-tara-noastra-izbucnise-deja-revolutia\/","og_site_name":"Secretele lui Lovendal","article_publisher":"https:\/\/www.facebook.com\/secreteleluilovendal","article_published_time":"2022-07-08T04:00:17+00:00","og_image":[{"width":361,"height":276,"url":"https:\/\/www.lovendal.ro\/wp52\/wp-content\/uploads\/2022\/06\/Ceausescu-Iran.jpg","type":"image\/jpeg"}],"author":"admin","twitter_card":"summary_large_image","twitter_misc":{"Scris de":"admin","Timp estimat pentru citire":"2 minute"},"schema":{"@context":"https:\/\/schema.org","@graph":[{"@type":"Article","@id":"https:\/\/www.lovendal.ro\/wp52\/ce-a-cautat-ceausescu-in-iran-timp-de-3-zile-in-decembrie-1989-cand-in-tara-noastra-izbucnise-deja-revolutia\/#article","isPartOf":{"@id":"https:\/\/www.lovendal.ro\/wp52\/ce-a-cautat-ceausescu-in-iran-timp-de-3-zile-in-decembrie-1989-cand-in-tara-noastra-izbucnise-deja-revolutia\/"},"author":{"name":"admin","@id":"https:\/\/www.lovendal.ro\/wp52\/#\/schema\/person\/088691de5dfc346bb0c023e1e52ef5d9"},"headline":"Ce-a c\u0103utat Ceau\u015fescu \u00een Iran, timp de 3 zile, \u00een decembrie 1989, c\u00e2nd \u00een \u0163ara noastr\u0103 izbucnise deja revolu\u0163ia?","datePublished":"2022-07-08T04:00:17+00:00","mainEntityOfPage":{"@id":"https:\/\/www.lovendal.ro\/wp52\/ce-a-cautat-ceausescu-in-iran-timp-de-3-zile-in-decembrie-1989-cand-in-tara-noastra-izbucnise-deja-revolutia\/"},"wordCount":451,"commentCount":0,"publisher":{"@id":"https:\/\/www.lovendal.ro\/wp52\/#organization"},"image":{"@id":"https:\/\/www.lovendal.ro\/wp52\/ce-a-cautat-ceausescu-in-iran-timp-de-3-zile-in-decembrie-1989-cand-in-tara-noastra-izbucnise-deja-revolutia\/#primaryimage"},"thumbnailUrl":"https:\/\/www.lovendal.ro\/wp52\/wp-content\/uploads\/2022\/06\/Ceausescu-Iran.jpg","keywords":["alimente","armament","avioane","b\u0103nci","Ceau\u015fescu","Conspiratii si Mistere","dolari","gaze naturale","Iran","petrol","Revolu\u0163ia rom\u00e2n\u0103 din 89","Rom\u00e2nia","tancuri","Teheran","Timi\u015foara","tratatul de la Var\u015fovia","URSS"],"articleSection":["Conspiratii si Mistere"],"inLanguage":"ro-RO","potentialAction":[{"@type":"CommentAction","name":"Comment","target":["https:\/\/www.lovendal.ro\/wp52\/ce-a-cautat-ceausescu-in-iran-timp-de-3-zile-in-decembrie-1989-cand-in-tara-noastra-izbucnise-deja-revolutia\/#respond"]}]},{"@type":"WebPage","@id":"https:\/\/www.lovendal.ro\/wp52\/ce-a-cautat-ceausescu-in-iran-timp-de-3-zile-in-decembrie-1989-cand-in-tara-noastra-izbucnise-deja-revolutia\/","url":"https:\/\/www.lovendal.ro\/wp52\/ce-a-cautat-ceausescu-in-iran-timp-de-3-zile-in-decembrie-1989-cand-in-tara-noastra-izbucnise-deja-revolutia\/","name":"Ce-a c\u0103utat Ceau\u015fescu \u00een Iran, timp de 3 zile, \u00een decembrie 1989, c\u00e2nd \u00een \u0163ara noastr\u0103 izbucnise deja revolu\u0163ia? - Secretele lui Lovendal","isPartOf":{"@id":"https:\/\/www.lovendal.ro\/wp52\/#website"},"primaryImageOfPage":{"@id":"https:\/\/www.lovendal.ro\/wp52\/ce-a-cautat-ceausescu-in-iran-timp-de-3-zile-in-decembrie-1989-cand-in-tara-noastra-izbucnise-deja-revolutia\/#primaryimage"},"image":{"@id":"https:\/\/www.lovendal.ro\/wp52\/ce-a-cautat-ceausescu-in-iran-timp-de-3-zile-in-decembrie-1989-cand-in-tara-noastra-izbucnise-deja-revolutia\/#primaryimage"},"thumbnailUrl":"https:\/\/www.lovendal.ro\/wp52\/wp-content\/uploads\/2022\/06\/Ceausescu-Iran.jpg","datePublished":"2022-07-08T04:00:17+00:00","breadcrumb":{"@id":"https:\/\/www.lovendal.ro\/wp52\/ce-a-cautat-ceausescu-in-iran-timp-de-3-zile-in-decembrie-1989-cand-in-tara-noastra-izbucnise-deja-revolutia\/#breadcrumb"},"inLanguage":"ro-RO","potentialAction":[{"@type":"ReadAction","target":["https:\/\/www.lovendal.ro\/wp52\/ce-a-cautat-ceausescu-in-iran-timp-de-3-zile-in-decembrie-1989-cand-in-tara-noastra-izbucnise-deja-revolutia\/"]}]},{"@type":"ImageObject","inLanguage":"ro-RO","@id":"https:\/\/www.lovendal.ro\/wp52\/ce-a-cautat-ceausescu-in-iran-timp-de-3-zile-in-decembrie-1989-cand-in-tara-noastra-izbucnise-deja-revolutia\/#primaryimage","url":"https:\/\/www.lovendal.ro\/wp52\/wp-content\/uploads\/2022\/06\/Ceausescu-Iran.jpg","contentUrl":"https:\/\/www.lovendal.ro\/wp52\/wp-content\/uploads\/2022\/06\/Ceausescu-Iran.jpg","width":361,"height":276},{"@type":"BreadcrumbList","@id":"https:\/\/www.lovendal.ro\/wp52\/ce-a-cautat-ceausescu-in-iran-timp-de-3-zile-in-decembrie-1989-cand-in-tara-noastra-izbucnise-deja-revolutia\/#breadcrumb","itemListElement":[{"@type":"ListItem","position":1,"name":"Home","item":"https:\/\/www.lovendal.ro\/wp52\/"},{"@type":"ListItem","position":2,"name":"Ce-a c\u0103utat Ceau\u015fescu \u00een Iran, timp de 3 zile, \u00een decembrie 1989, c\u00e2nd \u00een \u0163ara noastr\u0103 izbucnise deja revolu\u0163ia?"}]},{"@type":"WebSite","@id":"https:\/\/www.lovendal.ro\/wp52\/#website","url":"https:\/\/www.lovendal.ro\/wp52\/","name":"Secretele lui Lovendal","description":"Site de secrete, stiinta si metafizica - din 2008 -","publisher":{"@id":"https:\/\/www.lovendal.ro\/wp52\/#organization"},"potentialAction":[{"@type":"SearchAction","target":{"@type":"EntryPoint","urlTemplate":"https:\/\/www.lovendal.ro\/wp52\/?s={search_term_string}"},"query-input":{"@type":"PropertyValueSpecification","valueRequired":true,"valueName":"search_term_string"}}],"inLanguage":"ro-RO"},{"@type":"Organization","@id":"https:\/\/www.lovendal.ro\/wp52\/#organization","name":"Secretele lui Lovendal","url":"https:\/\/www.lovendal.ro\/wp52\/","logo":{"@type":"ImageObject","inLanguage":"ro-RO","@id":"https:\/\/www.lovendal.ro\/wp52\/#\/schema\/logo\/image\/","url":"https:\/\/www.lovendal.ro\/wp52\/wp-content\/uploads\/2024\/06\/cropped-SLL-iun-2024-1.jpg","contentUrl":"https:\/\/www.lovendal.ro\/wp52\/wp-content\/uploads\/2024\/06\/cropped-SLL-iun-2024-1.jpg","width":771,"height":240,"caption":"Secretele lui Lovendal"},"image":{"@id":"https:\/\/www.lovendal.ro\/wp52\/#\/schema\/logo\/image\/"},"sameAs":["https:\/\/www.facebook.com\/secreteleluilovendal"]},{"@type":"Person","@id":"https:\/\/www.lovendal.ro\/wp52\/#\/schema\/person\/088691de5dfc346bb0c023e1e52ef5d9","name":"admin","image":{"@type":"ImageObject","inLanguage":"ro-RO","@id":"https:\/\/secure.gravatar.com\/avatar\/ecb9cd41f5f63c9c9b989999a59f6e2639a865ec361e9db054db0679a8f341c2?s=96&d=mm&r=g","url":"https:\/\/secure.gravatar.com\/avatar\/ecb9cd41f5f63c9c9b989999a59f6e2639a865ec361e9db054db0679a8f341c2?s=96&d=mm&r=g","contentUrl":"https:\/\/secure.gravatar.com\/avatar\/ecb9cd41f5f63c9c9b989999a59f6e2639a865ec361e9db054db0679a8f341c2?s=96&d=mm&r=g","caption":"admin"},"sameAs":["https:\/\/www.lovendal.ro\/wp52"]}]}},"_links":{"self":[{"href":"https:\/\/www.lovendal.ro\/wp52\/wp-json\/wp\/v2\/posts\/81507","targetHints":{"allow":["GET"]}}],"collection":[{"href":"https:\/\/www.lovendal.ro\/wp52\/wp-json\/wp\/v2\/posts"}],"about":[{"href":"https:\/\/www.lovendal.ro\/wp52\/wp-json\/wp\/v2\/types\/post"}],"author":[{"embeddable":true,"href":"https:\/\/www.lovendal.ro\/wp52\/wp-json\/wp\/v2\/users\/1"}],"replies":[{"embeddable":true,"href":"https:\/\/www.lovendal.ro\/wp52\/wp-json\/wp\/v2\/comments?post=81507"}],"version-history":[{"count":0,"href":"https:\/\/www.lovendal.ro\/wp52\/wp-json\/wp\/v2\/posts\/81507\/revisions"}],"wp:featuredmedia":[{"embeddable":true,"href":"https:\/\/www.lovendal.ro\/wp52\/wp-json\/wp\/v2\/media\/81508"}],"wp:attachment":[{"href":"https:\/\/www.lovendal.ro\/wp52\/wp-json\/wp\/v2\/media?parent=81507"}],"wp:term":[{"taxonomy":"category","embeddable":true,"href":"https:\/\/www.lovendal.ro\/wp52\/wp-json\/wp\/v2\/categories?post=81507"},{"taxonomy":"post_tag","embeddable":true,"href":"https:\/\/www.lovendal.ro\/wp52\/wp-json\/wp\/v2\/tags?post=81507"}],"curies":[{"name":"wp","href":"https:\/\/api.w.org\/{rel}","templated":true}]}}