{"id":81262,"date":"2022-06-21T16:27:55","date_gmt":"2022-06-21T13:27:55","guid":{"rendered":"https:\/\/www.lovendal.ro\/wp52\/?p=81262"},"modified":"2022-06-21T16:27:55","modified_gmt":"2022-06-21T13:27:55","slug":"elon-musk-a-lansat-in-spatiu-o-racheta-care-a-creat-un-fenomen-bizar-pe-cer-asemenea-unei-galaxii","status":"publish","type":"post","link":"https:\/\/www.lovendal.ro\/wp52\/elon-musk-a-lansat-in-spatiu-o-racheta-care-a-creat-un-fenomen-bizar-pe-cer-asemenea-unei-galaxii\/","title":{"rendered":"Elon Musk a lansat \u00een spa\u0163iu o rachet\u0103, care a creat un fenomen bizar pe cer, asemenea unei galaxii"},"content":{"rendered":"<p><a href=\"https:\/\/www.lovendal.ro\/wp52\/wp-content\/uploads\/2022\/06\/racheta-lui-Tesla-coperta.jpg\"><img loading=\"lazy\" decoding=\"async\" class=\"alignleft size-full wp-image-81265\" src=\"https:\/\/www.lovendal.ro\/wp52\/wp-content\/uploads\/2022\/06\/racheta-lui-Tesla-coperta.jpg\" alt=\"\" width=\"365\" height=\"205\" srcset=\"https:\/\/www.lovendal.ro\/wp52\/wp-content\/uploads\/2022\/06\/racheta-lui-Tesla-coperta.jpg 365w, https:\/\/www.lovendal.ro\/wp52\/wp-content\/uploads\/2022\/06\/racheta-lui-Tesla-coperta-300x168.jpg 300w\" sizes=\"auto, (max-width: 365px) 100vw, 365px\" \/><\/a>Duminic\u0103 diminea\u021ba, pe 19 iunie 2022, compania miliardarului Elon Musk, SpaceX, a lansat o rachet\u0103 Falcon 9 de pe cosmodromul de la Cape Canaveral, rachet\u0103 care a transportat un satelit de comunica\u021bii Globalstar. \u00cen c\u00e2teva ore, oamenii din \u00eentreaga lume au \u00eenceput s\u0103 vad\u0103 lucruri ciudate pe cer.<\/p>\n<p>La aproape dou\u0103 ore de la lansare, treapta superioar\u0103 a rachetei Falcon 9 a desf\u0103\u0219urat satelitul Globalstar. La acea vreme, racheta avea peste 1100 km \u00een\u0103l\u021bime, a\u0219a c\u0103 oamenii au putut s\u0103 o vad\u0103 \u00een mare parte din America de Nord. Iat\u0103 cum ar\u0103ta:<\/p>\n<p><a href=\"https:\/\/www.lovendal.ro\/wp52\/wp-content\/uploads\/2022\/06\/racheta-lui-Tesla-1.jpg\"><img loading=\"lazy\" decoding=\"async\" class=\"aligncenter size-full wp-image-81263\" src=\"https:\/\/www.lovendal.ro\/wp52\/wp-content\/uploads\/2022\/06\/racheta-lui-Tesla-1.jpg\" alt=\"\" width=\"538\" height=\"302\" srcset=\"https:\/\/www.lovendal.ro\/wp52\/wp-content\/uploads\/2022\/06\/racheta-lui-Tesla-1.jpg 538w, https:\/\/www.lovendal.ro\/wp52\/wp-content\/uploads\/2022\/06\/racheta-lui-Tesla-1-300x168.jpg 300w\" sizes=\"auto, (max-width: 538px) 100vw, 538px\" \/><\/a><\/p>\n<p>La o or\u0103 dup\u0103 inelul de fum, lucrurile au devenit foarte ciudate. Observatorii cerului din Noua Zeeland\u0103 au v\u0103zut asta:<\/p>\n<p><a href=\"https:\/\/www.lovendal.ro\/wp52\/wp-content\/uploads\/2022\/06\/racheta-lui-Tesla-2.jpg\"><img loading=\"lazy\" decoding=\"async\" class=\"aligncenter size-full wp-image-81264\" src=\"https:\/\/www.lovendal.ro\/wp52\/wp-content\/uploads\/2022\/06\/racheta-lui-Tesla-2.jpg\" alt=\"\" width=\"538\" height=\"302\" srcset=\"https:\/\/www.lovendal.ro\/wp52\/wp-content\/uploads\/2022\/06\/racheta-lui-Tesla-2.jpg 538w, https:\/\/www.lovendal.ro\/wp52\/wp-content\/uploads\/2022\/06\/racheta-lui-Tesla-2-300x168.jpg 300w\" sizes=\"auto, (max-width: 538px) 100vw, 538px\" \/><\/a><\/p>\n<p>Fotograful Alasdair Burns de la Twinkle Dark Sky Tours, de pe Insula Stewart, a declarat pentru Spaceweather: <em>&#8222;P\u0103rea o galaxie frumoas\u0103, era o spiral\u0103 care se \u00eenv\u00e2rtea foarte \u00eencet, care a \u00eenceput de la o m\u0103rime mic\u0103 \u0219i s-a extins treptat&#8221;<\/em>.<\/p>\n<p>Au existat multe discu\u021bii pe Internet despre o misiune secret\u0103 a rachetei Falcon 9. Anali\u015ftii cred c\u0103 un satelit secret ar fi putut fi pus \u00een spa\u0163iu de c\u0103tre rachet\u0103 la aproximativ 10,5 minute dup\u0103 lansare.<\/p>\n<p><iframe loading=\"lazy\" title=\"YouTube video player\" src=\"https:\/\/www.youtube.com\/embed\/0RL7P368jXw\" width=\"560\" height=\"315\" frameborder=\"0\" allowfullscreen=\"allowfullscreen\"><\/iframe><\/p>\n","protected":false},"excerpt":{"rendered":"<p>Duminic\u0103 diminea\u021ba, pe 19 iunie 2022, compania miliardarului Elon Musk, SpaceX, a lansat o rachet\u0103 Falcon 9 de pe cosmodromul de la Cape Canaveral, rachet\u0103 care a transportat un satelit de comunica\u021bii Globalstar. \u00cen c\u00e2teva ore, oamenii din \u00eentreaga lume &#8230; <\/p>\n<p class=\"read-more-container\"><a title=\"Elon Musk a lansat \u00een spa\u0163iu o rachet\u0103, care a creat un fenomen bizar pe cer, asemenea unei galaxii\" class=\"read-more button\" href=\"https:\/\/www.lovendal.ro\/wp52\/elon-musk-a-lansat-in-spatiu-o-racheta-care-a-creat-un-fenomen-bizar-pe-cer-asemenea-unei-galaxii\/#more-81262\" aria-label=\"Cite\u0219te mai multe despre Elon Musk a lansat \u00een spa\u0163iu o rachet\u0103, care a creat un fenomen bizar pe cer, asemenea unei galaxii\">Cititi mai multe<\/a><\/p>\n","protected":false},"author":1,"featured_media":81265,"comment_status":"open","ping_status":"open","sticky":false,"template":"","format":"standard","meta":{"footnotes":""},"categories":[5040],"tags":[5045,9818,8541,8773,5607,433,1784,13,1635,600,11791],"class_list":["post-81262","post","type-post","status-publish","format-standard","has-post-thumbnail","hentry","category-bizar","tag-america-de-nord","tag-bizar","tag-cape-canaveral","tag-elon-musk","tag-fotograf","tag-galaxie","tag-insula","tag-noua-zeelanda","tag-racheta","tag-satelit","tag-space-x","resize-featured-image"],"yoast_head":"<!-- This site is optimized with the Yoast SEO Premium plugin v23.3 (Yoast SEO v27.4) - https:\/\/yoast.com\/product\/yoast-seo-premium-wordpress\/ -->\n<title>Elon Musk a lansat \u00een spa\u0163iu o rachet\u0103, care a creat un fenomen bizar pe cer, asemenea unei galaxii - Secretele lui Lovendal<\/title>\n<meta name=\"robots\" content=\"index, follow, max-snippet:-1, max-image-preview:large, max-video-preview:-1\" \/>\n<link rel=\"canonical\" href=\"https:\/\/www.lovendal.ro\/wp52\/elon-musk-a-lansat-in-spatiu-o-racheta-care-a-creat-un-fenomen-bizar-pe-cer-asemenea-unei-galaxii\/\" \/>\n<meta property=\"og:locale\" content=\"ro_RO\" \/>\n<meta property=\"og:type\" content=\"article\" \/>\n<meta property=\"og:title\" content=\"Elon Musk a lansat \u00een spa\u0163iu o rachet\u0103, care a creat un fenomen bizar pe cer, asemenea unei galaxii\" \/>\n<meta property=\"og:description\" content=\"Duminic\u0103 diminea\u021ba, pe 19 iunie 2022, compania miliardarului Elon Musk, SpaceX, a lansat o rachet\u0103 Falcon 9 de pe cosmodromul de la Cape Canaveral, rachet\u0103 care a transportat un satelit de comunica\u021bii Globalstar. \u00cen c\u00e2teva ore, oamenii din \u00eentreaga lume ... Cititi mai multe\" \/>\n<meta property=\"og:url\" content=\"https:\/\/www.lovendal.ro\/wp52\/elon-musk-a-lansat-in-spatiu-o-racheta-care-a-creat-un-fenomen-bizar-pe-cer-asemenea-unei-galaxii\/\" \/>\n<meta property=\"og:site_name\" content=\"Secretele lui Lovendal\" \/>\n<meta property=\"article:publisher\" content=\"https:\/\/www.facebook.com\/secreteleluilovendal\" \/>\n<meta property=\"article:published_time\" content=\"2022-06-21T13:27:55+00:00\" \/>\n<meta property=\"og:image\" content=\"https:\/\/www.lovendal.ro\/wp52\/wp-content\/uploads\/2022\/06\/racheta-lui-Tesla-coperta.jpg\" \/>\n\t<meta property=\"og:image:width\" content=\"365\" \/>\n\t<meta property=\"og:image:height\" content=\"205\" \/>\n\t<meta property=\"og:image:type\" content=\"image\/jpeg\" \/>\n<meta name=\"author\" content=\"admin\" \/>\n<meta name=\"twitter:card\" content=\"summary_large_image\" \/>\n<meta name=\"twitter:label1\" content=\"Scris de\" \/>\n\t<meta name=\"twitter:data1\" content=\"admin\" \/>\n\t<meta name=\"twitter:label2\" content=\"Timp estimat pentru citire\" \/>\n\t<meta name=\"twitter:data2\" content=\"1 minut\" \/>\n<script type=\"application\/ld+json\" class=\"yoast-schema-graph\">{\"@context\":\"https:\\\/\\\/schema.org\",\"@graph\":[{\"@type\":\"Article\",\"@id\":\"https:\\\/\\\/www.lovendal.ro\\\/wp52\\\/elon-musk-a-lansat-in-spatiu-o-racheta-care-a-creat-un-fenomen-bizar-pe-cer-asemenea-unei-galaxii\\\/#article\",\"isPartOf\":{\"@id\":\"https:\\\/\\\/www.lovendal.ro\\\/wp52\\\/elon-musk-a-lansat-in-spatiu-o-racheta-care-a-creat-un-fenomen-bizar-pe-cer-asemenea-unei-galaxii\\\/\"},\"author\":{\"name\":\"admin\",\"@id\":\"https:\\\/\\\/www.lovendal.ro\\\/wp52\\\/#\\\/schema\\\/person\\\/088691de5dfc346bb0c023e1e52ef5d9\"},\"headline\":\"Elon Musk a lansat \u00een spa\u0163iu o rachet\u0103, care a creat un fenomen bizar pe cer, asemenea unei galaxii\",\"datePublished\":\"2022-06-21T13:27:55+00:00\",\"mainEntityOfPage\":{\"@id\":\"https:\\\/\\\/www.lovendal.ro\\\/wp52\\\/elon-musk-a-lansat-in-spatiu-o-racheta-care-a-creat-un-fenomen-bizar-pe-cer-asemenea-unei-galaxii\\\/\"},\"wordCount\":218,\"commentCount\":0,\"publisher\":{\"@id\":\"https:\\\/\\\/www.lovendal.ro\\\/wp52\\\/#organization\"},\"image\":{\"@id\":\"https:\\\/\\\/www.lovendal.ro\\\/wp52\\\/elon-musk-a-lansat-in-spatiu-o-racheta-care-a-creat-un-fenomen-bizar-pe-cer-asemenea-unei-galaxii\\\/#primaryimage\"},\"thumbnailUrl\":\"https:\\\/\\\/www.lovendal.ro\\\/wp52\\\/wp-content\\\/uploads\\\/2022\\\/06\\\/racheta-lui-Tesla-coperta.jpg\",\"keywords\":[\"America de Nord\",\"Bizar\",\"Cape Canaveral\",\"Elon Musk\",\"fotograf\",\"galaxie\",\"insul\u0103\",\"Noua Zeeland\u0103\",\"rachet\u0103\",\"satelit\",\"Space X\"],\"articleSection\":[\"Bizar\"],\"inLanguage\":\"ro-RO\",\"potentialAction\":[{\"@type\":\"CommentAction\",\"name\":\"Comment\",\"target\":[\"https:\\\/\\\/www.lovendal.ro\\\/wp52\\\/elon-musk-a-lansat-in-spatiu-o-racheta-care-a-creat-un-fenomen-bizar-pe-cer-asemenea-unei-galaxii\\\/#respond\"]}]},{\"@type\":\"WebPage\",\"@id\":\"https:\\\/\\\/www.lovendal.ro\\\/wp52\\\/elon-musk-a-lansat-in-spatiu-o-racheta-care-a-creat-un-fenomen-bizar-pe-cer-asemenea-unei-galaxii\\\/\",\"url\":\"https:\\\/\\\/www.lovendal.ro\\\/wp52\\\/elon-musk-a-lansat-in-spatiu-o-racheta-care-a-creat-un-fenomen-bizar-pe-cer-asemenea-unei-galaxii\\\/\",\"name\":\"Elon Musk a lansat \u00een spa\u0163iu o rachet\u0103, care a creat un fenomen bizar pe cer, asemenea unei galaxii - Secretele lui Lovendal\",\"isPartOf\":{\"@id\":\"https:\\\/\\\/www.lovendal.ro\\\/wp52\\\/#website\"},\"primaryImageOfPage\":{\"@id\":\"https:\\\/\\\/www.lovendal.ro\\\/wp52\\\/elon-musk-a-lansat-in-spatiu-o-racheta-care-a-creat-un-fenomen-bizar-pe-cer-asemenea-unei-galaxii\\\/#primaryimage\"},\"image\":{\"@id\":\"https:\\\/\\\/www.lovendal.ro\\\/wp52\\\/elon-musk-a-lansat-in-spatiu-o-racheta-care-a-creat-un-fenomen-bizar-pe-cer-asemenea-unei-galaxii\\\/#primaryimage\"},\"thumbnailUrl\":\"https:\\\/\\\/www.lovendal.ro\\\/wp52\\\/wp-content\\\/uploads\\\/2022\\\/06\\\/racheta-lui-Tesla-coperta.jpg\",\"datePublished\":\"2022-06-21T13:27:55+00:00\",\"breadcrumb\":{\"@id\":\"https:\\\/\\\/www.lovendal.ro\\\/wp52\\\/elon-musk-a-lansat-in-spatiu-o-racheta-care-a-creat-un-fenomen-bizar-pe-cer-asemenea-unei-galaxii\\\/#breadcrumb\"},\"inLanguage\":\"ro-RO\",\"potentialAction\":[{\"@type\":\"ReadAction\",\"target\":[\"https:\\\/\\\/www.lovendal.ro\\\/wp52\\\/elon-musk-a-lansat-in-spatiu-o-racheta-care-a-creat-un-fenomen-bizar-pe-cer-asemenea-unei-galaxii\\\/\"]}]},{\"@type\":\"ImageObject\",\"inLanguage\":\"ro-RO\",\"@id\":\"https:\\\/\\\/www.lovendal.ro\\\/wp52\\\/elon-musk-a-lansat-in-spatiu-o-racheta-care-a-creat-un-fenomen-bizar-pe-cer-asemenea-unei-galaxii\\\/#primaryimage\",\"url\":\"https:\\\/\\\/www.lovendal.ro\\\/wp52\\\/wp-content\\\/uploads\\\/2022\\\/06\\\/racheta-lui-Tesla-coperta.jpg\",\"contentUrl\":\"https:\\\/\\\/www.lovendal.ro\\\/wp52\\\/wp-content\\\/uploads\\\/2022\\\/06\\\/racheta-lui-Tesla-coperta.jpg\",\"width\":365,\"height\":205},{\"@type\":\"BreadcrumbList\",\"@id\":\"https:\\\/\\\/www.lovendal.ro\\\/wp52\\\/elon-musk-a-lansat-in-spatiu-o-racheta-care-a-creat-un-fenomen-bizar-pe-cer-asemenea-unei-galaxii\\\/#breadcrumb\",\"itemListElement\":[{\"@type\":\"ListItem\",\"position\":1,\"name\":\"Home\",\"item\":\"https:\\\/\\\/www.lovendal.ro\\\/wp52\\\/\"},{\"@type\":\"ListItem\",\"position\":2,\"name\":\"Elon Musk a lansat \u00een spa\u0163iu o rachet\u0103, care a creat un fenomen bizar pe cer, asemenea unei galaxii\"}]},{\"@type\":\"WebSite\",\"@id\":\"https:\\\/\\\/www.lovendal.ro\\\/wp52\\\/#website\",\"url\":\"https:\\\/\\\/www.lovendal.ro\\\/wp52\\\/\",\"name\":\"Secretele lui Lovendal\",\"description\":\"Site de secrete, stiinta si metafizica - din 2008 -\",\"publisher\":{\"@id\":\"https:\\\/\\\/www.lovendal.ro\\\/wp52\\\/#organization\"},\"potentialAction\":[{\"@type\":\"SearchAction\",\"target\":{\"@type\":\"EntryPoint\",\"urlTemplate\":\"https:\\\/\\\/www.lovendal.ro\\\/wp52\\\/?s={search_term_string}\"},\"query-input\":{\"@type\":\"PropertyValueSpecification\",\"valueRequired\":true,\"valueName\":\"search_term_string\"}}],\"inLanguage\":\"ro-RO\"},{\"@type\":\"Organization\",\"@id\":\"https:\\\/\\\/www.lovendal.ro\\\/wp52\\\/#organization\",\"name\":\"Secretele lui Lovendal\",\"url\":\"https:\\\/\\\/www.lovendal.ro\\\/wp52\\\/\",\"logo\":{\"@type\":\"ImageObject\",\"inLanguage\":\"ro-RO\",\"@id\":\"https:\\\/\\\/www.lovendal.ro\\\/wp52\\\/#\\\/schema\\\/logo\\\/image\\\/\",\"url\":\"https:\\\/\\\/www.lovendal.ro\\\/wp52\\\/wp-content\\\/uploads\\\/2024\\\/06\\\/cropped-SLL-iun-2024-1.jpg\",\"contentUrl\":\"https:\\\/\\\/www.lovendal.ro\\\/wp52\\\/wp-content\\\/uploads\\\/2024\\\/06\\\/cropped-SLL-iun-2024-1.jpg\",\"width\":771,\"height\":240,\"caption\":\"Secretele lui Lovendal\"},\"image\":{\"@id\":\"https:\\\/\\\/www.lovendal.ro\\\/wp52\\\/#\\\/schema\\\/logo\\\/image\\\/\"},\"sameAs\":[\"https:\\\/\\\/www.facebook.com\\\/secreteleluilovendal\"]},{\"@type\":\"Person\",\"@id\":\"https:\\\/\\\/www.lovendal.ro\\\/wp52\\\/#\\\/schema\\\/person\\\/088691de5dfc346bb0c023e1e52ef5d9\",\"name\":\"admin\",\"image\":{\"@type\":\"ImageObject\",\"inLanguage\":\"ro-RO\",\"@id\":\"https:\\\/\\\/secure.gravatar.com\\\/avatar\\\/ecb9cd41f5f63c9c9b989999a59f6e2639a865ec361e9db054db0679a8f341c2?s=96&d=mm&r=g\",\"url\":\"https:\\\/\\\/secure.gravatar.com\\\/avatar\\\/ecb9cd41f5f63c9c9b989999a59f6e2639a865ec361e9db054db0679a8f341c2?s=96&d=mm&r=g\",\"contentUrl\":\"https:\\\/\\\/secure.gravatar.com\\\/avatar\\\/ecb9cd41f5f63c9c9b989999a59f6e2639a865ec361e9db054db0679a8f341c2?s=96&d=mm&r=g\",\"caption\":\"admin\"},\"sameAs\":[\"https:\\\/\\\/www.lovendal.ro\\\/wp52\"]}]}<\/script>\n<!-- \/ Yoast SEO Premium plugin. -->","yoast_head_json":{"title":"Elon Musk a lansat \u00een spa\u0163iu o rachet\u0103, care a creat un fenomen bizar pe cer, asemenea unei galaxii - Secretele lui Lovendal","robots":{"index":"index","follow":"follow","max-snippet":"max-snippet:-1","max-image-preview":"max-image-preview:large","max-video-preview":"max-video-preview:-1"},"canonical":"https:\/\/www.lovendal.ro\/wp52\/elon-musk-a-lansat-in-spatiu-o-racheta-care-a-creat-un-fenomen-bizar-pe-cer-asemenea-unei-galaxii\/","og_locale":"ro_RO","og_type":"article","og_title":"Elon Musk a lansat \u00een spa\u0163iu o rachet\u0103, care a creat un fenomen bizar pe cer, asemenea unei galaxii","og_description":"Duminic\u0103 diminea\u021ba, pe 19 iunie 2022, compania miliardarului Elon Musk, SpaceX, a lansat o rachet\u0103 Falcon 9 de pe cosmodromul de la Cape Canaveral, rachet\u0103 care a transportat un satelit de comunica\u021bii Globalstar. \u00cen c\u00e2teva ore, oamenii din \u00eentreaga lume ... Cititi mai multe","og_url":"https:\/\/www.lovendal.ro\/wp52\/elon-musk-a-lansat-in-spatiu-o-racheta-care-a-creat-un-fenomen-bizar-pe-cer-asemenea-unei-galaxii\/","og_site_name":"Secretele lui Lovendal","article_publisher":"https:\/\/www.facebook.com\/secreteleluilovendal","article_published_time":"2022-06-21T13:27:55+00:00","og_image":[{"width":365,"height":205,"url":"https:\/\/www.lovendal.ro\/wp52\/wp-content\/uploads\/2022\/06\/racheta-lui-Tesla-coperta.jpg","type":"image\/jpeg"}],"author":"admin","twitter_card":"summary_large_image","twitter_misc":{"Scris de":"admin","Timp estimat pentru citire":"1 minut"},"schema":{"@context":"https:\/\/schema.org","@graph":[{"@type":"Article","@id":"https:\/\/www.lovendal.ro\/wp52\/elon-musk-a-lansat-in-spatiu-o-racheta-care-a-creat-un-fenomen-bizar-pe-cer-asemenea-unei-galaxii\/#article","isPartOf":{"@id":"https:\/\/www.lovendal.ro\/wp52\/elon-musk-a-lansat-in-spatiu-o-racheta-care-a-creat-un-fenomen-bizar-pe-cer-asemenea-unei-galaxii\/"},"author":{"name":"admin","@id":"https:\/\/www.lovendal.ro\/wp52\/#\/schema\/person\/088691de5dfc346bb0c023e1e52ef5d9"},"headline":"Elon Musk a lansat \u00een spa\u0163iu o rachet\u0103, care a creat un fenomen bizar pe cer, asemenea unei galaxii","datePublished":"2022-06-21T13:27:55+00:00","mainEntityOfPage":{"@id":"https:\/\/www.lovendal.ro\/wp52\/elon-musk-a-lansat-in-spatiu-o-racheta-care-a-creat-un-fenomen-bizar-pe-cer-asemenea-unei-galaxii\/"},"wordCount":218,"commentCount":0,"publisher":{"@id":"https:\/\/www.lovendal.ro\/wp52\/#organization"},"image":{"@id":"https:\/\/www.lovendal.ro\/wp52\/elon-musk-a-lansat-in-spatiu-o-racheta-care-a-creat-un-fenomen-bizar-pe-cer-asemenea-unei-galaxii\/#primaryimage"},"thumbnailUrl":"https:\/\/www.lovendal.ro\/wp52\/wp-content\/uploads\/2022\/06\/racheta-lui-Tesla-coperta.jpg","keywords":["America de Nord","Bizar","Cape Canaveral","Elon Musk","fotograf","galaxie","insul\u0103","Noua Zeeland\u0103","rachet\u0103","satelit","Space X"],"articleSection":["Bizar"],"inLanguage":"ro-RO","potentialAction":[{"@type":"CommentAction","name":"Comment","target":["https:\/\/www.lovendal.ro\/wp52\/elon-musk-a-lansat-in-spatiu-o-racheta-care-a-creat-un-fenomen-bizar-pe-cer-asemenea-unei-galaxii\/#respond"]}]},{"@type":"WebPage","@id":"https:\/\/www.lovendal.ro\/wp52\/elon-musk-a-lansat-in-spatiu-o-racheta-care-a-creat-un-fenomen-bizar-pe-cer-asemenea-unei-galaxii\/","url":"https:\/\/www.lovendal.ro\/wp52\/elon-musk-a-lansat-in-spatiu-o-racheta-care-a-creat-un-fenomen-bizar-pe-cer-asemenea-unei-galaxii\/","name":"Elon Musk a lansat \u00een spa\u0163iu o rachet\u0103, care a creat un fenomen bizar pe cer, asemenea unei galaxii - Secretele lui Lovendal","isPartOf":{"@id":"https:\/\/www.lovendal.ro\/wp52\/#website"},"primaryImageOfPage":{"@id":"https:\/\/www.lovendal.ro\/wp52\/elon-musk-a-lansat-in-spatiu-o-racheta-care-a-creat-un-fenomen-bizar-pe-cer-asemenea-unei-galaxii\/#primaryimage"},"image":{"@id":"https:\/\/www.lovendal.ro\/wp52\/elon-musk-a-lansat-in-spatiu-o-racheta-care-a-creat-un-fenomen-bizar-pe-cer-asemenea-unei-galaxii\/#primaryimage"},"thumbnailUrl":"https:\/\/www.lovendal.ro\/wp52\/wp-content\/uploads\/2022\/06\/racheta-lui-Tesla-coperta.jpg","datePublished":"2022-06-21T13:27:55+00:00","breadcrumb":{"@id":"https:\/\/www.lovendal.ro\/wp52\/elon-musk-a-lansat-in-spatiu-o-racheta-care-a-creat-un-fenomen-bizar-pe-cer-asemenea-unei-galaxii\/#breadcrumb"},"inLanguage":"ro-RO","potentialAction":[{"@type":"ReadAction","target":["https:\/\/www.lovendal.ro\/wp52\/elon-musk-a-lansat-in-spatiu-o-racheta-care-a-creat-un-fenomen-bizar-pe-cer-asemenea-unei-galaxii\/"]}]},{"@type":"ImageObject","inLanguage":"ro-RO","@id":"https:\/\/www.lovendal.ro\/wp52\/elon-musk-a-lansat-in-spatiu-o-racheta-care-a-creat-un-fenomen-bizar-pe-cer-asemenea-unei-galaxii\/#primaryimage","url":"https:\/\/www.lovendal.ro\/wp52\/wp-content\/uploads\/2022\/06\/racheta-lui-Tesla-coperta.jpg","contentUrl":"https:\/\/www.lovendal.ro\/wp52\/wp-content\/uploads\/2022\/06\/racheta-lui-Tesla-coperta.jpg","width":365,"height":205},{"@type":"BreadcrumbList","@id":"https:\/\/www.lovendal.ro\/wp52\/elon-musk-a-lansat-in-spatiu-o-racheta-care-a-creat-un-fenomen-bizar-pe-cer-asemenea-unei-galaxii\/#breadcrumb","itemListElement":[{"@type":"ListItem","position":1,"name":"Home","item":"https:\/\/www.lovendal.ro\/wp52\/"},{"@type":"ListItem","position":2,"name":"Elon Musk a lansat \u00een spa\u0163iu o rachet\u0103, care a creat un fenomen bizar pe cer, asemenea unei galaxii"}]},{"@type":"WebSite","@id":"https:\/\/www.lovendal.ro\/wp52\/#website","url":"https:\/\/www.lovendal.ro\/wp52\/","name":"Secretele lui Lovendal","description":"Site de secrete, stiinta si metafizica - din 2008 -","publisher":{"@id":"https:\/\/www.lovendal.ro\/wp52\/#organization"},"potentialAction":[{"@type":"SearchAction","target":{"@type":"EntryPoint","urlTemplate":"https:\/\/www.lovendal.ro\/wp52\/?s={search_term_string}"},"query-input":{"@type":"PropertyValueSpecification","valueRequired":true,"valueName":"search_term_string"}}],"inLanguage":"ro-RO"},{"@type":"Organization","@id":"https:\/\/www.lovendal.ro\/wp52\/#organization","name":"Secretele lui Lovendal","url":"https:\/\/www.lovendal.ro\/wp52\/","logo":{"@type":"ImageObject","inLanguage":"ro-RO","@id":"https:\/\/www.lovendal.ro\/wp52\/#\/schema\/logo\/image\/","url":"https:\/\/www.lovendal.ro\/wp52\/wp-content\/uploads\/2024\/06\/cropped-SLL-iun-2024-1.jpg","contentUrl":"https:\/\/www.lovendal.ro\/wp52\/wp-content\/uploads\/2024\/06\/cropped-SLL-iun-2024-1.jpg","width":771,"height":240,"caption":"Secretele lui Lovendal"},"image":{"@id":"https:\/\/www.lovendal.ro\/wp52\/#\/schema\/logo\/image\/"},"sameAs":["https:\/\/www.facebook.com\/secreteleluilovendal"]},{"@type":"Person","@id":"https:\/\/www.lovendal.ro\/wp52\/#\/schema\/person\/088691de5dfc346bb0c023e1e52ef5d9","name":"admin","image":{"@type":"ImageObject","inLanguage":"ro-RO","@id":"https:\/\/secure.gravatar.com\/avatar\/ecb9cd41f5f63c9c9b989999a59f6e2639a865ec361e9db054db0679a8f341c2?s=96&d=mm&r=g","url":"https:\/\/secure.gravatar.com\/avatar\/ecb9cd41f5f63c9c9b989999a59f6e2639a865ec361e9db054db0679a8f341c2?s=96&d=mm&r=g","contentUrl":"https:\/\/secure.gravatar.com\/avatar\/ecb9cd41f5f63c9c9b989999a59f6e2639a865ec361e9db054db0679a8f341c2?s=96&d=mm&r=g","caption":"admin"},"sameAs":["https:\/\/www.lovendal.ro\/wp52"]}]}},"_links":{"self":[{"href":"https:\/\/www.lovendal.ro\/wp52\/wp-json\/wp\/v2\/posts\/81262","targetHints":{"allow":["GET"]}}],"collection":[{"href":"https:\/\/www.lovendal.ro\/wp52\/wp-json\/wp\/v2\/posts"}],"about":[{"href":"https:\/\/www.lovendal.ro\/wp52\/wp-json\/wp\/v2\/types\/post"}],"author":[{"embeddable":true,"href":"https:\/\/www.lovendal.ro\/wp52\/wp-json\/wp\/v2\/users\/1"}],"replies":[{"embeddable":true,"href":"https:\/\/www.lovendal.ro\/wp52\/wp-json\/wp\/v2\/comments?post=81262"}],"version-history":[{"count":0,"href":"https:\/\/www.lovendal.ro\/wp52\/wp-json\/wp\/v2\/posts\/81262\/revisions"}],"wp:featuredmedia":[{"embeddable":true,"href":"https:\/\/www.lovendal.ro\/wp52\/wp-json\/wp\/v2\/media\/81265"}],"wp:attachment":[{"href":"https:\/\/www.lovendal.ro\/wp52\/wp-json\/wp\/v2\/media?parent=81262"}],"wp:term":[{"taxonomy":"category","embeddable":true,"href":"https:\/\/www.lovendal.ro\/wp52\/wp-json\/wp\/v2\/categories?post=81262"},{"taxonomy":"post_tag","embeddable":true,"href":"https:\/\/www.lovendal.ro\/wp52\/wp-json\/wp\/v2\/tags?post=81262"}],"curies":[{"name":"wp","href":"https:\/\/api.w.org\/{rel}","templated":true}]}}