{"id":8121,"date":"2009-10-06T19:33:55","date_gmt":"2009-10-06T16:33:55","guid":{"rendered":"http:\/\/www.lovendal.net\/wp52\/?p=8121"},"modified":"2009-10-06T19:33:55","modified_gmt":"2009-10-06T16:33:55","slug":"regele-decapitat-al-frantei-ludovic-al-xvi-lea-e-stranepotul-lui-stefan-cel-mare","status":"publish","type":"post","link":"https:\/\/www.lovendal.ro\/wp52\/regele-decapitat-al-frantei-ludovic-al-xvi-lea-e-stranepotul-lui-stefan-cel-mare\/","title":{"rendered":"Regele decapitat al Fran\u0163ei, Ludovic al XVI-lea e &#8222;str\u0103nepotul&#8221; lui \u015etefan cel Mare"},"content":{"rendered":"<p><a href=\"https:\/\/www.lovendal.ro\/wp52\/wp-content\/uploads\/2009\/10\/Stefan-cel-Mare-Ludovic-XVI.jpg\"><img loading=\"lazy\" decoding=\"async\" class=\"alignleft size-full wp-image-8122\" title=\"Stefan cel Mare Ludovic XVI\" src=\"https:\/\/www.lovendal.ro\/wp52\/wp-content\/uploads\/2009\/10\/Stefan-cel-Mare-Ludovic-XVI.jpg\" alt=\"Stefan cel Mare Ludovic XVI\" width=\"322\" height=\"174\" \/><\/a>\u00cen anul 1789 are loc celebra Revolu\u0163ia francez\u0103, prin care monarhia absolut\u0103 este abolit\u0103 din Fran\u0163a. Regele francez de atunci, Ludovic al XVI-lea, a fost decapitat, prin ghilotinare, 4 ani mai t\u00e2rziu, la 21 ianuarie 1793. Probabil c\u0103 mul\u0163i \u015ftiu acest lucru, dar oare c\u00e2\u0163i \u015ftiu c\u0103 acest rege francez are printre str\u0103mo\u015fii s\u0103i pe nimeni altul dec\u00e2t pe marele nostru domnitor moldovean, \u015etefan cel Mare?<\/p>\n<p>S\u0103 ne uit\u0103m pu\u0163in la descenden\u0163ii lui \u015etefan cel Mare, \u015fi s\u0103 vedem cum a ajuns acest viteaz voievod rom\u00e2n s\u0103 fie str\u0103bunul celebrului rege francez decapitat.<\/p>\n<p>1. \u015etefan cel Mare (1435-1504), l-a avut ca fiu pe:<br \/>\n2. Petru Rare\u015f (1486-1546), domnitorul Moldovei, a avut-o ca fiic\u0103 pe:<br \/>\n3. Maria, care c\u0103s\u0103torit\u0103 cu Ion Movil\u0103 (mare logof\u0103t al Moldovei), cei doi av\u00e2nd ca fiu pe:<br \/>\n4. Ieremia Movil\u0103 (?-1606), domnitorul Moldovei, a avut-o ca fiic\u0103 pe:<br \/>\n5. Maria Movil\u0103 (1592-1638), c\u0103s\u0103torit\u0103 cu \u015etefan Potocki (1568-1631, conte polonez), cei doi av\u00e2nd ca fiic\u0103 pe:<br \/>\n6. Anna Potocki (1615-1690), c\u0103s\u0103torit\u0103 cu Dominic Kazanowski (1605-1648), cei doi av\u00e2nd ca fiic\u0103 pe:<br \/>\n7. Maria Kazanowski (1643-1687), c\u0103s\u0103torit\u0103 cu Stanislas Iablonowski (1634-1702), cei doi au avut ca fiic\u0103 pe:<br \/>\n8. Ana Iablonowski (1658-1727), c\u0103s\u0103torit\u0103 cu Rafael Leszczynski (1650-1703),\u00a0 cei doi av\u00e2ndu-l ca fiu pe:<br \/>\n9. Stanislas Leszczynski (1677-1766), regele Poloniei, care a avut ca fiic\u0103 pe:<br \/>\n10.Maria Leszczynski (1703-1768), c\u0103s\u0103torit\u0103 cu Ludovic al XV-lea (1710-1774), regele Fran\u0163ei, cei doi av\u00e2nd ca fiu pe:<br \/>\n11.Louis de France (1729-1765), care l-a avut ca fiu pe:<br \/>\n12.Ludovic al XVI-lea (1754-1793), regele Fran\u0163ei.<\/p>\n<p>Iat\u0103 c\u0103 nu e at\u00e2t de mare distan\u0163\u0103 \u00eentre un moldovean dintr-o bucat\u0103 \u015fi un rege francez \u00eenfumurat&#8230;<\/p>\n","protected":false},"excerpt":{"rendered":"<p>\u00cen anul 1789 are loc celebra Revolu\u0163ia francez\u0103, prin care monarhia absolut\u0103 este abolit\u0103 din Fran\u0163a. Regele francez de atunci, Ludovic al XVI-lea, a fost decapitat, prin ghilotinare, 4 ani mai t\u00e2rziu, la 21 ianuarie 1793. Probabil c\u0103 mul\u0163i \u015ftiu &#8230; <\/p>\n<p class=\"read-more-container\"><a title=\"Regele decapitat al Fran\u0163ei, Ludovic al XVI-lea e &#8222;str\u0103nepotul&#8221; lui \u015etefan cel Mare\" class=\"read-more button\" href=\"https:\/\/www.lovendal.ro\/wp52\/regele-decapitat-al-frantei-ludovic-al-xvi-lea-e-stranepotul-lui-stefan-cel-mare\/#more-8121\" aria-label=\"Cite\u0219te mai multe despre Regele decapitat al Fran\u0163ei, Ludovic al XVI-lea e &#8222;str\u0103nepotul&#8221; lui \u015etefan cel Mare\">Cititi mai multe<\/a><\/p>\n","protected":false},"author":1,"featured_media":8122,"comment_status":"open","ping_status":"closed","sticky":false,"template":"","format":"standard","meta":{"footnotes":""},"categories":[9],"tags":[1428,202,1539,1532,712,377,453,544],"class_list":["post-8121","post","type-post","status-publish","format-standard","has-post-thumbnail","hentry","category-istorie","tag-domnitor","tag-franta","tag-genealogie","tag-istorie-si-civilizatii","tag-ludovic-al-xvi-lea","tag-moldova","tag-rege","tag-stefan-cel-mare","resize-featured-image"],"yoast_head":"<!-- This site is optimized with the Yoast SEO Premium plugin v23.3 (Yoast SEO v27.4) - https:\/\/yoast.com\/product\/yoast-seo-premium-wordpress\/ -->\n<title>Regele decapitat al Fran\u0163ei, Ludovic al XVI-lea e &quot;str\u0103nepotul&quot; lui \u015etefan cel Mare - Secretele lui Lovendal<\/title>\n<meta name=\"robots\" content=\"index, follow, max-snippet:-1, max-image-preview:large, max-video-preview:-1\" \/>\n<link rel=\"canonical\" href=\"https:\/\/www.lovendal.ro\/wp52\/regele-decapitat-al-frantei-ludovic-al-xvi-lea-e-stranepotul-lui-stefan-cel-mare\/\" \/>\n<meta property=\"og:locale\" content=\"ro_RO\" \/>\n<meta property=\"og:type\" content=\"article\" \/>\n<meta property=\"og:title\" content=\"Regele decapitat al Fran\u0163ei, Ludovic al XVI-lea e &quot;str\u0103nepotul&quot; lui \u015etefan cel Mare\" \/>\n<meta property=\"og:description\" content=\"\u00cen anul 1789 are loc celebra Revolu\u0163ia francez\u0103, prin care monarhia absolut\u0103 este abolit\u0103 din Fran\u0163a. Regele francez de atunci, Ludovic al XVI-lea, a fost decapitat, prin ghilotinare, 4 ani mai t\u00e2rziu, la 21 ianuarie 1793. Probabil c\u0103 mul\u0163i \u015ftiu ... Cititi mai multe\" \/>\n<meta property=\"og:url\" content=\"https:\/\/www.lovendal.ro\/wp52\/regele-decapitat-al-frantei-ludovic-al-xvi-lea-e-stranepotul-lui-stefan-cel-mare\/\" \/>\n<meta property=\"og:site_name\" content=\"Secretele lui Lovendal\" \/>\n<meta property=\"article:publisher\" content=\"https:\/\/www.facebook.com\/secreteleluilovendal\" \/>\n<meta property=\"article:published_time\" content=\"2009-10-06T16:33:55+00:00\" \/>\n<meta property=\"og:image\" content=\"https:\/\/www.lovendal.ro\/wp52\/wp-content\/uploads\/2009\/10\/Stefan-cel-Mare-Ludovic-XVI.jpg\" \/>\n\t<meta property=\"og:image:width\" content=\"365\" \/>\n\t<meta property=\"og:image:height\" content=\"183\" \/>\n\t<meta property=\"og:image:type\" content=\"image\/jpeg\" \/>\n<meta name=\"author\" content=\"admin\" \/>\n<meta name=\"twitter:card\" content=\"summary_large_image\" \/>\n<meta name=\"twitter:label1\" content=\"Scris de\" \/>\n\t<meta name=\"twitter:data1\" content=\"admin\" \/>\n\t<meta name=\"twitter:label2\" content=\"Timp estimat pentru citire\" \/>\n\t<meta name=\"twitter:data2\" content=\"1 minut\" \/>\n<script type=\"application\/ld+json\" class=\"yoast-schema-graph\">{\"@context\":\"https:\\\/\\\/schema.org\",\"@graph\":[{\"@type\":\"Article\",\"@id\":\"https:\\\/\\\/www.lovendal.ro\\\/wp52\\\/regele-decapitat-al-frantei-ludovic-al-xvi-lea-e-stranepotul-lui-stefan-cel-mare\\\/#article\",\"isPartOf\":{\"@id\":\"https:\\\/\\\/www.lovendal.ro\\\/wp52\\\/regele-decapitat-al-frantei-ludovic-al-xvi-lea-e-stranepotul-lui-stefan-cel-mare\\\/\"},\"author\":{\"name\":\"admin\",\"@id\":\"https:\\\/\\\/www.lovendal.ro\\\/wp52\\\/#\\\/schema\\\/person\\\/088691de5dfc346bb0c023e1e52ef5d9\"},\"headline\":\"Regele decapitat al Fran\u0163ei, Ludovic al XVI-lea e &#8222;str\u0103nepotul&#8221; lui \u015etefan cel Mare\",\"datePublished\":\"2009-10-06T16:33:55+00:00\",\"mainEntityOfPage\":{\"@id\":\"https:\\\/\\\/www.lovendal.ro\\\/wp52\\\/regele-decapitat-al-frantei-ludovic-al-xvi-lea-e-stranepotul-lui-stefan-cel-mare\\\/\"},\"wordCount\":305,\"commentCount\":5,\"publisher\":{\"@id\":\"https:\\\/\\\/www.lovendal.ro\\\/wp52\\\/#organization\"},\"image\":{\"@id\":\"https:\\\/\\\/www.lovendal.ro\\\/wp52\\\/regele-decapitat-al-frantei-ludovic-al-xvi-lea-e-stranepotul-lui-stefan-cel-mare\\\/#primaryimage\"},\"thumbnailUrl\":\"https:\\\/\\\/www.lovendal.ro\\\/wp52\\\/wp-content\\\/uploads\\\/2009\\\/10\\\/Stefan-cel-Mare-Ludovic-XVI.jpg\",\"keywords\":[\"domnitor\",\"Fran\u0163a\",\"genealogie\",\"Istorie si Civilizatii\",\"Ludovic al XVI-lea\",\"Moldova\",\"rege\",\"\u015etefan cel Mare\"],\"articleSection\":[\"Istorie si Civilizatii\"],\"inLanguage\":\"ro-RO\",\"potentialAction\":[{\"@type\":\"CommentAction\",\"name\":\"Comment\",\"target\":[\"https:\\\/\\\/www.lovendal.ro\\\/wp52\\\/regele-decapitat-al-frantei-ludovic-al-xvi-lea-e-stranepotul-lui-stefan-cel-mare\\\/#respond\"]}]},{\"@type\":\"WebPage\",\"@id\":\"https:\\\/\\\/www.lovendal.ro\\\/wp52\\\/regele-decapitat-al-frantei-ludovic-al-xvi-lea-e-stranepotul-lui-stefan-cel-mare\\\/\",\"url\":\"https:\\\/\\\/www.lovendal.ro\\\/wp52\\\/regele-decapitat-al-frantei-ludovic-al-xvi-lea-e-stranepotul-lui-stefan-cel-mare\\\/\",\"name\":\"Regele decapitat al Fran\u0163ei, Ludovic al XVI-lea e \\\"str\u0103nepotul\\\" lui \u015etefan cel Mare - Secretele lui Lovendal\",\"isPartOf\":{\"@id\":\"https:\\\/\\\/www.lovendal.ro\\\/wp52\\\/#website\"},\"primaryImageOfPage\":{\"@id\":\"https:\\\/\\\/www.lovendal.ro\\\/wp52\\\/regele-decapitat-al-frantei-ludovic-al-xvi-lea-e-stranepotul-lui-stefan-cel-mare\\\/#primaryimage\"},\"image\":{\"@id\":\"https:\\\/\\\/www.lovendal.ro\\\/wp52\\\/regele-decapitat-al-frantei-ludovic-al-xvi-lea-e-stranepotul-lui-stefan-cel-mare\\\/#primaryimage\"},\"thumbnailUrl\":\"https:\\\/\\\/www.lovendal.ro\\\/wp52\\\/wp-content\\\/uploads\\\/2009\\\/10\\\/Stefan-cel-Mare-Ludovic-XVI.jpg\",\"datePublished\":\"2009-10-06T16:33:55+00:00\",\"breadcrumb\":{\"@id\":\"https:\\\/\\\/www.lovendal.ro\\\/wp52\\\/regele-decapitat-al-frantei-ludovic-al-xvi-lea-e-stranepotul-lui-stefan-cel-mare\\\/#breadcrumb\"},\"inLanguage\":\"ro-RO\",\"potentialAction\":[{\"@type\":\"ReadAction\",\"target\":[\"https:\\\/\\\/www.lovendal.ro\\\/wp52\\\/regele-decapitat-al-frantei-ludovic-al-xvi-lea-e-stranepotul-lui-stefan-cel-mare\\\/\"]}]},{\"@type\":\"ImageObject\",\"inLanguage\":\"ro-RO\",\"@id\":\"https:\\\/\\\/www.lovendal.ro\\\/wp52\\\/regele-decapitat-al-frantei-ludovic-al-xvi-lea-e-stranepotul-lui-stefan-cel-mare\\\/#primaryimage\",\"url\":\"https:\\\/\\\/www.lovendal.ro\\\/wp52\\\/wp-content\\\/uploads\\\/2009\\\/10\\\/Stefan-cel-Mare-Ludovic-XVI.jpg\",\"contentUrl\":\"https:\\\/\\\/www.lovendal.ro\\\/wp52\\\/wp-content\\\/uploads\\\/2009\\\/10\\\/Stefan-cel-Mare-Ludovic-XVI.jpg\",\"width\":\"365\",\"height\":\"183\"},{\"@type\":\"BreadcrumbList\",\"@id\":\"https:\\\/\\\/www.lovendal.ro\\\/wp52\\\/regele-decapitat-al-frantei-ludovic-al-xvi-lea-e-stranepotul-lui-stefan-cel-mare\\\/#breadcrumb\",\"itemListElement\":[{\"@type\":\"ListItem\",\"position\":1,\"name\":\"Home\",\"item\":\"https:\\\/\\\/www.lovendal.ro\\\/wp52\\\/\"},{\"@type\":\"ListItem\",\"position\":2,\"name\":\"Regele decapitat al Fran\u0163ei, Ludovic al XVI-lea e &#8222;str\u0103nepotul&#8221; lui \u015etefan cel Mare\"}]},{\"@type\":\"WebSite\",\"@id\":\"https:\\\/\\\/www.lovendal.ro\\\/wp52\\\/#website\",\"url\":\"https:\\\/\\\/www.lovendal.ro\\\/wp52\\\/\",\"name\":\"Secretele lui Lovendal\",\"description\":\"Site de secrete, stiinta si metafizica - din 2008 -\",\"publisher\":{\"@id\":\"https:\\\/\\\/www.lovendal.ro\\\/wp52\\\/#organization\"},\"potentialAction\":[{\"@type\":\"SearchAction\",\"target\":{\"@type\":\"EntryPoint\",\"urlTemplate\":\"https:\\\/\\\/www.lovendal.ro\\\/wp52\\\/?s={search_term_string}\"},\"query-input\":{\"@type\":\"PropertyValueSpecification\",\"valueRequired\":true,\"valueName\":\"search_term_string\"}}],\"inLanguage\":\"ro-RO\"},{\"@type\":\"Organization\",\"@id\":\"https:\\\/\\\/www.lovendal.ro\\\/wp52\\\/#organization\",\"name\":\"Secretele lui Lovendal\",\"url\":\"https:\\\/\\\/www.lovendal.ro\\\/wp52\\\/\",\"logo\":{\"@type\":\"ImageObject\",\"inLanguage\":\"ro-RO\",\"@id\":\"https:\\\/\\\/www.lovendal.ro\\\/wp52\\\/#\\\/schema\\\/logo\\\/image\\\/\",\"url\":\"https:\\\/\\\/www.lovendal.ro\\\/wp52\\\/wp-content\\\/uploads\\\/2024\\\/06\\\/cropped-SLL-iun-2024-1.jpg\",\"contentUrl\":\"https:\\\/\\\/www.lovendal.ro\\\/wp52\\\/wp-content\\\/uploads\\\/2024\\\/06\\\/cropped-SLL-iun-2024-1.jpg\",\"width\":771,\"height\":240,\"caption\":\"Secretele lui Lovendal\"},\"image\":{\"@id\":\"https:\\\/\\\/www.lovendal.ro\\\/wp52\\\/#\\\/schema\\\/logo\\\/image\\\/\"},\"sameAs\":[\"https:\\\/\\\/www.facebook.com\\\/secreteleluilovendal\"]},{\"@type\":\"Person\",\"@id\":\"https:\\\/\\\/www.lovendal.ro\\\/wp52\\\/#\\\/schema\\\/person\\\/088691de5dfc346bb0c023e1e52ef5d9\",\"name\":\"admin\",\"image\":{\"@type\":\"ImageObject\",\"inLanguage\":\"ro-RO\",\"@id\":\"https:\\\/\\\/secure.gravatar.com\\\/avatar\\\/ecb9cd41f5f63c9c9b989999a59f6e2639a865ec361e9db054db0679a8f341c2?s=96&d=mm&r=g\",\"url\":\"https:\\\/\\\/secure.gravatar.com\\\/avatar\\\/ecb9cd41f5f63c9c9b989999a59f6e2639a865ec361e9db054db0679a8f341c2?s=96&d=mm&r=g\",\"contentUrl\":\"https:\\\/\\\/secure.gravatar.com\\\/avatar\\\/ecb9cd41f5f63c9c9b989999a59f6e2639a865ec361e9db054db0679a8f341c2?s=96&d=mm&r=g\",\"caption\":\"admin\"},\"sameAs\":[\"https:\\\/\\\/www.lovendal.ro\\\/wp52\"]}]}<\/script>\n<!-- \/ Yoast SEO Premium plugin. -->","yoast_head_json":{"title":"Regele decapitat al Fran\u0163ei, Ludovic al XVI-lea e \"str\u0103nepotul\" lui \u015etefan cel Mare - Secretele lui Lovendal","robots":{"index":"index","follow":"follow","max-snippet":"max-snippet:-1","max-image-preview":"max-image-preview:large","max-video-preview":"max-video-preview:-1"},"canonical":"https:\/\/www.lovendal.ro\/wp52\/regele-decapitat-al-frantei-ludovic-al-xvi-lea-e-stranepotul-lui-stefan-cel-mare\/","og_locale":"ro_RO","og_type":"article","og_title":"Regele decapitat al Fran\u0163ei, Ludovic al XVI-lea e \"str\u0103nepotul\" lui \u015etefan cel Mare","og_description":"\u00cen anul 1789 are loc celebra Revolu\u0163ia francez\u0103, prin care monarhia absolut\u0103 este abolit\u0103 din Fran\u0163a. Regele francez de atunci, Ludovic al XVI-lea, a fost decapitat, prin ghilotinare, 4 ani mai t\u00e2rziu, la 21 ianuarie 1793. Probabil c\u0103 mul\u0163i \u015ftiu ... Cititi mai multe","og_url":"https:\/\/www.lovendal.ro\/wp52\/regele-decapitat-al-frantei-ludovic-al-xvi-lea-e-stranepotul-lui-stefan-cel-mare\/","og_site_name":"Secretele lui Lovendal","article_publisher":"https:\/\/www.facebook.com\/secreteleluilovendal","article_published_time":"2009-10-06T16:33:55+00:00","og_image":[{"width":365,"height":183,"url":"https:\/\/www.lovendal.ro\/wp52\/wp-content\/uploads\/2009\/10\/Stefan-cel-Mare-Ludovic-XVI.jpg","type":"image\/jpeg"}],"author":"admin","twitter_card":"summary_large_image","twitter_misc":{"Scris de":"admin","Timp estimat pentru citire":"1 minut"},"schema":{"@context":"https:\/\/schema.org","@graph":[{"@type":"Article","@id":"https:\/\/www.lovendal.ro\/wp52\/regele-decapitat-al-frantei-ludovic-al-xvi-lea-e-stranepotul-lui-stefan-cel-mare\/#article","isPartOf":{"@id":"https:\/\/www.lovendal.ro\/wp52\/regele-decapitat-al-frantei-ludovic-al-xvi-lea-e-stranepotul-lui-stefan-cel-mare\/"},"author":{"name":"admin","@id":"https:\/\/www.lovendal.ro\/wp52\/#\/schema\/person\/088691de5dfc346bb0c023e1e52ef5d9"},"headline":"Regele decapitat al Fran\u0163ei, Ludovic al XVI-lea e &#8222;str\u0103nepotul&#8221; lui \u015etefan cel Mare","datePublished":"2009-10-06T16:33:55+00:00","mainEntityOfPage":{"@id":"https:\/\/www.lovendal.ro\/wp52\/regele-decapitat-al-frantei-ludovic-al-xvi-lea-e-stranepotul-lui-stefan-cel-mare\/"},"wordCount":305,"commentCount":5,"publisher":{"@id":"https:\/\/www.lovendal.ro\/wp52\/#organization"},"image":{"@id":"https:\/\/www.lovendal.ro\/wp52\/regele-decapitat-al-frantei-ludovic-al-xvi-lea-e-stranepotul-lui-stefan-cel-mare\/#primaryimage"},"thumbnailUrl":"https:\/\/www.lovendal.ro\/wp52\/wp-content\/uploads\/2009\/10\/Stefan-cel-Mare-Ludovic-XVI.jpg","keywords":["domnitor","Fran\u0163a","genealogie","Istorie si Civilizatii","Ludovic al XVI-lea","Moldova","rege","\u015etefan cel Mare"],"articleSection":["Istorie si Civilizatii"],"inLanguage":"ro-RO","potentialAction":[{"@type":"CommentAction","name":"Comment","target":["https:\/\/www.lovendal.ro\/wp52\/regele-decapitat-al-frantei-ludovic-al-xvi-lea-e-stranepotul-lui-stefan-cel-mare\/#respond"]}]},{"@type":"WebPage","@id":"https:\/\/www.lovendal.ro\/wp52\/regele-decapitat-al-frantei-ludovic-al-xvi-lea-e-stranepotul-lui-stefan-cel-mare\/","url":"https:\/\/www.lovendal.ro\/wp52\/regele-decapitat-al-frantei-ludovic-al-xvi-lea-e-stranepotul-lui-stefan-cel-mare\/","name":"Regele decapitat al Fran\u0163ei, Ludovic al XVI-lea e \"str\u0103nepotul\" lui \u015etefan cel Mare - Secretele lui Lovendal","isPartOf":{"@id":"https:\/\/www.lovendal.ro\/wp52\/#website"},"primaryImageOfPage":{"@id":"https:\/\/www.lovendal.ro\/wp52\/regele-decapitat-al-frantei-ludovic-al-xvi-lea-e-stranepotul-lui-stefan-cel-mare\/#primaryimage"},"image":{"@id":"https:\/\/www.lovendal.ro\/wp52\/regele-decapitat-al-frantei-ludovic-al-xvi-lea-e-stranepotul-lui-stefan-cel-mare\/#primaryimage"},"thumbnailUrl":"https:\/\/www.lovendal.ro\/wp52\/wp-content\/uploads\/2009\/10\/Stefan-cel-Mare-Ludovic-XVI.jpg","datePublished":"2009-10-06T16:33:55+00:00","breadcrumb":{"@id":"https:\/\/www.lovendal.ro\/wp52\/regele-decapitat-al-frantei-ludovic-al-xvi-lea-e-stranepotul-lui-stefan-cel-mare\/#breadcrumb"},"inLanguage":"ro-RO","potentialAction":[{"@type":"ReadAction","target":["https:\/\/www.lovendal.ro\/wp52\/regele-decapitat-al-frantei-ludovic-al-xvi-lea-e-stranepotul-lui-stefan-cel-mare\/"]}]},{"@type":"ImageObject","inLanguage":"ro-RO","@id":"https:\/\/www.lovendal.ro\/wp52\/regele-decapitat-al-frantei-ludovic-al-xvi-lea-e-stranepotul-lui-stefan-cel-mare\/#primaryimage","url":"https:\/\/www.lovendal.ro\/wp52\/wp-content\/uploads\/2009\/10\/Stefan-cel-Mare-Ludovic-XVI.jpg","contentUrl":"https:\/\/www.lovendal.ro\/wp52\/wp-content\/uploads\/2009\/10\/Stefan-cel-Mare-Ludovic-XVI.jpg","width":"365","height":"183"},{"@type":"BreadcrumbList","@id":"https:\/\/www.lovendal.ro\/wp52\/regele-decapitat-al-frantei-ludovic-al-xvi-lea-e-stranepotul-lui-stefan-cel-mare\/#breadcrumb","itemListElement":[{"@type":"ListItem","position":1,"name":"Home","item":"https:\/\/www.lovendal.ro\/wp52\/"},{"@type":"ListItem","position":2,"name":"Regele decapitat al Fran\u0163ei, Ludovic al XVI-lea e &#8222;str\u0103nepotul&#8221; lui \u015etefan cel Mare"}]},{"@type":"WebSite","@id":"https:\/\/www.lovendal.ro\/wp52\/#website","url":"https:\/\/www.lovendal.ro\/wp52\/","name":"Secretele lui Lovendal","description":"Site de secrete, stiinta si metafizica - din 2008 -","publisher":{"@id":"https:\/\/www.lovendal.ro\/wp52\/#organization"},"potentialAction":[{"@type":"SearchAction","target":{"@type":"EntryPoint","urlTemplate":"https:\/\/www.lovendal.ro\/wp52\/?s={search_term_string}"},"query-input":{"@type":"PropertyValueSpecification","valueRequired":true,"valueName":"search_term_string"}}],"inLanguage":"ro-RO"},{"@type":"Organization","@id":"https:\/\/www.lovendal.ro\/wp52\/#organization","name":"Secretele lui Lovendal","url":"https:\/\/www.lovendal.ro\/wp52\/","logo":{"@type":"ImageObject","inLanguage":"ro-RO","@id":"https:\/\/www.lovendal.ro\/wp52\/#\/schema\/logo\/image\/","url":"https:\/\/www.lovendal.ro\/wp52\/wp-content\/uploads\/2024\/06\/cropped-SLL-iun-2024-1.jpg","contentUrl":"https:\/\/www.lovendal.ro\/wp52\/wp-content\/uploads\/2024\/06\/cropped-SLL-iun-2024-1.jpg","width":771,"height":240,"caption":"Secretele lui Lovendal"},"image":{"@id":"https:\/\/www.lovendal.ro\/wp52\/#\/schema\/logo\/image\/"},"sameAs":["https:\/\/www.facebook.com\/secreteleluilovendal"]},{"@type":"Person","@id":"https:\/\/www.lovendal.ro\/wp52\/#\/schema\/person\/088691de5dfc346bb0c023e1e52ef5d9","name":"admin","image":{"@type":"ImageObject","inLanguage":"ro-RO","@id":"https:\/\/secure.gravatar.com\/avatar\/ecb9cd41f5f63c9c9b989999a59f6e2639a865ec361e9db054db0679a8f341c2?s=96&d=mm&r=g","url":"https:\/\/secure.gravatar.com\/avatar\/ecb9cd41f5f63c9c9b989999a59f6e2639a865ec361e9db054db0679a8f341c2?s=96&d=mm&r=g","contentUrl":"https:\/\/secure.gravatar.com\/avatar\/ecb9cd41f5f63c9c9b989999a59f6e2639a865ec361e9db054db0679a8f341c2?s=96&d=mm&r=g","caption":"admin"},"sameAs":["https:\/\/www.lovendal.ro\/wp52"]}]}},"_links":{"self":[{"href":"https:\/\/www.lovendal.ro\/wp52\/wp-json\/wp\/v2\/posts\/8121","targetHints":{"allow":["GET"]}}],"collection":[{"href":"https:\/\/www.lovendal.ro\/wp52\/wp-json\/wp\/v2\/posts"}],"about":[{"href":"https:\/\/www.lovendal.ro\/wp52\/wp-json\/wp\/v2\/types\/post"}],"author":[{"embeddable":true,"href":"https:\/\/www.lovendal.ro\/wp52\/wp-json\/wp\/v2\/users\/1"}],"replies":[{"embeddable":true,"href":"https:\/\/www.lovendal.ro\/wp52\/wp-json\/wp\/v2\/comments?post=8121"}],"version-history":[{"count":0,"href":"https:\/\/www.lovendal.ro\/wp52\/wp-json\/wp\/v2\/posts\/8121\/revisions"}],"wp:featuredmedia":[{"embeddable":true,"href":"https:\/\/www.lovendal.ro\/wp52\/wp-json\/wp\/v2\/media\/8122"}],"wp:attachment":[{"href":"https:\/\/www.lovendal.ro\/wp52\/wp-json\/wp\/v2\/media?parent=8121"}],"wp:term":[{"taxonomy":"category","embeddable":true,"href":"https:\/\/www.lovendal.ro\/wp52\/wp-json\/wp\/v2\/categories?post=8121"},{"taxonomy":"post_tag","embeddable":true,"href":"https:\/\/www.lovendal.ro\/wp52\/wp-json\/wp\/v2\/tags?post=8121"}],"curies":[{"name":"wp","href":"https:\/\/api.w.org\/{rel}","templated":true}]}}