{"id":80537,"date":"2022-06-09T15:18:24","date_gmt":"2022-06-09T12:18:24","guid":{"rendered":"https:\/\/www.lovendal.ro\/wp52\/?p=80537"},"modified":"2022-06-09T15:18:24","modified_gmt":"2022-06-09T12:18:24","slug":"acuzatie-indrazneata-la-adresa-scumpului-conducator-al-natiunii-gheorghe-gheorghiu-dej-ai-avut-un-mare-rol-in-lichidarea-social-democratiei-din-tara-noastra","status":"publish","type":"post","link":"https:\/\/www.lovendal.ro\/wp52\/acuzatie-indrazneata-la-adresa-scumpului-conducator-al-natiunii-gheorghe-gheorghiu-dej-ai-avut-un-mare-rol-in-lichidarea-social-democratiei-din-tara-noastra\/","title":{"rendered":"Acuza\u0163ie \u00eendr\u0103znea\u0163\u0103 la adresa &#8222;scumpului conduc\u0103tor al na\u0163iunii&#8221;, Gheorghe Gheorghiu-Dej: &#8222;Ai avut un mare rol \u00een lichidarea social &#8211; democra\u0163iei din \u0163ara noastr\u0103&#8221;"},"content":{"rendered":"<p><a href=\"https:\/\/www.lovendal.ro\/wp52\/wp-content\/uploads\/2022\/06\/Radaceanu-Gheorghiu-Dej.jpg\"><img loading=\"lazy\" decoding=\"async\" class=\"alignleft size-full wp-image-80538\" src=\"https:\/\/www.lovendal.ro\/wp52\/wp-content\/uploads\/2022\/06\/Radaceanu-Gheorghiu-Dej.jpg\" alt=\"\" width=\"338\" height=\"212\" srcset=\"https:\/\/www.lovendal.ro\/wp52\/wp-content\/uploads\/2022\/06\/Radaceanu-Gheorghiu-Dej.jpg 338w, https:\/\/www.lovendal.ro\/wp52\/wp-content\/uploads\/2022\/06\/Radaceanu-Gheorghiu-Dej-300x188.jpg 300w\" sizes=\"auto, (max-width: 338px) 100vw, 338px\" \/><\/a>Dup\u0103 sf\u00e2r\u015fitul celui de-al doilea r\u0103zboi mondial, comuni\u015ftii din Rom\u00e2nia aveau un concurent puternic, care se adresa maselor muncitoare &#8211; Partidul Social Democrat (PSD) -, care era mult mai popular dec\u00e2t PCR (Partidul Comunist Rom\u00e2n) \u00een r\u00e2ndul maselor populare. De aceea, social-democra\u0163ia din Rom\u00e2nia trebuia lichidat\u0103. Dar cum? Printr-o a\u015fa-zis\u0103 fuziune dintre PSD \u015fi PCR, \u00een februarie 1948, cre\u00e2ndu-se astfel PMR (Partidul Muncitoresc Rom\u00e2n).<\/p>\n<p>Congresul al IX-lea al PCR (1 iulie 1965) a adoptat hot\u0103r\u00e2rea schimb\u0103rii denumirii PMR \u00een aceea de PCR, Congresul I al PMR devenind astfel Congresul al VI-lea al PCR, ceea ce demonstreaz\u0103 c\u0103 \u00een 1948 nu s-a realizat fuziunea PSD cu PCR, ci \u00eenghi\u0163irea PSD de c\u0103tre PCR.<\/p>\n<p>Lichidarea social-democra\u0163iei \u00een Rom\u00e2nia s-a f\u0103cut prin violen\u0163\u0103 \u015fi tr\u0103dare. \u00cens\u0103 acei social-democra\u0163i care au contribuit la subminarea PSD au avut remu\u015fc\u0103ri; este cazul unui lider al PSD, L. R\u0103d\u0103ceanu, care se adresa lui Gheorghiu-Dej \u00een 1948, \u00eentr-o scrisoare g\u0103sit\u0103 \u00een arhiva CC al PCR:<\/p>\n<p><em>&#8222;Iubite tovar\u0103\u015fe Gheorghiu Dej, deoarece nu din vina mea n-am fost printre tovar\u0103\u015fii care au luat cuv\u00e2ntul la s\u0103rb\u0103torirea de asear\u0103 de la Otopeni, \u0163in s\u0103-\u0163i spun cel pu\u0163in pe aceast\u0103 cale, ceea ce a\u015f fi dorit s\u0103-\u0163i spun printr-un toast. Desigur c\u0103 nu m-a\u015f fi m\u0103rginit s\u0103-\u0163i ar\u0103t dragostea mea tov\u0103r\u0103\u015feasc\u0103 \u015fi nici nu a\u015f fi \u00eencercat s\u0103-\u0163i \u0163in un discurs lung de elogiere a personalit\u0103\u0163ii tale&#8230; dar a\u015f fi vrut s\u0103 ar\u0103t marele rol pe care Partidul Comunist \u00een frunte cu tine l-a avut \u00een lichidarea social-democratismului \u00een \u0163ara noastr\u0103 \u015fi \u00een \u0163\u0103rile de democra\u0163ie popular\u0103 \u00een general. Socot c\u0103 nu trebuie s\u0103 se uite c\u0103 noi, aici, am \u00eenceput aceasta lichidare \u00eentr-o vreme c\u00e2nd \u00een celelalte \u0163\u0103ri partidele social-democrate se cramponau \u00eenc\u0103 de formula Frontului Unic&#8230; ai produs prima sp\u0103rtur\u0103 \u00een frontul social-democrat. Ea a fost dus\u0103 sub conducerea PCR \u015fi a ta&#8221;.<\/em><\/p>\n<p>\u00cendr\u0103znea\u0163\u0103 atitudine \u00een anul 1948, la adresa &#8222;scumpului&#8221; conduc\u0103tor, Gheorghiu-Dej, c\u00e2nd \u00een \u0163ar\u0103 poli\u0163ia politic\u0103 aresta \u015fi b\u0103ga la \u00eenchisoare zeci de mii de oameni pe motive politice&#8230;<\/p>\n","protected":false},"excerpt":{"rendered":"<p>Dup\u0103 sf\u00e2r\u015fitul celui de-al doilea r\u0103zboi mondial, comuni\u015ftii din Rom\u00e2nia aveau un concurent puternic, care se adresa maselor muncitoare &#8211; Partidul Social Democrat (PSD) -, care era mult mai popular dec\u00e2t PCR (Partidul Comunist Rom\u00e2n) \u00een r\u00e2ndul maselor populare. De &#8230; <\/p>\n<p class=\"read-more-container\"><a title=\"Acuza\u0163ie \u00eendr\u0103znea\u0163\u0103 la adresa &#8222;scumpului conduc\u0103tor al na\u0163iunii&#8221;, Gheorghe Gheorghiu-Dej: &#8222;Ai avut un mare rol \u00een lichidarea social &#8211; democra\u0163iei din \u0163ara noastr\u0103&#8221;\" class=\"read-more button\" href=\"https:\/\/www.lovendal.ro\/wp52\/acuzatie-indrazneata-la-adresa-scumpului-conducator-al-natiunii-gheorghe-gheorghiu-dej-ai-avut-un-mare-rol-in-lichidarea-social-democratiei-din-tara-noastra\/#more-80537\" aria-label=\"Cite\u0219te mai multe despre Acuza\u0163ie \u00eendr\u0103znea\u0163\u0103 la adresa &#8222;scumpului conduc\u0103tor al na\u0163iunii&#8221;, Gheorghe Gheorghiu-Dej: &#8222;Ai avut un mare rol \u00een lichidarea social &#8211; democra\u0163iei din \u0163ara noastr\u0103&#8221;\">Cititi mai multe<\/a><\/p>\n","protected":false},"author":1,"featured_media":80538,"comment_status":"open","ping_status":"open","sticky":false,"template":"","format":"standard","meta":{"footnotes":""},"categories":[9],"tags":[4554,3897,17717,1532,581,17718,45,17716,74,611],"class_list":["post-80537","post","type-post","status-publish","format-standard","has-post-thumbnail","hentry","category-istorie","tag-cel-de-al-doilea-razboi-mondial","tag-comunisti","tag-gheorghiu-dej","tag-istorie-si-civilizatii","tag-pcr","tag-pmr","tag-psd","tag-radaceanu","tag-romania","tag-scrisoare","resize-featured-image"],"yoast_head":"<!-- This site is optimized with the Yoast SEO Premium plugin v23.3 (Yoast SEO v27.4) - https:\/\/yoast.com\/product\/yoast-seo-premium-wordpress\/ -->\n<title>Acuza\u0163ie \u00eendr\u0103znea\u0163\u0103 la adresa &quot;scumpului conduc\u0103tor al na\u0163iunii&quot;, Gheorghe Gheorghiu-Dej: &quot;Ai avut un mare rol \u00een lichidarea social - democra\u0163iei din \u0163ara noastr\u0103&quot; - Secretele lui Lovendal<\/title>\n<meta name=\"robots\" content=\"index, follow, max-snippet:-1, max-image-preview:large, max-video-preview:-1\" \/>\n<link rel=\"canonical\" href=\"https:\/\/www.lovendal.ro\/wp52\/acuzatie-indrazneata-la-adresa-scumpului-conducator-al-natiunii-gheorghe-gheorghiu-dej-ai-avut-un-mare-rol-in-lichidarea-social-democratiei-din-tara-noastra\/\" \/>\n<meta property=\"og:locale\" content=\"ro_RO\" \/>\n<meta property=\"og:type\" content=\"article\" \/>\n<meta property=\"og:title\" content=\"Acuza\u0163ie \u00eendr\u0103znea\u0163\u0103 la adresa &quot;scumpului conduc\u0103tor al na\u0163iunii&quot;, Gheorghe Gheorghiu-Dej: &quot;Ai avut un mare rol \u00een lichidarea social - democra\u0163iei din \u0163ara noastr\u0103&quot;\" \/>\n<meta property=\"og:description\" content=\"Dup\u0103 sf\u00e2r\u015fitul celui de-al doilea r\u0103zboi mondial, comuni\u015ftii din Rom\u00e2nia aveau un concurent puternic, care se adresa maselor muncitoare &#8211; Partidul Social Democrat (PSD) -, care era mult mai popular dec\u00e2t PCR (Partidul Comunist Rom\u00e2n) \u00een r\u00e2ndul maselor populare. De ... Cititi mai multe\" \/>\n<meta property=\"og:url\" content=\"https:\/\/www.lovendal.ro\/wp52\/acuzatie-indrazneata-la-adresa-scumpului-conducator-al-natiunii-gheorghe-gheorghiu-dej-ai-avut-un-mare-rol-in-lichidarea-social-democratiei-din-tara-noastra\/\" \/>\n<meta property=\"og:site_name\" content=\"Secretele lui Lovendal\" \/>\n<meta property=\"article:publisher\" content=\"https:\/\/www.facebook.com\/secreteleluilovendal\" \/>\n<meta property=\"article:published_time\" content=\"2022-06-09T12:18:24+00:00\" \/>\n<meta property=\"og:image\" content=\"https:\/\/www.lovendal.ro\/wp52\/wp-content\/uploads\/2022\/06\/Radaceanu-Gheorghiu-Dej.jpg\" \/>\n\t<meta property=\"og:image:width\" content=\"338\" \/>\n\t<meta property=\"og:image:height\" content=\"212\" \/>\n\t<meta property=\"og:image:type\" content=\"image\/jpeg\" \/>\n<meta name=\"author\" content=\"admin\" \/>\n<meta name=\"twitter:card\" content=\"summary_large_image\" \/>\n<meta name=\"twitter:label1\" content=\"Scris de\" \/>\n\t<meta name=\"twitter:data1\" content=\"admin\" \/>\n\t<meta name=\"twitter:label2\" content=\"Timp estimat pentru citire\" \/>\n\t<meta name=\"twitter:data2\" content=\"2 minute\" \/>\n<script type=\"application\/ld+json\" class=\"yoast-schema-graph\">{\"@context\":\"https:\\\/\\\/schema.org\",\"@graph\":[{\"@type\":\"Article\",\"@id\":\"https:\\\/\\\/www.lovendal.ro\\\/wp52\\\/acuzatie-indrazneata-la-adresa-scumpului-conducator-al-natiunii-gheorghe-gheorghiu-dej-ai-avut-un-mare-rol-in-lichidarea-social-democratiei-din-tara-noastra\\\/#article\",\"isPartOf\":{\"@id\":\"https:\\\/\\\/www.lovendal.ro\\\/wp52\\\/acuzatie-indrazneata-la-adresa-scumpului-conducator-al-natiunii-gheorghe-gheorghiu-dej-ai-avut-un-mare-rol-in-lichidarea-social-democratiei-din-tara-noastra\\\/\"},\"author\":{\"name\":\"admin\",\"@id\":\"https:\\\/\\\/www.lovendal.ro\\\/wp52\\\/#\\\/schema\\\/person\\\/088691de5dfc346bb0c023e1e52ef5d9\"},\"headline\":\"Acuza\u0163ie \u00eendr\u0103znea\u0163\u0103 la adresa &#8222;scumpului conduc\u0103tor al na\u0163iunii&#8221;, Gheorghe Gheorghiu-Dej: &#8222;Ai avut un mare rol \u00een lichidarea social &#8211; democra\u0163iei din \u0163ara noastr\u0103&#8221;\",\"datePublished\":\"2022-06-09T12:18:24+00:00\",\"mainEntityOfPage\":{\"@id\":\"https:\\\/\\\/www.lovendal.ro\\\/wp52\\\/acuzatie-indrazneata-la-adresa-scumpului-conducator-al-natiunii-gheorghe-gheorghiu-dej-ai-avut-un-mare-rol-in-lichidarea-social-democratiei-din-tara-noastra\\\/\"},\"wordCount\":409,\"commentCount\":0,\"publisher\":{\"@id\":\"https:\\\/\\\/www.lovendal.ro\\\/wp52\\\/#organization\"},\"image\":{\"@id\":\"https:\\\/\\\/www.lovendal.ro\\\/wp52\\\/acuzatie-indrazneata-la-adresa-scumpului-conducator-al-natiunii-gheorghe-gheorghiu-dej-ai-avut-un-mare-rol-in-lichidarea-social-democratiei-din-tara-noastra\\\/#primaryimage\"},\"thumbnailUrl\":\"https:\\\/\\\/www.lovendal.ro\\\/wp52\\\/wp-content\\\/uploads\\\/2022\\\/06\\\/Radaceanu-Gheorghiu-Dej.jpg\",\"keywords\":[\"cel de-al doilea r\u0103zboi mondial\",\"comuni\u015fti\",\"Gheorghiu Dej\",\"Istorie si Civilizatii\",\"PCR\",\"PMR\",\"PSD\",\"R\u0103d\u0103ceanu\",\"Rom\u00e2nia\",\"scrisoare\"],\"articleSection\":[\"Istorie si Civilizatii\"],\"inLanguage\":\"ro-RO\",\"potentialAction\":[{\"@type\":\"CommentAction\",\"name\":\"Comment\",\"target\":[\"https:\\\/\\\/www.lovendal.ro\\\/wp52\\\/acuzatie-indrazneata-la-adresa-scumpului-conducator-al-natiunii-gheorghe-gheorghiu-dej-ai-avut-un-mare-rol-in-lichidarea-social-democratiei-din-tara-noastra\\\/#respond\"]}]},{\"@type\":\"WebPage\",\"@id\":\"https:\\\/\\\/www.lovendal.ro\\\/wp52\\\/acuzatie-indrazneata-la-adresa-scumpului-conducator-al-natiunii-gheorghe-gheorghiu-dej-ai-avut-un-mare-rol-in-lichidarea-social-democratiei-din-tara-noastra\\\/\",\"url\":\"https:\\\/\\\/www.lovendal.ro\\\/wp52\\\/acuzatie-indrazneata-la-adresa-scumpului-conducator-al-natiunii-gheorghe-gheorghiu-dej-ai-avut-un-mare-rol-in-lichidarea-social-democratiei-din-tara-noastra\\\/\",\"name\":\"Acuza\u0163ie \u00eendr\u0103znea\u0163\u0103 la adresa \\\"scumpului conduc\u0103tor al na\u0163iunii\\\", Gheorghe Gheorghiu-Dej: \\\"Ai avut un mare rol \u00een lichidarea social - democra\u0163iei din \u0163ara noastr\u0103\\\" - Secretele lui Lovendal\",\"isPartOf\":{\"@id\":\"https:\\\/\\\/www.lovendal.ro\\\/wp52\\\/#website\"},\"primaryImageOfPage\":{\"@id\":\"https:\\\/\\\/www.lovendal.ro\\\/wp52\\\/acuzatie-indrazneata-la-adresa-scumpului-conducator-al-natiunii-gheorghe-gheorghiu-dej-ai-avut-un-mare-rol-in-lichidarea-social-democratiei-din-tara-noastra\\\/#primaryimage\"},\"image\":{\"@id\":\"https:\\\/\\\/www.lovendal.ro\\\/wp52\\\/acuzatie-indrazneata-la-adresa-scumpului-conducator-al-natiunii-gheorghe-gheorghiu-dej-ai-avut-un-mare-rol-in-lichidarea-social-democratiei-din-tara-noastra\\\/#primaryimage\"},\"thumbnailUrl\":\"https:\\\/\\\/www.lovendal.ro\\\/wp52\\\/wp-content\\\/uploads\\\/2022\\\/06\\\/Radaceanu-Gheorghiu-Dej.jpg\",\"datePublished\":\"2022-06-09T12:18:24+00:00\",\"breadcrumb\":{\"@id\":\"https:\\\/\\\/www.lovendal.ro\\\/wp52\\\/acuzatie-indrazneata-la-adresa-scumpului-conducator-al-natiunii-gheorghe-gheorghiu-dej-ai-avut-un-mare-rol-in-lichidarea-social-democratiei-din-tara-noastra\\\/#breadcrumb\"},\"inLanguage\":\"ro-RO\",\"potentialAction\":[{\"@type\":\"ReadAction\",\"target\":[\"https:\\\/\\\/www.lovendal.ro\\\/wp52\\\/acuzatie-indrazneata-la-adresa-scumpului-conducator-al-natiunii-gheorghe-gheorghiu-dej-ai-avut-un-mare-rol-in-lichidarea-social-democratiei-din-tara-noastra\\\/\"]}]},{\"@type\":\"ImageObject\",\"inLanguage\":\"ro-RO\",\"@id\":\"https:\\\/\\\/www.lovendal.ro\\\/wp52\\\/acuzatie-indrazneata-la-adresa-scumpului-conducator-al-natiunii-gheorghe-gheorghiu-dej-ai-avut-un-mare-rol-in-lichidarea-social-democratiei-din-tara-noastra\\\/#primaryimage\",\"url\":\"https:\\\/\\\/www.lovendal.ro\\\/wp52\\\/wp-content\\\/uploads\\\/2022\\\/06\\\/Radaceanu-Gheorghiu-Dej.jpg\",\"contentUrl\":\"https:\\\/\\\/www.lovendal.ro\\\/wp52\\\/wp-content\\\/uploads\\\/2022\\\/06\\\/Radaceanu-Gheorghiu-Dej.jpg\",\"width\":338,\"height\":212},{\"@type\":\"BreadcrumbList\",\"@id\":\"https:\\\/\\\/www.lovendal.ro\\\/wp52\\\/acuzatie-indrazneata-la-adresa-scumpului-conducator-al-natiunii-gheorghe-gheorghiu-dej-ai-avut-un-mare-rol-in-lichidarea-social-democratiei-din-tara-noastra\\\/#breadcrumb\",\"itemListElement\":[{\"@type\":\"ListItem\",\"position\":1,\"name\":\"Home\",\"item\":\"https:\\\/\\\/www.lovendal.ro\\\/wp52\\\/\"},{\"@type\":\"ListItem\",\"position\":2,\"name\":\"Acuza\u0163ie \u00eendr\u0103znea\u0163\u0103 la adresa &#8222;scumpului conduc\u0103tor al na\u0163iunii&#8221;, Gheorghe Gheorghiu-Dej: &#8222;Ai avut un mare rol \u00een lichidarea social &#8211; democra\u0163iei din \u0163ara noastr\u0103&#8221;\"}]},{\"@type\":\"WebSite\",\"@id\":\"https:\\\/\\\/www.lovendal.ro\\\/wp52\\\/#website\",\"url\":\"https:\\\/\\\/www.lovendal.ro\\\/wp52\\\/\",\"name\":\"Secretele lui Lovendal\",\"description\":\"Site de secrete, stiinta si metafizica - din 2008 -\",\"publisher\":{\"@id\":\"https:\\\/\\\/www.lovendal.ro\\\/wp52\\\/#organization\"},\"potentialAction\":[{\"@type\":\"SearchAction\",\"target\":{\"@type\":\"EntryPoint\",\"urlTemplate\":\"https:\\\/\\\/www.lovendal.ro\\\/wp52\\\/?s={search_term_string}\"},\"query-input\":{\"@type\":\"PropertyValueSpecification\",\"valueRequired\":true,\"valueName\":\"search_term_string\"}}],\"inLanguage\":\"ro-RO\"},{\"@type\":\"Organization\",\"@id\":\"https:\\\/\\\/www.lovendal.ro\\\/wp52\\\/#organization\",\"name\":\"Secretele lui Lovendal\",\"url\":\"https:\\\/\\\/www.lovendal.ro\\\/wp52\\\/\",\"logo\":{\"@type\":\"ImageObject\",\"inLanguage\":\"ro-RO\",\"@id\":\"https:\\\/\\\/www.lovendal.ro\\\/wp52\\\/#\\\/schema\\\/logo\\\/image\\\/\",\"url\":\"https:\\\/\\\/www.lovendal.ro\\\/wp52\\\/wp-content\\\/uploads\\\/2024\\\/06\\\/cropped-SLL-iun-2024-1.jpg\",\"contentUrl\":\"https:\\\/\\\/www.lovendal.ro\\\/wp52\\\/wp-content\\\/uploads\\\/2024\\\/06\\\/cropped-SLL-iun-2024-1.jpg\",\"width\":771,\"height\":240,\"caption\":\"Secretele lui Lovendal\"},\"image\":{\"@id\":\"https:\\\/\\\/www.lovendal.ro\\\/wp52\\\/#\\\/schema\\\/logo\\\/image\\\/\"},\"sameAs\":[\"https:\\\/\\\/www.facebook.com\\\/secreteleluilovendal\"]},{\"@type\":\"Person\",\"@id\":\"https:\\\/\\\/www.lovendal.ro\\\/wp52\\\/#\\\/schema\\\/person\\\/088691de5dfc346bb0c023e1e52ef5d9\",\"name\":\"admin\",\"image\":{\"@type\":\"ImageObject\",\"inLanguage\":\"ro-RO\",\"@id\":\"https:\\\/\\\/secure.gravatar.com\\\/avatar\\\/ecb9cd41f5f63c9c9b989999a59f6e2639a865ec361e9db054db0679a8f341c2?s=96&d=mm&r=g\",\"url\":\"https:\\\/\\\/secure.gravatar.com\\\/avatar\\\/ecb9cd41f5f63c9c9b989999a59f6e2639a865ec361e9db054db0679a8f341c2?s=96&d=mm&r=g\",\"contentUrl\":\"https:\\\/\\\/secure.gravatar.com\\\/avatar\\\/ecb9cd41f5f63c9c9b989999a59f6e2639a865ec361e9db054db0679a8f341c2?s=96&d=mm&r=g\",\"caption\":\"admin\"},\"sameAs\":[\"https:\\\/\\\/www.lovendal.ro\\\/wp52\"]}]}<\/script>\n<!-- \/ Yoast SEO Premium plugin. -->","yoast_head_json":{"title":"Acuza\u0163ie \u00eendr\u0103znea\u0163\u0103 la adresa \"scumpului conduc\u0103tor al na\u0163iunii\", Gheorghe Gheorghiu-Dej: \"Ai avut un mare rol \u00een lichidarea social - democra\u0163iei din \u0163ara noastr\u0103\" - Secretele lui Lovendal","robots":{"index":"index","follow":"follow","max-snippet":"max-snippet:-1","max-image-preview":"max-image-preview:large","max-video-preview":"max-video-preview:-1"},"canonical":"https:\/\/www.lovendal.ro\/wp52\/acuzatie-indrazneata-la-adresa-scumpului-conducator-al-natiunii-gheorghe-gheorghiu-dej-ai-avut-un-mare-rol-in-lichidarea-social-democratiei-din-tara-noastra\/","og_locale":"ro_RO","og_type":"article","og_title":"Acuza\u0163ie \u00eendr\u0103znea\u0163\u0103 la adresa \"scumpului conduc\u0103tor al na\u0163iunii\", Gheorghe Gheorghiu-Dej: \"Ai avut un mare rol \u00een lichidarea social - democra\u0163iei din \u0163ara noastr\u0103\"","og_description":"Dup\u0103 sf\u00e2r\u015fitul celui de-al doilea r\u0103zboi mondial, comuni\u015ftii din Rom\u00e2nia aveau un concurent puternic, care se adresa maselor muncitoare &#8211; Partidul Social Democrat (PSD) -, care era mult mai popular dec\u00e2t PCR (Partidul Comunist Rom\u00e2n) \u00een r\u00e2ndul maselor populare. De ... Cititi mai multe","og_url":"https:\/\/www.lovendal.ro\/wp52\/acuzatie-indrazneata-la-adresa-scumpului-conducator-al-natiunii-gheorghe-gheorghiu-dej-ai-avut-un-mare-rol-in-lichidarea-social-democratiei-din-tara-noastra\/","og_site_name":"Secretele lui Lovendal","article_publisher":"https:\/\/www.facebook.com\/secreteleluilovendal","article_published_time":"2022-06-09T12:18:24+00:00","og_image":[{"width":338,"height":212,"url":"https:\/\/www.lovendal.ro\/wp52\/wp-content\/uploads\/2022\/06\/Radaceanu-Gheorghiu-Dej.jpg","type":"image\/jpeg"}],"author":"admin","twitter_card":"summary_large_image","twitter_misc":{"Scris de":"admin","Timp estimat pentru citire":"2 minute"},"schema":{"@context":"https:\/\/schema.org","@graph":[{"@type":"Article","@id":"https:\/\/www.lovendal.ro\/wp52\/acuzatie-indrazneata-la-adresa-scumpului-conducator-al-natiunii-gheorghe-gheorghiu-dej-ai-avut-un-mare-rol-in-lichidarea-social-democratiei-din-tara-noastra\/#article","isPartOf":{"@id":"https:\/\/www.lovendal.ro\/wp52\/acuzatie-indrazneata-la-adresa-scumpului-conducator-al-natiunii-gheorghe-gheorghiu-dej-ai-avut-un-mare-rol-in-lichidarea-social-democratiei-din-tara-noastra\/"},"author":{"name":"admin","@id":"https:\/\/www.lovendal.ro\/wp52\/#\/schema\/person\/088691de5dfc346bb0c023e1e52ef5d9"},"headline":"Acuza\u0163ie \u00eendr\u0103znea\u0163\u0103 la adresa &#8222;scumpului conduc\u0103tor al na\u0163iunii&#8221;, Gheorghe Gheorghiu-Dej: &#8222;Ai avut un mare rol \u00een lichidarea social &#8211; democra\u0163iei din \u0163ara noastr\u0103&#8221;","datePublished":"2022-06-09T12:18:24+00:00","mainEntityOfPage":{"@id":"https:\/\/www.lovendal.ro\/wp52\/acuzatie-indrazneata-la-adresa-scumpului-conducator-al-natiunii-gheorghe-gheorghiu-dej-ai-avut-un-mare-rol-in-lichidarea-social-democratiei-din-tara-noastra\/"},"wordCount":409,"commentCount":0,"publisher":{"@id":"https:\/\/www.lovendal.ro\/wp52\/#organization"},"image":{"@id":"https:\/\/www.lovendal.ro\/wp52\/acuzatie-indrazneata-la-adresa-scumpului-conducator-al-natiunii-gheorghe-gheorghiu-dej-ai-avut-un-mare-rol-in-lichidarea-social-democratiei-din-tara-noastra\/#primaryimage"},"thumbnailUrl":"https:\/\/www.lovendal.ro\/wp52\/wp-content\/uploads\/2022\/06\/Radaceanu-Gheorghiu-Dej.jpg","keywords":["cel de-al doilea r\u0103zboi mondial","comuni\u015fti","Gheorghiu Dej","Istorie si Civilizatii","PCR","PMR","PSD","R\u0103d\u0103ceanu","Rom\u00e2nia","scrisoare"],"articleSection":["Istorie si Civilizatii"],"inLanguage":"ro-RO","potentialAction":[{"@type":"CommentAction","name":"Comment","target":["https:\/\/www.lovendal.ro\/wp52\/acuzatie-indrazneata-la-adresa-scumpului-conducator-al-natiunii-gheorghe-gheorghiu-dej-ai-avut-un-mare-rol-in-lichidarea-social-democratiei-din-tara-noastra\/#respond"]}]},{"@type":"WebPage","@id":"https:\/\/www.lovendal.ro\/wp52\/acuzatie-indrazneata-la-adresa-scumpului-conducator-al-natiunii-gheorghe-gheorghiu-dej-ai-avut-un-mare-rol-in-lichidarea-social-democratiei-din-tara-noastra\/","url":"https:\/\/www.lovendal.ro\/wp52\/acuzatie-indrazneata-la-adresa-scumpului-conducator-al-natiunii-gheorghe-gheorghiu-dej-ai-avut-un-mare-rol-in-lichidarea-social-democratiei-din-tara-noastra\/","name":"Acuza\u0163ie \u00eendr\u0103znea\u0163\u0103 la adresa \"scumpului conduc\u0103tor al na\u0163iunii\", Gheorghe Gheorghiu-Dej: \"Ai avut un mare rol \u00een lichidarea social - democra\u0163iei din \u0163ara noastr\u0103\" - Secretele lui Lovendal","isPartOf":{"@id":"https:\/\/www.lovendal.ro\/wp52\/#website"},"primaryImageOfPage":{"@id":"https:\/\/www.lovendal.ro\/wp52\/acuzatie-indrazneata-la-adresa-scumpului-conducator-al-natiunii-gheorghe-gheorghiu-dej-ai-avut-un-mare-rol-in-lichidarea-social-democratiei-din-tara-noastra\/#primaryimage"},"image":{"@id":"https:\/\/www.lovendal.ro\/wp52\/acuzatie-indrazneata-la-adresa-scumpului-conducator-al-natiunii-gheorghe-gheorghiu-dej-ai-avut-un-mare-rol-in-lichidarea-social-democratiei-din-tara-noastra\/#primaryimage"},"thumbnailUrl":"https:\/\/www.lovendal.ro\/wp52\/wp-content\/uploads\/2022\/06\/Radaceanu-Gheorghiu-Dej.jpg","datePublished":"2022-06-09T12:18:24+00:00","breadcrumb":{"@id":"https:\/\/www.lovendal.ro\/wp52\/acuzatie-indrazneata-la-adresa-scumpului-conducator-al-natiunii-gheorghe-gheorghiu-dej-ai-avut-un-mare-rol-in-lichidarea-social-democratiei-din-tara-noastra\/#breadcrumb"},"inLanguage":"ro-RO","potentialAction":[{"@type":"ReadAction","target":["https:\/\/www.lovendal.ro\/wp52\/acuzatie-indrazneata-la-adresa-scumpului-conducator-al-natiunii-gheorghe-gheorghiu-dej-ai-avut-un-mare-rol-in-lichidarea-social-democratiei-din-tara-noastra\/"]}]},{"@type":"ImageObject","inLanguage":"ro-RO","@id":"https:\/\/www.lovendal.ro\/wp52\/acuzatie-indrazneata-la-adresa-scumpului-conducator-al-natiunii-gheorghe-gheorghiu-dej-ai-avut-un-mare-rol-in-lichidarea-social-democratiei-din-tara-noastra\/#primaryimage","url":"https:\/\/www.lovendal.ro\/wp52\/wp-content\/uploads\/2022\/06\/Radaceanu-Gheorghiu-Dej.jpg","contentUrl":"https:\/\/www.lovendal.ro\/wp52\/wp-content\/uploads\/2022\/06\/Radaceanu-Gheorghiu-Dej.jpg","width":338,"height":212},{"@type":"BreadcrumbList","@id":"https:\/\/www.lovendal.ro\/wp52\/acuzatie-indrazneata-la-adresa-scumpului-conducator-al-natiunii-gheorghe-gheorghiu-dej-ai-avut-un-mare-rol-in-lichidarea-social-democratiei-din-tara-noastra\/#breadcrumb","itemListElement":[{"@type":"ListItem","position":1,"name":"Home","item":"https:\/\/www.lovendal.ro\/wp52\/"},{"@type":"ListItem","position":2,"name":"Acuza\u0163ie \u00eendr\u0103znea\u0163\u0103 la adresa &#8222;scumpului conduc\u0103tor al na\u0163iunii&#8221;, Gheorghe Gheorghiu-Dej: &#8222;Ai avut un mare rol \u00een lichidarea social &#8211; democra\u0163iei din \u0163ara noastr\u0103&#8221;"}]},{"@type":"WebSite","@id":"https:\/\/www.lovendal.ro\/wp52\/#website","url":"https:\/\/www.lovendal.ro\/wp52\/","name":"Secretele lui Lovendal","description":"Site de secrete, stiinta si metafizica - din 2008 -","publisher":{"@id":"https:\/\/www.lovendal.ro\/wp52\/#organization"},"potentialAction":[{"@type":"SearchAction","target":{"@type":"EntryPoint","urlTemplate":"https:\/\/www.lovendal.ro\/wp52\/?s={search_term_string}"},"query-input":{"@type":"PropertyValueSpecification","valueRequired":true,"valueName":"search_term_string"}}],"inLanguage":"ro-RO"},{"@type":"Organization","@id":"https:\/\/www.lovendal.ro\/wp52\/#organization","name":"Secretele lui Lovendal","url":"https:\/\/www.lovendal.ro\/wp52\/","logo":{"@type":"ImageObject","inLanguage":"ro-RO","@id":"https:\/\/www.lovendal.ro\/wp52\/#\/schema\/logo\/image\/","url":"https:\/\/www.lovendal.ro\/wp52\/wp-content\/uploads\/2024\/06\/cropped-SLL-iun-2024-1.jpg","contentUrl":"https:\/\/www.lovendal.ro\/wp52\/wp-content\/uploads\/2024\/06\/cropped-SLL-iun-2024-1.jpg","width":771,"height":240,"caption":"Secretele lui Lovendal"},"image":{"@id":"https:\/\/www.lovendal.ro\/wp52\/#\/schema\/logo\/image\/"},"sameAs":["https:\/\/www.facebook.com\/secreteleluilovendal"]},{"@type":"Person","@id":"https:\/\/www.lovendal.ro\/wp52\/#\/schema\/person\/088691de5dfc346bb0c023e1e52ef5d9","name":"admin","image":{"@type":"ImageObject","inLanguage":"ro-RO","@id":"https:\/\/secure.gravatar.com\/avatar\/ecb9cd41f5f63c9c9b989999a59f6e2639a865ec361e9db054db0679a8f341c2?s=96&d=mm&r=g","url":"https:\/\/secure.gravatar.com\/avatar\/ecb9cd41f5f63c9c9b989999a59f6e2639a865ec361e9db054db0679a8f341c2?s=96&d=mm&r=g","contentUrl":"https:\/\/secure.gravatar.com\/avatar\/ecb9cd41f5f63c9c9b989999a59f6e2639a865ec361e9db054db0679a8f341c2?s=96&d=mm&r=g","caption":"admin"},"sameAs":["https:\/\/www.lovendal.ro\/wp52"]}]}},"_links":{"self":[{"href":"https:\/\/www.lovendal.ro\/wp52\/wp-json\/wp\/v2\/posts\/80537","targetHints":{"allow":["GET"]}}],"collection":[{"href":"https:\/\/www.lovendal.ro\/wp52\/wp-json\/wp\/v2\/posts"}],"about":[{"href":"https:\/\/www.lovendal.ro\/wp52\/wp-json\/wp\/v2\/types\/post"}],"author":[{"embeddable":true,"href":"https:\/\/www.lovendal.ro\/wp52\/wp-json\/wp\/v2\/users\/1"}],"replies":[{"embeddable":true,"href":"https:\/\/www.lovendal.ro\/wp52\/wp-json\/wp\/v2\/comments?post=80537"}],"version-history":[{"count":0,"href":"https:\/\/www.lovendal.ro\/wp52\/wp-json\/wp\/v2\/posts\/80537\/revisions"}],"wp:featuredmedia":[{"embeddable":true,"href":"https:\/\/www.lovendal.ro\/wp52\/wp-json\/wp\/v2\/media\/80538"}],"wp:attachment":[{"href":"https:\/\/www.lovendal.ro\/wp52\/wp-json\/wp\/v2\/media?parent=80537"}],"wp:term":[{"taxonomy":"category","embeddable":true,"href":"https:\/\/www.lovendal.ro\/wp52\/wp-json\/wp\/v2\/categories?post=80537"},{"taxonomy":"post_tag","embeddable":true,"href":"https:\/\/www.lovendal.ro\/wp52\/wp-json\/wp\/v2\/tags?post=80537"}],"curies":[{"name":"wp","href":"https:\/\/api.w.org\/{rel}","templated":true}]}}