{"id":80511,"date":"2022-06-08T21:14:10","date_gmt":"2022-06-08T18:14:10","guid":{"rendered":"https:\/\/www.lovendal.ro\/wp52\/?p=80511"},"modified":"2022-06-08T21:14:10","modified_gmt":"2022-06-08T18:14:10","slug":"am-putea-fi-cu-totii-martieni-da-cred-unii-cercetatori","status":"publish","type":"post","link":"https:\/\/www.lovendal.ro\/wp52\/am-putea-fi-cu-totii-martieni-da-cred-unii-cercetatori\/","title":{"rendered":"Am putea fi cu to\u0163ii mar\u0163ieni? Da! &#8211; cred unii cercet\u0103tori"},"content":{"rendered":"<p><a href=\"https:\/\/www.lovendal.ro\/wp52\/wp-content\/uploads\/2022\/06\/oameni-martieni.jpg\"><img loading=\"lazy\" decoding=\"async\" class=\"alignleft size-full wp-image-80512\" src=\"https:\/\/www.lovendal.ro\/wp52\/wp-content\/uploads\/2022\/06\/oameni-martieni.jpg\" alt=\"\" width=\"360\" height=\"203\" srcset=\"https:\/\/www.lovendal.ro\/wp52\/wp-content\/uploads\/2022\/06\/oameni-martieni.jpg 360w, https:\/\/www.lovendal.ro\/wp52\/wp-content\/uploads\/2022\/06\/oameni-martieni-300x169.jpg 300w\" sizes=\"auto, (max-width: 360px) 100vw, 360px\" \/><\/a>\u00cen urm\u0103 cu aproximativ 20 de ani, eminentul om de \u0219tiin\u021b\u0103 Joe Kirschvink a sugerat la o reuniune \u015ftiin\u0163ific\u0103 faptul c\u0103 via\u021ba de pe P\u0103m\u00e2nt ar avea originea pe Marte. Zece ani mai t\u00e2rziu, un alt proeminent om de \u0219tiin\u021b\u0103, Steve Benner, a argumentat \u015fi el o posibil\u0103 origine mar\u021bian\u0103 a vie\u021bii terestre. A\u015fadar, reapare ipoteza panspermiei, adic\u0103 via\u021ba poate fi transportat\u0103 de pe o planet\u0103 pe alta.<\/p>\n<p>Ideea panspermiei exist\u0103 \u00eenc\u0103 din timpurile antice grece\u0219ti, dar a rec\u0103p\u0103tat aten\u021bia vremurile moderne odat\u0103 cu Svante Arrhenius, care \u00een 1908 a sugerat c\u0103 spori de bacterii ar putea fi \u00eempin\u0219i de v\u00e2ntul solar \u0219i s\u0103 ajung\u0103 pe planete, \u00eens\u0103m\u00e2n\u021bandu-le astfel cu via\u021b\u0103. Ideea are \u00eens\u0103 criticii ei: ar putea supravie\u0163ui ace\u015fti spori unor c\u0103l\u0103torii cosmice pe distan\u0163e imense?<\/p>\n<p>Un alt eminent om de \u0219tiin\u021b\u0103 care a promovat panspermia a fost astrofizicianul Fred Hoyle. El credea c\u0103 asteroizii \u015fi cometele au adus elementele de baz\u0103 ale vie\u021bii pe P\u0103m\u00e2ntul timpuriu, cum ar fi aminoacizii.<\/p>\n<p>Dar, ca elemente de baz\u0103 ale vie\u021bii, organismele microbiene nu ar putea fi transferate de pe o planet\u0103 pe alta? Bacteriile f\u0103r\u0103 un strat gros de ecranare sunt prea vulnerabile \u00een spa\u021biu cosmic, chiar dac\u0103 transferul ar avea loc doar de la o planet\u0103 la alta din acela\u0219i sistem solar. Dar ce se \u00eent\u00e2mpl\u0103 dac\u0103 o bacterie sau un spor latent ar fi protejat \u00eentr-un meteorit, sub mai multe straturi de roc\u0103 sau sedimente? Au existat multe studii de la ipotezele lui Kirschvink \u0219i Benner, care au indicat c\u0103 dac\u0103 microbii s-ar afla \u00eentr-un meteorit, o parte semnificativ\u0103 din aceast\u0103 \u00eenc\u0103rc\u0103tur\u0103 microbian\u0103 ar supravie\u021bui probabil unui transfer de pe Marte pe P\u0103m\u00e2nt.<\/p>\n<p>\u00cen mod clar, dac\u0103 propunem ipoteza c\u0103 via\u021b\u0103 s-a transferat \u00eentre Marte \u0219i P\u0103m\u00e2nt, acest lucru ar \u00eensemna ca via\u021ba s\u0103-\u015fi avut originea pe Marte mai \u00eent\u00e2i. Acest lucru pare plauzibil, av\u00e2nd \u00een vedere c\u0103 &#8222;planeta ro\u015fie&#8221; a fost odat\u0103 mai cald\u0103, mai umed\u0103 \u0219i foarte asem\u0103n\u0103toare cu P\u0103m\u00e2ntul. Via\u021ba de pe Marte ar fi evoluat mai devreme dec\u00e2t pe P\u0103m\u00e2nt, pentru c\u0103 a devenit locuibil\u0103 mai repede.<\/p>\n<p>Un transfer de via\u0163\u0103 cu ajutorul meteori\u021bilor ar fi putut s\u0103 mearg\u0103 \u00een ambele sensuri, de la Marte pe P\u0103m\u00e2nt sau invers. Dar, traiectoria vie\u0163ii c\u0103tre P\u0103m\u00e2nt este mult mai probabil\u0103, deoarece P\u0103m\u00e2ntul are o for\u0163\u0103 gravita\u021bional\u0103 mai mare, iar Soarele se afl\u0103 \u00een centrul sistemului solar. Orice material ejectat de pe Marte probabil ar zbura c\u0103tre Soare, dar, din \u00eent\u00e2mplare, planeta noastr\u0103 ar putea fi \u00een loca\u021bia potrivit\u0103 pentru a intercepta rocile mar\u0163iene.<\/p>\n<p>Deci, am putea fi cu to\u021bii mar\u021bieni? Av\u00e2nd \u00een vedere lipsa de cuno\u0219tin\u021be despre originea vie\u021bii, e greu de spus. Dar ipoteza este posibil\u0103. \u0218i este o pe ipotez\u0103 care ar trebui testat\u0103 \u00een viitoarele misiuni pe Marte.<\/p>\n<p><strong>Sursa<\/strong> (traducerea \u015fi adaptarea proprie): <a href=\"https:\/\/www.searchforlifeintheuniverse.com\/post\/could-we-all-be-martians\" target=\"_blank\" rel=\"noopener\"><strong>searchforlifeintheuniverse.com<\/strong><\/a><\/p>\n","protected":false},"excerpt":{"rendered":"<p>\u00cen urm\u0103 cu aproximativ 20 de ani, eminentul om de \u0219tiin\u021b\u0103 Joe Kirschvink a sugerat la o reuniune \u015ftiin\u0163ific\u0103 faptul c\u0103 via\u021ba de pe P\u0103m\u00e2nt ar avea originea pe Marte. Zece ani mai t\u00e2rziu, un alt proeminent om de \u0219tiin\u021b\u0103, &#8230; <\/p>\n<p class=\"read-more-container\"><a title=\"Am putea fi cu to\u0163ii mar\u0163ieni? Da! &#8211; cred unii cercet\u0103tori\" class=\"read-more button\" href=\"https:\/\/www.lovendal.ro\/wp52\/am-putea-fi-cu-totii-martieni-da-cred-unii-cercetatori\/#more-80511\" aria-label=\"Cite\u0219te mai multe despre Am putea fi cu to\u0163ii mar\u0163ieni? Da! &#8211; cred unii cercet\u0103tori\">Cititi mai multe<\/a><\/p>\n","protected":false},"author":1,"featured_media":80512,"comment_status":"open","ping_status":"open","sticky":false,"template":"","format":"standard","meta":{"footnotes":""},"categories":[11039],"tags":[8522,5636,102,9706,1416,3890,1367,156,1739,6086,1191,105,3680,732,3417,865,4477,366],"class_list":["post-80511","post","type-post","status-publish","format-standard","has-post-thumbnail","hentry","category-astronomie","tag-aminoacizi","tag-astrofizician","tag-astronomie","tag-bacterii","tag-comete","tag-fred-hoyle","tag-gravitatie","tag-marte","tag-martieni","tag-meteoriti","tag-microbi","tag-pamant","tag-panspermie","tag-planeta","tag-sistem-solar","tag-soare","tag-vant-solar","tag-viata","resize-featured-image"],"yoast_head":"<!-- This site is optimized with the Yoast SEO Premium plugin v23.3 (Yoast SEO v27.4) - https:\/\/yoast.com\/product\/yoast-seo-premium-wordpress\/ -->\n<title>Am putea fi cu to\u0163ii mar\u0163ieni? Da! - cred unii cercet\u0103tori - Secretele lui Lovendal<\/title>\n<meta name=\"robots\" content=\"index, follow, max-snippet:-1, max-image-preview:large, max-video-preview:-1\" \/>\n<link rel=\"canonical\" href=\"https:\/\/www.lovendal.ro\/wp52\/am-putea-fi-cu-totii-martieni-da-cred-unii-cercetatori\/\" \/>\n<meta property=\"og:locale\" content=\"ro_RO\" \/>\n<meta property=\"og:type\" content=\"article\" \/>\n<meta property=\"og:title\" content=\"Am putea fi cu to\u0163ii mar\u0163ieni? Da! - cred unii cercet\u0103tori\" \/>\n<meta property=\"og:description\" content=\"\u00cen urm\u0103 cu aproximativ 20 de ani, eminentul om de \u0219tiin\u021b\u0103 Joe Kirschvink a sugerat la o reuniune \u015ftiin\u0163ific\u0103 faptul c\u0103 via\u021ba de pe P\u0103m\u00e2nt ar avea originea pe Marte. Zece ani mai t\u00e2rziu, un alt proeminent om de \u0219tiin\u021b\u0103, ... Cititi mai multe\" \/>\n<meta property=\"og:url\" content=\"https:\/\/www.lovendal.ro\/wp52\/am-putea-fi-cu-totii-martieni-da-cred-unii-cercetatori\/\" \/>\n<meta property=\"og:site_name\" content=\"Secretele lui Lovendal\" \/>\n<meta property=\"article:publisher\" content=\"https:\/\/www.facebook.com\/secreteleluilovendal\" \/>\n<meta property=\"article:published_time\" content=\"2022-06-08T18:14:10+00:00\" \/>\n<meta property=\"og:image\" content=\"https:\/\/www.lovendal.ro\/wp52\/wp-content\/uploads\/2022\/06\/oameni-martieni.jpg\" \/>\n\t<meta property=\"og:image:width\" content=\"360\" \/>\n\t<meta property=\"og:image:height\" content=\"203\" \/>\n\t<meta property=\"og:image:type\" content=\"image\/jpeg\" \/>\n<meta name=\"author\" content=\"admin\" \/>\n<meta name=\"twitter:card\" content=\"summary_large_image\" \/>\n<meta name=\"twitter:label1\" content=\"Scris de\" \/>\n\t<meta name=\"twitter:data1\" content=\"admin\" \/>\n\t<meta name=\"twitter:label2\" content=\"Timp estimat pentru citire\" \/>\n\t<meta name=\"twitter:data2\" content=\"3 minute\" \/>\n<script type=\"application\/ld+json\" class=\"yoast-schema-graph\">{\"@context\":\"https:\\\/\\\/schema.org\",\"@graph\":[{\"@type\":\"Article\",\"@id\":\"https:\\\/\\\/www.lovendal.ro\\\/wp52\\\/am-putea-fi-cu-totii-martieni-da-cred-unii-cercetatori\\\/#article\",\"isPartOf\":{\"@id\":\"https:\\\/\\\/www.lovendal.ro\\\/wp52\\\/am-putea-fi-cu-totii-martieni-da-cred-unii-cercetatori\\\/\"},\"author\":{\"name\":\"admin\",\"@id\":\"https:\\\/\\\/www.lovendal.ro\\\/wp52\\\/#\\\/schema\\\/person\\\/088691de5dfc346bb0c023e1e52ef5d9\"},\"headline\":\"Am putea fi cu to\u0163ii mar\u0163ieni? Da! &#8211; cred unii cercet\u0103tori\",\"datePublished\":\"2022-06-08T18:14:10+00:00\",\"mainEntityOfPage\":{\"@id\":\"https:\\\/\\\/www.lovendal.ro\\\/wp52\\\/am-putea-fi-cu-totii-martieni-da-cred-unii-cercetatori\\\/\"},\"wordCount\":545,\"commentCount\":0,\"publisher\":{\"@id\":\"https:\\\/\\\/www.lovendal.ro\\\/wp52\\\/#organization\"},\"image\":{\"@id\":\"https:\\\/\\\/www.lovendal.ro\\\/wp52\\\/am-putea-fi-cu-totii-martieni-da-cred-unii-cercetatori\\\/#primaryimage\"},\"thumbnailUrl\":\"https:\\\/\\\/www.lovendal.ro\\\/wp52\\\/wp-content\\\/uploads\\\/2022\\\/06\\\/oameni-martieni.jpg\",\"keywords\":[\"aminoacizi\",\"astrofizician\",\"astronomie\",\"bacterii\",\"comete\",\"Fred Hoyle\",\"gravita\u0163ie\",\"Marte\",\"mar\u0163ieni\",\"meteori\u0163i\",\"microbi\",\"P\u0103m\u00e2nt\",\"panspermie\",\"planet\u0103\",\"sistem solar\",\"Soare\",\"v\u00e2nt solar\",\"via\u0163\u0103\"],\"articleSection\":[\"Astronomie\"],\"inLanguage\":\"ro-RO\",\"potentialAction\":[{\"@type\":\"CommentAction\",\"name\":\"Comment\",\"target\":[\"https:\\\/\\\/www.lovendal.ro\\\/wp52\\\/am-putea-fi-cu-totii-martieni-da-cred-unii-cercetatori\\\/#respond\"]}]},{\"@type\":\"WebPage\",\"@id\":\"https:\\\/\\\/www.lovendal.ro\\\/wp52\\\/am-putea-fi-cu-totii-martieni-da-cred-unii-cercetatori\\\/\",\"url\":\"https:\\\/\\\/www.lovendal.ro\\\/wp52\\\/am-putea-fi-cu-totii-martieni-da-cred-unii-cercetatori\\\/\",\"name\":\"Am putea fi cu to\u0163ii mar\u0163ieni? Da! - cred unii cercet\u0103tori - Secretele lui Lovendal\",\"isPartOf\":{\"@id\":\"https:\\\/\\\/www.lovendal.ro\\\/wp52\\\/#website\"},\"primaryImageOfPage\":{\"@id\":\"https:\\\/\\\/www.lovendal.ro\\\/wp52\\\/am-putea-fi-cu-totii-martieni-da-cred-unii-cercetatori\\\/#primaryimage\"},\"image\":{\"@id\":\"https:\\\/\\\/www.lovendal.ro\\\/wp52\\\/am-putea-fi-cu-totii-martieni-da-cred-unii-cercetatori\\\/#primaryimage\"},\"thumbnailUrl\":\"https:\\\/\\\/www.lovendal.ro\\\/wp52\\\/wp-content\\\/uploads\\\/2022\\\/06\\\/oameni-martieni.jpg\",\"datePublished\":\"2022-06-08T18:14:10+00:00\",\"breadcrumb\":{\"@id\":\"https:\\\/\\\/www.lovendal.ro\\\/wp52\\\/am-putea-fi-cu-totii-martieni-da-cred-unii-cercetatori\\\/#breadcrumb\"},\"inLanguage\":\"ro-RO\",\"potentialAction\":[{\"@type\":\"ReadAction\",\"target\":[\"https:\\\/\\\/www.lovendal.ro\\\/wp52\\\/am-putea-fi-cu-totii-martieni-da-cred-unii-cercetatori\\\/\"]}]},{\"@type\":\"ImageObject\",\"inLanguage\":\"ro-RO\",\"@id\":\"https:\\\/\\\/www.lovendal.ro\\\/wp52\\\/am-putea-fi-cu-totii-martieni-da-cred-unii-cercetatori\\\/#primaryimage\",\"url\":\"https:\\\/\\\/www.lovendal.ro\\\/wp52\\\/wp-content\\\/uploads\\\/2022\\\/06\\\/oameni-martieni.jpg\",\"contentUrl\":\"https:\\\/\\\/www.lovendal.ro\\\/wp52\\\/wp-content\\\/uploads\\\/2022\\\/06\\\/oameni-martieni.jpg\",\"width\":360,\"height\":203},{\"@type\":\"BreadcrumbList\",\"@id\":\"https:\\\/\\\/www.lovendal.ro\\\/wp52\\\/am-putea-fi-cu-totii-martieni-da-cred-unii-cercetatori\\\/#breadcrumb\",\"itemListElement\":[{\"@type\":\"ListItem\",\"position\":1,\"name\":\"Home\",\"item\":\"https:\\\/\\\/www.lovendal.ro\\\/wp52\\\/\"},{\"@type\":\"ListItem\",\"position\":2,\"name\":\"Am putea fi cu to\u0163ii mar\u0163ieni? Da! &#8211; cred unii cercet\u0103tori\"}]},{\"@type\":\"WebSite\",\"@id\":\"https:\\\/\\\/www.lovendal.ro\\\/wp52\\\/#website\",\"url\":\"https:\\\/\\\/www.lovendal.ro\\\/wp52\\\/\",\"name\":\"Secretele lui Lovendal\",\"description\":\"Site de secrete, stiinta si metafizica - din 2008 -\",\"publisher\":{\"@id\":\"https:\\\/\\\/www.lovendal.ro\\\/wp52\\\/#organization\"},\"potentialAction\":[{\"@type\":\"SearchAction\",\"target\":{\"@type\":\"EntryPoint\",\"urlTemplate\":\"https:\\\/\\\/www.lovendal.ro\\\/wp52\\\/?s={search_term_string}\"},\"query-input\":{\"@type\":\"PropertyValueSpecification\",\"valueRequired\":true,\"valueName\":\"search_term_string\"}}],\"inLanguage\":\"ro-RO\"},{\"@type\":\"Organization\",\"@id\":\"https:\\\/\\\/www.lovendal.ro\\\/wp52\\\/#organization\",\"name\":\"Secretele lui Lovendal\",\"url\":\"https:\\\/\\\/www.lovendal.ro\\\/wp52\\\/\",\"logo\":{\"@type\":\"ImageObject\",\"inLanguage\":\"ro-RO\",\"@id\":\"https:\\\/\\\/www.lovendal.ro\\\/wp52\\\/#\\\/schema\\\/logo\\\/image\\\/\",\"url\":\"https:\\\/\\\/www.lovendal.ro\\\/wp52\\\/wp-content\\\/uploads\\\/2024\\\/06\\\/cropped-SLL-iun-2024-1.jpg\",\"contentUrl\":\"https:\\\/\\\/www.lovendal.ro\\\/wp52\\\/wp-content\\\/uploads\\\/2024\\\/06\\\/cropped-SLL-iun-2024-1.jpg\",\"width\":771,\"height\":240,\"caption\":\"Secretele lui Lovendal\"},\"image\":{\"@id\":\"https:\\\/\\\/www.lovendal.ro\\\/wp52\\\/#\\\/schema\\\/logo\\\/image\\\/\"},\"sameAs\":[\"https:\\\/\\\/www.facebook.com\\\/secreteleluilovendal\"]},{\"@type\":\"Person\",\"@id\":\"https:\\\/\\\/www.lovendal.ro\\\/wp52\\\/#\\\/schema\\\/person\\\/088691de5dfc346bb0c023e1e52ef5d9\",\"name\":\"admin\",\"image\":{\"@type\":\"ImageObject\",\"inLanguage\":\"ro-RO\",\"@id\":\"https:\\\/\\\/secure.gravatar.com\\\/avatar\\\/ecb9cd41f5f63c9c9b989999a59f6e2639a865ec361e9db054db0679a8f341c2?s=96&d=mm&r=g\",\"url\":\"https:\\\/\\\/secure.gravatar.com\\\/avatar\\\/ecb9cd41f5f63c9c9b989999a59f6e2639a865ec361e9db054db0679a8f341c2?s=96&d=mm&r=g\",\"contentUrl\":\"https:\\\/\\\/secure.gravatar.com\\\/avatar\\\/ecb9cd41f5f63c9c9b989999a59f6e2639a865ec361e9db054db0679a8f341c2?s=96&d=mm&r=g\",\"caption\":\"admin\"},\"sameAs\":[\"https:\\\/\\\/www.lovendal.ro\\\/wp52\"]}]}<\/script>\n<!-- \/ Yoast SEO Premium plugin. -->","yoast_head_json":{"title":"Am putea fi cu to\u0163ii mar\u0163ieni? Da! - cred unii cercet\u0103tori - Secretele lui Lovendal","robots":{"index":"index","follow":"follow","max-snippet":"max-snippet:-1","max-image-preview":"max-image-preview:large","max-video-preview":"max-video-preview:-1"},"canonical":"https:\/\/www.lovendal.ro\/wp52\/am-putea-fi-cu-totii-martieni-da-cred-unii-cercetatori\/","og_locale":"ro_RO","og_type":"article","og_title":"Am putea fi cu to\u0163ii mar\u0163ieni? Da! - cred unii cercet\u0103tori","og_description":"\u00cen urm\u0103 cu aproximativ 20 de ani, eminentul om de \u0219tiin\u021b\u0103 Joe Kirschvink a sugerat la o reuniune \u015ftiin\u0163ific\u0103 faptul c\u0103 via\u021ba de pe P\u0103m\u00e2nt ar avea originea pe Marte. Zece ani mai t\u00e2rziu, un alt proeminent om de \u0219tiin\u021b\u0103, ... Cititi mai multe","og_url":"https:\/\/www.lovendal.ro\/wp52\/am-putea-fi-cu-totii-martieni-da-cred-unii-cercetatori\/","og_site_name":"Secretele lui Lovendal","article_publisher":"https:\/\/www.facebook.com\/secreteleluilovendal","article_published_time":"2022-06-08T18:14:10+00:00","og_image":[{"width":360,"height":203,"url":"https:\/\/www.lovendal.ro\/wp52\/wp-content\/uploads\/2022\/06\/oameni-martieni.jpg","type":"image\/jpeg"}],"author":"admin","twitter_card":"summary_large_image","twitter_misc":{"Scris de":"admin","Timp estimat pentru citire":"3 minute"},"schema":{"@context":"https:\/\/schema.org","@graph":[{"@type":"Article","@id":"https:\/\/www.lovendal.ro\/wp52\/am-putea-fi-cu-totii-martieni-da-cred-unii-cercetatori\/#article","isPartOf":{"@id":"https:\/\/www.lovendal.ro\/wp52\/am-putea-fi-cu-totii-martieni-da-cred-unii-cercetatori\/"},"author":{"name":"admin","@id":"https:\/\/www.lovendal.ro\/wp52\/#\/schema\/person\/088691de5dfc346bb0c023e1e52ef5d9"},"headline":"Am putea fi cu to\u0163ii mar\u0163ieni? Da! &#8211; cred unii cercet\u0103tori","datePublished":"2022-06-08T18:14:10+00:00","mainEntityOfPage":{"@id":"https:\/\/www.lovendal.ro\/wp52\/am-putea-fi-cu-totii-martieni-da-cred-unii-cercetatori\/"},"wordCount":545,"commentCount":0,"publisher":{"@id":"https:\/\/www.lovendal.ro\/wp52\/#organization"},"image":{"@id":"https:\/\/www.lovendal.ro\/wp52\/am-putea-fi-cu-totii-martieni-da-cred-unii-cercetatori\/#primaryimage"},"thumbnailUrl":"https:\/\/www.lovendal.ro\/wp52\/wp-content\/uploads\/2022\/06\/oameni-martieni.jpg","keywords":["aminoacizi","astrofizician","astronomie","bacterii","comete","Fred Hoyle","gravita\u0163ie","Marte","mar\u0163ieni","meteori\u0163i","microbi","P\u0103m\u00e2nt","panspermie","planet\u0103","sistem solar","Soare","v\u00e2nt solar","via\u0163\u0103"],"articleSection":["Astronomie"],"inLanguage":"ro-RO","potentialAction":[{"@type":"CommentAction","name":"Comment","target":["https:\/\/www.lovendal.ro\/wp52\/am-putea-fi-cu-totii-martieni-da-cred-unii-cercetatori\/#respond"]}]},{"@type":"WebPage","@id":"https:\/\/www.lovendal.ro\/wp52\/am-putea-fi-cu-totii-martieni-da-cred-unii-cercetatori\/","url":"https:\/\/www.lovendal.ro\/wp52\/am-putea-fi-cu-totii-martieni-da-cred-unii-cercetatori\/","name":"Am putea fi cu to\u0163ii mar\u0163ieni? Da! - cred unii cercet\u0103tori - Secretele lui Lovendal","isPartOf":{"@id":"https:\/\/www.lovendal.ro\/wp52\/#website"},"primaryImageOfPage":{"@id":"https:\/\/www.lovendal.ro\/wp52\/am-putea-fi-cu-totii-martieni-da-cred-unii-cercetatori\/#primaryimage"},"image":{"@id":"https:\/\/www.lovendal.ro\/wp52\/am-putea-fi-cu-totii-martieni-da-cred-unii-cercetatori\/#primaryimage"},"thumbnailUrl":"https:\/\/www.lovendal.ro\/wp52\/wp-content\/uploads\/2022\/06\/oameni-martieni.jpg","datePublished":"2022-06-08T18:14:10+00:00","breadcrumb":{"@id":"https:\/\/www.lovendal.ro\/wp52\/am-putea-fi-cu-totii-martieni-da-cred-unii-cercetatori\/#breadcrumb"},"inLanguage":"ro-RO","potentialAction":[{"@type":"ReadAction","target":["https:\/\/www.lovendal.ro\/wp52\/am-putea-fi-cu-totii-martieni-da-cred-unii-cercetatori\/"]}]},{"@type":"ImageObject","inLanguage":"ro-RO","@id":"https:\/\/www.lovendal.ro\/wp52\/am-putea-fi-cu-totii-martieni-da-cred-unii-cercetatori\/#primaryimage","url":"https:\/\/www.lovendal.ro\/wp52\/wp-content\/uploads\/2022\/06\/oameni-martieni.jpg","contentUrl":"https:\/\/www.lovendal.ro\/wp52\/wp-content\/uploads\/2022\/06\/oameni-martieni.jpg","width":360,"height":203},{"@type":"BreadcrumbList","@id":"https:\/\/www.lovendal.ro\/wp52\/am-putea-fi-cu-totii-martieni-da-cred-unii-cercetatori\/#breadcrumb","itemListElement":[{"@type":"ListItem","position":1,"name":"Home","item":"https:\/\/www.lovendal.ro\/wp52\/"},{"@type":"ListItem","position":2,"name":"Am putea fi cu to\u0163ii mar\u0163ieni? Da! &#8211; cred unii cercet\u0103tori"}]},{"@type":"WebSite","@id":"https:\/\/www.lovendal.ro\/wp52\/#website","url":"https:\/\/www.lovendal.ro\/wp52\/","name":"Secretele lui Lovendal","description":"Site de secrete, stiinta si metafizica - din 2008 -","publisher":{"@id":"https:\/\/www.lovendal.ro\/wp52\/#organization"},"potentialAction":[{"@type":"SearchAction","target":{"@type":"EntryPoint","urlTemplate":"https:\/\/www.lovendal.ro\/wp52\/?s={search_term_string}"},"query-input":{"@type":"PropertyValueSpecification","valueRequired":true,"valueName":"search_term_string"}}],"inLanguage":"ro-RO"},{"@type":"Organization","@id":"https:\/\/www.lovendal.ro\/wp52\/#organization","name":"Secretele lui Lovendal","url":"https:\/\/www.lovendal.ro\/wp52\/","logo":{"@type":"ImageObject","inLanguage":"ro-RO","@id":"https:\/\/www.lovendal.ro\/wp52\/#\/schema\/logo\/image\/","url":"https:\/\/www.lovendal.ro\/wp52\/wp-content\/uploads\/2024\/06\/cropped-SLL-iun-2024-1.jpg","contentUrl":"https:\/\/www.lovendal.ro\/wp52\/wp-content\/uploads\/2024\/06\/cropped-SLL-iun-2024-1.jpg","width":771,"height":240,"caption":"Secretele lui Lovendal"},"image":{"@id":"https:\/\/www.lovendal.ro\/wp52\/#\/schema\/logo\/image\/"},"sameAs":["https:\/\/www.facebook.com\/secreteleluilovendal"]},{"@type":"Person","@id":"https:\/\/www.lovendal.ro\/wp52\/#\/schema\/person\/088691de5dfc346bb0c023e1e52ef5d9","name":"admin","image":{"@type":"ImageObject","inLanguage":"ro-RO","@id":"https:\/\/secure.gravatar.com\/avatar\/ecb9cd41f5f63c9c9b989999a59f6e2639a865ec361e9db054db0679a8f341c2?s=96&d=mm&r=g","url":"https:\/\/secure.gravatar.com\/avatar\/ecb9cd41f5f63c9c9b989999a59f6e2639a865ec361e9db054db0679a8f341c2?s=96&d=mm&r=g","contentUrl":"https:\/\/secure.gravatar.com\/avatar\/ecb9cd41f5f63c9c9b989999a59f6e2639a865ec361e9db054db0679a8f341c2?s=96&d=mm&r=g","caption":"admin"},"sameAs":["https:\/\/www.lovendal.ro\/wp52"]}]}},"_links":{"self":[{"href":"https:\/\/www.lovendal.ro\/wp52\/wp-json\/wp\/v2\/posts\/80511","targetHints":{"allow":["GET"]}}],"collection":[{"href":"https:\/\/www.lovendal.ro\/wp52\/wp-json\/wp\/v2\/posts"}],"about":[{"href":"https:\/\/www.lovendal.ro\/wp52\/wp-json\/wp\/v2\/types\/post"}],"author":[{"embeddable":true,"href":"https:\/\/www.lovendal.ro\/wp52\/wp-json\/wp\/v2\/users\/1"}],"replies":[{"embeddable":true,"href":"https:\/\/www.lovendal.ro\/wp52\/wp-json\/wp\/v2\/comments?post=80511"}],"version-history":[{"count":0,"href":"https:\/\/www.lovendal.ro\/wp52\/wp-json\/wp\/v2\/posts\/80511\/revisions"}],"wp:featuredmedia":[{"embeddable":true,"href":"https:\/\/www.lovendal.ro\/wp52\/wp-json\/wp\/v2\/media\/80512"}],"wp:attachment":[{"href":"https:\/\/www.lovendal.ro\/wp52\/wp-json\/wp\/v2\/media?parent=80511"}],"wp:term":[{"taxonomy":"category","embeddable":true,"href":"https:\/\/www.lovendal.ro\/wp52\/wp-json\/wp\/v2\/categories?post=80511"},{"taxonomy":"post_tag","embeddable":true,"href":"https:\/\/www.lovendal.ro\/wp52\/wp-json\/wp\/v2\/tags?post=80511"}],"curies":[{"name":"wp","href":"https:\/\/api.w.org\/{rel}","templated":true}]}}