{"id":80484,"date":"2022-06-07T11:40:08","date_gmt":"2022-06-07T08:40:08","guid":{"rendered":"https:\/\/www.lovendal.ro\/wp52\/?p=80484"},"modified":"2022-06-07T11:40:08","modified_gmt":"2022-06-07T08:40:08","slug":"bomba-bombelor-la-vatican-va-demisiona-papa-francisc-in-august-2022-ce-se-ascunde-in-spatele-ei","status":"publish","type":"post","link":"https:\/\/www.lovendal.ro\/wp52\/bomba-bombelor-la-vatican-va-demisiona-papa-francisc-in-august-2022-ce-se-ascunde-in-spatele-ei\/","title":{"rendered":"&#8222;Bomba bombelor&#8221; la Vatican: va demisiona papa Francisc \u00een august 2022? Ce se ascunde \u00een spatele ei?"},"content":{"rendered":"<p><a href=\"https:\/\/www.lovendal.ro\/wp52\/wp-content\/uploads\/2022\/06\/papa-Francisc.jpg\"><img loading=\"lazy\" decoding=\"async\" class=\"alignleft size-full wp-image-80485\" src=\"https:\/\/www.lovendal.ro\/wp52\/wp-content\/uploads\/2022\/06\/papa-Francisc.jpg\" alt=\"\" width=\"369\" height=\"295\" srcset=\"https:\/\/www.lovendal.ro\/wp52\/wp-content\/uploads\/2022\/06\/papa-Francisc.jpg 369w, https:\/\/www.lovendal.ro\/wp52\/wp-content\/uploads\/2022\/06\/papa-Francisc-300x240.jpg 300w\" sizes=\"auto, (max-width: 369px) 100vw, 369px\" \/><\/a>Conform prestigioasei agen\u0163ii de pres\u0103 <a href=\"https:\/\/apnews.com\/article\/pope-francis-benedict-xvi-religion-2186d6d10d27c67d5154197e50fc590e\" target=\"_blank\" rel=\"noopener\"><strong>Associated Press<\/strong><\/a>, papa Francisc ar putea anun\u0163a retragerea sa din \u015fef al Bisericii Catolice, \u00een august 2022, merg\u00e2nd astfel \u015fi el pe urmele predecesorului s\u0103u, Benedict al XVI-lea, care a demisionat \u00een 2013, la v\u00e2rsta de 85 de ani, din cauza unor probleme de s\u0103n\u0103tate. Associated Press speculeaz\u0103 c\u0103 papa Francisc s-ar putea retrage \u015fi el tot din cauza unor probleme de s\u0103n\u0103tate.<\/p>\n<p>P\u00e2n\u0103 \u00een prezent, \u00een toat\u0103 istoria Bisericii Catolice, au existat extrem de pu\u0163ine renun\u0163\u0103ri benevole la func\u0163ia de pap\u0103 &#8211; \u015fi ele au fost doar 4: Grigore al VI-lea (a renun\u0163at dup\u0103 1 an \u00een 1046), Celestin al V-lea (dup\u0103 161 de zile, \u00een 1294), Grigore al XII-lea (dup\u0103 8 ani, \u00een 1415) \u015fi Benedict al XVI-lea (\u00een 2013, dup\u0103 aproape 8 ani). Dar dou\u0103 renun\u0163\u0103ri succesive, una dup\u0103 cealalt\u0103, la func\u0163ia de pap\u0103 ar fi f\u0103r\u0103 precedent \u00een istoria Bisericii Catolice. Foarte interesant e faptul c\u0103 papa Francisc<span lang=\"RO\"> \u0219i-a exprimat dorin\u021ba de a vizita ora\u0219ul italian L<\/span>\u2019<span lang=\"RO\">Aquila, \u00een luna august 2022, cu ocazia unei serb\u0103ri dedicate lui Celestin al V-lea, ultimul suveran pontif care a demisionat \u00eenaintea lui Benedict XVI.<\/span><\/p>\n<p>\u015ei de aici au \u00eenceput s\u0103 apar\u0103 specula\u0163iile: de ce ar demisiona papa Francisc? S\u0103 fie de vin\u0103 doar problemele de s\u0103n\u0103tate sau e vorba \u015fi de altceva? Papa Francisc s-a remarcat \u00een toat\u0103 aceast\u0103 perioad\u0103 ca un aprig sus\u0163in\u0103tor al globaliz\u0103rii \u015fi al Marii Reset\u0103ri Mondiale. S\u0103 fie acesta un semnal c\u0103 resetarea global\u0103 nu va mai avea loc?<\/p>\n","protected":false},"excerpt":{"rendered":"<p>Conform prestigioasei agen\u0163ii de pres\u0103 Associated Press, papa Francisc ar putea anun\u0163a retragerea sa din \u015fef al Bisericii Catolice, \u00een august 2022, merg\u00e2nd astfel \u015fi el pe urmele predecesorului s\u0103u, Benedict al XVI-lea, care a demisionat \u00een 2013, la v\u00e2rsta &#8230; <\/p>\n<p class=\"read-more-container\"><a title=\"&#8222;Bomba bombelor&#8221; la Vatican: va demisiona papa Francisc \u00een august 2022? Ce se ascunde \u00een spatele ei?\" class=\"read-more button\" href=\"https:\/\/www.lovendal.ro\/wp52\/bomba-bombelor-la-vatican-va-demisiona-papa-francisc-in-august-2022-ce-se-ascunde-in-spatele-ei\/#more-80484\" aria-label=\"Cite\u0219te mai multe despre &#8222;Bomba bombelor&#8221; la Vatican: va demisiona papa Francisc \u00een august 2022? Ce se ascunde \u00een spatele ei?\">Cititi mai multe<\/a><\/p>\n","protected":false},"author":1,"featured_media":80485,"comment_status":"open","ping_status":"open","sticky":false,"template":"","format":"standard","meta":{"footnotes":""},"categories":[475],"tags":[2646,1415,17708,358,5766,4267,17709,17710,16338,151,97,6945,1251,339],"class_list":["post-80484","post","type-post","status-publish","format-standard","has-post-thumbnail","hentry","category-conspiratii-mistere","tag-benedict-al-xvi-lea","tag-biserica-catolica","tag-celestin-al-v-lea","tag-conspiratii-si-mistere","tag-demisie","tag-globalizare","tag-grigore-al-vi-lea","tag-grigore-al-xii-lea","tag-marea-resetare-mondiala","tag-oras","tag-papa","tag-papa-francisc","tag-sanatate","tag-vatican","resize-featured-image"],"yoast_head":"<!-- This site is optimized with the Yoast SEO Premium plugin v23.3 (Yoast SEO v27.4) - https:\/\/yoast.com\/product\/yoast-seo-premium-wordpress\/ -->\n<title>&quot;Bomba bombelor&quot; la Vatican: va demisiona papa Francisc \u00een august 2022? Ce se ascunde \u00een spatele ei? - Secretele lui Lovendal<\/title>\n<meta name=\"robots\" content=\"index, follow, max-snippet:-1, max-image-preview:large, max-video-preview:-1\" \/>\n<link rel=\"canonical\" href=\"https:\/\/www.lovendal.ro\/wp52\/bomba-bombelor-la-vatican-va-demisiona-papa-francisc-in-august-2022-ce-se-ascunde-in-spatele-ei\/\" \/>\n<meta property=\"og:locale\" content=\"ro_RO\" \/>\n<meta property=\"og:type\" content=\"article\" \/>\n<meta property=\"og:title\" content=\"&quot;Bomba bombelor&quot; la Vatican: va demisiona papa Francisc \u00een august 2022? Ce se ascunde \u00een spatele ei?\" \/>\n<meta property=\"og:description\" content=\"Conform prestigioasei agen\u0163ii de pres\u0103 Associated Press, papa Francisc ar putea anun\u0163a retragerea sa din \u015fef al Bisericii Catolice, \u00een august 2022, merg\u00e2nd astfel \u015fi el pe urmele predecesorului s\u0103u, Benedict al XVI-lea, care a demisionat \u00een 2013, la v\u00e2rsta ... Cititi mai multe\" \/>\n<meta property=\"og:url\" content=\"https:\/\/www.lovendal.ro\/wp52\/bomba-bombelor-la-vatican-va-demisiona-papa-francisc-in-august-2022-ce-se-ascunde-in-spatele-ei\/\" \/>\n<meta property=\"og:site_name\" content=\"Secretele lui Lovendal\" \/>\n<meta property=\"article:publisher\" content=\"https:\/\/www.facebook.com\/secreteleluilovendal\" \/>\n<meta property=\"article:published_time\" content=\"2022-06-07T08:40:08+00:00\" \/>\n<meta property=\"og:image\" content=\"https:\/\/www.lovendal.ro\/wp52\/wp-content\/uploads\/2022\/06\/papa-Francisc.jpg\" \/>\n\t<meta property=\"og:image:width\" content=\"369\" \/>\n\t<meta property=\"og:image:height\" content=\"295\" \/>\n\t<meta property=\"og:image:type\" content=\"image\/jpeg\" \/>\n<meta name=\"author\" content=\"admin\" \/>\n<meta name=\"twitter:card\" content=\"summary_large_image\" \/>\n<meta name=\"twitter:label1\" content=\"Scris de\" \/>\n\t<meta name=\"twitter:data1\" content=\"admin\" \/>\n\t<meta name=\"twitter:label2\" content=\"Timp estimat pentru citire\" \/>\n\t<meta name=\"twitter:data2\" content=\"1 minut\" \/>\n<script type=\"application\/ld+json\" class=\"yoast-schema-graph\">{\"@context\":\"https:\\\/\\\/schema.org\",\"@graph\":[{\"@type\":\"Article\",\"@id\":\"https:\\\/\\\/www.lovendal.ro\\\/wp52\\\/bomba-bombelor-la-vatican-va-demisiona-papa-francisc-in-august-2022-ce-se-ascunde-in-spatele-ei\\\/#article\",\"isPartOf\":{\"@id\":\"https:\\\/\\\/www.lovendal.ro\\\/wp52\\\/bomba-bombelor-la-vatican-va-demisiona-papa-francisc-in-august-2022-ce-se-ascunde-in-spatele-ei\\\/\"},\"author\":{\"name\":\"admin\",\"@id\":\"https:\\\/\\\/www.lovendal.ro\\\/wp52\\\/#\\\/schema\\\/person\\\/088691de5dfc346bb0c023e1e52ef5d9\"},\"headline\":\"&#8222;Bomba bombelor&#8221; la Vatican: va demisiona papa Francisc \u00een august 2022? Ce se ascunde \u00een spatele ei?\",\"datePublished\":\"2022-06-07T08:40:08+00:00\",\"mainEntityOfPage\":{\"@id\":\"https:\\\/\\\/www.lovendal.ro\\\/wp52\\\/bomba-bombelor-la-vatican-va-demisiona-papa-francisc-in-august-2022-ce-se-ascunde-in-spatele-ei\\\/\"},\"wordCount\":280,\"commentCount\":0,\"publisher\":{\"@id\":\"https:\\\/\\\/www.lovendal.ro\\\/wp52\\\/#organization\"},\"image\":{\"@id\":\"https:\\\/\\\/www.lovendal.ro\\\/wp52\\\/bomba-bombelor-la-vatican-va-demisiona-papa-francisc-in-august-2022-ce-se-ascunde-in-spatele-ei\\\/#primaryimage\"},\"thumbnailUrl\":\"https:\\\/\\\/www.lovendal.ro\\\/wp52\\\/wp-content\\\/uploads\\\/2022\\\/06\\\/papa-Francisc.jpg\",\"keywords\":[\"Benedict al XVI-lea\",\"Biserica Catolic\u0103\",\"Celestin al V-lea\",\"Conspiratii si Mistere\",\"demisie\",\"globalizare\",\"Grigore al VI-lea\",\"Grigore al XII-lea\",\"Marea Resetare Mondial\u0103\",\"ora\u015f\",\"papa\",\"papa Francisc\",\"s\u0103n\u0103tate\",\"Vatican\"],\"articleSection\":[\"Conspiratii si Mistere\"],\"inLanguage\":\"ro-RO\",\"potentialAction\":[{\"@type\":\"CommentAction\",\"name\":\"Comment\",\"target\":[\"https:\\\/\\\/www.lovendal.ro\\\/wp52\\\/bomba-bombelor-la-vatican-va-demisiona-papa-francisc-in-august-2022-ce-se-ascunde-in-spatele-ei\\\/#respond\"]}]},{\"@type\":\"WebPage\",\"@id\":\"https:\\\/\\\/www.lovendal.ro\\\/wp52\\\/bomba-bombelor-la-vatican-va-demisiona-papa-francisc-in-august-2022-ce-se-ascunde-in-spatele-ei\\\/\",\"url\":\"https:\\\/\\\/www.lovendal.ro\\\/wp52\\\/bomba-bombelor-la-vatican-va-demisiona-papa-francisc-in-august-2022-ce-se-ascunde-in-spatele-ei\\\/\",\"name\":\"\\\"Bomba bombelor\\\" la Vatican: va demisiona papa Francisc \u00een august 2022? Ce se ascunde \u00een spatele ei? - Secretele lui Lovendal\",\"isPartOf\":{\"@id\":\"https:\\\/\\\/www.lovendal.ro\\\/wp52\\\/#website\"},\"primaryImageOfPage\":{\"@id\":\"https:\\\/\\\/www.lovendal.ro\\\/wp52\\\/bomba-bombelor-la-vatican-va-demisiona-papa-francisc-in-august-2022-ce-se-ascunde-in-spatele-ei\\\/#primaryimage\"},\"image\":{\"@id\":\"https:\\\/\\\/www.lovendal.ro\\\/wp52\\\/bomba-bombelor-la-vatican-va-demisiona-papa-francisc-in-august-2022-ce-se-ascunde-in-spatele-ei\\\/#primaryimage\"},\"thumbnailUrl\":\"https:\\\/\\\/www.lovendal.ro\\\/wp52\\\/wp-content\\\/uploads\\\/2022\\\/06\\\/papa-Francisc.jpg\",\"datePublished\":\"2022-06-07T08:40:08+00:00\",\"breadcrumb\":{\"@id\":\"https:\\\/\\\/www.lovendal.ro\\\/wp52\\\/bomba-bombelor-la-vatican-va-demisiona-papa-francisc-in-august-2022-ce-se-ascunde-in-spatele-ei\\\/#breadcrumb\"},\"inLanguage\":\"ro-RO\",\"potentialAction\":[{\"@type\":\"ReadAction\",\"target\":[\"https:\\\/\\\/www.lovendal.ro\\\/wp52\\\/bomba-bombelor-la-vatican-va-demisiona-papa-francisc-in-august-2022-ce-se-ascunde-in-spatele-ei\\\/\"]}]},{\"@type\":\"ImageObject\",\"inLanguage\":\"ro-RO\",\"@id\":\"https:\\\/\\\/www.lovendal.ro\\\/wp52\\\/bomba-bombelor-la-vatican-va-demisiona-papa-francisc-in-august-2022-ce-se-ascunde-in-spatele-ei\\\/#primaryimage\",\"url\":\"https:\\\/\\\/www.lovendal.ro\\\/wp52\\\/wp-content\\\/uploads\\\/2022\\\/06\\\/papa-Francisc.jpg\",\"contentUrl\":\"https:\\\/\\\/www.lovendal.ro\\\/wp52\\\/wp-content\\\/uploads\\\/2022\\\/06\\\/papa-Francisc.jpg\",\"width\":369,\"height\":295},{\"@type\":\"BreadcrumbList\",\"@id\":\"https:\\\/\\\/www.lovendal.ro\\\/wp52\\\/bomba-bombelor-la-vatican-va-demisiona-papa-francisc-in-august-2022-ce-se-ascunde-in-spatele-ei\\\/#breadcrumb\",\"itemListElement\":[{\"@type\":\"ListItem\",\"position\":1,\"name\":\"Home\",\"item\":\"https:\\\/\\\/www.lovendal.ro\\\/wp52\\\/\"},{\"@type\":\"ListItem\",\"position\":2,\"name\":\"&#8222;Bomba bombelor&#8221; la Vatican: va demisiona papa Francisc \u00een august 2022? Ce se ascunde \u00een spatele ei?\"}]},{\"@type\":\"WebSite\",\"@id\":\"https:\\\/\\\/www.lovendal.ro\\\/wp52\\\/#website\",\"url\":\"https:\\\/\\\/www.lovendal.ro\\\/wp52\\\/\",\"name\":\"Secretele lui Lovendal\",\"description\":\"Site de secrete, stiinta si metafizica - din 2008 -\",\"publisher\":{\"@id\":\"https:\\\/\\\/www.lovendal.ro\\\/wp52\\\/#organization\"},\"potentialAction\":[{\"@type\":\"SearchAction\",\"target\":{\"@type\":\"EntryPoint\",\"urlTemplate\":\"https:\\\/\\\/www.lovendal.ro\\\/wp52\\\/?s={search_term_string}\"},\"query-input\":{\"@type\":\"PropertyValueSpecification\",\"valueRequired\":true,\"valueName\":\"search_term_string\"}}],\"inLanguage\":\"ro-RO\"},{\"@type\":\"Organization\",\"@id\":\"https:\\\/\\\/www.lovendal.ro\\\/wp52\\\/#organization\",\"name\":\"Secretele lui Lovendal\",\"url\":\"https:\\\/\\\/www.lovendal.ro\\\/wp52\\\/\",\"logo\":{\"@type\":\"ImageObject\",\"inLanguage\":\"ro-RO\",\"@id\":\"https:\\\/\\\/www.lovendal.ro\\\/wp52\\\/#\\\/schema\\\/logo\\\/image\\\/\",\"url\":\"https:\\\/\\\/www.lovendal.ro\\\/wp52\\\/wp-content\\\/uploads\\\/2024\\\/06\\\/cropped-SLL-iun-2024-1.jpg\",\"contentUrl\":\"https:\\\/\\\/www.lovendal.ro\\\/wp52\\\/wp-content\\\/uploads\\\/2024\\\/06\\\/cropped-SLL-iun-2024-1.jpg\",\"width\":771,\"height\":240,\"caption\":\"Secretele lui Lovendal\"},\"image\":{\"@id\":\"https:\\\/\\\/www.lovendal.ro\\\/wp52\\\/#\\\/schema\\\/logo\\\/image\\\/\"},\"sameAs\":[\"https:\\\/\\\/www.facebook.com\\\/secreteleluilovendal\"]},{\"@type\":\"Person\",\"@id\":\"https:\\\/\\\/www.lovendal.ro\\\/wp52\\\/#\\\/schema\\\/person\\\/088691de5dfc346bb0c023e1e52ef5d9\",\"name\":\"admin\",\"image\":{\"@type\":\"ImageObject\",\"inLanguage\":\"ro-RO\",\"@id\":\"https:\\\/\\\/secure.gravatar.com\\\/avatar\\\/ecb9cd41f5f63c9c9b989999a59f6e2639a865ec361e9db054db0679a8f341c2?s=96&d=mm&r=g\",\"url\":\"https:\\\/\\\/secure.gravatar.com\\\/avatar\\\/ecb9cd41f5f63c9c9b989999a59f6e2639a865ec361e9db054db0679a8f341c2?s=96&d=mm&r=g\",\"contentUrl\":\"https:\\\/\\\/secure.gravatar.com\\\/avatar\\\/ecb9cd41f5f63c9c9b989999a59f6e2639a865ec361e9db054db0679a8f341c2?s=96&d=mm&r=g\",\"caption\":\"admin\"},\"sameAs\":[\"https:\\\/\\\/www.lovendal.ro\\\/wp52\"]}]}<\/script>\n<!-- \/ Yoast SEO Premium plugin. -->","yoast_head_json":{"title":"\"Bomba bombelor\" la Vatican: va demisiona papa Francisc \u00een august 2022? Ce se ascunde \u00een spatele ei? - Secretele lui Lovendal","robots":{"index":"index","follow":"follow","max-snippet":"max-snippet:-1","max-image-preview":"max-image-preview:large","max-video-preview":"max-video-preview:-1"},"canonical":"https:\/\/www.lovendal.ro\/wp52\/bomba-bombelor-la-vatican-va-demisiona-papa-francisc-in-august-2022-ce-se-ascunde-in-spatele-ei\/","og_locale":"ro_RO","og_type":"article","og_title":"\"Bomba bombelor\" la Vatican: va demisiona papa Francisc \u00een august 2022? Ce se ascunde \u00een spatele ei?","og_description":"Conform prestigioasei agen\u0163ii de pres\u0103 Associated Press, papa Francisc ar putea anun\u0163a retragerea sa din \u015fef al Bisericii Catolice, \u00een august 2022, merg\u00e2nd astfel \u015fi el pe urmele predecesorului s\u0103u, Benedict al XVI-lea, care a demisionat \u00een 2013, la v\u00e2rsta ... Cititi mai multe","og_url":"https:\/\/www.lovendal.ro\/wp52\/bomba-bombelor-la-vatican-va-demisiona-papa-francisc-in-august-2022-ce-se-ascunde-in-spatele-ei\/","og_site_name":"Secretele lui Lovendal","article_publisher":"https:\/\/www.facebook.com\/secreteleluilovendal","article_published_time":"2022-06-07T08:40:08+00:00","og_image":[{"width":369,"height":295,"url":"https:\/\/www.lovendal.ro\/wp52\/wp-content\/uploads\/2022\/06\/papa-Francisc.jpg","type":"image\/jpeg"}],"author":"admin","twitter_card":"summary_large_image","twitter_misc":{"Scris de":"admin","Timp estimat pentru citire":"1 minut"},"schema":{"@context":"https:\/\/schema.org","@graph":[{"@type":"Article","@id":"https:\/\/www.lovendal.ro\/wp52\/bomba-bombelor-la-vatican-va-demisiona-papa-francisc-in-august-2022-ce-se-ascunde-in-spatele-ei\/#article","isPartOf":{"@id":"https:\/\/www.lovendal.ro\/wp52\/bomba-bombelor-la-vatican-va-demisiona-papa-francisc-in-august-2022-ce-se-ascunde-in-spatele-ei\/"},"author":{"name":"admin","@id":"https:\/\/www.lovendal.ro\/wp52\/#\/schema\/person\/088691de5dfc346bb0c023e1e52ef5d9"},"headline":"&#8222;Bomba bombelor&#8221; la Vatican: va demisiona papa Francisc \u00een august 2022? Ce se ascunde \u00een spatele ei?","datePublished":"2022-06-07T08:40:08+00:00","mainEntityOfPage":{"@id":"https:\/\/www.lovendal.ro\/wp52\/bomba-bombelor-la-vatican-va-demisiona-papa-francisc-in-august-2022-ce-se-ascunde-in-spatele-ei\/"},"wordCount":280,"commentCount":0,"publisher":{"@id":"https:\/\/www.lovendal.ro\/wp52\/#organization"},"image":{"@id":"https:\/\/www.lovendal.ro\/wp52\/bomba-bombelor-la-vatican-va-demisiona-papa-francisc-in-august-2022-ce-se-ascunde-in-spatele-ei\/#primaryimage"},"thumbnailUrl":"https:\/\/www.lovendal.ro\/wp52\/wp-content\/uploads\/2022\/06\/papa-Francisc.jpg","keywords":["Benedict al XVI-lea","Biserica Catolic\u0103","Celestin al V-lea","Conspiratii si Mistere","demisie","globalizare","Grigore al VI-lea","Grigore al XII-lea","Marea Resetare Mondial\u0103","ora\u015f","papa","papa Francisc","s\u0103n\u0103tate","Vatican"],"articleSection":["Conspiratii si Mistere"],"inLanguage":"ro-RO","potentialAction":[{"@type":"CommentAction","name":"Comment","target":["https:\/\/www.lovendal.ro\/wp52\/bomba-bombelor-la-vatican-va-demisiona-papa-francisc-in-august-2022-ce-se-ascunde-in-spatele-ei\/#respond"]}]},{"@type":"WebPage","@id":"https:\/\/www.lovendal.ro\/wp52\/bomba-bombelor-la-vatican-va-demisiona-papa-francisc-in-august-2022-ce-se-ascunde-in-spatele-ei\/","url":"https:\/\/www.lovendal.ro\/wp52\/bomba-bombelor-la-vatican-va-demisiona-papa-francisc-in-august-2022-ce-se-ascunde-in-spatele-ei\/","name":"\"Bomba bombelor\" la Vatican: va demisiona papa Francisc \u00een august 2022? Ce se ascunde \u00een spatele ei? - Secretele lui Lovendal","isPartOf":{"@id":"https:\/\/www.lovendal.ro\/wp52\/#website"},"primaryImageOfPage":{"@id":"https:\/\/www.lovendal.ro\/wp52\/bomba-bombelor-la-vatican-va-demisiona-papa-francisc-in-august-2022-ce-se-ascunde-in-spatele-ei\/#primaryimage"},"image":{"@id":"https:\/\/www.lovendal.ro\/wp52\/bomba-bombelor-la-vatican-va-demisiona-papa-francisc-in-august-2022-ce-se-ascunde-in-spatele-ei\/#primaryimage"},"thumbnailUrl":"https:\/\/www.lovendal.ro\/wp52\/wp-content\/uploads\/2022\/06\/papa-Francisc.jpg","datePublished":"2022-06-07T08:40:08+00:00","breadcrumb":{"@id":"https:\/\/www.lovendal.ro\/wp52\/bomba-bombelor-la-vatican-va-demisiona-papa-francisc-in-august-2022-ce-se-ascunde-in-spatele-ei\/#breadcrumb"},"inLanguage":"ro-RO","potentialAction":[{"@type":"ReadAction","target":["https:\/\/www.lovendal.ro\/wp52\/bomba-bombelor-la-vatican-va-demisiona-papa-francisc-in-august-2022-ce-se-ascunde-in-spatele-ei\/"]}]},{"@type":"ImageObject","inLanguage":"ro-RO","@id":"https:\/\/www.lovendal.ro\/wp52\/bomba-bombelor-la-vatican-va-demisiona-papa-francisc-in-august-2022-ce-se-ascunde-in-spatele-ei\/#primaryimage","url":"https:\/\/www.lovendal.ro\/wp52\/wp-content\/uploads\/2022\/06\/papa-Francisc.jpg","contentUrl":"https:\/\/www.lovendal.ro\/wp52\/wp-content\/uploads\/2022\/06\/papa-Francisc.jpg","width":369,"height":295},{"@type":"BreadcrumbList","@id":"https:\/\/www.lovendal.ro\/wp52\/bomba-bombelor-la-vatican-va-demisiona-papa-francisc-in-august-2022-ce-se-ascunde-in-spatele-ei\/#breadcrumb","itemListElement":[{"@type":"ListItem","position":1,"name":"Home","item":"https:\/\/www.lovendal.ro\/wp52\/"},{"@type":"ListItem","position":2,"name":"&#8222;Bomba bombelor&#8221; la Vatican: va demisiona papa Francisc \u00een august 2022? Ce se ascunde \u00een spatele ei?"}]},{"@type":"WebSite","@id":"https:\/\/www.lovendal.ro\/wp52\/#website","url":"https:\/\/www.lovendal.ro\/wp52\/","name":"Secretele lui Lovendal","description":"Site de secrete, stiinta si metafizica - din 2008 -","publisher":{"@id":"https:\/\/www.lovendal.ro\/wp52\/#organization"},"potentialAction":[{"@type":"SearchAction","target":{"@type":"EntryPoint","urlTemplate":"https:\/\/www.lovendal.ro\/wp52\/?s={search_term_string}"},"query-input":{"@type":"PropertyValueSpecification","valueRequired":true,"valueName":"search_term_string"}}],"inLanguage":"ro-RO"},{"@type":"Organization","@id":"https:\/\/www.lovendal.ro\/wp52\/#organization","name":"Secretele lui Lovendal","url":"https:\/\/www.lovendal.ro\/wp52\/","logo":{"@type":"ImageObject","inLanguage":"ro-RO","@id":"https:\/\/www.lovendal.ro\/wp52\/#\/schema\/logo\/image\/","url":"https:\/\/www.lovendal.ro\/wp52\/wp-content\/uploads\/2024\/06\/cropped-SLL-iun-2024-1.jpg","contentUrl":"https:\/\/www.lovendal.ro\/wp52\/wp-content\/uploads\/2024\/06\/cropped-SLL-iun-2024-1.jpg","width":771,"height":240,"caption":"Secretele lui Lovendal"},"image":{"@id":"https:\/\/www.lovendal.ro\/wp52\/#\/schema\/logo\/image\/"},"sameAs":["https:\/\/www.facebook.com\/secreteleluilovendal"]},{"@type":"Person","@id":"https:\/\/www.lovendal.ro\/wp52\/#\/schema\/person\/088691de5dfc346bb0c023e1e52ef5d9","name":"admin","image":{"@type":"ImageObject","inLanguage":"ro-RO","@id":"https:\/\/secure.gravatar.com\/avatar\/ecb9cd41f5f63c9c9b989999a59f6e2639a865ec361e9db054db0679a8f341c2?s=96&d=mm&r=g","url":"https:\/\/secure.gravatar.com\/avatar\/ecb9cd41f5f63c9c9b989999a59f6e2639a865ec361e9db054db0679a8f341c2?s=96&d=mm&r=g","contentUrl":"https:\/\/secure.gravatar.com\/avatar\/ecb9cd41f5f63c9c9b989999a59f6e2639a865ec361e9db054db0679a8f341c2?s=96&d=mm&r=g","caption":"admin"},"sameAs":["https:\/\/www.lovendal.ro\/wp52"]}]}},"_links":{"self":[{"href":"https:\/\/www.lovendal.ro\/wp52\/wp-json\/wp\/v2\/posts\/80484","targetHints":{"allow":["GET"]}}],"collection":[{"href":"https:\/\/www.lovendal.ro\/wp52\/wp-json\/wp\/v2\/posts"}],"about":[{"href":"https:\/\/www.lovendal.ro\/wp52\/wp-json\/wp\/v2\/types\/post"}],"author":[{"embeddable":true,"href":"https:\/\/www.lovendal.ro\/wp52\/wp-json\/wp\/v2\/users\/1"}],"replies":[{"embeddable":true,"href":"https:\/\/www.lovendal.ro\/wp52\/wp-json\/wp\/v2\/comments?post=80484"}],"version-history":[{"count":0,"href":"https:\/\/www.lovendal.ro\/wp52\/wp-json\/wp\/v2\/posts\/80484\/revisions"}],"wp:featuredmedia":[{"embeddable":true,"href":"https:\/\/www.lovendal.ro\/wp52\/wp-json\/wp\/v2\/media\/80485"}],"wp:attachment":[{"href":"https:\/\/www.lovendal.ro\/wp52\/wp-json\/wp\/v2\/media?parent=80484"}],"wp:term":[{"taxonomy":"category","embeddable":true,"href":"https:\/\/www.lovendal.ro\/wp52\/wp-json\/wp\/v2\/categories?post=80484"},{"taxonomy":"post_tag","embeddable":true,"href":"https:\/\/www.lovendal.ro\/wp52\/wp-json\/wp\/v2\/tags?post=80484"}],"curies":[{"name":"wp","href":"https:\/\/api.w.org\/{rel}","templated":true}]}}