{"id":80318,"date":"2022-05-26T09:47:09","date_gmt":"2022-05-26T06:47:09","guid":{"rendered":"https:\/\/www.lovendal.ro\/wp52\/?p=80318"},"modified":"2022-05-26T09:47:09","modified_gmt":"2022-05-26T06:47:09","slug":"lumea-a-innebunit-de-tot-un-berbec-a-fost-arestat-si-va-fi-condamnat-la-3-ani-inchisoare-pentru-ca-a-omorat-o-femeie-ce-rol-are-inchisoarea","status":"publish","type":"post","link":"https:\/\/www.lovendal.ro\/wp52\/lumea-a-innebunit-de-tot-un-berbec-a-fost-arestat-si-va-fi-condamnat-la-3-ani-inchisoare-pentru-ca-a-omorat-o-femeie-ce-rol-are-inchisoarea\/","title":{"rendered":"Lumea a \u00eennebunit de tot: un berbec a fost arestat \u015fi va fi condamnat la 3 ani \u00eenchisoare, pentru c\u0103 a omor\u00e2t o femeie&#8230; Ce rol are \u00eenchisoarea!?"},"content":{"rendered":"<p><a href=\"https:\/\/www.lovendal.ro\/wp52\/wp-content\/uploads\/2022\/05\/berbec-condamnat-la-inchisoare.jpg\"><img loading=\"lazy\" decoding=\"async\" class=\"alignleft size-full wp-image-80319\" src=\"https:\/\/www.lovendal.ro\/wp52\/wp-content\/uploads\/2022\/05\/berbec-condamnat-la-inchisoare.jpg\" alt=\"\" width=\"364\" height=\"213\" \/><\/a>Nu doar oamenii risc\u0103 o pedeaps\u0103 cu \u00eenchisoarea pentru comiterea unei infrac\u021biuni, \u00een unele p\u0103r\u021bi ale lumii. Astfel, un berbec, care a atacat-o cu ferocitate \u0219i a ucis-o pe Adhieu Chaping, \u00een v\u00e2rst\u0103 de 45 de ani, la \u00eenceputul lunii mai 2022, a fost luat \u00een custodia poli\u021biei din Sudanul de Sud, pe motiv c\u0103 a comis o crim\u0103.<\/p>\n<p><em>&#8222;Berbecul a atacat lovind-o coastele \u0219i femeia a murit imediat&#8221;<\/em>, a spus maiorul de poli\u0163ie Elijah Mabor. <em>&#8222;Rolul nostru ca poli\u021bie este de a oferi siguran\u021b\u0103. Berbecul a fost re\u021binut \u0219i \u00een prezent sub custodie la o sec\u021bie de poli\u021bie din Maleng Agok Payam.<\/em> <em>Proprietarul este nevinovat, iar berbecul este cel care a s\u0103v\u00e2r\u0219it infrac\u021biunea, a\u0219a c\u0103 merit\u0103 s\u0103 fie arestat, apoi dosarul va fi \u00eenaintat instan\u021bei, unde cauza poate fi solu\u021bionat\u0103 pe cale amiabil\u0103&#8221;.<\/em><\/p>\n<p>\u00cen mod bizar, animalul risc\u0103 acum o pedeaps\u0103 de 3 ani de \u00eenchisoare \u00eentr-un lag\u0103r militar. Odat\u0103 ce iese din \u00eenchisoare, el va fi d\u0103ruit familiei victimei. De asemenea, proprietarul berbecului este de a\u0219teptat s\u0103 ofere familiei victimei \u015fi 5 vaci drept compensa\u021bie.<\/p>\n<p><strong>Sursa<\/strong> (traducerea \u015fi adaptarea proprie): <a href=\"https:\/\/www.ladbible.com\/news\/latest-sheep-sentenced-to-three-years-jail-after-murder-conviction-20220523\" target=\"_blank\" rel=\"noopener\"><strong>ladbible.com<\/strong><\/a><\/p>\n","protected":false},"excerpt":{"rendered":"<p>Nu doar oamenii risc\u0103 o pedeaps\u0103 cu \u00eenchisoarea pentru comiterea unei infrac\u021biuni, \u00een unele p\u0103r\u021bi ale lumii. Astfel, un berbec, care a atacat-o cu ferocitate \u0219i a ucis-o pe Adhieu Chaping, \u00een v\u00e2rst\u0103 de 45 de ani, la \u00eenceputul lunii &#8230; <\/p>\n<p class=\"read-more-container\"><a title=\"Lumea a \u00eennebunit de tot: un berbec a fost arestat \u015fi va fi condamnat la 3 ani \u00eenchisoare, pentru c\u0103 a omor\u00e2t o femeie&#8230; Ce rol are \u00eenchisoarea!?\" class=\"read-more button\" href=\"https:\/\/www.lovendal.ro\/wp52\/lumea-a-innebunit-de-tot-un-berbec-a-fost-arestat-si-va-fi-condamnat-la-3-ani-inchisoare-pentru-ca-a-omorat-o-femeie-ce-rol-are-inchisoarea\/#more-80318\" aria-label=\"Cite\u0219te mai multe despre Lumea a \u00eennebunit de tot: un berbec a fost arestat \u015fi va fi condamnat la 3 ani \u00eenchisoare, pentru c\u0103 a omor\u00e2t o femeie&#8230; Ce rol are \u00eenchisoarea!?\">Cititi mai multe<\/a><\/p>\n","protected":false},"author":1,"featured_media":80319,"comment_status":"open","ping_status":"open","sticky":false,"template":"","format":"standard","meta":{"footnotes":""},"categories":[5040],"tags":[2125,9818,164,1189,1935,8490],"class_list":["post-80318","post","type-post","status-publish","format-standard","has-post-thumbnail","hentry","category-bizar","tag-berbec","tag-bizar","tag-inchisoare","tag-politie","tag-sudan","tag-vaci","resize-featured-image"],"yoast_head":"<!-- This site is optimized with the Yoast SEO Premium plugin v23.3 (Yoast SEO v27.4) - https:\/\/yoast.com\/product\/yoast-seo-premium-wordpress\/ -->\n<title>Lumea a \u00eennebunit de tot: un berbec a fost arestat \u015fi va fi condamnat la 3 ani \u00eenchisoare, pentru c\u0103 a omor\u00e2t o femeie... Ce rol are \u00eenchisoarea!? - Secretele lui Lovendal<\/title>\n<meta name=\"robots\" content=\"index, follow, max-snippet:-1, max-image-preview:large, max-video-preview:-1\" \/>\n<link rel=\"canonical\" href=\"https:\/\/www.lovendal.ro\/wp52\/lumea-a-innebunit-de-tot-un-berbec-a-fost-arestat-si-va-fi-condamnat-la-3-ani-inchisoare-pentru-ca-a-omorat-o-femeie-ce-rol-are-inchisoarea\/\" \/>\n<meta property=\"og:locale\" content=\"ro_RO\" \/>\n<meta property=\"og:type\" content=\"article\" \/>\n<meta property=\"og:title\" content=\"Lumea a \u00eennebunit de tot: un berbec a fost arestat \u015fi va fi condamnat la 3 ani \u00eenchisoare, pentru c\u0103 a omor\u00e2t o femeie... Ce rol are \u00eenchisoarea!?\" \/>\n<meta property=\"og:description\" content=\"Nu doar oamenii risc\u0103 o pedeaps\u0103 cu \u00eenchisoarea pentru comiterea unei infrac\u021biuni, \u00een unele p\u0103r\u021bi ale lumii. Astfel, un berbec, care a atacat-o cu ferocitate \u0219i a ucis-o pe Adhieu Chaping, \u00een v\u00e2rst\u0103 de 45 de ani, la \u00eenceputul lunii ... Cititi mai multe\" \/>\n<meta property=\"og:url\" content=\"https:\/\/www.lovendal.ro\/wp52\/lumea-a-innebunit-de-tot-un-berbec-a-fost-arestat-si-va-fi-condamnat-la-3-ani-inchisoare-pentru-ca-a-omorat-o-femeie-ce-rol-are-inchisoarea\/\" \/>\n<meta property=\"og:site_name\" content=\"Secretele lui Lovendal\" \/>\n<meta property=\"article:publisher\" content=\"https:\/\/www.facebook.com\/secreteleluilovendal\" \/>\n<meta property=\"article:published_time\" content=\"2022-05-26T06:47:09+00:00\" \/>\n<meta property=\"og:image\" content=\"https:\/\/www.lovendal.ro\/wp52\/wp-content\/uploads\/2022\/05\/berbec-condamnat-la-inchisoare.jpg\" \/>\n\t<meta property=\"og:image:width\" content=\"364\" \/>\n\t<meta property=\"og:image:height\" content=\"213\" \/>\n\t<meta property=\"og:image:type\" content=\"image\/jpeg\" \/>\n<meta name=\"author\" content=\"admin\" \/>\n<meta name=\"twitter:card\" content=\"summary_large_image\" \/>\n<meta name=\"twitter:label1\" content=\"Scris de\" \/>\n\t<meta name=\"twitter:data1\" content=\"admin\" \/>\n\t<meta name=\"twitter:label2\" content=\"Timp estimat pentru citire\" \/>\n\t<meta name=\"twitter:data2\" content=\"1 minut\" \/>\n<script type=\"application\/ld+json\" class=\"yoast-schema-graph\">{\"@context\":\"https:\\\/\\\/schema.org\",\"@graph\":[{\"@type\":\"Article\",\"@id\":\"https:\\\/\\\/www.lovendal.ro\\\/wp52\\\/lumea-a-innebunit-de-tot-un-berbec-a-fost-arestat-si-va-fi-condamnat-la-3-ani-inchisoare-pentru-ca-a-omorat-o-femeie-ce-rol-are-inchisoarea\\\/#article\",\"isPartOf\":{\"@id\":\"https:\\\/\\\/www.lovendal.ro\\\/wp52\\\/lumea-a-innebunit-de-tot-un-berbec-a-fost-arestat-si-va-fi-condamnat-la-3-ani-inchisoare-pentru-ca-a-omorat-o-femeie-ce-rol-are-inchisoarea\\\/\"},\"author\":{\"name\":\"admin\",\"@id\":\"https:\\\/\\\/www.lovendal.ro\\\/wp52\\\/#\\\/schema\\\/person\\\/088691de5dfc346bb0c023e1e52ef5d9\"},\"headline\":\"Lumea a \u00eennebunit de tot: un berbec a fost arestat \u015fi va fi condamnat la 3 ani \u00eenchisoare, pentru c\u0103 a omor\u00e2t o femeie&#8230; Ce rol are \u00eenchisoarea!?\",\"datePublished\":\"2022-05-26T06:47:09+00:00\",\"mainEntityOfPage\":{\"@id\":\"https:\\\/\\\/www.lovendal.ro\\\/wp52\\\/lumea-a-innebunit-de-tot-un-berbec-a-fost-arestat-si-va-fi-condamnat-la-3-ani-inchisoare-pentru-ca-a-omorat-o-femeie-ce-rol-are-inchisoarea\\\/\"},\"wordCount\":229,\"commentCount\":0,\"publisher\":{\"@id\":\"https:\\\/\\\/www.lovendal.ro\\\/wp52\\\/#organization\"},\"image\":{\"@id\":\"https:\\\/\\\/www.lovendal.ro\\\/wp52\\\/lumea-a-innebunit-de-tot-un-berbec-a-fost-arestat-si-va-fi-condamnat-la-3-ani-inchisoare-pentru-ca-a-omorat-o-femeie-ce-rol-are-inchisoarea\\\/#primaryimage\"},\"thumbnailUrl\":\"https:\\\/\\\/www.lovendal.ro\\\/wp52\\\/wp-content\\\/uploads\\\/2022\\\/05\\\/berbec-condamnat-la-inchisoare.jpg\",\"keywords\":[\"berbec\",\"Bizar\",\"\u00eenchisoare\",\"poli\u0163ie\",\"Sudan\",\"vaci\"],\"articleSection\":[\"Bizar\"],\"inLanguage\":\"ro-RO\",\"potentialAction\":[{\"@type\":\"CommentAction\",\"name\":\"Comment\",\"target\":[\"https:\\\/\\\/www.lovendal.ro\\\/wp52\\\/lumea-a-innebunit-de-tot-un-berbec-a-fost-arestat-si-va-fi-condamnat-la-3-ani-inchisoare-pentru-ca-a-omorat-o-femeie-ce-rol-are-inchisoarea\\\/#respond\"]}]},{\"@type\":\"WebPage\",\"@id\":\"https:\\\/\\\/www.lovendal.ro\\\/wp52\\\/lumea-a-innebunit-de-tot-un-berbec-a-fost-arestat-si-va-fi-condamnat-la-3-ani-inchisoare-pentru-ca-a-omorat-o-femeie-ce-rol-are-inchisoarea\\\/\",\"url\":\"https:\\\/\\\/www.lovendal.ro\\\/wp52\\\/lumea-a-innebunit-de-tot-un-berbec-a-fost-arestat-si-va-fi-condamnat-la-3-ani-inchisoare-pentru-ca-a-omorat-o-femeie-ce-rol-are-inchisoarea\\\/\",\"name\":\"Lumea a \u00eennebunit de tot: un berbec a fost arestat \u015fi va fi condamnat la 3 ani \u00eenchisoare, pentru c\u0103 a omor\u00e2t o femeie... Ce rol are \u00eenchisoarea!? - Secretele lui Lovendal\",\"isPartOf\":{\"@id\":\"https:\\\/\\\/www.lovendal.ro\\\/wp52\\\/#website\"},\"primaryImageOfPage\":{\"@id\":\"https:\\\/\\\/www.lovendal.ro\\\/wp52\\\/lumea-a-innebunit-de-tot-un-berbec-a-fost-arestat-si-va-fi-condamnat-la-3-ani-inchisoare-pentru-ca-a-omorat-o-femeie-ce-rol-are-inchisoarea\\\/#primaryimage\"},\"image\":{\"@id\":\"https:\\\/\\\/www.lovendal.ro\\\/wp52\\\/lumea-a-innebunit-de-tot-un-berbec-a-fost-arestat-si-va-fi-condamnat-la-3-ani-inchisoare-pentru-ca-a-omorat-o-femeie-ce-rol-are-inchisoarea\\\/#primaryimage\"},\"thumbnailUrl\":\"https:\\\/\\\/www.lovendal.ro\\\/wp52\\\/wp-content\\\/uploads\\\/2022\\\/05\\\/berbec-condamnat-la-inchisoare.jpg\",\"datePublished\":\"2022-05-26T06:47:09+00:00\",\"breadcrumb\":{\"@id\":\"https:\\\/\\\/www.lovendal.ro\\\/wp52\\\/lumea-a-innebunit-de-tot-un-berbec-a-fost-arestat-si-va-fi-condamnat-la-3-ani-inchisoare-pentru-ca-a-omorat-o-femeie-ce-rol-are-inchisoarea\\\/#breadcrumb\"},\"inLanguage\":\"ro-RO\",\"potentialAction\":[{\"@type\":\"ReadAction\",\"target\":[\"https:\\\/\\\/www.lovendal.ro\\\/wp52\\\/lumea-a-innebunit-de-tot-un-berbec-a-fost-arestat-si-va-fi-condamnat-la-3-ani-inchisoare-pentru-ca-a-omorat-o-femeie-ce-rol-are-inchisoarea\\\/\"]}]},{\"@type\":\"ImageObject\",\"inLanguage\":\"ro-RO\",\"@id\":\"https:\\\/\\\/www.lovendal.ro\\\/wp52\\\/lumea-a-innebunit-de-tot-un-berbec-a-fost-arestat-si-va-fi-condamnat-la-3-ani-inchisoare-pentru-ca-a-omorat-o-femeie-ce-rol-are-inchisoarea\\\/#primaryimage\",\"url\":\"https:\\\/\\\/www.lovendal.ro\\\/wp52\\\/wp-content\\\/uploads\\\/2022\\\/05\\\/berbec-condamnat-la-inchisoare.jpg\",\"contentUrl\":\"https:\\\/\\\/www.lovendal.ro\\\/wp52\\\/wp-content\\\/uploads\\\/2022\\\/05\\\/berbec-condamnat-la-inchisoare.jpg\",\"width\":364,\"height\":213},{\"@type\":\"BreadcrumbList\",\"@id\":\"https:\\\/\\\/www.lovendal.ro\\\/wp52\\\/lumea-a-innebunit-de-tot-un-berbec-a-fost-arestat-si-va-fi-condamnat-la-3-ani-inchisoare-pentru-ca-a-omorat-o-femeie-ce-rol-are-inchisoarea\\\/#breadcrumb\",\"itemListElement\":[{\"@type\":\"ListItem\",\"position\":1,\"name\":\"Home\",\"item\":\"https:\\\/\\\/www.lovendal.ro\\\/wp52\\\/\"},{\"@type\":\"ListItem\",\"position\":2,\"name\":\"Lumea a \u00eennebunit de tot: un berbec a fost arestat \u015fi va fi condamnat la 3 ani \u00eenchisoare, pentru c\u0103 a omor\u00e2t o femeie&#8230; Ce rol are \u00eenchisoarea!?\"}]},{\"@type\":\"WebSite\",\"@id\":\"https:\\\/\\\/www.lovendal.ro\\\/wp52\\\/#website\",\"url\":\"https:\\\/\\\/www.lovendal.ro\\\/wp52\\\/\",\"name\":\"Secretele lui Lovendal\",\"description\":\"Site de secrete, stiinta si metafizica - din 2008 -\",\"publisher\":{\"@id\":\"https:\\\/\\\/www.lovendal.ro\\\/wp52\\\/#organization\"},\"potentialAction\":[{\"@type\":\"SearchAction\",\"target\":{\"@type\":\"EntryPoint\",\"urlTemplate\":\"https:\\\/\\\/www.lovendal.ro\\\/wp52\\\/?s={search_term_string}\"},\"query-input\":{\"@type\":\"PropertyValueSpecification\",\"valueRequired\":true,\"valueName\":\"search_term_string\"}}],\"inLanguage\":\"ro-RO\"},{\"@type\":\"Organization\",\"@id\":\"https:\\\/\\\/www.lovendal.ro\\\/wp52\\\/#organization\",\"name\":\"Secretele lui Lovendal\",\"url\":\"https:\\\/\\\/www.lovendal.ro\\\/wp52\\\/\",\"logo\":{\"@type\":\"ImageObject\",\"inLanguage\":\"ro-RO\",\"@id\":\"https:\\\/\\\/www.lovendal.ro\\\/wp52\\\/#\\\/schema\\\/logo\\\/image\\\/\",\"url\":\"https:\\\/\\\/www.lovendal.ro\\\/wp52\\\/wp-content\\\/uploads\\\/2024\\\/06\\\/cropped-SLL-iun-2024-1.jpg\",\"contentUrl\":\"https:\\\/\\\/www.lovendal.ro\\\/wp52\\\/wp-content\\\/uploads\\\/2024\\\/06\\\/cropped-SLL-iun-2024-1.jpg\",\"width\":771,\"height\":240,\"caption\":\"Secretele lui Lovendal\"},\"image\":{\"@id\":\"https:\\\/\\\/www.lovendal.ro\\\/wp52\\\/#\\\/schema\\\/logo\\\/image\\\/\"},\"sameAs\":[\"https:\\\/\\\/www.facebook.com\\\/secreteleluilovendal\"]},{\"@type\":\"Person\",\"@id\":\"https:\\\/\\\/www.lovendal.ro\\\/wp52\\\/#\\\/schema\\\/person\\\/088691de5dfc346bb0c023e1e52ef5d9\",\"name\":\"admin\",\"image\":{\"@type\":\"ImageObject\",\"inLanguage\":\"ro-RO\",\"@id\":\"https:\\\/\\\/secure.gravatar.com\\\/avatar\\\/ecb9cd41f5f63c9c9b989999a59f6e2639a865ec361e9db054db0679a8f341c2?s=96&d=mm&r=g\",\"url\":\"https:\\\/\\\/secure.gravatar.com\\\/avatar\\\/ecb9cd41f5f63c9c9b989999a59f6e2639a865ec361e9db054db0679a8f341c2?s=96&d=mm&r=g\",\"contentUrl\":\"https:\\\/\\\/secure.gravatar.com\\\/avatar\\\/ecb9cd41f5f63c9c9b989999a59f6e2639a865ec361e9db054db0679a8f341c2?s=96&d=mm&r=g\",\"caption\":\"admin\"},\"sameAs\":[\"https:\\\/\\\/www.lovendal.ro\\\/wp52\"]}]}<\/script>\n<!-- \/ Yoast SEO Premium plugin. -->","yoast_head_json":{"title":"Lumea a \u00eennebunit de tot: un berbec a fost arestat \u015fi va fi condamnat la 3 ani \u00eenchisoare, pentru c\u0103 a omor\u00e2t o femeie... Ce rol are \u00eenchisoarea!? - Secretele lui Lovendal","robots":{"index":"index","follow":"follow","max-snippet":"max-snippet:-1","max-image-preview":"max-image-preview:large","max-video-preview":"max-video-preview:-1"},"canonical":"https:\/\/www.lovendal.ro\/wp52\/lumea-a-innebunit-de-tot-un-berbec-a-fost-arestat-si-va-fi-condamnat-la-3-ani-inchisoare-pentru-ca-a-omorat-o-femeie-ce-rol-are-inchisoarea\/","og_locale":"ro_RO","og_type":"article","og_title":"Lumea a \u00eennebunit de tot: un berbec a fost arestat \u015fi va fi condamnat la 3 ani \u00eenchisoare, pentru c\u0103 a omor\u00e2t o femeie... Ce rol are \u00eenchisoarea!?","og_description":"Nu doar oamenii risc\u0103 o pedeaps\u0103 cu \u00eenchisoarea pentru comiterea unei infrac\u021biuni, \u00een unele p\u0103r\u021bi ale lumii. Astfel, un berbec, care a atacat-o cu ferocitate \u0219i a ucis-o pe Adhieu Chaping, \u00een v\u00e2rst\u0103 de 45 de ani, la \u00eenceputul lunii ... Cititi mai multe","og_url":"https:\/\/www.lovendal.ro\/wp52\/lumea-a-innebunit-de-tot-un-berbec-a-fost-arestat-si-va-fi-condamnat-la-3-ani-inchisoare-pentru-ca-a-omorat-o-femeie-ce-rol-are-inchisoarea\/","og_site_name":"Secretele lui Lovendal","article_publisher":"https:\/\/www.facebook.com\/secreteleluilovendal","article_published_time":"2022-05-26T06:47:09+00:00","og_image":[{"width":364,"height":213,"url":"https:\/\/www.lovendal.ro\/wp52\/wp-content\/uploads\/2022\/05\/berbec-condamnat-la-inchisoare.jpg","type":"image\/jpeg"}],"author":"admin","twitter_card":"summary_large_image","twitter_misc":{"Scris de":"admin","Timp estimat pentru citire":"1 minut"},"schema":{"@context":"https:\/\/schema.org","@graph":[{"@type":"Article","@id":"https:\/\/www.lovendal.ro\/wp52\/lumea-a-innebunit-de-tot-un-berbec-a-fost-arestat-si-va-fi-condamnat-la-3-ani-inchisoare-pentru-ca-a-omorat-o-femeie-ce-rol-are-inchisoarea\/#article","isPartOf":{"@id":"https:\/\/www.lovendal.ro\/wp52\/lumea-a-innebunit-de-tot-un-berbec-a-fost-arestat-si-va-fi-condamnat-la-3-ani-inchisoare-pentru-ca-a-omorat-o-femeie-ce-rol-are-inchisoarea\/"},"author":{"name":"admin","@id":"https:\/\/www.lovendal.ro\/wp52\/#\/schema\/person\/088691de5dfc346bb0c023e1e52ef5d9"},"headline":"Lumea a \u00eennebunit de tot: un berbec a fost arestat \u015fi va fi condamnat la 3 ani \u00eenchisoare, pentru c\u0103 a omor\u00e2t o femeie&#8230; Ce rol are \u00eenchisoarea!?","datePublished":"2022-05-26T06:47:09+00:00","mainEntityOfPage":{"@id":"https:\/\/www.lovendal.ro\/wp52\/lumea-a-innebunit-de-tot-un-berbec-a-fost-arestat-si-va-fi-condamnat-la-3-ani-inchisoare-pentru-ca-a-omorat-o-femeie-ce-rol-are-inchisoarea\/"},"wordCount":229,"commentCount":0,"publisher":{"@id":"https:\/\/www.lovendal.ro\/wp52\/#organization"},"image":{"@id":"https:\/\/www.lovendal.ro\/wp52\/lumea-a-innebunit-de-tot-un-berbec-a-fost-arestat-si-va-fi-condamnat-la-3-ani-inchisoare-pentru-ca-a-omorat-o-femeie-ce-rol-are-inchisoarea\/#primaryimage"},"thumbnailUrl":"https:\/\/www.lovendal.ro\/wp52\/wp-content\/uploads\/2022\/05\/berbec-condamnat-la-inchisoare.jpg","keywords":["berbec","Bizar","\u00eenchisoare","poli\u0163ie","Sudan","vaci"],"articleSection":["Bizar"],"inLanguage":"ro-RO","potentialAction":[{"@type":"CommentAction","name":"Comment","target":["https:\/\/www.lovendal.ro\/wp52\/lumea-a-innebunit-de-tot-un-berbec-a-fost-arestat-si-va-fi-condamnat-la-3-ani-inchisoare-pentru-ca-a-omorat-o-femeie-ce-rol-are-inchisoarea\/#respond"]}]},{"@type":"WebPage","@id":"https:\/\/www.lovendal.ro\/wp52\/lumea-a-innebunit-de-tot-un-berbec-a-fost-arestat-si-va-fi-condamnat-la-3-ani-inchisoare-pentru-ca-a-omorat-o-femeie-ce-rol-are-inchisoarea\/","url":"https:\/\/www.lovendal.ro\/wp52\/lumea-a-innebunit-de-tot-un-berbec-a-fost-arestat-si-va-fi-condamnat-la-3-ani-inchisoare-pentru-ca-a-omorat-o-femeie-ce-rol-are-inchisoarea\/","name":"Lumea a \u00eennebunit de tot: un berbec a fost arestat \u015fi va fi condamnat la 3 ani \u00eenchisoare, pentru c\u0103 a omor\u00e2t o femeie... Ce rol are \u00eenchisoarea!? - Secretele lui Lovendal","isPartOf":{"@id":"https:\/\/www.lovendal.ro\/wp52\/#website"},"primaryImageOfPage":{"@id":"https:\/\/www.lovendal.ro\/wp52\/lumea-a-innebunit-de-tot-un-berbec-a-fost-arestat-si-va-fi-condamnat-la-3-ani-inchisoare-pentru-ca-a-omorat-o-femeie-ce-rol-are-inchisoarea\/#primaryimage"},"image":{"@id":"https:\/\/www.lovendal.ro\/wp52\/lumea-a-innebunit-de-tot-un-berbec-a-fost-arestat-si-va-fi-condamnat-la-3-ani-inchisoare-pentru-ca-a-omorat-o-femeie-ce-rol-are-inchisoarea\/#primaryimage"},"thumbnailUrl":"https:\/\/www.lovendal.ro\/wp52\/wp-content\/uploads\/2022\/05\/berbec-condamnat-la-inchisoare.jpg","datePublished":"2022-05-26T06:47:09+00:00","breadcrumb":{"@id":"https:\/\/www.lovendal.ro\/wp52\/lumea-a-innebunit-de-tot-un-berbec-a-fost-arestat-si-va-fi-condamnat-la-3-ani-inchisoare-pentru-ca-a-omorat-o-femeie-ce-rol-are-inchisoarea\/#breadcrumb"},"inLanguage":"ro-RO","potentialAction":[{"@type":"ReadAction","target":["https:\/\/www.lovendal.ro\/wp52\/lumea-a-innebunit-de-tot-un-berbec-a-fost-arestat-si-va-fi-condamnat-la-3-ani-inchisoare-pentru-ca-a-omorat-o-femeie-ce-rol-are-inchisoarea\/"]}]},{"@type":"ImageObject","inLanguage":"ro-RO","@id":"https:\/\/www.lovendal.ro\/wp52\/lumea-a-innebunit-de-tot-un-berbec-a-fost-arestat-si-va-fi-condamnat-la-3-ani-inchisoare-pentru-ca-a-omorat-o-femeie-ce-rol-are-inchisoarea\/#primaryimage","url":"https:\/\/www.lovendal.ro\/wp52\/wp-content\/uploads\/2022\/05\/berbec-condamnat-la-inchisoare.jpg","contentUrl":"https:\/\/www.lovendal.ro\/wp52\/wp-content\/uploads\/2022\/05\/berbec-condamnat-la-inchisoare.jpg","width":364,"height":213},{"@type":"BreadcrumbList","@id":"https:\/\/www.lovendal.ro\/wp52\/lumea-a-innebunit-de-tot-un-berbec-a-fost-arestat-si-va-fi-condamnat-la-3-ani-inchisoare-pentru-ca-a-omorat-o-femeie-ce-rol-are-inchisoarea\/#breadcrumb","itemListElement":[{"@type":"ListItem","position":1,"name":"Home","item":"https:\/\/www.lovendal.ro\/wp52\/"},{"@type":"ListItem","position":2,"name":"Lumea a \u00eennebunit de tot: un berbec a fost arestat \u015fi va fi condamnat la 3 ani \u00eenchisoare, pentru c\u0103 a omor\u00e2t o femeie&#8230; Ce rol are \u00eenchisoarea!?"}]},{"@type":"WebSite","@id":"https:\/\/www.lovendal.ro\/wp52\/#website","url":"https:\/\/www.lovendal.ro\/wp52\/","name":"Secretele lui Lovendal","description":"Site de secrete, stiinta si metafizica - din 2008 -","publisher":{"@id":"https:\/\/www.lovendal.ro\/wp52\/#organization"},"potentialAction":[{"@type":"SearchAction","target":{"@type":"EntryPoint","urlTemplate":"https:\/\/www.lovendal.ro\/wp52\/?s={search_term_string}"},"query-input":{"@type":"PropertyValueSpecification","valueRequired":true,"valueName":"search_term_string"}}],"inLanguage":"ro-RO"},{"@type":"Organization","@id":"https:\/\/www.lovendal.ro\/wp52\/#organization","name":"Secretele lui Lovendal","url":"https:\/\/www.lovendal.ro\/wp52\/","logo":{"@type":"ImageObject","inLanguage":"ro-RO","@id":"https:\/\/www.lovendal.ro\/wp52\/#\/schema\/logo\/image\/","url":"https:\/\/www.lovendal.ro\/wp52\/wp-content\/uploads\/2024\/06\/cropped-SLL-iun-2024-1.jpg","contentUrl":"https:\/\/www.lovendal.ro\/wp52\/wp-content\/uploads\/2024\/06\/cropped-SLL-iun-2024-1.jpg","width":771,"height":240,"caption":"Secretele lui Lovendal"},"image":{"@id":"https:\/\/www.lovendal.ro\/wp52\/#\/schema\/logo\/image\/"},"sameAs":["https:\/\/www.facebook.com\/secreteleluilovendal"]},{"@type":"Person","@id":"https:\/\/www.lovendal.ro\/wp52\/#\/schema\/person\/088691de5dfc346bb0c023e1e52ef5d9","name":"admin","image":{"@type":"ImageObject","inLanguage":"ro-RO","@id":"https:\/\/secure.gravatar.com\/avatar\/ecb9cd41f5f63c9c9b989999a59f6e2639a865ec361e9db054db0679a8f341c2?s=96&d=mm&r=g","url":"https:\/\/secure.gravatar.com\/avatar\/ecb9cd41f5f63c9c9b989999a59f6e2639a865ec361e9db054db0679a8f341c2?s=96&d=mm&r=g","contentUrl":"https:\/\/secure.gravatar.com\/avatar\/ecb9cd41f5f63c9c9b989999a59f6e2639a865ec361e9db054db0679a8f341c2?s=96&d=mm&r=g","caption":"admin"},"sameAs":["https:\/\/www.lovendal.ro\/wp52"]}]}},"_links":{"self":[{"href":"https:\/\/www.lovendal.ro\/wp52\/wp-json\/wp\/v2\/posts\/80318","targetHints":{"allow":["GET"]}}],"collection":[{"href":"https:\/\/www.lovendal.ro\/wp52\/wp-json\/wp\/v2\/posts"}],"about":[{"href":"https:\/\/www.lovendal.ro\/wp52\/wp-json\/wp\/v2\/types\/post"}],"author":[{"embeddable":true,"href":"https:\/\/www.lovendal.ro\/wp52\/wp-json\/wp\/v2\/users\/1"}],"replies":[{"embeddable":true,"href":"https:\/\/www.lovendal.ro\/wp52\/wp-json\/wp\/v2\/comments?post=80318"}],"version-history":[{"count":0,"href":"https:\/\/www.lovendal.ro\/wp52\/wp-json\/wp\/v2\/posts\/80318\/revisions"}],"wp:featuredmedia":[{"embeddable":true,"href":"https:\/\/www.lovendal.ro\/wp52\/wp-json\/wp\/v2\/media\/80319"}],"wp:attachment":[{"href":"https:\/\/www.lovendal.ro\/wp52\/wp-json\/wp\/v2\/media?parent=80318"}],"wp:term":[{"taxonomy":"category","embeddable":true,"href":"https:\/\/www.lovendal.ro\/wp52\/wp-json\/wp\/v2\/categories?post=80318"},{"taxonomy":"post_tag","embeddable":true,"href":"https:\/\/www.lovendal.ro\/wp52\/wp-json\/wp\/v2\/tags?post=80318"}],"curies":[{"name":"wp","href":"https:\/\/api.w.org\/{rel}","templated":true}]}}