{"id":80230,"date":"2022-05-21T23:23:28","date_gmt":"2022-05-21T20:23:28","guid":{"rendered":"https:\/\/www.lovendal.ro\/wp52\/?p=80230"},"modified":"2022-05-21T23:23:28","modified_gmt":"2022-05-21T20:23:28","slug":"extraterestrii-se-afla-la-1-800-de-ani-lumina-fata-de-noi-de-acolo-trimitandu-ne-misteriosul-semnal-wow","status":"publish","type":"post","link":"https:\/\/www.lovendal.ro\/wp52\/extraterestrii-se-afla-la-1-800-de-ani-lumina-fata-de-noi-de-acolo-trimitandu-ne-misteriosul-semnal-wow\/","title":{"rendered":"Extratere\u015ftrii se afl\u0103 la 1.800 de ani-lumin\u0103 fa\u0163\u0103 de noi, de acolo trimi\u0163\u00e2ndu-ne misteriosul &#8222;Semnal WOW&#8221;?"},"content":{"rendered":"<p><a href=\"https:\/\/www.lovendal.ro\/wp52\/wp-content\/uploads\/2022\/05\/semnalul-wow.jpg\"><img loading=\"lazy\" decoding=\"async\" class=\"alignleft size-full wp-image-80231\" src=\"https:\/\/www.lovendal.ro\/wp52\/wp-content\/uploads\/2022\/05\/semnalul-wow.jpg\" alt=\"\" width=\"358\" height=\"355\" srcset=\"https:\/\/www.lovendal.ro\/wp52\/wp-content\/uploads\/2022\/05\/semnalul-wow.jpg 358w, https:\/\/www.lovendal.ro\/wp52\/wp-content\/uploads\/2022\/05\/semnalul-wow-300x297.jpg 300w, https:\/\/www.lovendal.ro\/wp52\/wp-content\/uploads\/2022\/05\/semnalul-wow-100x100.jpg 100w\" sizes=\"auto, (max-width: 358px) 100vw, 358px\" \/><\/a>Un nou studiu controversat se concentreaz\u0103 asupra unui posibil \u2013 \u0219i poten\u021bial locuibil \u2013 sistem solar care ar fi putut fi originea &#8222;Semnalului WOW!&#8221;, unul dintre cele mai mari mistere din astronomie, care i-a nedumerit pe oamenii de \u0219tiin\u021b\u0103 \u00eenc\u0103 de la detectarea sa \u00een 1977.<\/p>\n<p>Semnalul, o secven\u021b\u0103 de date de 72 de secunde de unde radio \u00een band\u0103 \u00eengust\u0103, observat pentru prima dat\u0103 de Jerry Ehman, folosind radiotelescopul Big Ear de la Universitatea de Stat din Ohio (SUA) \u00een urm\u0103 cu 45 de ani, a fost at\u00e2t de neobi\u0219nuit \u00eenc\u00e2t Ehman a scris &#8222;WOW!&#8221; pe marginea semnalului tip\u0103rit. Decenii mai t\u00e2rziu, cercet\u0103torii \u00eenc\u0103 nu au nicio idee de unde a venit exact semnalul sau ce l-a cauzat, determin\u00e2nd o serie de teorii de-a lungul anilor, de la o pereche de comete care au trecut prin zon\u0103 \u015fi p\u00e2n\u0103 la specula\u021bii de genul &#8222;Nu suntem singuri \u00een Univers!&#8221;<\/p>\n<p>Acum, astronomul Alberto Caballero a c\u0103utat prin datele culese de observatorul spa\u021bial Gaia al Agen\u021biei Spa\u021biale Europene pentru a identifica un candidat al sistemului soar de unde ar putea proveni semnalul, a\u0219a cum se detaliaz\u0103 \u00eentr-o nou\u0103 lucrare publicat\u0103 \u00een <em>&#8222;Jurnalul Interna\u021bional de Astrobiologie&#8221;<\/em>. Scopul a fost acela de a determina dac\u0103 exist\u0103 sisteme solare locuibile \u00een regiunea \u00een care &#8222;Semnalul WOW!&#8221; p\u0103rea s\u0103 provin\u0103, pornind de la ipoteza c\u0103 a provenit dintr-un sistem solar similar cu al nostru.<\/p>\n<p>Caballero a reu\u0219it s\u0103-\u0219i restr\u00e2ng\u0103 c\u0103utarea la o singur\u0103 stea asem\u0103n\u0103toare Soarelui, numit\u0103 2MASS 19281982-2640123, situat\u0103 la 1.800 de ani lumin\u0103 distan\u021b\u0103 \u00een constela\u021bia S\u0103get\u0103torului. <em>&#8222;Exist\u0103 un analog solar \u00een regiunea de unde a venit semnalul extraterestru&#8221;,<\/em> a spus el.<em> &#8222;De\u0219i aceast\u0103 stea este situat\u0103 prea departe pentru a trimite vreun r\u0103spuns sub form\u0103 de transmisie radio sau de lumin\u0103, ar putea fi o \u021bint\u0103 grozav\u0103 pentru a face observa\u021bii \u00een c\u0103utarea exoplanetelor \u00een jurul stelei&#8221;<\/em>.<\/p>\n<p>Aceast\u0103 stea are o temperatur\u0103 estimat\u0103 cu doar 5 grade mai mare dec\u00e2t Soarele \u0219i o raz\u0103 \u0219i luminozitate aproape identice. Caballero consider\u0103 c\u0103, din moment ce exist\u0103 miliarde de stele \u00een galaxie, pe care nu le putem examina pe toate, ar trebui s\u0103 s\u0103 g\u0103sim o modalitate de a le restr\u00e2nge, orient\u00e2ndu-ne spre stele asem\u0103n\u0103toare cu Soarele nostru.<\/p>\n<p>Ar fi nevoie de sute\/mii de ani pentru ca un semnal s\u0103 se \u00eendrepte c\u0103tre 2MASS 19281982-2640123 de pe P\u0103m\u00e2nt, ceea ce \u00eenseamn\u0103 c\u0103 dac\u0103 extratere\u015ftrii ne-au trimis &#8222;Semnalul WOW!&#8221; \u015fi ne-ar r\u0103spunde la semnalul nostru, ar fi nevoie de 3.600 de ani pentru a primi un al doilea semnal de la ei. Dar, c\u0103utarea noastr\u0103 pentru alte vie\u021bi inteligente \u00een Univers trebuie s\u0103 \u00eenceap\u0103 de undeva, nu?<\/p>\n<p><strong>Sursa<\/strong> (traducerea \u015fi adaptarea proprie): <a href=\"https:\/\/www.cambridge.org\/core\/journals\/international-journal-of-astrobiology\/article\/an-approximation-to-determine-the-source-of-the-wow-signal\/4C58B6292C73FE8BF04A06C67BAA5B1A\" target=\"_blank\" rel=\"noopener\"><strong>cambridge.org<\/strong><\/a><\/p>\n","protected":false},"excerpt":{"rendered":"<p>Un nou studiu controversat se concentreaz\u0103 asupra unui posibil \u2013 \u0219i poten\u021bial locuibil \u2013 sistem solar care ar fi putut fi originea &#8222;Semnalului WOW!&#8221;, unul dintre cele mai mari mistere din astronomie, care i-a nedumerit pe oamenii de \u0219tiin\u021b\u0103 \u00eenc\u0103 &#8230; <\/p>\n<p class=\"read-more-container\"><a title=\"Extratere\u015ftrii se afl\u0103 la 1.800 de ani-lumin\u0103 fa\u0163\u0103 de noi, de acolo trimi\u0163\u00e2ndu-ne misteriosul &#8222;Semnal WOW&#8221;?\" class=\"read-more button\" href=\"https:\/\/www.lovendal.ro\/wp52\/extraterestrii-se-afla-la-1-800-de-ani-lumina-fata-de-noi-de-acolo-trimitandu-ne-misteriosul-semnal-wow\/#more-80230\" aria-label=\"Cite\u0219te mai multe despre Extratere\u015ftrii se afl\u0103 la 1.800 de ani-lumin\u0103 fa\u0163\u0103 de noi, de acolo trimi\u0163\u00e2ndu-ne misteriosul &#8222;Semnal WOW&#8221;?\">Cititi mai multe<\/a><\/p>\n","protected":false},"author":1,"featured_media":80231,"comment_status":"open","ping_status":"open","sticky":false,"template":"","format":"standard","meta":{"footnotes":""},"categories":[11039],"tags":[3922,3063,102,1416,11421,51,433,952,6124,3221,2364,10095,3417,865,733,23,2358,1087,2250],"class_list":["post-80230","post","type-post","status-publish","format-standard","has-post-thumbnail","hentry","category-astronomie","tag-agentia-spatiala-europeana","tag-astronom","tag-astronomie","tag-comete","tag-exoplanete","tag-extraterestri","tag-galaxie","tag-lumina","tag-ohio","tag-radiotelescop","tag-revista","tag-semnalul-wow","tag-sistem-solar","tag-soare","tag-stea","tag-sua","tag-temperatura","tag-univers","tag-universitate","resize-featured-image"],"yoast_head":"<!-- This site is optimized with the Yoast SEO Premium plugin v23.3 (Yoast SEO v27.4) - https:\/\/yoast.com\/product\/yoast-seo-premium-wordpress\/ -->\n<title>Extratere\u015ftrii se afl\u0103 la 1.800 de ani-lumin\u0103 fa\u0163\u0103 de noi, de acolo trimi\u0163\u00e2ndu-ne misteriosul &quot;Semnal WOW&quot;? - Secretele lui Lovendal<\/title>\n<meta name=\"robots\" content=\"index, follow, max-snippet:-1, max-image-preview:large, max-video-preview:-1\" \/>\n<link rel=\"canonical\" href=\"https:\/\/www.lovendal.ro\/wp52\/extraterestrii-se-afla-la-1-800-de-ani-lumina-fata-de-noi-de-acolo-trimitandu-ne-misteriosul-semnal-wow\/\" \/>\n<meta property=\"og:locale\" content=\"ro_RO\" \/>\n<meta property=\"og:type\" content=\"article\" \/>\n<meta property=\"og:title\" content=\"Extratere\u015ftrii se afl\u0103 la 1.800 de ani-lumin\u0103 fa\u0163\u0103 de noi, de acolo trimi\u0163\u00e2ndu-ne misteriosul &quot;Semnal WOW&quot;?\" \/>\n<meta property=\"og:description\" content=\"Un nou studiu controversat se concentreaz\u0103 asupra unui posibil \u2013 \u0219i poten\u021bial locuibil \u2013 sistem solar care ar fi putut fi originea &#8222;Semnalului WOW!&#8221;, unul dintre cele mai mari mistere din astronomie, care i-a nedumerit pe oamenii de \u0219tiin\u021b\u0103 \u00eenc\u0103 ... Cititi mai multe\" \/>\n<meta property=\"og:url\" content=\"https:\/\/www.lovendal.ro\/wp52\/extraterestrii-se-afla-la-1-800-de-ani-lumina-fata-de-noi-de-acolo-trimitandu-ne-misteriosul-semnal-wow\/\" \/>\n<meta property=\"og:site_name\" content=\"Secretele lui Lovendal\" \/>\n<meta property=\"article:publisher\" content=\"https:\/\/www.facebook.com\/secreteleluilovendal\" \/>\n<meta property=\"article:published_time\" content=\"2022-05-21T20:23:28+00:00\" \/>\n<meta property=\"og:image\" content=\"https:\/\/www.lovendal.ro\/wp52\/wp-content\/uploads\/2022\/05\/semnalul-wow.jpg\" \/>\n\t<meta property=\"og:image:width\" content=\"358\" \/>\n\t<meta property=\"og:image:height\" content=\"355\" \/>\n\t<meta property=\"og:image:type\" content=\"image\/jpeg\" \/>\n<meta name=\"author\" content=\"admin\" \/>\n<meta name=\"twitter:card\" content=\"summary_large_image\" \/>\n<meta name=\"twitter:label1\" content=\"Scris de\" \/>\n\t<meta name=\"twitter:data1\" content=\"admin\" \/>\n\t<meta name=\"twitter:label2\" content=\"Timp estimat pentru citire\" \/>\n\t<meta name=\"twitter:data2\" content=\"2 minute\" \/>\n<script type=\"application\/ld+json\" class=\"yoast-schema-graph\">{\"@context\":\"https:\\\/\\\/schema.org\",\"@graph\":[{\"@type\":\"Article\",\"@id\":\"https:\\\/\\\/www.lovendal.ro\\\/wp52\\\/extraterestrii-se-afla-la-1-800-de-ani-lumina-fata-de-noi-de-acolo-trimitandu-ne-misteriosul-semnal-wow\\\/#article\",\"isPartOf\":{\"@id\":\"https:\\\/\\\/www.lovendal.ro\\\/wp52\\\/extraterestrii-se-afla-la-1-800-de-ani-lumina-fata-de-noi-de-acolo-trimitandu-ne-misteriosul-semnal-wow\\\/\"},\"author\":{\"name\":\"admin\",\"@id\":\"https:\\\/\\\/www.lovendal.ro\\\/wp52\\\/#\\\/schema\\\/person\\\/088691de5dfc346bb0c023e1e52ef5d9\"},\"headline\":\"Extratere\u015ftrii se afl\u0103 la 1.800 de ani-lumin\u0103 fa\u0163\u0103 de noi, de acolo trimi\u0163\u00e2ndu-ne misteriosul &#8222;Semnal WOW&#8221;?\",\"datePublished\":\"2022-05-21T20:23:28+00:00\",\"mainEntityOfPage\":{\"@id\":\"https:\\\/\\\/www.lovendal.ro\\\/wp52\\\/extraterestrii-se-afla-la-1-800-de-ani-lumina-fata-de-noi-de-acolo-trimitandu-ne-misteriosul-semnal-wow\\\/\"},\"wordCount\":492,\"commentCount\":0,\"publisher\":{\"@id\":\"https:\\\/\\\/www.lovendal.ro\\\/wp52\\\/#organization\"},\"image\":{\"@id\":\"https:\\\/\\\/www.lovendal.ro\\\/wp52\\\/extraterestrii-se-afla-la-1-800-de-ani-lumina-fata-de-noi-de-acolo-trimitandu-ne-misteriosul-semnal-wow\\\/#primaryimage\"},\"thumbnailUrl\":\"https:\\\/\\\/www.lovendal.ro\\\/wp52\\\/wp-content\\\/uploads\\\/2022\\\/05\\\/semnalul-wow.jpg\",\"keywords\":[\"Agen\u0163ia Spa\u0163ial\u0103 European\u0103\",\"astronom\",\"astronomie\",\"comete\",\"exoplanete\",\"extratere\u015ftri\",\"galaxie\",\"lumin\u0103\",\"Ohio\",\"radiotelescop\",\"revist\u0103\",\"semnalul WOW\",\"sistem solar\",\"Soare\",\"stea\",\"SUA\",\"temperatur\u0103\",\"Univers\",\"universitate\"],\"articleSection\":[\"Astronomie\"],\"inLanguage\":\"ro-RO\",\"potentialAction\":[{\"@type\":\"CommentAction\",\"name\":\"Comment\",\"target\":[\"https:\\\/\\\/www.lovendal.ro\\\/wp52\\\/extraterestrii-se-afla-la-1-800-de-ani-lumina-fata-de-noi-de-acolo-trimitandu-ne-misteriosul-semnal-wow\\\/#respond\"]}]},{\"@type\":\"WebPage\",\"@id\":\"https:\\\/\\\/www.lovendal.ro\\\/wp52\\\/extraterestrii-se-afla-la-1-800-de-ani-lumina-fata-de-noi-de-acolo-trimitandu-ne-misteriosul-semnal-wow\\\/\",\"url\":\"https:\\\/\\\/www.lovendal.ro\\\/wp52\\\/extraterestrii-se-afla-la-1-800-de-ani-lumina-fata-de-noi-de-acolo-trimitandu-ne-misteriosul-semnal-wow\\\/\",\"name\":\"Extratere\u015ftrii se afl\u0103 la 1.800 de ani-lumin\u0103 fa\u0163\u0103 de noi, de acolo trimi\u0163\u00e2ndu-ne misteriosul \\\"Semnal WOW\\\"? - Secretele lui Lovendal\",\"isPartOf\":{\"@id\":\"https:\\\/\\\/www.lovendal.ro\\\/wp52\\\/#website\"},\"primaryImageOfPage\":{\"@id\":\"https:\\\/\\\/www.lovendal.ro\\\/wp52\\\/extraterestrii-se-afla-la-1-800-de-ani-lumina-fata-de-noi-de-acolo-trimitandu-ne-misteriosul-semnal-wow\\\/#primaryimage\"},\"image\":{\"@id\":\"https:\\\/\\\/www.lovendal.ro\\\/wp52\\\/extraterestrii-se-afla-la-1-800-de-ani-lumina-fata-de-noi-de-acolo-trimitandu-ne-misteriosul-semnal-wow\\\/#primaryimage\"},\"thumbnailUrl\":\"https:\\\/\\\/www.lovendal.ro\\\/wp52\\\/wp-content\\\/uploads\\\/2022\\\/05\\\/semnalul-wow.jpg\",\"datePublished\":\"2022-05-21T20:23:28+00:00\",\"breadcrumb\":{\"@id\":\"https:\\\/\\\/www.lovendal.ro\\\/wp52\\\/extraterestrii-se-afla-la-1-800-de-ani-lumina-fata-de-noi-de-acolo-trimitandu-ne-misteriosul-semnal-wow\\\/#breadcrumb\"},\"inLanguage\":\"ro-RO\",\"potentialAction\":[{\"@type\":\"ReadAction\",\"target\":[\"https:\\\/\\\/www.lovendal.ro\\\/wp52\\\/extraterestrii-se-afla-la-1-800-de-ani-lumina-fata-de-noi-de-acolo-trimitandu-ne-misteriosul-semnal-wow\\\/\"]}]},{\"@type\":\"ImageObject\",\"inLanguage\":\"ro-RO\",\"@id\":\"https:\\\/\\\/www.lovendal.ro\\\/wp52\\\/extraterestrii-se-afla-la-1-800-de-ani-lumina-fata-de-noi-de-acolo-trimitandu-ne-misteriosul-semnal-wow\\\/#primaryimage\",\"url\":\"https:\\\/\\\/www.lovendal.ro\\\/wp52\\\/wp-content\\\/uploads\\\/2022\\\/05\\\/semnalul-wow.jpg\",\"contentUrl\":\"https:\\\/\\\/www.lovendal.ro\\\/wp52\\\/wp-content\\\/uploads\\\/2022\\\/05\\\/semnalul-wow.jpg\",\"width\":358,\"height\":355},{\"@type\":\"BreadcrumbList\",\"@id\":\"https:\\\/\\\/www.lovendal.ro\\\/wp52\\\/extraterestrii-se-afla-la-1-800-de-ani-lumina-fata-de-noi-de-acolo-trimitandu-ne-misteriosul-semnal-wow\\\/#breadcrumb\",\"itemListElement\":[{\"@type\":\"ListItem\",\"position\":1,\"name\":\"Home\",\"item\":\"https:\\\/\\\/www.lovendal.ro\\\/wp52\\\/\"},{\"@type\":\"ListItem\",\"position\":2,\"name\":\"Extratere\u015ftrii se afl\u0103 la 1.800 de ani-lumin\u0103 fa\u0163\u0103 de noi, de acolo trimi\u0163\u00e2ndu-ne misteriosul &#8222;Semnal WOW&#8221;?\"}]},{\"@type\":\"WebSite\",\"@id\":\"https:\\\/\\\/www.lovendal.ro\\\/wp52\\\/#website\",\"url\":\"https:\\\/\\\/www.lovendal.ro\\\/wp52\\\/\",\"name\":\"Secretele lui Lovendal\",\"description\":\"Site de secrete, stiinta si metafizica - din 2008 -\",\"publisher\":{\"@id\":\"https:\\\/\\\/www.lovendal.ro\\\/wp52\\\/#organization\"},\"potentialAction\":[{\"@type\":\"SearchAction\",\"target\":{\"@type\":\"EntryPoint\",\"urlTemplate\":\"https:\\\/\\\/www.lovendal.ro\\\/wp52\\\/?s={search_term_string}\"},\"query-input\":{\"@type\":\"PropertyValueSpecification\",\"valueRequired\":true,\"valueName\":\"search_term_string\"}}],\"inLanguage\":\"ro-RO\"},{\"@type\":\"Organization\",\"@id\":\"https:\\\/\\\/www.lovendal.ro\\\/wp52\\\/#organization\",\"name\":\"Secretele lui Lovendal\",\"url\":\"https:\\\/\\\/www.lovendal.ro\\\/wp52\\\/\",\"logo\":{\"@type\":\"ImageObject\",\"inLanguage\":\"ro-RO\",\"@id\":\"https:\\\/\\\/www.lovendal.ro\\\/wp52\\\/#\\\/schema\\\/logo\\\/image\\\/\",\"url\":\"https:\\\/\\\/www.lovendal.ro\\\/wp52\\\/wp-content\\\/uploads\\\/2024\\\/06\\\/cropped-SLL-iun-2024-1.jpg\",\"contentUrl\":\"https:\\\/\\\/www.lovendal.ro\\\/wp52\\\/wp-content\\\/uploads\\\/2024\\\/06\\\/cropped-SLL-iun-2024-1.jpg\",\"width\":771,\"height\":240,\"caption\":\"Secretele lui Lovendal\"},\"image\":{\"@id\":\"https:\\\/\\\/www.lovendal.ro\\\/wp52\\\/#\\\/schema\\\/logo\\\/image\\\/\"},\"sameAs\":[\"https:\\\/\\\/www.facebook.com\\\/secreteleluilovendal\"]},{\"@type\":\"Person\",\"@id\":\"https:\\\/\\\/www.lovendal.ro\\\/wp52\\\/#\\\/schema\\\/person\\\/088691de5dfc346bb0c023e1e52ef5d9\",\"name\":\"admin\",\"image\":{\"@type\":\"ImageObject\",\"inLanguage\":\"ro-RO\",\"@id\":\"https:\\\/\\\/secure.gravatar.com\\\/avatar\\\/ecb9cd41f5f63c9c9b989999a59f6e2639a865ec361e9db054db0679a8f341c2?s=96&d=mm&r=g\",\"url\":\"https:\\\/\\\/secure.gravatar.com\\\/avatar\\\/ecb9cd41f5f63c9c9b989999a59f6e2639a865ec361e9db054db0679a8f341c2?s=96&d=mm&r=g\",\"contentUrl\":\"https:\\\/\\\/secure.gravatar.com\\\/avatar\\\/ecb9cd41f5f63c9c9b989999a59f6e2639a865ec361e9db054db0679a8f341c2?s=96&d=mm&r=g\",\"caption\":\"admin\"},\"sameAs\":[\"https:\\\/\\\/www.lovendal.ro\\\/wp52\"]}]}<\/script>\n<!-- \/ Yoast SEO Premium plugin. -->","yoast_head_json":{"title":"Extratere\u015ftrii se afl\u0103 la 1.800 de ani-lumin\u0103 fa\u0163\u0103 de noi, de acolo trimi\u0163\u00e2ndu-ne misteriosul \"Semnal WOW\"? - Secretele lui Lovendal","robots":{"index":"index","follow":"follow","max-snippet":"max-snippet:-1","max-image-preview":"max-image-preview:large","max-video-preview":"max-video-preview:-1"},"canonical":"https:\/\/www.lovendal.ro\/wp52\/extraterestrii-se-afla-la-1-800-de-ani-lumina-fata-de-noi-de-acolo-trimitandu-ne-misteriosul-semnal-wow\/","og_locale":"ro_RO","og_type":"article","og_title":"Extratere\u015ftrii se afl\u0103 la 1.800 de ani-lumin\u0103 fa\u0163\u0103 de noi, de acolo trimi\u0163\u00e2ndu-ne misteriosul \"Semnal WOW\"?","og_description":"Un nou studiu controversat se concentreaz\u0103 asupra unui posibil \u2013 \u0219i poten\u021bial locuibil \u2013 sistem solar care ar fi putut fi originea &#8222;Semnalului WOW!&#8221;, unul dintre cele mai mari mistere din astronomie, care i-a nedumerit pe oamenii de \u0219tiin\u021b\u0103 \u00eenc\u0103 ... Cititi mai multe","og_url":"https:\/\/www.lovendal.ro\/wp52\/extraterestrii-se-afla-la-1-800-de-ani-lumina-fata-de-noi-de-acolo-trimitandu-ne-misteriosul-semnal-wow\/","og_site_name":"Secretele lui Lovendal","article_publisher":"https:\/\/www.facebook.com\/secreteleluilovendal","article_published_time":"2022-05-21T20:23:28+00:00","og_image":[{"width":358,"height":355,"url":"https:\/\/www.lovendal.ro\/wp52\/wp-content\/uploads\/2022\/05\/semnalul-wow.jpg","type":"image\/jpeg"}],"author":"admin","twitter_card":"summary_large_image","twitter_misc":{"Scris de":"admin","Timp estimat pentru citire":"2 minute"},"schema":{"@context":"https:\/\/schema.org","@graph":[{"@type":"Article","@id":"https:\/\/www.lovendal.ro\/wp52\/extraterestrii-se-afla-la-1-800-de-ani-lumina-fata-de-noi-de-acolo-trimitandu-ne-misteriosul-semnal-wow\/#article","isPartOf":{"@id":"https:\/\/www.lovendal.ro\/wp52\/extraterestrii-se-afla-la-1-800-de-ani-lumina-fata-de-noi-de-acolo-trimitandu-ne-misteriosul-semnal-wow\/"},"author":{"name":"admin","@id":"https:\/\/www.lovendal.ro\/wp52\/#\/schema\/person\/088691de5dfc346bb0c023e1e52ef5d9"},"headline":"Extratere\u015ftrii se afl\u0103 la 1.800 de ani-lumin\u0103 fa\u0163\u0103 de noi, de acolo trimi\u0163\u00e2ndu-ne misteriosul &#8222;Semnal WOW&#8221;?","datePublished":"2022-05-21T20:23:28+00:00","mainEntityOfPage":{"@id":"https:\/\/www.lovendal.ro\/wp52\/extraterestrii-se-afla-la-1-800-de-ani-lumina-fata-de-noi-de-acolo-trimitandu-ne-misteriosul-semnal-wow\/"},"wordCount":492,"commentCount":0,"publisher":{"@id":"https:\/\/www.lovendal.ro\/wp52\/#organization"},"image":{"@id":"https:\/\/www.lovendal.ro\/wp52\/extraterestrii-se-afla-la-1-800-de-ani-lumina-fata-de-noi-de-acolo-trimitandu-ne-misteriosul-semnal-wow\/#primaryimage"},"thumbnailUrl":"https:\/\/www.lovendal.ro\/wp52\/wp-content\/uploads\/2022\/05\/semnalul-wow.jpg","keywords":["Agen\u0163ia Spa\u0163ial\u0103 European\u0103","astronom","astronomie","comete","exoplanete","extratere\u015ftri","galaxie","lumin\u0103","Ohio","radiotelescop","revist\u0103","semnalul WOW","sistem solar","Soare","stea","SUA","temperatur\u0103","Univers","universitate"],"articleSection":["Astronomie"],"inLanguage":"ro-RO","potentialAction":[{"@type":"CommentAction","name":"Comment","target":["https:\/\/www.lovendal.ro\/wp52\/extraterestrii-se-afla-la-1-800-de-ani-lumina-fata-de-noi-de-acolo-trimitandu-ne-misteriosul-semnal-wow\/#respond"]}]},{"@type":"WebPage","@id":"https:\/\/www.lovendal.ro\/wp52\/extraterestrii-se-afla-la-1-800-de-ani-lumina-fata-de-noi-de-acolo-trimitandu-ne-misteriosul-semnal-wow\/","url":"https:\/\/www.lovendal.ro\/wp52\/extraterestrii-se-afla-la-1-800-de-ani-lumina-fata-de-noi-de-acolo-trimitandu-ne-misteriosul-semnal-wow\/","name":"Extratere\u015ftrii se afl\u0103 la 1.800 de ani-lumin\u0103 fa\u0163\u0103 de noi, de acolo trimi\u0163\u00e2ndu-ne misteriosul \"Semnal WOW\"? - Secretele lui Lovendal","isPartOf":{"@id":"https:\/\/www.lovendal.ro\/wp52\/#website"},"primaryImageOfPage":{"@id":"https:\/\/www.lovendal.ro\/wp52\/extraterestrii-se-afla-la-1-800-de-ani-lumina-fata-de-noi-de-acolo-trimitandu-ne-misteriosul-semnal-wow\/#primaryimage"},"image":{"@id":"https:\/\/www.lovendal.ro\/wp52\/extraterestrii-se-afla-la-1-800-de-ani-lumina-fata-de-noi-de-acolo-trimitandu-ne-misteriosul-semnal-wow\/#primaryimage"},"thumbnailUrl":"https:\/\/www.lovendal.ro\/wp52\/wp-content\/uploads\/2022\/05\/semnalul-wow.jpg","datePublished":"2022-05-21T20:23:28+00:00","breadcrumb":{"@id":"https:\/\/www.lovendal.ro\/wp52\/extraterestrii-se-afla-la-1-800-de-ani-lumina-fata-de-noi-de-acolo-trimitandu-ne-misteriosul-semnal-wow\/#breadcrumb"},"inLanguage":"ro-RO","potentialAction":[{"@type":"ReadAction","target":["https:\/\/www.lovendal.ro\/wp52\/extraterestrii-se-afla-la-1-800-de-ani-lumina-fata-de-noi-de-acolo-trimitandu-ne-misteriosul-semnal-wow\/"]}]},{"@type":"ImageObject","inLanguage":"ro-RO","@id":"https:\/\/www.lovendal.ro\/wp52\/extraterestrii-se-afla-la-1-800-de-ani-lumina-fata-de-noi-de-acolo-trimitandu-ne-misteriosul-semnal-wow\/#primaryimage","url":"https:\/\/www.lovendal.ro\/wp52\/wp-content\/uploads\/2022\/05\/semnalul-wow.jpg","contentUrl":"https:\/\/www.lovendal.ro\/wp52\/wp-content\/uploads\/2022\/05\/semnalul-wow.jpg","width":358,"height":355},{"@type":"BreadcrumbList","@id":"https:\/\/www.lovendal.ro\/wp52\/extraterestrii-se-afla-la-1-800-de-ani-lumina-fata-de-noi-de-acolo-trimitandu-ne-misteriosul-semnal-wow\/#breadcrumb","itemListElement":[{"@type":"ListItem","position":1,"name":"Home","item":"https:\/\/www.lovendal.ro\/wp52\/"},{"@type":"ListItem","position":2,"name":"Extratere\u015ftrii se afl\u0103 la 1.800 de ani-lumin\u0103 fa\u0163\u0103 de noi, de acolo trimi\u0163\u00e2ndu-ne misteriosul &#8222;Semnal WOW&#8221;?"}]},{"@type":"WebSite","@id":"https:\/\/www.lovendal.ro\/wp52\/#website","url":"https:\/\/www.lovendal.ro\/wp52\/","name":"Secretele lui Lovendal","description":"Site de secrete, stiinta si metafizica - din 2008 -","publisher":{"@id":"https:\/\/www.lovendal.ro\/wp52\/#organization"},"potentialAction":[{"@type":"SearchAction","target":{"@type":"EntryPoint","urlTemplate":"https:\/\/www.lovendal.ro\/wp52\/?s={search_term_string}"},"query-input":{"@type":"PropertyValueSpecification","valueRequired":true,"valueName":"search_term_string"}}],"inLanguage":"ro-RO"},{"@type":"Organization","@id":"https:\/\/www.lovendal.ro\/wp52\/#organization","name":"Secretele lui Lovendal","url":"https:\/\/www.lovendal.ro\/wp52\/","logo":{"@type":"ImageObject","inLanguage":"ro-RO","@id":"https:\/\/www.lovendal.ro\/wp52\/#\/schema\/logo\/image\/","url":"https:\/\/www.lovendal.ro\/wp52\/wp-content\/uploads\/2024\/06\/cropped-SLL-iun-2024-1.jpg","contentUrl":"https:\/\/www.lovendal.ro\/wp52\/wp-content\/uploads\/2024\/06\/cropped-SLL-iun-2024-1.jpg","width":771,"height":240,"caption":"Secretele lui Lovendal"},"image":{"@id":"https:\/\/www.lovendal.ro\/wp52\/#\/schema\/logo\/image\/"},"sameAs":["https:\/\/www.facebook.com\/secreteleluilovendal"]},{"@type":"Person","@id":"https:\/\/www.lovendal.ro\/wp52\/#\/schema\/person\/088691de5dfc346bb0c023e1e52ef5d9","name":"admin","image":{"@type":"ImageObject","inLanguage":"ro-RO","@id":"https:\/\/secure.gravatar.com\/avatar\/ecb9cd41f5f63c9c9b989999a59f6e2639a865ec361e9db054db0679a8f341c2?s=96&d=mm&r=g","url":"https:\/\/secure.gravatar.com\/avatar\/ecb9cd41f5f63c9c9b989999a59f6e2639a865ec361e9db054db0679a8f341c2?s=96&d=mm&r=g","contentUrl":"https:\/\/secure.gravatar.com\/avatar\/ecb9cd41f5f63c9c9b989999a59f6e2639a865ec361e9db054db0679a8f341c2?s=96&d=mm&r=g","caption":"admin"},"sameAs":["https:\/\/www.lovendal.ro\/wp52"]}]}},"_links":{"self":[{"href":"https:\/\/www.lovendal.ro\/wp52\/wp-json\/wp\/v2\/posts\/80230","targetHints":{"allow":["GET"]}}],"collection":[{"href":"https:\/\/www.lovendal.ro\/wp52\/wp-json\/wp\/v2\/posts"}],"about":[{"href":"https:\/\/www.lovendal.ro\/wp52\/wp-json\/wp\/v2\/types\/post"}],"author":[{"embeddable":true,"href":"https:\/\/www.lovendal.ro\/wp52\/wp-json\/wp\/v2\/users\/1"}],"replies":[{"embeddable":true,"href":"https:\/\/www.lovendal.ro\/wp52\/wp-json\/wp\/v2\/comments?post=80230"}],"version-history":[{"count":0,"href":"https:\/\/www.lovendal.ro\/wp52\/wp-json\/wp\/v2\/posts\/80230\/revisions"}],"wp:featuredmedia":[{"embeddable":true,"href":"https:\/\/www.lovendal.ro\/wp52\/wp-json\/wp\/v2\/media\/80231"}],"wp:attachment":[{"href":"https:\/\/www.lovendal.ro\/wp52\/wp-json\/wp\/v2\/media?parent=80230"}],"wp:term":[{"taxonomy":"category","embeddable":true,"href":"https:\/\/www.lovendal.ro\/wp52\/wp-json\/wp\/v2\/categories?post=80230"},{"taxonomy":"post_tag","embeddable":true,"href":"https:\/\/www.lovendal.ro\/wp52\/wp-json\/wp\/v2\/tags?post=80230"}],"curies":[{"name":"wp","href":"https:\/\/api.w.org\/{rel}","templated":true}]}}