{"id":79725,"date":"2022-04-08T07:00:44","date_gmt":"2022-04-08T05:00:44","guid":{"rendered":"https:\/\/www.lovendal.ro\/wp52\/?p=79725"},"modified":"2022-04-02T22:44:00","modified_gmt":"2022-04-02T20:44:00","slug":"cum-celebrul-imparat-alexandru-cel-mare-a-vrut-sa-taie-capul-unui-mistic-indian-dar-pur-si-simplu-n-a-putut","status":"publish","type":"post","link":"https:\/\/www.lovendal.ro\/wp52\/cum-celebrul-imparat-alexandru-cel-mare-a-vrut-sa-taie-capul-unui-mistic-indian-dar-pur-si-simplu-n-a-putut\/","title":{"rendered":"Cum celebrul \u00eemp\u0103rat Alexandru cel Mare a vrut s\u0103 taie capul unui mistic indian, dar pur \u015fi simplu n-a putut!"},"content":{"rendered":"<p><a href=\"https:\/\/www.lovendal.ro\/wp52\/wp-content\/uploads\/2022\/04\/Alexandru-cel-Mare-sabie.jpg\"><img loading=\"lazy\" decoding=\"async\" class=\"alignleft size-full wp-image-79726\" src=\"https:\/\/www.lovendal.ro\/wp52\/wp-content\/uploads\/2022\/04\/Alexandru-cel-Mare-sabie.jpg\" alt=\"\" width=\"338\" height=\"254\" srcset=\"https:\/\/www.lovendal.ro\/wp52\/wp-content\/uploads\/2022\/04\/Alexandru-cel-Mare-sabie.jpg 338w, https:\/\/www.lovendal.ro\/wp52\/wp-content\/uploads\/2022\/04\/Alexandru-cel-Mare-sabie-300x225.jpg 300w, https:\/\/www.lovendal.ro\/wp52\/wp-content\/uploads\/2022\/04\/Alexandru-cel-Mare-sabie-200x150.jpg 200w\" sizes=\"auto, (max-width: 338px) 100vw, 338px\" \/><\/a>Pe vremea lui Alexandru Macedon, \u00een India tr\u0103ia un mistic pe nume Dandamis. \u00cen timpul campaniei sale de cucerire a Indiei, \u00eemp\u0103ratul auzise c\u0103 \u00een zon\u0103 se afla celebrul mistic. A\u015fa c\u0103 \u00ee\u015fi trimise solda\u0163ii, s\u0103-l aduc\u0103 \u00een fa\u0163a sa pe acel mistic.<\/p>\n<p>Solda\u021bii s-au dus la acest Dandamis, care st\u0103tea gol pe malul r\u00e2ului \u015fi i-au spus urm\u0103toarele: <em>&#8222;Alexandru cel Mare te invit\u0103 s\u0103-l \u00eenso\u021be\u0219ti \u00een \u021bara lui. Vei avea tot ce ai nevoie, \u021bi se va asigura tot confortul. Vei fi oaspete regal&#8221;<\/em>. Misticul cel gol a r\u00e2s \u0219i a spus: <em>&#8222;Merge\u021bi \u0219i spune\u021bi-i st\u0103p\u00e2nului vostru c\u0103 un om care \u00ee\u0219i spune mare nu poate fi mare. \u0218i nimeni nu poate s\u0103 m\u0103 duc\u0103 nic\u0103ieri &#8211; eu m\u0103 mi\u015fc precum norii, \u00een deplin\u0103 libertate. Eu nu sunt sclavul nim\u0103nui&#8221;<\/em>. Solda\u021bii i-au spus: <em>&#8222;Trebuie s\u0103 fi auzit de Alexandru, e un om periculos. Dac\u0103 \u00eel refuzi, o s\u0103-\u021bi taie capul!&#8221;<\/em> Misticul a r\u0103spuns: <em>&#8222;Mai bine l-a\u021bi aduce aici pe st\u0103p\u00e2nul vostru; poate c\u0103 el o s\u0103 \u00een\u021beleag\u0103 ce spun&#8221;<\/em>.<\/p>\n<p>Solda\u021bii s-au \u00eentors la Alexandru \u0219i i-au spus: <em>&#8222;E un om ciudat, care are ceva necunoscut. Este gol pu\u0219c\u0103, dar \u00een prezen\u021ba lui nu-\u021bi dai seama c\u0103 e gol, mai t\u00e2rziu \u00ee\u021bi aduci aminte. E at\u00e2t de puternic \u00eenc\u00e2t, \u00een prezen\u021ba lui, ui\u021bi de toate. Are magnetism, iar \u00een jurul lui e o mare lini\u0219te, \u0219i toat\u0103 zona pare s\u0103 fie \u00eenc\u00e2ntat\u0103 de prezen\u021ba lui. Merit\u0103 s\u0103-l vezi, dar se pare c\u0103 o s\u0103 aib\u0103 necazuri, s\u0103rmanul de el, pentru c\u0103 spune c\u0103 nimeni nu-l poate duce nic\u0103ieri, c\u0103 nu e sclavul nim\u0103nui&#8221;.<\/em><\/p>\n<p>Alexandru s-a dus la mistic cu sabia scoas\u0103 din teac\u0103. Dandamis a r\u00e2s \u0219i a spus: <em>&#8222;Las\u0103 sabia jos, n-ai ce s\u0103 faci cu ea. Bag-o la loc \u00een teac\u0103; n-ai ce s\u0103 faci cu ea aici, pentru c\u0103 po\u021bi s\u0103-mi tai numai trupul, iar pe acela l-am p\u0103r\u0103sit demult. Sabia ta nu m\u0103 poate t\u0103ia, a\u0219a c\u0103 bag-o la loc \u00een teac\u0103, nu fi copil&#8221;.<\/em><\/p>\n<p>\u0218i se spune c\u0103, pentru prima dat\u0103, Alexandru a executat ordinul altcuiva, doar pentru c\u0103, \u00een prezen\u021ba acelui om, a uitat cine era. A b\u0103gat sabia \u00een teac\u0103 \u0219i a spus: <em>&#8222;N-am mai \u00eent\u00e2lnit niciodat\u0103 un a\u0219a om frumos&#8221;<\/em>. Iar c\u00e2nd s-a \u00eentors \u00een tab\u0103ra lui, a spus: <em>&#8222;E greu s\u0103 omori un om care e gata s\u0103 moar\u0103, n-are sens s\u0103-l omori. Po\u021bi s\u0103 omori un om care se lupt\u0103, dar nu unul care e gata s\u0103 moar\u0103 \u0219i care spune \u00abAcesta e capul meu, po\u021bi s\u0103-l tai\u00bb&#8221;<\/em>. \u0218i Dandamis chiar a\u0219a i-a spus. El a spus: <em>&#8222;Acesta e capul meu, po\u021bi s\u0103-l tai. C\u00e2nd tu \u00eel vei vedea c\u0103z\u00e2nd pe nisip, \u00eel voi vedea \u0219i eu c\u0103z\u00e2nd pe nisip, pentru c\u0103 eu nu sunt corpul meu. Eu sunt un martor&#8221;.<\/em><\/p>\n","protected":false},"excerpt":{"rendered":"<p>Pe vremea lui Alexandru Macedon, \u00een India tr\u0103ia un mistic pe nume Dandamis. \u00cen timpul campaniei sale de cucerire a Indiei, \u00eemp\u0103ratul auzise c\u0103 \u00een zon\u0103 se afla celebrul mistic. A\u015fa c\u0103 \u00ee\u015fi trimise solda\u0163ii, s\u0103-l aduc\u0103 \u00een fa\u0163a sa &#8230; <\/p>\n<p class=\"read-more-container\"><a title=\"Cum celebrul \u00eemp\u0103rat Alexandru cel Mare a vrut s\u0103 taie capul unui mistic indian, dar pur \u015fi simplu n-a putut!\" class=\"read-more button\" href=\"https:\/\/www.lovendal.ro\/wp52\/cum-celebrul-imparat-alexandru-cel-mare-a-vrut-sa-taie-capul-unui-mistic-indian-dar-pur-si-simplu-n-a-putut\/#more-79725\" aria-label=\"Cite\u0219te mai multe despre Cum celebrul \u00eemp\u0103rat Alexandru cel Mare a vrut s\u0103 taie capul unui mistic indian, dar pur \u015fi simplu n-a putut!\">Cititi mai multe<\/a><\/p>\n","protected":false},"author":1,"featured_media":79726,"comment_status":"open","ping_status":"open","sticky":false,"template":"","format":"standard","meta":{"footnotes":""},"categories":[9],"tags":[904,1398,295,619,1532,4704,4228,3042,1094,4780,513,1014],"class_list":["post-79725","post","type-post","status-publish","format-standard","has-post-thumbnail","hentry","category-istorie","tag-alexandru-cel-mare","tag-cap","tag-imparat","tag-india","tag-istorie-si-civilizatii","tag-mistic","tag-nisip","tag-rau","tag-sabie","tag-sclav","tag-soldati","tag-trup","resize-featured-image"],"yoast_head":"<!-- This site is optimized with the Yoast SEO Premium plugin v23.3 (Yoast SEO v27.4) - https:\/\/yoast.com\/product\/yoast-seo-premium-wordpress\/ -->\n<title>Cum celebrul \u00eemp\u0103rat Alexandru cel Mare a vrut s\u0103 taie capul unui mistic indian, dar pur \u015fi simplu n-a putut! - Secretele lui Lovendal<\/title>\n<meta name=\"robots\" content=\"index, follow, max-snippet:-1, max-image-preview:large, max-video-preview:-1\" \/>\n<link rel=\"canonical\" href=\"https:\/\/www.lovendal.ro\/wp52\/cum-celebrul-imparat-alexandru-cel-mare-a-vrut-sa-taie-capul-unui-mistic-indian-dar-pur-si-simplu-n-a-putut\/\" \/>\n<meta property=\"og:locale\" content=\"ro_RO\" \/>\n<meta property=\"og:type\" content=\"article\" \/>\n<meta property=\"og:title\" content=\"Cum celebrul \u00eemp\u0103rat Alexandru cel Mare a vrut s\u0103 taie capul unui mistic indian, dar pur \u015fi simplu n-a putut!\" \/>\n<meta property=\"og:description\" content=\"Pe vremea lui Alexandru Macedon, \u00een India tr\u0103ia un mistic pe nume Dandamis. \u00cen timpul campaniei sale de cucerire a Indiei, \u00eemp\u0103ratul auzise c\u0103 \u00een zon\u0103 se afla celebrul mistic. A\u015fa c\u0103 \u00ee\u015fi trimise solda\u0163ii, s\u0103-l aduc\u0103 \u00een fa\u0163a sa ... Cititi mai multe\" \/>\n<meta property=\"og:url\" content=\"https:\/\/www.lovendal.ro\/wp52\/cum-celebrul-imparat-alexandru-cel-mare-a-vrut-sa-taie-capul-unui-mistic-indian-dar-pur-si-simplu-n-a-putut\/\" \/>\n<meta property=\"og:site_name\" content=\"Secretele lui Lovendal\" \/>\n<meta property=\"article:publisher\" content=\"https:\/\/www.facebook.com\/secreteleluilovendal\" \/>\n<meta property=\"article:published_time\" content=\"2022-04-08T05:00:44+00:00\" \/>\n<meta property=\"og:image\" content=\"https:\/\/www.lovendal.ro\/wp52\/wp-content\/uploads\/2022\/04\/Alexandru-cel-Mare-sabie.jpg\" \/>\n\t<meta property=\"og:image:width\" content=\"338\" \/>\n\t<meta property=\"og:image:height\" content=\"254\" \/>\n\t<meta property=\"og:image:type\" content=\"image\/jpeg\" \/>\n<meta name=\"author\" content=\"admin\" \/>\n<meta name=\"twitter:card\" content=\"summary_large_image\" \/>\n<meta name=\"twitter:label1\" content=\"Scris de\" \/>\n\t<meta name=\"twitter:data1\" content=\"admin\" \/>\n\t<meta name=\"twitter:label2\" content=\"Timp estimat pentru citire\" \/>\n\t<meta name=\"twitter:data2\" content=\"3 minute\" \/>\n<script type=\"application\/ld+json\" class=\"yoast-schema-graph\">{\"@context\":\"https:\\\/\\\/schema.org\",\"@graph\":[{\"@type\":\"Article\",\"@id\":\"https:\\\/\\\/www.lovendal.ro\\\/wp52\\\/cum-celebrul-imparat-alexandru-cel-mare-a-vrut-sa-taie-capul-unui-mistic-indian-dar-pur-si-simplu-n-a-putut\\\/#article\",\"isPartOf\":{\"@id\":\"https:\\\/\\\/www.lovendal.ro\\\/wp52\\\/cum-celebrul-imparat-alexandru-cel-mare-a-vrut-sa-taie-capul-unui-mistic-indian-dar-pur-si-simplu-n-a-putut\\\/\"},\"author\":{\"name\":\"admin\",\"@id\":\"https:\\\/\\\/www.lovendal.ro\\\/wp52\\\/#\\\/schema\\\/person\\\/088691de5dfc346bb0c023e1e52ef5d9\"},\"headline\":\"Cum celebrul \u00eemp\u0103rat Alexandru cel Mare a vrut s\u0103 taie capul unui mistic indian, dar pur \u015fi simplu n-a putut!\",\"datePublished\":\"2022-04-08T05:00:44+00:00\",\"mainEntityOfPage\":{\"@id\":\"https:\\\/\\\/www.lovendal.ro\\\/wp52\\\/cum-celebrul-imparat-alexandru-cel-mare-a-vrut-sa-taie-capul-unui-mistic-indian-dar-pur-si-simplu-n-a-putut\\\/\"},\"wordCount\":552,\"commentCount\":0,\"publisher\":{\"@id\":\"https:\\\/\\\/www.lovendal.ro\\\/wp52\\\/#organization\"},\"image\":{\"@id\":\"https:\\\/\\\/www.lovendal.ro\\\/wp52\\\/cum-celebrul-imparat-alexandru-cel-mare-a-vrut-sa-taie-capul-unui-mistic-indian-dar-pur-si-simplu-n-a-putut\\\/#primaryimage\"},\"thumbnailUrl\":\"https:\\\/\\\/www.lovendal.ro\\\/wp52\\\/wp-content\\\/uploads\\\/2022\\\/04\\\/Alexandru-cel-Mare-sabie.jpg\",\"keywords\":[\"Alexandru cel Mare\",\"cap\",\"\u00eemp\u0103rat\",\"India\",\"Istorie si Civilizatii\",\"mistic\",\"nisip\",\"r\u00e2u\",\"sabie\",\"sclav\",\"solda\u0163i\",\"trup\"],\"articleSection\":[\"Istorie si Civilizatii\"],\"inLanguage\":\"ro-RO\",\"potentialAction\":[{\"@type\":\"CommentAction\",\"name\":\"Comment\",\"target\":[\"https:\\\/\\\/www.lovendal.ro\\\/wp52\\\/cum-celebrul-imparat-alexandru-cel-mare-a-vrut-sa-taie-capul-unui-mistic-indian-dar-pur-si-simplu-n-a-putut\\\/#respond\"]}]},{\"@type\":\"WebPage\",\"@id\":\"https:\\\/\\\/www.lovendal.ro\\\/wp52\\\/cum-celebrul-imparat-alexandru-cel-mare-a-vrut-sa-taie-capul-unui-mistic-indian-dar-pur-si-simplu-n-a-putut\\\/\",\"url\":\"https:\\\/\\\/www.lovendal.ro\\\/wp52\\\/cum-celebrul-imparat-alexandru-cel-mare-a-vrut-sa-taie-capul-unui-mistic-indian-dar-pur-si-simplu-n-a-putut\\\/\",\"name\":\"Cum celebrul \u00eemp\u0103rat Alexandru cel Mare a vrut s\u0103 taie capul unui mistic indian, dar pur \u015fi simplu n-a putut! - Secretele lui Lovendal\",\"isPartOf\":{\"@id\":\"https:\\\/\\\/www.lovendal.ro\\\/wp52\\\/#website\"},\"primaryImageOfPage\":{\"@id\":\"https:\\\/\\\/www.lovendal.ro\\\/wp52\\\/cum-celebrul-imparat-alexandru-cel-mare-a-vrut-sa-taie-capul-unui-mistic-indian-dar-pur-si-simplu-n-a-putut\\\/#primaryimage\"},\"image\":{\"@id\":\"https:\\\/\\\/www.lovendal.ro\\\/wp52\\\/cum-celebrul-imparat-alexandru-cel-mare-a-vrut-sa-taie-capul-unui-mistic-indian-dar-pur-si-simplu-n-a-putut\\\/#primaryimage\"},\"thumbnailUrl\":\"https:\\\/\\\/www.lovendal.ro\\\/wp52\\\/wp-content\\\/uploads\\\/2022\\\/04\\\/Alexandru-cel-Mare-sabie.jpg\",\"datePublished\":\"2022-04-08T05:00:44+00:00\",\"breadcrumb\":{\"@id\":\"https:\\\/\\\/www.lovendal.ro\\\/wp52\\\/cum-celebrul-imparat-alexandru-cel-mare-a-vrut-sa-taie-capul-unui-mistic-indian-dar-pur-si-simplu-n-a-putut\\\/#breadcrumb\"},\"inLanguage\":\"ro-RO\",\"potentialAction\":[{\"@type\":\"ReadAction\",\"target\":[\"https:\\\/\\\/www.lovendal.ro\\\/wp52\\\/cum-celebrul-imparat-alexandru-cel-mare-a-vrut-sa-taie-capul-unui-mistic-indian-dar-pur-si-simplu-n-a-putut\\\/\"]}]},{\"@type\":\"ImageObject\",\"inLanguage\":\"ro-RO\",\"@id\":\"https:\\\/\\\/www.lovendal.ro\\\/wp52\\\/cum-celebrul-imparat-alexandru-cel-mare-a-vrut-sa-taie-capul-unui-mistic-indian-dar-pur-si-simplu-n-a-putut\\\/#primaryimage\",\"url\":\"https:\\\/\\\/www.lovendal.ro\\\/wp52\\\/wp-content\\\/uploads\\\/2022\\\/04\\\/Alexandru-cel-Mare-sabie.jpg\",\"contentUrl\":\"https:\\\/\\\/www.lovendal.ro\\\/wp52\\\/wp-content\\\/uploads\\\/2022\\\/04\\\/Alexandru-cel-Mare-sabie.jpg\",\"width\":338,\"height\":254},{\"@type\":\"BreadcrumbList\",\"@id\":\"https:\\\/\\\/www.lovendal.ro\\\/wp52\\\/cum-celebrul-imparat-alexandru-cel-mare-a-vrut-sa-taie-capul-unui-mistic-indian-dar-pur-si-simplu-n-a-putut\\\/#breadcrumb\",\"itemListElement\":[{\"@type\":\"ListItem\",\"position\":1,\"name\":\"Home\",\"item\":\"https:\\\/\\\/www.lovendal.ro\\\/wp52\\\/\"},{\"@type\":\"ListItem\",\"position\":2,\"name\":\"Cum celebrul \u00eemp\u0103rat Alexandru cel Mare a vrut s\u0103 taie capul unui mistic indian, dar pur \u015fi simplu n-a putut!\"}]},{\"@type\":\"WebSite\",\"@id\":\"https:\\\/\\\/www.lovendal.ro\\\/wp52\\\/#website\",\"url\":\"https:\\\/\\\/www.lovendal.ro\\\/wp52\\\/\",\"name\":\"Secretele lui Lovendal\",\"description\":\"Site de secrete, stiinta si metafizica - din 2008 -\",\"publisher\":{\"@id\":\"https:\\\/\\\/www.lovendal.ro\\\/wp52\\\/#organization\"},\"potentialAction\":[{\"@type\":\"SearchAction\",\"target\":{\"@type\":\"EntryPoint\",\"urlTemplate\":\"https:\\\/\\\/www.lovendal.ro\\\/wp52\\\/?s={search_term_string}\"},\"query-input\":{\"@type\":\"PropertyValueSpecification\",\"valueRequired\":true,\"valueName\":\"search_term_string\"}}],\"inLanguage\":\"ro-RO\"},{\"@type\":\"Organization\",\"@id\":\"https:\\\/\\\/www.lovendal.ro\\\/wp52\\\/#organization\",\"name\":\"Secretele lui Lovendal\",\"url\":\"https:\\\/\\\/www.lovendal.ro\\\/wp52\\\/\",\"logo\":{\"@type\":\"ImageObject\",\"inLanguage\":\"ro-RO\",\"@id\":\"https:\\\/\\\/www.lovendal.ro\\\/wp52\\\/#\\\/schema\\\/logo\\\/image\\\/\",\"url\":\"https:\\\/\\\/www.lovendal.ro\\\/wp52\\\/wp-content\\\/uploads\\\/2024\\\/06\\\/cropped-SLL-iun-2024-1.jpg\",\"contentUrl\":\"https:\\\/\\\/www.lovendal.ro\\\/wp52\\\/wp-content\\\/uploads\\\/2024\\\/06\\\/cropped-SLL-iun-2024-1.jpg\",\"width\":771,\"height\":240,\"caption\":\"Secretele lui Lovendal\"},\"image\":{\"@id\":\"https:\\\/\\\/www.lovendal.ro\\\/wp52\\\/#\\\/schema\\\/logo\\\/image\\\/\"},\"sameAs\":[\"https:\\\/\\\/www.facebook.com\\\/secreteleluilovendal\"]},{\"@type\":\"Person\",\"@id\":\"https:\\\/\\\/www.lovendal.ro\\\/wp52\\\/#\\\/schema\\\/person\\\/088691de5dfc346bb0c023e1e52ef5d9\",\"name\":\"admin\",\"image\":{\"@type\":\"ImageObject\",\"inLanguage\":\"ro-RO\",\"@id\":\"https:\\\/\\\/secure.gravatar.com\\\/avatar\\\/ecb9cd41f5f63c9c9b989999a59f6e2639a865ec361e9db054db0679a8f341c2?s=96&d=mm&r=g\",\"url\":\"https:\\\/\\\/secure.gravatar.com\\\/avatar\\\/ecb9cd41f5f63c9c9b989999a59f6e2639a865ec361e9db054db0679a8f341c2?s=96&d=mm&r=g\",\"contentUrl\":\"https:\\\/\\\/secure.gravatar.com\\\/avatar\\\/ecb9cd41f5f63c9c9b989999a59f6e2639a865ec361e9db054db0679a8f341c2?s=96&d=mm&r=g\",\"caption\":\"admin\"},\"sameAs\":[\"https:\\\/\\\/www.lovendal.ro\\\/wp52\"]}]}<\/script>\n<!-- \/ Yoast SEO Premium plugin. -->","yoast_head_json":{"title":"Cum celebrul \u00eemp\u0103rat Alexandru cel Mare a vrut s\u0103 taie capul unui mistic indian, dar pur \u015fi simplu n-a putut! - Secretele lui Lovendal","robots":{"index":"index","follow":"follow","max-snippet":"max-snippet:-1","max-image-preview":"max-image-preview:large","max-video-preview":"max-video-preview:-1"},"canonical":"https:\/\/www.lovendal.ro\/wp52\/cum-celebrul-imparat-alexandru-cel-mare-a-vrut-sa-taie-capul-unui-mistic-indian-dar-pur-si-simplu-n-a-putut\/","og_locale":"ro_RO","og_type":"article","og_title":"Cum celebrul \u00eemp\u0103rat Alexandru cel Mare a vrut s\u0103 taie capul unui mistic indian, dar pur \u015fi simplu n-a putut!","og_description":"Pe vremea lui Alexandru Macedon, \u00een India tr\u0103ia un mistic pe nume Dandamis. \u00cen timpul campaniei sale de cucerire a Indiei, \u00eemp\u0103ratul auzise c\u0103 \u00een zon\u0103 se afla celebrul mistic. A\u015fa c\u0103 \u00ee\u015fi trimise solda\u0163ii, s\u0103-l aduc\u0103 \u00een fa\u0163a sa ... Cititi mai multe","og_url":"https:\/\/www.lovendal.ro\/wp52\/cum-celebrul-imparat-alexandru-cel-mare-a-vrut-sa-taie-capul-unui-mistic-indian-dar-pur-si-simplu-n-a-putut\/","og_site_name":"Secretele lui Lovendal","article_publisher":"https:\/\/www.facebook.com\/secreteleluilovendal","article_published_time":"2022-04-08T05:00:44+00:00","og_image":[{"width":338,"height":254,"url":"https:\/\/www.lovendal.ro\/wp52\/wp-content\/uploads\/2022\/04\/Alexandru-cel-Mare-sabie.jpg","type":"image\/jpeg"}],"author":"admin","twitter_card":"summary_large_image","twitter_misc":{"Scris de":"admin","Timp estimat pentru citire":"3 minute"},"schema":{"@context":"https:\/\/schema.org","@graph":[{"@type":"Article","@id":"https:\/\/www.lovendal.ro\/wp52\/cum-celebrul-imparat-alexandru-cel-mare-a-vrut-sa-taie-capul-unui-mistic-indian-dar-pur-si-simplu-n-a-putut\/#article","isPartOf":{"@id":"https:\/\/www.lovendal.ro\/wp52\/cum-celebrul-imparat-alexandru-cel-mare-a-vrut-sa-taie-capul-unui-mistic-indian-dar-pur-si-simplu-n-a-putut\/"},"author":{"name":"admin","@id":"https:\/\/www.lovendal.ro\/wp52\/#\/schema\/person\/088691de5dfc346bb0c023e1e52ef5d9"},"headline":"Cum celebrul \u00eemp\u0103rat Alexandru cel Mare a vrut s\u0103 taie capul unui mistic indian, dar pur \u015fi simplu n-a putut!","datePublished":"2022-04-08T05:00:44+00:00","mainEntityOfPage":{"@id":"https:\/\/www.lovendal.ro\/wp52\/cum-celebrul-imparat-alexandru-cel-mare-a-vrut-sa-taie-capul-unui-mistic-indian-dar-pur-si-simplu-n-a-putut\/"},"wordCount":552,"commentCount":0,"publisher":{"@id":"https:\/\/www.lovendal.ro\/wp52\/#organization"},"image":{"@id":"https:\/\/www.lovendal.ro\/wp52\/cum-celebrul-imparat-alexandru-cel-mare-a-vrut-sa-taie-capul-unui-mistic-indian-dar-pur-si-simplu-n-a-putut\/#primaryimage"},"thumbnailUrl":"https:\/\/www.lovendal.ro\/wp52\/wp-content\/uploads\/2022\/04\/Alexandru-cel-Mare-sabie.jpg","keywords":["Alexandru cel Mare","cap","\u00eemp\u0103rat","India","Istorie si Civilizatii","mistic","nisip","r\u00e2u","sabie","sclav","solda\u0163i","trup"],"articleSection":["Istorie si Civilizatii"],"inLanguage":"ro-RO","potentialAction":[{"@type":"CommentAction","name":"Comment","target":["https:\/\/www.lovendal.ro\/wp52\/cum-celebrul-imparat-alexandru-cel-mare-a-vrut-sa-taie-capul-unui-mistic-indian-dar-pur-si-simplu-n-a-putut\/#respond"]}]},{"@type":"WebPage","@id":"https:\/\/www.lovendal.ro\/wp52\/cum-celebrul-imparat-alexandru-cel-mare-a-vrut-sa-taie-capul-unui-mistic-indian-dar-pur-si-simplu-n-a-putut\/","url":"https:\/\/www.lovendal.ro\/wp52\/cum-celebrul-imparat-alexandru-cel-mare-a-vrut-sa-taie-capul-unui-mistic-indian-dar-pur-si-simplu-n-a-putut\/","name":"Cum celebrul \u00eemp\u0103rat Alexandru cel Mare a vrut s\u0103 taie capul unui mistic indian, dar pur \u015fi simplu n-a putut! - Secretele lui Lovendal","isPartOf":{"@id":"https:\/\/www.lovendal.ro\/wp52\/#website"},"primaryImageOfPage":{"@id":"https:\/\/www.lovendal.ro\/wp52\/cum-celebrul-imparat-alexandru-cel-mare-a-vrut-sa-taie-capul-unui-mistic-indian-dar-pur-si-simplu-n-a-putut\/#primaryimage"},"image":{"@id":"https:\/\/www.lovendal.ro\/wp52\/cum-celebrul-imparat-alexandru-cel-mare-a-vrut-sa-taie-capul-unui-mistic-indian-dar-pur-si-simplu-n-a-putut\/#primaryimage"},"thumbnailUrl":"https:\/\/www.lovendal.ro\/wp52\/wp-content\/uploads\/2022\/04\/Alexandru-cel-Mare-sabie.jpg","datePublished":"2022-04-08T05:00:44+00:00","breadcrumb":{"@id":"https:\/\/www.lovendal.ro\/wp52\/cum-celebrul-imparat-alexandru-cel-mare-a-vrut-sa-taie-capul-unui-mistic-indian-dar-pur-si-simplu-n-a-putut\/#breadcrumb"},"inLanguage":"ro-RO","potentialAction":[{"@type":"ReadAction","target":["https:\/\/www.lovendal.ro\/wp52\/cum-celebrul-imparat-alexandru-cel-mare-a-vrut-sa-taie-capul-unui-mistic-indian-dar-pur-si-simplu-n-a-putut\/"]}]},{"@type":"ImageObject","inLanguage":"ro-RO","@id":"https:\/\/www.lovendal.ro\/wp52\/cum-celebrul-imparat-alexandru-cel-mare-a-vrut-sa-taie-capul-unui-mistic-indian-dar-pur-si-simplu-n-a-putut\/#primaryimage","url":"https:\/\/www.lovendal.ro\/wp52\/wp-content\/uploads\/2022\/04\/Alexandru-cel-Mare-sabie.jpg","contentUrl":"https:\/\/www.lovendal.ro\/wp52\/wp-content\/uploads\/2022\/04\/Alexandru-cel-Mare-sabie.jpg","width":338,"height":254},{"@type":"BreadcrumbList","@id":"https:\/\/www.lovendal.ro\/wp52\/cum-celebrul-imparat-alexandru-cel-mare-a-vrut-sa-taie-capul-unui-mistic-indian-dar-pur-si-simplu-n-a-putut\/#breadcrumb","itemListElement":[{"@type":"ListItem","position":1,"name":"Home","item":"https:\/\/www.lovendal.ro\/wp52\/"},{"@type":"ListItem","position":2,"name":"Cum celebrul \u00eemp\u0103rat Alexandru cel Mare a vrut s\u0103 taie capul unui mistic indian, dar pur \u015fi simplu n-a putut!"}]},{"@type":"WebSite","@id":"https:\/\/www.lovendal.ro\/wp52\/#website","url":"https:\/\/www.lovendal.ro\/wp52\/","name":"Secretele lui Lovendal","description":"Site de secrete, stiinta si metafizica - din 2008 -","publisher":{"@id":"https:\/\/www.lovendal.ro\/wp52\/#organization"},"potentialAction":[{"@type":"SearchAction","target":{"@type":"EntryPoint","urlTemplate":"https:\/\/www.lovendal.ro\/wp52\/?s={search_term_string}"},"query-input":{"@type":"PropertyValueSpecification","valueRequired":true,"valueName":"search_term_string"}}],"inLanguage":"ro-RO"},{"@type":"Organization","@id":"https:\/\/www.lovendal.ro\/wp52\/#organization","name":"Secretele lui Lovendal","url":"https:\/\/www.lovendal.ro\/wp52\/","logo":{"@type":"ImageObject","inLanguage":"ro-RO","@id":"https:\/\/www.lovendal.ro\/wp52\/#\/schema\/logo\/image\/","url":"https:\/\/www.lovendal.ro\/wp52\/wp-content\/uploads\/2024\/06\/cropped-SLL-iun-2024-1.jpg","contentUrl":"https:\/\/www.lovendal.ro\/wp52\/wp-content\/uploads\/2024\/06\/cropped-SLL-iun-2024-1.jpg","width":771,"height":240,"caption":"Secretele lui Lovendal"},"image":{"@id":"https:\/\/www.lovendal.ro\/wp52\/#\/schema\/logo\/image\/"},"sameAs":["https:\/\/www.facebook.com\/secreteleluilovendal"]},{"@type":"Person","@id":"https:\/\/www.lovendal.ro\/wp52\/#\/schema\/person\/088691de5dfc346bb0c023e1e52ef5d9","name":"admin","image":{"@type":"ImageObject","inLanguage":"ro-RO","@id":"https:\/\/secure.gravatar.com\/avatar\/ecb9cd41f5f63c9c9b989999a59f6e2639a865ec361e9db054db0679a8f341c2?s=96&d=mm&r=g","url":"https:\/\/secure.gravatar.com\/avatar\/ecb9cd41f5f63c9c9b989999a59f6e2639a865ec361e9db054db0679a8f341c2?s=96&d=mm&r=g","contentUrl":"https:\/\/secure.gravatar.com\/avatar\/ecb9cd41f5f63c9c9b989999a59f6e2639a865ec361e9db054db0679a8f341c2?s=96&d=mm&r=g","caption":"admin"},"sameAs":["https:\/\/www.lovendal.ro\/wp52"]}]}},"_links":{"self":[{"href":"https:\/\/www.lovendal.ro\/wp52\/wp-json\/wp\/v2\/posts\/79725","targetHints":{"allow":["GET"]}}],"collection":[{"href":"https:\/\/www.lovendal.ro\/wp52\/wp-json\/wp\/v2\/posts"}],"about":[{"href":"https:\/\/www.lovendal.ro\/wp52\/wp-json\/wp\/v2\/types\/post"}],"author":[{"embeddable":true,"href":"https:\/\/www.lovendal.ro\/wp52\/wp-json\/wp\/v2\/users\/1"}],"replies":[{"embeddable":true,"href":"https:\/\/www.lovendal.ro\/wp52\/wp-json\/wp\/v2\/comments?post=79725"}],"version-history":[{"count":0,"href":"https:\/\/www.lovendal.ro\/wp52\/wp-json\/wp\/v2\/posts\/79725\/revisions"}],"wp:featuredmedia":[{"embeddable":true,"href":"https:\/\/www.lovendal.ro\/wp52\/wp-json\/wp\/v2\/media\/79726"}],"wp:attachment":[{"href":"https:\/\/www.lovendal.ro\/wp52\/wp-json\/wp\/v2\/media?parent=79725"}],"wp:term":[{"taxonomy":"category","embeddable":true,"href":"https:\/\/www.lovendal.ro\/wp52\/wp-json\/wp\/v2\/categories?post=79725"},{"taxonomy":"post_tag","embeddable":true,"href":"https:\/\/www.lovendal.ro\/wp52\/wp-json\/wp\/v2\/tags?post=79725"}],"curies":[{"name":"wp","href":"https:\/\/api.w.org\/{rel}","templated":true}]}}