{"id":79524,"date":"2022-03-13T20:44:52","date_gmt":"2022-03-13T18:44:52","guid":{"rendered":"https:\/\/www.lovendal.ro\/wp52\/?p=79524"},"modified":"2022-03-13T20:44:52","modified_gmt":"2022-03-13T18:44:52","slug":"ne-putem-inchide-ochii-si-gura-dar-de-ce-nu-putem-inchide-si-urechile","status":"publish","type":"post","link":"https:\/\/www.lovendal.ro\/wp52\/ne-putem-inchide-ochii-si-gura-dar-de-ce-nu-putem-inchide-si-urechile\/","title":{"rendered":"Ne putem \u00eenchide ochii \u0219i gura&#8230; Dar, de ce nu putem \u00eenchide \u015fi urechile?"},"content":{"rendered":"<figure id=\"attachment_79525\" aria-describedby=\"caption-attachment-79525\" style=\"width: 348px\" class=\"wp-caption alignleft\"><a href=\"https:\/\/www.lovendal.ro\/wp52\/wp-content\/uploads\/2022\/03\/ureche-umana.jpg\"><img loading=\"lazy\" decoding=\"async\" class=\"size-full wp-image-79525\" src=\"https:\/\/www.lovendal.ro\/wp52\/wp-content\/uploads\/2022\/03\/ureche-umana.jpg\" alt=\"\" width=\"358\" height=\"335\" srcset=\"https:\/\/www.lovendal.ro\/wp52\/wp-content\/uploads\/2022\/03\/ureche-umana.jpg 358w, https:\/\/www.lovendal.ro\/wp52\/wp-content\/uploads\/2022\/03\/ureche-umana-300x281.jpg 300w\" sizes=\"auto, (max-width: 358px) 100vw, 358px\" \/><\/a><figcaption id=\"caption-attachment-79525\" class=\"wp-caption-text\"><strong>Imagine:<\/strong> <a href=\"https:\/\/pixabay.com\/ro\/photos\/ureche-gur%c4%83-nas-fa%c8%9b%c4%83-cap-voci-3971050\/\" target=\"_blank\" rel=\"noopener\"><strong>pixabay.com<\/strong><\/a> (Commons Creative &#8211; free)<\/figcaption><\/figure>\n<p>Corpul uman a suferit o lung\u0103 evolu\u021bie p\u00e2n\u0103 la felul \u00een care este ast\u0103zi. Pleoapele ne protejeaz\u0103 ochii \u0219i, dac\u0103 \u00eenchidem gura, \u00eempiedic\u0103m intrarea altor lucruri. Urechile noastre, pe de alt\u0103 parte, r\u0103m\u00e2n deschise. Nu se pot \u00eenchide ca urechile focilor, rinocerilor \u0219i vidrelor, de exemplu. De ce? Nu ar fi frumos s\u0103 ne putem \u00eenchide urechile, de exemplu, c\u00e2nd suntem sub ap\u0103 sau c\u00e2nd suntem \u00eenconjura\u021bi de mult zgomot?<\/p>\n<p>R\u0103spunsul este acela c\u0103 a trecut foarte mult timp de c\u00e2nd am \u00eenceput dezvoltarea noastr\u0103 \u00een ap\u0103. \u00cen urm\u0103 cu aproximativ 380 de milioane de ani, str\u0103mo\u0219ii no\u0219tri au \u00eencetat s\u0103 mai fie pe\u0219ti \u0219i au ajuns la \u021b\u0103rm. Prin urmare, nu a fost nevoie s\u0103 ne putem \u00eenchide urechile ca focile \u0219i alte animale de ap\u0103.<\/p>\n<p>Nu-i a\u0219a c\u0103 este pu\u021bin stupid c\u0103 nu ne putem totu\u015fi \u00eenchide urechile? Ca de exemplu s\u0103 ne protej\u0103m \u00eempotriva murd\u0103riei \u0219i prafului? \u015ei totu\u015fi, noi nu ne putem \u00eenchide urechile. Dar \u0219tia\u0163i c\u0103 noi avem un fel de capac \u00een interiorul urechii? Acest &#8222;capac&#8221;, sau mai degrab\u0103 membrana timpanic\u0103, numit\u0103 \u0219i timpan, \u00eempiedic\u0103 p\u0103trunderea apei, a insectelor \u0219i a prafului. Timpanul este super sub\u021bire, a\u0219a c\u0103 sunetul \u00eenc\u0103 mai trece, Slav\u0103 Domnului!<\/p>\n<p>Urechile deschise cu o membran\u0103 sub\u021bire \u00eenseamn\u0103 c\u0103 putem auzi \u00eentotdeauna. \u0218i asta ar fi putut \u00eensemna diferen\u021ba dintre via\u021b\u0103 \u0219i moarte pentru noi, oamenii. De exemplu, am putea auzi pr\u0103d\u0103tori periculo\u0219i \u0219i s\u0103 ne ascundem la timp. Am supravie\u021buit \u0219i apoi am putut s\u0103 avem copii \u0219i s\u0103 transmitem genera\u021biei urm\u0103toare capacitatea de a auzi bine.<\/p>\n<p>Auzul nostru se \u00eenr\u0103ut\u0103\u021be\u0219te cu c\u00e2t \u00eemb\u0103tr\u00e2nim. Dar, oare ar fi fost mai bine dac\u0103 ne-am putea \u00eenchide urechile? Da, urechile noastre se uzeaz\u0103 \u00een timp. \u0218i asta se \u00eent\u00e2mpl\u0103 \u0219i mai mult \u00een zilele noastre. Mul\u021bi oameni ascult\u0103 mult\u0103 muzic\u0103, cu volumul la maxim, \u0219i \u00ee\u015fi \u00eencordeaz\u0103 urechile. Genera\u021biile dinaintea noastr\u0103 nu au avut c\u0103\u0219ti \u00een care s\u0103 asculte muzic\u0103 dat\u0103 tare, ceea ce \u00eenseamn\u0103 c\u0103 acest lucru nu a afectat evolu\u021bia uman\u0103.<\/p>\n<p>Pe de alt\u0103 parte, focile \u00ee\u0219i pot \u00eenchide urechile. Focile nu au urechi exterioare ca noi (care at\u00e2rn\u0103); \u00een schimb au o clap\u0103 care le permite s\u0103-\u0219i \u00eenchid\u0103 urechile. De ce? Focile petrec mult timp sub ap\u0103 \u015fi, de aceea, trebuie s\u0103-\u015fi poat\u0103 \u00eenchide urechile.<\/p>\n<p>Auzul uman func\u021bioneaz\u0103 adesea bine, chiar \u0219i atunci c\u00e2nd este expus la zgomote puternice. Pentru coco\u0219i, este o alt\u0103 poveste. Ei c\u00e2nt\u0103 at\u00e2t de tare, \u00eenc\u00e2t nivelul sonor este la fel ca atunci ca \u015fi cum am fi la doar 15 metri distan\u0163\u0103 de un avion care decoleaz\u0103. Cercet\u0103torii belgieni chiar s-au \u00eentrebat cum pot c\u00e2nta coco\u0219ii at\u00e2t de tare f\u0103r\u0103 s\u0103-\u015fi piard\u0103 auzul. Ei au verificat dac\u0103 ace\u015fti coco\u0219i \u00ee\u0219i protejeaz\u0103 urechile \u00een vreun fel. Ei bine&#8230; chiar o fac! C\u00e2nd coco\u0219ul \u00ee\u0219i deschide complet ciocul pentru a c\u00e2nta, p\u0103r\u021bi ale canalului urechii se \u00eenchid \u0219i pielea sub\u021bire acoper\u0103 jum\u0103tate din timpan.<\/p>\n<p>Deci, urechile noastre umane nu au evoluat pentru a se \u00eenchide. \u0218i acest lucru nu se va schimba prea cur\u00e2nd&#8230;<\/p>\n","protected":false},"excerpt":{"rendered":"<p>Corpul uman a suferit o lung\u0103 evolu\u021bie p\u00e2n\u0103 la felul \u00een care este ast\u0103zi. Pleoapele ne protejeaz\u0103 ochii \u0219i, dac\u0103 \u00eenchidem gura, \u00eempiedic\u0103m intrarea altor lucruri. Urechile noastre, pe de alt\u0103 parte, r\u0103m\u00e2n deschise. Nu se pot \u00eenchide ca urechile &#8230; <\/p>\n<p class=\"read-more-container\"><a title=\"Ne putem \u00eenchide ochii \u0219i gura&#8230; Dar, de ce nu putem \u00eenchide \u015fi urechile?\" class=\"read-more button\" href=\"https:\/\/www.lovendal.ro\/wp52\/ne-putem-inchide-ochii-si-gura-dar-de-ce-nu-putem-inchide-si-urechile\/#more-79524\" aria-label=\"Cite\u0219te mai multe despre Ne putem \u00eenchide ochii \u0219i gura&#8230; Dar, de ce nu putem \u00eenchide \u015fi urechile?\">Cititi mai multe<\/a><\/p>\n","protected":false},"author":1,"featured_media":79525,"comment_status":"open","ping_status":"open","sticky":false,"template":"","format":"standard","meta":{"footnotes":""},"categories":[6],"tags":[601,4260,762,9485,936,5238,16645,4001,649,9794,57,166,656,1953,12921,6987,7275,16727,184,17581,2544],"class_list":["post-79524","post","type-post","status-publish","format-standard","has-post-thumbnail","hentry","category-medicina","tag-apa","tag-auz","tag-avion","tag-cioc","tag-cocos","tag-corp","tag-foci","tag-gura","tag-insecte","tag-medicina","tag-oameni","tag-ochi","tag-pesti","tag-piele","tag-pleoape","tag-praf","tag-rinocer","tag-timpan","tag-ureche","tag-vidra","tag-zgomot","resize-featured-image"],"yoast_head":"<!-- This site is optimized with the Yoast SEO Premium plugin v23.3 (Yoast SEO v27.4) - https:\/\/yoast.com\/product\/yoast-seo-premium-wordpress\/ -->\n<title>Ne putem \u00eenchide ochii \u0219i gura... Dar, de ce nu putem \u00eenchide \u015fi urechile? - Secretele lui Lovendal<\/title>\n<meta name=\"robots\" content=\"index, follow, max-snippet:-1, max-image-preview:large, max-video-preview:-1\" \/>\n<link rel=\"canonical\" href=\"https:\/\/www.lovendal.ro\/wp52\/ne-putem-inchide-ochii-si-gura-dar-de-ce-nu-putem-inchide-si-urechile\/\" \/>\n<meta property=\"og:locale\" content=\"ro_RO\" \/>\n<meta property=\"og:type\" content=\"article\" \/>\n<meta property=\"og:title\" content=\"Ne putem \u00eenchide ochii \u0219i gura... Dar, de ce nu putem \u00eenchide \u015fi urechile?\" \/>\n<meta property=\"og:description\" content=\"Corpul uman a suferit o lung\u0103 evolu\u021bie p\u00e2n\u0103 la felul \u00een care este ast\u0103zi. Pleoapele ne protejeaz\u0103 ochii \u0219i, dac\u0103 \u00eenchidem gura, \u00eempiedic\u0103m intrarea altor lucruri. Urechile noastre, pe de alt\u0103 parte, r\u0103m\u00e2n deschise. Nu se pot \u00eenchide ca urechile ... Cititi mai multe\" \/>\n<meta property=\"og:url\" content=\"https:\/\/www.lovendal.ro\/wp52\/ne-putem-inchide-ochii-si-gura-dar-de-ce-nu-putem-inchide-si-urechile\/\" \/>\n<meta property=\"og:site_name\" content=\"Secretele lui Lovendal\" \/>\n<meta property=\"article:publisher\" content=\"https:\/\/www.facebook.com\/secreteleluilovendal\" \/>\n<meta property=\"article:published_time\" content=\"2022-03-13T18:44:52+00:00\" \/>\n<meta property=\"og:image\" content=\"https:\/\/www.lovendal.ro\/wp52\/wp-content\/uploads\/2022\/03\/ureche-umana.jpg\" \/>\n\t<meta property=\"og:image:width\" content=\"358\" \/>\n\t<meta property=\"og:image:height\" content=\"335\" \/>\n\t<meta property=\"og:image:type\" content=\"image\/jpeg\" \/>\n<meta name=\"author\" content=\"admin\" \/>\n<meta name=\"twitter:card\" content=\"summary_large_image\" \/>\n<meta name=\"twitter:label1\" content=\"Scris de\" \/>\n\t<meta name=\"twitter:data1\" content=\"admin\" \/>\n\t<meta name=\"twitter:label2\" content=\"Timp estimat pentru citire\" \/>\n\t<meta name=\"twitter:data2\" content=\"3 minute\" \/>\n<script type=\"application\/ld+json\" class=\"yoast-schema-graph\">{\"@context\":\"https:\\\/\\\/schema.org\",\"@graph\":[{\"@type\":\"Article\",\"@id\":\"https:\\\/\\\/www.lovendal.ro\\\/wp52\\\/ne-putem-inchide-ochii-si-gura-dar-de-ce-nu-putem-inchide-si-urechile\\\/#article\",\"isPartOf\":{\"@id\":\"https:\\\/\\\/www.lovendal.ro\\\/wp52\\\/ne-putem-inchide-ochii-si-gura-dar-de-ce-nu-putem-inchide-si-urechile\\\/\"},\"author\":{\"name\":\"admin\",\"@id\":\"https:\\\/\\\/www.lovendal.ro\\\/wp52\\\/#\\\/schema\\\/person\\\/088691de5dfc346bb0c023e1e52ef5d9\"},\"headline\":\"Ne putem \u00eenchide ochii \u0219i gura&#8230; Dar, de ce nu putem \u00eenchide \u015fi urechile?\",\"datePublished\":\"2022-03-13T18:44:52+00:00\",\"mainEntityOfPage\":{\"@id\":\"https:\\\/\\\/www.lovendal.ro\\\/wp52\\\/ne-putem-inchide-ochii-si-gura-dar-de-ce-nu-putem-inchide-si-urechile\\\/\"},\"wordCount\":597,\"commentCount\":0,\"publisher\":{\"@id\":\"https:\\\/\\\/www.lovendal.ro\\\/wp52\\\/#organization\"},\"image\":{\"@id\":\"https:\\\/\\\/www.lovendal.ro\\\/wp52\\\/ne-putem-inchide-ochii-si-gura-dar-de-ce-nu-putem-inchide-si-urechile\\\/#primaryimage\"},\"thumbnailUrl\":\"https:\\\/\\\/www.lovendal.ro\\\/wp52\\\/wp-content\\\/uploads\\\/2022\\\/03\\\/ureche-umana.jpg\",\"keywords\":[\"ap\u0103\",\"auz\",\"avion\",\"cioc\",\"coco\u015f\",\"corp\",\"foci\",\"gur\u0103\",\"insecte\",\"Medicina\",\"oameni\",\"ochi\",\"pe\u015fti\",\"piele\",\"pleoape\",\"praf\",\"rinocer\",\"timpan\",\"ureche\",\"vidr\u0103\",\"zgomot\"],\"articleSection\":[\"Medicina\"],\"inLanguage\":\"ro-RO\",\"potentialAction\":[{\"@type\":\"CommentAction\",\"name\":\"Comment\",\"target\":[\"https:\\\/\\\/www.lovendal.ro\\\/wp52\\\/ne-putem-inchide-ochii-si-gura-dar-de-ce-nu-putem-inchide-si-urechile\\\/#respond\"]}]},{\"@type\":\"WebPage\",\"@id\":\"https:\\\/\\\/www.lovendal.ro\\\/wp52\\\/ne-putem-inchide-ochii-si-gura-dar-de-ce-nu-putem-inchide-si-urechile\\\/\",\"url\":\"https:\\\/\\\/www.lovendal.ro\\\/wp52\\\/ne-putem-inchide-ochii-si-gura-dar-de-ce-nu-putem-inchide-si-urechile\\\/\",\"name\":\"Ne putem \u00eenchide ochii \u0219i gura... Dar, de ce nu putem \u00eenchide \u015fi urechile? - Secretele lui Lovendal\",\"isPartOf\":{\"@id\":\"https:\\\/\\\/www.lovendal.ro\\\/wp52\\\/#website\"},\"primaryImageOfPage\":{\"@id\":\"https:\\\/\\\/www.lovendal.ro\\\/wp52\\\/ne-putem-inchide-ochii-si-gura-dar-de-ce-nu-putem-inchide-si-urechile\\\/#primaryimage\"},\"image\":{\"@id\":\"https:\\\/\\\/www.lovendal.ro\\\/wp52\\\/ne-putem-inchide-ochii-si-gura-dar-de-ce-nu-putem-inchide-si-urechile\\\/#primaryimage\"},\"thumbnailUrl\":\"https:\\\/\\\/www.lovendal.ro\\\/wp52\\\/wp-content\\\/uploads\\\/2022\\\/03\\\/ureche-umana.jpg\",\"datePublished\":\"2022-03-13T18:44:52+00:00\",\"breadcrumb\":{\"@id\":\"https:\\\/\\\/www.lovendal.ro\\\/wp52\\\/ne-putem-inchide-ochii-si-gura-dar-de-ce-nu-putem-inchide-si-urechile\\\/#breadcrumb\"},\"inLanguage\":\"ro-RO\",\"potentialAction\":[{\"@type\":\"ReadAction\",\"target\":[\"https:\\\/\\\/www.lovendal.ro\\\/wp52\\\/ne-putem-inchide-ochii-si-gura-dar-de-ce-nu-putem-inchide-si-urechile\\\/\"]}]},{\"@type\":\"ImageObject\",\"inLanguage\":\"ro-RO\",\"@id\":\"https:\\\/\\\/www.lovendal.ro\\\/wp52\\\/ne-putem-inchide-ochii-si-gura-dar-de-ce-nu-putem-inchide-si-urechile\\\/#primaryimage\",\"url\":\"https:\\\/\\\/www.lovendal.ro\\\/wp52\\\/wp-content\\\/uploads\\\/2022\\\/03\\\/ureche-umana.jpg\",\"contentUrl\":\"https:\\\/\\\/www.lovendal.ro\\\/wp52\\\/wp-content\\\/uploads\\\/2022\\\/03\\\/ureche-umana.jpg\",\"width\":358,\"height\":335,\"caption\":\"Imagine: pixabay.com (Commons Creative - free)\"},{\"@type\":\"BreadcrumbList\",\"@id\":\"https:\\\/\\\/www.lovendal.ro\\\/wp52\\\/ne-putem-inchide-ochii-si-gura-dar-de-ce-nu-putem-inchide-si-urechile\\\/#breadcrumb\",\"itemListElement\":[{\"@type\":\"ListItem\",\"position\":1,\"name\":\"Home\",\"item\":\"https:\\\/\\\/www.lovendal.ro\\\/wp52\\\/\"},{\"@type\":\"ListItem\",\"position\":2,\"name\":\"Ne putem \u00eenchide ochii \u0219i gura&#8230; Dar, de ce nu putem \u00eenchide \u015fi urechile?\"}]},{\"@type\":\"WebSite\",\"@id\":\"https:\\\/\\\/www.lovendal.ro\\\/wp52\\\/#website\",\"url\":\"https:\\\/\\\/www.lovendal.ro\\\/wp52\\\/\",\"name\":\"Secretele lui Lovendal\",\"description\":\"Site de secrete, stiinta si metafizica - din 2008 -\",\"publisher\":{\"@id\":\"https:\\\/\\\/www.lovendal.ro\\\/wp52\\\/#organization\"},\"potentialAction\":[{\"@type\":\"SearchAction\",\"target\":{\"@type\":\"EntryPoint\",\"urlTemplate\":\"https:\\\/\\\/www.lovendal.ro\\\/wp52\\\/?s={search_term_string}\"},\"query-input\":{\"@type\":\"PropertyValueSpecification\",\"valueRequired\":true,\"valueName\":\"search_term_string\"}}],\"inLanguage\":\"ro-RO\"},{\"@type\":\"Organization\",\"@id\":\"https:\\\/\\\/www.lovendal.ro\\\/wp52\\\/#organization\",\"name\":\"Secretele lui Lovendal\",\"url\":\"https:\\\/\\\/www.lovendal.ro\\\/wp52\\\/\",\"logo\":{\"@type\":\"ImageObject\",\"inLanguage\":\"ro-RO\",\"@id\":\"https:\\\/\\\/www.lovendal.ro\\\/wp52\\\/#\\\/schema\\\/logo\\\/image\\\/\",\"url\":\"https:\\\/\\\/www.lovendal.ro\\\/wp52\\\/wp-content\\\/uploads\\\/2024\\\/06\\\/cropped-SLL-iun-2024-1.jpg\",\"contentUrl\":\"https:\\\/\\\/www.lovendal.ro\\\/wp52\\\/wp-content\\\/uploads\\\/2024\\\/06\\\/cropped-SLL-iun-2024-1.jpg\",\"width\":771,\"height\":240,\"caption\":\"Secretele lui Lovendal\"},\"image\":{\"@id\":\"https:\\\/\\\/www.lovendal.ro\\\/wp52\\\/#\\\/schema\\\/logo\\\/image\\\/\"},\"sameAs\":[\"https:\\\/\\\/www.facebook.com\\\/secreteleluilovendal\"]},{\"@type\":\"Person\",\"@id\":\"https:\\\/\\\/www.lovendal.ro\\\/wp52\\\/#\\\/schema\\\/person\\\/088691de5dfc346bb0c023e1e52ef5d9\",\"name\":\"admin\",\"image\":{\"@type\":\"ImageObject\",\"inLanguage\":\"ro-RO\",\"@id\":\"https:\\\/\\\/secure.gravatar.com\\\/avatar\\\/ecb9cd41f5f63c9c9b989999a59f6e2639a865ec361e9db054db0679a8f341c2?s=96&d=mm&r=g\",\"url\":\"https:\\\/\\\/secure.gravatar.com\\\/avatar\\\/ecb9cd41f5f63c9c9b989999a59f6e2639a865ec361e9db054db0679a8f341c2?s=96&d=mm&r=g\",\"contentUrl\":\"https:\\\/\\\/secure.gravatar.com\\\/avatar\\\/ecb9cd41f5f63c9c9b989999a59f6e2639a865ec361e9db054db0679a8f341c2?s=96&d=mm&r=g\",\"caption\":\"admin\"},\"sameAs\":[\"https:\\\/\\\/www.lovendal.ro\\\/wp52\"]}]}<\/script>\n<!-- \/ Yoast SEO Premium plugin. -->","yoast_head_json":{"title":"Ne putem \u00eenchide ochii \u0219i gura... Dar, de ce nu putem \u00eenchide \u015fi urechile? - Secretele lui Lovendal","robots":{"index":"index","follow":"follow","max-snippet":"max-snippet:-1","max-image-preview":"max-image-preview:large","max-video-preview":"max-video-preview:-1"},"canonical":"https:\/\/www.lovendal.ro\/wp52\/ne-putem-inchide-ochii-si-gura-dar-de-ce-nu-putem-inchide-si-urechile\/","og_locale":"ro_RO","og_type":"article","og_title":"Ne putem \u00eenchide ochii \u0219i gura... Dar, de ce nu putem \u00eenchide \u015fi urechile?","og_description":"Corpul uman a suferit o lung\u0103 evolu\u021bie p\u00e2n\u0103 la felul \u00een care este ast\u0103zi. Pleoapele ne protejeaz\u0103 ochii \u0219i, dac\u0103 \u00eenchidem gura, \u00eempiedic\u0103m intrarea altor lucruri. Urechile noastre, pe de alt\u0103 parte, r\u0103m\u00e2n deschise. Nu se pot \u00eenchide ca urechile ... Cititi mai multe","og_url":"https:\/\/www.lovendal.ro\/wp52\/ne-putem-inchide-ochii-si-gura-dar-de-ce-nu-putem-inchide-si-urechile\/","og_site_name":"Secretele lui Lovendal","article_publisher":"https:\/\/www.facebook.com\/secreteleluilovendal","article_published_time":"2022-03-13T18:44:52+00:00","og_image":[{"width":358,"height":335,"url":"https:\/\/www.lovendal.ro\/wp52\/wp-content\/uploads\/2022\/03\/ureche-umana.jpg","type":"image\/jpeg"}],"author":"admin","twitter_card":"summary_large_image","twitter_misc":{"Scris de":"admin","Timp estimat pentru citire":"3 minute"},"schema":{"@context":"https:\/\/schema.org","@graph":[{"@type":"Article","@id":"https:\/\/www.lovendal.ro\/wp52\/ne-putem-inchide-ochii-si-gura-dar-de-ce-nu-putem-inchide-si-urechile\/#article","isPartOf":{"@id":"https:\/\/www.lovendal.ro\/wp52\/ne-putem-inchide-ochii-si-gura-dar-de-ce-nu-putem-inchide-si-urechile\/"},"author":{"name":"admin","@id":"https:\/\/www.lovendal.ro\/wp52\/#\/schema\/person\/088691de5dfc346bb0c023e1e52ef5d9"},"headline":"Ne putem \u00eenchide ochii \u0219i gura&#8230; Dar, de ce nu putem \u00eenchide \u015fi urechile?","datePublished":"2022-03-13T18:44:52+00:00","mainEntityOfPage":{"@id":"https:\/\/www.lovendal.ro\/wp52\/ne-putem-inchide-ochii-si-gura-dar-de-ce-nu-putem-inchide-si-urechile\/"},"wordCount":597,"commentCount":0,"publisher":{"@id":"https:\/\/www.lovendal.ro\/wp52\/#organization"},"image":{"@id":"https:\/\/www.lovendal.ro\/wp52\/ne-putem-inchide-ochii-si-gura-dar-de-ce-nu-putem-inchide-si-urechile\/#primaryimage"},"thumbnailUrl":"https:\/\/www.lovendal.ro\/wp52\/wp-content\/uploads\/2022\/03\/ureche-umana.jpg","keywords":["ap\u0103","auz","avion","cioc","coco\u015f","corp","foci","gur\u0103","insecte","Medicina","oameni","ochi","pe\u015fti","piele","pleoape","praf","rinocer","timpan","ureche","vidr\u0103","zgomot"],"articleSection":["Medicina"],"inLanguage":"ro-RO","potentialAction":[{"@type":"CommentAction","name":"Comment","target":["https:\/\/www.lovendal.ro\/wp52\/ne-putem-inchide-ochii-si-gura-dar-de-ce-nu-putem-inchide-si-urechile\/#respond"]}]},{"@type":"WebPage","@id":"https:\/\/www.lovendal.ro\/wp52\/ne-putem-inchide-ochii-si-gura-dar-de-ce-nu-putem-inchide-si-urechile\/","url":"https:\/\/www.lovendal.ro\/wp52\/ne-putem-inchide-ochii-si-gura-dar-de-ce-nu-putem-inchide-si-urechile\/","name":"Ne putem \u00eenchide ochii \u0219i gura... Dar, de ce nu putem \u00eenchide \u015fi urechile? - Secretele lui Lovendal","isPartOf":{"@id":"https:\/\/www.lovendal.ro\/wp52\/#website"},"primaryImageOfPage":{"@id":"https:\/\/www.lovendal.ro\/wp52\/ne-putem-inchide-ochii-si-gura-dar-de-ce-nu-putem-inchide-si-urechile\/#primaryimage"},"image":{"@id":"https:\/\/www.lovendal.ro\/wp52\/ne-putem-inchide-ochii-si-gura-dar-de-ce-nu-putem-inchide-si-urechile\/#primaryimage"},"thumbnailUrl":"https:\/\/www.lovendal.ro\/wp52\/wp-content\/uploads\/2022\/03\/ureche-umana.jpg","datePublished":"2022-03-13T18:44:52+00:00","breadcrumb":{"@id":"https:\/\/www.lovendal.ro\/wp52\/ne-putem-inchide-ochii-si-gura-dar-de-ce-nu-putem-inchide-si-urechile\/#breadcrumb"},"inLanguage":"ro-RO","potentialAction":[{"@type":"ReadAction","target":["https:\/\/www.lovendal.ro\/wp52\/ne-putem-inchide-ochii-si-gura-dar-de-ce-nu-putem-inchide-si-urechile\/"]}]},{"@type":"ImageObject","inLanguage":"ro-RO","@id":"https:\/\/www.lovendal.ro\/wp52\/ne-putem-inchide-ochii-si-gura-dar-de-ce-nu-putem-inchide-si-urechile\/#primaryimage","url":"https:\/\/www.lovendal.ro\/wp52\/wp-content\/uploads\/2022\/03\/ureche-umana.jpg","contentUrl":"https:\/\/www.lovendal.ro\/wp52\/wp-content\/uploads\/2022\/03\/ureche-umana.jpg","width":358,"height":335,"caption":"Imagine: pixabay.com (Commons Creative - free)"},{"@type":"BreadcrumbList","@id":"https:\/\/www.lovendal.ro\/wp52\/ne-putem-inchide-ochii-si-gura-dar-de-ce-nu-putem-inchide-si-urechile\/#breadcrumb","itemListElement":[{"@type":"ListItem","position":1,"name":"Home","item":"https:\/\/www.lovendal.ro\/wp52\/"},{"@type":"ListItem","position":2,"name":"Ne putem \u00eenchide ochii \u0219i gura&#8230; Dar, de ce nu putem \u00eenchide \u015fi urechile?"}]},{"@type":"WebSite","@id":"https:\/\/www.lovendal.ro\/wp52\/#website","url":"https:\/\/www.lovendal.ro\/wp52\/","name":"Secretele lui Lovendal","description":"Site de secrete, stiinta si metafizica - din 2008 -","publisher":{"@id":"https:\/\/www.lovendal.ro\/wp52\/#organization"},"potentialAction":[{"@type":"SearchAction","target":{"@type":"EntryPoint","urlTemplate":"https:\/\/www.lovendal.ro\/wp52\/?s={search_term_string}"},"query-input":{"@type":"PropertyValueSpecification","valueRequired":true,"valueName":"search_term_string"}}],"inLanguage":"ro-RO"},{"@type":"Organization","@id":"https:\/\/www.lovendal.ro\/wp52\/#organization","name":"Secretele lui Lovendal","url":"https:\/\/www.lovendal.ro\/wp52\/","logo":{"@type":"ImageObject","inLanguage":"ro-RO","@id":"https:\/\/www.lovendal.ro\/wp52\/#\/schema\/logo\/image\/","url":"https:\/\/www.lovendal.ro\/wp52\/wp-content\/uploads\/2024\/06\/cropped-SLL-iun-2024-1.jpg","contentUrl":"https:\/\/www.lovendal.ro\/wp52\/wp-content\/uploads\/2024\/06\/cropped-SLL-iun-2024-1.jpg","width":771,"height":240,"caption":"Secretele lui Lovendal"},"image":{"@id":"https:\/\/www.lovendal.ro\/wp52\/#\/schema\/logo\/image\/"},"sameAs":["https:\/\/www.facebook.com\/secreteleluilovendal"]},{"@type":"Person","@id":"https:\/\/www.lovendal.ro\/wp52\/#\/schema\/person\/088691de5dfc346bb0c023e1e52ef5d9","name":"admin","image":{"@type":"ImageObject","inLanguage":"ro-RO","@id":"https:\/\/secure.gravatar.com\/avatar\/ecb9cd41f5f63c9c9b989999a59f6e2639a865ec361e9db054db0679a8f341c2?s=96&d=mm&r=g","url":"https:\/\/secure.gravatar.com\/avatar\/ecb9cd41f5f63c9c9b989999a59f6e2639a865ec361e9db054db0679a8f341c2?s=96&d=mm&r=g","contentUrl":"https:\/\/secure.gravatar.com\/avatar\/ecb9cd41f5f63c9c9b989999a59f6e2639a865ec361e9db054db0679a8f341c2?s=96&d=mm&r=g","caption":"admin"},"sameAs":["https:\/\/www.lovendal.ro\/wp52"]}]}},"_links":{"self":[{"href":"https:\/\/www.lovendal.ro\/wp52\/wp-json\/wp\/v2\/posts\/79524","targetHints":{"allow":["GET"]}}],"collection":[{"href":"https:\/\/www.lovendal.ro\/wp52\/wp-json\/wp\/v2\/posts"}],"about":[{"href":"https:\/\/www.lovendal.ro\/wp52\/wp-json\/wp\/v2\/types\/post"}],"author":[{"embeddable":true,"href":"https:\/\/www.lovendal.ro\/wp52\/wp-json\/wp\/v2\/users\/1"}],"replies":[{"embeddable":true,"href":"https:\/\/www.lovendal.ro\/wp52\/wp-json\/wp\/v2\/comments?post=79524"}],"version-history":[{"count":0,"href":"https:\/\/www.lovendal.ro\/wp52\/wp-json\/wp\/v2\/posts\/79524\/revisions"}],"wp:featuredmedia":[{"embeddable":true,"href":"https:\/\/www.lovendal.ro\/wp52\/wp-json\/wp\/v2\/media\/79525"}],"wp:attachment":[{"href":"https:\/\/www.lovendal.ro\/wp52\/wp-json\/wp\/v2\/media?parent=79524"}],"wp:term":[{"taxonomy":"category","embeddable":true,"href":"https:\/\/www.lovendal.ro\/wp52\/wp-json\/wp\/v2\/categories?post=79524"},{"taxonomy":"post_tag","embeddable":true,"href":"https:\/\/www.lovendal.ro\/wp52\/wp-json\/wp\/v2\/tags?post=79524"}],"curies":[{"name":"wp","href":"https:\/\/api.w.org\/{rel}","templated":true}]}}