{"id":7940,"date":"2009-09-29T18:33:20","date_gmt":"2009-09-29T15:33:20","guid":{"rendered":"http:\/\/www.lovendal.net\/wp52\/?p=7940"},"modified":"2009-09-29T18:33:20","modified_gmt":"2009-09-29T15:33:20","slug":"legenda-infernului-in-iad-au-fost-prinsi-savantii-din-atlantida","status":"publish","type":"post","link":"https:\/\/www.lovendal.ro\/wp52\/legenda-infernului-in-iad-au-fost-prinsi-savantii-din-atlantida\/","title":{"rendered":"Legenda infernului: \u00een iad au fost prin\u015fi savan\u0163ii din Atlantida"},"content":{"rendered":"<p><a href=\"https:\/\/www.lovendal.ro\/wp52\/wp-content\/uploads\/2009\/09\/infern.jpg\"><img loading=\"lazy\" decoding=\"async\" class=\"alignleft size-full wp-image-7941\" title=\"infern\" src=\"https:\/\/www.lovendal.ro\/wp52\/wp-content\/uploads\/2009\/09\/infern.jpg\" alt=\"infern\" width=\"332\" height=\"218\" srcset=\"https:\/\/www.lovendal.ro\/wp52\/wp-content\/uploads\/2009\/09\/infern.jpg 332w, https:\/\/www.lovendal.ro\/wp52\/wp-content\/uploads\/2009\/09\/infern-300x196.jpg 300w\" sizes=\"auto, (max-width: 332px) 100vw, 332px\" \/><\/a>Exist\u0103 o legend\u0103 &#8211; care dup\u0103 opinia unora e mai pu\u0163in legend\u0103 \u015fi mai mult \u00eent\u00e2mplare adev\u0103rat\u0103, deformat\u0103 \u00eens\u0103 prin transmiterile ei succesive din genera\u0163ie \u00een genera\u0163ie &#8211; care d\u0103 o explica\u0163ie stranie mitului infernului. Cu aproape dou\u0103zeci de mii de ani \u00een urm\u0103, savan\u0163ii din Atlantida au reu\u015fit s\u0103 ajung\u0103 p\u00e2n\u0103 \u00een miezul p\u0103m\u00e2ntului, cu scopul de a pune st\u0103p\u00e2nire pe \u00abfocul nestins\u00bb \u015fi de a afirma puterea lor asupra \u00eentregului sistem solar. Numai c\u0103 tentativa lor a e\u015fuat, ace\u015fti ucenici vr\u0103jitori aleg\u00e2ndu-se pe de o parte cu privilegiul de a deveni nemuritori \u015fi pe de alta cu pedeapsa de a nu putea ie\u015fi niciodat\u0103 din miezul de foc al planetei, unde aveau s\u0103 r\u0103m\u00e2n\u0103 \u00eentemni\u0163a\u0163i. P\u00e2n\u0103 la urm\u0103 neferici\u0163ii au fost totu\u015fi pu\u015fi \u00een libertate de de\u0163in\u0103torii unor \u00eenalte cuno\u015ftin\u0163e \u015ftiin\u0163ifice, astfel \u00eenc\u00e2t se poate considera c\u0103 la originile legendei despre iad ar sta aceast\u0103 aventur\u0103.<\/p>\n<p>Printre ini\u0163ia\u0163i circul\u0103 de asemenea o informa\u0163ie aflat\u0103 \u00een leg\u0103tur\u0103 cu &#8222;focul vie\u0163ii eterne&#8221;: prin anul 1950, ni\u015fte mineri care lucrau undeva \u00een Siberia au \u00eentinerit pe nea\u015fteptate, \u00een chipul cel mai spectaculos cu putin\u0163\u0103. Toate zb\u00e2rciturile de pe fe\u0163e le-au disp\u0103rut \u015fi, lucru \u015fi mai important, oamenii ace\u015ftia nu mai sim\u0163eau nevoia s\u0103 m\u0103n\u00e2nce!<\/p>\n","protected":false},"excerpt":{"rendered":"<p>Exist\u0103 o legend\u0103 &#8211; care dup\u0103 opinia unora e mai pu\u0163in legend\u0103 \u015fi mai mult \u00eent\u00e2mplare adev\u0103rat\u0103, deformat\u0103 \u00eens\u0103 prin transmiterile ei succesive din genera\u0163ie \u00een genera\u0163ie &#8211; care d\u0103 o explica\u0163ie stranie mitului infernului. Cu aproape dou\u0103zeci de mii &#8230; <\/p>\n<p class=\"read-more-container\"><a title=\"Legenda infernului: \u00een iad au fost prin\u015fi savan\u0163ii din Atlantida\" class=\"read-more button\" href=\"https:\/\/www.lovendal.ro\/wp52\/legenda-infernului-in-iad-au-fost-prinsi-savantii-din-atlantida\/#more-7940\" aria-label=\"Cite\u0219te mai multe despre Legenda infernului: \u00een iad au fost prin\u015fi savan\u0163ii din Atlantida\">Cititi mai multe<\/a><\/p>\n","protected":false},"author":1,"featured_media":7941,"comment_status":"open","ping_status":"closed","sticky":false,"template":"","format":"standard","meta":{"footnotes":""},"categories":[14],"tags":[192,1923,9796],"class_list":["post-7940","post","type-post","status-publish","format-standard","has-post-thumbnail","hentry","category-paranormal-spiritualitate","tag-atlantida","tag-iad","tag-paranormal-spiritualitate","resize-featured-image"],"yoast_head":"<!-- This site is optimized with the Yoast SEO Premium plugin v23.3 (Yoast SEO v27.4) - https:\/\/yoast.com\/product\/yoast-seo-premium-wordpress\/ -->\n<title>Legenda infernului: \u00een iad au fost prin\u015fi savan\u0163ii din Atlantida - Secretele lui Lovendal<\/title>\n<meta name=\"robots\" content=\"index, follow, max-snippet:-1, max-image-preview:large, max-video-preview:-1\" \/>\n<link rel=\"canonical\" href=\"https:\/\/www.lovendal.ro\/wp52\/legenda-infernului-in-iad-au-fost-prinsi-savantii-din-atlantida\/\" \/>\n<meta property=\"og:locale\" content=\"ro_RO\" \/>\n<meta property=\"og:type\" content=\"article\" \/>\n<meta property=\"og:title\" content=\"Legenda infernului: \u00een iad au fost prin\u015fi savan\u0163ii din Atlantida\" \/>\n<meta property=\"og:description\" content=\"Exist\u0103 o legend\u0103 &#8211; care dup\u0103 opinia unora e mai pu\u0163in legend\u0103 \u015fi mai mult \u00eent\u00e2mplare adev\u0103rat\u0103, deformat\u0103 \u00eens\u0103 prin transmiterile ei succesive din genera\u0163ie \u00een genera\u0163ie &#8211; care d\u0103 o explica\u0163ie stranie mitului infernului. Cu aproape dou\u0103zeci de mii ... Cititi mai multe\" \/>\n<meta property=\"og:url\" content=\"https:\/\/www.lovendal.ro\/wp52\/legenda-infernului-in-iad-au-fost-prinsi-savantii-din-atlantida\/\" \/>\n<meta property=\"og:site_name\" content=\"Secretele lui Lovendal\" \/>\n<meta property=\"article:publisher\" content=\"https:\/\/www.facebook.com\/secreteleluilovendal\" \/>\n<meta property=\"article:published_time\" content=\"2009-09-29T15:33:20+00:00\" \/>\n<meta property=\"og:image\" content=\"https:\/\/www.lovendal.ro\/wp52\/wp-content\/uploads\/2009\/09\/infern.jpg\" \/>\n\t<meta property=\"og:image:width\" content=\"332\" \/>\n\t<meta property=\"og:image:height\" content=\"218\" \/>\n\t<meta property=\"og:image:type\" content=\"image\/jpeg\" \/>\n<meta name=\"author\" content=\"admin\" \/>\n<meta name=\"twitter:card\" content=\"summary_large_image\" \/>\n<meta name=\"twitter:label1\" content=\"Scris de\" \/>\n\t<meta name=\"twitter:data1\" content=\"admin\" \/>\n\t<meta name=\"twitter:label2\" content=\"Timp estimat pentru citire\" \/>\n\t<meta name=\"twitter:data2\" content=\"1 minut\" \/>\n<script type=\"application\/ld+json\" class=\"yoast-schema-graph\">{\"@context\":\"https:\\\/\\\/schema.org\",\"@graph\":[{\"@type\":\"Article\",\"@id\":\"https:\\\/\\\/www.lovendal.ro\\\/wp52\\\/legenda-infernului-in-iad-au-fost-prinsi-savantii-din-atlantida\\\/#article\",\"isPartOf\":{\"@id\":\"https:\\\/\\\/www.lovendal.ro\\\/wp52\\\/legenda-infernului-in-iad-au-fost-prinsi-savantii-din-atlantida\\\/\"},\"author\":{\"name\":\"admin\",\"@id\":\"https:\\\/\\\/www.lovendal.ro\\\/wp52\\\/#\\\/schema\\\/person\\\/088691de5dfc346bb0c023e1e52ef5d9\"},\"headline\":\"Legenda infernului: \u00een iad au fost prin\u015fi savan\u0163ii din Atlantida\",\"datePublished\":\"2009-09-29T15:33:20+00:00\",\"mainEntityOfPage\":{\"@id\":\"https:\\\/\\\/www.lovendal.ro\\\/wp52\\\/legenda-infernului-in-iad-au-fost-prinsi-savantii-din-atlantida\\\/\"},\"wordCount\":261,\"commentCount\":5,\"publisher\":{\"@id\":\"https:\\\/\\\/www.lovendal.ro\\\/wp52\\\/#organization\"},\"image\":{\"@id\":\"https:\\\/\\\/www.lovendal.ro\\\/wp52\\\/legenda-infernului-in-iad-au-fost-prinsi-savantii-din-atlantida\\\/#primaryimage\"},\"thumbnailUrl\":\"https:\\\/\\\/www.lovendal.ro\\\/wp52\\\/wp-content\\\/uploads\\\/2009\\\/09\\\/infern.jpg\",\"keywords\":[\"Atlantida\",\"iad\",\"Paranormal-Spiritualitate\"],\"articleSection\":[\"Paranormal-Spiritualitate\"],\"inLanguage\":\"ro-RO\",\"potentialAction\":[{\"@type\":\"CommentAction\",\"name\":\"Comment\",\"target\":[\"https:\\\/\\\/www.lovendal.ro\\\/wp52\\\/legenda-infernului-in-iad-au-fost-prinsi-savantii-din-atlantida\\\/#respond\"]}]},{\"@type\":\"WebPage\",\"@id\":\"https:\\\/\\\/www.lovendal.ro\\\/wp52\\\/legenda-infernului-in-iad-au-fost-prinsi-savantii-din-atlantida\\\/\",\"url\":\"https:\\\/\\\/www.lovendal.ro\\\/wp52\\\/legenda-infernului-in-iad-au-fost-prinsi-savantii-din-atlantida\\\/\",\"name\":\"Legenda infernului: \u00een iad au fost prin\u015fi savan\u0163ii din Atlantida - Secretele lui Lovendal\",\"isPartOf\":{\"@id\":\"https:\\\/\\\/www.lovendal.ro\\\/wp52\\\/#website\"},\"primaryImageOfPage\":{\"@id\":\"https:\\\/\\\/www.lovendal.ro\\\/wp52\\\/legenda-infernului-in-iad-au-fost-prinsi-savantii-din-atlantida\\\/#primaryimage\"},\"image\":{\"@id\":\"https:\\\/\\\/www.lovendal.ro\\\/wp52\\\/legenda-infernului-in-iad-au-fost-prinsi-savantii-din-atlantida\\\/#primaryimage\"},\"thumbnailUrl\":\"https:\\\/\\\/www.lovendal.ro\\\/wp52\\\/wp-content\\\/uploads\\\/2009\\\/09\\\/infern.jpg\",\"datePublished\":\"2009-09-29T15:33:20+00:00\",\"breadcrumb\":{\"@id\":\"https:\\\/\\\/www.lovendal.ro\\\/wp52\\\/legenda-infernului-in-iad-au-fost-prinsi-savantii-din-atlantida\\\/#breadcrumb\"},\"inLanguage\":\"ro-RO\",\"potentialAction\":[{\"@type\":\"ReadAction\",\"target\":[\"https:\\\/\\\/www.lovendal.ro\\\/wp52\\\/legenda-infernului-in-iad-au-fost-prinsi-savantii-din-atlantida\\\/\"]}]},{\"@type\":\"ImageObject\",\"inLanguage\":\"ro-RO\",\"@id\":\"https:\\\/\\\/www.lovendal.ro\\\/wp52\\\/legenda-infernului-in-iad-au-fost-prinsi-savantii-din-atlantida\\\/#primaryimage\",\"url\":\"https:\\\/\\\/www.lovendal.ro\\\/wp52\\\/wp-content\\\/uploads\\\/2009\\\/09\\\/infern.jpg\",\"contentUrl\":\"https:\\\/\\\/www.lovendal.ro\\\/wp52\\\/wp-content\\\/uploads\\\/2009\\\/09\\\/infern.jpg\",\"width\":\"332\",\"height\":\"218\"},{\"@type\":\"BreadcrumbList\",\"@id\":\"https:\\\/\\\/www.lovendal.ro\\\/wp52\\\/legenda-infernului-in-iad-au-fost-prinsi-savantii-din-atlantida\\\/#breadcrumb\",\"itemListElement\":[{\"@type\":\"ListItem\",\"position\":1,\"name\":\"Home\",\"item\":\"https:\\\/\\\/www.lovendal.ro\\\/wp52\\\/\"},{\"@type\":\"ListItem\",\"position\":2,\"name\":\"Legenda infernului: \u00een iad au fost prin\u015fi savan\u0163ii din Atlantida\"}]},{\"@type\":\"WebSite\",\"@id\":\"https:\\\/\\\/www.lovendal.ro\\\/wp52\\\/#website\",\"url\":\"https:\\\/\\\/www.lovendal.ro\\\/wp52\\\/\",\"name\":\"Secretele lui Lovendal\",\"description\":\"Site de secrete, stiinta si metafizica - din 2008 -\",\"publisher\":{\"@id\":\"https:\\\/\\\/www.lovendal.ro\\\/wp52\\\/#organization\"},\"potentialAction\":[{\"@type\":\"SearchAction\",\"target\":{\"@type\":\"EntryPoint\",\"urlTemplate\":\"https:\\\/\\\/www.lovendal.ro\\\/wp52\\\/?s={search_term_string}\"},\"query-input\":{\"@type\":\"PropertyValueSpecification\",\"valueRequired\":true,\"valueName\":\"search_term_string\"}}],\"inLanguage\":\"ro-RO\"},{\"@type\":\"Organization\",\"@id\":\"https:\\\/\\\/www.lovendal.ro\\\/wp52\\\/#organization\",\"name\":\"Secretele lui Lovendal\",\"url\":\"https:\\\/\\\/www.lovendal.ro\\\/wp52\\\/\",\"logo\":{\"@type\":\"ImageObject\",\"inLanguage\":\"ro-RO\",\"@id\":\"https:\\\/\\\/www.lovendal.ro\\\/wp52\\\/#\\\/schema\\\/logo\\\/image\\\/\",\"url\":\"https:\\\/\\\/www.lovendal.ro\\\/wp52\\\/wp-content\\\/uploads\\\/2024\\\/06\\\/cropped-SLL-iun-2024-1.jpg\",\"contentUrl\":\"https:\\\/\\\/www.lovendal.ro\\\/wp52\\\/wp-content\\\/uploads\\\/2024\\\/06\\\/cropped-SLL-iun-2024-1.jpg\",\"width\":771,\"height\":240,\"caption\":\"Secretele lui Lovendal\"},\"image\":{\"@id\":\"https:\\\/\\\/www.lovendal.ro\\\/wp52\\\/#\\\/schema\\\/logo\\\/image\\\/\"},\"sameAs\":[\"https:\\\/\\\/www.facebook.com\\\/secreteleluilovendal\"]},{\"@type\":\"Person\",\"@id\":\"https:\\\/\\\/www.lovendal.ro\\\/wp52\\\/#\\\/schema\\\/person\\\/088691de5dfc346bb0c023e1e52ef5d9\",\"name\":\"admin\",\"image\":{\"@type\":\"ImageObject\",\"inLanguage\":\"ro-RO\",\"@id\":\"https:\\\/\\\/secure.gravatar.com\\\/avatar\\\/ecb9cd41f5f63c9c9b989999a59f6e2639a865ec361e9db054db0679a8f341c2?s=96&d=mm&r=g\",\"url\":\"https:\\\/\\\/secure.gravatar.com\\\/avatar\\\/ecb9cd41f5f63c9c9b989999a59f6e2639a865ec361e9db054db0679a8f341c2?s=96&d=mm&r=g\",\"contentUrl\":\"https:\\\/\\\/secure.gravatar.com\\\/avatar\\\/ecb9cd41f5f63c9c9b989999a59f6e2639a865ec361e9db054db0679a8f341c2?s=96&d=mm&r=g\",\"caption\":\"admin\"},\"sameAs\":[\"https:\\\/\\\/www.lovendal.ro\\\/wp52\"]}]}<\/script>\n<!-- \/ Yoast SEO Premium plugin. -->","yoast_head_json":{"title":"Legenda infernului: \u00een iad au fost prin\u015fi savan\u0163ii din Atlantida - Secretele lui Lovendal","robots":{"index":"index","follow":"follow","max-snippet":"max-snippet:-1","max-image-preview":"max-image-preview:large","max-video-preview":"max-video-preview:-1"},"canonical":"https:\/\/www.lovendal.ro\/wp52\/legenda-infernului-in-iad-au-fost-prinsi-savantii-din-atlantida\/","og_locale":"ro_RO","og_type":"article","og_title":"Legenda infernului: \u00een iad au fost prin\u015fi savan\u0163ii din Atlantida","og_description":"Exist\u0103 o legend\u0103 &#8211; care dup\u0103 opinia unora e mai pu\u0163in legend\u0103 \u015fi mai mult \u00eent\u00e2mplare adev\u0103rat\u0103, deformat\u0103 \u00eens\u0103 prin transmiterile ei succesive din genera\u0163ie \u00een genera\u0163ie &#8211; care d\u0103 o explica\u0163ie stranie mitului infernului. Cu aproape dou\u0103zeci de mii ... Cititi mai multe","og_url":"https:\/\/www.lovendal.ro\/wp52\/legenda-infernului-in-iad-au-fost-prinsi-savantii-din-atlantida\/","og_site_name":"Secretele lui Lovendal","article_publisher":"https:\/\/www.facebook.com\/secreteleluilovendal","article_published_time":"2009-09-29T15:33:20+00:00","og_image":[{"width":332,"height":218,"url":"https:\/\/www.lovendal.ro\/wp52\/wp-content\/uploads\/2009\/09\/infern.jpg","type":"image\/jpeg"}],"author":"admin","twitter_card":"summary_large_image","twitter_misc":{"Scris de":"admin","Timp estimat pentru citire":"1 minut"},"schema":{"@context":"https:\/\/schema.org","@graph":[{"@type":"Article","@id":"https:\/\/www.lovendal.ro\/wp52\/legenda-infernului-in-iad-au-fost-prinsi-savantii-din-atlantida\/#article","isPartOf":{"@id":"https:\/\/www.lovendal.ro\/wp52\/legenda-infernului-in-iad-au-fost-prinsi-savantii-din-atlantida\/"},"author":{"name":"admin","@id":"https:\/\/www.lovendal.ro\/wp52\/#\/schema\/person\/088691de5dfc346bb0c023e1e52ef5d9"},"headline":"Legenda infernului: \u00een iad au fost prin\u015fi savan\u0163ii din Atlantida","datePublished":"2009-09-29T15:33:20+00:00","mainEntityOfPage":{"@id":"https:\/\/www.lovendal.ro\/wp52\/legenda-infernului-in-iad-au-fost-prinsi-savantii-din-atlantida\/"},"wordCount":261,"commentCount":5,"publisher":{"@id":"https:\/\/www.lovendal.ro\/wp52\/#organization"},"image":{"@id":"https:\/\/www.lovendal.ro\/wp52\/legenda-infernului-in-iad-au-fost-prinsi-savantii-din-atlantida\/#primaryimage"},"thumbnailUrl":"https:\/\/www.lovendal.ro\/wp52\/wp-content\/uploads\/2009\/09\/infern.jpg","keywords":["Atlantida","iad","Paranormal-Spiritualitate"],"articleSection":["Paranormal-Spiritualitate"],"inLanguage":"ro-RO","potentialAction":[{"@type":"CommentAction","name":"Comment","target":["https:\/\/www.lovendal.ro\/wp52\/legenda-infernului-in-iad-au-fost-prinsi-savantii-din-atlantida\/#respond"]}]},{"@type":"WebPage","@id":"https:\/\/www.lovendal.ro\/wp52\/legenda-infernului-in-iad-au-fost-prinsi-savantii-din-atlantida\/","url":"https:\/\/www.lovendal.ro\/wp52\/legenda-infernului-in-iad-au-fost-prinsi-savantii-din-atlantida\/","name":"Legenda infernului: \u00een iad au fost prin\u015fi savan\u0163ii din Atlantida - Secretele lui Lovendal","isPartOf":{"@id":"https:\/\/www.lovendal.ro\/wp52\/#website"},"primaryImageOfPage":{"@id":"https:\/\/www.lovendal.ro\/wp52\/legenda-infernului-in-iad-au-fost-prinsi-savantii-din-atlantida\/#primaryimage"},"image":{"@id":"https:\/\/www.lovendal.ro\/wp52\/legenda-infernului-in-iad-au-fost-prinsi-savantii-din-atlantida\/#primaryimage"},"thumbnailUrl":"https:\/\/www.lovendal.ro\/wp52\/wp-content\/uploads\/2009\/09\/infern.jpg","datePublished":"2009-09-29T15:33:20+00:00","breadcrumb":{"@id":"https:\/\/www.lovendal.ro\/wp52\/legenda-infernului-in-iad-au-fost-prinsi-savantii-din-atlantida\/#breadcrumb"},"inLanguage":"ro-RO","potentialAction":[{"@type":"ReadAction","target":["https:\/\/www.lovendal.ro\/wp52\/legenda-infernului-in-iad-au-fost-prinsi-savantii-din-atlantida\/"]}]},{"@type":"ImageObject","inLanguage":"ro-RO","@id":"https:\/\/www.lovendal.ro\/wp52\/legenda-infernului-in-iad-au-fost-prinsi-savantii-din-atlantida\/#primaryimage","url":"https:\/\/www.lovendal.ro\/wp52\/wp-content\/uploads\/2009\/09\/infern.jpg","contentUrl":"https:\/\/www.lovendal.ro\/wp52\/wp-content\/uploads\/2009\/09\/infern.jpg","width":"332","height":"218"},{"@type":"BreadcrumbList","@id":"https:\/\/www.lovendal.ro\/wp52\/legenda-infernului-in-iad-au-fost-prinsi-savantii-din-atlantida\/#breadcrumb","itemListElement":[{"@type":"ListItem","position":1,"name":"Home","item":"https:\/\/www.lovendal.ro\/wp52\/"},{"@type":"ListItem","position":2,"name":"Legenda infernului: \u00een iad au fost prin\u015fi savan\u0163ii din Atlantida"}]},{"@type":"WebSite","@id":"https:\/\/www.lovendal.ro\/wp52\/#website","url":"https:\/\/www.lovendal.ro\/wp52\/","name":"Secretele lui Lovendal","description":"Site de secrete, stiinta si metafizica - din 2008 -","publisher":{"@id":"https:\/\/www.lovendal.ro\/wp52\/#organization"},"potentialAction":[{"@type":"SearchAction","target":{"@type":"EntryPoint","urlTemplate":"https:\/\/www.lovendal.ro\/wp52\/?s={search_term_string}"},"query-input":{"@type":"PropertyValueSpecification","valueRequired":true,"valueName":"search_term_string"}}],"inLanguage":"ro-RO"},{"@type":"Organization","@id":"https:\/\/www.lovendal.ro\/wp52\/#organization","name":"Secretele lui Lovendal","url":"https:\/\/www.lovendal.ro\/wp52\/","logo":{"@type":"ImageObject","inLanguage":"ro-RO","@id":"https:\/\/www.lovendal.ro\/wp52\/#\/schema\/logo\/image\/","url":"https:\/\/www.lovendal.ro\/wp52\/wp-content\/uploads\/2024\/06\/cropped-SLL-iun-2024-1.jpg","contentUrl":"https:\/\/www.lovendal.ro\/wp52\/wp-content\/uploads\/2024\/06\/cropped-SLL-iun-2024-1.jpg","width":771,"height":240,"caption":"Secretele lui Lovendal"},"image":{"@id":"https:\/\/www.lovendal.ro\/wp52\/#\/schema\/logo\/image\/"},"sameAs":["https:\/\/www.facebook.com\/secreteleluilovendal"]},{"@type":"Person","@id":"https:\/\/www.lovendal.ro\/wp52\/#\/schema\/person\/088691de5dfc346bb0c023e1e52ef5d9","name":"admin","image":{"@type":"ImageObject","inLanguage":"ro-RO","@id":"https:\/\/secure.gravatar.com\/avatar\/ecb9cd41f5f63c9c9b989999a59f6e2639a865ec361e9db054db0679a8f341c2?s=96&d=mm&r=g","url":"https:\/\/secure.gravatar.com\/avatar\/ecb9cd41f5f63c9c9b989999a59f6e2639a865ec361e9db054db0679a8f341c2?s=96&d=mm&r=g","contentUrl":"https:\/\/secure.gravatar.com\/avatar\/ecb9cd41f5f63c9c9b989999a59f6e2639a865ec361e9db054db0679a8f341c2?s=96&d=mm&r=g","caption":"admin"},"sameAs":["https:\/\/www.lovendal.ro\/wp52"]}]}},"_links":{"self":[{"href":"https:\/\/www.lovendal.ro\/wp52\/wp-json\/wp\/v2\/posts\/7940","targetHints":{"allow":["GET"]}}],"collection":[{"href":"https:\/\/www.lovendal.ro\/wp52\/wp-json\/wp\/v2\/posts"}],"about":[{"href":"https:\/\/www.lovendal.ro\/wp52\/wp-json\/wp\/v2\/types\/post"}],"author":[{"embeddable":true,"href":"https:\/\/www.lovendal.ro\/wp52\/wp-json\/wp\/v2\/users\/1"}],"replies":[{"embeddable":true,"href":"https:\/\/www.lovendal.ro\/wp52\/wp-json\/wp\/v2\/comments?post=7940"}],"version-history":[{"count":0,"href":"https:\/\/www.lovendal.ro\/wp52\/wp-json\/wp\/v2\/posts\/7940\/revisions"}],"wp:featuredmedia":[{"embeddable":true,"href":"https:\/\/www.lovendal.ro\/wp52\/wp-json\/wp\/v2\/media\/7941"}],"wp:attachment":[{"href":"https:\/\/www.lovendal.ro\/wp52\/wp-json\/wp\/v2\/media?parent=7940"}],"wp:term":[{"taxonomy":"category","embeddable":true,"href":"https:\/\/www.lovendal.ro\/wp52\/wp-json\/wp\/v2\/categories?post=7940"},{"taxonomy":"post_tag","embeddable":true,"href":"https:\/\/www.lovendal.ro\/wp52\/wp-json\/wp\/v2\/tags?post=7940"}],"curies":[{"name":"wp","href":"https:\/\/api.w.org\/{rel}","templated":true}]}}