{"id":79383,"date":"2022-03-03T12:09:53","date_gmt":"2022-03-03T10:09:53","guid":{"rendered":"https:\/\/www.lovendal.ro\/wp52\/?p=79383"},"modified":"2022-03-03T12:09:53","modified_gmt":"2022-03-03T10:09:53","slug":"sonda-spatiala-nasa-magellan-a-fotografiat-orase-gigantice-pe-venus-ce-rasa-extraterestra-a-locuit-sau-a-colonizat-cea-de-a-doua-planeta-din-sistemul-nostru-solar","status":"publish","type":"post","link":"https:\/\/www.lovendal.ro\/wp52\/sonda-spatiala-nasa-magellan-a-fotografiat-orase-gigantice-pe-venus-ce-rasa-extraterestra-a-locuit-sau-a-colonizat-cea-de-a-doua-planeta-din-sistemul-nostru-solar\/","title":{"rendered":"Sonda spa\u0163ial\u0103 NASA Magellan a fotografiat ora\u015fe gigantice pe Venus? Ce ras\u0103 extraterestr\u0103 a locuit sau a colonizat cea de-a doua planet\u0103 din sistemul nostru solar?"},"content":{"rendered":"<p><a href=\"https:\/\/www.lovendal.ro\/wp52\/wp-content\/uploads\/2022\/03\/Venus-orase-artificiale.jpg\"><img loading=\"lazy\" decoding=\"async\" class=\"alignleft size-full wp-image-79384\" src=\"https:\/\/www.lovendal.ro\/wp52\/wp-content\/uploads\/2022\/03\/Venus-orase-artificiale.jpg\" alt=\"\" width=\"360\" height=\"202\" srcset=\"https:\/\/www.lovendal.ro\/wp52\/wp-content\/uploads\/2022\/03\/Venus-orase-artificiale.jpg 360w, https:\/\/www.lovendal.ro\/wp52\/wp-content\/uploads\/2022\/03\/Venus-orase-artificiale-300x168.jpg 300w\" sizes=\"auto, (max-width: 360px) 100vw, 360px\" \/><\/a>Oficial, \u00een sistemul nostru solar nu exist\u0103 via\u0163\u0103 dec\u00e2t pe Terra, planeta noastr\u0103. Neoficial, sistemul nostru solar, cel pu\u0163in \u00een trecutul \u00eendep\u0103rtat, a fost plin de via\u0163\u0103 extraterestr\u0103 \u015fi pe alte corpuri cere\u015fti. Ca, de exemplu, pe Venus. \u00cens\u0103, oamenii de \u015ftiin\u0163\u0103 ne spun c\u0103 Venus are o atmosfer\u0103 extrem de dens\u0103 compus\u0103 din 96,5% dioxid de carbon, 3,5% azot \u0219i urme de alte gaze, inclusiv dioxid de sulf, o atmosfer\u0103 improprie pentru existen\u0163a vie\u0163ii. \u00cen plus, cantitatea mare de CO2 genereaz\u0103 cel mai puternic efect de ser\u0103 din sistemul solar, cre\u00e2nd temperaturi la suprafa\u021b\u0103 de cel pu\u021bin 462\u00b0C. Ce forme de via\u0163\u0103 s-ar fi putut dezvolta la o temperatur\u0103 de peste 450\u00b0C?<\/p>\n<p>Totu\u015fi, studii recente au sugerat c\u0103 \u00een urm\u0103 cu miliarde de ani, atmosfera lui Venus ar fi putut fi mult mai asem\u0103n\u0103toare cu cea din jurul Terrei \u0219i c\u0103 ar fi putut exista cantit\u0103\u021bi substan\u021biale de ap\u0103 lichid\u0103 la suprafa\u021b\u0103, dar, dup\u0103 o anumit\u0103 perioad\u0103, un efect de ser\u0103 a fost cauzat de evaporarea apei originale, care a generat un nivel critic de gaze cu efect de ser\u0103 \u00een atmosfera sa. \u015etiin\u0163a ne spune acum c\u0103 de\u0219i condi\u021biile de suprafa\u021b\u0103 de pe Venus nu mai sunt primitoare pentru via\u021ba a\u0219a cum este pe P\u0103m\u00e2nt, aceasta s-ar fi putut forma \u00eenainte de acest eveniment!<\/p>\n<p>A\u015fadar, \u00een lumina celor spuse mai sus, nu ar trebui s\u0103 ne mai mire fotografiile din acest articol, care par c\u0103 prezint\u0103 ni\u015fte structuri uluitoare pe Venus, ce par a fi de origine artificial\u0103. Astfel, Sonda NASA Magellan, trimis\u0103 pe Venus \u00een anul 1989, a str\u00e2ns o cantitate enorm\u0103 de imagini, dintre care unele au fost publicate. \u00cen ele se observ\u0103 ceea ce par a fi gigantice ora\u0219e, structuri artificiale \u0219i tot felul de elemente de construc\u021bii inteligente. Ce ras\u0103 extraterestr\u0103 a locuit sau a colonizat cea de-a doua planet\u0103 din sistemul nostru solar?<\/p>\n<p><a href=\"https:\/\/www.lovendal.ro\/wp52\/wp-content\/uploads\/2022\/03\/Venus-orase-artificiale-1.jpg\"><img loading=\"lazy\" decoding=\"async\" class=\"aligncenter size-full wp-image-79385\" src=\"https:\/\/www.lovendal.ro\/wp52\/wp-content\/uploads\/2022\/03\/Venus-orase-artificiale-1.jpg\" alt=\"\" width=\"538\" height=\"302\" srcset=\"https:\/\/www.lovendal.ro\/wp52\/wp-content\/uploads\/2022\/03\/Venus-orase-artificiale-1.jpg 538w, https:\/\/www.lovendal.ro\/wp52\/wp-content\/uploads\/2022\/03\/Venus-orase-artificiale-1-300x168.jpg 300w\" sizes=\"auto, (max-width: 538px) 100vw, 538px\" \/><\/a><\/p>\n<p><a href=\"https:\/\/www.lovendal.ro\/wp52\/wp-content\/uploads\/2022\/03\/Venus-orase-artificiale-2.jpg\"><img loading=\"lazy\" decoding=\"async\" class=\"aligncenter size-full wp-image-79386\" src=\"https:\/\/www.lovendal.ro\/wp52\/wp-content\/uploads\/2022\/03\/Venus-orase-artificiale-2.jpg\" alt=\"\" width=\"538\" height=\"302\" srcset=\"https:\/\/www.lovendal.ro\/wp52\/wp-content\/uploads\/2022\/03\/Venus-orase-artificiale-2.jpg 538w, https:\/\/www.lovendal.ro\/wp52\/wp-content\/uploads\/2022\/03\/Venus-orase-artificiale-2-300x168.jpg 300w\" sizes=\"auto, (max-width: 538px) 100vw, 538px\" \/><\/a><\/p>\n<p><a href=\"https:\/\/www.lovendal.ro\/wp52\/wp-content\/uploads\/2022\/03\/Venus-orase-artificiale-3.jpg\"><img loading=\"lazy\" decoding=\"async\" class=\"aligncenter size-full wp-image-79387\" src=\"https:\/\/www.lovendal.ro\/wp52\/wp-content\/uploads\/2022\/03\/Venus-orase-artificiale-3.jpg\" alt=\"\" width=\"538\" height=\"302\" srcset=\"https:\/\/www.lovendal.ro\/wp52\/wp-content\/uploads\/2022\/03\/Venus-orase-artificiale-3.jpg 538w, https:\/\/www.lovendal.ro\/wp52\/wp-content\/uploads\/2022\/03\/Venus-orase-artificiale-3-300x168.jpg 300w\" sizes=\"auto, (max-width: 538px) 100vw, 538px\" \/><\/a><\/p>\n","protected":false},"excerpt":{"rendered":"<p>Oficial, \u00een sistemul nostru solar nu exist\u0103 via\u0163\u0103 dec\u00e2t pe Terra, planeta noastr\u0103. Neoficial, sistemul nostru solar, cel pu\u0163in \u00een trecutul \u00eendep\u0103rtat, a fost plin de via\u0163\u0103 extraterestr\u0103 \u015fi pe alte corpuri cere\u015fti. Ca, de exemplu, pe Venus. \u00cens\u0103, oamenii &#8230; <\/p>\n<p class=\"read-more-container\"><a title=\"Sonda spa\u0163ial\u0103 NASA Magellan a fotografiat ora\u015fe gigantice pe Venus? Ce ras\u0103 extraterestr\u0103 a locuit sau a colonizat cea de-a doua planet\u0103 din sistemul nostru solar?\" class=\"read-more button\" href=\"https:\/\/www.lovendal.ro\/wp52\/sonda-spatiala-nasa-magellan-a-fotografiat-orase-gigantice-pe-venus-ce-rasa-extraterestra-a-locuit-sau-a-colonizat-cea-de-a-doua-planeta-din-sistemul-nostru-solar\/#more-79383\" aria-label=\"Cite\u0219te mai multe despre Sonda spa\u0163ial\u0103 NASA Magellan a fotografiat ora\u015fe gigantice pe Venus? Ce ras\u0103 extraterestr\u0103 a locuit sau a colonizat cea de-a doua planet\u0103 din sistemul nostru solar?\">Cititi mai multe<\/a><\/p>\n","protected":false},"author":1,"featured_media":79384,"comment_status":"open","ping_status":"open","sticky":false,"template":"","format":"standard","meta":{"footnotes":""},"categories":[475],"tags":[601,2502,4401,10344,358,356,1961,51,2693,3615,150,236,732,3417,17562,8186,2358,300,1029,366],"class_list":["post-79383","post","type-post","status-publish","format-standard","has-post-thumbnail","hentry","category-conspiratii-mistere","tag-apa","tag-atmosfera","tag-azot","tag-cladiri","tag-conspiratii-si-mistere","tag-dioxid-de-carbon","tag-efect-de-sera","tag-extraterestri","tag-gaze","tag-imagine","tag-nasa","tag-orase","tag-planeta","tag-sistem-solar","tag-sonda-magellan","tag-sonda-spatiala","tag-temperatura","tag-terra","tag-venus","tag-viata","resize-featured-image"],"yoast_head":"<!-- This site is optimized with the Yoast SEO Premium plugin v23.3 (Yoast SEO v27.4) - https:\/\/yoast.com\/product\/yoast-seo-premium-wordpress\/ -->\n<title>Sonda spa\u0163ial\u0103 NASA Magellan a fotografiat ora\u015fe gigantice pe Venus? Ce ras\u0103 extraterestr\u0103 a locuit sau a colonizat cea de-a doua planet\u0103 din sistemul nostru solar? - Secretele lui Lovendal<\/title>\n<meta name=\"robots\" content=\"index, follow, max-snippet:-1, max-image-preview:large, max-video-preview:-1\" \/>\n<link rel=\"canonical\" href=\"https:\/\/www.lovendal.ro\/wp52\/sonda-spatiala-nasa-magellan-a-fotografiat-orase-gigantice-pe-venus-ce-rasa-extraterestra-a-locuit-sau-a-colonizat-cea-de-a-doua-planeta-din-sistemul-nostru-solar\/\" \/>\n<meta property=\"og:locale\" content=\"ro_RO\" \/>\n<meta property=\"og:type\" content=\"article\" \/>\n<meta property=\"og:title\" content=\"Sonda spa\u0163ial\u0103 NASA Magellan a fotografiat ora\u015fe gigantice pe Venus? Ce ras\u0103 extraterestr\u0103 a locuit sau a colonizat cea de-a doua planet\u0103 din sistemul nostru solar?\" \/>\n<meta property=\"og:description\" content=\"Oficial, \u00een sistemul nostru solar nu exist\u0103 via\u0163\u0103 dec\u00e2t pe Terra, planeta noastr\u0103. Neoficial, sistemul nostru solar, cel pu\u0163in \u00een trecutul \u00eendep\u0103rtat, a fost plin de via\u0163\u0103 extraterestr\u0103 \u015fi pe alte corpuri cere\u015fti. Ca, de exemplu, pe Venus. \u00cens\u0103, oamenii ... Cititi mai multe\" \/>\n<meta property=\"og:url\" content=\"https:\/\/www.lovendal.ro\/wp52\/sonda-spatiala-nasa-magellan-a-fotografiat-orase-gigantice-pe-venus-ce-rasa-extraterestra-a-locuit-sau-a-colonizat-cea-de-a-doua-planeta-din-sistemul-nostru-solar\/\" \/>\n<meta property=\"og:site_name\" content=\"Secretele lui Lovendal\" \/>\n<meta property=\"article:publisher\" content=\"https:\/\/www.facebook.com\/secreteleluilovendal\" \/>\n<meta property=\"article:published_time\" content=\"2022-03-03T10:09:53+00:00\" \/>\n<meta property=\"og:image\" content=\"https:\/\/www.lovendal.ro\/wp52\/wp-content\/uploads\/2022\/03\/Venus-orase-artificiale.jpg\" \/>\n\t<meta property=\"og:image:width\" content=\"360\" \/>\n\t<meta property=\"og:image:height\" content=\"202\" \/>\n\t<meta property=\"og:image:type\" content=\"image\/jpeg\" \/>\n<meta name=\"author\" content=\"admin\" \/>\n<meta name=\"twitter:card\" content=\"summary_large_image\" \/>\n<meta name=\"twitter:label1\" content=\"Scris de\" \/>\n\t<meta name=\"twitter:data1\" content=\"admin\" \/>\n\t<meta name=\"twitter:label2\" content=\"Timp estimat pentru citire\" \/>\n\t<meta name=\"twitter:data2\" content=\"2 minute\" \/>\n<script type=\"application\/ld+json\" class=\"yoast-schema-graph\">{\"@context\":\"https:\\\/\\\/schema.org\",\"@graph\":[{\"@type\":\"Article\",\"@id\":\"https:\\\/\\\/www.lovendal.ro\\\/wp52\\\/sonda-spatiala-nasa-magellan-a-fotografiat-orase-gigantice-pe-venus-ce-rasa-extraterestra-a-locuit-sau-a-colonizat-cea-de-a-doua-planeta-din-sistemul-nostru-solar\\\/#article\",\"isPartOf\":{\"@id\":\"https:\\\/\\\/www.lovendal.ro\\\/wp52\\\/sonda-spatiala-nasa-magellan-a-fotografiat-orase-gigantice-pe-venus-ce-rasa-extraterestra-a-locuit-sau-a-colonizat-cea-de-a-doua-planeta-din-sistemul-nostru-solar\\\/\"},\"author\":{\"name\":\"admin\",\"@id\":\"https:\\\/\\\/www.lovendal.ro\\\/wp52\\\/#\\\/schema\\\/person\\\/088691de5dfc346bb0c023e1e52ef5d9\"},\"headline\":\"Sonda spa\u0163ial\u0103 NASA Magellan a fotografiat ora\u015fe gigantice pe Venus? Ce ras\u0103 extraterestr\u0103 a locuit sau a colonizat cea de-a doua planet\u0103 din sistemul nostru solar?\",\"datePublished\":\"2022-03-03T10:09:53+00:00\",\"mainEntityOfPage\":{\"@id\":\"https:\\\/\\\/www.lovendal.ro\\\/wp52\\\/sonda-spatiala-nasa-magellan-a-fotografiat-orase-gigantice-pe-venus-ce-rasa-extraterestra-a-locuit-sau-a-colonizat-cea-de-a-doua-planeta-din-sistemul-nostru-solar\\\/\"},\"wordCount\":360,\"commentCount\":0,\"publisher\":{\"@id\":\"https:\\\/\\\/www.lovendal.ro\\\/wp52\\\/#organization\"},\"image\":{\"@id\":\"https:\\\/\\\/www.lovendal.ro\\\/wp52\\\/sonda-spatiala-nasa-magellan-a-fotografiat-orase-gigantice-pe-venus-ce-rasa-extraterestra-a-locuit-sau-a-colonizat-cea-de-a-doua-planeta-din-sistemul-nostru-solar\\\/#primaryimage\"},\"thumbnailUrl\":\"https:\\\/\\\/www.lovendal.ro\\\/wp52\\\/wp-content\\\/uploads\\\/2022\\\/03\\\/Venus-orase-artificiale.jpg\",\"keywords\":[\"ap\u0103\",\"atmosfer\u0103\",\"azot\",\"cl\u0103diri\",\"Conspiratii si Mistere\",\"dioxid de carbon\",\"efect de ser\u0103\",\"extratere\u015ftri\",\"gaze\",\"imagine\",\"NASA\",\"ora\u015fe\",\"planet\u0103\",\"sistem solar\",\"sonda Magellan\",\"sond\u0103 spa\u0163ial\u0103\",\"temperatur\u0103\",\"Terra\",\"Venus\",\"via\u0163\u0103\"],\"articleSection\":[\"Conspiratii si Mistere\"],\"inLanguage\":\"ro-RO\",\"potentialAction\":[{\"@type\":\"CommentAction\",\"name\":\"Comment\",\"target\":[\"https:\\\/\\\/www.lovendal.ro\\\/wp52\\\/sonda-spatiala-nasa-magellan-a-fotografiat-orase-gigantice-pe-venus-ce-rasa-extraterestra-a-locuit-sau-a-colonizat-cea-de-a-doua-planeta-din-sistemul-nostru-solar\\\/#respond\"]}]},{\"@type\":\"WebPage\",\"@id\":\"https:\\\/\\\/www.lovendal.ro\\\/wp52\\\/sonda-spatiala-nasa-magellan-a-fotografiat-orase-gigantice-pe-venus-ce-rasa-extraterestra-a-locuit-sau-a-colonizat-cea-de-a-doua-planeta-din-sistemul-nostru-solar\\\/\",\"url\":\"https:\\\/\\\/www.lovendal.ro\\\/wp52\\\/sonda-spatiala-nasa-magellan-a-fotografiat-orase-gigantice-pe-venus-ce-rasa-extraterestra-a-locuit-sau-a-colonizat-cea-de-a-doua-planeta-din-sistemul-nostru-solar\\\/\",\"name\":\"Sonda spa\u0163ial\u0103 NASA Magellan a fotografiat ora\u015fe gigantice pe Venus? Ce ras\u0103 extraterestr\u0103 a locuit sau a colonizat cea de-a doua planet\u0103 din sistemul nostru solar? - Secretele lui Lovendal\",\"isPartOf\":{\"@id\":\"https:\\\/\\\/www.lovendal.ro\\\/wp52\\\/#website\"},\"primaryImageOfPage\":{\"@id\":\"https:\\\/\\\/www.lovendal.ro\\\/wp52\\\/sonda-spatiala-nasa-magellan-a-fotografiat-orase-gigantice-pe-venus-ce-rasa-extraterestra-a-locuit-sau-a-colonizat-cea-de-a-doua-planeta-din-sistemul-nostru-solar\\\/#primaryimage\"},\"image\":{\"@id\":\"https:\\\/\\\/www.lovendal.ro\\\/wp52\\\/sonda-spatiala-nasa-magellan-a-fotografiat-orase-gigantice-pe-venus-ce-rasa-extraterestra-a-locuit-sau-a-colonizat-cea-de-a-doua-planeta-din-sistemul-nostru-solar\\\/#primaryimage\"},\"thumbnailUrl\":\"https:\\\/\\\/www.lovendal.ro\\\/wp52\\\/wp-content\\\/uploads\\\/2022\\\/03\\\/Venus-orase-artificiale.jpg\",\"datePublished\":\"2022-03-03T10:09:53+00:00\",\"breadcrumb\":{\"@id\":\"https:\\\/\\\/www.lovendal.ro\\\/wp52\\\/sonda-spatiala-nasa-magellan-a-fotografiat-orase-gigantice-pe-venus-ce-rasa-extraterestra-a-locuit-sau-a-colonizat-cea-de-a-doua-planeta-din-sistemul-nostru-solar\\\/#breadcrumb\"},\"inLanguage\":\"ro-RO\",\"potentialAction\":[{\"@type\":\"ReadAction\",\"target\":[\"https:\\\/\\\/www.lovendal.ro\\\/wp52\\\/sonda-spatiala-nasa-magellan-a-fotografiat-orase-gigantice-pe-venus-ce-rasa-extraterestra-a-locuit-sau-a-colonizat-cea-de-a-doua-planeta-din-sistemul-nostru-solar\\\/\"]}]},{\"@type\":\"ImageObject\",\"inLanguage\":\"ro-RO\",\"@id\":\"https:\\\/\\\/www.lovendal.ro\\\/wp52\\\/sonda-spatiala-nasa-magellan-a-fotografiat-orase-gigantice-pe-venus-ce-rasa-extraterestra-a-locuit-sau-a-colonizat-cea-de-a-doua-planeta-din-sistemul-nostru-solar\\\/#primaryimage\",\"url\":\"https:\\\/\\\/www.lovendal.ro\\\/wp52\\\/wp-content\\\/uploads\\\/2022\\\/03\\\/Venus-orase-artificiale.jpg\",\"contentUrl\":\"https:\\\/\\\/www.lovendal.ro\\\/wp52\\\/wp-content\\\/uploads\\\/2022\\\/03\\\/Venus-orase-artificiale.jpg\",\"width\":360,\"height\":202},{\"@type\":\"BreadcrumbList\",\"@id\":\"https:\\\/\\\/www.lovendal.ro\\\/wp52\\\/sonda-spatiala-nasa-magellan-a-fotografiat-orase-gigantice-pe-venus-ce-rasa-extraterestra-a-locuit-sau-a-colonizat-cea-de-a-doua-planeta-din-sistemul-nostru-solar\\\/#breadcrumb\",\"itemListElement\":[{\"@type\":\"ListItem\",\"position\":1,\"name\":\"Home\",\"item\":\"https:\\\/\\\/www.lovendal.ro\\\/wp52\\\/\"},{\"@type\":\"ListItem\",\"position\":2,\"name\":\"Sonda spa\u0163ial\u0103 NASA Magellan a fotografiat ora\u015fe gigantice pe Venus? Ce ras\u0103 extraterestr\u0103 a locuit sau a colonizat cea de-a doua planet\u0103 din sistemul nostru solar?\"}]},{\"@type\":\"WebSite\",\"@id\":\"https:\\\/\\\/www.lovendal.ro\\\/wp52\\\/#website\",\"url\":\"https:\\\/\\\/www.lovendal.ro\\\/wp52\\\/\",\"name\":\"Secretele lui Lovendal\",\"description\":\"Site de secrete, stiinta si metafizica - din 2008 -\",\"publisher\":{\"@id\":\"https:\\\/\\\/www.lovendal.ro\\\/wp52\\\/#organization\"},\"potentialAction\":[{\"@type\":\"SearchAction\",\"target\":{\"@type\":\"EntryPoint\",\"urlTemplate\":\"https:\\\/\\\/www.lovendal.ro\\\/wp52\\\/?s={search_term_string}\"},\"query-input\":{\"@type\":\"PropertyValueSpecification\",\"valueRequired\":true,\"valueName\":\"search_term_string\"}}],\"inLanguage\":\"ro-RO\"},{\"@type\":\"Organization\",\"@id\":\"https:\\\/\\\/www.lovendal.ro\\\/wp52\\\/#organization\",\"name\":\"Secretele lui Lovendal\",\"url\":\"https:\\\/\\\/www.lovendal.ro\\\/wp52\\\/\",\"logo\":{\"@type\":\"ImageObject\",\"inLanguage\":\"ro-RO\",\"@id\":\"https:\\\/\\\/www.lovendal.ro\\\/wp52\\\/#\\\/schema\\\/logo\\\/image\\\/\",\"url\":\"https:\\\/\\\/www.lovendal.ro\\\/wp52\\\/wp-content\\\/uploads\\\/2024\\\/06\\\/cropped-SLL-iun-2024-1.jpg\",\"contentUrl\":\"https:\\\/\\\/www.lovendal.ro\\\/wp52\\\/wp-content\\\/uploads\\\/2024\\\/06\\\/cropped-SLL-iun-2024-1.jpg\",\"width\":771,\"height\":240,\"caption\":\"Secretele lui Lovendal\"},\"image\":{\"@id\":\"https:\\\/\\\/www.lovendal.ro\\\/wp52\\\/#\\\/schema\\\/logo\\\/image\\\/\"},\"sameAs\":[\"https:\\\/\\\/www.facebook.com\\\/secreteleluilovendal\"]},{\"@type\":\"Person\",\"@id\":\"https:\\\/\\\/www.lovendal.ro\\\/wp52\\\/#\\\/schema\\\/person\\\/088691de5dfc346bb0c023e1e52ef5d9\",\"name\":\"admin\",\"image\":{\"@type\":\"ImageObject\",\"inLanguage\":\"ro-RO\",\"@id\":\"https:\\\/\\\/secure.gravatar.com\\\/avatar\\\/ecb9cd41f5f63c9c9b989999a59f6e2639a865ec361e9db054db0679a8f341c2?s=96&d=mm&r=g\",\"url\":\"https:\\\/\\\/secure.gravatar.com\\\/avatar\\\/ecb9cd41f5f63c9c9b989999a59f6e2639a865ec361e9db054db0679a8f341c2?s=96&d=mm&r=g\",\"contentUrl\":\"https:\\\/\\\/secure.gravatar.com\\\/avatar\\\/ecb9cd41f5f63c9c9b989999a59f6e2639a865ec361e9db054db0679a8f341c2?s=96&d=mm&r=g\",\"caption\":\"admin\"},\"sameAs\":[\"https:\\\/\\\/www.lovendal.ro\\\/wp52\"]}]}<\/script>\n<!-- \/ Yoast SEO Premium plugin. -->","yoast_head_json":{"title":"Sonda spa\u0163ial\u0103 NASA Magellan a fotografiat ora\u015fe gigantice pe Venus? Ce ras\u0103 extraterestr\u0103 a locuit sau a colonizat cea de-a doua planet\u0103 din sistemul nostru solar? - Secretele lui Lovendal","robots":{"index":"index","follow":"follow","max-snippet":"max-snippet:-1","max-image-preview":"max-image-preview:large","max-video-preview":"max-video-preview:-1"},"canonical":"https:\/\/www.lovendal.ro\/wp52\/sonda-spatiala-nasa-magellan-a-fotografiat-orase-gigantice-pe-venus-ce-rasa-extraterestra-a-locuit-sau-a-colonizat-cea-de-a-doua-planeta-din-sistemul-nostru-solar\/","og_locale":"ro_RO","og_type":"article","og_title":"Sonda spa\u0163ial\u0103 NASA Magellan a fotografiat ora\u015fe gigantice pe Venus? Ce ras\u0103 extraterestr\u0103 a locuit sau a colonizat cea de-a doua planet\u0103 din sistemul nostru solar?","og_description":"Oficial, \u00een sistemul nostru solar nu exist\u0103 via\u0163\u0103 dec\u00e2t pe Terra, planeta noastr\u0103. Neoficial, sistemul nostru solar, cel pu\u0163in \u00een trecutul \u00eendep\u0103rtat, a fost plin de via\u0163\u0103 extraterestr\u0103 \u015fi pe alte corpuri cere\u015fti. Ca, de exemplu, pe Venus. \u00cens\u0103, oamenii ... Cititi mai multe","og_url":"https:\/\/www.lovendal.ro\/wp52\/sonda-spatiala-nasa-magellan-a-fotografiat-orase-gigantice-pe-venus-ce-rasa-extraterestra-a-locuit-sau-a-colonizat-cea-de-a-doua-planeta-din-sistemul-nostru-solar\/","og_site_name":"Secretele lui Lovendal","article_publisher":"https:\/\/www.facebook.com\/secreteleluilovendal","article_published_time":"2022-03-03T10:09:53+00:00","og_image":[{"width":360,"height":202,"url":"https:\/\/www.lovendal.ro\/wp52\/wp-content\/uploads\/2022\/03\/Venus-orase-artificiale.jpg","type":"image\/jpeg"}],"author":"admin","twitter_card":"summary_large_image","twitter_misc":{"Scris de":"admin","Timp estimat pentru citire":"2 minute"},"schema":{"@context":"https:\/\/schema.org","@graph":[{"@type":"Article","@id":"https:\/\/www.lovendal.ro\/wp52\/sonda-spatiala-nasa-magellan-a-fotografiat-orase-gigantice-pe-venus-ce-rasa-extraterestra-a-locuit-sau-a-colonizat-cea-de-a-doua-planeta-din-sistemul-nostru-solar\/#article","isPartOf":{"@id":"https:\/\/www.lovendal.ro\/wp52\/sonda-spatiala-nasa-magellan-a-fotografiat-orase-gigantice-pe-venus-ce-rasa-extraterestra-a-locuit-sau-a-colonizat-cea-de-a-doua-planeta-din-sistemul-nostru-solar\/"},"author":{"name":"admin","@id":"https:\/\/www.lovendal.ro\/wp52\/#\/schema\/person\/088691de5dfc346bb0c023e1e52ef5d9"},"headline":"Sonda spa\u0163ial\u0103 NASA Magellan a fotografiat ora\u015fe gigantice pe Venus? Ce ras\u0103 extraterestr\u0103 a locuit sau a colonizat cea de-a doua planet\u0103 din sistemul nostru solar?","datePublished":"2022-03-03T10:09:53+00:00","mainEntityOfPage":{"@id":"https:\/\/www.lovendal.ro\/wp52\/sonda-spatiala-nasa-magellan-a-fotografiat-orase-gigantice-pe-venus-ce-rasa-extraterestra-a-locuit-sau-a-colonizat-cea-de-a-doua-planeta-din-sistemul-nostru-solar\/"},"wordCount":360,"commentCount":0,"publisher":{"@id":"https:\/\/www.lovendal.ro\/wp52\/#organization"},"image":{"@id":"https:\/\/www.lovendal.ro\/wp52\/sonda-spatiala-nasa-magellan-a-fotografiat-orase-gigantice-pe-venus-ce-rasa-extraterestra-a-locuit-sau-a-colonizat-cea-de-a-doua-planeta-din-sistemul-nostru-solar\/#primaryimage"},"thumbnailUrl":"https:\/\/www.lovendal.ro\/wp52\/wp-content\/uploads\/2022\/03\/Venus-orase-artificiale.jpg","keywords":["ap\u0103","atmosfer\u0103","azot","cl\u0103diri","Conspiratii si Mistere","dioxid de carbon","efect de ser\u0103","extratere\u015ftri","gaze","imagine","NASA","ora\u015fe","planet\u0103","sistem solar","sonda Magellan","sond\u0103 spa\u0163ial\u0103","temperatur\u0103","Terra","Venus","via\u0163\u0103"],"articleSection":["Conspiratii si Mistere"],"inLanguage":"ro-RO","potentialAction":[{"@type":"CommentAction","name":"Comment","target":["https:\/\/www.lovendal.ro\/wp52\/sonda-spatiala-nasa-magellan-a-fotografiat-orase-gigantice-pe-venus-ce-rasa-extraterestra-a-locuit-sau-a-colonizat-cea-de-a-doua-planeta-din-sistemul-nostru-solar\/#respond"]}]},{"@type":"WebPage","@id":"https:\/\/www.lovendal.ro\/wp52\/sonda-spatiala-nasa-magellan-a-fotografiat-orase-gigantice-pe-venus-ce-rasa-extraterestra-a-locuit-sau-a-colonizat-cea-de-a-doua-planeta-din-sistemul-nostru-solar\/","url":"https:\/\/www.lovendal.ro\/wp52\/sonda-spatiala-nasa-magellan-a-fotografiat-orase-gigantice-pe-venus-ce-rasa-extraterestra-a-locuit-sau-a-colonizat-cea-de-a-doua-planeta-din-sistemul-nostru-solar\/","name":"Sonda spa\u0163ial\u0103 NASA Magellan a fotografiat ora\u015fe gigantice pe Venus? Ce ras\u0103 extraterestr\u0103 a locuit sau a colonizat cea de-a doua planet\u0103 din sistemul nostru solar? - Secretele lui Lovendal","isPartOf":{"@id":"https:\/\/www.lovendal.ro\/wp52\/#website"},"primaryImageOfPage":{"@id":"https:\/\/www.lovendal.ro\/wp52\/sonda-spatiala-nasa-magellan-a-fotografiat-orase-gigantice-pe-venus-ce-rasa-extraterestra-a-locuit-sau-a-colonizat-cea-de-a-doua-planeta-din-sistemul-nostru-solar\/#primaryimage"},"image":{"@id":"https:\/\/www.lovendal.ro\/wp52\/sonda-spatiala-nasa-magellan-a-fotografiat-orase-gigantice-pe-venus-ce-rasa-extraterestra-a-locuit-sau-a-colonizat-cea-de-a-doua-planeta-din-sistemul-nostru-solar\/#primaryimage"},"thumbnailUrl":"https:\/\/www.lovendal.ro\/wp52\/wp-content\/uploads\/2022\/03\/Venus-orase-artificiale.jpg","datePublished":"2022-03-03T10:09:53+00:00","breadcrumb":{"@id":"https:\/\/www.lovendal.ro\/wp52\/sonda-spatiala-nasa-magellan-a-fotografiat-orase-gigantice-pe-venus-ce-rasa-extraterestra-a-locuit-sau-a-colonizat-cea-de-a-doua-planeta-din-sistemul-nostru-solar\/#breadcrumb"},"inLanguage":"ro-RO","potentialAction":[{"@type":"ReadAction","target":["https:\/\/www.lovendal.ro\/wp52\/sonda-spatiala-nasa-magellan-a-fotografiat-orase-gigantice-pe-venus-ce-rasa-extraterestra-a-locuit-sau-a-colonizat-cea-de-a-doua-planeta-din-sistemul-nostru-solar\/"]}]},{"@type":"ImageObject","inLanguage":"ro-RO","@id":"https:\/\/www.lovendal.ro\/wp52\/sonda-spatiala-nasa-magellan-a-fotografiat-orase-gigantice-pe-venus-ce-rasa-extraterestra-a-locuit-sau-a-colonizat-cea-de-a-doua-planeta-din-sistemul-nostru-solar\/#primaryimage","url":"https:\/\/www.lovendal.ro\/wp52\/wp-content\/uploads\/2022\/03\/Venus-orase-artificiale.jpg","contentUrl":"https:\/\/www.lovendal.ro\/wp52\/wp-content\/uploads\/2022\/03\/Venus-orase-artificiale.jpg","width":360,"height":202},{"@type":"BreadcrumbList","@id":"https:\/\/www.lovendal.ro\/wp52\/sonda-spatiala-nasa-magellan-a-fotografiat-orase-gigantice-pe-venus-ce-rasa-extraterestra-a-locuit-sau-a-colonizat-cea-de-a-doua-planeta-din-sistemul-nostru-solar\/#breadcrumb","itemListElement":[{"@type":"ListItem","position":1,"name":"Home","item":"https:\/\/www.lovendal.ro\/wp52\/"},{"@type":"ListItem","position":2,"name":"Sonda spa\u0163ial\u0103 NASA Magellan a fotografiat ora\u015fe gigantice pe Venus? Ce ras\u0103 extraterestr\u0103 a locuit sau a colonizat cea de-a doua planet\u0103 din sistemul nostru solar?"}]},{"@type":"WebSite","@id":"https:\/\/www.lovendal.ro\/wp52\/#website","url":"https:\/\/www.lovendal.ro\/wp52\/","name":"Secretele lui Lovendal","description":"Site de secrete, stiinta si metafizica - din 2008 -","publisher":{"@id":"https:\/\/www.lovendal.ro\/wp52\/#organization"},"potentialAction":[{"@type":"SearchAction","target":{"@type":"EntryPoint","urlTemplate":"https:\/\/www.lovendal.ro\/wp52\/?s={search_term_string}"},"query-input":{"@type":"PropertyValueSpecification","valueRequired":true,"valueName":"search_term_string"}}],"inLanguage":"ro-RO"},{"@type":"Organization","@id":"https:\/\/www.lovendal.ro\/wp52\/#organization","name":"Secretele lui Lovendal","url":"https:\/\/www.lovendal.ro\/wp52\/","logo":{"@type":"ImageObject","inLanguage":"ro-RO","@id":"https:\/\/www.lovendal.ro\/wp52\/#\/schema\/logo\/image\/","url":"https:\/\/www.lovendal.ro\/wp52\/wp-content\/uploads\/2024\/06\/cropped-SLL-iun-2024-1.jpg","contentUrl":"https:\/\/www.lovendal.ro\/wp52\/wp-content\/uploads\/2024\/06\/cropped-SLL-iun-2024-1.jpg","width":771,"height":240,"caption":"Secretele lui Lovendal"},"image":{"@id":"https:\/\/www.lovendal.ro\/wp52\/#\/schema\/logo\/image\/"},"sameAs":["https:\/\/www.facebook.com\/secreteleluilovendal"]},{"@type":"Person","@id":"https:\/\/www.lovendal.ro\/wp52\/#\/schema\/person\/088691de5dfc346bb0c023e1e52ef5d9","name":"admin","image":{"@type":"ImageObject","inLanguage":"ro-RO","@id":"https:\/\/secure.gravatar.com\/avatar\/ecb9cd41f5f63c9c9b989999a59f6e2639a865ec361e9db054db0679a8f341c2?s=96&d=mm&r=g","url":"https:\/\/secure.gravatar.com\/avatar\/ecb9cd41f5f63c9c9b989999a59f6e2639a865ec361e9db054db0679a8f341c2?s=96&d=mm&r=g","contentUrl":"https:\/\/secure.gravatar.com\/avatar\/ecb9cd41f5f63c9c9b989999a59f6e2639a865ec361e9db054db0679a8f341c2?s=96&d=mm&r=g","caption":"admin"},"sameAs":["https:\/\/www.lovendal.ro\/wp52"]}]}},"_links":{"self":[{"href":"https:\/\/www.lovendal.ro\/wp52\/wp-json\/wp\/v2\/posts\/79383","targetHints":{"allow":["GET"]}}],"collection":[{"href":"https:\/\/www.lovendal.ro\/wp52\/wp-json\/wp\/v2\/posts"}],"about":[{"href":"https:\/\/www.lovendal.ro\/wp52\/wp-json\/wp\/v2\/types\/post"}],"author":[{"embeddable":true,"href":"https:\/\/www.lovendal.ro\/wp52\/wp-json\/wp\/v2\/users\/1"}],"replies":[{"embeddable":true,"href":"https:\/\/www.lovendal.ro\/wp52\/wp-json\/wp\/v2\/comments?post=79383"}],"version-history":[{"count":0,"href":"https:\/\/www.lovendal.ro\/wp52\/wp-json\/wp\/v2\/posts\/79383\/revisions"}],"wp:featuredmedia":[{"embeddable":true,"href":"https:\/\/www.lovendal.ro\/wp52\/wp-json\/wp\/v2\/media\/79384"}],"wp:attachment":[{"href":"https:\/\/www.lovendal.ro\/wp52\/wp-json\/wp\/v2\/media?parent=79383"}],"wp:term":[{"taxonomy":"category","embeddable":true,"href":"https:\/\/www.lovendal.ro\/wp52\/wp-json\/wp\/v2\/categories?post=79383"},{"taxonomy":"post_tag","embeddable":true,"href":"https:\/\/www.lovendal.ro\/wp52\/wp-json\/wp\/v2\/tags?post=79383"}],"curies":[{"name":"wp","href":"https:\/\/api.w.org\/{rel}","templated":true}]}}