{"id":79199,"date":"2022-02-21T12:49:55","date_gmt":"2022-02-21T10:49:55","guid":{"rendered":"https:\/\/www.lovendal.ro\/wp52\/?p=79199"},"modified":"2022-02-21T12:49:55","modified_gmt":"2022-02-21T10:49:55","slug":"misterul-caii-ferate-abandonate-dintre-ramnicu-valcea-si-pitesti-o-constructie-megalomanica-a-regimului-ceausescu","status":"publish","type":"post","link":"https:\/\/www.lovendal.ro\/wp52\/misterul-caii-ferate-abandonate-dintre-ramnicu-valcea-si-pitesti-o-constructie-megalomanica-a-regimului-ceausescu\/","title":{"rendered":"Misterul c\u0103ii ferate abandonate dintre R\u00e2mnicu V\u00e2lcea \u015fi Pite\u015fti &#8211; o construc\u0163ie megalomanic\u0103 a regimului Ceau\u015fescu"},"content":{"rendered":"<p><a href=\"https:\/\/www.lovendal.ro\/wp52\/wp-content\/uploads\/2022\/02\/cale-ferata.jpg\"><img loading=\"lazy\" decoding=\"async\" class=\"alignleft size-full wp-image-79200\" src=\"https:\/\/www.lovendal.ro\/wp52\/wp-content\/uploads\/2022\/02\/cale-ferata.jpg\" alt=\"\" width=\"348\" height=\"261\" srcset=\"https:\/\/www.lovendal.ro\/wp52\/wp-content\/uploads\/2022\/02\/cale-ferata.jpg 348w, https:\/\/www.lovendal.ro\/wp52\/wp-content\/uploads\/2022\/02\/cale-ferata-300x225.jpg 300w, https:\/\/www.lovendal.ro\/wp52\/wp-content\/uploads\/2022\/02\/cale-ferata-200x150.jpg 200w\" sizes=\"auto, (max-width: 348px) 100vw, 348px\" \/><\/a>\u00cen anii 80, Nicolae Ceau\u015fescu ia o decizie surprinz\u0103toare: s\u0103 construiasc\u0103 o cale ferat\u0103 dubl\u0103 pe Valea Oltului, dar \u015fi un tronson nou \u00eentre R\u00e2mnicu V\u00e2lcea \u015fi V\u00e2lcele (jude\u0163ul Arge\u015f), o cale ferat\u0103 nou\u0103, de aproximativ 40 de km lungime, care scurta semnificativ drumul cu trenul de la R\u00e2mnicu V\u00e2lcea la Pite\u015fti. Dac\u0103 \u00een prezent \u00ee\u0163i ia 3 ore cu trenul, prin Slatina, prin noua cale ferat\u0103 drumul ar fi durat doar 45 de minute.<\/p>\n<p>\u015ei astfel a \u00eenceput proiectul: s-a construit un nou pod feroviar peste r\u00e2ul Olt, \u00een zona de nord a municipiului R\u00e2mnicu V\u00e2lcea \u015fi s-a decis construc\u0163ia unei noi g\u0103ri \u00een Goranu. Mii de oameni sunt adu\u015fi pe acest \u015fantier, care efectiv taie zona subcarpatic\u0103 dintre cele dou\u0103 jude\u0163e. Se ridic\u0103 cele mai \u00eenalte viaducte din Rom\u00e2nia, se mut\u0103 dealuri calcaroase. De exemplu, viaductul principal are 1 km lungime \u015fi 71 de metri \u00een\u0103l\u0163ime. Linia cuprinde \u015fi dou\u0103 tuneluri: cel mai lung este tunelul Gibei &#8211; 2250 metri, \u00eenainte de ajunge la viaductul Topolog, iar cel\u0103lalt tunel (Aluni\u015fu) are 1960 metri \u015fi &#8222;str\u0103punge&#8221; culmea dintre Topolog \u015fi Arge\u015f.<\/p>\n<p>\u00cen 1989, deja tronsonul se apropia de finalizare, \u00een procent de peste 80%. Deja, \u00een Mersul Trenurilor pentru 1990, care apare \u00een vara lui 1989, un tren rapid \u015fi dou\u0103 accelerate sunt trecute ca merg\u00e2nd pe noua rut\u0103.<\/p>\n<p>Au venit evenimentele din 1989, \u015fi, ca orice proiect &#8222;comunist&#8221;, lucr\u0103rile se opresc. Ast\u0103zi nu mai este nimic, dec\u00e2t viaducte \u015fi poduri neterminate, un terasament gol, cl\u0103direa g\u0103rii din Goranu, o d\u0103r\u0103p\u0103n\u0103tur\u0103 insalubr\u0103, unde dorm boschetarii. Ca orice lucru bun \u00eenceput \u00een comunism, s-a abandonat \u00een &#8222;noul regim&#8221;&#8230; Exist\u0103 o ipotez\u0103 conform c\u0103reia s-a dovedit ca terenul este instabil pentru o linie de cale ferat\u0103, a\u015fa c\u0103 nu s-a mai putut finaliza lucrarea.<\/p>\n<p><a href=\"https:\/\/www.lovendal.ro\/wp52\/wp-content\/uploads\/2022\/02\/cale-ferata-1.jpg\"><img loading=\"lazy\" decoding=\"async\" class=\"aligncenter size-full wp-image-79201\" src=\"https:\/\/www.lovendal.ro\/wp52\/wp-content\/uploads\/2022\/02\/cale-ferata-1.jpg\" alt=\"\" width=\"541\" height=\"426\" srcset=\"https:\/\/www.lovendal.ro\/wp52\/wp-content\/uploads\/2022\/02\/cale-ferata-1.jpg 541w, https:\/\/www.lovendal.ro\/wp52\/wp-content\/uploads\/2022\/02\/cale-ferata-1-300x236.jpg 300w\" sizes=\"auto, (max-width: 541px) 100vw, 541px\" \/><\/a><\/p>\n<p><a href=\"https:\/\/www.lovendal.ro\/wp52\/wp-content\/uploads\/2022\/02\/cale-ferata-2.jpg\"><img loading=\"lazy\" decoding=\"async\" class=\"aligncenter size-full wp-image-79202\" src=\"https:\/\/www.lovendal.ro\/wp52\/wp-content\/uploads\/2022\/02\/cale-ferata-2.jpg\" alt=\"\" width=\"543\" height=\"306\" srcset=\"https:\/\/www.lovendal.ro\/wp52\/wp-content\/uploads\/2022\/02\/cale-ferata-2.jpg 543w, https:\/\/www.lovendal.ro\/wp52\/wp-content\/uploads\/2022\/02\/cale-ferata-2-300x169.jpg 300w\" sizes=\"auto, (max-width: 543px) 100vw, 543px\" \/><\/a><\/p>\n","protected":false},"excerpt":{"rendered":"<p>\u00cen anii 80, Nicolae Ceau\u015fescu ia o decizie surprinz\u0103toare: s\u0103 construiasc\u0103 o cale ferat\u0103 dubl\u0103 pe Valea Oltului, dar \u015fi un tronson nou \u00eentre R\u00e2mnicu V\u00e2lcea \u015fi V\u00e2lcele (jude\u0163ul Arge\u015f), o cale ferat\u0103 nou\u0103, de aproximativ 40 de km lungime, &#8230; <\/p>\n<p class=\"read-more-container\"><a title=\"Misterul c\u0103ii ferate abandonate dintre R\u00e2mnicu V\u00e2lcea \u015fi Pite\u015fti &#8211; o construc\u0163ie megalomanic\u0103 a regimului Ceau\u015fescu\" class=\"read-more button\" href=\"https:\/\/www.lovendal.ro\/wp52\/misterul-caii-ferate-abandonate-dintre-ramnicu-valcea-si-pitesti-o-constructie-megalomanica-a-regimului-ceausescu\/#more-79199\" aria-label=\"Cite\u0219te mai multe despre Misterul c\u0103ii ferate abandonate dintre R\u00e2mnicu V\u00e2lcea \u015fi Pite\u015fti &#8211; o construc\u0163ie megalomanic\u0103 a regimului Ceau\u015fescu\">Cititi mai multe<\/a><\/p>\n","protected":false},"author":1,"featured_media":79200,"comment_status":"open","ping_status":"open","sticky":false,"template":"","format":"standard","meta":{"footnotes":""},"categories":[10210],"tags":[2175,135,81,3522,8067,6387,10211,10512,2078,1995,11112,17541],"class_list":["post-79199","post","type-post","status-publish","format-standard","has-post-thumbnail","hentry","category-romania-misterioasa","tag-cale-ferata","tag-ceausescu","tag-comunism","tag-gara","tag-pitesti","tag-ramnicu-valcea","tag-romania-misterioasa","tag-slatina","tag-tren","tag-tunel","tag-valea-oltului","tag-viaduct","resize-featured-image"],"yoast_head":"<!-- This site is optimized with the Yoast SEO Premium plugin v23.3 (Yoast SEO v27.4) - https:\/\/yoast.com\/product\/yoast-seo-premium-wordpress\/ -->\n<title>Misterul c\u0103ii ferate abandonate dintre R\u00e2mnicu V\u00e2lcea \u015fi Pite\u015fti - o construc\u0163ie megalomanic\u0103 a regimului Ceau\u015fescu - Secretele lui Lovendal<\/title>\n<meta name=\"robots\" content=\"index, follow, max-snippet:-1, max-image-preview:large, max-video-preview:-1\" \/>\n<link rel=\"canonical\" href=\"https:\/\/www.lovendal.ro\/wp52\/misterul-caii-ferate-abandonate-dintre-ramnicu-valcea-si-pitesti-o-constructie-megalomanica-a-regimului-ceausescu\/\" \/>\n<meta property=\"og:locale\" content=\"ro_RO\" \/>\n<meta property=\"og:type\" content=\"article\" \/>\n<meta property=\"og:title\" content=\"Misterul c\u0103ii ferate abandonate dintre R\u00e2mnicu V\u00e2lcea \u015fi Pite\u015fti - o construc\u0163ie megalomanic\u0103 a regimului Ceau\u015fescu\" \/>\n<meta property=\"og:description\" content=\"\u00cen anii 80, Nicolae Ceau\u015fescu ia o decizie surprinz\u0103toare: s\u0103 construiasc\u0103 o cale ferat\u0103 dubl\u0103 pe Valea Oltului, dar \u015fi un tronson nou \u00eentre R\u00e2mnicu V\u00e2lcea \u015fi V\u00e2lcele (jude\u0163ul Arge\u015f), o cale ferat\u0103 nou\u0103, de aproximativ 40 de km lungime, ... Cititi mai multe\" \/>\n<meta property=\"og:url\" content=\"https:\/\/www.lovendal.ro\/wp52\/misterul-caii-ferate-abandonate-dintre-ramnicu-valcea-si-pitesti-o-constructie-megalomanica-a-regimului-ceausescu\/\" \/>\n<meta property=\"og:site_name\" content=\"Secretele lui Lovendal\" \/>\n<meta property=\"article:publisher\" content=\"https:\/\/www.facebook.com\/secreteleluilovendal\" \/>\n<meta property=\"article:published_time\" content=\"2022-02-21T10:49:55+00:00\" \/>\n<meta property=\"og:image\" content=\"https:\/\/www.lovendal.ro\/wp52\/wp-content\/uploads\/2022\/02\/cale-ferata.jpg\" \/>\n\t<meta property=\"og:image:width\" content=\"348\" \/>\n\t<meta property=\"og:image:height\" content=\"261\" \/>\n\t<meta property=\"og:image:type\" content=\"image\/jpeg\" \/>\n<meta name=\"author\" content=\"admin\" \/>\n<meta name=\"twitter:card\" content=\"summary_large_image\" \/>\n<meta name=\"twitter:label1\" content=\"Scris de\" \/>\n\t<meta name=\"twitter:data1\" content=\"admin\" \/>\n\t<meta name=\"twitter:label2\" content=\"Timp estimat pentru citire\" \/>\n\t<meta name=\"twitter:data2\" content=\"2 minute\" \/>\n<script type=\"application\/ld+json\" class=\"yoast-schema-graph\">{\"@context\":\"https:\\\/\\\/schema.org\",\"@graph\":[{\"@type\":\"Article\",\"@id\":\"https:\\\/\\\/www.lovendal.ro\\\/wp52\\\/misterul-caii-ferate-abandonate-dintre-ramnicu-valcea-si-pitesti-o-constructie-megalomanica-a-regimului-ceausescu\\\/#article\",\"isPartOf\":{\"@id\":\"https:\\\/\\\/www.lovendal.ro\\\/wp52\\\/misterul-caii-ferate-abandonate-dintre-ramnicu-valcea-si-pitesti-o-constructie-megalomanica-a-regimului-ceausescu\\\/\"},\"author\":{\"name\":\"admin\",\"@id\":\"https:\\\/\\\/www.lovendal.ro\\\/wp52\\\/#\\\/schema\\\/person\\\/088691de5dfc346bb0c023e1e52ef5d9\"},\"headline\":\"Misterul c\u0103ii ferate abandonate dintre R\u00e2mnicu V\u00e2lcea \u015fi Pite\u015fti &#8211; o construc\u0163ie megalomanic\u0103 a regimului Ceau\u015fescu\",\"datePublished\":\"2022-02-21T10:49:55+00:00\",\"mainEntityOfPage\":{\"@id\":\"https:\\\/\\\/www.lovendal.ro\\\/wp52\\\/misterul-caii-ferate-abandonate-dintre-ramnicu-valcea-si-pitesti-o-constructie-megalomanica-a-regimului-ceausescu\\\/\"},\"wordCount\":336,\"commentCount\":0,\"publisher\":{\"@id\":\"https:\\\/\\\/www.lovendal.ro\\\/wp52\\\/#organization\"},\"image\":{\"@id\":\"https:\\\/\\\/www.lovendal.ro\\\/wp52\\\/misterul-caii-ferate-abandonate-dintre-ramnicu-valcea-si-pitesti-o-constructie-megalomanica-a-regimului-ceausescu\\\/#primaryimage\"},\"thumbnailUrl\":\"https:\\\/\\\/www.lovendal.ro\\\/wp52\\\/wp-content\\\/uploads\\\/2022\\\/02\\\/cale-ferata.jpg\",\"keywords\":[\"cale ferat\u0103\",\"Ceau\u015fescu\",\"comunism\",\"gar\u0103\",\"Pite\u015fti\",\"R\u00e2mnicu V\u00e2lcea\",\"Romania misterioas\u0103\",\"Slatina\",\"tren\",\"tunel\",\"Valea Oltului\",\"viaduct\"],\"articleSection\":[\"Romania misterioasa\"],\"inLanguage\":\"ro-RO\",\"potentialAction\":[{\"@type\":\"CommentAction\",\"name\":\"Comment\",\"target\":[\"https:\\\/\\\/www.lovendal.ro\\\/wp52\\\/misterul-caii-ferate-abandonate-dintre-ramnicu-valcea-si-pitesti-o-constructie-megalomanica-a-regimului-ceausescu\\\/#respond\"]}]},{\"@type\":\"WebPage\",\"@id\":\"https:\\\/\\\/www.lovendal.ro\\\/wp52\\\/misterul-caii-ferate-abandonate-dintre-ramnicu-valcea-si-pitesti-o-constructie-megalomanica-a-regimului-ceausescu\\\/\",\"url\":\"https:\\\/\\\/www.lovendal.ro\\\/wp52\\\/misterul-caii-ferate-abandonate-dintre-ramnicu-valcea-si-pitesti-o-constructie-megalomanica-a-regimului-ceausescu\\\/\",\"name\":\"Misterul c\u0103ii ferate abandonate dintre R\u00e2mnicu V\u00e2lcea \u015fi Pite\u015fti - o construc\u0163ie megalomanic\u0103 a regimului Ceau\u015fescu - Secretele lui Lovendal\",\"isPartOf\":{\"@id\":\"https:\\\/\\\/www.lovendal.ro\\\/wp52\\\/#website\"},\"primaryImageOfPage\":{\"@id\":\"https:\\\/\\\/www.lovendal.ro\\\/wp52\\\/misterul-caii-ferate-abandonate-dintre-ramnicu-valcea-si-pitesti-o-constructie-megalomanica-a-regimului-ceausescu\\\/#primaryimage\"},\"image\":{\"@id\":\"https:\\\/\\\/www.lovendal.ro\\\/wp52\\\/misterul-caii-ferate-abandonate-dintre-ramnicu-valcea-si-pitesti-o-constructie-megalomanica-a-regimului-ceausescu\\\/#primaryimage\"},\"thumbnailUrl\":\"https:\\\/\\\/www.lovendal.ro\\\/wp52\\\/wp-content\\\/uploads\\\/2022\\\/02\\\/cale-ferata.jpg\",\"datePublished\":\"2022-02-21T10:49:55+00:00\",\"breadcrumb\":{\"@id\":\"https:\\\/\\\/www.lovendal.ro\\\/wp52\\\/misterul-caii-ferate-abandonate-dintre-ramnicu-valcea-si-pitesti-o-constructie-megalomanica-a-regimului-ceausescu\\\/#breadcrumb\"},\"inLanguage\":\"ro-RO\",\"potentialAction\":[{\"@type\":\"ReadAction\",\"target\":[\"https:\\\/\\\/www.lovendal.ro\\\/wp52\\\/misterul-caii-ferate-abandonate-dintre-ramnicu-valcea-si-pitesti-o-constructie-megalomanica-a-regimului-ceausescu\\\/\"]}]},{\"@type\":\"ImageObject\",\"inLanguage\":\"ro-RO\",\"@id\":\"https:\\\/\\\/www.lovendal.ro\\\/wp52\\\/misterul-caii-ferate-abandonate-dintre-ramnicu-valcea-si-pitesti-o-constructie-megalomanica-a-regimului-ceausescu\\\/#primaryimage\",\"url\":\"https:\\\/\\\/www.lovendal.ro\\\/wp52\\\/wp-content\\\/uploads\\\/2022\\\/02\\\/cale-ferata.jpg\",\"contentUrl\":\"https:\\\/\\\/www.lovendal.ro\\\/wp52\\\/wp-content\\\/uploads\\\/2022\\\/02\\\/cale-ferata.jpg\",\"width\":348,\"height\":261},{\"@type\":\"BreadcrumbList\",\"@id\":\"https:\\\/\\\/www.lovendal.ro\\\/wp52\\\/misterul-caii-ferate-abandonate-dintre-ramnicu-valcea-si-pitesti-o-constructie-megalomanica-a-regimului-ceausescu\\\/#breadcrumb\",\"itemListElement\":[{\"@type\":\"ListItem\",\"position\":1,\"name\":\"Home\",\"item\":\"https:\\\/\\\/www.lovendal.ro\\\/wp52\\\/\"},{\"@type\":\"ListItem\",\"position\":2,\"name\":\"Misterul c\u0103ii ferate abandonate dintre R\u00e2mnicu V\u00e2lcea \u015fi Pite\u015fti &#8211; o construc\u0163ie megalomanic\u0103 a regimului Ceau\u015fescu\"}]},{\"@type\":\"WebSite\",\"@id\":\"https:\\\/\\\/www.lovendal.ro\\\/wp52\\\/#website\",\"url\":\"https:\\\/\\\/www.lovendal.ro\\\/wp52\\\/\",\"name\":\"Secretele lui Lovendal\",\"description\":\"Site de secrete, stiinta si metafizica - din 2008 -\",\"publisher\":{\"@id\":\"https:\\\/\\\/www.lovendal.ro\\\/wp52\\\/#organization\"},\"potentialAction\":[{\"@type\":\"SearchAction\",\"target\":{\"@type\":\"EntryPoint\",\"urlTemplate\":\"https:\\\/\\\/www.lovendal.ro\\\/wp52\\\/?s={search_term_string}\"},\"query-input\":{\"@type\":\"PropertyValueSpecification\",\"valueRequired\":true,\"valueName\":\"search_term_string\"}}],\"inLanguage\":\"ro-RO\"},{\"@type\":\"Organization\",\"@id\":\"https:\\\/\\\/www.lovendal.ro\\\/wp52\\\/#organization\",\"name\":\"Secretele lui Lovendal\",\"url\":\"https:\\\/\\\/www.lovendal.ro\\\/wp52\\\/\",\"logo\":{\"@type\":\"ImageObject\",\"inLanguage\":\"ro-RO\",\"@id\":\"https:\\\/\\\/www.lovendal.ro\\\/wp52\\\/#\\\/schema\\\/logo\\\/image\\\/\",\"url\":\"https:\\\/\\\/www.lovendal.ro\\\/wp52\\\/wp-content\\\/uploads\\\/2024\\\/06\\\/cropped-SLL-iun-2024-1.jpg\",\"contentUrl\":\"https:\\\/\\\/www.lovendal.ro\\\/wp52\\\/wp-content\\\/uploads\\\/2024\\\/06\\\/cropped-SLL-iun-2024-1.jpg\",\"width\":771,\"height\":240,\"caption\":\"Secretele lui Lovendal\"},\"image\":{\"@id\":\"https:\\\/\\\/www.lovendal.ro\\\/wp52\\\/#\\\/schema\\\/logo\\\/image\\\/\"},\"sameAs\":[\"https:\\\/\\\/www.facebook.com\\\/secreteleluilovendal\"]},{\"@type\":\"Person\",\"@id\":\"https:\\\/\\\/www.lovendal.ro\\\/wp52\\\/#\\\/schema\\\/person\\\/088691de5dfc346bb0c023e1e52ef5d9\",\"name\":\"admin\",\"image\":{\"@type\":\"ImageObject\",\"inLanguage\":\"ro-RO\",\"@id\":\"https:\\\/\\\/secure.gravatar.com\\\/avatar\\\/ecb9cd41f5f63c9c9b989999a59f6e2639a865ec361e9db054db0679a8f341c2?s=96&d=mm&r=g\",\"url\":\"https:\\\/\\\/secure.gravatar.com\\\/avatar\\\/ecb9cd41f5f63c9c9b989999a59f6e2639a865ec361e9db054db0679a8f341c2?s=96&d=mm&r=g\",\"contentUrl\":\"https:\\\/\\\/secure.gravatar.com\\\/avatar\\\/ecb9cd41f5f63c9c9b989999a59f6e2639a865ec361e9db054db0679a8f341c2?s=96&d=mm&r=g\",\"caption\":\"admin\"},\"sameAs\":[\"https:\\\/\\\/www.lovendal.ro\\\/wp52\"]}]}<\/script>\n<!-- \/ Yoast SEO Premium plugin. -->","yoast_head_json":{"title":"Misterul c\u0103ii ferate abandonate dintre R\u00e2mnicu V\u00e2lcea \u015fi Pite\u015fti - o construc\u0163ie megalomanic\u0103 a regimului Ceau\u015fescu - Secretele lui Lovendal","robots":{"index":"index","follow":"follow","max-snippet":"max-snippet:-1","max-image-preview":"max-image-preview:large","max-video-preview":"max-video-preview:-1"},"canonical":"https:\/\/www.lovendal.ro\/wp52\/misterul-caii-ferate-abandonate-dintre-ramnicu-valcea-si-pitesti-o-constructie-megalomanica-a-regimului-ceausescu\/","og_locale":"ro_RO","og_type":"article","og_title":"Misterul c\u0103ii ferate abandonate dintre R\u00e2mnicu V\u00e2lcea \u015fi Pite\u015fti - o construc\u0163ie megalomanic\u0103 a regimului Ceau\u015fescu","og_description":"\u00cen anii 80, Nicolae Ceau\u015fescu ia o decizie surprinz\u0103toare: s\u0103 construiasc\u0103 o cale ferat\u0103 dubl\u0103 pe Valea Oltului, dar \u015fi un tronson nou \u00eentre R\u00e2mnicu V\u00e2lcea \u015fi V\u00e2lcele (jude\u0163ul Arge\u015f), o cale ferat\u0103 nou\u0103, de aproximativ 40 de km lungime, ... Cititi mai multe","og_url":"https:\/\/www.lovendal.ro\/wp52\/misterul-caii-ferate-abandonate-dintre-ramnicu-valcea-si-pitesti-o-constructie-megalomanica-a-regimului-ceausescu\/","og_site_name":"Secretele lui Lovendal","article_publisher":"https:\/\/www.facebook.com\/secreteleluilovendal","article_published_time":"2022-02-21T10:49:55+00:00","og_image":[{"width":348,"height":261,"url":"https:\/\/www.lovendal.ro\/wp52\/wp-content\/uploads\/2022\/02\/cale-ferata.jpg","type":"image\/jpeg"}],"author":"admin","twitter_card":"summary_large_image","twitter_misc":{"Scris de":"admin","Timp estimat pentru citire":"2 minute"},"schema":{"@context":"https:\/\/schema.org","@graph":[{"@type":"Article","@id":"https:\/\/www.lovendal.ro\/wp52\/misterul-caii-ferate-abandonate-dintre-ramnicu-valcea-si-pitesti-o-constructie-megalomanica-a-regimului-ceausescu\/#article","isPartOf":{"@id":"https:\/\/www.lovendal.ro\/wp52\/misterul-caii-ferate-abandonate-dintre-ramnicu-valcea-si-pitesti-o-constructie-megalomanica-a-regimului-ceausescu\/"},"author":{"name":"admin","@id":"https:\/\/www.lovendal.ro\/wp52\/#\/schema\/person\/088691de5dfc346bb0c023e1e52ef5d9"},"headline":"Misterul c\u0103ii ferate abandonate dintre R\u00e2mnicu V\u00e2lcea \u015fi Pite\u015fti &#8211; o construc\u0163ie megalomanic\u0103 a regimului Ceau\u015fescu","datePublished":"2022-02-21T10:49:55+00:00","mainEntityOfPage":{"@id":"https:\/\/www.lovendal.ro\/wp52\/misterul-caii-ferate-abandonate-dintre-ramnicu-valcea-si-pitesti-o-constructie-megalomanica-a-regimului-ceausescu\/"},"wordCount":336,"commentCount":0,"publisher":{"@id":"https:\/\/www.lovendal.ro\/wp52\/#organization"},"image":{"@id":"https:\/\/www.lovendal.ro\/wp52\/misterul-caii-ferate-abandonate-dintre-ramnicu-valcea-si-pitesti-o-constructie-megalomanica-a-regimului-ceausescu\/#primaryimage"},"thumbnailUrl":"https:\/\/www.lovendal.ro\/wp52\/wp-content\/uploads\/2022\/02\/cale-ferata.jpg","keywords":["cale ferat\u0103","Ceau\u015fescu","comunism","gar\u0103","Pite\u015fti","R\u00e2mnicu V\u00e2lcea","Romania misterioas\u0103","Slatina","tren","tunel","Valea Oltului","viaduct"],"articleSection":["Romania misterioasa"],"inLanguage":"ro-RO","potentialAction":[{"@type":"CommentAction","name":"Comment","target":["https:\/\/www.lovendal.ro\/wp52\/misterul-caii-ferate-abandonate-dintre-ramnicu-valcea-si-pitesti-o-constructie-megalomanica-a-regimului-ceausescu\/#respond"]}]},{"@type":"WebPage","@id":"https:\/\/www.lovendal.ro\/wp52\/misterul-caii-ferate-abandonate-dintre-ramnicu-valcea-si-pitesti-o-constructie-megalomanica-a-regimului-ceausescu\/","url":"https:\/\/www.lovendal.ro\/wp52\/misterul-caii-ferate-abandonate-dintre-ramnicu-valcea-si-pitesti-o-constructie-megalomanica-a-regimului-ceausescu\/","name":"Misterul c\u0103ii ferate abandonate dintre R\u00e2mnicu V\u00e2lcea \u015fi Pite\u015fti - o construc\u0163ie megalomanic\u0103 a regimului Ceau\u015fescu - Secretele lui Lovendal","isPartOf":{"@id":"https:\/\/www.lovendal.ro\/wp52\/#website"},"primaryImageOfPage":{"@id":"https:\/\/www.lovendal.ro\/wp52\/misterul-caii-ferate-abandonate-dintre-ramnicu-valcea-si-pitesti-o-constructie-megalomanica-a-regimului-ceausescu\/#primaryimage"},"image":{"@id":"https:\/\/www.lovendal.ro\/wp52\/misterul-caii-ferate-abandonate-dintre-ramnicu-valcea-si-pitesti-o-constructie-megalomanica-a-regimului-ceausescu\/#primaryimage"},"thumbnailUrl":"https:\/\/www.lovendal.ro\/wp52\/wp-content\/uploads\/2022\/02\/cale-ferata.jpg","datePublished":"2022-02-21T10:49:55+00:00","breadcrumb":{"@id":"https:\/\/www.lovendal.ro\/wp52\/misterul-caii-ferate-abandonate-dintre-ramnicu-valcea-si-pitesti-o-constructie-megalomanica-a-regimului-ceausescu\/#breadcrumb"},"inLanguage":"ro-RO","potentialAction":[{"@type":"ReadAction","target":["https:\/\/www.lovendal.ro\/wp52\/misterul-caii-ferate-abandonate-dintre-ramnicu-valcea-si-pitesti-o-constructie-megalomanica-a-regimului-ceausescu\/"]}]},{"@type":"ImageObject","inLanguage":"ro-RO","@id":"https:\/\/www.lovendal.ro\/wp52\/misterul-caii-ferate-abandonate-dintre-ramnicu-valcea-si-pitesti-o-constructie-megalomanica-a-regimului-ceausescu\/#primaryimage","url":"https:\/\/www.lovendal.ro\/wp52\/wp-content\/uploads\/2022\/02\/cale-ferata.jpg","contentUrl":"https:\/\/www.lovendal.ro\/wp52\/wp-content\/uploads\/2022\/02\/cale-ferata.jpg","width":348,"height":261},{"@type":"BreadcrumbList","@id":"https:\/\/www.lovendal.ro\/wp52\/misterul-caii-ferate-abandonate-dintre-ramnicu-valcea-si-pitesti-o-constructie-megalomanica-a-regimului-ceausescu\/#breadcrumb","itemListElement":[{"@type":"ListItem","position":1,"name":"Home","item":"https:\/\/www.lovendal.ro\/wp52\/"},{"@type":"ListItem","position":2,"name":"Misterul c\u0103ii ferate abandonate dintre R\u00e2mnicu V\u00e2lcea \u015fi Pite\u015fti &#8211; o construc\u0163ie megalomanic\u0103 a regimului Ceau\u015fescu"}]},{"@type":"WebSite","@id":"https:\/\/www.lovendal.ro\/wp52\/#website","url":"https:\/\/www.lovendal.ro\/wp52\/","name":"Secretele lui Lovendal","description":"Site de secrete, stiinta si metafizica - din 2008 -","publisher":{"@id":"https:\/\/www.lovendal.ro\/wp52\/#organization"},"potentialAction":[{"@type":"SearchAction","target":{"@type":"EntryPoint","urlTemplate":"https:\/\/www.lovendal.ro\/wp52\/?s={search_term_string}"},"query-input":{"@type":"PropertyValueSpecification","valueRequired":true,"valueName":"search_term_string"}}],"inLanguage":"ro-RO"},{"@type":"Organization","@id":"https:\/\/www.lovendal.ro\/wp52\/#organization","name":"Secretele lui Lovendal","url":"https:\/\/www.lovendal.ro\/wp52\/","logo":{"@type":"ImageObject","inLanguage":"ro-RO","@id":"https:\/\/www.lovendal.ro\/wp52\/#\/schema\/logo\/image\/","url":"https:\/\/www.lovendal.ro\/wp52\/wp-content\/uploads\/2024\/06\/cropped-SLL-iun-2024-1.jpg","contentUrl":"https:\/\/www.lovendal.ro\/wp52\/wp-content\/uploads\/2024\/06\/cropped-SLL-iun-2024-1.jpg","width":771,"height":240,"caption":"Secretele lui Lovendal"},"image":{"@id":"https:\/\/www.lovendal.ro\/wp52\/#\/schema\/logo\/image\/"},"sameAs":["https:\/\/www.facebook.com\/secreteleluilovendal"]},{"@type":"Person","@id":"https:\/\/www.lovendal.ro\/wp52\/#\/schema\/person\/088691de5dfc346bb0c023e1e52ef5d9","name":"admin","image":{"@type":"ImageObject","inLanguage":"ro-RO","@id":"https:\/\/secure.gravatar.com\/avatar\/ecb9cd41f5f63c9c9b989999a59f6e2639a865ec361e9db054db0679a8f341c2?s=96&d=mm&r=g","url":"https:\/\/secure.gravatar.com\/avatar\/ecb9cd41f5f63c9c9b989999a59f6e2639a865ec361e9db054db0679a8f341c2?s=96&d=mm&r=g","contentUrl":"https:\/\/secure.gravatar.com\/avatar\/ecb9cd41f5f63c9c9b989999a59f6e2639a865ec361e9db054db0679a8f341c2?s=96&d=mm&r=g","caption":"admin"},"sameAs":["https:\/\/www.lovendal.ro\/wp52"]}]}},"_links":{"self":[{"href":"https:\/\/www.lovendal.ro\/wp52\/wp-json\/wp\/v2\/posts\/79199","targetHints":{"allow":["GET"]}}],"collection":[{"href":"https:\/\/www.lovendal.ro\/wp52\/wp-json\/wp\/v2\/posts"}],"about":[{"href":"https:\/\/www.lovendal.ro\/wp52\/wp-json\/wp\/v2\/types\/post"}],"author":[{"embeddable":true,"href":"https:\/\/www.lovendal.ro\/wp52\/wp-json\/wp\/v2\/users\/1"}],"replies":[{"embeddable":true,"href":"https:\/\/www.lovendal.ro\/wp52\/wp-json\/wp\/v2\/comments?post=79199"}],"version-history":[{"count":0,"href":"https:\/\/www.lovendal.ro\/wp52\/wp-json\/wp\/v2\/posts\/79199\/revisions"}],"wp:featuredmedia":[{"embeddable":true,"href":"https:\/\/www.lovendal.ro\/wp52\/wp-json\/wp\/v2\/media\/79200"}],"wp:attachment":[{"href":"https:\/\/www.lovendal.ro\/wp52\/wp-json\/wp\/v2\/media?parent=79199"}],"wp:term":[{"taxonomy":"category","embeddable":true,"href":"https:\/\/www.lovendal.ro\/wp52\/wp-json\/wp\/v2\/categories?post=79199"},{"taxonomy":"post_tag","embeddable":true,"href":"https:\/\/www.lovendal.ro\/wp52\/wp-json\/wp\/v2\/tags?post=79199"}],"curies":[{"name":"wp","href":"https:\/\/api.w.org\/{rel}","templated":true}]}}