{"id":79024,"date":"2022-01-27T19:07:37","date_gmt":"2022-01-27T17:07:37","guid":{"rendered":"https:\/\/www.lovendal.ro\/wp52\/?p=79024"},"modified":"2022-01-27T19:07:37","modified_gmt":"2022-01-27T17:07:37","slug":"colosii-din-monte-prama-roboti-extraterestri-vechi-de-mii-de-ani","status":"publish","type":"post","link":"https:\/\/www.lovendal.ro\/wp52\/colosii-din-monte-prama-roboti-extraterestri-vechi-de-mii-de-ani\/","title":{"rendered":"Colo\u015fii din Mont&#8217;e Prama: &#8222;robo\u0163i extratere\u015ftri&#8221; vechi de mii de ani?"},"content":{"rendered":"<p><a href=\"https:\/\/www.lovendal.ro\/wp52\/wp-content\/uploads\/2022\/01\/colosii-din-Monte-Prama-coperta.jpg\"><img loading=\"lazy\" decoding=\"async\" class=\"alignleft size-full wp-image-79026\" src=\"https:\/\/www.lovendal.ro\/wp52\/wp-content\/uploads\/2022\/01\/colosii-din-Monte-Prama-coperta.jpg\" alt=\"\" width=\"359\" height=\"202\" srcset=\"https:\/\/www.lovendal.ro\/wp52\/wp-content\/uploads\/2022\/01\/colosii-din-Monte-Prama-coperta.jpg 359w, https:\/\/www.lovendal.ro\/wp52\/wp-content\/uploads\/2022\/01\/colosii-din-Monte-Prama-coperta-300x169.jpg 300w\" sizes=\"auto, (max-width: 359px) 100vw, 359px\" \/><\/a>Uria\u0219ii (Colo\u015fii) din Mont&#8217;e Prama sunt statui \u00eenalte de 2 &#8211; 2,5 metri \u00een\u0103l\u0163ime, ridicate de cultura nuragic\u0103, care a tr\u0103it pe insula Sardinia \u00eentre secolele al XVIII-lea \u0219i al II-lea \u00ee.Hr. Cercet\u0103torii nu \u015ftiu sigur dac\u0103 ace\u0219ti nuragieni \u00ee\u0219i au originea pe insul\u0103 sau dac\u0103 sunt lega\u021bi de popoarele m\u0103rilor, care au devastat coasta mediteranean\u0103 \u00een timpul secolelor al XIV-lea \u0219i al XIII-lea \u00ee.Hr. \u00cen aceast\u0103 din urm\u0103 teorie, ei ar fi debarcat \u00een Sardinia dup\u0103 \u00eenfr\u00e2ngerea lor \u00een invazia nereu\u0219it\u0103 a Egiptului din secolele al XIII-lea \u0219i al XII-lea \u00ee.Hr.<\/p>\n<p>Gigan\u021bii, sau Colosi, termenul dat sculpturilor de c\u0103tre arheologul Giovanni Lilliu, au fost descoperi\u021bi \u00een 1974 l\u00e2ng\u0103 satul Cabras de pe coasta de vest a insulei. Sunt r\u0103zboinici care poart\u0103 scuturi, arca\u0219i \u0219i lupt\u0103tori. Pe l\u00e2ng\u0103 dimensiunea lor mare, una dintre tr\u0103s\u0103turile lor cele mai distinctive sunt ochii, care sunt ca ni\u015fte dou\u0103 discuri concentrice. Nu este clar dac\u0103 sunt eroi sau zei mitologici. Deoarece descoperirea s-a petrecut l\u00e2ng\u0103 un morm\u00e2nt la aceea\u0219i dat\u0103, se presupune c\u0103 ace\u0219tia au fost a\u0219eza\u021bi ca paznici \u00een jurul acestuia.<\/p>\n<p>Dup\u0103 40 de ani de cercet\u0103ri \u0219i repara\u021bii, Gigan\u021bii au fost dezv\u0103lui\u021bi publicului \u00een martie 2015 la Muzeul Na\u021bional de Arheologie din Cagliari. Cu cele aproape 5.000 de componente descoperite, 33 de gigan\u021bi au putut fi construi\u0163i \u00een total. \u00cen septembrie 2016, au mai fost descoperite dou\u0103 p\u0103r\u021bi, ambele fiind \u00eentregi \u0219i nedeteriorate. Ultimii doi gigan\u021bi descoperi\u021bi sunt unici prin faptul c\u0103, spre deosebire de cei anteriori, \u00ee\u0219i \u021bin scuturile \u00een lateral, mai degrab\u0103 dec\u00e2t deasupra capului.<\/p>\n<p>Uria\u0219ii (Colo\u015fii) din Mont&#8217;e Prama reprezint\u0103 cel mai vechi exemplu de colo\u0219i (sculpturi gigantice) g\u0103site \u00een Marea Mediteran\u0103, dat\u00e2nd cu multe secole \u00eenainte de colo\u0219ii greci.<\/p>\n<figure id=\"attachment_79027\" aria-describedby=\"caption-attachment-79027\" style=\"width: 529px\" class=\"wp-caption aligncenter\"><a href=\"https:\/\/www.lovendal.ro\/wp52\/wp-content\/uploads\/2022\/01\/Colosii-din-Monte-Prama.jpg\"><img loading=\"lazy\" decoding=\"async\" class=\"size-full wp-image-79027\" src=\"https:\/\/www.lovendal.ro\/wp52\/wp-content\/uploads\/2022\/01\/Colosii-din-Monte-Prama.jpg\" alt=\"\" width=\"539\" height=\"431\" srcset=\"https:\/\/www.lovendal.ro\/wp52\/wp-content\/uploads\/2022\/01\/Colosii-din-Monte-Prama.jpg 539w, https:\/\/www.lovendal.ro\/wp52\/wp-content\/uploads\/2022\/01\/Colosii-din-Monte-Prama-300x240.jpg 300w\" sizes=\"auto, (max-width: 539px) 100vw, 539px\" \/><\/a><figcaption id=\"caption-attachment-79027\" class=\"wp-caption-text\"><em><strong>Imagine:<\/strong><\/em> <a href=\"https:\/\/en.wikipedia.org\/wiki\/Giants_of_Mont%27e_Prama#\/media\/File:Busto_pugile_Monte_prama1.JPG\" target=\"_blank\" rel=\"noopener\"><strong>wikipedia.org<\/strong><\/a> (Commons Creative &#8211; free)<\/figcaption><\/figure>\n<p>&nbsp;<\/p>\n","protected":false},"excerpt":{"rendered":"<p>Uria\u0219ii (Colo\u015fii) din Mont&#8217;e Prama sunt statui \u00eenalte de 2 &#8211; 2,5 metri \u00een\u0103l\u0163ime, ridicate de cultura nuragic\u0103, care a tr\u0103it pe insula Sardinia \u00eentre secolele al XVIII-lea \u0219i al II-lea \u00ee.Hr. Cercet\u0103torii nu \u015ftiu sigur dac\u0103 ace\u0219ti nuragieni \u00ee\u0219i &#8230; <\/p>\n<p class=\"read-more-container\"><a title=\"Colo\u015fii din Mont&#8217;e Prama: &#8222;robo\u0163i extratere\u015ftri&#8221; vechi de mii de ani?\" class=\"read-more button\" href=\"https:\/\/www.lovendal.ro\/wp52\/colosii-din-monte-prama-roboti-extraterestri-vechi-de-mii-de-ani\/#more-79024\" aria-label=\"Cite\u0219te mai multe despre Colo\u015fii din Mont&#8217;e Prama: &#8222;robo\u0163i extratere\u015ftri&#8221; vechi de mii de ani?\">Cititi mai multe<\/a><\/p>\n","protected":false},"author":1,"featured_media":79026,"comment_status":"open","ping_status":"open","sticky":false,"template":"","format":"standard","meta":{"footnotes":""},"categories":[9],"tags":[4748,17515,1398,17514,386,6468,1784,1532,2766,268,17516,166,2629,10373,1529,10255,13518,1203,4429],"class_list":["post-79024","post","type-post","status-publish","format-standard","has-post-thumbnail","hentry","category-istorie","tag-arheolog","tag-cagliari","tag-cap","tag-colosii-din-monte-prama","tag-egipt","tag-greci","tag-insula","tag-istorie-si-civilizatii","tag-marea-mediterana","tag-muzeu","tag-nuragieni","tag-ochi","tag-roboti","tag-sardinia","tag-sculptura","tag-scut","tag-statui","tag-uriasi","tag-zei","resize-featured-image"],"yoast_head":"<!-- This site is optimized with the Yoast SEO Premium plugin v23.3 (Yoast SEO v27.4) - https:\/\/yoast.com\/product\/yoast-seo-premium-wordpress\/ -->\n<title>Colo\u015fii din Mont&#039;e Prama: &quot;robo\u0163i extratere\u015ftri&quot; vechi de mii de ani? - Secretele lui Lovendal<\/title>\n<meta name=\"robots\" content=\"index, follow, max-snippet:-1, max-image-preview:large, max-video-preview:-1\" \/>\n<link rel=\"canonical\" href=\"https:\/\/www.lovendal.ro\/wp52\/colosii-din-monte-prama-roboti-extraterestri-vechi-de-mii-de-ani\/\" \/>\n<meta property=\"og:locale\" content=\"ro_RO\" \/>\n<meta property=\"og:type\" content=\"article\" \/>\n<meta property=\"og:title\" content=\"Colo\u015fii din Mont&#039;e Prama: &quot;robo\u0163i extratere\u015ftri&quot; vechi de mii de ani?\" \/>\n<meta property=\"og:description\" content=\"Uria\u0219ii (Colo\u015fii) din Mont&#8217;e Prama sunt statui \u00eenalte de 2 &#8211; 2,5 metri \u00een\u0103l\u0163ime, ridicate de cultura nuragic\u0103, care a tr\u0103it pe insula Sardinia \u00eentre secolele al XVIII-lea \u0219i al II-lea \u00ee.Hr. Cercet\u0103torii nu \u015ftiu sigur dac\u0103 ace\u0219ti nuragieni \u00ee\u0219i ... Cititi mai multe\" \/>\n<meta property=\"og:url\" content=\"https:\/\/www.lovendal.ro\/wp52\/colosii-din-monte-prama-roboti-extraterestri-vechi-de-mii-de-ani\/\" \/>\n<meta property=\"og:site_name\" content=\"Secretele lui Lovendal\" \/>\n<meta property=\"article:publisher\" content=\"https:\/\/www.facebook.com\/secreteleluilovendal\" \/>\n<meta property=\"article:published_time\" content=\"2022-01-27T17:07:37+00:00\" \/>\n<meta property=\"og:image\" content=\"https:\/\/www.lovendal.ro\/wp52\/wp-content\/uploads\/2022\/01\/colosii-din-Monte-Prama-coperta.jpg\" \/>\n\t<meta property=\"og:image:width\" content=\"359\" \/>\n\t<meta property=\"og:image:height\" content=\"202\" \/>\n\t<meta property=\"og:image:type\" content=\"image\/jpeg\" \/>\n<meta name=\"author\" content=\"admin\" \/>\n<meta name=\"twitter:card\" content=\"summary_large_image\" \/>\n<meta name=\"twitter:label1\" content=\"Scris de\" \/>\n\t<meta name=\"twitter:data1\" content=\"admin\" \/>\n\t<meta name=\"twitter:label2\" content=\"Timp estimat pentru citire\" \/>\n\t<meta name=\"twitter:data2\" content=\"2 minute\" \/>\n<script type=\"application\/ld+json\" class=\"yoast-schema-graph\">{\"@context\":\"https:\\\/\\\/schema.org\",\"@graph\":[{\"@type\":\"Article\",\"@id\":\"https:\\\/\\\/www.lovendal.ro\\\/wp52\\\/colosii-din-monte-prama-roboti-extraterestri-vechi-de-mii-de-ani\\\/#article\",\"isPartOf\":{\"@id\":\"https:\\\/\\\/www.lovendal.ro\\\/wp52\\\/colosii-din-monte-prama-roboti-extraterestri-vechi-de-mii-de-ani\\\/\"},\"author\":{\"name\":\"admin\",\"@id\":\"https:\\\/\\\/www.lovendal.ro\\\/wp52\\\/#\\\/schema\\\/person\\\/088691de5dfc346bb0c023e1e52ef5d9\"},\"headline\":\"Colo\u015fii din Mont&#8217;e Prama: &#8222;robo\u0163i extratere\u015ftri&#8221; vechi de mii de ani?\",\"datePublished\":\"2022-01-27T17:07:37+00:00\",\"mainEntityOfPage\":{\"@id\":\"https:\\\/\\\/www.lovendal.ro\\\/wp52\\\/colosii-din-monte-prama-roboti-extraterestri-vechi-de-mii-de-ani\\\/\"},\"wordCount\":352,\"commentCount\":0,\"publisher\":{\"@id\":\"https:\\\/\\\/www.lovendal.ro\\\/wp52\\\/#organization\"},\"image\":{\"@id\":\"https:\\\/\\\/www.lovendal.ro\\\/wp52\\\/colosii-din-monte-prama-roboti-extraterestri-vechi-de-mii-de-ani\\\/#primaryimage\"},\"thumbnailUrl\":\"https:\\\/\\\/www.lovendal.ro\\\/wp52\\\/wp-content\\\/uploads\\\/2022\\\/01\\\/colosii-din-Monte-Prama-coperta.jpg\",\"keywords\":[\"arheolog\",\"Cagliari\",\"cap\",\"Colo\u015fii din Mont'e Prama\",\"Egipt\",\"greci\",\"insul\u0103\",\"Istorie si Civilizatii\",\"Marea Mediteran\u0103\",\"muzeu\",\"nuragieni\",\"ochi\",\"robo\u0163i\",\"Sardinia\",\"sculptur\u0103\",\"scut\",\"statui\",\"uria\u015fi\",\"zei\"],\"articleSection\":[\"Istorie si Civilizatii\"],\"inLanguage\":\"ro-RO\",\"potentialAction\":[{\"@type\":\"CommentAction\",\"name\":\"Comment\",\"target\":[\"https:\\\/\\\/www.lovendal.ro\\\/wp52\\\/colosii-din-monte-prama-roboti-extraterestri-vechi-de-mii-de-ani\\\/#respond\"]}]},{\"@type\":\"WebPage\",\"@id\":\"https:\\\/\\\/www.lovendal.ro\\\/wp52\\\/colosii-din-monte-prama-roboti-extraterestri-vechi-de-mii-de-ani\\\/\",\"url\":\"https:\\\/\\\/www.lovendal.ro\\\/wp52\\\/colosii-din-monte-prama-roboti-extraterestri-vechi-de-mii-de-ani\\\/\",\"name\":\"Colo\u015fii din Mont'e Prama: \\\"robo\u0163i extratere\u015ftri\\\" vechi de mii de ani? - Secretele lui Lovendal\",\"isPartOf\":{\"@id\":\"https:\\\/\\\/www.lovendal.ro\\\/wp52\\\/#website\"},\"primaryImageOfPage\":{\"@id\":\"https:\\\/\\\/www.lovendal.ro\\\/wp52\\\/colosii-din-monte-prama-roboti-extraterestri-vechi-de-mii-de-ani\\\/#primaryimage\"},\"image\":{\"@id\":\"https:\\\/\\\/www.lovendal.ro\\\/wp52\\\/colosii-din-monte-prama-roboti-extraterestri-vechi-de-mii-de-ani\\\/#primaryimage\"},\"thumbnailUrl\":\"https:\\\/\\\/www.lovendal.ro\\\/wp52\\\/wp-content\\\/uploads\\\/2022\\\/01\\\/colosii-din-Monte-Prama-coperta.jpg\",\"datePublished\":\"2022-01-27T17:07:37+00:00\",\"breadcrumb\":{\"@id\":\"https:\\\/\\\/www.lovendal.ro\\\/wp52\\\/colosii-din-monte-prama-roboti-extraterestri-vechi-de-mii-de-ani\\\/#breadcrumb\"},\"inLanguage\":\"ro-RO\",\"potentialAction\":[{\"@type\":\"ReadAction\",\"target\":[\"https:\\\/\\\/www.lovendal.ro\\\/wp52\\\/colosii-din-monte-prama-roboti-extraterestri-vechi-de-mii-de-ani\\\/\"]}]},{\"@type\":\"ImageObject\",\"inLanguage\":\"ro-RO\",\"@id\":\"https:\\\/\\\/www.lovendal.ro\\\/wp52\\\/colosii-din-monte-prama-roboti-extraterestri-vechi-de-mii-de-ani\\\/#primaryimage\",\"url\":\"https:\\\/\\\/www.lovendal.ro\\\/wp52\\\/wp-content\\\/uploads\\\/2022\\\/01\\\/colosii-din-Monte-Prama-coperta.jpg\",\"contentUrl\":\"https:\\\/\\\/www.lovendal.ro\\\/wp52\\\/wp-content\\\/uploads\\\/2022\\\/01\\\/colosii-din-Monte-Prama-coperta.jpg\",\"width\":359,\"height\":202},{\"@type\":\"BreadcrumbList\",\"@id\":\"https:\\\/\\\/www.lovendal.ro\\\/wp52\\\/colosii-din-monte-prama-roboti-extraterestri-vechi-de-mii-de-ani\\\/#breadcrumb\",\"itemListElement\":[{\"@type\":\"ListItem\",\"position\":1,\"name\":\"Home\",\"item\":\"https:\\\/\\\/www.lovendal.ro\\\/wp52\\\/\"},{\"@type\":\"ListItem\",\"position\":2,\"name\":\"Colo\u015fii din Mont&#8217;e Prama: &#8222;robo\u0163i extratere\u015ftri&#8221; vechi de mii de ani?\"}]},{\"@type\":\"WebSite\",\"@id\":\"https:\\\/\\\/www.lovendal.ro\\\/wp52\\\/#website\",\"url\":\"https:\\\/\\\/www.lovendal.ro\\\/wp52\\\/\",\"name\":\"Secretele lui Lovendal\",\"description\":\"Site de secrete, stiinta si metafizica - din 2008 -\",\"publisher\":{\"@id\":\"https:\\\/\\\/www.lovendal.ro\\\/wp52\\\/#organization\"},\"potentialAction\":[{\"@type\":\"SearchAction\",\"target\":{\"@type\":\"EntryPoint\",\"urlTemplate\":\"https:\\\/\\\/www.lovendal.ro\\\/wp52\\\/?s={search_term_string}\"},\"query-input\":{\"@type\":\"PropertyValueSpecification\",\"valueRequired\":true,\"valueName\":\"search_term_string\"}}],\"inLanguage\":\"ro-RO\"},{\"@type\":\"Organization\",\"@id\":\"https:\\\/\\\/www.lovendal.ro\\\/wp52\\\/#organization\",\"name\":\"Secretele lui Lovendal\",\"url\":\"https:\\\/\\\/www.lovendal.ro\\\/wp52\\\/\",\"logo\":{\"@type\":\"ImageObject\",\"inLanguage\":\"ro-RO\",\"@id\":\"https:\\\/\\\/www.lovendal.ro\\\/wp52\\\/#\\\/schema\\\/logo\\\/image\\\/\",\"url\":\"https:\\\/\\\/www.lovendal.ro\\\/wp52\\\/wp-content\\\/uploads\\\/2024\\\/06\\\/cropped-SLL-iun-2024-1.jpg\",\"contentUrl\":\"https:\\\/\\\/www.lovendal.ro\\\/wp52\\\/wp-content\\\/uploads\\\/2024\\\/06\\\/cropped-SLL-iun-2024-1.jpg\",\"width\":771,\"height\":240,\"caption\":\"Secretele lui Lovendal\"},\"image\":{\"@id\":\"https:\\\/\\\/www.lovendal.ro\\\/wp52\\\/#\\\/schema\\\/logo\\\/image\\\/\"},\"sameAs\":[\"https:\\\/\\\/www.facebook.com\\\/secreteleluilovendal\"]},{\"@type\":\"Person\",\"@id\":\"https:\\\/\\\/www.lovendal.ro\\\/wp52\\\/#\\\/schema\\\/person\\\/088691de5dfc346bb0c023e1e52ef5d9\",\"name\":\"admin\",\"image\":{\"@type\":\"ImageObject\",\"inLanguage\":\"ro-RO\",\"@id\":\"https:\\\/\\\/secure.gravatar.com\\\/avatar\\\/ecb9cd41f5f63c9c9b989999a59f6e2639a865ec361e9db054db0679a8f341c2?s=96&d=mm&r=g\",\"url\":\"https:\\\/\\\/secure.gravatar.com\\\/avatar\\\/ecb9cd41f5f63c9c9b989999a59f6e2639a865ec361e9db054db0679a8f341c2?s=96&d=mm&r=g\",\"contentUrl\":\"https:\\\/\\\/secure.gravatar.com\\\/avatar\\\/ecb9cd41f5f63c9c9b989999a59f6e2639a865ec361e9db054db0679a8f341c2?s=96&d=mm&r=g\",\"caption\":\"admin\"},\"sameAs\":[\"https:\\\/\\\/www.lovendal.ro\\\/wp52\"]}]}<\/script>\n<!-- \/ Yoast SEO Premium plugin. -->","yoast_head_json":{"title":"Colo\u015fii din Mont'e Prama: \"robo\u0163i extratere\u015ftri\" vechi de mii de ani? - Secretele lui Lovendal","robots":{"index":"index","follow":"follow","max-snippet":"max-snippet:-1","max-image-preview":"max-image-preview:large","max-video-preview":"max-video-preview:-1"},"canonical":"https:\/\/www.lovendal.ro\/wp52\/colosii-din-monte-prama-roboti-extraterestri-vechi-de-mii-de-ani\/","og_locale":"ro_RO","og_type":"article","og_title":"Colo\u015fii din Mont'e Prama: \"robo\u0163i extratere\u015ftri\" vechi de mii de ani?","og_description":"Uria\u0219ii (Colo\u015fii) din Mont&#8217;e Prama sunt statui \u00eenalte de 2 &#8211; 2,5 metri \u00een\u0103l\u0163ime, ridicate de cultura nuragic\u0103, care a tr\u0103it pe insula Sardinia \u00eentre secolele al XVIII-lea \u0219i al II-lea \u00ee.Hr. Cercet\u0103torii nu \u015ftiu sigur dac\u0103 ace\u0219ti nuragieni \u00ee\u0219i ... Cititi mai multe","og_url":"https:\/\/www.lovendal.ro\/wp52\/colosii-din-monte-prama-roboti-extraterestri-vechi-de-mii-de-ani\/","og_site_name":"Secretele lui Lovendal","article_publisher":"https:\/\/www.facebook.com\/secreteleluilovendal","article_published_time":"2022-01-27T17:07:37+00:00","og_image":[{"width":359,"height":202,"url":"https:\/\/www.lovendal.ro\/wp52\/wp-content\/uploads\/2022\/01\/colosii-din-Monte-Prama-coperta.jpg","type":"image\/jpeg"}],"author":"admin","twitter_card":"summary_large_image","twitter_misc":{"Scris de":"admin","Timp estimat pentru citire":"2 minute"},"schema":{"@context":"https:\/\/schema.org","@graph":[{"@type":"Article","@id":"https:\/\/www.lovendal.ro\/wp52\/colosii-din-monte-prama-roboti-extraterestri-vechi-de-mii-de-ani\/#article","isPartOf":{"@id":"https:\/\/www.lovendal.ro\/wp52\/colosii-din-monte-prama-roboti-extraterestri-vechi-de-mii-de-ani\/"},"author":{"name":"admin","@id":"https:\/\/www.lovendal.ro\/wp52\/#\/schema\/person\/088691de5dfc346bb0c023e1e52ef5d9"},"headline":"Colo\u015fii din Mont&#8217;e Prama: &#8222;robo\u0163i extratere\u015ftri&#8221; vechi de mii de ani?","datePublished":"2022-01-27T17:07:37+00:00","mainEntityOfPage":{"@id":"https:\/\/www.lovendal.ro\/wp52\/colosii-din-monte-prama-roboti-extraterestri-vechi-de-mii-de-ani\/"},"wordCount":352,"commentCount":0,"publisher":{"@id":"https:\/\/www.lovendal.ro\/wp52\/#organization"},"image":{"@id":"https:\/\/www.lovendal.ro\/wp52\/colosii-din-monte-prama-roboti-extraterestri-vechi-de-mii-de-ani\/#primaryimage"},"thumbnailUrl":"https:\/\/www.lovendal.ro\/wp52\/wp-content\/uploads\/2022\/01\/colosii-din-Monte-Prama-coperta.jpg","keywords":["arheolog","Cagliari","cap","Colo\u015fii din Mont'e Prama","Egipt","greci","insul\u0103","Istorie si Civilizatii","Marea Mediteran\u0103","muzeu","nuragieni","ochi","robo\u0163i","Sardinia","sculptur\u0103","scut","statui","uria\u015fi","zei"],"articleSection":["Istorie si Civilizatii"],"inLanguage":"ro-RO","potentialAction":[{"@type":"CommentAction","name":"Comment","target":["https:\/\/www.lovendal.ro\/wp52\/colosii-din-monte-prama-roboti-extraterestri-vechi-de-mii-de-ani\/#respond"]}]},{"@type":"WebPage","@id":"https:\/\/www.lovendal.ro\/wp52\/colosii-din-monte-prama-roboti-extraterestri-vechi-de-mii-de-ani\/","url":"https:\/\/www.lovendal.ro\/wp52\/colosii-din-monte-prama-roboti-extraterestri-vechi-de-mii-de-ani\/","name":"Colo\u015fii din Mont'e Prama: \"robo\u0163i extratere\u015ftri\" vechi de mii de ani? - Secretele lui Lovendal","isPartOf":{"@id":"https:\/\/www.lovendal.ro\/wp52\/#website"},"primaryImageOfPage":{"@id":"https:\/\/www.lovendal.ro\/wp52\/colosii-din-monte-prama-roboti-extraterestri-vechi-de-mii-de-ani\/#primaryimage"},"image":{"@id":"https:\/\/www.lovendal.ro\/wp52\/colosii-din-monte-prama-roboti-extraterestri-vechi-de-mii-de-ani\/#primaryimage"},"thumbnailUrl":"https:\/\/www.lovendal.ro\/wp52\/wp-content\/uploads\/2022\/01\/colosii-din-Monte-Prama-coperta.jpg","datePublished":"2022-01-27T17:07:37+00:00","breadcrumb":{"@id":"https:\/\/www.lovendal.ro\/wp52\/colosii-din-monte-prama-roboti-extraterestri-vechi-de-mii-de-ani\/#breadcrumb"},"inLanguage":"ro-RO","potentialAction":[{"@type":"ReadAction","target":["https:\/\/www.lovendal.ro\/wp52\/colosii-din-monte-prama-roboti-extraterestri-vechi-de-mii-de-ani\/"]}]},{"@type":"ImageObject","inLanguage":"ro-RO","@id":"https:\/\/www.lovendal.ro\/wp52\/colosii-din-monte-prama-roboti-extraterestri-vechi-de-mii-de-ani\/#primaryimage","url":"https:\/\/www.lovendal.ro\/wp52\/wp-content\/uploads\/2022\/01\/colosii-din-Monte-Prama-coperta.jpg","contentUrl":"https:\/\/www.lovendal.ro\/wp52\/wp-content\/uploads\/2022\/01\/colosii-din-Monte-Prama-coperta.jpg","width":359,"height":202},{"@type":"BreadcrumbList","@id":"https:\/\/www.lovendal.ro\/wp52\/colosii-din-monte-prama-roboti-extraterestri-vechi-de-mii-de-ani\/#breadcrumb","itemListElement":[{"@type":"ListItem","position":1,"name":"Home","item":"https:\/\/www.lovendal.ro\/wp52\/"},{"@type":"ListItem","position":2,"name":"Colo\u015fii din Mont&#8217;e Prama: &#8222;robo\u0163i extratere\u015ftri&#8221; vechi de mii de ani?"}]},{"@type":"WebSite","@id":"https:\/\/www.lovendal.ro\/wp52\/#website","url":"https:\/\/www.lovendal.ro\/wp52\/","name":"Secretele lui Lovendal","description":"Site de secrete, stiinta si metafizica - din 2008 -","publisher":{"@id":"https:\/\/www.lovendal.ro\/wp52\/#organization"},"potentialAction":[{"@type":"SearchAction","target":{"@type":"EntryPoint","urlTemplate":"https:\/\/www.lovendal.ro\/wp52\/?s={search_term_string}"},"query-input":{"@type":"PropertyValueSpecification","valueRequired":true,"valueName":"search_term_string"}}],"inLanguage":"ro-RO"},{"@type":"Organization","@id":"https:\/\/www.lovendal.ro\/wp52\/#organization","name":"Secretele lui Lovendal","url":"https:\/\/www.lovendal.ro\/wp52\/","logo":{"@type":"ImageObject","inLanguage":"ro-RO","@id":"https:\/\/www.lovendal.ro\/wp52\/#\/schema\/logo\/image\/","url":"https:\/\/www.lovendal.ro\/wp52\/wp-content\/uploads\/2024\/06\/cropped-SLL-iun-2024-1.jpg","contentUrl":"https:\/\/www.lovendal.ro\/wp52\/wp-content\/uploads\/2024\/06\/cropped-SLL-iun-2024-1.jpg","width":771,"height":240,"caption":"Secretele lui Lovendal"},"image":{"@id":"https:\/\/www.lovendal.ro\/wp52\/#\/schema\/logo\/image\/"},"sameAs":["https:\/\/www.facebook.com\/secreteleluilovendal"]},{"@type":"Person","@id":"https:\/\/www.lovendal.ro\/wp52\/#\/schema\/person\/088691de5dfc346bb0c023e1e52ef5d9","name":"admin","image":{"@type":"ImageObject","inLanguage":"ro-RO","@id":"https:\/\/secure.gravatar.com\/avatar\/ecb9cd41f5f63c9c9b989999a59f6e2639a865ec361e9db054db0679a8f341c2?s=96&d=mm&r=g","url":"https:\/\/secure.gravatar.com\/avatar\/ecb9cd41f5f63c9c9b989999a59f6e2639a865ec361e9db054db0679a8f341c2?s=96&d=mm&r=g","contentUrl":"https:\/\/secure.gravatar.com\/avatar\/ecb9cd41f5f63c9c9b989999a59f6e2639a865ec361e9db054db0679a8f341c2?s=96&d=mm&r=g","caption":"admin"},"sameAs":["https:\/\/www.lovendal.ro\/wp52"]}]}},"_links":{"self":[{"href":"https:\/\/www.lovendal.ro\/wp52\/wp-json\/wp\/v2\/posts\/79024","targetHints":{"allow":["GET"]}}],"collection":[{"href":"https:\/\/www.lovendal.ro\/wp52\/wp-json\/wp\/v2\/posts"}],"about":[{"href":"https:\/\/www.lovendal.ro\/wp52\/wp-json\/wp\/v2\/types\/post"}],"author":[{"embeddable":true,"href":"https:\/\/www.lovendal.ro\/wp52\/wp-json\/wp\/v2\/users\/1"}],"replies":[{"embeddable":true,"href":"https:\/\/www.lovendal.ro\/wp52\/wp-json\/wp\/v2\/comments?post=79024"}],"version-history":[{"count":0,"href":"https:\/\/www.lovendal.ro\/wp52\/wp-json\/wp\/v2\/posts\/79024\/revisions"}],"wp:featuredmedia":[{"embeddable":true,"href":"https:\/\/www.lovendal.ro\/wp52\/wp-json\/wp\/v2\/media\/79026"}],"wp:attachment":[{"href":"https:\/\/www.lovendal.ro\/wp52\/wp-json\/wp\/v2\/media?parent=79024"}],"wp:term":[{"taxonomy":"category","embeddable":true,"href":"https:\/\/www.lovendal.ro\/wp52\/wp-json\/wp\/v2\/categories?post=79024"},{"taxonomy":"post_tag","embeddable":true,"href":"https:\/\/www.lovendal.ro\/wp52\/wp-json\/wp\/v2\/tags?post=79024"}],"curies":[{"name":"wp","href":"https:\/\/api.w.org\/{rel}","templated":true}]}}