{"id":79015,"date":"2022-01-26T13:36:08","date_gmt":"2022-01-26T11:36:08","guid":{"rendered":"https:\/\/www.lovendal.ro\/wp52\/?p=79015"},"modified":"2022-01-26T13:36:08","modified_gmt":"2022-01-26T11:36:08","slug":"un-martor-descrie-cum-era-nicolae-ceausescu-in-tinerete-in-inchisoare-tuns-chilug-foarte-slab-balbait-aprig-imbracat-cu-haine-de-imprumut","status":"publish","type":"post","link":"https:\/\/www.lovendal.ro\/wp52\/un-martor-descrie-cum-era-nicolae-ceausescu-in-tinerete-in-inchisoare-tuns-chilug-foarte-slab-balbait-aprig-imbracat-cu-haine-de-imprumut\/","title":{"rendered":"Un martor descrie cum era Nicolae Ceau\u015fescu \u00een tinere\u0163e, \u00een \u00eenchisoare: &#8222;Tuns chilug, foarte slab, b\u00e2lb\u00e2it aprig, \u00eembr\u0103cat cu haine de \u00eemprumut&#8221;"},"content":{"rendered":"<p><a href=\"https:\/\/www.lovendal.ro\/wp52\/wp-content\/uploads\/2022\/01\/Ceausescu-tanar.jpeg\"><img loading=\"lazy\" decoding=\"async\" class=\"alignleft size-full wp-image-79016\" src=\"https:\/\/www.lovendal.ro\/wp52\/wp-content\/uploads\/2022\/01\/Ceausescu-tanar.jpeg\" alt=\"\" width=\"359\" height=\"337\" srcset=\"https:\/\/www.lovendal.ro\/wp52\/wp-content\/uploads\/2022\/01\/Ceausescu-tanar.jpeg 359w, https:\/\/www.lovendal.ro\/wp52\/wp-content\/uploads\/2022\/01\/Ceausescu-tanar-300x282.jpeg 300w\" sizes=\"auto, (max-width: 359px) 100vw, 359px\" \/><\/a>\u00cen anii &#8217;40, c\u00e2nd a fost \u00eenchis la Jilava, \u00eempreun\u0103 cu al\u0163i de\u0163inu\u0163i, t\u00e2n\u0103rul Nicolae Ceau\u015fescu este prezentat astfel de un martor. Citez din cartea lui Pavel C\u00e2mpeanu, \u00een cartea sa din 2002 &#8211; <strong>&#8222;Ceau\u015fescu, anii num\u0103r\u0103torii inverse&#8221;<\/strong>:<\/p>\n<p><em>&#8222;Tuns chilug, purt\u00e2nd o \u00eembr\u0103c\u0103minte care p\u0103rea de \u00eemprumut \u0219i foarte slab, avea o st\u00e2ng\u0103cie a \u021binutei proprie urbaniz\u0103rii nedigerate care, coroborat\u0103 cu tr\u0103s\u0103turile fe\u021bei \u0219i cu expresia mai cur\u00e2nd imobil\u0103, \u00eei d\u0103dea o \u00eenf\u0103\u021bi\u0219are pu\u021bin atr\u0103g\u0103toare. Vorbea pu\u021bin \u0219i cu mare greutate, participa con\u0219tiincios la corvezi, nu gusta palavrele \u0219i frecventele convorbiri hazlii, p\u0103rea \u00een acela\u0219i timp absent \u0219i, pendul\u00e2nd \u00eentre aten\u021bie \u0219i p\u00e2nd\u0103, era singur, ne\u00eenso\u021bit de coacuza\u021bi recomanda\u021bi ca atare. [&#8230;] Ceau\u0219escu nu numai c\u0103 se b\u00e2lb\u00e2ia aprig, dar \u0219i purta pe chip o crispare ce p\u0103rea s\u0103 vesteasc\u0103 aceast\u0103 meteahn\u0103.&#8221;<\/em><\/p>\n<p>N\u0103scut pe 29 februarie 1920, Pavel C\u00e2mpeanu (decedat \u00een anul 2003), a fost un sociolog marxist rom\u00e2n. C\u00e2mpeanu a fost ilegalist, a \u00eemp\u0103r\u021bit la un moment dat celula de la Jilava cu Nicolae Ceau\u0219escu (n\u0103scut \u00een ianuarie 1918). Avea o minte brici \u0219i o sete intelectual\u0103 insa\u021biabil\u0103. Nu a c\u00e2ntat, sub nicio form\u0103, osanale comunismului dinastic. A fost un spirit anti-totalitar, un intelectual non-conformist.<\/p>\n","protected":false},"excerpt":{"rendered":"<p>\u00cen anii &#8217;40, c\u00e2nd a fost \u00eenchis la Jilava, \u00eempreun\u0103 cu al\u0163i de\u0163inu\u0163i, t\u00e2n\u0103rul Nicolae Ceau\u015fescu este prezentat astfel de un martor. Citez din cartea lui Pavel C\u00e2mpeanu, \u00een cartea sa din 2002 &#8211; &#8222;Ceau\u015fescu, anii num\u0103r\u0103torii inverse&#8221;: &#8222;Tuns chilug, &#8230; <\/p>\n<p class=\"read-more-container\"><a title=\"Un martor descrie cum era Nicolae Ceau\u015fescu \u00een tinere\u0163e, \u00een \u00eenchisoare: &#8222;Tuns chilug, foarte slab, b\u00e2lb\u00e2it aprig, \u00eembr\u0103cat cu haine de \u00eemprumut&#8221;\" class=\"read-more button\" href=\"https:\/\/www.lovendal.ro\/wp52\/un-martor-descrie-cum-era-nicolae-ceausescu-in-tinerete-in-inchisoare-tuns-chilug-foarte-slab-balbait-aprig-imbracat-cu-haine-de-imprumut\/#more-79015\" aria-label=\"Cite\u0219te mai multe despre Un martor descrie cum era Nicolae Ceau\u015fescu \u00een tinere\u0163e, \u00een \u00eenchisoare: &#8222;Tuns chilug, foarte slab, b\u00e2lb\u00e2it aprig, \u00eembr\u0103cat cu haine de \u00eemprumut&#8221;\">Cititi mai multe<\/a><\/p>\n","protected":false},"author":1,"featured_media":79016,"comment_status":"open","ping_status":"open","sticky":false,"template":"","format":"standard","meta":{"footnotes":""},"categories":[9],"tags":[1103,164,1532,8868,11803,10707,17513],"class_list":["post-79015","post","type-post","status-publish","format-standard","has-post-thumbnail","hentry","category-istorie","tag-carte","tag-inchisoare","tag-istorie-si-civilizatii","tag-jilava","tag-marxist","tag-nicolae-ceausescu","tag-pavel-campeanu","resize-featured-image"],"yoast_head":"<!-- This site is optimized with the Yoast SEO Premium plugin v23.3 (Yoast SEO v27.4) - https:\/\/yoast.com\/product\/yoast-seo-premium-wordpress\/ -->\n<title>Un martor descrie cum era Nicolae Ceau\u015fescu \u00een tinere\u0163e, \u00een \u00eenchisoare: &quot;Tuns chilug, foarte slab, b\u00e2lb\u00e2it aprig, \u00eembr\u0103cat cu haine de \u00eemprumut&quot; - Secretele lui Lovendal<\/title>\n<meta name=\"robots\" content=\"index, follow, max-snippet:-1, max-image-preview:large, max-video-preview:-1\" \/>\n<link rel=\"canonical\" href=\"https:\/\/www.lovendal.ro\/wp52\/un-martor-descrie-cum-era-nicolae-ceausescu-in-tinerete-in-inchisoare-tuns-chilug-foarte-slab-balbait-aprig-imbracat-cu-haine-de-imprumut\/\" \/>\n<meta property=\"og:locale\" content=\"ro_RO\" \/>\n<meta property=\"og:type\" content=\"article\" \/>\n<meta property=\"og:title\" content=\"Un martor descrie cum era Nicolae Ceau\u015fescu \u00een tinere\u0163e, \u00een \u00eenchisoare: &quot;Tuns chilug, foarte slab, b\u00e2lb\u00e2it aprig, \u00eembr\u0103cat cu haine de \u00eemprumut&quot;\" \/>\n<meta property=\"og:description\" content=\"\u00cen anii &#8217;40, c\u00e2nd a fost \u00eenchis la Jilava, \u00eempreun\u0103 cu al\u0163i de\u0163inu\u0163i, t\u00e2n\u0103rul Nicolae Ceau\u015fescu este prezentat astfel de un martor. Citez din cartea lui Pavel C\u00e2mpeanu, \u00een cartea sa din 2002 &#8211; &#8222;Ceau\u015fescu, anii num\u0103r\u0103torii inverse&#8221;: &#8222;Tuns chilug, ... Cititi mai multe\" \/>\n<meta property=\"og:url\" content=\"https:\/\/www.lovendal.ro\/wp52\/un-martor-descrie-cum-era-nicolae-ceausescu-in-tinerete-in-inchisoare-tuns-chilug-foarte-slab-balbait-aprig-imbracat-cu-haine-de-imprumut\/\" \/>\n<meta property=\"og:site_name\" content=\"Secretele lui Lovendal\" \/>\n<meta property=\"article:publisher\" content=\"https:\/\/www.facebook.com\/secreteleluilovendal\" \/>\n<meta property=\"article:published_time\" content=\"2022-01-26T11:36:08+00:00\" \/>\n<meta property=\"og:image\" content=\"https:\/\/www.lovendal.ro\/wp52\/wp-content\/uploads\/2022\/01\/Ceausescu-tanar.jpeg\" \/>\n\t<meta property=\"og:image:width\" content=\"359\" \/>\n\t<meta property=\"og:image:height\" content=\"337\" \/>\n\t<meta property=\"og:image:type\" content=\"image\/jpeg\" \/>\n<meta name=\"author\" content=\"admin\" \/>\n<meta name=\"twitter:card\" content=\"summary_large_image\" \/>\n<meta name=\"twitter:label1\" content=\"Scris de\" \/>\n\t<meta name=\"twitter:data1\" content=\"admin\" \/>\n\t<meta name=\"twitter:label2\" content=\"Timp estimat pentru citire\" \/>\n\t<meta name=\"twitter:data2\" content=\"1 minut\" \/>\n<script type=\"application\/ld+json\" class=\"yoast-schema-graph\">{\"@context\":\"https:\\\/\\\/schema.org\",\"@graph\":[{\"@type\":\"Article\",\"@id\":\"https:\\\/\\\/www.lovendal.ro\\\/wp52\\\/un-martor-descrie-cum-era-nicolae-ceausescu-in-tinerete-in-inchisoare-tuns-chilug-foarte-slab-balbait-aprig-imbracat-cu-haine-de-imprumut\\\/#article\",\"isPartOf\":{\"@id\":\"https:\\\/\\\/www.lovendal.ro\\\/wp52\\\/un-martor-descrie-cum-era-nicolae-ceausescu-in-tinerete-in-inchisoare-tuns-chilug-foarte-slab-balbait-aprig-imbracat-cu-haine-de-imprumut\\\/\"},\"author\":{\"name\":\"admin\",\"@id\":\"https:\\\/\\\/www.lovendal.ro\\\/wp52\\\/#\\\/schema\\\/person\\\/088691de5dfc346bb0c023e1e52ef5d9\"},\"headline\":\"Un martor descrie cum era Nicolae Ceau\u015fescu \u00een tinere\u0163e, \u00een \u00eenchisoare: &#8222;Tuns chilug, foarte slab, b\u00e2lb\u00e2it aprig, \u00eembr\u0103cat cu haine de \u00eemprumut&#8221;\",\"datePublished\":\"2022-01-26T11:36:08+00:00\",\"mainEntityOfPage\":{\"@id\":\"https:\\\/\\\/www.lovendal.ro\\\/wp52\\\/un-martor-descrie-cum-era-nicolae-ceausescu-in-tinerete-in-inchisoare-tuns-chilug-foarte-slab-balbait-aprig-imbracat-cu-haine-de-imprumut\\\/\"},\"wordCount\":269,\"commentCount\":0,\"publisher\":{\"@id\":\"https:\\\/\\\/www.lovendal.ro\\\/wp52\\\/#organization\"},\"image\":{\"@id\":\"https:\\\/\\\/www.lovendal.ro\\\/wp52\\\/un-martor-descrie-cum-era-nicolae-ceausescu-in-tinerete-in-inchisoare-tuns-chilug-foarte-slab-balbait-aprig-imbracat-cu-haine-de-imprumut\\\/#primaryimage\"},\"thumbnailUrl\":\"https:\\\/\\\/www.lovendal.ro\\\/wp52\\\/wp-content\\\/uploads\\\/2022\\\/01\\\/Ceausescu-tanar.jpeg\",\"keywords\":[\"carte\",\"\u00eenchisoare\",\"Istorie si Civilizatii\",\"Jilava\",\"marxist\",\"Nicolae Ceau\u015fescu\",\"Pavel C\u00e2mpeanu\"],\"articleSection\":[\"Istorie si Civilizatii\"],\"inLanguage\":\"ro-RO\",\"potentialAction\":[{\"@type\":\"CommentAction\",\"name\":\"Comment\",\"target\":[\"https:\\\/\\\/www.lovendal.ro\\\/wp52\\\/un-martor-descrie-cum-era-nicolae-ceausescu-in-tinerete-in-inchisoare-tuns-chilug-foarte-slab-balbait-aprig-imbracat-cu-haine-de-imprumut\\\/#respond\"]}]},{\"@type\":\"WebPage\",\"@id\":\"https:\\\/\\\/www.lovendal.ro\\\/wp52\\\/un-martor-descrie-cum-era-nicolae-ceausescu-in-tinerete-in-inchisoare-tuns-chilug-foarte-slab-balbait-aprig-imbracat-cu-haine-de-imprumut\\\/\",\"url\":\"https:\\\/\\\/www.lovendal.ro\\\/wp52\\\/un-martor-descrie-cum-era-nicolae-ceausescu-in-tinerete-in-inchisoare-tuns-chilug-foarte-slab-balbait-aprig-imbracat-cu-haine-de-imprumut\\\/\",\"name\":\"Un martor descrie cum era Nicolae Ceau\u015fescu \u00een tinere\u0163e, \u00een \u00eenchisoare: \\\"Tuns chilug, foarte slab, b\u00e2lb\u00e2it aprig, \u00eembr\u0103cat cu haine de \u00eemprumut\\\" - Secretele lui Lovendal\",\"isPartOf\":{\"@id\":\"https:\\\/\\\/www.lovendal.ro\\\/wp52\\\/#website\"},\"primaryImageOfPage\":{\"@id\":\"https:\\\/\\\/www.lovendal.ro\\\/wp52\\\/un-martor-descrie-cum-era-nicolae-ceausescu-in-tinerete-in-inchisoare-tuns-chilug-foarte-slab-balbait-aprig-imbracat-cu-haine-de-imprumut\\\/#primaryimage\"},\"image\":{\"@id\":\"https:\\\/\\\/www.lovendal.ro\\\/wp52\\\/un-martor-descrie-cum-era-nicolae-ceausescu-in-tinerete-in-inchisoare-tuns-chilug-foarte-slab-balbait-aprig-imbracat-cu-haine-de-imprumut\\\/#primaryimage\"},\"thumbnailUrl\":\"https:\\\/\\\/www.lovendal.ro\\\/wp52\\\/wp-content\\\/uploads\\\/2022\\\/01\\\/Ceausescu-tanar.jpeg\",\"datePublished\":\"2022-01-26T11:36:08+00:00\",\"breadcrumb\":{\"@id\":\"https:\\\/\\\/www.lovendal.ro\\\/wp52\\\/un-martor-descrie-cum-era-nicolae-ceausescu-in-tinerete-in-inchisoare-tuns-chilug-foarte-slab-balbait-aprig-imbracat-cu-haine-de-imprumut\\\/#breadcrumb\"},\"inLanguage\":\"ro-RO\",\"potentialAction\":[{\"@type\":\"ReadAction\",\"target\":[\"https:\\\/\\\/www.lovendal.ro\\\/wp52\\\/un-martor-descrie-cum-era-nicolae-ceausescu-in-tinerete-in-inchisoare-tuns-chilug-foarte-slab-balbait-aprig-imbracat-cu-haine-de-imprumut\\\/\"]}]},{\"@type\":\"ImageObject\",\"inLanguage\":\"ro-RO\",\"@id\":\"https:\\\/\\\/www.lovendal.ro\\\/wp52\\\/un-martor-descrie-cum-era-nicolae-ceausescu-in-tinerete-in-inchisoare-tuns-chilug-foarte-slab-balbait-aprig-imbracat-cu-haine-de-imprumut\\\/#primaryimage\",\"url\":\"https:\\\/\\\/www.lovendal.ro\\\/wp52\\\/wp-content\\\/uploads\\\/2022\\\/01\\\/Ceausescu-tanar.jpeg\",\"contentUrl\":\"https:\\\/\\\/www.lovendal.ro\\\/wp52\\\/wp-content\\\/uploads\\\/2022\\\/01\\\/Ceausescu-tanar.jpeg\",\"width\":359,\"height\":337},{\"@type\":\"BreadcrumbList\",\"@id\":\"https:\\\/\\\/www.lovendal.ro\\\/wp52\\\/un-martor-descrie-cum-era-nicolae-ceausescu-in-tinerete-in-inchisoare-tuns-chilug-foarte-slab-balbait-aprig-imbracat-cu-haine-de-imprumut\\\/#breadcrumb\",\"itemListElement\":[{\"@type\":\"ListItem\",\"position\":1,\"name\":\"Home\",\"item\":\"https:\\\/\\\/www.lovendal.ro\\\/wp52\\\/\"},{\"@type\":\"ListItem\",\"position\":2,\"name\":\"Un martor descrie cum era Nicolae Ceau\u015fescu \u00een tinere\u0163e, \u00een \u00eenchisoare: &#8222;Tuns chilug, foarte slab, b\u00e2lb\u00e2it aprig, \u00eembr\u0103cat cu haine de \u00eemprumut&#8221;\"}]},{\"@type\":\"WebSite\",\"@id\":\"https:\\\/\\\/www.lovendal.ro\\\/wp52\\\/#website\",\"url\":\"https:\\\/\\\/www.lovendal.ro\\\/wp52\\\/\",\"name\":\"Secretele lui Lovendal\",\"description\":\"Site de secrete, stiinta si metafizica - din 2008 -\",\"publisher\":{\"@id\":\"https:\\\/\\\/www.lovendal.ro\\\/wp52\\\/#organization\"},\"potentialAction\":[{\"@type\":\"SearchAction\",\"target\":{\"@type\":\"EntryPoint\",\"urlTemplate\":\"https:\\\/\\\/www.lovendal.ro\\\/wp52\\\/?s={search_term_string}\"},\"query-input\":{\"@type\":\"PropertyValueSpecification\",\"valueRequired\":true,\"valueName\":\"search_term_string\"}}],\"inLanguage\":\"ro-RO\"},{\"@type\":\"Organization\",\"@id\":\"https:\\\/\\\/www.lovendal.ro\\\/wp52\\\/#organization\",\"name\":\"Secretele lui Lovendal\",\"url\":\"https:\\\/\\\/www.lovendal.ro\\\/wp52\\\/\",\"logo\":{\"@type\":\"ImageObject\",\"inLanguage\":\"ro-RO\",\"@id\":\"https:\\\/\\\/www.lovendal.ro\\\/wp52\\\/#\\\/schema\\\/logo\\\/image\\\/\",\"url\":\"https:\\\/\\\/www.lovendal.ro\\\/wp52\\\/wp-content\\\/uploads\\\/2024\\\/06\\\/cropped-SLL-iun-2024-1.jpg\",\"contentUrl\":\"https:\\\/\\\/www.lovendal.ro\\\/wp52\\\/wp-content\\\/uploads\\\/2024\\\/06\\\/cropped-SLL-iun-2024-1.jpg\",\"width\":771,\"height\":240,\"caption\":\"Secretele lui Lovendal\"},\"image\":{\"@id\":\"https:\\\/\\\/www.lovendal.ro\\\/wp52\\\/#\\\/schema\\\/logo\\\/image\\\/\"},\"sameAs\":[\"https:\\\/\\\/www.facebook.com\\\/secreteleluilovendal\"]},{\"@type\":\"Person\",\"@id\":\"https:\\\/\\\/www.lovendal.ro\\\/wp52\\\/#\\\/schema\\\/person\\\/088691de5dfc346bb0c023e1e52ef5d9\",\"name\":\"admin\",\"image\":{\"@type\":\"ImageObject\",\"inLanguage\":\"ro-RO\",\"@id\":\"https:\\\/\\\/secure.gravatar.com\\\/avatar\\\/ecb9cd41f5f63c9c9b989999a59f6e2639a865ec361e9db054db0679a8f341c2?s=96&d=mm&r=g\",\"url\":\"https:\\\/\\\/secure.gravatar.com\\\/avatar\\\/ecb9cd41f5f63c9c9b989999a59f6e2639a865ec361e9db054db0679a8f341c2?s=96&d=mm&r=g\",\"contentUrl\":\"https:\\\/\\\/secure.gravatar.com\\\/avatar\\\/ecb9cd41f5f63c9c9b989999a59f6e2639a865ec361e9db054db0679a8f341c2?s=96&d=mm&r=g\",\"caption\":\"admin\"},\"sameAs\":[\"https:\\\/\\\/www.lovendal.ro\\\/wp52\"]}]}<\/script>\n<!-- \/ Yoast SEO Premium plugin. -->","yoast_head_json":{"title":"Un martor descrie cum era Nicolae Ceau\u015fescu \u00een tinere\u0163e, \u00een \u00eenchisoare: \"Tuns chilug, foarte slab, b\u00e2lb\u00e2it aprig, \u00eembr\u0103cat cu haine de \u00eemprumut\" - Secretele lui Lovendal","robots":{"index":"index","follow":"follow","max-snippet":"max-snippet:-1","max-image-preview":"max-image-preview:large","max-video-preview":"max-video-preview:-1"},"canonical":"https:\/\/www.lovendal.ro\/wp52\/un-martor-descrie-cum-era-nicolae-ceausescu-in-tinerete-in-inchisoare-tuns-chilug-foarte-slab-balbait-aprig-imbracat-cu-haine-de-imprumut\/","og_locale":"ro_RO","og_type":"article","og_title":"Un martor descrie cum era Nicolae Ceau\u015fescu \u00een tinere\u0163e, \u00een \u00eenchisoare: \"Tuns chilug, foarte slab, b\u00e2lb\u00e2it aprig, \u00eembr\u0103cat cu haine de \u00eemprumut\"","og_description":"\u00cen anii &#8217;40, c\u00e2nd a fost \u00eenchis la Jilava, \u00eempreun\u0103 cu al\u0163i de\u0163inu\u0163i, t\u00e2n\u0103rul Nicolae Ceau\u015fescu este prezentat astfel de un martor. Citez din cartea lui Pavel C\u00e2mpeanu, \u00een cartea sa din 2002 &#8211; &#8222;Ceau\u015fescu, anii num\u0103r\u0103torii inverse&#8221;: &#8222;Tuns chilug, ... Cititi mai multe","og_url":"https:\/\/www.lovendal.ro\/wp52\/un-martor-descrie-cum-era-nicolae-ceausescu-in-tinerete-in-inchisoare-tuns-chilug-foarte-slab-balbait-aprig-imbracat-cu-haine-de-imprumut\/","og_site_name":"Secretele lui Lovendal","article_publisher":"https:\/\/www.facebook.com\/secreteleluilovendal","article_published_time":"2022-01-26T11:36:08+00:00","og_image":[{"width":359,"height":337,"url":"https:\/\/www.lovendal.ro\/wp52\/wp-content\/uploads\/2022\/01\/Ceausescu-tanar.jpeg","type":"image\/jpeg"}],"author":"admin","twitter_card":"summary_large_image","twitter_misc":{"Scris de":"admin","Timp estimat pentru citire":"1 minut"},"schema":{"@context":"https:\/\/schema.org","@graph":[{"@type":"Article","@id":"https:\/\/www.lovendal.ro\/wp52\/un-martor-descrie-cum-era-nicolae-ceausescu-in-tinerete-in-inchisoare-tuns-chilug-foarte-slab-balbait-aprig-imbracat-cu-haine-de-imprumut\/#article","isPartOf":{"@id":"https:\/\/www.lovendal.ro\/wp52\/un-martor-descrie-cum-era-nicolae-ceausescu-in-tinerete-in-inchisoare-tuns-chilug-foarte-slab-balbait-aprig-imbracat-cu-haine-de-imprumut\/"},"author":{"name":"admin","@id":"https:\/\/www.lovendal.ro\/wp52\/#\/schema\/person\/088691de5dfc346bb0c023e1e52ef5d9"},"headline":"Un martor descrie cum era Nicolae Ceau\u015fescu \u00een tinere\u0163e, \u00een \u00eenchisoare: &#8222;Tuns chilug, foarte slab, b\u00e2lb\u00e2it aprig, \u00eembr\u0103cat cu haine de \u00eemprumut&#8221;","datePublished":"2022-01-26T11:36:08+00:00","mainEntityOfPage":{"@id":"https:\/\/www.lovendal.ro\/wp52\/un-martor-descrie-cum-era-nicolae-ceausescu-in-tinerete-in-inchisoare-tuns-chilug-foarte-slab-balbait-aprig-imbracat-cu-haine-de-imprumut\/"},"wordCount":269,"commentCount":0,"publisher":{"@id":"https:\/\/www.lovendal.ro\/wp52\/#organization"},"image":{"@id":"https:\/\/www.lovendal.ro\/wp52\/un-martor-descrie-cum-era-nicolae-ceausescu-in-tinerete-in-inchisoare-tuns-chilug-foarte-slab-balbait-aprig-imbracat-cu-haine-de-imprumut\/#primaryimage"},"thumbnailUrl":"https:\/\/www.lovendal.ro\/wp52\/wp-content\/uploads\/2022\/01\/Ceausescu-tanar.jpeg","keywords":["carte","\u00eenchisoare","Istorie si Civilizatii","Jilava","marxist","Nicolae Ceau\u015fescu","Pavel C\u00e2mpeanu"],"articleSection":["Istorie si Civilizatii"],"inLanguage":"ro-RO","potentialAction":[{"@type":"CommentAction","name":"Comment","target":["https:\/\/www.lovendal.ro\/wp52\/un-martor-descrie-cum-era-nicolae-ceausescu-in-tinerete-in-inchisoare-tuns-chilug-foarte-slab-balbait-aprig-imbracat-cu-haine-de-imprumut\/#respond"]}]},{"@type":"WebPage","@id":"https:\/\/www.lovendal.ro\/wp52\/un-martor-descrie-cum-era-nicolae-ceausescu-in-tinerete-in-inchisoare-tuns-chilug-foarte-slab-balbait-aprig-imbracat-cu-haine-de-imprumut\/","url":"https:\/\/www.lovendal.ro\/wp52\/un-martor-descrie-cum-era-nicolae-ceausescu-in-tinerete-in-inchisoare-tuns-chilug-foarte-slab-balbait-aprig-imbracat-cu-haine-de-imprumut\/","name":"Un martor descrie cum era Nicolae Ceau\u015fescu \u00een tinere\u0163e, \u00een \u00eenchisoare: \"Tuns chilug, foarte slab, b\u00e2lb\u00e2it aprig, \u00eembr\u0103cat cu haine de \u00eemprumut\" - Secretele lui Lovendal","isPartOf":{"@id":"https:\/\/www.lovendal.ro\/wp52\/#website"},"primaryImageOfPage":{"@id":"https:\/\/www.lovendal.ro\/wp52\/un-martor-descrie-cum-era-nicolae-ceausescu-in-tinerete-in-inchisoare-tuns-chilug-foarte-slab-balbait-aprig-imbracat-cu-haine-de-imprumut\/#primaryimage"},"image":{"@id":"https:\/\/www.lovendal.ro\/wp52\/un-martor-descrie-cum-era-nicolae-ceausescu-in-tinerete-in-inchisoare-tuns-chilug-foarte-slab-balbait-aprig-imbracat-cu-haine-de-imprumut\/#primaryimage"},"thumbnailUrl":"https:\/\/www.lovendal.ro\/wp52\/wp-content\/uploads\/2022\/01\/Ceausescu-tanar.jpeg","datePublished":"2022-01-26T11:36:08+00:00","breadcrumb":{"@id":"https:\/\/www.lovendal.ro\/wp52\/un-martor-descrie-cum-era-nicolae-ceausescu-in-tinerete-in-inchisoare-tuns-chilug-foarte-slab-balbait-aprig-imbracat-cu-haine-de-imprumut\/#breadcrumb"},"inLanguage":"ro-RO","potentialAction":[{"@type":"ReadAction","target":["https:\/\/www.lovendal.ro\/wp52\/un-martor-descrie-cum-era-nicolae-ceausescu-in-tinerete-in-inchisoare-tuns-chilug-foarte-slab-balbait-aprig-imbracat-cu-haine-de-imprumut\/"]}]},{"@type":"ImageObject","inLanguage":"ro-RO","@id":"https:\/\/www.lovendal.ro\/wp52\/un-martor-descrie-cum-era-nicolae-ceausescu-in-tinerete-in-inchisoare-tuns-chilug-foarte-slab-balbait-aprig-imbracat-cu-haine-de-imprumut\/#primaryimage","url":"https:\/\/www.lovendal.ro\/wp52\/wp-content\/uploads\/2022\/01\/Ceausescu-tanar.jpeg","contentUrl":"https:\/\/www.lovendal.ro\/wp52\/wp-content\/uploads\/2022\/01\/Ceausescu-tanar.jpeg","width":359,"height":337},{"@type":"BreadcrumbList","@id":"https:\/\/www.lovendal.ro\/wp52\/un-martor-descrie-cum-era-nicolae-ceausescu-in-tinerete-in-inchisoare-tuns-chilug-foarte-slab-balbait-aprig-imbracat-cu-haine-de-imprumut\/#breadcrumb","itemListElement":[{"@type":"ListItem","position":1,"name":"Home","item":"https:\/\/www.lovendal.ro\/wp52\/"},{"@type":"ListItem","position":2,"name":"Un martor descrie cum era Nicolae Ceau\u015fescu \u00een tinere\u0163e, \u00een \u00eenchisoare: &#8222;Tuns chilug, foarte slab, b\u00e2lb\u00e2it aprig, \u00eembr\u0103cat cu haine de \u00eemprumut&#8221;"}]},{"@type":"WebSite","@id":"https:\/\/www.lovendal.ro\/wp52\/#website","url":"https:\/\/www.lovendal.ro\/wp52\/","name":"Secretele lui Lovendal","description":"Site de secrete, stiinta si metafizica - din 2008 -","publisher":{"@id":"https:\/\/www.lovendal.ro\/wp52\/#organization"},"potentialAction":[{"@type":"SearchAction","target":{"@type":"EntryPoint","urlTemplate":"https:\/\/www.lovendal.ro\/wp52\/?s={search_term_string}"},"query-input":{"@type":"PropertyValueSpecification","valueRequired":true,"valueName":"search_term_string"}}],"inLanguage":"ro-RO"},{"@type":"Organization","@id":"https:\/\/www.lovendal.ro\/wp52\/#organization","name":"Secretele lui Lovendal","url":"https:\/\/www.lovendal.ro\/wp52\/","logo":{"@type":"ImageObject","inLanguage":"ro-RO","@id":"https:\/\/www.lovendal.ro\/wp52\/#\/schema\/logo\/image\/","url":"https:\/\/www.lovendal.ro\/wp52\/wp-content\/uploads\/2024\/06\/cropped-SLL-iun-2024-1.jpg","contentUrl":"https:\/\/www.lovendal.ro\/wp52\/wp-content\/uploads\/2024\/06\/cropped-SLL-iun-2024-1.jpg","width":771,"height":240,"caption":"Secretele lui Lovendal"},"image":{"@id":"https:\/\/www.lovendal.ro\/wp52\/#\/schema\/logo\/image\/"},"sameAs":["https:\/\/www.facebook.com\/secreteleluilovendal"]},{"@type":"Person","@id":"https:\/\/www.lovendal.ro\/wp52\/#\/schema\/person\/088691de5dfc346bb0c023e1e52ef5d9","name":"admin","image":{"@type":"ImageObject","inLanguage":"ro-RO","@id":"https:\/\/secure.gravatar.com\/avatar\/ecb9cd41f5f63c9c9b989999a59f6e2639a865ec361e9db054db0679a8f341c2?s=96&d=mm&r=g","url":"https:\/\/secure.gravatar.com\/avatar\/ecb9cd41f5f63c9c9b989999a59f6e2639a865ec361e9db054db0679a8f341c2?s=96&d=mm&r=g","contentUrl":"https:\/\/secure.gravatar.com\/avatar\/ecb9cd41f5f63c9c9b989999a59f6e2639a865ec361e9db054db0679a8f341c2?s=96&d=mm&r=g","caption":"admin"},"sameAs":["https:\/\/www.lovendal.ro\/wp52"]}]}},"_links":{"self":[{"href":"https:\/\/www.lovendal.ro\/wp52\/wp-json\/wp\/v2\/posts\/79015","targetHints":{"allow":["GET"]}}],"collection":[{"href":"https:\/\/www.lovendal.ro\/wp52\/wp-json\/wp\/v2\/posts"}],"about":[{"href":"https:\/\/www.lovendal.ro\/wp52\/wp-json\/wp\/v2\/types\/post"}],"author":[{"embeddable":true,"href":"https:\/\/www.lovendal.ro\/wp52\/wp-json\/wp\/v2\/users\/1"}],"replies":[{"embeddable":true,"href":"https:\/\/www.lovendal.ro\/wp52\/wp-json\/wp\/v2\/comments?post=79015"}],"version-history":[{"count":0,"href":"https:\/\/www.lovendal.ro\/wp52\/wp-json\/wp\/v2\/posts\/79015\/revisions"}],"wp:featuredmedia":[{"embeddable":true,"href":"https:\/\/www.lovendal.ro\/wp52\/wp-json\/wp\/v2\/media\/79016"}],"wp:attachment":[{"href":"https:\/\/www.lovendal.ro\/wp52\/wp-json\/wp\/v2\/media?parent=79015"}],"wp:term":[{"taxonomy":"category","embeddable":true,"href":"https:\/\/www.lovendal.ro\/wp52\/wp-json\/wp\/v2\/categories?post=79015"},{"taxonomy":"post_tag","embeddable":true,"href":"https:\/\/www.lovendal.ro\/wp52\/wp-json\/wp\/v2\/tags?post=79015"}],"curies":[{"name":"wp","href":"https:\/\/api.w.org\/{rel}","templated":true}]}}