{"id":78964,"date":"2022-01-21T22:03:05","date_gmt":"2022-01-21T20:03:05","guid":{"rendered":"https:\/\/www.lovendal.ro\/wp52\/?p=78964"},"modified":"2022-01-21T22:03:05","modified_gmt":"2022-01-21T20:03:05","slug":"ce-faceau-eminescu-si-creanga-la-hanul-lui-topor-din-iasi","status":"publish","type":"post","link":"https:\/\/www.lovendal.ro\/wp52\/ce-faceau-eminescu-si-creanga-la-hanul-lui-topor-din-iasi\/","title":{"rendered":"Ce f\u0103ceau Eminescu \u015fi Creang\u0103 la &#8222;Hanul lui Topor&#8221; din Ia\u015fi?"},"content":{"rendered":"<p><a href=\"https:\/\/www.lovendal.ro\/wp52\/wp-content\/uploads\/2022\/01\/Creanga-Eminescu.jpg\"><img loading=\"lazy\" decoding=\"async\" class=\"alignleft size-full wp-image-78965\" src=\"https:\/\/www.lovendal.ro\/wp52\/wp-content\/uploads\/2022\/01\/Creanga-Eminescu.jpg\" alt=\"\" width=\"360\" height=\"340\" srcset=\"https:\/\/www.lovendal.ro\/wp52\/wp-content\/uploads\/2022\/01\/Creanga-Eminescu.jpg 360w, https:\/\/www.lovendal.ro\/wp52\/wp-content\/uploads\/2022\/01\/Creanga-Eminescu-300x283.jpg 300w\" sizes=\"auto, (max-width: 360px) 100vw, 360px\" \/><\/a>\u00cen Ia\u015fi, pe strada S\u0103r\u0103rie, exista odat\u0103 un han celebru, numit &#8222;Hanul lui Topor&#8221;. De ce celebru? Pentru c\u0103 pe vremuri era vizitat de personalit\u0103\u0163i cunoscute, ca nelipsi\u0163ii prieteni Mihai Eminescu \u015fi Ion Creang\u0103.<\/p>\n<p>Astfel, legenda spune c\u0103, dup\u0103 ce plecau de la Junimea, Eminescu \u015fi Creang\u0103 ajungeau la cr\u00e2\u015fma Hanul lui Topor. Acolo, cei doi nu se puneau pe b\u0103ut, cum spuneau unii, ci \u00ee\u0219i tr\u0103iau via\u021ba a\u0219a cum le pl\u0103cea lor, simpl\u0103 \u0219i natural\u0103. Cei doi se a\u015fezau \u00eentr-o odaie scund\u0103, \u00een fundul cr\u00e2\u0219mei, pe lavi\u021be de lemn, cu bra\u021bele rezemate de o mas\u0103 murdar\u0103, servi\u021bi de un b\u0103ie\u021bel de c\u00e2rcium\u0103. Cereau s\u0103 li se frig\u0103 o bucat\u0103 de pastram\u0103, cu ni\u0219te c\u00e2rna\u021bi cu usturoi al\u0103turi, mai cereau \u0219i o ulcic\u0103 de vin \u0219i, dup\u0103 ce m\u00e2ncau, st\u0103teau \u00eenaintea unui pahar cu vin toat\u0103 noaptea.<\/p>\n<p>Cei doi prieteni \u00ee\u015fi tr\u0103iau via\u0163a simpl\u0103 a\u015fa cum \u00ee\u015fi doreau, f\u0103r\u0103 prea multe griji&#8230; \u015ei culmea e c\u0103 \u00een 1889, dup\u0103 ce Eminescu muri, n-a trecut dec\u00e2t 1 an ca \u015fi prietenul s\u0103u, Creang\u0103, s\u0103 p\u0103r\u0103seasc\u0103 aceast\u0103 lume&#8230; \u00cen 1889, la auzirea ve\u0219tii c\u0103 Eminescu s-a stins din via\u021b\u0103, Ion Creang\u0103 fu v\u0103zut pl\u00e2ng\u00e2nd ca un copil \u0219i adormind cu cartea de poezii a lui Eminescu.<\/p>\n","protected":false},"excerpt":{"rendered":"<p>\u00cen Ia\u015fi, pe strada S\u0103r\u0103rie, exista odat\u0103 un han celebru, numit &#8222;Hanul lui Topor&#8221;. De ce celebru? Pentru c\u0103 pe vremuri era vizitat de personalit\u0103\u0163i cunoscute, ca nelipsi\u0163ii prieteni Mihai Eminescu \u015fi Ion Creang\u0103. Astfel, legenda spune c\u0103, dup\u0103 ce &#8230; <\/p>\n<p class=\"read-more-container\"><a title=\"Ce f\u0103ceau Eminescu \u015fi Creang\u0103 la &#8222;Hanul lui Topor&#8221; din Ia\u015fi?\" class=\"read-more button\" href=\"https:\/\/www.lovendal.ro\/wp52\/ce-faceau-eminescu-si-creanga-la-hanul-lui-topor-din-iasi\/#more-78964\" aria-label=\"Cite\u0219te mai multe despre Ce f\u0103ceau Eminescu \u015fi Creang\u0103 la &#8222;Hanul lui Topor&#8221; din Ia\u015fi?\">Cititi mai multe<\/a><\/p>\n","protected":false},"author":1,"featured_media":78965,"comment_status":"open","ping_status":"open","sticky":false,"template":"","format":"standard","meta":{"footnotes":""},"categories":[28],"tags":[1105,2794,9776,9798,213,5758,329,108,17499,17119,2648,543],"class_list":["post-78964","post","type-post","status-publish","format-standard","has-post-thumbnail","hentry","category-cultura","tag-carnati","tag-crasma","tag-creanga","tag-cultura","tag-eminescu","tag-han","tag-iasi","tag-moarte","tag-pastrama","tag-poezii","tag-usturoi","tag-vin","resize-featured-image"],"yoast_head":"<!-- This site is optimized with the Yoast SEO Premium plugin v23.3 (Yoast SEO v27.4) - https:\/\/yoast.com\/product\/yoast-seo-premium-wordpress\/ -->\n<title>Ce f\u0103ceau Eminescu \u015fi Creang\u0103 la &quot;Hanul lui Topor&quot; din Ia\u015fi? - Secretele lui Lovendal<\/title>\n<meta name=\"robots\" content=\"index, follow, max-snippet:-1, max-image-preview:large, max-video-preview:-1\" \/>\n<link rel=\"canonical\" href=\"https:\/\/www.lovendal.ro\/wp52\/ce-faceau-eminescu-si-creanga-la-hanul-lui-topor-din-iasi\/\" \/>\n<meta property=\"og:locale\" content=\"ro_RO\" \/>\n<meta property=\"og:type\" content=\"article\" \/>\n<meta property=\"og:title\" content=\"Ce f\u0103ceau Eminescu \u015fi Creang\u0103 la &quot;Hanul lui Topor&quot; din Ia\u015fi?\" \/>\n<meta property=\"og:description\" content=\"\u00cen Ia\u015fi, pe strada S\u0103r\u0103rie, exista odat\u0103 un han celebru, numit &#8222;Hanul lui Topor&#8221;. De ce celebru? Pentru c\u0103 pe vremuri era vizitat de personalit\u0103\u0163i cunoscute, ca nelipsi\u0163ii prieteni Mihai Eminescu \u015fi Ion Creang\u0103. Astfel, legenda spune c\u0103, dup\u0103 ce ... Cititi mai multe\" \/>\n<meta property=\"og:url\" content=\"https:\/\/www.lovendal.ro\/wp52\/ce-faceau-eminescu-si-creanga-la-hanul-lui-topor-din-iasi\/\" \/>\n<meta property=\"og:site_name\" content=\"Secretele lui Lovendal\" \/>\n<meta property=\"article:publisher\" content=\"https:\/\/www.facebook.com\/secreteleluilovendal\" \/>\n<meta property=\"article:published_time\" content=\"2022-01-21T20:03:05+00:00\" \/>\n<meta property=\"og:image\" content=\"https:\/\/www.lovendal.ro\/wp52\/wp-content\/uploads\/2022\/01\/Creanga-Eminescu.jpg\" \/>\n\t<meta property=\"og:image:width\" content=\"360\" \/>\n\t<meta property=\"og:image:height\" content=\"340\" \/>\n\t<meta property=\"og:image:type\" content=\"image\/jpeg\" \/>\n<meta name=\"author\" content=\"admin\" \/>\n<meta name=\"twitter:card\" content=\"summary_large_image\" \/>\n<meta name=\"twitter:label1\" content=\"Scris de\" \/>\n\t<meta name=\"twitter:data1\" content=\"admin\" \/>\n\t<meta name=\"twitter:label2\" content=\"Timp estimat pentru citire\" \/>\n\t<meta name=\"twitter:data2\" content=\"1 minut\" \/>\n<script type=\"application\/ld+json\" class=\"yoast-schema-graph\">{\"@context\":\"https:\\\/\\\/schema.org\",\"@graph\":[{\"@type\":\"Article\",\"@id\":\"https:\\\/\\\/www.lovendal.ro\\\/wp52\\\/ce-faceau-eminescu-si-creanga-la-hanul-lui-topor-din-iasi\\\/#article\",\"isPartOf\":{\"@id\":\"https:\\\/\\\/www.lovendal.ro\\\/wp52\\\/ce-faceau-eminescu-si-creanga-la-hanul-lui-topor-din-iasi\\\/\"},\"author\":{\"name\":\"admin\",\"@id\":\"https:\\\/\\\/www.lovendal.ro\\\/wp52\\\/#\\\/schema\\\/person\\\/088691de5dfc346bb0c023e1e52ef5d9\"},\"headline\":\"Ce f\u0103ceau Eminescu \u015fi Creang\u0103 la &#8222;Hanul lui Topor&#8221; din Ia\u015fi?\",\"datePublished\":\"2022-01-21T20:03:05+00:00\",\"mainEntityOfPage\":{\"@id\":\"https:\\\/\\\/www.lovendal.ro\\\/wp52\\\/ce-faceau-eminescu-si-creanga-la-hanul-lui-topor-din-iasi\\\/\"},\"wordCount\":251,\"commentCount\":0,\"publisher\":{\"@id\":\"https:\\\/\\\/www.lovendal.ro\\\/wp52\\\/#organization\"},\"image\":{\"@id\":\"https:\\\/\\\/www.lovendal.ro\\\/wp52\\\/ce-faceau-eminescu-si-creanga-la-hanul-lui-topor-din-iasi\\\/#primaryimage\"},\"thumbnailUrl\":\"https:\\\/\\\/www.lovendal.ro\\\/wp52\\\/wp-content\\\/uploads\\\/2022\\\/01\\\/Creanga-Eminescu.jpg\",\"keywords\":[\"c\u00e2rna\u0163i\",\"cr\u00e2\u015fm\u0103\",\"Creang\u0103\",\"Cultura\",\"Eminescu\",\"han\",\"Ia\u015fi\",\"moarte\",\"pastr\u0103m\u0103\",\"poezii\",\"usturoi\",\"vin\"],\"articleSection\":[\"Cultura\"],\"inLanguage\":\"ro-RO\",\"potentialAction\":[{\"@type\":\"CommentAction\",\"name\":\"Comment\",\"target\":[\"https:\\\/\\\/www.lovendal.ro\\\/wp52\\\/ce-faceau-eminescu-si-creanga-la-hanul-lui-topor-din-iasi\\\/#respond\"]}]},{\"@type\":\"WebPage\",\"@id\":\"https:\\\/\\\/www.lovendal.ro\\\/wp52\\\/ce-faceau-eminescu-si-creanga-la-hanul-lui-topor-din-iasi\\\/\",\"url\":\"https:\\\/\\\/www.lovendal.ro\\\/wp52\\\/ce-faceau-eminescu-si-creanga-la-hanul-lui-topor-din-iasi\\\/\",\"name\":\"Ce f\u0103ceau Eminescu \u015fi Creang\u0103 la \\\"Hanul lui Topor\\\" din Ia\u015fi? - Secretele lui Lovendal\",\"isPartOf\":{\"@id\":\"https:\\\/\\\/www.lovendal.ro\\\/wp52\\\/#website\"},\"primaryImageOfPage\":{\"@id\":\"https:\\\/\\\/www.lovendal.ro\\\/wp52\\\/ce-faceau-eminescu-si-creanga-la-hanul-lui-topor-din-iasi\\\/#primaryimage\"},\"image\":{\"@id\":\"https:\\\/\\\/www.lovendal.ro\\\/wp52\\\/ce-faceau-eminescu-si-creanga-la-hanul-lui-topor-din-iasi\\\/#primaryimage\"},\"thumbnailUrl\":\"https:\\\/\\\/www.lovendal.ro\\\/wp52\\\/wp-content\\\/uploads\\\/2022\\\/01\\\/Creanga-Eminescu.jpg\",\"datePublished\":\"2022-01-21T20:03:05+00:00\",\"breadcrumb\":{\"@id\":\"https:\\\/\\\/www.lovendal.ro\\\/wp52\\\/ce-faceau-eminescu-si-creanga-la-hanul-lui-topor-din-iasi\\\/#breadcrumb\"},\"inLanguage\":\"ro-RO\",\"potentialAction\":[{\"@type\":\"ReadAction\",\"target\":[\"https:\\\/\\\/www.lovendal.ro\\\/wp52\\\/ce-faceau-eminescu-si-creanga-la-hanul-lui-topor-din-iasi\\\/\"]}]},{\"@type\":\"ImageObject\",\"inLanguage\":\"ro-RO\",\"@id\":\"https:\\\/\\\/www.lovendal.ro\\\/wp52\\\/ce-faceau-eminescu-si-creanga-la-hanul-lui-topor-din-iasi\\\/#primaryimage\",\"url\":\"https:\\\/\\\/www.lovendal.ro\\\/wp52\\\/wp-content\\\/uploads\\\/2022\\\/01\\\/Creanga-Eminescu.jpg\",\"contentUrl\":\"https:\\\/\\\/www.lovendal.ro\\\/wp52\\\/wp-content\\\/uploads\\\/2022\\\/01\\\/Creanga-Eminescu.jpg\",\"width\":360,\"height\":340},{\"@type\":\"BreadcrumbList\",\"@id\":\"https:\\\/\\\/www.lovendal.ro\\\/wp52\\\/ce-faceau-eminescu-si-creanga-la-hanul-lui-topor-din-iasi\\\/#breadcrumb\",\"itemListElement\":[{\"@type\":\"ListItem\",\"position\":1,\"name\":\"Home\",\"item\":\"https:\\\/\\\/www.lovendal.ro\\\/wp52\\\/\"},{\"@type\":\"ListItem\",\"position\":2,\"name\":\"Ce f\u0103ceau Eminescu \u015fi Creang\u0103 la &#8222;Hanul lui Topor&#8221; din Ia\u015fi?\"}]},{\"@type\":\"WebSite\",\"@id\":\"https:\\\/\\\/www.lovendal.ro\\\/wp52\\\/#website\",\"url\":\"https:\\\/\\\/www.lovendal.ro\\\/wp52\\\/\",\"name\":\"Secretele lui Lovendal\",\"description\":\"Site de secrete, stiinta si metafizica - din 2008 -\",\"publisher\":{\"@id\":\"https:\\\/\\\/www.lovendal.ro\\\/wp52\\\/#organization\"},\"potentialAction\":[{\"@type\":\"SearchAction\",\"target\":{\"@type\":\"EntryPoint\",\"urlTemplate\":\"https:\\\/\\\/www.lovendal.ro\\\/wp52\\\/?s={search_term_string}\"},\"query-input\":{\"@type\":\"PropertyValueSpecification\",\"valueRequired\":true,\"valueName\":\"search_term_string\"}}],\"inLanguage\":\"ro-RO\"},{\"@type\":\"Organization\",\"@id\":\"https:\\\/\\\/www.lovendal.ro\\\/wp52\\\/#organization\",\"name\":\"Secretele lui Lovendal\",\"url\":\"https:\\\/\\\/www.lovendal.ro\\\/wp52\\\/\",\"logo\":{\"@type\":\"ImageObject\",\"inLanguage\":\"ro-RO\",\"@id\":\"https:\\\/\\\/www.lovendal.ro\\\/wp52\\\/#\\\/schema\\\/logo\\\/image\\\/\",\"url\":\"https:\\\/\\\/www.lovendal.ro\\\/wp52\\\/wp-content\\\/uploads\\\/2024\\\/06\\\/cropped-SLL-iun-2024-1.jpg\",\"contentUrl\":\"https:\\\/\\\/www.lovendal.ro\\\/wp52\\\/wp-content\\\/uploads\\\/2024\\\/06\\\/cropped-SLL-iun-2024-1.jpg\",\"width\":771,\"height\":240,\"caption\":\"Secretele lui Lovendal\"},\"image\":{\"@id\":\"https:\\\/\\\/www.lovendal.ro\\\/wp52\\\/#\\\/schema\\\/logo\\\/image\\\/\"},\"sameAs\":[\"https:\\\/\\\/www.facebook.com\\\/secreteleluilovendal\"]},{\"@type\":\"Person\",\"@id\":\"https:\\\/\\\/www.lovendal.ro\\\/wp52\\\/#\\\/schema\\\/person\\\/088691de5dfc346bb0c023e1e52ef5d9\",\"name\":\"admin\",\"image\":{\"@type\":\"ImageObject\",\"inLanguage\":\"ro-RO\",\"@id\":\"https:\\\/\\\/secure.gravatar.com\\\/avatar\\\/ecb9cd41f5f63c9c9b989999a59f6e2639a865ec361e9db054db0679a8f341c2?s=96&d=mm&r=g\",\"url\":\"https:\\\/\\\/secure.gravatar.com\\\/avatar\\\/ecb9cd41f5f63c9c9b989999a59f6e2639a865ec361e9db054db0679a8f341c2?s=96&d=mm&r=g\",\"contentUrl\":\"https:\\\/\\\/secure.gravatar.com\\\/avatar\\\/ecb9cd41f5f63c9c9b989999a59f6e2639a865ec361e9db054db0679a8f341c2?s=96&d=mm&r=g\",\"caption\":\"admin\"},\"sameAs\":[\"https:\\\/\\\/www.lovendal.ro\\\/wp52\"]}]}<\/script>\n<!-- \/ Yoast SEO Premium plugin. -->","yoast_head_json":{"title":"Ce f\u0103ceau Eminescu \u015fi Creang\u0103 la \"Hanul lui Topor\" din Ia\u015fi? - Secretele lui Lovendal","robots":{"index":"index","follow":"follow","max-snippet":"max-snippet:-1","max-image-preview":"max-image-preview:large","max-video-preview":"max-video-preview:-1"},"canonical":"https:\/\/www.lovendal.ro\/wp52\/ce-faceau-eminescu-si-creanga-la-hanul-lui-topor-din-iasi\/","og_locale":"ro_RO","og_type":"article","og_title":"Ce f\u0103ceau Eminescu \u015fi Creang\u0103 la \"Hanul lui Topor\" din Ia\u015fi?","og_description":"\u00cen Ia\u015fi, pe strada S\u0103r\u0103rie, exista odat\u0103 un han celebru, numit &#8222;Hanul lui Topor&#8221;. De ce celebru? Pentru c\u0103 pe vremuri era vizitat de personalit\u0103\u0163i cunoscute, ca nelipsi\u0163ii prieteni Mihai Eminescu \u015fi Ion Creang\u0103. Astfel, legenda spune c\u0103, dup\u0103 ce ... Cititi mai multe","og_url":"https:\/\/www.lovendal.ro\/wp52\/ce-faceau-eminescu-si-creanga-la-hanul-lui-topor-din-iasi\/","og_site_name":"Secretele lui Lovendal","article_publisher":"https:\/\/www.facebook.com\/secreteleluilovendal","article_published_time":"2022-01-21T20:03:05+00:00","og_image":[{"width":360,"height":340,"url":"https:\/\/www.lovendal.ro\/wp52\/wp-content\/uploads\/2022\/01\/Creanga-Eminescu.jpg","type":"image\/jpeg"}],"author":"admin","twitter_card":"summary_large_image","twitter_misc":{"Scris de":"admin","Timp estimat pentru citire":"1 minut"},"schema":{"@context":"https:\/\/schema.org","@graph":[{"@type":"Article","@id":"https:\/\/www.lovendal.ro\/wp52\/ce-faceau-eminescu-si-creanga-la-hanul-lui-topor-din-iasi\/#article","isPartOf":{"@id":"https:\/\/www.lovendal.ro\/wp52\/ce-faceau-eminescu-si-creanga-la-hanul-lui-topor-din-iasi\/"},"author":{"name":"admin","@id":"https:\/\/www.lovendal.ro\/wp52\/#\/schema\/person\/088691de5dfc346bb0c023e1e52ef5d9"},"headline":"Ce f\u0103ceau Eminescu \u015fi Creang\u0103 la &#8222;Hanul lui Topor&#8221; din Ia\u015fi?","datePublished":"2022-01-21T20:03:05+00:00","mainEntityOfPage":{"@id":"https:\/\/www.lovendal.ro\/wp52\/ce-faceau-eminescu-si-creanga-la-hanul-lui-topor-din-iasi\/"},"wordCount":251,"commentCount":0,"publisher":{"@id":"https:\/\/www.lovendal.ro\/wp52\/#organization"},"image":{"@id":"https:\/\/www.lovendal.ro\/wp52\/ce-faceau-eminescu-si-creanga-la-hanul-lui-topor-din-iasi\/#primaryimage"},"thumbnailUrl":"https:\/\/www.lovendal.ro\/wp52\/wp-content\/uploads\/2022\/01\/Creanga-Eminescu.jpg","keywords":["c\u00e2rna\u0163i","cr\u00e2\u015fm\u0103","Creang\u0103","Cultura","Eminescu","han","Ia\u015fi","moarte","pastr\u0103m\u0103","poezii","usturoi","vin"],"articleSection":["Cultura"],"inLanguage":"ro-RO","potentialAction":[{"@type":"CommentAction","name":"Comment","target":["https:\/\/www.lovendal.ro\/wp52\/ce-faceau-eminescu-si-creanga-la-hanul-lui-topor-din-iasi\/#respond"]}]},{"@type":"WebPage","@id":"https:\/\/www.lovendal.ro\/wp52\/ce-faceau-eminescu-si-creanga-la-hanul-lui-topor-din-iasi\/","url":"https:\/\/www.lovendal.ro\/wp52\/ce-faceau-eminescu-si-creanga-la-hanul-lui-topor-din-iasi\/","name":"Ce f\u0103ceau Eminescu \u015fi Creang\u0103 la \"Hanul lui Topor\" din Ia\u015fi? - Secretele lui Lovendal","isPartOf":{"@id":"https:\/\/www.lovendal.ro\/wp52\/#website"},"primaryImageOfPage":{"@id":"https:\/\/www.lovendal.ro\/wp52\/ce-faceau-eminescu-si-creanga-la-hanul-lui-topor-din-iasi\/#primaryimage"},"image":{"@id":"https:\/\/www.lovendal.ro\/wp52\/ce-faceau-eminescu-si-creanga-la-hanul-lui-topor-din-iasi\/#primaryimage"},"thumbnailUrl":"https:\/\/www.lovendal.ro\/wp52\/wp-content\/uploads\/2022\/01\/Creanga-Eminescu.jpg","datePublished":"2022-01-21T20:03:05+00:00","breadcrumb":{"@id":"https:\/\/www.lovendal.ro\/wp52\/ce-faceau-eminescu-si-creanga-la-hanul-lui-topor-din-iasi\/#breadcrumb"},"inLanguage":"ro-RO","potentialAction":[{"@type":"ReadAction","target":["https:\/\/www.lovendal.ro\/wp52\/ce-faceau-eminescu-si-creanga-la-hanul-lui-topor-din-iasi\/"]}]},{"@type":"ImageObject","inLanguage":"ro-RO","@id":"https:\/\/www.lovendal.ro\/wp52\/ce-faceau-eminescu-si-creanga-la-hanul-lui-topor-din-iasi\/#primaryimage","url":"https:\/\/www.lovendal.ro\/wp52\/wp-content\/uploads\/2022\/01\/Creanga-Eminescu.jpg","contentUrl":"https:\/\/www.lovendal.ro\/wp52\/wp-content\/uploads\/2022\/01\/Creanga-Eminescu.jpg","width":360,"height":340},{"@type":"BreadcrumbList","@id":"https:\/\/www.lovendal.ro\/wp52\/ce-faceau-eminescu-si-creanga-la-hanul-lui-topor-din-iasi\/#breadcrumb","itemListElement":[{"@type":"ListItem","position":1,"name":"Home","item":"https:\/\/www.lovendal.ro\/wp52\/"},{"@type":"ListItem","position":2,"name":"Ce f\u0103ceau Eminescu \u015fi Creang\u0103 la &#8222;Hanul lui Topor&#8221; din Ia\u015fi?"}]},{"@type":"WebSite","@id":"https:\/\/www.lovendal.ro\/wp52\/#website","url":"https:\/\/www.lovendal.ro\/wp52\/","name":"Secretele lui Lovendal","description":"Site de secrete, stiinta si metafizica - din 2008 -","publisher":{"@id":"https:\/\/www.lovendal.ro\/wp52\/#organization"},"potentialAction":[{"@type":"SearchAction","target":{"@type":"EntryPoint","urlTemplate":"https:\/\/www.lovendal.ro\/wp52\/?s={search_term_string}"},"query-input":{"@type":"PropertyValueSpecification","valueRequired":true,"valueName":"search_term_string"}}],"inLanguage":"ro-RO"},{"@type":"Organization","@id":"https:\/\/www.lovendal.ro\/wp52\/#organization","name":"Secretele lui Lovendal","url":"https:\/\/www.lovendal.ro\/wp52\/","logo":{"@type":"ImageObject","inLanguage":"ro-RO","@id":"https:\/\/www.lovendal.ro\/wp52\/#\/schema\/logo\/image\/","url":"https:\/\/www.lovendal.ro\/wp52\/wp-content\/uploads\/2024\/06\/cropped-SLL-iun-2024-1.jpg","contentUrl":"https:\/\/www.lovendal.ro\/wp52\/wp-content\/uploads\/2024\/06\/cropped-SLL-iun-2024-1.jpg","width":771,"height":240,"caption":"Secretele lui Lovendal"},"image":{"@id":"https:\/\/www.lovendal.ro\/wp52\/#\/schema\/logo\/image\/"},"sameAs":["https:\/\/www.facebook.com\/secreteleluilovendal"]},{"@type":"Person","@id":"https:\/\/www.lovendal.ro\/wp52\/#\/schema\/person\/088691de5dfc346bb0c023e1e52ef5d9","name":"admin","image":{"@type":"ImageObject","inLanguage":"ro-RO","@id":"https:\/\/secure.gravatar.com\/avatar\/ecb9cd41f5f63c9c9b989999a59f6e2639a865ec361e9db054db0679a8f341c2?s=96&d=mm&r=g","url":"https:\/\/secure.gravatar.com\/avatar\/ecb9cd41f5f63c9c9b989999a59f6e2639a865ec361e9db054db0679a8f341c2?s=96&d=mm&r=g","contentUrl":"https:\/\/secure.gravatar.com\/avatar\/ecb9cd41f5f63c9c9b989999a59f6e2639a865ec361e9db054db0679a8f341c2?s=96&d=mm&r=g","caption":"admin"},"sameAs":["https:\/\/www.lovendal.ro\/wp52"]}]}},"_links":{"self":[{"href":"https:\/\/www.lovendal.ro\/wp52\/wp-json\/wp\/v2\/posts\/78964","targetHints":{"allow":["GET"]}}],"collection":[{"href":"https:\/\/www.lovendal.ro\/wp52\/wp-json\/wp\/v2\/posts"}],"about":[{"href":"https:\/\/www.lovendal.ro\/wp52\/wp-json\/wp\/v2\/types\/post"}],"author":[{"embeddable":true,"href":"https:\/\/www.lovendal.ro\/wp52\/wp-json\/wp\/v2\/users\/1"}],"replies":[{"embeddable":true,"href":"https:\/\/www.lovendal.ro\/wp52\/wp-json\/wp\/v2\/comments?post=78964"}],"version-history":[{"count":0,"href":"https:\/\/www.lovendal.ro\/wp52\/wp-json\/wp\/v2\/posts\/78964\/revisions"}],"wp:featuredmedia":[{"embeddable":true,"href":"https:\/\/www.lovendal.ro\/wp52\/wp-json\/wp\/v2\/media\/78965"}],"wp:attachment":[{"href":"https:\/\/www.lovendal.ro\/wp52\/wp-json\/wp\/v2\/media?parent=78964"}],"wp:term":[{"taxonomy":"category","embeddable":true,"href":"https:\/\/www.lovendal.ro\/wp52\/wp-json\/wp\/v2\/categories?post=78964"},{"taxonomy":"post_tag","embeddable":true,"href":"https:\/\/www.lovendal.ro\/wp52\/wp-json\/wp\/v2\/tags?post=78964"}],"curies":[{"name":"wp","href":"https:\/\/api.w.org\/{rel}","templated":true}]}}