{"id":78858,"date":"2022-01-12T15:17:40","date_gmt":"2022-01-12T13:17:40","guid":{"rendered":"https:\/\/www.lovendal.ro\/wp52\/?p=78858"},"modified":"2022-01-12T15:18:38","modified_gmt":"2022-01-12T13:18:38","slug":"presedintele-turkmenistanului-vrea-sa-distruga-poarta-catre-iad-de-ce","status":"publish","type":"post","link":"https:\/\/www.lovendal.ro\/wp52\/presedintele-turkmenistanului-vrea-sa-distruga-poarta-catre-iad-de-ce\/","title":{"rendered":"Pre\u015fedintele Turkmenistanului vrea s\u0103 distrug\u0103 &#8222;poarta c\u0103tre iad&#8221;! De ce?"},"content":{"rendered":"<p><a href=\"https:\/\/www.lovendal.ro\/wp52\/wp-content\/uploads\/2022\/01\/poarta-catre-iad.jpg\"><img loading=\"lazy\" decoding=\"async\" class=\"alignleft size-full wp-image-78859\" src=\"https:\/\/www.lovendal.ro\/wp52\/wp-content\/uploads\/2022\/01\/poarta-catre-iad.jpg\" alt=\"\" width=\"340\" height=\"205\" srcset=\"https:\/\/www.lovendal.ro\/wp52\/wp-content\/uploads\/2022\/01\/poarta-catre-iad.jpg 340w, https:\/\/www.lovendal.ro\/wp52\/wp-content\/uploads\/2022\/01\/poarta-catre-iad-300x181.jpg 300w\" sizes=\"auto, (max-width: 340px) 100vw, 340px\" \/><\/a>\u00cen prezent se depun eforturi pentru stingerea unei gropi de foc impresionante, care atrage mii de turi\u0219ti \u00een fiecare an. Situat\u0103 \u00een Derweze, provincia Ahal (Turkmenistan), groapa care arde permanent \u0219i-a primit porecla terifiant\u0103 de &#8222;Poarta c\u0103tre iad&#8221;, datorit\u0103 aspectului s\u0103u infernal \u0219i pentru c\u0103 a r\u0103mas \u00een fl\u0103c\u0103ri de mai bine de 40 de ani.<\/p>\n<p>Se pare c\u0103 groapa a fost deschis\u0103 de inginerii sovietici, dup\u0103 ce o instala\u021bie de foraj pe care au instalat-o s-a pr\u0103bu\u0219it \u00eentr-un crater mare. Preocupa\u021bi de eliberarea de vapori toxici, ei au dat foc gazului, crez\u00e2nd c\u0103 tot gazul va arde \u00een c\u00e2teva s\u0103pt\u0103m\u00e2ni, dar \u00een schimb a r\u0103mas aprins mai bine de patru decenii.<\/p>\n<p>Acum \u00eens\u0103, pre\u0219edintele Turkmenistanului, Gurbanguly Berdymukhamedov, a declarat c\u0103 \u201ePoarta c\u0103tre iad\u201d urmeaz\u0103 s\u0103 fie stins\u0103, pun\u00e2nd cap\u0103t infernului odat\u0103 pentru totdeauna. <em>&#8222;Craterul afecteaz\u0103 negativ at\u00e2t mediul, c\u00e2t \u0219i s\u0103n\u0103tatea oamenilor care locuiesc \u00een apropiere&#8221;<\/em>, a spus el \u00een timpul unui discurs recent la televizor. <em>&#8222;Pierdem resurse naturale valoroase pentru care am putea ob\u021bine profituri semnificative, care s\u0103 le folosim pentru a \u00eembun\u0103t\u0103\u021bi bun\u0103starea poporului nostru&#8221;.<\/em><\/p>\n<p>Exist\u0103 totu\u0219i o problem\u0103 &#8211; Berdymukhamedov, cu mul\u0163i ani \u00een urm\u0103, a instruit mai mul\u0163i exper\u021bi s\u0103 g\u0103seasc\u0103 o modalitate de a stinge incendiul p\u00e2n\u0103 \u00een 2010, dar nu au reu\u0219it s\u0103 se g\u0103seasc\u0103 o solu\u021bie. R\u0103m\u00e2ne de v\u0103zut dac\u0103 lucrurile vor fi altfel de data aceasta.<\/p>\n<p><em><strong>Sursa<\/strong><\/em> (traducerea \u015fi adaptarea proprie): <a href=\"https:\/\/www.msn.com\/en-gb\/news\/world\/gateway-to-hell-to-be-extinguished-turkmenistan-president-orders\/ar-AASznN1?\" target=\"_blank\" rel=\"noopener\"><strong>msn.com<\/strong><\/a><\/p>\n","protected":false},"excerpt":{"rendered":"<p>\u00cen prezent se depun eforturi pentru stingerea unei gropi de foc impresionante, care atrage mii de turi\u0219ti \u00een fiecare an. Situat\u0103 \u00een Derweze, provincia Ahal (Turkmenistan), groapa care arde permanent \u0219i-a primit porecla terifiant\u0103 de &#8222;Poarta c\u0103tre iad&#8221;, datorit\u0103 aspectului &#8230; <\/p>\n<p class=\"read-more-container\"><a title=\"Pre\u015fedintele Turkmenistanului vrea s\u0103 distrug\u0103 &#8222;poarta c\u0103tre iad&#8221;! De ce?\" class=\"read-more button\" href=\"https:\/\/www.lovendal.ro\/wp52\/presedintele-turkmenistanului-vrea-sa-distruga-poarta-catre-iad-de-ce\/#more-78858\" aria-label=\"Cite\u0219te mai multe despre Pre\u015fedintele Turkmenistanului vrea s\u0103 distrug\u0103 &#8222;poarta c\u0103tre iad&#8221;! De ce?\">Cititi mai multe<\/a><\/p>\n","protected":false},"author":1,"featured_media":78859,"comment_status":"open","ping_status":"open","sticky":false,"template":"","format":"standard","meta":{"footnotes":""},"categories":[1770],"tags":[3459,949,2693,9807,7986,1923,11307,17483,190,1871,6081],"class_list":["post-78858","post","type-post","status-publish","format-standard","has-post-thumbnail","hentry","category-geografie-feologie","tag-crater","tag-foc","tag-gaze","tag-geografie-geologie","tag-groapa","tag-iad","tag-ingineri","tag-poarta-catre-iad","tag-presedinte","tag-televizor","tag-turkmenistan","resize-featured-image"],"yoast_head":"<!-- This site is optimized with the Yoast SEO Premium plugin v23.3 (Yoast SEO v27.4) - https:\/\/yoast.com\/product\/yoast-seo-premium-wordpress\/ -->\n<title>Pre\u015fedintele Turkmenistanului vrea s\u0103 distrug\u0103 &quot;poarta c\u0103tre iad&quot;! De ce? - Secretele lui Lovendal<\/title>\n<meta name=\"robots\" content=\"index, follow, max-snippet:-1, max-image-preview:large, max-video-preview:-1\" \/>\n<link rel=\"canonical\" href=\"https:\/\/www.lovendal.ro\/wp52\/presedintele-turkmenistanului-vrea-sa-distruga-poarta-catre-iad-de-ce\/\" \/>\n<meta property=\"og:locale\" content=\"ro_RO\" \/>\n<meta property=\"og:type\" content=\"article\" \/>\n<meta property=\"og:title\" content=\"Pre\u015fedintele Turkmenistanului vrea s\u0103 distrug\u0103 &quot;poarta c\u0103tre iad&quot;! De ce?\" \/>\n<meta property=\"og:description\" content=\"\u00cen prezent se depun eforturi pentru stingerea unei gropi de foc impresionante, care atrage mii de turi\u0219ti \u00een fiecare an. Situat\u0103 \u00een Derweze, provincia Ahal (Turkmenistan), groapa care arde permanent \u0219i-a primit porecla terifiant\u0103 de &#8222;Poarta c\u0103tre iad&#8221;, datorit\u0103 aspectului ... Cititi mai multe\" \/>\n<meta property=\"og:url\" content=\"https:\/\/www.lovendal.ro\/wp52\/presedintele-turkmenistanului-vrea-sa-distruga-poarta-catre-iad-de-ce\/\" \/>\n<meta property=\"og:site_name\" content=\"Secretele lui Lovendal\" \/>\n<meta property=\"article:publisher\" content=\"https:\/\/www.facebook.com\/secreteleluilovendal\" \/>\n<meta property=\"article:published_time\" content=\"2022-01-12T13:17:40+00:00\" \/>\n<meta property=\"article:modified_time\" content=\"2022-01-12T13:18:38+00:00\" \/>\n<meta property=\"og:image\" content=\"https:\/\/www.lovendal.ro\/wp52\/wp-content\/uploads\/2022\/01\/poarta-catre-iad.jpg\" \/>\n\t<meta property=\"og:image:width\" content=\"340\" \/>\n\t<meta property=\"og:image:height\" content=\"205\" \/>\n\t<meta property=\"og:image:type\" content=\"image\/jpeg\" \/>\n<meta name=\"author\" content=\"admin\" \/>\n<meta name=\"twitter:card\" content=\"summary_large_image\" \/>\n<meta name=\"twitter:label1\" content=\"Scris de\" \/>\n\t<meta name=\"twitter:data1\" content=\"admin\" \/>\n\t<meta name=\"twitter:label2\" content=\"Timp estimat pentru citire\" \/>\n\t<meta name=\"twitter:data2\" content=\"1 minut\" \/>\n<script type=\"application\/ld+json\" class=\"yoast-schema-graph\">{\"@context\":\"https:\\\/\\\/schema.org\",\"@graph\":[{\"@type\":\"Article\",\"@id\":\"https:\\\/\\\/www.lovendal.ro\\\/wp52\\\/presedintele-turkmenistanului-vrea-sa-distruga-poarta-catre-iad-de-ce\\\/#article\",\"isPartOf\":{\"@id\":\"https:\\\/\\\/www.lovendal.ro\\\/wp52\\\/presedintele-turkmenistanului-vrea-sa-distruga-poarta-catre-iad-de-ce\\\/\"},\"author\":{\"name\":\"admin\",\"@id\":\"https:\\\/\\\/www.lovendal.ro\\\/wp52\\\/#\\\/schema\\\/person\\\/088691de5dfc346bb0c023e1e52ef5d9\"},\"headline\":\"Pre\u015fedintele Turkmenistanului vrea s\u0103 distrug\u0103 &#8222;poarta c\u0103tre iad&#8221;! De ce?\",\"datePublished\":\"2022-01-12T13:17:40+00:00\",\"dateModified\":\"2022-01-12T13:18:38+00:00\",\"mainEntityOfPage\":{\"@id\":\"https:\\\/\\\/www.lovendal.ro\\\/wp52\\\/presedintele-turkmenistanului-vrea-sa-distruga-poarta-catre-iad-de-ce\\\/\"},\"wordCount\":282,\"commentCount\":0,\"publisher\":{\"@id\":\"https:\\\/\\\/www.lovendal.ro\\\/wp52\\\/#organization\"},\"image\":{\"@id\":\"https:\\\/\\\/www.lovendal.ro\\\/wp52\\\/presedintele-turkmenistanului-vrea-sa-distruga-poarta-catre-iad-de-ce\\\/#primaryimage\"},\"thumbnailUrl\":\"https:\\\/\\\/www.lovendal.ro\\\/wp52\\\/wp-content\\\/uploads\\\/2022\\\/01\\\/poarta-catre-iad.jpg\",\"keywords\":[\"crater\",\"foc\",\"gaze\",\"Geografie - Geologie\",\"groap\u0103\",\"iad\",\"ingineri\",\"Poarta c\u0103tre iad\",\"pre\u015fedinte\",\"televizor\",\"Turkmenistan\"],\"articleSection\":[\"Geografie - Geologie\"],\"inLanguage\":\"ro-RO\",\"potentialAction\":[{\"@type\":\"CommentAction\",\"name\":\"Comment\",\"target\":[\"https:\\\/\\\/www.lovendal.ro\\\/wp52\\\/presedintele-turkmenistanului-vrea-sa-distruga-poarta-catre-iad-de-ce\\\/#respond\"]}]},{\"@type\":\"WebPage\",\"@id\":\"https:\\\/\\\/www.lovendal.ro\\\/wp52\\\/presedintele-turkmenistanului-vrea-sa-distruga-poarta-catre-iad-de-ce\\\/\",\"url\":\"https:\\\/\\\/www.lovendal.ro\\\/wp52\\\/presedintele-turkmenistanului-vrea-sa-distruga-poarta-catre-iad-de-ce\\\/\",\"name\":\"Pre\u015fedintele Turkmenistanului vrea s\u0103 distrug\u0103 \\\"poarta c\u0103tre iad\\\"! De ce? - Secretele lui Lovendal\",\"isPartOf\":{\"@id\":\"https:\\\/\\\/www.lovendal.ro\\\/wp52\\\/#website\"},\"primaryImageOfPage\":{\"@id\":\"https:\\\/\\\/www.lovendal.ro\\\/wp52\\\/presedintele-turkmenistanului-vrea-sa-distruga-poarta-catre-iad-de-ce\\\/#primaryimage\"},\"image\":{\"@id\":\"https:\\\/\\\/www.lovendal.ro\\\/wp52\\\/presedintele-turkmenistanului-vrea-sa-distruga-poarta-catre-iad-de-ce\\\/#primaryimage\"},\"thumbnailUrl\":\"https:\\\/\\\/www.lovendal.ro\\\/wp52\\\/wp-content\\\/uploads\\\/2022\\\/01\\\/poarta-catre-iad.jpg\",\"datePublished\":\"2022-01-12T13:17:40+00:00\",\"dateModified\":\"2022-01-12T13:18:38+00:00\",\"breadcrumb\":{\"@id\":\"https:\\\/\\\/www.lovendal.ro\\\/wp52\\\/presedintele-turkmenistanului-vrea-sa-distruga-poarta-catre-iad-de-ce\\\/#breadcrumb\"},\"inLanguage\":\"ro-RO\",\"potentialAction\":[{\"@type\":\"ReadAction\",\"target\":[\"https:\\\/\\\/www.lovendal.ro\\\/wp52\\\/presedintele-turkmenistanului-vrea-sa-distruga-poarta-catre-iad-de-ce\\\/\"]}]},{\"@type\":\"ImageObject\",\"inLanguage\":\"ro-RO\",\"@id\":\"https:\\\/\\\/www.lovendal.ro\\\/wp52\\\/presedintele-turkmenistanului-vrea-sa-distruga-poarta-catre-iad-de-ce\\\/#primaryimage\",\"url\":\"https:\\\/\\\/www.lovendal.ro\\\/wp52\\\/wp-content\\\/uploads\\\/2022\\\/01\\\/poarta-catre-iad.jpg\",\"contentUrl\":\"https:\\\/\\\/www.lovendal.ro\\\/wp52\\\/wp-content\\\/uploads\\\/2022\\\/01\\\/poarta-catre-iad.jpg\",\"width\":340,\"height\":205},{\"@type\":\"BreadcrumbList\",\"@id\":\"https:\\\/\\\/www.lovendal.ro\\\/wp52\\\/presedintele-turkmenistanului-vrea-sa-distruga-poarta-catre-iad-de-ce\\\/#breadcrumb\",\"itemListElement\":[{\"@type\":\"ListItem\",\"position\":1,\"name\":\"Home\",\"item\":\"https:\\\/\\\/www.lovendal.ro\\\/wp52\\\/\"},{\"@type\":\"ListItem\",\"position\":2,\"name\":\"Pre\u015fedintele Turkmenistanului vrea s\u0103 distrug\u0103 &#8222;poarta c\u0103tre iad&#8221;! De ce?\"}]},{\"@type\":\"WebSite\",\"@id\":\"https:\\\/\\\/www.lovendal.ro\\\/wp52\\\/#website\",\"url\":\"https:\\\/\\\/www.lovendal.ro\\\/wp52\\\/\",\"name\":\"Secretele lui Lovendal\",\"description\":\"Site de secrete, stiinta si metafizica - din 2008 -\",\"publisher\":{\"@id\":\"https:\\\/\\\/www.lovendal.ro\\\/wp52\\\/#organization\"},\"potentialAction\":[{\"@type\":\"SearchAction\",\"target\":{\"@type\":\"EntryPoint\",\"urlTemplate\":\"https:\\\/\\\/www.lovendal.ro\\\/wp52\\\/?s={search_term_string}\"},\"query-input\":{\"@type\":\"PropertyValueSpecification\",\"valueRequired\":true,\"valueName\":\"search_term_string\"}}],\"inLanguage\":\"ro-RO\"},{\"@type\":\"Organization\",\"@id\":\"https:\\\/\\\/www.lovendal.ro\\\/wp52\\\/#organization\",\"name\":\"Secretele lui Lovendal\",\"url\":\"https:\\\/\\\/www.lovendal.ro\\\/wp52\\\/\",\"logo\":{\"@type\":\"ImageObject\",\"inLanguage\":\"ro-RO\",\"@id\":\"https:\\\/\\\/www.lovendal.ro\\\/wp52\\\/#\\\/schema\\\/logo\\\/image\\\/\",\"url\":\"https:\\\/\\\/www.lovendal.ro\\\/wp52\\\/wp-content\\\/uploads\\\/2024\\\/06\\\/cropped-SLL-iun-2024-1.jpg\",\"contentUrl\":\"https:\\\/\\\/www.lovendal.ro\\\/wp52\\\/wp-content\\\/uploads\\\/2024\\\/06\\\/cropped-SLL-iun-2024-1.jpg\",\"width\":771,\"height\":240,\"caption\":\"Secretele lui Lovendal\"},\"image\":{\"@id\":\"https:\\\/\\\/www.lovendal.ro\\\/wp52\\\/#\\\/schema\\\/logo\\\/image\\\/\"},\"sameAs\":[\"https:\\\/\\\/www.facebook.com\\\/secreteleluilovendal\"]},{\"@type\":\"Person\",\"@id\":\"https:\\\/\\\/www.lovendal.ro\\\/wp52\\\/#\\\/schema\\\/person\\\/088691de5dfc346bb0c023e1e52ef5d9\",\"name\":\"admin\",\"image\":{\"@type\":\"ImageObject\",\"inLanguage\":\"ro-RO\",\"@id\":\"https:\\\/\\\/secure.gravatar.com\\\/avatar\\\/ecb9cd41f5f63c9c9b989999a59f6e2639a865ec361e9db054db0679a8f341c2?s=96&d=mm&r=g\",\"url\":\"https:\\\/\\\/secure.gravatar.com\\\/avatar\\\/ecb9cd41f5f63c9c9b989999a59f6e2639a865ec361e9db054db0679a8f341c2?s=96&d=mm&r=g\",\"contentUrl\":\"https:\\\/\\\/secure.gravatar.com\\\/avatar\\\/ecb9cd41f5f63c9c9b989999a59f6e2639a865ec361e9db054db0679a8f341c2?s=96&d=mm&r=g\",\"caption\":\"admin\"},\"sameAs\":[\"https:\\\/\\\/www.lovendal.ro\\\/wp52\"]}]}<\/script>\n<!-- \/ Yoast SEO Premium plugin. -->","yoast_head_json":{"title":"Pre\u015fedintele Turkmenistanului vrea s\u0103 distrug\u0103 \"poarta c\u0103tre iad\"! De ce? - Secretele lui Lovendal","robots":{"index":"index","follow":"follow","max-snippet":"max-snippet:-1","max-image-preview":"max-image-preview:large","max-video-preview":"max-video-preview:-1"},"canonical":"https:\/\/www.lovendal.ro\/wp52\/presedintele-turkmenistanului-vrea-sa-distruga-poarta-catre-iad-de-ce\/","og_locale":"ro_RO","og_type":"article","og_title":"Pre\u015fedintele Turkmenistanului vrea s\u0103 distrug\u0103 \"poarta c\u0103tre iad\"! De ce?","og_description":"\u00cen prezent se depun eforturi pentru stingerea unei gropi de foc impresionante, care atrage mii de turi\u0219ti \u00een fiecare an. Situat\u0103 \u00een Derweze, provincia Ahal (Turkmenistan), groapa care arde permanent \u0219i-a primit porecla terifiant\u0103 de &#8222;Poarta c\u0103tre iad&#8221;, datorit\u0103 aspectului ... Cititi mai multe","og_url":"https:\/\/www.lovendal.ro\/wp52\/presedintele-turkmenistanului-vrea-sa-distruga-poarta-catre-iad-de-ce\/","og_site_name":"Secretele lui Lovendal","article_publisher":"https:\/\/www.facebook.com\/secreteleluilovendal","article_published_time":"2022-01-12T13:17:40+00:00","article_modified_time":"2022-01-12T13:18:38+00:00","og_image":[{"width":340,"height":205,"url":"https:\/\/www.lovendal.ro\/wp52\/wp-content\/uploads\/2022\/01\/poarta-catre-iad.jpg","type":"image\/jpeg"}],"author":"admin","twitter_card":"summary_large_image","twitter_misc":{"Scris de":"admin","Timp estimat pentru citire":"1 minut"},"schema":{"@context":"https:\/\/schema.org","@graph":[{"@type":"Article","@id":"https:\/\/www.lovendal.ro\/wp52\/presedintele-turkmenistanului-vrea-sa-distruga-poarta-catre-iad-de-ce\/#article","isPartOf":{"@id":"https:\/\/www.lovendal.ro\/wp52\/presedintele-turkmenistanului-vrea-sa-distruga-poarta-catre-iad-de-ce\/"},"author":{"name":"admin","@id":"https:\/\/www.lovendal.ro\/wp52\/#\/schema\/person\/088691de5dfc346bb0c023e1e52ef5d9"},"headline":"Pre\u015fedintele Turkmenistanului vrea s\u0103 distrug\u0103 &#8222;poarta c\u0103tre iad&#8221;! De ce?","datePublished":"2022-01-12T13:17:40+00:00","dateModified":"2022-01-12T13:18:38+00:00","mainEntityOfPage":{"@id":"https:\/\/www.lovendal.ro\/wp52\/presedintele-turkmenistanului-vrea-sa-distruga-poarta-catre-iad-de-ce\/"},"wordCount":282,"commentCount":0,"publisher":{"@id":"https:\/\/www.lovendal.ro\/wp52\/#organization"},"image":{"@id":"https:\/\/www.lovendal.ro\/wp52\/presedintele-turkmenistanului-vrea-sa-distruga-poarta-catre-iad-de-ce\/#primaryimage"},"thumbnailUrl":"https:\/\/www.lovendal.ro\/wp52\/wp-content\/uploads\/2022\/01\/poarta-catre-iad.jpg","keywords":["crater","foc","gaze","Geografie - Geologie","groap\u0103","iad","ingineri","Poarta c\u0103tre iad","pre\u015fedinte","televizor","Turkmenistan"],"articleSection":["Geografie - Geologie"],"inLanguage":"ro-RO","potentialAction":[{"@type":"CommentAction","name":"Comment","target":["https:\/\/www.lovendal.ro\/wp52\/presedintele-turkmenistanului-vrea-sa-distruga-poarta-catre-iad-de-ce\/#respond"]}]},{"@type":"WebPage","@id":"https:\/\/www.lovendal.ro\/wp52\/presedintele-turkmenistanului-vrea-sa-distruga-poarta-catre-iad-de-ce\/","url":"https:\/\/www.lovendal.ro\/wp52\/presedintele-turkmenistanului-vrea-sa-distruga-poarta-catre-iad-de-ce\/","name":"Pre\u015fedintele Turkmenistanului vrea s\u0103 distrug\u0103 \"poarta c\u0103tre iad\"! De ce? - Secretele lui Lovendal","isPartOf":{"@id":"https:\/\/www.lovendal.ro\/wp52\/#website"},"primaryImageOfPage":{"@id":"https:\/\/www.lovendal.ro\/wp52\/presedintele-turkmenistanului-vrea-sa-distruga-poarta-catre-iad-de-ce\/#primaryimage"},"image":{"@id":"https:\/\/www.lovendal.ro\/wp52\/presedintele-turkmenistanului-vrea-sa-distruga-poarta-catre-iad-de-ce\/#primaryimage"},"thumbnailUrl":"https:\/\/www.lovendal.ro\/wp52\/wp-content\/uploads\/2022\/01\/poarta-catre-iad.jpg","datePublished":"2022-01-12T13:17:40+00:00","dateModified":"2022-01-12T13:18:38+00:00","breadcrumb":{"@id":"https:\/\/www.lovendal.ro\/wp52\/presedintele-turkmenistanului-vrea-sa-distruga-poarta-catre-iad-de-ce\/#breadcrumb"},"inLanguage":"ro-RO","potentialAction":[{"@type":"ReadAction","target":["https:\/\/www.lovendal.ro\/wp52\/presedintele-turkmenistanului-vrea-sa-distruga-poarta-catre-iad-de-ce\/"]}]},{"@type":"ImageObject","inLanguage":"ro-RO","@id":"https:\/\/www.lovendal.ro\/wp52\/presedintele-turkmenistanului-vrea-sa-distruga-poarta-catre-iad-de-ce\/#primaryimage","url":"https:\/\/www.lovendal.ro\/wp52\/wp-content\/uploads\/2022\/01\/poarta-catre-iad.jpg","contentUrl":"https:\/\/www.lovendal.ro\/wp52\/wp-content\/uploads\/2022\/01\/poarta-catre-iad.jpg","width":340,"height":205},{"@type":"BreadcrumbList","@id":"https:\/\/www.lovendal.ro\/wp52\/presedintele-turkmenistanului-vrea-sa-distruga-poarta-catre-iad-de-ce\/#breadcrumb","itemListElement":[{"@type":"ListItem","position":1,"name":"Home","item":"https:\/\/www.lovendal.ro\/wp52\/"},{"@type":"ListItem","position":2,"name":"Pre\u015fedintele Turkmenistanului vrea s\u0103 distrug\u0103 &#8222;poarta c\u0103tre iad&#8221;! De ce?"}]},{"@type":"WebSite","@id":"https:\/\/www.lovendal.ro\/wp52\/#website","url":"https:\/\/www.lovendal.ro\/wp52\/","name":"Secretele lui Lovendal","description":"Site de secrete, stiinta si metafizica - din 2008 -","publisher":{"@id":"https:\/\/www.lovendal.ro\/wp52\/#organization"},"potentialAction":[{"@type":"SearchAction","target":{"@type":"EntryPoint","urlTemplate":"https:\/\/www.lovendal.ro\/wp52\/?s={search_term_string}"},"query-input":{"@type":"PropertyValueSpecification","valueRequired":true,"valueName":"search_term_string"}}],"inLanguage":"ro-RO"},{"@type":"Organization","@id":"https:\/\/www.lovendal.ro\/wp52\/#organization","name":"Secretele lui Lovendal","url":"https:\/\/www.lovendal.ro\/wp52\/","logo":{"@type":"ImageObject","inLanguage":"ro-RO","@id":"https:\/\/www.lovendal.ro\/wp52\/#\/schema\/logo\/image\/","url":"https:\/\/www.lovendal.ro\/wp52\/wp-content\/uploads\/2024\/06\/cropped-SLL-iun-2024-1.jpg","contentUrl":"https:\/\/www.lovendal.ro\/wp52\/wp-content\/uploads\/2024\/06\/cropped-SLL-iun-2024-1.jpg","width":771,"height":240,"caption":"Secretele lui Lovendal"},"image":{"@id":"https:\/\/www.lovendal.ro\/wp52\/#\/schema\/logo\/image\/"},"sameAs":["https:\/\/www.facebook.com\/secreteleluilovendal"]},{"@type":"Person","@id":"https:\/\/www.lovendal.ro\/wp52\/#\/schema\/person\/088691de5dfc346bb0c023e1e52ef5d9","name":"admin","image":{"@type":"ImageObject","inLanguage":"ro-RO","@id":"https:\/\/secure.gravatar.com\/avatar\/ecb9cd41f5f63c9c9b989999a59f6e2639a865ec361e9db054db0679a8f341c2?s=96&d=mm&r=g","url":"https:\/\/secure.gravatar.com\/avatar\/ecb9cd41f5f63c9c9b989999a59f6e2639a865ec361e9db054db0679a8f341c2?s=96&d=mm&r=g","contentUrl":"https:\/\/secure.gravatar.com\/avatar\/ecb9cd41f5f63c9c9b989999a59f6e2639a865ec361e9db054db0679a8f341c2?s=96&d=mm&r=g","caption":"admin"},"sameAs":["https:\/\/www.lovendal.ro\/wp52"]}]}},"_links":{"self":[{"href":"https:\/\/www.lovendal.ro\/wp52\/wp-json\/wp\/v2\/posts\/78858","targetHints":{"allow":["GET"]}}],"collection":[{"href":"https:\/\/www.lovendal.ro\/wp52\/wp-json\/wp\/v2\/posts"}],"about":[{"href":"https:\/\/www.lovendal.ro\/wp52\/wp-json\/wp\/v2\/types\/post"}],"author":[{"embeddable":true,"href":"https:\/\/www.lovendal.ro\/wp52\/wp-json\/wp\/v2\/users\/1"}],"replies":[{"embeddable":true,"href":"https:\/\/www.lovendal.ro\/wp52\/wp-json\/wp\/v2\/comments?post=78858"}],"version-history":[{"count":0,"href":"https:\/\/www.lovendal.ro\/wp52\/wp-json\/wp\/v2\/posts\/78858\/revisions"}],"wp:featuredmedia":[{"embeddable":true,"href":"https:\/\/www.lovendal.ro\/wp52\/wp-json\/wp\/v2\/media\/78859"}],"wp:attachment":[{"href":"https:\/\/www.lovendal.ro\/wp52\/wp-json\/wp\/v2\/media?parent=78858"}],"wp:term":[{"taxonomy":"category","embeddable":true,"href":"https:\/\/www.lovendal.ro\/wp52\/wp-json\/wp\/v2\/categories?post=78858"},{"taxonomy":"post_tag","embeddable":true,"href":"https:\/\/www.lovendal.ro\/wp52\/wp-json\/wp\/v2\/tags?post=78858"}],"curies":[{"name":"wp","href":"https:\/\/api.w.org\/{rel}","templated":true}]}}