{"id":78721,"date":"2022-01-05T23:55:08","date_gmt":"2022-01-05T21:55:08","guid":{"rendered":"https:\/\/www.lovendal.ro\/wp52\/?p=78721"},"modified":"2022-01-05T23:55:08","modified_gmt":"2022-01-05T21:55:08","slug":"revolutie-populara-si-foc-in-kazahstan-la-inceputul-lui-2022-asa-se-intampla-cu-guvernantii-care-nu-tin-cont-de-vointa-cetatenilor","status":"publish","type":"post","link":"https:\/\/www.lovendal.ro\/wp52\/revolutie-populara-si-foc-in-kazahstan-la-inceputul-lui-2022-asa-se-intampla-cu-guvernantii-care-nu-tin-cont-de-vointa-cetatenilor\/","title":{"rendered":"Revolu\u0163ie popular\u0103 \u015fi foc \u00een Kazahstan, la \u00eenceputul lui 2022! A\u015fa se \u00eent\u00e2mpl\u0103 cu guvernan\u0163ii care nu \u0163in cont de voin\u0163a cet\u0103\u0163enilor"},"content":{"rendered":"<figure id=\"attachment_78722\" aria-describedby=\"caption-attachment-78722\" style=\"width: 358px\" class=\"wp-caption alignleft\"><a href=\"https:\/\/www.lovendal.ro\/wp52\/wp-content\/uploads\/2022\/01\/proteste-Kazahstan.jpg\"><img loading=\"lazy\" decoding=\"async\" class=\"size-full wp-image-78722\" src=\"https:\/\/www.lovendal.ro\/wp52\/wp-content\/uploads\/2022\/01\/proteste-Kazahstan.jpg\" alt=\"\" width=\"368\" height=\"276\" srcset=\"https:\/\/www.lovendal.ro\/wp52\/wp-content\/uploads\/2022\/01\/proteste-Kazahstan.jpg 368w, https:\/\/www.lovendal.ro\/wp52\/wp-content\/uploads\/2022\/01\/proteste-Kazahstan-200x150.jpg 200w\" sizes=\"auto, (max-width: 368px) 100vw, 368px\" \/><\/a><figcaption id=\"caption-attachment-78722\" class=\"wp-caption-text\"><em><strong>Imagine:<\/strong> <\/em><a href=\"https:\/\/en.wikipedia.org\/wiki\/2022_Kazakh_protests#\/media\/File:2022_Kazakhstan_protests_%E2%80%94_Aqtobe,_January_4_(01).jpg\" target=\"_blank\" rel=\"noopener\"><strong>wikipedia.org<\/strong><\/a> (Commons Creative &#8211; free)<\/figcaption><\/figure>\n<p>Precum mul\u0163i \u015ftiu deja, \u00een Kazahstan are loc \u00een perioada aceasta o adev\u0103rat\u0103 revolu\u0163ie. Protestele din Kazahstan au \u00eenceput pe 2 ianuarie 2022, \u00een ora\u0219ul Zhanaozen, din cauza cre\u0219terii pre\u021bului unui litru de gaz lichefiat. Dou\u0103 zile mai t\u00e2rziu, au \u00eenceput ciocniri \u00eentre protestatari \u0219i poli\u021bie \u0219i armat\u0103 \u00een Almaty (capitala economic\u0103 a Kazahstanului) \u0219i \u00een alte ora\u0219e.<\/p>\n<p>Situa\u0163ia a degenerat dup\u0103 ce un grup de manifestan\u0163i a p\u0103truns \u00een cl\u0103direa principal\u0103 a administra\u0163iei din Almaty. Cl\u0103direa, cunoscut\u0103 ca fost\u0103 re\u0219edin\u021b\u0103 a pre\u0219edintelui din Kazahstan, a fost incendiat\u0103 de c\u0103tre protestatari. Situa\u021bia degenereaz\u0103, iar protestatarii atac\u0103 cl\u0103dirile guvernamentale din toat\u0103 \u021bara. Se pare c\u0103 \u015fi aeroportul din Almaty a fost preluat de aceia\u015fi protestari furio\u015fi. De asemenea, \u015fi televiziunea de stat a fost atacat\u0103 \u015fi incendiat\u0103.<\/p>\n<p>Guvernul kazah \u015fi-a dat demisia, iar guvernul interimar a instituit starea de urgen\u0163\u0103 \u00een \u00eentreaga \u0163ar\u0103, pentru a pune cap\u0103t revolu\u0163iei. Totodat\u0103, fostul pre\u015fedinte Nursultan Nazarbayev (care a condus dictatorial Kazahstanul din 1991 p\u00e2n\u0103 \u00een 2019) \u015fi care de\u0163inea \u00een prezent func\u021bia de \u0219ef al Consiliului de Securitate al \u021b\u0103rii, a fost demis din aceast\u0103 func\u0163ie &#8211; o m\u0103sur\u0103 luat\u0103 pentru a mai lini\u015fti din furia popular\u0103.<\/p>\n<p>Kazahstanul este a 9-a \u021bar\u0103 din lume dup\u0103 m\u0103rimea suprafe\u021bei ocupate, fiind situat\u0103 \u00een Asia Central\u0103, \u015fi f\u0103c\u00e2nd parte odat\u0103 din URSS. Kazahstanul este o \u0163ar\u0103 foarte bogat\u0103 \u00een resurse naturale: uraniu, crom, aur, cupru, zinc, fier \u015fi c\u0103rbune. Este un mare exportator de diamante \u015fi are \u00een subsol mari cantit\u0103\u0163i de petrol \u015fi gaze naturale.<\/p>\n<p>Capitala \u0163\u0103rii este Nursultan\/Nur-Sultan, \u00een onoarea fostului pre\u0219edinte, Nursultan Nazarbaev. \u00cens\u0103, p\u00e2n\u0103 \u00een 2019, ea se numea &#8222;Astana&#8221;, care e clar o anagram\u0103 a lui &#8222;Satana&#8221;. \u00cen acest ora\u015f futurist, situat \u00een mijlocul de\u015fertului, au fost construite \u00een ultimii 30 de ani o serie de cl\u0103diri care simbolizeaz\u0103 adorarea Soarelui, ocultismul \u015fi noua ordine mondial\u0103 (citi\u0163i mai multe \u00een acest articol din 2011 &#8211; <a href=\"https:\/\/www.lovendal.ro\/wp52\/astana-din-kazahstan-capitala-malefica-a-ocultistilor-si-a-francmasonilor\/\" target=\"_blank\" rel=\"noopener\"><strong>Astana din Kazahstan, capitala malefic\u0103 a oculti\u015ftilor \u015fi a francmasonilor?<\/strong><\/a>).<\/p>\n<p>&nbsp;<\/p>\n","protected":false},"excerpt":{"rendered":"<p>Precum mul\u0163i \u015ftiu deja, \u00een Kazahstan are loc \u00een perioada aceasta o adev\u0103rat\u0103 revolu\u0163ie. Protestele din Kazahstan au \u00eenceput pe 2 ianuarie 2022, \u00een ora\u0219ul Zhanaozen, din cauza cre\u0219terii pre\u021bului unui litru de gaz lichefiat. Dou\u0103 zile mai t\u00e2rziu, au &#8230; <\/p>\n<p class=\"read-more-container\"><a title=\"Revolu\u0163ie popular\u0103 \u015fi foc \u00een Kazahstan, la \u00eenceputul lui 2022! A\u015fa se \u00eent\u00e2mpl\u0103 cu guvernan\u0163ii care nu \u0163in cont de voin\u0163a cet\u0103\u0163enilor\" class=\"read-more button\" href=\"https:\/\/www.lovendal.ro\/wp52\/revolutie-populara-si-foc-in-kazahstan-la-inceputul-lui-2022-asa-se-intampla-cu-guvernantii-care-nu-tin-cont-de-vointa-cetatenilor\/#more-78721\" aria-label=\"Cite\u0219te mai multe despre Revolu\u0163ie popular\u0103 \u015fi foc \u00een Kazahstan, la \u00eenceputul lui 2022! A\u015fa se \u00eent\u00e2mpl\u0103 cu guvernan\u0163ii care nu \u0163in cont de voin\u0163a cet\u0103\u0163enilor\">Cititi mai multe<\/a><\/p>\n","protected":false},"author":1,"featured_media":78722,"comment_status":"open","ping_status":"open","sticky":false,"template":"","format":"standard","meta":{"footnotes":""},"categories":[40],"tags":[3356,17457,70,2270,4249,685,5973,2153,7147,4514,5766,1941,4464,4248,24,17458,151,9799,1189,190,8724,865,396,4881,298,3992],"class_list":["post-78721","post","type-post","status-publish","format-standard","has-post-thumbnail","hentry","category-politica","tag-aeroport","tag-almaty","tag-armata","tag-asia","tag-astana","tag-aur","tag-carbune","tag-cladire","tag-crom","tag-cupru","tag-demisie","tag-fier","tag-guvern","tag-kazahstan","tag-noua-ordine-mondiala","tag-nursultan-nazarbaev","tag-oras","tag-politica-economie-geostrategie","tag-politie","tag-presedinte","tag-pret","tag-soare","tag-televiziune","tag-uraniu","tag-urss","tag-zinc","resize-featured-image"],"yoast_head":"<!-- This site is optimized with the Yoast SEO Premium plugin v23.3 (Yoast SEO v27.4) - https:\/\/yoast.com\/product\/yoast-seo-premium-wordpress\/ -->\n<title>Revolu\u0163ie popular\u0103 \u015fi foc \u00een Kazahstan, la \u00eenceputul lui 2022! A\u015fa se \u00eent\u00e2mpl\u0103 cu guvernan\u0163ii care nu \u0163in cont de voin\u0163a cet\u0103\u0163enilor - Secretele lui Lovendal<\/title>\n<meta name=\"robots\" content=\"index, follow, max-snippet:-1, max-image-preview:large, max-video-preview:-1\" \/>\n<link rel=\"canonical\" href=\"https:\/\/www.lovendal.ro\/wp52\/revolutie-populara-si-foc-in-kazahstan-la-inceputul-lui-2022-asa-se-intampla-cu-guvernantii-care-nu-tin-cont-de-vointa-cetatenilor\/\" \/>\n<meta property=\"og:locale\" content=\"ro_RO\" \/>\n<meta property=\"og:type\" content=\"article\" \/>\n<meta property=\"og:title\" content=\"Revolu\u0163ie popular\u0103 \u015fi foc \u00een Kazahstan, la \u00eenceputul lui 2022! A\u015fa se \u00eent\u00e2mpl\u0103 cu guvernan\u0163ii care nu \u0163in cont de voin\u0163a cet\u0103\u0163enilor\" \/>\n<meta property=\"og:description\" content=\"Precum mul\u0163i \u015ftiu deja, \u00een Kazahstan are loc \u00een perioada aceasta o adev\u0103rat\u0103 revolu\u0163ie. Protestele din Kazahstan au \u00eenceput pe 2 ianuarie 2022, \u00een ora\u0219ul Zhanaozen, din cauza cre\u0219terii pre\u021bului unui litru de gaz lichefiat. Dou\u0103 zile mai t\u00e2rziu, au ... Cititi mai multe\" \/>\n<meta property=\"og:url\" content=\"https:\/\/www.lovendal.ro\/wp52\/revolutie-populara-si-foc-in-kazahstan-la-inceputul-lui-2022-asa-se-intampla-cu-guvernantii-care-nu-tin-cont-de-vointa-cetatenilor\/\" \/>\n<meta property=\"og:site_name\" content=\"Secretele lui Lovendal\" \/>\n<meta property=\"article:publisher\" content=\"https:\/\/www.facebook.com\/secreteleluilovendal\" \/>\n<meta property=\"article:published_time\" content=\"2022-01-05T21:55:08+00:00\" \/>\n<meta property=\"og:image\" content=\"https:\/\/www.lovendal.ro\/wp52\/wp-content\/uploads\/2022\/01\/proteste-Kazahstan.jpg\" \/>\n\t<meta property=\"og:image:width\" content=\"368\" \/>\n\t<meta property=\"og:image:height\" content=\"276\" \/>\n\t<meta property=\"og:image:type\" content=\"image\/jpeg\" \/>\n<meta name=\"author\" content=\"admin\" \/>\n<meta name=\"twitter:card\" content=\"summary_large_image\" \/>\n<meta name=\"twitter:label1\" content=\"Scris de\" \/>\n\t<meta name=\"twitter:data1\" content=\"admin\" \/>\n\t<meta name=\"twitter:label2\" content=\"Timp estimat pentru citire\" \/>\n\t<meta name=\"twitter:data2\" content=\"2 minute\" \/>\n<script type=\"application\/ld+json\" class=\"yoast-schema-graph\">{\"@context\":\"https:\\\/\\\/schema.org\",\"@graph\":[{\"@type\":\"Article\",\"@id\":\"https:\\\/\\\/www.lovendal.ro\\\/wp52\\\/revolutie-populara-si-foc-in-kazahstan-la-inceputul-lui-2022-asa-se-intampla-cu-guvernantii-care-nu-tin-cont-de-vointa-cetatenilor\\\/#article\",\"isPartOf\":{\"@id\":\"https:\\\/\\\/www.lovendal.ro\\\/wp52\\\/revolutie-populara-si-foc-in-kazahstan-la-inceputul-lui-2022-asa-se-intampla-cu-guvernantii-care-nu-tin-cont-de-vointa-cetatenilor\\\/\"},\"author\":{\"name\":\"admin\",\"@id\":\"https:\\\/\\\/www.lovendal.ro\\\/wp52\\\/#\\\/schema\\\/person\\\/088691de5dfc346bb0c023e1e52ef5d9\"},\"headline\":\"Revolu\u0163ie popular\u0103 \u015fi foc \u00een Kazahstan, la \u00eenceputul lui 2022! A\u015fa se \u00eent\u00e2mpl\u0103 cu guvernan\u0163ii care nu \u0163in cont de voin\u0163a cet\u0103\u0163enilor\",\"datePublished\":\"2022-01-05T21:55:08+00:00\",\"mainEntityOfPage\":{\"@id\":\"https:\\\/\\\/www.lovendal.ro\\\/wp52\\\/revolutie-populara-si-foc-in-kazahstan-la-inceputul-lui-2022-asa-se-intampla-cu-guvernantii-care-nu-tin-cont-de-vointa-cetatenilor\\\/\"},\"wordCount\":402,\"commentCount\":0,\"publisher\":{\"@id\":\"https:\\\/\\\/www.lovendal.ro\\\/wp52\\\/#organization\"},\"image\":{\"@id\":\"https:\\\/\\\/www.lovendal.ro\\\/wp52\\\/revolutie-populara-si-foc-in-kazahstan-la-inceputul-lui-2022-asa-se-intampla-cu-guvernantii-care-nu-tin-cont-de-vointa-cetatenilor\\\/#primaryimage\"},\"thumbnailUrl\":\"https:\\\/\\\/www.lovendal.ro\\\/wp52\\\/wp-content\\\/uploads\\\/2022\\\/01\\\/proteste-Kazahstan.jpg\",\"keywords\":[\"aeroport\",\"Almaty\",\"armat\u0103\",\"Asia\",\"Astana\",\"aur\",\"c\u0103rbune\",\"cl\u0103dire\",\"crom\",\"cupru\",\"demisie\",\"fier\",\"guvern\",\"Kazahstan\",\"noua ordine mondial\u0103\",\"Nursultan Nazarbaev\",\"ora\u015f\",\"Politica-Economie-Geostrategie\",\"poli\u0163ie\",\"pre\u015fedinte\",\"pre\u0163\",\"Soare\",\"televiziune\",\"uraniu\",\"URSS\",\"zinc\"],\"articleSection\":[\"Politica-Economie-Geostrategie\"],\"inLanguage\":\"ro-RO\",\"potentialAction\":[{\"@type\":\"CommentAction\",\"name\":\"Comment\",\"target\":[\"https:\\\/\\\/www.lovendal.ro\\\/wp52\\\/revolutie-populara-si-foc-in-kazahstan-la-inceputul-lui-2022-asa-se-intampla-cu-guvernantii-care-nu-tin-cont-de-vointa-cetatenilor\\\/#respond\"]}]},{\"@type\":\"WebPage\",\"@id\":\"https:\\\/\\\/www.lovendal.ro\\\/wp52\\\/revolutie-populara-si-foc-in-kazahstan-la-inceputul-lui-2022-asa-se-intampla-cu-guvernantii-care-nu-tin-cont-de-vointa-cetatenilor\\\/\",\"url\":\"https:\\\/\\\/www.lovendal.ro\\\/wp52\\\/revolutie-populara-si-foc-in-kazahstan-la-inceputul-lui-2022-asa-se-intampla-cu-guvernantii-care-nu-tin-cont-de-vointa-cetatenilor\\\/\",\"name\":\"Revolu\u0163ie popular\u0103 \u015fi foc \u00een Kazahstan, la \u00eenceputul lui 2022! A\u015fa se \u00eent\u00e2mpl\u0103 cu guvernan\u0163ii care nu \u0163in cont de voin\u0163a cet\u0103\u0163enilor - Secretele lui Lovendal\",\"isPartOf\":{\"@id\":\"https:\\\/\\\/www.lovendal.ro\\\/wp52\\\/#website\"},\"primaryImageOfPage\":{\"@id\":\"https:\\\/\\\/www.lovendal.ro\\\/wp52\\\/revolutie-populara-si-foc-in-kazahstan-la-inceputul-lui-2022-asa-se-intampla-cu-guvernantii-care-nu-tin-cont-de-vointa-cetatenilor\\\/#primaryimage\"},\"image\":{\"@id\":\"https:\\\/\\\/www.lovendal.ro\\\/wp52\\\/revolutie-populara-si-foc-in-kazahstan-la-inceputul-lui-2022-asa-se-intampla-cu-guvernantii-care-nu-tin-cont-de-vointa-cetatenilor\\\/#primaryimage\"},\"thumbnailUrl\":\"https:\\\/\\\/www.lovendal.ro\\\/wp52\\\/wp-content\\\/uploads\\\/2022\\\/01\\\/proteste-Kazahstan.jpg\",\"datePublished\":\"2022-01-05T21:55:08+00:00\",\"breadcrumb\":{\"@id\":\"https:\\\/\\\/www.lovendal.ro\\\/wp52\\\/revolutie-populara-si-foc-in-kazahstan-la-inceputul-lui-2022-asa-se-intampla-cu-guvernantii-care-nu-tin-cont-de-vointa-cetatenilor\\\/#breadcrumb\"},\"inLanguage\":\"ro-RO\",\"potentialAction\":[{\"@type\":\"ReadAction\",\"target\":[\"https:\\\/\\\/www.lovendal.ro\\\/wp52\\\/revolutie-populara-si-foc-in-kazahstan-la-inceputul-lui-2022-asa-se-intampla-cu-guvernantii-care-nu-tin-cont-de-vointa-cetatenilor\\\/\"]}]},{\"@type\":\"ImageObject\",\"inLanguage\":\"ro-RO\",\"@id\":\"https:\\\/\\\/www.lovendal.ro\\\/wp52\\\/revolutie-populara-si-foc-in-kazahstan-la-inceputul-lui-2022-asa-se-intampla-cu-guvernantii-care-nu-tin-cont-de-vointa-cetatenilor\\\/#primaryimage\",\"url\":\"https:\\\/\\\/www.lovendal.ro\\\/wp52\\\/wp-content\\\/uploads\\\/2022\\\/01\\\/proteste-Kazahstan.jpg\",\"contentUrl\":\"https:\\\/\\\/www.lovendal.ro\\\/wp52\\\/wp-content\\\/uploads\\\/2022\\\/01\\\/proteste-Kazahstan.jpg\",\"width\":368,\"height\":276,\"caption\":\"Imagine: wikipedia.org (Commons Creative - free)\"},{\"@type\":\"BreadcrumbList\",\"@id\":\"https:\\\/\\\/www.lovendal.ro\\\/wp52\\\/revolutie-populara-si-foc-in-kazahstan-la-inceputul-lui-2022-asa-se-intampla-cu-guvernantii-care-nu-tin-cont-de-vointa-cetatenilor\\\/#breadcrumb\",\"itemListElement\":[{\"@type\":\"ListItem\",\"position\":1,\"name\":\"Home\",\"item\":\"https:\\\/\\\/www.lovendal.ro\\\/wp52\\\/\"},{\"@type\":\"ListItem\",\"position\":2,\"name\":\"Revolu\u0163ie popular\u0103 \u015fi foc \u00een Kazahstan, la \u00eenceputul lui 2022! A\u015fa se \u00eent\u00e2mpl\u0103 cu guvernan\u0163ii care nu \u0163in cont de voin\u0163a cet\u0103\u0163enilor\"}]},{\"@type\":\"WebSite\",\"@id\":\"https:\\\/\\\/www.lovendal.ro\\\/wp52\\\/#website\",\"url\":\"https:\\\/\\\/www.lovendal.ro\\\/wp52\\\/\",\"name\":\"Secretele lui Lovendal\",\"description\":\"Site de secrete, stiinta si metafizica - din 2008 -\",\"publisher\":{\"@id\":\"https:\\\/\\\/www.lovendal.ro\\\/wp52\\\/#organization\"},\"potentialAction\":[{\"@type\":\"SearchAction\",\"target\":{\"@type\":\"EntryPoint\",\"urlTemplate\":\"https:\\\/\\\/www.lovendal.ro\\\/wp52\\\/?s={search_term_string}\"},\"query-input\":{\"@type\":\"PropertyValueSpecification\",\"valueRequired\":true,\"valueName\":\"search_term_string\"}}],\"inLanguage\":\"ro-RO\"},{\"@type\":\"Organization\",\"@id\":\"https:\\\/\\\/www.lovendal.ro\\\/wp52\\\/#organization\",\"name\":\"Secretele lui Lovendal\",\"url\":\"https:\\\/\\\/www.lovendal.ro\\\/wp52\\\/\",\"logo\":{\"@type\":\"ImageObject\",\"inLanguage\":\"ro-RO\",\"@id\":\"https:\\\/\\\/www.lovendal.ro\\\/wp52\\\/#\\\/schema\\\/logo\\\/image\\\/\",\"url\":\"https:\\\/\\\/www.lovendal.ro\\\/wp52\\\/wp-content\\\/uploads\\\/2024\\\/06\\\/cropped-SLL-iun-2024-1.jpg\",\"contentUrl\":\"https:\\\/\\\/www.lovendal.ro\\\/wp52\\\/wp-content\\\/uploads\\\/2024\\\/06\\\/cropped-SLL-iun-2024-1.jpg\",\"width\":771,\"height\":240,\"caption\":\"Secretele lui Lovendal\"},\"image\":{\"@id\":\"https:\\\/\\\/www.lovendal.ro\\\/wp52\\\/#\\\/schema\\\/logo\\\/image\\\/\"},\"sameAs\":[\"https:\\\/\\\/www.facebook.com\\\/secreteleluilovendal\"]},{\"@type\":\"Person\",\"@id\":\"https:\\\/\\\/www.lovendal.ro\\\/wp52\\\/#\\\/schema\\\/person\\\/088691de5dfc346bb0c023e1e52ef5d9\",\"name\":\"admin\",\"image\":{\"@type\":\"ImageObject\",\"inLanguage\":\"ro-RO\",\"@id\":\"https:\\\/\\\/secure.gravatar.com\\\/avatar\\\/ecb9cd41f5f63c9c9b989999a59f6e2639a865ec361e9db054db0679a8f341c2?s=96&d=mm&r=g\",\"url\":\"https:\\\/\\\/secure.gravatar.com\\\/avatar\\\/ecb9cd41f5f63c9c9b989999a59f6e2639a865ec361e9db054db0679a8f341c2?s=96&d=mm&r=g\",\"contentUrl\":\"https:\\\/\\\/secure.gravatar.com\\\/avatar\\\/ecb9cd41f5f63c9c9b989999a59f6e2639a865ec361e9db054db0679a8f341c2?s=96&d=mm&r=g\",\"caption\":\"admin\"},\"sameAs\":[\"https:\\\/\\\/www.lovendal.ro\\\/wp52\"]}]}<\/script>\n<!-- \/ Yoast SEO Premium plugin. -->","yoast_head_json":{"title":"Revolu\u0163ie popular\u0103 \u015fi foc \u00een Kazahstan, la \u00eenceputul lui 2022! A\u015fa se \u00eent\u00e2mpl\u0103 cu guvernan\u0163ii care nu \u0163in cont de voin\u0163a cet\u0103\u0163enilor - Secretele lui Lovendal","robots":{"index":"index","follow":"follow","max-snippet":"max-snippet:-1","max-image-preview":"max-image-preview:large","max-video-preview":"max-video-preview:-1"},"canonical":"https:\/\/www.lovendal.ro\/wp52\/revolutie-populara-si-foc-in-kazahstan-la-inceputul-lui-2022-asa-se-intampla-cu-guvernantii-care-nu-tin-cont-de-vointa-cetatenilor\/","og_locale":"ro_RO","og_type":"article","og_title":"Revolu\u0163ie popular\u0103 \u015fi foc \u00een Kazahstan, la \u00eenceputul lui 2022! A\u015fa se \u00eent\u00e2mpl\u0103 cu guvernan\u0163ii care nu \u0163in cont de voin\u0163a cet\u0103\u0163enilor","og_description":"Precum mul\u0163i \u015ftiu deja, \u00een Kazahstan are loc \u00een perioada aceasta o adev\u0103rat\u0103 revolu\u0163ie. Protestele din Kazahstan au \u00eenceput pe 2 ianuarie 2022, \u00een ora\u0219ul Zhanaozen, din cauza cre\u0219terii pre\u021bului unui litru de gaz lichefiat. Dou\u0103 zile mai t\u00e2rziu, au ... Cititi mai multe","og_url":"https:\/\/www.lovendal.ro\/wp52\/revolutie-populara-si-foc-in-kazahstan-la-inceputul-lui-2022-asa-se-intampla-cu-guvernantii-care-nu-tin-cont-de-vointa-cetatenilor\/","og_site_name":"Secretele lui Lovendal","article_publisher":"https:\/\/www.facebook.com\/secreteleluilovendal","article_published_time":"2022-01-05T21:55:08+00:00","og_image":[{"width":368,"height":276,"url":"https:\/\/www.lovendal.ro\/wp52\/wp-content\/uploads\/2022\/01\/proteste-Kazahstan.jpg","type":"image\/jpeg"}],"author":"admin","twitter_card":"summary_large_image","twitter_misc":{"Scris de":"admin","Timp estimat pentru citire":"2 minute"},"schema":{"@context":"https:\/\/schema.org","@graph":[{"@type":"Article","@id":"https:\/\/www.lovendal.ro\/wp52\/revolutie-populara-si-foc-in-kazahstan-la-inceputul-lui-2022-asa-se-intampla-cu-guvernantii-care-nu-tin-cont-de-vointa-cetatenilor\/#article","isPartOf":{"@id":"https:\/\/www.lovendal.ro\/wp52\/revolutie-populara-si-foc-in-kazahstan-la-inceputul-lui-2022-asa-se-intampla-cu-guvernantii-care-nu-tin-cont-de-vointa-cetatenilor\/"},"author":{"name":"admin","@id":"https:\/\/www.lovendal.ro\/wp52\/#\/schema\/person\/088691de5dfc346bb0c023e1e52ef5d9"},"headline":"Revolu\u0163ie popular\u0103 \u015fi foc \u00een Kazahstan, la \u00eenceputul lui 2022! A\u015fa se \u00eent\u00e2mpl\u0103 cu guvernan\u0163ii care nu \u0163in cont de voin\u0163a cet\u0103\u0163enilor","datePublished":"2022-01-05T21:55:08+00:00","mainEntityOfPage":{"@id":"https:\/\/www.lovendal.ro\/wp52\/revolutie-populara-si-foc-in-kazahstan-la-inceputul-lui-2022-asa-se-intampla-cu-guvernantii-care-nu-tin-cont-de-vointa-cetatenilor\/"},"wordCount":402,"commentCount":0,"publisher":{"@id":"https:\/\/www.lovendal.ro\/wp52\/#organization"},"image":{"@id":"https:\/\/www.lovendal.ro\/wp52\/revolutie-populara-si-foc-in-kazahstan-la-inceputul-lui-2022-asa-se-intampla-cu-guvernantii-care-nu-tin-cont-de-vointa-cetatenilor\/#primaryimage"},"thumbnailUrl":"https:\/\/www.lovendal.ro\/wp52\/wp-content\/uploads\/2022\/01\/proteste-Kazahstan.jpg","keywords":["aeroport","Almaty","armat\u0103","Asia","Astana","aur","c\u0103rbune","cl\u0103dire","crom","cupru","demisie","fier","guvern","Kazahstan","noua ordine mondial\u0103","Nursultan Nazarbaev","ora\u015f","Politica-Economie-Geostrategie","poli\u0163ie","pre\u015fedinte","pre\u0163","Soare","televiziune","uraniu","URSS","zinc"],"articleSection":["Politica-Economie-Geostrategie"],"inLanguage":"ro-RO","potentialAction":[{"@type":"CommentAction","name":"Comment","target":["https:\/\/www.lovendal.ro\/wp52\/revolutie-populara-si-foc-in-kazahstan-la-inceputul-lui-2022-asa-se-intampla-cu-guvernantii-care-nu-tin-cont-de-vointa-cetatenilor\/#respond"]}]},{"@type":"WebPage","@id":"https:\/\/www.lovendal.ro\/wp52\/revolutie-populara-si-foc-in-kazahstan-la-inceputul-lui-2022-asa-se-intampla-cu-guvernantii-care-nu-tin-cont-de-vointa-cetatenilor\/","url":"https:\/\/www.lovendal.ro\/wp52\/revolutie-populara-si-foc-in-kazahstan-la-inceputul-lui-2022-asa-se-intampla-cu-guvernantii-care-nu-tin-cont-de-vointa-cetatenilor\/","name":"Revolu\u0163ie popular\u0103 \u015fi foc \u00een Kazahstan, la \u00eenceputul lui 2022! A\u015fa se \u00eent\u00e2mpl\u0103 cu guvernan\u0163ii care nu \u0163in cont de voin\u0163a cet\u0103\u0163enilor - Secretele lui Lovendal","isPartOf":{"@id":"https:\/\/www.lovendal.ro\/wp52\/#website"},"primaryImageOfPage":{"@id":"https:\/\/www.lovendal.ro\/wp52\/revolutie-populara-si-foc-in-kazahstan-la-inceputul-lui-2022-asa-se-intampla-cu-guvernantii-care-nu-tin-cont-de-vointa-cetatenilor\/#primaryimage"},"image":{"@id":"https:\/\/www.lovendal.ro\/wp52\/revolutie-populara-si-foc-in-kazahstan-la-inceputul-lui-2022-asa-se-intampla-cu-guvernantii-care-nu-tin-cont-de-vointa-cetatenilor\/#primaryimage"},"thumbnailUrl":"https:\/\/www.lovendal.ro\/wp52\/wp-content\/uploads\/2022\/01\/proteste-Kazahstan.jpg","datePublished":"2022-01-05T21:55:08+00:00","breadcrumb":{"@id":"https:\/\/www.lovendal.ro\/wp52\/revolutie-populara-si-foc-in-kazahstan-la-inceputul-lui-2022-asa-se-intampla-cu-guvernantii-care-nu-tin-cont-de-vointa-cetatenilor\/#breadcrumb"},"inLanguage":"ro-RO","potentialAction":[{"@type":"ReadAction","target":["https:\/\/www.lovendal.ro\/wp52\/revolutie-populara-si-foc-in-kazahstan-la-inceputul-lui-2022-asa-se-intampla-cu-guvernantii-care-nu-tin-cont-de-vointa-cetatenilor\/"]}]},{"@type":"ImageObject","inLanguage":"ro-RO","@id":"https:\/\/www.lovendal.ro\/wp52\/revolutie-populara-si-foc-in-kazahstan-la-inceputul-lui-2022-asa-se-intampla-cu-guvernantii-care-nu-tin-cont-de-vointa-cetatenilor\/#primaryimage","url":"https:\/\/www.lovendal.ro\/wp52\/wp-content\/uploads\/2022\/01\/proteste-Kazahstan.jpg","contentUrl":"https:\/\/www.lovendal.ro\/wp52\/wp-content\/uploads\/2022\/01\/proteste-Kazahstan.jpg","width":368,"height":276,"caption":"Imagine: wikipedia.org (Commons Creative - free)"},{"@type":"BreadcrumbList","@id":"https:\/\/www.lovendal.ro\/wp52\/revolutie-populara-si-foc-in-kazahstan-la-inceputul-lui-2022-asa-se-intampla-cu-guvernantii-care-nu-tin-cont-de-vointa-cetatenilor\/#breadcrumb","itemListElement":[{"@type":"ListItem","position":1,"name":"Home","item":"https:\/\/www.lovendal.ro\/wp52\/"},{"@type":"ListItem","position":2,"name":"Revolu\u0163ie popular\u0103 \u015fi foc \u00een Kazahstan, la \u00eenceputul lui 2022! A\u015fa se \u00eent\u00e2mpl\u0103 cu guvernan\u0163ii care nu \u0163in cont de voin\u0163a cet\u0103\u0163enilor"}]},{"@type":"WebSite","@id":"https:\/\/www.lovendal.ro\/wp52\/#website","url":"https:\/\/www.lovendal.ro\/wp52\/","name":"Secretele lui Lovendal","description":"Site de secrete, stiinta si metafizica - din 2008 -","publisher":{"@id":"https:\/\/www.lovendal.ro\/wp52\/#organization"},"potentialAction":[{"@type":"SearchAction","target":{"@type":"EntryPoint","urlTemplate":"https:\/\/www.lovendal.ro\/wp52\/?s={search_term_string}"},"query-input":{"@type":"PropertyValueSpecification","valueRequired":true,"valueName":"search_term_string"}}],"inLanguage":"ro-RO"},{"@type":"Organization","@id":"https:\/\/www.lovendal.ro\/wp52\/#organization","name":"Secretele lui Lovendal","url":"https:\/\/www.lovendal.ro\/wp52\/","logo":{"@type":"ImageObject","inLanguage":"ro-RO","@id":"https:\/\/www.lovendal.ro\/wp52\/#\/schema\/logo\/image\/","url":"https:\/\/www.lovendal.ro\/wp52\/wp-content\/uploads\/2024\/06\/cropped-SLL-iun-2024-1.jpg","contentUrl":"https:\/\/www.lovendal.ro\/wp52\/wp-content\/uploads\/2024\/06\/cropped-SLL-iun-2024-1.jpg","width":771,"height":240,"caption":"Secretele lui Lovendal"},"image":{"@id":"https:\/\/www.lovendal.ro\/wp52\/#\/schema\/logo\/image\/"},"sameAs":["https:\/\/www.facebook.com\/secreteleluilovendal"]},{"@type":"Person","@id":"https:\/\/www.lovendal.ro\/wp52\/#\/schema\/person\/088691de5dfc346bb0c023e1e52ef5d9","name":"admin","image":{"@type":"ImageObject","inLanguage":"ro-RO","@id":"https:\/\/secure.gravatar.com\/avatar\/ecb9cd41f5f63c9c9b989999a59f6e2639a865ec361e9db054db0679a8f341c2?s=96&d=mm&r=g","url":"https:\/\/secure.gravatar.com\/avatar\/ecb9cd41f5f63c9c9b989999a59f6e2639a865ec361e9db054db0679a8f341c2?s=96&d=mm&r=g","contentUrl":"https:\/\/secure.gravatar.com\/avatar\/ecb9cd41f5f63c9c9b989999a59f6e2639a865ec361e9db054db0679a8f341c2?s=96&d=mm&r=g","caption":"admin"},"sameAs":["https:\/\/www.lovendal.ro\/wp52"]}]}},"_links":{"self":[{"href":"https:\/\/www.lovendal.ro\/wp52\/wp-json\/wp\/v2\/posts\/78721","targetHints":{"allow":["GET"]}}],"collection":[{"href":"https:\/\/www.lovendal.ro\/wp52\/wp-json\/wp\/v2\/posts"}],"about":[{"href":"https:\/\/www.lovendal.ro\/wp52\/wp-json\/wp\/v2\/types\/post"}],"author":[{"embeddable":true,"href":"https:\/\/www.lovendal.ro\/wp52\/wp-json\/wp\/v2\/users\/1"}],"replies":[{"embeddable":true,"href":"https:\/\/www.lovendal.ro\/wp52\/wp-json\/wp\/v2\/comments?post=78721"}],"version-history":[{"count":0,"href":"https:\/\/www.lovendal.ro\/wp52\/wp-json\/wp\/v2\/posts\/78721\/revisions"}],"wp:featuredmedia":[{"embeddable":true,"href":"https:\/\/www.lovendal.ro\/wp52\/wp-json\/wp\/v2\/media\/78722"}],"wp:attachment":[{"href":"https:\/\/www.lovendal.ro\/wp52\/wp-json\/wp\/v2\/media?parent=78721"}],"wp:term":[{"taxonomy":"category","embeddable":true,"href":"https:\/\/www.lovendal.ro\/wp52\/wp-json\/wp\/v2\/categories?post=78721"},{"taxonomy":"post_tag","embeddable":true,"href":"https:\/\/www.lovendal.ro\/wp52\/wp-json\/wp\/v2\/tags?post=78721"}],"curies":[{"name":"wp","href":"https:\/\/api.w.org\/{rel}","templated":true}]}}