{"id":78585,"date":"2021-12-22T22:24:53","date_gmt":"2021-12-22T20:24:53","guid":{"rendered":"https:\/\/www.lovendal.ro\/wp52\/?p=78585"},"modified":"2021-12-22T22:24:53","modified_gmt":"2021-12-22T20:24:53","slug":"generalul-comunist-stanculescu-spionii-rusi-au-fost-cei-care-au-tras-pe-ascuns-impotriva-demonstrantilor-din-timpul-revolutiei-romane-din-89-pentru-a-incita-populatia","status":"publish","type":"post","link":"https:\/\/www.lovendal.ro\/wp52\/generalul-comunist-stanculescu-spionii-rusi-au-fost-cei-care-au-tras-pe-ascuns-impotriva-demonstrantilor-din-timpul-revolutiei-romane-din-89-pentru-a-incita-populatia\/","title":{"rendered":"Generalul comunist St\u0103nculescu: &#8222;Spionii ru\u015fi au fost cei care au tras pe ascuns \u00eempotriva demonstran\u0163ilor din timpul Revolu\u0163iei Rom\u00e2ne din &#8217;89, pentru a incita popula\u0163ia&#8221;"},"content":{"rendered":"<p><a href=\"https:\/\/www.lovendal.ro\/wp52\/wp-content\/uploads\/2021\/12\/Decembrie-89.jpg\"><img loading=\"lazy\" decoding=\"async\" class=\"alignleft size-full wp-image-78586\" src=\"https:\/\/www.lovendal.ro\/wp52\/wp-content\/uploads\/2021\/12\/Decembrie-89.jpg\" alt=\"\" width=\"350\" height=\"226\" srcset=\"https:\/\/www.lovendal.ro\/wp52\/wp-content\/uploads\/2021\/12\/Decembrie-89.jpg 350w, https:\/\/www.lovendal.ro\/wp52\/wp-content\/uploads\/2021\/12\/Decembrie-89-300x194.jpg 300w\" sizes=\"auto, (max-width: 350px) 100vw, 350px\" \/><\/a>\u00cen excep\u0163ionala carte al istoricului Alex Mihai Stoenescu &#8211; <strong><em>&#8222;\u00cen sf\u00e2r\u015fit, adev\u0103rul! \u00cen dialog cu Victor Atanasie St\u0103nculescu&#8221;<\/em><\/strong><em>, <\/em>domnul Stoenescu \u00eei ia un interviu fostului ministru adjunct al Ap\u0103r\u0103rii de pe timpul lui Ceau\u015fescu, generalul Victor Atanasie St\u0103nculescu, acesta spun\u00e2nd mai multe adev\u0103ruri despre Revolu\u0163ia rom\u00e2n\u0103 din &#8217;89, recunosc\u00e2nd \u015fi caracterul ei de &#8222;lovitur\u0103 de stat&#8221;.<\/p>\n<p>Dar, un lucru foarte interesant relatat de generalul comunist este cel cu privire la actele de terorism desf\u0103\u015furate \u00een timpul revolu\u0163iei. De exemplu, pe 22 decembrie 1989, \u00een cartierul Prim\u0103verii, se tr\u0103gea din podul unei case spre vila unde se afla so\u0163ia lui St\u0103nculescu. &#8222;Teroristul&#8221; a fost prins; s-a aflat c\u0103 este de la G\u0103rzile Patriotice, \u015fi c\u0103 tragea asupra casei c\u0103 a\u0219a a primit ordin, pentru c\u0103 acolo, \u00een casa aia, ar fi terori\u0219ti. Deci, i s-a dat o informa\u021bie fals\u0103, cu o misiune precis\u0103, de dezinformare.<\/p>\n<p>Generalul St\u0103nculescu, citind o informa\u0163ie a scriitorului rus Abdulaev, care a avut acces la arhivele GRU \u015fi KGB, spune c\u0103 spionii sovietici au tras de pe ni\u0219te \u00een\u0103l\u021bimi, \u0219i la Bucure\u0219ti, \u0219i la Timi\u0219oara, peste trupe, ca s\u0103 incite \u0219i mai mult popula\u021bia, ca s\u0103 m\u0103reasc\u0103 amploarea mi\u0219c\u0103rii de protest.<\/p>\n<p>Iat\u0103 ce-a mai declarat generalul: <em>&#8222;\u00cen decembrie 1989, sunt convins c\u0103 sovieticii au lucrat puternic \u0219i au tras de la \u00een\u0103l\u021bime peste trupe \u00eempotriva oamenilor. Misiunea lor era s\u0103 pun\u0103 s\u00e2nge \u00eentre Armat\u0103 \u0219i manifestan\u021bi. Mi-a spus fostul consilier al lui Iliescu, Dan Iosif, c\u00e2nd a fost ac\u021biunea de la baricad\u0103 (&#8230;) P\u00e2n\u0103 la miezul nop\u021bii, mor\u021bii care au ap\u0103rut \u00een strad\u0103 nu au fost ai trupelor rom\u00e2ne. Se tr\u0103gea selectiv, pentru c\u0103 militarii st\u0103teau de ore \u00eentregi de vorb\u0103 cu manifestan\u021bii, \u0219i de c\u00e2te ori d\u0103dea Ceau\u0219escu ordin s\u0103 se trag\u0103, tr\u0103geau \u00een sus&#8221;.<\/em><\/p>\n","protected":false},"excerpt":{"rendered":"<p>\u00cen excep\u0163ionala carte al istoricului Alex Mihai Stoenescu &#8211; &#8222;\u00cen sf\u00e2r\u015fit, adev\u0103rul! \u00cen dialog cu Victor Atanasie St\u0103nculescu&#8221;, domnul Stoenescu \u00eei ia un interviu fostului ministru adjunct al Ap\u0103r\u0103rii de pe timpul lui Ceau\u015fescu, generalul Victor Atanasie St\u0103nculescu, acesta spun\u00e2nd &#8230; <\/p>\n<p class=\"read-more-container\"><a title=\"Generalul comunist St\u0103nculescu: &#8222;Spionii ru\u015fi au fost cei care au tras pe ascuns \u00eempotriva demonstran\u0163ilor din timpul Revolu\u0163iei Rom\u00e2ne din &#8217;89, pentru a incita popula\u0163ia&#8221;\" class=\"read-more button\" href=\"https:\/\/www.lovendal.ro\/wp52\/generalul-comunist-stanculescu-spionii-rusi-au-fost-cei-care-au-tras-pe-ascuns-impotriva-demonstrantilor-din-timpul-revolutiei-romane-din-89-pentru-a-incita-populatia\/#more-78585\" aria-label=\"Cite\u0219te mai multe despre Generalul comunist St\u0103nculescu: &#8222;Spionii ru\u015fi au fost cei care au tras pe ascuns \u00eempotriva demonstran\u0163ilor din timpul Revolu\u0163iei Rom\u00e2ne din &#8217;89, pentru a incita popula\u0163ia&#8221;\">Cititi mai multe<\/a><\/p>\n","protected":false},"author":1,"featured_media":78586,"comment_status":"open","ping_status":"open","sticky":false,"template":"","format":"standard","meta":{"footnotes":""},"categories":[9],"tags":[13921,827,1103,135,5264,4649,41,4823,4430,1532,251,6203,589,1964,5522,397,4036,2707,10607],"class_list":["post-78585","post","type-post","status-publish","format-standard","has-post-thumbnail","hentry","category-istorie","tag-armata-romana","tag-bucuresti","tag-carte","tag-ceausescu","tag-general","tag-gru","tag-iliescu","tag-interviu","tag-istoric","tag-istorie-si-civilizatii","tag-kgb","tag-lovitura-de-stat","tag-revolutia-romana-din-89","tag-sange","tag-sovietici","tag-spioni","tag-teroristi","tag-timisoara","tag-victor-stanculescu","resize-featured-image"],"yoast_head":"<!-- This site is optimized with the Yoast SEO Premium plugin v23.3 (Yoast SEO v27.4) - https:\/\/yoast.com\/product\/yoast-seo-premium-wordpress\/ -->\n<title>Generalul comunist St\u0103nculescu: &quot;Spionii ru\u015fi au fost cei care au tras pe ascuns \u00eempotriva demonstran\u0163ilor din timpul Revolu\u0163iei Rom\u00e2ne din &#039;89, pentru a incita popula\u0163ia&quot; - Secretele lui Lovendal<\/title>\n<meta name=\"robots\" content=\"index, follow, max-snippet:-1, max-image-preview:large, max-video-preview:-1\" \/>\n<link rel=\"canonical\" href=\"https:\/\/www.lovendal.ro\/wp52\/generalul-comunist-stanculescu-spionii-rusi-au-fost-cei-care-au-tras-pe-ascuns-impotriva-demonstrantilor-din-timpul-revolutiei-romane-din-89-pentru-a-incita-populatia\/\" \/>\n<meta property=\"og:locale\" content=\"ro_RO\" \/>\n<meta property=\"og:type\" content=\"article\" \/>\n<meta property=\"og:title\" content=\"Generalul comunist St\u0103nculescu: &quot;Spionii ru\u015fi au fost cei care au tras pe ascuns \u00eempotriva demonstran\u0163ilor din timpul Revolu\u0163iei Rom\u00e2ne din &#039;89, pentru a incita popula\u0163ia&quot;\" \/>\n<meta property=\"og:description\" content=\"\u00cen excep\u0163ionala carte al istoricului Alex Mihai Stoenescu &#8211; &#8222;\u00cen sf\u00e2r\u015fit, adev\u0103rul! \u00cen dialog cu Victor Atanasie St\u0103nculescu&#8221;, domnul Stoenescu \u00eei ia un interviu fostului ministru adjunct al Ap\u0103r\u0103rii de pe timpul lui Ceau\u015fescu, generalul Victor Atanasie St\u0103nculescu, acesta spun\u00e2nd ... Cititi mai multe\" \/>\n<meta property=\"og:url\" content=\"https:\/\/www.lovendal.ro\/wp52\/generalul-comunist-stanculescu-spionii-rusi-au-fost-cei-care-au-tras-pe-ascuns-impotriva-demonstrantilor-din-timpul-revolutiei-romane-din-89-pentru-a-incita-populatia\/\" \/>\n<meta property=\"og:site_name\" content=\"Secretele lui Lovendal\" \/>\n<meta property=\"article:publisher\" content=\"https:\/\/www.facebook.com\/secreteleluilovendal\" \/>\n<meta property=\"article:published_time\" content=\"2021-12-22T20:24:53+00:00\" \/>\n<meta property=\"og:image\" content=\"https:\/\/www.lovendal.ro\/wp52\/wp-content\/uploads\/2021\/12\/Decembrie-89.jpg\" \/>\n\t<meta property=\"og:image:width\" content=\"350\" \/>\n\t<meta property=\"og:image:height\" content=\"226\" \/>\n\t<meta property=\"og:image:type\" content=\"image\/jpeg\" \/>\n<meta name=\"author\" content=\"admin\" \/>\n<meta name=\"twitter:card\" content=\"summary_large_image\" \/>\n<meta name=\"twitter:label1\" content=\"Scris de\" \/>\n\t<meta name=\"twitter:data1\" content=\"admin\" \/>\n\t<meta name=\"twitter:label2\" content=\"Timp estimat pentru citire\" \/>\n\t<meta name=\"twitter:data2\" content=\"2 minute\" \/>\n<script type=\"application\/ld+json\" class=\"yoast-schema-graph\">{\"@context\":\"https:\\\/\\\/schema.org\",\"@graph\":[{\"@type\":\"Article\",\"@id\":\"https:\\\/\\\/www.lovendal.ro\\\/wp52\\\/generalul-comunist-stanculescu-spionii-rusi-au-fost-cei-care-au-tras-pe-ascuns-impotriva-demonstrantilor-din-timpul-revolutiei-romane-din-89-pentru-a-incita-populatia\\\/#article\",\"isPartOf\":{\"@id\":\"https:\\\/\\\/www.lovendal.ro\\\/wp52\\\/generalul-comunist-stanculescu-spionii-rusi-au-fost-cei-care-au-tras-pe-ascuns-impotriva-demonstrantilor-din-timpul-revolutiei-romane-din-89-pentru-a-incita-populatia\\\/\"},\"author\":{\"name\":\"admin\",\"@id\":\"https:\\\/\\\/www.lovendal.ro\\\/wp52\\\/#\\\/schema\\\/person\\\/088691de5dfc346bb0c023e1e52ef5d9\"},\"headline\":\"Generalul comunist St\u0103nculescu: &#8222;Spionii ru\u015fi au fost cei care au tras pe ascuns \u00eempotriva demonstran\u0163ilor din timpul Revolu\u0163iei Rom\u00e2ne din &#8217;89, pentru a incita popula\u0163ia&#8221;\",\"datePublished\":\"2021-12-22T20:24:53+00:00\",\"mainEntityOfPage\":{\"@id\":\"https:\\\/\\\/www.lovendal.ro\\\/wp52\\\/generalul-comunist-stanculescu-spionii-rusi-au-fost-cei-care-au-tras-pe-ascuns-impotriva-demonstrantilor-din-timpul-revolutiei-romane-din-89-pentru-a-incita-populatia\\\/\"},\"wordCount\":367,\"commentCount\":0,\"publisher\":{\"@id\":\"https:\\\/\\\/www.lovendal.ro\\\/wp52\\\/#organization\"},\"image\":{\"@id\":\"https:\\\/\\\/www.lovendal.ro\\\/wp52\\\/generalul-comunist-stanculescu-spionii-rusi-au-fost-cei-care-au-tras-pe-ascuns-impotriva-demonstrantilor-din-timpul-revolutiei-romane-din-89-pentru-a-incita-populatia\\\/#primaryimage\"},\"thumbnailUrl\":\"https:\\\/\\\/www.lovendal.ro\\\/wp52\\\/wp-content\\\/uploads\\\/2021\\\/12\\\/Decembrie-89.jpg\",\"keywords\":[\"Armata Rom\u00e2n\u0103\",\"Bucure\u015fti\",\"carte\",\"Ceau\u015fescu\",\"general\",\"GRU\",\"Iliescu\",\"interviu\",\"istoric\",\"Istorie si Civilizatii\",\"KGB\",\"lovitur\u0103 de stat\",\"Revolu\u0163ia rom\u00e2n\u0103 din 89\",\"s\u00e2nge\",\"sovietici\",\"spioni\",\"terori\u015fti\",\"Timi\u015foara\",\"Victor St\u0103nculescu\"],\"articleSection\":[\"Istorie si Civilizatii\"],\"inLanguage\":\"ro-RO\",\"potentialAction\":[{\"@type\":\"CommentAction\",\"name\":\"Comment\",\"target\":[\"https:\\\/\\\/www.lovendal.ro\\\/wp52\\\/generalul-comunist-stanculescu-spionii-rusi-au-fost-cei-care-au-tras-pe-ascuns-impotriva-demonstrantilor-din-timpul-revolutiei-romane-din-89-pentru-a-incita-populatia\\\/#respond\"]}]},{\"@type\":\"WebPage\",\"@id\":\"https:\\\/\\\/www.lovendal.ro\\\/wp52\\\/generalul-comunist-stanculescu-spionii-rusi-au-fost-cei-care-au-tras-pe-ascuns-impotriva-demonstrantilor-din-timpul-revolutiei-romane-din-89-pentru-a-incita-populatia\\\/\",\"url\":\"https:\\\/\\\/www.lovendal.ro\\\/wp52\\\/generalul-comunist-stanculescu-spionii-rusi-au-fost-cei-care-au-tras-pe-ascuns-impotriva-demonstrantilor-din-timpul-revolutiei-romane-din-89-pentru-a-incita-populatia\\\/\",\"name\":\"Generalul comunist St\u0103nculescu: \\\"Spionii ru\u015fi au fost cei care au tras pe ascuns \u00eempotriva demonstran\u0163ilor din timpul Revolu\u0163iei Rom\u00e2ne din '89, pentru a incita popula\u0163ia\\\" - Secretele lui Lovendal\",\"isPartOf\":{\"@id\":\"https:\\\/\\\/www.lovendal.ro\\\/wp52\\\/#website\"},\"primaryImageOfPage\":{\"@id\":\"https:\\\/\\\/www.lovendal.ro\\\/wp52\\\/generalul-comunist-stanculescu-spionii-rusi-au-fost-cei-care-au-tras-pe-ascuns-impotriva-demonstrantilor-din-timpul-revolutiei-romane-din-89-pentru-a-incita-populatia\\\/#primaryimage\"},\"image\":{\"@id\":\"https:\\\/\\\/www.lovendal.ro\\\/wp52\\\/generalul-comunist-stanculescu-spionii-rusi-au-fost-cei-care-au-tras-pe-ascuns-impotriva-demonstrantilor-din-timpul-revolutiei-romane-din-89-pentru-a-incita-populatia\\\/#primaryimage\"},\"thumbnailUrl\":\"https:\\\/\\\/www.lovendal.ro\\\/wp52\\\/wp-content\\\/uploads\\\/2021\\\/12\\\/Decembrie-89.jpg\",\"datePublished\":\"2021-12-22T20:24:53+00:00\",\"breadcrumb\":{\"@id\":\"https:\\\/\\\/www.lovendal.ro\\\/wp52\\\/generalul-comunist-stanculescu-spionii-rusi-au-fost-cei-care-au-tras-pe-ascuns-impotriva-demonstrantilor-din-timpul-revolutiei-romane-din-89-pentru-a-incita-populatia\\\/#breadcrumb\"},\"inLanguage\":\"ro-RO\",\"potentialAction\":[{\"@type\":\"ReadAction\",\"target\":[\"https:\\\/\\\/www.lovendal.ro\\\/wp52\\\/generalul-comunist-stanculescu-spionii-rusi-au-fost-cei-care-au-tras-pe-ascuns-impotriva-demonstrantilor-din-timpul-revolutiei-romane-din-89-pentru-a-incita-populatia\\\/\"]}]},{\"@type\":\"ImageObject\",\"inLanguage\":\"ro-RO\",\"@id\":\"https:\\\/\\\/www.lovendal.ro\\\/wp52\\\/generalul-comunist-stanculescu-spionii-rusi-au-fost-cei-care-au-tras-pe-ascuns-impotriva-demonstrantilor-din-timpul-revolutiei-romane-din-89-pentru-a-incita-populatia\\\/#primaryimage\",\"url\":\"https:\\\/\\\/www.lovendal.ro\\\/wp52\\\/wp-content\\\/uploads\\\/2021\\\/12\\\/Decembrie-89.jpg\",\"contentUrl\":\"https:\\\/\\\/www.lovendal.ro\\\/wp52\\\/wp-content\\\/uploads\\\/2021\\\/12\\\/Decembrie-89.jpg\",\"width\":350,\"height\":226},{\"@type\":\"BreadcrumbList\",\"@id\":\"https:\\\/\\\/www.lovendal.ro\\\/wp52\\\/generalul-comunist-stanculescu-spionii-rusi-au-fost-cei-care-au-tras-pe-ascuns-impotriva-demonstrantilor-din-timpul-revolutiei-romane-din-89-pentru-a-incita-populatia\\\/#breadcrumb\",\"itemListElement\":[{\"@type\":\"ListItem\",\"position\":1,\"name\":\"Home\",\"item\":\"https:\\\/\\\/www.lovendal.ro\\\/wp52\\\/\"},{\"@type\":\"ListItem\",\"position\":2,\"name\":\"Generalul comunist St\u0103nculescu: &#8222;Spionii ru\u015fi au fost cei care au tras pe ascuns \u00eempotriva demonstran\u0163ilor din timpul Revolu\u0163iei Rom\u00e2ne din &#8217;89, pentru a incita popula\u0163ia&#8221;\"}]},{\"@type\":\"WebSite\",\"@id\":\"https:\\\/\\\/www.lovendal.ro\\\/wp52\\\/#website\",\"url\":\"https:\\\/\\\/www.lovendal.ro\\\/wp52\\\/\",\"name\":\"Secretele lui Lovendal\",\"description\":\"Site de secrete, stiinta si metafizica - din 2008 -\",\"publisher\":{\"@id\":\"https:\\\/\\\/www.lovendal.ro\\\/wp52\\\/#organization\"},\"potentialAction\":[{\"@type\":\"SearchAction\",\"target\":{\"@type\":\"EntryPoint\",\"urlTemplate\":\"https:\\\/\\\/www.lovendal.ro\\\/wp52\\\/?s={search_term_string}\"},\"query-input\":{\"@type\":\"PropertyValueSpecification\",\"valueRequired\":true,\"valueName\":\"search_term_string\"}}],\"inLanguage\":\"ro-RO\"},{\"@type\":\"Organization\",\"@id\":\"https:\\\/\\\/www.lovendal.ro\\\/wp52\\\/#organization\",\"name\":\"Secretele lui Lovendal\",\"url\":\"https:\\\/\\\/www.lovendal.ro\\\/wp52\\\/\",\"logo\":{\"@type\":\"ImageObject\",\"inLanguage\":\"ro-RO\",\"@id\":\"https:\\\/\\\/www.lovendal.ro\\\/wp52\\\/#\\\/schema\\\/logo\\\/image\\\/\",\"url\":\"https:\\\/\\\/www.lovendal.ro\\\/wp52\\\/wp-content\\\/uploads\\\/2024\\\/06\\\/cropped-SLL-iun-2024-1.jpg\",\"contentUrl\":\"https:\\\/\\\/www.lovendal.ro\\\/wp52\\\/wp-content\\\/uploads\\\/2024\\\/06\\\/cropped-SLL-iun-2024-1.jpg\",\"width\":771,\"height\":240,\"caption\":\"Secretele lui Lovendal\"},\"image\":{\"@id\":\"https:\\\/\\\/www.lovendal.ro\\\/wp52\\\/#\\\/schema\\\/logo\\\/image\\\/\"},\"sameAs\":[\"https:\\\/\\\/www.facebook.com\\\/secreteleluilovendal\"]},{\"@type\":\"Person\",\"@id\":\"https:\\\/\\\/www.lovendal.ro\\\/wp52\\\/#\\\/schema\\\/person\\\/088691de5dfc346bb0c023e1e52ef5d9\",\"name\":\"admin\",\"image\":{\"@type\":\"ImageObject\",\"inLanguage\":\"ro-RO\",\"@id\":\"https:\\\/\\\/secure.gravatar.com\\\/avatar\\\/ecb9cd41f5f63c9c9b989999a59f6e2639a865ec361e9db054db0679a8f341c2?s=96&d=mm&r=g\",\"url\":\"https:\\\/\\\/secure.gravatar.com\\\/avatar\\\/ecb9cd41f5f63c9c9b989999a59f6e2639a865ec361e9db054db0679a8f341c2?s=96&d=mm&r=g\",\"contentUrl\":\"https:\\\/\\\/secure.gravatar.com\\\/avatar\\\/ecb9cd41f5f63c9c9b989999a59f6e2639a865ec361e9db054db0679a8f341c2?s=96&d=mm&r=g\",\"caption\":\"admin\"},\"sameAs\":[\"https:\\\/\\\/www.lovendal.ro\\\/wp52\"]}]}<\/script>\n<!-- \/ Yoast SEO Premium plugin. -->","yoast_head_json":{"title":"Generalul comunist St\u0103nculescu: \"Spionii ru\u015fi au fost cei care au tras pe ascuns \u00eempotriva demonstran\u0163ilor din timpul Revolu\u0163iei Rom\u00e2ne din '89, pentru a incita popula\u0163ia\" - Secretele lui Lovendal","robots":{"index":"index","follow":"follow","max-snippet":"max-snippet:-1","max-image-preview":"max-image-preview:large","max-video-preview":"max-video-preview:-1"},"canonical":"https:\/\/www.lovendal.ro\/wp52\/generalul-comunist-stanculescu-spionii-rusi-au-fost-cei-care-au-tras-pe-ascuns-impotriva-demonstrantilor-din-timpul-revolutiei-romane-din-89-pentru-a-incita-populatia\/","og_locale":"ro_RO","og_type":"article","og_title":"Generalul comunist St\u0103nculescu: \"Spionii ru\u015fi au fost cei care au tras pe ascuns \u00eempotriva demonstran\u0163ilor din timpul Revolu\u0163iei Rom\u00e2ne din '89, pentru a incita popula\u0163ia\"","og_description":"\u00cen excep\u0163ionala carte al istoricului Alex Mihai Stoenescu &#8211; &#8222;\u00cen sf\u00e2r\u015fit, adev\u0103rul! \u00cen dialog cu Victor Atanasie St\u0103nculescu&#8221;, domnul Stoenescu \u00eei ia un interviu fostului ministru adjunct al Ap\u0103r\u0103rii de pe timpul lui Ceau\u015fescu, generalul Victor Atanasie St\u0103nculescu, acesta spun\u00e2nd ... Cititi mai multe","og_url":"https:\/\/www.lovendal.ro\/wp52\/generalul-comunist-stanculescu-spionii-rusi-au-fost-cei-care-au-tras-pe-ascuns-impotriva-demonstrantilor-din-timpul-revolutiei-romane-din-89-pentru-a-incita-populatia\/","og_site_name":"Secretele lui Lovendal","article_publisher":"https:\/\/www.facebook.com\/secreteleluilovendal","article_published_time":"2021-12-22T20:24:53+00:00","og_image":[{"width":350,"height":226,"url":"https:\/\/www.lovendal.ro\/wp52\/wp-content\/uploads\/2021\/12\/Decembrie-89.jpg","type":"image\/jpeg"}],"author":"admin","twitter_card":"summary_large_image","twitter_misc":{"Scris de":"admin","Timp estimat pentru citire":"2 minute"},"schema":{"@context":"https:\/\/schema.org","@graph":[{"@type":"Article","@id":"https:\/\/www.lovendal.ro\/wp52\/generalul-comunist-stanculescu-spionii-rusi-au-fost-cei-care-au-tras-pe-ascuns-impotriva-demonstrantilor-din-timpul-revolutiei-romane-din-89-pentru-a-incita-populatia\/#article","isPartOf":{"@id":"https:\/\/www.lovendal.ro\/wp52\/generalul-comunist-stanculescu-spionii-rusi-au-fost-cei-care-au-tras-pe-ascuns-impotriva-demonstrantilor-din-timpul-revolutiei-romane-din-89-pentru-a-incita-populatia\/"},"author":{"name":"admin","@id":"https:\/\/www.lovendal.ro\/wp52\/#\/schema\/person\/088691de5dfc346bb0c023e1e52ef5d9"},"headline":"Generalul comunist St\u0103nculescu: &#8222;Spionii ru\u015fi au fost cei care au tras pe ascuns \u00eempotriva demonstran\u0163ilor din timpul Revolu\u0163iei Rom\u00e2ne din &#8217;89, pentru a incita popula\u0163ia&#8221;","datePublished":"2021-12-22T20:24:53+00:00","mainEntityOfPage":{"@id":"https:\/\/www.lovendal.ro\/wp52\/generalul-comunist-stanculescu-spionii-rusi-au-fost-cei-care-au-tras-pe-ascuns-impotriva-demonstrantilor-din-timpul-revolutiei-romane-din-89-pentru-a-incita-populatia\/"},"wordCount":367,"commentCount":0,"publisher":{"@id":"https:\/\/www.lovendal.ro\/wp52\/#organization"},"image":{"@id":"https:\/\/www.lovendal.ro\/wp52\/generalul-comunist-stanculescu-spionii-rusi-au-fost-cei-care-au-tras-pe-ascuns-impotriva-demonstrantilor-din-timpul-revolutiei-romane-din-89-pentru-a-incita-populatia\/#primaryimage"},"thumbnailUrl":"https:\/\/www.lovendal.ro\/wp52\/wp-content\/uploads\/2021\/12\/Decembrie-89.jpg","keywords":["Armata Rom\u00e2n\u0103","Bucure\u015fti","carte","Ceau\u015fescu","general","GRU","Iliescu","interviu","istoric","Istorie si Civilizatii","KGB","lovitur\u0103 de stat","Revolu\u0163ia rom\u00e2n\u0103 din 89","s\u00e2nge","sovietici","spioni","terori\u015fti","Timi\u015foara","Victor St\u0103nculescu"],"articleSection":["Istorie si Civilizatii"],"inLanguage":"ro-RO","potentialAction":[{"@type":"CommentAction","name":"Comment","target":["https:\/\/www.lovendal.ro\/wp52\/generalul-comunist-stanculescu-spionii-rusi-au-fost-cei-care-au-tras-pe-ascuns-impotriva-demonstrantilor-din-timpul-revolutiei-romane-din-89-pentru-a-incita-populatia\/#respond"]}]},{"@type":"WebPage","@id":"https:\/\/www.lovendal.ro\/wp52\/generalul-comunist-stanculescu-spionii-rusi-au-fost-cei-care-au-tras-pe-ascuns-impotriva-demonstrantilor-din-timpul-revolutiei-romane-din-89-pentru-a-incita-populatia\/","url":"https:\/\/www.lovendal.ro\/wp52\/generalul-comunist-stanculescu-spionii-rusi-au-fost-cei-care-au-tras-pe-ascuns-impotriva-demonstrantilor-din-timpul-revolutiei-romane-din-89-pentru-a-incita-populatia\/","name":"Generalul comunist St\u0103nculescu: \"Spionii ru\u015fi au fost cei care au tras pe ascuns \u00eempotriva demonstran\u0163ilor din timpul Revolu\u0163iei Rom\u00e2ne din '89, pentru a incita popula\u0163ia\" - Secretele lui Lovendal","isPartOf":{"@id":"https:\/\/www.lovendal.ro\/wp52\/#website"},"primaryImageOfPage":{"@id":"https:\/\/www.lovendal.ro\/wp52\/generalul-comunist-stanculescu-spionii-rusi-au-fost-cei-care-au-tras-pe-ascuns-impotriva-demonstrantilor-din-timpul-revolutiei-romane-din-89-pentru-a-incita-populatia\/#primaryimage"},"image":{"@id":"https:\/\/www.lovendal.ro\/wp52\/generalul-comunist-stanculescu-spionii-rusi-au-fost-cei-care-au-tras-pe-ascuns-impotriva-demonstrantilor-din-timpul-revolutiei-romane-din-89-pentru-a-incita-populatia\/#primaryimage"},"thumbnailUrl":"https:\/\/www.lovendal.ro\/wp52\/wp-content\/uploads\/2021\/12\/Decembrie-89.jpg","datePublished":"2021-12-22T20:24:53+00:00","breadcrumb":{"@id":"https:\/\/www.lovendal.ro\/wp52\/generalul-comunist-stanculescu-spionii-rusi-au-fost-cei-care-au-tras-pe-ascuns-impotriva-demonstrantilor-din-timpul-revolutiei-romane-din-89-pentru-a-incita-populatia\/#breadcrumb"},"inLanguage":"ro-RO","potentialAction":[{"@type":"ReadAction","target":["https:\/\/www.lovendal.ro\/wp52\/generalul-comunist-stanculescu-spionii-rusi-au-fost-cei-care-au-tras-pe-ascuns-impotriva-demonstrantilor-din-timpul-revolutiei-romane-din-89-pentru-a-incita-populatia\/"]}]},{"@type":"ImageObject","inLanguage":"ro-RO","@id":"https:\/\/www.lovendal.ro\/wp52\/generalul-comunist-stanculescu-spionii-rusi-au-fost-cei-care-au-tras-pe-ascuns-impotriva-demonstrantilor-din-timpul-revolutiei-romane-din-89-pentru-a-incita-populatia\/#primaryimage","url":"https:\/\/www.lovendal.ro\/wp52\/wp-content\/uploads\/2021\/12\/Decembrie-89.jpg","contentUrl":"https:\/\/www.lovendal.ro\/wp52\/wp-content\/uploads\/2021\/12\/Decembrie-89.jpg","width":350,"height":226},{"@type":"BreadcrumbList","@id":"https:\/\/www.lovendal.ro\/wp52\/generalul-comunist-stanculescu-spionii-rusi-au-fost-cei-care-au-tras-pe-ascuns-impotriva-demonstrantilor-din-timpul-revolutiei-romane-din-89-pentru-a-incita-populatia\/#breadcrumb","itemListElement":[{"@type":"ListItem","position":1,"name":"Home","item":"https:\/\/www.lovendal.ro\/wp52\/"},{"@type":"ListItem","position":2,"name":"Generalul comunist St\u0103nculescu: &#8222;Spionii ru\u015fi au fost cei care au tras pe ascuns \u00eempotriva demonstran\u0163ilor din timpul Revolu\u0163iei Rom\u00e2ne din &#8217;89, pentru a incita popula\u0163ia&#8221;"}]},{"@type":"WebSite","@id":"https:\/\/www.lovendal.ro\/wp52\/#website","url":"https:\/\/www.lovendal.ro\/wp52\/","name":"Secretele lui Lovendal","description":"Site de secrete, stiinta si metafizica - din 2008 -","publisher":{"@id":"https:\/\/www.lovendal.ro\/wp52\/#organization"},"potentialAction":[{"@type":"SearchAction","target":{"@type":"EntryPoint","urlTemplate":"https:\/\/www.lovendal.ro\/wp52\/?s={search_term_string}"},"query-input":{"@type":"PropertyValueSpecification","valueRequired":true,"valueName":"search_term_string"}}],"inLanguage":"ro-RO"},{"@type":"Organization","@id":"https:\/\/www.lovendal.ro\/wp52\/#organization","name":"Secretele lui Lovendal","url":"https:\/\/www.lovendal.ro\/wp52\/","logo":{"@type":"ImageObject","inLanguage":"ro-RO","@id":"https:\/\/www.lovendal.ro\/wp52\/#\/schema\/logo\/image\/","url":"https:\/\/www.lovendal.ro\/wp52\/wp-content\/uploads\/2024\/06\/cropped-SLL-iun-2024-1.jpg","contentUrl":"https:\/\/www.lovendal.ro\/wp52\/wp-content\/uploads\/2024\/06\/cropped-SLL-iun-2024-1.jpg","width":771,"height":240,"caption":"Secretele lui Lovendal"},"image":{"@id":"https:\/\/www.lovendal.ro\/wp52\/#\/schema\/logo\/image\/"},"sameAs":["https:\/\/www.facebook.com\/secreteleluilovendal"]},{"@type":"Person","@id":"https:\/\/www.lovendal.ro\/wp52\/#\/schema\/person\/088691de5dfc346bb0c023e1e52ef5d9","name":"admin","image":{"@type":"ImageObject","inLanguage":"ro-RO","@id":"https:\/\/secure.gravatar.com\/avatar\/ecb9cd41f5f63c9c9b989999a59f6e2639a865ec361e9db054db0679a8f341c2?s=96&d=mm&r=g","url":"https:\/\/secure.gravatar.com\/avatar\/ecb9cd41f5f63c9c9b989999a59f6e2639a865ec361e9db054db0679a8f341c2?s=96&d=mm&r=g","contentUrl":"https:\/\/secure.gravatar.com\/avatar\/ecb9cd41f5f63c9c9b989999a59f6e2639a865ec361e9db054db0679a8f341c2?s=96&d=mm&r=g","caption":"admin"},"sameAs":["https:\/\/www.lovendal.ro\/wp52"]}]}},"_links":{"self":[{"href":"https:\/\/www.lovendal.ro\/wp52\/wp-json\/wp\/v2\/posts\/78585","targetHints":{"allow":["GET"]}}],"collection":[{"href":"https:\/\/www.lovendal.ro\/wp52\/wp-json\/wp\/v2\/posts"}],"about":[{"href":"https:\/\/www.lovendal.ro\/wp52\/wp-json\/wp\/v2\/types\/post"}],"author":[{"embeddable":true,"href":"https:\/\/www.lovendal.ro\/wp52\/wp-json\/wp\/v2\/users\/1"}],"replies":[{"embeddable":true,"href":"https:\/\/www.lovendal.ro\/wp52\/wp-json\/wp\/v2\/comments?post=78585"}],"version-history":[{"count":0,"href":"https:\/\/www.lovendal.ro\/wp52\/wp-json\/wp\/v2\/posts\/78585\/revisions"}],"wp:featuredmedia":[{"embeddable":true,"href":"https:\/\/www.lovendal.ro\/wp52\/wp-json\/wp\/v2\/media\/78586"}],"wp:attachment":[{"href":"https:\/\/www.lovendal.ro\/wp52\/wp-json\/wp\/v2\/media?parent=78585"}],"wp:term":[{"taxonomy":"category","embeddable":true,"href":"https:\/\/www.lovendal.ro\/wp52\/wp-json\/wp\/v2\/categories?post=78585"},{"taxonomy":"post_tag","embeddable":true,"href":"https:\/\/www.lovendal.ro\/wp52\/wp-json\/wp\/v2\/tags?post=78585"}],"curies":[{"name":"wp","href":"https:\/\/api.w.org\/{rel}","templated":true}]}}