{"id":78502,"date":"2021-12-15T21:38:39","date_gmt":"2021-12-15T19:38:39","guid":{"rendered":"https:\/\/www.lovendal.ro\/wp52\/?p=78502"},"modified":"2021-12-15T21:38:39","modified_gmt":"2021-12-15T19:38:39","slug":"o-sonda-spatiala-a-atins-soarele-cu-ce-scop","status":"publish","type":"post","link":"https:\/\/www.lovendal.ro\/wp52\/o-sonda-spatiala-a-atins-soarele-cu-ce-scop\/","title":{"rendered":"O sond\u0103 spa\u0163ial\u0103 a atins Soarele! Cu ce scop?"},"content":{"rendered":"<p><a href=\"https:\/\/www.lovendal.ro\/wp52\/wp-content\/uploads\/2021\/12\/Soare-sonda-spatiala-coperta.jpg\"><img loading=\"lazy\" decoding=\"async\" class=\"alignleft size-full wp-image-78503\" src=\"https:\/\/www.lovendal.ro\/wp52\/wp-content\/uploads\/2021\/12\/Soare-sonda-spatiala-coperta.jpg\" alt=\"\" width=\"340\" height=\"209\" srcset=\"https:\/\/www.lovendal.ro\/wp52\/wp-content\/uploads\/2021\/12\/Soare-sonda-spatiala-coperta.jpg 340w, https:\/\/www.lovendal.ro\/wp52\/wp-content\/uploads\/2021\/12\/Soare-sonda-spatiala-coperta-300x184.jpg 300w\" sizes=\"auto, (max-width: 340px) 100vw, 340px\" \/><\/a>V\u0103 vine s\u0103 crede\u0163i sau nu, dar o sond\u0103 spa\u0163ial\u0103 NASA (pe nume Parker), a devenit prima nav\u0103 spa\u0163ial\u0103 care a p\u0103truns \u00een atmosfera solar\u0103. Sonda spa\u0163ial\u0103 a zburat prin coroana solar\u0103 \u015fi a preluat probe de particule \u015fi c\u00e2mpuri magnetice ale Soarelui.<\/p>\n<p><em>&#8222;Atingerea Soarelui de c\u0103tre sonda solar\u0103 Parker este un moment magnific pentru \u015ftiin\u0163\u0103 \u015fi o performan\u0163\u0103 cu adev\u0103rat remarcabil\u0103&#8221;<\/em>, a declarat Thomas Zurbuchen din cadrul Directoratului pentru misiuni \u015ftiin\u0163ifice al NASA. Sonda spa\u0163ial\u0103 Parker a g\u0103sit condi\u0163iile magnetice \u015fi de particule potrivite pentru a p\u0103trunde \u00een atmosfera solar\u0103 la aproximativ 1,3 milioane de kilometri deasupra suprafe\u0163ei solare, pe 28 aprilie 2021, aceast\u0103 trecerea dur\u00e2nd c\u00e2teva ore. Urm\u0103torul s\u0103u zbor, programat pentru ianuarie 2022, va aduce din nou, probabil, sonda Parker \u00een coroana solar\u0103.<\/p>\n<p><em>&#8222;Eram convin\u015fi c\u0103, mai devreme sau mai t\u00e2rziu, vom intersecta coroana pentru cel pu\u0163in o perioad\u0103 scurt\u0103 de timp&#8221;,<\/em> a spus Justin Kasper, autorul principal al unei noi lucr\u0103ri despre aceast\u0103 realizare important\u0103.<\/p>\n<p><a href=\"https:\/\/www.lovendal.ro\/wp52\/wp-content\/uploads\/2021\/12\/Soare-sonda-spatiala.jpg\"><img loading=\"lazy\" decoding=\"async\" class=\"aligncenter size-full wp-image-78504\" src=\"https:\/\/www.lovendal.ro\/wp52\/wp-content\/uploads\/2021\/12\/Soare-sonda-spatiala.jpg\" alt=\"\" width=\"539\" height=\"331\" srcset=\"https:\/\/www.lovendal.ro\/wp52\/wp-content\/uploads\/2021\/12\/Soare-sonda-spatiala.jpg 539w, https:\/\/www.lovendal.ro\/wp52\/wp-content\/uploads\/2021\/12\/Soare-sonda-spatiala-300x184.jpg 300w\" sizes=\"auto, (max-width: 539px) 100vw, 539px\" \/><\/a><\/p>\n<p>&nbsp;<\/p>\n","protected":false},"excerpt":{"rendered":"<p>V\u0103 vine s\u0103 crede\u0163i sau nu, dar o sond\u0103 spa\u0163ial\u0103 NASA (pe nume Parker), a devenit prima nav\u0103 spa\u0163ial\u0103 care a p\u0103truns \u00een atmosfera solar\u0103. Sonda spa\u0163ial\u0103 a zburat prin coroana solar\u0103 \u015fi a preluat probe de particule \u015fi c\u00e2mpuri &#8230; <\/p>\n<p class=\"read-more-container\"><a title=\"O sond\u0103 spa\u0163ial\u0103 a atins Soarele! Cu ce scop?\" class=\"read-more button\" href=\"https:\/\/www.lovendal.ro\/wp52\/o-sonda-spatiala-a-atins-soarele-cu-ce-scop\/#more-78502\" aria-label=\"Cite\u0219te mai multe despre O sond\u0103 spa\u0163ial\u0103 a atins Soarele! Cu ce scop?\">Cititi mai multe<\/a><\/p>\n","protected":false},"author":1,"featured_media":78503,"comment_status":"open","ping_status":"open","sticky":false,"template":"","format":"standard","meta":{"footnotes":""},"categories":[11039],"tags":[102,2502,1662,3396,150,865,8186],"class_list":["post-78502","post","type-post","status-publish","format-standard","has-post-thumbnail","hentry","category-astronomie","tag-astronomie","tag-atmosfera","tag-camp-magnetic","tag-coroana","tag-nasa","tag-soare","tag-sonda-spatiala","resize-featured-image"],"yoast_head":"<!-- This site is optimized with the Yoast SEO Premium plugin v23.3 (Yoast SEO v27.4) - https:\/\/yoast.com\/product\/yoast-seo-premium-wordpress\/ -->\n<title>O sond\u0103 spa\u0163ial\u0103 a atins Soarele! Cu ce scop? - Secretele lui Lovendal<\/title>\n<meta name=\"robots\" content=\"index, follow, max-snippet:-1, max-image-preview:large, max-video-preview:-1\" \/>\n<link rel=\"canonical\" href=\"https:\/\/www.lovendal.ro\/wp52\/o-sonda-spatiala-a-atins-soarele-cu-ce-scop\/\" \/>\n<meta property=\"og:locale\" content=\"ro_RO\" \/>\n<meta property=\"og:type\" content=\"article\" \/>\n<meta property=\"og:title\" content=\"O sond\u0103 spa\u0163ial\u0103 a atins Soarele! Cu ce scop?\" \/>\n<meta property=\"og:description\" content=\"V\u0103 vine s\u0103 crede\u0163i sau nu, dar o sond\u0103 spa\u0163ial\u0103 NASA (pe nume Parker), a devenit prima nav\u0103 spa\u0163ial\u0103 care a p\u0103truns \u00een atmosfera solar\u0103. Sonda spa\u0163ial\u0103 a zburat prin coroana solar\u0103 \u015fi a preluat probe de particule \u015fi c\u00e2mpuri ... Cititi mai multe\" \/>\n<meta property=\"og:url\" content=\"https:\/\/www.lovendal.ro\/wp52\/o-sonda-spatiala-a-atins-soarele-cu-ce-scop\/\" \/>\n<meta property=\"og:site_name\" content=\"Secretele lui Lovendal\" \/>\n<meta property=\"article:publisher\" content=\"https:\/\/www.facebook.com\/secreteleluilovendal\" \/>\n<meta property=\"article:published_time\" content=\"2021-12-15T19:38:39+00:00\" \/>\n<meta property=\"og:image\" content=\"https:\/\/www.lovendal.ro\/wp52\/wp-content\/uploads\/2021\/12\/Soare-sonda-spatiala-coperta.jpg\" \/>\n\t<meta property=\"og:image:width\" content=\"340\" \/>\n\t<meta property=\"og:image:height\" content=\"209\" \/>\n\t<meta property=\"og:image:type\" content=\"image\/jpeg\" \/>\n<meta name=\"author\" content=\"admin\" \/>\n<meta name=\"twitter:card\" content=\"summary_large_image\" \/>\n<meta name=\"twitter:label1\" content=\"Scris de\" \/>\n\t<meta name=\"twitter:data1\" content=\"admin\" \/>\n\t<meta name=\"twitter:label2\" content=\"Timp estimat pentru citire\" \/>\n\t<meta name=\"twitter:data2\" content=\"1 minut\" \/>\n<script type=\"application\/ld+json\" class=\"yoast-schema-graph\">{\"@context\":\"https:\\\/\\\/schema.org\",\"@graph\":[{\"@type\":\"Article\",\"@id\":\"https:\\\/\\\/www.lovendal.ro\\\/wp52\\\/o-sonda-spatiala-a-atins-soarele-cu-ce-scop\\\/#article\",\"isPartOf\":{\"@id\":\"https:\\\/\\\/www.lovendal.ro\\\/wp52\\\/o-sonda-spatiala-a-atins-soarele-cu-ce-scop\\\/\"},\"author\":{\"name\":\"admin\",\"@id\":\"https:\\\/\\\/www.lovendal.ro\\\/wp52\\\/#\\\/schema\\\/person\\\/088691de5dfc346bb0c023e1e52ef5d9\"},\"headline\":\"O sond\u0103 spa\u0163ial\u0103 a atins Soarele! Cu ce scop?\",\"datePublished\":\"2021-12-15T19:38:39+00:00\",\"mainEntityOfPage\":{\"@id\":\"https:\\\/\\\/www.lovendal.ro\\\/wp52\\\/o-sonda-spatiala-a-atins-soarele-cu-ce-scop\\\/\"},\"wordCount\":188,\"commentCount\":0,\"publisher\":{\"@id\":\"https:\\\/\\\/www.lovendal.ro\\\/wp52\\\/#organization\"},\"image\":{\"@id\":\"https:\\\/\\\/www.lovendal.ro\\\/wp52\\\/o-sonda-spatiala-a-atins-soarele-cu-ce-scop\\\/#primaryimage\"},\"thumbnailUrl\":\"https:\\\/\\\/www.lovendal.ro\\\/wp52\\\/wp-content\\\/uploads\\\/2021\\\/12\\\/Soare-sonda-spatiala-coperta.jpg\",\"keywords\":[\"astronomie\",\"atmosfer\u0103\",\"c\u00e2mp magnetic\",\"coroan\u0103\",\"NASA\",\"Soare\",\"sond\u0103 spa\u0163ial\u0103\"],\"articleSection\":[\"Astronomie\"],\"inLanguage\":\"ro-RO\",\"potentialAction\":[{\"@type\":\"CommentAction\",\"name\":\"Comment\",\"target\":[\"https:\\\/\\\/www.lovendal.ro\\\/wp52\\\/o-sonda-spatiala-a-atins-soarele-cu-ce-scop\\\/#respond\"]}]},{\"@type\":\"WebPage\",\"@id\":\"https:\\\/\\\/www.lovendal.ro\\\/wp52\\\/o-sonda-spatiala-a-atins-soarele-cu-ce-scop\\\/\",\"url\":\"https:\\\/\\\/www.lovendal.ro\\\/wp52\\\/o-sonda-spatiala-a-atins-soarele-cu-ce-scop\\\/\",\"name\":\"O sond\u0103 spa\u0163ial\u0103 a atins Soarele! Cu ce scop? - Secretele lui Lovendal\",\"isPartOf\":{\"@id\":\"https:\\\/\\\/www.lovendal.ro\\\/wp52\\\/#website\"},\"primaryImageOfPage\":{\"@id\":\"https:\\\/\\\/www.lovendal.ro\\\/wp52\\\/o-sonda-spatiala-a-atins-soarele-cu-ce-scop\\\/#primaryimage\"},\"image\":{\"@id\":\"https:\\\/\\\/www.lovendal.ro\\\/wp52\\\/o-sonda-spatiala-a-atins-soarele-cu-ce-scop\\\/#primaryimage\"},\"thumbnailUrl\":\"https:\\\/\\\/www.lovendal.ro\\\/wp52\\\/wp-content\\\/uploads\\\/2021\\\/12\\\/Soare-sonda-spatiala-coperta.jpg\",\"datePublished\":\"2021-12-15T19:38:39+00:00\",\"breadcrumb\":{\"@id\":\"https:\\\/\\\/www.lovendal.ro\\\/wp52\\\/o-sonda-spatiala-a-atins-soarele-cu-ce-scop\\\/#breadcrumb\"},\"inLanguage\":\"ro-RO\",\"potentialAction\":[{\"@type\":\"ReadAction\",\"target\":[\"https:\\\/\\\/www.lovendal.ro\\\/wp52\\\/o-sonda-spatiala-a-atins-soarele-cu-ce-scop\\\/\"]}]},{\"@type\":\"ImageObject\",\"inLanguage\":\"ro-RO\",\"@id\":\"https:\\\/\\\/www.lovendal.ro\\\/wp52\\\/o-sonda-spatiala-a-atins-soarele-cu-ce-scop\\\/#primaryimage\",\"url\":\"https:\\\/\\\/www.lovendal.ro\\\/wp52\\\/wp-content\\\/uploads\\\/2021\\\/12\\\/Soare-sonda-spatiala-coperta.jpg\",\"contentUrl\":\"https:\\\/\\\/www.lovendal.ro\\\/wp52\\\/wp-content\\\/uploads\\\/2021\\\/12\\\/Soare-sonda-spatiala-coperta.jpg\",\"width\":340,\"height\":209},{\"@type\":\"BreadcrumbList\",\"@id\":\"https:\\\/\\\/www.lovendal.ro\\\/wp52\\\/o-sonda-spatiala-a-atins-soarele-cu-ce-scop\\\/#breadcrumb\",\"itemListElement\":[{\"@type\":\"ListItem\",\"position\":1,\"name\":\"Home\",\"item\":\"https:\\\/\\\/www.lovendal.ro\\\/wp52\\\/\"},{\"@type\":\"ListItem\",\"position\":2,\"name\":\"O sond\u0103 spa\u0163ial\u0103 a atins Soarele! Cu ce scop?\"}]},{\"@type\":\"WebSite\",\"@id\":\"https:\\\/\\\/www.lovendal.ro\\\/wp52\\\/#website\",\"url\":\"https:\\\/\\\/www.lovendal.ro\\\/wp52\\\/\",\"name\":\"Secretele lui Lovendal\",\"description\":\"Site de secrete, stiinta si metafizica - din 2008 -\",\"publisher\":{\"@id\":\"https:\\\/\\\/www.lovendal.ro\\\/wp52\\\/#organization\"},\"potentialAction\":[{\"@type\":\"SearchAction\",\"target\":{\"@type\":\"EntryPoint\",\"urlTemplate\":\"https:\\\/\\\/www.lovendal.ro\\\/wp52\\\/?s={search_term_string}\"},\"query-input\":{\"@type\":\"PropertyValueSpecification\",\"valueRequired\":true,\"valueName\":\"search_term_string\"}}],\"inLanguage\":\"ro-RO\"},{\"@type\":\"Organization\",\"@id\":\"https:\\\/\\\/www.lovendal.ro\\\/wp52\\\/#organization\",\"name\":\"Secretele lui Lovendal\",\"url\":\"https:\\\/\\\/www.lovendal.ro\\\/wp52\\\/\",\"logo\":{\"@type\":\"ImageObject\",\"inLanguage\":\"ro-RO\",\"@id\":\"https:\\\/\\\/www.lovendal.ro\\\/wp52\\\/#\\\/schema\\\/logo\\\/image\\\/\",\"url\":\"https:\\\/\\\/www.lovendal.ro\\\/wp52\\\/wp-content\\\/uploads\\\/2024\\\/06\\\/cropped-SLL-iun-2024-1.jpg\",\"contentUrl\":\"https:\\\/\\\/www.lovendal.ro\\\/wp52\\\/wp-content\\\/uploads\\\/2024\\\/06\\\/cropped-SLL-iun-2024-1.jpg\",\"width\":771,\"height\":240,\"caption\":\"Secretele lui Lovendal\"},\"image\":{\"@id\":\"https:\\\/\\\/www.lovendal.ro\\\/wp52\\\/#\\\/schema\\\/logo\\\/image\\\/\"},\"sameAs\":[\"https:\\\/\\\/www.facebook.com\\\/secreteleluilovendal\"]},{\"@type\":\"Person\",\"@id\":\"https:\\\/\\\/www.lovendal.ro\\\/wp52\\\/#\\\/schema\\\/person\\\/088691de5dfc346bb0c023e1e52ef5d9\",\"name\":\"admin\",\"image\":{\"@type\":\"ImageObject\",\"inLanguage\":\"ro-RO\",\"@id\":\"https:\\\/\\\/secure.gravatar.com\\\/avatar\\\/ecb9cd41f5f63c9c9b989999a59f6e2639a865ec361e9db054db0679a8f341c2?s=96&d=mm&r=g\",\"url\":\"https:\\\/\\\/secure.gravatar.com\\\/avatar\\\/ecb9cd41f5f63c9c9b989999a59f6e2639a865ec361e9db054db0679a8f341c2?s=96&d=mm&r=g\",\"contentUrl\":\"https:\\\/\\\/secure.gravatar.com\\\/avatar\\\/ecb9cd41f5f63c9c9b989999a59f6e2639a865ec361e9db054db0679a8f341c2?s=96&d=mm&r=g\",\"caption\":\"admin\"},\"sameAs\":[\"https:\\\/\\\/www.lovendal.ro\\\/wp52\"]}]}<\/script>\n<!-- \/ Yoast SEO Premium plugin. -->","yoast_head_json":{"title":"O sond\u0103 spa\u0163ial\u0103 a atins Soarele! Cu ce scop? - Secretele lui Lovendal","robots":{"index":"index","follow":"follow","max-snippet":"max-snippet:-1","max-image-preview":"max-image-preview:large","max-video-preview":"max-video-preview:-1"},"canonical":"https:\/\/www.lovendal.ro\/wp52\/o-sonda-spatiala-a-atins-soarele-cu-ce-scop\/","og_locale":"ro_RO","og_type":"article","og_title":"O sond\u0103 spa\u0163ial\u0103 a atins Soarele! Cu ce scop?","og_description":"V\u0103 vine s\u0103 crede\u0163i sau nu, dar o sond\u0103 spa\u0163ial\u0103 NASA (pe nume Parker), a devenit prima nav\u0103 spa\u0163ial\u0103 care a p\u0103truns \u00een atmosfera solar\u0103. Sonda spa\u0163ial\u0103 a zburat prin coroana solar\u0103 \u015fi a preluat probe de particule \u015fi c\u00e2mpuri ... Cititi mai multe","og_url":"https:\/\/www.lovendal.ro\/wp52\/o-sonda-spatiala-a-atins-soarele-cu-ce-scop\/","og_site_name":"Secretele lui Lovendal","article_publisher":"https:\/\/www.facebook.com\/secreteleluilovendal","article_published_time":"2021-12-15T19:38:39+00:00","og_image":[{"width":340,"height":209,"url":"https:\/\/www.lovendal.ro\/wp52\/wp-content\/uploads\/2021\/12\/Soare-sonda-spatiala-coperta.jpg","type":"image\/jpeg"}],"author":"admin","twitter_card":"summary_large_image","twitter_misc":{"Scris de":"admin","Timp estimat pentru citire":"1 minut"},"schema":{"@context":"https:\/\/schema.org","@graph":[{"@type":"Article","@id":"https:\/\/www.lovendal.ro\/wp52\/o-sonda-spatiala-a-atins-soarele-cu-ce-scop\/#article","isPartOf":{"@id":"https:\/\/www.lovendal.ro\/wp52\/o-sonda-spatiala-a-atins-soarele-cu-ce-scop\/"},"author":{"name":"admin","@id":"https:\/\/www.lovendal.ro\/wp52\/#\/schema\/person\/088691de5dfc346bb0c023e1e52ef5d9"},"headline":"O sond\u0103 spa\u0163ial\u0103 a atins Soarele! Cu ce scop?","datePublished":"2021-12-15T19:38:39+00:00","mainEntityOfPage":{"@id":"https:\/\/www.lovendal.ro\/wp52\/o-sonda-spatiala-a-atins-soarele-cu-ce-scop\/"},"wordCount":188,"commentCount":0,"publisher":{"@id":"https:\/\/www.lovendal.ro\/wp52\/#organization"},"image":{"@id":"https:\/\/www.lovendal.ro\/wp52\/o-sonda-spatiala-a-atins-soarele-cu-ce-scop\/#primaryimage"},"thumbnailUrl":"https:\/\/www.lovendal.ro\/wp52\/wp-content\/uploads\/2021\/12\/Soare-sonda-spatiala-coperta.jpg","keywords":["astronomie","atmosfer\u0103","c\u00e2mp magnetic","coroan\u0103","NASA","Soare","sond\u0103 spa\u0163ial\u0103"],"articleSection":["Astronomie"],"inLanguage":"ro-RO","potentialAction":[{"@type":"CommentAction","name":"Comment","target":["https:\/\/www.lovendal.ro\/wp52\/o-sonda-spatiala-a-atins-soarele-cu-ce-scop\/#respond"]}]},{"@type":"WebPage","@id":"https:\/\/www.lovendal.ro\/wp52\/o-sonda-spatiala-a-atins-soarele-cu-ce-scop\/","url":"https:\/\/www.lovendal.ro\/wp52\/o-sonda-spatiala-a-atins-soarele-cu-ce-scop\/","name":"O sond\u0103 spa\u0163ial\u0103 a atins Soarele! Cu ce scop? - Secretele lui Lovendal","isPartOf":{"@id":"https:\/\/www.lovendal.ro\/wp52\/#website"},"primaryImageOfPage":{"@id":"https:\/\/www.lovendal.ro\/wp52\/o-sonda-spatiala-a-atins-soarele-cu-ce-scop\/#primaryimage"},"image":{"@id":"https:\/\/www.lovendal.ro\/wp52\/o-sonda-spatiala-a-atins-soarele-cu-ce-scop\/#primaryimage"},"thumbnailUrl":"https:\/\/www.lovendal.ro\/wp52\/wp-content\/uploads\/2021\/12\/Soare-sonda-spatiala-coperta.jpg","datePublished":"2021-12-15T19:38:39+00:00","breadcrumb":{"@id":"https:\/\/www.lovendal.ro\/wp52\/o-sonda-spatiala-a-atins-soarele-cu-ce-scop\/#breadcrumb"},"inLanguage":"ro-RO","potentialAction":[{"@type":"ReadAction","target":["https:\/\/www.lovendal.ro\/wp52\/o-sonda-spatiala-a-atins-soarele-cu-ce-scop\/"]}]},{"@type":"ImageObject","inLanguage":"ro-RO","@id":"https:\/\/www.lovendal.ro\/wp52\/o-sonda-spatiala-a-atins-soarele-cu-ce-scop\/#primaryimage","url":"https:\/\/www.lovendal.ro\/wp52\/wp-content\/uploads\/2021\/12\/Soare-sonda-spatiala-coperta.jpg","contentUrl":"https:\/\/www.lovendal.ro\/wp52\/wp-content\/uploads\/2021\/12\/Soare-sonda-spatiala-coperta.jpg","width":340,"height":209},{"@type":"BreadcrumbList","@id":"https:\/\/www.lovendal.ro\/wp52\/o-sonda-spatiala-a-atins-soarele-cu-ce-scop\/#breadcrumb","itemListElement":[{"@type":"ListItem","position":1,"name":"Home","item":"https:\/\/www.lovendal.ro\/wp52\/"},{"@type":"ListItem","position":2,"name":"O sond\u0103 spa\u0163ial\u0103 a atins Soarele! Cu ce scop?"}]},{"@type":"WebSite","@id":"https:\/\/www.lovendal.ro\/wp52\/#website","url":"https:\/\/www.lovendal.ro\/wp52\/","name":"Secretele lui Lovendal","description":"Site de secrete, stiinta si metafizica - din 2008 -","publisher":{"@id":"https:\/\/www.lovendal.ro\/wp52\/#organization"},"potentialAction":[{"@type":"SearchAction","target":{"@type":"EntryPoint","urlTemplate":"https:\/\/www.lovendal.ro\/wp52\/?s={search_term_string}"},"query-input":{"@type":"PropertyValueSpecification","valueRequired":true,"valueName":"search_term_string"}}],"inLanguage":"ro-RO"},{"@type":"Organization","@id":"https:\/\/www.lovendal.ro\/wp52\/#organization","name":"Secretele lui Lovendal","url":"https:\/\/www.lovendal.ro\/wp52\/","logo":{"@type":"ImageObject","inLanguage":"ro-RO","@id":"https:\/\/www.lovendal.ro\/wp52\/#\/schema\/logo\/image\/","url":"https:\/\/www.lovendal.ro\/wp52\/wp-content\/uploads\/2024\/06\/cropped-SLL-iun-2024-1.jpg","contentUrl":"https:\/\/www.lovendal.ro\/wp52\/wp-content\/uploads\/2024\/06\/cropped-SLL-iun-2024-1.jpg","width":771,"height":240,"caption":"Secretele lui Lovendal"},"image":{"@id":"https:\/\/www.lovendal.ro\/wp52\/#\/schema\/logo\/image\/"},"sameAs":["https:\/\/www.facebook.com\/secreteleluilovendal"]},{"@type":"Person","@id":"https:\/\/www.lovendal.ro\/wp52\/#\/schema\/person\/088691de5dfc346bb0c023e1e52ef5d9","name":"admin","image":{"@type":"ImageObject","inLanguage":"ro-RO","@id":"https:\/\/secure.gravatar.com\/avatar\/ecb9cd41f5f63c9c9b989999a59f6e2639a865ec361e9db054db0679a8f341c2?s=96&d=mm&r=g","url":"https:\/\/secure.gravatar.com\/avatar\/ecb9cd41f5f63c9c9b989999a59f6e2639a865ec361e9db054db0679a8f341c2?s=96&d=mm&r=g","contentUrl":"https:\/\/secure.gravatar.com\/avatar\/ecb9cd41f5f63c9c9b989999a59f6e2639a865ec361e9db054db0679a8f341c2?s=96&d=mm&r=g","caption":"admin"},"sameAs":["https:\/\/www.lovendal.ro\/wp52"]}]}},"_links":{"self":[{"href":"https:\/\/www.lovendal.ro\/wp52\/wp-json\/wp\/v2\/posts\/78502","targetHints":{"allow":["GET"]}}],"collection":[{"href":"https:\/\/www.lovendal.ro\/wp52\/wp-json\/wp\/v2\/posts"}],"about":[{"href":"https:\/\/www.lovendal.ro\/wp52\/wp-json\/wp\/v2\/types\/post"}],"author":[{"embeddable":true,"href":"https:\/\/www.lovendal.ro\/wp52\/wp-json\/wp\/v2\/users\/1"}],"replies":[{"embeddable":true,"href":"https:\/\/www.lovendal.ro\/wp52\/wp-json\/wp\/v2\/comments?post=78502"}],"version-history":[{"count":0,"href":"https:\/\/www.lovendal.ro\/wp52\/wp-json\/wp\/v2\/posts\/78502\/revisions"}],"wp:featuredmedia":[{"embeddable":true,"href":"https:\/\/www.lovendal.ro\/wp52\/wp-json\/wp\/v2\/media\/78503"}],"wp:attachment":[{"href":"https:\/\/www.lovendal.ro\/wp52\/wp-json\/wp\/v2\/media?parent=78502"}],"wp:term":[{"taxonomy":"category","embeddable":true,"href":"https:\/\/www.lovendal.ro\/wp52\/wp-json\/wp\/v2\/categories?post=78502"},{"taxonomy":"post_tag","embeddable":true,"href":"https:\/\/www.lovendal.ro\/wp52\/wp-json\/wp\/v2\/tags?post=78502"}],"curies":[{"name":"wp","href":"https:\/\/api.w.org\/{rel}","templated":true}]}}