{"id":78498,"date":"2021-12-15T15:51:12","date_gmt":"2021-12-15T13:51:12","guid":{"rendered":"https:\/\/www.lovendal.ro\/wp52\/?p=78498"},"modified":"2021-12-15T15:51:12","modified_gmt":"2021-12-15T13:51:12","slug":"acesta-a-fost-primul-atentat-terorist-de-amploare-dejucat-in-romania-in-timpul-primului-razboi-mondial-doi-romani-au-vrut-sa-arunce-in-aer-trenuri-cu-ofiteri-militari","status":"publish","type":"post","link":"https:\/\/www.lovendal.ro\/wp52\/acesta-a-fost-primul-atentat-terorist-de-amploare-dejucat-in-romania-in-timpul-primului-razboi-mondial-doi-romani-au-vrut-sa-arunce-in-aer-trenuri-cu-ofiteri-militari\/","title":{"rendered":"Acesta a fost primul atentat terorist de amploare, dejucat \u00een Rom\u00e2nia? \u00cen timpul primului r\u0103zboi mondial, doi rom\u00e2ni au vrut s\u0103 arunce \u00een aer trenuri cu ofi\u0163eri militari"},"content":{"rendered":"<p><a href=\"https:\/\/www.lovendal.ro\/wp52\/wp-content\/uploads\/2021\/12\/tren-soldati.jpg\"><img loading=\"lazy\" decoding=\"async\" class=\"alignleft size-full wp-image-78499\" src=\"https:\/\/www.lovendal.ro\/wp52\/wp-content\/uploads\/2021\/12\/tren-soldati.jpg\" alt=\"\" width=\"340\" height=\"320\" srcset=\"https:\/\/www.lovendal.ro\/wp52\/wp-content\/uploads\/2021\/12\/tren-soldati.jpg 340w, https:\/\/www.lovendal.ro\/wp52\/wp-content\/uploads\/2021\/12\/tren-soldati-300x282.jpg 300w\" sizes=\"auto, (max-width: 340px) 100vw, 340px\" \/><\/a>Suntem \u00een Rom\u00e2nia anului 1916, \u00een primul r\u0103zboi mondial; din punct de vedere al statutului de beligeran\u021b\u0103, Rom\u00e2nia era \u00eenc\u0103 neutr\u0103, p\u00e2n\u0103 pe 14\/27 august 1916, c\u00e2nd a trecut de partea Antantei. \u00cen cei doi ani de neutralitate, pe teritoriul na\u021bional s-au \u00eenfruntat cele dou\u0103 blocuri antagonice (Antanta \u015fi Germania\/Austro-Ungaria), at\u00e2t \u00een dorin\u021ba de a atrage Rom\u00e2nia \u00een conflict, c\u00e2t \u0219i pentru a se spiona reciproc.<\/p>\n<p>\u00cens\u0103, imediat dup\u0103 ce Rom\u00e2nia a intrat \u00een r\u0103zboi de partea Antantei, o tentativ\u0103 de atentat terorist a fost dejucat\u0103 pe teritoriul Rom\u00e2niei. La 20 august 1916, \u00een trenul militar sosit \u00een gara Bac\u0103u au fost g\u0103si\u021bi 2 cet\u0103\u0163eni, dintre care unul militar: Gavril Anton G\u0103lbeaz\u0103 din C\u0103lug\u0103reni (jude\u021bul Neam\u021b) \u0219i T\u0103nase Diaconescu din Corze\u0219ti (jude\u021bul Roman), care aveau asupra lor calupuri de dinamit\u0103 \u0219i fitile. La primele \u00eentreb\u0103ri, lua\u021bi din scurt, au declarat c\u0103 primiser\u0103 explozibilul de la evreul Glitma Muntenegru din Roman, cu scopul de a arunca \u00een aer vagonul de dormit ata\u0219at la tren \u0219i \u00een care se aflau ofi\u021beri ru\u0219i de stat major.<\/p>\n<p>Ulterior, cei doi \u00ee\u0219i modific\u0103 declara\u021bia ini\u021bial\u0103 \u0219i afirm\u0103 c\u0103 au primit dinamita de la un c\u00e2rciumar Her\u0219covici, a\u0219a c\u0103 se trece la identificarea individului. \u00cens\u0103, \u015fi aceast\u0103 pist\u0103 se dovedi a fi una fals\u0103. P\u00e2n\u0103 la urm\u0103, cei doi posibili terori\u015fti spun adev\u0103rul: ei se ocupau de mai mul\u021bi ani cu contrabanda de diferite produse c\u0103tre Ungaria \u0219i au cunoscut un individ care, la un moment dat, i-a corupt. Le-a dat bani \u0219i i-a convins s\u0103 lucreze pentru interesele austro-ungare, a\u0219a c\u0103 le-a dat dinamita \u0219i le-a trasat sarcina: s\u0103 azv\u00e2rle \u00een aer c\u00e2t va putea cu ceea ce li s-a dat &#8211; poduri, cale ferat\u0103, trenuri \u0219i din acestea mai ales acelea care vor avea ofi\u021beri.<\/p>\n<p>Cei doi terori\u015fti au pus ochii pe un tren militar din Ia\u0219i, plin cu militari \u0219i muni\u021bii. S-au g\u00e2ndit c\u0103 cel mai bine ar fi s\u0103 dinamiteze vagonul de dormit \u00een care se aflau ofi\u021beri de stat major rom\u00e2ni \u0219i ru\u0219i, \u00eens\u0103 ac\u021biunea nu putea s\u0103 aib\u0103 loc dec\u00e2t la Bac\u0103u, unde trenul sta\u021biona mai mult. S-au urcat \u00een tren, s-au a\u0219ezat la fr\u00e2na vagonului vecin cu cel de dormit \u0219i au \u00eenceput s\u0103 vorbeasc\u0103; au devenit suspec\u021bi \u00een ochii militarilor din tren, a\u0219a \u00eenc\u00e2t, atunci c\u00e2nd trenul a ajuns la Bac\u0103u, poli\u021bia g\u0103rii a fost semnalat\u0103 cu privire la cei doi. Lua\u021bi pe sus \u0219i du\u0219i la poli\u021bie, au fost perchezi\u021biona\u021bi \u0219i s-a descoperit dinamita.<\/p>\n<p>Trimi\u015fi \u00een fa\u0163a unui tribunal excep\u0163ional al Armatei, pe 28 august 1916, cei doi sabotori au fost condamna\u0163i la moarte prin \u00eempu\u015fcare. Au fost executa\u0163i \u00eentr-o adunare public\u0103, \u00een uralele mul\u0163imii care strigau: &#8222;Ura! Tr\u0103iasc\u0103 Rom\u00e2nia!&#8221; Dup\u0103 execu\u0163ia lor, cei doi au fost arunca\u021bi \u00een gropile f\u0103cute pe maidan, fiind \u00eengropa\u021bi f\u0103r\u0103 cruce.<\/p>\n<p><em><strong>Sursa:<\/strong><\/em> Revista <em>&#8222;Carpica&#8221;<\/em><\/p>\n","protected":false},"excerpt":{"rendered":"<p>Suntem \u00een Rom\u00e2nia anului 1916, \u00een primul r\u0103zboi mondial; din punct de vedere al statutului de beligeran\u021b\u0103, Rom\u00e2nia era \u00eenc\u0103 neutr\u0103, p\u00e2n\u0103 pe 14\/27 august 1916, c\u00e2nd a trecut de partea Antantei. \u00cen cei doi ani de neutralitate, pe teritoriul &#8230; <\/p>\n<p class=\"read-more-container\"><a title=\"Acesta a fost primul atentat terorist de amploare, dejucat \u00een Rom\u00e2nia? \u00cen timpul primului r\u0103zboi mondial, doi rom\u00e2ni au vrut s\u0103 arunce \u00een aer trenuri cu ofi\u0163eri militari\" class=\"read-more button\" href=\"https:\/\/www.lovendal.ro\/wp52\/acesta-a-fost-primul-atentat-terorist-de-amploare-dejucat-in-romania-in-timpul-primului-razboi-mondial-doi-romani-au-vrut-sa-arunce-in-aer-trenuri-cu-ofiteri-militari\/#more-78498\" aria-label=\"Cite\u0219te mai multe despre Acesta a fost primul atentat terorist de amploare, dejucat \u00een Rom\u00e2nia? \u00cen timpul primului r\u0103zboi mondial, doi rom\u00e2ni au vrut s\u0103 arunce \u00een aer trenuri cu ofi\u0163eri militari\">Cititi mai multe<\/a><\/p>\n","protected":false},"author":1,"featured_media":78499,"comment_status":"open","ping_status":"open","sticky":false,"template":"","format":"standard","meta":{"footnotes":""},"categories":[9],"tags":[17412,3093,8370,6960,3271,203,329,1532,864,3100,1189,1220,432,74,524,4036,2078,591],"class_list":["post-78498","post","type-post","status-publish","format-standard","has-post-thumbnail","hentry","category-istorie","tag-austro-ungaria","tag-bacau","tag-cai-ferate","tag-dinamita","tag-evreu","tag-germania","tag-iasi","tag-istorie-si-civilizatii","tag-militari","tag-pod","tag-politie","tag-primul-razboi-mondial","tag-roman","tag-romania","tag-terorism","tag-teroristi","tag-tren","tag-ungaria","resize-featured-image"],"yoast_head":"<!-- This site is optimized with the Yoast SEO Premium plugin v23.3 (Yoast SEO v27.4) - https:\/\/yoast.com\/product\/yoast-seo-premium-wordpress\/ -->\n<title>Acesta a fost primul atentat terorist de amploare, dejucat \u00een Rom\u00e2nia? \u00cen timpul primului r\u0103zboi mondial, doi rom\u00e2ni au vrut s\u0103 arunce \u00een aer trenuri cu ofi\u0163eri militari - Secretele lui Lovendal<\/title>\n<meta name=\"robots\" content=\"index, follow, max-snippet:-1, max-image-preview:large, max-video-preview:-1\" \/>\n<link rel=\"canonical\" href=\"https:\/\/www.lovendal.ro\/wp52\/acesta-a-fost-primul-atentat-terorist-de-amploare-dejucat-in-romania-in-timpul-primului-razboi-mondial-doi-romani-au-vrut-sa-arunce-in-aer-trenuri-cu-ofiteri-militari\/\" \/>\n<meta property=\"og:locale\" content=\"ro_RO\" \/>\n<meta property=\"og:type\" content=\"article\" \/>\n<meta property=\"og:title\" content=\"Acesta a fost primul atentat terorist de amploare, dejucat \u00een Rom\u00e2nia? \u00cen timpul primului r\u0103zboi mondial, doi rom\u00e2ni au vrut s\u0103 arunce \u00een aer trenuri cu ofi\u0163eri militari\" \/>\n<meta property=\"og:description\" content=\"Suntem \u00een Rom\u00e2nia anului 1916, \u00een primul r\u0103zboi mondial; din punct de vedere al statutului de beligeran\u021b\u0103, Rom\u00e2nia era \u00eenc\u0103 neutr\u0103, p\u00e2n\u0103 pe 14\/27 august 1916, c\u00e2nd a trecut de partea Antantei. \u00cen cei doi ani de neutralitate, pe teritoriul ... Cititi mai multe\" \/>\n<meta property=\"og:url\" content=\"https:\/\/www.lovendal.ro\/wp52\/acesta-a-fost-primul-atentat-terorist-de-amploare-dejucat-in-romania-in-timpul-primului-razboi-mondial-doi-romani-au-vrut-sa-arunce-in-aer-trenuri-cu-ofiteri-militari\/\" \/>\n<meta property=\"og:site_name\" content=\"Secretele lui Lovendal\" \/>\n<meta property=\"article:publisher\" content=\"https:\/\/www.facebook.com\/secreteleluilovendal\" \/>\n<meta property=\"article:published_time\" content=\"2021-12-15T13:51:12+00:00\" \/>\n<meta property=\"og:image\" content=\"https:\/\/www.lovendal.ro\/wp52\/wp-content\/uploads\/2021\/12\/tren-soldati.jpg\" \/>\n\t<meta property=\"og:image:width\" content=\"340\" \/>\n\t<meta property=\"og:image:height\" content=\"320\" \/>\n\t<meta property=\"og:image:type\" content=\"image\/jpeg\" \/>\n<meta name=\"author\" content=\"admin\" \/>\n<meta name=\"twitter:card\" content=\"summary_large_image\" \/>\n<meta name=\"twitter:label1\" content=\"Scris de\" \/>\n\t<meta name=\"twitter:data1\" content=\"admin\" \/>\n\t<meta name=\"twitter:label2\" content=\"Timp estimat pentru citire\" \/>\n\t<meta name=\"twitter:data2\" content=\"3 minute\" \/>\n<script type=\"application\/ld+json\" class=\"yoast-schema-graph\">{\"@context\":\"https:\\\/\\\/schema.org\",\"@graph\":[{\"@type\":\"Article\",\"@id\":\"https:\\\/\\\/www.lovendal.ro\\\/wp52\\\/acesta-a-fost-primul-atentat-terorist-de-amploare-dejucat-in-romania-in-timpul-primului-razboi-mondial-doi-romani-au-vrut-sa-arunce-in-aer-trenuri-cu-ofiteri-militari\\\/#article\",\"isPartOf\":{\"@id\":\"https:\\\/\\\/www.lovendal.ro\\\/wp52\\\/acesta-a-fost-primul-atentat-terorist-de-amploare-dejucat-in-romania-in-timpul-primului-razboi-mondial-doi-romani-au-vrut-sa-arunce-in-aer-trenuri-cu-ofiteri-militari\\\/\"},\"author\":{\"name\":\"admin\",\"@id\":\"https:\\\/\\\/www.lovendal.ro\\\/wp52\\\/#\\\/schema\\\/person\\\/088691de5dfc346bb0c023e1e52ef5d9\"},\"headline\":\"Acesta a fost primul atentat terorist de amploare, dejucat \u00een Rom\u00e2nia? \u00cen timpul primului r\u0103zboi mondial, doi rom\u00e2ni au vrut s\u0103 arunce \u00een aer trenuri cu ofi\u0163eri militari\",\"datePublished\":\"2021-12-15T13:51:12+00:00\",\"mainEntityOfPage\":{\"@id\":\"https:\\\/\\\/www.lovendal.ro\\\/wp52\\\/acesta-a-fost-primul-atentat-terorist-de-amploare-dejucat-in-romania-in-timpul-primului-razboi-mondial-doi-romani-au-vrut-sa-arunce-in-aer-trenuri-cu-ofiteri-militari\\\/\"},\"wordCount\":570,\"commentCount\":0,\"publisher\":{\"@id\":\"https:\\\/\\\/www.lovendal.ro\\\/wp52\\\/#organization\"},\"image\":{\"@id\":\"https:\\\/\\\/www.lovendal.ro\\\/wp52\\\/acesta-a-fost-primul-atentat-terorist-de-amploare-dejucat-in-romania-in-timpul-primului-razboi-mondial-doi-romani-au-vrut-sa-arunce-in-aer-trenuri-cu-ofiteri-militari\\\/#primaryimage\"},\"thumbnailUrl\":\"https:\\\/\\\/www.lovendal.ro\\\/wp52\\\/wp-content\\\/uploads\\\/2021\\\/12\\\/tren-soldati.jpg\",\"keywords\":[\"Austro-Ungaria\",\"Bac\u0103u\",\"c\u0103i ferate\",\"dinamit\u0103\",\"evreu\",\"Germania\",\"Ia\u015fi\",\"Istorie si Civilizatii\",\"militari\",\"pod\",\"poli\u0163ie\",\"primul r\u0103zboi mondial\",\"roman\",\"Rom\u00e2nia\",\"terorism\",\"terori\u015fti\",\"tren\",\"Ungaria\"],\"articleSection\":[\"Istorie si Civilizatii\"],\"inLanguage\":\"ro-RO\",\"potentialAction\":[{\"@type\":\"CommentAction\",\"name\":\"Comment\",\"target\":[\"https:\\\/\\\/www.lovendal.ro\\\/wp52\\\/acesta-a-fost-primul-atentat-terorist-de-amploare-dejucat-in-romania-in-timpul-primului-razboi-mondial-doi-romani-au-vrut-sa-arunce-in-aer-trenuri-cu-ofiteri-militari\\\/#respond\"]}]},{\"@type\":\"WebPage\",\"@id\":\"https:\\\/\\\/www.lovendal.ro\\\/wp52\\\/acesta-a-fost-primul-atentat-terorist-de-amploare-dejucat-in-romania-in-timpul-primului-razboi-mondial-doi-romani-au-vrut-sa-arunce-in-aer-trenuri-cu-ofiteri-militari\\\/\",\"url\":\"https:\\\/\\\/www.lovendal.ro\\\/wp52\\\/acesta-a-fost-primul-atentat-terorist-de-amploare-dejucat-in-romania-in-timpul-primului-razboi-mondial-doi-romani-au-vrut-sa-arunce-in-aer-trenuri-cu-ofiteri-militari\\\/\",\"name\":\"Acesta a fost primul atentat terorist de amploare, dejucat \u00een Rom\u00e2nia? \u00cen timpul primului r\u0103zboi mondial, doi rom\u00e2ni au vrut s\u0103 arunce \u00een aer trenuri cu ofi\u0163eri militari - Secretele lui Lovendal\",\"isPartOf\":{\"@id\":\"https:\\\/\\\/www.lovendal.ro\\\/wp52\\\/#website\"},\"primaryImageOfPage\":{\"@id\":\"https:\\\/\\\/www.lovendal.ro\\\/wp52\\\/acesta-a-fost-primul-atentat-terorist-de-amploare-dejucat-in-romania-in-timpul-primului-razboi-mondial-doi-romani-au-vrut-sa-arunce-in-aer-trenuri-cu-ofiteri-militari\\\/#primaryimage\"},\"image\":{\"@id\":\"https:\\\/\\\/www.lovendal.ro\\\/wp52\\\/acesta-a-fost-primul-atentat-terorist-de-amploare-dejucat-in-romania-in-timpul-primului-razboi-mondial-doi-romani-au-vrut-sa-arunce-in-aer-trenuri-cu-ofiteri-militari\\\/#primaryimage\"},\"thumbnailUrl\":\"https:\\\/\\\/www.lovendal.ro\\\/wp52\\\/wp-content\\\/uploads\\\/2021\\\/12\\\/tren-soldati.jpg\",\"datePublished\":\"2021-12-15T13:51:12+00:00\",\"breadcrumb\":{\"@id\":\"https:\\\/\\\/www.lovendal.ro\\\/wp52\\\/acesta-a-fost-primul-atentat-terorist-de-amploare-dejucat-in-romania-in-timpul-primului-razboi-mondial-doi-romani-au-vrut-sa-arunce-in-aer-trenuri-cu-ofiteri-militari\\\/#breadcrumb\"},\"inLanguage\":\"ro-RO\",\"potentialAction\":[{\"@type\":\"ReadAction\",\"target\":[\"https:\\\/\\\/www.lovendal.ro\\\/wp52\\\/acesta-a-fost-primul-atentat-terorist-de-amploare-dejucat-in-romania-in-timpul-primului-razboi-mondial-doi-romani-au-vrut-sa-arunce-in-aer-trenuri-cu-ofiteri-militari\\\/\"]}]},{\"@type\":\"ImageObject\",\"inLanguage\":\"ro-RO\",\"@id\":\"https:\\\/\\\/www.lovendal.ro\\\/wp52\\\/acesta-a-fost-primul-atentat-terorist-de-amploare-dejucat-in-romania-in-timpul-primului-razboi-mondial-doi-romani-au-vrut-sa-arunce-in-aer-trenuri-cu-ofiteri-militari\\\/#primaryimage\",\"url\":\"https:\\\/\\\/www.lovendal.ro\\\/wp52\\\/wp-content\\\/uploads\\\/2021\\\/12\\\/tren-soldati.jpg\",\"contentUrl\":\"https:\\\/\\\/www.lovendal.ro\\\/wp52\\\/wp-content\\\/uploads\\\/2021\\\/12\\\/tren-soldati.jpg\",\"width\":340,\"height\":320},{\"@type\":\"BreadcrumbList\",\"@id\":\"https:\\\/\\\/www.lovendal.ro\\\/wp52\\\/acesta-a-fost-primul-atentat-terorist-de-amploare-dejucat-in-romania-in-timpul-primului-razboi-mondial-doi-romani-au-vrut-sa-arunce-in-aer-trenuri-cu-ofiteri-militari\\\/#breadcrumb\",\"itemListElement\":[{\"@type\":\"ListItem\",\"position\":1,\"name\":\"Home\",\"item\":\"https:\\\/\\\/www.lovendal.ro\\\/wp52\\\/\"},{\"@type\":\"ListItem\",\"position\":2,\"name\":\"Acesta a fost primul atentat terorist de amploare, dejucat \u00een Rom\u00e2nia? \u00cen timpul primului r\u0103zboi mondial, doi rom\u00e2ni au vrut s\u0103 arunce \u00een aer trenuri cu ofi\u0163eri militari\"}]},{\"@type\":\"WebSite\",\"@id\":\"https:\\\/\\\/www.lovendal.ro\\\/wp52\\\/#website\",\"url\":\"https:\\\/\\\/www.lovendal.ro\\\/wp52\\\/\",\"name\":\"Secretele lui Lovendal\",\"description\":\"Site de secrete, stiinta si metafizica - din 2008 -\",\"publisher\":{\"@id\":\"https:\\\/\\\/www.lovendal.ro\\\/wp52\\\/#organization\"},\"potentialAction\":[{\"@type\":\"SearchAction\",\"target\":{\"@type\":\"EntryPoint\",\"urlTemplate\":\"https:\\\/\\\/www.lovendal.ro\\\/wp52\\\/?s={search_term_string}\"},\"query-input\":{\"@type\":\"PropertyValueSpecification\",\"valueRequired\":true,\"valueName\":\"search_term_string\"}}],\"inLanguage\":\"ro-RO\"},{\"@type\":\"Organization\",\"@id\":\"https:\\\/\\\/www.lovendal.ro\\\/wp52\\\/#organization\",\"name\":\"Secretele lui Lovendal\",\"url\":\"https:\\\/\\\/www.lovendal.ro\\\/wp52\\\/\",\"logo\":{\"@type\":\"ImageObject\",\"inLanguage\":\"ro-RO\",\"@id\":\"https:\\\/\\\/www.lovendal.ro\\\/wp52\\\/#\\\/schema\\\/logo\\\/image\\\/\",\"url\":\"https:\\\/\\\/www.lovendal.ro\\\/wp52\\\/wp-content\\\/uploads\\\/2024\\\/06\\\/cropped-SLL-iun-2024-1.jpg\",\"contentUrl\":\"https:\\\/\\\/www.lovendal.ro\\\/wp52\\\/wp-content\\\/uploads\\\/2024\\\/06\\\/cropped-SLL-iun-2024-1.jpg\",\"width\":771,\"height\":240,\"caption\":\"Secretele lui Lovendal\"},\"image\":{\"@id\":\"https:\\\/\\\/www.lovendal.ro\\\/wp52\\\/#\\\/schema\\\/logo\\\/image\\\/\"},\"sameAs\":[\"https:\\\/\\\/www.facebook.com\\\/secreteleluilovendal\"]},{\"@type\":\"Person\",\"@id\":\"https:\\\/\\\/www.lovendal.ro\\\/wp52\\\/#\\\/schema\\\/person\\\/088691de5dfc346bb0c023e1e52ef5d9\",\"name\":\"admin\",\"image\":{\"@type\":\"ImageObject\",\"inLanguage\":\"ro-RO\",\"@id\":\"https:\\\/\\\/secure.gravatar.com\\\/avatar\\\/ecb9cd41f5f63c9c9b989999a59f6e2639a865ec361e9db054db0679a8f341c2?s=96&d=mm&r=g\",\"url\":\"https:\\\/\\\/secure.gravatar.com\\\/avatar\\\/ecb9cd41f5f63c9c9b989999a59f6e2639a865ec361e9db054db0679a8f341c2?s=96&d=mm&r=g\",\"contentUrl\":\"https:\\\/\\\/secure.gravatar.com\\\/avatar\\\/ecb9cd41f5f63c9c9b989999a59f6e2639a865ec361e9db054db0679a8f341c2?s=96&d=mm&r=g\",\"caption\":\"admin\"},\"sameAs\":[\"https:\\\/\\\/www.lovendal.ro\\\/wp52\"]}]}<\/script>\n<!-- \/ Yoast SEO Premium plugin. -->","yoast_head_json":{"title":"Acesta a fost primul atentat terorist de amploare, dejucat \u00een Rom\u00e2nia? \u00cen timpul primului r\u0103zboi mondial, doi rom\u00e2ni au vrut s\u0103 arunce \u00een aer trenuri cu ofi\u0163eri militari - Secretele lui Lovendal","robots":{"index":"index","follow":"follow","max-snippet":"max-snippet:-1","max-image-preview":"max-image-preview:large","max-video-preview":"max-video-preview:-1"},"canonical":"https:\/\/www.lovendal.ro\/wp52\/acesta-a-fost-primul-atentat-terorist-de-amploare-dejucat-in-romania-in-timpul-primului-razboi-mondial-doi-romani-au-vrut-sa-arunce-in-aer-trenuri-cu-ofiteri-militari\/","og_locale":"ro_RO","og_type":"article","og_title":"Acesta a fost primul atentat terorist de amploare, dejucat \u00een Rom\u00e2nia? \u00cen timpul primului r\u0103zboi mondial, doi rom\u00e2ni au vrut s\u0103 arunce \u00een aer trenuri cu ofi\u0163eri militari","og_description":"Suntem \u00een Rom\u00e2nia anului 1916, \u00een primul r\u0103zboi mondial; din punct de vedere al statutului de beligeran\u021b\u0103, Rom\u00e2nia era \u00eenc\u0103 neutr\u0103, p\u00e2n\u0103 pe 14\/27 august 1916, c\u00e2nd a trecut de partea Antantei. \u00cen cei doi ani de neutralitate, pe teritoriul ... Cititi mai multe","og_url":"https:\/\/www.lovendal.ro\/wp52\/acesta-a-fost-primul-atentat-terorist-de-amploare-dejucat-in-romania-in-timpul-primului-razboi-mondial-doi-romani-au-vrut-sa-arunce-in-aer-trenuri-cu-ofiteri-militari\/","og_site_name":"Secretele lui Lovendal","article_publisher":"https:\/\/www.facebook.com\/secreteleluilovendal","article_published_time":"2021-12-15T13:51:12+00:00","og_image":[{"width":340,"height":320,"url":"https:\/\/www.lovendal.ro\/wp52\/wp-content\/uploads\/2021\/12\/tren-soldati.jpg","type":"image\/jpeg"}],"author":"admin","twitter_card":"summary_large_image","twitter_misc":{"Scris de":"admin","Timp estimat pentru citire":"3 minute"},"schema":{"@context":"https:\/\/schema.org","@graph":[{"@type":"Article","@id":"https:\/\/www.lovendal.ro\/wp52\/acesta-a-fost-primul-atentat-terorist-de-amploare-dejucat-in-romania-in-timpul-primului-razboi-mondial-doi-romani-au-vrut-sa-arunce-in-aer-trenuri-cu-ofiteri-militari\/#article","isPartOf":{"@id":"https:\/\/www.lovendal.ro\/wp52\/acesta-a-fost-primul-atentat-terorist-de-amploare-dejucat-in-romania-in-timpul-primului-razboi-mondial-doi-romani-au-vrut-sa-arunce-in-aer-trenuri-cu-ofiteri-militari\/"},"author":{"name":"admin","@id":"https:\/\/www.lovendal.ro\/wp52\/#\/schema\/person\/088691de5dfc346bb0c023e1e52ef5d9"},"headline":"Acesta a fost primul atentat terorist de amploare, dejucat \u00een Rom\u00e2nia? \u00cen timpul primului r\u0103zboi mondial, doi rom\u00e2ni au vrut s\u0103 arunce \u00een aer trenuri cu ofi\u0163eri militari","datePublished":"2021-12-15T13:51:12+00:00","mainEntityOfPage":{"@id":"https:\/\/www.lovendal.ro\/wp52\/acesta-a-fost-primul-atentat-terorist-de-amploare-dejucat-in-romania-in-timpul-primului-razboi-mondial-doi-romani-au-vrut-sa-arunce-in-aer-trenuri-cu-ofiteri-militari\/"},"wordCount":570,"commentCount":0,"publisher":{"@id":"https:\/\/www.lovendal.ro\/wp52\/#organization"},"image":{"@id":"https:\/\/www.lovendal.ro\/wp52\/acesta-a-fost-primul-atentat-terorist-de-amploare-dejucat-in-romania-in-timpul-primului-razboi-mondial-doi-romani-au-vrut-sa-arunce-in-aer-trenuri-cu-ofiteri-militari\/#primaryimage"},"thumbnailUrl":"https:\/\/www.lovendal.ro\/wp52\/wp-content\/uploads\/2021\/12\/tren-soldati.jpg","keywords":["Austro-Ungaria","Bac\u0103u","c\u0103i ferate","dinamit\u0103","evreu","Germania","Ia\u015fi","Istorie si Civilizatii","militari","pod","poli\u0163ie","primul r\u0103zboi mondial","roman","Rom\u00e2nia","terorism","terori\u015fti","tren","Ungaria"],"articleSection":["Istorie si Civilizatii"],"inLanguage":"ro-RO","potentialAction":[{"@type":"CommentAction","name":"Comment","target":["https:\/\/www.lovendal.ro\/wp52\/acesta-a-fost-primul-atentat-terorist-de-amploare-dejucat-in-romania-in-timpul-primului-razboi-mondial-doi-romani-au-vrut-sa-arunce-in-aer-trenuri-cu-ofiteri-militari\/#respond"]}]},{"@type":"WebPage","@id":"https:\/\/www.lovendal.ro\/wp52\/acesta-a-fost-primul-atentat-terorist-de-amploare-dejucat-in-romania-in-timpul-primului-razboi-mondial-doi-romani-au-vrut-sa-arunce-in-aer-trenuri-cu-ofiteri-militari\/","url":"https:\/\/www.lovendal.ro\/wp52\/acesta-a-fost-primul-atentat-terorist-de-amploare-dejucat-in-romania-in-timpul-primului-razboi-mondial-doi-romani-au-vrut-sa-arunce-in-aer-trenuri-cu-ofiteri-militari\/","name":"Acesta a fost primul atentat terorist de amploare, dejucat \u00een Rom\u00e2nia? \u00cen timpul primului r\u0103zboi mondial, doi rom\u00e2ni au vrut s\u0103 arunce \u00een aer trenuri cu ofi\u0163eri militari - Secretele lui Lovendal","isPartOf":{"@id":"https:\/\/www.lovendal.ro\/wp52\/#website"},"primaryImageOfPage":{"@id":"https:\/\/www.lovendal.ro\/wp52\/acesta-a-fost-primul-atentat-terorist-de-amploare-dejucat-in-romania-in-timpul-primului-razboi-mondial-doi-romani-au-vrut-sa-arunce-in-aer-trenuri-cu-ofiteri-militari\/#primaryimage"},"image":{"@id":"https:\/\/www.lovendal.ro\/wp52\/acesta-a-fost-primul-atentat-terorist-de-amploare-dejucat-in-romania-in-timpul-primului-razboi-mondial-doi-romani-au-vrut-sa-arunce-in-aer-trenuri-cu-ofiteri-militari\/#primaryimage"},"thumbnailUrl":"https:\/\/www.lovendal.ro\/wp52\/wp-content\/uploads\/2021\/12\/tren-soldati.jpg","datePublished":"2021-12-15T13:51:12+00:00","breadcrumb":{"@id":"https:\/\/www.lovendal.ro\/wp52\/acesta-a-fost-primul-atentat-terorist-de-amploare-dejucat-in-romania-in-timpul-primului-razboi-mondial-doi-romani-au-vrut-sa-arunce-in-aer-trenuri-cu-ofiteri-militari\/#breadcrumb"},"inLanguage":"ro-RO","potentialAction":[{"@type":"ReadAction","target":["https:\/\/www.lovendal.ro\/wp52\/acesta-a-fost-primul-atentat-terorist-de-amploare-dejucat-in-romania-in-timpul-primului-razboi-mondial-doi-romani-au-vrut-sa-arunce-in-aer-trenuri-cu-ofiteri-militari\/"]}]},{"@type":"ImageObject","inLanguage":"ro-RO","@id":"https:\/\/www.lovendal.ro\/wp52\/acesta-a-fost-primul-atentat-terorist-de-amploare-dejucat-in-romania-in-timpul-primului-razboi-mondial-doi-romani-au-vrut-sa-arunce-in-aer-trenuri-cu-ofiteri-militari\/#primaryimage","url":"https:\/\/www.lovendal.ro\/wp52\/wp-content\/uploads\/2021\/12\/tren-soldati.jpg","contentUrl":"https:\/\/www.lovendal.ro\/wp52\/wp-content\/uploads\/2021\/12\/tren-soldati.jpg","width":340,"height":320},{"@type":"BreadcrumbList","@id":"https:\/\/www.lovendal.ro\/wp52\/acesta-a-fost-primul-atentat-terorist-de-amploare-dejucat-in-romania-in-timpul-primului-razboi-mondial-doi-romani-au-vrut-sa-arunce-in-aer-trenuri-cu-ofiteri-militari\/#breadcrumb","itemListElement":[{"@type":"ListItem","position":1,"name":"Home","item":"https:\/\/www.lovendal.ro\/wp52\/"},{"@type":"ListItem","position":2,"name":"Acesta a fost primul atentat terorist de amploare, dejucat \u00een Rom\u00e2nia? \u00cen timpul primului r\u0103zboi mondial, doi rom\u00e2ni au vrut s\u0103 arunce \u00een aer trenuri cu ofi\u0163eri militari"}]},{"@type":"WebSite","@id":"https:\/\/www.lovendal.ro\/wp52\/#website","url":"https:\/\/www.lovendal.ro\/wp52\/","name":"Secretele lui Lovendal","description":"Site de secrete, stiinta si metafizica - din 2008 -","publisher":{"@id":"https:\/\/www.lovendal.ro\/wp52\/#organization"},"potentialAction":[{"@type":"SearchAction","target":{"@type":"EntryPoint","urlTemplate":"https:\/\/www.lovendal.ro\/wp52\/?s={search_term_string}"},"query-input":{"@type":"PropertyValueSpecification","valueRequired":true,"valueName":"search_term_string"}}],"inLanguage":"ro-RO"},{"@type":"Organization","@id":"https:\/\/www.lovendal.ro\/wp52\/#organization","name":"Secretele lui Lovendal","url":"https:\/\/www.lovendal.ro\/wp52\/","logo":{"@type":"ImageObject","inLanguage":"ro-RO","@id":"https:\/\/www.lovendal.ro\/wp52\/#\/schema\/logo\/image\/","url":"https:\/\/www.lovendal.ro\/wp52\/wp-content\/uploads\/2024\/06\/cropped-SLL-iun-2024-1.jpg","contentUrl":"https:\/\/www.lovendal.ro\/wp52\/wp-content\/uploads\/2024\/06\/cropped-SLL-iun-2024-1.jpg","width":771,"height":240,"caption":"Secretele lui Lovendal"},"image":{"@id":"https:\/\/www.lovendal.ro\/wp52\/#\/schema\/logo\/image\/"},"sameAs":["https:\/\/www.facebook.com\/secreteleluilovendal"]},{"@type":"Person","@id":"https:\/\/www.lovendal.ro\/wp52\/#\/schema\/person\/088691de5dfc346bb0c023e1e52ef5d9","name":"admin","image":{"@type":"ImageObject","inLanguage":"ro-RO","@id":"https:\/\/secure.gravatar.com\/avatar\/ecb9cd41f5f63c9c9b989999a59f6e2639a865ec361e9db054db0679a8f341c2?s=96&d=mm&r=g","url":"https:\/\/secure.gravatar.com\/avatar\/ecb9cd41f5f63c9c9b989999a59f6e2639a865ec361e9db054db0679a8f341c2?s=96&d=mm&r=g","contentUrl":"https:\/\/secure.gravatar.com\/avatar\/ecb9cd41f5f63c9c9b989999a59f6e2639a865ec361e9db054db0679a8f341c2?s=96&d=mm&r=g","caption":"admin"},"sameAs":["https:\/\/www.lovendal.ro\/wp52"]}]}},"_links":{"self":[{"href":"https:\/\/www.lovendal.ro\/wp52\/wp-json\/wp\/v2\/posts\/78498","targetHints":{"allow":["GET"]}}],"collection":[{"href":"https:\/\/www.lovendal.ro\/wp52\/wp-json\/wp\/v2\/posts"}],"about":[{"href":"https:\/\/www.lovendal.ro\/wp52\/wp-json\/wp\/v2\/types\/post"}],"author":[{"embeddable":true,"href":"https:\/\/www.lovendal.ro\/wp52\/wp-json\/wp\/v2\/users\/1"}],"replies":[{"embeddable":true,"href":"https:\/\/www.lovendal.ro\/wp52\/wp-json\/wp\/v2\/comments?post=78498"}],"version-history":[{"count":0,"href":"https:\/\/www.lovendal.ro\/wp52\/wp-json\/wp\/v2\/posts\/78498\/revisions"}],"wp:featuredmedia":[{"embeddable":true,"href":"https:\/\/www.lovendal.ro\/wp52\/wp-json\/wp\/v2\/media\/78499"}],"wp:attachment":[{"href":"https:\/\/www.lovendal.ro\/wp52\/wp-json\/wp\/v2\/media?parent=78498"}],"wp:term":[{"taxonomy":"category","embeddable":true,"href":"https:\/\/www.lovendal.ro\/wp52\/wp-json\/wp\/v2\/categories?post=78498"},{"taxonomy":"post_tag","embeddable":true,"href":"https:\/\/www.lovendal.ro\/wp52\/wp-json\/wp\/v2\/tags?post=78498"}],"curies":[{"name":"wp","href":"https:\/\/api.w.org\/{rel}","templated":true}]}}