{"id":78456,"date":"2021-12-10T17:07:53","date_gmt":"2021-12-10T15:07:53","guid":{"rendered":"https:\/\/www.lovendal.ro\/wp52\/?p=78456"},"modified":"2021-12-10T17:07:53","modified_gmt":"2021-12-10T15:07:53","slug":"ghioaga-lui-avram-huiban-o-arma-de-lupta-uimitoare-n-a-putut-nici-stefan-cel-mare-s-o-ridice-de-jos","status":"publish","type":"post","link":"https:\/\/www.lovendal.ro\/wp52\/ghioaga-lui-avram-huiban-o-arma-de-lupta-uimitoare-n-a-putut-nici-stefan-cel-mare-s-o-ridice-de-jos\/","title":{"rendered":"Ghioaga lui Avram Huiban, o arm\u0103 de lupt\u0103 uimitoare! N-a putut nici \u015etefan cel Mare s-o ridice de jos&#8230;"},"content":{"rendered":"<p><a href=\"https:\/\/www.lovendal.ro\/wp52\/wp-content\/uploads\/2021\/12\/ghioaga.jpg\"><img loading=\"lazy\" decoding=\"async\" class=\"alignleft size-full wp-image-78457\" src=\"https:\/\/www.lovendal.ro\/wp52\/wp-content\/uploads\/2021\/12\/ghioaga.jpg\" alt=\"\" width=\"350\" height=\"340\" srcset=\"https:\/\/www.lovendal.ro\/wp52\/wp-content\/uploads\/2021\/12\/ghioaga.jpg 350w, https:\/\/www.lovendal.ro\/wp52\/wp-content\/uploads\/2021\/12\/ghioaga-300x291.jpg 300w\" sizes=\"auto, (max-width: 350px) 100vw, 350px\" \/><\/a>B\u0103t\u0103lia de la Podul \u00cenalt a avut loc \u00een data de 10 ianuarie 1475, l\u00e2ng\u0103 ora\u0219ul Vaslui, \u00eentre armatele aliate cre\u0219tine moldo-maghiaro-polone sub comanda lui \u0218tefan cel Mare \u0219i oastea otomano-muntean\u0103 sub conducerea lui Suleiman Pa\u0219a. \u00cen pofida diferen\u021bei mari de for\u021be, turcii au suferit o \u00eenfr\u00e2ngere zdrobitoare, pierz\u00e2nd (dup\u0103 spusele unor cronicari) aproape toat\u0103 armata. Aceast\u0103 b\u0103t\u0103lie este considerat\u0103 cea mai mare \u00eenfr\u00e2ngere din istoria islamului \u00een fa\u021ba unei armate cre\u0219tine, \u0218tefan cel Mare fiind numit eroul cre\u0219tin\u0103t\u0103\u021bii.<\/p>\n<p>\u00cen b\u0103t\u0103lia de la Podul \u00cenalt, \u015etefan cel Mare s-a minunat c\u00e2nd a v\u0103zut cum lupta Avram Huiban. Conform legendei, Hatmanul lui \u015etefan, Luca Arbore, i-ar fi zis domnitorului:<br \/>\n<em>&#8211; M\u0103rite Doamne, s\u0103 vezi ghioaga lui Avram Huiban, adev\u0103rat\u0103 minune.<\/em><\/p>\n<p>\u015ei a fost chemat pe Avram Huiban. Atunci c\u00e2nd s-a aplecat Avram Huiban \u00een fa\u0163a domnitorului, \u015fi cand s-o sculat \u00eenapoi sus, i-a r\u0103mas ghioaga jos. \u015etefan cel Mare fiind om mic de statur\u0103, s-a aplecat s-o ridice. Dar n-a putut s-o ridice. \u015ei atunci s-o aplecat s-o ia de jos tot Avram Huiban.<br \/>\n<em>&#8211; M\u0103 Avrame, da cum lup\u0163i tu cu ghioaga asta? C\u0103 eu nici n-o pot ridica<\/em>, a zis domnitorul.<\/p>\n<p>Atunci Avram Huiban a luat-o cu o m\u00e2na \u015fi a \u00eenceput s-o \u00eenvart\u0103 printre degete:<br \/>\n<em>&#8211; Uite a\u015fa, M\u0103ria Ta&#8230;<\/em><\/p>\n<p>Ghioaga este o arm\u0103 veche de lupt\u0103, alc\u0103tuit\u0103 dintr-un fel de ciomag (de lemn sau de fier) cu cap\u0103tul bombat \u015fi ghintuit.<\/p>\n","protected":false},"excerpt":{"rendered":"<p>B\u0103t\u0103lia de la Podul \u00cenalt a avut loc \u00een data de 10 ianuarie 1475, l\u00e2ng\u0103 ora\u0219ul Vaslui, \u00eentre armatele aliate cre\u0219tine moldo-maghiaro-polone sub comanda lui \u0218tefan cel Mare \u0219i oastea otomano-muntean\u0103 sub conducerea lui Suleiman Pa\u0219a. \u00cen pofida diferen\u021bei mari &#8230; <\/p>\n<p class=\"read-more-container\"><a title=\"Ghioaga lui Avram Huiban, o arm\u0103 de lupt\u0103 uimitoare! N-a putut nici \u015etefan cel Mare s-o ridice de jos&#8230;\" class=\"read-more button\" href=\"https:\/\/www.lovendal.ro\/wp52\/ghioaga-lui-avram-huiban-o-arma-de-lupta-uimitoare-n-a-putut-nici-stefan-cel-mare-s-o-ridice-de-jos\/#more-78456\" aria-label=\"Cite\u0219te mai multe despre Ghioaga lui Avram Huiban, o arm\u0103 de lupt\u0103 uimitoare! N-a putut nici \u015etefan cel Mare s-o ridice de jos&#8230;\">Cititi mai multe<\/a><\/p>\n","protected":false},"author":1,"featured_media":78457,"comment_status":"open","ping_status":"open","sticky":false,"template":"","format":"standard","meta":{"footnotes":""},"categories":[9],"tags":[4211,70,332,1428,1941,17404,17407,1532,1899,3924,17406,17405,544,1397,7440],"class_list":["post-78456","post","type-post","status-publish","format-standard","has-post-thumbnail","hentry","category-istorie","tag-arma","tag-armata","tag-batalie","tag-domnitor","tag-fier","tag-ghioaga","tag-hatman","tag-istorie-si-civilizatii","tag-legenda","tag-lemn","tag-luca-arbore","tag-podu-inalt","tag-stefan-cel-mare","tag-turci","tag-vaslui","resize-featured-image"],"yoast_head":"<!-- This site is optimized with the Yoast SEO Premium plugin v23.3 (Yoast SEO v27.4) - https:\/\/yoast.com\/product\/yoast-seo-premium-wordpress\/ -->\n<title>Ghioaga lui Avram Huiban, o arm\u0103 de lupt\u0103 uimitoare! N-a putut nici \u015etefan cel Mare s-o ridice de jos... - Secretele lui Lovendal<\/title>\n<meta name=\"robots\" content=\"index, follow, max-snippet:-1, max-image-preview:large, max-video-preview:-1\" \/>\n<link rel=\"canonical\" href=\"https:\/\/www.lovendal.ro\/wp52\/ghioaga-lui-avram-huiban-o-arma-de-lupta-uimitoare-n-a-putut-nici-stefan-cel-mare-s-o-ridice-de-jos\/\" \/>\n<meta property=\"og:locale\" content=\"ro_RO\" \/>\n<meta property=\"og:type\" content=\"article\" \/>\n<meta property=\"og:title\" content=\"Ghioaga lui Avram Huiban, o arm\u0103 de lupt\u0103 uimitoare! N-a putut nici \u015etefan cel Mare s-o ridice de jos...\" \/>\n<meta property=\"og:description\" content=\"B\u0103t\u0103lia de la Podul \u00cenalt a avut loc \u00een data de 10 ianuarie 1475, l\u00e2ng\u0103 ora\u0219ul Vaslui, \u00eentre armatele aliate cre\u0219tine moldo-maghiaro-polone sub comanda lui \u0218tefan cel Mare \u0219i oastea otomano-muntean\u0103 sub conducerea lui Suleiman Pa\u0219a. \u00cen pofida diferen\u021bei mari ... Cititi mai multe\" \/>\n<meta property=\"og:url\" content=\"https:\/\/www.lovendal.ro\/wp52\/ghioaga-lui-avram-huiban-o-arma-de-lupta-uimitoare-n-a-putut-nici-stefan-cel-mare-s-o-ridice-de-jos\/\" \/>\n<meta property=\"og:site_name\" content=\"Secretele lui Lovendal\" \/>\n<meta property=\"article:publisher\" content=\"https:\/\/www.facebook.com\/secreteleluilovendal\" \/>\n<meta property=\"article:published_time\" content=\"2021-12-10T15:07:53+00:00\" \/>\n<meta property=\"og:image\" content=\"https:\/\/www.lovendal.ro\/wp52\/wp-content\/uploads\/2021\/12\/ghioaga.jpg\" \/>\n\t<meta property=\"og:image:width\" content=\"350\" \/>\n\t<meta property=\"og:image:height\" content=\"340\" \/>\n\t<meta property=\"og:image:type\" content=\"image\/jpeg\" \/>\n<meta name=\"author\" content=\"admin\" \/>\n<meta name=\"twitter:card\" content=\"summary_large_image\" \/>\n<meta name=\"twitter:label1\" content=\"Scris de\" \/>\n\t<meta name=\"twitter:data1\" content=\"admin\" \/>\n\t<meta name=\"twitter:label2\" content=\"Timp estimat pentru citire\" \/>\n\t<meta name=\"twitter:data2\" content=\"1 minut\" \/>\n<script type=\"application\/ld+json\" class=\"yoast-schema-graph\">{\"@context\":\"https:\\\/\\\/schema.org\",\"@graph\":[{\"@type\":\"Article\",\"@id\":\"https:\\\/\\\/www.lovendal.ro\\\/wp52\\\/ghioaga-lui-avram-huiban-o-arma-de-lupta-uimitoare-n-a-putut-nici-stefan-cel-mare-s-o-ridice-de-jos\\\/#article\",\"isPartOf\":{\"@id\":\"https:\\\/\\\/www.lovendal.ro\\\/wp52\\\/ghioaga-lui-avram-huiban-o-arma-de-lupta-uimitoare-n-a-putut-nici-stefan-cel-mare-s-o-ridice-de-jos\\\/\"},\"author\":{\"name\":\"admin\",\"@id\":\"https:\\\/\\\/www.lovendal.ro\\\/wp52\\\/#\\\/schema\\\/person\\\/088691de5dfc346bb0c023e1e52ef5d9\"},\"headline\":\"Ghioaga lui Avram Huiban, o arm\u0103 de lupt\u0103 uimitoare! N-a putut nici \u015etefan cel Mare s-o ridice de jos&#8230;\",\"datePublished\":\"2021-12-10T15:07:53+00:00\",\"mainEntityOfPage\":{\"@id\":\"https:\\\/\\\/www.lovendal.ro\\\/wp52\\\/ghioaga-lui-avram-huiban-o-arma-de-lupta-uimitoare-n-a-putut-nici-stefan-cel-mare-s-o-ridice-de-jos\\\/\"},\"wordCount\":284,\"commentCount\":0,\"publisher\":{\"@id\":\"https:\\\/\\\/www.lovendal.ro\\\/wp52\\\/#organization\"},\"image\":{\"@id\":\"https:\\\/\\\/www.lovendal.ro\\\/wp52\\\/ghioaga-lui-avram-huiban-o-arma-de-lupta-uimitoare-n-a-putut-nici-stefan-cel-mare-s-o-ridice-de-jos\\\/#primaryimage\"},\"thumbnailUrl\":\"https:\\\/\\\/www.lovendal.ro\\\/wp52\\\/wp-content\\\/uploads\\\/2021\\\/12\\\/ghioaga.jpg\",\"keywords\":[\"arm\u0103\",\"armat\u0103\",\"b\u0103t\u0103lie\",\"domnitor\",\"fier\",\"ghioag\u0103\",\"hatman\",\"Istorie si Civilizatii\",\"legend\u0103\",\"lemn\",\"Luca Arbore\",\"Podu \u00cenalt\",\"\u015etefan cel Mare\",\"turci\",\"Vaslui\"],\"articleSection\":[\"Istorie si Civilizatii\"],\"inLanguage\":\"ro-RO\",\"potentialAction\":[{\"@type\":\"CommentAction\",\"name\":\"Comment\",\"target\":[\"https:\\\/\\\/www.lovendal.ro\\\/wp52\\\/ghioaga-lui-avram-huiban-o-arma-de-lupta-uimitoare-n-a-putut-nici-stefan-cel-mare-s-o-ridice-de-jos\\\/#respond\"]}]},{\"@type\":\"WebPage\",\"@id\":\"https:\\\/\\\/www.lovendal.ro\\\/wp52\\\/ghioaga-lui-avram-huiban-o-arma-de-lupta-uimitoare-n-a-putut-nici-stefan-cel-mare-s-o-ridice-de-jos\\\/\",\"url\":\"https:\\\/\\\/www.lovendal.ro\\\/wp52\\\/ghioaga-lui-avram-huiban-o-arma-de-lupta-uimitoare-n-a-putut-nici-stefan-cel-mare-s-o-ridice-de-jos\\\/\",\"name\":\"Ghioaga lui Avram Huiban, o arm\u0103 de lupt\u0103 uimitoare! N-a putut nici \u015etefan cel Mare s-o ridice de jos... - Secretele lui Lovendal\",\"isPartOf\":{\"@id\":\"https:\\\/\\\/www.lovendal.ro\\\/wp52\\\/#website\"},\"primaryImageOfPage\":{\"@id\":\"https:\\\/\\\/www.lovendal.ro\\\/wp52\\\/ghioaga-lui-avram-huiban-o-arma-de-lupta-uimitoare-n-a-putut-nici-stefan-cel-mare-s-o-ridice-de-jos\\\/#primaryimage\"},\"image\":{\"@id\":\"https:\\\/\\\/www.lovendal.ro\\\/wp52\\\/ghioaga-lui-avram-huiban-o-arma-de-lupta-uimitoare-n-a-putut-nici-stefan-cel-mare-s-o-ridice-de-jos\\\/#primaryimage\"},\"thumbnailUrl\":\"https:\\\/\\\/www.lovendal.ro\\\/wp52\\\/wp-content\\\/uploads\\\/2021\\\/12\\\/ghioaga.jpg\",\"datePublished\":\"2021-12-10T15:07:53+00:00\",\"breadcrumb\":{\"@id\":\"https:\\\/\\\/www.lovendal.ro\\\/wp52\\\/ghioaga-lui-avram-huiban-o-arma-de-lupta-uimitoare-n-a-putut-nici-stefan-cel-mare-s-o-ridice-de-jos\\\/#breadcrumb\"},\"inLanguage\":\"ro-RO\",\"potentialAction\":[{\"@type\":\"ReadAction\",\"target\":[\"https:\\\/\\\/www.lovendal.ro\\\/wp52\\\/ghioaga-lui-avram-huiban-o-arma-de-lupta-uimitoare-n-a-putut-nici-stefan-cel-mare-s-o-ridice-de-jos\\\/\"]}]},{\"@type\":\"ImageObject\",\"inLanguage\":\"ro-RO\",\"@id\":\"https:\\\/\\\/www.lovendal.ro\\\/wp52\\\/ghioaga-lui-avram-huiban-o-arma-de-lupta-uimitoare-n-a-putut-nici-stefan-cel-mare-s-o-ridice-de-jos\\\/#primaryimage\",\"url\":\"https:\\\/\\\/www.lovendal.ro\\\/wp52\\\/wp-content\\\/uploads\\\/2021\\\/12\\\/ghioaga.jpg\",\"contentUrl\":\"https:\\\/\\\/www.lovendal.ro\\\/wp52\\\/wp-content\\\/uploads\\\/2021\\\/12\\\/ghioaga.jpg\",\"width\":350,\"height\":340},{\"@type\":\"BreadcrumbList\",\"@id\":\"https:\\\/\\\/www.lovendal.ro\\\/wp52\\\/ghioaga-lui-avram-huiban-o-arma-de-lupta-uimitoare-n-a-putut-nici-stefan-cel-mare-s-o-ridice-de-jos\\\/#breadcrumb\",\"itemListElement\":[{\"@type\":\"ListItem\",\"position\":1,\"name\":\"Home\",\"item\":\"https:\\\/\\\/www.lovendal.ro\\\/wp52\\\/\"},{\"@type\":\"ListItem\",\"position\":2,\"name\":\"Ghioaga lui Avram Huiban, o arm\u0103 de lupt\u0103 uimitoare! N-a putut nici \u015etefan cel Mare s-o ridice de jos&#8230;\"}]},{\"@type\":\"WebSite\",\"@id\":\"https:\\\/\\\/www.lovendal.ro\\\/wp52\\\/#website\",\"url\":\"https:\\\/\\\/www.lovendal.ro\\\/wp52\\\/\",\"name\":\"Secretele lui Lovendal\",\"description\":\"Site de secrete, stiinta si metafizica - din 2008 -\",\"publisher\":{\"@id\":\"https:\\\/\\\/www.lovendal.ro\\\/wp52\\\/#organization\"},\"potentialAction\":[{\"@type\":\"SearchAction\",\"target\":{\"@type\":\"EntryPoint\",\"urlTemplate\":\"https:\\\/\\\/www.lovendal.ro\\\/wp52\\\/?s={search_term_string}\"},\"query-input\":{\"@type\":\"PropertyValueSpecification\",\"valueRequired\":true,\"valueName\":\"search_term_string\"}}],\"inLanguage\":\"ro-RO\"},{\"@type\":\"Organization\",\"@id\":\"https:\\\/\\\/www.lovendal.ro\\\/wp52\\\/#organization\",\"name\":\"Secretele lui Lovendal\",\"url\":\"https:\\\/\\\/www.lovendal.ro\\\/wp52\\\/\",\"logo\":{\"@type\":\"ImageObject\",\"inLanguage\":\"ro-RO\",\"@id\":\"https:\\\/\\\/www.lovendal.ro\\\/wp52\\\/#\\\/schema\\\/logo\\\/image\\\/\",\"url\":\"https:\\\/\\\/www.lovendal.ro\\\/wp52\\\/wp-content\\\/uploads\\\/2024\\\/06\\\/cropped-SLL-iun-2024-1.jpg\",\"contentUrl\":\"https:\\\/\\\/www.lovendal.ro\\\/wp52\\\/wp-content\\\/uploads\\\/2024\\\/06\\\/cropped-SLL-iun-2024-1.jpg\",\"width\":771,\"height\":240,\"caption\":\"Secretele lui Lovendal\"},\"image\":{\"@id\":\"https:\\\/\\\/www.lovendal.ro\\\/wp52\\\/#\\\/schema\\\/logo\\\/image\\\/\"},\"sameAs\":[\"https:\\\/\\\/www.facebook.com\\\/secreteleluilovendal\"]},{\"@type\":\"Person\",\"@id\":\"https:\\\/\\\/www.lovendal.ro\\\/wp52\\\/#\\\/schema\\\/person\\\/088691de5dfc346bb0c023e1e52ef5d9\",\"name\":\"admin\",\"image\":{\"@type\":\"ImageObject\",\"inLanguage\":\"ro-RO\",\"@id\":\"https:\\\/\\\/secure.gravatar.com\\\/avatar\\\/ecb9cd41f5f63c9c9b989999a59f6e2639a865ec361e9db054db0679a8f341c2?s=96&d=mm&r=g\",\"url\":\"https:\\\/\\\/secure.gravatar.com\\\/avatar\\\/ecb9cd41f5f63c9c9b989999a59f6e2639a865ec361e9db054db0679a8f341c2?s=96&d=mm&r=g\",\"contentUrl\":\"https:\\\/\\\/secure.gravatar.com\\\/avatar\\\/ecb9cd41f5f63c9c9b989999a59f6e2639a865ec361e9db054db0679a8f341c2?s=96&d=mm&r=g\",\"caption\":\"admin\"},\"sameAs\":[\"https:\\\/\\\/www.lovendal.ro\\\/wp52\"]}]}<\/script>\n<!-- \/ Yoast SEO Premium plugin. -->","yoast_head_json":{"title":"Ghioaga lui Avram Huiban, o arm\u0103 de lupt\u0103 uimitoare! N-a putut nici \u015etefan cel Mare s-o ridice de jos... - Secretele lui Lovendal","robots":{"index":"index","follow":"follow","max-snippet":"max-snippet:-1","max-image-preview":"max-image-preview:large","max-video-preview":"max-video-preview:-1"},"canonical":"https:\/\/www.lovendal.ro\/wp52\/ghioaga-lui-avram-huiban-o-arma-de-lupta-uimitoare-n-a-putut-nici-stefan-cel-mare-s-o-ridice-de-jos\/","og_locale":"ro_RO","og_type":"article","og_title":"Ghioaga lui Avram Huiban, o arm\u0103 de lupt\u0103 uimitoare! N-a putut nici \u015etefan cel Mare s-o ridice de jos...","og_description":"B\u0103t\u0103lia de la Podul \u00cenalt a avut loc \u00een data de 10 ianuarie 1475, l\u00e2ng\u0103 ora\u0219ul Vaslui, \u00eentre armatele aliate cre\u0219tine moldo-maghiaro-polone sub comanda lui \u0218tefan cel Mare \u0219i oastea otomano-muntean\u0103 sub conducerea lui Suleiman Pa\u0219a. \u00cen pofida diferen\u021bei mari ... Cititi mai multe","og_url":"https:\/\/www.lovendal.ro\/wp52\/ghioaga-lui-avram-huiban-o-arma-de-lupta-uimitoare-n-a-putut-nici-stefan-cel-mare-s-o-ridice-de-jos\/","og_site_name":"Secretele lui Lovendal","article_publisher":"https:\/\/www.facebook.com\/secreteleluilovendal","article_published_time":"2021-12-10T15:07:53+00:00","og_image":[{"width":350,"height":340,"url":"https:\/\/www.lovendal.ro\/wp52\/wp-content\/uploads\/2021\/12\/ghioaga.jpg","type":"image\/jpeg"}],"author":"admin","twitter_card":"summary_large_image","twitter_misc":{"Scris de":"admin","Timp estimat pentru citire":"1 minut"},"schema":{"@context":"https:\/\/schema.org","@graph":[{"@type":"Article","@id":"https:\/\/www.lovendal.ro\/wp52\/ghioaga-lui-avram-huiban-o-arma-de-lupta-uimitoare-n-a-putut-nici-stefan-cel-mare-s-o-ridice-de-jos\/#article","isPartOf":{"@id":"https:\/\/www.lovendal.ro\/wp52\/ghioaga-lui-avram-huiban-o-arma-de-lupta-uimitoare-n-a-putut-nici-stefan-cel-mare-s-o-ridice-de-jos\/"},"author":{"name":"admin","@id":"https:\/\/www.lovendal.ro\/wp52\/#\/schema\/person\/088691de5dfc346bb0c023e1e52ef5d9"},"headline":"Ghioaga lui Avram Huiban, o arm\u0103 de lupt\u0103 uimitoare! N-a putut nici \u015etefan cel Mare s-o ridice de jos&#8230;","datePublished":"2021-12-10T15:07:53+00:00","mainEntityOfPage":{"@id":"https:\/\/www.lovendal.ro\/wp52\/ghioaga-lui-avram-huiban-o-arma-de-lupta-uimitoare-n-a-putut-nici-stefan-cel-mare-s-o-ridice-de-jos\/"},"wordCount":284,"commentCount":0,"publisher":{"@id":"https:\/\/www.lovendal.ro\/wp52\/#organization"},"image":{"@id":"https:\/\/www.lovendal.ro\/wp52\/ghioaga-lui-avram-huiban-o-arma-de-lupta-uimitoare-n-a-putut-nici-stefan-cel-mare-s-o-ridice-de-jos\/#primaryimage"},"thumbnailUrl":"https:\/\/www.lovendal.ro\/wp52\/wp-content\/uploads\/2021\/12\/ghioaga.jpg","keywords":["arm\u0103","armat\u0103","b\u0103t\u0103lie","domnitor","fier","ghioag\u0103","hatman","Istorie si Civilizatii","legend\u0103","lemn","Luca Arbore","Podu \u00cenalt","\u015etefan cel Mare","turci","Vaslui"],"articleSection":["Istorie si Civilizatii"],"inLanguage":"ro-RO","potentialAction":[{"@type":"CommentAction","name":"Comment","target":["https:\/\/www.lovendal.ro\/wp52\/ghioaga-lui-avram-huiban-o-arma-de-lupta-uimitoare-n-a-putut-nici-stefan-cel-mare-s-o-ridice-de-jos\/#respond"]}]},{"@type":"WebPage","@id":"https:\/\/www.lovendal.ro\/wp52\/ghioaga-lui-avram-huiban-o-arma-de-lupta-uimitoare-n-a-putut-nici-stefan-cel-mare-s-o-ridice-de-jos\/","url":"https:\/\/www.lovendal.ro\/wp52\/ghioaga-lui-avram-huiban-o-arma-de-lupta-uimitoare-n-a-putut-nici-stefan-cel-mare-s-o-ridice-de-jos\/","name":"Ghioaga lui Avram Huiban, o arm\u0103 de lupt\u0103 uimitoare! N-a putut nici \u015etefan cel Mare s-o ridice de jos... - Secretele lui Lovendal","isPartOf":{"@id":"https:\/\/www.lovendal.ro\/wp52\/#website"},"primaryImageOfPage":{"@id":"https:\/\/www.lovendal.ro\/wp52\/ghioaga-lui-avram-huiban-o-arma-de-lupta-uimitoare-n-a-putut-nici-stefan-cel-mare-s-o-ridice-de-jos\/#primaryimage"},"image":{"@id":"https:\/\/www.lovendal.ro\/wp52\/ghioaga-lui-avram-huiban-o-arma-de-lupta-uimitoare-n-a-putut-nici-stefan-cel-mare-s-o-ridice-de-jos\/#primaryimage"},"thumbnailUrl":"https:\/\/www.lovendal.ro\/wp52\/wp-content\/uploads\/2021\/12\/ghioaga.jpg","datePublished":"2021-12-10T15:07:53+00:00","breadcrumb":{"@id":"https:\/\/www.lovendal.ro\/wp52\/ghioaga-lui-avram-huiban-o-arma-de-lupta-uimitoare-n-a-putut-nici-stefan-cel-mare-s-o-ridice-de-jos\/#breadcrumb"},"inLanguage":"ro-RO","potentialAction":[{"@type":"ReadAction","target":["https:\/\/www.lovendal.ro\/wp52\/ghioaga-lui-avram-huiban-o-arma-de-lupta-uimitoare-n-a-putut-nici-stefan-cel-mare-s-o-ridice-de-jos\/"]}]},{"@type":"ImageObject","inLanguage":"ro-RO","@id":"https:\/\/www.lovendal.ro\/wp52\/ghioaga-lui-avram-huiban-o-arma-de-lupta-uimitoare-n-a-putut-nici-stefan-cel-mare-s-o-ridice-de-jos\/#primaryimage","url":"https:\/\/www.lovendal.ro\/wp52\/wp-content\/uploads\/2021\/12\/ghioaga.jpg","contentUrl":"https:\/\/www.lovendal.ro\/wp52\/wp-content\/uploads\/2021\/12\/ghioaga.jpg","width":350,"height":340},{"@type":"BreadcrumbList","@id":"https:\/\/www.lovendal.ro\/wp52\/ghioaga-lui-avram-huiban-o-arma-de-lupta-uimitoare-n-a-putut-nici-stefan-cel-mare-s-o-ridice-de-jos\/#breadcrumb","itemListElement":[{"@type":"ListItem","position":1,"name":"Home","item":"https:\/\/www.lovendal.ro\/wp52\/"},{"@type":"ListItem","position":2,"name":"Ghioaga lui Avram Huiban, o arm\u0103 de lupt\u0103 uimitoare! N-a putut nici \u015etefan cel Mare s-o ridice de jos&#8230;"}]},{"@type":"WebSite","@id":"https:\/\/www.lovendal.ro\/wp52\/#website","url":"https:\/\/www.lovendal.ro\/wp52\/","name":"Secretele lui Lovendal","description":"Site de secrete, stiinta si metafizica - din 2008 -","publisher":{"@id":"https:\/\/www.lovendal.ro\/wp52\/#organization"},"potentialAction":[{"@type":"SearchAction","target":{"@type":"EntryPoint","urlTemplate":"https:\/\/www.lovendal.ro\/wp52\/?s={search_term_string}"},"query-input":{"@type":"PropertyValueSpecification","valueRequired":true,"valueName":"search_term_string"}}],"inLanguage":"ro-RO"},{"@type":"Organization","@id":"https:\/\/www.lovendal.ro\/wp52\/#organization","name":"Secretele lui Lovendal","url":"https:\/\/www.lovendal.ro\/wp52\/","logo":{"@type":"ImageObject","inLanguage":"ro-RO","@id":"https:\/\/www.lovendal.ro\/wp52\/#\/schema\/logo\/image\/","url":"https:\/\/www.lovendal.ro\/wp52\/wp-content\/uploads\/2024\/06\/cropped-SLL-iun-2024-1.jpg","contentUrl":"https:\/\/www.lovendal.ro\/wp52\/wp-content\/uploads\/2024\/06\/cropped-SLL-iun-2024-1.jpg","width":771,"height":240,"caption":"Secretele lui Lovendal"},"image":{"@id":"https:\/\/www.lovendal.ro\/wp52\/#\/schema\/logo\/image\/"},"sameAs":["https:\/\/www.facebook.com\/secreteleluilovendal"]},{"@type":"Person","@id":"https:\/\/www.lovendal.ro\/wp52\/#\/schema\/person\/088691de5dfc346bb0c023e1e52ef5d9","name":"admin","image":{"@type":"ImageObject","inLanguage":"ro-RO","@id":"https:\/\/secure.gravatar.com\/avatar\/ecb9cd41f5f63c9c9b989999a59f6e2639a865ec361e9db054db0679a8f341c2?s=96&d=mm&r=g","url":"https:\/\/secure.gravatar.com\/avatar\/ecb9cd41f5f63c9c9b989999a59f6e2639a865ec361e9db054db0679a8f341c2?s=96&d=mm&r=g","contentUrl":"https:\/\/secure.gravatar.com\/avatar\/ecb9cd41f5f63c9c9b989999a59f6e2639a865ec361e9db054db0679a8f341c2?s=96&d=mm&r=g","caption":"admin"},"sameAs":["https:\/\/www.lovendal.ro\/wp52"]}]}},"_links":{"self":[{"href":"https:\/\/www.lovendal.ro\/wp52\/wp-json\/wp\/v2\/posts\/78456","targetHints":{"allow":["GET"]}}],"collection":[{"href":"https:\/\/www.lovendal.ro\/wp52\/wp-json\/wp\/v2\/posts"}],"about":[{"href":"https:\/\/www.lovendal.ro\/wp52\/wp-json\/wp\/v2\/types\/post"}],"author":[{"embeddable":true,"href":"https:\/\/www.lovendal.ro\/wp52\/wp-json\/wp\/v2\/users\/1"}],"replies":[{"embeddable":true,"href":"https:\/\/www.lovendal.ro\/wp52\/wp-json\/wp\/v2\/comments?post=78456"}],"version-history":[{"count":0,"href":"https:\/\/www.lovendal.ro\/wp52\/wp-json\/wp\/v2\/posts\/78456\/revisions"}],"wp:featuredmedia":[{"embeddable":true,"href":"https:\/\/www.lovendal.ro\/wp52\/wp-json\/wp\/v2\/media\/78457"}],"wp:attachment":[{"href":"https:\/\/www.lovendal.ro\/wp52\/wp-json\/wp\/v2\/media?parent=78456"}],"wp:term":[{"taxonomy":"category","embeddable":true,"href":"https:\/\/www.lovendal.ro\/wp52\/wp-json\/wp\/v2\/categories?post=78456"},{"taxonomy":"post_tag","embeddable":true,"href":"https:\/\/www.lovendal.ro\/wp52\/wp-json\/wp\/v2\/tags?post=78456"}],"curies":[{"name":"wp","href":"https:\/\/api.w.org\/{rel}","templated":true}]}}