{"id":78311,"date":"2021-11-28T22:19:19","date_gmt":"2021-11-28T20:19:19","guid":{"rendered":"https:\/\/www.lovendal.ro\/wp52\/?p=78311"},"modified":"2021-11-28T22:19:19","modified_gmt":"2021-11-28T20:19:19","slug":"ce-stia-einstein-despre-presupusul-refugiu-al-atlantilor-in-constelatia-pleiadelor-dupa-ce-continentul-lor-s-ar-fi-prabusit-in-ocean","status":"publish","type":"post","link":"https:\/\/www.lovendal.ro\/wp52\/ce-stia-einstein-despre-presupusul-refugiu-al-atlantilor-in-constelatia-pleiadelor-dupa-ce-continentul-lor-s-ar-fi-prabusit-in-ocean\/","title":{"rendered":"Ce \u015ftia Einstein despre presupusul refugiu al atlan\u0163ilor \u00een constela\u0163ia Pleiadelor, dup\u0103 ce continentul lor s-ar fi pr\u0103bu\u015fit \u00een ocean?"},"content":{"rendered":"<p><a href=\"https:\/\/www.lovendal.ro\/wp52\/wp-content\/uploads\/2021\/11\/Pleiade-Atlantida-Einstein.jpg\"><img loading=\"lazy\" decoding=\"async\" class=\"alignleft size-full wp-image-78312\" src=\"https:\/\/www.lovendal.ro\/wp52\/wp-content\/uploads\/2021\/11\/Pleiade-Atlantida-Einstein.jpg\" alt=\"\" width=\"365\" height=\"264\" srcset=\"https:\/\/www.lovendal.ro\/wp52\/wp-content\/uploads\/2021\/11\/Pleiade-Atlantida-Einstein.jpg 365w, https:\/\/www.lovendal.ro\/wp52\/wp-content\/uploads\/2021\/11\/Pleiade-Atlantida-Einstein-300x217.jpg 300w\" sizes=\"auto, (max-width: 365px) 100vw, 365px\" \/><\/a>Se spune c\u0103 \u00een anii &#8217;40, celebrul fizician Einstein ar fi intrat \u00een posesia unor documente care f\u0103ceau trimitere la \u015ftiin\u0163a \u015fi tehnologia atlan\u0163ilor, referitoare la timp \u015fi spa\u0163iu. Einstein ar fi dorit s\u0103 cerceteze enigma atlant\u0103, \u00een speran\u0163a de a g\u0103si ceva care s\u0103-l ajute la definitivarea teoriei relativit\u0103\u0163ii. Uimitor, se pare c\u0103 la un moment dat Einstein ar fi declarat c\u0103 <em>&#8222;elita atlant\u0103 a reu\u015fit s\u0103 scape de cataclism, lu\u00e2nd calea spa\u0163iului cosmic \u00een navele lor stelare, actualmente tr\u0103ind \u00een zona Pleiadelor, \u00een Noua Atlantid\u0103. Ei tr\u0103iesc acolo de 20.000 de ani&#8230;\u201d<\/em>.<\/p>\n<p>Evident este vorba despre cea de-a doua faz\u0103 a scufund\u0103rii continentului atlant, petrecut\u0103 cu aproximativ 20.000 de ani \u00een urm\u0103. Dar \u00eentrebarea care r\u0103m\u00e2ne este urm\u0103toarea: cum au reu\u015fit atlan\u0163ii s\u0103 plece de pe P\u0103m\u00e2nt?<\/p>\n<p>Se spune c\u0103 sub temeliile Atlantidei exista acum 20 de milenii o \u00eentreag\u0103 re\u0163ea de rotoare electromagnetice, care protejau integral continentul de intemperii \u015fi de eventuale atacuri. Cu timpul \u00eens\u0103, aceste rotoare au intrat \u00eentr-o rezonan\u0163\u0103 prea mare cu c\u00e2mpul teluric terestru \u015fi la un moment dat energia tectonic\u0103 s-a acumulat prea mult \u00een scoar\u0163a din zona Atlantidei. Astfel, s-a produs inevitabilul: o gigantic\u0103 mi\u015fcare tectonic\u0103, care a scufundat \u00eentreaga Atlantid\u0103. Se crede c\u0103 mai multe civiliza\u0163ii extraterestre cu care atlan\u0163ii erau \u00een contact le-ar fi propus acestoras\u0103 se refugieze \u00een constela\u0163ia Pleiadelor, deoarece rasa atlant\u0103 era \u00een rezonan\u0163\u0103 ADN cu specia din constela\u0163ia men\u0163ionat\u0103.<\/p>\n","protected":false},"excerpt":{"rendered":"<p>Se spune c\u0103 \u00een anii &#8217;40, celebrul fizician Einstein ar fi intrat \u00een posesia unor documente care f\u0103ceau trimitere la \u015ftiin\u0163a \u015fi tehnologia atlan\u0163ilor, referitoare la timp \u015fi spa\u0163iu. Einstein ar fi dorit s\u0103 cerceteze enigma atlant\u0103, \u00een speran\u0163a de &#8230; <\/p>\n<p class=\"read-more-container\"><a title=\"Ce \u015ftia Einstein despre presupusul refugiu al atlan\u0163ilor \u00een constela\u0163ia Pleiadelor, dup\u0103 ce continentul lor s-ar fi pr\u0103bu\u015fit \u00een ocean?\" class=\"read-more button\" href=\"https:\/\/www.lovendal.ro\/wp52\/ce-stia-einstein-despre-presupusul-refugiu-al-atlantilor-in-constelatia-pleiadelor-dupa-ce-continentul-lor-s-ar-fi-prabusit-in-ocean\/#more-78311\" aria-label=\"Cite\u0219te mai multe despre Ce \u015ftia Einstein despre presupusul refugiu al atlan\u0163ilor \u00een constela\u0163ia Pleiadelor, dup\u0103 ce continentul lor s-ar fi pr\u0103bu\u015fit \u00een ocean?\">Cititi mai multe<\/a><\/p>\n","protected":false},"author":1,"featured_media":78312,"comment_status":"open","ping_status":"open","sticky":false,"template":"","format":"standard","meta":{"footnotes":""},"categories":[475],"tags":[415,192,358,2410,610,66,51,2048,1604,105,3330,2501,1104,789],"class_list":["post-78311","post","type-post","status-publish","format-standard","has-post-thumbnail","hentry","category-conspiratii-mistere","tag-adn","tag-atlantida","tag-conspiratii-si-mistere","tag-continent","tag-einstein","tag-energie","tag-extraterestri","tag-fizician","tag-ocean","tag-pamant","tag-pleiade","tag-spatiu","tag-teoria-relativitatii","tag-timp","resize-featured-image"],"yoast_head":"<!-- This site is optimized with the Yoast SEO Premium plugin v23.3 (Yoast SEO v27.4) - https:\/\/yoast.com\/product\/yoast-seo-premium-wordpress\/ -->\n<title>Ce \u015ftia Einstein despre presupusul refugiu al atlan\u0163ilor \u00een constela\u0163ia Pleiadelor, dup\u0103 ce continentul lor s-ar fi pr\u0103bu\u015fit \u00een ocean? - Secretele lui Lovendal<\/title>\n<meta name=\"robots\" content=\"index, follow, max-snippet:-1, max-image-preview:large, max-video-preview:-1\" \/>\n<link rel=\"canonical\" href=\"https:\/\/www.lovendal.ro\/wp52\/ce-stia-einstein-despre-presupusul-refugiu-al-atlantilor-in-constelatia-pleiadelor-dupa-ce-continentul-lor-s-ar-fi-prabusit-in-ocean\/\" \/>\n<meta property=\"og:locale\" content=\"ro_RO\" \/>\n<meta property=\"og:type\" content=\"article\" \/>\n<meta property=\"og:title\" content=\"Ce \u015ftia Einstein despre presupusul refugiu al atlan\u0163ilor \u00een constela\u0163ia Pleiadelor, dup\u0103 ce continentul lor s-ar fi pr\u0103bu\u015fit \u00een ocean?\" \/>\n<meta property=\"og:description\" content=\"Se spune c\u0103 \u00een anii &#8217;40, celebrul fizician Einstein ar fi intrat \u00een posesia unor documente care f\u0103ceau trimitere la \u015ftiin\u0163a \u015fi tehnologia atlan\u0163ilor, referitoare la timp \u015fi spa\u0163iu. Einstein ar fi dorit s\u0103 cerceteze enigma atlant\u0103, \u00een speran\u0163a de ... Cititi mai multe\" \/>\n<meta property=\"og:url\" content=\"https:\/\/www.lovendal.ro\/wp52\/ce-stia-einstein-despre-presupusul-refugiu-al-atlantilor-in-constelatia-pleiadelor-dupa-ce-continentul-lor-s-ar-fi-prabusit-in-ocean\/\" \/>\n<meta property=\"og:site_name\" content=\"Secretele lui Lovendal\" \/>\n<meta property=\"article:publisher\" content=\"https:\/\/www.facebook.com\/secreteleluilovendal\" \/>\n<meta property=\"article:published_time\" content=\"2021-11-28T20:19:19+00:00\" \/>\n<meta property=\"og:image\" content=\"https:\/\/www.lovendal.ro\/wp52\/wp-content\/uploads\/2021\/11\/Pleiade-Atlantida-Einstein.jpg\" \/>\n\t<meta property=\"og:image:width\" content=\"365\" \/>\n\t<meta property=\"og:image:height\" content=\"264\" \/>\n\t<meta property=\"og:image:type\" content=\"image\/jpeg\" \/>\n<meta name=\"author\" content=\"admin\" \/>\n<meta name=\"twitter:card\" content=\"summary_large_image\" \/>\n<meta name=\"twitter:label1\" content=\"Scris de\" \/>\n\t<meta name=\"twitter:data1\" content=\"admin\" \/>\n\t<meta name=\"twitter:label2\" content=\"Timp estimat pentru citire\" \/>\n\t<meta name=\"twitter:data2\" content=\"1 minut\" \/>\n<script type=\"application\/ld+json\" class=\"yoast-schema-graph\">{\"@context\":\"https:\\\/\\\/schema.org\",\"@graph\":[{\"@type\":\"Article\",\"@id\":\"https:\\\/\\\/www.lovendal.ro\\\/wp52\\\/ce-stia-einstein-despre-presupusul-refugiu-al-atlantilor-in-constelatia-pleiadelor-dupa-ce-continentul-lor-s-ar-fi-prabusit-in-ocean\\\/#article\",\"isPartOf\":{\"@id\":\"https:\\\/\\\/www.lovendal.ro\\\/wp52\\\/ce-stia-einstein-despre-presupusul-refugiu-al-atlantilor-in-constelatia-pleiadelor-dupa-ce-continentul-lor-s-ar-fi-prabusit-in-ocean\\\/\"},\"author\":{\"name\":\"admin\",\"@id\":\"https:\\\/\\\/www.lovendal.ro\\\/wp52\\\/#\\\/schema\\\/person\\\/088691de5dfc346bb0c023e1e52ef5d9\"},\"headline\":\"Ce \u015ftia Einstein despre presupusul refugiu al atlan\u0163ilor \u00een constela\u0163ia Pleiadelor, dup\u0103 ce continentul lor s-ar fi pr\u0103bu\u015fit \u00een ocean?\",\"datePublished\":\"2021-11-28T20:19:19+00:00\",\"mainEntityOfPage\":{\"@id\":\"https:\\\/\\\/www.lovendal.ro\\\/wp52\\\/ce-stia-einstein-despre-presupusul-refugiu-al-atlantilor-in-constelatia-pleiadelor-dupa-ce-continentul-lor-s-ar-fi-prabusit-in-ocean\\\/\"},\"wordCount\":284,\"commentCount\":0,\"publisher\":{\"@id\":\"https:\\\/\\\/www.lovendal.ro\\\/wp52\\\/#organization\"},\"image\":{\"@id\":\"https:\\\/\\\/www.lovendal.ro\\\/wp52\\\/ce-stia-einstein-despre-presupusul-refugiu-al-atlantilor-in-constelatia-pleiadelor-dupa-ce-continentul-lor-s-ar-fi-prabusit-in-ocean\\\/#primaryimage\"},\"thumbnailUrl\":\"https:\\\/\\\/www.lovendal.ro\\\/wp52\\\/wp-content\\\/uploads\\\/2021\\\/11\\\/Pleiade-Atlantida-Einstein.jpg\",\"keywords\":[\"ADN\",\"Atlantida\",\"Conspiratii si Mistere\",\"continent\",\"Einstein\",\"energie\",\"extratere\u015ftri\",\"fizician\",\"ocean\",\"P\u0103m\u00e2nt\",\"Pleiade\",\"spa\u0163iu\",\"teoria relativit\u0103\u0163ii\",\"timp\"],\"articleSection\":[\"Conspiratii si Mistere\"],\"inLanguage\":\"ro-RO\",\"potentialAction\":[{\"@type\":\"CommentAction\",\"name\":\"Comment\",\"target\":[\"https:\\\/\\\/www.lovendal.ro\\\/wp52\\\/ce-stia-einstein-despre-presupusul-refugiu-al-atlantilor-in-constelatia-pleiadelor-dupa-ce-continentul-lor-s-ar-fi-prabusit-in-ocean\\\/#respond\"]}]},{\"@type\":\"WebPage\",\"@id\":\"https:\\\/\\\/www.lovendal.ro\\\/wp52\\\/ce-stia-einstein-despre-presupusul-refugiu-al-atlantilor-in-constelatia-pleiadelor-dupa-ce-continentul-lor-s-ar-fi-prabusit-in-ocean\\\/\",\"url\":\"https:\\\/\\\/www.lovendal.ro\\\/wp52\\\/ce-stia-einstein-despre-presupusul-refugiu-al-atlantilor-in-constelatia-pleiadelor-dupa-ce-continentul-lor-s-ar-fi-prabusit-in-ocean\\\/\",\"name\":\"Ce \u015ftia Einstein despre presupusul refugiu al atlan\u0163ilor \u00een constela\u0163ia Pleiadelor, dup\u0103 ce continentul lor s-ar fi pr\u0103bu\u015fit \u00een ocean? - Secretele lui Lovendal\",\"isPartOf\":{\"@id\":\"https:\\\/\\\/www.lovendal.ro\\\/wp52\\\/#website\"},\"primaryImageOfPage\":{\"@id\":\"https:\\\/\\\/www.lovendal.ro\\\/wp52\\\/ce-stia-einstein-despre-presupusul-refugiu-al-atlantilor-in-constelatia-pleiadelor-dupa-ce-continentul-lor-s-ar-fi-prabusit-in-ocean\\\/#primaryimage\"},\"image\":{\"@id\":\"https:\\\/\\\/www.lovendal.ro\\\/wp52\\\/ce-stia-einstein-despre-presupusul-refugiu-al-atlantilor-in-constelatia-pleiadelor-dupa-ce-continentul-lor-s-ar-fi-prabusit-in-ocean\\\/#primaryimage\"},\"thumbnailUrl\":\"https:\\\/\\\/www.lovendal.ro\\\/wp52\\\/wp-content\\\/uploads\\\/2021\\\/11\\\/Pleiade-Atlantida-Einstein.jpg\",\"datePublished\":\"2021-11-28T20:19:19+00:00\",\"breadcrumb\":{\"@id\":\"https:\\\/\\\/www.lovendal.ro\\\/wp52\\\/ce-stia-einstein-despre-presupusul-refugiu-al-atlantilor-in-constelatia-pleiadelor-dupa-ce-continentul-lor-s-ar-fi-prabusit-in-ocean\\\/#breadcrumb\"},\"inLanguage\":\"ro-RO\",\"potentialAction\":[{\"@type\":\"ReadAction\",\"target\":[\"https:\\\/\\\/www.lovendal.ro\\\/wp52\\\/ce-stia-einstein-despre-presupusul-refugiu-al-atlantilor-in-constelatia-pleiadelor-dupa-ce-continentul-lor-s-ar-fi-prabusit-in-ocean\\\/\"]}]},{\"@type\":\"ImageObject\",\"inLanguage\":\"ro-RO\",\"@id\":\"https:\\\/\\\/www.lovendal.ro\\\/wp52\\\/ce-stia-einstein-despre-presupusul-refugiu-al-atlantilor-in-constelatia-pleiadelor-dupa-ce-continentul-lor-s-ar-fi-prabusit-in-ocean\\\/#primaryimage\",\"url\":\"https:\\\/\\\/www.lovendal.ro\\\/wp52\\\/wp-content\\\/uploads\\\/2021\\\/11\\\/Pleiade-Atlantida-Einstein.jpg\",\"contentUrl\":\"https:\\\/\\\/www.lovendal.ro\\\/wp52\\\/wp-content\\\/uploads\\\/2021\\\/11\\\/Pleiade-Atlantida-Einstein.jpg\",\"width\":365,\"height\":264},{\"@type\":\"BreadcrumbList\",\"@id\":\"https:\\\/\\\/www.lovendal.ro\\\/wp52\\\/ce-stia-einstein-despre-presupusul-refugiu-al-atlantilor-in-constelatia-pleiadelor-dupa-ce-continentul-lor-s-ar-fi-prabusit-in-ocean\\\/#breadcrumb\",\"itemListElement\":[{\"@type\":\"ListItem\",\"position\":1,\"name\":\"Home\",\"item\":\"https:\\\/\\\/www.lovendal.ro\\\/wp52\\\/\"},{\"@type\":\"ListItem\",\"position\":2,\"name\":\"Ce \u015ftia Einstein despre presupusul refugiu al atlan\u0163ilor \u00een constela\u0163ia Pleiadelor, dup\u0103 ce continentul lor s-ar fi pr\u0103bu\u015fit \u00een ocean?\"}]},{\"@type\":\"WebSite\",\"@id\":\"https:\\\/\\\/www.lovendal.ro\\\/wp52\\\/#website\",\"url\":\"https:\\\/\\\/www.lovendal.ro\\\/wp52\\\/\",\"name\":\"Secretele lui Lovendal\",\"description\":\"Site de secrete, stiinta si metafizica - din 2008 -\",\"publisher\":{\"@id\":\"https:\\\/\\\/www.lovendal.ro\\\/wp52\\\/#organization\"},\"potentialAction\":[{\"@type\":\"SearchAction\",\"target\":{\"@type\":\"EntryPoint\",\"urlTemplate\":\"https:\\\/\\\/www.lovendal.ro\\\/wp52\\\/?s={search_term_string}\"},\"query-input\":{\"@type\":\"PropertyValueSpecification\",\"valueRequired\":true,\"valueName\":\"search_term_string\"}}],\"inLanguage\":\"ro-RO\"},{\"@type\":\"Organization\",\"@id\":\"https:\\\/\\\/www.lovendal.ro\\\/wp52\\\/#organization\",\"name\":\"Secretele lui Lovendal\",\"url\":\"https:\\\/\\\/www.lovendal.ro\\\/wp52\\\/\",\"logo\":{\"@type\":\"ImageObject\",\"inLanguage\":\"ro-RO\",\"@id\":\"https:\\\/\\\/www.lovendal.ro\\\/wp52\\\/#\\\/schema\\\/logo\\\/image\\\/\",\"url\":\"https:\\\/\\\/www.lovendal.ro\\\/wp52\\\/wp-content\\\/uploads\\\/2024\\\/06\\\/cropped-SLL-iun-2024-1.jpg\",\"contentUrl\":\"https:\\\/\\\/www.lovendal.ro\\\/wp52\\\/wp-content\\\/uploads\\\/2024\\\/06\\\/cropped-SLL-iun-2024-1.jpg\",\"width\":771,\"height\":240,\"caption\":\"Secretele lui Lovendal\"},\"image\":{\"@id\":\"https:\\\/\\\/www.lovendal.ro\\\/wp52\\\/#\\\/schema\\\/logo\\\/image\\\/\"},\"sameAs\":[\"https:\\\/\\\/www.facebook.com\\\/secreteleluilovendal\"]},{\"@type\":\"Person\",\"@id\":\"https:\\\/\\\/www.lovendal.ro\\\/wp52\\\/#\\\/schema\\\/person\\\/088691de5dfc346bb0c023e1e52ef5d9\",\"name\":\"admin\",\"image\":{\"@type\":\"ImageObject\",\"inLanguage\":\"ro-RO\",\"@id\":\"https:\\\/\\\/secure.gravatar.com\\\/avatar\\\/ecb9cd41f5f63c9c9b989999a59f6e2639a865ec361e9db054db0679a8f341c2?s=96&d=mm&r=g\",\"url\":\"https:\\\/\\\/secure.gravatar.com\\\/avatar\\\/ecb9cd41f5f63c9c9b989999a59f6e2639a865ec361e9db054db0679a8f341c2?s=96&d=mm&r=g\",\"contentUrl\":\"https:\\\/\\\/secure.gravatar.com\\\/avatar\\\/ecb9cd41f5f63c9c9b989999a59f6e2639a865ec361e9db054db0679a8f341c2?s=96&d=mm&r=g\",\"caption\":\"admin\"},\"sameAs\":[\"https:\\\/\\\/www.lovendal.ro\\\/wp52\"]}]}<\/script>\n<!-- \/ Yoast SEO Premium plugin. -->","yoast_head_json":{"title":"Ce \u015ftia Einstein despre presupusul refugiu al atlan\u0163ilor \u00een constela\u0163ia Pleiadelor, dup\u0103 ce continentul lor s-ar fi pr\u0103bu\u015fit \u00een ocean? - Secretele lui Lovendal","robots":{"index":"index","follow":"follow","max-snippet":"max-snippet:-1","max-image-preview":"max-image-preview:large","max-video-preview":"max-video-preview:-1"},"canonical":"https:\/\/www.lovendal.ro\/wp52\/ce-stia-einstein-despre-presupusul-refugiu-al-atlantilor-in-constelatia-pleiadelor-dupa-ce-continentul-lor-s-ar-fi-prabusit-in-ocean\/","og_locale":"ro_RO","og_type":"article","og_title":"Ce \u015ftia Einstein despre presupusul refugiu al atlan\u0163ilor \u00een constela\u0163ia Pleiadelor, dup\u0103 ce continentul lor s-ar fi pr\u0103bu\u015fit \u00een ocean?","og_description":"Se spune c\u0103 \u00een anii &#8217;40, celebrul fizician Einstein ar fi intrat \u00een posesia unor documente care f\u0103ceau trimitere la \u015ftiin\u0163a \u015fi tehnologia atlan\u0163ilor, referitoare la timp \u015fi spa\u0163iu. Einstein ar fi dorit s\u0103 cerceteze enigma atlant\u0103, \u00een speran\u0163a de ... Cititi mai multe","og_url":"https:\/\/www.lovendal.ro\/wp52\/ce-stia-einstein-despre-presupusul-refugiu-al-atlantilor-in-constelatia-pleiadelor-dupa-ce-continentul-lor-s-ar-fi-prabusit-in-ocean\/","og_site_name":"Secretele lui Lovendal","article_publisher":"https:\/\/www.facebook.com\/secreteleluilovendal","article_published_time":"2021-11-28T20:19:19+00:00","og_image":[{"width":365,"height":264,"url":"https:\/\/www.lovendal.ro\/wp52\/wp-content\/uploads\/2021\/11\/Pleiade-Atlantida-Einstein.jpg","type":"image\/jpeg"}],"author":"admin","twitter_card":"summary_large_image","twitter_misc":{"Scris de":"admin","Timp estimat pentru citire":"1 minut"},"schema":{"@context":"https:\/\/schema.org","@graph":[{"@type":"Article","@id":"https:\/\/www.lovendal.ro\/wp52\/ce-stia-einstein-despre-presupusul-refugiu-al-atlantilor-in-constelatia-pleiadelor-dupa-ce-continentul-lor-s-ar-fi-prabusit-in-ocean\/#article","isPartOf":{"@id":"https:\/\/www.lovendal.ro\/wp52\/ce-stia-einstein-despre-presupusul-refugiu-al-atlantilor-in-constelatia-pleiadelor-dupa-ce-continentul-lor-s-ar-fi-prabusit-in-ocean\/"},"author":{"name":"admin","@id":"https:\/\/www.lovendal.ro\/wp52\/#\/schema\/person\/088691de5dfc346bb0c023e1e52ef5d9"},"headline":"Ce \u015ftia Einstein despre presupusul refugiu al atlan\u0163ilor \u00een constela\u0163ia Pleiadelor, dup\u0103 ce continentul lor s-ar fi pr\u0103bu\u015fit \u00een ocean?","datePublished":"2021-11-28T20:19:19+00:00","mainEntityOfPage":{"@id":"https:\/\/www.lovendal.ro\/wp52\/ce-stia-einstein-despre-presupusul-refugiu-al-atlantilor-in-constelatia-pleiadelor-dupa-ce-continentul-lor-s-ar-fi-prabusit-in-ocean\/"},"wordCount":284,"commentCount":0,"publisher":{"@id":"https:\/\/www.lovendal.ro\/wp52\/#organization"},"image":{"@id":"https:\/\/www.lovendal.ro\/wp52\/ce-stia-einstein-despre-presupusul-refugiu-al-atlantilor-in-constelatia-pleiadelor-dupa-ce-continentul-lor-s-ar-fi-prabusit-in-ocean\/#primaryimage"},"thumbnailUrl":"https:\/\/www.lovendal.ro\/wp52\/wp-content\/uploads\/2021\/11\/Pleiade-Atlantida-Einstein.jpg","keywords":["ADN","Atlantida","Conspiratii si Mistere","continent","Einstein","energie","extratere\u015ftri","fizician","ocean","P\u0103m\u00e2nt","Pleiade","spa\u0163iu","teoria relativit\u0103\u0163ii","timp"],"articleSection":["Conspiratii si Mistere"],"inLanguage":"ro-RO","potentialAction":[{"@type":"CommentAction","name":"Comment","target":["https:\/\/www.lovendal.ro\/wp52\/ce-stia-einstein-despre-presupusul-refugiu-al-atlantilor-in-constelatia-pleiadelor-dupa-ce-continentul-lor-s-ar-fi-prabusit-in-ocean\/#respond"]}]},{"@type":"WebPage","@id":"https:\/\/www.lovendal.ro\/wp52\/ce-stia-einstein-despre-presupusul-refugiu-al-atlantilor-in-constelatia-pleiadelor-dupa-ce-continentul-lor-s-ar-fi-prabusit-in-ocean\/","url":"https:\/\/www.lovendal.ro\/wp52\/ce-stia-einstein-despre-presupusul-refugiu-al-atlantilor-in-constelatia-pleiadelor-dupa-ce-continentul-lor-s-ar-fi-prabusit-in-ocean\/","name":"Ce \u015ftia Einstein despre presupusul refugiu al atlan\u0163ilor \u00een constela\u0163ia Pleiadelor, dup\u0103 ce continentul lor s-ar fi pr\u0103bu\u015fit \u00een ocean? - Secretele lui Lovendal","isPartOf":{"@id":"https:\/\/www.lovendal.ro\/wp52\/#website"},"primaryImageOfPage":{"@id":"https:\/\/www.lovendal.ro\/wp52\/ce-stia-einstein-despre-presupusul-refugiu-al-atlantilor-in-constelatia-pleiadelor-dupa-ce-continentul-lor-s-ar-fi-prabusit-in-ocean\/#primaryimage"},"image":{"@id":"https:\/\/www.lovendal.ro\/wp52\/ce-stia-einstein-despre-presupusul-refugiu-al-atlantilor-in-constelatia-pleiadelor-dupa-ce-continentul-lor-s-ar-fi-prabusit-in-ocean\/#primaryimage"},"thumbnailUrl":"https:\/\/www.lovendal.ro\/wp52\/wp-content\/uploads\/2021\/11\/Pleiade-Atlantida-Einstein.jpg","datePublished":"2021-11-28T20:19:19+00:00","breadcrumb":{"@id":"https:\/\/www.lovendal.ro\/wp52\/ce-stia-einstein-despre-presupusul-refugiu-al-atlantilor-in-constelatia-pleiadelor-dupa-ce-continentul-lor-s-ar-fi-prabusit-in-ocean\/#breadcrumb"},"inLanguage":"ro-RO","potentialAction":[{"@type":"ReadAction","target":["https:\/\/www.lovendal.ro\/wp52\/ce-stia-einstein-despre-presupusul-refugiu-al-atlantilor-in-constelatia-pleiadelor-dupa-ce-continentul-lor-s-ar-fi-prabusit-in-ocean\/"]}]},{"@type":"ImageObject","inLanguage":"ro-RO","@id":"https:\/\/www.lovendal.ro\/wp52\/ce-stia-einstein-despre-presupusul-refugiu-al-atlantilor-in-constelatia-pleiadelor-dupa-ce-continentul-lor-s-ar-fi-prabusit-in-ocean\/#primaryimage","url":"https:\/\/www.lovendal.ro\/wp52\/wp-content\/uploads\/2021\/11\/Pleiade-Atlantida-Einstein.jpg","contentUrl":"https:\/\/www.lovendal.ro\/wp52\/wp-content\/uploads\/2021\/11\/Pleiade-Atlantida-Einstein.jpg","width":365,"height":264},{"@type":"BreadcrumbList","@id":"https:\/\/www.lovendal.ro\/wp52\/ce-stia-einstein-despre-presupusul-refugiu-al-atlantilor-in-constelatia-pleiadelor-dupa-ce-continentul-lor-s-ar-fi-prabusit-in-ocean\/#breadcrumb","itemListElement":[{"@type":"ListItem","position":1,"name":"Home","item":"https:\/\/www.lovendal.ro\/wp52\/"},{"@type":"ListItem","position":2,"name":"Ce \u015ftia Einstein despre presupusul refugiu al atlan\u0163ilor \u00een constela\u0163ia Pleiadelor, dup\u0103 ce continentul lor s-ar fi pr\u0103bu\u015fit \u00een ocean?"}]},{"@type":"WebSite","@id":"https:\/\/www.lovendal.ro\/wp52\/#website","url":"https:\/\/www.lovendal.ro\/wp52\/","name":"Secretele lui Lovendal","description":"Site de secrete, stiinta si metafizica - din 2008 -","publisher":{"@id":"https:\/\/www.lovendal.ro\/wp52\/#organization"},"potentialAction":[{"@type":"SearchAction","target":{"@type":"EntryPoint","urlTemplate":"https:\/\/www.lovendal.ro\/wp52\/?s={search_term_string}"},"query-input":{"@type":"PropertyValueSpecification","valueRequired":true,"valueName":"search_term_string"}}],"inLanguage":"ro-RO"},{"@type":"Organization","@id":"https:\/\/www.lovendal.ro\/wp52\/#organization","name":"Secretele lui Lovendal","url":"https:\/\/www.lovendal.ro\/wp52\/","logo":{"@type":"ImageObject","inLanguage":"ro-RO","@id":"https:\/\/www.lovendal.ro\/wp52\/#\/schema\/logo\/image\/","url":"https:\/\/www.lovendal.ro\/wp52\/wp-content\/uploads\/2024\/06\/cropped-SLL-iun-2024-1.jpg","contentUrl":"https:\/\/www.lovendal.ro\/wp52\/wp-content\/uploads\/2024\/06\/cropped-SLL-iun-2024-1.jpg","width":771,"height":240,"caption":"Secretele lui Lovendal"},"image":{"@id":"https:\/\/www.lovendal.ro\/wp52\/#\/schema\/logo\/image\/"},"sameAs":["https:\/\/www.facebook.com\/secreteleluilovendal"]},{"@type":"Person","@id":"https:\/\/www.lovendal.ro\/wp52\/#\/schema\/person\/088691de5dfc346bb0c023e1e52ef5d9","name":"admin","image":{"@type":"ImageObject","inLanguage":"ro-RO","@id":"https:\/\/secure.gravatar.com\/avatar\/ecb9cd41f5f63c9c9b989999a59f6e2639a865ec361e9db054db0679a8f341c2?s=96&d=mm&r=g","url":"https:\/\/secure.gravatar.com\/avatar\/ecb9cd41f5f63c9c9b989999a59f6e2639a865ec361e9db054db0679a8f341c2?s=96&d=mm&r=g","contentUrl":"https:\/\/secure.gravatar.com\/avatar\/ecb9cd41f5f63c9c9b989999a59f6e2639a865ec361e9db054db0679a8f341c2?s=96&d=mm&r=g","caption":"admin"},"sameAs":["https:\/\/www.lovendal.ro\/wp52"]}]}},"_links":{"self":[{"href":"https:\/\/www.lovendal.ro\/wp52\/wp-json\/wp\/v2\/posts\/78311","targetHints":{"allow":["GET"]}}],"collection":[{"href":"https:\/\/www.lovendal.ro\/wp52\/wp-json\/wp\/v2\/posts"}],"about":[{"href":"https:\/\/www.lovendal.ro\/wp52\/wp-json\/wp\/v2\/types\/post"}],"author":[{"embeddable":true,"href":"https:\/\/www.lovendal.ro\/wp52\/wp-json\/wp\/v2\/users\/1"}],"replies":[{"embeddable":true,"href":"https:\/\/www.lovendal.ro\/wp52\/wp-json\/wp\/v2\/comments?post=78311"}],"version-history":[{"count":0,"href":"https:\/\/www.lovendal.ro\/wp52\/wp-json\/wp\/v2\/posts\/78311\/revisions"}],"wp:featuredmedia":[{"embeddable":true,"href":"https:\/\/www.lovendal.ro\/wp52\/wp-json\/wp\/v2\/media\/78312"}],"wp:attachment":[{"href":"https:\/\/www.lovendal.ro\/wp52\/wp-json\/wp\/v2\/media?parent=78311"}],"wp:term":[{"taxonomy":"category","embeddable":true,"href":"https:\/\/www.lovendal.ro\/wp52\/wp-json\/wp\/v2\/categories?post=78311"},{"taxonomy":"post_tag","embeddable":true,"href":"https:\/\/www.lovendal.ro\/wp52\/wp-json\/wp\/v2\/tags?post=78311"}],"curies":[{"name":"wp","href":"https:\/\/api.w.org\/{rel}","templated":true}]}}