{"id":7812,"date":"2009-09-23T14:53:20","date_gmt":"2009-09-23T11:53:20","guid":{"rendered":"http:\/\/www.lovendal.net\/wp52\/?p=7812"},"modified":"2009-09-23T14:53:47","modified_gmt":"2009-09-23T11:53:47","slug":"razbunarea-unui-avocat-pe-regele-frantei-francisc-i-care-s-a-culcat-cu-sotia-sa","status":"publish","type":"post","link":"https:\/\/www.lovendal.ro\/wp52\/razbunarea-unui-avocat-pe-regele-frantei-francisc-i-care-s-a-culcat-cu-sotia-sa\/","title":{"rendered":"R\u0103zbunarea unui avocat pe regele Fran\u0163ei, Francisc I, care s-a culcat cu so\u0163ia sa"},"content":{"rendered":"<p><em><a href=\"https:\/\/www.lovendal.ro\/wp52\/wp-content\/uploads\/2009\/09\/francisc-i-al-frantei.jpg\"><img loading=\"lazy\" decoding=\"async\" class=\"alignleft size-full wp-image-7813\" title=\"francisc-i-al-frantei\" src=\"https:\/\/www.lovendal.ro\/wp52\/wp-content\/uploads\/2009\/09\/francisc-i-al-frantei.jpg\" alt=\"francisc-i-al-frantei\" width=\"294\" height=\"276\" srcset=\"https:\/\/www.lovendal.ro\/wp52\/wp-content\/uploads\/2009\/09\/francisc-i-al-frantei.jpg 314w, https:\/\/www.lovendal.ro\/wp52\/wp-content\/uploads\/2009\/09\/francisc-i-al-frantei-300x281.jpg 300w\" sizes=\"auto, (max-width: 294px) 100vw, 294px\" \/><\/a>&#8222;Mi-am tr\u0103it traiul, \u015fi acum, c\u00e2nd \u015ftiu c\u0103 las drept succesor un prin\u0163 at\u00e2t de \u00een\u0163elept cum sunte\u0163i, mor ca omul cel mai mul\u0163umit din lume&#8221;,<\/em> i-a spus regele Fran\u0163ei, Francisc I, fiului s\u0103u, viitorul Henric al II-lea; ultimele cuvinte le-a adresat \u00eens\u0103 Creatorului \u00een fa\u0163a c\u0103ruia urma s\u0103 se \u00eenf\u0103\u0163i\u015feze: <em>&#8222;\u00ce\u0163i \u00eencredin\u0163ez sufletul meu.&#8221;<\/em><\/p>\n<p>Moartea lui Francisc I a devenit subiect de legend\u0103: regele ar fi murit de sifilis, \u00eentr-o duhoare \u00eenfior\u0103toare. Aventura este dramatic\u0103, dac\u0103 vre\u0163i&#8230; Regele o curta pe so\u0163ia unui avocat parizian, Perron, supranumit\u0103 &#8222;Frumoasa Fier\u0103ri\u0163\u0103&#8221; care, departe de a r\u0103spunde avansurilor sale, \u00eel respingea invariabil. Curtenii l-au sf\u0103tuit pe rege s\u0103-i arate insolentei de partea cui e puterea \u015fi unul din ei s-a dus s\u0103 o amenin\u0163e. Tem\u00e2ndu-se de consecin\u0163ele nepl\u0103cute ale virtu\u0163ii so\u0163iei sale, so\u0163ul \u00eei acord\u0103 acesteia permisiunea s\u0103-l \u00een\u015fele.<\/p>\n<p>Pref\u0103c\u00e2ndu-se c\u0103 pleac\u0103 \u00een provincie cu treburi pentru vreo opt-zece zile, avocatul r\u0103mase de fapt la Paris \u015fi umbl\u0103 din bordel \u00een bordel, \u00eencerc\u00e2nd s\u0103 capete &#8222;boala napolitan\u0103&#8221;. O contract\u0103 \u015fi-\u015fi molipsi so\u0163ia, care transmise boala \u015fi regelui. Avocatul \u015fi Frumoasa Fier\u0103ri\u0163\u0103 se tratar\u0103 imediat \u015fi se vindecar\u0103. Regele \u00eens\u0103, neglij\u00e2nd boala, ale c\u0103rei prime simptome ap\u0103rur\u0103 \u00een 1539, muri dup\u0103 opt ani.<\/p>\n<p>A\u015fa spune povestea rocambolesc\u0103 ap\u0103rut\u0103 \u00een 1601, la cincizeci \u015fi patru de ani de la moartea regelui, de sub pana unui medic din Uzerche, Guyon. Aceast\u0103 poveste era inspirat\u0103 de o fraz\u0103 a lui Brantome, care punea moartea lui Francisc I pe seama sifilisului, \u015fi de o nuvel\u0103 din <strong>L&#8217;Heptameron<\/strong>, \u00een care Margareta de Navarra poveste\u015fte aventura de tinere\u0163e a fratelui ei cu so\u0163ia unui avocat, Disomme. Toate acestea, garnisite cu o imagina\u0163ie bogat\u0103&#8230;<\/p>\n<p>Oric\u00e2t ar fi de atr\u0103g\u0103toare ideea c\u0103 regele a murit pedepsit pentru n\u0103ravurile sale, cert este c\u0103 fistula de care regele suferea de opt ani \u015fi de la care i s-a tras \u015fi moartea era consecin\u0163a unei boli venerice prost tratate.<\/p>\n","protected":false},"excerpt":{"rendered":"<p>&#8222;Mi-am tr\u0103it traiul, \u015fi acum, c\u00e2nd \u015ftiu c\u0103 las drept succesor un prin\u0163 at\u00e2t de \u00een\u0163elept cum sunte\u0163i, mor ca omul cel mai mul\u0163umit din lume&#8221;, i-a spus regele Fran\u0163ei, Francisc I, fiului s\u0103u, viitorul Henric al II-lea; ultimele cuvinte &#8230; <\/p>\n<p class=\"read-more-container\"><a title=\"R\u0103zbunarea unui avocat pe regele Fran\u0163ei, Francisc I, care s-a culcat cu so\u0163ia sa\" class=\"read-more button\" href=\"https:\/\/www.lovendal.ro\/wp52\/razbunarea-unui-avocat-pe-regele-frantei-francisc-i-care-s-a-culcat-cu-sotia-sa\/#more-7812\" aria-label=\"Cite\u0219te mai multe despre R\u0103zbunarea unui avocat pe regele Fran\u0163ei, Francisc I, care s-a culcat cu so\u0163ia sa\">Cititi mai multe<\/a><\/p>\n","protected":false},"author":1,"featured_media":7813,"comment_status":"open","ping_status":"closed","sticky":false,"template":"","format":"standard","meta":{"footnotes":""},"categories":[9],"tags":[1091,2211,202,1532,108,453,169],"class_list":["post-7812","post","type-post","status-publish","format-standard","has-post-thumbnail","hentry","category-istorie","tag-avocat","tag-francisc-i-al-frantei","tag-franta","tag-istorie-si-civilizatii","tag-moarte","tag-rege","tag-sifilis","resize-featured-image"],"yoast_head":"<!-- This site is optimized with the Yoast SEO Premium plugin v23.3 (Yoast SEO v27.4) - https:\/\/yoast.com\/product\/yoast-seo-premium-wordpress\/ -->\n<title>R\u0103zbunarea unui avocat pe regele Fran\u0163ei, Francisc I, care s-a culcat cu so\u0163ia sa - Secretele lui Lovendal<\/title>\n<meta name=\"robots\" content=\"index, follow, max-snippet:-1, max-image-preview:large, max-video-preview:-1\" \/>\n<link rel=\"canonical\" href=\"https:\/\/www.lovendal.ro\/wp52\/razbunarea-unui-avocat-pe-regele-frantei-francisc-i-care-s-a-culcat-cu-sotia-sa\/\" \/>\n<meta property=\"og:locale\" content=\"ro_RO\" \/>\n<meta property=\"og:type\" content=\"article\" \/>\n<meta property=\"og:title\" content=\"R\u0103zbunarea unui avocat pe regele Fran\u0163ei, Francisc I, care s-a culcat cu so\u0163ia sa\" \/>\n<meta property=\"og:description\" content=\"&#8222;Mi-am tr\u0103it traiul, \u015fi acum, c\u00e2nd \u015ftiu c\u0103 las drept succesor un prin\u0163 at\u00e2t de \u00een\u0163elept cum sunte\u0163i, mor ca omul cel mai mul\u0163umit din lume&#8221;, i-a spus regele Fran\u0163ei, Francisc I, fiului s\u0103u, viitorul Henric al II-lea; ultimele cuvinte ... Cititi mai multe\" \/>\n<meta property=\"og:url\" content=\"https:\/\/www.lovendal.ro\/wp52\/razbunarea-unui-avocat-pe-regele-frantei-francisc-i-care-s-a-culcat-cu-sotia-sa\/\" \/>\n<meta property=\"og:site_name\" content=\"Secretele lui Lovendal\" \/>\n<meta property=\"article:publisher\" content=\"https:\/\/www.facebook.com\/secreteleluilovendal\" \/>\n<meta property=\"article:published_time\" content=\"2009-09-23T11:53:20+00:00\" \/>\n<meta property=\"article:modified_time\" content=\"2009-09-23T11:53:47+00:00\" \/>\n<meta property=\"og:image\" content=\"https:\/\/www.lovendal.ro\/wp52\/wp-content\/uploads\/2009\/09\/francisc-i-al-frantei.jpg\" \/>\n\t<meta property=\"og:image:width\" content=\"314\" \/>\n\t<meta property=\"og:image:height\" content=\"295\" \/>\n\t<meta property=\"og:image:type\" content=\"image\/jpeg\" \/>\n<meta name=\"author\" content=\"admin\" \/>\n<meta name=\"twitter:card\" content=\"summary_large_image\" \/>\n<meta name=\"twitter:label1\" content=\"Scris de\" \/>\n\t<meta name=\"twitter:data1\" content=\"admin\" \/>\n\t<meta name=\"twitter:label2\" content=\"Timp estimat pentru citire\" \/>\n\t<meta name=\"twitter:data2\" content=\"2 minute\" \/>\n<script type=\"application\/ld+json\" class=\"yoast-schema-graph\">{\"@context\":\"https:\\\/\\\/schema.org\",\"@graph\":[{\"@type\":\"Article\",\"@id\":\"https:\\\/\\\/www.lovendal.ro\\\/wp52\\\/razbunarea-unui-avocat-pe-regele-frantei-francisc-i-care-s-a-culcat-cu-sotia-sa\\\/#article\",\"isPartOf\":{\"@id\":\"https:\\\/\\\/www.lovendal.ro\\\/wp52\\\/razbunarea-unui-avocat-pe-regele-frantei-francisc-i-care-s-a-culcat-cu-sotia-sa\\\/\"},\"author\":{\"name\":\"admin\",\"@id\":\"https:\\\/\\\/www.lovendal.ro\\\/wp52\\\/#\\\/schema\\\/person\\\/088691de5dfc346bb0c023e1e52ef5d9\"},\"headline\":\"R\u0103zbunarea unui avocat pe regele Fran\u0163ei, Francisc I, care s-a culcat cu so\u0163ia sa\",\"datePublished\":\"2009-09-23T11:53:20+00:00\",\"dateModified\":\"2009-09-23T11:53:47+00:00\",\"mainEntityOfPage\":{\"@id\":\"https:\\\/\\\/www.lovendal.ro\\\/wp52\\\/razbunarea-unui-avocat-pe-regele-frantei-francisc-i-care-s-a-culcat-cu-sotia-sa\\\/\"},\"wordCount\":381,\"commentCount\":3,\"publisher\":{\"@id\":\"https:\\\/\\\/www.lovendal.ro\\\/wp52\\\/#organization\"},\"image\":{\"@id\":\"https:\\\/\\\/www.lovendal.ro\\\/wp52\\\/razbunarea-unui-avocat-pe-regele-frantei-francisc-i-care-s-a-culcat-cu-sotia-sa\\\/#primaryimage\"},\"thumbnailUrl\":\"https:\\\/\\\/www.lovendal.ro\\\/wp52\\\/wp-content\\\/uploads\\\/2009\\\/09\\\/francisc-i-al-frantei.jpg\",\"keywords\":[\"avocat\",\"Francisc I al Fran\u0163ei\",\"Fran\u0163a\",\"Istorie si Civilizatii\",\"moarte\",\"rege\",\"sifilis\"],\"articleSection\":[\"Istorie si Civilizatii\"],\"inLanguage\":\"ro-RO\",\"potentialAction\":[{\"@type\":\"CommentAction\",\"name\":\"Comment\",\"target\":[\"https:\\\/\\\/www.lovendal.ro\\\/wp52\\\/razbunarea-unui-avocat-pe-regele-frantei-francisc-i-care-s-a-culcat-cu-sotia-sa\\\/#respond\"]}]},{\"@type\":\"WebPage\",\"@id\":\"https:\\\/\\\/www.lovendal.ro\\\/wp52\\\/razbunarea-unui-avocat-pe-regele-frantei-francisc-i-care-s-a-culcat-cu-sotia-sa\\\/\",\"url\":\"https:\\\/\\\/www.lovendal.ro\\\/wp52\\\/razbunarea-unui-avocat-pe-regele-frantei-francisc-i-care-s-a-culcat-cu-sotia-sa\\\/\",\"name\":\"R\u0103zbunarea unui avocat pe regele Fran\u0163ei, Francisc I, care s-a culcat cu so\u0163ia sa - Secretele lui Lovendal\",\"isPartOf\":{\"@id\":\"https:\\\/\\\/www.lovendal.ro\\\/wp52\\\/#website\"},\"primaryImageOfPage\":{\"@id\":\"https:\\\/\\\/www.lovendal.ro\\\/wp52\\\/razbunarea-unui-avocat-pe-regele-frantei-francisc-i-care-s-a-culcat-cu-sotia-sa\\\/#primaryimage\"},\"image\":{\"@id\":\"https:\\\/\\\/www.lovendal.ro\\\/wp52\\\/razbunarea-unui-avocat-pe-regele-frantei-francisc-i-care-s-a-culcat-cu-sotia-sa\\\/#primaryimage\"},\"thumbnailUrl\":\"https:\\\/\\\/www.lovendal.ro\\\/wp52\\\/wp-content\\\/uploads\\\/2009\\\/09\\\/francisc-i-al-frantei.jpg\",\"datePublished\":\"2009-09-23T11:53:20+00:00\",\"dateModified\":\"2009-09-23T11:53:47+00:00\",\"breadcrumb\":{\"@id\":\"https:\\\/\\\/www.lovendal.ro\\\/wp52\\\/razbunarea-unui-avocat-pe-regele-frantei-francisc-i-care-s-a-culcat-cu-sotia-sa\\\/#breadcrumb\"},\"inLanguage\":\"ro-RO\",\"potentialAction\":[{\"@type\":\"ReadAction\",\"target\":[\"https:\\\/\\\/www.lovendal.ro\\\/wp52\\\/razbunarea-unui-avocat-pe-regele-frantei-francisc-i-care-s-a-culcat-cu-sotia-sa\\\/\"]}]},{\"@type\":\"ImageObject\",\"inLanguage\":\"ro-RO\",\"@id\":\"https:\\\/\\\/www.lovendal.ro\\\/wp52\\\/razbunarea-unui-avocat-pe-regele-frantei-francisc-i-care-s-a-culcat-cu-sotia-sa\\\/#primaryimage\",\"url\":\"https:\\\/\\\/www.lovendal.ro\\\/wp52\\\/wp-content\\\/uploads\\\/2009\\\/09\\\/francisc-i-al-frantei.jpg\",\"contentUrl\":\"https:\\\/\\\/www.lovendal.ro\\\/wp52\\\/wp-content\\\/uploads\\\/2009\\\/09\\\/francisc-i-al-frantei.jpg\",\"width\":\"314\",\"height\":\"295\"},{\"@type\":\"BreadcrumbList\",\"@id\":\"https:\\\/\\\/www.lovendal.ro\\\/wp52\\\/razbunarea-unui-avocat-pe-regele-frantei-francisc-i-care-s-a-culcat-cu-sotia-sa\\\/#breadcrumb\",\"itemListElement\":[{\"@type\":\"ListItem\",\"position\":1,\"name\":\"Home\",\"item\":\"https:\\\/\\\/www.lovendal.ro\\\/wp52\\\/\"},{\"@type\":\"ListItem\",\"position\":2,\"name\":\"R\u0103zbunarea unui avocat pe regele Fran\u0163ei, Francisc I, care s-a culcat cu so\u0163ia sa\"}]},{\"@type\":\"WebSite\",\"@id\":\"https:\\\/\\\/www.lovendal.ro\\\/wp52\\\/#website\",\"url\":\"https:\\\/\\\/www.lovendal.ro\\\/wp52\\\/\",\"name\":\"Secretele lui Lovendal\",\"description\":\"Site de secrete, stiinta si metafizica - din 2008 -\",\"publisher\":{\"@id\":\"https:\\\/\\\/www.lovendal.ro\\\/wp52\\\/#organization\"},\"potentialAction\":[{\"@type\":\"SearchAction\",\"target\":{\"@type\":\"EntryPoint\",\"urlTemplate\":\"https:\\\/\\\/www.lovendal.ro\\\/wp52\\\/?s={search_term_string}\"},\"query-input\":{\"@type\":\"PropertyValueSpecification\",\"valueRequired\":true,\"valueName\":\"search_term_string\"}}],\"inLanguage\":\"ro-RO\"},{\"@type\":\"Organization\",\"@id\":\"https:\\\/\\\/www.lovendal.ro\\\/wp52\\\/#organization\",\"name\":\"Secretele lui Lovendal\",\"url\":\"https:\\\/\\\/www.lovendal.ro\\\/wp52\\\/\",\"logo\":{\"@type\":\"ImageObject\",\"inLanguage\":\"ro-RO\",\"@id\":\"https:\\\/\\\/www.lovendal.ro\\\/wp52\\\/#\\\/schema\\\/logo\\\/image\\\/\",\"url\":\"https:\\\/\\\/www.lovendal.ro\\\/wp52\\\/wp-content\\\/uploads\\\/2024\\\/06\\\/cropped-SLL-iun-2024-1.jpg\",\"contentUrl\":\"https:\\\/\\\/www.lovendal.ro\\\/wp52\\\/wp-content\\\/uploads\\\/2024\\\/06\\\/cropped-SLL-iun-2024-1.jpg\",\"width\":771,\"height\":240,\"caption\":\"Secretele lui Lovendal\"},\"image\":{\"@id\":\"https:\\\/\\\/www.lovendal.ro\\\/wp52\\\/#\\\/schema\\\/logo\\\/image\\\/\"},\"sameAs\":[\"https:\\\/\\\/www.facebook.com\\\/secreteleluilovendal\"]},{\"@type\":\"Person\",\"@id\":\"https:\\\/\\\/www.lovendal.ro\\\/wp52\\\/#\\\/schema\\\/person\\\/088691de5dfc346bb0c023e1e52ef5d9\",\"name\":\"admin\",\"image\":{\"@type\":\"ImageObject\",\"inLanguage\":\"ro-RO\",\"@id\":\"https:\\\/\\\/secure.gravatar.com\\\/avatar\\\/ecb9cd41f5f63c9c9b989999a59f6e2639a865ec361e9db054db0679a8f341c2?s=96&d=mm&r=g\",\"url\":\"https:\\\/\\\/secure.gravatar.com\\\/avatar\\\/ecb9cd41f5f63c9c9b989999a59f6e2639a865ec361e9db054db0679a8f341c2?s=96&d=mm&r=g\",\"contentUrl\":\"https:\\\/\\\/secure.gravatar.com\\\/avatar\\\/ecb9cd41f5f63c9c9b989999a59f6e2639a865ec361e9db054db0679a8f341c2?s=96&d=mm&r=g\",\"caption\":\"admin\"},\"sameAs\":[\"https:\\\/\\\/www.lovendal.ro\\\/wp52\"]}]}<\/script>\n<!-- \/ Yoast SEO Premium plugin. -->","yoast_head_json":{"title":"R\u0103zbunarea unui avocat pe regele Fran\u0163ei, Francisc I, care s-a culcat cu so\u0163ia sa - Secretele lui Lovendal","robots":{"index":"index","follow":"follow","max-snippet":"max-snippet:-1","max-image-preview":"max-image-preview:large","max-video-preview":"max-video-preview:-1"},"canonical":"https:\/\/www.lovendal.ro\/wp52\/razbunarea-unui-avocat-pe-regele-frantei-francisc-i-care-s-a-culcat-cu-sotia-sa\/","og_locale":"ro_RO","og_type":"article","og_title":"R\u0103zbunarea unui avocat pe regele Fran\u0163ei, Francisc I, care s-a culcat cu so\u0163ia sa","og_description":"&#8222;Mi-am tr\u0103it traiul, \u015fi acum, c\u00e2nd \u015ftiu c\u0103 las drept succesor un prin\u0163 at\u00e2t de \u00een\u0163elept cum sunte\u0163i, mor ca omul cel mai mul\u0163umit din lume&#8221;, i-a spus regele Fran\u0163ei, Francisc I, fiului s\u0103u, viitorul Henric al II-lea; ultimele cuvinte ... Cititi mai multe","og_url":"https:\/\/www.lovendal.ro\/wp52\/razbunarea-unui-avocat-pe-regele-frantei-francisc-i-care-s-a-culcat-cu-sotia-sa\/","og_site_name":"Secretele lui Lovendal","article_publisher":"https:\/\/www.facebook.com\/secreteleluilovendal","article_published_time":"2009-09-23T11:53:20+00:00","article_modified_time":"2009-09-23T11:53:47+00:00","og_image":[{"width":314,"height":295,"url":"https:\/\/www.lovendal.ro\/wp52\/wp-content\/uploads\/2009\/09\/francisc-i-al-frantei.jpg","type":"image\/jpeg"}],"author":"admin","twitter_card":"summary_large_image","twitter_misc":{"Scris de":"admin","Timp estimat pentru citire":"2 minute"},"schema":{"@context":"https:\/\/schema.org","@graph":[{"@type":"Article","@id":"https:\/\/www.lovendal.ro\/wp52\/razbunarea-unui-avocat-pe-regele-frantei-francisc-i-care-s-a-culcat-cu-sotia-sa\/#article","isPartOf":{"@id":"https:\/\/www.lovendal.ro\/wp52\/razbunarea-unui-avocat-pe-regele-frantei-francisc-i-care-s-a-culcat-cu-sotia-sa\/"},"author":{"name":"admin","@id":"https:\/\/www.lovendal.ro\/wp52\/#\/schema\/person\/088691de5dfc346bb0c023e1e52ef5d9"},"headline":"R\u0103zbunarea unui avocat pe regele Fran\u0163ei, Francisc I, care s-a culcat cu so\u0163ia sa","datePublished":"2009-09-23T11:53:20+00:00","dateModified":"2009-09-23T11:53:47+00:00","mainEntityOfPage":{"@id":"https:\/\/www.lovendal.ro\/wp52\/razbunarea-unui-avocat-pe-regele-frantei-francisc-i-care-s-a-culcat-cu-sotia-sa\/"},"wordCount":381,"commentCount":3,"publisher":{"@id":"https:\/\/www.lovendal.ro\/wp52\/#organization"},"image":{"@id":"https:\/\/www.lovendal.ro\/wp52\/razbunarea-unui-avocat-pe-regele-frantei-francisc-i-care-s-a-culcat-cu-sotia-sa\/#primaryimage"},"thumbnailUrl":"https:\/\/www.lovendal.ro\/wp52\/wp-content\/uploads\/2009\/09\/francisc-i-al-frantei.jpg","keywords":["avocat","Francisc I al Fran\u0163ei","Fran\u0163a","Istorie si Civilizatii","moarte","rege","sifilis"],"articleSection":["Istorie si Civilizatii"],"inLanguage":"ro-RO","potentialAction":[{"@type":"CommentAction","name":"Comment","target":["https:\/\/www.lovendal.ro\/wp52\/razbunarea-unui-avocat-pe-regele-frantei-francisc-i-care-s-a-culcat-cu-sotia-sa\/#respond"]}]},{"@type":"WebPage","@id":"https:\/\/www.lovendal.ro\/wp52\/razbunarea-unui-avocat-pe-regele-frantei-francisc-i-care-s-a-culcat-cu-sotia-sa\/","url":"https:\/\/www.lovendal.ro\/wp52\/razbunarea-unui-avocat-pe-regele-frantei-francisc-i-care-s-a-culcat-cu-sotia-sa\/","name":"R\u0103zbunarea unui avocat pe regele Fran\u0163ei, Francisc I, care s-a culcat cu so\u0163ia sa - Secretele lui Lovendal","isPartOf":{"@id":"https:\/\/www.lovendal.ro\/wp52\/#website"},"primaryImageOfPage":{"@id":"https:\/\/www.lovendal.ro\/wp52\/razbunarea-unui-avocat-pe-regele-frantei-francisc-i-care-s-a-culcat-cu-sotia-sa\/#primaryimage"},"image":{"@id":"https:\/\/www.lovendal.ro\/wp52\/razbunarea-unui-avocat-pe-regele-frantei-francisc-i-care-s-a-culcat-cu-sotia-sa\/#primaryimage"},"thumbnailUrl":"https:\/\/www.lovendal.ro\/wp52\/wp-content\/uploads\/2009\/09\/francisc-i-al-frantei.jpg","datePublished":"2009-09-23T11:53:20+00:00","dateModified":"2009-09-23T11:53:47+00:00","breadcrumb":{"@id":"https:\/\/www.lovendal.ro\/wp52\/razbunarea-unui-avocat-pe-regele-frantei-francisc-i-care-s-a-culcat-cu-sotia-sa\/#breadcrumb"},"inLanguage":"ro-RO","potentialAction":[{"@type":"ReadAction","target":["https:\/\/www.lovendal.ro\/wp52\/razbunarea-unui-avocat-pe-regele-frantei-francisc-i-care-s-a-culcat-cu-sotia-sa\/"]}]},{"@type":"ImageObject","inLanguage":"ro-RO","@id":"https:\/\/www.lovendal.ro\/wp52\/razbunarea-unui-avocat-pe-regele-frantei-francisc-i-care-s-a-culcat-cu-sotia-sa\/#primaryimage","url":"https:\/\/www.lovendal.ro\/wp52\/wp-content\/uploads\/2009\/09\/francisc-i-al-frantei.jpg","contentUrl":"https:\/\/www.lovendal.ro\/wp52\/wp-content\/uploads\/2009\/09\/francisc-i-al-frantei.jpg","width":"314","height":"295"},{"@type":"BreadcrumbList","@id":"https:\/\/www.lovendal.ro\/wp52\/razbunarea-unui-avocat-pe-regele-frantei-francisc-i-care-s-a-culcat-cu-sotia-sa\/#breadcrumb","itemListElement":[{"@type":"ListItem","position":1,"name":"Home","item":"https:\/\/www.lovendal.ro\/wp52\/"},{"@type":"ListItem","position":2,"name":"R\u0103zbunarea unui avocat pe regele Fran\u0163ei, Francisc I, care s-a culcat cu so\u0163ia sa"}]},{"@type":"WebSite","@id":"https:\/\/www.lovendal.ro\/wp52\/#website","url":"https:\/\/www.lovendal.ro\/wp52\/","name":"Secretele lui Lovendal","description":"Site de secrete, stiinta si metafizica - din 2008 -","publisher":{"@id":"https:\/\/www.lovendal.ro\/wp52\/#organization"},"potentialAction":[{"@type":"SearchAction","target":{"@type":"EntryPoint","urlTemplate":"https:\/\/www.lovendal.ro\/wp52\/?s={search_term_string}"},"query-input":{"@type":"PropertyValueSpecification","valueRequired":true,"valueName":"search_term_string"}}],"inLanguage":"ro-RO"},{"@type":"Organization","@id":"https:\/\/www.lovendal.ro\/wp52\/#organization","name":"Secretele lui Lovendal","url":"https:\/\/www.lovendal.ro\/wp52\/","logo":{"@type":"ImageObject","inLanguage":"ro-RO","@id":"https:\/\/www.lovendal.ro\/wp52\/#\/schema\/logo\/image\/","url":"https:\/\/www.lovendal.ro\/wp52\/wp-content\/uploads\/2024\/06\/cropped-SLL-iun-2024-1.jpg","contentUrl":"https:\/\/www.lovendal.ro\/wp52\/wp-content\/uploads\/2024\/06\/cropped-SLL-iun-2024-1.jpg","width":771,"height":240,"caption":"Secretele lui Lovendal"},"image":{"@id":"https:\/\/www.lovendal.ro\/wp52\/#\/schema\/logo\/image\/"},"sameAs":["https:\/\/www.facebook.com\/secreteleluilovendal"]},{"@type":"Person","@id":"https:\/\/www.lovendal.ro\/wp52\/#\/schema\/person\/088691de5dfc346bb0c023e1e52ef5d9","name":"admin","image":{"@type":"ImageObject","inLanguage":"ro-RO","@id":"https:\/\/secure.gravatar.com\/avatar\/ecb9cd41f5f63c9c9b989999a59f6e2639a865ec361e9db054db0679a8f341c2?s=96&d=mm&r=g","url":"https:\/\/secure.gravatar.com\/avatar\/ecb9cd41f5f63c9c9b989999a59f6e2639a865ec361e9db054db0679a8f341c2?s=96&d=mm&r=g","contentUrl":"https:\/\/secure.gravatar.com\/avatar\/ecb9cd41f5f63c9c9b989999a59f6e2639a865ec361e9db054db0679a8f341c2?s=96&d=mm&r=g","caption":"admin"},"sameAs":["https:\/\/www.lovendal.ro\/wp52"]}]}},"_links":{"self":[{"href":"https:\/\/www.lovendal.ro\/wp52\/wp-json\/wp\/v2\/posts\/7812","targetHints":{"allow":["GET"]}}],"collection":[{"href":"https:\/\/www.lovendal.ro\/wp52\/wp-json\/wp\/v2\/posts"}],"about":[{"href":"https:\/\/www.lovendal.ro\/wp52\/wp-json\/wp\/v2\/types\/post"}],"author":[{"embeddable":true,"href":"https:\/\/www.lovendal.ro\/wp52\/wp-json\/wp\/v2\/users\/1"}],"replies":[{"embeddable":true,"href":"https:\/\/www.lovendal.ro\/wp52\/wp-json\/wp\/v2\/comments?post=7812"}],"version-history":[{"count":0,"href":"https:\/\/www.lovendal.ro\/wp52\/wp-json\/wp\/v2\/posts\/7812\/revisions"}],"wp:featuredmedia":[{"embeddable":true,"href":"https:\/\/www.lovendal.ro\/wp52\/wp-json\/wp\/v2\/media\/7813"}],"wp:attachment":[{"href":"https:\/\/www.lovendal.ro\/wp52\/wp-json\/wp\/v2\/media?parent=7812"}],"wp:term":[{"taxonomy":"category","embeddable":true,"href":"https:\/\/www.lovendal.ro\/wp52\/wp-json\/wp\/v2\/categories?post=7812"},{"taxonomy":"post_tag","embeddable":true,"href":"https:\/\/www.lovendal.ro\/wp52\/wp-json\/wp\/v2\/tags?post=7812"}],"curies":[{"name":"wp","href":"https:\/\/api.w.org\/{rel}","templated":true}]}}