{"id":78071,"date":"2021-11-10T22:49:04","date_gmt":"2021-11-10T20:49:04","guid":{"rendered":"https:\/\/www.lovendal.ro\/wp52\/?p=78071"},"modified":"2021-11-10T22:49:04","modified_gmt":"2021-11-10T20:49:04","slug":"un-asa-zis-calator-in-timp-din-anul-2027-posteaza-pe-tiktok-fotografii-ale-unui-oras-pustiu-sustinand-ca-el-este-ultima-persoana-in-viata-de-pe-pamant","status":"publish","type":"post","link":"https:\/\/www.lovendal.ro\/wp52\/un-asa-zis-calator-in-timp-din-anul-2027-posteaza-pe-tiktok-fotografii-ale-unui-oras-pustiu-sustinand-ca-el-este-ultima-persoana-in-viata-de-pe-pamant\/","title":{"rendered":"Un a\u015fa-zis &#8222;c\u0103l\u0103tor \u00een timp&#8221; din anul 2027, posteaz\u0103 pe TikTok fotografii ale unui ora\u015f pustiu, sus\u0163in\u00e2nd c\u0103 el este ultima persoan\u0103 \u00een via\u0163\u0103 de pe P\u0103m\u00e2nt"},"content":{"rendered":"<p><a href=\"https:\/\/www.lovendal.ro\/wp52\/wp-content\/uploads\/2021\/11\/calator-in-timp-2027.jpg\"><img loading=\"lazy\" decoding=\"async\" class=\"alignleft size-full wp-image-78072\" src=\"https:\/\/www.lovendal.ro\/wp52\/wp-content\/uploads\/2021\/11\/calator-in-timp-2027.jpg\" alt=\"\" width=\"347\" height=\"219\" srcset=\"https:\/\/www.lovendal.ro\/wp52\/wp-content\/uploads\/2021\/11\/calator-in-timp-2027.jpg 347w, https:\/\/www.lovendal.ro\/wp52\/wp-content\/uploads\/2021\/11\/calator-in-timp-2027-300x189.jpg 300w\" sizes=\"auto, (max-width: 347px) 100vw, 347px\" \/><\/a>Un b\u0103rbat care le-a spus oamenilor c\u0103 este un &#8222;c\u0103l\u0103tor \u00een timp&#8221; blocat \u00een anul 2027, a f\u0103cut un nou videoclip care arat\u0103 aparent un ora\u0219 pustiu. Javier are 6,5 milioane de urm\u0103ritori pe contul s\u0103u de TikTok @unicosobreviviente \u0219i \u00ee\u015fi distreaz\u0103 urm\u0103ritorii cu clipuri din ceea ce el sus\u021bine c\u0103 este o &#8222;lume post-apocaliptic\u0103&#8221;. \u00cen mod inexplicabil, lumea se termin\u0103 dramatic dup\u0103 o mare b\u0103t\u0103lie cu extratere\u0219trii care urmeaz\u0103 s\u0103 ne invadeze \u00een viitorul apropiat, conform lui Javier. Din anumite motive \u00een aceast\u0103 lume, el este \u00eenc\u0103 \u00een via\u021b\u0103 \u0219i are o conexiune la Internet \u0219i acces la TikTok, av\u00e2nd \u0219i abilitatea de a trimite mesaje \u00eenapoi \u00een timp adep\u021bilor s\u0103i.<\/p>\n<p>\u00centruc\u00e2t \u00een primul videoclip nu a fost crezut de mult\u0103 lume c\u0103 ar fi un &#8222;c\u0103l\u0103tor \u00een timp&#8221;, Javier revine cu un alt videoclip \u00een care prezint\u0103 mai multe imagini din Barcelona, \u200b\u200bSpania, dintr-o zon\u0103 urban\u0103 destul de populat\u0103. De\u015fi ma\u0219inile sunt parcate pe marginea drumului \u0219i p\u0103s\u0103rile zboar\u0103 pe l\u00e2ng\u0103 el, nu exist\u0103 nicio persoan\u0103 care s\u0103 mearg\u0103 sau s\u0103 conduc\u0103. Imaginile se pare c\u0103 au fost \u00eenregistrate diminea\u021ba devreme, unii oameni suger\u00e2nd c\u0103 au fost f\u0103cute \u00een timpul perioadei de blocare din cauza pandemiei de coronavirus (2020-2021).<\/p>\n<p>De c\u00e2nd videoclipul a fost \u00eenc\u0103rcat pe 7 noiembrie 2021, el a fost vizionat (p\u00e2n\u0103 la ora scrierii acestui articol) de peste 2 milioane de ori \u0219i a str\u00e2ns mii de comentarii. Cineva a spus: <em>&#8222;\u00cencearc\u0103 un stream live pentru a demonstra c\u0103 te afli \u00een 2027 \u00eentr-o loca\u021bie care este \u00een general aglomerat\u0103\u201d.<\/em> Altul l-a \u00eentrebat: <em>&#8222;Prietene, de unde \u00ee\u0163i iei serviciul de Internet?&#8221;<\/em><\/p>\n<figure id=\"attachment_78073\" aria-describedby=\"caption-attachment-78073\" style=\"width: 531px\" class=\"wp-caption aligncenter\"><a href=\"https:\/\/www.lovendal.ro\/wp52\/wp-content\/uploads\/2021\/11\/Tik-Tok-Barcelona.jpg\"><img loading=\"lazy\" decoding=\"async\" class=\"size-full wp-image-78073\" src=\"https:\/\/www.lovendal.ro\/wp52\/wp-content\/uploads\/2021\/11\/Tik-Tok-Barcelona.jpg\" alt=\"\" width=\"541\" height=\"534\" srcset=\"https:\/\/www.lovendal.ro\/wp52\/wp-content\/uploads\/2021\/11\/Tik-Tok-Barcelona.jpg 541w, https:\/\/www.lovendal.ro\/wp52\/wp-content\/uploads\/2021\/11\/Tik-Tok-Barcelona-300x296.jpg 300w, https:\/\/www.lovendal.ro\/wp52\/wp-content\/uploads\/2021\/11\/Tik-Tok-Barcelona-100x100.jpg 100w\" sizes=\"auto, (max-width: 541px) 100vw, 541px\" \/><\/a><figcaption id=\"caption-attachment-78073\" class=\"wp-caption-text\">Barcelona, 2027 &#8211; ora\u015f pustiit de o &#8222;invazie extraterestr\u0103&#8221;!?<\/figcaption><\/figure>\n","protected":false},"excerpt":{"rendered":"<p>Un b\u0103rbat care le-a spus oamenilor c\u0103 este un &#8222;c\u0103l\u0103tor \u00een timp&#8221; blocat \u00een anul 2027, a f\u0103cut un nou videoclip care arat\u0103 aparent un ora\u0219 pustiu. Javier are 6,5 milioane de urm\u0103ritori pe contul s\u0103u de TikTok @unicosobreviviente \u0219i &#8230; <\/p>\n<p class=\"read-more-container\"><a title=\"Un a\u015fa-zis &#8222;c\u0103l\u0103tor \u00een timp&#8221; din anul 2027, posteaz\u0103 pe TikTok fotografii ale unui ora\u015f pustiu, sus\u0163in\u00e2nd c\u0103 el este ultima persoan\u0103 \u00een via\u0163\u0103 de pe P\u0103m\u00e2nt\" class=\"read-more button\" href=\"https:\/\/www.lovendal.ro\/wp52\/un-asa-zis-calator-in-timp-din-anul-2027-posteaza-pe-tiktok-fotografii-ale-unui-oras-pustiu-sustinand-ca-el-este-ultima-persoana-in-viata-de-pe-pamant\/#more-78071\" aria-label=\"Cite\u0219te mai multe despre Un a\u015fa-zis &#8222;c\u0103l\u0103tor \u00een timp&#8221; din anul 2027, posteaz\u0103 pe TikTok fotografii ale unui ora\u015f pustiu, sus\u0163in\u00e2nd c\u0103 el este ultima persoan\u0103 \u00een via\u0163\u0103 de pe P\u0103m\u00e2nt\">Cititi mai multe<\/a><\/p>\n","protected":false},"author":1,"featured_media":78072,"comment_status":"open","ping_status":"open","sticky":false,"template":"","format":"standard","meta":{"footnotes":""},"categories":[1833],"tags":[2741,10391,9808,597,12097,194,4723,653,318,16554,2042],"class_list":["post-78071","post","type-post","status-publish","format-standard","has-post-thumbnail","hentry","category-farse-celebre","tag-barcelona","tag-calator-in-timp","tag-farse-celebre","tag-internet","tag-invazie-extraterestra","tag-masini","tag-pandemie","tag-pasari","tag-spania","tag-tik-tok","tag-videoclip","resize-featured-image"],"yoast_head":"<!-- This site is optimized with the Yoast SEO Premium plugin v23.3 (Yoast SEO v27.4) - https:\/\/yoast.com\/product\/yoast-seo-premium-wordpress\/ -->\n<title>Un a\u015fa-zis &quot;c\u0103l\u0103tor \u00een timp&quot; din anul 2027, posteaz\u0103 pe TikTok fotografii ale unui ora\u015f pustiu, sus\u0163in\u00e2nd c\u0103 el este ultima persoan\u0103 \u00een via\u0163\u0103 de pe P\u0103m\u00e2nt - Secretele lui Lovendal<\/title>\n<meta name=\"robots\" content=\"index, follow, max-snippet:-1, max-image-preview:large, max-video-preview:-1\" \/>\n<link rel=\"canonical\" href=\"https:\/\/www.lovendal.ro\/wp52\/un-asa-zis-calator-in-timp-din-anul-2027-posteaza-pe-tiktok-fotografii-ale-unui-oras-pustiu-sustinand-ca-el-este-ultima-persoana-in-viata-de-pe-pamant\/\" \/>\n<meta property=\"og:locale\" content=\"ro_RO\" \/>\n<meta property=\"og:type\" content=\"article\" \/>\n<meta property=\"og:title\" content=\"Un a\u015fa-zis &quot;c\u0103l\u0103tor \u00een timp&quot; din anul 2027, posteaz\u0103 pe TikTok fotografii ale unui ora\u015f pustiu, sus\u0163in\u00e2nd c\u0103 el este ultima persoan\u0103 \u00een via\u0163\u0103 de pe P\u0103m\u00e2nt\" \/>\n<meta property=\"og:description\" content=\"Un b\u0103rbat care le-a spus oamenilor c\u0103 este un &#8222;c\u0103l\u0103tor \u00een timp&#8221; blocat \u00een anul 2027, a f\u0103cut un nou videoclip care arat\u0103 aparent un ora\u0219 pustiu. Javier are 6,5 milioane de urm\u0103ritori pe contul s\u0103u de TikTok @unicosobreviviente \u0219i ... Cititi mai multe\" \/>\n<meta property=\"og:url\" content=\"https:\/\/www.lovendal.ro\/wp52\/un-asa-zis-calator-in-timp-din-anul-2027-posteaza-pe-tiktok-fotografii-ale-unui-oras-pustiu-sustinand-ca-el-este-ultima-persoana-in-viata-de-pe-pamant\/\" \/>\n<meta property=\"og:site_name\" content=\"Secretele lui Lovendal\" \/>\n<meta property=\"article:publisher\" content=\"https:\/\/www.facebook.com\/secreteleluilovendal\" \/>\n<meta property=\"article:published_time\" content=\"2021-11-10T20:49:04+00:00\" \/>\n<meta property=\"og:image\" content=\"https:\/\/www.lovendal.ro\/wp52\/wp-content\/uploads\/2021\/11\/calator-in-timp-2027.jpg\" \/>\n\t<meta property=\"og:image:width\" content=\"347\" \/>\n\t<meta property=\"og:image:height\" content=\"219\" \/>\n\t<meta property=\"og:image:type\" content=\"image\/jpeg\" \/>\n<meta name=\"author\" content=\"admin\" \/>\n<meta name=\"twitter:card\" content=\"summary_large_image\" \/>\n<meta name=\"twitter:label1\" content=\"Scris de\" \/>\n\t<meta name=\"twitter:data1\" content=\"admin\" \/>\n\t<meta name=\"twitter:label2\" content=\"Timp estimat pentru citire\" \/>\n\t<meta name=\"twitter:data2\" content=\"2 minute\" \/>\n<script type=\"application\/ld+json\" class=\"yoast-schema-graph\">{\"@context\":\"https:\\\/\\\/schema.org\",\"@graph\":[{\"@type\":\"Article\",\"@id\":\"https:\\\/\\\/www.lovendal.ro\\\/wp52\\\/un-asa-zis-calator-in-timp-din-anul-2027-posteaza-pe-tiktok-fotografii-ale-unui-oras-pustiu-sustinand-ca-el-este-ultima-persoana-in-viata-de-pe-pamant\\\/#article\",\"isPartOf\":{\"@id\":\"https:\\\/\\\/www.lovendal.ro\\\/wp52\\\/un-asa-zis-calator-in-timp-din-anul-2027-posteaza-pe-tiktok-fotografii-ale-unui-oras-pustiu-sustinand-ca-el-este-ultima-persoana-in-viata-de-pe-pamant\\\/\"},\"author\":{\"name\":\"admin\",\"@id\":\"https:\\\/\\\/www.lovendal.ro\\\/wp52\\\/#\\\/schema\\\/person\\\/088691de5dfc346bb0c023e1e52ef5d9\"},\"headline\":\"Un a\u015fa-zis &#8222;c\u0103l\u0103tor \u00een timp&#8221; din anul 2027, posteaz\u0103 pe TikTok fotografii ale unui ora\u015f pustiu, sus\u0163in\u00e2nd c\u0103 el este ultima persoan\u0103 \u00een via\u0163\u0103 de pe P\u0103m\u00e2nt\",\"datePublished\":\"2021-11-10T20:49:04+00:00\",\"mainEntityOfPage\":{\"@id\":\"https:\\\/\\\/www.lovendal.ro\\\/wp52\\\/un-asa-zis-calator-in-timp-din-anul-2027-posteaza-pe-tiktok-fotografii-ale-unui-oras-pustiu-sustinand-ca-el-este-ultima-persoana-in-viata-de-pe-pamant\\\/\"},\"wordCount\":338,\"commentCount\":0,\"publisher\":{\"@id\":\"https:\\\/\\\/www.lovendal.ro\\\/wp52\\\/#organization\"},\"image\":{\"@id\":\"https:\\\/\\\/www.lovendal.ro\\\/wp52\\\/un-asa-zis-calator-in-timp-din-anul-2027-posteaza-pe-tiktok-fotografii-ale-unui-oras-pustiu-sustinand-ca-el-este-ultima-persoana-in-viata-de-pe-pamant\\\/#primaryimage\"},\"thumbnailUrl\":\"https:\\\/\\\/www.lovendal.ro\\\/wp52\\\/wp-content\\\/uploads\\\/2021\\\/11\\\/calator-in-timp-2027.jpg\",\"keywords\":[\"Barcelona\",\"c\u0103l\u0103tor \u00een timp\",\"Farse si Fantezii\",\"Internet\",\"invazie extraterestr\u0103\",\"ma\u015fini\",\"pandemie\",\"p\u0103s\u0103ri\",\"Spania\",\"Tik Tok\",\"videoclip\"],\"articleSection\":[\"Farse si Fantezii\"],\"inLanguage\":\"ro-RO\",\"potentialAction\":[{\"@type\":\"CommentAction\",\"name\":\"Comment\",\"target\":[\"https:\\\/\\\/www.lovendal.ro\\\/wp52\\\/un-asa-zis-calator-in-timp-din-anul-2027-posteaza-pe-tiktok-fotografii-ale-unui-oras-pustiu-sustinand-ca-el-este-ultima-persoana-in-viata-de-pe-pamant\\\/#respond\"]}]},{\"@type\":\"WebPage\",\"@id\":\"https:\\\/\\\/www.lovendal.ro\\\/wp52\\\/un-asa-zis-calator-in-timp-din-anul-2027-posteaza-pe-tiktok-fotografii-ale-unui-oras-pustiu-sustinand-ca-el-este-ultima-persoana-in-viata-de-pe-pamant\\\/\",\"url\":\"https:\\\/\\\/www.lovendal.ro\\\/wp52\\\/un-asa-zis-calator-in-timp-din-anul-2027-posteaza-pe-tiktok-fotografii-ale-unui-oras-pustiu-sustinand-ca-el-este-ultima-persoana-in-viata-de-pe-pamant\\\/\",\"name\":\"Un a\u015fa-zis \\\"c\u0103l\u0103tor \u00een timp\\\" din anul 2027, posteaz\u0103 pe TikTok fotografii ale unui ora\u015f pustiu, sus\u0163in\u00e2nd c\u0103 el este ultima persoan\u0103 \u00een via\u0163\u0103 de pe P\u0103m\u00e2nt - Secretele lui Lovendal\",\"isPartOf\":{\"@id\":\"https:\\\/\\\/www.lovendal.ro\\\/wp52\\\/#website\"},\"primaryImageOfPage\":{\"@id\":\"https:\\\/\\\/www.lovendal.ro\\\/wp52\\\/un-asa-zis-calator-in-timp-din-anul-2027-posteaza-pe-tiktok-fotografii-ale-unui-oras-pustiu-sustinand-ca-el-este-ultima-persoana-in-viata-de-pe-pamant\\\/#primaryimage\"},\"image\":{\"@id\":\"https:\\\/\\\/www.lovendal.ro\\\/wp52\\\/un-asa-zis-calator-in-timp-din-anul-2027-posteaza-pe-tiktok-fotografii-ale-unui-oras-pustiu-sustinand-ca-el-este-ultima-persoana-in-viata-de-pe-pamant\\\/#primaryimage\"},\"thumbnailUrl\":\"https:\\\/\\\/www.lovendal.ro\\\/wp52\\\/wp-content\\\/uploads\\\/2021\\\/11\\\/calator-in-timp-2027.jpg\",\"datePublished\":\"2021-11-10T20:49:04+00:00\",\"breadcrumb\":{\"@id\":\"https:\\\/\\\/www.lovendal.ro\\\/wp52\\\/un-asa-zis-calator-in-timp-din-anul-2027-posteaza-pe-tiktok-fotografii-ale-unui-oras-pustiu-sustinand-ca-el-este-ultima-persoana-in-viata-de-pe-pamant\\\/#breadcrumb\"},\"inLanguage\":\"ro-RO\",\"potentialAction\":[{\"@type\":\"ReadAction\",\"target\":[\"https:\\\/\\\/www.lovendal.ro\\\/wp52\\\/un-asa-zis-calator-in-timp-din-anul-2027-posteaza-pe-tiktok-fotografii-ale-unui-oras-pustiu-sustinand-ca-el-este-ultima-persoana-in-viata-de-pe-pamant\\\/\"]}]},{\"@type\":\"ImageObject\",\"inLanguage\":\"ro-RO\",\"@id\":\"https:\\\/\\\/www.lovendal.ro\\\/wp52\\\/un-asa-zis-calator-in-timp-din-anul-2027-posteaza-pe-tiktok-fotografii-ale-unui-oras-pustiu-sustinand-ca-el-este-ultima-persoana-in-viata-de-pe-pamant\\\/#primaryimage\",\"url\":\"https:\\\/\\\/www.lovendal.ro\\\/wp52\\\/wp-content\\\/uploads\\\/2021\\\/11\\\/calator-in-timp-2027.jpg\",\"contentUrl\":\"https:\\\/\\\/www.lovendal.ro\\\/wp52\\\/wp-content\\\/uploads\\\/2021\\\/11\\\/calator-in-timp-2027.jpg\",\"width\":347,\"height\":219},{\"@type\":\"BreadcrumbList\",\"@id\":\"https:\\\/\\\/www.lovendal.ro\\\/wp52\\\/un-asa-zis-calator-in-timp-din-anul-2027-posteaza-pe-tiktok-fotografii-ale-unui-oras-pustiu-sustinand-ca-el-este-ultima-persoana-in-viata-de-pe-pamant\\\/#breadcrumb\",\"itemListElement\":[{\"@type\":\"ListItem\",\"position\":1,\"name\":\"Home\",\"item\":\"https:\\\/\\\/www.lovendal.ro\\\/wp52\\\/\"},{\"@type\":\"ListItem\",\"position\":2,\"name\":\"Un a\u015fa-zis &#8222;c\u0103l\u0103tor \u00een timp&#8221; din anul 2027, posteaz\u0103 pe TikTok fotografii ale unui ora\u015f pustiu, sus\u0163in\u00e2nd c\u0103 el este ultima persoan\u0103 \u00een via\u0163\u0103 de pe P\u0103m\u00e2nt\"}]},{\"@type\":\"WebSite\",\"@id\":\"https:\\\/\\\/www.lovendal.ro\\\/wp52\\\/#website\",\"url\":\"https:\\\/\\\/www.lovendal.ro\\\/wp52\\\/\",\"name\":\"Secretele lui Lovendal\",\"description\":\"Site de secrete, stiinta si metafizica - din 2008 -\",\"publisher\":{\"@id\":\"https:\\\/\\\/www.lovendal.ro\\\/wp52\\\/#organization\"},\"potentialAction\":[{\"@type\":\"SearchAction\",\"target\":{\"@type\":\"EntryPoint\",\"urlTemplate\":\"https:\\\/\\\/www.lovendal.ro\\\/wp52\\\/?s={search_term_string}\"},\"query-input\":{\"@type\":\"PropertyValueSpecification\",\"valueRequired\":true,\"valueName\":\"search_term_string\"}}],\"inLanguage\":\"ro-RO\"},{\"@type\":\"Organization\",\"@id\":\"https:\\\/\\\/www.lovendal.ro\\\/wp52\\\/#organization\",\"name\":\"Secretele lui Lovendal\",\"url\":\"https:\\\/\\\/www.lovendal.ro\\\/wp52\\\/\",\"logo\":{\"@type\":\"ImageObject\",\"inLanguage\":\"ro-RO\",\"@id\":\"https:\\\/\\\/www.lovendal.ro\\\/wp52\\\/#\\\/schema\\\/logo\\\/image\\\/\",\"url\":\"https:\\\/\\\/www.lovendal.ro\\\/wp52\\\/wp-content\\\/uploads\\\/2024\\\/06\\\/cropped-SLL-iun-2024-1.jpg\",\"contentUrl\":\"https:\\\/\\\/www.lovendal.ro\\\/wp52\\\/wp-content\\\/uploads\\\/2024\\\/06\\\/cropped-SLL-iun-2024-1.jpg\",\"width\":771,\"height\":240,\"caption\":\"Secretele lui Lovendal\"},\"image\":{\"@id\":\"https:\\\/\\\/www.lovendal.ro\\\/wp52\\\/#\\\/schema\\\/logo\\\/image\\\/\"},\"sameAs\":[\"https:\\\/\\\/www.facebook.com\\\/secreteleluilovendal\"]},{\"@type\":\"Person\",\"@id\":\"https:\\\/\\\/www.lovendal.ro\\\/wp52\\\/#\\\/schema\\\/person\\\/088691de5dfc346bb0c023e1e52ef5d9\",\"name\":\"admin\",\"image\":{\"@type\":\"ImageObject\",\"inLanguage\":\"ro-RO\",\"@id\":\"https:\\\/\\\/secure.gravatar.com\\\/avatar\\\/ecb9cd41f5f63c9c9b989999a59f6e2639a865ec361e9db054db0679a8f341c2?s=96&d=mm&r=g\",\"url\":\"https:\\\/\\\/secure.gravatar.com\\\/avatar\\\/ecb9cd41f5f63c9c9b989999a59f6e2639a865ec361e9db054db0679a8f341c2?s=96&d=mm&r=g\",\"contentUrl\":\"https:\\\/\\\/secure.gravatar.com\\\/avatar\\\/ecb9cd41f5f63c9c9b989999a59f6e2639a865ec361e9db054db0679a8f341c2?s=96&d=mm&r=g\",\"caption\":\"admin\"},\"sameAs\":[\"https:\\\/\\\/www.lovendal.ro\\\/wp52\"]}]}<\/script>\n<!-- \/ Yoast SEO Premium plugin. -->","yoast_head_json":{"title":"Un a\u015fa-zis \"c\u0103l\u0103tor \u00een timp\" din anul 2027, posteaz\u0103 pe TikTok fotografii ale unui ora\u015f pustiu, sus\u0163in\u00e2nd c\u0103 el este ultima persoan\u0103 \u00een via\u0163\u0103 de pe P\u0103m\u00e2nt - Secretele lui Lovendal","robots":{"index":"index","follow":"follow","max-snippet":"max-snippet:-1","max-image-preview":"max-image-preview:large","max-video-preview":"max-video-preview:-1"},"canonical":"https:\/\/www.lovendal.ro\/wp52\/un-asa-zis-calator-in-timp-din-anul-2027-posteaza-pe-tiktok-fotografii-ale-unui-oras-pustiu-sustinand-ca-el-este-ultima-persoana-in-viata-de-pe-pamant\/","og_locale":"ro_RO","og_type":"article","og_title":"Un a\u015fa-zis \"c\u0103l\u0103tor \u00een timp\" din anul 2027, posteaz\u0103 pe TikTok fotografii ale unui ora\u015f pustiu, sus\u0163in\u00e2nd c\u0103 el este ultima persoan\u0103 \u00een via\u0163\u0103 de pe P\u0103m\u00e2nt","og_description":"Un b\u0103rbat care le-a spus oamenilor c\u0103 este un &#8222;c\u0103l\u0103tor \u00een timp&#8221; blocat \u00een anul 2027, a f\u0103cut un nou videoclip care arat\u0103 aparent un ora\u0219 pustiu. Javier are 6,5 milioane de urm\u0103ritori pe contul s\u0103u de TikTok @unicosobreviviente \u0219i ... Cititi mai multe","og_url":"https:\/\/www.lovendal.ro\/wp52\/un-asa-zis-calator-in-timp-din-anul-2027-posteaza-pe-tiktok-fotografii-ale-unui-oras-pustiu-sustinand-ca-el-este-ultima-persoana-in-viata-de-pe-pamant\/","og_site_name":"Secretele lui Lovendal","article_publisher":"https:\/\/www.facebook.com\/secreteleluilovendal","article_published_time":"2021-11-10T20:49:04+00:00","og_image":[{"width":347,"height":219,"url":"https:\/\/www.lovendal.ro\/wp52\/wp-content\/uploads\/2021\/11\/calator-in-timp-2027.jpg","type":"image\/jpeg"}],"author":"admin","twitter_card":"summary_large_image","twitter_misc":{"Scris de":"admin","Timp estimat pentru citire":"2 minute"},"schema":{"@context":"https:\/\/schema.org","@graph":[{"@type":"Article","@id":"https:\/\/www.lovendal.ro\/wp52\/un-asa-zis-calator-in-timp-din-anul-2027-posteaza-pe-tiktok-fotografii-ale-unui-oras-pustiu-sustinand-ca-el-este-ultima-persoana-in-viata-de-pe-pamant\/#article","isPartOf":{"@id":"https:\/\/www.lovendal.ro\/wp52\/un-asa-zis-calator-in-timp-din-anul-2027-posteaza-pe-tiktok-fotografii-ale-unui-oras-pustiu-sustinand-ca-el-este-ultima-persoana-in-viata-de-pe-pamant\/"},"author":{"name":"admin","@id":"https:\/\/www.lovendal.ro\/wp52\/#\/schema\/person\/088691de5dfc346bb0c023e1e52ef5d9"},"headline":"Un a\u015fa-zis &#8222;c\u0103l\u0103tor \u00een timp&#8221; din anul 2027, posteaz\u0103 pe TikTok fotografii ale unui ora\u015f pustiu, sus\u0163in\u00e2nd c\u0103 el este ultima persoan\u0103 \u00een via\u0163\u0103 de pe P\u0103m\u00e2nt","datePublished":"2021-11-10T20:49:04+00:00","mainEntityOfPage":{"@id":"https:\/\/www.lovendal.ro\/wp52\/un-asa-zis-calator-in-timp-din-anul-2027-posteaza-pe-tiktok-fotografii-ale-unui-oras-pustiu-sustinand-ca-el-este-ultima-persoana-in-viata-de-pe-pamant\/"},"wordCount":338,"commentCount":0,"publisher":{"@id":"https:\/\/www.lovendal.ro\/wp52\/#organization"},"image":{"@id":"https:\/\/www.lovendal.ro\/wp52\/un-asa-zis-calator-in-timp-din-anul-2027-posteaza-pe-tiktok-fotografii-ale-unui-oras-pustiu-sustinand-ca-el-este-ultima-persoana-in-viata-de-pe-pamant\/#primaryimage"},"thumbnailUrl":"https:\/\/www.lovendal.ro\/wp52\/wp-content\/uploads\/2021\/11\/calator-in-timp-2027.jpg","keywords":["Barcelona","c\u0103l\u0103tor \u00een timp","Farse si Fantezii","Internet","invazie extraterestr\u0103","ma\u015fini","pandemie","p\u0103s\u0103ri","Spania","Tik Tok","videoclip"],"articleSection":["Farse si Fantezii"],"inLanguage":"ro-RO","potentialAction":[{"@type":"CommentAction","name":"Comment","target":["https:\/\/www.lovendal.ro\/wp52\/un-asa-zis-calator-in-timp-din-anul-2027-posteaza-pe-tiktok-fotografii-ale-unui-oras-pustiu-sustinand-ca-el-este-ultima-persoana-in-viata-de-pe-pamant\/#respond"]}]},{"@type":"WebPage","@id":"https:\/\/www.lovendal.ro\/wp52\/un-asa-zis-calator-in-timp-din-anul-2027-posteaza-pe-tiktok-fotografii-ale-unui-oras-pustiu-sustinand-ca-el-este-ultima-persoana-in-viata-de-pe-pamant\/","url":"https:\/\/www.lovendal.ro\/wp52\/un-asa-zis-calator-in-timp-din-anul-2027-posteaza-pe-tiktok-fotografii-ale-unui-oras-pustiu-sustinand-ca-el-este-ultima-persoana-in-viata-de-pe-pamant\/","name":"Un a\u015fa-zis \"c\u0103l\u0103tor \u00een timp\" din anul 2027, posteaz\u0103 pe TikTok fotografii ale unui ora\u015f pustiu, sus\u0163in\u00e2nd c\u0103 el este ultima persoan\u0103 \u00een via\u0163\u0103 de pe P\u0103m\u00e2nt - Secretele lui Lovendal","isPartOf":{"@id":"https:\/\/www.lovendal.ro\/wp52\/#website"},"primaryImageOfPage":{"@id":"https:\/\/www.lovendal.ro\/wp52\/un-asa-zis-calator-in-timp-din-anul-2027-posteaza-pe-tiktok-fotografii-ale-unui-oras-pustiu-sustinand-ca-el-este-ultima-persoana-in-viata-de-pe-pamant\/#primaryimage"},"image":{"@id":"https:\/\/www.lovendal.ro\/wp52\/un-asa-zis-calator-in-timp-din-anul-2027-posteaza-pe-tiktok-fotografii-ale-unui-oras-pustiu-sustinand-ca-el-este-ultima-persoana-in-viata-de-pe-pamant\/#primaryimage"},"thumbnailUrl":"https:\/\/www.lovendal.ro\/wp52\/wp-content\/uploads\/2021\/11\/calator-in-timp-2027.jpg","datePublished":"2021-11-10T20:49:04+00:00","breadcrumb":{"@id":"https:\/\/www.lovendal.ro\/wp52\/un-asa-zis-calator-in-timp-din-anul-2027-posteaza-pe-tiktok-fotografii-ale-unui-oras-pustiu-sustinand-ca-el-este-ultima-persoana-in-viata-de-pe-pamant\/#breadcrumb"},"inLanguage":"ro-RO","potentialAction":[{"@type":"ReadAction","target":["https:\/\/www.lovendal.ro\/wp52\/un-asa-zis-calator-in-timp-din-anul-2027-posteaza-pe-tiktok-fotografii-ale-unui-oras-pustiu-sustinand-ca-el-este-ultima-persoana-in-viata-de-pe-pamant\/"]}]},{"@type":"ImageObject","inLanguage":"ro-RO","@id":"https:\/\/www.lovendal.ro\/wp52\/un-asa-zis-calator-in-timp-din-anul-2027-posteaza-pe-tiktok-fotografii-ale-unui-oras-pustiu-sustinand-ca-el-este-ultima-persoana-in-viata-de-pe-pamant\/#primaryimage","url":"https:\/\/www.lovendal.ro\/wp52\/wp-content\/uploads\/2021\/11\/calator-in-timp-2027.jpg","contentUrl":"https:\/\/www.lovendal.ro\/wp52\/wp-content\/uploads\/2021\/11\/calator-in-timp-2027.jpg","width":347,"height":219},{"@type":"BreadcrumbList","@id":"https:\/\/www.lovendal.ro\/wp52\/un-asa-zis-calator-in-timp-din-anul-2027-posteaza-pe-tiktok-fotografii-ale-unui-oras-pustiu-sustinand-ca-el-este-ultima-persoana-in-viata-de-pe-pamant\/#breadcrumb","itemListElement":[{"@type":"ListItem","position":1,"name":"Home","item":"https:\/\/www.lovendal.ro\/wp52\/"},{"@type":"ListItem","position":2,"name":"Un a\u015fa-zis &#8222;c\u0103l\u0103tor \u00een timp&#8221; din anul 2027, posteaz\u0103 pe TikTok fotografii ale unui ora\u015f pustiu, sus\u0163in\u00e2nd c\u0103 el este ultima persoan\u0103 \u00een via\u0163\u0103 de pe P\u0103m\u00e2nt"}]},{"@type":"WebSite","@id":"https:\/\/www.lovendal.ro\/wp52\/#website","url":"https:\/\/www.lovendal.ro\/wp52\/","name":"Secretele lui Lovendal","description":"Site de secrete, stiinta si metafizica - din 2008 -","publisher":{"@id":"https:\/\/www.lovendal.ro\/wp52\/#organization"},"potentialAction":[{"@type":"SearchAction","target":{"@type":"EntryPoint","urlTemplate":"https:\/\/www.lovendal.ro\/wp52\/?s={search_term_string}"},"query-input":{"@type":"PropertyValueSpecification","valueRequired":true,"valueName":"search_term_string"}}],"inLanguage":"ro-RO"},{"@type":"Organization","@id":"https:\/\/www.lovendal.ro\/wp52\/#organization","name":"Secretele lui Lovendal","url":"https:\/\/www.lovendal.ro\/wp52\/","logo":{"@type":"ImageObject","inLanguage":"ro-RO","@id":"https:\/\/www.lovendal.ro\/wp52\/#\/schema\/logo\/image\/","url":"https:\/\/www.lovendal.ro\/wp52\/wp-content\/uploads\/2024\/06\/cropped-SLL-iun-2024-1.jpg","contentUrl":"https:\/\/www.lovendal.ro\/wp52\/wp-content\/uploads\/2024\/06\/cropped-SLL-iun-2024-1.jpg","width":771,"height":240,"caption":"Secretele lui Lovendal"},"image":{"@id":"https:\/\/www.lovendal.ro\/wp52\/#\/schema\/logo\/image\/"},"sameAs":["https:\/\/www.facebook.com\/secreteleluilovendal"]},{"@type":"Person","@id":"https:\/\/www.lovendal.ro\/wp52\/#\/schema\/person\/088691de5dfc346bb0c023e1e52ef5d9","name":"admin","image":{"@type":"ImageObject","inLanguage":"ro-RO","@id":"https:\/\/secure.gravatar.com\/avatar\/ecb9cd41f5f63c9c9b989999a59f6e2639a865ec361e9db054db0679a8f341c2?s=96&d=mm&r=g","url":"https:\/\/secure.gravatar.com\/avatar\/ecb9cd41f5f63c9c9b989999a59f6e2639a865ec361e9db054db0679a8f341c2?s=96&d=mm&r=g","contentUrl":"https:\/\/secure.gravatar.com\/avatar\/ecb9cd41f5f63c9c9b989999a59f6e2639a865ec361e9db054db0679a8f341c2?s=96&d=mm&r=g","caption":"admin"},"sameAs":["https:\/\/www.lovendal.ro\/wp52"]}]}},"_links":{"self":[{"href":"https:\/\/www.lovendal.ro\/wp52\/wp-json\/wp\/v2\/posts\/78071","targetHints":{"allow":["GET"]}}],"collection":[{"href":"https:\/\/www.lovendal.ro\/wp52\/wp-json\/wp\/v2\/posts"}],"about":[{"href":"https:\/\/www.lovendal.ro\/wp52\/wp-json\/wp\/v2\/types\/post"}],"author":[{"embeddable":true,"href":"https:\/\/www.lovendal.ro\/wp52\/wp-json\/wp\/v2\/users\/1"}],"replies":[{"embeddable":true,"href":"https:\/\/www.lovendal.ro\/wp52\/wp-json\/wp\/v2\/comments?post=78071"}],"version-history":[{"count":0,"href":"https:\/\/www.lovendal.ro\/wp52\/wp-json\/wp\/v2\/posts\/78071\/revisions"}],"wp:featuredmedia":[{"embeddable":true,"href":"https:\/\/www.lovendal.ro\/wp52\/wp-json\/wp\/v2\/media\/78072"}],"wp:attachment":[{"href":"https:\/\/www.lovendal.ro\/wp52\/wp-json\/wp\/v2\/media?parent=78071"}],"wp:term":[{"taxonomy":"category","embeddable":true,"href":"https:\/\/www.lovendal.ro\/wp52\/wp-json\/wp\/v2\/categories?post=78071"},{"taxonomy":"post_tag","embeddable":true,"href":"https:\/\/www.lovendal.ro\/wp52\/wp-json\/wp\/v2\/tags?post=78071"}],"curies":[{"name":"wp","href":"https:\/\/api.w.org\/{rel}","templated":true}]}}