{"id":77657,"date":"2021-10-27T11:55:56","date_gmt":"2021-10-27T08:55:56","guid":{"rendered":"https:\/\/www.lovendal.ro\/wp52\/?p=77657"},"modified":"2021-10-27T11:55:56","modified_gmt":"2021-10-27T08:55:56","slug":"noutati-despre-moartea-actorului-dem-radulescu-in-1990-sau-2000-revenim-la-efectul-mandela-si-la-calatoria-noastra-involuntara-dintr-un-univers-paralel-in-altul","status":"publish","type":"post","link":"https:\/\/www.lovendal.ro\/wp52\/noutati-despre-moartea-actorului-dem-radulescu-in-1990-sau-2000-revenim-la-efectul-mandela-si-la-calatoria-noastra-involuntara-dintr-un-univers-paralel-in-altul\/","title":{"rendered":"Nout\u0103\u0163i despre moartea actorului Dem R\u0103dulescu &#8211; \u00een 1990 sau 2000? Revenim la &#8222;Efectul Mandela&#8221; \u015fi la c\u0103l\u0103toria noastr\u0103 involuntar\u0103 dintr-un univers paralel \u00een altul&#8230;"},"content":{"rendered":"<p><a href=\"https:\/\/www.lovendal.ro\/wp52\/wp-content\/uploads\/2021\/10\/Dem-Radulescu-linia-timpului.jpg\"><img loading=\"lazy\" decoding=\"async\" class=\"alignleft size-full wp-image-77658\" src=\"https:\/\/www.lovendal.ro\/wp52\/wp-content\/uploads\/2021\/10\/Dem-Radulescu-linia-timpului.jpg\" alt=\"\" width=\"348\" height=\"232\" srcset=\"https:\/\/www.lovendal.ro\/wp52\/wp-content\/uploads\/2021\/10\/Dem-Radulescu-linia-timpului.jpg 348w, https:\/\/www.lovendal.ro\/wp52\/wp-content\/uploads\/2021\/10\/Dem-Radulescu-linia-timpului-300x200.jpg 300w\" sizes=\"auto, (max-width: 348px) 100vw, 348px\" \/><\/a>Mul\u0163i dintre voi nu au cum s\u0103 nu-\u015fi aminteasc\u0103 de marele actor Dem R\u0103dulescu. Scriam \u00een 2016 articolul acesta &#8211; <a href=\"https:\/\/www.lovendal.ro\/wp52\/moartea-actorului-dem-radulescu-si-misteriosul-efect-mandela-dovada-ca-noi-calatorim-involuntar-in-timpul-vietii-dintr-un-univers-paralel-in-altul-insa-memoriile-pot-ramane\/\" target=\"_blank\" rel=\"noopener\"><strong>Moartea actorului Dem R\u0103dulescu \u015fi misteriosul \u201cefect Mandela\u201d! Dovada c\u0103 noi c\u0103l\u0103torim involuntar, \u00een timpul vie\u0163ii, dintr-un univers paralel \u00een altul, \u00eens\u0103 memoriile pot r\u0103m\u00e2ne!<\/strong><\/a> &#8211; despre urm\u0103torul fapt bizar. Eu, p\u00e2n\u0103 \u00een 2016, eram convins c\u0103 Dem R\u0103dulescu a murit imediat dup\u0103 Revolu\u0163ia din &#8217;89, undeva prin 1990. \u015ei descriam \u00een acel articol cum \u00eemi aduc aminte extrem de clar momentul anun\u0163ului mor\u0163ii marelui actor, \u00een anul 1990:<\/p>\n<blockquote><p>Eram aproape adolescent atunci \u015fi m\u0103 uitam la \u015ftiri la televizor, \u00eempreun\u0103 cu p\u0103rin\u0163ii, pe TVR. \u00cenainte de \u00eenceperea \u015ftirilor, la televizor apare o secven\u0163\u0103 cu Dem R\u0103dulescu, dintr-un film sau pies\u0103 de teatru. Marele actor spune la final: \u201cNu-mi vine s\u0103 cred!\u201d Imediat dup\u0103 aceea, ecranul se face negru, iar crainicul anun\u0163\u0103: \u201cNici nou\u0103 nu ne vine a crede! Marele actor Dem R\u0103dulescu a decedat ast\u0103zi\u201d. N-am cum s\u0103 uit secven\u0163a aia \u015fi mi-a r\u0103mas \u00eentip\u0103rit\u0103 p\u00e2n\u0103 prezent. \u015ei nici nu pot confunda cu vreun alt actor\u2026<\/p><\/blockquote>\n<p>Desigur, c\u00e2nd te ui\u0163i la biografia lui Dem R\u0103dulescu, apare c\u0103 el\u00a0 murit \u00een anul 2000. Unii cititori mi-au spus c\u0103 \u00ee\u015fi aduc aminte c\u0103 l-au v\u0103zut pe Dem R\u0103dulescu \u00een diverse spectacole de la mare, din anii &#8217;90. Desigur, toate aceste informa\u0163ii sunt reale; \u00eens\u0103, culmea paradoxului, \u015fi informa\u0163ia mea e real\u0103! Adic\u0103 a murit \u00een anul 1990, \u00eentr-o &#8222;linie a timpului&#8221;, \u015fi \u00een anului 2000, \u00een linia actual\u0103 a timpului. Efectul a fost numit &#8222;efectul Mandela&#8221;,\u00a0 de la faptul c\u0103 foarte mul\u0163i oameni \u00ee\u015fi amintesc cu exactitate faptul c\u0103 fostul lider sud-african Nelson Mandela a murit \u00een anii \u201980, \u00een \u00eenchisoare \u015fi nu a mai tr\u0103it p\u00e2n\u0103 \u00een 2013. \u015ei mai exist\u0103 \u015fi alte personalit\u0103\u0163i \u015fi fapte, despre care unii oameni \u015fi le amintesc altfel fa\u0163\u0103 de cum sunt \u00eenscrise \u00een istoriile oficiale. E foarte interesant cum totul se schimb\u0103 c\u00e2nd facem trecerea incon\u015ftient\u0103 \u00een alte universuri paralele, numai c\u0103 uneori r\u0103m\u00e2n unele amintiri ce nu mai pot fi \u015fterse niciodat\u0103\u2026<\/p>\n<p>Dar, revenind la Dem R\u0103dulescu&#8230; Primesc recent un email din partea unui cititor (\u00eei mul\u0163umesc mult \u015fi pe aceast\u0103 cale) \u00een care \u00eemi explic\u0103 c\u0103 \u015fi el tr\u0103ie\u015fte cu impresia c\u0103 Dem R\u0103dulescu a murit dup\u0103 Revolu\u0163ia din 89, undeva prin 1990-1991, \u015fi nu \u00een anul 2000. Uau! \u00cenc\u0103 cineva care &#8222;s-a \u00een\u015felat&#8221;, ca \u015fi mine? Sau am\u00e2ndoi ne-aducem aminte exact din cealalt\u0103 linie a timpului? Iat\u0103 un extras din emailul primit:<\/p>\n<blockquote><p>(&#8230;) Articolul care m\u0103 intrig\u0103 este cel despre moartea regretatului mare actor Dem R\u0103dulescu. Va explic \u0219i de ce&#8230; Am aceia\u0219i amintire ca \u0219i dumneavoastr\u0103 vizavi se moartea acestuia. Ultima filmare cu marele actor pe care eu am v\u0103zut-o se intituleaz\u0103 &#8222;Milogu&#8217; SRL&#8221;, dup\u0103 care, la scurt timp, TVR a anun\u021bat moartea acestuia exact \u00een condi\u021biile descrise de dumneavoastr\u0103 \u00een articolul publicat pe site \u00een data de 29 august 2016. Nu mai \u0219tiu exact dac\u0103 a fost dup\u0103 revelionul din 1990 sau 1991. Dup\u0103 o discu\u021bie \u00eentre prieteni,\u00a0 destul de aprins\u0103 de altfel, unul dintre ace\u0219tia mi-a ar\u0103tat data mor\u021bii actorului pe Internet, 17 septembrie 2000, cu completarea c\u0103 prind fluturi. \u00cen fa\u0163a dovezii scrise negru pe alb, am t\u0103cut, chiar dac\u0103 \u00een sinea mea eram convins c\u0103 nu este a\u015fa. Oricum pentru mine este mai pu\u021bin important anul, &#8217;90 sau &#8217;91. Important este faptul c\u0103 mai exista cineva care are aceia\u0219i amintire \u0219i \u00eemi confirm\u0103 faptul c\u0103 nu m-am \u00een\u0219elat \u015fi nici nu prind fluturi cum spunea amicul meu. Spun asta pentru c\u0103 ar fi fost imposibil, s\u0103 nu \u00eemi amintesc m\u0103car o filmare, un interviu cu Dem R\u0103dulescu \u00een zece ani (1990-2000). Sunt fan a tot ceea ce \u00eenseamn\u0103 Dem R\u0103dulescu&#8221;.<\/p><\/blockquote>\n<p>&nbsp;<\/p>\n","protected":false},"excerpt":{"rendered":"<p>Mul\u0163i dintre voi nu au cum s\u0103 nu-\u015fi aminteasc\u0103 de marele actor Dem R\u0103dulescu. Scriam \u00een 2016 articolul acesta &#8211; Moartea actorului Dem R\u0103dulescu \u015fi misteriosul \u201cefect Mandela\u201d! Dovada c\u0103 noi c\u0103l\u0103torim involuntar, \u00een timpul vie\u0163ii, dintr-un univers paralel \u00een &#8230; <\/p>\n<p class=\"read-more-container\"><a title=\"Nout\u0103\u0163i despre moartea actorului Dem R\u0103dulescu &#8211; \u00een 1990 sau 2000? Revenim la &#8222;Efectul Mandela&#8221; \u015fi la c\u0103l\u0103toria noastr\u0103 involuntar\u0103 dintr-un univers paralel \u00een altul&#8230;\" class=\"read-more button\" href=\"https:\/\/www.lovendal.ro\/wp52\/noutati-despre-moartea-actorului-dem-radulescu-in-1990-sau-2000-revenim-la-efectul-mandela-si-la-calatoria-noastra-involuntara-dintr-un-univers-paralel-in-altul\/#more-77657\" aria-label=\"Cite\u0219te mai multe despre Nout\u0103\u0163i despre moartea actorului Dem R\u0103dulescu &#8211; \u00een 1990 sau 2000? Revenim la &#8222;Efectul Mandela&#8221; \u015fi la c\u0103l\u0103toria noastr\u0103 involuntar\u0103 dintr-un univers paralel \u00een altul&#8230;\">Cititi mai multe<\/a><\/p>\n","protected":false},"author":1,"featured_media":77658,"comment_status":"open","ping_status":"open","sticky":false,"template":"","format":"standard","meta":{"footnotes":""},"categories":[14],"tags":[979,10696,9990,3613,164,108,645,9796,589,7657,1395],"class_list":["post-77657","post","type-post","status-publish","format-standard","has-post-thumbnail","hentry","category-paranormal-spiritualitate","tag-actor","tag-dem-radulescu","tag-efectul-mandela","tag-email","tag-inchisoare","tag-moarte","tag-nelson-mandela","tag-paranormal-spiritualitate","tag-revolutia-romana-din-89","tag-tvr","tag-univers-paralel","resize-featured-image"],"yoast_head":"<!-- This site is optimized with the Yoast SEO Premium plugin v23.3 (Yoast SEO v27.4) - https:\/\/yoast.com\/product\/yoast-seo-premium-wordpress\/ -->\n<title>Nout\u0103\u0163i despre moartea actorului Dem R\u0103dulescu - \u00een 1990 sau 2000? Revenim la &quot;Efectul Mandela&quot; \u015fi la c\u0103l\u0103toria noastr\u0103 involuntar\u0103 dintr-un univers paralel \u00een altul... - Secretele lui Lovendal<\/title>\n<meta name=\"robots\" content=\"index, follow, max-snippet:-1, max-image-preview:large, max-video-preview:-1\" \/>\n<link rel=\"canonical\" href=\"https:\/\/www.lovendal.ro\/wp52\/noutati-despre-moartea-actorului-dem-radulescu-in-1990-sau-2000-revenim-la-efectul-mandela-si-la-calatoria-noastra-involuntara-dintr-un-univers-paralel-in-altul\/\" \/>\n<meta property=\"og:locale\" content=\"ro_RO\" \/>\n<meta property=\"og:type\" content=\"article\" \/>\n<meta property=\"og:title\" content=\"Nout\u0103\u0163i despre moartea actorului Dem R\u0103dulescu - \u00een 1990 sau 2000? Revenim la &quot;Efectul Mandela&quot; \u015fi la c\u0103l\u0103toria noastr\u0103 involuntar\u0103 dintr-un univers paralel \u00een altul...\" \/>\n<meta property=\"og:description\" content=\"Mul\u0163i dintre voi nu au cum s\u0103 nu-\u015fi aminteasc\u0103 de marele actor Dem R\u0103dulescu. Scriam \u00een 2016 articolul acesta &#8211; Moartea actorului Dem R\u0103dulescu \u015fi misteriosul \u201cefect Mandela\u201d! Dovada c\u0103 noi c\u0103l\u0103torim involuntar, \u00een timpul vie\u0163ii, dintr-un univers paralel \u00een ... Cititi mai multe\" \/>\n<meta property=\"og:url\" content=\"https:\/\/www.lovendal.ro\/wp52\/noutati-despre-moartea-actorului-dem-radulescu-in-1990-sau-2000-revenim-la-efectul-mandela-si-la-calatoria-noastra-involuntara-dintr-un-univers-paralel-in-altul\/\" \/>\n<meta property=\"og:site_name\" content=\"Secretele lui Lovendal\" \/>\n<meta property=\"article:publisher\" content=\"https:\/\/www.facebook.com\/secreteleluilovendal\" \/>\n<meta property=\"article:published_time\" content=\"2021-10-27T08:55:56+00:00\" \/>\n<meta property=\"og:image\" content=\"https:\/\/www.lovendal.ro\/wp52\/wp-content\/uploads\/2021\/10\/Dem-Radulescu-linia-timpului.jpg\" \/>\n\t<meta property=\"og:image:width\" content=\"348\" \/>\n\t<meta property=\"og:image:height\" content=\"232\" \/>\n\t<meta property=\"og:image:type\" content=\"image\/jpeg\" \/>\n<meta name=\"author\" content=\"admin\" \/>\n<meta name=\"twitter:card\" content=\"summary_large_image\" \/>\n<meta name=\"twitter:label1\" content=\"Scris de\" \/>\n\t<meta name=\"twitter:data1\" content=\"admin\" \/>\n\t<meta name=\"twitter:label2\" content=\"Timp estimat pentru citire\" \/>\n\t<meta name=\"twitter:data2\" content=\"3 minute\" \/>\n<script type=\"application\/ld+json\" class=\"yoast-schema-graph\">{\"@context\":\"https:\\\/\\\/schema.org\",\"@graph\":[{\"@type\":\"Article\",\"@id\":\"https:\\\/\\\/www.lovendal.ro\\\/wp52\\\/noutati-despre-moartea-actorului-dem-radulescu-in-1990-sau-2000-revenim-la-efectul-mandela-si-la-calatoria-noastra-involuntara-dintr-un-univers-paralel-in-altul\\\/#article\",\"isPartOf\":{\"@id\":\"https:\\\/\\\/www.lovendal.ro\\\/wp52\\\/noutati-despre-moartea-actorului-dem-radulescu-in-1990-sau-2000-revenim-la-efectul-mandela-si-la-calatoria-noastra-involuntara-dintr-un-univers-paralel-in-altul\\\/\"},\"author\":{\"name\":\"admin\",\"@id\":\"https:\\\/\\\/www.lovendal.ro\\\/wp52\\\/#\\\/schema\\\/person\\\/088691de5dfc346bb0c023e1e52ef5d9\"},\"headline\":\"Nout\u0103\u0163i despre moartea actorului Dem R\u0103dulescu &#8211; \u00een 1990 sau 2000? Revenim la &#8222;Efectul Mandela&#8221; \u015fi la c\u0103l\u0103toria noastr\u0103 involuntar\u0103 dintr-un univers paralel \u00een altul&#8230;\",\"datePublished\":\"2021-10-27T08:55:56+00:00\",\"mainEntityOfPage\":{\"@id\":\"https:\\\/\\\/www.lovendal.ro\\\/wp52\\\/noutati-despre-moartea-actorului-dem-radulescu-in-1990-sau-2000-revenim-la-efectul-mandela-si-la-calatoria-noastra-involuntara-dintr-un-univers-paralel-in-altul\\\/\"},\"wordCount\":686,\"commentCount\":0,\"publisher\":{\"@id\":\"https:\\\/\\\/www.lovendal.ro\\\/wp52\\\/#organization\"},\"image\":{\"@id\":\"https:\\\/\\\/www.lovendal.ro\\\/wp52\\\/noutati-despre-moartea-actorului-dem-radulescu-in-1990-sau-2000-revenim-la-efectul-mandela-si-la-calatoria-noastra-involuntara-dintr-un-univers-paralel-in-altul\\\/#primaryimage\"},\"thumbnailUrl\":\"https:\\\/\\\/www.lovendal.ro\\\/wp52\\\/wp-content\\\/uploads\\\/2021\\\/10\\\/Dem-Radulescu-linia-timpului.jpg\",\"keywords\":[\"actor\",\"Dem R\u0103dulescu\",\"efectul Mandela\",\"email\",\"\u00eenchisoare\",\"moarte\",\"Nelson Mandela\",\"Paranormal-Spiritualitate\",\"Revolu\u0163ia rom\u00e2n\u0103 din 89\",\"TVR\",\"univers paralel\"],\"articleSection\":[\"Paranormal-Spiritualitate\"],\"inLanguage\":\"ro-RO\",\"potentialAction\":[{\"@type\":\"CommentAction\",\"name\":\"Comment\",\"target\":[\"https:\\\/\\\/www.lovendal.ro\\\/wp52\\\/noutati-despre-moartea-actorului-dem-radulescu-in-1990-sau-2000-revenim-la-efectul-mandela-si-la-calatoria-noastra-involuntara-dintr-un-univers-paralel-in-altul\\\/#respond\"]}]},{\"@type\":\"WebPage\",\"@id\":\"https:\\\/\\\/www.lovendal.ro\\\/wp52\\\/noutati-despre-moartea-actorului-dem-radulescu-in-1990-sau-2000-revenim-la-efectul-mandela-si-la-calatoria-noastra-involuntara-dintr-un-univers-paralel-in-altul\\\/\",\"url\":\"https:\\\/\\\/www.lovendal.ro\\\/wp52\\\/noutati-despre-moartea-actorului-dem-radulescu-in-1990-sau-2000-revenim-la-efectul-mandela-si-la-calatoria-noastra-involuntara-dintr-un-univers-paralel-in-altul\\\/\",\"name\":\"Nout\u0103\u0163i despre moartea actorului Dem R\u0103dulescu - \u00een 1990 sau 2000? Revenim la \\\"Efectul Mandela\\\" \u015fi la c\u0103l\u0103toria noastr\u0103 involuntar\u0103 dintr-un univers paralel \u00een altul... - Secretele lui Lovendal\",\"isPartOf\":{\"@id\":\"https:\\\/\\\/www.lovendal.ro\\\/wp52\\\/#website\"},\"primaryImageOfPage\":{\"@id\":\"https:\\\/\\\/www.lovendal.ro\\\/wp52\\\/noutati-despre-moartea-actorului-dem-radulescu-in-1990-sau-2000-revenim-la-efectul-mandela-si-la-calatoria-noastra-involuntara-dintr-un-univers-paralel-in-altul\\\/#primaryimage\"},\"image\":{\"@id\":\"https:\\\/\\\/www.lovendal.ro\\\/wp52\\\/noutati-despre-moartea-actorului-dem-radulescu-in-1990-sau-2000-revenim-la-efectul-mandela-si-la-calatoria-noastra-involuntara-dintr-un-univers-paralel-in-altul\\\/#primaryimage\"},\"thumbnailUrl\":\"https:\\\/\\\/www.lovendal.ro\\\/wp52\\\/wp-content\\\/uploads\\\/2021\\\/10\\\/Dem-Radulescu-linia-timpului.jpg\",\"datePublished\":\"2021-10-27T08:55:56+00:00\",\"breadcrumb\":{\"@id\":\"https:\\\/\\\/www.lovendal.ro\\\/wp52\\\/noutati-despre-moartea-actorului-dem-radulescu-in-1990-sau-2000-revenim-la-efectul-mandela-si-la-calatoria-noastra-involuntara-dintr-un-univers-paralel-in-altul\\\/#breadcrumb\"},\"inLanguage\":\"ro-RO\",\"potentialAction\":[{\"@type\":\"ReadAction\",\"target\":[\"https:\\\/\\\/www.lovendal.ro\\\/wp52\\\/noutati-despre-moartea-actorului-dem-radulescu-in-1990-sau-2000-revenim-la-efectul-mandela-si-la-calatoria-noastra-involuntara-dintr-un-univers-paralel-in-altul\\\/\"]}]},{\"@type\":\"ImageObject\",\"inLanguage\":\"ro-RO\",\"@id\":\"https:\\\/\\\/www.lovendal.ro\\\/wp52\\\/noutati-despre-moartea-actorului-dem-radulescu-in-1990-sau-2000-revenim-la-efectul-mandela-si-la-calatoria-noastra-involuntara-dintr-un-univers-paralel-in-altul\\\/#primaryimage\",\"url\":\"https:\\\/\\\/www.lovendal.ro\\\/wp52\\\/wp-content\\\/uploads\\\/2021\\\/10\\\/Dem-Radulescu-linia-timpului.jpg\",\"contentUrl\":\"https:\\\/\\\/www.lovendal.ro\\\/wp52\\\/wp-content\\\/uploads\\\/2021\\\/10\\\/Dem-Radulescu-linia-timpului.jpg\",\"width\":348,\"height\":232},{\"@type\":\"BreadcrumbList\",\"@id\":\"https:\\\/\\\/www.lovendal.ro\\\/wp52\\\/noutati-despre-moartea-actorului-dem-radulescu-in-1990-sau-2000-revenim-la-efectul-mandela-si-la-calatoria-noastra-involuntara-dintr-un-univers-paralel-in-altul\\\/#breadcrumb\",\"itemListElement\":[{\"@type\":\"ListItem\",\"position\":1,\"name\":\"Home\",\"item\":\"https:\\\/\\\/www.lovendal.ro\\\/wp52\\\/\"},{\"@type\":\"ListItem\",\"position\":2,\"name\":\"Nout\u0103\u0163i despre moartea actorului Dem R\u0103dulescu &#8211; \u00een 1990 sau 2000? Revenim la &#8222;Efectul Mandela&#8221; \u015fi la c\u0103l\u0103toria noastr\u0103 involuntar\u0103 dintr-un univers paralel \u00een altul&#8230;\"}]},{\"@type\":\"WebSite\",\"@id\":\"https:\\\/\\\/www.lovendal.ro\\\/wp52\\\/#website\",\"url\":\"https:\\\/\\\/www.lovendal.ro\\\/wp52\\\/\",\"name\":\"Secretele lui Lovendal\",\"description\":\"Site de secrete, stiinta si metafizica - din 2008 -\",\"publisher\":{\"@id\":\"https:\\\/\\\/www.lovendal.ro\\\/wp52\\\/#organization\"},\"potentialAction\":[{\"@type\":\"SearchAction\",\"target\":{\"@type\":\"EntryPoint\",\"urlTemplate\":\"https:\\\/\\\/www.lovendal.ro\\\/wp52\\\/?s={search_term_string}\"},\"query-input\":{\"@type\":\"PropertyValueSpecification\",\"valueRequired\":true,\"valueName\":\"search_term_string\"}}],\"inLanguage\":\"ro-RO\"},{\"@type\":\"Organization\",\"@id\":\"https:\\\/\\\/www.lovendal.ro\\\/wp52\\\/#organization\",\"name\":\"Secretele lui Lovendal\",\"url\":\"https:\\\/\\\/www.lovendal.ro\\\/wp52\\\/\",\"logo\":{\"@type\":\"ImageObject\",\"inLanguage\":\"ro-RO\",\"@id\":\"https:\\\/\\\/www.lovendal.ro\\\/wp52\\\/#\\\/schema\\\/logo\\\/image\\\/\",\"url\":\"https:\\\/\\\/www.lovendal.ro\\\/wp52\\\/wp-content\\\/uploads\\\/2024\\\/06\\\/cropped-SLL-iun-2024-1.jpg\",\"contentUrl\":\"https:\\\/\\\/www.lovendal.ro\\\/wp52\\\/wp-content\\\/uploads\\\/2024\\\/06\\\/cropped-SLL-iun-2024-1.jpg\",\"width\":771,\"height\":240,\"caption\":\"Secretele lui Lovendal\"},\"image\":{\"@id\":\"https:\\\/\\\/www.lovendal.ro\\\/wp52\\\/#\\\/schema\\\/logo\\\/image\\\/\"},\"sameAs\":[\"https:\\\/\\\/www.facebook.com\\\/secreteleluilovendal\"]},{\"@type\":\"Person\",\"@id\":\"https:\\\/\\\/www.lovendal.ro\\\/wp52\\\/#\\\/schema\\\/person\\\/088691de5dfc346bb0c023e1e52ef5d9\",\"name\":\"admin\",\"image\":{\"@type\":\"ImageObject\",\"inLanguage\":\"ro-RO\",\"@id\":\"https:\\\/\\\/secure.gravatar.com\\\/avatar\\\/ecb9cd41f5f63c9c9b989999a59f6e2639a865ec361e9db054db0679a8f341c2?s=96&d=mm&r=g\",\"url\":\"https:\\\/\\\/secure.gravatar.com\\\/avatar\\\/ecb9cd41f5f63c9c9b989999a59f6e2639a865ec361e9db054db0679a8f341c2?s=96&d=mm&r=g\",\"contentUrl\":\"https:\\\/\\\/secure.gravatar.com\\\/avatar\\\/ecb9cd41f5f63c9c9b989999a59f6e2639a865ec361e9db054db0679a8f341c2?s=96&d=mm&r=g\",\"caption\":\"admin\"},\"sameAs\":[\"https:\\\/\\\/www.lovendal.ro\\\/wp52\"]}]}<\/script>\n<!-- \/ Yoast SEO Premium plugin. -->","yoast_head_json":{"title":"Nout\u0103\u0163i despre moartea actorului Dem R\u0103dulescu - \u00een 1990 sau 2000? Revenim la \"Efectul Mandela\" \u015fi la c\u0103l\u0103toria noastr\u0103 involuntar\u0103 dintr-un univers paralel \u00een altul... - Secretele lui Lovendal","robots":{"index":"index","follow":"follow","max-snippet":"max-snippet:-1","max-image-preview":"max-image-preview:large","max-video-preview":"max-video-preview:-1"},"canonical":"https:\/\/www.lovendal.ro\/wp52\/noutati-despre-moartea-actorului-dem-radulescu-in-1990-sau-2000-revenim-la-efectul-mandela-si-la-calatoria-noastra-involuntara-dintr-un-univers-paralel-in-altul\/","og_locale":"ro_RO","og_type":"article","og_title":"Nout\u0103\u0163i despre moartea actorului Dem R\u0103dulescu - \u00een 1990 sau 2000? Revenim la \"Efectul Mandela\" \u015fi la c\u0103l\u0103toria noastr\u0103 involuntar\u0103 dintr-un univers paralel \u00een altul...","og_description":"Mul\u0163i dintre voi nu au cum s\u0103 nu-\u015fi aminteasc\u0103 de marele actor Dem R\u0103dulescu. Scriam \u00een 2016 articolul acesta &#8211; Moartea actorului Dem R\u0103dulescu \u015fi misteriosul \u201cefect Mandela\u201d! Dovada c\u0103 noi c\u0103l\u0103torim involuntar, \u00een timpul vie\u0163ii, dintr-un univers paralel \u00een ... Cititi mai multe","og_url":"https:\/\/www.lovendal.ro\/wp52\/noutati-despre-moartea-actorului-dem-radulescu-in-1990-sau-2000-revenim-la-efectul-mandela-si-la-calatoria-noastra-involuntara-dintr-un-univers-paralel-in-altul\/","og_site_name":"Secretele lui Lovendal","article_publisher":"https:\/\/www.facebook.com\/secreteleluilovendal","article_published_time":"2021-10-27T08:55:56+00:00","og_image":[{"width":348,"height":232,"url":"https:\/\/www.lovendal.ro\/wp52\/wp-content\/uploads\/2021\/10\/Dem-Radulescu-linia-timpului.jpg","type":"image\/jpeg"}],"author":"admin","twitter_card":"summary_large_image","twitter_misc":{"Scris de":"admin","Timp estimat pentru citire":"3 minute"},"schema":{"@context":"https:\/\/schema.org","@graph":[{"@type":"Article","@id":"https:\/\/www.lovendal.ro\/wp52\/noutati-despre-moartea-actorului-dem-radulescu-in-1990-sau-2000-revenim-la-efectul-mandela-si-la-calatoria-noastra-involuntara-dintr-un-univers-paralel-in-altul\/#article","isPartOf":{"@id":"https:\/\/www.lovendal.ro\/wp52\/noutati-despre-moartea-actorului-dem-radulescu-in-1990-sau-2000-revenim-la-efectul-mandela-si-la-calatoria-noastra-involuntara-dintr-un-univers-paralel-in-altul\/"},"author":{"name":"admin","@id":"https:\/\/www.lovendal.ro\/wp52\/#\/schema\/person\/088691de5dfc346bb0c023e1e52ef5d9"},"headline":"Nout\u0103\u0163i despre moartea actorului Dem R\u0103dulescu &#8211; \u00een 1990 sau 2000? Revenim la &#8222;Efectul Mandela&#8221; \u015fi la c\u0103l\u0103toria noastr\u0103 involuntar\u0103 dintr-un univers paralel \u00een altul&#8230;","datePublished":"2021-10-27T08:55:56+00:00","mainEntityOfPage":{"@id":"https:\/\/www.lovendal.ro\/wp52\/noutati-despre-moartea-actorului-dem-radulescu-in-1990-sau-2000-revenim-la-efectul-mandela-si-la-calatoria-noastra-involuntara-dintr-un-univers-paralel-in-altul\/"},"wordCount":686,"commentCount":0,"publisher":{"@id":"https:\/\/www.lovendal.ro\/wp52\/#organization"},"image":{"@id":"https:\/\/www.lovendal.ro\/wp52\/noutati-despre-moartea-actorului-dem-radulescu-in-1990-sau-2000-revenim-la-efectul-mandela-si-la-calatoria-noastra-involuntara-dintr-un-univers-paralel-in-altul\/#primaryimage"},"thumbnailUrl":"https:\/\/www.lovendal.ro\/wp52\/wp-content\/uploads\/2021\/10\/Dem-Radulescu-linia-timpului.jpg","keywords":["actor","Dem R\u0103dulescu","efectul Mandela","email","\u00eenchisoare","moarte","Nelson Mandela","Paranormal-Spiritualitate","Revolu\u0163ia rom\u00e2n\u0103 din 89","TVR","univers paralel"],"articleSection":["Paranormal-Spiritualitate"],"inLanguage":"ro-RO","potentialAction":[{"@type":"CommentAction","name":"Comment","target":["https:\/\/www.lovendal.ro\/wp52\/noutati-despre-moartea-actorului-dem-radulescu-in-1990-sau-2000-revenim-la-efectul-mandela-si-la-calatoria-noastra-involuntara-dintr-un-univers-paralel-in-altul\/#respond"]}]},{"@type":"WebPage","@id":"https:\/\/www.lovendal.ro\/wp52\/noutati-despre-moartea-actorului-dem-radulescu-in-1990-sau-2000-revenim-la-efectul-mandela-si-la-calatoria-noastra-involuntara-dintr-un-univers-paralel-in-altul\/","url":"https:\/\/www.lovendal.ro\/wp52\/noutati-despre-moartea-actorului-dem-radulescu-in-1990-sau-2000-revenim-la-efectul-mandela-si-la-calatoria-noastra-involuntara-dintr-un-univers-paralel-in-altul\/","name":"Nout\u0103\u0163i despre moartea actorului Dem R\u0103dulescu - \u00een 1990 sau 2000? Revenim la \"Efectul Mandela\" \u015fi la c\u0103l\u0103toria noastr\u0103 involuntar\u0103 dintr-un univers paralel \u00een altul... - Secretele lui Lovendal","isPartOf":{"@id":"https:\/\/www.lovendal.ro\/wp52\/#website"},"primaryImageOfPage":{"@id":"https:\/\/www.lovendal.ro\/wp52\/noutati-despre-moartea-actorului-dem-radulescu-in-1990-sau-2000-revenim-la-efectul-mandela-si-la-calatoria-noastra-involuntara-dintr-un-univers-paralel-in-altul\/#primaryimage"},"image":{"@id":"https:\/\/www.lovendal.ro\/wp52\/noutati-despre-moartea-actorului-dem-radulescu-in-1990-sau-2000-revenim-la-efectul-mandela-si-la-calatoria-noastra-involuntara-dintr-un-univers-paralel-in-altul\/#primaryimage"},"thumbnailUrl":"https:\/\/www.lovendal.ro\/wp52\/wp-content\/uploads\/2021\/10\/Dem-Radulescu-linia-timpului.jpg","datePublished":"2021-10-27T08:55:56+00:00","breadcrumb":{"@id":"https:\/\/www.lovendal.ro\/wp52\/noutati-despre-moartea-actorului-dem-radulescu-in-1990-sau-2000-revenim-la-efectul-mandela-si-la-calatoria-noastra-involuntara-dintr-un-univers-paralel-in-altul\/#breadcrumb"},"inLanguage":"ro-RO","potentialAction":[{"@type":"ReadAction","target":["https:\/\/www.lovendal.ro\/wp52\/noutati-despre-moartea-actorului-dem-radulescu-in-1990-sau-2000-revenim-la-efectul-mandela-si-la-calatoria-noastra-involuntara-dintr-un-univers-paralel-in-altul\/"]}]},{"@type":"ImageObject","inLanguage":"ro-RO","@id":"https:\/\/www.lovendal.ro\/wp52\/noutati-despre-moartea-actorului-dem-radulescu-in-1990-sau-2000-revenim-la-efectul-mandela-si-la-calatoria-noastra-involuntara-dintr-un-univers-paralel-in-altul\/#primaryimage","url":"https:\/\/www.lovendal.ro\/wp52\/wp-content\/uploads\/2021\/10\/Dem-Radulescu-linia-timpului.jpg","contentUrl":"https:\/\/www.lovendal.ro\/wp52\/wp-content\/uploads\/2021\/10\/Dem-Radulescu-linia-timpului.jpg","width":348,"height":232},{"@type":"BreadcrumbList","@id":"https:\/\/www.lovendal.ro\/wp52\/noutati-despre-moartea-actorului-dem-radulescu-in-1990-sau-2000-revenim-la-efectul-mandela-si-la-calatoria-noastra-involuntara-dintr-un-univers-paralel-in-altul\/#breadcrumb","itemListElement":[{"@type":"ListItem","position":1,"name":"Home","item":"https:\/\/www.lovendal.ro\/wp52\/"},{"@type":"ListItem","position":2,"name":"Nout\u0103\u0163i despre moartea actorului Dem R\u0103dulescu &#8211; \u00een 1990 sau 2000? Revenim la &#8222;Efectul Mandela&#8221; \u015fi la c\u0103l\u0103toria noastr\u0103 involuntar\u0103 dintr-un univers paralel \u00een altul&#8230;"}]},{"@type":"WebSite","@id":"https:\/\/www.lovendal.ro\/wp52\/#website","url":"https:\/\/www.lovendal.ro\/wp52\/","name":"Secretele lui Lovendal","description":"Site de secrete, stiinta si metafizica - din 2008 -","publisher":{"@id":"https:\/\/www.lovendal.ro\/wp52\/#organization"},"potentialAction":[{"@type":"SearchAction","target":{"@type":"EntryPoint","urlTemplate":"https:\/\/www.lovendal.ro\/wp52\/?s={search_term_string}"},"query-input":{"@type":"PropertyValueSpecification","valueRequired":true,"valueName":"search_term_string"}}],"inLanguage":"ro-RO"},{"@type":"Organization","@id":"https:\/\/www.lovendal.ro\/wp52\/#organization","name":"Secretele lui Lovendal","url":"https:\/\/www.lovendal.ro\/wp52\/","logo":{"@type":"ImageObject","inLanguage":"ro-RO","@id":"https:\/\/www.lovendal.ro\/wp52\/#\/schema\/logo\/image\/","url":"https:\/\/www.lovendal.ro\/wp52\/wp-content\/uploads\/2024\/06\/cropped-SLL-iun-2024-1.jpg","contentUrl":"https:\/\/www.lovendal.ro\/wp52\/wp-content\/uploads\/2024\/06\/cropped-SLL-iun-2024-1.jpg","width":771,"height":240,"caption":"Secretele lui Lovendal"},"image":{"@id":"https:\/\/www.lovendal.ro\/wp52\/#\/schema\/logo\/image\/"},"sameAs":["https:\/\/www.facebook.com\/secreteleluilovendal"]},{"@type":"Person","@id":"https:\/\/www.lovendal.ro\/wp52\/#\/schema\/person\/088691de5dfc346bb0c023e1e52ef5d9","name":"admin","image":{"@type":"ImageObject","inLanguage":"ro-RO","@id":"https:\/\/secure.gravatar.com\/avatar\/ecb9cd41f5f63c9c9b989999a59f6e2639a865ec361e9db054db0679a8f341c2?s=96&d=mm&r=g","url":"https:\/\/secure.gravatar.com\/avatar\/ecb9cd41f5f63c9c9b989999a59f6e2639a865ec361e9db054db0679a8f341c2?s=96&d=mm&r=g","contentUrl":"https:\/\/secure.gravatar.com\/avatar\/ecb9cd41f5f63c9c9b989999a59f6e2639a865ec361e9db054db0679a8f341c2?s=96&d=mm&r=g","caption":"admin"},"sameAs":["https:\/\/www.lovendal.ro\/wp52"]}]}},"_links":{"self":[{"href":"https:\/\/www.lovendal.ro\/wp52\/wp-json\/wp\/v2\/posts\/77657","targetHints":{"allow":["GET"]}}],"collection":[{"href":"https:\/\/www.lovendal.ro\/wp52\/wp-json\/wp\/v2\/posts"}],"about":[{"href":"https:\/\/www.lovendal.ro\/wp52\/wp-json\/wp\/v2\/types\/post"}],"author":[{"embeddable":true,"href":"https:\/\/www.lovendal.ro\/wp52\/wp-json\/wp\/v2\/users\/1"}],"replies":[{"embeddable":true,"href":"https:\/\/www.lovendal.ro\/wp52\/wp-json\/wp\/v2\/comments?post=77657"}],"version-history":[{"count":0,"href":"https:\/\/www.lovendal.ro\/wp52\/wp-json\/wp\/v2\/posts\/77657\/revisions"}],"wp:featuredmedia":[{"embeddable":true,"href":"https:\/\/www.lovendal.ro\/wp52\/wp-json\/wp\/v2\/media\/77658"}],"wp:attachment":[{"href":"https:\/\/www.lovendal.ro\/wp52\/wp-json\/wp\/v2\/media?parent=77657"}],"wp:term":[{"taxonomy":"category","embeddable":true,"href":"https:\/\/www.lovendal.ro\/wp52\/wp-json\/wp\/v2\/categories?post=77657"},{"taxonomy":"post_tag","embeddable":true,"href":"https:\/\/www.lovendal.ro\/wp52\/wp-json\/wp\/v2\/tags?post=77657"}],"curies":[{"name":"wp","href":"https:\/\/api.w.org\/{rel}","templated":true}]}}