{"id":7763,"date":"2009-09-21T20:30:29","date_gmt":"2009-09-21T17:30:29","guid":{"rendered":"http:\/\/www.lovendal.net\/wp52\/?p=7763"},"modified":"2024-10-14T08:59:20","modified_gmt":"2024-10-14T05:59:20","slug":"originea-dacica-a-unor-imparati-romani","status":"publish","type":"post","link":"https:\/\/www.lovendal.ro\/wp52\/originea-dacica-a-unor-imparati-romani\/","title":{"rendered":"Unii \u00eemp\u0103ra\u0163i romani au avut origini dacice, dar s-a ascuns lucrul acesta. Regalian &#8211; str\u0103nepotul lui Decebal, Aureolus &#8211; ciobanul din Carpa\u0163i, olteanul Galerius Maximianus \u015fi al\u0163ii&#8230;"},"content":{"rendered":"<figure id=\"attachment_94311\" aria-describedby=\"caption-attachment-94311\" style=\"width: 332px\" class=\"wp-caption alignleft\"><a href=\"https:\/\/www.lovendal.ro\/wp52\/wp-content\/uploads\/2009\/09\/imparati-romani.jpg\"><img loading=\"lazy\" decoding=\"async\" class=\" wp-image-94311\" src=\"https:\/\/www.lovendal.ro\/wp52\/wp-content\/uploads\/2009\/09\/imparati-romani.jpg\" alt=\"\" width=\"342\" height=\"298\" srcset=\"https:\/\/www.lovendal.ro\/wp52\/wp-content\/uploads\/2009\/09\/imparati-romani.jpg 541w, https:\/\/www.lovendal.ro\/wp52\/wp-content\/uploads\/2009\/09\/imparati-romani-300x262.jpg 300w\" sizes=\"auto, (max-width: 342px) 100vw, 342px\" \/><\/a><figcaption id=\"caption-attachment-94311\" class=\"wp-caption-text\"><strong>Imagine:<\/strong> generata de AI (<strong>Microsoft Designer<\/strong>)<\/figcaption><\/figure>\n<p>\u00cemp\u0103ra\u0163ii romani de origine dacic\u0103 sunt un subiect foarte pu\u0163in cunoscut. Poate numele lor le sunt familiare multora, dar cu privire la originea lor dacic\u0103 s-a p\u0103strat t\u0103cere. De-a lungul timpului, cei mai mul\u0163i istorici rom\u00e2ni, dar \u015fi unii str\u0103ini, le-au contestat originea, \u00een ciuda documentelor care ne garanteaz\u0103 ob\u00e2r\u015fia lor dacic\u0103. Totu\u015fi, f\u0103r\u0103 ace\u015fti daci ajun\u015fi la c\u00e2rma Imperiului, istoria Daciei, a Europei \u015fi chiar a \u00eentregii cre\u015ftin\u0103t\u0103\u0163i ar fi fost alta. Istoria oficial\u0103 le contest\u0103 dacismul \u015fi ast\u0103zi, din motive greu de \u00een\u0163eles.<\/p>\n<p><strong>Regalian, str\u0103nepotul lui Decebal<\/strong><\/p>\n<p>Nu \u015ftim ce s-a \u00eent\u00e2mplat cu dacii dup\u0103 cucerirea Daciei de c\u0103tre romani. Dac\u0103 ar fi s\u0103 d\u0103m crezare manualelor, ei s-au romanizat rapid \u015fi f\u0103r\u0103 cale de \u00eentoarcere, \u00een decursul a doar un secol \u015fi jum\u0103tate. Totu\u015fi, amintirea lui Decebal a r\u0103mas vie \u00een secolele urm\u0103toare, iar numele de &#8222;dac&#8221; este purtat cu m\u00e2ndrie de mai multe personaje istorice, ajunse pe cele mai \u00eenalte trepte ale ierarhiei militare sau politice a Imperiului roman. Dup\u0103 constitu\u0163ia lui Caracalla din 212, prin care to\u0163i cet\u0103\u0163enii imperiului n\u0103scu\u0163i liberi deveneau cet\u0103\u0163eni romani cu drepturi depline, orice dac devenit cet\u0103\u0163ean roman putea urca \u00een ierarhiile vremii.<\/p>\n<figure id=\"attachment_7765\" aria-describedby=\"caption-attachment-7765\" style=\"width: 130px\" class=\"wp-caption alignleft\"><a href=\"https:\/\/www.lovendal.ro\/wp52\/wp-content\/uploads\/2009\/09\/regalian.jpg\"><img loading=\"lazy\" decoding=\"async\" class=\"size-full wp-image-7765\" title=\"regalian\" src=\"https:\/\/www.lovendal.ro\/wp52\/wp-content\/uploads\/2009\/09\/regalian.jpg\" alt=\"Regalian\" width=\"140\" height=\"146\" \/><\/a><figcaption id=\"caption-attachment-7765\" class=\"wp-caption-text\">Regalian<\/figcaption><\/figure>\n<p>Regalian este cel dint\u00e2i dac care a urcat \u00een aceast\u0103 ierarhie. Documentele epocii spun c\u0103 dacul cel ambi\u0163ios a intrat \u00een istorie \u00een preajma anului 260 d.Cr. \u015ei sus\u0163ineau c\u0103 este un urma\u015f al lui Decebal, un str\u0103nepot al marelui rege martir. Poate fi \u00eentru totul adev\u0103rat, sau poate fi doar o genealogie imaginar\u0103. Ceea ce \u00eens\u0103 nu se poate pune la \u00eendoial\u0103 este originea dacic\u0103 a lui Regalian. \u00cen anul 260, \u00een vreme ce pe tronul Romei se afla Gallienus, dacul Regalian, general cu talent de strateg, se afla \u00een fruntea trupelor din zona Dun\u0103rii, din Pannonia \u015fi Moesia. Nu mult dup\u0103 anul 260, el pune la cale o rebeliune, \u00een urma c\u0103reia este proclamat \u00eemp\u0103rat de c\u0103tre trupele sale. Monedele emise de el \u015fi de so\u0163ia (sau mama) sa, Sulpicia Dryantilla, o femeie cu nume dacic, s-au limitat la zona dun\u0103rean\u0103. Dup\u0103 preluarea puterii, duce lupte \u00eempotriva sarma\u0163ilor, dar Gallienus vine de la Roma \u00eempotriva lui \u015fi \u00eel \u00eenvinge. Conform surselor scrise, Regalian este ucis \u00eentr-un complot de propriii s\u0103i partizani, alia\u0163i cu roxolanii.<\/p>\n<p><strong>Dacia a fost eliberat\u0103 de sub ocuparea roman\u0103?<\/strong><\/p>\n<p>Figura lui Regalian este deosebit de important\u0103 \u00een istoria provinciei Dacia, deoarece coincide cu un moment-cheie: abandonarea provinciei de c\u0103tre Gallienus. De\u015fi Aurelian este considerat autorul retragerii trupelor \u015fi administra\u0163iei romane din Dacia, totu\u015fi, izvoarele istorice \u015fi arheologice ne confirm\u0103 faptul c\u0103 provincia Dacia a fost abandonat\u0103 mai devreme, \u00een vremea lui Gallienus, iar Aurelian nu a f\u0103cut dec\u00e2t s\u0103 consemneze \u00een acte un fapt deja consumat \u015fi pe care oficialit\u0103\u0163ile mult\u0103 vreme nu au avut curajul s\u0103-l recunoasc\u0103.Scrierile vechi ne informeaz\u0103 c\u0103 &#8222;Dacia a fost pierdut\u0103&#8221; \u00een vremea adversarului lui Regalian, iar arheologia ne arat\u0103 c\u0103 tot \u00een vremea acestui \u00eemp\u0103rat au \u00eencetat inscrip\u0163iile romane din Dacia, precum \u015fi baterea de monede. Acest moment coincide \u015fi cu o serie de atacuri dure ale carpilor (daci liberi) asupra provinciei.<\/p>\n<p>Contextul acesta este rareori invocat de istoricii no\u015ftri, care pun retragerea romanilor doar pe seama atacurilor pricinuite de barbari \u015fi de go\u0163i (chiar dac\u0103 izvoarele subliniaz\u0103 c\u0103 este vorba de carpi, istoricii insist\u0103 c\u0103 prin &#8222;carpi&#8221; trebuie s\u0103 \u00een\u0163elegem &#8222;go\u0163i&#8221;). Uzurparea puterii lui Gallienus \u00een zon\u0103, prin rebeliunea dacului Regalian \u015fi atacurile dacilor liberi, ne poate sugera c\u0103 retragerea armatei \u015fi a administra\u0163iei romane din provincie nu reprezint\u0103 un abandon al Daciei ci, din contr\u0103, o eliberare. Deci, romanii au fost, efectiv, alunga\u0163i din provincie de c\u0103tre daci \u015fi au sus\u0163inut apoi, c\u0103 justificare, c\u0103 Dacia este greu de aparat, din pricina atacurilor barbare. Ulterior, Aurelian a creat \u00een sudul Dun\u0103rii o alt\u0103 Dacie, numit\u0103 &#8222;Dacia Aureliana&#8221; \u015fi mai apoi &#8222;Dacia Ripensis&#8221;, pentru a p\u0103stra aparen\u0163a unei Dacii romane. Ce s-ar fi \u00eent\u00e2mplat dac\u0103 Regalian nu l-ar fi uzurpat pe Gallienus sau dac\u0103 dacii liberi nu ar fi venit \u00een ajutorul fra\u0163ilor lor din \u0163inutul ocupat de romani? Poate c\u0103 Dacia ar fi continuat, pentru cine \u015ftie c\u00e2t\u0103 vreme, s\u0103 fie provincie roman\u0103. \u00cen acest fel, Dacia a fost prima provincie a imperiului din care romanii au fost nevoi\u0163i s\u0103 se retrag\u0103.<\/p>\n<p><strong>Aureolus, ciobanul din Carpa\u0163i, s-a proclamat \u00eemp\u0103rat al Romei<\/strong><\/p>\n<p>Tot \u00een vremea lui Gallienus a tr\u0103it \u015fi Marcus Acilius Aureolus, dac dintr-o familie de ciobani, el \u00eensu\u015fi pastor \u00een tinere\u0163e. Istoricul bizantin Zonaras spune despre el: <em>&#8222;Aureolus era din \u0163ara getic\u0103, numit\u0103 mai t\u00e2rziu Dacia, \u015fi de neam obscur, fiind mai \u00eent\u00e2i pastor&#8230;&#8221;<\/em>. Intrat ca soldat de r\u00e2nd \u00een armat\u0103 roman\u0103, a c\u00e2\u015ftigat simpatia \u00eemp\u0103ratului Valerianus \u015fi a ajuns \u00eengrijitor al cavaleriei. Dup\u0103 ce a c\u00e2\u015ftigat \u015fi \u00eencrederea lui Gallienus (succesorul lui Valerian la tron), a fost trimis de \u00eemp\u0103rat \u00een anul 265 s\u0103 lupte \u00eempotriva unui uzurpator din Galia, Postumus, dar Aureolus s-a aliat cu acesta \u00eempotriva \u00eemp\u0103ratului de la Roma. A fost proclamat suveran la Mediolanum de c\u0103tre armatele sale, \u00een anul 268. Totul se petrecea \u00een plin\u0103 criz\u0103 politic\u0103 a imperiului, celebra criz\u0103 a secolului al III-lea, c\u00e2nd s-au succedat la tronul Romei o mul\u0163ime de \u00eemp\u0103ra\u0163i, mai to\u0163i provinciali, mai adesea sprijini\u0163i de armat\u0103.<\/p>\n<p>Gallienus a pornit \u00eempotriva celui de-al doilea dac autoproclamat \u00eemp\u0103rat, Aureolus, care i-a cerut ajutor lui Postumus. Acesta \u00eens\u0103 l-a refuzat, tr\u0103d\u00e2nd prietenia care \u00eei lega. Totu\u015fi, cel care a murit \u00een asediul de la Mediolanum a fost Gallienus, iar Aureolus a reu\u015fit s\u0103-\u015fi p\u0103streze titlul, p\u00e2n\u0103 \u00een vremea lui Aurelian, dar a fost tr\u0103dat \u015fi ucis, ca \u015fi Regalian, de propriii lui solda\u0163i.<\/p>\n<p><strong>\u00cemp\u0103ratul Galeriu, &#8222;olteanul&#8221; care i-a r\u0103zbunat pe daci<\/strong><\/p>\n<p>Galerius Maximianus (292-311) i-a urmat la domnie lui Diocletian, al c\u0103rui protejat a fost. S-a n\u0103scut \u00eentr-un sat din apropiere de Serdica (Sofia), dintr-o mam\u0103 dac\u0103, venit\u0103 din nordul Dun\u0103rii, din Dacia Traiana.Se crede c\u0103, dup\u0103 numele s\u0103u romanizat, Romula, mama sa ar fi venit de undeva din Oltenia, din Dacia Malvensis, poate chiar din ora\u015ful Romula (ast\u0103zi Re\u015fca, jud. Olt). Lactantiu, scriitorul cre\u015ftin care ne confirm\u0103 originea dacic\u0103 a \u00eemp\u0103ratului Galeriu, ne mai d\u0103 c\u00e2teva informa\u0163ii uluitoare despre acest dac ajuns \u00eemp\u0103rat. \u00cen primul r\u00e2nd, a vrut s\u0103 supun\u0103 la obliga\u0163ia pl\u0103\u0163ii impozitelor Roma \u015fi \u00eentreaga Italie, drept r\u0103zbunare pentru umilirea dacilor de c\u0103tre Traian, care le-a impus tribut dacilor. \u00cen al doilea r\u00e2nd, a vrut s\u0103 schimbe numele Imperiului roman \u00een Imperiul dacic. \u00cenainte de a muri, \u00eemp\u0103ratul s-a retras \u00een satul s\u0103u natal, care a fost numit Romulianum, dup\u0103 numele mamei sale.<\/p>\n<p>Galeriu a r\u0103mas \u00een istorie pentru persecu\u0163iile sale \u00eempotriva cre\u015ftinilor, at\u00e2t \u00een vremea lui Diocletian, c\u00e2t \u015fi dup\u0103 urcarea sa pe tron. Totu\u015fi, \u00eenainte de a muri, a dat primul edict de toleran\u0163\u0103 din istoria cre\u015ftinilor, reeditat apoi de Constantin cel Mare. Pe arcul sau de triumf de la Salonic apar figuri de daci cu steagul lor na\u0163ional \u00een form\u0103 de \u015farpe cu cap de lup. Speciali\u015ftii \u00eenc\u0103 nu s-au dumirit ce caut\u0103 ace\u015fti daci pe arcul lui Galeriu, dar unii dintre ei au presupus c\u0103 este vorba de solda\u0163i daci din regiunea natal\u0103 a \u00eemp\u0103ratului.<\/p>\n<p>Dacismul lui Galerius este incontestabil, la fel \u015fi adversitatea sa fa\u0163\u0103 de romani \u015fi de numele de &#8222;roman&#8221;, declarat\u0103 deschis de \u00eemp\u0103rat. Nu ar fi exclus c\u0103 seria lung\u0103 de documente ce relatau cucerirea Daciei, toate disp\u0103rute ast\u0103zi, s\u0103 fi fost cenzurate sau distruse \u00een vremea lui Galeriu sau a altor \u00eemp\u0103ra\u0163i de mai t\u00e2rziu, care au \u00eencercat s\u0103 apere astfel memoria dacilor.<\/p>\n<p>&nbsp;<\/p>\n<p><a href=\"https:\/\/www.lovendal.ro\/wp52\/wp-content\/uploads\/2009\/09\/Maximinus-Daia.jpg\"><img loading=\"lazy\" decoding=\"async\" class=\"size-full wp-image-7767\" title=\"Maximinus Daia\" src=\"https:\/\/www.lovendal.ro\/wp52\/wp-content\/uploads\/2009\/09\/Maximinus-Daia.jpg\" alt=\"Maximinus Daia\" width=\"161\" height=\"189\" \/><\/a><\/p>\n<p><strong>Daia \u015fi Licinius<\/strong><\/p>\n<p>Maximinus Daia (sau Daza) era nepotul \u00eemp\u0103ratului Galeriu. S-a n\u0103scut \u00een Dacia Aureliana, la sud de Dun\u0103re, av\u00e2nd-o c\u0103 mama pe sora \u00eemp\u0103ratului. A ajuns s\u0103 fie adoptat de unchiul s\u0103u, dar chiar \u015fi dup\u0103 adop\u0163ie, a \u0163inut s\u0103-\u015fi p\u0103streze numele dacic. \u00cen schimb, despre Licinius, izvoarele spun c\u0103 se tr\u0103gea dintr-o familie de \u0163\u0103rani daci din Moesia Superior. S-a n\u0103scut \u00een anul 265 \u015fi a ajuns prieten foarte bun cu Galeriu. \u00cemp\u0103ratul Galeriu i-a conferit lui Licinius titlul de &#8222;Augustus&#8221; \u00een vestul imperiului, \u00een anul 308, \u00een timp ce Daia, nepotul \u00eemp\u0103ratului, \u015fi Constantin (\u015fi acesta de origine moeso-dacic\u0103) au fost numi\u0163i &#8222;fiii augu\u015ftilor&#8221;. \u00cen felul acesta, to\u0163i cei patru suverani care formau tetrarhia (form\u0103 de conducere cu patru \u00eemp\u0103ra\u0163i, doi de rang superior \u015fi doi de rang mai mic), erau de origine dacic\u0103.<\/p>\n<p>Dup\u0103 moartea lui Galeriu, \u00een 311, Licinius \u015fi-a \u00eemp\u0103r\u0163it imperiul fr\u0103\u0163e\u015fte cu Daia, dar \u00een 313, s-a aliat cu Constantin, c\u0103s\u0103torindu-se cu sora lui vitreg\u0103, la Mediolanum (Milano). Constantin \u015fi Licinius se reuniser\u0103 la Milano pentru un eveniment extrem de important: promulgarea edictului prin care religia cre\u015ftin\u0103 devenea egal\u0103 \u00een drepturi cu celelalte religii ale imperiului. De cealalt\u0103 parte, Daia s-a aliat cu uzurpatorul Maxen\u0163iu. Conflictul dintre Licinius \u015fi Daia era previzibil. Daia a fost \u00eenfr\u00e2nt \u015fi, spun unele surse, a preferat s\u0103 se sinucid\u0103. Locul s\u0103u a fost luat de Constantin, cumnatul lui Licinius. Dar tr\u0103darea a fost pl\u0103tit\u0103. Licinius \u015fi Constantin au intrat \u00eentr-un conflict, \u00een urma c\u0103ruia cel din urm\u0103 a ie\u015fit \u00eenving\u0103tor \u015fi a devenit unic \u00eemp\u0103rat al imperiului. Cu ace\u015fti patru \u00eemp\u0103ra\u0163i de origine dacic\u0103, ce au condus imperiul simultan, a \u00eenceput o nou\u0103 epoc\u0103 \u00een istoria Imperiului roman.<\/p>\n<p>&nbsp;<\/p>\n<p><a href=\"https:\/\/www.lovendal.ro\/wp52\/wp-content\/uploads\/2009\/09\/Imparatul-Constantin.jpg\"><img loading=\"lazy\" decoding=\"async\" class=\"size-full wp-image-7768\" title=\"Imparatul Constantin\" src=\"https:\/\/www.lovendal.ro\/wp52\/wp-content\/uploads\/2009\/09\/Imparatul-Constantin.jpg\" alt=\"Imparatul Constantin\" width=\"213\" height=\"207\" \/><\/a><\/p>\n<p>Constantin \u015fi Elena. Enigma dacilor de pe Arcul lui Constantin<\/p>\n<p>Dar cel mai mare \u00eemp\u0103rat roman de origine dacic\u0103 este Constantin, primul \u00eemp\u0103rat cre\u015ftin din istorie. S-a n\u0103scut la sud de Dun\u0103re, la Naissus, \u00een Serbia de ast\u0103zi, pe atunci provincia Moesia Superior. Tat\u0103l s\u0103u, \u00eemp\u0103ratul Constantius Chlorus, era tot din Naissus. \u00cen anul 325, \u00een vremea conciliului de la Niceea, la Naissus este atestat un episcop care \u00ee\u015fi spune &#8222;Dacus&#8221;. Prezen\u0163a dacilor la sudul Dun\u0103rii, at\u00e2t \u00eenainte de cucerirea Daciei c\u00e2t \u015fi dup\u0103 aceea, este incontestabil\u0103. Deci, Constantin era, mai exact, un moeso-dac. De\u015fi nu \u015ftim \u00een ce fel dacismul sau i-a influen\u0163at ac\u0163iunile, \u015ftim sigur un lucru: el este cel care, la doar dou\u0103 secole dup\u0103 cucerirea Daciei, spoliaz\u0103 monumentele din splendidul for al lui Traian.<\/p>\n<p>Marea friza de piatr\u0103 a lui Traian, m\u0103sur\u00e2nd peste 30 de metri (dup\u0103 al\u0163ii mult mai mult) \u015fi fiind a treia ca m\u0103rime din \u00eentreaga antichitate, este spart\u0103 \u00een buc\u0103\u0163i de Constantin. Patru buc\u0103\u0163i sunt \u00eencastrate \u00een arcul sau de triumf de la Roma, dup\u0103 ce figura lui Traian este \u015ftears\u0103 din reprezent\u0103rile reliefurilor. Mai mult, opt din grandioasele statui de daci, \u00eenalte de trei metri, care \u00eempodobeau forul lui Traian, sunt scoase de la locul lor \u015fi urcate pe Arcul \u00eemp\u0103ratului Constantin. Ce logic\u0103 s\u0103 aib\u0103 dislocarea unor statui colosale de daci \u015fi plasarea lor pe un monument al unui \u00eemp\u0103rat roman, dac\u0103 nu faptul c\u0103 acesta era n\u0103scut tot \u00een \u0163ara dacilor? Cu siguran\u0163\u0103, Constantin avea o mare pre\u0163uire pentru str\u0103mo\u015fii s\u0103i.<\/p>\n<p>Documentele ne spun chiar c\u0103 ar fi \u00eencercat s\u0103 aduc\u0103 Dacia sub st\u0103p\u00e2nirea sa \u015fi a ref\u0103cut podul de peste Dun\u0103re. Totu\u015fi, cum de a fost posibil\u0103 aceasta &#8222;profanare&#8221; a forului lui Traian? Speciali\u015ftii spun c\u0103 era nevoie de material de construc\u0163ie \u015fi c\u0103, \u00een acela\u015fi timp, nu mai existau arti\u015fti talenta\u0163i c\u0103 \u00een vremurile anterioare, arta roman\u0103 afl\u00e2ndu-se \u00eentr-un declin evident. E adev\u0103rat, pe l\u00e2ng\u0103 piesele luate din forul lui Traian, pe Arcul lui Constantin exist\u0103 \u015fi reliefuri atribuite de speciali\u015fti epocilor lui Hadrian \u015fi Marc Aureliu. Deci, Constantin ar fi luat ce i-a pl\u0103cut de pe monumentele predecesorilor s\u0103i.<\/p>\n<p>Gestul at\u00e2t de neobi\u015fnuit \u015fi de \u015focant al plas\u0103rii celor opt statui de daci pe Arcul de triumf al lui Constantin \u00ee\u015fi g\u0103se\u015fte \u00een acest fel o explica\u0163ie. Statuile de pe arc simbolizeaz\u0103 ob\u00e2r\u015fia dacic\u0103, m\u00e2ndr\u0103 \u015fi iubitoare de libertate, a \u00eemp\u0103ratului. Din aceast\u0103 perspectiv\u0103, nu ar fi deloc absurd s\u0103 ne g\u00e2ndim c\u0103 scrierea de c\u0103p\u0103t\u00e2i a lui Traian despre cucerirea Daciei a disp\u0103rut, ca \u015fi celelalte scrieri ce relateaz\u0103 acest eveniment dramatic din istoria dacilor, din ordinul lui Constantin.<\/p>\n<p><strong>Falsificarea istoriei<\/strong><\/p>\n<p>Se impune o \u00eentrebare: de ce manualele de istorie nu pomenesc nimic despre rolul dacilor \u00een istoria imperiului roman? A existat \u015fi continu\u0103 s\u0103 existe o adev\u0103rat\u0103 conspira\u0163ie \u00een jurul acestui subiect. Istoricii no\u015ftri, dar \u015fi unii str\u0103ini, \u00een special maghiari, au f\u0103cut tot posibilul pentru a &#8222;demonta&#8221; originea dacic\u0103 a unor personaje ajunse pe tronul \u00eemp\u0103r\u0103\u0163iei romane. Despre mama lui Galeriu s-a spus c\u0103 era o barbar\u0103, ba roxolan\u0103, ba ilir\u0103, ba, \u00een cazul cel mai bun, dac\u0103 romanizat\u0103, de\u015fi sursele ne spun r\u0103spicat c\u0103 era dac\u0103 de la nordul Dun\u0103rii, chiar dac\u0103 avea nume latin. Despre informa\u0163iile pe care ni le d\u0103 Lactantiu cu privire la Galeriu s-a spus c\u0103 nu merit\u0103 s\u0103 fie luate de bune. Despre cele din &#8222;Historia Augusta&#8221;, care ne atest\u0103 originea dacic\u0103 a lui Regalian, la fel, c\u0103 ar fi vorba de ni\u015fte n\u0103scociri. De ce toate acestea? Din dou\u0103 motive diferite, dar cu un unic scop. Unii istorici maghiari, \u00een frunte cu A. Alfldi (1940), au vrut s\u0103 demonstreze c\u0103, dup\u0103 abandonarea provinciei, \u00een Dacia nu a mai r\u0103mas niciun dac \u015fi c\u0103 nu a existat niciun fel de continuitate de-a lungul mileniului &#8222;\u00eentunecat&#8221;, p\u00e2n\u0103 la venirea maghiarilor \u00een Transilvania. Apari\u0163ia unor personaje istorice importante, de ob\u00e2r\u015fie dacic\u0103, le \u00eencurca socotelile, \u015fi au recurs la contestarea surselor documentare, pentru a demonstra c\u0103 nu este vorba de daci autentici.<\/p>\n<p>Istoricii romani, \u00een schimb, au c\u0103utat s\u0103 demonstreze c\u0103, dup\u0103 abandonarea Daciei, toat\u0103 popula\u0163ia r\u0103mas\u0103 \u00een provincie era deja complet romanizat\u0103. Prin urmare, \u015fi \u00eemp\u0103ra\u0163ii de origine dacic\u0103 trebuiau s\u0103 fie tot romani. La acea vreme, &#8222;nu trebuiau&#8221; s\u0103 mai existe dec\u00e2t romani, eventual proveni\u0163i din str\u0103mo\u015fi daci romaniza\u0163i. Dar faptul c\u0103 scrierile la care ne-am referit insist\u0103 asupra originii dacice a acestor \u00eemp\u0103ra\u0163i ne arat\u0103 cu claritate c\u0103 ei nu erau daci integral \u015fi definitiv romaniza\u0163i, ci originea lor etnic\u0103 era foarte important\u0103. Cuno\u015fteau, desigur, limba latin\u0103, erau integra\u0163i \u00een societatea roman\u0103 provincial\u0103, dar ob\u00e2r\u015fia lor era dacic\u0103.<\/p>\n<p>Dac\u0103 ar fi fost daci complet romaniza\u0163i, f\u0103r\u0103 s\u0103 mai poarte vreo mo\u015ftenire dacic\u0103, li s-ar fi spus romani, pur \u015fi simplu, f\u0103r\u0103 prea mult\u0103 insisten\u0163\u0103 pe originea etnic\u0103. Probabil din acest motiv, istorici precum Constantin Daicoviciu, Radu Vulpe \u015fi al\u0163ii au contestat dacismul lui Regalian ori al lui Galerius (despre Constantin nici nu se discut\u0103, dat fiind c\u0103 s-a n\u0103scut la sudul Dun\u0103rii). Radu Vulpe chiar a insistat asupra faptului c\u0103 mama lui Galeriu, Romula, nu era dac\u0103, ci provenea dintr-o familie de coloni\u015fti iliri stabili\u0163i \u00een Dacia, de\u015fi nici un document nu sugera a\u015fa ceva. Dup\u0103 trei decenii, \u00eentr-o alt\u0103 lucrare a aceluia\u015fi istoric, Romula &#8222;devenea&#8221; o dac\u0103 romanizat\u0103. \u00cen schimb, Dimitrie Cantemir nu se sfia s\u0103-l numeasc\u0103 pe Aureolus &#8222;hatmanul c\u0103l\u0103rimii Avreulus Dacul&#8221;.<\/p>\n<p>Deci, at\u00e2t pe istoricii maghiari, c\u00e2t \u015fi pe cei romani, \u00eei deranja existen\u0163a unor daci dup\u0103 retragerea romanilor din Dacia. \u015ei \u00eentr-un caz, \u015fi \u00een cel\u0103lalt, s-a dorit \u00eenl\u0103turarea dacilor din istorie, prin \u00eenc\u0103lcarea adev\u0103rului \u015ftiin\u0163ific furnizat de izvoarele scrise. Aceast\u0103 falsificare persist\u0103 p\u00e2n\u0103 ast\u0103zi, iar istoria oficial\u0103 nu recunoa\u015fte originea dacic\u0103 a acestor \u00eemp\u0103ra\u0163i. \u015etergerea dacilor din istorie pare s\u0103 fie urm\u0103rea unui blestem ce s-a n\u0103scut demult, dar continu\u0103 \u015fi ast\u0103zi. Istoricii no\u015ftri des\u0103v\u00e2r\u015fesc opera celor ce au ars scrierile despre daci \u015fi i-au l\u0103sat \u00eentr-un \u00eentuneric ce pare s\u0103 nu se mai sf\u00e2r\u015feasc\u0103.<\/p>\n<p><strong><em>Sursa: <\/em>www.formula-as.ro<\/strong><\/p>\n","protected":false},"excerpt":{"rendered":"<p>\u00cemp\u0103ra\u0163ii romani de origine dacic\u0103 sunt un subiect foarte pu\u0163in cunoscut. Poate numele lor le sunt familiare multora, dar cu privire la originea lor dacic\u0103 s-a p\u0103strat t\u0103cere. De-a lungul timpului, cei mai mul\u0163i istorici rom\u00e2ni, dar \u015fi unii str\u0103ini, &#8230; <\/p>\n<p class=\"read-more-container\"><a title=\"Unii \u00eemp\u0103ra\u0163i romani au avut origini dacice, dar s-a ascuns lucrul acesta. Regalian &#8211; str\u0103nepotul lui Decebal, Aureolus &#8211; ciobanul din Carpa\u0163i, olteanul Galerius Maximianus \u015fi al\u0163ii&#8230;\" class=\"read-more button\" href=\"https:\/\/www.lovendal.ro\/wp52\/originea-dacica-a-unor-imparati-romani\/#more-7763\" aria-label=\"Cite\u0219te mai multe despre Unii \u00eemp\u0103ra\u0163i romani au avut origini dacice, dar s-a ascuns lucrul acesta. Regalian &#8211; str\u0103nepotul lui Decebal, Aureolus &#8211; ciobanul din Carpa\u0163i, olteanul Galerius Maximianus \u015fi al\u0163ii&#8230;\">Cititi mai multe<\/a><\/p>\n","protected":false},"author":1,"featured_media":94311,"comment_status":"open","ping_status":"closed","sticky":false,"template":"","format":"standard","meta":{"footnotes":""},"categories":[9],"tags":[19383,1110,1157,1158,19382,295,2199,116,1532,7695,2198],"class_list":["post-7763","post","type-post","status-publish","format-standard","has-post-thumbnail","hentry","category-istorie","tag-aureolus","tag-daci","tag-dacia","tag-decebal","tag-galerius-maximianus","tag-imparat","tag-imparatul-constantin","tag-imperiul-roman","tag-istorie-si-civilizatii","tag-oltenia","tag-regalian","resize-featured-image"],"yoast_head":"<!-- This site is optimized with the Yoast SEO Premium plugin v23.3 (Yoast SEO v27.4) - https:\/\/yoast.com\/product\/yoast-seo-premium-wordpress\/ -->\n<title>Unii \u00eemp\u0103ra\u0163i romani au avut origini dacice, dar s-a ascuns lucrul acesta. Regalian - str\u0103nepotul lui Decebal, Aureolus - ciobanul din Carpa\u0163i, olteanul Galerius Maximianus \u015fi al\u0163ii... - Secretele lui Lovendal<\/title>\n<meta name=\"robots\" content=\"index, follow, max-snippet:-1, max-image-preview:large, max-video-preview:-1\" \/>\n<link rel=\"canonical\" href=\"https:\/\/www.lovendal.ro\/wp52\/originea-dacica-a-unor-imparati-romani\/\" \/>\n<meta property=\"og:locale\" content=\"ro_RO\" \/>\n<meta property=\"og:type\" content=\"article\" \/>\n<meta property=\"og:title\" content=\"Unii \u00eemp\u0103ra\u0163i romani au avut origini dacice, dar s-a ascuns lucrul acesta. Regalian - str\u0103nepotul lui Decebal, Aureolus - ciobanul din Carpa\u0163i, olteanul Galerius Maximianus \u015fi al\u0163ii...\" \/>\n<meta property=\"og:description\" content=\"\u00cemp\u0103ra\u0163ii romani de origine dacic\u0103 sunt un subiect foarte pu\u0163in cunoscut. Poate numele lor le sunt familiare multora, dar cu privire la originea lor dacic\u0103 s-a p\u0103strat t\u0103cere. De-a lungul timpului, cei mai mul\u0163i istorici rom\u00e2ni, dar \u015fi unii str\u0103ini, ... Cititi mai multe\" \/>\n<meta property=\"og:url\" content=\"https:\/\/www.lovendal.ro\/wp52\/originea-dacica-a-unor-imparati-romani\/\" \/>\n<meta property=\"og:site_name\" content=\"Secretele lui Lovendal\" \/>\n<meta property=\"article:publisher\" content=\"https:\/\/www.facebook.com\/secreteleluilovendal\" \/>\n<meta property=\"article:published_time\" content=\"2009-09-21T17:30:29+00:00\" \/>\n<meta property=\"article:modified_time\" content=\"2024-10-14T05:59:20+00:00\" \/>\n<meta property=\"og:image\" content=\"https:\/\/www.lovendal.ro\/wp52\/wp-content\/uploads\/2009\/09\/imparati-romani.jpg\" \/>\n\t<meta property=\"og:image:width\" content=\"541\" \/>\n\t<meta property=\"og:image:height\" content=\"472\" \/>\n\t<meta property=\"og:image:type\" content=\"image\/jpeg\" \/>\n<meta name=\"author\" content=\"admin\" \/>\n<meta name=\"twitter:card\" content=\"summary_large_image\" \/>\n<meta name=\"twitter:label1\" content=\"Scris de\" \/>\n\t<meta name=\"twitter:data1\" content=\"admin\" \/>\n\t<meta name=\"twitter:label2\" content=\"Timp estimat pentru citire\" \/>\n\t<meta name=\"twitter:data2\" content=\"15 minute\" \/>\n<script type=\"application\/ld+json\" class=\"yoast-schema-graph\">{\"@context\":\"https:\\\/\\\/schema.org\",\"@graph\":[{\"@type\":\"Article\",\"@id\":\"https:\\\/\\\/www.lovendal.ro\\\/wp52\\\/originea-dacica-a-unor-imparati-romani\\\/#article\",\"isPartOf\":{\"@id\":\"https:\\\/\\\/www.lovendal.ro\\\/wp52\\\/originea-dacica-a-unor-imparati-romani\\\/\"},\"author\":{\"name\":\"admin\",\"@id\":\"https:\\\/\\\/www.lovendal.ro\\\/wp52\\\/#\\\/schema\\\/person\\\/088691de5dfc346bb0c023e1e52ef5d9\"},\"headline\":\"Unii \u00eemp\u0103ra\u0163i romani au avut origini dacice, dar s-a ascuns lucrul acesta. Regalian &#8211; str\u0103nepotul lui Decebal, Aureolus &#8211; ciobanul din Carpa\u0163i, olteanul Galerius Maximianus \u015fi al\u0163ii&#8230;\",\"datePublished\":\"2009-09-21T17:30:29+00:00\",\"dateModified\":\"2024-10-14T05:59:20+00:00\",\"mainEntityOfPage\":{\"@id\":\"https:\\\/\\\/www.lovendal.ro\\\/wp52\\\/originea-dacica-a-unor-imparati-romani\\\/\"},\"wordCount\":2864,\"commentCount\":18,\"publisher\":{\"@id\":\"https:\\\/\\\/www.lovendal.ro\\\/wp52\\\/#organization\"},\"image\":{\"@id\":\"https:\\\/\\\/www.lovendal.ro\\\/wp52\\\/originea-dacica-a-unor-imparati-romani\\\/#primaryimage\"},\"thumbnailUrl\":\"https:\\\/\\\/www.lovendal.ro\\\/wp52\\\/wp-content\\\/uploads\\\/2009\\\/09\\\/imparati-romani.jpg\",\"keywords\":[\"Aureolus\",\"daci\",\"Dacia\",\"Decebal\",\"Galerius Maximianus\",\"\u00eemp\u0103rat\",\"\u00cemp\u0103ratul Constantin\",\"Imperiul Roman\",\"Istorie si Civilizatii\",\"Oltenia\",\"Regalian\"],\"articleSection\":[\"Istorie si Civilizatii\"],\"inLanguage\":\"ro-RO\",\"potentialAction\":[{\"@type\":\"CommentAction\",\"name\":\"Comment\",\"target\":[\"https:\\\/\\\/www.lovendal.ro\\\/wp52\\\/originea-dacica-a-unor-imparati-romani\\\/#respond\"]}]},{\"@type\":\"WebPage\",\"@id\":\"https:\\\/\\\/www.lovendal.ro\\\/wp52\\\/originea-dacica-a-unor-imparati-romani\\\/\",\"url\":\"https:\\\/\\\/www.lovendal.ro\\\/wp52\\\/originea-dacica-a-unor-imparati-romani\\\/\",\"name\":\"Unii \u00eemp\u0103ra\u0163i romani au avut origini dacice, dar s-a ascuns lucrul acesta. Regalian - str\u0103nepotul lui Decebal, Aureolus - ciobanul din Carpa\u0163i, olteanul Galerius Maximianus \u015fi al\u0163ii... - Secretele lui Lovendal\",\"isPartOf\":{\"@id\":\"https:\\\/\\\/www.lovendal.ro\\\/wp52\\\/#website\"},\"primaryImageOfPage\":{\"@id\":\"https:\\\/\\\/www.lovendal.ro\\\/wp52\\\/originea-dacica-a-unor-imparati-romani\\\/#primaryimage\"},\"image\":{\"@id\":\"https:\\\/\\\/www.lovendal.ro\\\/wp52\\\/originea-dacica-a-unor-imparati-romani\\\/#primaryimage\"},\"thumbnailUrl\":\"https:\\\/\\\/www.lovendal.ro\\\/wp52\\\/wp-content\\\/uploads\\\/2009\\\/09\\\/imparati-romani.jpg\",\"datePublished\":\"2009-09-21T17:30:29+00:00\",\"dateModified\":\"2024-10-14T05:59:20+00:00\",\"breadcrumb\":{\"@id\":\"https:\\\/\\\/www.lovendal.ro\\\/wp52\\\/originea-dacica-a-unor-imparati-romani\\\/#breadcrumb\"},\"inLanguage\":\"ro-RO\",\"potentialAction\":[{\"@type\":\"ReadAction\",\"target\":[\"https:\\\/\\\/www.lovendal.ro\\\/wp52\\\/originea-dacica-a-unor-imparati-romani\\\/\"]}]},{\"@type\":\"ImageObject\",\"inLanguage\":\"ro-RO\",\"@id\":\"https:\\\/\\\/www.lovendal.ro\\\/wp52\\\/originea-dacica-a-unor-imparati-romani\\\/#primaryimage\",\"url\":\"https:\\\/\\\/www.lovendal.ro\\\/wp52\\\/wp-content\\\/uploads\\\/2009\\\/09\\\/imparati-romani.jpg\",\"contentUrl\":\"https:\\\/\\\/www.lovendal.ro\\\/wp52\\\/wp-content\\\/uploads\\\/2009\\\/09\\\/imparati-romani.jpg\",\"width\":541,\"height\":472,\"caption\":\"Imagine: generata de AI (Microsoft Designer)\"},{\"@type\":\"BreadcrumbList\",\"@id\":\"https:\\\/\\\/www.lovendal.ro\\\/wp52\\\/originea-dacica-a-unor-imparati-romani\\\/#breadcrumb\",\"itemListElement\":[{\"@type\":\"ListItem\",\"position\":1,\"name\":\"Home\",\"item\":\"https:\\\/\\\/www.lovendal.ro\\\/wp52\\\/\"},{\"@type\":\"ListItem\",\"position\":2,\"name\":\"Unii \u00eemp\u0103ra\u0163i romani au avut origini dacice, dar s-a ascuns lucrul acesta. Regalian &#8211; str\u0103nepotul lui Decebal, Aureolus &#8211; ciobanul din Carpa\u0163i, olteanul Galerius Maximianus \u015fi al\u0163ii&#8230;\"}]},{\"@type\":\"WebSite\",\"@id\":\"https:\\\/\\\/www.lovendal.ro\\\/wp52\\\/#website\",\"url\":\"https:\\\/\\\/www.lovendal.ro\\\/wp52\\\/\",\"name\":\"Secretele lui Lovendal\",\"description\":\"Site de secrete, stiinta si metafizica - din 2008 -\",\"publisher\":{\"@id\":\"https:\\\/\\\/www.lovendal.ro\\\/wp52\\\/#organization\"},\"potentialAction\":[{\"@type\":\"SearchAction\",\"target\":{\"@type\":\"EntryPoint\",\"urlTemplate\":\"https:\\\/\\\/www.lovendal.ro\\\/wp52\\\/?s={search_term_string}\"},\"query-input\":{\"@type\":\"PropertyValueSpecification\",\"valueRequired\":true,\"valueName\":\"search_term_string\"}}],\"inLanguage\":\"ro-RO\"},{\"@type\":\"Organization\",\"@id\":\"https:\\\/\\\/www.lovendal.ro\\\/wp52\\\/#organization\",\"name\":\"Secretele lui Lovendal\",\"url\":\"https:\\\/\\\/www.lovendal.ro\\\/wp52\\\/\",\"logo\":{\"@type\":\"ImageObject\",\"inLanguage\":\"ro-RO\",\"@id\":\"https:\\\/\\\/www.lovendal.ro\\\/wp52\\\/#\\\/schema\\\/logo\\\/image\\\/\",\"url\":\"https:\\\/\\\/www.lovendal.ro\\\/wp52\\\/wp-content\\\/uploads\\\/2024\\\/06\\\/cropped-SLL-iun-2024-1.jpg\",\"contentUrl\":\"https:\\\/\\\/www.lovendal.ro\\\/wp52\\\/wp-content\\\/uploads\\\/2024\\\/06\\\/cropped-SLL-iun-2024-1.jpg\",\"width\":771,\"height\":240,\"caption\":\"Secretele lui Lovendal\"},\"image\":{\"@id\":\"https:\\\/\\\/www.lovendal.ro\\\/wp52\\\/#\\\/schema\\\/logo\\\/image\\\/\"},\"sameAs\":[\"https:\\\/\\\/www.facebook.com\\\/secreteleluilovendal\"]},{\"@type\":\"Person\",\"@id\":\"https:\\\/\\\/www.lovendal.ro\\\/wp52\\\/#\\\/schema\\\/person\\\/088691de5dfc346bb0c023e1e52ef5d9\",\"name\":\"admin\",\"image\":{\"@type\":\"ImageObject\",\"inLanguage\":\"ro-RO\",\"@id\":\"https:\\\/\\\/secure.gravatar.com\\\/avatar\\\/ecb9cd41f5f63c9c9b989999a59f6e2639a865ec361e9db054db0679a8f341c2?s=96&d=mm&r=g\",\"url\":\"https:\\\/\\\/secure.gravatar.com\\\/avatar\\\/ecb9cd41f5f63c9c9b989999a59f6e2639a865ec361e9db054db0679a8f341c2?s=96&d=mm&r=g\",\"contentUrl\":\"https:\\\/\\\/secure.gravatar.com\\\/avatar\\\/ecb9cd41f5f63c9c9b989999a59f6e2639a865ec361e9db054db0679a8f341c2?s=96&d=mm&r=g\",\"caption\":\"admin\"},\"sameAs\":[\"https:\\\/\\\/www.lovendal.ro\\\/wp52\"]}]}<\/script>\n<!-- \/ Yoast SEO Premium plugin. -->","yoast_head_json":{"title":"Unii \u00eemp\u0103ra\u0163i romani au avut origini dacice, dar s-a ascuns lucrul acesta. Regalian - str\u0103nepotul lui Decebal, Aureolus - ciobanul din Carpa\u0163i, olteanul Galerius Maximianus \u015fi al\u0163ii... - Secretele lui Lovendal","robots":{"index":"index","follow":"follow","max-snippet":"max-snippet:-1","max-image-preview":"max-image-preview:large","max-video-preview":"max-video-preview:-1"},"canonical":"https:\/\/www.lovendal.ro\/wp52\/originea-dacica-a-unor-imparati-romani\/","og_locale":"ro_RO","og_type":"article","og_title":"Unii \u00eemp\u0103ra\u0163i romani au avut origini dacice, dar s-a ascuns lucrul acesta. Regalian - str\u0103nepotul lui Decebal, Aureolus - ciobanul din Carpa\u0163i, olteanul Galerius Maximianus \u015fi al\u0163ii...","og_description":"\u00cemp\u0103ra\u0163ii romani de origine dacic\u0103 sunt un subiect foarte pu\u0163in cunoscut. Poate numele lor le sunt familiare multora, dar cu privire la originea lor dacic\u0103 s-a p\u0103strat t\u0103cere. De-a lungul timpului, cei mai mul\u0163i istorici rom\u00e2ni, dar \u015fi unii str\u0103ini, ... Cititi mai multe","og_url":"https:\/\/www.lovendal.ro\/wp52\/originea-dacica-a-unor-imparati-romani\/","og_site_name":"Secretele lui Lovendal","article_publisher":"https:\/\/www.facebook.com\/secreteleluilovendal","article_published_time":"2009-09-21T17:30:29+00:00","article_modified_time":"2024-10-14T05:59:20+00:00","og_image":[{"width":541,"height":472,"url":"https:\/\/www.lovendal.ro\/wp52\/wp-content\/uploads\/2009\/09\/imparati-romani.jpg","type":"image\/jpeg"}],"author":"admin","twitter_card":"summary_large_image","twitter_misc":{"Scris de":"admin","Timp estimat pentru citire":"15 minute"},"schema":{"@context":"https:\/\/schema.org","@graph":[{"@type":"Article","@id":"https:\/\/www.lovendal.ro\/wp52\/originea-dacica-a-unor-imparati-romani\/#article","isPartOf":{"@id":"https:\/\/www.lovendal.ro\/wp52\/originea-dacica-a-unor-imparati-romani\/"},"author":{"name":"admin","@id":"https:\/\/www.lovendal.ro\/wp52\/#\/schema\/person\/088691de5dfc346bb0c023e1e52ef5d9"},"headline":"Unii \u00eemp\u0103ra\u0163i romani au avut origini dacice, dar s-a ascuns lucrul acesta. Regalian &#8211; str\u0103nepotul lui Decebal, Aureolus &#8211; ciobanul din Carpa\u0163i, olteanul Galerius Maximianus \u015fi al\u0163ii&#8230;","datePublished":"2009-09-21T17:30:29+00:00","dateModified":"2024-10-14T05:59:20+00:00","mainEntityOfPage":{"@id":"https:\/\/www.lovendal.ro\/wp52\/originea-dacica-a-unor-imparati-romani\/"},"wordCount":2864,"commentCount":18,"publisher":{"@id":"https:\/\/www.lovendal.ro\/wp52\/#organization"},"image":{"@id":"https:\/\/www.lovendal.ro\/wp52\/originea-dacica-a-unor-imparati-romani\/#primaryimage"},"thumbnailUrl":"https:\/\/www.lovendal.ro\/wp52\/wp-content\/uploads\/2009\/09\/imparati-romani.jpg","keywords":["Aureolus","daci","Dacia","Decebal","Galerius Maximianus","\u00eemp\u0103rat","\u00cemp\u0103ratul Constantin","Imperiul Roman","Istorie si Civilizatii","Oltenia","Regalian"],"articleSection":["Istorie si Civilizatii"],"inLanguage":"ro-RO","potentialAction":[{"@type":"CommentAction","name":"Comment","target":["https:\/\/www.lovendal.ro\/wp52\/originea-dacica-a-unor-imparati-romani\/#respond"]}]},{"@type":"WebPage","@id":"https:\/\/www.lovendal.ro\/wp52\/originea-dacica-a-unor-imparati-romani\/","url":"https:\/\/www.lovendal.ro\/wp52\/originea-dacica-a-unor-imparati-romani\/","name":"Unii \u00eemp\u0103ra\u0163i romani au avut origini dacice, dar s-a ascuns lucrul acesta. Regalian - str\u0103nepotul lui Decebal, Aureolus - ciobanul din Carpa\u0163i, olteanul Galerius Maximianus \u015fi al\u0163ii... - Secretele lui Lovendal","isPartOf":{"@id":"https:\/\/www.lovendal.ro\/wp52\/#website"},"primaryImageOfPage":{"@id":"https:\/\/www.lovendal.ro\/wp52\/originea-dacica-a-unor-imparati-romani\/#primaryimage"},"image":{"@id":"https:\/\/www.lovendal.ro\/wp52\/originea-dacica-a-unor-imparati-romani\/#primaryimage"},"thumbnailUrl":"https:\/\/www.lovendal.ro\/wp52\/wp-content\/uploads\/2009\/09\/imparati-romani.jpg","datePublished":"2009-09-21T17:30:29+00:00","dateModified":"2024-10-14T05:59:20+00:00","breadcrumb":{"@id":"https:\/\/www.lovendal.ro\/wp52\/originea-dacica-a-unor-imparati-romani\/#breadcrumb"},"inLanguage":"ro-RO","potentialAction":[{"@type":"ReadAction","target":["https:\/\/www.lovendal.ro\/wp52\/originea-dacica-a-unor-imparati-romani\/"]}]},{"@type":"ImageObject","inLanguage":"ro-RO","@id":"https:\/\/www.lovendal.ro\/wp52\/originea-dacica-a-unor-imparati-romani\/#primaryimage","url":"https:\/\/www.lovendal.ro\/wp52\/wp-content\/uploads\/2009\/09\/imparati-romani.jpg","contentUrl":"https:\/\/www.lovendal.ro\/wp52\/wp-content\/uploads\/2009\/09\/imparati-romani.jpg","width":541,"height":472,"caption":"Imagine: generata de AI (Microsoft Designer)"},{"@type":"BreadcrumbList","@id":"https:\/\/www.lovendal.ro\/wp52\/originea-dacica-a-unor-imparati-romani\/#breadcrumb","itemListElement":[{"@type":"ListItem","position":1,"name":"Home","item":"https:\/\/www.lovendal.ro\/wp52\/"},{"@type":"ListItem","position":2,"name":"Unii \u00eemp\u0103ra\u0163i romani au avut origini dacice, dar s-a ascuns lucrul acesta. Regalian &#8211; str\u0103nepotul lui Decebal, Aureolus &#8211; ciobanul din Carpa\u0163i, olteanul Galerius Maximianus \u015fi al\u0163ii&#8230;"}]},{"@type":"WebSite","@id":"https:\/\/www.lovendal.ro\/wp52\/#website","url":"https:\/\/www.lovendal.ro\/wp52\/","name":"Secretele lui Lovendal","description":"Site de secrete, stiinta si metafizica - din 2008 -","publisher":{"@id":"https:\/\/www.lovendal.ro\/wp52\/#organization"},"potentialAction":[{"@type":"SearchAction","target":{"@type":"EntryPoint","urlTemplate":"https:\/\/www.lovendal.ro\/wp52\/?s={search_term_string}"},"query-input":{"@type":"PropertyValueSpecification","valueRequired":true,"valueName":"search_term_string"}}],"inLanguage":"ro-RO"},{"@type":"Organization","@id":"https:\/\/www.lovendal.ro\/wp52\/#organization","name":"Secretele lui Lovendal","url":"https:\/\/www.lovendal.ro\/wp52\/","logo":{"@type":"ImageObject","inLanguage":"ro-RO","@id":"https:\/\/www.lovendal.ro\/wp52\/#\/schema\/logo\/image\/","url":"https:\/\/www.lovendal.ro\/wp52\/wp-content\/uploads\/2024\/06\/cropped-SLL-iun-2024-1.jpg","contentUrl":"https:\/\/www.lovendal.ro\/wp52\/wp-content\/uploads\/2024\/06\/cropped-SLL-iun-2024-1.jpg","width":771,"height":240,"caption":"Secretele lui Lovendal"},"image":{"@id":"https:\/\/www.lovendal.ro\/wp52\/#\/schema\/logo\/image\/"},"sameAs":["https:\/\/www.facebook.com\/secreteleluilovendal"]},{"@type":"Person","@id":"https:\/\/www.lovendal.ro\/wp52\/#\/schema\/person\/088691de5dfc346bb0c023e1e52ef5d9","name":"admin","image":{"@type":"ImageObject","inLanguage":"ro-RO","@id":"https:\/\/secure.gravatar.com\/avatar\/ecb9cd41f5f63c9c9b989999a59f6e2639a865ec361e9db054db0679a8f341c2?s=96&d=mm&r=g","url":"https:\/\/secure.gravatar.com\/avatar\/ecb9cd41f5f63c9c9b989999a59f6e2639a865ec361e9db054db0679a8f341c2?s=96&d=mm&r=g","contentUrl":"https:\/\/secure.gravatar.com\/avatar\/ecb9cd41f5f63c9c9b989999a59f6e2639a865ec361e9db054db0679a8f341c2?s=96&d=mm&r=g","caption":"admin"},"sameAs":["https:\/\/www.lovendal.ro\/wp52"]}]}},"_links":{"self":[{"href":"https:\/\/www.lovendal.ro\/wp52\/wp-json\/wp\/v2\/posts\/7763","targetHints":{"allow":["GET"]}}],"collection":[{"href":"https:\/\/www.lovendal.ro\/wp52\/wp-json\/wp\/v2\/posts"}],"about":[{"href":"https:\/\/www.lovendal.ro\/wp52\/wp-json\/wp\/v2\/types\/post"}],"author":[{"embeddable":true,"href":"https:\/\/www.lovendal.ro\/wp52\/wp-json\/wp\/v2\/users\/1"}],"replies":[{"embeddable":true,"href":"https:\/\/www.lovendal.ro\/wp52\/wp-json\/wp\/v2\/comments?post=7763"}],"version-history":[{"count":2,"href":"https:\/\/www.lovendal.ro\/wp52\/wp-json\/wp\/v2\/posts\/7763\/revisions"}],"predecessor-version":[{"id":94312,"href":"https:\/\/www.lovendal.ro\/wp52\/wp-json\/wp\/v2\/posts\/7763\/revisions\/94312"}],"wp:featuredmedia":[{"embeddable":true,"href":"https:\/\/www.lovendal.ro\/wp52\/wp-json\/wp\/v2\/media\/94311"}],"wp:attachment":[{"href":"https:\/\/www.lovendal.ro\/wp52\/wp-json\/wp\/v2\/media?parent=7763"}],"wp:term":[{"taxonomy":"category","embeddable":true,"href":"https:\/\/www.lovendal.ro\/wp52\/wp-json\/wp\/v2\/categories?post=7763"},{"taxonomy":"post_tag","embeddable":true,"href":"https:\/\/www.lovendal.ro\/wp52\/wp-json\/wp\/v2\/tags?post=7763"}],"curies":[{"name":"wp","href":"https:\/\/api.w.org\/{rel}","templated":true}]}}