{"id":77562,"date":"2021-10-24T23:27:08","date_gmt":"2021-10-24T20:27:08","guid":{"rendered":"https:\/\/www.lovendal.ro\/wp52\/?p=77562"},"modified":"2021-10-24T23:27:08","modified_gmt":"2021-10-24T20:27:08","slug":"sa-fie-aceasta-prima-fotografie-reala-cu-un-extraterestru-imaginea-provine-dintr-un-parc-din-argentina","status":"publish","type":"post","link":"https:\/\/www.lovendal.ro\/wp52\/sa-fie-aceasta-prima-fotografie-reala-cu-un-extraterestru-imaginea-provine-dintr-un-parc-din-argentina\/","title":{"rendered":"S\u0103 fie aceasta prima fotografie real\u0103 cu un extraterestru? Imaginea provine dintr-un parc din Argentina&#8230;"},"content":{"rendered":"<p><a href=\"https:\/\/www.lovendal.ro\/wp52\/wp-content\/uploads\/2021\/10\/extraterestru-Argentina-coperta.jpg\"><img loading=\"lazy\" decoding=\"async\" class=\"alignleft size-full wp-image-77563\" src=\"https:\/\/www.lovendal.ro\/wp52\/wp-content\/uploads\/2021\/10\/extraterestru-Argentina-coperta.jpg\" alt=\"\" width=\"352\" height=\"274\" srcset=\"https:\/\/www.lovendal.ro\/wp52\/wp-content\/uploads\/2021\/10\/extraterestru-Argentina-coperta.jpg 352w, https:\/\/www.lovendal.ro\/wp52\/wp-content\/uploads\/2021\/10\/extraterestru-Argentina-coperta-300x234.jpg 300w\" sizes=\"auto, (max-width: 352px) 100vw, 352px\" \/><\/a>\u015etirea e din anul 2017 \u015fi a fost publicat\u0103 pe site-ul argentinian <a href=\"https:\/\/diarioprimeralinea.com.ar\/un-extraterrestre-en-el-parque-mitre-de-corrientes\/\" target=\"_blank\" rel=\"noopener\"><strong>diarioprimeralinea.com.ar<\/strong><\/a> pe data de 13 septembrie 2017. El vorbe\u015fte despre un &#8222;eveniment extraterestru&#8221; petrecut \u00eentr-o noapte de septembrie \u00een Parcul Mitre din ora\u015ful argentinian Corrientes, eveniment \u00een urma c\u0103ruia ar fi fost fotografiat destul de clar un presupus&#8230; extraterestru!<\/p>\n<p>\u00cen parc, \u00een apropierea b\u0103rcilor abandonate, poli\u0163i\u015ftii au fost chema\u0163i de un grup de tineri, care au vorbit despre prezen\u0163a unei &#8222;persoane ciudate&#8221;, care p\u0103rea c\u0103 avea un comportament suspect \u00een zon\u0103. C\u00e2nd ofi\u021berii de poli\u0163ie au ajuns acolo, ei au putut vedea o fiin\u021b\u0103 ciudat\u0103, care a reu\u0219it s\u0103 fie capturat\u0103 pe camera foto a de telefonului mobil, reu\u015find ulterior s\u0103 se arunce \u00een ap\u0103, unde a disp\u0103rut, \u00eenainte de a fi oprit \u015fi interogat.<\/p>\n<p>Fotografia care a fost publicat\u0103 pe o pagin\u0103 de Facebook surprinde ceea ce pare a fi un extraterestru \u00een carne \u015fi oase! Bine\u00een\u0163eles, nu se cunoa\u015fte dac\u0103 este adev\u0103rat\u0103 sau fals\u0103, dar ceea ce se observ\u0103 este c\u0103 fiin\u021ba a fost surprins\u0103 perfect \u00een mijlocul nop\u021bii \u00eentunecate. Ce p\u0103rere ave\u0163i?<\/p>\n<p><a href=\"https:\/\/www.lovendal.ro\/wp52\/wp-content\/uploads\/2021\/10\/extraterestru-Argentina.jpg\"><img loading=\"lazy\" decoding=\"async\" class=\"aligncenter size-full wp-image-77564\" src=\"https:\/\/www.lovendal.ro\/wp52\/wp-content\/uploads\/2021\/10\/extraterestru-Argentina.jpg\" alt=\"\" width=\"540\" height=\"334\" srcset=\"https:\/\/www.lovendal.ro\/wp52\/wp-content\/uploads\/2021\/10\/extraterestru-Argentina.jpg 540w, https:\/\/www.lovendal.ro\/wp52\/wp-content\/uploads\/2021\/10\/extraterestru-Argentina-300x186.jpg 300w\" sizes=\"auto, (max-width: 540px) 100vw, 540px\" \/><\/a><\/p>\n","protected":false},"excerpt":{"rendered":"<p>\u015etirea e din anul 2017 \u015fi a fost publicat\u0103 pe site-ul argentinian diarioprimeralinea.com.ar pe data de 13 septembrie 2017. El vorbe\u015fte despre un &#8222;eveniment extraterestru&#8221; petrecut \u00eentr-o noapte de septembrie \u00een Parcul Mitre din ora\u015ful argentinian Corrientes, eveniment \u00een urma &#8230; <\/p>\n<p class=\"read-more-container\"><a title=\"S\u0103 fie aceasta prima fotografie real\u0103 cu un extraterestru? Imaginea provine dintr-un parc din Argentina&#8230;\" class=\"read-more button\" href=\"https:\/\/www.lovendal.ro\/wp52\/sa-fie-aceasta-prima-fotografie-reala-cu-un-extraterestru-imaginea-provine-dintr-un-parc-din-argentina\/#more-77562\" aria-label=\"Cite\u0219te mai multe despre S\u0103 fie aceasta prima fotografie real\u0103 cu un extraterestru? Imaginea provine dintr-un parc din Argentina&#8230;\">Cititi mai multe<\/a><\/p>\n","protected":false},"author":1,"featured_media":77563,"comment_status":"open","ping_status":"open","sticky":false,"template":"","format":"standard","meta":{"footnotes":""},"categories":[2761],"tags":[601,1340,3706,7566,1495,4052,15,4247,1189,9812,6566],"class_list":["post-77562","post","type-post","status-publish","format-standard","has-post-thumbnail","hentry","category-poze-controversate","tag-apa","tag-argentina","tag-barca","tag-camera-foto","tag-extraterestru","tag-facebook","tag-fotografie","tag-parc","tag-politie","tag-poze-controversate","tag-telefon-mobil","resize-featured-image"],"yoast_head":"<!-- This site is optimized with the Yoast SEO Premium plugin v23.3 (Yoast SEO v27.4) - https:\/\/yoast.com\/product\/yoast-seo-premium-wordpress\/ -->\n<title>S\u0103 fie aceasta prima fotografie real\u0103 cu un extraterestru? Imaginea provine dintr-un parc din Argentina... - Secretele lui Lovendal<\/title>\n<meta name=\"robots\" content=\"index, follow, max-snippet:-1, max-image-preview:large, max-video-preview:-1\" \/>\n<link rel=\"canonical\" href=\"https:\/\/www.lovendal.ro\/wp52\/sa-fie-aceasta-prima-fotografie-reala-cu-un-extraterestru-imaginea-provine-dintr-un-parc-din-argentina\/\" \/>\n<meta property=\"og:locale\" content=\"ro_RO\" \/>\n<meta property=\"og:type\" content=\"article\" \/>\n<meta property=\"og:title\" content=\"S\u0103 fie aceasta prima fotografie real\u0103 cu un extraterestru? Imaginea provine dintr-un parc din Argentina...\" \/>\n<meta property=\"og:description\" content=\"\u015etirea e din anul 2017 \u015fi a fost publicat\u0103 pe site-ul argentinian diarioprimeralinea.com.ar pe data de 13 septembrie 2017. El vorbe\u015fte despre un &#8222;eveniment extraterestru&#8221; petrecut \u00eentr-o noapte de septembrie \u00een Parcul Mitre din ora\u015ful argentinian Corrientes, eveniment \u00een urma ... Cititi mai multe\" \/>\n<meta property=\"og:url\" content=\"https:\/\/www.lovendal.ro\/wp52\/sa-fie-aceasta-prima-fotografie-reala-cu-un-extraterestru-imaginea-provine-dintr-un-parc-din-argentina\/\" \/>\n<meta property=\"og:site_name\" content=\"Secretele lui Lovendal\" \/>\n<meta property=\"article:publisher\" content=\"https:\/\/www.facebook.com\/secreteleluilovendal\" \/>\n<meta property=\"article:published_time\" content=\"2021-10-24T20:27:08+00:00\" \/>\n<meta property=\"og:image\" content=\"https:\/\/www.lovendal.ro\/wp52\/wp-content\/uploads\/2021\/10\/extraterestru-Argentina-coperta.jpg\" \/>\n\t<meta property=\"og:image:width\" content=\"352\" \/>\n\t<meta property=\"og:image:height\" content=\"274\" \/>\n\t<meta property=\"og:image:type\" content=\"image\/jpeg\" \/>\n<meta name=\"author\" content=\"admin\" \/>\n<meta name=\"twitter:card\" content=\"summary_large_image\" \/>\n<meta name=\"twitter:label1\" content=\"Scris de\" \/>\n\t<meta name=\"twitter:data1\" content=\"admin\" \/>\n\t<meta name=\"twitter:label2\" content=\"Timp estimat pentru citire\" \/>\n\t<meta name=\"twitter:data2\" content=\"1 minut\" \/>\n<script type=\"application\/ld+json\" class=\"yoast-schema-graph\">{\"@context\":\"https:\\\/\\\/schema.org\",\"@graph\":[{\"@type\":\"Article\",\"@id\":\"https:\\\/\\\/www.lovendal.ro\\\/wp52\\\/sa-fie-aceasta-prima-fotografie-reala-cu-un-extraterestru-imaginea-provine-dintr-un-parc-din-argentina\\\/#article\",\"isPartOf\":{\"@id\":\"https:\\\/\\\/www.lovendal.ro\\\/wp52\\\/sa-fie-aceasta-prima-fotografie-reala-cu-un-extraterestru-imaginea-provine-dintr-un-parc-din-argentina\\\/\"},\"author\":{\"name\":\"admin\",\"@id\":\"https:\\\/\\\/www.lovendal.ro\\\/wp52\\\/#\\\/schema\\\/person\\\/088691de5dfc346bb0c023e1e52ef5d9\"},\"headline\":\"S\u0103 fie aceasta prima fotografie real\u0103 cu un extraterestru? Imaginea provine dintr-un parc din Argentina&#8230;\",\"datePublished\":\"2021-10-24T20:27:08+00:00\",\"mainEntityOfPage\":{\"@id\":\"https:\\\/\\\/www.lovendal.ro\\\/wp52\\\/sa-fie-aceasta-prima-fotografie-reala-cu-un-extraterestru-imaginea-provine-dintr-un-parc-din-argentina\\\/\"},\"wordCount\":214,\"commentCount\":0,\"publisher\":{\"@id\":\"https:\\\/\\\/www.lovendal.ro\\\/wp52\\\/#organization\"},\"image\":{\"@id\":\"https:\\\/\\\/www.lovendal.ro\\\/wp52\\\/sa-fie-aceasta-prima-fotografie-reala-cu-un-extraterestru-imaginea-provine-dintr-un-parc-din-argentina\\\/#primaryimage\"},\"thumbnailUrl\":\"https:\\\/\\\/www.lovendal.ro\\\/wp52\\\/wp-content\\\/uploads\\\/2021\\\/10\\\/extraterestru-Argentina-coperta.jpg\",\"keywords\":[\"ap\u0103\",\"Argentina\",\"barc\u0103\",\"camer\u0103 foto\",\"extraterestru\",\"Facebook\",\"fotografie\",\"parc\",\"poli\u0163ie\",\"Poze controversate\",\"telefon mobil\"],\"articleSection\":[\"Poze controversate\"],\"inLanguage\":\"ro-RO\",\"potentialAction\":[{\"@type\":\"CommentAction\",\"name\":\"Comment\",\"target\":[\"https:\\\/\\\/www.lovendal.ro\\\/wp52\\\/sa-fie-aceasta-prima-fotografie-reala-cu-un-extraterestru-imaginea-provine-dintr-un-parc-din-argentina\\\/#respond\"]}]},{\"@type\":\"WebPage\",\"@id\":\"https:\\\/\\\/www.lovendal.ro\\\/wp52\\\/sa-fie-aceasta-prima-fotografie-reala-cu-un-extraterestru-imaginea-provine-dintr-un-parc-din-argentina\\\/\",\"url\":\"https:\\\/\\\/www.lovendal.ro\\\/wp52\\\/sa-fie-aceasta-prima-fotografie-reala-cu-un-extraterestru-imaginea-provine-dintr-un-parc-din-argentina\\\/\",\"name\":\"S\u0103 fie aceasta prima fotografie real\u0103 cu un extraterestru? Imaginea provine dintr-un parc din Argentina... - Secretele lui Lovendal\",\"isPartOf\":{\"@id\":\"https:\\\/\\\/www.lovendal.ro\\\/wp52\\\/#website\"},\"primaryImageOfPage\":{\"@id\":\"https:\\\/\\\/www.lovendal.ro\\\/wp52\\\/sa-fie-aceasta-prima-fotografie-reala-cu-un-extraterestru-imaginea-provine-dintr-un-parc-din-argentina\\\/#primaryimage\"},\"image\":{\"@id\":\"https:\\\/\\\/www.lovendal.ro\\\/wp52\\\/sa-fie-aceasta-prima-fotografie-reala-cu-un-extraterestru-imaginea-provine-dintr-un-parc-din-argentina\\\/#primaryimage\"},\"thumbnailUrl\":\"https:\\\/\\\/www.lovendal.ro\\\/wp52\\\/wp-content\\\/uploads\\\/2021\\\/10\\\/extraterestru-Argentina-coperta.jpg\",\"datePublished\":\"2021-10-24T20:27:08+00:00\",\"breadcrumb\":{\"@id\":\"https:\\\/\\\/www.lovendal.ro\\\/wp52\\\/sa-fie-aceasta-prima-fotografie-reala-cu-un-extraterestru-imaginea-provine-dintr-un-parc-din-argentina\\\/#breadcrumb\"},\"inLanguage\":\"ro-RO\",\"potentialAction\":[{\"@type\":\"ReadAction\",\"target\":[\"https:\\\/\\\/www.lovendal.ro\\\/wp52\\\/sa-fie-aceasta-prima-fotografie-reala-cu-un-extraterestru-imaginea-provine-dintr-un-parc-din-argentina\\\/\"]}]},{\"@type\":\"ImageObject\",\"inLanguage\":\"ro-RO\",\"@id\":\"https:\\\/\\\/www.lovendal.ro\\\/wp52\\\/sa-fie-aceasta-prima-fotografie-reala-cu-un-extraterestru-imaginea-provine-dintr-un-parc-din-argentina\\\/#primaryimage\",\"url\":\"https:\\\/\\\/www.lovendal.ro\\\/wp52\\\/wp-content\\\/uploads\\\/2021\\\/10\\\/extraterestru-Argentina-coperta.jpg\",\"contentUrl\":\"https:\\\/\\\/www.lovendal.ro\\\/wp52\\\/wp-content\\\/uploads\\\/2021\\\/10\\\/extraterestru-Argentina-coperta.jpg\",\"width\":352,\"height\":274},{\"@type\":\"BreadcrumbList\",\"@id\":\"https:\\\/\\\/www.lovendal.ro\\\/wp52\\\/sa-fie-aceasta-prima-fotografie-reala-cu-un-extraterestru-imaginea-provine-dintr-un-parc-din-argentina\\\/#breadcrumb\",\"itemListElement\":[{\"@type\":\"ListItem\",\"position\":1,\"name\":\"Home\",\"item\":\"https:\\\/\\\/www.lovendal.ro\\\/wp52\\\/\"},{\"@type\":\"ListItem\",\"position\":2,\"name\":\"S\u0103 fie aceasta prima fotografie real\u0103 cu un extraterestru? Imaginea provine dintr-un parc din Argentina&#8230;\"}]},{\"@type\":\"WebSite\",\"@id\":\"https:\\\/\\\/www.lovendal.ro\\\/wp52\\\/#website\",\"url\":\"https:\\\/\\\/www.lovendal.ro\\\/wp52\\\/\",\"name\":\"Secretele lui Lovendal\",\"description\":\"Site de secrete, stiinta si metafizica - din 2008 -\",\"publisher\":{\"@id\":\"https:\\\/\\\/www.lovendal.ro\\\/wp52\\\/#organization\"},\"potentialAction\":[{\"@type\":\"SearchAction\",\"target\":{\"@type\":\"EntryPoint\",\"urlTemplate\":\"https:\\\/\\\/www.lovendal.ro\\\/wp52\\\/?s={search_term_string}\"},\"query-input\":{\"@type\":\"PropertyValueSpecification\",\"valueRequired\":true,\"valueName\":\"search_term_string\"}}],\"inLanguage\":\"ro-RO\"},{\"@type\":\"Organization\",\"@id\":\"https:\\\/\\\/www.lovendal.ro\\\/wp52\\\/#organization\",\"name\":\"Secretele lui Lovendal\",\"url\":\"https:\\\/\\\/www.lovendal.ro\\\/wp52\\\/\",\"logo\":{\"@type\":\"ImageObject\",\"inLanguage\":\"ro-RO\",\"@id\":\"https:\\\/\\\/www.lovendal.ro\\\/wp52\\\/#\\\/schema\\\/logo\\\/image\\\/\",\"url\":\"https:\\\/\\\/www.lovendal.ro\\\/wp52\\\/wp-content\\\/uploads\\\/2024\\\/06\\\/cropped-SLL-iun-2024-1.jpg\",\"contentUrl\":\"https:\\\/\\\/www.lovendal.ro\\\/wp52\\\/wp-content\\\/uploads\\\/2024\\\/06\\\/cropped-SLL-iun-2024-1.jpg\",\"width\":771,\"height\":240,\"caption\":\"Secretele lui Lovendal\"},\"image\":{\"@id\":\"https:\\\/\\\/www.lovendal.ro\\\/wp52\\\/#\\\/schema\\\/logo\\\/image\\\/\"},\"sameAs\":[\"https:\\\/\\\/www.facebook.com\\\/secreteleluilovendal\"]},{\"@type\":\"Person\",\"@id\":\"https:\\\/\\\/www.lovendal.ro\\\/wp52\\\/#\\\/schema\\\/person\\\/088691de5dfc346bb0c023e1e52ef5d9\",\"name\":\"admin\",\"image\":{\"@type\":\"ImageObject\",\"inLanguage\":\"ro-RO\",\"@id\":\"https:\\\/\\\/secure.gravatar.com\\\/avatar\\\/ecb9cd41f5f63c9c9b989999a59f6e2639a865ec361e9db054db0679a8f341c2?s=96&d=mm&r=g\",\"url\":\"https:\\\/\\\/secure.gravatar.com\\\/avatar\\\/ecb9cd41f5f63c9c9b989999a59f6e2639a865ec361e9db054db0679a8f341c2?s=96&d=mm&r=g\",\"contentUrl\":\"https:\\\/\\\/secure.gravatar.com\\\/avatar\\\/ecb9cd41f5f63c9c9b989999a59f6e2639a865ec361e9db054db0679a8f341c2?s=96&d=mm&r=g\",\"caption\":\"admin\"},\"sameAs\":[\"https:\\\/\\\/www.lovendal.ro\\\/wp52\"]}]}<\/script>\n<!-- \/ Yoast SEO Premium plugin. -->","yoast_head_json":{"title":"S\u0103 fie aceasta prima fotografie real\u0103 cu un extraterestru? Imaginea provine dintr-un parc din Argentina... - Secretele lui Lovendal","robots":{"index":"index","follow":"follow","max-snippet":"max-snippet:-1","max-image-preview":"max-image-preview:large","max-video-preview":"max-video-preview:-1"},"canonical":"https:\/\/www.lovendal.ro\/wp52\/sa-fie-aceasta-prima-fotografie-reala-cu-un-extraterestru-imaginea-provine-dintr-un-parc-din-argentina\/","og_locale":"ro_RO","og_type":"article","og_title":"S\u0103 fie aceasta prima fotografie real\u0103 cu un extraterestru? Imaginea provine dintr-un parc din Argentina...","og_description":"\u015etirea e din anul 2017 \u015fi a fost publicat\u0103 pe site-ul argentinian diarioprimeralinea.com.ar pe data de 13 septembrie 2017. El vorbe\u015fte despre un &#8222;eveniment extraterestru&#8221; petrecut \u00eentr-o noapte de septembrie \u00een Parcul Mitre din ora\u015ful argentinian Corrientes, eveniment \u00een urma ... Cititi mai multe","og_url":"https:\/\/www.lovendal.ro\/wp52\/sa-fie-aceasta-prima-fotografie-reala-cu-un-extraterestru-imaginea-provine-dintr-un-parc-din-argentina\/","og_site_name":"Secretele lui Lovendal","article_publisher":"https:\/\/www.facebook.com\/secreteleluilovendal","article_published_time":"2021-10-24T20:27:08+00:00","og_image":[{"width":352,"height":274,"url":"https:\/\/www.lovendal.ro\/wp52\/wp-content\/uploads\/2021\/10\/extraterestru-Argentina-coperta.jpg","type":"image\/jpeg"}],"author":"admin","twitter_card":"summary_large_image","twitter_misc":{"Scris de":"admin","Timp estimat pentru citire":"1 minut"},"schema":{"@context":"https:\/\/schema.org","@graph":[{"@type":"Article","@id":"https:\/\/www.lovendal.ro\/wp52\/sa-fie-aceasta-prima-fotografie-reala-cu-un-extraterestru-imaginea-provine-dintr-un-parc-din-argentina\/#article","isPartOf":{"@id":"https:\/\/www.lovendal.ro\/wp52\/sa-fie-aceasta-prima-fotografie-reala-cu-un-extraterestru-imaginea-provine-dintr-un-parc-din-argentina\/"},"author":{"name":"admin","@id":"https:\/\/www.lovendal.ro\/wp52\/#\/schema\/person\/088691de5dfc346bb0c023e1e52ef5d9"},"headline":"S\u0103 fie aceasta prima fotografie real\u0103 cu un extraterestru? Imaginea provine dintr-un parc din Argentina&#8230;","datePublished":"2021-10-24T20:27:08+00:00","mainEntityOfPage":{"@id":"https:\/\/www.lovendal.ro\/wp52\/sa-fie-aceasta-prima-fotografie-reala-cu-un-extraterestru-imaginea-provine-dintr-un-parc-din-argentina\/"},"wordCount":214,"commentCount":0,"publisher":{"@id":"https:\/\/www.lovendal.ro\/wp52\/#organization"},"image":{"@id":"https:\/\/www.lovendal.ro\/wp52\/sa-fie-aceasta-prima-fotografie-reala-cu-un-extraterestru-imaginea-provine-dintr-un-parc-din-argentina\/#primaryimage"},"thumbnailUrl":"https:\/\/www.lovendal.ro\/wp52\/wp-content\/uploads\/2021\/10\/extraterestru-Argentina-coperta.jpg","keywords":["ap\u0103","Argentina","barc\u0103","camer\u0103 foto","extraterestru","Facebook","fotografie","parc","poli\u0163ie","Poze controversate","telefon mobil"],"articleSection":["Poze controversate"],"inLanguage":"ro-RO","potentialAction":[{"@type":"CommentAction","name":"Comment","target":["https:\/\/www.lovendal.ro\/wp52\/sa-fie-aceasta-prima-fotografie-reala-cu-un-extraterestru-imaginea-provine-dintr-un-parc-din-argentina\/#respond"]}]},{"@type":"WebPage","@id":"https:\/\/www.lovendal.ro\/wp52\/sa-fie-aceasta-prima-fotografie-reala-cu-un-extraterestru-imaginea-provine-dintr-un-parc-din-argentina\/","url":"https:\/\/www.lovendal.ro\/wp52\/sa-fie-aceasta-prima-fotografie-reala-cu-un-extraterestru-imaginea-provine-dintr-un-parc-din-argentina\/","name":"S\u0103 fie aceasta prima fotografie real\u0103 cu un extraterestru? Imaginea provine dintr-un parc din Argentina... - Secretele lui Lovendal","isPartOf":{"@id":"https:\/\/www.lovendal.ro\/wp52\/#website"},"primaryImageOfPage":{"@id":"https:\/\/www.lovendal.ro\/wp52\/sa-fie-aceasta-prima-fotografie-reala-cu-un-extraterestru-imaginea-provine-dintr-un-parc-din-argentina\/#primaryimage"},"image":{"@id":"https:\/\/www.lovendal.ro\/wp52\/sa-fie-aceasta-prima-fotografie-reala-cu-un-extraterestru-imaginea-provine-dintr-un-parc-din-argentina\/#primaryimage"},"thumbnailUrl":"https:\/\/www.lovendal.ro\/wp52\/wp-content\/uploads\/2021\/10\/extraterestru-Argentina-coperta.jpg","datePublished":"2021-10-24T20:27:08+00:00","breadcrumb":{"@id":"https:\/\/www.lovendal.ro\/wp52\/sa-fie-aceasta-prima-fotografie-reala-cu-un-extraterestru-imaginea-provine-dintr-un-parc-din-argentina\/#breadcrumb"},"inLanguage":"ro-RO","potentialAction":[{"@type":"ReadAction","target":["https:\/\/www.lovendal.ro\/wp52\/sa-fie-aceasta-prima-fotografie-reala-cu-un-extraterestru-imaginea-provine-dintr-un-parc-din-argentina\/"]}]},{"@type":"ImageObject","inLanguage":"ro-RO","@id":"https:\/\/www.lovendal.ro\/wp52\/sa-fie-aceasta-prima-fotografie-reala-cu-un-extraterestru-imaginea-provine-dintr-un-parc-din-argentina\/#primaryimage","url":"https:\/\/www.lovendal.ro\/wp52\/wp-content\/uploads\/2021\/10\/extraterestru-Argentina-coperta.jpg","contentUrl":"https:\/\/www.lovendal.ro\/wp52\/wp-content\/uploads\/2021\/10\/extraterestru-Argentina-coperta.jpg","width":352,"height":274},{"@type":"BreadcrumbList","@id":"https:\/\/www.lovendal.ro\/wp52\/sa-fie-aceasta-prima-fotografie-reala-cu-un-extraterestru-imaginea-provine-dintr-un-parc-din-argentina\/#breadcrumb","itemListElement":[{"@type":"ListItem","position":1,"name":"Home","item":"https:\/\/www.lovendal.ro\/wp52\/"},{"@type":"ListItem","position":2,"name":"S\u0103 fie aceasta prima fotografie real\u0103 cu un extraterestru? Imaginea provine dintr-un parc din Argentina&#8230;"}]},{"@type":"WebSite","@id":"https:\/\/www.lovendal.ro\/wp52\/#website","url":"https:\/\/www.lovendal.ro\/wp52\/","name":"Secretele lui Lovendal","description":"Site de secrete, stiinta si metafizica - din 2008 -","publisher":{"@id":"https:\/\/www.lovendal.ro\/wp52\/#organization"},"potentialAction":[{"@type":"SearchAction","target":{"@type":"EntryPoint","urlTemplate":"https:\/\/www.lovendal.ro\/wp52\/?s={search_term_string}"},"query-input":{"@type":"PropertyValueSpecification","valueRequired":true,"valueName":"search_term_string"}}],"inLanguage":"ro-RO"},{"@type":"Organization","@id":"https:\/\/www.lovendal.ro\/wp52\/#organization","name":"Secretele lui Lovendal","url":"https:\/\/www.lovendal.ro\/wp52\/","logo":{"@type":"ImageObject","inLanguage":"ro-RO","@id":"https:\/\/www.lovendal.ro\/wp52\/#\/schema\/logo\/image\/","url":"https:\/\/www.lovendal.ro\/wp52\/wp-content\/uploads\/2024\/06\/cropped-SLL-iun-2024-1.jpg","contentUrl":"https:\/\/www.lovendal.ro\/wp52\/wp-content\/uploads\/2024\/06\/cropped-SLL-iun-2024-1.jpg","width":771,"height":240,"caption":"Secretele lui Lovendal"},"image":{"@id":"https:\/\/www.lovendal.ro\/wp52\/#\/schema\/logo\/image\/"},"sameAs":["https:\/\/www.facebook.com\/secreteleluilovendal"]},{"@type":"Person","@id":"https:\/\/www.lovendal.ro\/wp52\/#\/schema\/person\/088691de5dfc346bb0c023e1e52ef5d9","name":"admin","image":{"@type":"ImageObject","inLanguage":"ro-RO","@id":"https:\/\/secure.gravatar.com\/avatar\/ecb9cd41f5f63c9c9b989999a59f6e2639a865ec361e9db054db0679a8f341c2?s=96&d=mm&r=g","url":"https:\/\/secure.gravatar.com\/avatar\/ecb9cd41f5f63c9c9b989999a59f6e2639a865ec361e9db054db0679a8f341c2?s=96&d=mm&r=g","contentUrl":"https:\/\/secure.gravatar.com\/avatar\/ecb9cd41f5f63c9c9b989999a59f6e2639a865ec361e9db054db0679a8f341c2?s=96&d=mm&r=g","caption":"admin"},"sameAs":["https:\/\/www.lovendal.ro\/wp52"]}]}},"_links":{"self":[{"href":"https:\/\/www.lovendal.ro\/wp52\/wp-json\/wp\/v2\/posts\/77562","targetHints":{"allow":["GET"]}}],"collection":[{"href":"https:\/\/www.lovendal.ro\/wp52\/wp-json\/wp\/v2\/posts"}],"about":[{"href":"https:\/\/www.lovendal.ro\/wp52\/wp-json\/wp\/v2\/types\/post"}],"author":[{"embeddable":true,"href":"https:\/\/www.lovendal.ro\/wp52\/wp-json\/wp\/v2\/users\/1"}],"replies":[{"embeddable":true,"href":"https:\/\/www.lovendal.ro\/wp52\/wp-json\/wp\/v2\/comments?post=77562"}],"version-history":[{"count":0,"href":"https:\/\/www.lovendal.ro\/wp52\/wp-json\/wp\/v2\/posts\/77562\/revisions"}],"wp:featuredmedia":[{"embeddable":true,"href":"https:\/\/www.lovendal.ro\/wp52\/wp-json\/wp\/v2\/media\/77563"}],"wp:attachment":[{"href":"https:\/\/www.lovendal.ro\/wp52\/wp-json\/wp\/v2\/media?parent=77562"}],"wp:term":[{"taxonomy":"category","embeddable":true,"href":"https:\/\/www.lovendal.ro\/wp52\/wp-json\/wp\/v2\/categories?post=77562"},{"taxonomy":"post_tag","embeddable":true,"href":"https:\/\/www.lovendal.ro\/wp52\/wp-json\/wp\/v2\/tags?post=77562"}],"curies":[{"name":"wp","href":"https:\/\/api.w.org\/{rel}","templated":true}]}}