{"id":77414,"date":"2021-10-21T00:20:54","date_gmt":"2021-10-20T21:20:54","guid":{"rendered":"https:\/\/www.lovendal.ro\/wp52\/?p=77414"},"modified":"2021-10-21T00:20:54","modified_gmt":"2021-10-20T21:20:54","slug":"socant-din-aprilie-pana-in-septembrie-2021-la-polul-sud-a-fost-mai-rece-decat-in-ultimii-30-de-ani-cica-planeta-se-incalzeste-iremediabil","status":"publish","type":"post","link":"https:\/\/www.lovendal.ro\/wp52\/socant-din-aprilie-pana-in-septembrie-2021-la-polul-sud-a-fost-mai-rece-decat-in-ultimii-30-de-ani-cica-planeta-se-incalzeste-iremediabil\/","title":{"rendered":"\u015eocant: din aprilie p\u00e2n\u0103 \u00een septembrie 2021, la Polul Sud a fost mai rece dec\u00e2t \u00een ultimii 30 de ani! Cic\u0103 planeta se \u00eenc\u0103lze\u015fte iremediabil&#8230;"},"content":{"rendered":"<p><a href=\"https:\/\/www.lovendal.ro\/wp52\/wp-content\/uploads\/2021\/10\/Antarctica-gheata-rece.jpg\"><img loading=\"lazy\" decoding=\"async\" class=\"alignleft size-full wp-image-77415\" src=\"https:\/\/www.lovendal.ro\/wp52\/wp-content\/uploads\/2021\/10\/Antarctica-gheata-rece.jpg\" alt=\"\" width=\"346\" height=\"335\" srcset=\"https:\/\/www.lovendal.ro\/wp52\/wp-content\/uploads\/2021\/10\/Antarctica-gheata-rece.jpg 346w, https:\/\/www.lovendal.ro\/wp52\/wp-content\/uploads\/2021\/10\/Antarctica-gheata-rece-300x290.jpg 300w, https:\/\/www.lovendal.ro\/wp52\/wp-content\/uploads\/2021\/10\/Antarctica-gheata-rece-150x145.jpg 150w\" sizes=\"auto, (max-width: 346px) 100vw, 346px\" \/><\/a>Pentru cei extrem de \u00eengrijora\u0163i c\u0103 planeta noastr\u0103 se \u00eenc\u0103lze\u015fte iremediabil, ca urmare a &#8222;\u00eenc\u0103lzirii globale&#8221; produse de oameni \u015fi c\u0103 nimic nu se mai poate face, iat\u0103 vestea bun\u0103, care arat\u0103 c\u0103 planeta noastr\u0103 urmeaz\u0103 un ciclu normal \u015fi natural de \u00eenc\u0103lzire \u015fi r\u0103cire \u015fi nu are nimic de-a face cu agendele globaliste ale &#8222;efectului de ser\u0103&#8221;: \u00een Antarctica (Polul Sud), temperaturile au fost mult mai sc\u0103zute dec\u00e2t cele normale \u00een perioada aprilie &#8211; septembrie 2021. \u015etiri de genul acesta nu sunt promovate \u00een mass-media globalist\u0103, care \u00eentotdeauna va ascunde sau va minimiza ceea ce nu-i convine.<\/p>\n<p>A\u015fadar, a fost extrem de rece la Polul Sud din aprilie p\u00e2n\u0103 \u00een septembrie 2021. Acest lucru nu este neobi\u0219nuit, dar anul acesta (2021) a fost mai rece dec\u00e2t de obicei. Temperatura medie la Sta\u021bia Polului Sud Amundsen-Scott din Programul Antarctic al Statelor Unite a fost de -61 grade de Celsius. Aceasta a fost cu aproximativ 4,5 grade mai mic\u0103 dec\u00e2t media din ultimii 30 de ani.<\/p>\n<p>A fost cel mai rece sezon \u00eenregistrat vreodat\u0103 \u0219i a avut un impact asupra nivelului de ghea\u021b\u0103 marin\u0103, care a intrat \u00een istorie ca fiind al cincilea ca m\u0103rime din istoria \u00eenregistr\u0103rilor.<\/p>\n<blockquote class=\"twitter-tweet\">\n<p dir=\"ltr\" lang=\"en\">1\/1 Extraordinary coreless winter (April &#8211; September) at South Pole Station. The average as been -61.1 \u00b0C the coldest ever recoded. This value set -2.2 \u00b0C on the reference 1981-2010 and -2.5 \u00b0C on 1991-2020. Previous record -60.6 \u00b0C in 1976 <a href=\"https:\/\/t.co\/m8uWF5mt0c\">pic.twitter.com\/m8uWF5mt0c<\/a><\/p>\n<p>\u2014 Stefano Di Battista (@pinturicchio_60) <a href=\"https:\/\/twitter.com\/pinturicchio_60\/status\/1443907726359339032?ref_src=twsrc%5Etfw\">October 1, 2021<\/a><\/p><\/blockquote>\n<p><script async src=\"https:\/\/platform.twitter.com\/widgets.js\" charset=\"utf-8\"><\/script><\/p>\n","protected":false},"excerpt":{"rendered":"<p>Pentru cei extrem de \u00eengrijora\u0163i c\u0103 planeta noastr\u0103 se \u00eenc\u0103lze\u015fte iremediabil, ca urmare a &#8222;\u00eenc\u0103lzirii globale&#8221; produse de oameni \u015fi c\u0103 nimic nu se mai poate face, iat\u0103 vestea bun\u0103, care arat\u0103 c\u0103 planeta noastr\u0103 urmeaz\u0103 un ciclu normal \u015fi &#8230; <\/p>\n<p class=\"read-more-container\"><a title=\"\u015eocant: din aprilie p\u00e2n\u0103 \u00een septembrie 2021, la Polul Sud a fost mai rece dec\u00e2t \u00een ultimii 30 de ani! Cic\u0103 planeta se \u00eenc\u0103lze\u015fte iremediabil&#8230;\" class=\"read-more button\" href=\"https:\/\/www.lovendal.ro\/wp52\/socant-din-aprilie-pana-in-septembrie-2021-la-polul-sud-a-fost-mai-rece-decat-in-ultimii-30-de-ani-cica-planeta-se-incalzeste-iremediabil\/#more-77414\" aria-label=\"Cite\u0219te mai multe despre \u015eocant: din aprilie p\u00e2n\u0103 \u00een septembrie 2021, la Polul Sud a fost mai rece dec\u00e2t \u00een ultimii 30 de ani! Cic\u0103 planeta se \u00eenc\u0103lze\u015fte iremediabil&#8230;\">Cititi mai multe<\/a><\/p>\n","protected":false},"author":1,"featured_media":77415,"comment_status":"open","ping_status":"open","sticky":false,"template":"","format":"standard","meta":{"footnotes":""},"categories":[54],"tags":[1730,1578,1960,4496,9800,2803,2358],"class_list":["post-77414","post","type-post","status-publish","format-standard","has-post-thumbnail","hentry","category-natura-animale","tag-antarctica","tag-gheata","tag-incalzire-globala","tag-mass-media","tag-natura-animale","tag-polul-sud","tag-temperatura","resize-featured-image"],"yoast_head":"<!-- This site is optimized with the Yoast SEO Premium plugin v23.3 (Yoast SEO v27.4) - https:\/\/yoast.com\/product\/yoast-seo-premium-wordpress\/ -->\n<title>\u015eocant: din aprilie p\u00e2n\u0103 \u00een septembrie 2021, la Polul Sud a fost mai rece dec\u00e2t \u00een ultimii 30 de ani! Cic\u0103 planeta se \u00eenc\u0103lze\u015fte iremediabil... - Secretele lui Lovendal<\/title>\n<meta name=\"robots\" content=\"index, follow, max-snippet:-1, max-image-preview:large, max-video-preview:-1\" \/>\n<link rel=\"canonical\" href=\"https:\/\/www.lovendal.ro\/wp52\/socant-din-aprilie-pana-in-septembrie-2021-la-polul-sud-a-fost-mai-rece-decat-in-ultimii-30-de-ani-cica-planeta-se-incalzeste-iremediabil\/\" \/>\n<meta property=\"og:locale\" content=\"ro_RO\" \/>\n<meta property=\"og:type\" content=\"article\" \/>\n<meta property=\"og:title\" content=\"\u015eocant: din aprilie p\u00e2n\u0103 \u00een septembrie 2021, la Polul Sud a fost mai rece dec\u00e2t \u00een ultimii 30 de ani! Cic\u0103 planeta se \u00eenc\u0103lze\u015fte iremediabil...\" \/>\n<meta property=\"og:description\" content=\"Pentru cei extrem de \u00eengrijora\u0163i c\u0103 planeta noastr\u0103 se \u00eenc\u0103lze\u015fte iremediabil, ca urmare a &#8222;\u00eenc\u0103lzirii globale&#8221; produse de oameni \u015fi c\u0103 nimic nu se mai poate face, iat\u0103 vestea bun\u0103, care arat\u0103 c\u0103 planeta noastr\u0103 urmeaz\u0103 un ciclu normal \u015fi ... Cititi mai multe\" \/>\n<meta property=\"og:url\" content=\"https:\/\/www.lovendal.ro\/wp52\/socant-din-aprilie-pana-in-septembrie-2021-la-polul-sud-a-fost-mai-rece-decat-in-ultimii-30-de-ani-cica-planeta-se-incalzeste-iremediabil\/\" \/>\n<meta property=\"og:site_name\" content=\"Secretele lui Lovendal\" \/>\n<meta property=\"article:publisher\" content=\"https:\/\/www.facebook.com\/secreteleluilovendal\" \/>\n<meta property=\"article:published_time\" content=\"2021-10-20T21:20:54+00:00\" \/>\n<meta property=\"og:image\" content=\"https:\/\/www.lovendal.ro\/wp52\/wp-content\/uploads\/2021\/10\/Antarctica-gheata-rece.jpg\" \/>\n\t<meta property=\"og:image:width\" content=\"346\" \/>\n\t<meta property=\"og:image:height\" content=\"335\" \/>\n\t<meta property=\"og:image:type\" content=\"image\/jpeg\" \/>\n<meta name=\"author\" content=\"admin\" \/>\n<meta name=\"twitter:card\" content=\"summary_large_image\" \/>\n<meta name=\"twitter:label1\" content=\"Scris de\" \/>\n\t<meta name=\"twitter:data1\" content=\"admin\" \/>\n\t<meta name=\"twitter:label2\" content=\"Timp estimat pentru citire\" \/>\n\t<meta name=\"twitter:data2\" content=\"1 minut\" \/>\n<script type=\"application\/ld+json\" class=\"yoast-schema-graph\">{\"@context\":\"https:\\\/\\\/schema.org\",\"@graph\":[{\"@type\":\"Article\",\"@id\":\"https:\\\/\\\/www.lovendal.ro\\\/wp52\\\/socant-din-aprilie-pana-in-septembrie-2021-la-polul-sud-a-fost-mai-rece-decat-in-ultimii-30-de-ani-cica-planeta-se-incalzeste-iremediabil\\\/#article\",\"isPartOf\":{\"@id\":\"https:\\\/\\\/www.lovendal.ro\\\/wp52\\\/socant-din-aprilie-pana-in-septembrie-2021-la-polul-sud-a-fost-mai-rece-decat-in-ultimii-30-de-ani-cica-planeta-se-incalzeste-iremediabil\\\/\"},\"author\":{\"name\":\"admin\",\"@id\":\"https:\\\/\\\/www.lovendal.ro\\\/wp52\\\/#\\\/schema\\\/person\\\/088691de5dfc346bb0c023e1e52ef5d9\"},\"headline\":\"\u015eocant: din aprilie p\u00e2n\u0103 \u00een septembrie 2021, la Polul Sud a fost mai rece dec\u00e2t \u00een ultimii 30 de ani! Cic\u0103 planeta se \u00eenc\u0103lze\u015fte iremediabil&#8230;\",\"datePublished\":\"2021-10-20T21:20:54+00:00\",\"mainEntityOfPage\":{\"@id\":\"https:\\\/\\\/www.lovendal.ro\\\/wp52\\\/socant-din-aprilie-pana-in-septembrie-2021-la-polul-sud-a-fost-mai-rece-decat-in-ultimii-30-de-ani-cica-planeta-se-incalzeste-iremediabil\\\/\"},\"wordCount\":286,\"commentCount\":0,\"publisher\":{\"@id\":\"https:\\\/\\\/www.lovendal.ro\\\/wp52\\\/#organization\"},\"image\":{\"@id\":\"https:\\\/\\\/www.lovendal.ro\\\/wp52\\\/socant-din-aprilie-pana-in-septembrie-2021-la-polul-sud-a-fost-mai-rece-decat-in-ultimii-30-de-ani-cica-planeta-se-incalzeste-iremediabil\\\/#primaryimage\"},\"thumbnailUrl\":\"https:\\\/\\\/www.lovendal.ro\\\/wp52\\\/wp-content\\\/uploads\\\/2021\\\/10\\\/Antarctica-gheata-rece.jpg\",\"keywords\":[\"Antarctica\",\"ghea\u0163\u0103\",\"\u00eenc\u0103lzire global\u0103\",\"mass-media\",\"Natura-Animale\",\"Polul Sud\",\"temperatur\u0103\"],\"articleSection\":[\"Natura-Animale\"],\"inLanguage\":\"ro-RO\",\"potentialAction\":[{\"@type\":\"CommentAction\",\"name\":\"Comment\",\"target\":[\"https:\\\/\\\/www.lovendal.ro\\\/wp52\\\/socant-din-aprilie-pana-in-septembrie-2021-la-polul-sud-a-fost-mai-rece-decat-in-ultimii-30-de-ani-cica-planeta-se-incalzeste-iremediabil\\\/#respond\"]}]},{\"@type\":\"WebPage\",\"@id\":\"https:\\\/\\\/www.lovendal.ro\\\/wp52\\\/socant-din-aprilie-pana-in-septembrie-2021-la-polul-sud-a-fost-mai-rece-decat-in-ultimii-30-de-ani-cica-planeta-se-incalzeste-iremediabil\\\/\",\"url\":\"https:\\\/\\\/www.lovendal.ro\\\/wp52\\\/socant-din-aprilie-pana-in-septembrie-2021-la-polul-sud-a-fost-mai-rece-decat-in-ultimii-30-de-ani-cica-planeta-se-incalzeste-iremediabil\\\/\",\"name\":\"\u015eocant: din aprilie p\u00e2n\u0103 \u00een septembrie 2021, la Polul Sud a fost mai rece dec\u00e2t \u00een ultimii 30 de ani! Cic\u0103 planeta se \u00eenc\u0103lze\u015fte iremediabil... - Secretele lui Lovendal\",\"isPartOf\":{\"@id\":\"https:\\\/\\\/www.lovendal.ro\\\/wp52\\\/#website\"},\"primaryImageOfPage\":{\"@id\":\"https:\\\/\\\/www.lovendal.ro\\\/wp52\\\/socant-din-aprilie-pana-in-septembrie-2021-la-polul-sud-a-fost-mai-rece-decat-in-ultimii-30-de-ani-cica-planeta-se-incalzeste-iremediabil\\\/#primaryimage\"},\"image\":{\"@id\":\"https:\\\/\\\/www.lovendal.ro\\\/wp52\\\/socant-din-aprilie-pana-in-septembrie-2021-la-polul-sud-a-fost-mai-rece-decat-in-ultimii-30-de-ani-cica-planeta-se-incalzeste-iremediabil\\\/#primaryimage\"},\"thumbnailUrl\":\"https:\\\/\\\/www.lovendal.ro\\\/wp52\\\/wp-content\\\/uploads\\\/2021\\\/10\\\/Antarctica-gheata-rece.jpg\",\"datePublished\":\"2021-10-20T21:20:54+00:00\",\"breadcrumb\":{\"@id\":\"https:\\\/\\\/www.lovendal.ro\\\/wp52\\\/socant-din-aprilie-pana-in-septembrie-2021-la-polul-sud-a-fost-mai-rece-decat-in-ultimii-30-de-ani-cica-planeta-se-incalzeste-iremediabil\\\/#breadcrumb\"},\"inLanguage\":\"ro-RO\",\"potentialAction\":[{\"@type\":\"ReadAction\",\"target\":[\"https:\\\/\\\/www.lovendal.ro\\\/wp52\\\/socant-din-aprilie-pana-in-septembrie-2021-la-polul-sud-a-fost-mai-rece-decat-in-ultimii-30-de-ani-cica-planeta-se-incalzeste-iremediabil\\\/\"]}]},{\"@type\":\"ImageObject\",\"inLanguage\":\"ro-RO\",\"@id\":\"https:\\\/\\\/www.lovendal.ro\\\/wp52\\\/socant-din-aprilie-pana-in-septembrie-2021-la-polul-sud-a-fost-mai-rece-decat-in-ultimii-30-de-ani-cica-planeta-se-incalzeste-iremediabil\\\/#primaryimage\",\"url\":\"https:\\\/\\\/www.lovendal.ro\\\/wp52\\\/wp-content\\\/uploads\\\/2021\\\/10\\\/Antarctica-gheata-rece.jpg\",\"contentUrl\":\"https:\\\/\\\/www.lovendal.ro\\\/wp52\\\/wp-content\\\/uploads\\\/2021\\\/10\\\/Antarctica-gheata-rece.jpg\",\"width\":346,\"height\":335},{\"@type\":\"BreadcrumbList\",\"@id\":\"https:\\\/\\\/www.lovendal.ro\\\/wp52\\\/socant-din-aprilie-pana-in-septembrie-2021-la-polul-sud-a-fost-mai-rece-decat-in-ultimii-30-de-ani-cica-planeta-se-incalzeste-iremediabil\\\/#breadcrumb\",\"itemListElement\":[{\"@type\":\"ListItem\",\"position\":1,\"name\":\"Home\",\"item\":\"https:\\\/\\\/www.lovendal.ro\\\/wp52\\\/\"},{\"@type\":\"ListItem\",\"position\":2,\"name\":\"\u015eocant: din aprilie p\u00e2n\u0103 \u00een septembrie 2021, la Polul Sud a fost mai rece dec\u00e2t \u00een ultimii 30 de ani! Cic\u0103 planeta se \u00eenc\u0103lze\u015fte iremediabil&#8230;\"}]},{\"@type\":\"WebSite\",\"@id\":\"https:\\\/\\\/www.lovendal.ro\\\/wp52\\\/#website\",\"url\":\"https:\\\/\\\/www.lovendal.ro\\\/wp52\\\/\",\"name\":\"Secretele lui Lovendal\",\"description\":\"Site de secrete, stiinta si metafizica - din 2008 -\",\"publisher\":{\"@id\":\"https:\\\/\\\/www.lovendal.ro\\\/wp52\\\/#organization\"},\"potentialAction\":[{\"@type\":\"SearchAction\",\"target\":{\"@type\":\"EntryPoint\",\"urlTemplate\":\"https:\\\/\\\/www.lovendal.ro\\\/wp52\\\/?s={search_term_string}\"},\"query-input\":{\"@type\":\"PropertyValueSpecification\",\"valueRequired\":true,\"valueName\":\"search_term_string\"}}],\"inLanguage\":\"ro-RO\"},{\"@type\":\"Organization\",\"@id\":\"https:\\\/\\\/www.lovendal.ro\\\/wp52\\\/#organization\",\"name\":\"Secretele lui Lovendal\",\"url\":\"https:\\\/\\\/www.lovendal.ro\\\/wp52\\\/\",\"logo\":{\"@type\":\"ImageObject\",\"inLanguage\":\"ro-RO\",\"@id\":\"https:\\\/\\\/www.lovendal.ro\\\/wp52\\\/#\\\/schema\\\/logo\\\/image\\\/\",\"url\":\"https:\\\/\\\/www.lovendal.ro\\\/wp52\\\/wp-content\\\/uploads\\\/2024\\\/06\\\/cropped-SLL-iun-2024-1.jpg\",\"contentUrl\":\"https:\\\/\\\/www.lovendal.ro\\\/wp52\\\/wp-content\\\/uploads\\\/2024\\\/06\\\/cropped-SLL-iun-2024-1.jpg\",\"width\":771,\"height\":240,\"caption\":\"Secretele lui Lovendal\"},\"image\":{\"@id\":\"https:\\\/\\\/www.lovendal.ro\\\/wp52\\\/#\\\/schema\\\/logo\\\/image\\\/\"},\"sameAs\":[\"https:\\\/\\\/www.facebook.com\\\/secreteleluilovendal\"]},{\"@type\":\"Person\",\"@id\":\"https:\\\/\\\/www.lovendal.ro\\\/wp52\\\/#\\\/schema\\\/person\\\/088691de5dfc346bb0c023e1e52ef5d9\",\"name\":\"admin\",\"image\":{\"@type\":\"ImageObject\",\"inLanguage\":\"ro-RO\",\"@id\":\"https:\\\/\\\/secure.gravatar.com\\\/avatar\\\/ecb9cd41f5f63c9c9b989999a59f6e2639a865ec361e9db054db0679a8f341c2?s=96&d=mm&r=g\",\"url\":\"https:\\\/\\\/secure.gravatar.com\\\/avatar\\\/ecb9cd41f5f63c9c9b989999a59f6e2639a865ec361e9db054db0679a8f341c2?s=96&d=mm&r=g\",\"contentUrl\":\"https:\\\/\\\/secure.gravatar.com\\\/avatar\\\/ecb9cd41f5f63c9c9b989999a59f6e2639a865ec361e9db054db0679a8f341c2?s=96&d=mm&r=g\",\"caption\":\"admin\"},\"sameAs\":[\"https:\\\/\\\/www.lovendal.ro\\\/wp52\"]}]}<\/script>\n<!-- \/ Yoast SEO Premium plugin. -->","yoast_head_json":{"title":"\u015eocant: din aprilie p\u00e2n\u0103 \u00een septembrie 2021, la Polul Sud a fost mai rece dec\u00e2t \u00een ultimii 30 de ani! Cic\u0103 planeta se \u00eenc\u0103lze\u015fte iremediabil... - Secretele lui Lovendal","robots":{"index":"index","follow":"follow","max-snippet":"max-snippet:-1","max-image-preview":"max-image-preview:large","max-video-preview":"max-video-preview:-1"},"canonical":"https:\/\/www.lovendal.ro\/wp52\/socant-din-aprilie-pana-in-septembrie-2021-la-polul-sud-a-fost-mai-rece-decat-in-ultimii-30-de-ani-cica-planeta-se-incalzeste-iremediabil\/","og_locale":"ro_RO","og_type":"article","og_title":"\u015eocant: din aprilie p\u00e2n\u0103 \u00een septembrie 2021, la Polul Sud a fost mai rece dec\u00e2t \u00een ultimii 30 de ani! Cic\u0103 planeta se \u00eenc\u0103lze\u015fte iremediabil...","og_description":"Pentru cei extrem de \u00eengrijora\u0163i c\u0103 planeta noastr\u0103 se \u00eenc\u0103lze\u015fte iremediabil, ca urmare a &#8222;\u00eenc\u0103lzirii globale&#8221; produse de oameni \u015fi c\u0103 nimic nu se mai poate face, iat\u0103 vestea bun\u0103, care arat\u0103 c\u0103 planeta noastr\u0103 urmeaz\u0103 un ciclu normal \u015fi ... Cititi mai multe","og_url":"https:\/\/www.lovendal.ro\/wp52\/socant-din-aprilie-pana-in-septembrie-2021-la-polul-sud-a-fost-mai-rece-decat-in-ultimii-30-de-ani-cica-planeta-se-incalzeste-iremediabil\/","og_site_name":"Secretele lui Lovendal","article_publisher":"https:\/\/www.facebook.com\/secreteleluilovendal","article_published_time":"2021-10-20T21:20:54+00:00","og_image":[{"width":346,"height":335,"url":"https:\/\/www.lovendal.ro\/wp52\/wp-content\/uploads\/2021\/10\/Antarctica-gheata-rece.jpg","type":"image\/jpeg"}],"author":"admin","twitter_card":"summary_large_image","twitter_misc":{"Scris de":"admin","Timp estimat pentru citire":"1 minut"},"schema":{"@context":"https:\/\/schema.org","@graph":[{"@type":"Article","@id":"https:\/\/www.lovendal.ro\/wp52\/socant-din-aprilie-pana-in-septembrie-2021-la-polul-sud-a-fost-mai-rece-decat-in-ultimii-30-de-ani-cica-planeta-se-incalzeste-iremediabil\/#article","isPartOf":{"@id":"https:\/\/www.lovendal.ro\/wp52\/socant-din-aprilie-pana-in-septembrie-2021-la-polul-sud-a-fost-mai-rece-decat-in-ultimii-30-de-ani-cica-planeta-se-incalzeste-iremediabil\/"},"author":{"name":"admin","@id":"https:\/\/www.lovendal.ro\/wp52\/#\/schema\/person\/088691de5dfc346bb0c023e1e52ef5d9"},"headline":"\u015eocant: din aprilie p\u00e2n\u0103 \u00een septembrie 2021, la Polul Sud a fost mai rece dec\u00e2t \u00een ultimii 30 de ani! Cic\u0103 planeta se \u00eenc\u0103lze\u015fte iremediabil&#8230;","datePublished":"2021-10-20T21:20:54+00:00","mainEntityOfPage":{"@id":"https:\/\/www.lovendal.ro\/wp52\/socant-din-aprilie-pana-in-septembrie-2021-la-polul-sud-a-fost-mai-rece-decat-in-ultimii-30-de-ani-cica-planeta-se-incalzeste-iremediabil\/"},"wordCount":286,"commentCount":0,"publisher":{"@id":"https:\/\/www.lovendal.ro\/wp52\/#organization"},"image":{"@id":"https:\/\/www.lovendal.ro\/wp52\/socant-din-aprilie-pana-in-septembrie-2021-la-polul-sud-a-fost-mai-rece-decat-in-ultimii-30-de-ani-cica-planeta-se-incalzeste-iremediabil\/#primaryimage"},"thumbnailUrl":"https:\/\/www.lovendal.ro\/wp52\/wp-content\/uploads\/2021\/10\/Antarctica-gheata-rece.jpg","keywords":["Antarctica","ghea\u0163\u0103","\u00eenc\u0103lzire global\u0103","mass-media","Natura-Animale","Polul Sud","temperatur\u0103"],"articleSection":["Natura-Animale"],"inLanguage":"ro-RO","potentialAction":[{"@type":"CommentAction","name":"Comment","target":["https:\/\/www.lovendal.ro\/wp52\/socant-din-aprilie-pana-in-septembrie-2021-la-polul-sud-a-fost-mai-rece-decat-in-ultimii-30-de-ani-cica-planeta-se-incalzeste-iremediabil\/#respond"]}]},{"@type":"WebPage","@id":"https:\/\/www.lovendal.ro\/wp52\/socant-din-aprilie-pana-in-septembrie-2021-la-polul-sud-a-fost-mai-rece-decat-in-ultimii-30-de-ani-cica-planeta-se-incalzeste-iremediabil\/","url":"https:\/\/www.lovendal.ro\/wp52\/socant-din-aprilie-pana-in-septembrie-2021-la-polul-sud-a-fost-mai-rece-decat-in-ultimii-30-de-ani-cica-planeta-se-incalzeste-iremediabil\/","name":"\u015eocant: din aprilie p\u00e2n\u0103 \u00een septembrie 2021, la Polul Sud a fost mai rece dec\u00e2t \u00een ultimii 30 de ani! Cic\u0103 planeta se \u00eenc\u0103lze\u015fte iremediabil... - Secretele lui Lovendal","isPartOf":{"@id":"https:\/\/www.lovendal.ro\/wp52\/#website"},"primaryImageOfPage":{"@id":"https:\/\/www.lovendal.ro\/wp52\/socant-din-aprilie-pana-in-septembrie-2021-la-polul-sud-a-fost-mai-rece-decat-in-ultimii-30-de-ani-cica-planeta-se-incalzeste-iremediabil\/#primaryimage"},"image":{"@id":"https:\/\/www.lovendal.ro\/wp52\/socant-din-aprilie-pana-in-septembrie-2021-la-polul-sud-a-fost-mai-rece-decat-in-ultimii-30-de-ani-cica-planeta-se-incalzeste-iremediabil\/#primaryimage"},"thumbnailUrl":"https:\/\/www.lovendal.ro\/wp52\/wp-content\/uploads\/2021\/10\/Antarctica-gheata-rece.jpg","datePublished":"2021-10-20T21:20:54+00:00","breadcrumb":{"@id":"https:\/\/www.lovendal.ro\/wp52\/socant-din-aprilie-pana-in-septembrie-2021-la-polul-sud-a-fost-mai-rece-decat-in-ultimii-30-de-ani-cica-planeta-se-incalzeste-iremediabil\/#breadcrumb"},"inLanguage":"ro-RO","potentialAction":[{"@type":"ReadAction","target":["https:\/\/www.lovendal.ro\/wp52\/socant-din-aprilie-pana-in-septembrie-2021-la-polul-sud-a-fost-mai-rece-decat-in-ultimii-30-de-ani-cica-planeta-se-incalzeste-iremediabil\/"]}]},{"@type":"ImageObject","inLanguage":"ro-RO","@id":"https:\/\/www.lovendal.ro\/wp52\/socant-din-aprilie-pana-in-septembrie-2021-la-polul-sud-a-fost-mai-rece-decat-in-ultimii-30-de-ani-cica-planeta-se-incalzeste-iremediabil\/#primaryimage","url":"https:\/\/www.lovendal.ro\/wp52\/wp-content\/uploads\/2021\/10\/Antarctica-gheata-rece.jpg","contentUrl":"https:\/\/www.lovendal.ro\/wp52\/wp-content\/uploads\/2021\/10\/Antarctica-gheata-rece.jpg","width":346,"height":335},{"@type":"BreadcrumbList","@id":"https:\/\/www.lovendal.ro\/wp52\/socant-din-aprilie-pana-in-septembrie-2021-la-polul-sud-a-fost-mai-rece-decat-in-ultimii-30-de-ani-cica-planeta-se-incalzeste-iremediabil\/#breadcrumb","itemListElement":[{"@type":"ListItem","position":1,"name":"Home","item":"https:\/\/www.lovendal.ro\/wp52\/"},{"@type":"ListItem","position":2,"name":"\u015eocant: din aprilie p\u00e2n\u0103 \u00een septembrie 2021, la Polul Sud a fost mai rece dec\u00e2t \u00een ultimii 30 de ani! Cic\u0103 planeta se \u00eenc\u0103lze\u015fte iremediabil&#8230;"}]},{"@type":"WebSite","@id":"https:\/\/www.lovendal.ro\/wp52\/#website","url":"https:\/\/www.lovendal.ro\/wp52\/","name":"Secretele lui Lovendal","description":"Site de secrete, stiinta si metafizica - din 2008 -","publisher":{"@id":"https:\/\/www.lovendal.ro\/wp52\/#organization"},"potentialAction":[{"@type":"SearchAction","target":{"@type":"EntryPoint","urlTemplate":"https:\/\/www.lovendal.ro\/wp52\/?s={search_term_string}"},"query-input":{"@type":"PropertyValueSpecification","valueRequired":true,"valueName":"search_term_string"}}],"inLanguage":"ro-RO"},{"@type":"Organization","@id":"https:\/\/www.lovendal.ro\/wp52\/#organization","name":"Secretele lui Lovendal","url":"https:\/\/www.lovendal.ro\/wp52\/","logo":{"@type":"ImageObject","inLanguage":"ro-RO","@id":"https:\/\/www.lovendal.ro\/wp52\/#\/schema\/logo\/image\/","url":"https:\/\/www.lovendal.ro\/wp52\/wp-content\/uploads\/2024\/06\/cropped-SLL-iun-2024-1.jpg","contentUrl":"https:\/\/www.lovendal.ro\/wp52\/wp-content\/uploads\/2024\/06\/cropped-SLL-iun-2024-1.jpg","width":771,"height":240,"caption":"Secretele lui Lovendal"},"image":{"@id":"https:\/\/www.lovendal.ro\/wp52\/#\/schema\/logo\/image\/"},"sameAs":["https:\/\/www.facebook.com\/secreteleluilovendal"]},{"@type":"Person","@id":"https:\/\/www.lovendal.ro\/wp52\/#\/schema\/person\/088691de5dfc346bb0c023e1e52ef5d9","name":"admin","image":{"@type":"ImageObject","inLanguage":"ro-RO","@id":"https:\/\/secure.gravatar.com\/avatar\/ecb9cd41f5f63c9c9b989999a59f6e2639a865ec361e9db054db0679a8f341c2?s=96&d=mm&r=g","url":"https:\/\/secure.gravatar.com\/avatar\/ecb9cd41f5f63c9c9b989999a59f6e2639a865ec361e9db054db0679a8f341c2?s=96&d=mm&r=g","contentUrl":"https:\/\/secure.gravatar.com\/avatar\/ecb9cd41f5f63c9c9b989999a59f6e2639a865ec361e9db054db0679a8f341c2?s=96&d=mm&r=g","caption":"admin"},"sameAs":["https:\/\/www.lovendal.ro\/wp52"]}]}},"_links":{"self":[{"href":"https:\/\/www.lovendal.ro\/wp52\/wp-json\/wp\/v2\/posts\/77414","targetHints":{"allow":["GET"]}}],"collection":[{"href":"https:\/\/www.lovendal.ro\/wp52\/wp-json\/wp\/v2\/posts"}],"about":[{"href":"https:\/\/www.lovendal.ro\/wp52\/wp-json\/wp\/v2\/types\/post"}],"author":[{"embeddable":true,"href":"https:\/\/www.lovendal.ro\/wp52\/wp-json\/wp\/v2\/users\/1"}],"replies":[{"embeddable":true,"href":"https:\/\/www.lovendal.ro\/wp52\/wp-json\/wp\/v2\/comments?post=77414"}],"version-history":[{"count":0,"href":"https:\/\/www.lovendal.ro\/wp52\/wp-json\/wp\/v2\/posts\/77414\/revisions"}],"wp:featuredmedia":[{"embeddable":true,"href":"https:\/\/www.lovendal.ro\/wp52\/wp-json\/wp\/v2\/media\/77415"}],"wp:attachment":[{"href":"https:\/\/www.lovendal.ro\/wp52\/wp-json\/wp\/v2\/media?parent=77414"}],"wp:term":[{"taxonomy":"category","embeddable":true,"href":"https:\/\/www.lovendal.ro\/wp52\/wp-json\/wp\/v2\/categories?post=77414"},{"taxonomy":"post_tag","embeddable":true,"href":"https:\/\/www.lovendal.ro\/wp52\/wp-json\/wp\/v2\/tags?post=77414"}],"curies":[{"name":"wp","href":"https:\/\/api.w.org\/{rel}","templated":true}]}}