{"id":77395,"date":"2021-10-19T17:29:45","date_gmt":"2021-10-19T14:29:45","guid":{"rendered":"https:\/\/www.lovendal.ro\/wp52\/?p=77395"},"modified":"2021-10-19T17:29:45","modified_gmt":"2021-10-19T14:29:45","slug":"suntem-din-nou-avertizati-ar-putea-urma-un-blackout-total-pana-de-curent-electric-pentru-anumite-regiuni-din-europa","status":"publish","type":"post","link":"https:\/\/www.lovendal.ro\/wp52\/suntem-din-nou-avertizati-ar-putea-urma-un-blackout-total-pana-de-curent-electric-pentru-anumite-regiuni-din-europa\/","title":{"rendered":"Suntem din nou avertiza\u0163i: ar putea urma un &#8222;blackout total&#8221; (pan\u0103 de curent electric) pentru anumite regiuni din Europa!"},"content":{"rendered":"<figure id=\"attachment_77398\" aria-describedby=\"caption-attachment-77398\" style=\"width: 328px\" class=\"wp-caption alignleft\"><a href=\"https:\/\/www.lovendal.ro\/wp52\/wp-content\/uploads\/2021\/10\/pana-de-curent-Europa.jpg\"><img loading=\"lazy\" decoding=\"async\" class=\"size-full wp-image-77398\" src=\"https:\/\/www.lovendal.ro\/wp52\/wp-content\/uploads\/2021\/10\/pana-de-curent-Europa.jpg\" alt=\"\" width=\"338\" height=\"222\" srcset=\"https:\/\/www.lovendal.ro\/wp52\/wp-content\/uploads\/2021\/10\/pana-de-curent-Europa.jpg 338w, https:\/\/www.lovendal.ro\/wp52\/wp-content\/uploads\/2021\/10\/pana-de-curent-Europa-300x197.jpg 300w, https:\/\/www.lovendal.ro\/wp52\/wp-content\/uploads\/2021\/10\/pana-de-curent-Europa-150x99.jpg 150w\" sizes=\"auto, (max-width: 338px) 100vw, 338px\" \/><\/a><figcaption id=\"caption-attachment-77398\" class=\"wp-caption-text\"><strong>Imagine<\/strong>: <a href=\"https:\/\/pxhere.com\/en\/photo\/525159\" target=\"_blank\" rel=\"noopener\"><strong>pxhere.com<\/strong><\/a> (Commons Creative &#8211; free)<\/figcaption><\/figure>\n<p>\u00centr-un raport publicat de banca Goldman Sachs \u00een septembrie 2021 (vede\u0163i AICI &#8211; <a href=\"https:\/\/www.bloomberg.com\/news\/articles\/2021-09-15\/goldman-warns-of-blackout-risk-for-european-industry-this-winter\" target=\"_blank\" rel=\"noopener\"><strong>Goldman Warns of Blackout Risk for European Industry This Winter<\/strong><\/a>), suntem avertiza\u0163i: \u00een iarna 2021 \/ 2022 (mai ales dac\u0103 va fi o iarn\u0103 grea &#8211; gata, a disp\u0103rut &#8222;\u00eenc\u0103lzirea global\u0103&#8221;?), Europa s-ar putea confrunta cu o pan\u0103 de curent electric generalizat\u0103 (&#8222;blackout&#8221; &#8211; \u00een limba englez\u0103).<\/p>\n<p>\u00centr-un scenariu luat \u00een considerare, pentru un blackout total care cuprinde p\u0103r\u021bi din Europa, ar fi necesar \u00eentre o s\u0103pt\u0103m\u00e2n\u0103 \u0219i 10 zile p\u00e2n\u0103 c\u00e2nd tot sistemul energetic european va re\u00eencepe s\u0103 func\u021bioneze \u00een mod rezonabil. Trebuie s\u0103 v\u0103 g\u00e2ndi\u0163i totu\u015fi c\u0103 noi suntem extrem de depeden\u0163i de electricitate; o c\u0103dere a acesteia ar \u00eensemna c\u0103derea telecomunica\u0163iilor, a Internetului, a sistemului bancar &#8211; de fapt ar rezulta o pr\u0103bu\u015fire temporar\u0103, dar generalizat\u0103 a economiei \u015fi societ\u0103\u0163ii. Pagubele ar fi imense.<\/p>\n<p>Scriam pe 13 octombrie 2021 acest articol &#8211; <a href=\"https:\/\/www.lovendal.ro\/wp52\/din-ce-in-ce-mai-multe-tari-din-lume-se-confrunta-cu-blackout-uri-adica-cu-intreruperi-de-electricitate\/\" target=\"_blank\" rel=\"noopener\"><strong>Din ce \u00een ce mai multe \u0163\u0103ri din lume se confrunt\u0103 cu \u201cblackout\u201d-uri, adic\u0103 cu \u00eentreruperi de electricitate<\/strong><\/a> &#8211; \u00een care ar\u0103tam c\u0103 din ce \u00een ce mai multe \u0163\u0103ri se confrunt\u0103 deja cu pene de curent \u00een anumire regiuni: Liban, India, China. \u00cen Austria, pe pagina de Facebook oficial\u0103 a Armatei Austriece (<a href=\"https:\/\/www.facebook.com\/bundesheer\/\" target=\"_blank\" rel=\"noopener\"><strong>Bundesheer<\/strong><\/a>), pe 15 septembrie 2021 \u015fi pe 6 octombrie 2021, pe pagina de profil ap\u0103reau 2 fotografii \u00een care apare cuv\u00e2ntul &#8222;Blackout&#8221;, popula\u0163ia fiind avertizat\u0103 despre situa\u021bia \u00een care \u021bara cade \u00eentr-o pan\u0103 de curent.<\/p>\n<p><a href=\"https:\/\/www.lovendal.ro\/wp52\/wp-content\/uploads\/2021\/10\/Blackout-1.jpg\"><img loading=\"lazy\" decoding=\"async\" class=\"aligncenter size-full wp-image-77396\" src=\"https:\/\/www.lovendal.ro\/wp52\/wp-content\/uploads\/2021\/10\/Blackout-1.jpg\" alt=\"\" width=\"536\" height=\"200\" srcset=\"https:\/\/www.lovendal.ro\/wp52\/wp-content\/uploads\/2021\/10\/Blackout-1.jpg 536w, https:\/\/www.lovendal.ro\/wp52\/wp-content\/uploads\/2021\/10\/Blackout-1-300x112.jpg 300w, https:\/\/www.lovendal.ro\/wp52\/wp-content\/uploads\/2021\/10\/Blackout-1-150x56.jpg 150w, https:\/\/www.lovendal.ro\/wp52\/wp-content\/uploads\/2021\/10\/Blackout-1-533x200.jpg 533w, https:\/\/www.lovendal.ro\/wp52\/wp-content\/uploads\/2021\/10\/Blackout-1-534x200.jpg 534w\" sizes=\"auto, (max-width: 536px) 100vw, 536px\" \/><\/a><a href=\"https:\/\/www.lovendal.ro\/wp52\/wp-content\/uploads\/2021\/10\/Blackout-2.jpg\"><img loading=\"lazy\" decoding=\"async\" class=\"aligncenter size-full wp-image-77397\" src=\"https:\/\/www.lovendal.ro\/wp52\/wp-content\/uploads\/2021\/10\/Blackout-2.jpg\" alt=\"\" width=\"536\" height=\"200\" srcset=\"https:\/\/www.lovendal.ro\/wp52\/wp-content\/uploads\/2021\/10\/Blackout-2.jpg 536w, https:\/\/www.lovendal.ro\/wp52\/wp-content\/uploads\/2021\/10\/Blackout-2-300x112.jpg 300w, https:\/\/www.lovendal.ro\/wp52\/wp-content\/uploads\/2021\/10\/Blackout-2-150x56.jpg 150w, https:\/\/www.lovendal.ro\/wp52\/wp-content\/uploads\/2021\/10\/Blackout-2-533x200.jpg 533w, https:\/\/www.lovendal.ro\/wp52\/wp-content\/uploads\/2021\/10\/Blackout-2-534x200.jpg 534w\" sizes=\"auto, (max-width: 536px) 100vw, 536px\" \/><\/a>P\u00e2n\u0103 la urm\u0103, de ce tot suntem amenin\u0163a\u0163i cu aceast\u0103 pan\u0103 de curent generalizat\u0103? Suntem preg\u0103ti\u0163i psihic pentru ceea ce va urma?<\/p>\n","protected":false},"excerpt":{"rendered":"<p>\u00centr-un raport publicat de banca Goldman Sachs \u00een septembrie 2021 (vede\u0163i AICI &#8211; Goldman Warns of Blackout Risk for European Industry This Winter), suntem avertiza\u0163i: \u00een iarna 2021 \/ 2022 (mai ales dac\u0103 va fi o iarn\u0103 grea &#8211; gata, &#8230; <\/p>\n<p class=\"read-more-container\"><a title=\"Suntem din nou avertiza\u0163i: ar putea urma un &#8222;blackout total&#8221; (pan\u0103 de curent electric) pentru anumite regiuni din Europa!\" class=\"read-more button\" href=\"https:\/\/www.lovendal.ro\/wp52\/suntem-din-nou-avertizati-ar-putea-urma-un-blackout-total-pana-de-curent-electric-pentru-anumite-regiuni-din-europa\/#more-77395\" aria-label=\"Cite\u0219te mai multe despre Suntem din nou avertiza\u0163i: ar putea urma un &#8222;blackout total&#8221; (pan\u0103 de curent electric) pentru anumite regiuni din Europa!\">Cititi mai multe<\/a><\/p>\n","protected":false},"author":1,"featured_media":77398,"comment_status":"open","ping_status":"open","sticky":false,"template":"","format":"standard","meta":{"footnotes":""},"categories":[475],"tags":[17270,1391,2663,17269,446,358,1755,341,4052,6848,2326,1960,619,597,2953,9291,2219],"class_list":["post-77395","post","type-post","status-publish","format-standard","has-post-thumbnail","hentry","category-conspiratii-mistere","tag-armata-austriaca","tag-austria","tag-banca","tag-blackout","tag-china","tag-conspiratii-si-mistere","tag-electricitate","tag-europa","tag-facebook","tag-goldman-sachs","tag-iarna","tag-incalzire-globala","tag-india","tag-internet","tag-liban","tag-pana-de-curent","tag-telecomunicatii","resize-featured-image"],"yoast_head":"<!-- This site is optimized with the Yoast SEO Premium plugin v23.3 (Yoast SEO v27.4) - https:\/\/yoast.com\/product\/yoast-seo-premium-wordpress\/ -->\n<title>Suntem din nou avertiza\u0163i: ar putea urma un &quot;blackout total&quot; (pan\u0103 de curent electric) pentru anumite regiuni din Europa! - Secretele lui Lovendal<\/title>\n<meta name=\"robots\" content=\"index, follow, max-snippet:-1, max-image-preview:large, max-video-preview:-1\" \/>\n<link rel=\"canonical\" href=\"https:\/\/www.lovendal.ro\/wp52\/suntem-din-nou-avertizati-ar-putea-urma-un-blackout-total-pana-de-curent-electric-pentru-anumite-regiuni-din-europa\/\" \/>\n<meta property=\"og:locale\" content=\"ro_RO\" \/>\n<meta property=\"og:type\" content=\"article\" \/>\n<meta property=\"og:title\" content=\"Suntem din nou avertiza\u0163i: ar putea urma un &quot;blackout total&quot; (pan\u0103 de curent electric) pentru anumite regiuni din Europa!\" \/>\n<meta property=\"og:description\" content=\"\u00centr-un raport publicat de banca Goldman Sachs \u00een septembrie 2021 (vede\u0163i AICI &#8211; Goldman Warns of Blackout Risk for European Industry This Winter), suntem avertiza\u0163i: \u00een iarna 2021 \/ 2022 (mai ales dac\u0103 va fi o iarn\u0103 grea &#8211; gata, ... Cititi mai multe\" \/>\n<meta property=\"og:url\" content=\"https:\/\/www.lovendal.ro\/wp52\/suntem-din-nou-avertizati-ar-putea-urma-un-blackout-total-pana-de-curent-electric-pentru-anumite-regiuni-din-europa\/\" \/>\n<meta property=\"og:site_name\" content=\"Secretele lui Lovendal\" \/>\n<meta property=\"article:publisher\" content=\"https:\/\/www.facebook.com\/secreteleluilovendal\" \/>\n<meta property=\"article:published_time\" content=\"2021-10-19T14:29:45+00:00\" \/>\n<meta property=\"og:image\" content=\"https:\/\/www.lovendal.ro\/wp52\/wp-content\/uploads\/2021\/10\/pana-de-curent-Europa.jpg\" \/>\n\t<meta property=\"og:image:width\" content=\"338\" \/>\n\t<meta property=\"og:image:height\" content=\"222\" \/>\n\t<meta property=\"og:image:type\" content=\"image\/jpeg\" \/>\n<meta name=\"author\" content=\"admin\" \/>\n<meta name=\"twitter:card\" content=\"summary_large_image\" \/>\n<meta name=\"twitter:label1\" content=\"Scris de\" \/>\n\t<meta name=\"twitter:data1\" content=\"admin\" \/>\n\t<meta name=\"twitter:label2\" content=\"Timp estimat pentru citire\" \/>\n\t<meta name=\"twitter:data2\" content=\"1 minut\" \/>\n<script type=\"application\/ld+json\" class=\"yoast-schema-graph\">{\"@context\":\"https:\\\/\\\/schema.org\",\"@graph\":[{\"@type\":\"Article\",\"@id\":\"https:\\\/\\\/www.lovendal.ro\\\/wp52\\\/suntem-din-nou-avertizati-ar-putea-urma-un-blackout-total-pana-de-curent-electric-pentru-anumite-regiuni-din-europa\\\/#article\",\"isPartOf\":{\"@id\":\"https:\\\/\\\/www.lovendal.ro\\\/wp52\\\/suntem-din-nou-avertizati-ar-putea-urma-un-blackout-total-pana-de-curent-electric-pentru-anumite-regiuni-din-europa\\\/\"},\"author\":{\"name\":\"admin\",\"@id\":\"https:\\\/\\\/www.lovendal.ro\\\/wp52\\\/#\\\/schema\\\/person\\\/088691de5dfc346bb0c023e1e52ef5d9\"},\"headline\":\"Suntem din nou avertiza\u0163i: ar putea urma un &#8222;blackout total&#8221; (pan\u0103 de curent electric) pentru anumite regiuni din Europa!\",\"datePublished\":\"2021-10-19T14:29:45+00:00\",\"mainEntityOfPage\":{\"@id\":\"https:\\\/\\\/www.lovendal.ro\\\/wp52\\\/suntem-din-nou-avertizati-ar-putea-urma-un-blackout-total-pana-de-curent-electric-pentru-anumite-regiuni-din-europa\\\/\"},\"wordCount\":314,\"commentCount\":0,\"publisher\":{\"@id\":\"https:\\\/\\\/www.lovendal.ro\\\/wp52\\\/#organization\"},\"image\":{\"@id\":\"https:\\\/\\\/www.lovendal.ro\\\/wp52\\\/suntem-din-nou-avertizati-ar-putea-urma-un-blackout-total-pana-de-curent-electric-pentru-anumite-regiuni-din-europa\\\/#primaryimage\"},\"thumbnailUrl\":\"https:\\\/\\\/www.lovendal.ro\\\/wp52\\\/wp-content\\\/uploads\\\/2021\\\/10\\\/pana-de-curent-Europa.jpg\",\"keywords\":[\"Armata Austriac\u0103\",\"Austria\",\"banc\u0103\",\"blackout\",\"China\",\"Conspiratii si Mistere\",\"electricitate\",\"Europa\",\"Facebook\",\"Goldman Sachs\",\"iarn\u0103\",\"\u00eenc\u0103lzire global\u0103\",\"India\",\"Internet\",\"Liban\",\"pan\u0103 de curent\",\"telecomunica\u0163ii\"],\"articleSection\":[\"Conspiratii si Mistere\"],\"inLanguage\":\"ro-RO\",\"potentialAction\":[{\"@type\":\"CommentAction\",\"name\":\"Comment\",\"target\":[\"https:\\\/\\\/www.lovendal.ro\\\/wp52\\\/suntem-din-nou-avertizati-ar-putea-urma-un-blackout-total-pana-de-curent-electric-pentru-anumite-regiuni-din-europa\\\/#respond\"]}]},{\"@type\":\"WebPage\",\"@id\":\"https:\\\/\\\/www.lovendal.ro\\\/wp52\\\/suntem-din-nou-avertizati-ar-putea-urma-un-blackout-total-pana-de-curent-electric-pentru-anumite-regiuni-din-europa\\\/\",\"url\":\"https:\\\/\\\/www.lovendal.ro\\\/wp52\\\/suntem-din-nou-avertizati-ar-putea-urma-un-blackout-total-pana-de-curent-electric-pentru-anumite-regiuni-din-europa\\\/\",\"name\":\"Suntem din nou avertiza\u0163i: ar putea urma un \\\"blackout total\\\" (pan\u0103 de curent electric) pentru anumite regiuni din Europa! - Secretele lui Lovendal\",\"isPartOf\":{\"@id\":\"https:\\\/\\\/www.lovendal.ro\\\/wp52\\\/#website\"},\"primaryImageOfPage\":{\"@id\":\"https:\\\/\\\/www.lovendal.ro\\\/wp52\\\/suntem-din-nou-avertizati-ar-putea-urma-un-blackout-total-pana-de-curent-electric-pentru-anumite-regiuni-din-europa\\\/#primaryimage\"},\"image\":{\"@id\":\"https:\\\/\\\/www.lovendal.ro\\\/wp52\\\/suntem-din-nou-avertizati-ar-putea-urma-un-blackout-total-pana-de-curent-electric-pentru-anumite-regiuni-din-europa\\\/#primaryimage\"},\"thumbnailUrl\":\"https:\\\/\\\/www.lovendal.ro\\\/wp52\\\/wp-content\\\/uploads\\\/2021\\\/10\\\/pana-de-curent-Europa.jpg\",\"datePublished\":\"2021-10-19T14:29:45+00:00\",\"breadcrumb\":{\"@id\":\"https:\\\/\\\/www.lovendal.ro\\\/wp52\\\/suntem-din-nou-avertizati-ar-putea-urma-un-blackout-total-pana-de-curent-electric-pentru-anumite-regiuni-din-europa\\\/#breadcrumb\"},\"inLanguage\":\"ro-RO\",\"potentialAction\":[{\"@type\":\"ReadAction\",\"target\":[\"https:\\\/\\\/www.lovendal.ro\\\/wp52\\\/suntem-din-nou-avertizati-ar-putea-urma-un-blackout-total-pana-de-curent-electric-pentru-anumite-regiuni-din-europa\\\/\"]}]},{\"@type\":\"ImageObject\",\"inLanguage\":\"ro-RO\",\"@id\":\"https:\\\/\\\/www.lovendal.ro\\\/wp52\\\/suntem-din-nou-avertizati-ar-putea-urma-un-blackout-total-pana-de-curent-electric-pentru-anumite-regiuni-din-europa\\\/#primaryimage\",\"url\":\"https:\\\/\\\/www.lovendal.ro\\\/wp52\\\/wp-content\\\/uploads\\\/2021\\\/10\\\/pana-de-curent-Europa.jpg\",\"contentUrl\":\"https:\\\/\\\/www.lovendal.ro\\\/wp52\\\/wp-content\\\/uploads\\\/2021\\\/10\\\/pana-de-curent-Europa.jpg\",\"width\":338,\"height\":222,\"caption\":\"Imagine: pxhere.com (Commons Creative - free)\"},{\"@type\":\"BreadcrumbList\",\"@id\":\"https:\\\/\\\/www.lovendal.ro\\\/wp52\\\/suntem-din-nou-avertizati-ar-putea-urma-un-blackout-total-pana-de-curent-electric-pentru-anumite-regiuni-din-europa\\\/#breadcrumb\",\"itemListElement\":[{\"@type\":\"ListItem\",\"position\":1,\"name\":\"Home\",\"item\":\"https:\\\/\\\/www.lovendal.ro\\\/wp52\\\/\"},{\"@type\":\"ListItem\",\"position\":2,\"name\":\"Suntem din nou avertiza\u0163i: ar putea urma un &#8222;blackout total&#8221; (pan\u0103 de curent electric) pentru anumite regiuni din Europa!\"}]},{\"@type\":\"WebSite\",\"@id\":\"https:\\\/\\\/www.lovendal.ro\\\/wp52\\\/#website\",\"url\":\"https:\\\/\\\/www.lovendal.ro\\\/wp52\\\/\",\"name\":\"Secretele lui Lovendal\",\"description\":\"Site de secrete, stiinta si metafizica - din 2008 -\",\"publisher\":{\"@id\":\"https:\\\/\\\/www.lovendal.ro\\\/wp52\\\/#organization\"},\"potentialAction\":[{\"@type\":\"SearchAction\",\"target\":{\"@type\":\"EntryPoint\",\"urlTemplate\":\"https:\\\/\\\/www.lovendal.ro\\\/wp52\\\/?s={search_term_string}\"},\"query-input\":{\"@type\":\"PropertyValueSpecification\",\"valueRequired\":true,\"valueName\":\"search_term_string\"}}],\"inLanguage\":\"ro-RO\"},{\"@type\":\"Organization\",\"@id\":\"https:\\\/\\\/www.lovendal.ro\\\/wp52\\\/#organization\",\"name\":\"Secretele lui Lovendal\",\"url\":\"https:\\\/\\\/www.lovendal.ro\\\/wp52\\\/\",\"logo\":{\"@type\":\"ImageObject\",\"inLanguage\":\"ro-RO\",\"@id\":\"https:\\\/\\\/www.lovendal.ro\\\/wp52\\\/#\\\/schema\\\/logo\\\/image\\\/\",\"url\":\"https:\\\/\\\/www.lovendal.ro\\\/wp52\\\/wp-content\\\/uploads\\\/2024\\\/06\\\/cropped-SLL-iun-2024-1.jpg\",\"contentUrl\":\"https:\\\/\\\/www.lovendal.ro\\\/wp52\\\/wp-content\\\/uploads\\\/2024\\\/06\\\/cropped-SLL-iun-2024-1.jpg\",\"width\":771,\"height\":240,\"caption\":\"Secretele lui Lovendal\"},\"image\":{\"@id\":\"https:\\\/\\\/www.lovendal.ro\\\/wp52\\\/#\\\/schema\\\/logo\\\/image\\\/\"},\"sameAs\":[\"https:\\\/\\\/www.facebook.com\\\/secreteleluilovendal\"]},{\"@type\":\"Person\",\"@id\":\"https:\\\/\\\/www.lovendal.ro\\\/wp52\\\/#\\\/schema\\\/person\\\/088691de5dfc346bb0c023e1e52ef5d9\",\"name\":\"admin\",\"image\":{\"@type\":\"ImageObject\",\"inLanguage\":\"ro-RO\",\"@id\":\"https:\\\/\\\/secure.gravatar.com\\\/avatar\\\/ecb9cd41f5f63c9c9b989999a59f6e2639a865ec361e9db054db0679a8f341c2?s=96&d=mm&r=g\",\"url\":\"https:\\\/\\\/secure.gravatar.com\\\/avatar\\\/ecb9cd41f5f63c9c9b989999a59f6e2639a865ec361e9db054db0679a8f341c2?s=96&d=mm&r=g\",\"contentUrl\":\"https:\\\/\\\/secure.gravatar.com\\\/avatar\\\/ecb9cd41f5f63c9c9b989999a59f6e2639a865ec361e9db054db0679a8f341c2?s=96&d=mm&r=g\",\"caption\":\"admin\"},\"sameAs\":[\"https:\\\/\\\/www.lovendal.ro\\\/wp52\"]}]}<\/script>\n<!-- \/ Yoast SEO Premium plugin. -->","yoast_head_json":{"title":"Suntem din nou avertiza\u0163i: ar putea urma un \"blackout total\" (pan\u0103 de curent electric) pentru anumite regiuni din Europa! - Secretele lui Lovendal","robots":{"index":"index","follow":"follow","max-snippet":"max-snippet:-1","max-image-preview":"max-image-preview:large","max-video-preview":"max-video-preview:-1"},"canonical":"https:\/\/www.lovendal.ro\/wp52\/suntem-din-nou-avertizati-ar-putea-urma-un-blackout-total-pana-de-curent-electric-pentru-anumite-regiuni-din-europa\/","og_locale":"ro_RO","og_type":"article","og_title":"Suntem din nou avertiza\u0163i: ar putea urma un \"blackout total\" (pan\u0103 de curent electric) pentru anumite regiuni din Europa!","og_description":"\u00centr-un raport publicat de banca Goldman Sachs \u00een septembrie 2021 (vede\u0163i AICI &#8211; Goldman Warns of Blackout Risk for European Industry This Winter), suntem avertiza\u0163i: \u00een iarna 2021 \/ 2022 (mai ales dac\u0103 va fi o iarn\u0103 grea &#8211; gata, ... Cititi mai multe","og_url":"https:\/\/www.lovendal.ro\/wp52\/suntem-din-nou-avertizati-ar-putea-urma-un-blackout-total-pana-de-curent-electric-pentru-anumite-regiuni-din-europa\/","og_site_name":"Secretele lui Lovendal","article_publisher":"https:\/\/www.facebook.com\/secreteleluilovendal","article_published_time":"2021-10-19T14:29:45+00:00","og_image":[{"width":338,"height":222,"url":"https:\/\/www.lovendal.ro\/wp52\/wp-content\/uploads\/2021\/10\/pana-de-curent-Europa.jpg","type":"image\/jpeg"}],"author":"admin","twitter_card":"summary_large_image","twitter_misc":{"Scris de":"admin","Timp estimat pentru citire":"1 minut"},"schema":{"@context":"https:\/\/schema.org","@graph":[{"@type":"Article","@id":"https:\/\/www.lovendal.ro\/wp52\/suntem-din-nou-avertizati-ar-putea-urma-un-blackout-total-pana-de-curent-electric-pentru-anumite-regiuni-din-europa\/#article","isPartOf":{"@id":"https:\/\/www.lovendal.ro\/wp52\/suntem-din-nou-avertizati-ar-putea-urma-un-blackout-total-pana-de-curent-electric-pentru-anumite-regiuni-din-europa\/"},"author":{"name":"admin","@id":"https:\/\/www.lovendal.ro\/wp52\/#\/schema\/person\/088691de5dfc346bb0c023e1e52ef5d9"},"headline":"Suntem din nou avertiza\u0163i: ar putea urma un &#8222;blackout total&#8221; (pan\u0103 de curent electric) pentru anumite regiuni din Europa!","datePublished":"2021-10-19T14:29:45+00:00","mainEntityOfPage":{"@id":"https:\/\/www.lovendal.ro\/wp52\/suntem-din-nou-avertizati-ar-putea-urma-un-blackout-total-pana-de-curent-electric-pentru-anumite-regiuni-din-europa\/"},"wordCount":314,"commentCount":0,"publisher":{"@id":"https:\/\/www.lovendal.ro\/wp52\/#organization"},"image":{"@id":"https:\/\/www.lovendal.ro\/wp52\/suntem-din-nou-avertizati-ar-putea-urma-un-blackout-total-pana-de-curent-electric-pentru-anumite-regiuni-din-europa\/#primaryimage"},"thumbnailUrl":"https:\/\/www.lovendal.ro\/wp52\/wp-content\/uploads\/2021\/10\/pana-de-curent-Europa.jpg","keywords":["Armata Austriac\u0103","Austria","banc\u0103","blackout","China","Conspiratii si Mistere","electricitate","Europa","Facebook","Goldman Sachs","iarn\u0103","\u00eenc\u0103lzire global\u0103","India","Internet","Liban","pan\u0103 de curent","telecomunica\u0163ii"],"articleSection":["Conspiratii si Mistere"],"inLanguage":"ro-RO","potentialAction":[{"@type":"CommentAction","name":"Comment","target":["https:\/\/www.lovendal.ro\/wp52\/suntem-din-nou-avertizati-ar-putea-urma-un-blackout-total-pana-de-curent-electric-pentru-anumite-regiuni-din-europa\/#respond"]}]},{"@type":"WebPage","@id":"https:\/\/www.lovendal.ro\/wp52\/suntem-din-nou-avertizati-ar-putea-urma-un-blackout-total-pana-de-curent-electric-pentru-anumite-regiuni-din-europa\/","url":"https:\/\/www.lovendal.ro\/wp52\/suntem-din-nou-avertizati-ar-putea-urma-un-blackout-total-pana-de-curent-electric-pentru-anumite-regiuni-din-europa\/","name":"Suntem din nou avertiza\u0163i: ar putea urma un \"blackout total\" (pan\u0103 de curent electric) pentru anumite regiuni din Europa! - Secretele lui Lovendal","isPartOf":{"@id":"https:\/\/www.lovendal.ro\/wp52\/#website"},"primaryImageOfPage":{"@id":"https:\/\/www.lovendal.ro\/wp52\/suntem-din-nou-avertizati-ar-putea-urma-un-blackout-total-pana-de-curent-electric-pentru-anumite-regiuni-din-europa\/#primaryimage"},"image":{"@id":"https:\/\/www.lovendal.ro\/wp52\/suntem-din-nou-avertizati-ar-putea-urma-un-blackout-total-pana-de-curent-electric-pentru-anumite-regiuni-din-europa\/#primaryimage"},"thumbnailUrl":"https:\/\/www.lovendal.ro\/wp52\/wp-content\/uploads\/2021\/10\/pana-de-curent-Europa.jpg","datePublished":"2021-10-19T14:29:45+00:00","breadcrumb":{"@id":"https:\/\/www.lovendal.ro\/wp52\/suntem-din-nou-avertizati-ar-putea-urma-un-blackout-total-pana-de-curent-electric-pentru-anumite-regiuni-din-europa\/#breadcrumb"},"inLanguage":"ro-RO","potentialAction":[{"@type":"ReadAction","target":["https:\/\/www.lovendal.ro\/wp52\/suntem-din-nou-avertizati-ar-putea-urma-un-blackout-total-pana-de-curent-electric-pentru-anumite-regiuni-din-europa\/"]}]},{"@type":"ImageObject","inLanguage":"ro-RO","@id":"https:\/\/www.lovendal.ro\/wp52\/suntem-din-nou-avertizati-ar-putea-urma-un-blackout-total-pana-de-curent-electric-pentru-anumite-regiuni-din-europa\/#primaryimage","url":"https:\/\/www.lovendal.ro\/wp52\/wp-content\/uploads\/2021\/10\/pana-de-curent-Europa.jpg","contentUrl":"https:\/\/www.lovendal.ro\/wp52\/wp-content\/uploads\/2021\/10\/pana-de-curent-Europa.jpg","width":338,"height":222,"caption":"Imagine: pxhere.com (Commons Creative - free)"},{"@type":"BreadcrumbList","@id":"https:\/\/www.lovendal.ro\/wp52\/suntem-din-nou-avertizati-ar-putea-urma-un-blackout-total-pana-de-curent-electric-pentru-anumite-regiuni-din-europa\/#breadcrumb","itemListElement":[{"@type":"ListItem","position":1,"name":"Home","item":"https:\/\/www.lovendal.ro\/wp52\/"},{"@type":"ListItem","position":2,"name":"Suntem din nou avertiza\u0163i: ar putea urma un &#8222;blackout total&#8221; (pan\u0103 de curent electric) pentru anumite regiuni din Europa!"}]},{"@type":"WebSite","@id":"https:\/\/www.lovendal.ro\/wp52\/#website","url":"https:\/\/www.lovendal.ro\/wp52\/","name":"Secretele lui Lovendal","description":"Site de secrete, stiinta si metafizica - din 2008 -","publisher":{"@id":"https:\/\/www.lovendal.ro\/wp52\/#organization"},"potentialAction":[{"@type":"SearchAction","target":{"@type":"EntryPoint","urlTemplate":"https:\/\/www.lovendal.ro\/wp52\/?s={search_term_string}"},"query-input":{"@type":"PropertyValueSpecification","valueRequired":true,"valueName":"search_term_string"}}],"inLanguage":"ro-RO"},{"@type":"Organization","@id":"https:\/\/www.lovendal.ro\/wp52\/#organization","name":"Secretele lui Lovendal","url":"https:\/\/www.lovendal.ro\/wp52\/","logo":{"@type":"ImageObject","inLanguage":"ro-RO","@id":"https:\/\/www.lovendal.ro\/wp52\/#\/schema\/logo\/image\/","url":"https:\/\/www.lovendal.ro\/wp52\/wp-content\/uploads\/2024\/06\/cropped-SLL-iun-2024-1.jpg","contentUrl":"https:\/\/www.lovendal.ro\/wp52\/wp-content\/uploads\/2024\/06\/cropped-SLL-iun-2024-1.jpg","width":771,"height":240,"caption":"Secretele lui Lovendal"},"image":{"@id":"https:\/\/www.lovendal.ro\/wp52\/#\/schema\/logo\/image\/"},"sameAs":["https:\/\/www.facebook.com\/secreteleluilovendal"]},{"@type":"Person","@id":"https:\/\/www.lovendal.ro\/wp52\/#\/schema\/person\/088691de5dfc346bb0c023e1e52ef5d9","name":"admin","image":{"@type":"ImageObject","inLanguage":"ro-RO","@id":"https:\/\/secure.gravatar.com\/avatar\/ecb9cd41f5f63c9c9b989999a59f6e2639a865ec361e9db054db0679a8f341c2?s=96&d=mm&r=g","url":"https:\/\/secure.gravatar.com\/avatar\/ecb9cd41f5f63c9c9b989999a59f6e2639a865ec361e9db054db0679a8f341c2?s=96&d=mm&r=g","contentUrl":"https:\/\/secure.gravatar.com\/avatar\/ecb9cd41f5f63c9c9b989999a59f6e2639a865ec361e9db054db0679a8f341c2?s=96&d=mm&r=g","caption":"admin"},"sameAs":["https:\/\/www.lovendal.ro\/wp52"]}]}},"_links":{"self":[{"href":"https:\/\/www.lovendal.ro\/wp52\/wp-json\/wp\/v2\/posts\/77395","targetHints":{"allow":["GET"]}}],"collection":[{"href":"https:\/\/www.lovendal.ro\/wp52\/wp-json\/wp\/v2\/posts"}],"about":[{"href":"https:\/\/www.lovendal.ro\/wp52\/wp-json\/wp\/v2\/types\/post"}],"author":[{"embeddable":true,"href":"https:\/\/www.lovendal.ro\/wp52\/wp-json\/wp\/v2\/users\/1"}],"replies":[{"embeddable":true,"href":"https:\/\/www.lovendal.ro\/wp52\/wp-json\/wp\/v2\/comments?post=77395"}],"version-history":[{"count":0,"href":"https:\/\/www.lovendal.ro\/wp52\/wp-json\/wp\/v2\/posts\/77395\/revisions"}],"wp:featuredmedia":[{"embeddable":true,"href":"https:\/\/www.lovendal.ro\/wp52\/wp-json\/wp\/v2\/media\/77398"}],"wp:attachment":[{"href":"https:\/\/www.lovendal.ro\/wp52\/wp-json\/wp\/v2\/media?parent=77395"}],"wp:term":[{"taxonomy":"category","embeddable":true,"href":"https:\/\/www.lovendal.ro\/wp52\/wp-json\/wp\/v2\/categories?post=77395"},{"taxonomy":"post_tag","embeddable":true,"href":"https:\/\/www.lovendal.ro\/wp52\/wp-json\/wp\/v2\/tags?post=77395"}],"curies":[{"name":"wp","href":"https:\/\/api.w.org\/{rel}","templated":true}]}}