{"id":7733,"date":"2009-09-20T07:26:28","date_gmt":"2009-09-20T04:26:28","guid":{"rendered":"http:\/\/www.lovendal.net\/wp52\/?p=7733"},"modified":"2017-04-21T10:40:40","modified_gmt":"2017-04-21T07:40:40","slug":"faceti-mai-rar-dus-daca-nu-vreti-sa-va-invadeze-bacteriile","status":"publish","type":"post","link":"https:\/\/www.lovendal.ro\/wp52\/faceti-mai-rar-dus-daca-nu-vreti-sa-va-invadeze-bacteriile\/","title":{"rendered":"Face\u0163i mai rar du\u015f, dac\u0103 nu vre\u0163i s\u0103 v\u0103 invadeze bacteriile!"},"content":{"rendered":"<p><a href=\"https:\/\/www.lovendal.ro\/wp52\/wp-content\/uploads\/2009\/09\/dus-1.jpg\"><img loading=\"lazy\" decoding=\"async\" class=\"alignleft size-full wp-image-49654\" src=\"https:\/\/www.lovendal.ro\/wp52\/wp-content\/uploads\/2009\/09\/dus-1.jpg\" alt=\"\" width=\"335\" height=\"315\" srcset=\"https:\/\/www.lovendal.ro\/wp52\/wp-content\/uploads\/2009\/09\/dus-1.jpg 335w, https:\/\/www.lovendal.ro\/wp52\/wp-content\/uploads\/2009\/09\/dus-1-300x282.jpg 300w, https:\/\/www.lovendal.ro\/wp52\/wp-content\/uploads\/2009\/09\/dus-1-60x57.jpg 60w\" sizes=\"auto, (max-width: 335px) 100vw, 335px\" \/><\/a>\u00cen capetele du\u015furilor se acumuleaz\u0103 bacterii care pot deveni fatale pentru pl\u0103m\u00e2nii no\u015ftri, afirm\u0103 microbiologii americani.<\/p>\n<p><span id=\"ArticleBody\"><em>\u201cDe\u015fi b\u0103ile zilnice revigoreaz\u0103 \u015fi cur\u0103\u0163\u0103 milioane de americani, ace\u015ftia se pot alege \u00een acela\u015fi timp cu bacterii cu poten\u0163ial patogen\u201d<\/em>, informeaz\u0103 site-ul<strong> ScienceDaily<\/strong>, cit\u00e2nd un studiu realizat la Universitatea din Colorado. Biologii au analizat \u00een laborator probe luate de la 50 de capete de du\u015f, dup\u0103 care au descoperit c\u0103 30% din instala\u0163ii ad\u0103posteau niveluri foarte ridicate de bacterii din clasa Mycobacterium avium. Ace\u015fti agen\u0163i patogeni provoc\u0103 infec\u0163ii pulmonare, mai ales \u00een cazul persoanelor cu sisteme imunitare sc\u0103zute.<\/span><\/p>\n<p><em>\u201cDac\u0103 \u00een momentul \u00een care dai drumul la du\u015f la\u015fi apa s\u0103-\u0163i stropeasc\u0103 fa\u0163a, este foarte probabil s\u0103 fii invadat de o \u00eenc\u0103rc\u0103tur\u0103 de bacterii Mycobacterium avium, care nu sunt tocmai s\u0103n\u0103toase\u201d<\/em>, spune profesorul Norman Pace, coordonatorul studiului.<\/p>\n<p><span id=\"ArticleBody\">\u00cen probele recoltate din instala\u0163ia de la du\u015furi s-au descoperit straturi dense de bacterii \u00een concentra\u0163ie de o sut\u0103 de ori mai mare fa\u0163\u0103 de nivelurile \u00eenregistrate pe conductele ce transport\u0103 ap\u0103 potabil\u0103. Odat\u0103 ce du\u015ful este pornit, bacteriile sunt pulverizate \u00een aer, ajung\u00e2nd lesne \u00een pl\u0103m\u00e2ni.<\/span><\/p>\n<p>\u00centrebat c\u00e2t de periculos este p\u00e2n\u0103 la urm\u0103 obiceiul du\u015fului zilnic, profesorul de biologie molecular\u0103 Norman Pace nuan\u0163eaz\u0103: <em>\u201cProbabil c\u0103 nu e nici un pericol at\u00e2ta vreme c\u00e2t sistemul imunitar nu este sl\u0103bit. Dar, ca \u00een multe alte cazuri de expunere, exist\u0103 un risc asociat\u201d.<\/em> Potrivit biologului din Colorado, capetele de du\u015f care sunt confec\u0163ionate din plastic g\u0103zduiesc considerabil mai multe bacterii dec\u00e2t cele f\u0103cute din metal. Actualul studiu face parte dintr-o serie de cercet\u0103ri dedicate mediului din spa\u0163iile locuite. Echipa condus\u0103 de Pace a mai descoperit c\u0103 \u00een aerul din metroul, spitalele \u015fi din birourile din New York se g\u0103sesc de zece ori mai multe bacterii dec\u00e2t \u00een alte ora\u015fe.<\/p>\n<p><strong><em>Sursa:<\/em> www.cotidianul.ro<\/strong><\/p>\n","protected":false},"excerpt":{"rendered":"<p>\u00cen capetele du\u015furilor se acumuleaz\u0103 bacterii care pot deveni fatale pentru pl\u0103m\u00e2nii no\u015ftri, afirm\u0103 microbiologii americani. \u201cDe\u015fi b\u0103ile zilnice revigoreaz\u0103 \u015fi cur\u0103\u0163\u0103 milioane de americani, ace\u015ftia se pot alege \u00een acela\u015fi timp cu bacterii cu poten\u0163ial patogen\u201d, informeaz\u0103 site-ul ScienceDaily, &#8230; <\/p>\n<p class=\"read-more-container\"><a title=\"Face\u0163i mai rar du\u015f, dac\u0103 nu vre\u0163i s\u0103 v\u0103 invadeze bacteriile!\" class=\"read-more button\" href=\"https:\/\/www.lovendal.ro\/wp52\/faceti-mai-rar-dus-daca-nu-vreti-sa-va-invadeze-bacteriile\/#more-7733\" aria-label=\"Cite\u0219te mai multe despre Face\u0163i mai rar du\u015f, dac\u0103 nu vre\u0163i s\u0103 v\u0103 invadeze bacteriile!\">Cititi mai multe<\/a><\/p>\n","protected":false},"author":1,"featured_media":49654,"comment_status":"open","ping_status":"closed","sticky":false,"template":"","format":"standard","meta":{"footnotes":""},"categories":[6],"tags":[1733,2192,9794],"class_list":["post-7733","post","type-post","status-publish","format-standard","has-post-thumbnail","hentry","category-medicina","tag-bacterie","tag-dus","tag-medicina","resize-featured-image"],"yoast_head":"<!-- This site is optimized with the Yoast SEO Premium plugin v23.3 (Yoast SEO v27.4) - https:\/\/yoast.com\/product\/yoast-seo-premium-wordpress\/ -->\n<title>Face\u0163i mai rar du\u015f, dac\u0103 nu vre\u0163i s\u0103 v\u0103 invadeze bacteriile! - Secretele lui Lovendal<\/title>\n<meta name=\"robots\" content=\"index, follow, max-snippet:-1, max-image-preview:large, max-video-preview:-1\" \/>\n<link rel=\"canonical\" href=\"https:\/\/www.lovendal.ro\/wp52\/faceti-mai-rar-dus-daca-nu-vreti-sa-va-invadeze-bacteriile\/\" \/>\n<meta property=\"og:locale\" content=\"ro_RO\" \/>\n<meta property=\"og:type\" content=\"article\" \/>\n<meta property=\"og:title\" content=\"Face\u0163i mai rar du\u015f, dac\u0103 nu vre\u0163i s\u0103 v\u0103 invadeze bacteriile!\" \/>\n<meta property=\"og:description\" content=\"\u00cen capetele du\u015furilor se acumuleaz\u0103 bacterii care pot deveni fatale pentru pl\u0103m\u00e2nii no\u015ftri, afirm\u0103 microbiologii americani. \u201cDe\u015fi b\u0103ile zilnice revigoreaz\u0103 \u015fi cur\u0103\u0163\u0103 milioane de americani, ace\u015ftia se pot alege \u00een acela\u015fi timp cu bacterii cu poten\u0163ial patogen\u201d, informeaz\u0103 site-ul ScienceDaily, ... Cititi mai multe\" \/>\n<meta property=\"og:url\" content=\"https:\/\/www.lovendal.ro\/wp52\/faceti-mai-rar-dus-daca-nu-vreti-sa-va-invadeze-bacteriile\/\" \/>\n<meta property=\"og:site_name\" content=\"Secretele lui Lovendal\" \/>\n<meta property=\"article:publisher\" content=\"https:\/\/www.facebook.com\/secreteleluilovendal\" \/>\n<meta property=\"article:published_time\" content=\"2009-09-20T04:26:28+00:00\" \/>\n<meta property=\"article:modified_time\" content=\"2017-04-21T07:40:40+00:00\" \/>\n<meta property=\"og:image\" content=\"https:\/\/www.lovendal.ro\/wp52\/wp-content\/uploads\/2009\/09\/dus-1.jpg\" \/>\n\t<meta property=\"og:image:width\" content=\"335\" \/>\n\t<meta property=\"og:image:height\" content=\"315\" \/>\n\t<meta property=\"og:image:type\" content=\"image\/jpeg\" \/>\n<meta name=\"author\" content=\"admin\" \/>\n<meta name=\"twitter:card\" content=\"summary_large_image\" \/>\n<meta name=\"twitter:label1\" content=\"Scris de\" \/>\n\t<meta name=\"twitter:data1\" content=\"admin\" \/>\n\t<meta name=\"twitter:label2\" content=\"Timp estimat pentru citire\" \/>\n\t<meta name=\"twitter:data2\" content=\"2 minute\" \/>\n<script type=\"application\/ld+json\" class=\"yoast-schema-graph\">{\"@context\":\"https:\\\/\\\/schema.org\",\"@graph\":[{\"@type\":\"Article\",\"@id\":\"https:\\\/\\\/www.lovendal.ro\\\/wp52\\\/faceti-mai-rar-dus-daca-nu-vreti-sa-va-invadeze-bacteriile\\\/#article\",\"isPartOf\":{\"@id\":\"https:\\\/\\\/www.lovendal.ro\\\/wp52\\\/faceti-mai-rar-dus-daca-nu-vreti-sa-va-invadeze-bacteriile\\\/\"},\"author\":{\"name\":\"admin\",\"@id\":\"https:\\\/\\\/www.lovendal.ro\\\/wp52\\\/#\\\/schema\\\/person\\\/088691de5dfc346bb0c023e1e52ef5d9\"},\"headline\":\"Face\u0163i mai rar du\u015f, dac\u0103 nu vre\u0163i s\u0103 v\u0103 invadeze bacteriile!\",\"datePublished\":\"2009-09-20T04:26:28+00:00\",\"dateModified\":\"2017-04-21T07:40:40+00:00\",\"mainEntityOfPage\":{\"@id\":\"https:\\\/\\\/www.lovendal.ro\\\/wp52\\\/faceti-mai-rar-dus-daca-nu-vreti-sa-va-invadeze-bacteriile\\\/\"},\"wordCount\":353,\"commentCount\":0,\"publisher\":{\"@id\":\"https:\\\/\\\/www.lovendal.ro\\\/wp52\\\/#organization\"},\"image\":{\"@id\":\"https:\\\/\\\/www.lovendal.ro\\\/wp52\\\/faceti-mai-rar-dus-daca-nu-vreti-sa-va-invadeze-bacteriile\\\/#primaryimage\"},\"thumbnailUrl\":\"https:\\\/\\\/www.lovendal.ro\\\/wp52\\\/wp-content\\\/uploads\\\/2009\\\/09\\\/dus-1.jpg\",\"keywords\":[\"bacterie\",\"du\u015f\",\"Medicina\"],\"articleSection\":[\"Medicina\"],\"inLanguage\":\"ro-RO\",\"potentialAction\":[{\"@type\":\"CommentAction\",\"name\":\"Comment\",\"target\":[\"https:\\\/\\\/www.lovendal.ro\\\/wp52\\\/faceti-mai-rar-dus-daca-nu-vreti-sa-va-invadeze-bacteriile\\\/#respond\"]}]},{\"@type\":\"WebPage\",\"@id\":\"https:\\\/\\\/www.lovendal.ro\\\/wp52\\\/faceti-mai-rar-dus-daca-nu-vreti-sa-va-invadeze-bacteriile\\\/\",\"url\":\"https:\\\/\\\/www.lovendal.ro\\\/wp52\\\/faceti-mai-rar-dus-daca-nu-vreti-sa-va-invadeze-bacteriile\\\/\",\"name\":\"Face\u0163i mai rar du\u015f, dac\u0103 nu vre\u0163i s\u0103 v\u0103 invadeze bacteriile! - Secretele lui Lovendal\",\"isPartOf\":{\"@id\":\"https:\\\/\\\/www.lovendal.ro\\\/wp52\\\/#website\"},\"primaryImageOfPage\":{\"@id\":\"https:\\\/\\\/www.lovendal.ro\\\/wp52\\\/faceti-mai-rar-dus-daca-nu-vreti-sa-va-invadeze-bacteriile\\\/#primaryimage\"},\"image\":{\"@id\":\"https:\\\/\\\/www.lovendal.ro\\\/wp52\\\/faceti-mai-rar-dus-daca-nu-vreti-sa-va-invadeze-bacteriile\\\/#primaryimage\"},\"thumbnailUrl\":\"https:\\\/\\\/www.lovendal.ro\\\/wp52\\\/wp-content\\\/uploads\\\/2009\\\/09\\\/dus-1.jpg\",\"datePublished\":\"2009-09-20T04:26:28+00:00\",\"dateModified\":\"2017-04-21T07:40:40+00:00\",\"breadcrumb\":{\"@id\":\"https:\\\/\\\/www.lovendal.ro\\\/wp52\\\/faceti-mai-rar-dus-daca-nu-vreti-sa-va-invadeze-bacteriile\\\/#breadcrumb\"},\"inLanguage\":\"ro-RO\",\"potentialAction\":[{\"@type\":\"ReadAction\",\"target\":[\"https:\\\/\\\/www.lovendal.ro\\\/wp52\\\/faceti-mai-rar-dus-daca-nu-vreti-sa-va-invadeze-bacteriile\\\/\"]}]},{\"@type\":\"ImageObject\",\"inLanguage\":\"ro-RO\",\"@id\":\"https:\\\/\\\/www.lovendal.ro\\\/wp52\\\/faceti-mai-rar-dus-daca-nu-vreti-sa-va-invadeze-bacteriile\\\/#primaryimage\",\"url\":\"https:\\\/\\\/www.lovendal.ro\\\/wp52\\\/wp-content\\\/uploads\\\/2009\\\/09\\\/dus-1.jpg\",\"contentUrl\":\"https:\\\/\\\/www.lovendal.ro\\\/wp52\\\/wp-content\\\/uploads\\\/2009\\\/09\\\/dus-1.jpg\",\"width\":335,\"height\":315},{\"@type\":\"BreadcrumbList\",\"@id\":\"https:\\\/\\\/www.lovendal.ro\\\/wp52\\\/faceti-mai-rar-dus-daca-nu-vreti-sa-va-invadeze-bacteriile\\\/#breadcrumb\",\"itemListElement\":[{\"@type\":\"ListItem\",\"position\":1,\"name\":\"Home\",\"item\":\"https:\\\/\\\/www.lovendal.ro\\\/wp52\\\/\"},{\"@type\":\"ListItem\",\"position\":2,\"name\":\"Face\u0163i mai rar du\u015f, dac\u0103 nu vre\u0163i s\u0103 v\u0103 invadeze bacteriile!\"}]},{\"@type\":\"WebSite\",\"@id\":\"https:\\\/\\\/www.lovendal.ro\\\/wp52\\\/#website\",\"url\":\"https:\\\/\\\/www.lovendal.ro\\\/wp52\\\/\",\"name\":\"Secretele lui Lovendal\",\"description\":\"Site de secrete, stiinta si metafizica - din 2008 -\",\"publisher\":{\"@id\":\"https:\\\/\\\/www.lovendal.ro\\\/wp52\\\/#organization\"},\"potentialAction\":[{\"@type\":\"SearchAction\",\"target\":{\"@type\":\"EntryPoint\",\"urlTemplate\":\"https:\\\/\\\/www.lovendal.ro\\\/wp52\\\/?s={search_term_string}\"},\"query-input\":{\"@type\":\"PropertyValueSpecification\",\"valueRequired\":true,\"valueName\":\"search_term_string\"}}],\"inLanguage\":\"ro-RO\"},{\"@type\":\"Organization\",\"@id\":\"https:\\\/\\\/www.lovendal.ro\\\/wp52\\\/#organization\",\"name\":\"Secretele lui Lovendal\",\"url\":\"https:\\\/\\\/www.lovendal.ro\\\/wp52\\\/\",\"logo\":{\"@type\":\"ImageObject\",\"inLanguage\":\"ro-RO\",\"@id\":\"https:\\\/\\\/www.lovendal.ro\\\/wp52\\\/#\\\/schema\\\/logo\\\/image\\\/\",\"url\":\"https:\\\/\\\/www.lovendal.ro\\\/wp52\\\/wp-content\\\/uploads\\\/2024\\\/06\\\/cropped-SLL-iun-2024-1.jpg\",\"contentUrl\":\"https:\\\/\\\/www.lovendal.ro\\\/wp52\\\/wp-content\\\/uploads\\\/2024\\\/06\\\/cropped-SLL-iun-2024-1.jpg\",\"width\":771,\"height\":240,\"caption\":\"Secretele lui Lovendal\"},\"image\":{\"@id\":\"https:\\\/\\\/www.lovendal.ro\\\/wp52\\\/#\\\/schema\\\/logo\\\/image\\\/\"},\"sameAs\":[\"https:\\\/\\\/www.facebook.com\\\/secreteleluilovendal\"]},{\"@type\":\"Person\",\"@id\":\"https:\\\/\\\/www.lovendal.ro\\\/wp52\\\/#\\\/schema\\\/person\\\/088691de5dfc346bb0c023e1e52ef5d9\",\"name\":\"admin\",\"image\":{\"@type\":\"ImageObject\",\"inLanguage\":\"ro-RO\",\"@id\":\"https:\\\/\\\/secure.gravatar.com\\\/avatar\\\/ecb9cd41f5f63c9c9b989999a59f6e2639a865ec361e9db054db0679a8f341c2?s=96&d=mm&r=g\",\"url\":\"https:\\\/\\\/secure.gravatar.com\\\/avatar\\\/ecb9cd41f5f63c9c9b989999a59f6e2639a865ec361e9db054db0679a8f341c2?s=96&d=mm&r=g\",\"contentUrl\":\"https:\\\/\\\/secure.gravatar.com\\\/avatar\\\/ecb9cd41f5f63c9c9b989999a59f6e2639a865ec361e9db054db0679a8f341c2?s=96&d=mm&r=g\",\"caption\":\"admin\"},\"sameAs\":[\"https:\\\/\\\/www.lovendal.ro\\\/wp52\"]}]}<\/script>\n<!-- \/ Yoast SEO Premium plugin. -->","yoast_head_json":{"title":"Face\u0163i mai rar du\u015f, dac\u0103 nu vre\u0163i s\u0103 v\u0103 invadeze bacteriile! - Secretele lui Lovendal","robots":{"index":"index","follow":"follow","max-snippet":"max-snippet:-1","max-image-preview":"max-image-preview:large","max-video-preview":"max-video-preview:-1"},"canonical":"https:\/\/www.lovendal.ro\/wp52\/faceti-mai-rar-dus-daca-nu-vreti-sa-va-invadeze-bacteriile\/","og_locale":"ro_RO","og_type":"article","og_title":"Face\u0163i mai rar du\u015f, dac\u0103 nu vre\u0163i s\u0103 v\u0103 invadeze bacteriile!","og_description":"\u00cen capetele du\u015furilor se acumuleaz\u0103 bacterii care pot deveni fatale pentru pl\u0103m\u00e2nii no\u015ftri, afirm\u0103 microbiologii americani. \u201cDe\u015fi b\u0103ile zilnice revigoreaz\u0103 \u015fi cur\u0103\u0163\u0103 milioane de americani, ace\u015ftia se pot alege \u00een acela\u015fi timp cu bacterii cu poten\u0163ial patogen\u201d, informeaz\u0103 site-ul ScienceDaily, ... Cititi mai multe","og_url":"https:\/\/www.lovendal.ro\/wp52\/faceti-mai-rar-dus-daca-nu-vreti-sa-va-invadeze-bacteriile\/","og_site_name":"Secretele lui Lovendal","article_publisher":"https:\/\/www.facebook.com\/secreteleluilovendal","article_published_time":"2009-09-20T04:26:28+00:00","article_modified_time":"2017-04-21T07:40:40+00:00","og_image":[{"width":335,"height":315,"url":"https:\/\/www.lovendal.ro\/wp52\/wp-content\/uploads\/2009\/09\/dus-1.jpg","type":"image\/jpeg"}],"author":"admin","twitter_card":"summary_large_image","twitter_misc":{"Scris de":"admin","Timp estimat pentru citire":"2 minute"},"schema":{"@context":"https:\/\/schema.org","@graph":[{"@type":"Article","@id":"https:\/\/www.lovendal.ro\/wp52\/faceti-mai-rar-dus-daca-nu-vreti-sa-va-invadeze-bacteriile\/#article","isPartOf":{"@id":"https:\/\/www.lovendal.ro\/wp52\/faceti-mai-rar-dus-daca-nu-vreti-sa-va-invadeze-bacteriile\/"},"author":{"name":"admin","@id":"https:\/\/www.lovendal.ro\/wp52\/#\/schema\/person\/088691de5dfc346bb0c023e1e52ef5d9"},"headline":"Face\u0163i mai rar du\u015f, dac\u0103 nu vre\u0163i s\u0103 v\u0103 invadeze bacteriile!","datePublished":"2009-09-20T04:26:28+00:00","dateModified":"2017-04-21T07:40:40+00:00","mainEntityOfPage":{"@id":"https:\/\/www.lovendal.ro\/wp52\/faceti-mai-rar-dus-daca-nu-vreti-sa-va-invadeze-bacteriile\/"},"wordCount":353,"commentCount":0,"publisher":{"@id":"https:\/\/www.lovendal.ro\/wp52\/#organization"},"image":{"@id":"https:\/\/www.lovendal.ro\/wp52\/faceti-mai-rar-dus-daca-nu-vreti-sa-va-invadeze-bacteriile\/#primaryimage"},"thumbnailUrl":"https:\/\/www.lovendal.ro\/wp52\/wp-content\/uploads\/2009\/09\/dus-1.jpg","keywords":["bacterie","du\u015f","Medicina"],"articleSection":["Medicina"],"inLanguage":"ro-RO","potentialAction":[{"@type":"CommentAction","name":"Comment","target":["https:\/\/www.lovendal.ro\/wp52\/faceti-mai-rar-dus-daca-nu-vreti-sa-va-invadeze-bacteriile\/#respond"]}]},{"@type":"WebPage","@id":"https:\/\/www.lovendal.ro\/wp52\/faceti-mai-rar-dus-daca-nu-vreti-sa-va-invadeze-bacteriile\/","url":"https:\/\/www.lovendal.ro\/wp52\/faceti-mai-rar-dus-daca-nu-vreti-sa-va-invadeze-bacteriile\/","name":"Face\u0163i mai rar du\u015f, dac\u0103 nu vre\u0163i s\u0103 v\u0103 invadeze bacteriile! - Secretele lui Lovendal","isPartOf":{"@id":"https:\/\/www.lovendal.ro\/wp52\/#website"},"primaryImageOfPage":{"@id":"https:\/\/www.lovendal.ro\/wp52\/faceti-mai-rar-dus-daca-nu-vreti-sa-va-invadeze-bacteriile\/#primaryimage"},"image":{"@id":"https:\/\/www.lovendal.ro\/wp52\/faceti-mai-rar-dus-daca-nu-vreti-sa-va-invadeze-bacteriile\/#primaryimage"},"thumbnailUrl":"https:\/\/www.lovendal.ro\/wp52\/wp-content\/uploads\/2009\/09\/dus-1.jpg","datePublished":"2009-09-20T04:26:28+00:00","dateModified":"2017-04-21T07:40:40+00:00","breadcrumb":{"@id":"https:\/\/www.lovendal.ro\/wp52\/faceti-mai-rar-dus-daca-nu-vreti-sa-va-invadeze-bacteriile\/#breadcrumb"},"inLanguage":"ro-RO","potentialAction":[{"@type":"ReadAction","target":["https:\/\/www.lovendal.ro\/wp52\/faceti-mai-rar-dus-daca-nu-vreti-sa-va-invadeze-bacteriile\/"]}]},{"@type":"ImageObject","inLanguage":"ro-RO","@id":"https:\/\/www.lovendal.ro\/wp52\/faceti-mai-rar-dus-daca-nu-vreti-sa-va-invadeze-bacteriile\/#primaryimage","url":"https:\/\/www.lovendal.ro\/wp52\/wp-content\/uploads\/2009\/09\/dus-1.jpg","contentUrl":"https:\/\/www.lovendal.ro\/wp52\/wp-content\/uploads\/2009\/09\/dus-1.jpg","width":335,"height":315},{"@type":"BreadcrumbList","@id":"https:\/\/www.lovendal.ro\/wp52\/faceti-mai-rar-dus-daca-nu-vreti-sa-va-invadeze-bacteriile\/#breadcrumb","itemListElement":[{"@type":"ListItem","position":1,"name":"Home","item":"https:\/\/www.lovendal.ro\/wp52\/"},{"@type":"ListItem","position":2,"name":"Face\u0163i mai rar du\u015f, dac\u0103 nu vre\u0163i s\u0103 v\u0103 invadeze bacteriile!"}]},{"@type":"WebSite","@id":"https:\/\/www.lovendal.ro\/wp52\/#website","url":"https:\/\/www.lovendal.ro\/wp52\/","name":"Secretele lui Lovendal","description":"Site de secrete, stiinta si metafizica - din 2008 -","publisher":{"@id":"https:\/\/www.lovendal.ro\/wp52\/#organization"},"potentialAction":[{"@type":"SearchAction","target":{"@type":"EntryPoint","urlTemplate":"https:\/\/www.lovendal.ro\/wp52\/?s={search_term_string}"},"query-input":{"@type":"PropertyValueSpecification","valueRequired":true,"valueName":"search_term_string"}}],"inLanguage":"ro-RO"},{"@type":"Organization","@id":"https:\/\/www.lovendal.ro\/wp52\/#organization","name":"Secretele lui Lovendal","url":"https:\/\/www.lovendal.ro\/wp52\/","logo":{"@type":"ImageObject","inLanguage":"ro-RO","@id":"https:\/\/www.lovendal.ro\/wp52\/#\/schema\/logo\/image\/","url":"https:\/\/www.lovendal.ro\/wp52\/wp-content\/uploads\/2024\/06\/cropped-SLL-iun-2024-1.jpg","contentUrl":"https:\/\/www.lovendal.ro\/wp52\/wp-content\/uploads\/2024\/06\/cropped-SLL-iun-2024-1.jpg","width":771,"height":240,"caption":"Secretele lui Lovendal"},"image":{"@id":"https:\/\/www.lovendal.ro\/wp52\/#\/schema\/logo\/image\/"},"sameAs":["https:\/\/www.facebook.com\/secreteleluilovendal"]},{"@type":"Person","@id":"https:\/\/www.lovendal.ro\/wp52\/#\/schema\/person\/088691de5dfc346bb0c023e1e52ef5d9","name":"admin","image":{"@type":"ImageObject","inLanguage":"ro-RO","@id":"https:\/\/secure.gravatar.com\/avatar\/ecb9cd41f5f63c9c9b989999a59f6e2639a865ec361e9db054db0679a8f341c2?s=96&d=mm&r=g","url":"https:\/\/secure.gravatar.com\/avatar\/ecb9cd41f5f63c9c9b989999a59f6e2639a865ec361e9db054db0679a8f341c2?s=96&d=mm&r=g","contentUrl":"https:\/\/secure.gravatar.com\/avatar\/ecb9cd41f5f63c9c9b989999a59f6e2639a865ec361e9db054db0679a8f341c2?s=96&d=mm&r=g","caption":"admin"},"sameAs":["https:\/\/www.lovendal.ro\/wp52"]}]}},"_links":{"self":[{"href":"https:\/\/www.lovendal.ro\/wp52\/wp-json\/wp\/v2\/posts\/7733","targetHints":{"allow":["GET"]}}],"collection":[{"href":"https:\/\/www.lovendal.ro\/wp52\/wp-json\/wp\/v2\/posts"}],"about":[{"href":"https:\/\/www.lovendal.ro\/wp52\/wp-json\/wp\/v2\/types\/post"}],"author":[{"embeddable":true,"href":"https:\/\/www.lovendal.ro\/wp52\/wp-json\/wp\/v2\/users\/1"}],"replies":[{"embeddable":true,"href":"https:\/\/www.lovendal.ro\/wp52\/wp-json\/wp\/v2\/comments?post=7733"}],"version-history":[{"count":0,"href":"https:\/\/www.lovendal.ro\/wp52\/wp-json\/wp\/v2\/posts\/7733\/revisions"}],"wp:featuredmedia":[{"embeddable":true,"href":"https:\/\/www.lovendal.ro\/wp52\/wp-json\/wp\/v2\/media\/49654"}],"wp:attachment":[{"href":"https:\/\/www.lovendal.ro\/wp52\/wp-json\/wp\/v2\/media?parent=7733"}],"wp:term":[{"taxonomy":"category","embeddable":true,"href":"https:\/\/www.lovendal.ro\/wp52\/wp-json\/wp\/v2\/categories?post=7733"},{"taxonomy":"post_tag","embeddable":true,"href":"https:\/\/www.lovendal.ro\/wp52\/wp-json\/wp\/v2\/tags?post=7733"}],"curies":[{"name":"wp","href":"https:\/\/api.w.org\/{rel}","templated":true}]}}