{"id":77323,"date":"2021-10-15T18:39:04","date_gmt":"2021-10-15T15:39:04","guid":{"rendered":"https:\/\/www.lovendal.ro\/wp52\/?p=77323"},"modified":"2021-10-15T18:39:04","modified_gmt":"2021-10-15T15:39:04","slug":"noaptea-neagra-a-securitatii-15-16-august-1952-arestarea-liderilor-partidelor-burghezo-mosieresti-si-internarea-lor-in-lagare-de-munca","status":"publish","type":"post","link":"https:\/\/www.lovendal.ro\/wp52\/noaptea-neagra-a-securitatii-15-16-august-1952-arestarea-liderilor-partidelor-burghezo-mosieresti-si-internarea-lor-in-lagare-de-munca\/","title":{"rendered":"Noaptea neagr\u0103 a Securit\u0103\u0163ii &#8211; 15\/16 august 1952: arestarea liderilor partidelor &#8222;burghezo-mo\u015fiere\u015fti&#8221; \u015fi internarea lor \u00een lag\u0103re de munc\u0103"},"content":{"rendered":"<p><a href=\"https:\/\/www.lovendal.ro\/wp52\/wp-content\/uploads\/2021\/10\/lagar-de-munca.jpg\"><img loading=\"lazy\" decoding=\"async\" class=\"alignleft size-full wp-image-77324\" src=\"https:\/\/www.lovendal.ro\/wp52\/wp-content\/uploads\/2021\/10\/lagar-de-munca.jpg\" alt=\"\" width=\"354\" height=\"263\" srcset=\"https:\/\/www.lovendal.ro\/wp52\/wp-content\/uploads\/2021\/10\/lagar-de-munca.jpg 354w, https:\/\/www.lovendal.ro\/wp52\/wp-content\/uploads\/2021\/10\/lagar-de-munca-300x223.jpg 300w, https:\/\/www.lovendal.ro\/wp52\/wp-content\/uploads\/2021\/10\/lagar-de-munca-150x111.jpg 150w, https:\/\/www.lovendal.ro\/wp52\/wp-content\/uploads\/2021\/10\/lagar-de-munca-80x60.jpg 80w, https:\/\/www.lovendal.ro\/wp52\/wp-content\/uploads\/2021\/10\/lagar-de-munca-265x198.jpg 265w, https:\/\/www.lovendal.ro\/wp52\/wp-content\/uploads\/2021\/10\/lagar-de-munca-200x150.jpg 200w\" sizes=\"auto, (max-width: 354px) 100vw, 354px\" \/><\/a>\u00cen Rom\u00e2nia anului 1952, \u00een plin proces de instaurare a comunismului \u015fi stalinismului \u00een \u0163ara noastr\u0103, se \u00eenfiin\u0163a (prin Hot\u0103r\u00e2rea Consiliului de Mini\u015ftri nr. 1554 din 22 august 1952) lag\u0103rele de munc\u0103 sau batalioanele de munc\u0103. Totu\u015fi, cu 2 s\u0103pt\u0103m\u00e2ni \u00eenainte, pe 9 august 1952, Direc\u0163ia General\u0103 a Securit\u0103\u0163ii Statului d\u0103dea un ordin (nr.490), prin care, \u00een noaptea de 15 \/ 16 august, au fost aresta\u0163i \u015fi interna\u0163i pentru a lucra \u00een lag\u0103rele de munc\u0103 toate persoanele care au de\u0163inut func\u0163ii \u00een partidele politice de dinainte din 1948, \u015fi \u00een aparatul de stat &#8222;burghezo-mo\u015fieresc&#8221;, fiind considerate &#8222;elemente periculoase regimului de democra\u0163ie popular\u0103&#8221;.<\/p>\n<p>A\u015fadar, opera\u0163iunea arest\u0103rii persoanelor care au de\u0163inut diferite func\u0163ii \u00een fostele &#8222;partide burgheze&#8221; a fost declan\u015fat\u0103 \u00een noaptea de 15 spre 16 august 1952, imediat dup\u0103 s\u0103rb\u0103toarea religioas\u0103 de Sf. Maria, pentru a g\u0103si c\u00e2t mai multe din persoanele vizate acas\u0103.<\/p>\n<p>Securitatea a oferit lucr\u0103torilor s\u0103i instruc\u0163iuni foarte precise despre cum trebuia s\u0103 se desf\u0103\u015foare arest\u0103rile, la domiciliul suspec\u0163ilor. Astfel, \u00een ordinul nr. 490\/1952 se ar\u0103ta<br \/>\nc\u0103:<br \/>\n<em>* Prezen\u0163a o ve\u0163i anun\u0163a prin b\u0103t\u0103i la u\u015f\u0103 sau sonerie, \u015fi \u00een cazul c\u00e2nd obiectivul refuz\u0103 s\u0103 deschid\u0103 ve\u0163i for\u0163a intrarea. <\/em><br \/>\n<em>* Dup\u0103 p\u0103trundere, toate persoanele din apartamentul vizat vor fi adunate \u00eentr-o singur\u0103 camer\u0103 \u015fi perchezi\u0163ionate, iar dup\u0103 aceea se va proceda la identificarea obiectivului.<\/em><br \/>\n<em>* \u00cen cazul c\u00e2nd se vor g\u0103si elemente dubioase sau f\u0103r\u0103 acte \u015fi care nu pot justifica prezen\u0163a lor, vor fi ridicate.<\/em><\/p>\n<p>Cu ocazia perchezi\u0163iei se ridicau urm\u0103toarele materiale: armament \u015fi muni\u0163ie de toate calibrele; coresponden\u0163\u0103 \u015fi caiete; ma\u015fini de multiplicat f\u0103r\u0103 autoriza\u0163ie; c\u0103r\u0163i \u015fi ziare interzise ap\u0103rute p\u00e2n\u0103 \u00een anul 1944, cu caracter politic, apar\u0163in\u00e2nd partidelor istorice; aparate emisie \u015fi transmisie f\u0103r\u0103 autoriza\u0163ie; \u015ftampile, indigouri \u015fi \u015fapilografe; h\u0103r\u0163i militare, decora\u0163ii, brevete, c\u0103r\u0163i militare, referate, materiale de spionaj, cli\u015fee, tablouri, portete cu fo\u015ftii monarhi \u015fi conduc\u0103tori ai partidelor istorice; acte, buletine \u00een alb sau al altor persoane care nu puteau motiva provenien\u0163a lor; valute \u00een cantit\u0103\u0163i mari, aur, argint; insigne ale vechilor partide istorice.<\/p>\n<p>Persoanele re\u0163inute \u00een noaptea de 15 spre 16 august 1952 aveau dreptul s\u0103 ia cu ele trei schimburi de rufe, prosop, ciorapi, batiste \u015fi palton.<\/p>\n<p>To\u0163i re\u0163inu\u0163i urmau ca \u00een maxim 20 de zile s\u0103 fie repartiza\u0163i \u00een lag\u0103rele de munc\u0103&#8230;<\/p>\n","protected":false},"excerpt":{"rendered":"<p>\u00cen Rom\u00e2nia anului 1952, \u00een plin proces de instaurare a comunismului \u015fi stalinismului \u00een \u0163ara noastr\u0103, se \u00eenfiin\u0163a (prin Hot\u0103r\u00e2rea Consiliului de Mini\u015ftri nr. 1554 din 22 august 1952) lag\u0103rele de munc\u0103 sau batalioanele de munc\u0103. Totu\u015fi, cu 2 s\u0103pt\u0103m\u00e2ni &#8230; <\/p>\n<p class=\"read-more-container\"><a title=\"Noaptea neagr\u0103 a Securit\u0103\u0163ii &#8211; 15\/16 august 1952: arestarea liderilor partidelor &#8222;burghezo-mo\u015fiere\u015fti&#8221; \u015fi internarea lor \u00een lag\u0103re de munc\u0103\" class=\"read-more button\" href=\"https:\/\/www.lovendal.ro\/wp52\/noaptea-neagra-a-securitatii-15-16-august-1952-arestarea-liderilor-partidelor-burghezo-mosieresti-si-internarea-lor-in-lagare-de-munca\/#more-77323\" aria-label=\"Cite\u0219te mai multe despre Noaptea neagr\u0103 a Securit\u0103\u0163ii &#8211; 15\/16 august 1952: arestarea liderilor partidelor &#8222;burghezo-mo\u015fiere\u015fti&#8221; \u015fi internarea lor \u00een lag\u0103re de munc\u0103\">Cititi mai multe<\/a><\/p>\n","protected":false},"author":1,"featured_media":77324,"comment_status":"open","ping_status":"open","sticky":false,"template":"","format":"standard","meta":{"footnotes":""},"categories":[9],"tags":[5256,1126,685,465,81,1506,17260,1532,17261,2558,17189,74,279,511],"class_list":["post-77323","post","type-post","status-publish","format-standard","has-post-thumbnail","hentry","category-istorie","tag-arestare","tag-argint","tag-aur","tag-carti","tag-comunism","tag-democratie","tag-harti","tag-istorie-si-civilizatii","tag-lagare-de-munca","tag-partide","tag-perchezitie","tag-romania","tag-securitatea","tag-ziare","resize-featured-image"],"yoast_head":"<!-- This site is optimized with the Yoast SEO Premium plugin v23.3 (Yoast SEO v27.4) - https:\/\/yoast.com\/product\/yoast-seo-premium-wordpress\/ -->\n<title>Noaptea neagr\u0103 a Securit\u0103\u0163ii - 15\/16 august 1952: arestarea liderilor partidelor &quot;burghezo-mo\u015fiere\u015fti&quot; \u015fi internarea lor \u00een lag\u0103re de munc\u0103 - Secretele lui Lovendal<\/title>\n<meta name=\"robots\" content=\"index, follow, max-snippet:-1, max-image-preview:large, max-video-preview:-1\" \/>\n<link rel=\"canonical\" href=\"https:\/\/www.lovendal.ro\/wp52\/noaptea-neagra-a-securitatii-15-16-august-1952-arestarea-liderilor-partidelor-burghezo-mosieresti-si-internarea-lor-in-lagare-de-munca\/\" \/>\n<meta property=\"og:locale\" content=\"ro_RO\" \/>\n<meta property=\"og:type\" content=\"article\" \/>\n<meta property=\"og:title\" content=\"Noaptea neagr\u0103 a Securit\u0103\u0163ii - 15\/16 august 1952: arestarea liderilor partidelor &quot;burghezo-mo\u015fiere\u015fti&quot; \u015fi internarea lor \u00een lag\u0103re de munc\u0103\" \/>\n<meta property=\"og:description\" content=\"\u00cen Rom\u00e2nia anului 1952, \u00een plin proces de instaurare a comunismului \u015fi stalinismului \u00een \u0163ara noastr\u0103, se \u00eenfiin\u0163a (prin Hot\u0103r\u00e2rea Consiliului de Mini\u015ftri nr. 1554 din 22 august 1952) lag\u0103rele de munc\u0103 sau batalioanele de munc\u0103. Totu\u015fi, cu 2 s\u0103pt\u0103m\u00e2ni ... Cititi mai multe\" \/>\n<meta property=\"og:url\" content=\"https:\/\/www.lovendal.ro\/wp52\/noaptea-neagra-a-securitatii-15-16-august-1952-arestarea-liderilor-partidelor-burghezo-mosieresti-si-internarea-lor-in-lagare-de-munca\/\" \/>\n<meta property=\"og:site_name\" content=\"Secretele lui Lovendal\" \/>\n<meta property=\"article:publisher\" content=\"https:\/\/www.facebook.com\/secreteleluilovendal\" \/>\n<meta property=\"article:published_time\" content=\"2021-10-15T15:39:04+00:00\" \/>\n<meta property=\"og:image\" content=\"https:\/\/www.lovendal.ro\/wp52\/wp-content\/uploads\/2021\/10\/lagar-de-munca.jpg\" \/>\n\t<meta property=\"og:image:width\" content=\"354\" \/>\n\t<meta property=\"og:image:height\" content=\"263\" \/>\n\t<meta property=\"og:image:type\" content=\"image\/jpeg\" \/>\n<meta name=\"author\" content=\"admin\" \/>\n<meta name=\"twitter:card\" content=\"summary_large_image\" \/>\n<meta name=\"twitter:label1\" content=\"Scris de\" \/>\n\t<meta name=\"twitter:data1\" content=\"admin\" \/>\n\t<meta name=\"twitter:label2\" content=\"Timp estimat pentru citire\" \/>\n\t<meta name=\"twitter:data2\" content=\"2 minute\" \/>\n<script type=\"application\/ld+json\" class=\"yoast-schema-graph\">{\"@context\":\"https:\\\/\\\/schema.org\",\"@graph\":[{\"@type\":\"Article\",\"@id\":\"https:\\\/\\\/www.lovendal.ro\\\/wp52\\\/noaptea-neagra-a-securitatii-15-16-august-1952-arestarea-liderilor-partidelor-burghezo-mosieresti-si-internarea-lor-in-lagare-de-munca\\\/#article\",\"isPartOf\":{\"@id\":\"https:\\\/\\\/www.lovendal.ro\\\/wp52\\\/noaptea-neagra-a-securitatii-15-16-august-1952-arestarea-liderilor-partidelor-burghezo-mosieresti-si-internarea-lor-in-lagare-de-munca\\\/\"},\"author\":{\"name\":\"admin\",\"@id\":\"https:\\\/\\\/www.lovendal.ro\\\/wp52\\\/#\\\/schema\\\/person\\\/088691de5dfc346bb0c023e1e52ef5d9\"},\"headline\":\"Noaptea neagr\u0103 a Securit\u0103\u0163ii &#8211; 15\\\/16 august 1952: arestarea liderilor partidelor &#8222;burghezo-mo\u015fiere\u015fti&#8221; \u015fi internarea lor \u00een lag\u0103re de munc\u0103\",\"datePublished\":\"2021-10-15T15:39:04+00:00\",\"mainEntityOfPage\":{\"@id\":\"https:\\\/\\\/www.lovendal.ro\\\/wp52\\\/noaptea-neagra-a-securitatii-15-16-august-1952-arestarea-liderilor-partidelor-burghezo-mosieresti-si-internarea-lor-in-lagare-de-munca\\\/\"},\"wordCount\":450,\"commentCount\":0,\"publisher\":{\"@id\":\"https:\\\/\\\/www.lovendal.ro\\\/wp52\\\/#organization\"},\"image\":{\"@id\":\"https:\\\/\\\/www.lovendal.ro\\\/wp52\\\/noaptea-neagra-a-securitatii-15-16-august-1952-arestarea-liderilor-partidelor-burghezo-mosieresti-si-internarea-lor-in-lagare-de-munca\\\/#primaryimage\"},\"thumbnailUrl\":\"https:\\\/\\\/www.lovendal.ro\\\/wp52\\\/wp-content\\\/uploads\\\/2021\\\/10\\\/lagar-de-munca.jpg\",\"keywords\":[\"arestare\",\"argint\",\"aur\",\"c\u0103r\u0163i\",\"comunism\",\"democra\u0163ie\",\"h\u0103r\u0163i\",\"Istorie si Civilizatii\",\"lag\u0103re de munc\u0103\",\"partide\",\"perchezi\u0163ie\",\"Rom\u00e2nia\",\"Securitatea\",\"ziare\"],\"articleSection\":[\"Istorie si Civilizatii\"],\"inLanguage\":\"ro-RO\",\"potentialAction\":[{\"@type\":\"CommentAction\",\"name\":\"Comment\",\"target\":[\"https:\\\/\\\/www.lovendal.ro\\\/wp52\\\/noaptea-neagra-a-securitatii-15-16-august-1952-arestarea-liderilor-partidelor-burghezo-mosieresti-si-internarea-lor-in-lagare-de-munca\\\/#respond\"]}]},{\"@type\":\"WebPage\",\"@id\":\"https:\\\/\\\/www.lovendal.ro\\\/wp52\\\/noaptea-neagra-a-securitatii-15-16-august-1952-arestarea-liderilor-partidelor-burghezo-mosieresti-si-internarea-lor-in-lagare-de-munca\\\/\",\"url\":\"https:\\\/\\\/www.lovendal.ro\\\/wp52\\\/noaptea-neagra-a-securitatii-15-16-august-1952-arestarea-liderilor-partidelor-burghezo-mosieresti-si-internarea-lor-in-lagare-de-munca\\\/\",\"name\":\"Noaptea neagr\u0103 a Securit\u0103\u0163ii - 15\\\/16 august 1952: arestarea liderilor partidelor \\\"burghezo-mo\u015fiere\u015fti\\\" \u015fi internarea lor \u00een lag\u0103re de munc\u0103 - Secretele lui Lovendal\",\"isPartOf\":{\"@id\":\"https:\\\/\\\/www.lovendal.ro\\\/wp52\\\/#website\"},\"primaryImageOfPage\":{\"@id\":\"https:\\\/\\\/www.lovendal.ro\\\/wp52\\\/noaptea-neagra-a-securitatii-15-16-august-1952-arestarea-liderilor-partidelor-burghezo-mosieresti-si-internarea-lor-in-lagare-de-munca\\\/#primaryimage\"},\"image\":{\"@id\":\"https:\\\/\\\/www.lovendal.ro\\\/wp52\\\/noaptea-neagra-a-securitatii-15-16-august-1952-arestarea-liderilor-partidelor-burghezo-mosieresti-si-internarea-lor-in-lagare-de-munca\\\/#primaryimage\"},\"thumbnailUrl\":\"https:\\\/\\\/www.lovendal.ro\\\/wp52\\\/wp-content\\\/uploads\\\/2021\\\/10\\\/lagar-de-munca.jpg\",\"datePublished\":\"2021-10-15T15:39:04+00:00\",\"breadcrumb\":{\"@id\":\"https:\\\/\\\/www.lovendal.ro\\\/wp52\\\/noaptea-neagra-a-securitatii-15-16-august-1952-arestarea-liderilor-partidelor-burghezo-mosieresti-si-internarea-lor-in-lagare-de-munca\\\/#breadcrumb\"},\"inLanguage\":\"ro-RO\",\"potentialAction\":[{\"@type\":\"ReadAction\",\"target\":[\"https:\\\/\\\/www.lovendal.ro\\\/wp52\\\/noaptea-neagra-a-securitatii-15-16-august-1952-arestarea-liderilor-partidelor-burghezo-mosieresti-si-internarea-lor-in-lagare-de-munca\\\/\"]}]},{\"@type\":\"ImageObject\",\"inLanguage\":\"ro-RO\",\"@id\":\"https:\\\/\\\/www.lovendal.ro\\\/wp52\\\/noaptea-neagra-a-securitatii-15-16-august-1952-arestarea-liderilor-partidelor-burghezo-mosieresti-si-internarea-lor-in-lagare-de-munca\\\/#primaryimage\",\"url\":\"https:\\\/\\\/www.lovendal.ro\\\/wp52\\\/wp-content\\\/uploads\\\/2021\\\/10\\\/lagar-de-munca.jpg\",\"contentUrl\":\"https:\\\/\\\/www.lovendal.ro\\\/wp52\\\/wp-content\\\/uploads\\\/2021\\\/10\\\/lagar-de-munca.jpg\",\"width\":354,\"height\":263},{\"@type\":\"BreadcrumbList\",\"@id\":\"https:\\\/\\\/www.lovendal.ro\\\/wp52\\\/noaptea-neagra-a-securitatii-15-16-august-1952-arestarea-liderilor-partidelor-burghezo-mosieresti-si-internarea-lor-in-lagare-de-munca\\\/#breadcrumb\",\"itemListElement\":[{\"@type\":\"ListItem\",\"position\":1,\"name\":\"Home\",\"item\":\"https:\\\/\\\/www.lovendal.ro\\\/wp52\\\/\"},{\"@type\":\"ListItem\",\"position\":2,\"name\":\"Noaptea neagr\u0103 a Securit\u0103\u0163ii &#8211; 15\\\/16 august 1952: arestarea liderilor partidelor &#8222;burghezo-mo\u015fiere\u015fti&#8221; \u015fi internarea lor \u00een lag\u0103re de munc\u0103\"}]},{\"@type\":\"WebSite\",\"@id\":\"https:\\\/\\\/www.lovendal.ro\\\/wp52\\\/#website\",\"url\":\"https:\\\/\\\/www.lovendal.ro\\\/wp52\\\/\",\"name\":\"Secretele lui Lovendal\",\"description\":\"Site de secrete, stiinta si metafizica - din 2008 -\",\"publisher\":{\"@id\":\"https:\\\/\\\/www.lovendal.ro\\\/wp52\\\/#organization\"},\"potentialAction\":[{\"@type\":\"SearchAction\",\"target\":{\"@type\":\"EntryPoint\",\"urlTemplate\":\"https:\\\/\\\/www.lovendal.ro\\\/wp52\\\/?s={search_term_string}\"},\"query-input\":{\"@type\":\"PropertyValueSpecification\",\"valueRequired\":true,\"valueName\":\"search_term_string\"}}],\"inLanguage\":\"ro-RO\"},{\"@type\":\"Organization\",\"@id\":\"https:\\\/\\\/www.lovendal.ro\\\/wp52\\\/#organization\",\"name\":\"Secretele lui Lovendal\",\"url\":\"https:\\\/\\\/www.lovendal.ro\\\/wp52\\\/\",\"logo\":{\"@type\":\"ImageObject\",\"inLanguage\":\"ro-RO\",\"@id\":\"https:\\\/\\\/www.lovendal.ro\\\/wp52\\\/#\\\/schema\\\/logo\\\/image\\\/\",\"url\":\"https:\\\/\\\/www.lovendal.ro\\\/wp52\\\/wp-content\\\/uploads\\\/2024\\\/06\\\/cropped-SLL-iun-2024-1.jpg\",\"contentUrl\":\"https:\\\/\\\/www.lovendal.ro\\\/wp52\\\/wp-content\\\/uploads\\\/2024\\\/06\\\/cropped-SLL-iun-2024-1.jpg\",\"width\":771,\"height\":240,\"caption\":\"Secretele lui Lovendal\"},\"image\":{\"@id\":\"https:\\\/\\\/www.lovendal.ro\\\/wp52\\\/#\\\/schema\\\/logo\\\/image\\\/\"},\"sameAs\":[\"https:\\\/\\\/www.facebook.com\\\/secreteleluilovendal\"]},{\"@type\":\"Person\",\"@id\":\"https:\\\/\\\/www.lovendal.ro\\\/wp52\\\/#\\\/schema\\\/person\\\/088691de5dfc346bb0c023e1e52ef5d9\",\"name\":\"admin\",\"image\":{\"@type\":\"ImageObject\",\"inLanguage\":\"ro-RO\",\"@id\":\"https:\\\/\\\/secure.gravatar.com\\\/avatar\\\/ecb9cd41f5f63c9c9b989999a59f6e2639a865ec361e9db054db0679a8f341c2?s=96&d=mm&r=g\",\"url\":\"https:\\\/\\\/secure.gravatar.com\\\/avatar\\\/ecb9cd41f5f63c9c9b989999a59f6e2639a865ec361e9db054db0679a8f341c2?s=96&d=mm&r=g\",\"contentUrl\":\"https:\\\/\\\/secure.gravatar.com\\\/avatar\\\/ecb9cd41f5f63c9c9b989999a59f6e2639a865ec361e9db054db0679a8f341c2?s=96&d=mm&r=g\",\"caption\":\"admin\"},\"sameAs\":[\"https:\\\/\\\/www.lovendal.ro\\\/wp52\"]}]}<\/script>\n<!-- \/ Yoast SEO Premium plugin. -->","yoast_head_json":{"title":"Noaptea neagr\u0103 a Securit\u0103\u0163ii - 15\/16 august 1952: arestarea liderilor partidelor \"burghezo-mo\u015fiere\u015fti\" \u015fi internarea lor \u00een lag\u0103re de munc\u0103 - Secretele lui Lovendal","robots":{"index":"index","follow":"follow","max-snippet":"max-snippet:-1","max-image-preview":"max-image-preview:large","max-video-preview":"max-video-preview:-1"},"canonical":"https:\/\/www.lovendal.ro\/wp52\/noaptea-neagra-a-securitatii-15-16-august-1952-arestarea-liderilor-partidelor-burghezo-mosieresti-si-internarea-lor-in-lagare-de-munca\/","og_locale":"ro_RO","og_type":"article","og_title":"Noaptea neagr\u0103 a Securit\u0103\u0163ii - 15\/16 august 1952: arestarea liderilor partidelor \"burghezo-mo\u015fiere\u015fti\" \u015fi internarea lor \u00een lag\u0103re de munc\u0103","og_description":"\u00cen Rom\u00e2nia anului 1952, \u00een plin proces de instaurare a comunismului \u015fi stalinismului \u00een \u0163ara noastr\u0103, se \u00eenfiin\u0163a (prin Hot\u0103r\u00e2rea Consiliului de Mini\u015ftri nr. 1554 din 22 august 1952) lag\u0103rele de munc\u0103 sau batalioanele de munc\u0103. Totu\u015fi, cu 2 s\u0103pt\u0103m\u00e2ni ... Cititi mai multe","og_url":"https:\/\/www.lovendal.ro\/wp52\/noaptea-neagra-a-securitatii-15-16-august-1952-arestarea-liderilor-partidelor-burghezo-mosieresti-si-internarea-lor-in-lagare-de-munca\/","og_site_name":"Secretele lui Lovendal","article_publisher":"https:\/\/www.facebook.com\/secreteleluilovendal","article_published_time":"2021-10-15T15:39:04+00:00","og_image":[{"width":354,"height":263,"url":"https:\/\/www.lovendal.ro\/wp52\/wp-content\/uploads\/2021\/10\/lagar-de-munca.jpg","type":"image\/jpeg"}],"author":"admin","twitter_card":"summary_large_image","twitter_misc":{"Scris de":"admin","Timp estimat pentru citire":"2 minute"},"schema":{"@context":"https:\/\/schema.org","@graph":[{"@type":"Article","@id":"https:\/\/www.lovendal.ro\/wp52\/noaptea-neagra-a-securitatii-15-16-august-1952-arestarea-liderilor-partidelor-burghezo-mosieresti-si-internarea-lor-in-lagare-de-munca\/#article","isPartOf":{"@id":"https:\/\/www.lovendal.ro\/wp52\/noaptea-neagra-a-securitatii-15-16-august-1952-arestarea-liderilor-partidelor-burghezo-mosieresti-si-internarea-lor-in-lagare-de-munca\/"},"author":{"name":"admin","@id":"https:\/\/www.lovendal.ro\/wp52\/#\/schema\/person\/088691de5dfc346bb0c023e1e52ef5d9"},"headline":"Noaptea neagr\u0103 a Securit\u0103\u0163ii &#8211; 15\/16 august 1952: arestarea liderilor partidelor &#8222;burghezo-mo\u015fiere\u015fti&#8221; \u015fi internarea lor \u00een lag\u0103re de munc\u0103","datePublished":"2021-10-15T15:39:04+00:00","mainEntityOfPage":{"@id":"https:\/\/www.lovendal.ro\/wp52\/noaptea-neagra-a-securitatii-15-16-august-1952-arestarea-liderilor-partidelor-burghezo-mosieresti-si-internarea-lor-in-lagare-de-munca\/"},"wordCount":450,"commentCount":0,"publisher":{"@id":"https:\/\/www.lovendal.ro\/wp52\/#organization"},"image":{"@id":"https:\/\/www.lovendal.ro\/wp52\/noaptea-neagra-a-securitatii-15-16-august-1952-arestarea-liderilor-partidelor-burghezo-mosieresti-si-internarea-lor-in-lagare-de-munca\/#primaryimage"},"thumbnailUrl":"https:\/\/www.lovendal.ro\/wp52\/wp-content\/uploads\/2021\/10\/lagar-de-munca.jpg","keywords":["arestare","argint","aur","c\u0103r\u0163i","comunism","democra\u0163ie","h\u0103r\u0163i","Istorie si Civilizatii","lag\u0103re de munc\u0103","partide","perchezi\u0163ie","Rom\u00e2nia","Securitatea","ziare"],"articleSection":["Istorie si Civilizatii"],"inLanguage":"ro-RO","potentialAction":[{"@type":"CommentAction","name":"Comment","target":["https:\/\/www.lovendal.ro\/wp52\/noaptea-neagra-a-securitatii-15-16-august-1952-arestarea-liderilor-partidelor-burghezo-mosieresti-si-internarea-lor-in-lagare-de-munca\/#respond"]}]},{"@type":"WebPage","@id":"https:\/\/www.lovendal.ro\/wp52\/noaptea-neagra-a-securitatii-15-16-august-1952-arestarea-liderilor-partidelor-burghezo-mosieresti-si-internarea-lor-in-lagare-de-munca\/","url":"https:\/\/www.lovendal.ro\/wp52\/noaptea-neagra-a-securitatii-15-16-august-1952-arestarea-liderilor-partidelor-burghezo-mosieresti-si-internarea-lor-in-lagare-de-munca\/","name":"Noaptea neagr\u0103 a Securit\u0103\u0163ii - 15\/16 august 1952: arestarea liderilor partidelor \"burghezo-mo\u015fiere\u015fti\" \u015fi internarea lor \u00een lag\u0103re de munc\u0103 - Secretele lui Lovendal","isPartOf":{"@id":"https:\/\/www.lovendal.ro\/wp52\/#website"},"primaryImageOfPage":{"@id":"https:\/\/www.lovendal.ro\/wp52\/noaptea-neagra-a-securitatii-15-16-august-1952-arestarea-liderilor-partidelor-burghezo-mosieresti-si-internarea-lor-in-lagare-de-munca\/#primaryimage"},"image":{"@id":"https:\/\/www.lovendal.ro\/wp52\/noaptea-neagra-a-securitatii-15-16-august-1952-arestarea-liderilor-partidelor-burghezo-mosieresti-si-internarea-lor-in-lagare-de-munca\/#primaryimage"},"thumbnailUrl":"https:\/\/www.lovendal.ro\/wp52\/wp-content\/uploads\/2021\/10\/lagar-de-munca.jpg","datePublished":"2021-10-15T15:39:04+00:00","breadcrumb":{"@id":"https:\/\/www.lovendal.ro\/wp52\/noaptea-neagra-a-securitatii-15-16-august-1952-arestarea-liderilor-partidelor-burghezo-mosieresti-si-internarea-lor-in-lagare-de-munca\/#breadcrumb"},"inLanguage":"ro-RO","potentialAction":[{"@type":"ReadAction","target":["https:\/\/www.lovendal.ro\/wp52\/noaptea-neagra-a-securitatii-15-16-august-1952-arestarea-liderilor-partidelor-burghezo-mosieresti-si-internarea-lor-in-lagare-de-munca\/"]}]},{"@type":"ImageObject","inLanguage":"ro-RO","@id":"https:\/\/www.lovendal.ro\/wp52\/noaptea-neagra-a-securitatii-15-16-august-1952-arestarea-liderilor-partidelor-burghezo-mosieresti-si-internarea-lor-in-lagare-de-munca\/#primaryimage","url":"https:\/\/www.lovendal.ro\/wp52\/wp-content\/uploads\/2021\/10\/lagar-de-munca.jpg","contentUrl":"https:\/\/www.lovendal.ro\/wp52\/wp-content\/uploads\/2021\/10\/lagar-de-munca.jpg","width":354,"height":263},{"@type":"BreadcrumbList","@id":"https:\/\/www.lovendal.ro\/wp52\/noaptea-neagra-a-securitatii-15-16-august-1952-arestarea-liderilor-partidelor-burghezo-mosieresti-si-internarea-lor-in-lagare-de-munca\/#breadcrumb","itemListElement":[{"@type":"ListItem","position":1,"name":"Home","item":"https:\/\/www.lovendal.ro\/wp52\/"},{"@type":"ListItem","position":2,"name":"Noaptea neagr\u0103 a Securit\u0103\u0163ii &#8211; 15\/16 august 1952: arestarea liderilor partidelor &#8222;burghezo-mo\u015fiere\u015fti&#8221; \u015fi internarea lor \u00een lag\u0103re de munc\u0103"}]},{"@type":"WebSite","@id":"https:\/\/www.lovendal.ro\/wp52\/#website","url":"https:\/\/www.lovendal.ro\/wp52\/","name":"Secretele lui Lovendal","description":"Site de secrete, stiinta si metafizica - din 2008 -","publisher":{"@id":"https:\/\/www.lovendal.ro\/wp52\/#organization"},"potentialAction":[{"@type":"SearchAction","target":{"@type":"EntryPoint","urlTemplate":"https:\/\/www.lovendal.ro\/wp52\/?s={search_term_string}"},"query-input":{"@type":"PropertyValueSpecification","valueRequired":true,"valueName":"search_term_string"}}],"inLanguage":"ro-RO"},{"@type":"Organization","@id":"https:\/\/www.lovendal.ro\/wp52\/#organization","name":"Secretele lui Lovendal","url":"https:\/\/www.lovendal.ro\/wp52\/","logo":{"@type":"ImageObject","inLanguage":"ro-RO","@id":"https:\/\/www.lovendal.ro\/wp52\/#\/schema\/logo\/image\/","url":"https:\/\/www.lovendal.ro\/wp52\/wp-content\/uploads\/2024\/06\/cropped-SLL-iun-2024-1.jpg","contentUrl":"https:\/\/www.lovendal.ro\/wp52\/wp-content\/uploads\/2024\/06\/cropped-SLL-iun-2024-1.jpg","width":771,"height":240,"caption":"Secretele lui Lovendal"},"image":{"@id":"https:\/\/www.lovendal.ro\/wp52\/#\/schema\/logo\/image\/"},"sameAs":["https:\/\/www.facebook.com\/secreteleluilovendal"]},{"@type":"Person","@id":"https:\/\/www.lovendal.ro\/wp52\/#\/schema\/person\/088691de5dfc346bb0c023e1e52ef5d9","name":"admin","image":{"@type":"ImageObject","inLanguage":"ro-RO","@id":"https:\/\/secure.gravatar.com\/avatar\/ecb9cd41f5f63c9c9b989999a59f6e2639a865ec361e9db054db0679a8f341c2?s=96&d=mm&r=g","url":"https:\/\/secure.gravatar.com\/avatar\/ecb9cd41f5f63c9c9b989999a59f6e2639a865ec361e9db054db0679a8f341c2?s=96&d=mm&r=g","contentUrl":"https:\/\/secure.gravatar.com\/avatar\/ecb9cd41f5f63c9c9b989999a59f6e2639a865ec361e9db054db0679a8f341c2?s=96&d=mm&r=g","caption":"admin"},"sameAs":["https:\/\/www.lovendal.ro\/wp52"]}]}},"_links":{"self":[{"href":"https:\/\/www.lovendal.ro\/wp52\/wp-json\/wp\/v2\/posts\/77323","targetHints":{"allow":["GET"]}}],"collection":[{"href":"https:\/\/www.lovendal.ro\/wp52\/wp-json\/wp\/v2\/posts"}],"about":[{"href":"https:\/\/www.lovendal.ro\/wp52\/wp-json\/wp\/v2\/types\/post"}],"author":[{"embeddable":true,"href":"https:\/\/www.lovendal.ro\/wp52\/wp-json\/wp\/v2\/users\/1"}],"replies":[{"embeddable":true,"href":"https:\/\/www.lovendal.ro\/wp52\/wp-json\/wp\/v2\/comments?post=77323"}],"version-history":[{"count":0,"href":"https:\/\/www.lovendal.ro\/wp52\/wp-json\/wp\/v2\/posts\/77323\/revisions"}],"wp:featuredmedia":[{"embeddable":true,"href":"https:\/\/www.lovendal.ro\/wp52\/wp-json\/wp\/v2\/media\/77324"}],"wp:attachment":[{"href":"https:\/\/www.lovendal.ro\/wp52\/wp-json\/wp\/v2\/media?parent=77323"}],"wp:term":[{"taxonomy":"category","embeddable":true,"href":"https:\/\/www.lovendal.ro\/wp52\/wp-json\/wp\/v2\/categories?post=77323"},{"taxonomy":"post_tag","embeddable":true,"href":"https:\/\/www.lovendal.ro\/wp52\/wp-json\/wp\/v2\/tags?post=77323"}],"curies":[{"name":"wp","href":"https:\/\/api.w.org\/{rel}","templated":true}]}}