{"id":7718,"date":"2009-09-19T08:17:29","date_gmt":"2009-09-19T05:17:29","guid":{"rendered":"http:\/\/www.lovendal.net\/wp52\/?p=7718"},"modified":"2020-06-26T12:13:33","modified_gmt":"2020-06-26T09:13:33","slug":"avionul-care-facea-acrobatii-aeriene-in-polonia-a-fost-doborat-de-ozn-uri","status":"publish","type":"post","link":"https:\/\/www.lovendal.ro\/wp52\/avionul-care-facea-acrobatii-aeriene-in-polonia-a-fost-doborat-de-ozn-uri\/","title":{"rendered":"Avionul care f\u0103cea acroba\u0163ii aeriene \u00een Polonia a fost dobor\u00e2t de OZN-uri"},"content":{"rendered":"<p><a href=\"https:\/\/www.lovendal.ro\/wp52\/wp-content\/uploads\/2009\/09\/avion-SU-27.jpg\"><img loading=\"lazy\" decoding=\"async\" class=\"alignleft size-full wp-image-7719\" title=\"avion SU-27\" src=\"https:\/\/www.lovendal.ro\/wp52\/wp-content\/uploads\/2009\/09\/avion-SU-27.jpg\" alt=\"avion SU-27\" width=\"289\" height=\"217\" srcset=\"https:\/\/www.lovendal.ro\/wp52\/wp-content\/uploads\/2009\/09\/avion-SU-27.jpg 321w, https:\/\/www.lovendal.ro\/wp52\/wp-content\/uploads\/2009\/09\/avion-SU-27-300x224.jpg 300w\" sizes=\"auto, (max-width: 289px) 100vw, 289px\" \/><\/a>Pe 30 august 2009, doi pilo\u0163i ai for\u0163elor aeriene din Bielorusia, au fost uci\u015fi, \u00eentruc\u00e2t avionul lor, SU-27, s-a pr\u0103bu\u015fit \u00een timpul unei acroba\u0163ii aeriene care se desf\u0103\u015fura \u00een centrul Poloniei, \u00een ora\u015ful Radom, la 100 km sud de Var\u015fovia. Din p\u0103cate, cei doi pilo\u0163i nu au mai reu\u015fit s\u0103 se catapulteze.<\/p>\n<p>Un martor a afirmat c\u0103 SU-27 s-a pr\u0103bu\u015fit la c\u00e2teva minute dup\u0103 \u00eenceperea acroba\u0163iei aeriene. Televiziunea polonez\u0103 TVP a ar\u0103tat avionul militar f\u0103c\u00e2nd trei acroba\u0163ii aeriene, iar dup\u0103 acestea, a \u00eenceput s\u0103 coboare, de parc\u0103 ar dori s\u0103 aterizeze. Apoi, avionul a disp\u0103rut dup\u0103 ni\u015fte copaci, ulterior observ\u00e2ndu-se mult fum negru.<\/p>\n<p>Din \u00eenregistrarea video de mai jos, se poate observa, \u00eens\u0103, cel pu\u0163in 2 OZN-uri, sub forma unor puncte negre, care zboar\u0103 \u00een vecin\u0103tatea avionului SU-27, \u00eenainte \u015fi dup\u0103 pr\u0103bu\u015firea sa. La un moment dat, se poate vedea cum avionul a executat o manevr\u0103 de ocolire, cu fl\u0103c\u0103ri, de parc\u0103 ar fi vrut s\u0103 ocoleasc\u0103 un obiect neidentificat. De asemenea, OZN-uri au fost semnalate \u015fi \u00een zona pr\u0103bu\u015firii avionului.<\/p>\n","protected":false},"excerpt":{"rendered":"<p>Pe 30 august 2009, doi pilo\u0163i ai for\u0163elor aeriene din Bielorusia, au fost uci\u015fi, \u00eentruc\u00e2t avionul lor, SU-27, s-a pr\u0103bu\u015fit \u00een timpul unei acroba\u0163ii aeriene care se desf\u0103\u015fura \u00een centrul Poloniei, \u00een ora\u015ful Radom, la 100 km sud de Var\u015fovia. &#8230; <\/p>\n<p class=\"read-more-container\"><a title=\"Avionul care f\u0103cea acroba\u0163ii aeriene \u00een Polonia a fost dobor\u00e2t de OZN-uri\" class=\"read-more button\" href=\"https:\/\/www.lovendal.ro\/wp52\/avionul-care-facea-acrobatii-aeriene-in-polonia-a-fost-doborat-de-ozn-uri\/#more-7718\" aria-label=\"Cite\u0219te mai multe despre Avionul care f\u0103cea acroba\u0163ii aeriene \u00een Polonia a fost dobor\u00e2t de OZN-uri\">Cititi mai multe<\/a><\/p>\n","protected":false},"author":1,"featured_media":7719,"comment_status":"open","ping_status":"closed","sticky":false,"template":"","format":"standard","meta":{"footnotes":""},"categories":[14],"tags":[762,50,9796,583],"class_list":["post-7718","post","type-post","status-publish","format-standard","has-post-thumbnail","hentry","category-paranormal-spiritualitate","tag-avion","tag-ozn","tag-paranormal-spiritualitate","tag-polonia","resize-featured-image"],"yoast_head":"<!-- This site is optimized with the Yoast SEO Premium plugin v23.3 (Yoast SEO v27.4) - https:\/\/yoast.com\/product\/yoast-seo-premium-wordpress\/ -->\n<title>Avionul care f\u0103cea acroba\u0163ii aeriene \u00een Polonia a fost dobor\u00e2t de OZN-uri - Secretele lui Lovendal<\/title>\n<meta name=\"robots\" content=\"index, follow, max-snippet:-1, max-image-preview:large, max-video-preview:-1\" \/>\n<link rel=\"canonical\" href=\"https:\/\/www.lovendal.ro\/wp52\/avionul-care-facea-acrobatii-aeriene-in-polonia-a-fost-doborat-de-ozn-uri\/\" \/>\n<meta property=\"og:locale\" content=\"ro_RO\" \/>\n<meta property=\"og:type\" content=\"article\" \/>\n<meta property=\"og:title\" content=\"Avionul care f\u0103cea acroba\u0163ii aeriene \u00een Polonia a fost dobor\u00e2t de OZN-uri\" \/>\n<meta property=\"og:description\" content=\"Pe 30 august 2009, doi pilo\u0163i ai for\u0163elor aeriene din Bielorusia, au fost uci\u015fi, \u00eentruc\u00e2t avionul lor, SU-27, s-a pr\u0103bu\u015fit \u00een timpul unei acroba\u0163ii aeriene care se desf\u0103\u015fura \u00een centrul Poloniei, \u00een ora\u015ful Radom, la 100 km sud de Var\u015fovia. ... Cititi mai multe\" \/>\n<meta property=\"og:url\" content=\"https:\/\/www.lovendal.ro\/wp52\/avionul-care-facea-acrobatii-aeriene-in-polonia-a-fost-doborat-de-ozn-uri\/\" \/>\n<meta property=\"og:site_name\" content=\"Secretele lui Lovendal\" \/>\n<meta property=\"article:publisher\" content=\"https:\/\/www.facebook.com\/secreteleluilovendal\" \/>\n<meta property=\"article:published_time\" content=\"2009-09-19T05:17:29+00:00\" \/>\n<meta property=\"article:modified_time\" content=\"2020-06-26T09:13:33+00:00\" \/>\n<meta property=\"og:image\" content=\"https:\/\/www.lovendal.ro\/wp52\/wp-content\/uploads\/2009\/09\/avion-SU-27.jpg\" \/>\n\t<meta property=\"og:image:width\" content=\"321\" \/>\n\t<meta property=\"og:image:height\" content=\"240\" \/>\n\t<meta property=\"og:image:type\" content=\"image\/jpeg\" \/>\n<meta name=\"author\" content=\"admin\" \/>\n<meta name=\"twitter:card\" content=\"summary_large_image\" \/>\n<meta name=\"twitter:label1\" content=\"Scris de\" \/>\n\t<meta name=\"twitter:data1\" content=\"admin\" \/>\n\t<meta name=\"twitter:label2\" content=\"Timp estimat pentru citire\" \/>\n\t<meta name=\"twitter:data2\" content=\"1 minut\" \/>\n<script type=\"application\/ld+json\" class=\"yoast-schema-graph\">{\"@context\":\"https:\\\/\\\/schema.org\",\"@graph\":[{\"@type\":\"Article\",\"@id\":\"https:\\\/\\\/www.lovendal.ro\\\/wp52\\\/avionul-care-facea-acrobatii-aeriene-in-polonia-a-fost-doborat-de-ozn-uri\\\/#article\",\"isPartOf\":{\"@id\":\"https:\\\/\\\/www.lovendal.ro\\\/wp52\\\/avionul-care-facea-acrobatii-aeriene-in-polonia-a-fost-doborat-de-ozn-uri\\\/\"},\"author\":{\"name\":\"admin\",\"@id\":\"https:\\\/\\\/www.lovendal.ro\\\/wp52\\\/#\\\/schema\\\/person\\\/088691de5dfc346bb0c023e1e52ef5d9\"},\"headline\":\"Avionul care f\u0103cea acroba\u0163ii aeriene \u00een Polonia a fost dobor\u00e2t de OZN-uri\",\"datePublished\":\"2009-09-19T05:17:29+00:00\",\"dateModified\":\"2020-06-26T09:13:33+00:00\",\"mainEntityOfPage\":{\"@id\":\"https:\\\/\\\/www.lovendal.ro\\\/wp52\\\/avionul-care-facea-acrobatii-aeriene-in-polonia-a-fost-doborat-de-ozn-uri\\\/\"},\"wordCount\":214,\"commentCount\":0,\"publisher\":{\"@id\":\"https:\\\/\\\/www.lovendal.ro\\\/wp52\\\/#organization\"},\"image\":{\"@id\":\"https:\\\/\\\/www.lovendal.ro\\\/wp52\\\/avionul-care-facea-acrobatii-aeriene-in-polonia-a-fost-doborat-de-ozn-uri\\\/#primaryimage\"},\"thumbnailUrl\":\"https:\\\/\\\/www.lovendal.ro\\\/wp52\\\/wp-content\\\/uploads\\\/2009\\\/09\\\/avion-SU-27.jpg\",\"keywords\":[\"avion\",\"OZN\",\"Paranormal-Spiritualitate\",\"Polonia\"],\"articleSection\":[\"Paranormal-Spiritualitate\"],\"inLanguage\":\"ro-RO\",\"potentialAction\":[{\"@type\":\"CommentAction\",\"name\":\"Comment\",\"target\":[\"https:\\\/\\\/www.lovendal.ro\\\/wp52\\\/avionul-care-facea-acrobatii-aeriene-in-polonia-a-fost-doborat-de-ozn-uri\\\/#respond\"]}]},{\"@type\":\"WebPage\",\"@id\":\"https:\\\/\\\/www.lovendal.ro\\\/wp52\\\/avionul-care-facea-acrobatii-aeriene-in-polonia-a-fost-doborat-de-ozn-uri\\\/\",\"url\":\"https:\\\/\\\/www.lovendal.ro\\\/wp52\\\/avionul-care-facea-acrobatii-aeriene-in-polonia-a-fost-doborat-de-ozn-uri\\\/\",\"name\":\"Avionul care f\u0103cea acroba\u0163ii aeriene \u00een Polonia a fost dobor\u00e2t de OZN-uri - Secretele lui Lovendal\",\"isPartOf\":{\"@id\":\"https:\\\/\\\/www.lovendal.ro\\\/wp52\\\/#website\"},\"primaryImageOfPage\":{\"@id\":\"https:\\\/\\\/www.lovendal.ro\\\/wp52\\\/avionul-care-facea-acrobatii-aeriene-in-polonia-a-fost-doborat-de-ozn-uri\\\/#primaryimage\"},\"image\":{\"@id\":\"https:\\\/\\\/www.lovendal.ro\\\/wp52\\\/avionul-care-facea-acrobatii-aeriene-in-polonia-a-fost-doborat-de-ozn-uri\\\/#primaryimage\"},\"thumbnailUrl\":\"https:\\\/\\\/www.lovendal.ro\\\/wp52\\\/wp-content\\\/uploads\\\/2009\\\/09\\\/avion-SU-27.jpg\",\"datePublished\":\"2009-09-19T05:17:29+00:00\",\"dateModified\":\"2020-06-26T09:13:33+00:00\",\"breadcrumb\":{\"@id\":\"https:\\\/\\\/www.lovendal.ro\\\/wp52\\\/avionul-care-facea-acrobatii-aeriene-in-polonia-a-fost-doborat-de-ozn-uri\\\/#breadcrumb\"},\"inLanguage\":\"ro-RO\",\"potentialAction\":[{\"@type\":\"ReadAction\",\"target\":[\"https:\\\/\\\/www.lovendal.ro\\\/wp52\\\/avionul-care-facea-acrobatii-aeriene-in-polonia-a-fost-doborat-de-ozn-uri\\\/\"]}]},{\"@type\":\"ImageObject\",\"inLanguage\":\"ro-RO\",\"@id\":\"https:\\\/\\\/www.lovendal.ro\\\/wp52\\\/avionul-care-facea-acrobatii-aeriene-in-polonia-a-fost-doborat-de-ozn-uri\\\/#primaryimage\",\"url\":\"https:\\\/\\\/www.lovendal.ro\\\/wp52\\\/wp-content\\\/uploads\\\/2009\\\/09\\\/avion-SU-27.jpg\",\"contentUrl\":\"https:\\\/\\\/www.lovendal.ro\\\/wp52\\\/wp-content\\\/uploads\\\/2009\\\/09\\\/avion-SU-27.jpg\",\"width\":\"321\",\"height\":\"240\"},{\"@type\":\"BreadcrumbList\",\"@id\":\"https:\\\/\\\/www.lovendal.ro\\\/wp52\\\/avionul-care-facea-acrobatii-aeriene-in-polonia-a-fost-doborat-de-ozn-uri\\\/#breadcrumb\",\"itemListElement\":[{\"@type\":\"ListItem\",\"position\":1,\"name\":\"Home\",\"item\":\"https:\\\/\\\/www.lovendal.ro\\\/wp52\\\/\"},{\"@type\":\"ListItem\",\"position\":2,\"name\":\"Avionul care f\u0103cea acroba\u0163ii aeriene \u00een Polonia a fost dobor\u00e2t de OZN-uri\"}]},{\"@type\":\"WebSite\",\"@id\":\"https:\\\/\\\/www.lovendal.ro\\\/wp52\\\/#website\",\"url\":\"https:\\\/\\\/www.lovendal.ro\\\/wp52\\\/\",\"name\":\"Secretele lui Lovendal\",\"description\":\"Site de secrete, stiinta si metafizica - din 2008 -\",\"publisher\":{\"@id\":\"https:\\\/\\\/www.lovendal.ro\\\/wp52\\\/#organization\"},\"potentialAction\":[{\"@type\":\"SearchAction\",\"target\":{\"@type\":\"EntryPoint\",\"urlTemplate\":\"https:\\\/\\\/www.lovendal.ro\\\/wp52\\\/?s={search_term_string}\"},\"query-input\":{\"@type\":\"PropertyValueSpecification\",\"valueRequired\":true,\"valueName\":\"search_term_string\"}}],\"inLanguage\":\"ro-RO\"},{\"@type\":\"Organization\",\"@id\":\"https:\\\/\\\/www.lovendal.ro\\\/wp52\\\/#organization\",\"name\":\"Secretele lui Lovendal\",\"url\":\"https:\\\/\\\/www.lovendal.ro\\\/wp52\\\/\",\"logo\":{\"@type\":\"ImageObject\",\"inLanguage\":\"ro-RO\",\"@id\":\"https:\\\/\\\/www.lovendal.ro\\\/wp52\\\/#\\\/schema\\\/logo\\\/image\\\/\",\"url\":\"https:\\\/\\\/www.lovendal.ro\\\/wp52\\\/wp-content\\\/uploads\\\/2024\\\/06\\\/cropped-SLL-iun-2024-1.jpg\",\"contentUrl\":\"https:\\\/\\\/www.lovendal.ro\\\/wp52\\\/wp-content\\\/uploads\\\/2024\\\/06\\\/cropped-SLL-iun-2024-1.jpg\",\"width\":771,\"height\":240,\"caption\":\"Secretele lui Lovendal\"},\"image\":{\"@id\":\"https:\\\/\\\/www.lovendal.ro\\\/wp52\\\/#\\\/schema\\\/logo\\\/image\\\/\"},\"sameAs\":[\"https:\\\/\\\/www.facebook.com\\\/secreteleluilovendal\"]},{\"@type\":\"Person\",\"@id\":\"https:\\\/\\\/www.lovendal.ro\\\/wp52\\\/#\\\/schema\\\/person\\\/088691de5dfc346bb0c023e1e52ef5d9\",\"name\":\"admin\",\"image\":{\"@type\":\"ImageObject\",\"inLanguage\":\"ro-RO\",\"@id\":\"https:\\\/\\\/secure.gravatar.com\\\/avatar\\\/ecb9cd41f5f63c9c9b989999a59f6e2639a865ec361e9db054db0679a8f341c2?s=96&d=mm&r=g\",\"url\":\"https:\\\/\\\/secure.gravatar.com\\\/avatar\\\/ecb9cd41f5f63c9c9b989999a59f6e2639a865ec361e9db054db0679a8f341c2?s=96&d=mm&r=g\",\"contentUrl\":\"https:\\\/\\\/secure.gravatar.com\\\/avatar\\\/ecb9cd41f5f63c9c9b989999a59f6e2639a865ec361e9db054db0679a8f341c2?s=96&d=mm&r=g\",\"caption\":\"admin\"},\"sameAs\":[\"https:\\\/\\\/www.lovendal.ro\\\/wp52\"]}]}<\/script>\n<!-- \/ Yoast SEO Premium plugin. -->","yoast_head_json":{"title":"Avionul care f\u0103cea acroba\u0163ii aeriene \u00een Polonia a fost dobor\u00e2t de OZN-uri - Secretele lui Lovendal","robots":{"index":"index","follow":"follow","max-snippet":"max-snippet:-1","max-image-preview":"max-image-preview:large","max-video-preview":"max-video-preview:-1"},"canonical":"https:\/\/www.lovendal.ro\/wp52\/avionul-care-facea-acrobatii-aeriene-in-polonia-a-fost-doborat-de-ozn-uri\/","og_locale":"ro_RO","og_type":"article","og_title":"Avionul care f\u0103cea acroba\u0163ii aeriene \u00een Polonia a fost dobor\u00e2t de OZN-uri","og_description":"Pe 30 august 2009, doi pilo\u0163i ai for\u0163elor aeriene din Bielorusia, au fost uci\u015fi, \u00eentruc\u00e2t avionul lor, SU-27, s-a pr\u0103bu\u015fit \u00een timpul unei acroba\u0163ii aeriene care se desf\u0103\u015fura \u00een centrul Poloniei, \u00een ora\u015ful Radom, la 100 km sud de Var\u015fovia. ... Cititi mai multe","og_url":"https:\/\/www.lovendal.ro\/wp52\/avionul-care-facea-acrobatii-aeriene-in-polonia-a-fost-doborat-de-ozn-uri\/","og_site_name":"Secretele lui Lovendal","article_publisher":"https:\/\/www.facebook.com\/secreteleluilovendal","article_published_time":"2009-09-19T05:17:29+00:00","article_modified_time":"2020-06-26T09:13:33+00:00","og_image":[{"width":321,"height":240,"url":"https:\/\/www.lovendal.ro\/wp52\/wp-content\/uploads\/2009\/09\/avion-SU-27.jpg","type":"image\/jpeg"}],"author":"admin","twitter_card":"summary_large_image","twitter_misc":{"Scris de":"admin","Timp estimat pentru citire":"1 minut"},"schema":{"@context":"https:\/\/schema.org","@graph":[{"@type":"Article","@id":"https:\/\/www.lovendal.ro\/wp52\/avionul-care-facea-acrobatii-aeriene-in-polonia-a-fost-doborat-de-ozn-uri\/#article","isPartOf":{"@id":"https:\/\/www.lovendal.ro\/wp52\/avionul-care-facea-acrobatii-aeriene-in-polonia-a-fost-doborat-de-ozn-uri\/"},"author":{"name":"admin","@id":"https:\/\/www.lovendal.ro\/wp52\/#\/schema\/person\/088691de5dfc346bb0c023e1e52ef5d9"},"headline":"Avionul care f\u0103cea acroba\u0163ii aeriene \u00een Polonia a fost dobor\u00e2t de OZN-uri","datePublished":"2009-09-19T05:17:29+00:00","dateModified":"2020-06-26T09:13:33+00:00","mainEntityOfPage":{"@id":"https:\/\/www.lovendal.ro\/wp52\/avionul-care-facea-acrobatii-aeriene-in-polonia-a-fost-doborat-de-ozn-uri\/"},"wordCount":214,"commentCount":0,"publisher":{"@id":"https:\/\/www.lovendal.ro\/wp52\/#organization"},"image":{"@id":"https:\/\/www.lovendal.ro\/wp52\/avionul-care-facea-acrobatii-aeriene-in-polonia-a-fost-doborat-de-ozn-uri\/#primaryimage"},"thumbnailUrl":"https:\/\/www.lovendal.ro\/wp52\/wp-content\/uploads\/2009\/09\/avion-SU-27.jpg","keywords":["avion","OZN","Paranormal-Spiritualitate","Polonia"],"articleSection":["Paranormal-Spiritualitate"],"inLanguage":"ro-RO","potentialAction":[{"@type":"CommentAction","name":"Comment","target":["https:\/\/www.lovendal.ro\/wp52\/avionul-care-facea-acrobatii-aeriene-in-polonia-a-fost-doborat-de-ozn-uri\/#respond"]}]},{"@type":"WebPage","@id":"https:\/\/www.lovendal.ro\/wp52\/avionul-care-facea-acrobatii-aeriene-in-polonia-a-fost-doborat-de-ozn-uri\/","url":"https:\/\/www.lovendal.ro\/wp52\/avionul-care-facea-acrobatii-aeriene-in-polonia-a-fost-doborat-de-ozn-uri\/","name":"Avionul care f\u0103cea acroba\u0163ii aeriene \u00een Polonia a fost dobor\u00e2t de OZN-uri - Secretele lui Lovendal","isPartOf":{"@id":"https:\/\/www.lovendal.ro\/wp52\/#website"},"primaryImageOfPage":{"@id":"https:\/\/www.lovendal.ro\/wp52\/avionul-care-facea-acrobatii-aeriene-in-polonia-a-fost-doborat-de-ozn-uri\/#primaryimage"},"image":{"@id":"https:\/\/www.lovendal.ro\/wp52\/avionul-care-facea-acrobatii-aeriene-in-polonia-a-fost-doborat-de-ozn-uri\/#primaryimage"},"thumbnailUrl":"https:\/\/www.lovendal.ro\/wp52\/wp-content\/uploads\/2009\/09\/avion-SU-27.jpg","datePublished":"2009-09-19T05:17:29+00:00","dateModified":"2020-06-26T09:13:33+00:00","breadcrumb":{"@id":"https:\/\/www.lovendal.ro\/wp52\/avionul-care-facea-acrobatii-aeriene-in-polonia-a-fost-doborat-de-ozn-uri\/#breadcrumb"},"inLanguage":"ro-RO","potentialAction":[{"@type":"ReadAction","target":["https:\/\/www.lovendal.ro\/wp52\/avionul-care-facea-acrobatii-aeriene-in-polonia-a-fost-doborat-de-ozn-uri\/"]}]},{"@type":"ImageObject","inLanguage":"ro-RO","@id":"https:\/\/www.lovendal.ro\/wp52\/avionul-care-facea-acrobatii-aeriene-in-polonia-a-fost-doborat-de-ozn-uri\/#primaryimage","url":"https:\/\/www.lovendal.ro\/wp52\/wp-content\/uploads\/2009\/09\/avion-SU-27.jpg","contentUrl":"https:\/\/www.lovendal.ro\/wp52\/wp-content\/uploads\/2009\/09\/avion-SU-27.jpg","width":"321","height":"240"},{"@type":"BreadcrumbList","@id":"https:\/\/www.lovendal.ro\/wp52\/avionul-care-facea-acrobatii-aeriene-in-polonia-a-fost-doborat-de-ozn-uri\/#breadcrumb","itemListElement":[{"@type":"ListItem","position":1,"name":"Home","item":"https:\/\/www.lovendal.ro\/wp52\/"},{"@type":"ListItem","position":2,"name":"Avionul care f\u0103cea acroba\u0163ii aeriene \u00een Polonia a fost dobor\u00e2t de OZN-uri"}]},{"@type":"WebSite","@id":"https:\/\/www.lovendal.ro\/wp52\/#website","url":"https:\/\/www.lovendal.ro\/wp52\/","name":"Secretele lui Lovendal","description":"Site de secrete, stiinta si metafizica - din 2008 -","publisher":{"@id":"https:\/\/www.lovendal.ro\/wp52\/#organization"},"potentialAction":[{"@type":"SearchAction","target":{"@type":"EntryPoint","urlTemplate":"https:\/\/www.lovendal.ro\/wp52\/?s={search_term_string}"},"query-input":{"@type":"PropertyValueSpecification","valueRequired":true,"valueName":"search_term_string"}}],"inLanguage":"ro-RO"},{"@type":"Organization","@id":"https:\/\/www.lovendal.ro\/wp52\/#organization","name":"Secretele lui Lovendal","url":"https:\/\/www.lovendal.ro\/wp52\/","logo":{"@type":"ImageObject","inLanguage":"ro-RO","@id":"https:\/\/www.lovendal.ro\/wp52\/#\/schema\/logo\/image\/","url":"https:\/\/www.lovendal.ro\/wp52\/wp-content\/uploads\/2024\/06\/cropped-SLL-iun-2024-1.jpg","contentUrl":"https:\/\/www.lovendal.ro\/wp52\/wp-content\/uploads\/2024\/06\/cropped-SLL-iun-2024-1.jpg","width":771,"height":240,"caption":"Secretele lui Lovendal"},"image":{"@id":"https:\/\/www.lovendal.ro\/wp52\/#\/schema\/logo\/image\/"},"sameAs":["https:\/\/www.facebook.com\/secreteleluilovendal"]},{"@type":"Person","@id":"https:\/\/www.lovendal.ro\/wp52\/#\/schema\/person\/088691de5dfc346bb0c023e1e52ef5d9","name":"admin","image":{"@type":"ImageObject","inLanguage":"ro-RO","@id":"https:\/\/secure.gravatar.com\/avatar\/ecb9cd41f5f63c9c9b989999a59f6e2639a865ec361e9db054db0679a8f341c2?s=96&d=mm&r=g","url":"https:\/\/secure.gravatar.com\/avatar\/ecb9cd41f5f63c9c9b989999a59f6e2639a865ec361e9db054db0679a8f341c2?s=96&d=mm&r=g","contentUrl":"https:\/\/secure.gravatar.com\/avatar\/ecb9cd41f5f63c9c9b989999a59f6e2639a865ec361e9db054db0679a8f341c2?s=96&d=mm&r=g","caption":"admin"},"sameAs":["https:\/\/www.lovendal.ro\/wp52"]}]}},"_links":{"self":[{"href":"https:\/\/www.lovendal.ro\/wp52\/wp-json\/wp\/v2\/posts\/7718","targetHints":{"allow":["GET"]}}],"collection":[{"href":"https:\/\/www.lovendal.ro\/wp52\/wp-json\/wp\/v2\/posts"}],"about":[{"href":"https:\/\/www.lovendal.ro\/wp52\/wp-json\/wp\/v2\/types\/post"}],"author":[{"embeddable":true,"href":"https:\/\/www.lovendal.ro\/wp52\/wp-json\/wp\/v2\/users\/1"}],"replies":[{"embeddable":true,"href":"https:\/\/www.lovendal.ro\/wp52\/wp-json\/wp\/v2\/comments?post=7718"}],"version-history":[{"count":0,"href":"https:\/\/www.lovendal.ro\/wp52\/wp-json\/wp\/v2\/posts\/7718\/revisions"}],"wp:featuredmedia":[{"embeddable":true,"href":"https:\/\/www.lovendal.ro\/wp52\/wp-json\/wp\/v2\/media\/7719"}],"wp:attachment":[{"href":"https:\/\/www.lovendal.ro\/wp52\/wp-json\/wp\/v2\/media?parent=7718"}],"wp:term":[{"taxonomy":"category","embeddable":true,"href":"https:\/\/www.lovendal.ro\/wp52\/wp-json\/wp\/v2\/categories?post=7718"},{"taxonomy":"post_tag","embeddable":true,"href":"https:\/\/www.lovendal.ro\/wp52\/wp-json\/wp\/v2\/tags?post=7718"}],"curies":[{"name":"wp","href":"https:\/\/api.w.org\/{rel}","templated":true}]}}