{"id":77036,"date":"2021-09-28T01:20:17","date_gmt":"2021-09-27T22:20:17","guid":{"rendered":"https:\/\/www.lovendal.ro\/wp52\/?p=77036"},"modified":"2021-09-28T01:20:17","modified_gmt":"2021-09-27T22:20:17","slug":"ceva-incredibil-se-afla-in-orologiul-astronomic-de-la-catedrala-din-lund-suedia","status":"publish","type":"post","link":"https:\/\/www.lovendal.ro\/wp52\/ceva-incredibil-se-afla-in-orologiul-astronomic-de-la-catedrala-din-lund-suedia\/","title":{"rendered":"Ceva incredibil se afl\u0103 \u00een Orologiul Astronomic de la catedrala din Lund (Suedia)!"},"content":{"rendered":"<figure id=\"attachment_77037\" aria-describedby=\"caption-attachment-77037\" style=\"width: 342px\" class=\"wp-caption alignleft\"><a href=\"https:\/\/www.lovendal.ro\/wp52\/wp-content\/uploads\/2021\/09\/ceas-catedrala-Lund-coperta.jpg\"><img loading=\"lazy\" decoding=\"async\" class=\"size-full wp-image-77037\" src=\"https:\/\/www.lovendal.ro\/wp52\/wp-content\/uploads\/2021\/09\/ceas-catedrala-Lund-coperta.jpg\" alt=\"\" width=\"352\" height=\"342\" srcset=\"https:\/\/www.lovendal.ro\/wp52\/wp-content\/uploads\/2021\/09\/ceas-catedrala-Lund-coperta.jpg 352w, https:\/\/www.lovendal.ro\/wp52\/wp-content\/uploads\/2021\/09\/ceas-catedrala-Lund-coperta-300x291.jpg 300w, https:\/\/www.lovendal.ro\/wp52\/wp-content\/uploads\/2021\/09\/ceas-catedrala-Lund-coperta-150x146.jpg 150w\" sizes=\"auto, (max-width: 352px) 100vw, 352px\" \/><\/a><figcaption id=\"caption-attachment-77037\" class=\"wp-caption-text\"><strong>Imagine<\/strong>: <a href=\"https:\/\/commons.wikimedia.org\/wiki\/File:Lund_Cathedral_Astrological_Clock_35092183793.jpg\" target=\"_blank\" rel=\"noopener\"><strong>wikimedia.org<\/strong><\/a> (Commons Creative &#8211; free)<\/figcaption><\/figure>\n<p>Catedrala din Lund (Suedia) este cea mai mare catedral\u0103 romanic\u0103 din Scandinavia. Ini\u021bial catedral\u0103 romano-catolic\u0103, edificiul, \u00een prezent, apar\u0163ine Bisericii Suediei (Biserica Evanghelic\u0103-Luteran\u0103). Cu 700.000 de vizitatori \u00een 2008, este principala atrac\u021bie turistic\u0103 a ora\u0219ului Lund.<\/p>\n<p>Zeci \u015fi sute de turi\u015fti se adun\u0103 zilnic \u00een pitoreasca \u0219i str\u0103vechea catedral\u0103 de la Lund, spre a privi splendidul spectacol pe care-l ofer\u0103 faimosul orologiu (Orologiul Astronomic), care-a fost f\u0103cut \u00een Evul Mediu, dar continu\u0103 s\u0103 st\u00e2rneasc\u0103 uimirea \u015fi \u00een zilele noastre.<\/p>\n<p>C\u00e2nd bate orele fixe, doi cavaleri, \u00een armuri str\u0103lucitoare, ies din orologiu \u0219i-\u0219i \u00eencruci\u0219eaz\u0103 s\u0103biile de at\u00e2tea ori c\u00e2te ore anun\u021b\u0103. Dar, la amiaz\u0103 spectacolul este mai impresionant \u0219i mai frumos. Dup\u0103 cele 12 \u00eencruci\u0219\u0103ri de sabie ale cavalerilor, doi gorni\u0219ti, ce stau deoparte \u0219i de alta a Sfintei Fecioare \u00een ale c\u0103rei bra\u021be se afl\u0103 micul Hristos, duc trompetele la gur\u0103 \u0219i intoneaz\u0103 un vechi imn de Cr\u0103ciun. Apoi, u\u0219a din st\u00e2nga Sfintei Fecioare se deschide \u0219i apare un herald, urmat de trei figuri, Magii, care \u00een Evul Mediu erau simbolul celor trei continente cunoscute pe atunci: Europa, Asia \u0219i Africa. Magii se \u00eenclin\u0103 ad\u00e2nc, c\u00e2nd ajung \u00eenaintea Sfintei Fecioare, dar servitorii care-i \u00eenso\u021besc n-au voie s-o salute, ceea ce arat\u0103 inferioritatea rangului lor. Odat\u0103 ce-a trecut de Sf. Fecioar\u0103, procesiunea dispare pe o u\u0219\u0103 din dreapta, care se \u00eenchide \u00eend\u0103r\u0103tul s\u0103u. Muzica \u00eenceteaz\u0103 \u0219i spectacolul s-a terminat.<\/p>\n<figure id=\"attachment_77038\" aria-describedby=\"caption-attachment-77038\" style=\"width: 528px\" class=\"wp-caption aligncenter\"><a href=\"https:\/\/www.lovendal.ro\/wp52\/wp-content\/uploads\/2021\/09\/ceas-catedrala-Lund-1.jpg\"><img loading=\"lazy\" decoding=\"async\" class=\"size-full wp-image-77038\" src=\"https:\/\/www.lovendal.ro\/wp52\/wp-content\/uploads\/2021\/09\/ceas-catedrala-Lund-1.jpg\" alt=\"\" width=\"538\" height=\"378\" srcset=\"https:\/\/www.lovendal.ro\/wp52\/wp-content\/uploads\/2021\/09\/ceas-catedrala-Lund-1.jpg 538w, https:\/\/www.lovendal.ro\/wp52\/wp-content\/uploads\/2021\/09\/ceas-catedrala-Lund-1-300x211.jpg 300w, https:\/\/www.lovendal.ro\/wp52\/wp-content\/uploads\/2021\/09\/ceas-catedrala-Lund-1-150x105.jpg 150w, https:\/\/www.lovendal.ro\/wp52\/wp-content\/uploads\/2021\/09\/ceas-catedrala-Lund-1-100x70.jpg 100w\" sizes=\"auto, (max-width: 538px) 100vw, 538px\" \/><\/a><figcaption id=\"caption-attachment-77038\" class=\"wp-caption-text\"><strong>Imagine:<\/strong> <a href=\"https:\/\/commons.wikimedia.org\/wiki\/File:The_astronomical_clock_of_Lund_cathedral.jpg\" target=\"_blank\" rel=\"noopener\"><strong>wikimedia.org<\/strong><\/a> (Commons Creative &#8211; free)<\/figcaption><\/figure>\n<p>Dar nu decora\u021biile \u0219i perfec\u021bia mecanismului constituie cea mai interesant\u0103 caracteristic\u0103 a acestui unic orologiu. El ofer\u0103 o serie de indica\u021bii astronomice \u0219i astrologice. Cadranul orologiului de la Lund reprezint\u0103 bolta cereasc\u0103, firmamentul \u0219i, natural, P\u0103m\u00e2ntul, \u00een centrul s\u0103u. Pe orologiu se pot vedea ecuatorul \u0219i tropicele, meridianul locului, orizontul \u0219i toate celelalte linii astronomice, dar asta nu e totul. Ceasornicul indic\u0103 ziua solar\u0103, lunar\u0103 \u0219i sideral\u0103, luna sinodic\u0103 \u0219i sideral\u0103, anul sideral, fazele lunare, locurile Soarelui \u0219i Lunii \u00een zodiac, r\u0103s\u0103ritul \u0219i apusul Soarelui, al Lunei \u0219i stelelor, apusul \u015fi r\u0103s\u0103ritul &#8211; toate acestea de-a lungul a sute de ani. Toate aceste indicii au fost \u00eengr\u0103m\u0103dite \u00een partea superioar\u0103, astronomic\u0103, a ceasornicului.<\/p>\n<figure id=\"attachment_77039\" aria-describedby=\"caption-attachment-77039\" style=\"width: 528px\" class=\"wp-caption aligncenter\"><a href=\"https:\/\/www.lovendal.ro\/wp52\/wp-content\/uploads\/2021\/09\/ceas-catedrala-Lund-2.jpg\"><img loading=\"lazy\" decoding=\"async\" class=\"size-full wp-image-77039\" src=\"https:\/\/www.lovendal.ro\/wp52\/wp-content\/uploads\/2021\/09\/ceas-catedrala-Lund-2.jpg\" alt=\"\" width=\"538\" height=\"359\" srcset=\"https:\/\/www.lovendal.ro\/wp52\/wp-content\/uploads\/2021\/09\/ceas-catedrala-Lund-2.jpg 538w, https:\/\/www.lovendal.ro\/wp52\/wp-content\/uploads\/2021\/09\/ceas-catedrala-Lund-2-300x200.jpg 300w, https:\/\/www.lovendal.ro\/wp52\/wp-content\/uploads\/2021\/09\/ceas-catedrala-Lund-2-150x100.jpg 150w\" sizes=\"auto, (max-width: 538px) 100vw, 538px\" \/><\/a><figcaption id=\"caption-attachment-77039\" class=\"wp-caption-text\"><strong>Imagine<\/strong>: <a href=\"https:\/\/commons.wikimedia.org\/wiki\/File:Lund,_the_cathedral,_astronomical_clock,_detail-3.JPG\" target=\"_blank\" rel=\"noopener\"><strong>wikimedia.org<\/strong><\/a> (Commons Creative &#8211; free)<\/figcaption><\/figure>\n<p>Sec\u021biunea de jos a calendarului indic\u0103 anii, luna calendarului, s\u0103rb\u0103torile fixe \u0219i mobile, luna nou\u0103, clasificarea anului \u00een ciclul solar \u0219i lunar, etc. Daca vre\u021bi s\u0103 \u0219ti\u021bi ziua c\u00e2nd \u00eencepe Postul Mare, c\u00e2nd va cade Pa\u015ftele sau Rusaliile, pute\u021bi g\u0103si toate aceste informa\u021bii, p\u00e2n\u0103 \u00een anul 2123, pe ceasornicul de la Lund. Pe l\u00e2ng\u0103 aceasta, calendarul mai indic\u0103 anivers\u0103rile mai importante ale sfin\u021bilor cinsti\u021bi de c\u0103tre catedrala lundez\u0103, \u00een Evul Mediu.<\/p>\n<p>Nu e nicio exagera\u021bie \u00een afirma\u021bia c\u0103 niciun orologiu nu se poate compara cu acela de la Lund, care de mai bine de 5 secole este m\u00e2ndria \u0219i podoaba catedralei \u0219i este socotit ca una dintre cele mai de seam\u0103 capodopere.<\/p>\n<figure id=\"attachment_77040\" aria-describedby=\"caption-attachment-77040\" style=\"width: 528px\" class=\"wp-caption aligncenter\"><a href=\"https:\/\/www.lovendal.ro\/wp52\/wp-content\/uploads\/2021\/09\/ceas-catedrala-Lund-3.jpg\"><img loading=\"lazy\" decoding=\"async\" class=\"size-full wp-image-77040\" src=\"https:\/\/www.lovendal.ro\/wp52\/wp-content\/uploads\/2021\/09\/ceas-catedrala-Lund-3.jpg\" alt=\"\" width=\"538\" height=\"359\" srcset=\"https:\/\/www.lovendal.ro\/wp52\/wp-content\/uploads\/2021\/09\/ceas-catedrala-Lund-3.jpg 538w, https:\/\/www.lovendal.ro\/wp52\/wp-content\/uploads\/2021\/09\/ceas-catedrala-Lund-3-300x200.jpg 300w, https:\/\/www.lovendal.ro\/wp52\/wp-content\/uploads\/2021\/09\/ceas-catedrala-Lund-3-150x100.jpg 150w\" sizes=\"auto, (max-width: 538px) 100vw, 538px\" \/><\/a><figcaption id=\"caption-attachment-77040\" class=\"wp-caption-text\"><strong>Imagine:<\/strong> <a href=\"https:\/\/commons.wikimedia.org\/wiki\/File:Lund,_the_cathedral,_astronomical_clock,_detail-3.JPG\" target=\"_blank\" rel=\"noopener\"><strong>wikimedia.org<\/strong><\/a> (Commons Creative &#8211; free)<\/figcaption><\/figure>\n<p>Constructorul acestui miraculos orologiu este necunoscut. \u00cen 1923, ceasornicul a fost renovat, a\u0219a c\u0103 va mai func\u021biona \u00eenc\u0103 200 de ani, pan\u0103 \u00een 2123.<\/p>\n<p><iframe loading=\"lazy\" title=\"YouTube video player\" src=\"https:\/\/www.youtube.com\/embed\/BsxfLpWF0_w\" width=\"560\" height=\"315\" frameborder=\"0\" allowfullscreen=\"allowfullscreen\"><\/iframe><\/p>\n","protected":false},"excerpt":{"rendered":"<p>Catedrala din Lund (Suedia) este cea mai mare catedral\u0103 romanic\u0103 din Scandinavia. Ini\u021bial catedral\u0103 romano-catolic\u0103, edificiul, \u00een prezent, apar\u0163ine Bisericii Suediei (Biserica Evanghelic\u0103-Luteran\u0103). Cu 700.000 de vizitatori \u00een 2008, este principala atrac\u021bie turistic\u0103 a ora\u0219ului Lund. Zeci \u015fi sute de &#8230; <\/p>\n<p class=\"read-more-container\"><a title=\"Ceva incredibil se afl\u0103 \u00een Orologiul Astronomic de la catedrala din Lund (Suedia)!\" class=\"read-more button\" href=\"https:\/\/www.lovendal.ro\/wp52\/ceva-incredibil-se-afla-in-orologiul-astronomic-de-la-catedrala-din-lund-suedia\/#more-77036\" aria-label=\"Cite\u0219te mai multe despre Ceva incredibil se afl\u0103 \u00een Orologiul Astronomic de la catedrala din Lund (Suedia)!\">Cititi mai multe<\/a><\/p>\n","protected":false},"author":1,"featured_media":77037,"comment_status":"open","ping_status":"open","sticky":false,"template":"","format":"standard","meta":{"footnotes":""},"categories":[1770],"tags":[235,2270,342,5065,1448,1213,2410,702,341,124,1456,9807,3130,149,17208,3834,151,17207,105,3148,8204,1094,8182,9394,865,3175,1123,10947,1095],"class_list":["post-77036","post","type-post","status-publish","format-standard","has-post-thumbnail","hentry","category-geografie-feologie","tag-africa","tag-asia","tag-calendar","tag-catedrala","tag-cavaler","tag-ceas","tag-continent","tag-craciun","tag-europa","tag-evul-mediu","tag-fecioara-maria","tag-geografie-geologie","tag-hristos","tag-luna","tag-lund","tag-magi","tag-oras","tag-orologiu","tag-pamant","tag-paste","tag-rusalii","tag-sabie","tag-servitori","tag-sfinti","tag-soare","tag-stele","tag-suedia","tag-trompeta","tag-zodiac","resize-featured-image"],"yoast_head":"<!-- This site is optimized with the Yoast SEO Premium plugin v23.3 (Yoast SEO v27.4) - https:\/\/yoast.com\/product\/yoast-seo-premium-wordpress\/ -->\n<title>Ceva incredibil se afl\u0103 \u00een Orologiul Astronomic de la catedrala din Lund (Suedia)! - Secretele lui Lovendal<\/title>\n<meta name=\"robots\" content=\"index, follow, max-snippet:-1, max-image-preview:large, max-video-preview:-1\" \/>\n<link rel=\"canonical\" href=\"https:\/\/www.lovendal.ro\/wp52\/ceva-incredibil-se-afla-in-orologiul-astronomic-de-la-catedrala-din-lund-suedia\/\" \/>\n<meta property=\"og:locale\" content=\"ro_RO\" \/>\n<meta property=\"og:type\" content=\"article\" \/>\n<meta property=\"og:title\" content=\"Ceva incredibil se afl\u0103 \u00een Orologiul Astronomic de la catedrala din Lund (Suedia)!\" \/>\n<meta property=\"og:description\" content=\"Catedrala din Lund (Suedia) este cea mai mare catedral\u0103 romanic\u0103 din Scandinavia. Ini\u021bial catedral\u0103 romano-catolic\u0103, edificiul, \u00een prezent, apar\u0163ine Bisericii Suediei (Biserica Evanghelic\u0103-Luteran\u0103). Cu 700.000 de vizitatori \u00een 2008, este principala atrac\u021bie turistic\u0103 a ora\u0219ului Lund. Zeci \u015fi sute de ... Cititi mai multe\" \/>\n<meta property=\"og:url\" content=\"https:\/\/www.lovendal.ro\/wp52\/ceva-incredibil-se-afla-in-orologiul-astronomic-de-la-catedrala-din-lund-suedia\/\" \/>\n<meta property=\"og:site_name\" content=\"Secretele lui Lovendal\" \/>\n<meta property=\"article:publisher\" content=\"https:\/\/www.facebook.com\/secreteleluilovendal\" \/>\n<meta property=\"article:published_time\" content=\"2021-09-27T22:20:17+00:00\" \/>\n<meta property=\"og:image\" content=\"https:\/\/www.lovendal.ro\/wp52\/wp-content\/uploads\/2021\/09\/ceas-catedrala-Lund-coperta.jpg\" \/>\n\t<meta property=\"og:image:width\" content=\"352\" \/>\n\t<meta property=\"og:image:height\" content=\"342\" \/>\n\t<meta property=\"og:image:type\" content=\"image\/jpeg\" \/>\n<meta name=\"author\" content=\"admin\" \/>\n<meta name=\"twitter:card\" content=\"summary_large_image\" \/>\n<meta name=\"twitter:label1\" content=\"Scris de\" \/>\n\t<meta name=\"twitter:data1\" content=\"admin\" \/>\n\t<meta name=\"twitter:label2\" content=\"Timp estimat pentru citire\" \/>\n\t<meta name=\"twitter:data2\" content=\"3 minute\" \/>\n<script type=\"application\/ld+json\" class=\"yoast-schema-graph\">{\"@context\":\"https:\\\/\\\/schema.org\",\"@graph\":[{\"@type\":\"Article\",\"@id\":\"https:\\\/\\\/www.lovendal.ro\\\/wp52\\\/ceva-incredibil-se-afla-in-orologiul-astronomic-de-la-catedrala-din-lund-suedia\\\/#article\",\"isPartOf\":{\"@id\":\"https:\\\/\\\/www.lovendal.ro\\\/wp52\\\/ceva-incredibil-se-afla-in-orologiul-astronomic-de-la-catedrala-din-lund-suedia\\\/\"},\"author\":{\"name\":\"admin\",\"@id\":\"https:\\\/\\\/www.lovendal.ro\\\/wp52\\\/#\\\/schema\\\/person\\\/088691de5dfc346bb0c023e1e52ef5d9\"},\"headline\":\"Ceva incredibil se afl\u0103 \u00een Orologiul Astronomic de la catedrala din Lund (Suedia)!\",\"datePublished\":\"2021-09-27T22:20:17+00:00\",\"mainEntityOfPage\":{\"@id\":\"https:\\\/\\\/www.lovendal.ro\\\/wp52\\\/ceva-incredibil-se-afla-in-orologiul-astronomic-de-la-catedrala-din-lund-suedia\\\/\"},\"wordCount\":601,\"commentCount\":0,\"publisher\":{\"@id\":\"https:\\\/\\\/www.lovendal.ro\\\/wp52\\\/#organization\"},\"image\":{\"@id\":\"https:\\\/\\\/www.lovendal.ro\\\/wp52\\\/ceva-incredibil-se-afla-in-orologiul-astronomic-de-la-catedrala-din-lund-suedia\\\/#primaryimage\"},\"thumbnailUrl\":\"https:\\\/\\\/www.lovendal.ro\\\/wp52\\\/wp-content\\\/uploads\\\/2021\\\/09\\\/ceas-catedrala-Lund-coperta.jpg\",\"keywords\":[\"Africa\",\"Asia\",\"calendar\",\"catedral\u0103\",\"cavaler\",\"ceas\",\"continent\",\"Cr\u0103ciun\",\"Europa\",\"Evul Mediu\",\"Fecioara Maria\",\"Geografie - Geologie\",\"Hristos\",\"Lun\u0103\",\"Lund\",\"magi\",\"ora\u015f\",\"orologiu\",\"P\u0103m\u00e2nt\",\"Pa\u015fte\",\"Rusalii\",\"sabie\",\"servitori\",\"sfin\u0163i\",\"Soare\",\"stele\",\"Suedia\",\"trompet\u0103\",\"zodiac\"],\"articleSection\":[\"Geografie - Geologie\"],\"inLanguage\":\"ro-RO\",\"potentialAction\":[{\"@type\":\"CommentAction\",\"name\":\"Comment\",\"target\":[\"https:\\\/\\\/www.lovendal.ro\\\/wp52\\\/ceva-incredibil-se-afla-in-orologiul-astronomic-de-la-catedrala-din-lund-suedia\\\/#respond\"]}]},{\"@type\":\"WebPage\",\"@id\":\"https:\\\/\\\/www.lovendal.ro\\\/wp52\\\/ceva-incredibil-se-afla-in-orologiul-astronomic-de-la-catedrala-din-lund-suedia\\\/\",\"url\":\"https:\\\/\\\/www.lovendal.ro\\\/wp52\\\/ceva-incredibil-se-afla-in-orologiul-astronomic-de-la-catedrala-din-lund-suedia\\\/\",\"name\":\"Ceva incredibil se afl\u0103 \u00een Orologiul Astronomic de la catedrala din Lund (Suedia)! - Secretele lui Lovendal\",\"isPartOf\":{\"@id\":\"https:\\\/\\\/www.lovendal.ro\\\/wp52\\\/#website\"},\"primaryImageOfPage\":{\"@id\":\"https:\\\/\\\/www.lovendal.ro\\\/wp52\\\/ceva-incredibil-se-afla-in-orologiul-astronomic-de-la-catedrala-din-lund-suedia\\\/#primaryimage\"},\"image\":{\"@id\":\"https:\\\/\\\/www.lovendal.ro\\\/wp52\\\/ceva-incredibil-se-afla-in-orologiul-astronomic-de-la-catedrala-din-lund-suedia\\\/#primaryimage\"},\"thumbnailUrl\":\"https:\\\/\\\/www.lovendal.ro\\\/wp52\\\/wp-content\\\/uploads\\\/2021\\\/09\\\/ceas-catedrala-Lund-coperta.jpg\",\"datePublished\":\"2021-09-27T22:20:17+00:00\",\"breadcrumb\":{\"@id\":\"https:\\\/\\\/www.lovendal.ro\\\/wp52\\\/ceva-incredibil-se-afla-in-orologiul-astronomic-de-la-catedrala-din-lund-suedia\\\/#breadcrumb\"},\"inLanguage\":\"ro-RO\",\"potentialAction\":[{\"@type\":\"ReadAction\",\"target\":[\"https:\\\/\\\/www.lovendal.ro\\\/wp52\\\/ceva-incredibil-se-afla-in-orologiul-astronomic-de-la-catedrala-din-lund-suedia\\\/\"]}]},{\"@type\":\"ImageObject\",\"inLanguage\":\"ro-RO\",\"@id\":\"https:\\\/\\\/www.lovendal.ro\\\/wp52\\\/ceva-incredibil-se-afla-in-orologiul-astronomic-de-la-catedrala-din-lund-suedia\\\/#primaryimage\",\"url\":\"https:\\\/\\\/www.lovendal.ro\\\/wp52\\\/wp-content\\\/uploads\\\/2021\\\/09\\\/ceas-catedrala-Lund-coperta.jpg\",\"contentUrl\":\"https:\\\/\\\/www.lovendal.ro\\\/wp52\\\/wp-content\\\/uploads\\\/2021\\\/09\\\/ceas-catedrala-Lund-coperta.jpg\",\"width\":352,\"height\":342,\"caption\":\"Imagine: wikimedia.org (Commons Creative - free)\"},{\"@type\":\"BreadcrumbList\",\"@id\":\"https:\\\/\\\/www.lovendal.ro\\\/wp52\\\/ceva-incredibil-se-afla-in-orologiul-astronomic-de-la-catedrala-din-lund-suedia\\\/#breadcrumb\",\"itemListElement\":[{\"@type\":\"ListItem\",\"position\":1,\"name\":\"Home\",\"item\":\"https:\\\/\\\/www.lovendal.ro\\\/wp52\\\/\"},{\"@type\":\"ListItem\",\"position\":2,\"name\":\"Ceva incredibil se afl\u0103 \u00een Orologiul Astronomic de la catedrala din Lund (Suedia)!\"}]},{\"@type\":\"WebSite\",\"@id\":\"https:\\\/\\\/www.lovendal.ro\\\/wp52\\\/#website\",\"url\":\"https:\\\/\\\/www.lovendal.ro\\\/wp52\\\/\",\"name\":\"Secretele lui Lovendal\",\"description\":\"Site de secrete, stiinta si metafizica - din 2008 -\",\"publisher\":{\"@id\":\"https:\\\/\\\/www.lovendal.ro\\\/wp52\\\/#organization\"},\"potentialAction\":[{\"@type\":\"SearchAction\",\"target\":{\"@type\":\"EntryPoint\",\"urlTemplate\":\"https:\\\/\\\/www.lovendal.ro\\\/wp52\\\/?s={search_term_string}\"},\"query-input\":{\"@type\":\"PropertyValueSpecification\",\"valueRequired\":true,\"valueName\":\"search_term_string\"}}],\"inLanguage\":\"ro-RO\"},{\"@type\":\"Organization\",\"@id\":\"https:\\\/\\\/www.lovendal.ro\\\/wp52\\\/#organization\",\"name\":\"Secretele lui Lovendal\",\"url\":\"https:\\\/\\\/www.lovendal.ro\\\/wp52\\\/\",\"logo\":{\"@type\":\"ImageObject\",\"inLanguage\":\"ro-RO\",\"@id\":\"https:\\\/\\\/www.lovendal.ro\\\/wp52\\\/#\\\/schema\\\/logo\\\/image\\\/\",\"url\":\"https:\\\/\\\/www.lovendal.ro\\\/wp52\\\/wp-content\\\/uploads\\\/2024\\\/06\\\/cropped-SLL-iun-2024-1.jpg\",\"contentUrl\":\"https:\\\/\\\/www.lovendal.ro\\\/wp52\\\/wp-content\\\/uploads\\\/2024\\\/06\\\/cropped-SLL-iun-2024-1.jpg\",\"width\":771,\"height\":240,\"caption\":\"Secretele lui Lovendal\"},\"image\":{\"@id\":\"https:\\\/\\\/www.lovendal.ro\\\/wp52\\\/#\\\/schema\\\/logo\\\/image\\\/\"},\"sameAs\":[\"https:\\\/\\\/www.facebook.com\\\/secreteleluilovendal\"]},{\"@type\":\"Person\",\"@id\":\"https:\\\/\\\/www.lovendal.ro\\\/wp52\\\/#\\\/schema\\\/person\\\/088691de5dfc346bb0c023e1e52ef5d9\",\"name\":\"admin\",\"image\":{\"@type\":\"ImageObject\",\"inLanguage\":\"ro-RO\",\"@id\":\"https:\\\/\\\/secure.gravatar.com\\\/avatar\\\/ecb9cd41f5f63c9c9b989999a59f6e2639a865ec361e9db054db0679a8f341c2?s=96&d=mm&r=g\",\"url\":\"https:\\\/\\\/secure.gravatar.com\\\/avatar\\\/ecb9cd41f5f63c9c9b989999a59f6e2639a865ec361e9db054db0679a8f341c2?s=96&d=mm&r=g\",\"contentUrl\":\"https:\\\/\\\/secure.gravatar.com\\\/avatar\\\/ecb9cd41f5f63c9c9b989999a59f6e2639a865ec361e9db054db0679a8f341c2?s=96&d=mm&r=g\",\"caption\":\"admin\"},\"sameAs\":[\"https:\\\/\\\/www.lovendal.ro\\\/wp52\"]}]}<\/script>\n<!-- \/ Yoast SEO Premium plugin. -->","yoast_head_json":{"title":"Ceva incredibil se afl\u0103 \u00een Orologiul Astronomic de la catedrala din Lund (Suedia)! - Secretele lui Lovendal","robots":{"index":"index","follow":"follow","max-snippet":"max-snippet:-1","max-image-preview":"max-image-preview:large","max-video-preview":"max-video-preview:-1"},"canonical":"https:\/\/www.lovendal.ro\/wp52\/ceva-incredibil-se-afla-in-orologiul-astronomic-de-la-catedrala-din-lund-suedia\/","og_locale":"ro_RO","og_type":"article","og_title":"Ceva incredibil se afl\u0103 \u00een Orologiul Astronomic de la catedrala din Lund (Suedia)!","og_description":"Catedrala din Lund (Suedia) este cea mai mare catedral\u0103 romanic\u0103 din Scandinavia. Ini\u021bial catedral\u0103 romano-catolic\u0103, edificiul, \u00een prezent, apar\u0163ine Bisericii Suediei (Biserica Evanghelic\u0103-Luteran\u0103). Cu 700.000 de vizitatori \u00een 2008, este principala atrac\u021bie turistic\u0103 a ora\u0219ului Lund. Zeci \u015fi sute de ... Cititi mai multe","og_url":"https:\/\/www.lovendal.ro\/wp52\/ceva-incredibil-se-afla-in-orologiul-astronomic-de-la-catedrala-din-lund-suedia\/","og_site_name":"Secretele lui Lovendal","article_publisher":"https:\/\/www.facebook.com\/secreteleluilovendal","article_published_time":"2021-09-27T22:20:17+00:00","og_image":[{"width":352,"height":342,"url":"https:\/\/www.lovendal.ro\/wp52\/wp-content\/uploads\/2021\/09\/ceas-catedrala-Lund-coperta.jpg","type":"image\/jpeg"}],"author":"admin","twitter_card":"summary_large_image","twitter_misc":{"Scris de":"admin","Timp estimat pentru citire":"3 minute"},"schema":{"@context":"https:\/\/schema.org","@graph":[{"@type":"Article","@id":"https:\/\/www.lovendal.ro\/wp52\/ceva-incredibil-se-afla-in-orologiul-astronomic-de-la-catedrala-din-lund-suedia\/#article","isPartOf":{"@id":"https:\/\/www.lovendal.ro\/wp52\/ceva-incredibil-se-afla-in-orologiul-astronomic-de-la-catedrala-din-lund-suedia\/"},"author":{"name":"admin","@id":"https:\/\/www.lovendal.ro\/wp52\/#\/schema\/person\/088691de5dfc346bb0c023e1e52ef5d9"},"headline":"Ceva incredibil se afl\u0103 \u00een Orologiul Astronomic de la catedrala din Lund (Suedia)!","datePublished":"2021-09-27T22:20:17+00:00","mainEntityOfPage":{"@id":"https:\/\/www.lovendal.ro\/wp52\/ceva-incredibil-se-afla-in-orologiul-astronomic-de-la-catedrala-din-lund-suedia\/"},"wordCount":601,"commentCount":0,"publisher":{"@id":"https:\/\/www.lovendal.ro\/wp52\/#organization"},"image":{"@id":"https:\/\/www.lovendal.ro\/wp52\/ceva-incredibil-se-afla-in-orologiul-astronomic-de-la-catedrala-din-lund-suedia\/#primaryimage"},"thumbnailUrl":"https:\/\/www.lovendal.ro\/wp52\/wp-content\/uploads\/2021\/09\/ceas-catedrala-Lund-coperta.jpg","keywords":["Africa","Asia","calendar","catedral\u0103","cavaler","ceas","continent","Cr\u0103ciun","Europa","Evul Mediu","Fecioara Maria","Geografie - Geologie","Hristos","Lun\u0103","Lund","magi","ora\u015f","orologiu","P\u0103m\u00e2nt","Pa\u015fte","Rusalii","sabie","servitori","sfin\u0163i","Soare","stele","Suedia","trompet\u0103","zodiac"],"articleSection":["Geografie - Geologie"],"inLanguage":"ro-RO","potentialAction":[{"@type":"CommentAction","name":"Comment","target":["https:\/\/www.lovendal.ro\/wp52\/ceva-incredibil-se-afla-in-orologiul-astronomic-de-la-catedrala-din-lund-suedia\/#respond"]}]},{"@type":"WebPage","@id":"https:\/\/www.lovendal.ro\/wp52\/ceva-incredibil-se-afla-in-orologiul-astronomic-de-la-catedrala-din-lund-suedia\/","url":"https:\/\/www.lovendal.ro\/wp52\/ceva-incredibil-se-afla-in-orologiul-astronomic-de-la-catedrala-din-lund-suedia\/","name":"Ceva incredibil se afl\u0103 \u00een Orologiul Astronomic de la catedrala din Lund (Suedia)! - Secretele lui Lovendal","isPartOf":{"@id":"https:\/\/www.lovendal.ro\/wp52\/#website"},"primaryImageOfPage":{"@id":"https:\/\/www.lovendal.ro\/wp52\/ceva-incredibil-se-afla-in-orologiul-astronomic-de-la-catedrala-din-lund-suedia\/#primaryimage"},"image":{"@id":"https:\/\/www.lovendal.ro\/wp52\/ceva-incredibil-se-afla-in-orologiul-astronomic-de-la-catedrala-din-lund-suedia\/#primaryimage"},"thumbnailUrl":"https:\/\/www.lovendal.ro\/wp52\/wp-content\/uploads\/2021\/09\/ceas-catedrala-Lund-coperta.jpg","datePublished":"2021-09-27T22:20:17+00:00","breadcrumb":{"@id":"https:\/\/www.lovendal.ro\/wp52\/ceva-incredibil-se-afla-in-orologiul-astronomic-de-la-catedrala-din-lund-suedia\/#breadcrumb"},"inLanguage":"ro-RO","potentialAction":[{"@type":"ReadAction","target":["https:\/\/www.lovendal.ro\/wp52\/ceva-incredibil-se-afla-in-orologiul-astronomic-de-la-catedrala-din-lund-suedia\/"]}]},{"@type":"ImageObject","inLanguage":"ro-RO","@id":"https:\/\/www.lovendal.ro\/wp52\/ceva-incredibil-se-afla-in-orologiul-astronomic-de-la-catedrala-din-lund-suedia\/#primaryimage","url":"https:\/\/www.lovendal.ro\/wp52\/wp-content\/uploads\/2021\/09\/ceas-catedrala-Lund-coperta.jpg","contentUrl":"https:\/\/www.lovendal.ro\/wp52\/wp-content\/uploads\/2021\/09\/ceas-catedrala-Lund-coperta.jpg","width":352,"height":342,"caption":"Imagine: wikimedia.org (Commons Creative - free)"},{"@type":"BreadcrumbList","@id":"https:\/\/www.lovendal.ro\/wp52\/ceva-incredibil-se-afla-in-orologiul-astronomic-de-la-catedrala-din-lund-suedia\/#breadcrumb","itemListElement":[{"@type":"ListItem","position":1,"name":"Home","item":"https:\/\/www.lovendal.ro\/wp52\/"},{"@type":"ListItem","position":2,"name":"Ceva incredibil se afl\u0103 \u00een Orologiul Astronomic de la catedrala din Lund (Suedia)!"}]},{"@type":"WebSite","@id":"https:\/\/www.lovendal.ro\/wp52\/#website","url":"https:\/\/www.lovendal.ro\/wp52\/","name":"Secretele lui Lovendal","description":"Site de secrete, stiinta si metafizica - din 2008 -","publisher":{"@id":"https:\/\/www.lovendal.ro\/wp52\/#organization"},"potentialAction":[{"@type":"SearchAction","target":{"@type":"EntryPoint","urlTemplate":"https:\/\/www.lovendal.ro\/wp52\/?s={search_term_string}"},"query-input":{"@type":"PropertyValueSpecification","valueRequired":true,"valueName":"search_term_string"}}],"inLanguage":"ro-RO"},{"@type":"Organization","@id":"https:\/\/www.lovendal.ro\/wp52\/#organization","name":"Secretele lui Lovendal","url":"https:\/\/www.lovendal.ro\/wp52\/","logo":{"@type":"ImageObject","inLanguage":"ro-RO","@id":"https:\/\/www.lovendal.ro\/wp52\/#\/schema\/logo\/image\/","url":"https:\/\/www.lovendal.ro\/wp52\/wp-content\/uploads\/2024\/06\/cropped-SLL-iun-2024-1.jpg","contentUrl":"https:\/\/www.lovendal.ro\/wp52\/wp-content\/uploads\/2024\/06\/cropped-SLL-iun-2024-1.jpg","width":771,"height":240,"caption":"Secretele lui Lovendal"},"image":{"@id":"https:\/\/www.lovendal.ro\/wp52\/#\/schema\/logo\/image\/"},"sameAs":["https:\/\/www.facebook.com\/secreteleluilovendal"]},{"@type":"Person","@id":"https:\/\/www.lovendal.ro\/wp52\/#\/schema\/person\/088691de5dfc346bb0c023e1e52ef5d9","name":"admin","image":{"@type":"ImageObject","inLanguage":"ro-RO","@id":"https:\/\/secure.gravatar.com\/avatar\/ecb9cd41f5f63c9c9b989999a59f6e2639a865ec361e9db054db0679a8f341c2?s=96&d=mm&r=g","url":"https:\/\/secure.gravatar.com\/avatar\/ecb9cd41f5f63c9c9b989999a59f6e2639a865ec361e9db054db0679a8f341c2?s=96&d=mm&r=g","contentUrl":"https:\/\/secure.gravatar.com\/avatar\/ecb9cd41f5f63c9c9b989999a59f6e2639a865ec361e9db054db0679a8f341c2?s=96&d=mm&r=g","caption":"admin"},"sameAs":["https:\/\/www.lovendal.ro\/wp52"]}]}},"_links":{"self":[{"href":"https:\/\/www.lovendal.ro\/wp52\/wp-json\/wp\/v2\/posts\/77036","targetHints":{"allow":["GET"]}}],"collection":[{"href":"https:\/\/www.lovendal.ro\/wp52\/wp-json\/wp\/v2\/posts"}],"about":[{"href":"https:\/\/www.lovendal.ro\/wp52\/wp-json\/wp\/v2\/types\/post"}],"author":[{"embeddable":true,"href":"https:\/\/www.lovendal.ro\/wp52\/wp-json\/wp\/v2\/users\/1"}],"replies":[{"embeddable":true,"href":"https:\/\/www.lovendal.ro\/wp52\/wp-json\/wp\/v2\/comments?post=77036"}],"version-history":[{"count":0,"href":"https:\/\/www.lovendal.ro\/wp52\/wp-json\/wp\/v2\/posts\/77036\/revisions"}],"wp:featuredmedia":[{"embeddable":true,"href":"https:\/\/www.lovendal.ro\/wp52\/wp-json\/wp\/v2\/media\/77037"}],"wp:attachment":[{"href":"https:\/\/www.lovendal.ro\/wp52\/wp-json\/wp\/v2\/media?parent=77036"}],"wp:term":[{"taxonomy":"category","embeddable":true,"href":"https:\/\/www.lovendal.ro\/wp52\/wp-json\/wp\/v2\/categories?post=77036"},{"taxonomy":"post_tag","embeddable":true,"href":"https:\/\/www.lovendal.ro\/wp52\/wp-json\/wp\/v2\/tags?post=77036"}],"curies":[{"name":"wp","href":"https:\/\/api.w.org\/{rel}","templated":true}]}}